{"id":86364,"date":"2026-09-04T11:11:06","date_gmt":"2026-09-04T11:11:06","guid":{"rendered":"https:\/\/www.cm-benavente.pt\/?p=86364"},"modified":"2026-09-04T13:52:27","modified_gmt":"2026-09-04T13:52:27","slug":"ordem-do-dia-da-reuniao-publica-da-camara-municipal-de-benavente-72","status":"publish","type":"post","link":"https:\/\/www.cm-benavente.pt\/index.php\/2026\/09\/04\/ordem-do-dia-da-reuniao-publica-da-camara-municipal-de-benavente-72\/","title":{"rendered":"Ordem do dia da reuni\u00e3o P\u00fablica da C\u00e2mara Municipal de Benavente"},"content":{"rendered":"\t\t<div data-elementor-type=\"wp-post\" data-elementor-id=\"86364\" class=\"elementor elementor-86364\" data-elementor-post-type=\"post\">\n\t\t\t\t<div class=\"elementor-element elementor-element-ccce1ab e-flex e-con-boxed e-con e-parent\" data-id=\"ccce1ab\" data-element_type=\"container\" data-e-type=\"container\" data-settings=\"{&quot;tmea_shape_divider_top&quot;:&quot;none&quot;,&quot;tmea_shape_divider_bottom&quot;:&quot;none&quot;}\">\n\t\t\t\t\t<div class=\"e-con-inner\">\n\t\t\n\t\t<div class=\"elementor-element elementor-element-a33e877 elementor-widget elementor-widget-text-editor\" data-id=\"a33e877\" data-element_type=\"widget\" data-e-type=\"widget\" data-widget_type=\"text-editor.default\">\n\t\t\t\t<div class=\"elementor-widget-container\">\n\t\t\t\t\t\t\t\t\t<p>Informam-se todos os mun\u00edcipes que a\u00a0<strong>reuni\u00e3o p\u00fablica da C\u00e2mara Municipal<\/strong> da pr\u00f3xima segunda-feira, <strong>07\u00a0de setembro de 2026 \u00e0s 14:30h<\/strong>, ir\u00e1 realizar-se de forma presencial e tamb\u00e9m com transmiss\u00e3o no site institucional e redes sociais da autarquia.<\/p>\t\t\t\t\t\t\t\t<\/div>\n\t\t\t\t<\/div>\n\t\t\t\t\t<\/div>\n\t\t\t\t<\/div>\n\t\t<div class=\"elementor-element elementor-element-f866829 e-flex e-con-boxed e-con e-parent\" data-id=\"f866829\" data-element_type=\"container\" data-e-type=\"container\" data-settings=\"{&quot;tmea_shape_divider_top&quot;:&quot;none&quot;,&quot;tmea_shape_divider_bottom&quot;:&quot;none&quot;}\">\n\t\t\t\t\t<div class=\"e-con-inner\">\n\t\t\t\t<div class=\"elementor-element elementor-element-aaeca1f elementor-widget elementor-widget-button\" data-id=\"aaeca1f\" data-element_type=\"widget\" data-e-type=\"widget\" data-widget_type=\"button.default\">\n\t\t\t\t<div class=\"elementor-widget-container\">\n\t\t\t\t\t\t\t\t\t<div class=\"elementor-button-wrapper\">\n\t\t\t\t\t<a class=\"elementor-button elementor-button-link elementor-size-sm elementor-animation-grow\" href=\"https:\/\/www.cm-benavente.pt\/wp-content\/uploads\/2026\/09\/Ordem-do-dia-_07092026.pdf\">\n\t\t\t\t\t\t<span class=\"elementor-button-content-wrapper\">\n\t\t\t\t\t\t\t\t\t<span class=\"elementor-button-text\">Ordem do dia - Reuni\u00e3o P\u00fablica de 07\/09\/26<\/span>\n\t\t\t\t\t<\/span>\n\t\t\t\t\t<\/a>\n\t\t\t\t<\/div>\n\t\t\t\t\t\t\t\t<\/div>\n\t\t\t\t<\/div>\n\t\t\t\t\t<\/div>\n\t\t\t\t<\/div>\n\t\t<div class=\"elementor-element elementor-element-c15b952 e-flex e-con-boxed e-con e-parent\" data-id=\"c15b952\" data-element_type=\"container\" data-e-type=\"container\" data-settings=\"{&quot;tmea_shape_divider_top&quot;:&quot;none&quot;,&quot;tmea_shape_divider_bottom&quot;:&quot;none&quot;}\">\n\t\t\t\t\t<div class=\"e-con-inner\">\n\t\t\t\t<div class=\"elementor-element elementor-element-38f0ff6 elementor-widget elementor-widget-video\" data-id=\"38f0ff6\" data-element_type=\"widget\" data-e-type=\"widget\" data-settings=\"{&quot;youtube_url&quot;:&quot;https:\\\/\\\/www.youtube.com\\\/watch?v=j0RATG5_Dg4&quot;,&quot;autoplay&quot;:&quot;yes&quot;,&quot;play_on_mobile&quot;:&quot;yes&quot;,&quot;video_type&quot;:&quot;youtube&quot;,&quot;controls&quot;:&quot;yes&quot;}\" data-widget_type=\"video.default\">\n\t\t\t\t<div class=\"elementor-widget-container\">\n\t\t\t\t\t\t\t<div class=\"elementor-wrapper elementor-open-inline\">\n\t\t\t<div class=\"elementor-video\"><\/div>\t\t<\/div>\n\t\t\t\t\t\t<\/div>\n\t\t\t\t<\/div>\n\t\t\t\t\t<\/div>\n\t\t\t\t<\/div>\n\t\t\t\t<\/div>\n\t\t","protected":false},"excerpt":{"rendered":"<p>Informam-se todos os mun\u00edcipes que a\u00a0reuni\u00e3o p\u00fablica da C\u00e2mara Municipal da pr\u00f3xima segunda-feira, 07\u00a0de setembro de 2026 \u00e0s 14:30h, ir\u00e1 realizar-se de forma presencial e tamb\u00e9m com transmiss\u00e3o no site institucional e redes sociais da autarquia. Ordem do dia &#8211; Reuni\u00e3o P\u00fablica de 07\/09\/26<\/p>\n","protected":false},"author":12,"featured_media":86365,"comment_status":"closed","ping_status":"closed","sticky":false,"template":"","format":"standard","meta":{"_vp_format_video_url":"","_vp_image_focal_point":[],"footnotes":""},"categories":[545],"tags":[185,16,479,27,13],"class_list":["post-86364","post","type-post","status-publish","format-standard","has-post-thumbnail","hentry","category-informacao","tag-barrosa","tag-benavente","tag-municipio-de-benavente","tag-samora-correia","tag-santo-estevao"],"_links":{"self":[{"href":"https:\/\/www.cm-benavente.pt\/index.php\/wp-json\/wp\/v2\/posts\/86364","targetHints":{"allow":["GET"]}}],"collection":[{"href":"https:\/\/www.cm-benavente.pt\/index.php\/wp-json\/wp\/v2\/posts"}],"about":[{"href":"https:\/\/www.cm-benavente.pt\/index.php\/wp-json\/wp\/v2\/types\/post"}],"author":[{"embeddable":true,"href":"https:\/\/www.cm-benavente.pt\/index.php\/wp-json\/wp\/v2\/users\/12"}],"replies":[{"embeddable":true,"href":"https:\/\/www.cm-benavente.pt\/index.php\/wp-json\/wp\/v2\/comments?post=86364"}],"version-history":[{"count":10,"href":"https:\/\/www.cm-benavente.pt\/index.php\/wp-json\/wp\/v2\/posts\/86364\/revisions"}],"predecessor-version":[{"id":86380,"href":"https:\/\/www.cm-benavente.pt\/index.php\/wp-json\/wp\/v2\/posts\/86364\/revisions\/86380"}],"wp:featuredmedia":[{"embeddable":true,"href":"https:\/\/www.cm-benavente.pt\/index.php\/wp-json\/wp\/v2\/media\/86365"}],"wp:attachment":[{"href":"https:\/\/www.cm-benavente.pt\/index.php\/wp-json\/wp\/v2\/media?parent=86364"}],"wp:term":[{"taxonomy":"category","embeddable":true,"href":"https:\/\/www.cm-benavente.pt\/index.php\/wp-json\/wp\/v2\/categories?post=86364"},{"taxonomy":"post_tag","embeddable":true,"href":"https:\/\/www.cm-benavente.pt\/index.php\/wp-json\/wp\/v2\/tags?post=86364"}],"curies":[{"name":"wp","href":"https:\/\/api.w.org\/{rel}","templated":true}]}}