{"id":86352,"date":"2026-09-03T10:12:46","date_gmt":"2026-09-03T10:12:46","guid":{"rendered":"https:\/\/www.cm-benavente.pt\/?p=86352"},"modified":"2026-09-03T10:13:35","modified_gmt":"2026-09-03T10:13:35","slug":"feira-de-benavente-a-ter-lugar-de-4-a-13-de-setembro-de-2026-proibido-o-estacionamento-de-veiculos-automoveis-e-motorizados","status":"publish","type":"post","link":"https:\/\/www.cm-benavente.pt\/index.php\/2026\/09\/03\/feira-de-benavente-a-ter-lugar-de-4-a-13-de-setembro-de-2026-proibido-o-estacionamento-de-veiculos-automoveis-e-motorizados\/","title":{"rendered":"Feira de Benavente, a ter lugar de 4 a 13 de setembro de 2026 &#8211; Proibido o estacionamento de ve\u00edculos autom\u00f3veis e motorizados"},"content":{"rendered":"\t\t<div data-elementor-type=\"wp-post\" data-elementor-id=\"86352\" class=\"elementor elementor-86352\" data-elementor-post-type=\"post\">\n\t\t\t\t<div class=\"elementor-element elementor-element-27eef99 e-flex e-con-boxed e-con e-parent\" data-id=\"27eef99\" data-element_type=\"container\" data-e-type=\"container\" data-settings=\"{&quot;tmea_shape_divider_top&quot;:&quot;none&quot;,&quot;tmea_shape_divider_bottom&quot;:&quot;none&quot;}\">\n\t\t\t\t\t<div class=\"e-con-inner\">\n\t\t\n\t\t<div class=\"elementor-element elementor-element-5f5a348 elementor-widget elementor-widget-text-editor\" data-id=\"5f5a348\" data-element_type=\"widget\" data-e-type=\"widget\" data-widget_type=\"text-editor.default\">\n\t\t\t\t<div class=\"elementor-widget-container\">\n\t\t\t\t\t\t\t\t\t<p><strong>FEIRA DE BENAVENTE 2026<\/strong><\/p><p><strong>S\u00f3nia Patr\u00edcia da Silva Ferreira Quintino, <\/strong>Presidente da C\u00e2mara Municipal de Benavente, torna p\u00fablico que, por motivo da realiza\u00e7\u00e3o da <strong><u>Feira de Benavente, a ter lugar de 4 a 13 de setembro<\/u> <u>de 2026, ser\u00e1 proibido o estacionamento de ve\u00edculos autom\u00f3veis e motorizados<\/u>, <\/strong>no Largo Calv\u00e1rio e Rua do Pinheiro durante os dias em que decorrer\u00e1 o evento conforme assinalado no mapa.<\/p>\t\t\t\t\t\t\t\t<\/div>\n\t\t\t\t<\/div>\n\t\t\t\t\t<\/div>\n\t\t\t\t<\/div>\n\t\t<div class=\"elementor-element elementor-element-36448ed e-flex e-con-boxed e-con e-parent\" data-id=\"36448ed\" data-element_type=\"container\" data-e-type=\"container\" data-settings=\"{&quot;tmea_shape_divider_top&quot;:&quot;none&quot;,&quot;tmea_shape_divider_bottom&quot;:&quot;none&quot;}\">\n\t\t\t\t\t<div class=\"e-con-inner\">\n\t\t\t\t<div class=\"elementor-element elementor-element-bd09b68 elementor-widget elementor-widget-image\" data-id=\"bd09b68\" data-element_type=\"widget\" data-e-type=\"widget\" data-widget_type=\"image.default\">\n\t\t\t\t<div class=\"elementor-widget-container\">\n\t\t\t\t\t\t\t\t\t\t\t\t\t\t\t<img fetchpriority=\"high\" decoding=\"async\" width=\"538\" height=\"178\" src=\"https:\/\/www.cm-benavente.pt\/wp-content\/uploads\/2026\/09\/Imagem1.jpg\" class=\"attachment-medium_large size-medium_large wp-image-86355\" alt=\"\" srcset=\"https:\/\/www.cm-benavente.pt\/wp-content\/uploads\/2026\/09\/Imagem1.jpg 538w, https:\/\/www.cm-benavente.pt\/wp-content\/uploads\/2026\/09\/Imagem1-300x99.jpg 300w, https:\/\/www.cm-benavente.pt\/wp-content\/uploads\/2026\/09\/Imagem1-500x165.jpg 500w\" sizes=\"(max-width: 538px) 100vw, 538px\" \/>\t\t\t\t\t\t\t\t\t\t\t\t\t\t\t<\/div>\n\t\t\t\t<\/div>\n\t\t\t\t\t<\/div>\n\t\t\t\t<\/div>\n\t\t<div class=\"elementor-element elementor-element-6dff264 e-flex e-con-boxed e-con e-parent\" data-id=\"6dff264\" data-element_type=\"container\" data-e-type=\"container\" data-settings=\"{&quot;tmea_shape_divider_top&quot;:&quot;none&quot;,&quot;tmea_shape_divider_bottom&quot;:&quot;none&quot;}\">\n\t\t\t\t\t<div class=\"e-con-inner\">\n\t\t\t\t<div class=\"elementor-element elementor-element-d70f5ef elementor-widget elementor-widget-text-editor\" data-id=\"d70f5ef\" data-element_type=\"widget\" data-e-type=\"widget\" data-widget_type=\"text-editor.default\">\n\t\t\t\t<div class=\"elementor-widget-container\">\n\t\t\t\t\t\t\t\t\t<p><strong>O acesso ao evento e \u00e0 zona habitacional apenas \u00e9 permitido aos participantes\/moradores possuidores de Livre-Tr\u00e2nsito nos seguintes dias:<\/strong><\/p><ul><li>4 de setembro &#8211; 17.00h &#8211; 00.00h<\/li><li>5 e 6 de setembro\u00a0 &#8211; 10.00h &#8211; 00.00h\u00a0<\/li><li>7 a 8 de setembro &#8211; 18.00h &#8211; 23.00h<\/li><li>9 de setembro &#8211; 11.00h &#8211; 18.00h &#8211; 18.00h &#8211; 23.00h<\/li><li>10 e 11 de setembro &#8211; 18.00h &#8211; 00.00h<\/li><li>12 de setembro &#8211; 11.00h &#8211; 00.00h<\/li><li>13 de setembro &#8211; 07.00h &#8211; 20.00h<\/li><\/ul><div><p>Benavente, 31 de agosto de 2026<\/p><p><strong><a href=\"https:\/\/www.cm-benavente.pt\/wp-content\/uploads\/2026\/09\/scanana.goncalves_20260902_095553_0341.pdf\">Edital N\u00ba 270\/2026 &#8211; Proibi\u00e7\u00e3o de estacionamento <\/a><\/strong><\/p><\/div>\t\t\t\t\t\t\t\t<\/div>\n\t\t\t\t<\/div>\n\t\t\t\t\t<\/div>\n\t\t\t\t<\/div>\n\t\t\t\t<\/div>\n\t\t","protected":false},"excerpt":{"rendered":"<p>FEIRA DE BENAVENTE 2026 S\u00f3nia Patr\u00edcia da Silva Ferreira Quintino, Presidente da C\u00e2mara Municipal de Benavente, torna p\u00fablico que, por motivo da realiza\u00e7\u00e3o da Feira de Benavente, a ter lugar de 4 a 13 de setembro de 2026, ser\u00e1 proibido o estacionamento de ve\u00edculos autom\u00f3veis e motorizados, no Largo Calv\u00e1rio e Rua do Pinheiro durante [&hellip;]<\/p>\n","protected":false},"author":12,"featured_media":86353,"comment_status":"closed","ping_status":"closed","sticky":false,"template":"","format":"standard","meta":{"_vp_format_video_url":"","_vp_image_focal_point":[],"footnotes":""},"categories":[1],"tags":[],"class_list":["post-86352","post","type-post","status-publish","format-standard","has-post-thumbnail","hentry","category-sem-categoria"],"_links":{"self":[{"href":"https:\/\/www.cm-benavente.pt\/index.php\/wp-json\/wp\/v2\/posts\/86352","targetHints":{"allow":["GET"]}}],"collection":[{"href":"https:\/\/www.cm-benavente.pt\/index.php\/wp-json\/wp\/v2\/posts"}],"about":[{"href":"https:\/\/www.cm-benavente.pt\/index.php\/wp-json\/wp\/v2\/types\/post"}],"author":[{"embeddable":true,"href":"https:\/\/www.cm-benavente.pt\/index.php\/wp-json\/wp\/v2\/users\/12"}],"replies":[{"embeddable":true,"href":"https:\/\/www.cm-benavente.pt\/index.php\/wp-json\/wp\/v2\/comments?post=86352"}],"version-history":[{"count":4,"href":"https:\/\/www.cm-benavente.pt\/index.php\/wp-json\/wp\/v2\/posts\/86352\/revisions"}],"predecessor-version":[{"id":86359,"href":"https:\/\/www.cm-benavente.pt\/index.php\/wp-json\/wp\/v2\/posts\/86352\/revisions\/86359"}],"wp:featuredmedia":[{"embeddable":true,"href":"https:\/\/www.cm-benavente.pt\/index.php\/wp-json\/wp\/v2\/media\/86353"}],"wp:attachment":[{"href":"https:\/\/www.cm-benavente.pt\/index.php\/wp-json\/wp\/v2\/media?parent=86352"}],"wp:term":[{"taxonomy":"category","embeddable":true,"href":"https:\/\/www.cm-benavente.pt\/index.php\/wp-json\/wp\/v2\/categories?post=86352"},{"taxonomy":"post_tag","embeddable":true,"href":"https:\/\/www.cm-benavente.pt\/index.php\/wp-json\/wp\/v2\/tags?post=86352"}],"curies":[{"name":"wp","href":"https:\/\/api.w.org\/{rel}","templated":true}]}}