{"id":84360,"date":"2026-04-30T10:35:21","date_gmt":"2026-04-30T10:35:21","guid":{"rendered":"https:\/\/www.cm-benavente.pt\/?p=84360"},"modified":"2026-04-30T10:36:05","modified_gmt":"2026-04-30T10:36:05","slug":"a-lenda-de-nossa-senhora-de-alcame-promove-ensino-artistico-integrado-de-musica","status":"publish","type":"post","link":"https:\/\/www.cm-benavente.pt\/index.php\/2026\/04\/30\/a-lenda-de-nossa-senhora-de-alcame-promove-ensino-artistico-integrado-de-musica\/","title":{"rendered":"A lenda de Nossa Senhora de Alcam\u00e9 promove ensino art\u00edstico integrado de m\u00fasica"},"content":{"rendered":"\t\t<div data-elementor-type=\"wp-post\" data-elementor-id=\"84360\" class=\"elementor elementor-84360\" data-elementor-post-type=\"post\">\n\t\t\t\t<div class=\"elementor-element elementor-element-b6fcbbe e-flex e-con-boxed e-con e-parent\" data-id=\"b6fcbbe\" data-element_type=\"container\" data-e-type=\"container\" data-settings=\"{&quot;tmea_shape_divider_top&quot;:&quot;none&quot;,&quot;tmea_shape_divider_bottom&quot;:&quot;none&quot;}\">\n\t\t\t\t\t<div class=\"e-con-inner\">\n\t\t\t\t<div class=\"elementor-element elementor-element-80b29b3 elementor-widget elementor-widget-gallery\" data-id=\"80b29b3\" data-element_type=\"widget\" data-e-type=\"widget\" data-settings=\"{&quot;columns&quot;:3,&quot;lazyload&quot;:&quot;yes&quot;,&quot;gallery_layout&quot;:&quot;grid&quot;,&quot;columns_tablet&quot;:2,&quot;columns_mobile&quot;:1,&quot;gap&quot;:{&quot;unit&quot;:&quot;px&quot;,&quot;size&quot;:10,&quot;sizes&quot;:[]},&quot;gap_widescreen&quot;:{&quot;unit&quot;:&quot;px&quot;,&quot;size&quot;:&quot;&quot;,&quot;sizes&quot;:[]},&quot;gap_laptop&quot;:{&quot;unit&quot;:&quot;px&quot;,&quot;size&quot;:10,&quot;sizes&quot;:[]},&quot;gap_tablet_extra&quot;:{&quot;unit&quot;:&quot;px&quot;,&quot;size&quot;:10,&quot;sizes&quot;:[]},&quot;gap_tablet&quot;:{&quot;unit&quot;:&quot;px&quot;,&quot;size&quot;:10,&quot;sizes&quot;:[]},&quot;gap_mobile_extra&quot;:{&quot;unit&quot;:&quot;px&quot;,&quot;size&quot;:10,&quot;sizes&quot;:[]},&quot;gap_mobile&quot;:{&quot;unit&quot;:&quot;px&quot;,&quot;size&quot;:10,&quot;sizes&quot;:[]},&quot;link_to&quot;:&quot;file&quot;,&quot;aspect_ratio&quot;:&quot;3:2&quot;,&quot;overlay_background&quot;:&quot;yes&quot;,&quot;content_hover_animation&quot;:&quot;fade-in&quot;}\" data-widget_type=\"gallery.default\">\n\t\t\t\t<div class=\"elementor-widget-container\">\n\t\t\t\t\t\t\t<div class=\"elementor-gallery__container\">\n\t\t\t\t\t\t\t<a class=\"e-gallery-item elementor-gallery-item elementor-animated-content\" href=\"https:\/\/www.cm-benavente.pt\/wp-content\/uploads\/2026\/04\/lenda-alcame-ensino-integrado-musica-3.jpg\" data-elementor-open-lightbox=\"yes\" data-elementor-lightbox-slideshow=\"80b29b3\" data-elementor-lightbox-title=\"lenda alcam\u00e9 ensino integrado m\u00fasica 3\" data-e-action-hash=\"#elementor-action%3Aaction%3Dlightbox%26settings%3DeyJpZCI6ODQzNjMsInVybCI6Imh0dHBzOlwvXC93d3cuY20tYmVuYXZlbnRlLnB0XC93cC1jb250ZW50XC91cGxvYWRzXC8yMDI2XC8wNFwvbGVuZGEtYWxjYW1lLWVuc2luby1pbnRlZ3JhZG8tbXVzaWNhLTMuanBnIiwic2xpZGVzaG93IjoiODBiMjliMyJ9\">\n\t\t\t\t\t<div class=\"e-gallery-image elementor-gallery-item__image\" data-thumbnail=\"https:\/\/www.cm-benavente.pt\/wp-content\/uploads\/2026\/04\/lenda-alcame-ensino-integrado-musica-3-1024x768.jpg\" data-width=\"800\" data-height=\"600\" aria-label=\"\" role=\"img\" ><\/div>\n\t\t\t\t\t\t\t\t\t\t\t<div class=\"elementor-gallery-item__overlay\"><\/div>\n\t\t\t\t\t\t\t\t\t\t\t\t\t\t<\/a>\n\t\t\t\t\t\t\t<a class=\"e-gallery-item elementor-gallery-item elementor-animated-content\" href=\"https:\/\/www.cm-benavente.pt\/wp-content\/uploads\/2026\/04\/lenda-alcame-ensino-integrado-musica-2.jpg\" data-elementor-open-lightbox=\"yes\" data-elementor-lightbox-slideshow=\"80b29b3\" data-elementor-lightbox-title=\"lenda alcam\u00e9 ensino integrado m\u00fasica 2\" data-e-action-hash=\"#elementor-action%3Aaction%3Dlightbox%26settings%3DeyJpZCI6ODQzNjQsInVybCI6Imh0dHBzOlwvXC93d3cuY20tYmVuYXZlbnRlLnB0XC93cC1jb250ZW50XC91cGxvYWRzXC8yMDI2XC8wNFwvbGVuZGEtYWxjYW1lLWVuc2luby1pbnRlZ3JhZG8tbXVzaWNhLTIuanBnIiwic2xpZGVzaG93IjoiODBiMjliMyJ9\">\n\t\t\t\t\t<div class=\"e-gallery-image elementor-gallery-item__image\" data-thumbnail=\"https:\/\/www.cm-benavente.pt\/wp-content\/uploads\/2026\/04\/lenda-alcame-ensino-integrado-musica-2-1024x768.jpg\" data-width=\"800\" data-height=\"600\" aria-label=\"\" role=\"img\" ><\/div>\n\t\t\t\t\t\t\t\t\t\t\t<div class=\"elementor-gallery-item__overlay\"><\/div>\n\t\t\t\t\t\t\t\t\t\t\t\t\t\t<\/a>\n\t\t\t\t\t\t\t<a class=\"e-gallery-item elementor-gallery-item elementor-animated-content\" href=\"https:\/\/www.cm-benavente.pt\/wp-content\/uploads\/2026\/04\/lenda-alcame-ensino-integrado-musica-1.jpg\" data-elementor-open-lightbox=\"yes\" data-elementor-lightbox-slideshow=\"80b29b3\" data-elementor-lightbox-title=\"lenda alcam\u00e9 ensino integrado m\u00fasica 1\" data-e-action-hash=\"#elementor-action%3Aaction%3Dlightbox%26settings%3DeyJpZCI6ODQzNjUsInVybCI6Imh0dHBzOlwvXC93d3cuY20tYmVuYXZlbnRlLnB0XC93cC1jb250ZW50XC91cGxvYWRzXC8yMDI2XC8wNFwvbGVuZGEtYWxjYW1lLWVuc2luby1pbnRlZ3JhZG8tbXVzaWNhLTEuanBnIiwic2xpZGVzaG93IjoiODBiMjliMyJ9\">\n\t\t\t\t\t<div class=\"e-gallery-image elementor-gallery-item__image\" data-thumbnail=\"https:\/\/www.cm-benavente.pt\/wp-content\/uploads\/2026\/04\/lenda-alcame-ensino-integrado-musica-1-1024x768.jpg\" data-width=\"800\" data-height=\"600\" aria-label=\"\" role=\"img\" ><\/div>\n\t\t\t\t\t\t\t\t\t\t\t<div class=\"elementor-gallery-item__overlay\"><\/div>\n\t\t\t\t\t\t\t\t\t\t\t\t\t\t<\/a>\n\t\t\t\t\t<\/div>\n\t\t\t\t\t<\/div>\n\t\t\t\t<\/div>\n\t\t\n\t\t<div class=\"elementor-element elementor-element-3e273a1 elementor-widget elementor-widget-text-editor\" data-id=\"3e273a1\" data-element_type=\"widget\" data-e-type=\"widget\" data-widget_type=\"text-editor.default\">\n\t\t\t\t<div class=\"elementor-widget-container\">\n\t\t\t\t\t\t\t\t\t<p>A C\u00e2mara Municipal de Benavente, em colabora\u00e7\u00e3o com o Agrupamento de Escolas de Samora Correia, vai iniciar no pr\u00f3ximo ano letivo (2026\/2027) a oferta de Ensino Art\u00edstico Especializado na \u00e1rea da M\u00fasica, na vertente de regime integrado.<\/p><p>Com o objetivo de promover esta nova oferta educativa, os alunos do 1.\u00ba ciclo dos dois Agrupamentos de Escolas foram convidados a participaram numa atividade cultural e educativa dedicada \u00e0 Lenda de Nossa Senhora de Alcam\u00e9.<\/p><p>A sess\u00e3o contou com a narra\u00e7\u00e3o da hist\u00f3ria acompanhada por um ensemble composto por 13 m\u00fasicos e 1 maestro, que interpretaram diferentes instrumentos musicais, dando vida aos personagens e acontecimentos atrav\u00e9s do som.<\/p><p>Cada personagem da lenda foi associado a um instrumento espec\u00edfico: o campino ao clarinete, a cobra ao obo\u00e9, o touro ao saxofone, ao fagote e \u00e0 percuss\u00e3o, entre outros, criando uma experi\u00eancia musical muito interessante.<\/p><p>A recolha popular e adapta\u00e7\u00e3o narrativa da Lenda de Nossa Senhora de Alcam\u00e9 esteve a cargo da contadora de hist\u00f3rias Lu\u00edsa Redtree (Bibliotecas Municipais), valorizando uma tradi\u00e7\u00e3o profundamente enraizada na regi\u00e3o do Ribatejo.<\/p><p>As crian\u00e7as ouviram a lenda com grande aten\u00e7\u00e3o, acompanhando o desempenho do ensemble e associando-o \u00e0 hist\u00f3ria. Demonstraram interesse pelo sil\u00eancio que conseguiram resguardar e pelos aplausos que saudaram o final de cada interven\u00e7\u00e3o musical.<\/p><p>Esta iniciativa revelou-se um exemplo bem-sucedido de articula\u00e7\u00e3o entre cultura e educa\u00e7\u00e3o, contribuindo para a aproxima\u00e7\u00e3o dos alunos \u00e0 m\u00fasica e \u00e0s tradi\u00e7\u00f5es locais.<\/p><p>Importa destacar que v\u00e1rios alunos seguem o ensino art\u00edstico especializado em m\u00fasica, embora em regime articulado, com desloca\u00e7\u00e3o dos alunos. Com a implementa\u00e7\u00e3o do regime integrado, os professores passar\u00e3o a lecionar diretamente na escola.<\/p><p>O novo modelo arrancar\u00e1 com alunos do 5.\u00ba ano, refor\u00e7ando a aposta do setor da educa\u00e7\u00e3o da C\u00e2mara Municipal de Benavente na forma\u00e7\u00e3o art\u00edstica desde cedo e na valoriza\u00e7\u00e3o da m\u00fasica enquanto parte integrante do percurso educativo.<\/p><p>Candidaturas a partir de 4 de maio<\/p><p>Sess\u00e3o de esclarecimentos no dia 8 de junho<\/p><p>Provas de sele\u00e7\u00e3o a 15 e 16 de junho<\/p>\t\t\t\t\t\t\t\t<\/div>\n\t\t\t\t<\/div>\n\t\t\t\t\t<\/div>\n\t\t\t\t<\/div>\n\t\t\t\t<\/div>\n\t\t","protected":false},"excerpt":{"rendered":"<p>A C\u00e2mara Municipal de Benavente, em colabora\u00e7\u00e3o com o Agrupamento de Escolas de Samora Correia, vai iniciar no pr\u00f3ximo ano letivo (2026\/2027) a oferta de Ensino Art\u00edstico Especializado na \u00e1rea da M\u00fasica, na vertente de regime integrado.<\/p>\n","protected":false},"author":3,"featured_media":84361,"comment_status":"closed","ping_status":"closed","sticky":false,"template":"","format":"standard","meta":{"_vp_format_video_url":"","_vp_image_focal_point":[],"footnotes":""},"categories":[511,554],"tags":[796,185,16,3235,3236,479,4,3237,27,13],"class_list":["post-84360","post","type-post","status-publish","format-standard","has-post-thumbnail","hentry","category-cultura-noticias","category-educacao","tag-arte","tag-barrosa","tag-benavente","tag-ensino","tag-lenda","tag-municipio-de-benavente","tag-musica","tag-nossa-senhora-de-alcame","tag-samora-correia","tag-santo-estevao"],"_links":{"self":[{"href":"https:\/\/www.cm-benavente.pt\/index.php\/wp-json\/wp\/v2\/posts\/84360","targetHints":{"allow":["GET"]}}],"collection":[{"href":"https:\/\/www.cm-benavente.pt\/index.php\/wp-json\/wp\/v2\/posts"}],"about":[{"href":"https:\/\/www.cm-benavente.pt\/index.php\/wp-json\/wp\/v2\/types\/post"}],"author":[{"embeddable":true,"href":"https:\/\/www.cm-benavente.pt\/index.php\/wp-json\/wp\/v2\/users\/3"}],"replies":[{"embeddable":true,"href":"https:\/\/www.cm-benavente.pt\/index.php\/wp-json\/wp\/v2\/comments?post=84360"}],"version-history":[{"count":7,"href":"https:\/\/www.cm-benavente.pt\/index.php\/wp-json\/wp\/v2\/posts\/84360\/revisions"}],"predecessor-version":[{"id":84399,"href":"https:\/\/www.cm-benavente.pt\/index.php\/wp-json\/wp\/v2\/posts\/84360\/revisions\/84399"}],"wp:featuredmedia":[{"embeddable":true,"href":"https:\/\/www.cm-benavente.pt\/index.php\/wp-json\/wp\/v2\/media\/84361"}],"wp:attachment":[{"href":"https:\/\/www.cm-benavente.pt\/index.php\/wp-json\/wp\/v2\/media?parent=84360"}],"wp:term":[{"taxonomy":"category","embeddable":true,"href":"https:\/\/www.cm-benavente.pt\/index.php\/wp-json\/wp\/v2\/categories?post=84360"},{"taxonomy":"post_tag","embeddable":true,"href":"https:\/\/www.cm-benavente.pt\/index.php\/wp-json\/wp\/v2\/tags?post=84360"}],"curies":[{"name":"wp","href":"https:\/\/api.w.org\/{rel}","templated":true}]}}