{"id":83437,"date":"2026-03-17T09:21:55","date_gmt":"2026-03-17T09:21:55","guid":{"rendered":"https:\/\/www.cm-benavente.pt\/?p=83437"},"modified":"2026-03-17T09:22:59","modified_gmt":"2026-03-17T09:22:59","slug":"camara-de-benavente-aprova-mocao-para-o-regresso-da-parceria-publico-privada-ppp-ao-hospital-de-vila-franca-de-xira","status":"publish","type":"post","link":"https:\/\/www.cm-benavente.pt\/index.php\/2026\/03\/17\/camara-de-benavente-aprova-mocao-para-o-regresso-da-parceria-publico-privada-ppp-ao-hospital-de-vila-franca-de-xira\/","title":{"rendered":"C\u00e2mara de Benavente aprova Mo\u00e7\u00e3o para o regresso da Parceria P\u00fablico-Privada (PPP) ao Hospital de Vila Franca de Xira"},"content":{"rendered":"\t\t<div data-elementor-type=\"wp-post\" data-elementor-id=\"83437\" class=\"elementor elementor-83437\" data-elementor-post-type=\"post\">\n\t\t\t\t<div class=\"elementor-element elementor-element-f33634d e-flex e-con-boxed e-con e-parent\" data-id=\"f33634d\" data-element_type=\"container\" data-e-type=\"container\" data-settings=\"{&quot;tmea_shape_divider_top&quot;:&quot;none&quot;,&quot;tmea_shape_divider_bottom&quot;:&quot;none&quot;}\">\n\t\t\t\t\t<div class=\"e-con-inner\">\n\t\t\n\t\t<div class=\"elementor-element elementor-element-fd1bc3d elementor-widget elementor-widget-text-editor\" data-id=\"fd1bc3d\" data-element_type=\"widget\" data-e-type=\"widget\" data-widget_type=\"text-editor.default\">\n\t\t\t\t<div class=\"elementor-widget-container\">\n\t\t\t\t\t\t\t\t\t<p><strong>Benavente, 16 de mar\u00e7o &#8211;\u00a0<\/strong>A C\u00e2mara Municipal de Benavente aprovou esta segunda-feira, em reuni\u00e3o de Executivo, com os votos favor\u00e1veis da AD \u2013 Coliga\u00e7\u00e3o PSD\/CDS e do partido CHEGA, a absten\u00e7\u00e3o do PS e o voto contra da CDU,\u00a0<strong>uma Mo\u00e7\u00e3o que defende o regresso da PPP ao Hospital de Vila Franca de Xira.<\/strong><\/p><p><strong>O munic\u00edpio de Benavente, recomenda, nesta mo\u00e7\u00e3o, ao Governo que avalie a reinstala\u00e7\u00e3o de um modelo de gest\u00e3o em Parceria P\u00fablico-Privada para o Hospital de Vila Franca de Xira<\/strong>, com o objetivo de refor\u00e7ar a capacidade de resposta da unidade e garantir melhores condi\u00e7\u00f5es de acesso aos cuidados de sa\u00fade para a popula\u00e7\u00e3o.<\/p><p>No documento aprovado,\u00a0<strong>o munic\u00edpio manifesta preocupa\u00e7\u00e3o com o encerramento das urg\u00eancias de ginecologia e obstetr\u00edcia no Hospital de Vila Franca de Xira<\/strong>, uma decis\u00e3o com impacto direto em cerca de 250 mil habitantes da regi\u00e3o e em milhares de gr\u00e1vidas que dependem desta unidade hospitalar, assim sendo, a mo\u00e7\u00e3o agora aprovada\u00a0<strong>defende\u00a0<\/strong>que o regresso da PPP, dever\u00e1 prever<strong>\u00a0a reabertura das urg\u00eancias obst\u00e9tricas<\/strong>, bem como a manuten\u00e7\u00e3o das urg\u00eancias pedi\u00e1tricas e de adultos, garantindo simultaneamente a recupera\u00e7\u00e3o e a melhoria dos principais indicadores de produ\u00e7\u00e3o e desempenho assistencial.<\/p><p>Para a C\u00e2mara de Benavente, a reinstala\u00e7\u00e3o de um modelo de gest\u00e3o em Parceria P\u00fablico-Privada no Hospital de Vila Franca de Xira, \u00e9 uma solu\u00e7\u00e3o que poder\u00e1 contribuir para recuperar a efici\u00eancia e a qualidade dos servi\u00e7os prestados \u00e0 popula\u00e7\u00e3o. \u00a0A defesa de\u00a0<strong>um sistema de sa\u00fade robusto, eficiente e orientado para as necessidades das popula\u00e7\u00f5es, constitui uma responsabilidade fundamental do Estado<\/strong>, devendo as decis\u00f5es de pol\u00edtica p\u00fablica assentar na evid\u00eancia, na capacidade de resposta dos servi\u00e7os e no interesse dos cidad\u00e3os.<\/p><p>O hospital de Vila Franca de Xira sempre se destacou, durante o per\u00edodo em que funcionou em regime de PPP, por apresentar indicadores positivos, nomeadamente no controlo dos tempos de espera, na capacidade cir\u00fargica, no cumprimento dos tempos m\u00e1ximos de resposta garantidos e na satisfa\u00e7\u00e3o dos utentes.<\/p><p>Considera na mo\u00e7\u00e3o, agora aprovada, a C\u00e2mara Municipal de Benavente, que\u00a0<strong>a revers\u00e3o para um modelo de gest\u00e3o exclusivamente p\u00fablica em 2021, traduziu-se num conjunto de dificuldades<\/strong>\u00a0no funcionamento da unidade hospitalar, nomeadamente no aumento dos tempos de espera, no agravamento das listas de cirurgia, na perda de profissionais de sa\u00fade e numa maior fragilidade ao n\u00edvel da organiza\u00e7\u00e3o e gest\u00e3o dos servi\u00e7os.<\/p><p>Ap\u00f3s ter sido aprovada, a mo\u00e7\u00e3o vai ser enviada para conhecimento \u00e0 Presid\u00eancia da Rep\u00fablica, ao Minist\u00e9rio da Sa\u00fade, aos Grupos Parlamentares da Assembleia da Rep\u00fablica, \u00e0 Unidade Local de Sa\u00fade do Estu\u00e1rio do Tejo, \u00e0s comiss\u00f5es de utentes da \u00e1rea de influ\u00eancia do Hospital de Vila Franca de Xira e aos \u00f3rg\u00e3os de comunica\u00e7\u00e3o social nacionais e locais. O documento ser\u00e1 tamb\u00e9m divulgado no site e nas redes sociais do Munic\u00edpio, para conhecimento da popula\u00e7\u00e3o.<\/p>\t\t\t\t\t\t\t\t<\/div>\n\t\t\t\t<\/div>\n\t\t\t\t\t<\/div>\n\t\t\t\t<\/div>\n\t\t\t\t<\/div>\n\t\t","protected":false},"excerpt":{"rendered":"<p>Benavente, 16 de mar\u00e7o &#8211;\u00a0A C\u00e2mara Municipal de Benavente aprovou esta segunda-feira, em reuni\u00e3o de Executivo, com os votos favor\u00e1veis da AD \u2013 Coliga\u00e7\u00e3o PSD\/CDS e do partido CHEGA, a absten\u00e7\u00e3o do PS e o voto contra da CDU,\u00a0uma Mo\u00e7\u00e3o que defende o regresso da PPP ao Hospital de Vila Franca de Xira. O munic\u00edpio [&hellip;]<\/p>\n","protected":false},"author":12,"featured_media":83438,"comment_status":"closed","ping_status":"closed","sticky":false,"template":"","format":"standard","meta":{"_vp_format_video_url":"","_vp_image_focal_point":[],"footnotes":""},"categories":[545,518,3,923],"tags":[],"class_list":["post-83437","post","type-post","status-publish","format-standard","has-post-thumbnail","hentry","category-informacao","category-municipio","category-noticias","category-saude"],"_links":{"self":[{"href":"https:\/\/www.cm-benavente.pt\/index.php\/wp-json\/wp\/v2\/posts\/83437","targetHints":{"allow":["GET"]}}],"collection":[{"href":"https:\/\/www.cm-benavente.pt\/index.php\/wp-json\/wp\/v2\/posts"}],"about":[{"href":"https:\/\/www.cm-benavente.pt\/index.php\/wp-json\/wp\/v2\/types\/post"}],"author":[{"embeddable":true,"href":"https:\/\/www.cm-benavente.pt\/index.php\/wp-json\/wp\/v2\/users\/12"}],"replies":[{"embeddable":true,"href":"https:\/\/www.cm-benavente.pt\/index.php\/wp-json\/wp\/v2\/comments?post=83437"}],"version-history":[{"count":4,"href":"https:\/\/www.cm-benavente.pt\/index.php\/wp-json\/wp\/v2\/posts\/83437\/revisions"}],"predecessor-version":[{"id":83442,"href":"https:\/\/www.cm-benavente.pt\/index.php\/wp-json\/wp\/v2\/posts\/83437\/revisions\/83442"}],"wp:featuredmedia":[{"embeddable":true,"href":"https:\/\/www.cm-benavente.pt\/index.php\/wp-json\/wp\/v2\/media\/83438"}],"wp:attachment":[{"href":"https:\/\/www.cm-benavente.pt\/index.php\/wp-json\/wp\/v2\/media?parent=83437"}],"wp:term":[{"taxonomy":"category","embeddable":true,"href":"https:\/\/www.cm-benavente.pt\/index.php\/wp-json\/wp\/v2\/categories?post=83437"},{"taxonomy":"post_tag","embeddable":true,"href":"https:\/\/www.cm-benavente.pt\/index.php\/wp-json\/wp\/v2\/tags?post=83437"}],"curies":[{"name":"wp","href":"https:\/\/api.w.org\/{rel}","templated":true}]}}