{"id":83316,"date":"2026-03-12T14:11:28","date_gmt":"2026-03-12T14:11:28","guid":{"rendered":"https:\/\/www.cm-benavente.pt\/?p=83316"},"modified":"2026-03-12T14:14:26","modified_gmt":"2026-03-12T14:14:26","slug":"comemoracoes-dos-826-anos-do-foral-de-benavente","status":"publish","type":"post","link":"https:\/\/www.cm-benavente.pt\/index.php\/2026\/03\/12\/comemoracoes-dos-826-anos-do-foral-de-benavente\/","title":{"rendered":"Comemora\u00e7\u00f5es dos 826 anos do Foral de Benavente"},"content":{"rendered":"\t\t<div data-elementor-type=\"wp-post\" data-elementor-id=\"83316\" class=\"elementor elementor-83316\" data-elementor-post-type=\"post\">\n\t\t\t\t<div class=\"elementor-element elementor-element-c828f07 e-flex e-con-boxed e-con e-parent\" data-id=\"c828f07\" data-element_type=\"container\" data-e-type=\"container\" data-settings=\"{&quot;tmea_shape_divider_top&quot;:&quot;none&quot;,&quot;tmea_shape_divider_bottom&quot;:&quot;none&quot;}\">\n\t\t\t\t\t<div class=\"e-con-inner\">\n\t\t\n\t\t<div class=\"elementor-element elementor-element-c392d0e elementor-widget elementor-widget-text-editor\" data-id=\"c392d0e\" data-element_type=\"widget\" data-e-type=\"widget\" data-widget_type=\"text-editor.default\">\n\t\t\t\t<div class=\"elementor-widget-container\">\n\t\t\t\t\t\t\t\t\t<p>No dia do Foral, 25 de Mar\u00e7o, ter\u00e1 lugar uma Gala de Anivers\u00e1rio, \u00e0s 20.30h no Cine-Teatro de Benavente, com homenagem aos anteriores Presidentes de Junta de Freguesia de Benavente: Ant\u00f3nio Ruivo; Ant\u00f3nio Paulino Barr\u00e3o; Ant\u00f3nio Pereira Ramalho; L\u00facio J\u00fanior; J\u00falio Silva; Maria Leonor Parracho e In\u00eas Correia. O programa comemorativo prev\u00ea igualmente \u00a0as seguintes atua\u00e7\u00f5es: Coro do Agrupamento de Escolas de Benavente; Fadista Catarina Foguete; Grupo de Dan\u00e7a \u201cCoreo Dance Project\u201d e Cavalinho da Sociedade Filarm\u00f3nica Benaventense.<\/p><p><strong>No fim-de-semana de 28 e 29, o parque 25 de Abril<\/strong> ser\u00e1 palco de uma <strong>Feira Medieval<\/strong>, recebendo este ano o <strong>projeto \u201cFogo de Terra\u201d,<\/strong> com cozinha ao vivo envolvida em espet\u00e1culo medieval!<br \/>A preparar as refei\u00e7\u00f5es, com sabores de outros tempos que ainda hoje adoramos, estar\u00e3o chefes de excel\u00eancia, que prometem usar as t\u00e9cnicas tradicionais no processo de confe\u00e7\u00e3o, bem como produtos da regi\u00e3o: C\u00e9lia Mendes; Archil Shinjikashvili; C\u00e9lia Santos; Rog\u00e9rio Imagin\u00e1rio; Ana Sanchez; Luis Machado; Carla Candeias; Joana Serafim Candeias e prova de vinhos da Companhia das Lez\u00edrias, da Casa Relvas e Pinhal da Torre.<\/p><p>Os visitantes podem contar com uma <strong>experi\u00eancia gastron\u00f3mica \u00fanica durante todo o fim de semana <\/strong>(<strong>s\u00e1bado a partir das 13H00 e no domingo a partir das 12H00)<\/strong>, rodeados de um cen\u00e1rio da \u00e9poca medieval.<\/p><p><strong>Este \u00e9 o convite certo para visitar Benavente <\/strong>e experimentar uma gastronomia \u00fanica, num cen\u00e1rio de \u00e9poca, com muito artesanato e anima\u00e7\u00e3o.<\/p><p><strong>A Carta de Foral de Benavente<\/strong><\/p><p>Este documento jur\u00eddico medieval concedia direitos, estabelecia deveres e definia a organiza\u00e7\u00e3o administrativa da Vila de Benavente, algo fundamental na Idade M\u00e9dia, pois regulava a vida das comunidades locais e estruturava o seu funcionamento dentro do reino.<\/p><p>Tem\u00a0<strong>foral<\/strong>\u00a0antigo, dado por D. Paio, ou Pel\u00e1gio, mestre da Ordem Militar de \u00c9vora, em\u00a0<strong>25 de Mar\u00e7o de 1200<\/strong>\u00a0e confirmado por D. Sancho I. D. Manuel concede-lhe\u00a0<strong>foral novo em 16 de Janeiro de 1516<\/strong>. Al\u00e9m disso recebeu privil\u00e9gios de v\u00e1rios monarcas, especialmente de D. Dinis e D. Fernando. Benavente, permite definir um centro hist\u00f3rico consolidado, uma vez que toda a \u00e1rea se encontra bem delimitada pelo rio Sorraia, a nascente e pela designada lez\u00edria dos cavalos, na face poente. O seu centro hist\u00f3rico assume uma forma triangular, localizando-se num dos v\u00e9rtice o Cruzeiro do Calv\u00e1rio e no centro, o local onde se erguia a antiga Igreja Matriz, destru\u00edda pelo terramoto de 1909. A vila de Benavente tem vindo a desenvolver-se no sentido sul, estendendo-se pelos terrenos que outrora \u00e1rea se encontra bem delimitada pelo rio eram designados como vinhas e olivais. Benavente \u00e9\u00a0<strong>sede de concelho<\/strong>\u00a0e Sec\u00e7\u00e3o de Inst\u00e2ncia Local da Comarca de Santar\u00e9m. Em termos religiosos pertence \u00e0 Arquidiocese de \u00c9vora.<\/p><p>A import\u00e2ncia hist\u00f3rica do Foral de Benavente est\u00e1 ligada ao seu papel na <strong>organiza\u00e7\u00e3o do povoamento a sul do rio Tejo<\/strong>, na <strong>afirma\u00e7\u00e3o de uma autonomia municipal inicial<\/strong> e na <strong>integra\u00e7\u00e3o da vila no sistema jur\u00eddico e administrativo do reino portugu\u00eas<\/strong> durante a Idade M\u00e9dia.<\/p><p>A organiza\u00e7\u00e3o das comemora\u00e7\u00f5es do Foral de Benavente \u00e9 da Junta de Freguesia de Benavente e conta com o apoio da C\u00e2mara Municipal.<\/p>\t\t\t\t\t\t\t\t<\/div>\n\t\t\t\t<\/div>\n\t\t\t\t\t<\/div>\n\t\t\t\t<\/div>\n\t\t\t\t<\/div>\n\t\t","protected":false},"excerpt":{"rendered":"<p>No dia do Foral, 25 de Mar\u00e7o, ter\u00e1 lugar uma Gala de Anivers\u00e1rio, \u00e0s 20.30h no Cine-Teatro de Benavente, com homenagem aos anteriores Presidentes de Junta de Freguesia de Benavente<\/p>\n","protected":false},"author":3,"featured_media":83317,"comment_status":"closed","ping_status":"closed","sticky":false,"template":"","format":"standard","meta":{"_vp_format_video_url":"","_vp_image_focal_point":[],"footnotes":""},"categories":[510],"tags":[16,1936,100,340,2792,479],"class_list":["post-83316","post","type-post","status-publish","format-standard","has-post-thumbnail","hentry","category-evento","tag-benavente","tag-comemoracoes","tag-foral","tag-junta-de-freguesia","tag-medieval","tag-municipio-de-benavente"],"_links":{"self":[{"href":"https:\/\/www.cm-benavente.pt\/index.php\/wp-json\/wp\/v2\/posts\/83316","targetHints":{"allow":["GET"]}}],"collection":[{"href":"https:\/\/www.cm-benavente.pt\/index.php\/wp-json\/wp\/v2\/posts"}],"about":[{"href":"https:\/\/www.cm-benavente.pt\/index.php\/wp-json\/wp\/v2\/types\/post"}],"author":[{"embeddable":true,"href":"https:\/\/www.cm-benavente.pt\/index.php\/wp-json\/wp\/v2\/users\/3"}],"replies":[{"embeddable":true,"href":"https:\/\/www.cm-benavente.pt\/index.php\/wp-json\/wp\/v2\/comments?post=83316"}],"version-history":[{"count":4,"href":"https:\/\/www.cm-benavente.pt\/index.php\/wp-json\/wp\/v2\/posts\/83316\/revisions"}],"predecessor-version":[{"id":83321,"href":"https:\/\/www.cm-benavente.pt\/index.php\/wp-json\/wp\/v2\/posts\/83316\/revisions\/83321"}],"wp:featuredmedia":[{"embeddable":true,"href":"https:\/\/www.cm-benavente.pt\/index.php\/wp-json\/wp\/v2\/media\/83317"}],"wp:attachment":[{"href":"https:\/\/www.cm-benavente.pt\/index.php\/wp-json\/wp\/v2\/media?parent=83316"}],"wp:term":[{"taxonomy":"category","embeddable":true,"href":"https:\/\/www.cm-benavente.pt\/index.php\/wp-json\/wp\/v2\/categories?post=83316"},{"taxonomy":"post_tag","embeddable":true,"href":"https:\/\/www.cm-benavente.pt\/index.php\/wp-json\/wp\/v2\/tags?post=83316"}],"curies":[{"name":"wp","href":"https:\/\/api.w.org\/{rel}","templated":true}]}}