{"id":81613,"date":"2025-12-16T12:18:28","date_gmt":"2025-12-16T12:18:28","guid":{"rendered":"https:\/\/www.cm-benavente.pt\/?p=81613"},"modified":"2025-12-16T12:25:50","modified_gmt":"2025-12-16T12:25:50","slug":"condicionamento-de-transito-e-estacionamento-samora-correia-3","status":"publish","type":"post","link":"https:\/\/www.cm-benavente.pt\/index.php\/2025\/12\/16\/condicionamento-de-transito-e-estacionamento-samora-correia-3\/","title":{"rendered":"Condicionamento de tr\u00e2nsito e estacionamento &#8211; Samora Correia"},"content":{"rendered":"\t\t<div data-elementor-type=\"wp-post\" data-elementor-id=\"81613\" class=\"elementor elementor-81613\" data-elementor-post-type=\"post\">\n\t\t\t\t<div class=\"elementor-element elementor-element-c0900e5 e-flex e-con-boxed e-con e-parent\" data-id=\"c0900e5\" data-element_type=\"container\" data-e-type=\"container\" data-settings=\"{&quot;tmea_shape_divider_top&quot;:&quot;none&quot;,&quot;tmea_shape_divider_bottom&quot;:&quot;none&quot;}\">\n\t\t\t\t\t<div class=\"e-con-inner\">\n\t\t\n\t\t<div class=\"elementor-element elementor-element-5dd8057 elementor-widget elementor-widget-text-editor\" data-id=\"5dd8057\" data-element_type=\"widget\" data-e-type=\"widget\" data-widget_type=\"text-editor.default\">\n\t\t\t\t<div class=\"elementor-widget-container\">\n\t\t\t\t\t\t\t\t\t<p>Torna-se p\u00fablico que, para efeitos da realiza\u00e7\u00e3o do evento <strong>\u201dMercadinho de Natal\u201d<\/strong>, a ter lugar na Pra\u00e7a da Rep\u00fablica na Freguesia de Samora Correia, de 19 a 21 de dezembro de 2025, <strong>ser\u00e1 condicionado o tr\u00e2nsito e interdito o estacionamento<\/strong> entre as <strong>09.00 horas do dia 19 e as 23.00 horas do dia 21 de dezembro<\/strong> nas <strong>Ruas Associa\u00e7\u00e3o Comercial de Lisboa e Movimento das For\u00e7as Armadas<\/strong>, conforme assinalado no mapa presente no edital.<\/p>\t\t\t\t\t\t\t\t<\/div>\n\t\t\t\t<\/div>\n\t\t\t\t<div class=\"elementor-element elementor-element-3a2ed2c elementor-widget elementor-widget-button\" data-id=\"3a2ed2c\" data-element_type=\"widget\" data-e-type=\"widget\" data-widget_type=\"button.default\">\n\t\t\t\t<div class=\"elementor-widget-container\">\n\t\t\t\t\t\t\t\t\t<div class=\"elementor-button-wrapper\">\n\t\t\t\t\t<a class=\"elementor-button elementor-button-link elementor-size-sm elementor-animation-grow\" href=\"https:\/\/www.cm-benavente.pt\/wp-content\/uploads\/2025\/12\/Edital-Mercadinho-Natal-SC.pdf\" target=\"_blank\">\n\t\t\t\t\t\t<span class=\"elementor-button-content-wrapper\">\n\t\t\t\t\t\t<span class=\"elementor-button-icon\">\n\t\t\t\t<i aria-hidden=\"true\" class=\"far fa-file-pdf\"><\/i>\t\t\t<\/span>\n\t\t\t\t\t\t\t\t\t<span class=\"elementor-button-text\">Edital Mercadinho Natal SC<\/span>\n\t\t\t\t\t<\/span>\n\t\t\t\t\t<\/a>\n\t\t\t\t<\/div>\n\t\t\t\t\t\t\t\t<\/div>\n\t\t\t\t<\/div>\n\t\t\t\t\t<\/div>\n\t\t\t\t<\/div>\n\t\t\t\t<\/div>\n\t\t","protected":false},"excerpt":{"rendered":"<p>Torna-se p\u00fablico que, para efeitos da realiza\u00e7\u00e3o do evento \u201dMercadinho de Natal\u201d, a ter lugar na Pra\u00e7a da Rep\u00fablica na Freguesia de Samora Correia, de 19 a 21 de dezembro de 2025, ser\u00e1 condicionado o tr\u00e2nsito e interdito o estacionamento entre as 09.00 horas do dia 19 e as 23.00 horas do dia 21 de dezembro nas Ruas Associa\u00e7\u00e3o Comercial de Lisboa e Movimento das For\u00e7as Armadas, conforme assinalado no mapa presente no edital.<\/p>\n","protected":false},"author":3,"featured_media":81620,"comment_status":"closed","ping_status":"closed","sticky":false,"template":"","format":"standard","meta":{"_vp_format_video_url":"","_vp_image_focal_point":[],"footnotes":""},"categories":[545,480],"tags":[774,302,1779,350,27,481],"class_list":["post-81613","post","type-post","status-publish","format-standard","has-post-thumbnail","hentry","category-informacao","category-transito","tag-condicionamento","tag-estacionamento","tag-mercadinho","tag-natal","tag-samora-correia","tag-transito"],"_links":{"self":[{"href":"https:\/\/www.cm-benavente.pt\/index.php\/wp-json\/wp\/v2\/posts\/81613","targetHints":{"allow":["GET"]}}],"collection":[{"href":"https:\/\/www.cm-benavente.pt\/index.php\/wp-json\/wp\/v2\/posts"}],"about":[{"href":"https:\/\/www.cm-benavente.pt\/index.php\/wp-json\/wp\/v2\/types\/post"}],"author":[{"embeddable":true,"href":"https:\/\/www.cm-benavente.pt\/index.php\/wp-json\/wp\/v2\/users\/3"}],"replies":[{"embeddable":true,"href":"https:\/\/www.cm-benavente.pt\/index.php\/wp-json\/wp\/v2\/comments?post=81613"}],"version-history":[{"count":7,"href":"https:\/\/www.cm-benavente.pt\/index.php\/wp-json\/wp\/v2\/posts\/81613\/revisions"}],"predecessor-version":[{"id":81623,"href":"https:\/\/www.cm-benavente.pt\/index.php\/wp-json\/wp\/v2\/posts\/81613\/revisions\/81623"}],"wp:featuredmedia":[{"embeddable":true,"href":"https:\/\/www.cm-benavente.pt\/index.php\/wp-json\/wp\/v2\/media\/81620"}],"wp:attachment":[{"href":"https:\/\/www.cm-benavente.pt\/index.php\/wp-json\/wp\/v2\/media?parent=81613"}],"wp:term":[{"taxonomy":"category","embeddable":true,"href":"https:\/\/www.cm-benavente.pt\/index.php\/wp-json\/wp\/v2\/categories?post=81613"},{"taxonomy":"post_tag","embeddable":true,"href":"https:\/\/www.cm-benavente.pt\/index.php\/wp-json\/wp\/v2\/tags?post=81613"}],"curies":[{"name":"wp","href":"https:\/\/api.w.org\/{rel}","templated":true}]}}