{"id":81571,"date":"2025-12-15T14:41:26","date_gmt":"2025-12-15T14:41:26","guid":{"rendered":"https:\/\/www.cm-benavente.pt\/?p=81571"},"modified":"2025-12-15T14:47:09","modified_gmt":"2025-12-15T14:47:09","slug":"opera-para-bebes-a-flauta-magica","status":"publish","type":"post","link":"https:\/\/www.cm-benavente.pt\/index.php\/2025\/12\/15\/opera-para-bebes-a-flauta-magica\/","title":{"rendered":"\u00d3pera para beb\u00e9s &#8220;A Flauta M\u00e1gica&#8221;"},"content":{"rendered":"\t\t<div data-elementor-type=\"wp-post\" data-elementor-id=\"81571\" class=\"elementor elementor-81571\" data-elementor-post-type=\"post\">\n\t\t\t\t<div class=\"elementor-element elementor-element-d5f0d19 e-flex e-con-boxed e-con e-parent\" data-id=\"d5f0d19\" data-element_type=\"container\" data-e-type=\"container\" data-settings=\"{&quot;tmea_shape_divider_top&quot;:&quot;none&quot;,&quot;tmea_shape_divider_bottom&quot;:&quot;none&quot;}\">\n\t\t\t\t\t<div class=\"e-con-inner\">\n\t\t\n\t\t<div class=\"elementor-element elementor-element-5f267f3 elementor-widget elementor-widget-text-editor\" data-id=\"5f267f3\" data-element_type=\"widget\" data-e-type=\"widget\" data-widget_type=\"text-editor.default\">\n\t\t\t\t<div class=\"elementor-widget-container\">\n\t\t\t\t\t\t\t\t\t<p>A <strong>Biblioteca Municipal Odete e Carlos Gaspar<\/strong>, em Samora Correia encheu-se de m\u00fasica com a apresenta\u00e7\u00e3o de <strong>\u00d3pera para Beb\u00e9s \u201cA Flauta M\u00e1gica\u201d<\/strong> pela m\u00e3o da <strong>Associa\u00e7\u00e3o Set\u00fabal Voz<\/strong>.<br \/>Constan\u00e7a Melo, Diogo Oliveira e Maria do Mar conduziram mi\u00fados e gra\u00fados numa viagem m\u00e1gica por <strong>Mozart<\/strong>.<br \/>A Flauta M\u00e1gica estreou em Viena em 1791 e \u00e9 uma das obras da literatura infantil mais apresentadas \u00e0s crian\u00e7as.<br \/>[Integrado na XXVII Feira do Livro do Munic\u00edpio de Benavente]<\/p><p>Veja todas as fotos <a href=\"https:\/\/www.behance.net\/gallery\/240499837\/opera-para-bebs-flauta-magica\" target=\"_blank\" rel=\"noopener\"><strong>AQUI<\/strong><\/a><\/p>\t\t\t\t\t\t\t\t<\/div>\n\t\t\t\t<\/div>\n\t\t\t\t<div class=\"elementor-element elementor-element-167bb16 elementor-widget elementor-widget-gallery\" data-id=\"167bb16\" data-element_type=\"widget\" data-e-type=\"widget\" data-settings=\"{&quot;columns&quot;:3,&quot;lazyload&quot;:&quot;yes&quot;,&quot;gallery_layout&quot;:&quot;grid&quot;,&quot;columns_tablet&quot;:2,&quot;columns_mobile&quot;:1,&quot;gap&quot;:{&quot;unit&quot;:&quot;px&quot;,&quot;size&quot;:10,&quot;sizes&quot;:[]},&quot;gap_widescreen&quot;:{&quot;unit&quot;:&quot;px&quot;,&quot;size&quot;:&quot;&quot;,&quot;sizes&quot;:[]},&quot;gap_laptop&quot;:{&quot;unit&quot;:&quot;px&quot;,&quot;size&quot;:10,&quot;sizes&quot;:[]},&quot;gap_tablet_extra&quot;:{&quot;unit&quot;:&quot;px&quot;,&quot;size&quot;:10,&quot;sizes&quot;:[]},&quot;gap_tablet&quot;:{&quot;unit&quot;:&quot;px&quot;,&quot;size&quot;:10,&quot;sizes&quot;:[]},&quot;gap_mobile_extra&quot;:{&quot;unit&quot;:&quot;px&quot;,&quot;size&quot;:10,&quot;sizes&quot;:[]},&quot;gap_mobile&quot;:{&quot;unit&quot;:&quot;px&quot;,&quot;size&quot;:10,&quot;sizes&quot;:[]},&quot;link_to&quot;:&quot;file&quot;,&quot;aspect_ratio&quot;:&quot;3:2&quot;,&quot;overlay_background&quot;:&quot;yes&quot;,&quot;content_hover_animation&quot;:&quot;fade-in&quot;}\" data-widget_type=\"gallery.default\">\n\t\t\t\t<div class=\"elementor-widget-container\">\n\t\t\t\t\t\t\t<div class=\"elementor-gallery__container\">\n\t\t\t\t\t\t\t<a class=\"e-gallery-item elementor-gallery-item elementor-animated-content\" href=\"https:\/\/www.cm-benavente.pt\/wp-content\/uploads\/2025\/12\/opera-para-bebes-flauta-magica-6-scaled.jpg\" data-elementor-open-lightbox=\"yes\" data-elementor-lightbox-slideshow=\"167bb16\" data-elementor-lightbox-title=\"opera para beb\u00e9s flauta m\u00e1gica (6)\" data-e-action-hash=\"#elementor-action%3Aaction%3Dlightbox%26settings%3DeyJpZCI6ODE1NzQsInVybCI6Imh0dHBzOlwvXC93d3cuY20tYmVuYXZlbnRlLnB0XC93cC1jb250ZW50XC91cGxvYWRzXC8yMDI1XC8xMlwvb3BlcmEtcGFyYS1iZWJlcy1mbGF1dGEtbWFnaWNhLTYtc2NhbGVkLmpwZyIsInNsaWRlc2hvdyI6IjE2N2JiMTYifQ%3D%3D\">\n\t\t\t\t\t<div class=\"e-gallery-image elementor-gallery-item__image\" data-thumbnail=\"https:\/\/www.cm-benavente.pt\/wp-content\/uploads\/2025\/12\/opera-para-bebes-flauta-magica-6-1024x819.jpg\" data-width=\"800\" data-height=\"640\" aria-label=\"\" role=\"img\" ><\/div>\n\t\t\t\t\t\t\t\t\t\t\t<div class=\"elementor-gallery-item__overlay\"><\/div>\n\t\t\t\t\t\t\t\t\t\t\t\t\t\t<\/a>\n\t\t\t\t\t\t\t<a class=\"e-gallery-item elementor-gallery-item elementor-animated-content\" href=\"https:\/\/www.cm-benavente.pt\/wp-content\/uploads\/2025\/12\/opera-para-bebes-flauta-magica-2-scaled.jpg\" data-elementor-open-lightbox=\"yes\" data-elementor-lightbox-slideshow=\"167bb16\" data-elementor-lightbox-title=\"opera para beb\u00e9s flauta m\u00e1gica (2)\" data-e-action-hash=\"#elementor-action%3Aaction%3Dlightbox%26settings%3DeyJpZCI6ODE1NzUsInVybCI6Imh0dHBzOlwvXC93d3cuY20tYmVuYXZlbnRlLnB0XC93cC1jb250ZW50XC91cGxvYWRzXC8yMDI1XC8xMlwvb3BlcmEtcGFyYS1iZWJlcy1mbGF1dGEtbWFnaWNhLTItc2NhbGVkLmpwZyIsInNsaWRlc2hvdyI6IjE2N2JiMTYifQ%3D%3D\">\n\t\t\t\t\t<div class=\"e-gallery-image elementor-gallery-item__image\" data-thumbnail=\"https:\/\/www.cm-benavente.pt\/wp-content\/uploads\/2025\/12\/opera-para-bebes-flauta-magica-2-1024x819.jpg\" data-width=\"800\" data-height=\"640\" aria-label=\"\" role=\"img\" ><\/div>\n\t\t\t\t\t\t\t\t\t\t\t<div class=\"elementor-gallery-item__overlay\"><\/div>\n\t\t\t\t\t\t\t\t\t\t\t\t\t\t<\/a>\n\t\t\t\t\t\t\t<a class=\"e-gallery-item elementor-gallery-item elementor-animated-content\" href=\"https:\/\/www.cm-benavente.pt\/wp-content\/uploads\/2025\/12\/opera-para-bebes-flauta-magica-3-scaled.jpg\" data-elementor-open-lightbox=\"yes\" data-elementor-lightbox-slideshow=\"167bb16\" data-elementor-lightbox-title=\"opera para beb\u00e9s flauta m\u00e1gica (3)\" data-e-action-hash=\"#elementor-action%3Aaction%3Dlightbox%26settings%3DeyJpZCI6ODE1NzYsInVybCI6Imh0dHBzOlwvXC93d3cuY20tYmVuYXZlbnRlLnB0XC93cC1jb250ZW50XC91cGxvYWRzXC8yMDI1XC8xMlwvb3BlcmEtcGFyYS1iZWJlcy1mbGF1dGEtbWFnaWNhLTMtc2NhbGVkLmpwZyIsInNsaWRlc2hvdyI6IjE2N2JiMTYifQ%3D%3D\">\n\t\t\t\t\t<div class=\"e-gallery-image elementor-gallery-item__image\" data-thumbnail=\"https:\/\/www.cm-benavente.pt\/wp-content\/uploads\/2025\/12\/opera-para-bebes-flauta-magica-3-1024x819.jpg\" data-width=\"800\" data-height=\"640\" aria-label=\"\" role=\"img\" ><\/div>\n\t\t\t\t\t\t\t\t\t\t\t<div class=\"elementor-gallery-item__overlay\"><\/div>\n\t\t\t\t\t\t\t\t\t\t\t\t\t\t<\/a>\n\t\t\t\t\t\t\t<a class=\"e-gallery-item elementor-gallery-item elementor-animated-content\" href=\"https:\/\/www.cm-benavente.pt\/wp-content\/uploads\/2025\/12\/opera-para-bebes-flauta-magica-4-scaled.jpg\" data-elementor-open-lightbox=\"yes\" data-elementor-lightbox-slideshow=\"167bb16\" data-elementor-lightbox-title=\"opera para beb\u00e9s flauta m\u00e1gica (4)\" data-e-action-hash=\"#elementor-action%3Aaction%3Dlightbox%26settings%3DeyJpZCI6ODE1NzcsInVybCI6Imh0dHBzOlwvXC93d3cuY20tYmVuYXZlbnRlLnB0XC93cC1jb250ZW50XC91cGxvYWRzXC8yMDI1XC8xMlwvb3BlcmEtcGFyYS1iZWJlcy1mbGF1dGEtbWFnaWNhLTQtc2NhbGVkLmpwZyIsInNsaWRlc2hvdyI6IjE2N2JiMTYifQ%3D%3D\">\n\t\t\t\t\t<div class=\"e-gallery-image elementor-gallery-item__image\" data-thumbnail=\"https:\/\/www.cm-benavente.pt\/wp-content\/uploads\/2025\/12\/opera-para-bebes-flauta-magica-4-1024x819.jpg\" data-width=\"800\" data-height=\"640\" aria-label=\"\" role=\"img\" ><\/div>\n\t\t\t\t\t\t\t\t\t\t\t<div class=\"elementor-gallery-item__overlay\"><\/div>\n\t\t\t\t\t\t\t\t\t\t\t\t\t\t<\/a>\n\t\t\t\t\t\t\t<a class=\"e-gallery-item elementor-gallery-item elementor-animated-content\" href=\"https:\/\/www.cm-benavente.pt\/wp-content\/uploads\/2025\/12\/opera-para-bebes-flauta-magica-5-scaled.jpg\" data-elementor-open-lightbox=\"yes\" data-elementor-lightbox-slideshow=\"167bb16\" data-elementor-lightbox-title=\"opera para beb\u00e9s flauta m\u00e1gica (5)\" data-e-action-hash=\"#elementor-action%3Aaction%3Dlightbox%26settings%3DeyJpZCI6ODE1NzgsInVybCI6Imh0dHBzOlwvXC93d3cuY20tYmVuYXZlbnRlLnB0XC93cC1jb250ZW50XC91cGxvYWRzXC8yMDI1XC8xMlwvb3BlcmEtcGFyYS1iZWJlcy1mbGF1dGEtbWFnaWNhLTUtc2NhbGVkLmpwZyIsInNsaWRlc2hvdyI6IjE2N2JiMTYifQ%3D%3D\">\n\t\t\t\t\t<div class=\"e-gallery-image elementor-gallery-item__image\" data-thumbnail=\"https:\/\/www.cm-benavente.pt\/wp-content\/uploads\/2025\/12\/opera-para-bebes-flauta-magica-5-1024x819.jpg\" data-width=\"800\" data-height=\"640\" aria-label=\"\" role=\"img\" ><\/div>\n\t\t\t\t\t\t\t\t\t\t\t<div class=\"elementor-gallery-item__overlay\"><\/div>\n\t\t\t\t\t\t\t\t\t\t\t\t\t\t<\/a>\n\t\t\t\t\t\t\t<a class=\"e-gallery-item elementor-gallery-item elementor-animated-content\" href=\"https:\/\/www.cm-benavente.pt\/wp-content\/uploads\/2025\/12\/opera-para-bebes-flauta-magica-1-scaled.jpg\" data-elementor-open-lightbox=\"yes\" data-elementor-lightbox-slideshow=\"167bb16\" data-elementor-lightbox-title=\"opera para beb\u00e9s flauta m\u00e1gica (1)\" data-e-action-hash=\"#elementor-action%3Aaction%3Dlightbox%26settings%3DeyJpZCI6ODE1NzksInVybCI6Imh0dHBzOlwvXC93d3cuY20tYmVuYXZlbnRlLnB0XC93cC1jb250ZW50XC91cGxvYWRzXC8yMDI1XC8xMlwvb3BlcmEtcGFyYS1iZWJlcy1mbGF1dGEtbWFnaWNhLTEtc2NhbGVkLmpwZyIsInNsaWRlc2hvdyI6IjE2N2JiMTYifQ%3D%3D\">\n\t\t\t\t\t<div class=\"e-gallery-image elementor-gallery-item__image\" data-thumbnail=\"https:\/\/www.cm-benavente.pt\/wp-content\/uploads\/2025\/12\/opera-para-bebes-flauta-magica-1-1024x819.jpg\" data-width=\"800\" data-height=\"640\" aria-label=\"\" role=\"img\" ><\/div>\n\t\t\t\t\t\t\t\t\t\t\t<div class=\"elementor-gallery-item__overlay\"><\/div>\n\t\t\t\t\t\t\t\t\t\t\t\t\t\t<\/a>\n\t\t\t\t\t<\/div>\n\t\t\t\t\t<\/div>\n\t\t\t\t<\/div>\n\t\t\t\t\t<\/div>\n\t\t\t\t<\/div>\n\t\t\t\t<\/div>\n\t\t","protected":false},"excerpt":{"rendered":"<p>A Biblioteca Municipal Odete e Carlos Gaspar, em Samora Correia encheu-se de m\u00fasica com a apresenta\u00e7\u00e3o de \u00d3pera para Beb\u00e9s \u201cA Flauta M\u00e1gica\u201d pela m\u00e3o da Associa\u00e7\u00e3o Set\u00fabal Voz.<\/p>\n","protected":false},"author":3,"featured_media":81572,"comment_status":"closed","ping_status":"closed","sticky":false,"template":"","format":"standard","meta":{"_vp_format_video_url":"","_vp_image_focal_point":[],"footnotes":""},"categories":[511],"tags":[1074,83,3110,794,3166,479,4,27,62],"class_list":["post-81571","post","type-post","status-publish","format-standard","has-post-thumbnail","hentry","category-cultura-noticias","tag-bebes","tag-biblioteca","tag-flauta","tag-literatura","tag-magica","tag-municipio-de-benavente","tag-musica","tag-samora-correia","tag-teatro"],"_links":{"self":[{"href":"https:\/\/www.cm-benavente.pt\/index.php\/wp-json\/wp\/v2\/posts\/81571","targetHints":{"allow":["GET"]}}],"collection":[{"href":"https:\/\/www.cm-benavente.pt\/index.php\/wp-json\/wp\/v2\/posts"}],"about":[{"href":"https:\/\/www.cm-benavente.pt\/index.php\/wp-json\/wp\/v2\/types\/post"}],"author":[{"embeddable":true,"href":"https:\/\/www.cm-benavente.pt\/index.php\/wp-json\/wp\/v2\/users\/3"}],"replies":[{"embeddable":true,"href":"https:\/\/www.cm-benavente.pt\/index.php\/wp-json\/wp\/v2\/comments?post=81571"}],"version-history":[{"count":7,"href":"https:\/\/www.cm-benavente.pt\/index.php\/wp-json\/wp\/v2\/posts\/81571\/revisions"}],"predecessor-version":[{"id":81585,"href":"https:\/\/www.cm-benavente.pt\/index.php\/wp-json\/wp\/v2\/posts\/81571\/revisions\/81585"}],"wp:featuredmedia":[{"embeddable":true,"href":"https:\/\/www.cm-benavente.pt\/index.php\/wp-json\/wp\/v2\/media\/81572"}],"wp:attachment":[{"href":"https:\/\/www.cm-benavente.pt\/index.php\/wp-json\/wp\/v2\/media?parent=81571"}],"wp:term":[{"taxonomy":"category","embeddable":true,"href":"https:\/\/www.cm-benavente.pt\/index.php\/wp-json\/wp\/v2\/categories?post=81571"},{"taxonomy":"post_tag","embeddable":true,"href":"https:\/\/www.cm-benavente.pt\/index.php\/wp-json\/wp\/v2\/tags?post=81571"}],"curies":[{"name":"wp","href":"https:\/\/api.w.org\/{rel}","templated":true}]}}