{"id":80892,"date":"2025-11-26T09:54:17","date_gmt":"2025-11-26T09:54:17","guid":{"rendered":"https:\/\/www.cm-benavente.pt\/?p=80892"},"modified":"2025-11-26T10:39:07","modified_gmt":"2025-11-26T10:39:07","slug":"transporte-gratuito-para-o-mercado-de-natal-do-municipio-de-benavente","status":"publish","type":"post","link":"https:\/\/www.cm-benavente.pt\/index.php\/2025\/11\/26\/transporte-gratuito-para-o-mercado-de-natal-do-municipio-de-benavente\/","title":{"rendered":"Transporte gratuito para o Mercado de Natal do Munic\u00edpio de Benavente"},"content":{"rendered":"\t\t<div data-elementor-type=\"wp-post\" data-elementor-id=\"80892\" class=\"elementor elementor-80892\" data-elementor-post-type=\"post\">\n\t\t\t\t<div class=\"elementor-element elementor-element-92e7289 e-flex e-con-boxed e-con e-parent\" data-id=\"92e7289\" data-element_type=\"container\" data-e-type=\"container\" data-settings=\"{&quot;tmea_shape_divider_top&quot;:&quot;none&quot;,&quot;tmea_shape_divider_bottom&quot;:&quot;none&quot;}\">\n\t\t\t\t\t<div class=\"e-con-inner\">\n\t\t\n\t\t<div class=\"elementor-element elementor-element-38fc655 elementor-widget elementor-widget-text-editor\" data-id=\"38fc655\" data-element_type=\"widget\" data-e-type=\"widget\" data-widget_type=\"text-editor.default\">\n\t\t\t\t<div class=\"elementor-widget-container\">\n\t\t\t\t\t\t\t\t\t<p>A decis\u00e3o da C\u00e2mara Municipal de Benavente em oferecer um circuito de autocarro gratuito nos dias 29 e 30 de novembro e 1, 6, 7 e 8 de dezembro, de forma a permitir que todos possam visitar o Mercado de Natal e regressar a casa com conforto e seguran\u00e7a, \u00e9 muito mais do que um simples servi\u00e7o log\u00edstico \u2014 representa um compromisso concreto com a acessibilidade, a inclus\u00e3o social e o fortalecimento comunit\u00e1rio.<\/p><p><strong>Inclus\u00e3o e acessibilidade para todos<\/strong><\/p><p>Ao garantir transporte gratuito, a autarquia remove uma barreira importante \u2014 o custo e a disponibilidade de transporte individual \u2014 que poderia impedir algumas fam\u00edlias, jovens ou idosos de participarem nas festividades. Muitas vezes, o pre\u00e7o de desloca\u00e7\u00e3o ou a aus\u00eancia de transporte p\u00fablico condizente impede a participa\u00e7\u00e3o de quem vive fora do centro ou n\u00e3o tem viatura pr\u00f3pria. Com este circuito de autocarro gratuito, abre-se a porta para que toda a comunidade, sem exce\u00e7\u00e3o, possa usufruir do ambiente natal\u00edcio, dos eventos e das ofertas do mercado.<\/p><p><strong>Conforto, conveni\u00eancia e seguran\u00e7a<\/strong><\/p><p>As festas de Natal muitas vezes atraem grande aflu\u00eancia, com tr\u00e2nsito intenso e dificuldades de estacionamento, sendo que o autocarro evita estas preocupa\u00e7\u00f5es, reduz o stress de conduzir e assegura que fam\u00edlias com crian\u00e7as n\u00e3o tenham de enfrentar desafios adicionais.<\/p><p><strong>Ambiente natal\u00edcio para todos, sem barreiras<\/strong><\/p><p>No fundo, esta iniciativa traduz a ess\u00eancia da \u00e9poca natal\u00edcia: solidariedade, partilha, comunidade, alegria e inclus\u00e3o. Natal \u00e9 mais do que luzes e decora\u00e7\u00f5es: \u00e9 tempo de estar com os outros, de celebrar juntos, de garantir que ningu\u00e9m fica de fora.<\/p><p>Ao proporcionar transporte gratuito, a C\u00e2mara Municipal de Benavente n\u00e3o est\u00e1 apenas a cuidar da mobilidade \u2014 est\u00e1 a cuidar do esp\u00edrito comunit\u00e1rio, ao assegurar que todas as fam\u00edlias, todos os cidad\u00e3os, possam sentir, viver e partilhar a magia do Natal no seu munic\u00edpio.<\/p>\t\t\t\t\t\t\t\t<\/div>\n\t\t\t\t<\/div>\n\t\t\t\t<div class=\"elementor-element elementor-element-8dff1ad elementor-widget elementor-widget-gallery\" data-id=\"8dff1ad\" data-element_type=\"widget\" data-e-type=\"widget\" data-settings=\"{&quot;columns&quot;:2,&quot;aspect_ratio&quot;:&quot;1:1&quot;,&quot;lazyload&quot;:&quot;yes&quot;,&quot;gallery_layout&quot;:&quot;grid&quot;,&quot;columns_tablet&quot;:2,&quot;columns_mobile&quot;:1,&quot;gap&quot;:{&quot;unit&quot;:&quot;px&quot;,&quot;size&quot;:10,&quot;sizes&quot;:[]},&quot;gap_widescreen&quot;:{&quot;unit&quot;:&quot;px&quot;,&quot;size&quot;:&quot;&quot;,&quot;sizes&quot;:[]},&quot;gap_laptop&quot;:{&quot;unit&quot;:&quot;px&quot;,&quot;size&quot;:10,&quot;sizes&quot;:[]},&quot;gap_tablet_extra&quot;:{&quot;unit&quot;:&quot;px&quot;,&quot;size&quot;:10,&quot;sizes&quot;:[]},&quot;gap_tablet&quot;:{&quot;unit&quot;:&quot;px&quot;,&quot;size&quot;:10,&quot;sizes&quot;:[]},&quot;gap_mobile_extra&quot;:{&quot;unit&quot;:&quot;px&quot;,&quot;size&quot;:10,&quot;sizes&quot;:[]},&quot;gap_mobile&quot;:{&quot;unit&quot;:&quot;px&quot;,&quot;size&quot;:10,&quot;sizes&quot;:[]},&quot;link_to&quot;:&quot;file&quot;,&quot;overlay_background&quot;:&quot;yes&quot;,&quot;content_hover_animation&quot;:&quot;fade-in&quot;}\" data-widget_type=\"gallery.default\">\n\t\t\t\t<div class=\"elementor-widget-container\">\n\t\t\t\t\t\t\t<div class=\"elementor-gallery__container\">\n\t\t\t\t\t\t\t<a class=\"e-gallery-item elementor-gallery-item elementor-animated-content\" href=\"https:\/\/www.cm-benavente.pt\/wp-content\/uploads\/2025\/11\/mercado-natal-transporte-samora-correia.jpg\" data-elementor-open-lightbox=\"yes\" data-elementor-lightbox-slideshow=\"8dff1ad\" data-elementor-lightbox-title=\"mercado natal transporte samora correia\" data-e-action-hash=\"#elementor-action%3Aaction%3Dlightbox%26settings%3DeyJpZCI6ODA4OTYsInVybCI6Imh0dHBzOlwvXC93d3cuY20tYmVuYXZlbnRlLnB0XC93cC1jb250ZW50XC91cGxvYWRzXC8yMDI1XC8xMVwvbWVyY2Fkby1uYXRhbC10cmFuc3BvcnRlLXNhbW9yYS1jb3JyZWlhLmpwZyIsInNsaWRlc2hvdyI6IjhkZmYxYWQifQ%3D%3D\">\n\t\t\t\t\t<div class=\"e-gallery-image elementor-gallery-item__image\" data-thumbnail=\"https:\/\/www.cm-benavente.pt\/wp-content\/uploads\/2025\/11\/mercado-natal-transporte-samora-correia-1024x1024.jpg\" data-width=\"800\" data-height=\"800\" aria-label=\"\" role=\"img\" ><\/div>\n\t\t\t\t\t\t\t\t\t\t\t<div class=\"elementor-gallery-item__overlay\"><\/div>\n\t\t\t\t\t\t\t\t\t\t\t\t\t\t<\/a>\n\t\t\t\t\t\t\t<a class=\"e-gallery-item elementor-gallery-item elementor-animated-content\" href=\"https:\/\/www.cm-benavente.pt\/wp-content\/uploads\/2025\/11\/mercado-natal-transporte-aldeias.jpg\" data-elementor-open-lightbox=\"yes\" data-elementor-lightbox-slideshow=\"8dff1ad\" data-elementor-lightbox-title=\"mercado natal transporte aldeias\" data-e-action-hash=\"#elementor-action%3Aaction%3Dlightbox%26settings%3DeyJpZCI6ODA4OTUsInVybCI6Imh0dHBzOlwvXC93d3cuY20tYmVuYXZlbnRlLnB0XC93cC1jb250ZW50XC91cGxvYWRzXC8yMDI1XC8xMVwvbWVyY2Fkby1uYXRhbC10cmFuc3BvcnRlLWFsZGVpYXMuanBnIiwic2xpZGVzaG93IjoiOGRmZjFhZCJ9\">\n\t\t\t\t\t<div class=\"e-gallery-image elementor-gallery-item__image\" data-thumbnail=\"https:\/\/www.cm-benavente.pt\/wp-content\/uploads\/2025\/11\/mercado-natal-transporte-aldeias-1024x1024.jpg\" data-width=\"800\" data-height=\"800\" aria-label=\"\" role=\"img\" ><\/div>\n\t\t\t\t\t\t\t\t\t\t\t<div class=\"elementor-gallery-item__overlay\"><\/div>\n\t\t\t\t\t\t\t\t\t\t\t\t\t\t<\/a>\n\t\t\t\t\t<\/div>\n\t\t\t\t\t<\/div>\n\t\t\t\t<\/div>\n\t\t\t\t\t<\/div>\n\t\t\t\t<\/div>\n\t\t\t\t<\/div>\n\t\t","protected":false},"excerpt":{"rendered":"<p>A decis\u00e3o da C\u00e2mara Municipal de Benavente em oferecer um circuito de autocarro gratuito nos dias 29 e 30 de novembro e 1, 6, 7 e 8 de dezembro, de forma a permitir que todos possam visitar o Mercado de Natal e regressar a casa com conforto e seguran\u00e7a, \u00e9 muito mais do que um simples servi\u00e7o log\u00edstico \u2014 representa um compromisso concreto com a acessibilidade, a inclus\u00e3o social e o fortalecimento comunit\u00e1rio.<\/p>\n","protected":false},"author":3,"featured_media":80893,"comment_status":"closed","ping_status":"closed","sticky":false,"template":"","format":"standard","meta":{"_vp_format_video_url":"","_vp_image_focal_point":[],"footnotes":""},"categories":[545,518],"tags":[16,861,350,186],"class_list":["post-80892","post","type-post","status-publish","format-standard","has-post-thumbnail","hentry","category-informacao","category-municipio","tag-benavente","tag-mercado","tag-natal","tag-transporte"],"_links":{"self":[{"href":"https:\/\/www.cm-benavente.pt\/index.php\/wp-json\/wp\/v2\/posts\/80892","targetHints":{"allow":["GET"]}}],"collection":[{"href":"https:\/\/www.cm-benavente.pt\/index.php\/wp-json\/wp\/v2\/posts"}],"about":[{"href":"https:\/\/www.cm-benavente.pt\/index.php\/wp-json\/wp\/v2\/types\/post"}],"author":[{"embeddable":true,"href":"https:\/\/www.cm-benavente.pt\/index.php\/wp-json\/wp\/v2\/users\/3"}],"replies":[{"embeddable":true,"href":"https:\/\/www.cm-benavente.pt\/index.php\/wp-json\/wp\/v2\/comments?post=80892"}],"version-history":[{"count":13,"href":"https:\/\/www.cm-benavente.pt\/index.php\/wp-json\/wp\/v2\/posts\/80892\/revisions"}],"predecessor-version":[{"id":80917,"href":"https:\/\/www.cm-benavente.pt\/index.php\/wp-json\/wp\/v2\/posts\/80892\/revisions\/80917"}],"wp:featuredmedia":[{"embeddable":true,"href":"https:\/\/www.cm-benavente.pt\/index.php\/wp-json\/wp\/v2\/media\/80893"}],"wp:attachment":[{"href":"https:\/\/www.cm-benavente.pt\/index.php\/wp-json\/wp\/v2\/media?parent=80892"}],"wp:term":[{"taxonomy":"category","embeddable":true,"href":"https:\/\/www.cm-benavente.pt\/index.php\/wp-json\/wp\/v2\/categories?post=80892"},{"taxonomy":"post_tag","embeddable":true,"href":"https:\/\/www.cm-benavente.pt\/index.php\/wp-json\/wp\/v2\/tags?post=80892"}],"curies":[{"name":"wp","href":"https:\/\/api.w.org\/{rel}","templated":true}]}}