{"id":80327,"date":"2025-11-13T16:50:58","date_gmt":"2025-11-13T16:50:58","guid":{"rendered":"https:\/\/www.cm-benavente.pt\/?p=80327"},"modified":"2025-11-13T16:53:02","modified_gmt":"2025-11-13T16:53:02","slug":"aviso-aguas-do-ribatejo-benavente-17-novembro","status":"publish","type":"post","link":"https:\/\/www.cm-benavente.pt\/index.php\/2025\/11\/13\/aviso-aguas-do-ribatejo-benavente-17-novembro\/","title":{"rendered":"Aviso \u00c1guas do Ribatejo \u2013 Benavente\/ 17 novembro"},"content":{"rendered":"\t\t<div data-elementor-type=\"wp-post\" data-elementor-id=\"80327\" class=\"elementor elementor-80327\" data-elementor-post-type=\"post\">\n\t\t\t\t<div class=\"elementor-element elementor-element-05495bf e-flex e-con-boxed e-con e-parent\" data-id=\"05495bf\" data-element_type=\"container\" data-e-type=\"container\" data-settings=\"{&quot;tmea_shape_divider_top&quot;:&quot;none&quot;,&quot;tmea_shape_divider_bottom&quot;:&quot;none&quot;}\">\n\t\t\t\t\t<div class=\"e-con-inner\">\n\t\t\n\t\t<div class=\"elementor-element elementor-element-c72b4cb elementor-widget elementor-widget-text-editor\" data-id=\"c72b4cb\" data-element_type=\"widget\" data-e-type=\"widget\" data-widget_type=\"text-editor.default\">\n\t\t\t\t<div class=\"elementor-widget-container\">\n\t\t\t\t\t\t\t\t\t<p>A <strong>\u00c1GUAS DO RIBATEJO<\/strong> informa que devido a <strong>interven\u00e7\u00f5es no Subsistema de Abastecimento de \u00c1gua de Benavente<\/strong>, para melhoria do servi\u00e7o, prev\u00ea <strong>suspender o abastecimento de \u00e1gua<\/strong>, no per\u00edodo<strong> entre as 09h00 e as 13h00, no dia 17 de novembro<\/strong> (segunda-feira).<\/p><p><strong>Locais afetados:<\/strong><\/p><p style=\"padding-left: 40px;\">\u2022 Rua do Trabalhador Rural, Benavente (junto ao Pavilh\u00e3o Gimnodesportivo e Centro Cultural)<\/p><p>A AR alerta que se necessitar de qualquer esclarecimento, deve contactar os servi\u00e7os pelo tel: <a href=\"tel:263509400\">263 509 400<\/a> (dias \u00fateis das 09h00 \u00e0s 18h00) ou n\u00famero verde e gratuito <a href=\"tel:800202040\">800 20 20 40<\/a> (dias \u00fateis entre as 18h00 e as 09h00 e s\u00e1bados, domingos e feriados).<\/p>\t\t\t\t\t\t\t\t<\/div>\n\t\t\t\t<\/div>\n\t\t\t\t\t<\/div>\n\t\t\t\t<\/div>\n\t\t\t\t<\/div>\n\t\t","protected":false},"excerpt":{"rendered":"<p>A \u00c1GUAS DO RIBATEJO informa que devido a interven\u00e7\u00f5es no Subsistema de Abastecimento de \u00c1gua de Benavente, para melhoria do servi\u00e7o, prevemos suspender o abastecimento de \u00e1gua, no per\u00edodo entre as 09h00 e as 13h00, no dia 17 de novembro (segunda-feira).<\/p>\n<p>Locais afetados :<br \/>\n\u2022 Rua do Trabalhador Rural, Benavente (junto ao Pavilh\u00e3o Gimnodesportivo e Centro Cultural)<\/p>\n","protected":false},"author":3,"featured_media":80328,"comment_status":"closed","ping_status":"closed","sticky":false,"template":"","format":"standard","meta":{"_vp_format_video_url":"","_vp_image_focal_point":[],"footnotes":""},"categories":[545,518],"tags":[19,321,16,20],"class_list":["post-80327","post","type-post","status-publish","format-standard","has-post-thumbnail","hentry","category-informacao","category-municipio","tag-agua","tag-aguas-do-ribatejo","tag-benavente","tag-suspensao"],"_links":{"self":[{"href":"https:\/\/www.cm-benavente.pt\/index.php\/wp-json\/wp\/v2\/posts\/80327","targetHints":{"allow":["GET"]}}],"collection":[{"href":"https:\/\/www.cm-benavente.pt\/index.php\/wp-json\/wp\/v2\/posts"}],"about":[{"href":"https:\/\/www.cm-benavente.pt\/index.php\/wp-json\/wp\/v2\/types\/post"}],"author":[{"embeddable":true,"href":"https:\/\/www.cm-benavente.pt\/index.php\/wp-json\/wp\/v2\/users\/3"}],"replies":[{"embeddable":true,"href":"https:\/\/www.cm-benavente.pt\/index.php\/wp-json\/wp\/v2\/comments?post=80327"}],"version-history":[{"count":4,"href":"https:\/\/www.cm-benavente.pt\/index.php\/wp-json\/wp\/v2\/posts\/80327\/revisions"}],"predecessor-version":[{"id":80333,"href":"https:\/\/www.cm-benavente.pt\/index.php\/wp-json\/wp\/v2\/posts\/80327\/revisions\/80333"}],"wp:featuredmedia":[{"embeddable":true,"href":"https:\/\/www.cm-benavente.pt\/index.php\/wp-json\/wp\/v2\/media\/80328"}],"wp:attachment":[{"href":"https:\/\/www.cm-benavente.pt\/index.php\/wp-json\/wp\/v2\/media?parent=80327"}],"wp:term":[{"taxonomy":"category","embeddable":true,"href":"https:\/\/www.cm-benavente.pt\/index.php\/wp-json\/wp\/v2\/categories?post=80327"},{"taxonomy":"post_tag","embeddable":true,"href":"https:\/\/www.cm-benavente.pt\/index.php\/wp-json\/wp\/v2\/tags?post=80327"}],"curies":[{"name":"wp","href":"https:\/\/api.w.org\/{rel}","templated":true}]}}