{"id":80100,"date":"2025-11-10T17:24:45","date_gmt":"2025-11-10T17:24:45","guid":{"rendered":"https:\/\/www.cm-benavente.pt\/?p=80100"},"modified":"2025-11-10T17:34:39","modified_gmt":"2025-11-10T17:34:39","slug":"gala-opera-do-coro-do-municipio-encantou-benavente","status":"publish","type":"post","link":"https:\/\/www.cm-benavente.pt\/index.php\/2025\/11\/10\/gala-opera-do-coro-do-municipio-encantou-benavente\/","title":{"rendered":"Gala \u00d3pera do Coro do Munic\u00edpio encantou Benavente!"},"content":{"rendered":"\t\t<div data-elementor-type=\"wp-post\" data-elementor-id=\"80100\" class=\"elementor elementor-80100\" data-elementor-post-type=\"post\">\n\t\t\t\t<div class=\"elementor-element elementor-element-f945489 e-flex e-con-boxed e-con e-parent\" data-id=\"f945489\" data-element_type=\"container\" data-e-type=\"container\" data-settings=\"{&quot;tmea_shape_divider_top&quot;:&quot;none&quot;,&quot;tmea_shape_divider_bottom&quot;:&quot;none&quot;}\">\n\t\t\t\t\t<div class=\"e-con-inner\">\n\t\t\n\t\t<div class=\"elementor-element elementor-element-207396e elementor-widget elementor-widget-text-editor\" data-id=\"207396e\" data-element_type=\"widget\" data-e-type=\"widget\" data-widget_type=\"text-editor.default\">\n\t\t\t\t<div class=\"elementor-widget-container\">\n\t\t\t\t\t\t\t\t\t<p>No passado s\u00e1bado, 8 de novembro, o <strong>Cineteatro de Benavente<\/strong> encheu-se para assistir a um dos momentos musicais mais marcantes da <strong>Temporada da M\u00fasica 2025<\/strong>. A <strong>\u201cGala \u00d3pera\u201d<\/strong>, apresentada pelo Coro do Munic\u00edpio de Benavente, superou todas as expectativas e ofereceu ao p\u00fablico uma noite verdadeiramente memor\u00e1vel.<\/p><p>Sob a dire\u00e7\u00e3o inspiradora do maestro Daniel Manuel, o espet\u00e1culo foi enaltecido com as interpreta\u00e7\u00f5es da soprano C\u00e1tia Amaral, do tenor Jaime Varela e com o talento da Banda da Associa\u00e7\u00e3o Cultural e Musical de Salvaterra de Magos, que elevaram cada pe\u00e7a a um n\u00edvel de excel\u00eancia.<\/p><p>A comunidade teve acesso a uma experi\u00eancia cultural de grande qualidade, refor\u00e7ando o compromisso da C\u00e2mara Municipal de Benavente em promover a cultura e aproximar a m\u00fasica de todos.<\/p><p>Uma noite inesquec\u00edvel que, seguramente, ficar\u00e1 na mem\u00f3ria do p\u00fablico presente.<\/p>\t\t\t\t\t\t\t\t<\/div>\n\t\t\t\t<\/div>\n\t\t\t\t<div class=\"elementor-element elementor-element-4533228 elementor-widget elementor-widget-gallery\" data-id=\"4533228\" data-element_type=\"widget\" data-e-type=\"widget\" data-settings=\"{&quot;columns&quot;:10,&quot;lazyload&quot;:&quot;yes&quot;,&quot;gallery_layout&quot;:&quot;grid&quot;,&quot;columns_tablet&quot;:2,&quot;columns_mobile&quot;:1,&quot;gap&quot;:{&quot;unit&quot;:&quot;px&quot;,&quot;size&quot;:10,&quot;sizes&quot;:[]},&quot;gap_widescreen&quot;:{&quot;unit&quot;:&quot;px&quot;,&quot;size&quot;:&quot;&quot;,&quot;sizes&quot;:[]},&quot;gap_laptop&quot;:{&quot;unit&quot;:&quot;px&quot;,&quot;size&quot;:10,&quot;sizes&quot;:[]},&quot;gap_tablet_extra&quot;:{&quot;unit&quot;:&quot;px&quot;,&quot;size&quot;:10,&quot;sizes&quot;:[]},&quot;gap_tablet&quot;:{&quot;unit&quot;:&quot;px&quot;,&quot;size&quot;:10,&quot;sizes&quot;:[]},&quot;gap_mobile_extra&quot;:{&quot;unit&quot;:&quot;px&quot;,&quot;size&quot;:10,&quot;sizes&quot;:[]},&quot;gap_mobile&quot;:{&quot;unit&quot;:&quot;px&quot;,&quot;size&quot;:10,&quot;sizes&quot;:[]},&quot;link_to&quot;:&quot;file&quot;,&quot;aspect_ratio&quot;:&quot;3:2&quot;,&quot;overlay_background&quot;:&quot;yes&quot;,&quot;content_hover_animation&quot;:&quot;fade-in&quot;}\" data-widget_type=\"gallery.default\">\n\t\t\t\t<div class=\"elementor-widget-container\">\n\t\t\t\t\t\t\t<div class=\"elementor-gallery__container\">\n\t\t\t\t\t\t\t<a class=\"e-gallery-item elementor-gallery-item elementor-animated-content\" href=\"https:\/\/www.cm-benavente.pt\/wp-content\/uploads\/2025\/11\/temporada-da-musica-2025-coro-municipio-gala-opera-37-scaled.jpg\" data-elementor-open-lightbox=\"yes\" data-elementor-lightbox-slideshow=\"4533228\" data-elementor-lightbox-title=\"temporada da m\u00fasica 2025 coro munic\u00edpio gala \u00f3pera (37)\" data-e-action-hash=\"#elementor-action%3Aaction%3Dlightbox%26settings%3DeyJpZCI6ODAxMzksInVybCI6Imh0dHBzOlwvXC93d3cuY20tYmVuYXZlbnRlLnB0XC93cC1jb250ZW50XC91cGxvYWRzXC8yMDI1XC8xMVwvdGVtcG9yYWRhLWRhLW11c2ljYS0yMDI1LWNvcm8tbXVuaWNpcGlvLWdhbGEtb3BlcmEtMzctc2NhbGVkLmpwZyIsInNsaWRlc2hvdyI6IjQ1MzMyMjgifQ%3D%3D\">\n\t\t\t\t\t<div class=\"e-gallery-image elementor-gallery-item__image\" data-thumbnail=\"https:\/\/www.cm-benavente.pt\/wp-content\/uploads\/2025\/11\/temporada-da-musica-2025-coro-municipio-gala-opera-37-1024x500.jpg\" data-width=\"800\" data-height=\"391\" aria-label=\"\" role=\"img\" ><\/div>\n\t\t\t\t\t\t\t\t\t\t\t<div class=\"elementor-gallery-item__overlay\"><\/div>\n\t\t\t\t\t\t\t\t\t\t\t\t\t\t<\/a>\n\t\t\t\t\t\t\t<a class=\"e-gallery-item elementor-gallery-item elementor-animated-content\" href=\"https:\/\/www.cm-benavente.pt\/wp-content\/uploads\/2025\/11\/temporada-da-musica-2025-coro-municipio-gala-opera-46-scaled.jpg\" data-elementor-open-lightbox=\"yes\" data-elementor-lightbox-slideshow=\"4533228\" data-elementor-lightbox-title=\"temporada da m\u00fasica 2025 coro munic\u00edpio gala \u00f3pera (46)\" data-e-action-hash=\"#elementor-action%3Aaction%3Dlightbox%26settings%3DeyJpZCI6ODAxNDgsInVybCI6Imh0dHBzOlwvXC93d3cuY20tYmVuYXZlbnRlLnB0XC93cC1jb250ZW50XC91cGxvYWRzXC8yMDI1XC8xMVwvdGVtcG9yYWRhLWRhLW11c2ljYS0yMDI1LWNvcm8tbXVuaWNpcGlvLWdhbGEtb3BlcmEtNDYtc2NhbGVkLmpwZyIsInNsaWRlc2hvdyI6IjQ1MzMyMjgifQ%3D%3D\">\n\t\t\t\t\t<div class=\"e-gallery-image elementor-gallery-item__image\" data-thumbnail=\"https:\/\/www.cm-benavente.pt\/wp-content\/uploads\/2025\/11\/temporada-da-musica-2025-coro-municipio-gala-opera-46-1024x550.jpg\" data-width=\"800\" data-height=\"430\" aria-label=\"\" role=\"img\" ><\/div>\n\t\t\t\t\t\t\t\t\t\t\t<div class=\"elementor-gallery-item__overlay\"><\/div>\n\t\t\t\t\t\t\t\t\t\t\t\t\t\t<\/a>\n\t\t\t\t\t\t\t<a class=\"e-gallery-item elementor-gallery-item elementor-animated-content\" href=\"https:\/\/www.cm-benavente.pt\/wp-content\/uploads\/2025\/11\/temporada-da-musica-2025-coro-municipio-gala-opera-1-scaled.jpg\" data-elementor-open-lightbox=\"yes\" data-elementor-lightbox-slideshow=\"4533228\" data-elementor-lightbox-title=\"temporada da m\u00fasica 2025 coro munic\u00edpio gala \u00f3pera (1)\" data-e-action-hash=\"#elementor-action%3Aaction%3Dlightbox%26settings%3DeyJpZCI6ODAxMDMsInVybCI6Imh0dHBzOlwvXC93d3cuY20tYmVuYXZlbnRlLnB0XC93cC1jb250ZW50XC91cGxvYWRzXC8yMDI1XC8xMVwvdGVtcG9yYWRhLWRhLW11c2ljYS0yMDI1LWNvcm8tbXVuaWNpcGlvLWdhbGEtb3BlcmEtMS1zY2FsZWQuanBnIiwic2xpZGVzaG93IjoiNDUzMzIyOCJ9\">\n\t\t\t\t\t<div class=\"e-gallery-image elementor-gallery-item__image\" data-thumbnail=\"https:\/\/www.cm-benavente.pt\/wp-content\/uploads\/2025\/11\/temporada-da-musica-2025-coro-municipio-gala-opera-1-1024x586.jpg\" data-width=\"800\" data-height=\"458\" aria-label=\"\" role=\"img\" ><\/div>\n\t\t\t\t\t\t\t\t\t\t\t<div class=\"elementor-gallery-item__overlay\"><\/div>\n\t\t\t\t\t\t\t\t\t\t\t\t\t\t<\/a>\n\t\t\t\t\t\t\t<a class=\"e-gallery-item elementor-gallery-item elementor-animated-content\" href=\"https:\/\/www.cm-benavente.pt\/wp-content\/uploads\/2025\/11\/temporada-da-musica-2025-coro-municipio-gala-opera-2-scaled.jpg\" data-elementor-open-lightbox=\"yes\" data-elementor-lightbox-slideshow=\"4533228\" data-elementor-lightbox-title=\"temporada da m\u00fasica 2025 coro munic\u00edpio gala \u00f3pera (2)\" data-e-action-hash=\"#elementor-action%3Aaction%3Dlightbox%26settings%3DeyJpZCI6ODAxMDQsInVybCI6Imh0dHBzOlwvXC93d3cuY20tYmVuYXZlbnRlLnB0XC93cC1jb250ZW50XC91cGxvYWRzXC8yMDI1XC8xMVwvdGVtcG9yYWRhLWRhLW11c2ljYS0yMDI1LWNvcm8tbXVuaWNpcGlvLWdhbGEtb3BlcmEtMi1zY2FsZWQuanBnIiwic2xpZGVzaG93IjoiNDUzMzIyOCJ9\">\n\t\t\t\t\t<div class=\"e-gallery-image elementor-gallery-item__image\" data-thumbnail=\"https:\/\/www.cm-benavente.pt\/wp-content\/uploads\/2025\/11\/temporada-da-musica-2025-coro-municipio-gala-opera-2-1024x484.jpg\" data-width=\"800\" data-height=\"378\" aria-label=\"\" role=\"img\" ><\/div>\n\t\t\t\t\t\t\t\t\t\t\t<div class=\"elementor-gallery-item__overlay\"><\/div>\n\t\t\t\t\t\t\t\t\t\t\t\t\t\t<\/a>\n\t\t\t\t\t\t\t<a class=\"e-gallery-item elementor-gallery-item elementor-animated-content\" href=\"https:\/\/www.cm-benavente.pt\/wp-content\/uploads\/2025\/11\/temporada-da-musica-2025-coro-municipio-gala-opera-3-scaled.jpg\" data-elementor-open-lightbox=\"yes\" data-elementor-lightbox-slideshow=\"4533228\" data-elementor-lightbox-title=\"temporada da m\u00fasica 2025 coro munic\u00edpio gala \u00f3pera (3)\" data-e-action-hash=\"#elementor-action%3Aaction%3Dlightbox%26settings%3DeyJpZCI6ODAxMDUsInVybCI6Imh0dHBzOlwvXC93d3cuY20tYmVuYXZlbnRlLnB0XC93cC1jb250ZW50XC91cGxvYWRzXC8yMDI1XC8xMVwvdGVtcG9yYWRhLWRhLW11c2ljYS0yMDI1LWNvcm8tbXVuaWNpcGlvLWdhbGEtb3BlcmEtMy1zY2FsZWQuanBnIiwic2xpZGVzaG93IjoiNDUzMzIyOCJ9\">\n\t\t\t\t\t<div class=\"e-gallery-image elementor-gallery-item__image\" data-thumbnail=\"https:\/\/www.cm-benavente.pt\/wp-content\/uploads\/2025\/11\/temporada-da-musica-2025-coro-municipio-gala-opera-3-1024x623.jpg\" data-width=\"800\" data-height=\"487\" aria-label=\"\" role=\"img\" ><\/div>\n\t\t\t\t\t\t\t\t\t\t\t<div class=\"elementor-gallery-item__overlay\"><\/div>\n\t\t\t\t\t\t\t\t\t\t\t\t\t\t<\/a>\n\t\t\t\t\t\t\t<a class=\"e-gallery-item elementor-gallery-item elementor-animated-content\" href=\"https:\/\/www.cm-benavente.pt\/wp-content\/uploads\/2025\/11\/temporada-da-musica-2025-coro-municipio-gala-opera-4-scaled.jpg\" data-elementor-open-lightbox=\"yes\" data-elementor-lightbox-slideshow=\"4533228\" data-elementor-lightbox-title=\"temporada da m\u00fasica 2025 coro munic\u00edpio gala \u00f3pera (4)\" data-e-action-hash=\"#elementor-action%3Aaction%3Dlightbox%26settings%3DeyJpZCI6ODAxMDYsInVybCI6Imh0dHBzOlwvXC93d3cuY20tYmVuYXZlbnRlLnB0XC93cC1jb250ZW50XC91cGxvYWRzXC8yMDI1XC8xMVwvdGVtcG9yYWRhLWRhLW11c2ljYS0yMDI1LWNvcm8tbXVuaWNpcGlvLWdhbGEtb3BlcmEtNC1zY2FsZWQuanBnIiwic2xpZGVzaG93IjoiNDUzMzIyOCJ9\">\n\t\t\t\t\t<div class=\"e-gallery-image elementor-gallery-item__image\" data-thumbnail=\"https:\/\/www.cm-benavente.pt\/wp-content\/uploads\/2025\/11\/temporada-da-musica-2025-coro-municipio-gala-opera-4-1024x551.jpg\" data-width=\"800\" data-height=\"430\" aria-label=\"\" role=\"img\" ><\/div>\n\t\t\t\t\t\t\t\t\t\t\t<div class=\"elementor-gallery-item__overlay\"><\/div>\n\t\t\t\t\t\t\t\t\t\t\t\t\t\t<\/a>\n\t\t\t\t\t\t\t<a class=\"e-gallery-item elementor-gallery-item elementor-animated-content\" href=\"https:\/\/www.cm-benavente.pt\/wp-content\/uploads\/2025\/11\/temporada-da-musica-2025-coro-municipio-gala-opera-5-scaled.jpg\" data-elementor-open-lightbox=\"yes\" data-elementor-lightbox-slideshow=\"4533228\" data-elementor-lightbox-title=\"temporada da m\u00fasica 2025 coro munic\u00edpio gala \u00f3pera (5)\" data-e-action-hash=\"#elementor-action%3Aaction%3Dlightbox%26settings%3DeyJpZCI6ODAxMDcsInVybCI6Imh0dHBzOlwvXC93d3cuY20tYmVuYXZlbnRlLnB0XC93cC1jb250ZW50XC91cGxvYWRzXC8yMDI1XC8xMVwvdGVtcG9yYWRhLWRhLW11c2ljYS0yMDI1LWNvcm8tbXVuaWNpcGlvLWdhbGEtb3BlcmEtNS1zY2FsZWQuanBnIiwic2xpZGVzaG93IjoiNDUzMzIyOCJ9\">\n\t\t\t\t\t<div class=\"e-gallery-image elementor-gallery-item__image\" data-thumbnail=\"https:\/\/www.cm-benavente.pt\/wp-content\/uploads\/2025\/11\/temporada-da-musica-2025-coro-municipio-gala-opera-5-1024x595.jpg\" data-width=\"800\" data-height=\"465\" aria-label=\"\" role=\"img\" ><\/div>\n\t\t\t\t\t\t\t\t\t\t\t<div class=\"elementor-gallery-item__overlay\"><\/div>\n\t\t\t\t\t\t\t\t\t\t\t\t\t\t<\/a>\n\t\t\t\t\t\t\t<a class=\"e-gallery-item elementor-gallery-item elementor-animated-content\" href=\"https:\/\/www.cm-benavente.pt\/wp-content\/uploads\/2025\/11\/temporada-da-musica-2025-coro-municipio-gala-opera-6-scaled.jpg\" data-elementor-open-lightbox=\"yes\" data-elementor-lightbox-slideshow=\"4533228\" data-elementor-lightbox-title=\"temporada da m\u00fasica 2025 coro munic\u00edpio gala \u00f3pera (6)\" data-e-action-hash=\"#elementor-action%3Aaction%3Dlightbox%26settings%3DeyJpZCI6ODAxMDgsInVybCI6Imh0dHBzOlwvXC93d3cuY20tYmVuYXZlbnRlLnB0XC93cC1jb250ZW50XC91cGxvYWRzXC8yMDI1XC8xMVwvdGVtcG9yYWRhLWRhLW11c2ljYS0yMDI1LWNvcm8tbXVuaWNpcGlvLWdhbGEtb3BlcmEtNi1zY2FsZWQuanBnIiwic2xpZGVzaG93IjoiNDUzMzIyOCJ9\">\n\t\t\t\t\t<div class=\"e-gallery-image elementor-gallery-item__image\" data-thumbnail=\"https:\/\/www.cm-benavente.pt\/wp-content\/uploads\/2025\/11\/temporada-da-musica-2025-coro-municipio-gala-opera-6-1024x546.jpg\" data-width=\"800\" data-height=\"427\" aria-label=\"\" role=\"img\" ><\/div>\n\t\t\t\t\t\t\t\t\t\t\t<div class=\"elementor-gallery-item__overlay\"><\/div>\n\t\t\t\t\t\t\t\t\t\t\t\t\t\t<\/a>\n\t\t\t\t\t\t\t<a class=\"e-gallery-item elementor-gallery-item elementor-animated-content\" href=\"https:\/\/www.cm-benavente.pt\/wp-content\/uploads\/2025\/11\/temporada-da-musica-2025-coro-municipio-gala-opera-7-scaled.jpg\" data-elementor-open-lightbox=\"yes\" data-elementor-lightbox-slideshow=\"4533228\" data-elementor-lightbox-title=\"temporada da m\u00fasica 2025 coro munic\u00edpio gala \u00f3pera (7)\" data-e-action-hash=\"#elementor-action%3Aaction%3Dlightbox%26settings%3DeyJpZCI6ODAxMDksInVybCI6Imh0dHBzOlwvXC93d3cuY20tYmVuYXZlbnRlLnB0XC93cC1jb250ZW50XC91cGxvYWRzXC8yMDI1XC8xMVwvdGVtcG9yYWRhLWRhLW11c2ljYS0yMDI1LWNvcm8tbXVuaWNpcGlvLWdhbGEtb3BlcmEtNy1zY2FsZWQuanBnIiwic2xpZGVzaG93IjoiNDUzMzIyOCJ9\">\n\t\t\t\t\t<div class=\"e-gallery-image elementor-gallery-item__image\" data-thumbnail=\"https:\/\/www.cm-benavente.pt\/wp-content\/uploads\/2025\/11\/temporada-da-musica-2025-coro-municipio-gala-opera-7-1024x548.jpg\" data-width=\"800\" data-height=\"428\" aria-label=\"\" role=\"img\" ><\/div>\n\t\t\t\t\t\t\t\t\t\t\t<div class=\"elementor-gallery-item__overlay\"><\/div>\n\t\t\t\t\t\t\t\t\t\t\t\t\t\t<\/a>\n\t\t\t\t\t\t\t<a class=\"e-gallery-item elementor-gallery-item elementor-animated-content\" href=\"https:\/\/www.cm-benavente.pt\/wp-content\/uploads\/2025\/11\/temporada-da-musica-2025-coro-municipio-gala-opera-8-scaled.jpg\" data-elementor-open-lightbox=\"yes\" data-elementor-lightbox-slideshow=\"4533228\" data-elementor-lightbox-title=\"temporada da m\u00fasica 2025 coro munic\u00edpio gala \u00f3pera (8)\" data-e-action-hash=\"#elementor-action%3Aaction%3Dlightbox%26settings%3DeyJpZCI6ODAxMTAsInVybCI6Imh0dHBzOlwvXC93d3cuY20tYmVuYXZlbnRlLnB0XC93cC1jb250ZW50XC91cGxvYWRzXC8yMDI1XC8xMVwvdGVtcG9yYWRhLWRhLW11c2ljYS0yMDI1LWNvcm8tbXVuaWNpcGlvLWdhbGEtb3BlcmEtOC1zY2FsZWQuanBnIiwic2xpZGVzaG93IjoiNDUzMzIyOCJ9\">\n\t\t\t\t\t<div class=\"e-gallery-image elementor-gallery-item__image\" data-thumbnail=\"https:\/\/www.cm-benavente.pt\/wp-content\/uploads\/2025\/11\/temporada-da-musica-2025-coro-municipio-gala-opera-8-1024x576.jpg\" data-width=\"800\" data-height=\"450\" aria-label=\"\" role=\"img\" ><\/div>\n\t\t\t\t\t\t\t\t\t\t\t<div class=\"elementor-gallery-item__overlay\"><\/div>\n\t\t\t\t\t\t\t\t\t\t\t\t\t\t<\/a>\n\t\t\t\t\t\t\t<a class=\"e-gallery-item elementor-gallery-item elementor-animated-content\" href=\"https:\/\/www.cm-benavente.pt\/wp-content\/uploads\/2025\/11\/temporada-da-musica-2025-coro-municipio-gala-opera-9-scaled.jpg\" data-elementor-open-lightbox=\"yes\" data-elementor-lightbox-slideshow=\"4533228\" data-elementor-lightbox-title=\"temporada da m\u00fasica 2025 coro munic\u00edpio gala \u00f3pera (9)\" data-e-action-hash=\"#elementor-action%3Aaction%3Dlightbox%26settings%3DeyJpZCI6ODAxMTEsInVybCI6Imh0dHBzOlwvXC93d3cuY20tYmVuYXZlbnRlLnB0XC93cC1jb250ZW50XC91cGxvYWRzXC8yMDI1XC8xMVwvdGVtcG9yYWRhLWRhLW11c2ljYS0yMDI1LWNvcm8tbXVuaWNpcGlvLWdhbGEtb3BlcmEtOS1zY2FsZWQuanBnIiwic2xpZGVzaG93IjoiNDUzMzIyOCJ9\">\n\t\t\t\t\t<div class=\"e-gallery-image elementor-gallery-item__image\" data-thumbnail=\"https:\/\/www.cm-benavente.pt\/wp-content\/uploads\/2025\/11\/temporada-da-musica-2025-coro-municipio-gala-opera-9-1024x562.jpg\" data-width=\"800\" data-height=\"439\" aria-label=\"\" role=\"img\" ><\/div>\n\t\t\t\t\t\t\t\t\t\t\t<div class=\"elementor-gallery-item__overlay\"><\/div>\n\t\t\t\t\t\t\t\t\t\t\t\t\t\t<\/a>\n\t\t\t\t\t\t\t<a class=\"e-gallery-item elementor-gallery-item elementor-animated-content\" href=\"https:\/\/www.cm-benavente.pt\/wp-content\/uploads\/2025\/11\/temporada-da-musica-2025-coro-municipio-gala-opera-10-scaled.jpg\" data-elementor-open-lightbox=\"yes\" data-elementor-lightbox-slideshow=\"4533228\" data-elementor-lightbox-title=\"temporada da m\u00fasica 2025 coro munic\u00edpio gala \u00f3pera (10)\" data-e-action-hash=\"#elementor-action%3Aaction%3Dlightbox%26settings%3DeyJpZCI6ODAxMTIsInVybCI6Imh0dHBzOlwvXC93d3cuY20tYmVuYXZlbnRlLnB0XC93cC1jb250ZW50XC91cGxvYWRzXC8yMDI1XC8xMVwvdGVtcG9yYWRhLWRhLW11c2ljYS0yMDI1LWNvcm8tbXVuaWNpcGlvLWdhbGEtb3BlcmEtMTAtc2NhbGVkLmpwZyIsInNsaWRlc2hvdyI6IjQ1MzMyMjgifQ%3D%3D\">\n\t\t\t\t\t<div class=\"e-gallery-image elementor-gallery-item__image\" data-thumbnail=\"https:\/\/www.cm-benavente.pt\/wp-content\/uploads\/2025\/11\/temporada-da-musica-2025-coro-municipio-gala-opera-10-1024x526.jpg\" data-width=\"800\" data-height=\"411\" aria-label=\"\" role=\"img\" ><\/div>\n\t\t\t\t\t\t\t\t\t\t\t<div class=\"elementor-gallery-item__overlay\"><\/div>\n\t\t\t\t\t\t\t\t\t\t\t\t\t\t<\/a>\n\t\t\t\t\t\t\t<a class=\"e-gallery-item elementor-gallery-item elementor-animated-content\" href=\"https:\/\/www.cm-benavente.pt\/wp-content\/uploads\/2025\/11\/temporada-da-musica-2025-coro-municipio-gala-opera-11-scaled.jpg\" data-elementor-open-lightbox=\"yes\" data-elementor-lightbox-slideshow=\"4533228\" data-elementor-lightbox-title=\"temporada da m\u00fasica 2025 coro munic\u00edpio gala \u00f3pera (11)\" data-e-action-hash=\"#elementor-action%3Aaction%3Dlightbox%26settings%3DeyJpZCI6ODAxMTMsInVybCI6Imh0dHBzOlwvXC93d3cuY20tYmVuYXZlbnRlLnB0XC93cC1jb250ZW50XC91cGxvYWRzXC8yMDI1XC8xMVwvdGVtcG9yYWRhLWRhLW11c2ljYS0yMDI1LWNvcm8tbXVuaWNpcGlvLWdhbGEtb3BlcmEtMTEtc2NhbGVkLmpwZyIsInNsaWRlc2hvdyI6IjQ1MzMyMjgifQ%3D%3D\">\n\t\t\t\t\t<div class=\"e-gallery-image elementor-gallery-item__image\" data-thumbnail=\"https:\/\/www.cm-benavente.pt\/wp-content\/uploads\/2025\/11\/temporada-da-musica-2025-coro-municipio-gala-opera-11-1024x585.jpg\" data-width=\"800\" data-height=\"457\" aria-label=\"\" role=\"img\" ><\/div>\n\t\t\t\t\t\t\t\t\t\t\t<div class=\"elementor-gallery-item__overlay\"><\/div>\n\t\t\t\t\t\t\t\t\t\t\t\t\t\t<\/a>\n\t\t\t\t\t\t\t<a class=\"e-gallery-item elementor-gallery-item elementor-animated-content\" href=\"https:\/\/www.cm-benavente.pt\/wp-content\/uploads\/2025\/11\/temporada-da-musica-2025-coro-municipio-gala-opera-12-scaled.jpg\" data-elementor-open-lightbox=\"yes\" data-elementor-lightbox-slideshow=\"4533228\" data-elementor-lightbox-title=\"temporada da m\u00fasica 2025 coro munic\u00edpio gala \u00f3pera (12)\" data-e-action-hash=\"#elementor-action%3Aaction%3Dlightbox%26settings%3DeyJpZCI6ODAxMTQsInVybCI6Imh0dHBzOlwvXC93d3cuY20tYmVuYXZlbnRlLnB0XC93cC1jb250ZW50XC91cGxvYWRzXC8yMDI1XC8xMVwvdGVtcG9yYWRhLWRhLW11c2ljYS0yMDI1LWNvcm8tbXVuaWNpcGlvLWdhbGEtb3BlcmEtMTItc2NhbGVkLmpwZyIsInNsaWRlc2hvdyI6IjQ1MzMyMjgifQ%3D%3D\">\n\t\t\t\t\t<div class=\"e-gallery-image elementor-gallery-item__image\" data-thumbnail=\"https:\/\/www.cm-benavente.pt\/wp-content\/uploads\/2025\/11\/temporada-da-musica-2025-coro-municipio-gala-opera-12-1024x489.jpg\" data-width=\"800\" data-height=\"382\" aria-label=\"\" role=\"img\" ><\/div>\n\t\t\t\t\t\t\t\t\t\t\t<div class=\"elementor-gallery-item__overlay\"><\/div>\n\t\t\t\t\t\t\t\t\t\t\t\t\t\t<\/a>\n\t\t\t\t\t\t\t<a class=\"e-gallery-item elementor-gallery-item elementor-animated-content\" href=\"https:\/\/www.cm-benavente.pt\/wp-content\/uploads\/2025\/11\/temporada-da-musica-2025-coro-municipio-gala-opera-13-scaled.jpg\" data-elementor-open-lightbox=\"yes\" data-elementor-lightbox-slideshow=\"4533228\" data-elementor-lightbox-title=\"temporada da m\u00fasica 2025 coro munic\u00edpio gala \u00f3pera (13)\" data-e-action-hash=\"#elementor-action%3Aaction%3Dlightbox%26settings%3DeyJpZCI6ODAxMTUsInVybCI6Imh0dHBzOlwvXC93d3cuY20tYmVuYXZlbnRlLnB0XC93cC1jb250ZW50XC91cGxvYWRzXC8yMDI1XC8xMVwvdGVtcG9yYWRhLWRhLW11c2ljYS0yMDI1LWNvcm8tbXVuaWNpcGlvLWdhbGEtb3BlcmEtMTMtc2NhbGVkLmpwZyIsInNsaWRlc2hvdyI6IjQ1MzMyMjgifQ%3D%3D\">\n\t\t\t\t\t<div class=\"e-gallery-image elementor-gallery-item__image\" data-thumbnail=\"https:\/\/www.cm-benavente.pt\/wp-content\/uploads\/2025\/11\/temporada-da-musica-2025-coro-municipio-gala-opera-13-1024x477.jpg\" data-width=\"800\" data-height=\"373\" aria-label=\"\" role=\"img\" ><\/div>\n\t\t\t\t\t\t\t\t\t\t\t<div class=\"elementor-gallery-item__overlay\"><\/div>\n\t\t\t\t\t\t\t\t\t\t\t\t\t\t<\/a>\n\t\t\t\t\t\t\t<a class=\"e-gallery-item elementor-gallery-item elementor-animated-content\" href=\"https:\/\/www.cm-benavente.pt\/wp-content\/uploads\/2025\/11\/temporada-da-musica-2025-coro-municipio-gala-opera-14-scaled.jpg\" data-elementor-open-lightbox=\"yes\" data-elementor-lightbox-slideshow=\"4533228\" data-elementor-lightbox-title=\"temporada da m\u00fasica 2025 coro munic\u00edpio gala \u00f3pera (14)\" data-e-action-hash=\"#elementor-action%3Aaction%3Dlightbox%26settings%3DeyJpZCI6ODAxMTYsInVybCI6Imh0dHBzOlwvXC93d3cuY20tYmVuYXZlbnRlLnB0XC93cC1jb250ZW50XC91cGxvYWRzXC8yMDI1XC8xMVwvdGVtcG9yYWRhLWRhLW11c2ljYS0yMDI1LWNvcm8tbXVuaWNpcGlvLWdhbGEtb3BlcmEtMTQtc2NhbGVkLmpwZyIsInNsaWRlc2hvdyI6IjQ1MzMyMjgifQ%3D%3D\">\n\t\t\t\t\t<div class=\"e-gallery-image elementor-gallery-item__image\" data-thumbnail=\"https:\/\/www.cm-benavente.pt\/wp-content\/uploads\/2025\/11\/temporada-da-musica-2025-coro-municipio-gala-opera-14-1024x583.jpg\" data-width=\"800\" data-height=\"455\" aria-label=\"\" role=\"img\" ><\/div>\n\t\t\t\t\t\t\t\t\t\t\t<div class=\"elementor-gallery-item__overlay\"><\/div>\n\t\t\t\t\t\t\t\t\t\t\t\t\t\t<\/a>\n\t\t\t\t\t\t\t<a class=\"e-gallery-item elementor-gallery-item elementor-animated-content\" href=\"https:\/\/www.cm-benavente.pt\/wp-content\/uploads\/2025\/11\/temporada-da-musica-2025-coro-municipio-gala-opera-15-scaled.jpg\" data-elementor-open-lightbox=\"yes\" data-elementor-lightbox-slideshow=\"4533228\" data-elementor-lightbox-title=\"temporada da m\u00fasica 2025 coro munic\u00edpio gala \u00f3pera (15)\" data-e-action-hash=\"#elementor-action%3Aaction%3Dlightbox%26settings%3DeyJpZCI6ODAxMTcsInVybCI6Imh0dHBzOlwvXC93d3cuY20tYmVuYXZlbnRlLnB0XC93cC1jb250ZW50XC91cGxvYWRzXC8yMDI1XC8xMVwvdGVtcG9yYWRhLWRhLW11c2ljYS0yMDI1LWNvcm8tbXVuaWNpcGlvLWdhbGEtb3BlcmEtMTUtc2NhbGVkLmpwZyIsInNsaWRlc2hvdyI6IjQ1MzMyMjgifQ%3D%3D\">\n\t\t\t\t\t<div class=\"e-gallery-image elementor-gallery-item__image\" data-thumbnail=\"https:\/\/www.cm-benavente.pt\/wp-content\/uploads\/2025\/11\/temporada-da-musica-2025-coro-municipio-gala-opera-15-1024x539.jpg\" data-width=\"800\" data-height=\"421\" aria-label=\"\" role=\"img\" ><\/div>\n\t\t\t\t\t\t\t\t\t\t\t<div class=\"elementor-gallery-item__overlay\"><\/div>\n\t\t\t\t\t\t\t\t\t\t\t\t\t\t<\/a>\n\t\t\t\t\t\t\t<a class=\"e-gallery-item elementor-gallery-item elementor-animated-content\" href=\"https:\/\/www.cm-benavente.pt\/wp-content\/uploads\/2025\/11\/temporada-da-musica-2025-coro-municipio-gala-opera-16-scaled.jpg\" data-elementor-open-lightbox=\"yes\" data-elementor-lightbox-slideshow=\"4533228\" data-elementor-lightbox-title=\"temporada da m\u00fasica 2025 coro munic\u00edpio gala \u00f3pera (16)\" data-e-action-hash=\"#elementor-action%3Aaction%3Dlightbox%26settings%3DeyJpZCI6ODAxMTgsInVybCI6Imh0dHBzOlwvXC93d3cuY20tYmVuYXZlbnRlLnB0XC93cC1jb250ZW50XC91cGxvYWRzXC8yMDI1XC8xMVwvdGVtcG9yYWRhLWRhLW11c2ljYS0yMDI1LWNvcm8tbXVuaWNpcGlvLWdhbGEtb3BlcmEtMTYtc2NhbGVkLmpwZyIsInNsaWRlc2hvdyI6IjQ1MzMyMjgifQ%3D%3D\">\n\t\t\t\t\t<div class=\"e-gallery-image elementor-gallery-item__image\" data-thumbnail=\"https:\/\/www.cm-benavente.pt\/wp-content\/uploads\/2025\/11\/temporada-da-musica-2025-coro-municipio-gala-opera-16-1024x539.jpg\" data-width=\"800\" data-height=\"421\" aria-label=\"\" role=\"img\" ><\/div>\n\t\t\t\t\t\t\t\t\t\t\t<div class=\"elementor-gallery-item__overlay\"><\/div>\n\t\t\t\t\t\t\t\t\t\t\t\t\t\t<\/a>\n\t\t\t\t\t\t\t<a class=\"e-gallery-item elementor-gallery-item elementor-animated-content\" href=\"https:\/\/www.cm-benavente.pt\/wp-content\/uploads\/2025\/11\/temporada-da-musica-2025-coro-municipio-gala-opera-17-scaled.jpg\" data-elementor-open-lightbox=\"yes\" data-elementor-lightbox-slideshow=\"4533228\" data-elementor-lightbox-title=\"temporada da m\u00fasica 2025 coro munic\u00edpio gala \u00f3pera (17)\" data-e-action-hash=\"#elementor-action%3Aaction%3Dlightbox%26settings%3DeyJpZCI6ODAxMTksInVybCI6Imh0dHBzOlwvXC93d3cuY20tYmVuYXZlbnRlLnB0XC93cC1jb250ZW50XC91cGxvYWRzXC8yMDI1XC8xMVwvdGVtcG9yYWRhLWRhLW11c2ljYS0yMDI1LWNvcm8tbXVuaWNpcGlvLWdhbGEtb3BlcmEtMTctc2NhbGVkLmpwZyIsInNsaWRlc2hvdyI6IjQ1MzMyMjgifQ%3D%3D\">\n\t\t\t\t\t<div class=\"e-gallery-image elementor-gallery-item__image\" data-thumbnail=\"https:\/\/www.cm-benavente.pt\/wp-content\/uploads\/2025\/11\/temporada-da-musica-2025-coro-municipio-gala-opera-17-1024x615.jpg\" data-width=\"800\" data-height=\"480\" aria-label=\"\" role=\"img\" ><\/div>\n\t\t\t\t\t\t\t\t\t\t\t<div class=\"elementor-gallery-item__overlay\"><\/div>\n\t\t\t\t\t\t\t\t\t\t\t\t\t\t<\/a>\n\t\t\t\t\t\t\t<a class=\"e-gallery-item elementor-gallery-item elementor-animated-content\" href=\"https:\/\/www.cm-benavente.pt\/wp-content\/uploads\/2025\/11\/temporada-da-musica-2025-coro-municipio-gala-opera-18-scaled.jpg\" data-elementor-open-lightbox=\"yes\" data-elementor-lightbox-slideshow=\"4533228\" data-elementor-lightbox-title=\"temporada da m\u00fasica 2025 coro munic\u00edpio gala \u00f3pera (18)\" data-e-action-hash=\"#elementor-action%3Aaction%3Dlightbox%26settings%3DeyJpZCI6ODAxMjAsInVybCI6Imh0dHBzOlwvXC93d3cuY20tYmVuYXZlbnRlLnB0XC93cC1jb250ZW50XC91cGxvYWRzXC8yMDI1XC8xMVwvdGVtcG9yYWRhLWRhLW11c2ljYS0yMDI1LWNvcm8tbXVuaWNpcGlvLWdhbGEtb3BlcmEtMTgtc2NhbGVkLmpwZyIsInNsaWRlc2hvdyI6IjQ1MzMyMjgifQ%3D%3D\">\n\t\t\t\t\t<div class=\"e-gallery-image elementor-gallery-item__image\" data-thumbnail=\"https:\/\/www.cm-benavente.pt\/wp-content\/uploads\/2025\/11\/temporada-da-musica-2025-coro-municipio-gala-opera-18-1024x675.jpg\" data-width=\"800\" data-height=\"527\" aria-label=\"\" role=\"img\" ><\/div>\n\t\t\t\t\t\t\t\t\t\t\t<div class=\"elementor-gallery-item__overlay\"><\/div>\n\t\t\t\t\t\t\t\t\t\t\t\t\t\t<\/a>\n\t\t\t\t\t\t\t<a class=\"e-gallery-item elementor-gallery-item elementor-animated-content\" href=\"https:\/\/www.cm-benavente.pt\/wp-content\/uploads\/2025\/11\/temporada-da-musica-2025-coro-municipio-gala-opera-19-scaled.jpg\" data-elementor-open-lightbox=\"yes\" data-elementor-lightbox-slideshow=\"4533228\" data-elementor-lightbox-title=\"temporada da m\u00fasica 2025 coro munic\u00edpio gala \u00f3pera (19)\" data-e-action-hash=\"#elementor-action%3Aaction%3Dlightbox%26settings%3DeyJpZCI6ODAxMjEsInVybCI6Imh0dHBzOlwvXC93d3cuY20tYmVuYXZlbnRlLnB0XC93cC1jb250ZW50XC91cGxvYWRzXC8yMDI1XC8xMVwvdGVtcG9yYWRhLWRhLW11c2ljYS0yMDI1LWNvcm8tbXVuaWNpcGlvLWdhbGEtb3BlcmEtMTktc2NhbGVkLmpwZyIsInNsaWRlc2hvdyI6IjQ1MzMyMjgifQ%3D%3D\">\n\t\t\t\t\t<div class=\"e-gallery-image elementor-gallery-item__image\" data-thumbnail=\"https:\/\/www.cm-benavente.pt\/wp-content\/uploads\/2025\/11\/temporada-da-musica-2025-coro-municipio-gala-opera-19-1024x542.jpg\" data-width=\"800\" data-height=\"423\" aria-label=\"\" role=\"img\" ><\/div>\n\t\t\t\t\t\t\t\t\t\t\t<div class=\"elementor-gallery-item__overlay\"><\/div>\n\t\t\t\t\t\t\t\t\t\t\t\t\t\t<\/a>\n\t\t\t\t\t\t\t<a class=\"e-gallery-item elementor-gallery-item elementor-animated-content\" href=\"https:\/\/www.cm-benavente.pt\/wp-content\/uploads\/2025\/11\/temporada-da-musica-2025-coro-municipio-gala-opera-20-scaled.jpg\" data-elementor-open-lightbox=\"yes\" data-elementor-lightbox-slideshow=\"4533228\" data-elementor-lightbox-title=\"temporada da m\u00fasica 2025 coro munic\u00edpio gala \u00f3pera (20)\" data-e-action-hash=\"#elementor-action%3Aaction%3Dlightbox%26settings%3DeyJpZCI6ODAxMjIsInVybCI6Imh0dHBzOlwvXC93d3cuY20tYmVuYXZlbnRlLnB0XC93cC1jb250ZW50XC91cGxvYWRzXC8yMDI1XC8xMVwvdGVtcG9yYWRhLWRhLW11c2ljYS0yMDI1LWNvcm8tbXVuaWNpcGlvLWdhbGEtb3BlcmEtMjAtc2NhbGVkLmpwZyIsInNsaWRlc2hvdyI6IjQ1MzMyMjgifQ%3D%3D\">\n\t\t\t\t\t<div class=\"e-gallery-image elementor-gallery-item__image\" data-thumbnail=\"https:\/\/www.cm-benavente.pt\/wp-content\/uploads\/2025\/11\/temporada-da-musica-2025-coro-municipio-gala-opera-20-1024x584.jpg\" data-width=\"800\" data-height=\"456\" aria-label=\"\" role=\"img\" ><\/div>\n\t\t\t\t\t\t\t\t\t\t\t<div class=\"elementor-gallery-item__overlay\"><\/div>\n\t\t\t\t\t\t\t\t\t\t\t\t\t\t<\/a>\n\t\t\t\t\t\t\t<a class=\"e-gallery-item elementor-gallery-item elementor-animated-content\" href=\"https:\/\/www.cm-benavente.pt\/wp-content\/uploads\/2025\/11\/temporada-da-musica-2025-coro-municipio-gala-opera-21-scaled.jpg\" data-elementor-open-lightbox=\"yes\" data-elementor-lightbox-slideshow=\"4533228\" data-elementor-lightbox-title=\"temporada da m\u00fasica 2025 coro munic\u00edpio gala \u00f3pera (21)\" data-e-action-hash=\"#elementor-action%3Aaction%3Dlightbox%26settings%3DeyJpZCI6ODAxMjMsInVybCI6Imh0dHBzOlwvXC93d3cuY20tYmVuYXZlbnRlLnB0XC93cC1jb250ZW50XC91cGxvYWRzXC8yMDI1XC8xMVwvdGVtcG9yYWRhLWRhLW11c2ljYS0yMDI1LWNvcm8tbXVuaWNpcGlvLWdhbGEtb3BlcmEtMjEtc2NhbGVkLmpwZyIsInNsaWRlc2hvdyI6IjQ1MzMyMjgifQ%3D%3D\">\n\t\t\t\t\t<div class=\"e-gallery-image elementor-gallery-item__image\" data-thumbnail=\"https:\/\/www.cm-benavente.pt\/wp-content\/uploads\/2025\/11\/temporada-da-musica-2025-coro-municipio-gala-opera-21-1024x629.jpg\" data-width=\"800\" data-height=\"491\" aria-label=\"\" role=\"img\" ><\/div>\n\t\t\t\t\t\t\t\t\t\t\t<div class=\"elementor-gallery-item__overlay\"><\/div>\n\t\t\t\t\t\t\t\t\t\t\t\t\t\t<\/a>\n\t\t\t\t\t\t\t<a class=\"e-gallery-item elementor-gallery-item elementor-animated-content\" href=\"https:\/\/www.cm-benavente.pt\/wp-content\/uploads\/2025\/11\/temporada-da-musica-2025-coro-municipio-gala-opera-22-scaled.jpg\" data-elementor-open-lightbox=\"yes\" data-elementor-lightbox-slideshow=\"4533228\" data-elementor-lightbox-title=\"temporada da m\u00fasica 2025 coro munic\u00edpio gala \u00f3pera (22)\" data-e-action-hash=\"#elementor-action%3Aaction%3Dlightbox%26settings%3DeyJpZCI6ODAxMjQsInVybCI6Imh0dHBzOlwvXC93d3cuY20tYmVuYXZlbnRlLnB0XC93cC1jb250ZW50XC91cGxvYWRzXC8yMDI1XC8xMVwvdGVtcG9yYWRhLWRhLW11c2ljYS0yMDI1LWNvcm8tbXVuaWNpcGlvLWdhbGEtb3BlcmEtMjItc2NhbGVkLmpwZyIsInNsaWRlc2hvdyI6IjQ1MzMyMjgifQ%3D%3D\">\n\t\t\t\t\t<div class=\"e-gallery-image elementor-gallery-item__image\" data-thumbnail=\"https:\/\/www.cm-benavente.pt\/wp-content\/uploads\/2025\/11\/temporada-da-musica-2025-coro-municipio-gala-opera-22-1024x503.jpg\" data-width=\"800\" data-height=\"393\" aria-label=\"\" role=\"img\" ><\/div>\n\t\t\t\t\t\t\t\t\t\t\t<div class=\"elementor-gallery-item__overlay\"><\/div>\n\t\t\t\t\t\t\t\t\t\t\t\t\t\t<\/a>\n\t\t\t\t\t\t\t<a class=\"e-gallery-item elementor-gallery-item elementor-animated-content\" href=\"https:\/\/www.cm-benavente.pt\/wp-content\/uploads\/2025\/11\/temporada-da-musica-2025-coro-municipio-gala-opera-23-scaled.jpg\" data-elementor-open-lightbox=\"yes\" data-elementor-lightbox-slideshow=\"4533228\" data-elementor-lightbox-title=\"temporada da m\u00fasica 2025 coro munic\u00edpio gala \u00f3pera (23)\" data-e-action-hash=\"#elementor-action%3Aaction%3Dlightbox%26settings%3DeyJpZCI6ODAxMjUsInVybCI6Imh0dHBzOlwvXC93d3cuY20tYmVuYXZlbnRlLnB0XC93cC1jb250ZW50XC91cGxvYWRzXC8yMDI1XC8xMVwvdGVtcG9yYWRhLWRhLW11c2ljYS0yMDI1LWNvcm8tbXVuaWNpcGlvLWdhbGEtb3BlcmEtMjMtc2NhbGVkLmpwZyIsInNsaWRlc2hvdyI6IjQ1MzMyMjgifQ%3D%3D\">\n\t\t\t\t\t<div class=\"e-gallery-image elementor-gallery-item__image\" data-thumbnail=\"https:\/\/www.cm-benavente.pt\/wp-content\/uploads\/2025\/11\/temporada-da-musica-2025-coro-municipio-gala-opera-23-1024x415.jpg\" data-width=\"800\" data-height=\"324\" aria-label=\"\" role=\"img\" ><\/div>\n\t\t\t\t\t\t\t\t\t\t\t<div class=\"elementor-gallery-item__overlay\"><\/div>\n\t\t\t\t\t\t\t\t\t\t\t\t\t\t<\/a>\n\t\t\t\t\t\t\t<a class=\"e-gallery-item elementor-gallery-item elementor-animated-content\" href=\"https:\/\/www.cm-benavente.pt\/wp-content\/uploads\/2025\/11\/temporada-da-musica-2025-coro-municipio-gala-opera-24-scaled.jpg\" data-elementor-open-lightbox=\"yes\" data-elementor-lightbox-slideshow=\"4533228\" data-elementor-lightbox-title=\"temporada da m\u00fasica 2025 coro munic\u00edpio gala \u00f3pera (24)\" data-e-action-hash=\"#elementor-action%3Aaction%3Dlightbox%26settings%3DeyJpZCI6ODAxMjYsInVybCI6Imh0dHBzOlwvXC93d3cuY20tYmVuYXZlbnRlLnB0XC93cC1jb250ZW50XC91cGxvYWRzXC8yMDI1XC8xMVwvdGVtcG9yYWRhLWRhLW11c2ljYS0yMDI1LWNvcm8tbXVuaWNpcGlvLWdhbGEtb3BlcmEtMjQtc2NhbGVkLmpwZyIsInNsaWRlc2hvdyI6IjQ1MzMyMjgifQ%3D%3D\">\n\t\t\t\t\t<div class=\"e-gallery-image elementor-gallery-item__image\" data-thumbnail=\"https:\/\/www.cm-benavente.pt\/wp-content\/uploads\/2025\/11\/temporada-da-musica-2025-coro-municipio-gala-opera-24-1024x575.jpg\" data-width=\"800\" data-height=\"449\" aria-label=\"\" role=\"img\" ><\/div>\n\t\t\t\t\t\t\t\t\t\t\t<div class=\"elementor-gallery-item__overlay\"><\/div>\n\t\t\t\t\t\t\t\t\t\t\t\t\t\t<\/a>\n\t\t\t\t\t\t\t<a class=\"e-gallery-item elementor-gallery-item elementor-animated-content\" href=\"https:\/\/www.cm-benavente.pt\/wp-content\/uploads\/2025\/11\/temporada-da-musica-2025-coro-municipio-gala-opera-25-scaled.jpg\" data-elementor-open-lightbox=\"yes\" data-elementor-lightbox-slideshow=\"4533228\" data-elementor-lightbox-title=\"temporada da m\u00fasica 2025 coro munic\u00edpio gala \u00f3pera (25)\" data-e-action-hash=\"#elementor-action%3Aaction%3Dlightbox%26settings%3DeyJpZCI6ODAxMjcsInVybCI6Imh0dHBzOlwvXC93d3cuY20tYmVuYXZlbnRlLnB0XC93cC1jb250ZW50XC91cGxvYWRzXC8yMDI1XC8xMVwvdGVtcG9yYWRhLWRhLW11c2ljYS0yMDI1LWNvcm8tbXVuaWNpcGlvLWdhbGEtb3BlcmEtMjUtc2NhbGVkLmpwZyIsInNsaWRlc2hvdyI6IjQ1MzMyMjgifQ%3D%3D\">\n\t\t\t\t\t<div class=\"e-gallery-image elementor-gallery-item__image\" data-thumbnail=\"https:\/\/www.cm-benavente.pt\/wp-content\/uploads\/2025\/11\/temporada-da-musica-2025-coro-municipio-gala-opera-25-1024x598.jpg\" data-width=\"800\" data-height=\"467\" aria-label=\"\" role=\"img\" ><\/div>\n\t\t\t\t\t\t\t\t\t\t\t<div class=\"elementor-gallery-item__overlay\"><\/div>\n\t\t\t\t\t\t\t\t\t\t\t\t\t\t<\/a>\n\t\t\t\t\t\t\t<a class=\"e-gallery-item elementor-gallery-item elementor-animated-content\" href=\"https:\/\/www.cm-benavente.pt\/wp-content\/uploads\/2025\/11\/temporada-da-musica-2025-coro-municipio-gala-opera-26-scaled.jpg\" data-elementor-open-lightbox=\"yes\" data-elementor-lightbox-slideshow=\"4533228\" data-elementor-lightbox-title=\"temporada da m\u00fasica 2025 coro munic\u00edpio gala \u00f3pera (26)\" data-e-action-hash=\"#elementor-action%3Aaction%3Dlightbox%26settings%3DeyJpZCI6ODAxMjgsInVybCI6Imh0dHBzOlwvXC93d3cuY20tYmVuYXZlbnRlLnB0XC93cC1jb250ZW50XC91cGxvYWRzXC8yMDI1XC8xMVwvdGVtcG9yYWRhLWRhLW11c2ljYS0yMDI1LWNvcm8tbXVuaWNpcGlvLWdhbGEtb3BlcmEtMjYtc2NhbGVkLmpwZyIsInNsaWRlc2hvdyI6IjQ1MzMyMjgifQ%3D%3D\">\n\t\t\t\t\t<div class=\"e-gallery-image elementor-gallery-item__image\" data-thumbnail=\"https:\/\/www.cm-benavente.pt\/wp-content\/uploads\/2025\/11\/temporada-da-musica-2025-coro-municipio-gala-opera-26-1024x551.jpg\" data-width=\"800\" data-height=\"430\" aria-label=\"\" role=\"img\" ><\/div>\n\t\t\t\t\t\t\t\t\t\t\t<div class=\"elementor-gallery-item__overlay\"><\/div>\n\t\t\t\t\t\t\t\t\t\t\t\t\t\t<\/a>\n\t\t\t\t\t\t\t<a class=\"e-gallery-item elementor-gallery-item elementor-animated-content\" href=\"https:\/\/www.cm-benavente.pt\/wp-content\/uploads\/2025\/11\/temporada-da-musica-2025-coro-municipio-gala-opera-27-scaled.jpg\" data-elementor-open-lightbox=\"yes\" data-elementor-lightbox-slideshow=\"4533228\" data-elementor-lightbox-title=\"temporada da m\u00fasica 2025 coro munic\u00edpio gala \u00f3pera (27)\" data-e-action-hash=\"#elementor-action%3Aaction%3Dlightbox%26settings%3DeyJpZCI6ODAxMjksInVybCI6Imh0dHBzOlwvXC93d3cuY20tYmVuYXZlbnRlLnB0XC93cC1jb250ZW50XC91cGxvYWRzXC8yMDI1XC8xMVwvdGVtcG9yYWRhLWRhLW11c2ljYS0yMDI1LWNvcm8tbXVuaWNpcGlvLWdhbGEtb3BlcmEtMjctc2NhbGVkLmpwZyIsInNsaWRlc2hvdyI6IjQ1MzMyMjgifQ%3D%3D\">\n\t\t\t\t\t<div class=\"e-gallery-image elementor-gallery-item__image\" data-thumbnail=\"https:\/\/www.cm-benavente.pt\/wp-content\/uploads\/2025\/11\/temporada-da-musica-2025-coro-municipio-gala-opera-27-1024x599.jpg\" data-width=\"800\" data-height=\"468\" aria-label=\"\" role=\"img\" ><\/div>\n\t\t\t\t\t\t\t\t\t\t\t<div class=\"elementor-gallery-item__overlay\"><\/div>\n\t\t\t\t\t\t\t\t\t\t\t\t\t\t<\/a>\n\t\t\t\t\t\t\t<a class=\"e-gallery-item elementor-gallery-item elementor-animated-content\" href=\"https:\/\/www.cm-benavente.pt\/wp-content\/uploads\/2025\/11\/temporada-da-musica-2025-coro-municipio-gala-opera-28-scaled.jpg\" data-elementor-open-lightbox=\"yes\" data-elementor-lightbox-slideshow=\"4533228\" data-elementor-lightbox-title=\"temporada da m\u00fasica 2025 coro munic\u00edpio gala \u00f3pera (28)\" data-e-action-hash=\"#elementor-action%3Aaction%3Dlightbox%26settings%3DeyJpZCI6ODAxMzAsInVybCI6Imh0dHBzOlwvXC93d3cuY20tYmVuYXZlbnRlLnB0XC93cC1jb250ZW50XC91cGxvYWRzXC8yMDI1XC8xMVwvdGVtcG9yYWRhLWRhLW11c2ljYS0yMDI1LWNvcm8tbXVuaWNpcGlvLWdhbGEtb3BlcmEtMjgtc2NhbGVkLmpwZyIsInNsaWRlc2hvdyI6IjQ1MzMyMjgifQ%3D%3D\">\n\t\t\t\t\t<div class=\"e-gallery-image elementor-gallery-item__image\" data-thumbnail=\"https:\/\/www.cm-benavente.pt\/wp-content\/uploads\/2025\/11\/temporada-da-musica-2025-coro-municipio-gala-opera-28-1024x523.jpg\" data-width=\"800\" data-height=\"409\" aria-label=\"\" role=\"img\" ><\/div>\n\t\t\t\t\t\t\t\t\t\t\t<div class=\"elementor-gallery-item__overlay\"><\/div>\n\t\t\t\t\t\t\t\t\t\t\t\t\t\t<\/a>\n\t\t\t\t\t\t\t<a class=\"e-gallery-item elementor-gallery-item elementor-animated-content\" href=\"https:\/\/www.cm-benavente.pt\/wp-content\/uploads\/2025\/11\/temporada-da-musica-2025-coro-municipio-gala-opera-29-scaled.jpg\" data-elementor-open-lightbox=\"yes\" data-elementor-lightbox-slideshow=\"4533228\" data-elementor-lightbox-title=\"temporada da m\u00fasica 2025 coro munic\u00edpio gala \u00f3pera (29)\" data-e-action-hash=\"#elementor-action%3Aaction%3Dlightbox%26settings%3DeyJpZCI6ODAxMzEsInVybCI6Imh0dHBzOlwvXC93d3cuY20tYmVuYXZlbnRlLnB0XC93cC1jb250ZW50XC91cGxvYWRzXC8yMDI1XC8xMVwvdGVtcG9yYWRhLWRhLW11c2ljYS0yMDI1LWNvcm8tbXVuaWNpcGlvLWdhbGEtb3BlcmEtMjktc2NhbGVkLmpwZyIsInNsaWRlc2hvdyI6IjQ1MzMyMjgifQ%3D%3D\">\n\t\t\t\t\t<div class=\"e-gallery-image elementor-gallery-item__image\" data-thumbnail=\"https:\/\/www.cm-benavente.pt\/wp-content\/uploads\/2025\/11\/temporada-da-musica-2025-coro-municipio-gala-opera-29-1024x657.jpg\" data-width=\"800\" data-height=\"513\" aria-label=\"\" role=\"img\" ><\/div>\n\t\t\t\t\t\t\t\t\t\t\t<div class=\"elementor-gallery-item__overlay\"><\/div>\n\t\t\t\t\t\t\t\t\t\t\t\t\t\t<\/a>\n\t\t\t\t\t\t\t<a class=\"e-gallery-item elementor-gallery-item elementor-animated-content\" href=\"https:\/\/www.cm-benavente.pt\/wp-content\/uploads\/2025\/11\/temporada-da-musica-2025-coro-municipio-gala-opera-30-scaled.jpg\" data-elementor-open-lightbox=\"yes\" data-elementor-lightbox-slideshow=\"4533228\" data-elementor-lightbox-title=\"temporada da m\u00fasica 2025 coro munic\u00edpio gala \u00f3pera (30)\" data-e-action-hash=\"#elementor-action%3Aaction%3Dlightbox%26settings%3DeyJpZCI6ODAxMzIsInVybCI6Imh0dHBzOlwvXC93d3cuY20tYmVuYXZlbnRlLnB0XC93cC1jb250ZW50XC91cGxvYWRzXC8yMDI1XC8xMVwvdGVtcG9yYWRhLWRhLW11c2ljYS0yMDI1LWNvcm8tbXVuaWNpcGlvLWdhbGEtb3BlcmEtMzAtc2NhbGVkLmpwZyIsInNsaWRlc2hvdyI6IjQ1MzMyMjgifQ%3D%3D\">\n\t\t\t\t\t<div class=\"e-gallery-image elementor-gallery-item__image\" data-thumbnail=\"https:\/\/www.cm-benavente.pt\/wp-content\/uploads\/2025\/11\/temporada-da-musica-2025-coro-municipio-gala-opera-30-1024x512.jpg\" data-width=\"800\" data-height=\"400\" aria-label=\"\" role=\"img\" ><\/div>\n\t\t\t\t\t\t\t\t\t\t\t<div class=\"elementor-gallery-item__overlay\"><\/div>\n\t\t\t\t\t\t\t\t\t\t\t\t\t\t<\/a>\n\t\t\t\t\t\t\t<a class=\"e-gallery-item elementor-gallery-item elementor-animated-content\" href=\"https:\/\/www.cm-benavente.pt\/wp-content\/uploads\/2025\/11\/temporada-da-musica-2025-coro-municipio-gala-opera-31-scaled.jpg\" data-elementor-open-lightbox=\"yes\" data-elementor-lightbox-slideshow=\"4533228\" data-elementor-lightbox-title=\"temporada da m\u00fasica 2025 coro munic\u00edpio gala \u00f3pera (31)\" data-e-action-hash=\"#elementor-action%3Aaction%3Dlightbox%26settings%3DeyJpZCI6ODAxMzMsInVybCI6Imh0dHBzOlwvXC93d3cuY20tYmVuYXZlbnRlLnB0XC93cC1jb250ZW50XC91cGxvYWRzXC8yMDI1XC8xMVwvdGVtcG9yYWRhLWRhLW11c2ljYS0yMDI1LWNvcm8tbXVuaWNpcGlvLWdhbGEtb3BlcmEtMzEtc2NhbGVkLmpwZyIsInNsaWRlc2hvdyI6IjQ1MzMyMjgifQ%3D%3D\">\n\t\t\t\t\t<div class=\"e-gallery-image elementor-gallery-item__image\" data-thumbnail=\"https:\/\/www.cm-benavente.pt\/wp-content\/uploads\/2025\/11\/temporada-da-musica-2025-coro-municipio-gala-opera-31-1024x478.jpg\" data-width=\"800\" data-height=\"373\" aria-label=\"\" role=\"img\" ><\/div>\n\t\t\t\t\t\t\t\t\t\t\t<div class=\"elementor-gallery-item__overlay\"><\/div>\n\t\t\t\t\t\t\t\t\t\t\t\t\t\t<\/a>\n\t\t\t\t\t\t\t<a class=\"e-gallery-item elementor-gallery-item elementor-animated-content\" href=\"https:\/\/www.cm-benavente.pt\/wp-content\/uploads\/2025\/11\/temporada-da-musica-2025-coro-municipio-gala-opera-32-scaled.jpg\" data-elementor-open-lightbox=\"yes\" data-elementor-lightbox-slideshow=\"4533228\" data-elementor-lightbox-title=\"temporada da m\u00fasica 2025 coro munic\u00edpio gala \u00f3pera (32)\" data-e-action-hash=\"#elementor-action%3Aaction%3Dlightbox%26settings%3DeyJpZCI6ODAxMzQsInVybCI6Imh0dHBzOlwvXC93d3cuY20tYmVuYXZlbnRlLnB0XC93cC1jb250ZW50XC91cGxvYWRzXC8yMDI1XC8xMVwvdGVtcG9yYWRhLWRhLW11c2ljYS0yMDI1LWNvcm8tbXVuaWNpcGlvLWdhbGEtb3BlcmEtMzItc2NhbGVkLmpwZyIsInNsaWRlc2hvdyI6IjQ1MzMyMjgifQ%3D%3D\">\n\t\t\t\t\t<div class=\"e-gallery-image elementor-gallery-item__image\" data-thumbnail=\"https:\/\/www.cm-benavente.pt\/wp-content\/uploads\/2025\/11\/temporada-da-musica-2025-coro-municipio-gala-opera-32-1024x557.jpg\" data-width=\"800\" data-height=\"435\" aria-label=\"\" role=\"img\" ><\/div>\n\t\t\t\t\t\t\t\t\t\t\t<div class=\"elementor-gallery-item__overlay\"><\/div>\n\t\t\t\t\t\t\t\t\t\t\t\t\t\t<\/a>\n\t\t\t\t\t\t\t<a class=\"e-gallery-item elementor-gallery-item elementor-animated-content\" href=\"https:\/\/www.cm-benavente.pt\/wp-content\/uploads\/2025\/11\/temporada-da-musica-2025-coro-municipio-gala-opera-33-scaled.jpg\" data-elementor-open-lightbox=\"yes\" data-elementor-lightbox-slideshow=\"4533228\" data-elementor-lightbox-title=\"temporada da m\u00fasica 2025 coro munic\u00edpio gala \u00f3pera (33)\" data-e-action-hash=\"#elementor-action%3Aaction%3Dlightbox%26settings%3DeyJpZCI6ODAxMzUsInVybCI6Imh0dHBzOlwvXC93d3cuY20tYmVuYXZlbnRlLnB0XC93cC1jb250ZW50XC91cGxvYWRzXC8yMDI1XC8xMVwvdGVtcG9yYWRhLWRhLW11c2ljYS0yMDI1LWNvcm8tbXVuaWNpcGlvLWdhbGEtb3BlcmEtMzMtc2NhbGVkLmpwZyIsInNsaWRlc2hvdyI6IjQ1MzMyMjgifQ%3D%3D\">\n\t\t\t\t\t<div class=\"e-gallery-image elementor-gallery-item__image\" data-thumbnail=\"https:\/\/www.cm-benavente.pt\/wp-content\/uploads\/2025\/11\/temporada-da-musica-2025-coro-municipio-gala-opera-33-1024x595.jpg\" data-width=\"800\" data-height=\"465\" aria-label=\"\" role=\"img\" ><\/div>\n\t\t\t\t\t\t\t\t\t\t\t<div class=\"elementor-gallery-item__overlay\"><\/div>\n\t\t\t\t\t\t\t\t\t\t\t\t\t\t<\/a>\n\t\t\t\t\t\t\t<a class=\"e-gallery-item elementor-gallery-item elementor-animated-content\" href=\"https:\/\/www.cm-benavente.pt\/wp-content\/uploads\/2025\/11\/temporada-da-musica-2025-coro-municipio-gala-opera-34-scaled.jpg\" data-elementor-open-lightbox=\"yes\" data-elementor-lightbox-slideshow=\"4533228\" data-elementor-lightbox-title=\"temporada da m\u00fasica 2025 coro munic\u00edpio gala \u00f3pera (34)\" data-e-action-hash=\"#elementor-action%3Aaction%3Dlightbox%26settings%3DeyJpZCI6ODAxMzYsInVybCI6Imh0dHBzOlwvXC93d3cuY20tYmVuYXZlbnRlLnB0XC93cC1jb250ZW50XC91cGxvYWRzXC8yMDI1XC8xMVwvdGVtcG9yYWRhLWRhLW11c2ljYS0yMDI1LWNvcm8tbXVuaWNpcGlvLWdhbGEtb3BlcmEtMzQtc2NhbGVkLmpwZyIsInNsaWRlc2hvdyI6IjQ1MzMyMjgifQ%3D%3D\">\n\t\t\t\t\t<div class=\"e-gallery-image elementor-gallery-item__image\" data-thumbnail=\"https:\/\/www.cm-benavente.pt\/wp-content\/uploads\/2025\/11\/temporada-da-musica-2025-coro-municipio-gala-opera-34-1024x605.jpg\" data-width=\"800\" data-height=\"473\" aria-label=\"\" role=\"img\" ><\/div>\n\t\t\t\t\t\t\t\t\t\t\t<div class=\"elementor-gallery-item__overlay\"><\/div>\n\t\t\t\t\t\t\t\t\t\t\t\t\t\t<\/a>\n\t\t\t\t\t\t\t<a class=\"e-gallery-item elementor-gallery-item elementor-animated-content\" href=\"https:\/\/www.cm-benavente.pt\/wp-content\/uploads\/2025\/11\/temporada-da-musica-2025-coro-municipio-gala-opera-35-scaled.jpg\" data-elementor-open-lightbox=\"yes\" data-elementor-lightbox-slideshow=\"4533228\" data-elementor-lightbox-title=\"temporada da m\u00fasica 2025 coro munic\u00edpio gala \u00f3pera (35)\" data-e-action-hash=\"#elementor-action%3Aaction%3Dlightbox%26settings%3DeyJpZCI6ODAxMzcsInVybCI6Imh0dHBzOlwvXC93d3cuY20tYmVuYXZlbnRlLnB0XC93cC1jb250ZW50XC91cGxvYWRzXC8yMDI1XC8xMVwvdGVtcG9yYWRhLWRhLW11c2ljYS0yMDI1LWNvcm8tbXVuaWNpcGlvLWdhbGEtb3BlcmEtMzUtc2NhbGVkLmpwZyIsInNsaWRlc2hvdyI6IjQ1MzMyMjgifQ%3D%3D\">\n\t\t\t\t\t<div class=\"e-gallery-image elementor-gallery-item__image\" data-thumbnail=\"https:\/\/www.cm-benavente.pt\/wp-content\/uploads\/2025\/11\/temporada-da-musica-2025-coro-municipio-gala-opera-35-1024x590.jpg\" data-width=\"800\" data-height=\"461\" aria-label=\"\" role=\"img\" ><\/div>\n\t\t\t\t\t\t\t\t\t\t\t<div class=\"elementor-gallery-item__overlay\"><\/div>\n\t\t\t\t\t\t\t\t\t\t\t\t\t\t<\/a>\n\t\t\t\t\t\t\t<a class=\"e-gallery-item elementor-gallery-item elementor-animated-content\" href=\"https:\/\/www.cm-benavente.pt\/wp-content\/uploads\/2025\/11\/temporada-da-musica-2025-coro-municipio-gala-opera-36-scaled.jpg\" data-elementor-open-lightbox=\"yes\" data-elementor-lightbox-slideshow=\"4533228\" data-elementor-lightbox-title=\"temporada da m\u00fasica 2025 coro munic\u00edpio gala \u00f3pera (36)\" data-e-action-hash=\"#elementor-action%3Aaction%3Dlightbox%26settings%3DeyJpZCI6ODAxMzgsInVybCI6Imh0dHBzOlwvXC93d3cuY20tYmVuYXZlbnRlLnB0XC93cC1jb250ZW50XC91cGxvYWRzXC8yMDI1XC8xMVwvdGVtcG9yYWRhLWRhLW11c2ljYS0yMDI1LWNvcm8tbXVuaWNpcGlvLWdhbGEtb3BlcmEtMzYtc2NhbGVkLmpwZyIsInNsaWRlc2hvdyI6IjQ1MzMyMjgifQ%3D%3D\">\n\t\t\t\t\t<div class=\"e-gallery-image elementor-gallery-item__image\" data-thumbnail=\"https:\/\/www.cm-benavente.pt\/wp-content\/uploads\/2025\/11\/temporada-da-musica-2025-coro-municipio-gala-opera-36-1024x503.jpg\" data-width=\"800\" data-height=\"393\" aria-label=\"\" role=\"img\" ><\/div>\n\t\t\t\t\t\t\t\t\t\t\t<div class=\"elementor-gallery-item__overlay\"><\/div>\n\t\t\t\t\t\t\t\t\t\t\t\t\t\t<\/a>\n\t\t\t\t\t\t\t<a class=\"e-gallery-item elementor-gallery-item elementor-animated-content\" href=\"https:\/\/www.cm-benavente.pt\/wp-content\/uploads\/2025\/11\/temporada-da-musica-2025-coro-municipio-gala-opera-38-scaled.jpg\" data-elementor-open-lightbox=\"yes\" data-elementor-lightbox-slideshow=\"4533228\" data-elementor-lightbox-title=\"temporada da m\u00fasica 2025 coro munic\u00edpio gala \u00f3pera (38)\" data-e-action-hash=\"#elementor-action%3Aaction%3Dlightbox%26settings%3DeyJpZCI6ODAxNDAsInVybCI6Imh0dHBzOlwvXC93d3cuY20tYmVuYXZlbnRlLnB0XC93cC1jb250ZW50XC91cGxvYWRzXC8yMDI1XC8xMVwvdGVtcG9yYWRhLWRhLW11c2ljYS0yMDI1LWNvcm8tbXVuaWNpcGlvLWdhbGEtb3BlcmEtMzgtc2NhbGVkLmpwZyIsInNsaWRlc2hvdyI6IjQ1MzMyMjgifQ%3D%3D\">\n\t\t\t\t\t<div class=\"e-gallery-image elementor-gallery-item__image\" data-thumbnail=\"https:\/\/www.cm-benavente.pt\/wp-content\/uploads\/2025\/11\/temporada-da-musica-2025-coro-municipio-gala-opera-38-1024x529.jpg\" data-width=\"800\" data-height=\"413\" aria-label=\"\" role=\"img\" ><\/div>\n\t\t\t\t\t\t\t\t\t\t\t<div class=\"elementor-gallery-item__overlay\"><\/div>\n\t\t\t\t\t\t\t\t\t\t\t\t\t\t<\/a>\n\t\t\t\t\t\t\t<a class=\"e-gallery-item elementor-gallery-item elementor-animated-content\" href=\"https:\/\/www.cm-benavente.pt\/wp-content\/uploads\/2025\/11\/temporada-da-musica-2025-coro-municipio-gala-opera-39-scaled.jpg\" data-elementor-open-lightbox=\"yes\" data-elementor-lightbox-slideshow=\"4533228\" data-elementor-lightbox-title=\"temporada da m\u00fasica 2025 coro munic\u00edpio gala \u00f3pera (39)\" data-e-action-hash=\"#elementor-action%3Aaction%3Dlightbox%26settings%3DeyJpZCI6ODAxNDEsInVybCI6Imh0dHBzOlwvXC93d3cuY20tYmVuYXZlbnRlLnB0XC93cC1jb250ZW50XC91cGxvYWRzXC8yMDI1XC8xMVwvdGVtcG9yYWRhLWRhLW11c2ljYS0yMDI1LWNvcm8tbXVuaWNpcGlvLWdhbGEtb3BlcmEtMzktc2NhbGVkLmpwZyIsInNsaWRlc2hvdyI6IjQ1MzMyMjgifQ%3D%3D\">\n\t\t\t\t\t<div class=\"e-gallery-image elementor-gallery-item__image\" data-thumbnail=\"https:\/\/www.cm-benavente.pt\/wp-content\/uploads\/2025\/11\/temporada-da-musica-2025-coro-municipio-gala-opera-39-1024x540.jpg\" data-width=\"800\" data-height=\"422\" aria-label=\"\" role=\"img\" ><\/div>\n\t\t\t\t\t\t\t\t\t\t\t<div class=\"elementor-gallery-item__overlay\"><\/div>\n\t\t\t\t\t\t\t\t\t\t\t\t\t\t<\/a>\n\t\t\t\t\t\t\t<a class=\"e-gallery-item elementor-gallery-item elementor-animated-content\" href=\"https:\/\/www.cm-benavente.pt\/wp-content\/uploads\/2025\/11\/temporada-da-musica-2025-coro-municipio-gala-opera-40-scaled.jpg\" data-elementor-open-lightbox=\"yes\" data-elementor-lightbox-slideshow=\"4533228\" data-elementor-lightbox-title=\"temporada da m\u00fasica 2025 coro munic\u00edpio gala \u00f3pera (40)\" data-e-action-hash=\"#elementor-action%3Aaction%3Dlightbox%26settings%3DeyJpZCI6ODAxNDIsInVybCI6Imh0dHBzOlwvXC93d3cuY20tYmVuYXZlbnRlLnB0XC93cC1jb250ZW50XC91cGxvYWRzXC8yMDI1XC8xMVwvdGVtcG9yYWRhLWRhLW11c2ljYS0yMDI1LWNvcm8tbXVuaWNpcGlvLWdhbGEtb3BlcmEtNDAtc2NhbGVkLmpwZyIsInNsaWRlc2hvdyI6IjQ1MzMyMjgifQ%3D%3D\">\n\t\t\t\t\t<div class=\"e-gallery-image elementor-gallery-item__image\" data-thumbnail=\"https:\/\/www.cm-benavente.pt\/wp-content\/uploads\/2025\/11\/temporada-da-musica-2025-coro-municipio-gala-opera-40-1024x589.jpg\" data-width=\"800\" data-height=\"460\" aria-label=\"\" role=\"img\" ><\/div>\n\t\t\t\t\t\t\t\t\t\t\t<div class=\"elementor-gallery-item__overlay\"><\/div>\n\t\t\t\t\t\t\t\t\t\t\t\t\t\t<\/a>\n\t\t\t\t\t\t\t<a class=\"e-gallery-item elementor-gallery-item elementor-animated-content\" href=\"https:\/\/www.cm-benavente.pt\/wp-content\/uploads\/2025\/11\/temporada-da-musica-2025-coro-municipio-gala-opera-41-scaled.jpg\" data-elementor-open-lightbox=\"yes\" data-elementor-lightbox-slideshow=\"4533228\" data-elementor-lightbox-title=\"temporada da m\u00fasica 2025 coro munic\u00edpio gala \u00f3pera (41)\" data-e-action-hash=\"#elementor-action%3Aaction%3Dlightbox%26settings%3DeyJpZCI6ODAxNDMsInVybCI6Imh0dHBzOlwvXC93d3cuY20tYmVuYXZlbnRlLnB0XC93cC1jb250ZW50XC91cGxvYWRzXC8yMDI1XC8xMVwvdGVtcG9yYWRhLWRhLW11c2ljYS0yMDI1LWNvcm8tbXVuaWNpcGlvLWdhbGEtb3BlcmEtNDEtc2NhbGVkLmpwZyIsInNsaWRlc2hvdyI6IjQ1MzMyMjgifQ%3D%3D\">\n\t\t\t\t\t<div class=\"e-gallery-image elementor-gallery-item__image\" data-thumbnail=\"https:\/\/www.cm-benavente.pt\/wp-content\/uploads\/2025\/11\/temporada-da-musica-2025-coro-municipio-gala-opera-41-1024x599.jpg\" data-width=\"800\" data-height=\"468\" aria-label=\"\" role=\"img\" ><\/div>\n\t\t\t\t\t\t\t\t\t\t\t<div class=\"elementor-gallery-item__overlay\"><\/div>\n\t\t\t\t\t\t\t\t\t\t\t\t\t\t<\/a>\n\t\t\t\t\t\t\t<a class=\"e-gallery-item elementor-gallery-item elementor-animated-content\" href=\"https:\/\/www.cm-benavente.pt\/wp-content\/uploads\/2025\/11\/temporada-da-musica-2025-coro-municipio-gala-opera-42-scaled.jpg\" data-elementor-open-lightbox=\"yes\" data-elementor-lightbox-slideshow=\"4533228\" data-elementor-lightbox-title=\"temporada da m\u00fasica 2025 coro munic\u00edpio gala \u00f3pera (42)\" data-e-action-hash=\"#elementor-action%3Aaction%3Dlightbox%26settings%3DeyJpZCI6ODAxNDQsInVybCI6Imh0dHBzOlwvXC93d3cuY20tYmVuYXZlbnRlLnB0XC93cC1jb250ZW50XC91cGxvYWRzXC8yMDI1XC8xMVwvdGVtcG9yYWRhLWRhLW11c2ljYS0yMDI1LWNvcm8tbXVuaWNpcGlvLWdhbGEtb3BlcmEtNDItc2NhbGVkLmpwZyIsInNsaWRlc2hvdyI6IjQ1MzMyMjgifQ%3D%3D\">\n\t\t\t\t\t<div class=\"e-gallery-image elementor-gallery-item__image\" data-thumbnail=\"https:\/\/www.cm-benavente.pt\/wp-content\/uploads\/2025\/11\/temporada-da-musica-2025-coro-municipio-gala-opera-42-1024x683.jpg\" data-width=\"800\" data-height=\"534\" aria-label=\"\" role=\"img\" ><\/div>\n\t\t\t\t\t\t\t\t\t\t\t<div class=\"elementor-gallery-item__overlay\"><\/div>\n\t\t\t\t\t\t\t\t\t\t\t\t\t\t<\/a>\n\t\t\t\t\t\t\t<a class=\"e-gallery-item elementor-gallery-item elementor-animated-content\" href=\"https:\/\/www.cm-benavente.pt\/wp-content\/uploads\/2025\/11\/temporada-da-musica-2025-coro-municipio-gala-opera-43-scaled.jpg\" data-elementor-open-lightbox=\"yes\" data-elementor-lightbox-slideshow=\"4533228\" data-elementor-lightbox-title=\"temporada da m\u00fasica 2025 coro munic\u00edpio gala \u00f3pera (43)\" data-e-action-hash=\"#elementor-action%3Aaction%3Dlightbox%26settings%3DeyJpZCI6ODAxNDUsInVybCI6Imh0dHBzOlwvXC93d3cuY20tYmVuYXZlbnRlLnB0XC93cC1jb250ZW50XC91cGxvYWRzXC8yMDI1XC8xMVwvdGVtcG9yYWRhLWRhLW11c2ljYS0yMDI1LWNvcm8tbXVuaWNpcGlvLWdhbGEtb3BlcmEtNDMtc2NhbGVkLmpwZyIsInNsaWRlc2hvdyI6IjQ1MzMyMjgifQ%3D%3D\">\n\t\t\t\t\t<div class=\"e-gallery-image elementor-gallery-item__image\" data-thumbnail=\"https:\/\/www.cm-benavente.pt\/wp-content\/uploads\/2025\/11\/temporada-da-musica-2025-coro-municipio-gala-opera-43-1024x637.jpg\" data-width=\"800\" data-height=\"498\" aria-label=\"\" role=\"img\" ><\/div>\n\t\t\t\t\t\t\t\t\t\t\t<div class=\"elementor-gallery-item__overlay\"><\/div>\n\t\t\t\t\t\t\t\t\t\t\t\t\t\t<\/a>\n\t\t\t\t\t\t\t<a class=\"e-gallery-item elementor-gallery-item elementor-animated-content\" href=\"https:\/\/www.cm-benavente.pt\/wp-content\/uploads\/2025\/11\/temporada-da-musica-2025-coro-municipio-gala-opera-44-scaled.jpg\" data-elementor-open-lightbox=\"yes\" data-elementor-lightbox-slideshow=\"4533228\" data-elementor-lightbox-title=\"temporada da m\u00fasica 2025 coro munic\u00edpio gala \u00f3pera (44)\" data-e-action-hash=\"#elementor-action%3Aaction%3Dlightbox%26settings%3DeyJpZCI6ODAxNDYsInVybCI6Imh0dHBzOlwvXC93d3cuY20tYmVuYXZlbnRlLnB0XC93cC1jb250ZW50XC91cGxvYWRzXC8yMDI1XC8xMVwvdGVtcG9yYWRhLWRhLW11c2ljYS0yMDI1LWNvcm8tbXVuaWNpcGlvLWdhbGEtb3BlcmEtNDQtc2NhbGVkLmpwZyIsInNsaWRlc2hvdyI6IjQ1MzMyMjgifQ%3D%3D\">\n\t\t\t\t\t<div class=\"e-gallery-image elementor-gallery-item__image\" data-thumbnail=\"https:\/\/www.cm-benavente.pt\/wp-content\/uploads\/2025\/11\/temporada-da-musica-2025-coro-municipio-gala-opera-44-1024x687.jpg\" data-width=\"800\" data-height=\"537\" aria-label=\"\" role=\"img\" ><\/div>\n\t\t\t\t\t\t\t\t\t\t\t<div class=\"elementor-gallery-item__overlay\"><\/div>\n\t\t\t\t\t\t\t\t\t\t\t\t\t\t<\/a>\n\t\t\t\t\t\t\t<a class=\"e-gallery-item elementor-gallery-item elementor-animated-content\" href=\"https:\/\/www.cm-benavente.pt\/wp-content\/uploads\/2025\/11\/temporada-da-musica-2025-coro-municipio-gala-opera-45-scaled.jpg\" data-elementor-open-lightbox=\"yes\" data-elementor-lightbox-slideshow=\"4533228\" data-elementor-lightbox-title=\"temporada da m\u00fasica 2025 coro munic\u00edpio gala \u00f3pera (45)\" data-e-action-hash=\"#elementor-action%3Aaction%3Dlightbox%26settings%3DeyJpZCI6ODAxNDcsInVybCI6Imh0dHBzOlwvXC93d3cuY20tYmVuYXZlbnRlLnB0XC93cC1jb250ZW50XC91cGxvYWRzXC8yMDI1XC8xMVwvdGVtcG9yYWRhLWRhLW11c2ljYS0yMDI1LWNvcm8tbXVuaWNpcGlvLWdhbGEtb3BlcmEtNDUtc2NhbGVkLmpwZyIsInNsaWRlc2hvdyI6IjQ1MzMyMjgifQ%3D%3D\">\n\t\t\t\t\t<div class=\"e-gallery-image elementor-gallery-item__image\" data-thumbnail=\"https:\/\/www.cm-benavente.pt\/wp-content\/uploads\/2025\/11\/temporada-da-musica-2025-coro-municipio-gala-opera-45-1024x686.jpg\" data-width=\"800\" data-height=\"536\" aria-label=\"\" role=\"img\" ><\/div>\n\t\t\t\t\t\t\t\t\t\t\t<div class=\"elementor-gallery-item__overlay\"><\/div>\n\t\t\t\t\t\t\t\t\t\t\t\t\t\t<\/a>\n\t\t\t\t\t\t\t<a class=\"e-gallery-item elementor-gallery-item elementor-animated-content\" href=\"https:\/\/www.cm-benavente.pt\/wp-content\/uploads\/2025\/11\/temporada-da-musica-2025-coro-municipio-gala-opera-47-scaled.jpg\" data-elementor-open-lightbox=\"yes\" data-elementor-lightbox-slideshow=\"4533228\" data-elementor-lightbox-title=\"temporada da m\u00fasica 2025 coro munic\u00edpio gala \u00f3pera (47)\" data-e-action-hash=\"#elementor-action%3Aaction%3Dlightbox%26settings%3DeyJpZCI6ODAxNDksInVybCI6Imh0dHBzOlwvXC93d3cuY20tYmVuYXZlbnRlLnB0XC93cC1jb250ZW50XC91cGxvYWRzXC8yMDI1XC8xMVwvdGVtcG9yYWRhLWRhLW11c2ljYS0yMDI1LWNvcm8tbXVuaWNpcGlvLWdhbGEtb3BlcmEtNDctc2NhbGVkLmpwZyIsInNsaWRlc2hvdyI6IjQ1MzMyMjgifQ%3D%3D\">\n\t\t\t\t\t<div class=\"e-gallery-image elementor-gallery-item__image\" data-thumbnail=\"https:\/\/www.cm-benavente.pt\/wp-content\/uploads\/2025\/11\/temporada-da-musica-2025-coro-municipio-gala-opera-47-1024x648.jpg\" data-width=\"800\" data-height=\"506\" aria-label=\"\" role=\"img\" ><\/div>\n\t\t\t\t\t\t\t\t\t\t\t<div class=\"elementor-gallery-item__overlay\"><\/div>\n\t\t\t\t\t\t\t\t\t\t\t\t\t\t<\/a>\n\t\t\t\t\t\t\t<a class=\"e-gallery-item elementor-gallery-item elementor-animated-content\" href=\"https:\/\/www.cm-benavente.pt\/wp-content\/uploads\/2025\/11\/temporada-da-musica-2025-coro-municipio-gala-opera-48-scaled.jpg\" data-elementor-open-lightbox=\"yes\" data-elementor-lightbox-slideshow=\"4533228\" data-elementor-lightbox-title=\"temporada da m\u00fasica 2025 coro munic\u00edpio gala \u00f3pera (48)\" data-e-action-hash=\"#elementor-action%3Aaction%3Dlightbox%26settings%3DeyJpZCI6ODAxNTAsInVybCI6Imh0dHBzOlwvXC93d3cuY20tYmVuYXZlbnRlLnB0XC93cC1jb250ZW50XC91cGxvYWRzXC8yMDI1XC8xMVwvdGVtcG9yYWRhLWRhLW11c2ljYS0yMDI1LWNvcm8tbXVuaWNpcGlvLWdhbGEtb3BlcmEtNDgtc2NhbGVkLmpwZyIsInNsaWRlc2hvdyI6IjQ1MzMyMjgifQ%3D%3D\">\n\t\t\t\t\t<div class=\"e-gallery-image elementor-gallery-item__image\" data-thumbnail=\"https:\/\/www.cm-benavente.pt\/wp-content\/uploads\/2025\/11\/temporada-da-musica-2025-coro-municipio-gala-opera-48-1024x609.jpg\" data-width=\"800\" data-height=\"476\" aria-label=\"\" role=\"img\" ><\/div>\n\t\t\t\t\t\t\t\t\t\t\t<div class=\"elementor-gallery-item__overlay\"><\/div>\n\t\t\t\t\t\t\t\t\t\t\t\t\t\t<\/a>\n\t\t\t\t\t\t\t<a class=\"e-gallery-item elementor-gallery-item elementor-animated-content\" href=\"https:\/\/www.cm-benavente.pt\/wp-content\/uploads\/2025\/11\/temporada-da-musica-2025-coro-municipio-gala-opera-49-scaled.jpg\" data-elementor-open-lightbox=\"yes\" data-elementor-lightbox-slideshow=\"4533228\" data-elementor-lightbox-title=\"temporada da m\u00fasica 2025 coro munic\u00edpio gala \u00f3pera (49)\" data-e-action-hash=\"#elementor-action%3Aaction%3Dlightbox%26settings%3DeyJpZCI6ODAxNTEsInVybCI6Imh0dHBzOlwvXC93d3cuY20tYmVuYXZlbnRlLnB0XC93cC1jb250ZW50XC91cGxvYWRzXC8yMDI1XC8xMVwvdGVtcG9yYWRhLWRhLW11c2ljYS0yMDI1LWNvcm8tbXVuaWNpcGlvLWdhbGEtb3BlcmEtNDktc2NhbGVkLmpwZyIsInNsaWRlc2hvdyI6IjQ1MzMyMjgifQ%3D%3D\">\n\t\t\t\t\t<div class=\"e-gallery-image elementor-gallery-item__image\" data-thumbnail=\"https:\/\/www.cm-benavente.pt\/wp-content\/uploads\/2025\/11\/temporada-da-musica-2025-coro-municipio-gala-opera-49-1024x547.jpg\" data-width=\"800\" data-height=\"427\" aria-label=\"\" role=\"img\" ><\/div>\n\t\t\t\t\t\t\t\t\t\t\t<div class=\"elementor-gallery-item__overlay\"><\/div>\n\t\t\t\t\t\t\t\t\t\t\t\t\t\t<\/a>\n\t\t\t\t\t\t\t<a class=\"e-gallery-item elementor-gallery-item elementor-animated-content\" href=\"https:\/\/www.cm-benavente.pt\/wp-content\/uploads\/2025\/11\/temporada-da-musica-2025-coro-municipio-gala-opera-50-scaled.jpg\" data-elementor-open-lightbox=\"yes\" data-elementor-lightbox-slideshow=\"4533228\" data-elementor-lightbox-title=\"temporada da m\u00fasica 2025 coro munic\u00edpio gala \u00f3pera (50)\" data-e-action-hash=\"#elementor-action%3Aaction%3Dlightbox%26settings%3DeyJpZCI6ODAxNTIsInVybCI6Imh0dHBzOlwvXC93d3cuY20tYmVuYXZlbnRlLnB0XC93cC1jb250ZW50XC91cGxvYWRzXC8yMDI1XC8xMVwvdGVtcG9yYWRhLWRhLW11c2ljYS0yMDI1LWNvcm8tbXVuaWNpcGlvLWdhbGEtb3BlcmEtNTAtc2NhbGVkLmpwZyIsInNsaWRlc2hvdyI6IjQ1MzMyMjgifQ%3D%3D\">\n\t\t\t\t\t<div class=\"e-gallery-image elementor-gallery-item__image\" data-thumbnail=\"https:\/\/www.cm-benavente.pt\/wp-content\/uploads\/2025\/11\/temporada-da-musica-2025-coro-municipio-gala-opera-50-1024x514.jpg\" data-width=\"800\" data-height=\"402\" aria-label=\"\" role=\"img\" ><\/div>\n\t\t\t\t\t\t\t\t\t\t\t<div class=\"elementor-gallery-item__overlay\"><\/div>\n\t\t\t\t\t\t\t\t\t\t\t\t\t\t<\/a>\n\t\t\t\t\t\t\t<a class=\"e-gallery-item elementor-gallery-item elementor-animated-content\" href=\"https:\/\/www.cm-benavente.pt\/wp-content\/uploads\/2025\/11\/temporada-da-musica-2025-coro-municipio-gala-opera-51-scaled.jpg\" data-elementor-open-lightbox=\"yes\" data-elementor-lightbox-slideshow=\"4533228\" data-elementor-lightbox-title=\"temporada da m\u00fasica 2025 coro munic\u00edpio gala \u00f3pera (51)\" data-e-action-hash=\"#elementor-action%3Aaction%3Dlightbox%26settings%3DeyJpZCI6ODAxNTMsInVybCI6Imh0dHBzOlwvXC93d3cuY20tYmVuYXZlbnRlLnB0XC93cC1jb250ZW50XC91cGxvYWRzXC8yMDI1XC8xMVwvdGVtcG9yYWRhLWRhLW11c2ljYS0yMDI1LWNvcm8tbXVuaWNpcGlvLWdhbGEtb3BlcmEtNTEtc2NhbGVkLmpwZyIsInNsaWRlc2hvdyI6IjQ1MzMyMjgifQ%3D%3D\">\n\t\t\t\t\t<div class=\"e-gallery-image elementor-gallery-item__image\" data-thumbnail=\"https:\/\/www.cm-benavente.pt\/wp-content\/uploads\/2025\/11\/temporada-da-musica-2025-coro-municipio-gala-opera-51-1024x571.jpg\" data-width=\"800\" data-height=\"446\" aria-label=\"\" role=\"img\" ><\/div>\n\t\t\t\t\t\t\t\t\t\t\t<div class=\"elementor-gallery-item__overlay\"><\/div>\n\t\t\t\t\t\t\t\t\t\t\t\t\t\t<\/a>\n\t\t\t\t\t\t\t<a class=\"e-gallery-item elementor-gallery-item elementor-animated-content\" href=\"https:\/\/www.cm-benavente.pt\/wp-content\/uploads\/2025\/11\/temporada-da-musica-2025-coro-municipio-gala-opera-52-scaled.jpg\" data-elementor-open-lightbox=\"yes\" data-elementor-lightbox-slideshow=\"4533228\" data-elementor-lightbox-title=\"temporada da m\u00fasica 2025 coro munic\u00edpio gala \u00f3pera (52)\" data-e-action-hash=\"#elementor-action%3Aaction%3Dlightbox%26settings%3DeyJpZCI6ODAxNTQsInVybCI6Imh0dHBzOlwvXC93d3cuY20tYmVuYXZlbnRlLnB0XC93cC1jb250ZW50XC91cGxvYWRzXC8yMDI1XC8xMVwvdGVtcG9yYWRhLWRhLW11c2ljYS0yMDI1LWNvcm8tbXVuaWNpcGlvLWdhbGEtb3BlcmEtNTItc2NhbGVkLmpwZyIsInNsaWRlc2hvdyI6IjQ1MzMyMjgifQ%3D%3D\">\n\t\t\t\t\t<div class=\"e-gallery-image elementor-gallery-item__image\" data-thumbnail=\"https:\/\/www.cm-benavente.pt\/wp-content\/uploads\/2025\/11\/temporada-da-musica-2025-coro-municipio-gala-opera-52-1024x490.jpg\" data-width=\"800\" data-height=\"383\" aria-label=\"\" role=\"img\" ><\/div>\n\t\t\t\t\t\t\t\t\t\t\t<div class=\"elementor-gallery-item__overlay\"><\/div>\n\t\t\t\t\t\t\t\t\t\t\t\t\t\t<\/a>\n\t\t\t\t\t\t\t<a class=\"e-gallery-item elementor-gallery-item elementor-animated-content\" href=\"https:\/\/www.cm-benavente.pt\/wp-content\/uploads\/2025\/11\/temporada-da-musica-2025-coro-municipio-gala-opera-53-scaled.jpg\" data-elementor-open-lightbox=\"yes\" data-elementor-lightbox-slideshow=\"4533228\" data-elementor-lightbox-title=\"temporada da m\u00fasica 2025 coro munic\u00edpio gala \u00f3pera (53)\" data-e-action-hash=\"#elementor-action%3Aaction%3Dlightbox%26settings%3DeyJpZCI6ODAxNTUsInVybCI6Imh0dHBzOlwvXC93d3cuY20tYmVuYXZlbnRlLnB0XC93cC1jb250ZW50XC91cGxvYWRzXC8yMDI1XC8xMVwvdGVtcG9yYWRhLWRhLW11c2ljYS0yMDI1LWNvcm8tbXVuaWNpcGlvLWdhbGEtb3BlcmEtNTMtc2NhbGVkLmpwZyIsInNsaWRlc2hvdyI6IjQ1MzMyMjgifQ%3D%3D\">\n\t\t\t\t\t<div class=\"e-gallery-image elementor-gallery-item__image\" data-thumbnail=\"https:\/\/www.cm-benavente.pt\/wp-content\/uploads\/2025\/11\/temporada-da-musica-2025-coro-municipio-gala-opera-53-1024x528.jpg\" data-width=\"800\" data-height=\"413\" aria-label=\"\" role=\"img\" ><\/div>\n\t\t\t\t\t\t\t\t\t\t\t<div class=\"elementor-gallery-item__overlay\"><\/div>\n\t\t\t\t\t\t\t\t\t\t\t\t\t\t<\/a>\n\t\t\t\t\t\t\t<a class=\"e-gallery-item elementor-gallery-item elementor-animated-content\" href=\"https:\/\/www.cm-benavente.pt\/wp-content\/uploads\/2025\/11\/temporada-da-musica-2025-coro-municipio-gala-opera-54-scaled.jpg\" data-elementor-open-lightbox=\"yes\" data-elementor-lightbox-slideshow=\"4533228\" data-elementor-lightbox-title=\"temporada da m\u00fasica 2025 coro munic\u00edpio gala \u00f3pera (54)\" data-e-action-hash=\"#elementor-action%3Aaction%3Dlightbox%26settings%3DeyJpZCI6ODAxNTYsInVybCI6Imh0dHBzOlwvXC93d3cuY20tYmVuYXZlbnRlLnB0XC93cC1jb250ZW50XC91cGxvYWRzXC8yMDI1XC8xMVwvdGVtcG9yYWRhLWRhLW11c2ljYS0yMDI1LWNvcm8tbXVuaWNpcGlvLWdhbGEtb3BlcmEtNTQtc2NhbGVkLmpwZyIsInNsaWRlc2hvdyI6IjQ1MzMyMjgifQ%3D%3D\">\n\t\t\t\t\t<div class=\"e-gallery-image elementor-gallery-item__image\" data-thumbnail=\"https:\/\/www.cm-benavente.pt\/wp-content\/uploads\/2025\/11\/temporada-da-musica-2025-coro-municipio-gala-opera-54-1024x548.jpg\" data-width=\"800\" data-height=\"428\" aria-label=\"\" role=\"img\" ><\/div>\n\t\t\t\t\t\t\t\t\t\t\t<div class=\"elementor-gallery-item__overlay\"><\/div>\n\t\t\t\t\t\t\t\t\t\t\t\t\t\t<\/a>\n\t\t\t\t\t\t\t<a class=\"e-gallery-item elementor-gallery-item elementor-animated-content\" href=\"https:\/\/www.cm-benavente.pt\/wp-content\/uploads\/2025\/11\/temporada-da-musica-2025-coro-municipio-gala-opera-55-scaled.jpg\" data-elementor-open-lightbox=\"yes\" data-elementor-lightbox-slideshow=\"4533228\" data-elementor-lightbox-title=\"temporada da m\u00fasica 2025 coro munic\u00edpio gala \u00f3pera (55)\" data-e-action-hash=\"#elementor-action%3Aaction%3Dlightbox%26settings%3DeyJpZCI6ODAxNTcsInVybCI6Imh0dHBzOlwvXC93d3cuY20tYmVuYXZlbnRlLnB0XC93cC1jb250ZW50XC91cGxvYWRzXC8yMDI1XC8xMVwvdGVtcG9yYWRhLWRhLW11c2ljYS0yMDI1LWNvcm8tbXVuaWNpcGlvLWdhbGEtb3BlcmEtNTUtc2NhbGVkLmpwZyIsInNsaWRlc2hvdyI6IjQ1MzMyMjgifQ%3D%3D\">\n\t\t\t\t\t<div class=\"e-gallery-image elementor-gallery-item__image\" data-thumbnail=\"https:\/\/www.cm-benavente.pt\/wp-content\/uploads\/2025\/11\/temporada-da-musica-2025-coro-municipio-gala-opera-55-1024x564.jpg\" data-width=\"800\" data-height=\"441\" aria-label=\"\" role=\"img\" ><\/div>\n\t\t\t\t\t\t\t\t\t\t\t<div class=\"elementor-gallery-item__overlay\"><\/div>\n\t\t\t\t\t\t\t\t\t\t\t\t\t\t<\/a>\n\t\t\t\t\t\t\t<a class=\"e-gallery-item elementor-gallery-item elementor-animated-content\" href=\"https:\/\/www.cm-benavente.pt\/wp-content\/uploads\/2025\/11\/temporada-da-musica-2025-coro-municipio-gala-opera-56-scaled.jpg\" data-elementor-open-lightbox=\"yes\" data-elementor-lightbox-slideshow=\"4533228\" data-elementor-lightbox-title=\"temporada da m\u00fasica 2025 coro munic\u00edpio gala \u00f3pera (56)\" data-e-action-hash=\"#elementor-action%3Aaction%3Dlightbox%26settings%3DeyJpZCI6ODAxNTgsInVybCI6Imh0dHBzOlwvXC93d3cuY20tYmVuYXZlbnRlLnB0XC93cC1jb250ZW50XC91cGxvYWRzXC8yMDI1XC8xMVwvdGVtcG9yYWRhLWRhLW11c2ljYS0yMDI1LWNvcm8tbXVuaWNpcGlvLWdhbGEtb3BlcmEtNTYtc2NhbGVkLmpwZyIsInNsaWRlc2hvdyI6IjQ1MzMyMjgifQ%3D%3D\">\n\t\t\t\t\t<div class=\"e-gallery-image elementor-gallery-item__image\" data-thumbnail=\"https:\/\/www.cm-benavente.pt\/wp-content\/uploads\/2025\/11\/temporada-da-musica-2025-coro-municipio-gala-opera-56-1024x584.jpg\" data-width=\"800\" data-height=\"456\" aria-label=\"\" role=\"img\" ><\/div>\n\t\t\t\t\t\t\t\t\t\t\t<div class=\"elementor-gallery-item__overlay\"><\/div>\n\t\t\t\t\t\t\t\t\t\t\t\t\t\t<\/a>\n\t\t\t\t\t\t\t<a class=\"e-gallery-item elementor-gallery-item elementor-animated-content\" href=\"https:\/\/www.cm-benavente.pt\/wp-content\/uploads\/2025\/11\/temporada-da-musica-2025-coro-municipio-gala-opera-57-scaled.jpg\" data-elementor-open-lightbox=\"yes\" data-elementor-lightbox-slideshow=\"4533228\" data-elementor-lightbox-title=\"temporada da m\u00fasica 2025 coro munic\u00edpio gala \u00f3pera (57)\" data-e-action-hash=\"#elementor-action%3Aaction%3Dlightbox%26settings%3DeyJpZCI6ODAxNTksInVybCI6Imh0dHBzOlwvXC93d3cuY20tYmVuYXZlbnRlLnB0XC93cC1jb250ZW50XC91cGxvYWRzXC8yMDI1XC8xMVwvdGVtcG9yYWRhLWRhLW11c2ljYS0yMDI1LWNvcm8tbXVuaWNpcGlvLWdhbGEtb3BlcmEtNTctc2NhbGVkLmpwZyIsInNsaWRlc2hvdyI6IjQ1MzMyMjgifQ%3D%3D\">\n\t\t\t\t\t<div class=\"e-gallery-image elementor-gallery-item__image\" data-thumbnail=\"https:\/\/www.cm-benavente.pt\/wp-content\/uploads\/2025\/11\/temporada-da-musica-2025-coro-municipio-gala-opera-57-1024x683.jpg\" data-width=\"800\" data-height=\"534\" aria-label=\"\" role=\"img\" ><\/div>\n\t\t\t\t\t\t\t\t\t\t\t<div class=\"elementor-gallery-item__overlay\"><\/div>\n\t\t\t\t\t\t\t\t\t\t\t\t\t\t<\/a>\n\t\t\t\t\t\t\t<a class=\"e-gallery-item elementor-gallery-item elementor-animated-content\" href=\"https:\/\/www.cm-benavente.pt\/wp-content\/uploads\/2025\/11\/temporada-da-musica-2025-coro-municipio-gala-opera-58-scaled.jpg\" data-elementor-open-lightbox=\"yes\" data-elementor-lightbox-slideshow=\"4533228\" data-elementor-lightbox-title=\"temporada da m\u00fasica 2025 coro munic\u00edpio gala \u00f3pera (58)\" data-e-action-hash=\"#elementor-action%3Aaction%3Dlightbox%26settings%3DeyJpZCI6ODAxNjAsInVybCI6Imh0dHBzOlwvXC93d3cuY20tYmVuYXZlbnRlLnB0XC93cC1jb250ZW50XC91cGxvYWRzXC8yMDI1XC8xMVwvdGVtcG9yYWRhLWRhLW11c2ljYS0yMDI1LWNvcm8tbXVuaWNpcGlvLWdhbGEtb3BlcmEtNTgtc2NhbGVkLmpwZyIsInNsaWRlc2hvdyI6IjQ1MzMyMjgifQ%3D%3D\">\n\t\t\t\t\t<div class=\"e-gallery-image elementor-gallery-item__image\" data-thumbnail=\"https:\/\/www.cm-benavente.pt\/wp-content\/uploads\/2025\/11\/temporada-da-musica-2025-coro-municipio-gala-opera-58-1024x680.jpg\" data-width=\"800\" data-height=\"531\" aria-label=\"\" role=\"img\" ><\/div>\n\t\t\t\t\t\t\t\t\t\t\t<div class=\"elementor-gallery-item__overlay\"><\/div>\n\t\t\t\t\t\t\t\t\t\t\t\t\t\t<\/a>\n\t\t\t\t\t\t\t<a class=\"e-gallery-item elementor-gallery-item elementor-animated-content\" href=\"https:\/\/www.cm-benavente.pt\/wp-content\/uploads\/2025\/11\/temporada-da-musica-2025-coro-municipio-gala-opera-59-scaled.jpg\" data-elementor-open-lightbox=\"yes\" data-elementor-lightbox-slideshow=\"4533228\" data-elementor-lightbox-title=\"temporada da m\u00fasica 2025 coro munic\u00edpio gala \u00f3pera (59)\" data-e-action-hash=\"#elementor-action%3Aaction%3Dlightbox%26settings%3DeyJpZCI6ODAxNjEsInVybCI6Imh0dHBzOlwvXC93d3cuY20tYmVuYXZlbnRlLnB0XC93cC1jb250ZW50XC91cGxvYWRzXC8yMDI1XC8xMVwvdGVtcG9yYWRhLWRhLW11c2ljYS0yMDI1LWNvcm8tbXVuaWNpcGlvLWdhbGEtb3BlcmEtNTktc2NhbGVkLmpwZyIsInNsaWRlc2hvdyI6IjQ1MzMyMjgifQ%3D%3D\">\n\t\t\t\t\t<div class=\"e-gallery-image elementor-gallery-item__image\" data-thumbnail=\"https:\/\/www.cm-benavente.pt\/wp-content\/uploads\/2025\/11\/temporada-da-musica-2025-coro-municipio-gala-opera-59-1024x521.jpg\" data-width=\"800\" data-height=\"407\" aria-label=\"\" role=\"img\" ><\/div>\n\t\t\t\t\t\t\t\t\t\t\t<div class=\"elementor-gallery-item__overlay\"><\/div>\n\t\t\t\t\t\t\t\t\t\t\t\t\t\t<\/a>\n\t\t\t\t\t\t\t<a class=\"e-gallery-item elementor-gallery-item elementor-animated-content\" href=\"https:\/\/www.cm-benavente.pt\/wp-content\/uploads\/2025\/11\/temporada-da-musica-2025-coro-municipio-gala-opera-60-scaled.jpg\" data-elementor-open-lightbox=\"yes\" data-elementor-lightbox-slideshow=\"4533228\" data-elementor-lightbox-title=\"temporada da m\u00fasica 2025 coro munic\u00edpio gala \u00f3pera (60)\" data-e-action-hash=\"#elementor-action%3Aaction%3Dlightbox%26settings%3DeyJpZCI6ODAxNjIsInVybCI6Imh0dHBzOlwvXC93d3cuY20tYmVuYXZlbnRlLnB0XC93cC1jb250ZW50XC91cGxvYWRzXC8yMDI1XC8xMVwvdGVtcG9yYWRhLWRhLW11c2ljYS0yMDI1LWNvcm8tbXVuaWNpcGlvLWdhbGEtb3BlcmEtNjAtc2NhbGVkLmpwZyIsInNsaWRlc2hvdyI6IjQ1MzMyMjgifQ%3D%3D\">\n\t\t\t\t\t<div class=\"e-gallery-image elementor-gallery-item__image\" data-thumbnail=\"https:\/\/www.cm-benavente.pt\/wp-content\/uploads\/2025\/11\/temporada-da-musica-2025-coro-municipio-gala-opera-60-1024x612.jpg\" data-width=\"800\" data-height=\"478\" aria-label=\"\" role=\"img\" ><\/div>\n\t\t\t\t\t\t\t\t\t\t\t<div class=\"elementor-gallery-item__overlay\"><\/div>\n\t\t\t\t\t\t\t\t\t\t\t\t\t\t<\/a>\n\t\t\t\t\t\t\t<a class=\"e-gallery-item elementor-gallery-item elementor-animated-content\" href=\"https:\/\/www.cm-benavente.pt\/wp-content\/uploads\/2025\/11\/temporada-da-musica-2025-coro-municipio-gala-opera-61-scaled.jpg\" data-elementor-open-lightbox=\"yes\" data-elementor-lightbox-slideshow=\"4533228\" data-elementor-lightbox-title=\"temporada da m\u00fasica 2025 coro munic\u00edpio gala \u00f3pera (61)\" data-e-action-hash=\"#elementor-action%3Aaction%3Dlightbox%26settings%3DeyJpZCI6ODAxNjMsInVybCI6Imh0dHBzOlwvXC93d3cuY20tYmVuYXZlbnRlLnB0XC93cC1jb250ZW50XC91cGxvYWRzXC8yMDI1XC8xMVwvdGVtcG9yYWRhLWRhLW11c2ljYS0yMDI1LWNvcm8tbXVuaWNpcGlvLWdhbGEtb3BlcmEtNjEtc2NhbGVkLmpwZyIsInNsaWRlc2hvdyI6IjQ1MzMyMjgifQ%3D%3D\">\n\t\t\t\t\t<div class=\"e-gallery-image elementor-gallery-item__image\" data-thumbnail=\"https:\/\/www.cm-benavente.pt\/wp-content\/uploads\/2025\/11\/temporada-da-musica-2025-coro-municipio-gala-opera-61-1024x683.jpg\" data-width=\"800\" data-height=\"534\" aria-label=\"\" role=\"img\" ><\/div>\n\t\t\t\t\t\t\t\t\t\t\t<div class=\"elementor-gallery-item__overlay\"><\/div>\n\t\t\t\t\t\t\t\t\t\t\t\t\t\t<\/a>\n\t\t\t\t\t\t\t<a class=\"e-gallery-item elementor-gallery-item elementor-animated-content\" href=\"https:\/\/www.cm-benavente.pt\/wp-content\/uploads\/2025\/11\/temporada-da-musica-2025-coro-municipio-gala-opera-62-scaled.jpg\" data-elementor-open-lightbox=\"yes\" data-elementor-lightbox-slideshow=\"4533228\" data-elementor-lightbox-title=\"temporada da m\u00fasica 2025 coro munic\u00edpio gala \u00f3pera (62)\" data-e-action-hash=\"#elementor-action%3Aaction%3Dlightbox%26settings%3DeyJpZCI6ODAxNjQsInVybCI6Imh0dHBzOlwvXC93d3cuY20tYmVuYXZlbnRlLnB0XC93cC1jb250ZW50XC91cGxvYWRzXC8yMDI1XC8xMVwvdGVtcG9yYWRhLWRhLW11c2ljYS0yMDI1LWNvcm8tbXVuaWNpcGlvLWdhbGEtb3BlcmEtNjItc2NhbGVkLmpwZyIsInNsaWRlc2hvdyI6IjQ1MzMyMjgifQ%3D%3D\">\n\t\t\t\t\t<div class=\"e-gallery-image elementor-gallery-item__image\" data-thumbnail=\"https:\/\/www.cm-benavente.pt\/wp-content\/uploads\/2025\/11\/temporada-da-musica-2025-coro-municipio-gala-opera-62-1024x683.jpg\" data-width=\"800\" data-height=\"534\" aria-label=\"\" role=\"img\" ><\/div>\n\t\t\t\t\t\t\t\t\t\t\t<div class=\"elementor-gallery-item__overlay\"><\/div>\n\t\t\t\t\t\t\t\t\t\t\t\t\t\t<\/a>\n\t\t\t\t\t\t\t<a class=\"e-gallery-item elementor-gallery-item elementor-animated-content\" href=\"https:\/\/www.cm-benavente.pt\/wp-content\/uploads\/2025\/11\/temporada-da-musica-2025-coro-municipio-gala-opera-63-scaled.jpg\" data-elementor-open-lightbox=\"yes\" data-elementor-lightbox-slideshow=\"4533228\" data-elementor-lightbox-title=\"temporada da m\u00fasica 2025 coro munic\u00edpio gala \u00f3pera (63)\" data-e-action-hash=\"#elementor-action%3Aaction%3Dlightbox%26settings%3DeyJpZCI6ODAxNjUsInVybCI6Imh0dHBzOlwvXC93d3cuY20tYmVuYXZlbnRlLnB0XC93cC1jb250ZW50XC91cGxvYWRzXC8yMDI1XC8xMVwvdGVtcG9yYWRhLWRhLW11c2ljYS0yMDI1LWNvcm8tbXVuaWNpcGlvLWdhbGEtb3BlcmEtNjMtc2NhbGVkLmpwZyIsInNsaWRlc2hvdyI6IjQ1MzMyMjgifQ%3D%3D\">\n\t\t\t\t\t<div class=\"e-gallery-image elementor-gallery-item__image\" data-thumbnail=\"https:\/\/www.cm-benavente.pt\/wp-content\/uploads\/2025\/11\/temporada-da-musica-2025-coro-municipio-gala-opera-63-1024x629.jpg\" data-width=\"800\" data-height=\"491\" aria-label=\"\" role=\"img\" ><\/div>\n\t\t\t\t\t\t\t\t\t\t\t<div class=\"elementor-gallery-item__overlay\"><\/div>\n\t\t\t\t\t\t\t\t\t\t\t\t\t\t<\/a>\n\t\t\t\t\t\t\t<a class=\"e-gallery-item elementor-gallery-item elementor-animated-content\" href=\"https:\/\/www.cm-benavente.pt\/wp-content\/uploads\/2025\/11\/temporada-da-musica-2025-coro-municipio-gala-opera-64-scaled.jpg\" data-elementor-open-lightbox=\"yes\" data-elementor-lightbox-slideshow=\"4533228\" data-elementor-lightbox-title=\"temporada da m\u00fasica 2025 coro munic\u00edpio gala \u00f3pera (64)\" data-e-action-hash=\"#elementor-action%3Aaction%3Dlightbox%26settings%3DeyJpZCI6ODAxNjYsInVybCI6Imh0dHBzOlwvXC93d3cuY20tYmVuYXZlbnRlLnB0XC93cC1jb250ZW50XC91cGxvYWRzXC8yMDI1XC8xMVwvdGVtcG9yYWRhLWRhLW11c2ljYS0yMDI1LWNvcm8tbXVuaWNpcGlvLWdhbGEtb3BlcmEtNjQtc2NhbGVkLmpwZyIsInNsaWRlc2hvdyI6IjQ1MzMyMjgifQ%3D%3D\">\n\t\t\t\t\t<div class=\"e-gallery-image elementor-gallery-item__image\" data-thumbnail=\"https:\/\/www.cm-benavente.pt\/wp-content\/uploads\/2025\/11\/temporada-da-musica-2025-coro-municipio-gala-opera-64-1024x608.jpg\" data-width=\"800\" data-height=\"475\" aria-label=\"\" role=\"img\" ><\/div>\n\t\t\t\t\t\t\t\t\t\t\t<div class=\"elementor-gallery-item__overlay\"><\/div>\n\t\t\t\t\t\t\t\t\t\t\t\t\t\t<\/a>\n\t\t\t\t\t\t\t<a class=\"e-gallery-item elementor-gallery-item elementor-animated-content\" href=\"https:\/\/www.cm-benavente.pt\/wp-content\/uploads\/2025\/11\/temporada-da-musica-2025-coro-municipio-gala-opera-65-scaled.jpg\" data-elementor-open-lightbox=\"yes\" data-elementor-lightbox-slideshow=\"4533228\" data-elementor-lightbox-title=\"temporada da m\u00fasica 2025 coro munic\u00edpio gala \u00f3pera (65)\" data-e-action-hash=\"#elementor-action%3Aaction%3Dlightbox%26settings%3DeyJpZCI6ODAxNjcsInVybCI6Imh0dHBzOlwvXC93d3cuY20tYmVuYXZlbnRlLnB0XC93cC1jb250ZW50XC91cGxvYWRzXC8yMDI1XC8xMVwvdGVtcG9yYWRhLWRhLW11c2ljYS0yMDI1LWNvcm8tbXVuaWNpcGlvLWdhbGEtb3BlcmEtNjUtc2NhbGVkLmpwZyIsInNsaWRlc2hvdyI6IjQ1MzMyMjgifQ%3D%3D\">\n\t\t\t\t\t<div class=\"e-gallery-image elementor-gallery-item__image\" data-thumbnail=\"https:\/\/www.cm-benavente.pt\/wp-content\/uploads\/2025\/11\/temporada-da-musica-2025-coro-municipio-gala-opera-65-1024x627.jpg\" data-width=\"800\" data-height=\"490\" aria-label=\"\" role=\"img\" ><\/div>\n\t\t\t\t\t\t\t\t\t\t\t<div class=\"elementor-gallery-item__overlay\"><\/div>\n\t\t\t\t\t\t\t\t\t\t\t\t\t\t<\/a>\n\t\t\t\t\t\t\t<a class=\"e-gallery-item elementor-gallery-item elementor-animated-content\" href=\"https:\/\/www.cm-benavente.pt\/wp-content\/uploads\/2025\/11\/temporada-da-musica-2025-coro-municipio-gala-opera-66-scaled.jpg\" data-elementor-open-lightbox=\"yes\" data-elementor-lightbox-slideshow=\"4533228\" data-elementor-lightbox-title=\"temporada da m\u00fasica 2025 coro munic\u00edpio gala \u00f3pera (66)\" data-e-action-hash=\"#elementor-action%3Aaction%3Dlightbox%26settings%3DeyJpZCI6ODAxNjgsInVybCI6Imh0dHBzOlwvXC93d3cuY20tYmVuYXZlbnRlLnB0XC93cC1jb250ZW50XC91cGxvYWRzXC8yMDI1XC8xMVwvdGVtcG9yYWRhLWRhLW11c2ljYS0yMDI1LWNvcm8tbXVuaWNpcGlvLWdhbGEtb3BlcmEtNjYtc2NhbGVkLmpwZyIsInNsaWRlc2hvdyI6IjQ1MzMyMjgifQ%3D%3D\">\n\t\t\t\t\t<div class=\"e-gallery-image elementor-gallery-item__image\" data-thumbnail=\"https:\/\/www.cm-benavente.pt\/wp-content\/uploads\/2025\/11\/temporada-da-musica-2025-coro-municipio-gala-opera-66-1024x601.jpg\" data-width=\"800\" data-height=\"470\" aria-label=\"\" role=\"img\" ><\/div>\n\t\t\t\t\t\t\t\t\t\t\t<div class=\"elementor-gallery-item__overlay\"><\/div>\n\t\t\t\t\t\t\t\t\t\t\t\t\t\t<\/a>\n\t\t\t\t\t\t\t<a class=\"e-gallery-item elementor-gallery-item elementor-animated-content\" href=\"https:\/\/www.cm-benavente.pt\/wp-content\/uploads\/2025\/11\/temporada-da-musica-2025-coro-municipio-gala-opera-67-scaled.jpg\" data-elementor-open-lightbox=\"yes\" data-elementor-lightbox-slideshow=\"4533228\" data-elementor-lightbox-title=\"temporada da m\u00fasica 2025 coro munic\u00edpio gala \u00f3pera (67)\" data-e-action-hash=\"#elementor-action%3Aaction%3Dlightbox%26settings%3DeyJpZCI6ODAxNjksInVybCI6Imh0dHBzOlwvXC93d3cuY20tYmVuYXZlbnRlLnB0XC93cC1jb250ZW50XC91cGxvYWRzXC8yMDI1XC8xMVwvdGVtcG9yYWRhLWRhLW11c2ljYS0yMDI1LWNvcm8tbXVuaWNpcGlvLWdhbGEtb3BlcmEtNjctc2NhbGVkLmpwZyIsInNsaWRlc2hvdyI6IjQ1MzMyMjgifQ%3D%3D\">\n\t\t\t\t\t<div class=\"e-gallery-image elementor-gallery-item__image\" data-thumbnail=\"https:\/\/www.cm-benavente.pt\/wp-content\/uploads\/2025\/11\/temporada-da-musica-2025-coro-municipio-gala-opera-67-1024x557.jpg\" data-width=\"800\" data-height=\"435\" aria-label=\"\" role=\"img\" ><\/div>\n\t\t\t\t\t\t\t\t\t\t\t<div class=\"elementor-gallery-item__overlay\"><\/div>\n\t\t\t\t\t\t\t\t\t\t\t\t\t\t<\/a>\n\t\t\t\t\t\t\t<a class=\"e-gallery-item elementor-gallery-item elementor-animated-content\" href=\"https:\/\/www.cm-benavente.pt\/wp-content\/uploads\/2025\/11\/temporada-da-musica-2025-coro-municipio-gala-opera-68-scaled.jpg\" data-elementor-open-lightbox=\"yes\" data-elementor-lightbox-slideshow=\"4533228\" data-elementor-lightbox-title=\"temporada da m\u00fasica 2025 coro munic\u00edpio gala \u00f3pera (68)\" data-e-action-hash=\"#elementor-action%3Aaction%3Dlightbox%26settings%3DeyJpZCI6ODAxNzAsInVybCI6Imh0dHBzOlwvXC93d3cuY20tYmVuYXZlbnRlLnB0XC93cC1jb250ZW50XC91cGxvYWRzXC8yMDI1XC8xMVwvdGVtcG9yYWRhLWRhLW11c2ljYS0yMDI1LWNvcm8tbXVuaWNpcGlvLWdhbGEtb3BlcmEtNjgtc2NhbGVkLmpwZyIsInNsaWRlc2hvdyI6IjQ1MzMyMjgifQ%3D%3D\">\n\t\t\t\t\t<div class=\"e-gallery-image elementor-gallery-item__image\" data-thumbnail=\"https:\/\/www.cm-benavente.pt\/wp-content\/uploads\/2025\/11\/temporada-da-musica-2025-coro-municipio-gala-opera-68-1024x660.jpg\" data-width=\"800\" data-height=\"516\" aria-label=\"\" role=\"img\" ><\/div>\n\t\t\t\t\t\t\t\t\t\t\t<div class=\"elementor-gallery-item__overlay\"><\/div>\n\t\t\t\t\t\t\t\t\t\t\t\t\t\t<\/a>\n\t\t\t\t\t\t\t<a class=\"e-gallery-item elementor-gallery-item elementor-animated-content\" href=\"https:\/\/www.cm-benavente.pt\/wp-content\/uploads\/2025\/11\/temporada-da-musica-2025-coro-municipio-gala-opera-69-scaled.jpg\" data-elementor-open-lightbox=\"yes\" data-elementor-lightbox-slideshow=\"4533228\" data-elementor-lightbox-title=\"temporada da m\u00fasica 2025 coro munic\u00edpio gala \u00f3pera (69)\" data-e-action-hash=\"#elementor-action%3Aaction%3Dlightbox%26settings%3DeyJpZCI6ODAxNzEsInVybCI6Imh0dHBzOlwvXC93d3cuY20tYmVuYXZlbnRlLnB0XC93cC1jb250ZW50XC91cGxvYWRzXC8yMDI1XC8xMVwvdGVtcG9yYWRhLWRhLW11c2ljYS0yMDI1LWNvcm8tbXVuaWNpcGlvLWdhbGEtb3BlcmEtNjktc2NhbGVkLmpwZyIsInNsaWRlc2hvdyI6IjQ1MzMyMjgifQ%3D%3D\">\n\t\t\t\t\t<div class=\"e-gallery-image elementor-gallery-item__image\" data-thumbnail=\"https:\/\/www.cm-benavente.pt\/wp-content\/uploads\/2025\/11\/temporada-da-musica-2025-coro-municipio-gala-opera-69-1024x525.jpg\" data-width=\"800\" data-height=\"410\" aria-label=\"\" role=\"img\" ><\/div>\n\t\t\t\t\t\t\t\t\t\t\t<div class=\"elementor-gallery-item__overlay\"><\/div>\n\t\t\t\t\t\t\t\t\t\t\t\t\t\t<\/a>\n\t\t\t\t\t\t\t<a class=\"e-gallery-item elementor-gallery-item elementor-animated-content\" href=\"https:\/\/www.cm-benavente.pt\/wp-content\/uploads\/2025\/11\/temporada-da-musica-2025-coro-municipio-gala-opera-70-scaled.jpg\" data-elementor-open-lightbox=\"yes\" data-elementor-lightbox-slideshow=\"4533228\" data-elementor-lightbox-title=\"temporada da m\u00fasica 2025 coro munic\u00edpio gala \u00f3pera (70)\" data-e-action-hash=\"#elementor-action%3Aaction%3Dlightbox%26settings%3DeyJpZCI6ODAxNzIsInVybCI6Imh0dHBzOlwvXC93d3cuY20tYmVuYXZlbnRlLnB0XC93cC1jb250ZW50XC91cGxvYWRzXC8yMDI1XC8xMVwvdGVtcG9yYWRhLWRhLW11c2ljYS0yMDI1LWNvcm8tbXVuaWNpcGlvLWdhbGEtb3BlcmEtNzAtc2NhbGVkLmpwZyIsInNsaWRlc2hvdyI6IjQ1MzMyMjgifQ%3D%3D\">\n\t\t\t\t\t<div class=\"e-gallery-image elementor-gallery-item__image\" data-thumbnail=\"https:\/\/www.cm-benavente.pt\/wp-content\/uploads\/2025\/11\/temporada-da-musica-2025-coro-municipio-gala-opera-70-1024x461.jpg\" data-width=\"800\" data-height=\"360\" aria-label=\"\" role=\"img\" ><\/div>\n\t\t\t\t\t\t\t\t\t\t\t<div class=\"elementor-gallery-item__overlay\"><\/div>\n\t\t\t\t\t\t\t\t\t\t\t\t\t\t<\/a>\n\t\t\t\t\t\t\t<a class=\"e-gallery-item elementor-gallery-item elementor-animated-content\" href=\"https:\/\/www.cm-benavente.pt\/wp-content\/uploads\/2025\/11\/temporada-da-musica-2025-coro-municipio-gala-opera-71-scaled.jpg\" data-elementor-open-lightbox=\"yes\" data-elementor-lightbox-slideshow=\"4533228\" data-elementor-lightbox-title=\"temporada da m\u00fasica 2025 coro munic\u00edpio gala \u00f3pera (71)\" data-e-action-hash=\"#elementor-action%3Aaction%3Dlightbox%26settings%3DeyJpZCI6ODAxNzMsInVybCI6Imh0dHBzOlwvXC93d3cuY20tYmVuYXZlbnRlLnB0XC93cC1jb250ZW50XC91cGxvYWRzXC8yMDI1XC8xMVwvdGVtcG9yYWRhLWRhLW11c2ljYS0yMDI1LWNvcm8tbXVuaWNpcGlvLWdhbGEtb3BlcmEtNzEtc2NhbGVkLmpwZyIsInNsaWRlc2hvdyI6IjQ1MzMyMjgifQ%3D%3D\">\n\t\t\t\t\t<div class=\"e-gallery-image elementor-gallery-item__image\" data-thumbnail=\"https:\/\/www.cm-benavente.pt\/wp-content\/uploads\/2025\/11\/temporada-da-musica-2025-coro-municipio-gala-opera-71-1024x578.jpg\" data-width=\"800\" data-height=\"452\" aria-label=\"\" role=\"img\" ><\/div>\n\t\t\t\t\t\t\t\t\t\t\t<div class=\"elementor-gallery-item__overlay\"><\/div>\n\t\t\t\t\t\t\t\t\t\t\t\t\t\t<\/a>\n\t\t\t\t\t\t\t<a class=\"e-gallery-item elementor-gallery-item elementor-animated-content\" href=\"https:\/\/www.cm-benavente.pt\/wp-content\/uploads\/2025\/11\/temporada-da-musica-2025-coro-municipio-gala-opera-72-scaled.jpg\" data-elementor-open-lightbox=\"yes\" data-elementor-lightbox-slideshow=\"4533228\" data-elementor-lightbox-title=\"temporada da m\u00fasica 2025 coro munic\u00edpio gala \u00f3pera (72)\" data-e-action-hash=\"#elementor-action%3Aaction%3Dlightbox%26settings%3DeyJpZCI6ODAxNzQsInVybCI6Imh0dHBzOlwvXC93d3cuY20tYmVuYXZlbnRlLnB0XC93cC1jb250ZW50XC91cGxvYWRzXC8yMDI1XC8xMVwvdGVtcG9yYWRhLWRhLW11c2ljYS0yMDI1LWNvcm8tbXVuaWNpcGlvLWdhbGEtb3BlcmEtNzItc2NhbGVkLmpwZyIsInNsaWRlc2hvdyI6IjQ1MzMyMjgifQ%3D%3D\">\n\t\t\t\t\t<div class=\"e-gallery-image elementor-gallery-item__image\" data-thumbnail=\"https:\/\/www.cm-benavente.pt\/wp-content\/uploads\/2025\/11\/temporada-da-musica-2025-coro-municipio-gala-opera-72-1024x520.jpg\" data-width=\"800\" data-height=\"406\" aria-label=\"\" role=\"img\" ><\/div>\n\t\t\t\t\t\t\t\t\t\t\t<div class=\"elementor-gallery-item__overlay\"><\/div>\n\t\t\t\t\t\t\t\t\t\t\t\t\t\t<\/a>\n\t\t\t\t\t\t\t<a class=\"e-gallery-item elementor-gallery-item elementor-animated-content\" href=\"https:\/\/www.cm-benavente.pt\/wp-content\/uploads\/2025\/11\/temporada-da-musica-2025-coro-municipio-gala-opera-73-scaled.jpg\" data-elementor-open-lightbox=\"yes\" data-elementor-lightbox-slideshow=\"4533228\" data-elementor-lightbox-title=\"temporada da m\u00fasica 2025 coro munic\u00edpio gala \u00f3pera (73)\" data-e-action-hash=\"#elementor-action%3Aaction%3Dlightbox%26settings%3DeyJpZCI6ODAxNzUsInVybCI6Imh0dHBzOlwvXC93d3cuY20tYmVuYXZlbnRlLnB0XC93cC1jb250ZW50XC91cGxvYWRzXC8yMDI1XC8xMVwvdGVtcG9yYWRhLWRhLW11c2ljYS0yMDI1LWNvcm8tbXVuaWNpcGlvLWdhbGEtb3BlcmEtNzMtc2NhbGVkLmpwZyIsInNsaWRlc2hvdyI6IjQ1MzMyMjgifQ%3D%3D\">\n\t\t\t\t\t<div class=\"e-gallery-image elementor-gallery-item__image\" data-thumbnail=\"https:\/\/www.cm-benavente.pt\/wp-content\/uploads\/2025\/11\/temporada-da-musica-2025-coro-municipio-gala-opera-73-1024x681.jpg\" data-width=\"800\" data-height=\"532\" aria-label=\"\" role=\"img\" ><\/div>\n\t\t\t\t\t\t\t\t\t\t\t<div class=\"elementor-gallery-item__overlay\"><\/div>\n\t\t\t\t\t\t\t\t\t\t\t\t\t\t<\/a>\n\t\t\t\t\t\t\t<a class=\"e-gallery-item elementor-gallery-item elementor-animated-content\" href=\"https:\/\/www.cm-benavente.pt\/wp-content\/uploads\/2025\/11\/temporada-da-musica-2025-coro-municipio-gala-opera-74-scaled.jpg\" data-elementor-open-lightbox=\"yes\" data-elementor-lightbox-slideshow=\"4533228\" data-elementor-lightbox-title=\"temporada da m\u00fasica 2025 coro munic\u00edpio gala \u00f3pera (74)\" data-e-action-hash=\"#elementor-action%3Aaction%3Dlightbox%26settings%3DeyJpZCI6ODAxNzYsInVybCI6Imh0dHBzOlwvXC93d3cuY20tYmVuYXZlbnRlLnB0XC93cC1jb250ZW50XC91cGxvYWRzXC8yMDI1XC8xMVwvdGVtcG9yYWRhLWRhLW11c2ljYS0yMDI1LWNvcm8tbXVuaWNpcGlvLWdhbGEtb3BlcmEtNzQtc2NhbGVkLmpwZyIsInNsaWRlc2hvdyI6IjQ1MzMyMjgifQ%3D%3D\">\n\t\t\t\t\t<div class=\"e-gallery-image elementor-gallery-item__image\" data-thumbnail=\"https:\/\/www.cm-benavente.pt\/wp-content\/uploads\/2025\/11\/temporada-da-musica-2025-coro-municipio-gala-opera-74-1024x508.jpg\" data-width=\"800\" data-height=\"397\" aria-label=\"\" role=\"img\" ><\/div>\n\t\t\t\t\t\t\t\t\t\t\t<div class=\"elementor-gallery-item__overlay\"><\/div>\n\t\t\t\t\t\t\t\t\t\t\t\t\t\t<\/a>\n\t\t\t\t\t\t\t<a class=\"e-gallery-item elementor-gallery-item elementor-animated-content\" href=\"https:\/\/www.cm-benavente.pt\/wp-content\/uploads\/2025\/11\/temporada-da-musica-2025-coro-municipio-gala-opera-75-scaled.jpg\" data-elementor-open-lightbox=\"yes\" data-elementor-lightbox-slideshow=\"4533228\" data-elementor-lightbox-title=\"temporada da m\u00fasica 2025 coro munic\u00edpio gala \u00f3pera (75)\" data-e-action-hash=\"#elementor-action%3Aaction%3Dlightbox%26settings%3DeyJpZCI6ODAxNzcsInVybCI6Imh0dHBzOlwvXC93d3cuY20tYmVuYXZlbnRlLnB0XC93cC1jb250ZW50XC91cGxvYWRzXC8yMDI1XC8xMVwvdGVtcG9yYWRhLWRhLW11c2ljYS0yMDI1LWNvcm8tbXVuaWNpcGlvLWdhbGEtb3BlcmEtNzUtc2NhbGVkLmpwZyIsInNsaWRlc2hvdyI6IjQ1MzMyMjgifQ%3D%3D\">\n\t\t\t\t\t<div class=\"e-gallery-image elementor-gallery-item__image\" data-thumbnail=\"https:\/\/www.cm-benavente.pt\/wp-content\/uploads\/2025\/11\/temporada-da-musica-2025-coro-municipio-gala-opera-75-1024x626.jpg\" data-width=\"800\" data-height=\"489\" aria-label=\"\" role=\"img\" ><\/div>\n\t\t\t\t\t\t\t\t\t\t\t<div class=\"elementor-gallery-item__overlay\"><\/div>\n\t\t\t\t\t\t\t\t\t\t\t\t\t\t<\/a>\n\t\t\t\t\t\t\t<a class=\"e-gallery-item elementor-gallery-item elementor-animated-content\" href=\"https:\/\/www.cm-benavente.pt\/wp-content\/uploads\/2025\/11\/temporada-da-musica-2025-coro-municipio-gala-opera-76-scaled.jpg\" data-elementor-open-lightbox=\"yes\" data-elementor-lightbox-slideshow=\"4533228\" data-elementor-lightbox-title=\"temporada da m\u00fasica 2025 coro munic\u00edpio gala \u00f3pera (76)\" data-e-action-hash=\"#elementor-action%3Aaction%3Dlightbox%26settings%3DeyJpZCI6ODAxNzgsInVybCI6Imh0dHBzOlwvXC93d3cuY20tYmVuYXZlbnRlLnB0XC93cC1jb250ZW50XC91cGxvYWRzXC8yMDI1XC8xMVwvdGVtcG9yYWRhLWRhLW11c2ljYS0yMDI1LWNvcm8tbXVuaWNpcGlvLWdhbGEtb3BlcmEtNzYtc2NhbGVkLmpwZyIsInNsaWRlc2hvdyI6IjQ1MzMyMjgifQ%3D%3D\">\n\t\t\t\t\t<div class=\"e-gallery-image elementor-gallery-item__image\" data-thumbnail=\"https:\/\/www.cm-benavente.pt\/wp-content\/uploads\/2025\/11\/temporada-da-musica-2025-coro-municipio-gala-opera-76-1024x590.jpg\" data-width=\"800\" data-height=\"461\" aria-label=\"\" role=\"img\" ><\/div>\n\t\t\t\t\t\t\t\t\t\t\t<div class=\"elementor-gallery-item__overlay\"><\/div>\n\t\t\t\t\t\t\t\t\t\t\t\t\t\t<\/a>\n\t\t\t\t\t\t\t<a class=\"e-gallery-item elementor-gallery-item elementor-animated-content\" href=\"https:\/\/www.cm-benavente.pt\/wp-content\/uploads\/2025\/11\/temporada-da-musica-2025-coro-municipio-gala-opera-77-scaled.jpg\" data-elementor-open-lightbox=\"yes\" data-elementor-lightbox-slideshow=\"4533228\" data-elementor-lightbox-title=\"temporada da m\u00fasica 2025 coro munic\u00edpio gala \u00f3pera (77)\" data-e-action-hash=\"#elementor-action%3Aaction%3Dlightbox%26settings%3DeyJpZCI6ODAxNzksInVybCI6Imh0dHBzOlwvXC93d3cuY20tYmVuYXZlbnRlLnB0XC93cC1jb250ZW50XC91cGxvYWRzXC8yMDI1XC8xMVwvdGVtcG9yYWRhLWRhLW11c2ljYS0yMDI1LWNvcm8tbXVuaWNpcGlvLWdhbGEtb3BlcmEtNzctc2NhbGVkLmpwZyIsInNsaWRlc2hvdyI6IjQ1MzMyMjgifQ%3D%3D\">\n\t\t\t\t\t<div class=\"e-gallery-image elementor-gallery-item__image\" data-thumbnail=\"https:\/\/www.cm-benavente.pt\/wp-content\/uploads\/2025\/11\/temporada-da-musica-2025-coro-municipio-gala-opera-77-1024x607.jpg\" data-width=\"800\" data-height=\"474\" aria-label=\"\" role=\"img\" ><\/div>\n\t\t\t\t\t\t\t\t\t\t\t<div class=\"elementor-gallery-item__overlay\"><\/div>\n\t\t\t\t\t\t\t\t\t\t\t\t\t\t<\/a>\n\t\t\t\t\t\t\t<a class=\"e-gallery-item elementor-gallery-item elementor-animated-content\" href=\"https:\/\/www.cm-benavente.pt\/wp-content\/uploads\/2025\/11\/temporada-da-musica-2025-coro-municipio-gala-opera-78-scaled.jpg\" data-elementor-open-lightbox=\"yes\" data-elementor-lightbox-slideshow=\"4533228\" data-elementor-lightbox-title=\"temporada da m\u00fasica 2025 coro munic\u00edpio gala \u00f3pera (78)\" data-e-action-hash=\"#elementor-action%3Aaction%3Dlightbox%26settings%3DeyJpZCI6ODAxODAsInVybCI6Imh0dHBzOlwvXC93d3cuY20tYmVuYXZlbnRlLnB0XC93cC1jb250ZW50XC91cGxvYWRzXC8yMDI1XC8xMVwvdGVtcG9yYWRhLWRhLW11c2ljYS0yMDI1LWNvcm8tbXVuaWNpcGlvLWdhbGEtb3BlcmEtNzgtc2NhbGVkLmpwZyIsInNsaWRlc2hvdyI6IjQ1MzMyMjgifQ%3D%3D\">\n\t\t\t\t\t<div class=\"e-gallery-image elementor-gallery-item__image\" data-thumbnail=\"https:\/\/www.cm-benavente.pt\/wp-content\/uploads\/2025\/11\/temporada-da-musica-2025-coro-municipio-gala-opera-78-1024x504.jpg\" data-width=\"800\" data-height=\"394\" aria-label=\"\" role=\"img\" ><\/div>\n\t\t\t\t\t\t\t\t\t\t\t<div class=\"elementor-gallery-item__overlay\"><\/div>\n\t\t\t\t\t\t\t\t\t\t\t\t\t\t<\/a>\n\t\t\t\t\t\t\t<a class=\"e-gallery-item elementor-gallery-item elementor-animated-content\" href=\"https:\/\/www.cm-benavente.pt\/wp-content\/uploads\/2025\/11\/temporada-da-musica-2025-coro-municipio-gala-opera-79-scaled.jpg\" data-elementor-open-lightbox=\"yes\" data-elementor-lightbox-slideshow=\"4533228\" data-elementor-lightbox-title=\"temporada da m\u00fasica 2025 coro munic\u00edpio gala \u00f3pera (79)\" data-e-action-hash=\"#elementor-action%3Aaction%3Dlightbox%26settings%3DeyJpZCI6ODAxODEsInVybCI6Imh0dHBzOlwvXC93d3cuY20tYmVuYXZlbnRlLnB0XC93cC1jb250ZW50XC91cGxvYWRzXC8yMDI1XC8xMVwvdGVtcG9yYWRhLWRhLW11c2ljYS0yMDI1LWNvcm8tbXVuaWNpcGlvLWdhbGEtb3BlcmEtNzktc2NhbGVkLmpwZyIsInNsaWRlc2hvdyI6IjQ1MzMyMjgifQ%3D%3D\">\n\t\t\t\t\t<div class=\"e-gallery-image elementor-gallery-item__image\" data-thumbnail=\"https:\/\/www.cm-benavente.pt\/wp-content\/uploads\/2025\/11\/temporada-da-musica-2025-coro-municipio-gala-opera-79-1024x451.jpg\" data-width=\"800\" data-height=\"352\" aria-label=\"\" role=\"img\" ><\/div>\n\t\t\t\t\t\t\t\t\t\t\t<div class=\"elementor-gallery-item__overlay\"><\/div>\n\t\t\t\t\t\t\t\t\t\t\t\t\t\t<\/a>\n\t\t\t\t\t<\/div>\n\t\t\t\t\t<\/div>\n\t\t\t\t<\/div>\n\t\t\t\t\t<\/div>\n\t\t\t\t<\/div>\n\t\t\t\t<\/div>\n\t\t","protected":false},"excerpt":{"rendered":"<p>No passado s\u00e1bado, 8 de novembro, o Cineteatro de Benavente encheu-se para assistir a um dos momentos musicais mais marcantes da Temporada da M\u00fasica 2025.<\/p>\n","protected":false},"author":3,"featured_media":80101,"comment_status":"closed","ping_status":"closed","sticky":false,"template":"","format":"standard","meta":{"_vp_format_video_url":"","_vp_image_focal_point":[],"footnotes":""},"categories":[511],"tags":[16,33,5,2949,4,614,465],"class_list":["post-80100","post","type-post","status-publish","format-standard","has-post-thumbnail","hentry","category-cultura-noticias","tag-benavente","tag-coro","tag-cultura","tag-municipio","tag-musica","tag-opera","tag-temporada-da-musica"],"_links":{"self":[{"href":"https:\/\/www.cm-benavente.pt\/index.php\/wp-json\/wp\/v2\/posts\/80100","targetHints":{"allow":["GET"]}}],"collection":[{"href":"https:\/\/www.cm-benavente.pt\/index.php\/wp-json\/wp\/v2\/posts"}],"about":[{"href":"https:\/\/www.cm-benavente.pt\/index.php\/wp-json\/wp\/v2\/types\/post"}],"author":[{"embeddable":true,"href":"https:\/\/www.cm-benavente.pt\/index.php\/wp-json\/wp\/v2\/users\/3"}],"replies":[{"embeddable":true,"href":"https:\/\/www.cm-benavente.pt\/index.php\/wp-json\/wp\/v2\/comments?post=80100"}],"version-history":[{"count":4,"href":"https:\/\/www.cm-benavente.pt\/index.php\/wp-json\/wp\/v2\/posts\/80100\/revisions"}],"predecessor-version":[{"id":80184,"href":"https:\/\/www.cm-benavente.pt\/index.php\/wp-json\/wp\/v2\/posts\/80100\/revisions\/80184"}],"wp:featuredmedia":[{"embeddable":true,"href":"https:\/\/www.cm-benavente.pt\/index.php\/wp-json\/wp\/v2\/media\/80101"}],"wp:attachment":[{"href":"https:\/\/www.cm-benavente.pt\/index.php\/wp-json\/wp\/v2\/media?parent=80100"}],"wp:term":[{"taxonomy":"category","embeddable":true,"href":"https:\/\/www.cm-benavente.pt\/index.php\/wp-json\/wp\/v2\/categories?post=80100"},{"taxonomy":"post_tag","embeddable":true,"href":"https:\/\/www.cm-benavente.pt\/index.php\/wp-json\/wp\/v2\/tags?post=80100"}],"curies":[{"name":"wp","href":"https:\/\/api.w.org\/{rel}","templated":true}]}}