{"id":80095,"date":"2025-11-10T17:01:06","date_gmt":"2025-11-10T17:01:06","guid":{"rendered":"https:\/\/www.cm-benavente.pt\/?p=80095"},"modified":"2025-11-10T17:02:49","modified_gmt":"2025-11-10T17:02:49","slug":"arte-e-emocao-no-concerto-carlos-de-seixas-a-paredes","status":"publish","type":"post","link":"https:\/\/www.cm-benavente.pt\/index.php\/2025\/11\/10\/arte-e-emocao-no-concerto-carlos-de-seixas-a-paredes\/","title":{"rendered":"Arte e emo\u00e7\u00e3o no Concerto &#8220;Carlos\u2026 de Seixas a Paredes&#8221;"},"content":{"rendered":"\t\t<div data-elementor-type=\"wp-post\" data-elementor-id=\"80095\" class=\"elementor elementor-80095\" data-elementor-post-type=\"post\">\n\t\t\t\t<div class=\"elementor-element elementor-element-f8434a6 e-flex e-con-boxed e-con e-parent\" data-id=\"f8434a6\" data-element_type=\"container\" data-e-type=\"container\" data-settings=\"{&quot;tmea_shape_divider_top&quot;:&quot;none&quot;,&quot;tmea_shape_divider_bottom&quot;:&quot;none&quot;}\">\n\t\t\t\t\t<div class=\"e-con-inner\">\n\t\t\n\t\t<div class=\"elementor-element elementor-element-aad2d03 elementor-widget elementor-widget-text-editor\" data-id=\"aad2d03\" data-element_type=\"widget\" data-e-type=\"widget\" data-widget_type=\"text-editor.default\">\n\t\t\t\t<div class=\"elementor-widget-container\">\n\t\t\t\t\t\t\t\t\t<p>Na passada sexta-feira, o Centro Cultural de Samora Correia foi palco de uma noite especial com o concerto <strong>\u201cCarlos\u2026 de Seixas a Paredes\u201d<\/strong>, no \u00e2mbito da <strong>Temporada da M\u00fasica 2025.<\/strong><\/p><p>O projeto musical reuniu talento e sensibilidade, proporcionando ao p\u00fablico uma viagem \u00fanica entre o barroco e a guitarra portuguesa. As obras de Carlos Seixas ganharam vida num deslumbrante dueto de marimbas, enquanto as pe\u00e7as ic\u00f3nicas de Carlos Paredes emocionaram pela interpreta\u00e7\u00e3o apaixonada na guitarra portuguesa.<\/p><p>A apresenta\u00e7\u00e3o n\u00e3o s\u00f3 celebrou o centen\u00e1rio do nascimento de Carlos Paredes, como tamb\u00e9m honrou a ponte musical entre dois gigantes da m\u00fasica portuguesa. Uma noite de beleza, talento e cultura que ficar\u00e1 na mem\u00f3ria de todos os que marcaram presen\u00e7a.\u00a0<\/p><p><strong>Organiza\u00e7\u00e3o:<\/strong> C\u00e2mara Municipal de Benavente<\/p>\t\t\t\t\t\t\t\t<\/div>\n\t\t\t\t<\/div>\n\t\t\t\t<div class=\"elementor-element elementor-element-a1b27ef elementor-widget elementor-widget-gallery\" data-id=\"a1b27ef\" data-element_type=\"widget\" data-e-type=\"widget\" data-settings=\"{&quot;columns&quot;:7,&quot;lazyload&quot;:&quot;yes&quot;,&quot;gallery_layout&quot;:&quot;grid&quot;,&quot;columns_tablet&quot;:2,&quot;columns_mobile&quot;:1,&quot;gap&quot;:{&quot;unit&quot;:&quot;px&quot;,&quot;size&quot;:10,&quot;sizes&quot;:[]},&quot;gap_widescreen&quot;:{&quot;unit&quot;:&quot;px&quot;,&quot;size&quot;:&quot;&quot;,&quot;sizes&quot;:[]},&quot;gap_laptop&quot;:{&quot;unit&quot;:&quot;px&quot;,&quot;size&quot;:10,&quot;sizes&quot;:[]},&quot;gap_tablet_extra&quot;:{&quot;unit&quot;:&quot;px&quot;,&quot;size&quot;:10,&quot;sizes&quot;:[]},&quot;gap_tablet&quot;:{&quot;unit&quot;:&quot;px&quot;,&quot;size&quot;:10,&quot;sizes&quot;:[]},&quot;gap_mobile_extra&quot;:{&quot;unit&quot;:&quot;px&quot;,&quot;size&quot;:10,&quot;sizes&quot;:[]},&quot;gap_mobile&quot;:{&quot;unit&quot;:&quot;px&quot;,&quot;size&quot;:10,&quot;sizes&quot;:[]},&quot;link_to&quot;:&quot;file&quot;,&quot;aspect_ratio&quot;:&quot;3:2&quot;,&quot;overlay_background&quot;:&quot;yes&quot;,&quot;content_hover_animation&quot;:&quot;fade-in&quot;}\" data-widget_type=\"gallery.default\">\n\t\t\t\t<div class=\"elementor-widget-container\">\n\t\t\t\t\t\t\t<div class=\"elementor-gallery__container\">\n\t\t\t\t\t\t\t<a class=\"e-gallery-item elementor-gallery-item elementor-animated-content\" href=\"https:\/\/www.cm-benavente.pt\/wp-content\/uploads\/2025\/11\/Temporada-da-musica-2025-carlos-seixas-a-paredes-27-scaled.jpg\" data-elementor-open-lightbox=\"yes\" data-elementor-lightbox-slideshow=\"a1b27ef\" data-elementor-lightbox-title=\"Temporada da m\u00fasica 2025 carlos seixas a paredes (27)\" data-e-action-hash=\"#elementor-action%3Aaction%3Dlightbox%26settings%3DeyJpZCI6ODAwNjgsInVybCI6Imh0dHBzOlwvXC93d3cuY20tYmVuYXZlbnRlLnB0XC93cC1jb250ZW50XC91cGxvYWRzXC8yMDI1XC8xMVwvVGVtcG9yYWRhLWRhLW11c2ljYS0yMDI1LWNhcmxvcy1zZWl4YXMtYS1wYXJlZGVzLTI3LXNjYWxlZC5qcGciLCJzbGlkZXNob3ciOiJhMWIyN2VmIn0%3D\">\n\t\t\t\t\t<div class=\"e-gallery-image elementor-gallery-item__image\" data-thumbnail=\"https:\/\/www.cm-benavente.pt\/wp-content\/uploads\/2025\/11\/Temporada-da-musica-2025-carlos-seixas-a-paredes-27-1024x660.jpg\" data-width=\"800\" data-height=\"516\" aria-label=\"\" role=\"img\" ><\/div>\n\t\t\t\t\t\t\t\t\t\t\t<div class=\"elementor-gallery-item__overlay\"><\/div>\n\t\t\t\t\t\t\t\t\t\t\t\t\t\t<\/a>\n\t\t\t\t\t\t\t<a class=\"e-gallery-item elementor-gallery-item elementor-animated-content\" href=\"https:\/\/www.cm-benavente.pt\/wp-content\/uploads\/2025\/11\/Temporada-da-musica-2025-carlos-seixas-a-paredes-26-scaled.jpg\" data-elementor-open-lightbox=\"yes\" data-elementor-lightbox-slideshow=\"a1b27ef\" data-elementor-lightbox-title=\"Temporada da m\u00fasica 2025 carlos seixas a paredes (26)\" data-e-action-hash=\"#elementor-action%3Aaction%3Dlightbox%26settings%3DeyJpZCI6ODAwNjcsInVybCI6Imh0dHBzOlwvXC93d3cuY20tYmVuYXZlbnRlLnB0XC93cC1jb250ZW50XC91cGxvYWRzXC8yMDI1XC8xMVwvVGVtcG9yYWRhLWRhLW11c2ljYS0yMDI1LWNhcmxvcy1zZWl4YXMtYS1wYXJlZGVzLTI2LXNjYWxlZC5qcGciLCJzbGlkZXNob3ciOiJhMWIyN2VmIn0%3D\">\n\t\t\t\t\t<div class=\"e-gallery-image elementor-gallery-item__image\" data-thumbnail=\"https:\/\/www.cm-benavente.pt\/wp-content\/uploads\/2025\/11\/Temporada-da-musica-2025-carlos-seixas-a-paredes-26-1024x683.jpg\" data-width=\"800\" data-height=\"534\" aria-label=\"\" role=\"img\" ><\/div>\n\t\t\t\t\t\t\t\t\t\t\t<div class=\"elementor-gallery-item__overlay\"><\/div>\n\t\t\t\t\t\t\t\t\t\t\t\t\t\t<\/a>\n\t\t\t\t\t\t\t<a class=\"e-gallery-item elementor-gallery-item elementor-animated-content\" href=\"https:\/\/www.cm-benavente.pt\/wp-content\/uploads\/2025\/11\/Temporada-da-musica-2025-carlos-seixas-a-paredes-25-scaled.jpg\" data-elementor-open-lightbox=\"yes\" data-elementor-lightbox-slideshow=\"a1b27ef\" data-elementor-lightbox-title=\"Temporada da m\u00fasica 2025 carlos seixas a paredes (25)\" data-e-action-hash=\"#elementor-action%3Aaction%3Dlightbox%26settings%3DeyJpZCI6ODAwNjYsInVybCI6Imh0dHBzOlwvXC93d3cuY20tYmVuYXZlbnRlLnB0XC93cC1jb250ZW50XC91cGxvYWRzXC8yMDI1XC8xMVwvVGVtcG9yYWRhLWRhLW11c2ljYS0yMDI1LWNhcmxvcy1zZWl4YXMtYS1wYXJlZGVzLTI1LXNjYWxlZC5qcGciLCJzbGlkZXNob3ciOiJhMWIyN2VmIn0%3D\">\n\t\t\t\t\t<div class=\"e-gallery-image elementor-gallery-item__image\" data-thumbnail=\"https:\/\/www.cm-benavente.pt\/wp-content\/uploads\/2025\/11\/Temporada-da-musica-2025-carlos-seixas-a-paredes-25-1024x546.jpg\" data-width=\"800\" data-height=\"427\" aria-label=\"\" role=\"img\" ><\/div>\n\t\t\t\t\t\t\t\t\t\t\t<div class=\"elementor-gallery-item__overlay\"><\/div>\n\t\t\t\t\t\t\t\t\t\t\t\t\t\t<\/a>\n\t\t\t\t\t\t\t<a class=\"e-gallery-item elementor-gallery-item elementor-animated-content\" href=\"https:\/\/www.cm-benavente.pt\/wp-content\/uploads\/2025\/11\/Temporada-da-musica-2025-carlos-seixas-a-paredes-24-scaled.jpg\" data-elementor-open-lightbox=\"yes\" data-elementor-lightbox-slideshow=\"a1b27ef\" data-elementor-lightbox-title=\"Temporada da m\u00fasica 2025 carlos seixas a paredes (24)\" data-e-action-hash=\"#elementor-action%3Aaction%3Dlightbox%26settings%3DeyJpZCI6ODAwNjUsInVybCI6Imh0dHBzOlwvXC93d3cuY20tYmVuYXZlbnRlLnB0XC93cC1jb250ZW50XC91cGxvYWRzXC8yMDI1XC8xMVwvVGVtcG9yYWRhLWRhLW11c2ljYS0yMDI1LWNhcmxvcy1zZWl4YXMtYS1wYXJlZGVzLTI0LXNjYWxlZC5qcGciLCJzbGlkZXNob3ciOiJhMWIyN2VmIn0%3D\">\n\t\t\t\t\t<div class=\"e-gallery-image elementor-gallery-item__image\" data-thumbnail=\"https:\/\/www.cm-benavente.pt\/wp-content\/uploads\/2025\/11\/Temporada-da-musica-2025-carlos-seixas-a-paredes-24-1024x698.jpg\" data-width=\"800\" data-height=\"545\" aria-label=\"\" role=\"img\" ><\/div>\n\t\t\t\t\t\t\t\t\t\t\t<div class=\"elementor-gallery-item__overlay\"><\/div>\n\t\t\t\t\t\t\t\t\t\t\t\t\t\t<\/a>\n\t\t\t\t\t\t\t<a class=\"e-gallery-item elementor-gallery-item elementor-animated-content\" href=\"https:\/\/www.cm-benavente.pt\/wp-content\/uploads\/2025\/11\/Temporada-da-musica-2025-carlos-seixas-a-paredes-23-scaled.jpg\" data-elementor-open-lightbox=\"yes\" data-elementor-lightbox-slideshow=\"a1b27ef\" data-elementor-lightbox-title=\"Temporada da m\u00fasica 2025 carlos seixas a paredes (23)\" data-e-action-hash=\"#elementor-action%3Aaction%3Dlightbox%26settings%3DeyJpZCI6ODAwNjQsInVybCI6Imh0dHBzOlwvXC93d3cuY20tYmVuYXZlbnRlLnB0XC93cC1jb250ZW50XC91cGxvYWRzXC8yMDI1XC8xMVwvVGVtcG9yYWRhLWRhLW11c2ljYS0yMDI1LWNhcmxvcy1zZWl4YXMtYS1wYXJlZGVzLTIzLXNjYWxlZC5qcGciLCJzbGlkZXNob3ciOiJhMWIyN2VmIn0%3D\">\n\t\t\t\t\t<div class=\"e-gallery-image elementor-gallery-item__image\" data-thumbnail=\"https:\/\/www.cm-benavente.pt\/wp-content\/uploads\/2025\/11\/Temporada-da-musica-2025-carlos-seixas-a-paredes-23-1024x556.jpg\" data-width=\"800\" data-height=\"434\" aria-label=\"\" role=\"img\" ><\/div>\n\t\t\t\t\t\t\t\t\t\t\t<div class=\"elementor-gallery-item__overlay\"><\/div>\n\t\t\t\t\t\t\t\t\t\t\t\t\t\t<\/a>\n\t\t\t\t\t\t\t<a class=\"e-gallery-item elementor-gallery-item elementor-animated-content\" href=\"https:\/\/www.cm-benavente.pt\/wp-content\/uploads\/2025\/11\/Temporada-da-musica-2025-carlos-seixas-a-paredes-22-scaled.jpg\" data-elementor-open-lightbox=\"yes\" data-elementor-lightbox-slideshow=\"a1b27ef\" data-elementor-lightbox-title=\"Temporada da m\u00fasica 2025 carlos seixas a paredes (22)\" data-e-action-hash=\"#elementor-action%3Aaction%3Dlightbox%26settings%3DeyJpZCI6ODAwNjMsInVybCI6Imh0dHBzOlwvXC93d3cuY20tYmVuYXZlbnRlLnB0XC93cC1jb250ZW50XC91cGxvYWRzXC8yMDI1XC8xMVwvVGVtcG9yYWRhLWRhLW11c2ljYS0yMDI1LWNhcmxvcy1zZWl4YXMtYS1wYXJlZGVzLTIyLXNjYWxlZC5qcGciLCJzbGlkZXNob3ciOiJhMWIyN2VmIn0%3D\">\n\t\t\t\t\t<div class=\"e-gallery-image elementor-gallery-item__image\" data-thumbnail=\"https:\/\/www.cm-benavente.pt\/wp-content\/uploads\/2025\/11\/Temporada-da-musica-2025-carlos-seixas-a-paredes-22-1024x488.jpg\" data-width=\"800\" data-height=\"381\" aria-label=\"\" role=\"img\" ><\/div>\n\t\t\t\t\t\t\t\t\t\t\t<div class=\"elementor-gallery-item__overlay\"><\/div>\n\t\t\t\t\t\t\t\t\t\t\t\t\t\t<\/a>\n\t\t\t\t\t\t\t<a class=\"e-gallery-item elementor-gallery-item elementor-animated-content\" href=\"https:\/\/www.cm-benavente.pt\/wp-content\/uploads\/2025\/11\/Temporada-da-musica-2025-carlos-seixas-a-paredes-21-scaled.jpg\" data-elementor-open-lightbox=\"yes\" data-elementor-lightbox-slideshow=\"a1b27ef\" data-elementor-lightbox-title=\"Temporada da m\u00fasica 2025 carlos seixas a paredes (21)\" data-e-action-hash=\"#elementor-action%3Aaction%3Dlightbox%26settings%3DeyJpZCI6ODAwNjIsInVybCI6Imh0dHBzOlwvXC93d3cuY20tYmVuYXZlbnRlLnB0XC93cC1jb250ZW50XC91cGxvYWRzXC8yMDI1XC8xMVwvVGVtcG9yYWRhLWRhLW11c2ljYS0yMDI1LWNhcmxvcy1zZWl4YXMtYS1wYXJlZGVzLTIxLXNjYWxlZC5qcGciLCJzbGlkZXNob3ciOiJhMWIyN2VmIn0%3D\">\n\t\t\t\t\t<div class=\"e-gallery-image elementor-gallery-item__image\" data-thumbnail=\"https:\/\/www.cm-benavente.pt\/wp-content\/uploads\/2025\/11\/Temporada-da-musica-2025-carlos-seixas-a-paredes-21-1024x524.jpg\" data-width=\"800\" data-height=\"409\" aria-label=\"\" role=\"img\" ><\/div>\n\t\t\t\t\t\t\t\t\t\t\t<div class=\"elementor-gallery-item__overlay\"><\/div>\n\t\t\t\t\t\t\t\t\t\t\t\t\t\t<\/a>\n\t\t\t\t\t\t\t<a class=\"e-gallery-item elementor-gallery-item elementor-animated-content\" href=\"https:\/\/www.cm-benavente.pt\/wp-content\/uploads\/2025\/11\/Temporada-da-musica-2025-carlos-seixas-a-paredes-20-scaled.jpg\" data-elementor-open-lightbox=\"yes\" data-elementor-lightbox-slideshow=\"a1b27ef\" data-elementor-lightbox-title=\"Temporada da m\u00fasica 2025 carlos seixas a paredes (20)\" data-e-action-hash=\"#elementor-action%3Aaction%3Dlightbox%26settings%3DeyJpZCI6ODAwNjEsInVybCI6Imh0dHBzOlwvXC93d3cuY20tYmVuYXZlbnRlLnB0XC93cC1jb250ZW50XC91cGxvYWRzXC8yMDI1XC8xMVwvVGVtcG9yYWRhLWRhLW11c2ljYS0yMDI1LWNhcmxvcy1zZWl4YXMtYS1wYXJlZGVzLTIwLXNjYWxlZC5qcGciLCJzbGlkZXNob3ciOiJhMWIyN2VmIn0%3D\">\n\t\t\t\t\t<div class=\"e-gallery-image elementor-gallery-item__image\" data-thumbnail=\"https:\/\/www.cm-benavente.pt\/wp-content\/uploads\/2025\/11\/Temporada-da-musica-2025-carlos-seixas-a-paredes-20-1024x558.jpg\" data-width=\"800\" data-height=\"436\" aria-label=\"\" role=\"img\" ><\/div>\n\t\t\t\t\t\t\t\t\t\t\t<div class=\"elementor-gallery-item__overlay\"><\/div>\n\t\t\t\t\t\t\t\t\t\t\t\t\t\t<\/a>\n\t\t\t\t\t\t\t<a class=\"e-gallery-item elementor-gallery-item elementor-animated-content\" href=\"https:\/\/www.cm-benavente.pt\/wp-content\/uploads\/2025\/11\/Temporada-da-musica-2025-carlos-seixas-a-paredes-19-scaled.jpg\" data-elementor-open-lightbox=\"yes\" data-elementor-lightbox-slideshow=\"a1b27ef\" data-elementor-lightbox-title=\"Temporada da m\u00fasica 2025 carlos seixas a paredes (19)\" data-e-action-hash=\"#elementor-action%3Aaction%3Dlightbox%26settings%3DeyJpZCI6ODAwNjAsInVybCI6Imh0dHBzOlwvXC93d3cuY20tYmVuYXZlbnRlLnB0XC93cC1jb250ZW50XC91cGxvYWRzXC8yMDI1XC8xMVwvVGVtcG9yYWRhLWRhLW11c2ljYS0yMDI1LWNhcmxvcy1zZWl4YXMtYS1wYXJlZGVzLTE5LXNjYWxlZC5qcGciLCJzbGlkZXNob3ciOiJhMWIyN2VmIn0%3D\">\n\t\t\t\t\t<div class=\"e-gallery-image elementor-gallery-item__image\" data-thumbnail=\"https:\/\/www.cm-benavente.pt\/wp-content\/uploads\/2025\/11\/Temporada-da-musica-2025-carlos-seixas-a-paredes-19-1024x538.jpg\" data-width=\"800\" data-height=\"420\" aria-label=\"\" role=\"img\" ><\/div>\n\t\t\t\t\t\t\t\t\t\t\t<div class=\"elementor-gallery-item__overlay\"><\/div>\n\t\t\t\t\t\t\t\t\t\t\t\t\t\t<\/a>\n\t\t\t\t\t\t\t<a class=\"e-gallery-item elementor-gallery-item elementor-animated-content\" href=\"https:\/\/www.cm-benavente.pt\/wp-content\/uploads\/2025\/11\/Temporada-da-musica-2025-carlos-seixas-a-paredes-18-scaled.jpg\" data-elementor-open-lightbox=\"yes\" data-elementor-lightbox-slideshow=\"a1b27ef\" data-elementor-lightbox-title=\"Temporada da m\u00fasica 2025 carlos seixas a paredes (18)\" data-e-action-hash=\"#elementor-action%3Aaction%3Dlightbox%26settings%3DeyJpZCI6ODAwNTksInVybCI6Imh0dHBzOlwvXC93d3cuY20tYmVuYXZlbnRlLnB0XC93cC1jb250ZW50XC91cGxvYWRzXC8yMDI1XC8xMVwvVGVtcG9yYWRhLWRhLW11c2ljYS0yMDI1LWNhcmxvcy1zZWl4YXMtYS1wYXJlZGVzLTE4LXNjYWxlZC5qcGciLCJzbGlkZXNob3ciOiJhMWIyN2VmIn0%3D\">\n\t\t\t\t\t<div class=\"e-gallery-image elementor-gallery-item__image\" data-thumbnail=\"https:\/\/www.cm-benavente.pt\/wp-content\/uploads\/2025\/11\/Temporada-da-musica-2025-carlos-seixas-a-paredes-18-706x1024.jpg\" data-width=\"706\" data-height=\"1024\" aria-label=\"\" role=\"img\" ><\/div>\n\t\t\t\t\t\t\t\t\t\t\t<div class=\"elementor-gallery-item__overlay\"><\/div>\n\t\t\t\t\t\t\t\t\t\t\t\t\t\t<\/a>\n\t\t\t\t\t\t\t<a class=\"e-gallery-item elementor-gallery-item elementor-animated-content\" href=\"https:\/\/www.cm-benavente.pt\/wp-content\/uploads\/2025\/11\/Temporada-da-musica-2025-carlos-seixas-a-paredes-17-scaled.jpg\" data-elementor-open-lightbox=\"yes\" data-elementor-lightbox-slideshow=\"a1b27ef\" data-elementor-lightbox-title=\"Temporada da m\u00fasica 2025 carlos seixas a paredes (17)\" data-e-action-hash=\"#elementor-action%3Aaction%3Dlightbox%26settings%3DeyJpZCI6ODAwNTgsInVybCI6Imh0dHBzOlwvXC93d3cuY20tYmVuYXZlbnRlLnB0XC93cC1jb250ZW50XC91cGxvYWRzXC8yMDI1XC8xMVwvVGVtcG9yYWRhLWRhLW11c2ljYS0yMDI1LWNhcmxvcy1zZWl4YXMtYS1wYXJlZGVzLTE3LXNjYWxlZC5qcGciLCJzbGlkZXNob3ciOiJhMWIyN2VmIn0%3D\">\n\t\t\t\t\t<div class=\"e-gallery-image elementor-gallery-item__image\" data-thumbnail=\"https:\/\/www.cm-benavente.pt\/wp-content\/uploads\/2025\/11\/Temporada-da-musica-2025-carlos-seixas-a-paredes-17-683x1024.jpg\" data-width=\"683\" data-height=\"1024\" aria-label=\"\" role=\"img\" ><\/div>\n\t\t\t\t\t\t\t\t\t\t\t<div class=\"elementor-gallery-item__overlay\"><\/div>\n\t\t\t\t\t\t\t\t\t\t\t\t\t\t<\/a>\n\t\t\t\t\t\t\t<a class=\"e-gallery-item elementor-gallery-item elementor-animated-content\" href=\"https:\/\/www.cm-benavente.pt\/wp-content\/uploads\/2025\/11\/Temporada-da-musica-2025-carlos-seixas-a-paredes-16-scaled.jpg\" data-elementor-open-lightbox=\"yes\" data-elementor-lightbox-slideshow=\"a1b27ef\" data-elementor-lightbox-title=\"Temporada da m\u00fasica 2025 carlos seixas a paredes (16)\" data-e-action-hash=\"#elementor-action%3Aaction%3Dlightbox%26settings%3DeyJpZCI6ODAwNTcsInVybCI6Imh0dHBzOlwvXC93d3cuY20tYmVuYXZlbnRlLnB0XC93cC1jb250ZW50XC91cGxvYWRzXC8yMDI1XC8xMVwvVGVtcG9yYWRhLWRhLW11c2ljYS0yMDI1LWNhcmxvcy1zZWl4YXMtYS1wYXJlZGVzLTE2LXNjYWxlZC5qcGciLCJzbGlkZXNob3ciOiJhMWIyN2VmIn0%3D\">\n\t\t\t\t\t<div class=\"e-gallery-image elementor-gallery-item__image\" data-thumbnail=\"https:\/\/www.cm-benavente.pt\/wp-content\/uploads\/2025\/11\/Temporada-da-musica-2025-carlos-seixas-a-paredes-16-1024x525.jpg\" data-width=\"800\" data-height=\"410\" aria-label=\"\" role=\"img\" ><\/div>\n\t\t\t\t\t\t\t\t\t\t\t<div class=\"elementor-gallery-item__overlay\"><\/div>\n\t\t\t\t\t\t\t\t\t\t\t\t\t\t<\/a>\n\t\t\t\t\t\t\t<a class=\"e-gallery-item elementor-gallery-item elementor-animated-content\" href=\"https:\/\/www.cm-benavente.pt\/wp-content\/uploads\/2025\/11\/Temporada-da-musica-2025-carlos-seixas-a-paredes-15-scaled.jpg\" data-elementor-open-lightbox=\"yes\" data-elementor-lightbox-slideshow=\"a1b27ef\" data-elementor-lightbox-title=\"Temporada da m\u00fasica 2025 carlos seixas a paredes (15)\" data-e-action-hash=\"#elementor-action%3Aaction%3Dlightbox%26settings%3DeyJpZCI6ODAwNTYsInVybCI6Imh0dHBzOlwvXC93d3cuY20tYmVuYXZlbnRlLnB0XC93cC1jb250ZW50XC91cGxvYWRzXC8yMDI1XC8xMVwvVGVtcG9yYWRhLWRhLW11c2ljYS0yMDI1LWNhcmxvcy1zZWl4YXMtYS1wYXJlZGVzLTE1LXNjYWxlZC5qcGciLCJzbGlkZXNob3ciOiJhMWIyN2VmIn0%3D\">\n\t\t\t\t\t<div class=\"e-gallery-image elementor-gallery-item__image\" data-thumbnail=\"https:\/\/www.cm-benavente.pt\/wp-content\/uploads\/2025\/11\/Temporada-da-musica-2025-carlos-seixas-a-paredes-15-1024x568.jpg\" data-width=\"800\" data-height=\"444\" aria-label=\"\" role=\"img\" ><\/div>\n\t\t\t\t\t\t\t\t\t\t\t<div class=\"elementor-gallery-item__overlay\"><\/div>\n\t\t\t\t\t\t\t\t\t\t\t\t\t\t<\/a>\n\t\t\t\t\t\t\t<a class=\"e-gallery-item elementor-gallery-item elementor-animated-content\" href=\"https:\/\/www.cm-benavente.pt\/wp-content\/uploads\/2025\/11\/Temporada-da-musica-2025-carlos-seixas-a-paredes-14-scaled.jpg\" data-elementor-open-lightbox=\"yes\" data-elementor-lightbox-slideshow=\"a1b27ef\" data-elementor-lightbox-title=\"Temporada da m\u00fasica 2025 carlos seixas a paredes (14)\" data-e-action-hash=\"#elementor-action%3Aaction%3Dlightbox%26settings%3DeyJpZCI6ODAwNTUsInVybCI6Imh0dHBzOlwvXC93d3cuY20tYmVuYXZlbnRlLnB0XC93cC1jb250ZW50XC91cGxvYWRzXC8yMDI1XC8xMVwvVGVtcG9yYWRhLWRhLW11c2ljYS0yMDI1LWNhcmxvcy1zZWl4YXMtYS1wYXJlZGVzLTE0LXNjYWxlZC5qcGciLCJzbGlkZXNob3ciOiJhMWIyN2VmIn0%3D\">\n\t\t\t\t\t<div class=\"e-gallery-image elementor-gallery-item__image\" data-thumbnail=\"https:\/\/www.cm-benavente.pt\/wp-content\/uploads\/2025\/11\/Temporada-da-musica-2025-carlos-seixas-a-paredes-14-1024x643.jpg\" data-width=\"800\" data-height=\"502\" aria-label=\"\" role=\"img\" ><\/div>\n\t\t\t\t\t\t\t\t\t\t\t<div class=\"elementor-gallery-item__overlay\"><\/div>\n\t\t\t\t\t\t\t\t\t\t\t\t\t\t<\/a>\n\t\t\t\t\t\t\t<a class=\"e-gallery-item elementor-gallery-item elementor-animated-content\" href=\"https:\/\/www.cm-benavente.pt\/wp-content\/uploads\/2025\/11\/Temporada-da-musica-2025-carlos-seixas-a-paredes-13-scaled.jpg\" data-elementor-open-lightbox=\"yes\" data-elementor-lightbox-slideshow=\"a1b27ef\" data-elementor-lightbox-title=\"Temporada da m\u00fasica 2025 carlos seixas a paredes (13)\" data-e-action-hash=\"#elementor-action%3Aaction%3Dlightbox%26settings%3DeyJpZCI6ODAwNTQsInVybCI6Imh0dHBzOlwvXC93d3cuY20tYmVuYXZlbnRlLnB0XC93cC1jb250ZW50XC91cGxvYWRzXC8yMDI1XC8xMVwvVGVtcG9yYWRhLWRhLW11c2ljYS0yMDI1LWNhcmxvcy1zZWl4YXMtYS1wYXJlZGVzLTEzLXNjYWxlZC5qcGciLCJzbGlkZXNob3ciOiJhMWIyN2VmIn0%3D\">\n\t\t\t\t\t<div class=\"e-gallery-image elementor-gallery-item__image\" data-thumbnail=\"https:\/\/www.cm-benavente.pt\/wp-content\/uploads\/2025\/11\/Temporada-da-musica-2025-carlos-seixas-a-paredes-13-1024x468.jpg\" data-width=\"800\" data-height=\"366\" aria-label=\"\" role=\"img\" ><\/div>\n\t\t\t\t\t\t\t\t\t\t\t<div class=\"elementor-gallery-item__overlay\"><\/div>\n\t\t\t\t\t\t\t\t\t\t\t\t\t\t<\/a>\n\t\t\t\t\t\t\t<a class=\"e-gallery-item elementor-gallery-item elementor-animated-content\" href=\"https:\/\/www.cm-benavente.pt\/wp-content\/uploads\/2025\/11\/Temporada-da-musica-2025-carlos-seixas-a-paredes-12-scaled.jpg\" data-elementor-open-lightbox=\"yes\" data-elementor-lightbox-slideshow=\"a1b27ef\" data-elementor-lightbox-title=\"Temporada da m\u00fasica 2025 carlos seixas a paredes (12)\" data-e-action-hash=\"#elementor-action%3Aaction%3Dlightbox%26settings%3DeyJpZCI6ODAwNTMsInVybCI6Imh0dHBzOlwvXC93d3cuY20tYmVuYXZlbnRlLnB0XC93cC1jb250ZW50XC91cGxvYWRzXC8yMDI1XC8xMVwvVGVtcG9yYWRhLWRhLW11c2ljYS0yMDI1LWNhcmxvcy1zZWl4YXMtYS1wYXJlZGVzLTEyLXNjYWxlZC5qcGciLCJzbGlkZXNob3ciOiJhMWIyN2VmIn0%3D\">\n\t\t\t\t\t<div class=\"e-gallery-image elementor-gallery-item__image\" data-thumbnail=\"https:\/\/www.cm-benavente.pt\/wp-content\/uploads\/2025\/11\/Temporada-da-musica-2025-carlos-seixas-a-paredes-12-1024x570.jpg\" data-width=\"800\" data-height=\"445\" aria-label=\"\" role=\"img\" ><\/div>\n\t\t\t\t\t\t\t\t\t\t\t<div class=\"elementor-gallery-item__overlay\"><\/div>\n\t\t\t\t\t\t\t\t\t\t\t\t\t\t<\/a>\n\t\t\t\t\t\t\t<a class=\"e-gallery-item elementor-gallery-item elementor-animated-content\" href=\"https:\/\/www.cm-benavente.pt\/wp-content\/uploads\/2025\/11\/Temporada-da-musica-2025-carlos-seixas-a-paredes-11-scaled.jpg\" data-elementor-open-lightbox=\"yes\" data-elementor-lightbox-slideshow=\"a1b27ef\" data-elementor-lightbox-title=\"Temporada da m\u00fasica 2025 carlos seixas a paredes (11)\" data-e-action-hash=\"#elementor-action%3Aaction%3Dlightbox%26settings%3DeyJpZCI6ODAwNTIsInVybCI6Imh0dHBzOlwvXC93d3cuY20tYmVuYXZlbnRlLnB0XC93cC1jb250ZW50XC91cGxvYWRzXC8yMDI1XC8xMVwvVGVtcG9yYWRhLWRhLW11c2ljYS0yMDI1LWNhcmxvcy1zZWl4YXMtYS1wYXJlZGVzLTExLXNjYWxlZC5qcGciLCJzbGlkZXNob3ciOiJhMWIyN2VmIn0%3D\">\n\t\t\t\t\t<div class=\"e-gallery-image elementor-gallery-item__image\" data-thumbnail=\"https:\/\/www.cm-benavente.pt\/wp-content\/uploads\/2025\/11\/Temporada-da-musica-2025-carlos-seixas-a-paredes-11-1024x629.jpg\" data-width=\"800\" data-height=\"491\" aria-label=\"\" role=\"img\" ><\/div>\n\t\t\t\t\t\t\t\t\t\t\t<div class=\"elementor-gallery-item__overlay\"><\/div>\n\t\t\t\t\t\t\t\t\t\t\t\t\t\t<\/a>\n\t\t\t\t\t\t\t<a class=\"e-gallery-item elementor-gallery-item elementor-animated-content\" href=\"https:\/\/www.cm-benavente.pt\/wp-content\/uploads\/2025\/11\/Temporada-da-musica-2025-carlos-seixas-a-paredes-10-scaled.jpg\" data-elementor-open-lightbox=\"yes\" data-elementor-lightbox-slideshow=\"a1b27ef\" data-elementor-lightbox-title=\"Temporada da m\u00fasica 2025 carlos seixas a paredes (10)\" data-e-action-hash=\"#elementor-action%3Aaction%3Dlightbox%26settings%3DeyJpZCI6ODAwNTEsInVybCI6Imh0dHBzOlwvXC93d3cuY20tYmVuYXZlbnRlLnB0XC93cC1jb250ZW50XC91cGxvYWRzXC8yMDI1XC8xMVwvVGVtcG9yYWRhLWRhLW11c2ljYS0yMDI1LWNhcmxvcy1zZWl4YXMtYS1wYXJlZGVzLTEwLXNjYWxlZC5qcGciLCJzbGlkZXNob3ciOiJhMWIyN2VmIn0%3D\">\n\t\t\t\t\t<div class=\"e-gallery-image elementor-gallery-item__image\" data-thumbnail=\"https:\/\/www.cm-benavente.pt\/wp-content\/uploads\/2025\/11\/Temporada-da-musica-2025-carlos-seixas-a-paredes-10-1024x556.jpg\" data-width=\"800\" data-height=\"434\" aria-label=\"\" role=\"img\" ><\/div>\n\t\t\t\t\t\t\t\t\t\t\t<div class=\"elementor-gallery-item__overlay\"><\/div>\n\t\t\t\t\t\t\t\t\t\t\t\t\t\t<\/a>\n\t\t\t\t\t\t\t<a class=\"e-gallery-item elementor-gallery-item elementor-animated-content\" href=\"https:\/\/www.cm-benavente.pt\/wp-content\/uploads\/2025\/11\/Temporada-da-musica-2025-carlos-seixas-a-paredes-9-scaled.jpg\" data-elementor-open-lightbox=\"yes\" data-elementor-lightbox-slideshow=\"a1b27ef\" data-elementor-lightbox-title=\"Temporada da m\u00fasica 2025 carlos seixas a paredes (9)\" data-e-action-hash=\"#elementor-action%3Aaction%3Dlightbox%26settings%3DeyJpZCI6ODAwNTAsInVybCI6Imh0dHBzOlwvXC93d3cuY20tYmVuYXZlbnRlLnB0XC93cC1jb250ZW50XC91cGxvYWRzXC8yMDI1XC8xMVwvVGVtcG9yYWRhLWRhLW11c2ljYS0yMDI1LWNhcmxvcy1zZWl4YXMtYS1wYXJlZGVzLTktc2NhbGVkLmpwZyIsInNsaWRlc2hvdyI6ImExYjI3ZWYifQ%3D%3D\">\n\t\t\t\t\t<div class=\"e-gallery-image elementor-gallery-item__image\" data-thumbnail=\"https:\/\/www.cm-benavente.pt\/wp-content\/uploads\/2025\/11\/Temporada-da-musica-2025-carlos-seixas-a-paredes-9-1024x531.jpg\" data-width=\"800\" data-height=\"415\" aria-label=\"\" role=\"img\" ><\/div>\n\t\t\t\t\t\t\t\t\t\t\t<div class=\"elementor-gallery-item__overlay\"><\/div>\n\t\t\t\t\t\t\t\t\t\t\t\t\t\t<\/a>\n\t\t\t\t\t\t\t<a class=\"e-gallery-item elementor-gallery-item elementor-animated-content\" href=\"https:\/\/www.cm-benavente.pt\/wp-content\/uploads\/2025\/11\/Temporada-da-musica-2025-carlos-seixas-a-paredes-8-scaled.jpg\" data-elementor-open-lightbox=\"yes\" data-elementor-lightbox-slideshow=\"a1b27ef\" data-elementor-lightbox-title=\"Temporada da m\u00fasica 2025 carlos seixas a paredes (8)\" data-e-action-hash=\"#elementor-action%3Aaction%3Dlightbox%26settings%3DeyJpZCI6ODAwNDksInVybCI6Imh0dHBzOlwvXC93d3cuY20tYmVuYXZlbnRlLnB0XC93cC1jb250ZW50XC91cGxvYWRzXC8yMDI1XC8xMVwvVGVtcG9yYWRhLWRhLW11c2ljYS0yMDI1LWNhcmxvcy1zZWl4YXMtYS1wYXJlZGVzLTgtc2NhbGVkLmpwZyIsInNsaWRlc2hvdyI6ImExYjI3ZWYifQ%3D%3D\">\n\t\t\t\t\t<div class=\"e-gallery-image elementor-gallery-item__image\" data-thumbnail=\"https:\/\/www.cm-benavente.pt\/wp-content\/uploads\/2025\/11\/Temporada-da-musica-2025-carlos-seixas-a-paredes-8-1024x440.jpg\" data-width=\"800\" data-height=\"344\" aria-label=\"\" role=\"img\" ><\/div>\n\t\t\t\t\t\t\t\t\t\t\t<div class=\"elementor-gallery-item__overlay\"><\/div>\n\t\t\t\t\t\t\t\t\t\t\t\t\t\t<\/a>\n\t\t\t\t\t\t\t<a class=\"e-gallery-item elementor-gallery-item elementor-animated-content\" href=\"https:\/\/www.cm-benavente.pt\/wp-content\/uploads\/2025\/11\/Temporada-da-musica-2025-carlos-seixas-a-paredes-6-scaled.jpg\" data-elementor-open-lightbox=\"yes\" data-elementor-lightbox-slideshow=\"a1b27ef\" data-elementor-lightbox-title=\"Temporada da m\u00fasica 2025 carlos seixas a paredes (6)\" data-e-action-hash=\"#elementor-action%3Aaction%3Dlightbox%26settings%3DeyJpZCI6ODAwNDcsInVybCI6Imh0dHBzOlwvXC93d3cuY20tYmVuYXZlbnRlLnB0XC93cC1jb250ZW50XC91cGxvYWRzXC8yMDI1XC8xMVwvVGVtcG9yYWRhLWRhLW11c2ljYS0yMDI1LWNhcmxvcy1zZWl4YXMtYS1wYXJlZGVzLTYtc2NhbGVkLmpwZyIsInNsaWRlc2hvdyI6ImExYjI3ZWYifQ%3D%3D\">\n\t\t\t\t\t<div class=\"e-gallery-image elementor-gallery-item__image\" data-thumbnail=\"https:\/\/www.cm-benavente.pt\/wp-content\/uploads\/2025\/11\/Temporada-da-musica-2025-carlos-seixas-a-paredes-6-1024x639.jpg\" data-width=\"800\" data-height=\"499\" aria-label=\"\" role=\"img\" ><\/div>\n\t\t\t\t\t\t\t\t\t\t\t<div class=\"elementor-gallery-item__overlay\"><\/div>\n\t\t\t\t\t\t\t\t\t\t\t\t\t\t<\/a>\n\t\t\t\t\t\t\t<a class=\"e-gallery-item elementor-gallery-item elementor-animated-content\" href=\"https:\/\/www.cm-benavente.pt\/wp-content\/uploads\/2025\/11\/Temporada-da-musica-2025-carlos-seixas-a-paredes-5-scaled.jpg\" data-elementor-open-lightbox=\"yes\" data-elementor-lightbox-slideshow=\"a1b27ef\" data-elementor-lightbox-title=\"Temporada da m\u00fasica 2025 carlos seixas a paredes (5)\" data-e-action-hash=\"#elementor-action%3Aaction%3Dlightbox%26settings%3DeyJpZCI6ODAwNDYsInVybCI6Imh0dHBzOlwvXC93d3cuY20tYmVuYXZlbnRlLnB0XC93cC1jb250ZW50XC91cGxvYWRzXC8yMDI1XC8xMVwvVGVtcG9yYWRhLWRhLW11c2ljYS0yMDI1LWNhcmxvcy1zZWl4YXMtYS1wYXJlZGVzLTUtc2NhbGVkLmpwZyIsInNsaWRlc2hvdyI6ImExYjI3ZWYifQ%3D%3D\">\n\t\t\t\t\t<div class=\"e-gallery-image elementor-gallery-item__image\" data-thumbnail=\"https:\/\/www.cm-benavente.pt\/wp-content\/uploads\/2025\/11\/Temporada-da-musica-2025-carlos-seixas-a-paredes-5-1024x517.jpg\" data-width=\"800\" data-height=\"404\" aria-label=\"\" role=\"img\" ><\/div>\n\t\t\t\t\t\t\t\t\t\t\t<div class=\"elementor-gallery-item__overlay\"><\/div>\n\t\t\t\t\t\t\t\t\t\t\t\t\t\t<\/a>\n\t\t\t\t\t\t\t<a class=\"e-gallery-item elementor-gallery-item elementor-animated-content\" href=\"https:\/\/www.cm-benavente.pt\/wp-content\/uploads\/2025\/11\/Temporada-da-musica-2025-carlos-seixas-a-paredes-4-scaled.jpg\" data-elementor-open-lightbox=\"yes\" data-elementor-lightbox-slideshow=\"a1b27ef\" data-elementor-lightbox-title=\"Temporada da m\u00fasica 2025 carlos seixas a paredes (4)\" data-e-action-hash=\"#elementor-action%3Aaction%3Dlightbox%26settings%3DeyJpZCI6ODAwNDUsInVybCI6Imh0dHBzOlwvXC93d3cuY20tYmVuYXZlbnRlLnB0XC93cC1jb250ZW50XC91cGxvYWRzXC8yMDI1XC8xMVwvVGVtcG9yYWRhLWRhLW11c2ljYS0yMDI1LWNhcmxvcy1zZWl4YXMtYS1wYXJlZGVzLTQtc2NhbGVkLmpwZyIsInNsaWRlc2hvdyI6ImExYjI3ZWYifQ%3D%3D\">\n\t\t\t\t\t<div class=\"e-gallery-image elementor-gallery-item__image\" data-thumbnail=\"https:\/\/www.cm-benavente.pt\/wp-content\/uploads\/2025\/11\/Temporada-da-musica-2025-carlos-seixas-a-paredes-4-1024x582.jpg\" data-width=\"800\" data-height=\"455\" aria-label=\"\" role=\"img\" ><\/div>\n\t\t\t\t\t\t\t\t\t\t\t<div class=\"elementor-gallery-item__overlay\"><\/div>\n\t\t\t\t\t\t\t\t\t\t\t\t\t\t<\/a>\n\t\t\t\t\t\t\t<a class=\"e-gallery-item elementor-gallery-item elementor-animated-content\" href=\"https:\/\/www.cm-benavente.pt\/wp-content\/uploads\/2025\/11\/Temporada-da-musica-2025-carlos-seixas-a-paredes-3-scaled.jpg\" data-elementor-open-lightbox=\"yes\" data-elementor-lightbox-slideshow=\"a1b27ef\" data-elementor-lightbox-title=\"Temporada da m\u00fasica 2025 carlos seixas a paredes (3)\" data-e-action-hash=\"#elementor-action%3Aaction%3Dlightbox%26settings%3DeyJpZCI6ODAwNDQsInVybCI6Imh0dHBzOlwvXC93d3cuY20tYmVuYXZlbnRlLnB0XC93cC1jb250ZW50XC91cGxvYWRzXC8yMDI1XC8xMVwvVGVtcG9yYWRhLWRhLW11c2ljYS0yMDI1LWNhcmxvcy1zZWl4YXMtYS1wYXJlZGVzLTMtc2NhbGVkLmpwZyIsInNsaWRlc2hvdyI6ImExYjI3ZWYifQ%3D%3D\">\n\t\t\t\t\t<div class=\"e-gallery-image elementor-gallery-item__image\" data-thumbnail=\"https:\/\/www.cm-benavente.pt\/wp-content\/uploads\/2025\/11\/Temporada-da-musica-2025-carlos-seixas-a-paredes-3-1024x574.jpg\" data-width=\"800\" data-height=\"448\" aria-label=\"\" role=\"img\" ><\/div>\n\t\t\t\t\t\t\t\t\t\t\t<div class=\"elementor-gallery-item__overlay\"><\/div>\n\t\t\t\t\t\t\t\t\t\t\t\t\t\t<\/a>\n\t\t\t\t\t\t\t<a class=\"e-gallery-item elementor-gallery-item elementor-animated-content\" href=\"https:\/\/www.cm-benavente.pt\/wp-content\/uploads\/2025\/11\/Temporada-da-musica-2025-carlos-seixas-a-paredes-2-scaled.jpg\" data-elementor-open-lightbox=\"yes\" data-elementor-lightbox-slideshow=\"a1b27ef\" data-elementor-lightbox-title=\"Temporada da m\u00fasica 2025 carlos seixas a paredes (2)\" data-e-action-hash=\"#elementor-action%3Aaction%3Dlightbox%26settings%3DeyJpZCI6ODAwNDMsInVybCI6Imh0dHBzOlwvXC93d3cuY20tYmVuYXZlbnRlLnB0XC93cC1jb250ZW50XC91cGxvYWRzXC8yMDI1XC8xMVwvVGVtcG9yYWRhLWRhLW11c2ljYS0yMDI1LWNhcmxvcy1zZWl4YXMtYS1wYXJlZGVzLTItc2NhbGVkLmpwZyIsInNsaWRlc2hvdyI6ImExYjI3ZWYifQ%3D%3D\">\n\t\t\t\t\t<div class=\"e-gallery-image elementor-gallery-item__image\" data-thumbnail=\"https:\/\/www.cm-benavente.pt\/wp-content\/uploads\/2025\/11\/Temporada-da-musica-2025-carlos-seixas-a-paredes-2-1024x553.jpg\" data-width=\"800\" data-height=\"432\" aria-label=\"\" role=\"img\" ><\/div>\n\t\t\t\t\t\t\t\t\t\t\t<div class=\"elementor-gallery-item__overlay\"><\/div>\n\t\t\t\t\t\t\t\t\t\t\t\t\t\t<\/a>\n\t\t\t\t\t\t\t<a class=\"e-gallery-item elementor-gallery-item elementor-animated-content\" href=\"https:\/\/www.cm-benavente.pt\/wp-content\/uploads\/2025\/11\/Temporada-da-musica-2025-carlos-seixas-a-paredes-1-scaled.jpg\" data-elementor-open-lightbox=\"yes\" data-elementor-lightbox-slideshow=\"a1b27ef\" data-elementor-lightbox-title=\"Temporada da m\u00fasica 2025 carlos seixas a paredes (1)\" data-e-action-hash=\"#elementor-action%3Aaction%3Dlightbox%26settings%3DeyJpZCI6ODAwNDIsInVybCI6Imh0dHBzOlwvXC93d3cuY20tYmVuYXZlbnRlLnB0XC93cC1jb250ZW50XC91cGxvYWRzXC8yMDI1XC8xMVwvVGVtcG9yYWRhLWRhLW11c2ljYS0yMDI1LWNhcmxvcy1zZWl4YXMtYS1wYXJlZGVzLTEtc2NhbGVkLmpwZyIsInNsaWRlc2hvdyI6ImExYjI3ZWYifQ%3D%3D\">\n\t\t\t\t\t<div class=\"e-gallery-image elementor-gallery-item__image\" data-thumbnail=\"https:\/\/www.cm-benavente.pt\/wp-content\/uploads\/2025\/11\/Temporada-da-musica-2025-carlos-seixas-a-paredes-1-1024x566.jpg\" data-width=\"800\" data-height=\"442\" aria-label=\"\" role=\"img\" ><\/div>\n\t\t\t\t\t\t\t\t\t\t\t<div class=\"elementor-gallery-item__overlay\"><\/div>\n\t\t\t\t\t\t\t\t\t\t\t\t\t\t<\/a>\n\t\t\t\t\t<\/div>\n\t\t\t\t\t<\/div>\n\t\t\t\t<\/div>\n\t\t\t\t\t<\/div>\n\t\t\t\t<\/div>\n\t\t\t\t<\/div>\n\t\t","protected":false},"excerpt":{"rendered":"<p>Na passada sexta-feira, o Centro Cultural de Samora Correia foi palco de uma noite especial com o concerto \u201cCarlos\u2026 de Seixas a Paredes\u201d, no \u00e2mbito da temporada da M\u00fasica 2025. <\/p>\n","protected":false},"author":3,"featured_media":80069,"comment_status":"closed","ping_status":"closed","sticky":false,"template":"","format":"standard","meta":{"_vp_format_video_url":"","_vp_image_focal_point":[],"footnotes":""},"categories":[511],"tags":[3136,4,27,3138,465],"class_list":["post-80095","post","type-post","status-publish","format-standard","has-post-thumbnail","hentry","category-cultura-noticias","tag-carlos","tag-musica","tag-samora-correia","tag-seixas","tag-temporada-da-musica"],"_links":{"self":[{"href":"https:\/\/www.cm-benavente.pt\/index.php\/wp-json\/wp\/v2\/posts\/80095","targetHints":{"allow":["GET"]}}],"collection":[{"href":"https:\/\/www.cm-benavente.pt\/index.php\/wp-json\/wp\/v2\/posts"}],"about":[{"href":"https:\/\/www.cm-benavente.pt\/index.php\/wp-json\/wp\/v2\/types\/post"}],"author":[{"embeddable":true,"href":"https:\/\/www.cm-benavente.pt\/index.php\/wp-json\/wp\/v2\/users\/3"}],"replies":[{"embeddable":true,"href":"https:\/\/www.cm-benavente.pt\/index.php\/wp-json\/wp\/v2\/comments?post=80095"}],"version-history":[{"count":4,"href":"https:\/\/www.cm-benavente.pt\/index.php\/wp-json\/wp\/v2\/posts\/80095\/revisions"}],"predecessor-version":[{"id":80099,"href":"https:\/\/www.cm-benavente.pt\/index.php\/wp-json\/wp\/v2\/posts\/80095\/revisions\/80099"}],"wp:featuredmedia":[{"embeddable":true,"href":"https:\/\/www.cm-benavente.pt\/index.php\/wp-json\/wp\/v2\/media\/80069"}],"wp:attachment":[{"href":"https:\/\/www.cm-benavente.pt\/index.php\/wp-json\/wp\/v2\/media?parent=80095"}],"wp:term":[{"taxonomy":"category","embeddable":true,"href":"https:\/\/www.cm-benavente.pt\/index.php\/wp-json\/wp\/v2\/categories?post=80095"},{"taxonomy":"post_tag","embeddable":true,"href":"https:\/\/www.cm-benavente.pt\/index.php\/wp-json\/wp\/v2\/tags?post=80095"}],"curies":[{"name":"wp","href":"https:\/\/api.w.org\/{rel}","templated":true}]}}