{"id":80088,"date":"2025-11-10T15:20:45","date_gmt":"2025-11-10T15:20:45","guid":{"rendered":"https:\/\/www.cm-benavente.pt\/?p=80088"},"modified":"2025-11-10T15:22:30","modified_gmt":"2025-11-10T15:22:30","slug":"parque-infantil-o-campino-reforca-seguranca-com-instalacao-de-portao-automatico","status":"publish","type":"post","link":"https:\/\/www.cm-benavente.pt\/index.php\/2025\/11\/10\/parque-infantil-o-campino-reforca-seguranca-com-instalacao-de-portao-automatico\/","title":{"rendered":"Parque Infantil &#8220;O Campino&#8221; refor\u00e7a seguran\u00e7a com instala\u00e7\u00e3o de port\u00e3o autom\u00e1tico"},"content":{"rendered":"\t\t<div data-elementor-type=\"wp-post\" data-elementor-id=\"80088\" class=\"elementor elementor-80088\" data-elementor-post-type=\"post\">\n\t\t\t\t<div class=\"elementor-element elementor-element-96a642d e-flex e-con-boxed e-con e-parent\" data-id=\"96a642d\" data-element_type=\"container\" data-e-type=\"container\" data-settings=\"{&quot;tmea_shape_divider_top&quot;:&quot;none&quot;,&quot;tmea_shape_divider_bottom&quot;:&quot;none&quot;}\">\n\t\t\t\t\t<div class=\"e-con-inner\">\n\t\t\n\t\t<div class=\"elementor-element elementor-element-c52dee9 elementor-widget elementor-widget-text-editor\" data-id=\"c52dee9\" data-element_type=\"widget\" data-e-type=\"widget\" data-widget_type=\"text-editor.default\">\n\t\t\t\t<div class=\"elementor-widget-container\">\n\t\t\t\t\t\t\t\t\t<p>O <strong>Parque Infantil \u201cO Campino\u201d<\/strong>, situado na Pra\u00e7a do Munic\u00edpio, passou a contar, a partir desta segunda-feira, <strong>10 de novembro<\/strong>, com um <strong>port\u00e3o autom\u00e1tico<\/strong> dotado de mecanismo dedicado, refor\u00e7ando assim as condi\u00e7\u00f5es de seguran\u00e7a do espa\u00e7o.<\/p><p>Com esta melhoria, entra igualmente em vigor o <strong>hor\u00e1rio de inverno<\/strong>: o parque <strong>abre \u00e0s 09h00 e encerra \u00e0s 19h00<\/strong>, sendo o <strong>fecho do port\u00e3o<\/strong> efetuado de forma totalmente <strong>autom\u00e1tica<\/strong>.<\/p><p>O espa\u00e7o disp\u00f5e ainda de um sistema de <strong>videovigil\u00e2ncia<\/strong>, garantindo a prote\u00e7\u00e3o do equipamento e prevenindo atos de vandalismo. Desta forma, o Parque Infantil \u201cO Campino\u201d permanece seguro e plenamente dispon\u00edvel para usufruto das crian\u00e7as e das suas fam\u00edlias.<\/p>\t\t\t\t\t\t\t\t<\/div>\n\t\t\t\t<\/div>\n\t\t\t\t\t<\/div>\n\t\t\t\t<\/div>\n\t\t\t\t<\/div>\n\t\t","protected":false},"excerpt":{"rendered":"<p>O Parque Infantil \u201cO Campino\u201d, situado na Pra\u00e7a do Munic\u00edpio, passou a contar, a partir desta segunda-feira, 10 de novembro, com um port\u00e3o autom\u00e1tico dotado de mecanismo dedicado, refor\u00e7ando assim as condi\u00e7\u00f5es de seguran\u00e7a do espa\u00e7o.<\/p>\n","protected":false},"author":3,"featured_media":80090,"comment_status":"closed","ping_status":"closed","sticky":false,"template":"","format":"standard","meta":{"_vp_format_video_url":"","_vp_image_focal_point":[],"footnotes":""},"categories":[545,518],"tags":[16,1520,402,479,873,3134,233],"class_list":["post-80088","post","type-post","status-publish","format-standard","has-post-thumbnail","hentry","category-informacao","category-municipio","tag-benavente","tag-campino","tag-criancas","tag-municipio-de-benavente","tag-parque-infantil","tag-portao","tag-seguranca"],"_links":{"self":[{"href":"https:\/\/www.cm-benavente.pt\/index.php\/wp-json\/wp\/v2\/posts\/80088","targetHints":{"allow":["GET"]}}],"collection":[{"href":"https:\/\/www.cm-benavente.pt\/index.php\/wp-json\/wp\/v2\/posts"}],"about":[{"href":"https:\/\/www.cm-benavente.pt\/index.php\/wp-json\/wp\/v2\/types\/post"}],"author":[{"embeddable":true,"href":"https:\/\/www.cm-benavente.pt\/index.php\/wp-json\/wp\/v2\/users\/3"}],"replies":[{"embeddable":true,"href":"https:\/\/www.cm-benavente.pt\/index.php\/wp-json\/wp\/v2\/comments?post=80088"}],"version-history":[{"count":4,"href":"https:\/\/www.cm-benavente.pt\/index.php\/wp-json\/wp\/v2\/posts\/80088\/revisions"}],"predecessor-version":[{"id":80094,"href":"https:\/\/www.cm-benavente.pt\/index.php\/wp-json\/wp\/v2\/posts\/80088\/revisions\/80094"}],"wp:featuredmedia":[{"embeddable":true,"href":"https:\/\/www.cm-benavente.pt\/index.php\/wp-json\/wp\/v2\/media\/80090"}],"wp:attachment":[{"href":"https:\/\/www.cm-benavente.pt\/index.php\/wp-json\/wp\/v2\/media?parent=80088"}],"wp:term":[{"taxonomy":"category","embeddable":true,"href":"https:\/\/www.cm-benavente.pt\/index.php\/wp-json\/wp\/v2\/categories?post=80088"},{"taxonomy":"post_tag","embeddable":true,"href":"https:\/\/www.cm-benavente.pt\/index.php\/wp-json\/wp\/v2\/tags?post=80088"}],"curies":[{"name":"wp","href":"https:\/\/api.w.org\/{rel}","templated":true}]}}