{"id":80032,"date":"2025-11-10T17:49:49","date_gmt":"2025-11-10T17:49:49","guid":{"rendered":"https:\/\/www.cm-benavente.pt\/?p=80032"},"modified":"2025-11-11T09:35:07","modified_gmt":"2025-11-11T09:35:07","slug":"mercados-de-natal-candidaturas-abertas-para-produtores-artesaos-e-tasquinhas-do-pai-natal","status":"publish","type":"post","link":"https:\/\/www.cm-benavente.pt\/index.php\/2025\/11\/10\/mercados-de-natal-candidaturas-abertas-para-produtores-artesaos-e-tasquinhas-do-pai-natal\/","title":{"rendered":"Mercados de Natal &#8211; Candidaturas abertas para produtores\/artes\u00e3os e Tasquinhas do Pai Natal"},"content":{"rendered":"\t\t<div data-elementor-type=\"wp-post\" data-elementor-id=\"80032\" class=\"elementor elementor-80032\" data-elementor-post-type=\"post\">\n\t\t\t\t<div class=\"elementor-element elementor-element-a46403d e-flex e-con-boxed e-con e-parent\" data-id=\"a46403d\" data-element_type=\"container\" data-e-type=\"container\" data-settings=\"{&quot;tmea_shape_divider_top&quot;:&quot;none&quot;,&quot;tmea_shape_divider_bottom&quot;:&quot;none&quot;}\">\n\t\t\t\t\t<div class=\"e-con-inner\">\n\t\t\n\t\t<div class=\"elementor-element elementor-element-d9cfde5 elementor-widget elementor-widget-text-editor\" data-id=\"d9cfde5\" data-element_type=\"widget\" data-e-type=\"widget\" data-widget_type=\"text-editor.default\">\n\t\t\t\t<div class=\"elementor-widget-container\">\n\t\t\t\t\t\t\t\t\t<p><strong>Mercados de Natal | 28 de novembro a 8 de dezembro | Benavente (Parque 25 de Abril)<\/strong><br \/>A magia do Natal est\u00e1 a chegar a Benavente!<\/p><p>De 28 de novembro a 8 de dezembro, o Parque 25 de Abril transforma-se num verdadeiro vilarejo encantado, repleto de luzes, aromas e sorrisos \u2014 \u00e9 tempo dos Mercados de Natal!<br \/><strong>Se \u00e9 produtor, artes\u00e3o ou representa uma associa\u00e7\u00e3o\/coletividade e quer dar vida \u00e0s Tasquinhas do Pai Natal, esta \u00e9 a sua oportunidade<\/strong> para fazer parte desta festa \u00fanica que celebra o esp\u00edrito natal\u00edcio, o talento local e o conv\u00edvio em comunidade.<\/p><p><strong>As candidaturas j\u00e1 est\u00e3o abertas!<\/strong><br \/>Preencha o formul\u00e1rio online, indique a \u00e1rea em que quer participar, conte-nos um pouco sobre a sua atividade e partilhe algumas fotos dos seus produtos ou trabalhos.<br \/>Traga o seu brilho e ajude-nos a espalhar a magia do Natal em Benavente!<\/p><p><strong>Inscri\u00e7\u00f5es em <a href=\"https:\/\/bit.ly\/candidaturas-mercados-natal-2025\" target=\"_blank\" rel=\"noopener\">https:\/\/bit.ly\/candidaturas-mercados-natal-2025<\/a><\/strong><\/p>\t\t\t\t\t\t\t\t<\/div>\n\t\t\t\t<\/div>\n\t\t\t\t\t<\/div>\n\t\t\t\t<\/div>\n\t\t\t\t<\/div>\n\t\t","protected":false},"excerpt":{"rendered":"<p>Mercados de Natal | 28 de novembro a 8 de dezembro | Benavente (Parque 25 de Abril)<br \/>\nA magia do Natal est\u00e1 a chegar a Benavente!<\/p>\n","protected":false},"author":3,"featured_media":80033,"comment_status":"closed","ping_status":"closed","sticky":false,"template":"","format":"standard","meta":{"_vp_format_video_url":"","_vp_image_focal_point":[],"footnotes":""},"categories":[502,518],"tags":[680,16,861,1713,350,1752,3133],"class_list":["post-80032","post","type-post","status-publish","format-standard","has-post-thumbnail","hentry","category-geral","category-municipio","tag-artesanato","tag-benavente","tag-mercado","tag-municipio-de-benavente-2","tag-natal","tag-pai-natal","tag-produtos-locais"],"_links":{"self":[{"href":"https:\/\/www.cm-benavente.pt\/index.php\/wp-json\/wp\/v2\/posts\/80032","targetHints":{"allow":["GET"]}}],"collection":[{"href":"https:\/\/www.cm-benavente.pt\/index.php\/wp-json\/wp\/v2\/posts"}],"about":[{"href":"https:\/\/www.cm-benavente.pt\/index.php\/wp-json\/wp\/v2\/types\/post"}],"author":[{"embeddable":true,"href":"https:\/\/www.cm-benavente.pt\/index.php\/wp-json\/wp\/v2\/users\/3"}],"replies":[{"embeddable":true,"href":"https:\/\/www.cm-benavente.pt\/index.php\/wp-json\/wp\/v2\/comments?post=80032"}],"version-history":[{"count":10,"href":"https:\/\/www.cm-benavente.pt\/index.php\/wp-json\/wp\/v2\/posts\/80032\/revisions"}],"predecessor-version":[{"id":80207,"href":"https:\/\/www.cm-benavente.pt\/index.php\/wp-json\/wp\/v2\/posts\/80032\/revisions\/80207"}],"wp:featuredmedia":[{"embeddable":true,"href":"https:\/\/www.cm-benavente.pt\/index.php\/wp-json\/wp\/v2\/media\/80033"}],"wp:attachment":[{"href":"https:\/\/www.cm-benavente.pt\/index.php\/wp-json\/wp\/v2\/media?parent=80032"}],"wp:term":[{"taxonomy":"category","embeddable":true,"href":"https:\/\/www.cm-benavente.pt\/index.php\/wp-json\/wp\/v2\/categories?post=80032"},{"taxonomy":"post_tag","embeddable":true,"href":"https:\/\/www.cm-benavente.pt\/index.php\/wp-json\/wp\/v2\/tags?post=80032"}],"curies":[{"name":"wp","href":"https:\/\/api.w.org\/{rel}","templated":true}]}}