{"id":80021,"date":"2025-11-10T09:59:46","date_gmt":"2025-11-10T09:59:46","guid":{"rendered":"https:\/\/www.cm-benavente.pt\/?p=80021"},"modified":"2025-11-10T14:30:12","modified_gmt":"2025-11-10T14:30:12","slug":"conselho-intermunicipal-da-cimlt-tomou-posse-2","status":"publish","type":"post","link":"https:\/\/www.cm-benavente.pt\/index.php\/2025\/11\/10\/conselho-intermunicipal-da-cimlt-tomou-posse-2\/","title":{"rendered":"Conselho Intermunicipal da CIMLT tomou posse"},"content":{"rendered":"\t\t<div data-elementor-type=\"wp-post\" data-elementor-id=\"80021\" class=\"elementor elementor-80021\" data-elementor-post-type=\"post\">\n\t\t\t\t<div class=\"elementor-element elementor-element-7d7e4c3 e-flex e-con-boxed e-con e-parent\" data-id=\"7d7e4c3\" data-element_type=\"container\" data-e-type=\"container\" data-settings=\"{&quot;tmea_shape_divider_top&quot;:&quot;none&quot;,&quot;tmea_shape_divider_bottom&quot;:&quot;none&quot;}\">\n\t\t\t\t\t<div class=\"e-con-inner\">\n\t\t\n\t\t<div class=\"elementor-element elementor-element-a3907f8 elementor-widget elementor-widget-text-editor\" data-id=\"a3907f8\" data-element_type=\"widget\" data-e-type=\"widget\" data-widget_type=\"text-editor.default\">\n\t\t\t\t<div class=\"elementor-widget-container\">\n\t\t\t\t\t\t\t\t\t<p>Decorreu na passada sexta-feira, a <strong>instala\u00e7\u00e3o e tomada de posse dos novos membros do Conselho Intermunicipal da Comunidade Intermunicipal da Lez\u00edria do Tejo (CIMLT)<\/strong>.<\/p><p>Ap\u00f3s a instala\u00e7\u00e3o decorreu a primeira reuni\u00e3o do Conselho Intermunicipal, na qual <strong>Jo\u00e3o Teixeira Leite<\/strong>, Presidente da C\u00e2mara Municipal de Santar\u00e9m, foi <strong>eleito Presidente do Conselho Intermunicipal da CIMLT<\/strong>, para o quadri\u00e9nio de 2025-2029. Foram eleitos <strong>Vice-Presidentes<\/strong> do Conselho Intermunicipal da CIMLT <strong>Jo\u00e3o Heitor<\/strong>, Presidente da C\u00e2mara Municipal do Cartaxo, e <strong>Helena Neves<\/strong>, Presidente da C\u00e2mara Municipal de Salvaterra de Magos.<\/p><p>O <strong>Conselho Intermunicipal da CIMLT<\/strong> para o quadri\u00e9nio de 2025-2029 ser\u00e1 assim <strong>composto da seguinte forma<\/strong>:<\/p><p style=\"padding-left: 40px;\">&#8211; Joaquim Catal\u00e3o &#8211; Presidente da C\u00e2mara Municipal de Almeirim;<br \/>&#8211; S\u00f3nia Sanfona &#8211; Presidente da C\u00e2mara Municipal de Alpiar\u00e7a;<br \/>&#8211; Silvino L\u00facio &#8211; Presidente da C\u00e2mara Municipal de Azambuja;<br \/>&#8211; S\u00f3nia Ferreira &#8211; Presidente da C\u00e2mara Municipal de Benavente;<br \/>&#8211; Jo\u00e3o Heitor \u2013 Vice-Presidente do Conselho Intermunicipal da CIMLT e Presidente da C\u00e2mara Municipal do Cartaxo;<br \/>&#8211; Nuno Mira &#8211; Presidente da C\u00e2mara Municipal da Chamusca;<br \/>&#8211; Nuno Azevedo &#8211; Presidente da C\u00e2mara Municipal de Coruche;<br \/>&#8211; Ant\u00f3nio Camilo &#8211; Presidente da C\u00e2mara Municipal da Goleg\u00e3;<br \/>&#8211; Lu\u00eds Filipe Santana Dias &#8211; Presidente da C\u00e2mara Municipal de Rio Maior;<br \/>&#8211; Helena Neves \u2013 Vice-Presidente do Conselho Intermunicipal da CIMLT e Presidente da C\u00e2mara Municipal de Salvaterra de Magos;<br \/>&#8211; Jo\u00e3o Teixeira Leite \u2013 Presidente do Conselho Intermunicipal da CIMLT e Presidente da C\u00e2mara Municipal de Santar\u00e9m.<\/p><p>Na mesma reuni\u00e3o foi aprovada por unanimidade a proposta de submeter a vota\u00e7\u00e3o na <strong>Assembleia Intermunicipal da CIMLT<\/strong> <strong>Ant\u00f3nio Manuel de Carvalho Torres<\/strong>, como <strong>Primeiro-Secret\u00e1rio do Secretariado Executivo Intermunicipal da CIMLT<\/strong>.<\/p>\t\t\t\t\t\t\t\t<\/div>\n\t\t\t\t<\/div>\n\t\t\t\t\t<\/div>\n\t\t\t\t<\/div>\n\t\t\t\t<\/div>\n\t\t","protected":false},"excerpt":{"rendered":"<p>Decorreu na passada sexta-feira, a instala\u00e7\u00e3o e tomada de posse dos novos membros do Conselho Intermunicipal da Comunidade Intermunicipal da Lez\u00edria do Tejo (CIMLT).<\/p>\n","protected":false},"author":3,"featured_media":80038,"comment_status":"closed","ping_status":"closed","sticky":false,"template":"","format":"standard","meta":{"_vp_format_video_url":"","_vp_image_focal_point":[],"footnotes":""},"categories":[545],"tags":[108,3132,635,599],"class_list":["post-80021","post","type-post","status-publish","format-standard","has-post-thumbnail","hentry","category-informacao","tag-cimlt","tag-comunidade-intermunicipal","tag-conselho-intermunicipal","tag-tomada-de-posse"],"_links":{"self":[{"href":"https:\/\/www.cm-benavente.pt\/index.php\/wp-json\/wp\/v2\/posts\/80021","targetHints":{"allow":["GET"]}}],"collection":[{"href":"https:\/\/www.cm-benavente.pt\/index.php\/wp-json\/wp\/v2\/posts"}],"about":[{"href":"https:\/\/www.cm-benavente.pt\/index.php\/wp-json\/wp\/v2\/types\/post"}],"author":[{"embeddable":true,"href":"https:\/\/www.cm-benavente.pt\/index.php\/wp-json\/wp\/v2\/users\/3"}],"replies":[{"embeddable":true,"href":"https:\/\/www.cm-benavente.pt\/index.php\/wp-json\/wp\/v2\/comments?post=80021"}],"version-history":[{"count":7,"href":"https:\/\/www.cm-benavente.pt\/index.php\/wp-json\/wp\/v2\/posts\/80021\/revisions"}],"predecessor-version":[{"id":80041,"href":"https:\/\/www.cm-benavente.pt\/index.php\/wp-json\/wp\/v2\/posts\/80021\/revisions\/80041"}],"wp:featuredmedia":[{"embeddable":true,"href":"https:\/\/www.cm-benavente.pt\/index.php\/wp-json\/wp\/v2\/media\/80038"}],"wp:attachment":[{"href":"https:\/\/www.cm-benavente.pt\/index.php\/wp-json\/wp\/v2\/media?parent=80021"}],"wp:term":[{"taxonomy":"category","embeddable":true,"href":"https:\/\/www.cm-benavente.pt\/index.php\/wp-json\/wp\/v2\/categories?post=80021"},{"taxonomy":"post_tag","embeddable":true,"href":"https:\/\/www.cm-benavente.pt\/index.php\/wp-json\/wp\/v2\/tags?post=80021"}],"curies":[{"name":"wp","href":"https:\/\/api.w.org\/{rel}","templated":true}]}}