{"id":79073,"date":"2025-10-28T09:37:13","date_gmt":"2025-10-28T09:37:13","guid":{"rendered":"https:\/\/www.cm-benavente.pt\/?p=79073"},"modified":"2025-10-28T09:44:49","modified_gmt":"2025-10-28T09:44:49","slug":"presenca-marcante-do-municipio-de-benavente-no-festival-nacional-de-gastronomia-de-santarem","status":"publish","type":"post","link":"https:\/\/www.cm-benavente.pt\/index.php\/2025\/10\/28\/presenca-marcante-do-municipio-de-benavente-no-festival-nacional-de-gastronomia-de-santarem\/","title":{"rendered":"Presen\u00e7a marcante do Munic\u00edpio de Benavente no Festival Nacional de Gastronomia de Santar\u00e9m"},"content":{"rendered":"\t\t<div data-elementor-type=\"wp-post\" data-elementor-id=\"79073\" class=\"elementor elementor-79073\" data-elementor-post-type=\"post\">\n\t\t\t\t<div class=\"elementor-element elementor-element-da96377 e-flex e-con-boxed e-con e-parent\" data-id=\"da96377\" data-element_type=\"container\" data-e-type=\"container\" data-settings=\"{&quot;tmea_shape_divider_top&quot;:&quot;none&quot;,&quot;tmea_shape_divider_bottom&quot;:&quot;none&quot;}\">\n\t\t\t\t\t<div class=\"e-con-inner\">\n\t\t\n\t\t<div class=\"elementor-element elementor-element-9f59b43 elementor-widget elementor-widget-text-editor\" data-id=\"9f59b43\" data-element_type=\"widget\" data-e-type=\"widget\" data-widget_type=\"text-editor.default\">\n\t\t\t\t<div class=\"elementor-widget-container\">\n\t\t\t\t\t\t\t\t\t<p>O <strong>Dia do Munic\u00edpio de Benavente<\/strong>, celebrado no <strong>Festival Nacional de Gastronomia de Santar\u00e9m<\/strong>, foi um verdadeiro sucesso. A participa\u00e7\u00e3o destacou-se pela energia, sabor e orgulho ribatejano. O momento de cozinha ao vivo com o <strong>Chef Eduardo Duarte<\/strong>, que confecionou um delicioso arroz doce com o carolino das lez\u00edrias ribatejanas, encantou o p\u00fablico, unindo tradi\u00e7\u00e3o e inova\u00e7\u00e3o gastron\u00f3mica.<\/p><p>O espa\u00e7o de <strong>Divulga\u00e7\u00e3o e Promo\u00e7\u00e3o da Oferta Tur\u00edstica e dos Produtos Regionais<\/strong> contou com a presen\u00e7a da Quinta Biol\u00f3gica de Santo Est\u00eav\u00e3o, Doces da Nat\u00e1lia e Apiriba\/Global Sweet, al\u00e9m do stand do Turismo Benavente, onde se puderam degustar doces irresist\u00edveis confecionados com o nosso carolino.<\/p><p>Esta participa\u00e7\u00e3o refor\u00e7ou a forte identidade e qualidade do concelho, promovendo o melhor da gastronomia, dos produtos locais e do esp\u00edrito benaventense.<\/p>\t\t\t\t\t\t\t\t<\/div>\n\t\t\t\t<\/div>\n\t\t\t\t<div class=\"elementor-element elementor-element-747143c elementor-widget elementor-widget-gallery\" data-id=\"747143c\" data-element_type=\"widget\" data-e-type=\"widget\" data-settings=\"{&quot;columns&quot;:10,&quot;lazyload&quot;:&quot;yes&quot;,&quot;gallery_layout&quot;:&quot;grid&quot;,&quot;columns_tablet&quot;:2,&quot;columns_mobile&quot;:1,&quot;gap&quot;:{&quot;unit&quot;:&quot;px&quot;,&quot;size&quot;:10,&quot;sizes&quot;:[]},&quot;gap_widescreen&quot;:{&quot;unit&quot;:&quot;px&quot;,&quot;size&quot;:&quot;&quot;,&quot;sizes&quot;:[]},&quot;gap_laptop&quot;:{&quot;unit&quot;:&quot;px&quot;,&quot;size&quot;:10,&quot;sizes&quot;:[]},&quot;gap_tablet_extra&quot;:{&quot;unit&quot;:&quot;px&quot;,&quot;size&quot;:10,&quot;sizes&quot;:[]},&quot;gap_tablet&quot;:{&quot;unit&quot;:&quot;px&quot;,&quot;size&quot;:10,&quot;sizes&quot;:[]},&quot;gap_mobile_extra&quot;:{&quot;unit&quot;:&quot;px&quot;,&quot;size&quot;:10,&quot;sizes&quot;:[]},&quot;gap_mobile&quot;:{&quot;unit&quot;:&quot;px&quot;,&quot;size&quot;:10,&quot;sizes&quot;:[]},&quot;link_to&quot;:&quot;file&quot;,&quot;aspect_ratio&quot;:&quot;3:2&quot;,&quot;overlay_background&quot;:&quot;yes&quot;,&quot;content_hover_animation&quot;:&quot;fade-in&quot;}\" data-widget_type=\"gallery.default\">\n\t\t\t\t<div class=\"elementor-widget-container\">\n\t\t\t\t\t\t\t<div class=\"elementor-gallery__container\">\n\t\t\t\t\t\t\t<a class=\"e-gallery-item elementor-gallery-item elementor-animated-content\" href=\"https:\/\/www.cm-benavente.pt\/wp-content\/uploads\/2025\/10\/dia-municipio-benavente-festival-gastronomia-santarem-1-scaled.jpg\" data-elementor-open-lightbox=\"yes\" data-elementor-lightbox-slideshow=\"747143c\" data-elementor-lightbox-title=\"dia municipio benavente festival gastronomia santar\u00e9m (1)\" data-e-action-hash=\"#elementor-action%3Aaction%3Dlightbox%26settings%3DeyJpZCI6NzkwNzYsInVybCI6Imh0dHBzOlwvXC93d3cuY20tYmVuYXZlbnRlLnB0XC93cC1jb250ZW50XC91cGxvYWRzXC8yMDI1XC8xMFwvZGlhLW11bmljaXBpby1iZW5hdmVudGUtZmVzdGl2YWwtZ2FzdHJvbm9taWEtc2FudGFyZW0tMS1zY2FsZWQuanBnIiwic2xpZGVzaG93IjoiNzQ3MTQzYyJ9\">\n\t\t\t\t\t<div class=\"e-gallery-image elementor-gallery-item__image\" data-thumbnail=\"https:\/\/www.cm-benavente.pt\/wp-content\/uploads\/2025\/10\/dia-municipio-benavente-festival-gastronomia-santarem-1-1024x682.jpg\" data-width=\"800\" data-height=\"533\" aria-label=\"\" role=\"img\" ><\/div>\n\t\t\t\t\t\t\t\t\t\t\t<div class=\"elementor-gallery-item__overlay\"><\/div>\n\t\t\t\t\t\t\t\t\t\t\t\t\t\t<\/a>\n\t\t\t\t\t\t\t<a class=\"e-gallery-item elementor-gallery-item elementor-animated-content\" href=\"https:\/\/www.cm-benavente.pt\/wp-content\/uploads\/2025\/10\/dia-municipio-benavente-festival-gastronomia-santarem-2-scaled.jpg\" data-elementor-open-lightbox=\"yes\" data-elementor-lightbox-slideshow=\"747143c\" data-elementor-lightbox-title=\"dia municipio benavente festival gastronomia santar\u00e9m (2)\" data-e-action-hash=\"#elementor-action%3Aaction%3Dlightbox%26settings%3DeyJpZCI6NzkwNzcsInVybCI6Imh0dHBzOlwvXC93d3cuY20tYmVuYXZlbnRlLnB0XC93cC1jb250ZW50XC91cGxvYWRzXC8yMDI1XC8xMFwvZGlhLW11bmljaXBpby1iZW5hdmVudGUtZmVzdGl2YWwtZ2FzdHJvbm9taWEtc2FudGFyZW0tMi1zY2FsZWQuanBnIiwic2xpZGVzaG93IjoiNzQ3MTQzYyJ9\">\n\t\t\t\t\t<div class=\"e-gallery-image elementor-gallery-item__image\" data-thumbnail=\"https:\/\/www.cm-benavente.pt\/wp-content\/uploads\/2025\/10\/dia-municipio-benavente-festival-gastronomia-santarem-2-1024x643.jpg\" data-width=\"800\" data-height=\"502\" aria-label=\"\" role=\"img\" ><\/div>\n\t\t\t\t\t\t\t\t\t\t\t<div class=\"elementor-gallery-item__overlay\"><\/div>\n\t\t\t\t\t\t\t\t\t\t\t\t\t\t<\/a>\n\t\t\t\t\t\t\t<a class=\"e-gallery-item elementor-gallery-item elementor-animated-content\" href=\"https:\/\/www.cm-benavente.pt\/wp-content\/uploads\/2025\/10\/dia-municipio-benavente-festival-gastronomia-santarem-3-scaled.jpg\" data-elementor-open-lightbox=\"yes\" data-elementor-lightbox-slideshow=\"747143c\" data-elementor-lightbox-title=\"dia municipio benavente festival gastronomia santar\u00e9m (3)\" data-e-action-hash=\"#elementor-action%3Aaction%3Dlightbox%26settings%3DeyJpZCI6NzkwNzgsInVybCI6Imh0dHBzOlwvXC93d3cuY20tYmVuYXZlbnRlLnB0XC93cC1jb250ZW50XC91cGxvYWRzXC8yMDI1XC8xMFwvZGlhLW11bmljaXBpby1iZW5hdmVudGUtZmVzdGl2YWwtZ2FzdHJvbm9taWEtc2FudGFyZW0tMy1zY2FsZWQuanBnIiwic2xpZGVzaG93IjoiNzQ3MTQzYyJ9\">\n\t\t\t\t\t<div class=\"e-gallery-image elementor-gallery-item__image\" data-thumbnail=\"https:\/\/www.cm-benavente.pt\/wp-content\/uploads\/2025\/10\/dia-municipio-benavente-festival-gastronomia-santarem-3-1024x557.jpg\" data-width=\"800\" data-height=\"435\" aria-label=\"\" role=\"img\" ><\/div>\n\t\t\t\t\t\t\t\t\t\t\t<div class=\"elementor-gallery-item__overlay\"><\/div>\n\t\t\t\t\t\t\t\t\t\t\t\t\t\t<\/a>\n\t\t\t\t\t\t\t<a class=\"e-gallery-item elementor-gallery-item elementor-animated-content\" href=\"https:\/\/www.cm-benavente.pt\/wp-content\/uploads\/2025\/10\/dia-municipio-benavente-festival-gastronomia-santarem-4-scaled.jpg\" data-elementor-open-lightbox=\"yes\" data-elementor-lightbox-slideshow=\"747143c\" data-elementor-lightbox-title=\"dia municipio benavente festival gastronomia santar\u00e9m (4)\" data-e-action-hash=\"#elementor-action%3Aaction%3Dlightbox%26settings%3DeyJpZCI6NzkwNzksInVybCI6Imh0dHBzOlwvXC93d3cuY20tYmVuYXZlbnRlLnB0XC93cC1jb250ZW50XC91cGxvYWRzXC8yMDI1XC8xMFwvZGlhLW11bmljaXBpby1iZW5hdmVudGUtZmVzdGl2YWwtZ2FzdHJvbm9taWEtc2FudGFyZW0tNC1zY2FsZWQuanBnIiwic2xpZGVzaG93IjoiNzQ3MTQzYyJ9\">\n\t\t\t\t\t<div class=\"e-gallery-image elementor-gallery-item__image\" data-thumbnail=\"https:\/\/www.cm-benavente.pt\/wp-content\/uploads\/2025\/10\/dia-municipio-benavente-festival-gastronomia-santarem-4-1024x574.jpg\" data-width=\"800\" data-height=\"448\" aria-label=\"\" role=\"img\" ><\/div>\n\t\t\t\t\t\t\t\t\t\t\t<div class=\"elementor-gallery-item__overlay\"><\/div>\n\t\t\t\t\t\t\t\t\t\t\t\t\t\t<\/a>\n\t\t\t\t\t\t\t<a class=\"e-gallery-item elementor-gallery-item elementor-animated-content\" href=\"https:\/\/www.cm-benavente.pt\/wp-content\/uploads\/2025\/10\/dia-municipio-benavente-festival-gastronomia-santarem-5-scaled.jpg\" data-elementor-open-lightbox=\"yes\" data-elementor-lightbox-slideshow=\"747143c\" data-elementor-lightbox-title=\"dia municipio benavente festival gastronomia santar\u00e9m (5)\" data-e-action-hash=\"#elementor-action%3Aaction%3Dlightbox%26settings%3DeyJpZCI6NzkwODAsInVybCI6Imh0dHBzOlwvXC93d3cuY20tYmVuYXZlbnRlLnB0XC93cC1jb250ZW50XC91cGxvYWRzXC8yMDI1XC8xMFwvZGlhLW11bmljaXBpby1iZW5hdmVudGUtZmVzdGl2YWwtZ2FzdHJvbm9taWEtc2FudGFyZW0tNS1zY2FsZWQuanBnIiwic2xpZGVzaG93IjoiNzQ3MTQzYyJ9\">\n\t\t\t\t\t<div class=\"e-gallery-image elementor-gallery-item__image\" data-thumbnail=\"https:\/\/www.cm-benavente.pt\/wp-content\/uploads\/2025\/10\/dia-municipio-benavente-festival-gastronomia-santarem-5-1024x597.jpg\" data-width=\"800\" data-height=\"466\" aria-label=\"\" role=\"img\" ><\/div>\n\t\t\t\t\t\t\t\t\t\t\t<div class=\"elementor-gallery-item__overlay\"><\/div>\n\t\t\t\t\t\t\t\t\t\t\t\t\t\t<\/a>\n\t\t\t\t\t\t\t<a class=\"e-gallery-item elementor-gallery-item elementor-animated-content\" href=\"https:\/\/www.cm-benavente.pt\/wp-content\/uploads\/2025\/10\/dia-municipio-benavente-festival-gastronomia-santarem-6-scaled.jpg\" data-elementor-open-lightbox=\"yes\" data-elementor-lightbox-slideshow=\"747143c\" data-elementor-lightbox-title=\"dia municipio benavente festival gastronomia santar\u00e9m (6)\" data-e-action-hash=\"#elementor-action%3Aaction%3Dlightbox%26settings%3DeyJpZCI6NzkwODEsInVybCI6Imh0dHBzOlwvXC93d3cuY20tYmVuYXZlbnRlLnB0XC93cC1jb250ZW50XC91cGxvYWRzXC8yMDI1XC8xMFwvZGlhLW11bmljaXBpby1iZW5hdmVudGUtZmVzdGl2YWwtZ2FzdHJvbm9taWEtc2FudGFyZW0tNi1zY2FsZWQuanBnIiwic2xpZGVzaG93IjoiNzQ3MTQzYyJ9\">\n\t\t\t\t\t<div class=\"e-gallery-image elementor-gallery-item__image\" data-thumbnail=\"https:\/\/www.cm-benavente.pt\/wp-content\/uploads\/2025\/10\/dia-municipio-benavente-festival-gastronomia-santarem-6-1024x624.jpg\" data-width=\"800\" data-height=\"488\" aria-label=\"\" role=\"img\" ><\/div>\n\t\t\t\t\t\t\t\t\t\t\t<div class=\"elementor-gallery-item__overlay\"><\/div>\n\t\t\t\t\t\t\t\t\t\t\t\t\t\t<\/a>\n\t\t\t\t\t\t\t<a class=\"e-gallery-item elementor-gallery-item elementor-animated-content\" href=\"https:\/\/www.cm-benavente.pt\/wp-content\/uploads\/2025\/10\/dia-municipio-benavente-festival-gastronomia-santarem-7-scaled.jpg\" data-elementor-open-lightbox=\"yes\" data-elementor-lightbox-slideshow=\"747143c\" data-elementor-lightbox-title=\"dia municipio benavente festival gastronomia santar\u00e9m (7)\" data-e-action-hash=\"#elementor-action%3Aaction%3Dlightbox%26settings%3DeyJpZCI6NzkwODIsInVybCI6Imh0dHBzOlwvXC93d3cuY20tYmVuYXZlbnRlLnB0XC93cC1jb250ZW50XC91cGxvYWRzXC8yMDI1XC8xMFwvZGlhLW11bmljaXBpby1iZW5hdmVudGUtZmVzdGl2YWwtZ2FzdHJvbm9taWEtc2FudGFyZW0tNy1zY2FsZWQuanBnIiwic2xpZGVzaG93IjoiNzQ3MTQzYyJ9\">\n\t\t\t\t\t<div class=\"e-gallery-image elementor-gallery-item__image\" data-thumbnail=\"https:\/\/www.cm-benavente.pt\/wp-content\/uploads\/2025\/10\/dia-municipio-benavente-festival-gastronomia-santarem-7-1024x682.jpg\" data-width=\"800\" data-height=\"533\" aria-label=\"\" role=\"img\" ><\/div>\n\t\t\t\t\t\t\t\t\t\t\t<div class=\"elementor-gallery-item__overlay\"><\/div>\n\t\t\t\t\t\t\t\t\t\t\t\t\t\t<\/a>\n\t\t\t\t\t\t\t<a class=\"e-gallery-item elementor-gallery-item elementor-animated-content\" href=\"https:\/\/www.cm-benavente.pt\/wp-content\/uploads\/2025\/10\/dia-municipio-benavente-festival-gastronomia-santarem-8-scaled.jpg\" data-elementor-open-lightbox=\"yes\" data-elementor-lightbox-slideshow=\"747143c\" data-elementor-lightbox-title=\"dia municipio benavente festival gastronomia santar\u00e9m (8)\" data-e-action-hash=\"#elementor-action%3Aaction%3Dlightbox%26settings%3DeyJpZCI6NzkwODMsInVybCI6Imh0dHBzOlwvXC93d3cuY20tYmVuYXZlbnRlLnB0XC93cC1jb250ZW50XC91cGxvYWRzXC8yMDI1XC8xMFwvZGlhLW11bmljaXBpby1iZW5hdmVudGUtZmVzdGl2YWwtZ2FzdHJvbm9taWEtc2FudGFyZW0tOC1zY2FsZWQuanBnIiwic2xpZGVzaG93IjoiNzQ3MTQzYyJ9\">\n\t\t\t\t\t<div class=\"e-gallery-image elementor-gallery-item__image\" data-thumbnail=\"https:\/\/www.cm-benavente.pt\/wp-content\/uploads\/2025\/10\/dia-municipio-benavente-festival-gastronomia-santarem-8-1024x683.jpg\" data-width=\"800\" data-height=\"534\" aria-label=\"\" role=\"img\" ><\/div>\n\t\t\t\t\t\t\t\t\t\t\t<div class=\"elementor-gallery-item__overlay\"><\/div>\n\t\t\t\t\t\t\t\t\t\t\t\t\t\t<\/a>\n\t\t\t\t\t\t\t<a class=\"e-gallery-item elementor-gallery-item elementor-animated-content\" href=\"https:\/\/www.cm-benavente.pt\/wp-content\/uploads\/2025\/10\/dia-municipio-benavente-festival-gastronomia-santarem-9-scaled.jpg\" data-elementor-open-lightbox=\"yes\" data-elementor-lightbox-slideshow=\"747143c\" data-elementor-lightbox-title=\"dia municipio benavente festival gastronomia santar\u00e9m (9)\" data-e-action-hash=\"#elementor-action%3Aaction%3Dlightbox%26settings%3DeyJpZCI6NzkwODQsInVybCI6Imh0dHBzOlwvXC93d3cuY20tYmVuYXZlbnRlLnB0XC93cC1jb250ZW50XC91cGxvYWRzXC8yMDI1XC8xMFwvZGlhLW11bmljaXBpby1iZW5hdmVudGUtZmVzdGl2YWwtZ2FzdHJvbm9taWEtc2FudGFyZW0tOS1zY2FsZWQuanBnIiwic2xpZGVzaG93IjoiNzQ3MTQzYyJ9\">\n\t\t\t\t\t<div class=\"e-gallery-image elementor-gallery-item__image\" data-thumbnail=\"https:\/\/www.cm-benavente.pt\/wp-content\/uploads\/2025\/10\/dia-municipio-benavente-festival-gastronomia-santarem-9-1024x609.jpg\" data-width=\"800\" data-height=\"476\" aria-label=\"\" role=\"img\" ><\/div>\n\t\t\t\t\t\t\t\t\t\t\t<div class=\"elementor-gallery-item__overlay\"><\/div>\n\t\t\t\t\t\t\t\t\t\t\t\t\t\t<\/a>\n\t\t\t\t\t\t\t<a class=\"e-gallery-item elementor-gallery-item elementor-animated-content\" href=\"https:\/\/www.cm-benavente.pt\/wp-content\/uploads\/2025\/10\/dia-municipio-benavente-festival-gastronomia-santarem-10.jpg\" data-elementor-open-lightbox=\"yes\" data-elementor-lightbox-slideshow=\"747143c\" data-elementor-lightbox-title=\"dia municipio benavente festival gastronomia santar\u00e9m (10)\" data-e-action-hash=\"#elementor-action%3Aaction%3Dlightbox%26settings%3DeyJpZCI6NzkwODUsInVybCI6Imh0dHBzOlwvXC93d3cuY20tYmVuYXZlbnRlLnB0XC93cC1jb250ZW50XC91cGxvYWRzXC8yMDI1XC8xMFwvZGlhLW11bmljaXBpby1iZW5hdmVudGUtZmVzdGl2YWwtZ2FzdHJvbm9taWEtc2FudGFyZW0tMTAuanBnIiwic2xpZGVzaG93IjoiNzQ3MTQzYyJ9\">\n\t\t\t\t\t<div class=\"e-gallery-image elementor-gallery-item__image\" data-thumbnail=\"https:\/\/www.cm-benavente.pt\/wp-content\/uploads\/2025\/10\/dia-municipio-benavente-festival-gastronomia-santarem-10-1024x635.jpg\" data-width=\"800\" data-height=\"496\" aria-label=\"\" role=\"img\" ><\/div>\n\t\t\t\t\t\t\t\t\t\t\t<div class=\"elementor-gallery-item__overlay\"><\/div>\n\t\t\t\t\t\t\t\t\t\t\t\t\t\t<\/a>\n\t\t\t\t\t\t\t<a class=\"e-gallery-item elementor-gallery-item elementor-animated-content\" href=\"https:\/\/www.cm-benavente.pt\/wp-content\/uploads\/2025\/10\/dia-municipio-benavente-festival-gastronomia-santarem-11-scaled.jpg\" data-elementor-open-lightbox=\"yes\" data-elementor-lightbox-slideshow=\"747143c\" data-elementor-lightbox-title=\"dia municipio benavente festival gastronomia santar\u00e9m (11)\" data-e-action-hash=\"#elementor-action%3Aaction%3Dlightbox%26settings%3DeyJpZCI6NzkwODYsInVybCI6Imh0dHBzOlwvXC93d3cuY20tYmVuYXZlbnRlLnB0XC93cC1jb250ZW50XC91cGxvYWRzXC8yMDI1XC8xMFwvZGlhLW11bmljaXBpby1iZW5hdmVudGUtZmVzdGl2YWwtZ2FzdHJvbm9taWEtc2FudGFyZW0tMTEtc2NhbGVkLmpwZyIsInNsaWRlc2hvdyI6Ijc0NzE0M2MifQ%3D%3D\">\n\t\t\t\t\t<div class=\"e-gallery-image elementor-gallery-item__image\" data-thumbnail=\"https:\/\/www.cm-benavente.pt\/wp-content\/uploads\/2025\/10\/dia-municipio-benavente-festival-gastronomia-santarem-11-1024x566.jpg\" data-width=\"800\" data-height=\"442\" aria-label=\"\" role=\"img\" ><\/div>\n\t\t\t\t\t\t\t\t\t\t\t<div class=\"elementor-gallery-item__overlay\"><\/div>\n\t\t\t\t\t\t\t\t\t\t\t\t\t\t<\/a>\n\t\t\t\t\t\t\t<a class=\"e-gallery-item elementor-gallery-item elementor-animated-content\" href=\"https:\/\/www.cm-benavente.pt\/wp-content\/uploads\/2025\/10\/dia-municipio-benavente-festival-gastronomia-santarem-12-scaled.jpg\" data-elementor-open-lightbox=\"yes\" data-elementor-lightbox-slideshow=\"747143c\" data-elementor-lightbox-title=\"dia municipio benavente festival gastronomia santar\u00e9m (12)\" data-e-action-hash=\"#elementor-action%3Aaction%3Dlightbox%26settings%3DeyJpZCI6NzkwODcsInVybCI6Imh0dHBzOlwvXC93d3cuY20tYmVuYXZlbnRlLnB0XC93cC1jb250ZW50XC91cGxvYWRzXC8yMDI1XC8xMFwvZGlhLW11bmljaXBpby1iZW5hdmVudGUtZmVzdGl2YWwtZ2FzdHJvbm9taWEtc2FudGFyZW0tMTItc2NhbGVkLmpwZyIsInNsaWRlc2hvdyI6Ijc0NzE0M2MifQ%3D%3D\">\n\t\t\t\t\t<div class=\"e-gallery-image elementor-gallery-item__image\" data-thumbnail=\"https:\/\/www.cm-benavente.pt\/wp-content\/uploads\/2025\/10\/dia-municipio-benavente-festival-gastronomia-santarem-12-1024x625.jpg\" data-width=\"800\" data-height=\"488\" aria-label=\"\" role=\"img\" ><\/div>\n\t\t\t\t\t\t\t\t\t\t\t<div class=\"elementor-gallery-item__overlay\"><\/div>\n\t\t\t\t\t\t\t\t\t\t\t\t\t\t<\/a>\n\t\t\t\t\t\t\t<a class=\"e-gallery-item elementor-gallery-item elementor-animated-content\" href=\"https:\/\/www.cm-benavente.pt\/wp-content\/uploads\/2025\/10\/dia-municipio-benavente-festival-gastronomia-santarem-13-scaled.jpg\" data-elementor-open-lightbox=\"yes\" data-elementor-lightbox-slideshow=\"747143c\" data-elementor-lightbox-title=\"dia municipio benavente festival gastronomia santar\u00e9m (13)\" data-e-action-hash=\"#elementor-action%3Aaction%3Dlightbox%26settings%3DeyJpZCI6NzkwODgsInVybCI6Imh0dHBzOlwvXC93d3cuY20tYmVuYXZlbnRlLnB0XC93cC1jb250ZW50XC91cGxvYWRzXC8yMDI1XC8xMFwvZGlhLW11bmljaXBpby1iZW5hdmVudGUtZmVzdGl2YWwtZ2FzdHJvbm9taWEtc2FudGFyZW0tMTMtc2NhbGVkLmpwZyIsInNsaWRlc2hvdyI6Ijc0NzE0M2MifQ%3D%3D\">\n\t\t\t\t\t<div class=\"e-gallery-image elementor-gallery-item__image\" data-thumbnail=\"https:\/\/www.cm-benavente.pt\/wp-content\/uploads\/2025\/10\/dia-municipio-benavente-festival-gastronomia-santarem-13-1024x543.jpg\" data-width=\"800\" data-height=\"424\" aria-label=\"\" role=\"img\" ><\/div>\n\t\t\t\t\t\t\t\t\t\t\t<div class=\"elementor-gallery-item__overlay\"><\/div>\n\t\t\t\t\t\t\t\t\t\t\t\t\t\t<\/a>\n\t\t\t\t\t\t\t<a class=\"e-gallery-item elementor-gallery-item elementor-animated-content\" href=\"https:\/\/www.cm-benavente.pt\/wp-content\/uploads\/2025\/10\/dia-municipio-benavente-festival-gastronomia-santarem-14-scaled.jpg\" data-elementor-open-lightbox=\"yes\" data-elementor-lightbox-slideshow=\"747143c\" data-elementor-lightbox-title=\"dia municipio benavente festival gastronomia santar\u00e9m (14)\" data-e-action-hash=\"#elementor-action%3Aaction%3Dlightbox%26settings%3DeyJpZCI6NzkwODksInVybCI6Imh0dHBzOlwvXC93d3cuY20tYmVuYXZlbnRlLnB0XC93cC1jb250ZW50XC91cGxvYWRzXC8yMDI1XC8xMFwvZGlhLW11bmljaXBpby1iZW5hdmVudGUtZmVzdGl2YWwtZ2FzdHJvbm9taWEtc2FudGFyZW0tMTQtc2NhbGVkLmpwZyIsInNsaWRlc2hvdyI6Ijc0NzE0M2MifQ%3D%3D\">\n\t\t\t\t\t<div class=\"e-gallery-image elementor-gallery-item__image\" data-thumbnail=\"https:\/\/www.cm-benavente.pt\/wp-content\/uploads\/2025\/10\/dia-municipio-benavente-festival-gastronomia-santarem-14-1024x683.jpg\" data-width=\"800\" data-height=\"534\" aria-label=\"\" role=\"img\" ><\/div>\n\t\t\t\t\t\t\t\t\t\t\t<div class=\"elementor-gallery-item__overlay\"><\/div>\n\t\t\t\t\t\t\t\t\t\t\t\t\t\t<\/a>\n\t\t\t\t\t\t\t<a class=\"e-gallery-item elementor-gallery-item elementor-animated-content\" href=\"https:\/\/www.cm-benavente.pt\/wp-content\/uploads\/2025\/10\/dia-municipio-benavente-festival-gastronomia-santarem-15-scaled.jpg\" data-elementor-open-lightbox=\"yes\" data-elementor-lightbox-slideshow=\"747143c\" data-elementor-lightbox-title=\"dia municipio benavente festival gastronomia santar\u00e9m (15)\" data-e-action-hash=\"#elementor-action%3Aaction%3Dlightbox%26settings%3DeyJpZCI6NzkwOTAsInVybCI6Imh0dHBzOlwvXC93d3cuY20tYmVuYXZlbnRlLnB0XC93cC1jb250ZW50XC91cGxvYWRzXC8yMDI1XC8xMFwvZGlhLW11bmljaXBpby1iZW5hdmVudGUtZmVzdGl2YWwtZ2FzdHJvbm9taWEtc2FudGFyZW0tMTUtc2NhbGVkLmpwZyIsInNsaWRlc2hvdyI6Ijc0NzE0M2MifQ%3D%3D\">\n\t\t\t\t\t<div class=\"e-gallery-image elementor-gallery-item__image\" data-thumbnail=\"https:\/\/www.cm-benavente.pt\/wp-content\/uploads\/2025\/10\/dia-municipio-benavente-festival-gastronomia-santarem-15-1024x658.jpg\" data-width=\"800\" data-height=\"514\" aria-label=\"\" role=\"img\" ><\/div>\n\t\t\t\t\t\t\t\t\t\t\t<div class=\"elementor-gallery-item__overlay\"><\/div>\n\t\t\t\t\t\t\t\t\t\t\t\t\t\t<\/a>\n\t\t\t\t\t\t\t<a class=\"e-gallery-item elementor-gallery-item elementor-animated-content\" href=\"https:\/\/www.cm-benavente.pt\/wp-content\/uploads\/2025\/10\/dia-municipio-benavente-festival-gastronomia-santarem-16-scaled.jpg\" data-elementor-open-lightbox=\"yes\" data-elementor-lightbox-slideshow=\"747143c\" data-elementor-lightbox-title=\"dia municipio benavente festival gastronomia santar\u00e9m (16)\" data-e-action-hash=\"#elementor-action%3Aaction%3Dlightbox%26settings%3DeyJpZCI6NzkwOTEsInVybCI6Imh0dHBzOlwvXC93d3cuY20tYmVuYXZlbnRlLnB0XC93cC1jb250ZW50XC91cGxvYWRzXC8yMDI1XC8xMFwvZGlhLW11bmljaXBpby1iZW5hdmVudGUtZmVzdGl2YWwtZ2FzdHJvbm9taWEtc2FudGFyZW0tMTYtc2NhbGVkLmpwZyIsInNsaWRlc2hvdyI6Ijc0NzE0M2MifQ%3D%3D\">\n\t\t\t\t\t<div class=\"e-gallery-image elementor-gallery-item__image\" data-thumbnail=\"https:\/\/www.cm-benavente.pt\/wp-content\/uploads\/2025\/10\/dia-municipio-benavente-festival-gastronomia-santarem-16-1024x641.jpg\" data-width=\"800\" data-height=\"501\" aria-label=\"\" role=\"img\" ><\/div>\n\t\t\t\t\t\t\t\t\t\t\t<div class=\"elementor-gallery-item__overlay\"><\/div>\n\t\t\t\t\t\t\t\t\t\t\t\t\t\t<\/a>\n\t\t\t\t\t\t\t<a class=\"e-gallery-item elementor-gallery-item elementor-animated-content\" href=\"https:\/\/www.cm-benavente.pt\/wp-content\/uploads\/2025\/10\/dia-municipio-benavente-festival-gastronomia-santarem-17-scaled.jpg\" data-elementor-open-lightbox=\"yes\" data-elementor-lightbox-slideshow=\"747143c\" data-elementor-lightbox-title=\"dia municipio benavente festival gastronomia santar\u00e9m (17)\" data-e-action-hash=\"#elementor-action%3Aaction%3Dlightbox%26settings%3DeyJpZCI6NzkwOTIsInVybCI6Imh0dHBzOlwvXC93d3cuY20tYmVuYXZlbnRlLnB0XC93cC1jb250ZW50XC91cGxvYWRzXC8yMDI1XC8xMFwvZGlhLW11bmljaXBpby1iZW5hdmVudGUtZmVzdGl2YWwtZ2FzdHJvbm9taWEtc2FudGFyZW0tMTctc2NhbGVkLmpwZyIsInNsaWRlc2hvdyI6Ijc0NzE0M2MifQ%3D%3D\">\n\t\t\t\t\t<div class=\"e-gallery-image elementor-gallery-item__image\" data-thumbnail=\"https:\/\/www.cm-benavente.pt\/wp-content\/uploads\/2025\/10\/dia-municipio-benavente-festival-gastronomia-santarem-17-1024x669.jpg\" data-width=\"800\" data-height=\"523\" aria-label=\"\" role=\"img\" ><\/div>\n\t\t\t\t\t\t\t\t\t\t\t<div class=\"elementor-gallery-item__overlay\"><\/div>\n\t\t\t\t\t\t\t\t\t\t\t\t\t\t<\/a>\n\t\t\t\t\t\t\t<a class=\"e-gallery-item elementor-gallery-item elementor-animated-content\" href=\"https:\/\/www.cm-benavente.pt\/wp-content\/uploads\/2025\/10\/dia-municipio-benavente-festival-gastronomia-santarem-18-scaled.jpg\" data-elementor-open-lightbox=\"yes\" data-elementor-lightbox-slideshow=\"747143c\" data-elementor-lightbox-title=\"dia municipio benavente festival gastronomia santar\u00e9m (18)\" data-e-action-hash=\"#elementor-action%3Aaction%3Dlightbox%26settings%3DeyJpZCI6NzkwOTMsInVybCI6Imh0dHBzOlwvXC93d3cuY20tYmVuYXZlbnRlLnB0XC93cC1jb250ZW50XC91cGxvYWRzXC8yMDI1XC8xMFwvZGlhLW11bmljaXBpby1iZW5hdmVudGUtZmVzdGl2YWwtZ2FzdHJvbm9taWEtc2FudGFyZW0tMTgtc2NhbGVkLmpwZyIsInNsaWRlc2hvdyI6Ijc0NzE0M2MifQ%3D%3D\">\n\t\t\t\t\t<div class=\"e-gallery-image elementor-gallery-item__image\" data-thumbnail=\"https:\/\/www.cm-benavente.pt\/wp-content\/uploads\/2025\/10\/dia-municipio-benavente-festival-gastronomia-santarem-18-1024x663.jpg\" data-width=\"800\" data-height=\"518\" aria-label=\"\" role=\"img\" ><\/div>\n\t\t\t\t\t\t\t\t\t\t\t<div class=\"elementor-gallery-item__overlay\"><\/div>\n\t\t\t\t\t\t\t\t\t\t\t\t\t\t<\/a>\n\t\t\t\t\t\t\t<a class=\"e-gallery-item elementor-gallery-item elementor-animated-content\" href=\"https:\/\/www.cm-benavente.pt\/wp-content\/uploads\/2025\/10\/dia-municipio-benavente-festival-gastronomia-santarem-19-scaled.jpg\" data-elementor-open-lightbox=\"yes\" data-elementor-lightbox-slideshow=\"747143c\" data-elementor-lightbox-title=\"dia municipio benavente festival gastronomia santar\u00e9m (19)\" data-e-action-hash=\"#elementor-action%3Aaction%3Dlightbox%26settings%3DeyJpZCI6NzkwOTQsInVybCI6Imh0dHBzOlwvXC93d3cuY20tYmVuYXZlbnRlLnB0XC93cC1jb250ZW50XC91cGxvYWRzXC8yMDI1XC8xMFwvZGlhLW11bmljaXBpby1iZW5hdmVudGUtZmVzdGl2YWwtZ2FzdHJvbm9taWEtc2FudGFyZW0tMTktc2NhbGVkLmpwZyIsInNsaWRlc2hvdyI6Ijc0NzE0M2MifQ%3D%3D\">\n\t\t\t\t\t<div class=\"e-gallery-image elementor-gallery-item__image\" data-thumbnail=\"https:\/\/www.cm-benavente.pt\/wp-content\/uploads\/2025\/10\/dia-municipio-benavente-festival-gastronomia-santarem-19-1024x682.jpg\" data-width=\"800\" data-height=\"533\" aria-label=\"\" role=\"img\" ><\/div>\n\t\t\t\t\t\t\t\t\t\t\t<div class=\"elementor-gallery-item__overlay\"><\/div>\n\t\t\t\t\t\t\t\t\t\t\t\t\t\t<\/a>\n\t\t\t\t\t\t\t<a class=\"e-gallery-item elementor-gallery-item elementor-animated-content\" href=\"https:\/\/www.cm-benavente.pt\/wp-content\/uploads\/2025\/10\/dia-municipio-benavente-festival-gastronomia-santarem-20-scaled.jpg\" data-elementor-open-lightbox=\"yes\" data-elementor-lightbox-slideshow=\"747143c\" data-elementor-lightbox-title=\"dia municipio benavente festival gastronomia santar\u00e9m (20)\" data-e-action-hash=\"#elementor-action%3Aaction%3Dlightbox%26settings%3DeyJpZCI6NzkwOTUsInVybCI6Imh0dHBzOlwvXC93d3cuY20tYmVuYXZlbnRlLnB0XC93cC1jb250ZW50XC91cGxvYWRzXC8yMDI1XC8xMFwvZGlhLW11bmljaXBpby1iZW5hdmVudGUtZmVzdGl2YWwtZ2FzdHJvbm9taWEtc2FudGFyZW0tMjAtc2NhbGVkLmpwZyIsInNsaWRlc2hvdyI6Ijc0NzE0M2MifQ%3D%3D\">\n\t\t\t\t\t<div class=\"e-gallery-image elementor-gallery-item__image\" data-thumbnail=\"https:\/\/www.cm-benavente.pt\/wp-content\/uploads\/2025\/10\/dia-municipio-benavente-festival-gastronomia-santarem-20-1024x626.jpg\" data-width=\"800\" data-height=\"489\" aria-label=\"\" role=\"img\" ><\/div>\n\t\t\t\t\t\t\t\t\t\t\t<div class=\"elementor-gallery-item__overlay\"><\/div>\n\t\t\t\t\t\t\t\t\t\t\t\t\t\t<\/a>\n\t\t\t\t\t\t\t<a class=\"e-gallery-item elementor-gallery-item elementor-animated-content\" href=\"https:\/\/www.cm-benavente.pt\/wp-content\/uploads\/2025\/10\/dia-municipio-benavente-festival-gastronomia-santarem-21-scaled.jpg\" data-elementor-open-lightbox=\"yes\" data-elementor-lightbox-slideshow=\"747143c\" data-elementor-lightbox-title=\"dia municipio benavente festival gastronomia santar\u00e9m (21)\" data-e-action-hash=\"#elementor-action%3Aaction%3Dlightbox%26settings%3DeyJpZCI6NzkwOTYsInVybCI6Imh0dHBzOlwvXC93d3cuY20tYmVuYXZlbnRlLnB0XC93cC1jb250ZW50XC91cGxvYWRzXC8yMDI1XC8xMFwvZGlhLW11bmljaXBpby1iZW5hdmVudGUtZmVzdGl2YWwtZ2FzdHJvbm9taWEtc2FudGFyZW0tMjEtc2NhbGVkLmpwZyIsInNsaWRlc2hvdyI6Ijc0NzE0M2MifQ%3D%3D\">\n\t\t\t\t\t<div class=\"e-gallery-image elementor-gallery-item__image\" data-thumbnail=\"https:\/\/www.cm-benavente.pt\/wp-content\/uploads\/2025\/10\/dia-municipio-benavente-festival-gastronomia-santarem-21-1024x683.jpg\" data-width=\"800\" data-height=\"534\" aria-label=\"\" role=\"img\" ><\/div>\n\t\t\t\t\t\t\t\t\t\t\t<div class=\"elementor-gallery-item__overlay\"><\/div>\n\t\t\t\t\t\t\t\t\t\t\t\t\t\t<\/a>\n\t\t\t\t\t\t\t<a class=\"e-gallery-item elementor-gallery-item elementor-animated-content\" href=\"https:\/\/www.cm-benavente.pt\/wp-content\/uploads\/2025\/10\/dia-municipio-benavente-festival-gastronomia-santarem-22-scaled.jpg\" data-elementor-open-lightbox=\"yes\" data-elementor-lightbox-slideshow=\"747143c\" data-elementor-lightbox-title=\"dia municipio benavente festival gastronomia santar\u00e9m (22)\" data-e-action-hash=\"#elementor-action%3Aaction%3Dlightbox%26settings%3DeyJpZCI6NzkwOTcsInVybCI6Imh0dHBzOlwvXC93d3cuY20tYmVuYXZlbnRlLnB0XC93cC1jb250ZW50XC91cGxvYWRzXC8yMDI1XC8xMFwvZGlhLW11bmljaXBpby1iZW5hdmVudGUtZmVzdGl2YWwtZ2FzdHJvbm9taWEtc2FudGFyZW0tMjItc2NhbGVkLmpwZyIsInNsaWRlc2hvdyI6Ijc0NzE0M2MifQ%3D%3D\">\n\t\t\t\t\t<div class=\"e-gallery-image elementor-gallery-item__image\" data-thumbnail=\"https:\/\/www.cm-benavente.pt\/wp-content\/uploads\/2025\/10\/dia-municipio-benavente-festival-gastronomia-santarem-22-1024x683.jpg\" data-width=\"800\" data-height=\"534\" aria-label=\"\" role=\"img\" ><\/div>\n\t\t\t\t\t\t\t\t\t\t\t<div class=\"elementor-gallery-item__overlay\"><\/div>\n\t\t\t\t\t\t\t\t\t\t\t\t\t\t<\/a>\n\t\t\t\t\t\t\t<a class=\"e-gallery-item elementor-gallery-item elementor-animated-content\" href=\"https:\/\/www.cm-benavente.pt\/wp-content\/uploads\/2025\/10\/dia-municipio-benavente-festival-gastronomia-santarem-23-scaled.jpg\" data-elementor-open-lightbox=\"yes\" data-elementor-lightbox-slideshow=\"747143c\" data-elementor-lightbox-title=\"dia municipio benavente festival gastronomia santar\u00e9m (23)\" data-e-action-hash=\"#elementor-action%3Aaction%3Dlightbox%26settings%3DeyJpZCI6NzkwOTgsInVybCI6Imh0dHBzOlwvXC93d3cuY20tYmVuYXZlbnRlLnB0XC93cC1jb250ZW50XC91cGxvYWRzXC8yMDI1XC8xMFwvZGlhLW11bmljaXBpby1iZW5hdmVudGUtZmVzdGl2YWwtZ2FzdHJvbm9taWEtc2FudGFyZW0tMjMtc2NhbGVkLmpwZyIsInNsaWRlc2hvdyI6Ijc0NzE0M2MifQ%3D%3D\">\n\t\t\t\t\t<div class=\"e-gallery-image elementor-gallery-item__image\" data-thumbnail=\"https:\/\/www.cm-benavente.pt\/wp-content\/uploads\/2025\/10\/dia-municipio-benavente-festival-gastronomia-santarem-23-1024x683.jpg\" data-width=\"800\" data-height=\"534\" aria-label=\"\" role=\"img\" ><\/div>\n\t\t\t\t\t\t\t\t\t\t\t<div class=\"elementor-gallery-item__overlay\"><\/div>\n\t\t\t\t\t\t\t\t\t\t\t\t\t\t<\/a>\n\t\t\t\t\t\t\t<a class=\"e-gallery-item elementor-gallery-item elementor-animated-content\" href=\"https:\/\/www.cm-benavente.pt\/wp-content\/uploads\/2025\/10\/dia-municipio-benavente-festival-gastronomia-santarem-24-scaled.jpg\" data-elementor-open-lightbox=\"yes\" data-elementor-lightbox-slideshow=\"747143c\" data-elementor-lightbox-title=\"dia municipio benavente festival gastronomia santar\u00e9m (24)\" data-e-action-hash=\"#elementor-action%3Aaction%3Dlightbox%26settings%3DeyJpZCI6NzkwOTksInVybCI6Imh0dHBzOlwvXC93d3cuY20tYmVuYXZlbnRlLnB0XC93cC1jb250ZW50XC91cGxvYWRzXC8yMDI1XC8xMFwvZGlhLW11bmljaXBpby1iZW5hdmVudGUtZmVzdGl2YWwtZ2FzdHJvbm9taWEtc2FudGFyZW0tMjQtc2NhbGVkLmpwZyIsInNsaWRlc2hvdyI6Ijc0NzE0M2MifQ%3D%3D\">\n\t\t\t\t\t<div class=\"e-gallery-image elementor-gallery-item__image\" data-thumbnail=\"https:\/\/www.cm-benavente.pt\/wp-content\/uploads\/2025\/10\/dia-municipio-benavente-festival-gastronomia-santarem-24-1024x652.jpg\" data-width=\"800\" data-height=\"509\" aria-label=\"\" role=\"img\" ><\/div>\n\t\t\t\t\t\t\t\t\t\t\t<div class=\"elementor-gallery-item__overlay\"><\/div>\n\t\t\t\t\t\t\t\t\t\t\t\t\t\t<\/a>\n\t\t\t\t\t\t\t<a class=\"e-gallery-item elementor-gallery-item elementor-animated-content\" href=\"https:\/\/www.cm-benavente.pt\/wp-content\/uploads\/2025\/10\/dia-municipio-benavente-festival-gastronomia-santarem-25-scaled.jpg\" data-elementor-open-lightbox=\"yes\" data-elementor-lightbox-slideshow=\"747143c\" data-elementor-lightbox-title=\"dia municipio benavente festival gastronomia santar\u00e9m (25)\" data-e-action-hash=\"#elementor-action%3Aaction%3Dlightbox%26settings%3DeyJpZCI6NzkxMDAsInVybCI6Imh0dHBzOlwvXC93d3cuY20tYmVuYXZlbnRlLnB0XC93cC1jb250ZW50XC91cGxvYWRzXC8yMDI1XC8xMFwvZGlhLW11bmljaXBpby1iZW5hdmVudGUtZmVzdGl2YWwtZ2FzdHJvbm9taWEtc2FudGFyZW0tMjUtc2NhbGVkLmpwZyIsInNsaWRlc2hvdyI6Ijc0NzE0M2MifQ%3D%3D\">\n\t\t\t\t\t<div class=\"e-gallery-image elementor-gallery-item__image\" data-thumbnail=\"https:\/\/www.cm-benavente.pt\/wp-content\/uploads\/2025\/10\/dia-municipio-benavente-festival-gastronomia-santarem-25-1024x657.jpg\" data-width=\"800\" data-height=\"513\" aria-label=\"\" role=\"img\" ><\/div>\n\t\t\t\t\t\t\t\t\t\t\t<div class=\"elementor-gallery-item__overlay\"><\/div>\n\t\t\t\t\t\t\t\t\t\t\t\t\t\t<\/a>\n\t\t\t\t\t\t\t<a class=\"e-gallery-item elementor-gallery-item elementor-animated-content\" href=\"https:\/\/www.cm-benavente.pt\/wp-content\/uploads\/2025\/10\/dia-municipio-benavente-festival-gastronomia-santarem-26-scaled.jpg\" data-elementor-open-lightbox=\"yes\" data-elementor-lightbox-slideshow=\"747143c\" data-elementor-lightbox-title=\"dia municipio benavente festival gastronomia santar\u00e9m (26)\" data-e-action-hash=\"#elementor-action%3Aaction%3Dlightbox%26settings%3DeyJpZCI6NzkxMDEsInVybCI6Imh0dHBzOlwvXC93d3cuY20tYmVuYXZlbnRlLnB0XC93cC1jb250ZW50XC91cGxvYWRzXC8yMDI1XC8xMFwvZGlhLW11bmljaXBpby1iZW5hdmVudGUtZmVzdGl2YWwtZ2FzdHJvbm9taWEtc2FudGFyZW0tMjYtc2NhbGVkLmpwZyIsInNsaWRlc2hvdyI6Ijc0NzE0M2MifQ%3D%3D\">\n\t\t\t\t\t<div class=\"e-gallery-image elementor-gallery-item__image\" data-thumbnail=\"https:\/\/www.cm-benavente.pt\/wp-content\/uploads\/2025\/10\/dia-municipio-benavente-festival-gastronomia-santarem-26-1024x682.jpg\" data-width=\"800\" data-height=\"533\" aria-label=\"\" role=\"img\" ><\/div>\n\t\t\t\t\t\t\t\t\t\t\t<div class=\"elementor-gallery-item__overlay\"><\/div>\n\t\t\t\t\t\t\t\t\t\t\t\t\t\t<\/a>\n\t\t\t\t\t\t\t<a class=\"e-gallery-item elementor-gallery-item elementor-animated-content\" href=\"https:\/\/www.cm-benavente.pt\/wp-content\/uploads\/2025\/10\/dia-municipio-benavente-festival-gastronomia-santarem-27-scaled.jpg\" data-elementor-open-lightbox=\"yes\" data-elementor-lightbox-slideshow=\"747143c\" data-elementor-lightbox-title=\"dia municipio benavente festival gastronomia santar\u00e9m (27)\" data-e-action-hash=\"#elementor-action%3Aaction%3Dlightbox%26settings%3DeyJpZCI6NzkxMDIsInVybCI6Imh0dHBzOlwvXC93d3cuY20tYmVuYXZlbnRlLnB0XC93cC1jb250ZW50XC91cGxvYWRzXC8yMDI1XC8xMFwvZGlhLW11bmljaXBpby1iZW5hdmVudGUtZmVzdGl2YWwtZ2FzdHJvbm9taWEtc2FudGFyZW0tMjctc2NhbGVkLmpwZyIsInNsaWRlc2hvdyI6Ijc0NzE0M2MifQ%3D%3D\">\n\t\t\t\t\t<div class=\"e-gallery-image elementor-gallery-item__image\" data-thumbnail=\"https:\/\/www.cm-benavente.pt\/wp-content\/uploads\/2025\/10\/dia-municipio-benavente-festival-gastronomia-santarem-27-1024x683.jpg\" data-width=\"800\" data-height=\"534\" aria-label=\"\" role=\"img\" ><\/div>\n\t\t\t\t\t\t\t\t\t\t\t<div class=\"elementor-gallery-item__overlay\"><\/div>\n\t\t\t\t\t\t\t\t\t\t\t\t\t\t<\/a>\n\t\t\t\t\t\t\t<a class=\"e-gallery-item elementor-gallery-item elementor-animated-content\" href=\"https:\/\/www.cm-benavente.pt\/wp-content\/uploads\/2025\/10\/dia-municipio-benavente-festival-gastronomia-santarem-28-scaled.jpg\" data-elementor-open-lightbox=\"yes\" data-elementor-lightbox-slideshow=\"747143c\" data-elementor-lightbox-title=\"dia municipio benavente festival gastronomia santar\u00e9m (28)\" data-e-action-hash=\"#elementor-action%3Aaction%3Dlightbox%26settings%3DeyJpZCI6NzkxMDMsInVybCI6Imh0dHBzOlwvXC93d3cuY20tYmVuYXZlbnRlLnB0XC93cC1jb250ZW50XC91cGxvYWRzXC8yMDI1XC8xMFwvZGlhLW11bmljaXBpby1iZW5hdmVudGUtZmVzdGl2YWwtZ2FzdHJvbm9taWEtc2FudGFyZW0tMjgtc2NhbGVkLmpwZyIsInNsaWRlc2hvdyI6Ijc0NzE0M2MifQ%3D%3D\">\n\t\t\t\t\t<div class=\"e-gallery-image elementor-gallery-item__image\" data-thumbnail=\"https:\/\/www.cm-benavente.pt\/wp-content\/uploads\/2025\/10\/dia-municipio-benavente-festival-gastronomia-santarem-28-1024x625.jpg\" data-width=\"800\" data-height=\"488\" aria-label=\"\" role=\"img\" ><\/div>\n\t\t\t\t\t\t\t\t\t\t\t<div class=\"elementor-gallery-item__overlay\"><\/div>\n\t\t\t\t\t\t\t\t\t\t\t\t\t\t<\/a>\n\t\t\t\t\t\t\t<a class=\"e-gallery-item elementor-gallery-item elementor-animated-content\" href=\"https:\/\/www.cm-benavente.pt\/wp-content\/uploads\/2025\/10\/dia-municipio-benavente-festival-gastronomia-santarem-29-scaled.jpg\" data-elementor-open-lightbox=\"yes\" data-elementor-lightbox-slideshow=\"747143c\" data-elementor-lightbox-title=\"dia municipio benavente festival gastronomia santar\u00e9m (29)\" data-e-action-hash=\"#elementor-action%3Aaction%3Dlightbox%26settings%3DeyJpZCI6NzkxMDQsInVybCI6Imh0dHBzOlwvXC93d3cuY20tYmVuYXZlbnRlLnB0XC93cC1jb250ZW50XC91cGxvYWRzXC8yMDI1XC8xMFwvZGlhLW11bmljaXBpby1iZW5hdmVudGUtZmVzdGl2YWwtZ2FzdHJvbm9taWEtc2FudGFyZW0tMjktc2NhbGVkLmpwZyIsInNsaWRlc2hvdyI6Ijc0NzE0M2MifQ%3D%3D\">\n\t\t\t\t\t<div class=\"e-gallery-image elementor-gallery-item__image\" data-thumbnail=\"https:\/\/www.cm-benavente.pt\/wp-content\/uploads\/2025\/10\/dia-municipio-benavente-festival-gastronomia-santarem-29-1024x610.jpg\" data-width=\"800\" data-height=\"477\" aria-label=\"\" role=\"img\" ><\/div>\n\t\t\t\t\t\t\t\t\t\t\t<div class=\"elementor-gallery-item__overlay\"><\/div>\n\t\t\t\t\t\t\t\t\t\t\t\t\t\t<\/a>\n\t\t\t\t\t\t\t<a class=\"e-gallery-item elementor-gallery-item elementor-animated-content\" href=\"https:\/\/www.cm-benavente.pt\/wp-content\/uploads\/2025\/10\/dia-municipio-benavente-festival-gastronomia-santarem-30-scaled.jpg\" data-elementor-open-lightbox=\"yes\" data-elementor-lightbox-slideshow=\"747143c\" data-elementor-lightbox-title=\"dia municipio benavente festival gastronomia santar\u00e9m (30)\" data-e-action-hash=\"#elementor-action%3Aaction%3Dlightbox%26settings%3DeyJpZCI6NzkxMDUsInVybCI6Imh0dHBzOlwvXC93d3cuY20tYmVuYXZlbnRlLnB0XC93cC1jb250ZW50XC91cGxvYWRzXC8yMDI1XC8xMFwvZGlhLW11bmljaXBpby1iZW5hdmVudGUtZmVzdGl2YWwtZ2FzdHJvbm9taWEtc2FudGFyZW0tMzAtc2NhbGVkLmpwZyIsInNsaWRlc2hvdyI6Ijc0NzE0M2MifQ%3D%3D\">\n\t\t\t\t\t<div class=\"e-gallery-image elementor-gallery-item__image\" data-thumbnail=\"https:\/\/www.cm-benavente.pt\/wp-content\/uploads\/2025\/10\/dia-municipio-benavente-festival-gastronomia-santarem-30-1024x614.jpg\" data-width=\"800\" data-height=\"480\" aria-label=\"\" role=\"img\" ><\/div>\n\t\t\t\t\t\t\t\t\t\t\t<div class=\"elementor-gallery-item__overlay\"><\/div>\n\t\t\t\t\t\t\t\t\t\t\t\t\t\t<\/a>\n\t\t\t\t\t\t\t<a class=\"e-gallery-item elementor-gallery-item elementor-animated-content\" href=\"https:\/\/www.cm-benavente.pt\/wp-content\/uploads\/2025\/10\/dia-municipio-benavente-festival-gastronomia-santarem-31-scaled.jpg\" data-elementor-open-lightbox=\"yes\" data-elementor-lightbox-slideshow=\"747143c\" data-elementor-lightbox-title=\"dia municipio benavente festival gastronomia santar\u00e9m (31)\" data-e-action-hash=\"#elementor-action%3Aaction%3Dlightbox%26settings%3DeyJpZCI6NzkxMDYsInVybCI6Imh0dHBzOlwvXC93d3cuY20tYmVuYXZlbnRlLnB0XC93cC1jb250ZW50XC91cGxvYWRzXC8yMDI1XC8xMFwvZGlhLW11bmljaXBpby1iZW5hdmVudGUtZmVzdGl2YWwtZ2FzdHJvbm9taWEtc2FudGFyZW0tMzEtc2NhbGVkLmpwZyIsInNsaWRlc2hvdyI6Ijc0NzE0M2MifQ%3D%3D\">\n\t\t\t\t\t<div class=\"e-gallery-image elementor-gallery-item__image\" data-thumbnail=\"https:\/\/www.cm-benavente.pt\/wp-content\/uploads\/2025\/10\/dia-municipio-benavente-festival-gastronomia-santarem-31-1024x551.jpg\" data-width=\"800\" data-height=\"430\" aria-label=\"\" role=\"img\" ><\/div>\n\t\t\t\t\t\t\t\t\t\t\t<div class=\"elementor-gallery-item__overlay\"><\/div>\n\t\t\t\t\t\t\t\t\t\t\t\t\t\t<\/a>\n\t\t\t\t\t\t\t<a class=\"e-gallery-item elementor-gallery-item elementor-animated-content\" href=\"https:\/\/www.cm-benavente.pt\/wp-content\/uploads\/2025\/10\/dia-municipio-benavente-festival-gastronomia-santarem-32-scaled.jpg\" data-elementor-open-lightbox=\"yes\" data-elementor-lightbox-slideshow=\"747143c\" data-elementor-lightbox-title=\"dia municipio benavente festival gastronomia santar\u00e9m (32)\" data-e-action-hash=\"#elementor-action%3Aaction%3Dlightbox%26settings%3DeyJpZCI6NzkxMDcsInVybCI6Imh0dHBzOlwvXC93d3cuY20tYmVuYXZlbnRlLnB0XC93cC1jb250ZW50XC91cGxvYWRzXC8yMDI1XC8xMFwvZGlhLW11bmljaXBpby1iZW5hdmVudGUtZmVzdGl2YWwtZ2FzdHJvbm9taWEtc2FudGFyZW0tMzItc2NhbGVkLmpwZyIsInNsaWRlc2hvdyI6Ijc0NzE0M2MifQ%3D%3D\">\n\t\t\t\t\t<div class=\"e-gallery-image elementor-gallery-item__image\" data-thumbnail=\"https:\/\/www.cm-benavente.pt\/wp-content\/uploads\/2025\/10\/dia-municipio-benavente-festival-gastronomia-santarem-32-1024x586.jpg\" data-width=\"800\" data-height=\"458\" aria-label=\"\" role=\"img\" ><\/div>\n\t\t\t\t\t\t\t\t\t\t\t<div class=\"elementor-gallery-item__overlay\"><\/div>\n\t\t\t\t\t\t\t\t\t\t\t\t\t\t<\/a>\n\t\t\t\t\t\t\t<a class=\"e-gallery-item elementor-gallery-item elementor-animated-content\" href=\"https:\/\/www.cm-benavente.pt\/wp-content\/uploads\/2025\/10\/dia-municipio-benavente-festival-gastronomia-santarem-33-scaled.jpg\" data-elementor-open-lightbox=\"yes\" data-elementor-lightbox-slideshow=\"747143c\" data-elementor-lightbox-title=\"dia municipio benavente festival gastronomia santar\u00e9m (33)\" data-e-action-hash=\"#elementor-action%3Aaction%3Dlightbox%26settings%3DeyJpZCI6NzkxMDgsInVybCI6Imh0dHBzOlwvXC93d3cuY20tYmVuYXZlbnRlLnB0XC93cC1jb250ZW50XC91cGxvYWRzXC8yMDI1XC8xMFwvZGlhLW11bmljaXBpby1iZW5hdmVudGUtZmVzdGl2YWwtZ2FzdHJvbm9taWEtc2FudGFyZW0tMzMtc2NhbGVkLmpwZyIsInNsaWRlc2hvdyI6Ijc0NzE0M2MifQ%3D%3D\">\n\t\t\t\t\t<div class=\"e-gallery-image elementor-gallery-item__image\" data-thumbnail=\"https:\/\/www.cm-benavente.pt\/wp-content\/uploads\/2025\/10\/dia-municipio-benavente-festival-gastronomia-santarem-33-1024x651.jpg\" data-width=\"800\" data-height=\"509\" aria-label=\"\" role=\"img\" ><\/div>\n\t\t\t\t\t\t\t\t\t\t\t<div class=\"elementor-gallery-item__overlay\"><\/div>\n\t\t\t\t\t\t\t\t\t\t\t\t\t\t<\/a>\n\t\t\t\t\t\t\t<a class=\"e-gallery-item elementor-gallery-item elementor-animated-content\" href=\"https:\/\/www.cm-benavente.pt\/wp-content\/uploads\/2025\/10\/dia-municipio-benavente-festival-gastronomia-santarem-34.jpg\" data-elementor-open-lightbox=\"yes\" data-elementor-lightbox-slideshow=\"747143c\" data-elementor-lightbox-title=\"dia municipio benavente festival gastronomia santar\u00e9m (34)\" data-e-action-hash=\"#elementor-action%3Aaction%3Dlightbox%26settings%3DeyJpZCI6NzkxMDksInVybCI6Imh0dHBzOlwvXC93d3cuY20tYmVuYXZlbnRlLnB0XC93cC1jb250ZW50XC91cGxvYWRzXC8yMDI1XC8xMFwvZGlhLW11bmljaXBpby1iZW5hdmVudGUtZmVzdGl2YWwtZ2FzdHJvbm9taWEtc2FudGFyZW0tMzQuanBnIiwic2xpZGVzaG93IjoiNzQ3MTQzYyJ9\">\n\t\t\t\t\t<div class=\"e-gallery-image elementor-gallery-item__image\" data-thumbnail=\"https:\/\/www.cm-benavente.pt\/wp-content\/uploads\/2025\/10\/dia-municipio-benavente-festival-gastronomia-santarem-34-1024x682.jpg\" data-width=\"800\" data-height=\"533\" aria-label=\"\" role=\"img\" ><\/div>\n\t\t\t\t\t\t\t\t\t\t\t<div class=\"elementor-gallery-item__overlay\"><\/div>\n\t\t\t\t\t\t\t\t\t\t\t\t\t\t<\/a>\n\t\t\t\t\t\t\t<a class=\"e-gallery-item elementor-gallery-item elementor-animated-content\" href=\"https:\/\/www.cm-benavente.pt\/wp-content\/uploads\/2025\/10\/dia-municipio-benavente-festival-gastronomia-santarem-35-scaled.jpg\" data-elementor-open-lightbox=\"yes\" data-elementor-lightbox-slideshow=\"747143c\" data-elementor-lightbox-title=\"dia municipio benavente festival gastronomia santar\u00e9m (35)\" data-e-action-hash=\"#elementor-action%3Aaction%3Dlightbox%26settings%3DeyJpZCI6NzkxMTAsInVybCI6Imh0dHBzOlwvXC93d3cuY20tYmVuYXZlbnRlLnB0XC93cC1jb250ZW50XC91cGxvYWRzXC8yMDI1XC8xMFwvZGlhLW11bmljaXBpby1iZW5hdmVudGUtZmVzdGl2YWwtZ2FzdHJvbm9taWEtc2FudGFyZW0tMzUtc2NhbGVkLmpwZyIsInNsaWRlc2hvdyI6Ijc0NzE0M2MifQ%3D%3D\">\n\t\t\t\t\t<div class=\"e-gallery-image elementor-gallery-item__image\" data-thumbnail=\"https:\/\/www.cm-benavente.pt\/wp-content\/uploads\/2025\/10\/dia-municipio-benavente-festival-gastronomia-santarem-35-1024x651.jpg\" data-width=\"800\" data-height=\"509\" aria-label=\"\" role=\"img\" ><\/div>\n\t\t\t\t\t\t\t\t\t\t\t<div class=\"elementor-gallery-item__overlay\"><\/div>\n\t\t\t\t\t\t\t\t\t\t\t\t\t\t<\/a>\n\t\t\t\t\t\t\t<a class=\"e-gallery-item elementor-gallery-item elementor-animated-content\" href=\"https:\/\/www.cm-benavente.pt\/wp-content\/uploads\/2025\/10\/dia-municipio-benavente-festival-gastronomia-santarem-36-scaled.jpg\" data-elementor-open-lightbox=\"yes\" data-elementor-lightbox-slideshow=\"747143c\" data-elementor-lightbox-title=\"dia municipio benavente festival gastronomia santar\u00e9m (36)\" data-e-action-hash=\"#elementor-action%3Aaction%3Dlightbox%26settings%3DeyJpZCI6NzkxMTEsInVybCI6Imh0dHBzOlwvXC93d3cuY20tYmVuYXZlbnRlLnB0XC93cC1jb250ZW50XC91cGxvYWRzXC8yMDI1XC8xMFwvZGlhLW11bmljaXBpby1iZW5hdmVudGUtZmVzdGl2YWwtZ2FzdHJvbm9taWEtc2FudGFyZW0tMzYtc2NhbGVkLmpwZyIsInNsaWRlc2hvdyI6Ijc0NzE0M2MifQ%3D%3D\">\n\t\t\t\t\t<div class=\"e-gallery-image elementor-gallery-item__image\" data-thumbnail=\"https:\/\/www.cm-benavente.pt\/wp-content\/uploads\/2025\/10\/dia-municipio-benavente-festival-gastronomia-santarem-36-1024x604.jpg\" data-width=\"800\" data-height=\"472\" aria-label=\"\" role=\"img\" ><\/div>\n\t\t\t\t\t\t\t\t\t\t\t<div class=\"elementor-gallery-item__overlay\"><\/div>\n\t\t\t\t\t\t\t\t\t\t\t\t\t\t<\/a>\n\t\t\t\t\t\t\t<a class=\"e-gallery-item elementor-gallery-item elementor-animated-content\" href=\"https:\/\/www.cm-benavente.pt\/wp-content\/uploads\/2025\/10\/dia-municipio-benavente-festival-gastronomia-santarem-37-scaled.jpg\" data-elementor-open-lightbox=\"yes\" data-elementor-lightbox-slideshow=\"747143c\" data-elementor-lightbox-title=\"dia municipio benavente festival gastronomia santar\u00e9m (37)\" data-e-action-hash=\"#elementor-action%3Aaction%3Dlightbox%26settings%3DeyJpZCI6NzkxMTIsInVybCI6Imh0dHBzOlwvXC93d3cuY20tYmVuYXZlbnRlLnB0XC93cC1jb250ZW50XC91cGxvYWRzXC8yMDI1XC8xMFwvZGlhLW11bmljaXBpby1iZW5hdmVudGUtZmVzdGl2YWwtZ2FzdHJvbm9taWEtc2FudGFyZW0tMzctc2NhbGVkLmpwZyIsInNsaWRlc2hvdyI6Ijc0NzE0M2MifQ%3D%3D\">\n\t\t\t\t\t<div class=\"e-gallery-image elementor-gallery-item__image\" data-thumbnail=\"https:\/\/www.cm-benavente.pt\/wp-content\/uploads\/2025\/10\/dia-municipio-benavente-festival-gastronomia-santarem-37-1024x632.jpg\" data-width=\"800\" data-height=\"494\" aria-label=\"\" role=\"img\" ><\/div>\n\t\t\t\t\t\t\t\t\t\t\t<div class=\"elementor-gallery-item__overlay\"><\/div>\n\t\t\t\t\t\t\t\t\t\t\t\t\t\t<\/a>\n\t\t\t\t\t\t\t<a class=\"e-gallery-item elementor-gallery-item elementor-animated-content\" href=\"https:\/\/www.cm-benavente.pt\/wp-content\/uploads\/2025\/10\/dia-municipio-benavente-festival-gastronomia-santarem-38-scaled.jpg\" data-elementor-open-lightbox=\"yes\" data-elementor-lightbox-slideshow=\"747143c\" data-elementor-lightbox-title=\"dia municipio benavente festival gastronomia santar\u00e9m (38)\" data-e-action-hash=\"#elementor-action%3Aaction%3Dlightbox%26settings%3DeyJpZCI6NzkxMTMsInVybCI6Imh0dHBzOlwvXC93d3cuY20tYmVuYXZlbnRlLnB0XC93cC1jb250ZW50XC91cGxvYWRzXC8yMDI1XC8xMFwvZGlhLW11bmljaXBpby1iZW5hdmVudGUtZmVzdGl2YWwtZ2FzdHJvbm9taWEtc2FudGFyZW0tMzgtc2NhbGVkLmpwZyIsInNsaWRlc2hvdyI6Ijc0NzE0M2MifQ%3D%3D\">\n\t\t\t\t\t<div class=\"e-gallery-image elementor-gallery-item__image\" data-thumbnail=\"https:\/\/www.cm-benavente.pt\/wp-content\/uploads\/2025\/10\/dia-municipio-benavente-festival-gastronomia-santarem-38-1024x593.jpg\" data-width=\"800\" data-height=\"463\" aria-label=\"\" role=\"img\" ><\/div>\n\t\t\t\t\t\t\t\t\t\t\t<div class=\"elementor-gallery-item__overlay\"><\/div>\n\t\t\t\t\t\t\t\t\t\t\t\t\t\t<\/a>\n\t\t\t\t\t\t\t<a class=\"e-gallery-item elementor-gallery-item elementor-animated-content\" href=\"https:\/\/www.cm-benavente.pt\/wp-content\/uploads\/2025\/10\/dia-municipio-benavente-festival-gastronomia-santarem-39-scaled.jpg\" data-elementor-open-lightbox=\"yes\" data-elementor-lightbox-slideshow=\"747143c\" data-elementor-lightbox-title=\"dia municipio benavente festival gastronomia santar\u00e9m (39)\" data-e-action-hash=\"#elementor-action%3Aaction%3Dlightbox%26settings%3DeyJpZCI6NzkxMTQsInVybCI6Imh0dHBzOlwvXC93d3cuY20tYmVuYXZlbnRlLnB0XC93cC1jb250ZW50XC91cGxvYWRzXC8yMDI1XC8xMFwvZGlhLW11bmljaXBpby1iZW5hdmVudGUtZmVzdGl2YWwtZ2FzdHJvbm9taWEtc2FudGFyZW0tMzktc2NhbGVkLmpwZyIsInNsaWRlc2hvdyI6Ijc0NzE0M2MifQ%3D%3D\">\n\t\t\t\t\t<div class=\"e-gallery-image elementor-gallery-item__image\" data-thumbnail=\"https:\/\/www.cm-benavente.pt\/wp-content\/uploads\/2025\/10\/dia-municipio-benavente-festival-gastronomia-santarem-39-1024x689.jpg\" data-width=\"800\" data-height=\"538\" aria-label=\"\" role=\"img\" ><\/div>\n\t\t\t\t\t\t\t\t\t\t\t<div class=\"elementor-gallery-item__overlay\"><\/div>\n\t\t\t\t\t\t\t\t\t\t\t\t\t\t<\/a>\n\t\t\t\t\t\t\t<a class=\"e-gallery-item elementor-gallery-item elementor-animated-content\" href=\"https:\/\/www.cm-benavente.pt\/wp-content\/uploads\/2025\/10\/dia-municipio-benavente-festival-gastronomia-santarem-40-scaled.jpg\" data-elementor-open-lightbox=\"yes\" data-elementor-lightbox-slideshow=\"747143c\" data-elementor-lightbox-title=\"dia municipio benavente festival gastronomia santar\u00e9m (40)\" data-e-action-hash=\"#elementor-action%3Aaction%3Dlightbox%26settings%3DeyJpZCI6NzkxMTUsInVybCI6Imh0dHBzOlwvXC93d3cuY20tYmVuYXZlbnRlLnB0XC93cC1jb250ZW50XC91cGxvYWRzXC8yMDI1XC8xMFwvZGlhLW11bmljaXBpby1iZW5hdmVudGUtZmVzdGl2YWwtZ2FzdHJvbm9taWEtc2FudGFyZW0tNDAtc2NhbGVkLmpwZyIsInNsaWRlc2hvdyI6Ijc0NzE0M2MifQ%3D%3D\">\n\t\t\t\t\t<div class=\"e-gallery-image elementor-gallery-item__image\" data-thumbnail=\"https:\/\/www.cm-benavente.pt\/wp-content\/uploads\/2025\/10\/dia-municipio-benavente-festival-gastronomia-santarem-40-1024x643.jpg\" data-width=\"800\" data-height=\"502\" aria-label=\"\" role=\"img\" ><\/div>\n\t\t\t\t\t\t\t\t\t\t\t<div class=\"elementor-gallery-item__overlay\"><\/div>\n\t\t\t\t\t\t\t\t\t\t\t\t\t\t<\/a>\n\t\t\t\t\t\t\t<a class=\"e-gallery-item elementor-gallery-item elementor-animated-content\" href=\"https:\/\/www.cm-benavente.pt\/wp-content\/uploads\/2025\/10\/dia-municipio-benavente-festival-gastronomia-santarem-41-scaled.jpg\" data-elementor-open-lightbox=\"yes\" data-elementor-lightbox-slideshow=\"747143c\" data-elementor-lightbox-title=\"dia municipio benavente festival gastronomia santar\u00e9m (41)\" data-e-action-hash=\"#elementor-action%3Aaction%3Dlightbox%26settings%3DeyJpZCI6NzkxMTYsInVybCI6Imh0dHBzOlwvXC93d3cuY20tYmVuYXZlbnRlLnB0XC93cC1jb250ZW50XC91cGxvYWRzXC8yMDI1XC8xMFwvZGlhLW11bmljaXBpby1iZW5hdmVudGUtZmVzdGl2YWwtZ2FzdHJvbm9taWEtc2FudGFyZW0tNDEtc2NhbGVkLmpwZyIsInNsaWRlc2hvdyI6Ijc0NzE0M2MifQ%3D%3D\">\n\t\t\t\t\t<div class=\"e-gallery-image elementor-gallery-item__image\" data-thumbnail=\"https:\/\/www.cm-benavente.pt\/wp-content\/uploads\/2025\/10\/dia-municipio-benavente-festival-gastronomia-santarem-41-1024x606.jpg\" data-width=\"800\" data-height=\"473\" aria-label=\"\" role=\"img\" ><\/div>\n\t\t\t\t\t\t\t\t\t\t\t<div class=\"elementor-gallery-item__overlay\"><\/div>\n\t\t\t\t\t\t\t\t\t\t\t\t\t\t<\/a>\n\t\t\t\t\t\t\t<a class=\"e-gallery-item elementor-gallery-item elementor-animated-content\" href=\"https:\/\/www.cm-benavente.pt\/wp-content\/uploads\/2025\/10\/dia-municipio-benavente-festival-gastronomia-santarem-42-scaled.jpg\" data-elementor-open-lightbox=\"yes\" data-elementor-lightbox-slideshow=\"747143c\" data-elementor-lightbox-title=\"dia municipio benavente festival gastronomia santar\u00e9m (42)\" data-e-action-hash=\"#elementor-action%3Aaction%3Dlightbox%26settings%3DeyJpZCI6NzkxMTcsInVybCI6Imh0dHBzOlwvXC93d3cuY20tYmVuYXZlbnRlLnB0XC93cC1jb250ZW50XC91cGxvYWRzXC8yMDI1XC8xMFwvZGlhLW11bmljaXBpby1iZW5hdmVudGUtZmVzdGl2YWwtZ2FzdHJvbm9taWEtc2FudGFyZW0tNDItc2NhbGVkLmpwZyIsInNsaWRlc2hvdyI6Ijc0NzE0M2MifQ%3D%3D\">\n\t\t\t\t\t<div class=\"e-gallery-image elementor-gallery-item__image\" data-thumbnail=\"https:\/\/www.cm-benavente.pt\/wp-content\/uploads\/2025\/10\/dia-municipio-benavente-festival-gastronomia-santarem-42-1024x655.jpg\" data-width=\"800\" data-height=\"512\" aria-label=\"\" role=\"img\" ><\/div>\n\t\t\t\t\t\t\t\t\t\t\t<div class=\"elementor-gallery-item__overlay\"><\/div>\n\t\t\t\t\t\t\t\t\t\t\t\t\t\t<\/a>\n\t\t\t\t\t\t\t<a class=\"e-gallery-item elementor-gallery-item elementor-animated-content\" href=\"https:\/\/www.cm-benavente.pt\/wp-content\/uploads\/2025\/10\/dia-municipio-benavente-festival-gastronomia-santarem-43-scaled.jpg\" data-elementor-open-lightbox=\"yes\" data-elementor-lightbox-slideshow=\"747143c\" data-elementor-lightbox-title=\"dia municipio benavente festival gastronomia santar\u00e9m (43)\" data-e-action-hash=\"#elementor-action%3Aaction%3Dlightbox%26settings%3DeyJpZCI6NzkxMTgsInVybCI6Imh0dHBzOlwvXC93d3cuY20tYmVuYXZlbnRlLnB0XC93cC1jb250ZW50XC91cGxvYWRzXC8yMDI1XC8xMFwvZGlhLW11bmljaXBpby1iZW5hdmVudGUtZmVzdGl2YWwtZ2FzdHJvbm9taWEtc2FudGFyZW0tNDMtc2NhbGVkLmpwZyIsInNsaWRlc2hvdyI6Ijc0NzE0M2MifQ%3D%3D\">\n\t\t\t\t\t<div class=\"e-gallery-image elementor-gallery-item__image\" data-thumbnail=\"https:\/\/www.cm-benavente.pt\/wp-content\/uploads\/2025\/10\/dia-municipio-benavente-festival-gastronomia-santarem-43-1024x616.jpg\" data-width=\"800\" data-height=\"481\" aria-label=\"\" role=\"img\" ><\/div>\n\t\t\t\t\t\t\t\t\t\t\t<div class=\"elementor-gallery-item__overlay\"><\/div>\n\t\t\t\t\t\t\t\t\t\t\t\t\t\t<\/a>\n\t\t\t\t\t\t\t<a class=\"e-gallery-item elementor-gallery-item elementor-animated-content\" href=\"https:\/\/www.cm-benavente.pt\/wp-content\/uploads\/2025\/10\/dia-municipio-benavente-festival-gastronomia-santarem-44-scaled.jpg\" data-elementor-open-lightbox=\"yes\" data-elementor-lightbox-slideshow=\"747143c\" data-elementor-lightbox-title=\"dia municipio benavente festival gastronomia santar\u00e9m (44)\" data-e-action-hash=\"#elementor-action%3Aaction%3Dlightbox%26settings%3DeyJpZCI6NzkxMTksInVybCI6Imh0dHBzOlwvXC93d3cuY20tYmVuYXZlbnRlLnB0XC93cC1jb250ZW50XC91cGxvYWRzXC8yMDI1XC8xMFwvZGlhLW11bmljaXBpby1iZW5hdmVudGUtZmVzdGl2YWwtZ2FzdHJvbm9taWEtc2FudGFyZW0tNDQtc2NhbGVkLmpwZyIsInNsaWRlc2hvdyI6Ijc0NzE0M2MifQ%3D%3D\">\n\t\t\t\t\t<div class=\"e-gallery-image elementor-gallery-item__image\" data-thumbnail=\"https:\/\/www.cm-benavente.pt\/wp-content\/uploads\/2025\/10\/dia-municipio-benavente-festival-gastronomia-santarem-44-1024x567.jpg\" data-width=\"800\" data-height=\"443\" aria-label=\"\" role=\"img\" ><\/div>\n\t\t\t\t\t\t\t\t\t\t\t<div class=\"elementor-gallery-item__overlay\"><\/div>\n\t\t\t\t\t\t\t\t\t\t\t\t\t\t<\/a>\n\t\t\t\t\t\t\t<a class=\"e-gallery-item elementor-gallery-item elementor-animated-content\" href=\"https:\/\/www.cm-benavente.pt\/wp-content\/uploads\/2025\/10\/dia-municipio-benavente-festival-gastronomia-santarem-45-scaled.jpg\" data-elementor-open-lightbox=\"yes\" data-elementor-lightbox-slideshow=\"747143c\" data-elementor-lightbox-title=\"dia municipio benavente festival gastronomia santar\u00e9m (45)\" data-e-action-hash=\"#elementor-action%3Aaction%3Dlightbox%26settings%3DeyJpZCI6NzkxMjAsInVybCI6Imh0dHBzOlwvXC93d3cuY20tYmVuYXZlbnRlLnB0XC93cC1jb250ZW50XC91cGxvYWRzXC8yMDI1XC8xMFwvZGlhLW11bmljaXBpby1iZW5hdmVudGUtZmVzdGl2YWwtZ2FzdHJvbm9taWEtc2FudGFyZW0tNDUtc2NhbGVkLmpwZyIsInNsaWRlc2hvdyI6Ijc0NzE0M2MifQ%3D%3D\">\n\t\t\t\t\t<div class=\"e-gallery-image elementor-gallery-item__image\" data-thumbnail=\"https:\/\/www.cm-benavente.pt\/wp-content\/uploads\/2025\/10\/dia-municipio-benavente-festival-gastronomia-santarem-45-1024x683.jpg\" data-width=\"800\" data-height=\"534\" aria-label=\"\" role=\"img\" ><\/div>\n\t\t\t\t\t\t\t\t\t\t\t<div class=\"elementor-gallery-item__overlay\"><\/div>\n\t\t\t\t\t\t\t\t\t\t\t\t\t\t<\/a>\n\t\t\t\t\t\t\t<a class=\"e-gallery-item elementor-gallery-item elementor-animated-content\" href=\"https:\/\/www.cm-benavente.pt\/wp-content\/uploads\/2025\/10\/dia-municipio-benavente-festival-gastronomia-santarem-46-scaled.jpg\" data-elementor-open-lightbox=\"yes\" data-elementor-lightbox-slideshow=\"747143c\" data-elementor-lightbox-title=\"dia municipio benavente festival gastronomia santar\u00e9m (46)\" data-e-action-hash=\"#elementor-action%3Aaction%3Dlightbox%26settings%3DeyJpZCI6NzkxMjEsInVybCI6Imh0dHBzOlwvXC93d3cuY20tYmVuYXZlbnRlLnB0XC93cC1jb250ZW50XC91cGxvYWRzXC8yMDI1XC8xMFwvZGlhLW11bmljaXBpby1iZW5hdmVudGUtZmVzdGl2YWwtZ2FzdHJvbm9taWEtc2FudGFyZW0tNDYtc2NhbGVkLmpwZyIsInNsaWRlc2hvdyI6Ijc0NzE0M2MifQ%3D%3D\">\n\t\t\t\t\t<div class=\"e-gallery-image elementor-gallery-item__image\" data-thumbnail=\"https:\/\/www.cm-benavente.pt\/wp-content\/uploads\/2025\/10\/dia-municipio-benavente-festival-gastronomia-santarem-46-1024x641.jpg\" data-width=\"800\" data-height=\"501\" aria-label=\"\" role=\"img\" ><\/div>\n\t\t\t\t\t\t\t\t\t\t\t<div class=\"elementor-gallery-item__overlay\"><\/div>\n\t\t\t\t\t\t\t\t\t\t\t\t\t\t<\/a>\n\t\t\t\t\t\t\t<a class=\"e-gallery-item elementor-gallery-item elementor-animated-content\" href=\"https:\/\/www.cm-benavente.pt\/wp-content\/uploads\/2025\/10\/dia-municipio-benavente-festival-gastronomia-santarem-47-scaled.jpg\" data-elementor-open-lightbox=\"yes\" data-elementor-lightbox-slideshow=\"747143c\" data-elementor-lightbox-title=\"dia municipio benavente festival gastronomia santar\u00e9m (47)\" data-e-action-hash=\"#elementor-action%3Aaction%3Dlightbox%26settings%3DeyJpZCI6NzkxMjIsInVybCI6Imh0dHBzOlwvXC93d3cuY20tYmVuYXZlbnRlLnB0XC93cC1jb250ZW50XC91cGxvYWRzXC8yMDI1XC8xMFwvZGlhLW11bmljaXBpby1iZW5hdmVudGUtZmVzdGl2YWwtZ2FzdHJvbm9taWEtc2FudGFyZW0tNDctc2NhbGVkLmpwZyIsInNsaWRlc2hvdyI6Ijc0NzE0M2MifQ%3D%3D\">\n\t\t\t\t\t<div class=\"e-gallery-image elementor-gallery-item__image\" data-thumbnail=\"https:\/\/www.cm-benavente.pt\/wp-content\/uploads\/2025\/10\/dia-municipio-benavente-festival-gastronomia-santarem-47-1024x624.jpg\" data-width=\"800\" data-height=\"488\" aria-label=\"\" role=\"img\" ><\/div>\n\t\t\t\t\t\t\t\t\t\t\t<div class=\"elementor-gallery-item__overlay\"><\/div>\n\t\t\t\t\t\t\t\t\t\t\t\t\t\t<\/a>\n\t\t\t\t\t\t\t<a class=\"e-gallery-item elementor-gallery-item elementor-animated-content\" href=\"https:\/\/www.cm-benavente.pt\/wp-content\/uploads\/2025\/10\/dia-municipio-benavente-festival-gastronomia-santarem-48-scaled.jpg\" data-elementor-open-lightbox=\"yes\" data-elementor-lightbox-slideshow=\"747143c\" data-elementor-lightbox-title=\"dia municipio benavente festival gastronomia santar\u00e9m (48)\" data-e-action-hash=\"#elementor-action%3Aaction%3Dlightbox%26settings%3DeyJpZCI6NzkxMjMsInVybCI6Imh0dHBzOlwvXC93d3cuY20tYmVuYXZlbnRlLnB0XC93cC1jb250ZW50XC91cGxvYWRzXC8yMDI1XC8xMFwvZGlhLW11bmljaXBpby1iZW5hdmVudGUtZmVzdGl2YWwtZ2FzdHJvbm9taWEtc2FudGFyZW0tNDgtc2NhbGVkLmpwZyIsInNsaWRlc2hvdyI6Ijc0NzE0M2MifQ%3D%3D\">\n\t\t\t\t\t<div class=\"e-gallery-image elementor-gallery-item__image\" data-thumbnail=\"https:\/\/www.cm-benavente.pt\/wp-content\/uploads\/2025\/10\/dia-municipio-benavente-festival-gastronomia-santarem-48-1024x604.jpg\" data-width=\"800\" data-height=\"472\" aria-label=\"\" role=\"img\" ><\/div>\n\t\t\t\t\t\t\t\t\t\t\t<div class=\"elementor-gallery-item__overlay\"><\/div>\n\t\t\t\t\t\t\t\t\t\t\t\t\t\t<\/a>\n\t\t\t\t\t\t\t<a class=\"e-gallery-item elementor-gallery-item elementor-animated-content\" href=\"https:\/\/www.cm-benavente.pt\/wp-content\/uploads\/2025\/10\/dia-municipio-benavente-festival-gastronomia-santarem-49-scaled.jpg\" data-elementor-open-lightbox=\"yes\" data-elementor-lightbox-slideshow=\"747143c\" data-elementor-lightbox-title=\"dia municipio benavente festival gastronomia santar\u00e9m (49)\" data-e-action-hash=\"#elementor-action%3Aaction%3Dlightbox%26settings%3DeyJpZCI6NzkxMjQsInVybCI6Imh0dHBzOlwvXC93d3cuY20tYmVuYXZlbnRlLnB0XC93cC1jb250ZW50XC91cGxvYWRzXC8yMDI1XC8xMFwvZGlhLW11bmljaXBpby1iZW5hdmVudGUtZmVzdGl2YWwtZ2FzdHJvbm9taWEtc2FudGFyZW0tNDktc2NhbGVkLmpwZyIsInNsaWRlc2hvdyI6Ijc0NzE0M2MifQ%3D%3D\">\n\t\t\t\t\t<div class=\"e-gallery-image elementor-gallery-item__image\" data-thumbnail=\"https:\/\/www.cm-benavente.pt\/wp-content\/uploads\/2025\/10\/dia-municipio-benavente-festival-gastronomia-santarem-49-1024x597.jpg\" data-width=\"800\" data-height=\"466\" aria-label=\"\" role=\"img\" ><\/div>\n\t\t\t\t\t\t\t\t\t\t\t<div class=\"elementor-gallery-item__overlay\"><\/div>\n\t\t\t\t\t\t\t\t\t\t\t\t\t\t<\/a>\n\t\t\t\t\t\t\t<a class=\"e-gallery-item elementor-gallery-item elementor-animated-content\" href=\"https:\/\/www.cm-benavente.pt\/wp-content\/uploads\/2025\/10\/dia-municipio-benavente-festival-gastronomia-santarem-50-scaled.jpg\" data-elementor-open-lightbox=\"yes\" data-elementor-lightbox-slideshow=\"747143c\" data-elementor-lightbox-title=\"dia municipio benavente festival gastronomia santar\u00e9m (50)\" data-e-action-hash=\"#elementor-action%3Aaction%3Dlightbox%26settings%3DeyJpZCI6NzkxMjUsInVybCI6Imh0dHBzOlwvXC93d3cuY20tYmVuYXZlbnRlLnB0XC93cC1jb250ZW50XC91cGxvYWRzXC8yMDI1XC8xMFwvZGlhLW11bmljaXBpby1iZW5hdmVudGUtZmVzdGl2YWwtZ2FzdHJvbm9taWEtc2FudGFyZW0tNTAtc2NhbGVkLmpwZyIsInNsaWRlc2hvdyI6Ijc0NzE0M2MifQ%3D%3D\">\n\t\t\t\t\t<div class=\"e-gallery-image elementor-gallery-item__image\" data-thumbnail=\"https:\/\/www.cm-benavente.pt\/wp-content\/uploads\/2025\/10\/dia-municipio-benavente-festival-gastronomia-santarem-50-1024x588.jpg\" data-width=\"800\" data-height=\"459\" aria-label=\"\" role=\"img\" ><\/div>\n\t\t\t\t\t\t\t\t\t\t\t<div class=\"elementor-gallery-item__overlay\"><\/div>\n\t\t\t\t\t\t\t\t\t\t\t\t\t\t<\/a>\n\t\t\t\t\t\t\t<a class=\"e-gallery-item elementor-gallery-item elementor-animated-content\" href=\"https:\/\/www.cm-benavente.pt\/wp-content\/uploads\/2025\/10\/dia-municipio-benavente-festival-gastronomia-santarem-51-scaled.jpg\" data-elementor-open-lightbox=\"yes\" data-elementor-lightbox-slideshow=\"747143c\" data-elementor-lightbox-title=\"dia municipio benavente festival gastronomia santar\u00e9m (51)\" data-e-action-hash=\"#elementor-action%3Aaction%3Dlightbox%26settings%3DeyJpZCI6NzkxMjYsInVybCI6Imh0dHBzOlwvXC93d3cuY20tYmVuYXZlbnRlLnB0XC93cC1jb250ZW50XC91cGxvYWRzXC8yMDI1XC8xMFwvZGlhLW11bmljaXBpby1iZW5hdmVudGUtZmVzdGl2YWwtZ2FzdHJvbm9taWEtc2FudGFyZW0tNTEtc2NhbGVkLmpwZyIsInNsaWRlc2hvdyI6Ijc0NzE0M2MifQ%3D%3D\">\n\t\t\t\t\t<div class=\"e-gallery-image elementor-gallery-item__image\" data-thumbnail=\"https:\/\/www.cm-benavente.pt\/wp-content\/uploads\/2025\/10\/dia-municipio-benavente-festival-gastronomia-santarem-51-1024x627.jpg\" data-width=\"800\" data-height=\"490\" aria-label=\"\" role=\"img\" ><\/div>\n\t\t\t\t\t\t\t\t\t\t\t<div class=\"elementor-gallery-item__overlay\"><\/div>\n\t\t\t\t\t\t\t\t\t\t\t\t\t\t<\/a>\n\t\t\t\t\t\t\t<a class=\"e-gallery-item elementor-gallery-item elementor-animated-content\" href=\"https:\/\/www.cm-benavente.pt\/wp-content\/uploads\/2025\/10\/dia-municipio-benavente-festival-gastronomia-santarem-52-scaled.jpg\" data-elementor-open-lightbox=\"yes\" data-elementor-lightbox-slideshow=\"747143c\" data-elementor-lightbox-title=\"dia municipio benavente festival gastronomia santar\u00e9m (52)\" data-e-action-hash=\"#elementor-action%3Aaction%3Dlightbox%26settings%3DeyJpZCI6NzkxMjcsInVybCI6Imh0dHBzOlwvXC93d3cuY20tYmVuYXZlbnRlLnB0XC93cC1jb250ZW50XC91cGxvYWRzXC8yMDI1XC8xMFwvZGlhLW11bmljaXBpby1iZW5hdmVudGUtZmVzdGl2YWwtZ2FzdHJvbm9taWEtc2FudGFyZW0tNTItc2NhbGVkLmpwZyIsInNsaWRlc2hvdyI6Ijc0NzE0M2MifQ%3D%3D\">\n\t\t\t\t\t<div class=\"e-gallery-image elementor-gallery-item__image\" data-thumbnail=\"https:\/\/www.cm-benavente.pt\/wp-content\/uploads\/2025\/10\/dia-municipio-benavente-festival-gastronomia-santarem-52-1024x545.jpg\" data-width=\"800\" data-height=\"426\" aria-label=\"\" role=\"img\" ><\/div>\n\t\t\t\t\t\t\t\t\t\t\t<div class=\"elementor-gallery-item__overlay\"><\/div>\n\t\t\t\t\t\t\t\t\t\t\t\t\t\t<\/a>\n\t\t\t\t\t\t\t<a class=\"e-gallery-item elementor-gallery-item elementor-animated-content\" href=\"https:\/\/www.cm-benavente.pt\/wp-content\/uploads\/2025\/10\/dia-municipio-benavente-festival-gastronomia-santarem-53-scaled.jpg\" data-elementor-open-lightbox=\"yes\" data-elementor-lightbox-slideshow=\"747143c\" data-elementor-lightbox-title=\"dia municipio benavente festival gastronomia santar\u00e9m (53)\" data-e-action-hash=\"#elementor-action%3Aaction%3Dlightbox%26settings%3DeyJpZCI6NzkxMjgsInVybCI6Imh0dHBzOlwvXC93d3cuY20tYmVuYXZlbnRlLnB0XC93cC1jb250ZW50XC91cGxvYWRzXC8yMDI1XC8xMFwvZGlhLW11bmljaXBpby1iZW5hdmVudGUtZmVzdGl2YWwtZ2FzdHJvbm9taWEtc2FudGFyZW0tNTMtc2NhbGVkLmpwZyIsInNsaWRlc2hvdyI6Ijc0NzE0M2MifQ%3D%3D\">\n\t\t\t\t\t<div class=\"e-gallery-image elementor-gallery-item__image\" data-thumbnail=\"https:\/\/www.cm-benavente.pt\/wp-content\/uploads\/2025\/10\/dia-municipio-benavente-festival-gastronomia-santarem-53-1024x536.jpg\" data-width=\"800\" data-height=\"419\" aria-label=\"\" role=\"img\" ><\/div>\n\t\t\t\t\t\t\t\t\t\t\t<div class=\"elementor-gallery-item__overlay\"><\/div>\n\t\t\t\t\t\t\t\t\t\t\t\t\t\t<\/a>\n\t\t\t\t\t\t\t<a class=\"e-gallery-item elementor-gallery-item elementor-animated-content\" href=\"https:\/\/www.cm-benavente.pt\/wp-content\/uploads\/2025\/10\/dia-municipio-benavente-festival-gastronomia-santarem-54-scaled.jpg\" data-elementor-open-lightbox=\"yes\" data-elementor-lightbox-slideshow=\"747143c\" data-elementor-lightbox-title=\"dia municipio benavente festival gastronomia santar\u00e9m (54)\" data-e-action-hash=\"#elementor-action%3Aaction%3Dlightbox%26settings%3DeyJpZCI6NzkxMjksInVybCI6Imh0dHBzOlwvXC93d3cuY20tYmVuYXZlbnRlLnB0XC93cC1jb250ZW50XC91cGxvYWRzXC8yMDI1XC8xMFwvZGlhLW11bmljaXBpby1iZW5hdmVudGUtZmVzdGl2YWwtZ2FzdHJvbm9taWEtc2FudGFyZW0tNTQtc2NhbGVkLmpwZyIsInNsaWRlc2hvdyI6Ijc0NzE0M2MifQ%3D%3D\">\n\t\t\t\t\t<div class=\"e-gallery-image elementor-gallery-item__image\" data-thumbnail=\"https:\/\/www.cm-benavente.pt\/wp-content\/uploads\/2025\/10\/dia-municipio-benavente-festival-gastronomia-santarem-54-1024x683.jpg\" data-width=\"800\" data-height=\"534\" aria-label=\"\" role=\"img\" ><\/div>\n\t\t\t\t\t\t\t\t\t\t\t<div class=\"elementor-gallery-item__overlay\"><\/div>\n\t\t\t\t\t\t\t\t\t\t\t\t\t\t<\/a>\n\t\t\t\t\t\t\t<a class=\"e-gallery-item elementor-gallery-item elementor-animated-content\" href=\"https:\/\/www.cm-benavente.pt\/wp-content\/uploads\/2025\/10\/dia-municipio-benavente-festival-gastronomia-santarem-55-scaled.jpg\" data-elementor-open-lightbox=\"yes\" data-elementor-lightbox-slideshow=\"747143c\" data-elementor-lightbox-title=\"dia municipio benavente festival gastronomia santar\u00e9m (55)\" data-e-action-hash=\"#elementor-action%3Aaction%3Dlightbox%26settings%3DeyJpZCI6NzkxMzAsInVybCI6Imh0dHBzOlwvXC93d3cuY20tYmVuYXZlbnRlLnB0XC93cC1jb250ZW50XC91cGxvYWRzXC8yMDI1XC8xMFwvZGlhLW11bmljaXBpby1iZW5hdmVudGUtZmVzdGl2YWwtZ2FzdHJvbm9taWEtc2FudGFyZW0tNTUtc2NhbGVkLmpwZyIsInNsaWRlc2hvdyI6Ijc0NzE0M2MifQ%3D%3D\">\n\t\t\t\t\t<div class=\"e-gallery-image elementor-gallery-item__image\" data-thumbnail=\"https:\/\/www.cm-benavente.pt\/wp-content\/uploads\/2025\/10\/dia-municipio-benavente-festival-gastronomia-santarem-55-1024x662.jpg\" data-width=\"800\" data-height=\"517\" aria-label=\"\" role=\"img\" ><\/div>\n\t\t\t\t\t\t\t\t\t\t\t<div class=\"elementor-gallery-item__overlay\"><\/div>\n\t\t\t\t\t\t\t\t\t\t\t\t\t\t<\/a>\n\t\t\t\t\t\t\t<a class=\"e-gallery-item elementor-gallery-item elementor-animated-content\" href=\"https:\/\/www.cm-benavente.pt\/wp-content\/uploads\/2025\/10\/dia-municipio-benavente-festival-gastronomia-santarem-56-scaled.jpg\" data-elementor-open-lightbox=\"yes\" data-elementor-lightbox-slideshow=\"747143c\" data-elementor-lightbox-title=\"dia municipio benavente festival gastronomia santar\u00e9m (56)\" data-e-action-hash=\"#elementor-action%3Aaction%3Dlightbox%26settings%3DeyJpZCI6NzkxMzEsInVybCI6Imh0dHBzOlwvXC93d3cuY20tYmVuYXZlbnRlLnB0XC93cC1jb250ZW50XC91cGxvYWRzXC8yMDI1XC8xMFwvZGlhLW11bmljaXBpby1iZW5hdmVudGUtZmVzdGl2YWwtZ2FzdHJvbm9taWEtc2FudGFyZW0tNTYtc2NhbGVkLmpwZyIsInNsaWRlc2hvdyI6Ijc0NzE0M2MifQ%3D%3D\">\n\t\t\t\t\t<div class=\"e-gallery-image elementor-gallery-item__image\" data-thumbnail=\"https:\/\/www.cm-benavente.pt\/wp-content\/uploads\/2025\/10\/dia-municipio-benavente-festival-gastronomia-santarem-56-1024x646.jpg\" data-width=\"800\" data-height=\"505\" aria-label=\"\" role=\"img\" ><\/div>\n\t\t\t\t\t\t\t\t\t\t\t<div class=\"elementor-gallery-item__overlay\"><\/div>\n\t\t\t\t\t\t\t\t\t\t\t\t\t\t<\/a>\n\t\t\t\t\t\t\t<a class=\"e-gallery-item elementor-gallery-item elementor-animated-content\" href=\"https:\/\/www.cm-benavente.pt\/wp-content\/uploads\/2025\/10\/dia-municipio-benavente-festival-gastronomia-santarem-57-scaled.jpg\" data-elementor-open-lightbox=\"yes\" data-elementor-lightbox-slideshow=\"747143c\" data-elementor-lightbox-title=\"dia municipio benavente festival gastronomia santar\u00e9m (57)\" data-e-action-hash=\"#elementor-action%3Aaction%3Dlightbox%26settings%3DeyJpZCI6NzkxMzIsInVybCI6Imh0dHBzOlwvXC93d3cuY20tYmVuYXZlbnRlLnB0XC93cC1jb250ZW50XC91cGxvYWRzXC8yMDI1XC8xMFwvZGlhLW11bmljaXBpby1iZW5hdmVudGUtZmVzdGl2YWwtZ2FzdHJvbm9taWEtc2FudGFyZW0tNTctc2NhbGVkLmpwZyIsInNsaWRlc2hvdyI6Ijc0NzE0M2MifQ%3D%3D\">\n\t\t\t\t\t<div class=\"e-gallery-image elementor-gallery-item__image\" data-thumbnail=\"https:\/\/www.cm-benavente.pt\/wp-content\/uploads\/2025\/10\/dia-municipio-benavente-festival-gastronomia-santarem-57-1024x629.jpg\" data-width=\"800\" data-height=\"491\" aria-label=\"\" role=\"img\" ><\/div>\n\t\t\t\t\t\t\t\t\t\t\t<div class=\"elementor-gallery-item__overlay\"><\/div>\n\t\t\t\t\t\t\t\t\t\t\t\t\t\t<\/a>\n\t\t\t\t\t\t\t<a class=\"e-gallery-item elementor-gallery-item elementor-animated-content\" href=\"https:\/\/www.cm-benavente.pt\/wp-content\/uploads\/2025\/10\/dia-municipio-benavente-festival-gastronomia-santarem-58-scaled.jpg\" data-elementor-open-lightbox=\"yes\" data-elementor-lightbox-slideshow=\"747143c\" data-elementor-lightbox-title=\"dia municipio benavente festival gastronomia santar\u00e9m (58)\" data-e-action-hash=\"#elementor-action%3Aaction%3Dlightbox%26settings%3DeyJpZCI6NzkxMzMsInVybCI6Imh0dHBzOlwvXC93d3cuY20tYmVuYXZlbnRlLnB0XC93cC1jb250ZW50XC91cGxvYWRzXC8yMDI1XC8xMFwvZGlhLW11bmljaXBpby1iZW5hdmVudGUtZmVzdGl2YWwtZ2FzdHJvbm9taWEtc2FudGFyZW0tNTgtc2NhbGVkLmpwZyIsInNsaWRlc2hvdyI6Ijc0NzE0M2MifQ%3D%3D\">\n\t\t\t\t\t<div class=\"e-gallery-image elementor-gallery-item__image\" data-thumbnail=\"https:\/\/www.cm-benavente.pt\/wp-content\/uploads\/2025\/10\/dia-municipio-benavente-festival-gastronomia-santarem-58-1024x599.jpg\" data-width=\"800\" data-height=\"468\" aria-label=\"\" role=\"img\" ><\/div>\n\t\t\t\t\t\t\t\t\t\t\t<div class=\"elementor-gallery-item__overlay\"><\/div>\n\t\t\t\t\t\t\t\t\t\t\t\t\t\t<\/a>\n\t\t\t\t\t\t\t<a class=\"e-gallery-item elementor-gallery-item elementor-animated-content\" href=\"https:\/\/www.cm-benavente.pt\/wp-content\/uploads\/2025\/10\/dia-municipio-benavente-festival-gastronomia-santarem-59-scaled.jpg\" data-elementor-open-lightbox=\"yes\" data-elementor-lightbox-slideshow=\"747143c\" data-elementor-lightbox-title=\"dia municipio benavente festival gastronomia santar\u00e9m (59)\" data-e-action-hash=\"#elementor-action%3Aaction%3Dlightbox%26settings%3DeyJpZCI6NzkxMzQsInVybCI6Imh0dHBzOlwvXC93d3cuY20tYmVuYXZlbnRlLnB0XC93cC1jb250ZW50XC91cGxvYWRzXC8yMDI1XC8xMFwvZGlhLW11bmljaXBpby1iZW5hdmVudGUtZmVzdGl2YWwtZ2FzdHJvbm9taWEtc2FudGFyZW0tNTktc2NhbGVkLmpwZyIsInNsaWRlc2hvdyI6Ijc0NzE0M2MifQ%3D%3D\">\n\t\t\t\t\t<div class=\"e-gallery-image elementor-gallery-item__image\" data-thumbnail=\"https:\/\/www.cm-benavente.pt\/wp-content\/uploads\/2025\/10\/dia-municipio-benavente-festival-gastronomia-santarem-59-1024x630.jpg\" data-width=\"800\" data-height=\"492\" aria-label=\"\" role=\"img\" ><\/div>\n\t\t\t\t\t\t\t\t\t\t\t<div class=\"elementor-gallery-item__overlay\"><\/div>\n\t\t\t\t\t\t\t\t\t\t\t\t\t\t<\/a>\n\t\t\t\t\t\t\t<a class=\"e-gallery-item elementor-gallery-item elementor-animated-content\" href=\"https:\/\/www.cm-benavente.pt\/wp-content\/uploads\/2025\/10\/dia-municipio-benavente-festival-gastronomia-santarem-60-scaled.jpg\" data-elementor-open-lightbox=\"yes\" data-elementor-lightbox-slideshow=\"747143c\" data-elementor-lightbox-title=\"dia municipio benavente festival gastronomia santar\u00e9m (60)\" data-e-action-hash=\"#elementor-action%3Aaction%3Dlightbox%26settings%3DeyJpZCI6NzkxMzUsInVybCI6Imh0dHBzOlwvXC93d3cuY20tYmVuYXZlbnRlLnB0XC93cC1jb250ZW50XC91cGxvYWRzXC8yMDI1XC8xMFwvZGlhLW11bmljaXBpby1iZW5hdmVudGUtZmVzdGl2YWwtZ2FzdHJvbm9taWEtc2FudGFyZW0tNjAtc2NhbGVkLmpwZyIsInNsaWRlc2hvdyI6Ijc0NzE0M2MifQ%3D%3D\">\n\t\t\t\t\t<div class=\"e-gallery-image elementor-gallery-item__image\" data-thumbnail=\"https:\/\/www.cm-benavente.pt\/wp-content\/uploads\/2025\/10\/dia-municipio-benavente-festival-gastronomia-santarem-60-1024x639.jpg\" data-width=\"800\" data-height=\"499\" aria-label=\"\" role=\"img\" ><\/div>\n\t\t\t\t\t\t\t\t\t\t\t<div class=\"elementor-gallery-item__overlay\"><\/div>\n\t\t\t\t\t\t\t\t\t\t\t\t\t\t<\/a>\n\t\t\t\t\t<\/div>\n\t\t\t\t\t<\/div>\n\t\t\t\t<\/div>\n\t\t\t\t\t<\/div>\n\t\t\t\t<\/div>\n\t\t\t\t<\/div>\n\t\t","protected":false},"excerpt":{"rendered":"<p>O Dia do Munic\u00edpio de Benavente, celebrado no Festival Nacional de Gastronomia de Santar\u00e9m, foi um verdadeiro sucesso.<\/p>\n","protected":false},"author":3,"featured_media":79074,"comment_status":"closed","ping_status":"closed","sticky":false,"template":"","format":"standard","meta":{"_vp_format_video_url":"","_vp_image_focal_point":[],"footnotes":""},"categories":[510,518],"tags":[185,16,698,700,479,27,609,13],"class_list":["post-79073","post","type-post","status-publish","format-standard","has-post-thumbnail","hentry","category-evento","category-municipio","tag-barrosa","tag-benavente","tag-festival","tag-gastronomia","tag-municipio-de-benavente","tag-samora-correia","tag-santarem","tag-santo-estevao"],"_links":{"self":[{"href":"https:\/\/www.cm-benavente.pt\/index.php\/wp-json\/wp\/v2\/posts\/79073","targetHints":{"allow":["GET"]}}],"collection":[{"href":"https:\/\/www.cm-benavente.pt\/index.php\/wp-json\/wp\/v2\/posts"}],"about":[{"href":"https:\/\/www.cm-benavente.pt\/index.php\/wp-json\/wp\/v2\/types\/post"}],"author":[{"embeddable":true,"href":"https:\/\/www.cm-benavente.pt\/index.php\/wp-json\/wp\/v2\/users\/3"}],"replies":[{"embeddable":true,"href":"https:\/\/www.cm-benavente.pt\/index.php\/wp-json\/wp\/v2\/comments?post=79073"}],"version-history":[{"count":4,"href":"https:\/\/www.cm-benavente.pt\/index.php\/wp-json\/wp\/v2\/posts\/79073\/revisions"}],"predecessor-version":[{"id":79138,"href":"https:\/\/www.cm-benavente.pt\/index.php\/wp-json\/wp\/v2\/posts\/79073\/revisions\/79138"}],"wp:featuredmedia":[{"embeddable":true,"href":"https:\/\/www.cm-benavente.pt\/index.php\/wp-json\/wp\/v2\/media\/79074"}],"wp:attachment":[{"href":"https:\/\/www.cm-benavente.pt\/index.php\/wp-json\/wp\/v2\/media?parent=79073"}],"wp:term":[{"taxonomy":"category","embeddable":true,"href":"https:\/\/www.cm-benavente.pt\/index.php\/wp-json\/wp\/v2\/categories?post=79073"},{"taxonomy":"post_tag","embeddable":true,"href":"https:\/\/www.cm-benavente.pt\/index.php\/wp-json\/wp\/v2\/tags?post=79073"}],"curies":[{"name":"wp","href":"https:\/\/api.w.org\/{rel}","templated":true}]}}