{"id":79030,"date":"2025-10-27T17:24:27","date_gmt":"2025-10-27T17:24:27","guid":{"rendered":"https:\/\/www.cm-benavente.pt\/?p=79030"},"modified":"2025-10-27T17:29:14","modified_gmt":"2025-10-27T17:29:14","slug":"sociedade-filarmonica-de-santo-estevao-celebra-51-anos","status":"publish","type":"post","link":"https:\/\/www.cm-benavente.pt\/index.php\/2025\/10\/27\/sociedade-filarmonica-de-santo-estevao-celebra-51-anos\/","title":{"rendered":"Sociedade Filarm\u00f3nica de Santo Est\u00eav\u00e3o celebra 51 anos"},"content":{"rendered":"\t\t<div data-elementor-type=\"wp-post\" data-elementor-id=\"79030\" class=\"elementor elementor-79030\" data-elementor-post-type=\"post\">\n\t\t\t\t<div class=\"elementor-element elementor-element-0bb7cd2 e-flex e-con-boxed e-con e-parent\" data-id=\"0bb7cd2\" data-element_type=\"container\" data-e-type=\"container\" data-settings=\"{&quot;tmea_shape_divider_top&quot;:&quot;none&quot;,&quot;tmea_shape_divider_bottom&quot;:&quot;none&quot;}\">\n\t\t\t\t\t<div class=\"e-con-inner\">\n\t\t\n\t\t<div class=\"elementor-element elementor-element-f8f7b6c elementor-widget elementor-widget-text-editor\" data-id=\"f8f7b6c\" data-element_type=\"widget\" data-e-type=\"widget\" data-widget_type=\"text-editor.default\">\n\t\t\t\t<div class=\"elementor-widget-container\">\n\t\t\t\t\t\t\t\t\t<p>Parab\u00e9ns \u00e0 <strong>Sociedade Filarm\u00f3nica de Santo Est\u00eav\u00e3o<\/strong> que celebrou este fim de semana mais um anivers\u00e1rio. S\u00e3o <strong>51 anos<\/strong> de exist\u00eancia celebrados com a realiza\u00e7\u00e3o de um concerto comemorativo que assinalou, tamb\u00e9m, a apresenta\u00e7\u00e3o do seu <strong>novo maestro, Lu\u00eds Leite<\/strong>.<\/p>\t\t\t\t\t\t\t\t<\/div>\n\t\t\t\t<\/div>\n\t\t\t\t<div class=\"elementor-element elementor-element-3dbd6c6 elementor-widget elementor-widget-gallery\" data-id=\"3dbd6c6\" data-element_type=\"widget\" data-e-type=\"widget\" data-settings=\"{&quot;columns&quot;:8,&quot;lazyload&quot;:&quot;yes&quot;,&quot;gallery_layout&quot;:&quot;grid&quot;,&quot;columns_tablet&quot;:2,&quot;columns_mobile&quot;:1,&quot;gap&quot;:{&quot;unit&quot;:&quot;px&quot;,&quot;size&quot;:10,&quot;sizes&quot;:[]},&quot;gap_widescreen&quot;:{&quot;unit&quot;:&quot;px&quot;,&quot;size&quot;:&quot;&quot;,&quot;sizes&quot;:[]},&quot;gap_laptop&quot;:{&quot;unit&quot;:&quot;px&quot;,&quot;size&quot;:10,&quot;sizes&quot;:[]},&quot;gap_tablet_extra&quot;:{&quot;unit&quot;:&quot;px&quot;,&quot;size&quot;:10,&quot;sizes&quot;:[]},&quot;gap_tablet&quot;:{&quot;unit&quot;:&quot;px&quot;,&quot;size&quot;:10,&quot;sizes&quot;:[]},&quot;gap_mobile_extra&quot;:{&quot;unit&quot;:&quot;px&quot;,&quot;size&quot;:10,&quot;sizes&quot;:[]},&quot;gap_mobile&quot;:{&quot;unit&quot;:&quot;px&quot;,&quot;size&quot;:10,&quot;sizes&quot;:[]},&quot;link_to&quot;:&quot;file&quot;,&quot;aspect_ratio&quot;:&quot;3:2&quot;,&quot;overlay_background&quot;:&quot;yes&quot;,&quot;content_hover_animation&quot;:&quot;fade-in&quot;}\" data-widget_type=\"gallery.default\">\n\t\t\t\t<div class=\"elementor-widget-container\">\n\t\t\t\t\t\t\t<div class=\"elementor-gallery__container\">\n\t\t\t\t\t\t\t<a class=\"e-gallery-item elementor-gallery-item elementor-animated-content\" href=\"https:\/\/www.cm-benavente.pt\/wp-content\/uploads\/2025\/10\/aniversario-51-anos-sociedade-filarmonica-santo-estevao-1-scaled.jpg\" data-elementor-open-lightbox=\"yes\" data-elementor-lightbox-slideshow=\"3dbd6c6\" data-elementor-lightbox-title=\"anivers\u00e1rio 51 anos sociedade filarm\u00f3nica santo est\u00eav\u00e3o (1)\" data-e-action-hash=\"#elementor-action%3Aaction%3Dlightbox%26settings%3DeyJpZCI6NzkwMzMsInVybCI6Imh0dHBzOlwvXC93d3cuY20tYmVuYXZlbnRlLnB0XC93cC1jb250ZW50XC91cGxvYWRzXC8yMDI1XC8xMFwvYW5pdmVyc2FyaW8tNTEtYW5vcy1zb2NpZWRhZGUtZmlsYXJtb25pY2Etc2FudG8tZXN0ZXZhby0xLXNjYWxlZC5qcGciLCJzbGlkZXNob3ciOiIzZGJkNmM2In0%3D\">\n\t\t\t\t\t<div class=\"e-gallery-image elementor-gallery-item__image\" data-thumbnail=\"https:\/\/www.cm-benavente.pt\/wp-content\/uploads\/2025\/10\/aniversario-51-anos-sociedade-filarmonica-santo-estevao-1-1024x473.jpg\" data-width=\"800\" data-height=\"370\" aria-label=\"\" role=\"img\" ><\/div>\n\t\t\t\t\t\t\t\t\t\t\t<div class=\"elementor-gallery-item__overlay\"><\/div>\n\t\t\t\t\t\t\t\t\t\t\t\t\t\t<\/a>\n\t\t\t\t\t\t\t<a class=\"e-gallery-item elementor-gallery-item elementor-animated-content\" href=\"https:\/\/www.cm-benavente.pt\/wp-content\/uploads\/2025\/10\/aniversario-51-anos-sociedade-filarmonica-santo-estevao-2-scaled.jpg\" data-elementor-open-lightbox=\"yes\" data-elementor-lightbox-slideshow=\"3dbd6c6\" data-elementor-lightbox-title=\"anivers\u00e1rio 51 anos sociedade filarm\u00f3nica santo est\u00eav\u00e3o (2)\" data-e-action-hash=\"#elementor-action%3Aaction%3Dlightbox%26settings%3DeyJpZCI6NzkwMzQsInVybCI6Imh0dHBzOlwvXC93d3cuY20tYmVuYXZlbnRlLnB0XC93cC1jb250ZW50XC91cGxvYWRzXC8yMDI1XC8xMFwvYW5pdmVyc2FyaW8tNTEtYW5vcy1zb2NpZWRhZGUtZmlsYXJtb25pY2Etc2FudG8tZXN0ZXZhby0yLXNjYWxlZC5qcGciLCJzbGlkZXNob3ciOiIzZGJkNmM2In0%3D\">\n\t\t\t\t\t<div class=\"e-gallery-image elementor-gallery-item__image\" data-thumbnail=\"https:\/\/www.cm-benavente.pt\/wp-content\/uploads\/2025\/10\/aniversario-51-anos-sociedade-filarmonica-santo-estevao-2-1024x624.jpg\" data-width=\"800\" data-height=\"488\" aria-label=\"\" role=\"img\" ><\/div>\n\t\t\t\t\t\t\t\t\t\t\t<div class=\"elementor-gallery-item__overlay\"><\/div>\n\t\t\t\t\t\t\t\t\t\t\t\t\t\t<\/a>\n\t\t\t\t\t\t\t<a class=\"e-gallery-item elementor-gallery-item elementor-animated-content\" href=\"https:\/\/www.cm-benavente.pt\/wp-content\/uploads\/2025\/10\/aniversario-51-anos-sociedade-filarmonica-santo-estevao-3-scaled.jpg\" data-elementor-open-lightbox=\"yes\" data-elementor-lightbox-slideshow=\"3dbd6c6\" data-elementor-lightbox-title=\"anivers\u00e1rio 51 anos sociedade filarm\u00f3nica santo est\u00eav\u00e3o (3)\" data-e-action-hash=\"#elementor-action%3Aaction%3Dlightbox%26settings%3DeyJpZCI6NzkwMzUsInVybCI6Imh0dHBzOlwvXC93d3cuY20tYmVuYXZlbnRlLnB0XC93cC1jb250ZW50XC91cGxvYWRzXC8yMDI1XC8xMFwvYW5pdmVyc2FyaW8tNTEtYW5vcy1zb2NpZWRhZGUtZmlsYXJtb25pY2Etc2FudG8tZXN0ZXZhby0zLXNjYWxlZC5qcGciLCJzbGlkZXNob3ciOiIzZGJkNmM2In0%3D\">\n\t\t\t\t\t<div class=\"e-gallery-image elementor-gallery-item__image\" data-thumbnail=\"https:\/\/www.cm-benavente.pt\/wp-content\/uploads\/2025\/10\/aniversario-51-anos-sociedade-filarmonica-santo-estevao-3-1024x599.jpg\" data-width=\"800\" data-height=\"468\" aria-label=\"\" role=\"img\" ><\/div>\n\t\t\t\t\t\t\t\t\t\t\t<div class=\"elementor-gallery-item__overlay\"><\/div>\n\t\t\t\t\t\t\t\t\t\t\t\t\t\t<\/a>\n\t\t\t\t\t\t\t<a class=\"e-gallery-item elementor-gallery-item elementor-animated-content\" href=\"https:\/\/www.cm-benavente.pt\/wp-content\/uploads\/2025\/10\/aniversario-51-anos-sociedade-filarmonica-santo-estevao-4-scaled.jpg\" data-elementor-open-lightbox=\"yes\" data-elementor-lightbox-slideshow=\"3dbd6c6\" data-elementor-lightbox-title=\"anivers\u00e1rio 51 anos sociedade filarm\u00f3nica santo est\u00eav\u00e3o (4)\" data-e-action-hash=\"#elementor-action%3Aaction%3Dlightbox%26settings%3DeyJpZCI6NzkwMzYsInVybCI6Imh0dHBzOlwvXC93d3cuY20tYmVuYXZlbnRlLnB0XC93cC1jb250ZW50XC91cGxvYWRzXC8yMDI1XC8xMFwvYW5pdmVyc2FyaW8tNTEtYW5vcy1zb2NpZWRhZGUtZmlsYXJtb25pY2Etc2FudG8tZXN0ZXZhby00LXNjYWxlZC5qcGciLCJzbGlkZXNob3ciOiIzZGJkNmM2In0%3D\">\n\t\t\t\t\t<div class=\"e-gallery-image elementor-gallery-item__image\" data-thumbnail=\"https:\/\/www.cm-benavente.pt\/wp-content\/uploads\/2025\/10\/aniversario-51-anos-sociedade-filarmonica-santo-estevao-4-1024x533.jpg\" data-width=\"800\" data-height=\"416\" aria-label=\"\" role=\"img\" ><\/div>\n\t\t\t\t\t\t\t\t\t\t\t<div class=\"elementor-gallery-item__overlay\"><\/div>\n\t\t\t\t\t\t\t\t\t\t\t\t\t\t<\/a>\n\t\t\t\t\t\t\t<a class=\"e-gallery-item elementor-gallery-item elementor-animated-content\" href=\"https:\/\/www.cm-benavente.pt\/wp-content\/uploads\/2025\/10\/aniversario-51-anos-sociedade-filarmonica-santo-estevao-5-scaled.jpg\" data-elementor-open-lightbox=\"yes\" data-elementor-lightbox-slideshow=\"3dbd6c6\" data-elementor-lightbox-title=\"anivers\u00e1rio 51 anos sociedade filarm\u00f3nica santo est\u00eav\u00e3o (5)\" data-e-action-hash=\"#elementor-action%3Aaction%3Dlightbox%26settings%3DeyJpZCI6NzkwMzcsInVybCI6Imh0dHBzOlwvXC93d3cuY20tYmVuYXZlbnRlLnB0XC93cC1jb250ZW50XC91cGxvYWRzXC8yMDI1XC8xMFwvYW5pdmVyc2FyaW8tNTEtYW5vcy1zb2NpZWRhZGUtZmlsYXJtb25pY2Etc2FudG8tZXN0ZXZhby01LXNjYWxlZC5qcGciLCJzbGlkZXNob3ciOiIzZGJkNmM2In0%3D\">\n\t\t\t\t\t<div class=\"e-gallery-image elementor-gallery-item__image\" data-thumbnail=\"https:\/\/www.cm-benavente.pt\/wp-content\/uploads\/2025\/10\/aniversario-51-anos-sociedade-filarmonica-santo-estevao-5-1024x586.jpg\" data-width=\"800\" data-height=\"458\" aria-label=\"\" role=\"img\" ><\/div>\n\t\t\t\t\t\t\t\t\t\t\t<div class=\"elementor-gallery-item__overlay\"><\/div>\n\t\t\t\t\t\t\t\t\t\t\t\t\t\t<\/a>\n\t\t\t\t\t\t\t<a class=\"e-gallery-item elementor-gallery-item elementor-animated-content\" href=\"https:\/\/www.cm-benavente.pt\/wp-content\/uploads\/2025\/10\/aniversario-51-anos-sociedade-filarmonica-santo-estevao-6-scaled.jpg\" data-elementor-open-lightbox=\"yes\" data-elementor-lightbox-slideshow=\"3dbd6c6\" data-elementor-lightbox-title=\"anivers\u00e1rio 51 anos sociedade filarm\u00f3nica santo est\u00eav\u00e3o (6)\" data-e-action-hash=\"#elementor-action%3Aaction%3Dlightbox%26settings%3DeyJpZCI6NzkwMzgsInVybCI6Imh0dHBzOlwvXC93d3cuY20tYmVuYXZlbnRlLnB0XC93cC1jb250ZW50XC91cGxvYWRzXC8yMDI1XC8xMFwvYW5pdmVyc2FyaW8tNTEtYW5vcy1zb2NpZWRhZGUtZmlsYXJtb25pY2Etc2FudG8tZXN0ZXZhby02LXNjYWxlZC5qcGciLCJzbGlkZXNob3ciOiIzZGJkNmM2In0%3D\">\n\t\t\t\t\t<div class=\"e-gallery-image elementor-gallery-item__image\" data-thumbnail=\"https:\/\/www.cm-benavente.pt\/wp-content\/uploads\/2025\/10\/aniversario-51-anos-sociedade-filarmonica-santo-estevao-6-1024x551.jpg\" data-width=\"800\" data-height=\"430\" aria-label=\"\" role=\"img\" ><\/div>\n\t\t\t\t\t\t\t\t\t\t\t<div class=\"elementor-gallery-item__overlay\"><\/div>\n\t\t\t\t\t\t\t\t\t\t\t\t\t\t<\/a>\n\t\t\t\t\t\t\t<a class=\"e-gallery-item elementor-gallery-item elementor-animated-content\" href=\"https:\/\/www.cm-benavente.pt\/wp-content\/uploads\/2025\/10\/aniversario-51-anos-sociedade-filarmonica-santo-estevao-7-scaled.jpg\" data-elementor-open-lightbox=\"yes\" data-elementor-lightbox-slideshow=\"3dbd6c6\" data-elementor-lightbox-title=\"anivers\u00e1rio 51 anos sociedade filarm\u00f3nica santo est\u00eav\u00e3o (7)\" data-e-action-hash=\"#elementor-action%3Aaction%3Dlightbox%26settings%3DeyJpZCI6NzkwMzksInVybCI6Imh0dHBzOlwvXC93d3cuY20tYmVuYXZlbnRlLnB0XC93cC1jb250ZW50XC91cGxvYWRzXC8yMDI1XC8xMFwvYW5pdmVyc2FyaW8tNTEtYW5vcy1zb2NpZWRhZGUtZmlsYXJtb25pY2Etc2FudG8tZXN0ZXZhby03LXNjYWxlZC5qcGciLCJzbGlkZXNob3ciOiIzZGJkNmM2In0%3D\">\n\t\t\t\t\t<div class=\"e-gallery-image elementor-gallery-item__image\" data-thumbnail=\"https:\/\/www.cm-benavente.pt\/wp-content\/uploads\/2025\/10\/aniversario-51-anos-sociedade-filarmonica-santo-estevao-7-1024x598.jpg\" data-width=\"800\" data-height=\"467\" aria-label=\"\" role=\"img\" ><\/div>\n\t\t\t\t\t\t\t\t\t\t\t<div class=\"elementor-gallery-item__overlay\"><\/div>\n\t\t\t\t\t\t\t\t\t\t\t\t\t\t<\/a>\n\t\t\t\t\t\t\t<a class=\"e-gallery-item elementor-gallery-item elementor-animated-content\" href=\"https:\/\/www.cm-benavente.pt\/wp-content\/uploads\/2025\/10\/aniversario-51-anos-sociedade-filarmonica-santo-estevao-8-scaled.jpg\" data-elementor-open-lightbox=\"yes\" data-elementor-lightbox-slideshow=\"3dbd6c6\" data-elementor-lightbox-title=\"anivers\u00e1rio 51 anos sociedade filarm\u00f3nica santo est\u00eav\u00e3o (8)\" data-e-action-hash=\"#elementor-action%3Aaction%3Dlightbox%26settings%3DeyJpZCI6NzkwNDAsInVybCI6Imh0dHBzOlwvXC93d3cuY20tYmVuYXZlbnRlLnB0XC93cC1jb250ZW50XC91cGxvYWRzXC8yMDI1XC8xMFwvYW5pdmVyc2FyaW8tNTEtYW5vcy1zb2NpZWRhZGUtZmlsYXJtb25pY2Etc2FudG8tZXN0ZXZhby04LXNjYWxlZC5qcGciLCJzbGlkZXNob3ciOiIzZGJkNmM2In0%3D\">\n\t\t\t\t\t<div class=\"e-gallery-image elementor-gallery-item__image\" data-thumbnail=\"https:\/\/www.cm-benavente.pt\/wp-content\/uploads\/2025\/10\/aniversario-51-anos-sociedade-filarmonica-santo-estevao-8-1024x572.jpg\" data-width=\"800\" data-height=\"447\" aria-label=\"\" role=\"img\" ><\/div>\n\t\t\t\t\t\t\t\t\t\t\t<div class=\"elementor-gallery-item__overlay\"><\/div>\n\t\t\t\t\t\t\t\t\t\t\t\t\t\t<\/a>\n\t\t\t\t\t\t\t<a class=\"e-gallery-item elementor-gallery-item elementor-animated-content\" href=\"https:\/\/www.cm-benavente.pt\/wp-content\/uploads\/2025\/10\/aniversario-51-anos-sociedade-filarmonica-santo-estevao-9-scaled.jpg\" data-elementor-open-lightbox=\"yes\" data-elementor-lightbox-slideshow=\"3dbd6c6\" data-elementor-lightbox-title=\"anivers\u00e1rio 51 anos sociedade filarm\u00f3nica santo est\u00eav\u00e3o (9)\" data-e-action-hash=\"#elementor-action%3Aaction%3Dlightbox%26settings%3DeyJpZCI6NzkwNDEsInVybCI6Imh0dHBzOlwvXC93d3cuY20tYmVuYXZlbnRlLnB0XC93cC1jb250ZW50XC91cGxvYWRzXC8yMDI1XC8xMFwvYW5pdmVyc2FyaW8tNTEtYW5vcy1zb2NpZWRhZGUtZmlsYXJtb25pY2Etc2FudG8tZXN0ZXZhby05LXNjYWxlZC5qcGciLCJzbGlkZXNob3ciOiIzZGJkNmM2In0%3D\">\n\t\t\t\t\t<div class=\"e-gallery-image elementor-gallery-item__image\" data-thumbnail=\"https:\/\/www.cm-benavente.pt\/wp-content\/uploads\/2025\/10\/aniversario-51-anos-sociedade-filarmonica-santo-estevao-9-1024x544.jpg\" data-width=\"800\" data-height=\"425\" aria-label=\"\" role=\"img\" ><\/div>\n\t\t\t\t\t\t\t\t\t\t\t<div class=\"elementor-gallery-item__overlay\"><\/div>\n\t\t\t\t\t\t\t\t\t\t\t\t\t\t<\/a>\n\t\t\t\t\t\t\t<a class=\"e-gallery-item elementor-gallery-item elementor-animated-content\" href=\"https:\/\/www.cm-benavente.pt\/wp-content\/uploads\/2025\/10\/aniversario-51-anos-sociedade-filarmonica-santo-estevao-10-scaled.jpg\" data-elementor-open-lightbox=\"yes\" data-elementor-lightbox-slideshow=\"3dbd6c6\" data-elementor-lightbox-title=\"anivers\u00e1rio 51 anos sociedade filarm\u00f3nica santo est\u00eav\u00e3o (10)\" data-e-action-hash=\"#elementor-action%3Aaction%3Dlightbox%26settings%3DeyJpZCI6NzkwNDIsInVybCI6Imh0dHBzOlwvXC93d3cuY20tYmVuYXZlbnRlLnB0XC93cC1jb250ZW50XC91cGxvYWRzXC8yMDI1XC8xMFwvYW5pdmVyc2FyaW8tNTEtYW5vcy1zb2NpZWRhZGUtZmlsYXJtb25pY2Etc2FudG8tZXN0ZXZhby0xMC1zY2FsZWQuanBnIiwic2xpZGVzaG93IjoiM2RiZDZjNiJ9\">\n\t\t\t\t\t<div class=\"e-gallery-image elementor-gallery-item__image\" data-thumbnail=\"https:\/\/www.cm-benavente.pt\/wp-content\/uploads\/2025\/10\/aniversario-51-anos-sociedade-filarmonica-santo-estevao-10-1024x548.jpg\" data-width=\"800\" data-height=\"428\" aria-label=\"\" role=\"img\" ><\/div>\n\t\t\t\t\t\t\t\t\t\t\t<div class=\"elementor-gallery-item__overlay\"><\/div>\n\t\t\t\t\t\t\t\t\t\t\t\t\t\t<\/a>\n\t\t\t\t\t\t\t<a class=\"e-gallery-item elementor-gallery-item elementor-animated-content\" href=\"https:\/\/www.cm-benavente.pt\/wp-content\/uploads\/2025\/10\/aniversario-51-anos-sociedade-filarmonica-santo-estevao-11-scaled.jpg\" data-elementor-open-lightbox=\"yes\" data-elementor-lightbox-slideshow=\"3dbd6c6\" data-elementor-lightbox-title=\"anivers\u00e1rio 51 anos sociedade filarm\u00f3nica santo est\u00eav\u00e3o (11)\" data-e-action-hash=\"#elementor-action%3Aaction%3Dlightbox%26settings%3DeyJpZCI6NzkwNDMsInVybCI6Imh0dHBzOlwvXC93d3cuY20tYmVuYXZlbnRlLnB0XC93cC1jb250ZW50XC91cGxvYWRzXC8yMDI1XC8xMFwvYW5pdmVyc2FyaW8tNTEtYW5vcy1zb2NpZWRhZGUtZmlsYXJtb25pY2Etc2FudG8tZXN0ZXZhby0xMS1zY2FsZWQuanBnIiwic2xpZGVzaG93IjoiM2RiZDZjNiJ9\">\n\t\t\t\t\t<div class=\"e-gallery-image elementor-gallery-item__image\" data-thumbnail=\"https:\/\/www.cm-benavente.pt\/wp-content\/uploads\/2025\/10\/aniversario-51-anos-sociedade-filarmonica-santo-estevao-11-1024x473.jpg\" data-width=\"800\" data-height=\"370\" aria-label=\"\" role=\"img\" ><\/div>\n\t\t\t\t\t\t\t\t\t\t\t<div class=\"elementor-gallery-item__overlay\"><\/div>\n\t\t\t\t\t\t\t\t\t\t\t\t\t\t<\/a>\n\t\t\t\t\t\t\t<a class=\"e-gallery-item elementor-gallery-item elementor-animated-content\" href=\"https:\/\/www.cm-benavente.pt\/wp-content\/uploads\/2025\/10\/aniversario-51-anos-sociedade-filarmonica-santo-estevao-12-scaled.jpg\" data-elementor-open-lightbox=\"yes\" data-elementor-lightbox-slideshow=\"3dbd6c6\" data-elementor-lightbox-title=\"anivers\u00e1rio 51 anos sociedade filarm\u00f3nica santo est\u00eav\u00e3o (12)\" data-e-action-hash=\"#elementor-action%3Aaction%3Dlightbox%26settings%3DeyJpZCI6NzkwNDQsInVybCI6Imh0dHBzOlwvXC93d3cuY20tYmVuYXZlbnRlLnB0XC93cC1jb250ZW50XC91cGxvYWRzXC8yMDI1XC8xMFwvYW5pdmVyc2FyaW8tNTEtYW5vcy1zb2NpZWRhZGUtZmlsYXJtb25pY2Etc2FudG8tZXN0ZXZhby0xMi1zY2FsZWQuanBnIiwic2xpZGVzaG93IjoiM2RiZDZjNiJ9\">\n\t\t\t\t\t<div class=\"e-gallery-image elementor-gallery-item__image\" data-thumbnail=\"https:\/\/www.cm-benavente.pt\/wp-content\/uploads\/2025\/10\/aniversario-51-anos-sociedade-filarmonica-santo-estevao-12-1024x467.jpg\" data-width=\"800\" data-height=\"365\" aria-label=\"\" role=\"img\" ><\/div>\n\t\t\t\t\t\t\t\t\t\t\t<div class=\"elementor-gallery-item__overlay\"><\/div>\n\t\t\t\t\t\t\t\t\t\t\t\t\t\t<\/a>\n\t\t\t\t\t\t\t<a class=\"e-gallery-item elementor-gallery-item elementor-animated-content\" href=\"https:\/\/www.cm-benavente.pt\/wp-content\/uploads\/2025\/10\/aniversario-51-anos-sociedade-filarmonica-santo-estevao-13-scaled.jpg\" data-elementor-open-lightbox=\"yes\" data-elementor-lightbox-slideshow=\"3dbd6c6\" data-elementor-lightbox-title=\"anivers\u00e1rio 51 anos sociedade filarm\u00f3nica santo est\u00eav\u00e3o (13)\" data-e-action-hash=\"#elementor-action%3Aaction%3Dlightbox%26settings%3DeyJpZCI6NzkwNDUsInVybCI6Imh0dHBzOlwvXC93d3cuY20tYmVuYXZlbnRlLnB0XC93cC1jb250ZW50XC91cGxvYWRzXC8yMDI1XC8xMFwvYW5pdmVyc2FyaW8tNTEtYW5vcy1zb2NpZWRhZGUtZmlsYXJtb25pY2Etc2FudG8tZXN0ZXZhby0xMy1zY2FsZWQuanBnIiwic2xpZGVzaG93IjoiM2RiZDZjNiJ9\">\n\t\t\t\t\t<div class=\"e-gallery-image elementor-gallery-item__image\" data-thumbnail=\"https:\/\/www.cm-benavente.pt\/wp-content\/uploads\/2025\/10\/aniversario-51-anos-sociedade-filarmonica-santo-estevao-13-1024x642.jpg\" data-width=\"800\" data-height=\"502\" aria-label=\"\" role=\"img\" ><\/div>\n\t\t\t\t\t\t\t\t\t\t\t<div class=\"elementor-gallery-item__overlay\"><\/div>\n\t\t\t\t\t\t\t\t\t\t\t\t\t\t<\/a>\n\t\t\t\t\t\t\t<a class=\"e-gallery-item elementor-gallery-item elementor-animated-content\" href=\"https:\/\/www.cm-benavente.pt\/wp-content\/uploads\/2025\/10\/aniversario-51-anos-sociedade-filarmonica-santo-estevao-14-scaled.jpg\" data-elementor-open-lightbox=\"yes\" data-elementor-lightbox-slideshow=\"3dbd6c6\" data-elementor-lightbox-title=\"anivers\u00e1rio 51 anos sociedade filarm\u00f3nica santo est\u00eav\u00e3o (14)\" data-e-action-hash=\"#elementor-action%3Aaction%3Dlightbox%26settings%3DeyJpZCI6NzkwNDYsInVybCI6Imh0dHBzOlwvXC93d3cuY20tYmVuYXZlbnRlLnB0XC93cC1jb250ZW50XC91cGxvYWRzXC8yMDI1XC8xMFwvYW5pdmVyc2FyaW8tNTEtYW5vcy1zb2NpZWRhZGUtZmlsYXJtb25pY2Etc2FudG8tZXN0ZXZhby0xNC1zY2FsZWQuanBnIiwic2xpZGVzaG93IjoiM2RiZDZjNiJ9\">\n\t\t\t\t\t<div class=\"e-gallery-image elementor-gallery-item__image\" data-thumbnail=\"https:\/\/www.cm-benavente.pt\/wp-content\/uploads\/2025\/10\/aniversario-51-anos-sociedade-filarmonica-santo-estevao-14-1024x483.jpg\" data-width=\"800\" data-height=\"377\" aria-label=\"\" role=\"img\" ><\/div>\n\t\t\t\t\t\t\t\t\t\t\t<div class=\"elementor-gallery-item__overlay\"><\/div>\n\t\t\t\t\t\t\t\t\t\t\t\t\t\t<\/a>\n\t\t\t\t\t\t\t<a class=\"e-gallery-item elementor-gallery-item elementor-animated-content\" href=\"https:\/\/www.cm-benavente.pt\/wp-content\/uploads\/2025\/10\/aniversario-51-anos-sociedade-filarmonica-santo-estevao-15-scaled.jpg\" data-elementor-open-lightbox=\"yes\" data-elementor-lightbox-slideshow=\"3dbd6c6\" data-elementor-lightbox-title=\"anivers\u00e1rio 51 anos sociedade filarm\u00f3nica santo est\u00eav\u00e3o (15)\" data-e-action-hash=\"#elementor-action%3Aaction%3Dlightbox%26settings%3DeyJpZCI6NzkwNDcsInVybCI6Imh0dHBzOlwvXC93d3cuY20tYmVuYXZlbnRlLnB0XC93cC1jb250ZW50XC91cGxvYWRzXC8yMDI1XC8xMFwvYW5pdmVyc2FyaW8tNTEtYW5vcy1zb2NpZWRhZGUtZmlsYXJtb25pY2Etc2FudG8tZXN0ZXZhby0xNS1zY2FsZWQuanBnIiwic2xpZGVzaG93IjoiM2RiZDZjNiJ9\">\n\t\t\t\t\t<div class=\"e-gallery-image elementor-gallery-item__image\" data-thumbnail=\"https:\/\/www.cm-benavente.pt\/wp-content\/uploads\/2025\/10\/aniversario-51-anos-sociedade-filarmonica-santo-estevao-15-1024x615.jpg\" data-width=\"800\" data-height=\"480\" aria-label=\"\" role=\"img\" ><\/div>\n\t\t\t\t\t\t\t\t\t\t\t<div class=\"elementor-gallery-item__overlay\"><\/div>\n\t\t\t\t\t\t\t\t\t\t\t\t\t\t<\/a>\n\t\t\t\t\t\t\t<a class=\"e-gallery-item elementor-gallery-item elementor-animated-content\" href=\"https:\/\/www.cm-benavente.pt\/wp-content\/uploads\/2025\/10\/aniversario-51-anos-sociedade-filarmonica-santo-estevao-16-scaled.jpg\" data-elementor-open-lightbox=\"yes\" data-elementor-lightbox-slideshow=\"3dbd6c6\" data-elementor-lightbox-title=\"anivers\u00e1rio 51 anos sociedade filarm\u00f3nica santo est\u00eav\u00e3o (16)\" data-e-action-hash=\"#elementor-action%3Aaction%3Dlightbox%26settings%3DeyJpZCI6NzkwNDgsInVybCI6Imh0dHBzOlwvXC93d3cuY20tYmVuYXZlbnRlLnB0XC93cC1jb250ZW50XC91cGxvYWRzXC8yMDI1XC8xMFwvYW5pdmVyc2FyaW8tNTEtYW5vcy1zb2NpZWRhZGUtZmlsYXJtb25pY2Etc2FudG8tZXN0ZXZhby0xNi1zY2FsZWQuanBnIiwic2xpZGVzaG93IjoiM2RiZDZjNiJ9\">\n\t\t\t\t\t<div class=\"e-gallery-image elementor-gallery-item__image\" data-thumbnail=\"https:\/\/www.cm-benavente.pt\/wp-content\/uploads\/2025\/10\/aniversario-51-anos-sociedade-filarmonica-santo-estevao-16-1024x617.jpg\" data-width=\"800\" data-height=\"482\" aria-label=\"\" role=\"img\" ><\/div>\n\t\t\t\t\t\t\t\t\t\t\t<div class=\"elementor-gallery-item__overlay\"><\/div>\n\t\t\t\t\t\t\t\t\t\t\t\t\t\t<\/a>\n\t\t\t\t\t\t\t<a class=\"e-gallery-item elementor-gallery-item elementor-animated-content\" href=\"https:\/\/www.cm-benavente.pt\/wp-content\/uploads\/2025\/10\/aniversario-51-anos-sociedade-filarmonica-santo-estevao-17-scaled.jpg\" data-elementor-open-lightbox=\"yes\" data-elementor-lightbox-slideshow=\"3dbd6c6\" data-elementor-lightbox-title=\"anivers\u00e1rio 51 anos sociedade filarm\u00f3nica santo est\u00eav\u00e3o (17)\" data-e-action-hash=\"#elementor-action%3Aaction%3Dlightbox%26settings%3DeyJpZCI6NzkwNDksInVybCI6Imh0dHBzOlwvXC93d3cuY20tYmVuYXZlbnRlLnB0XC93cC1jb250ZW50XC91cGxvYWRzXC8yMDI1XC8xMFwvYW5pdmVyc2FyaW8tNTEtYW5vcy1zb2NpZWRhZGUtZmlsYXJtb25pY2Etc2FudG8tZXN0ZXZhby0xNy1zY2FsZWQuanBnIiwic2xpZGVzaG93IjoiM2RiZDZjNiJ9\">\n\t\t\t\t\t<div class=\"e-gallery-image elementor-gallery-item__image\" data-thumbnail=\"https:\/\/www.cm-benavente.pt\/wp-content\/uploads\/2025\/10\/aniversario-51-anos-sociedade-filarmonica-santo-estevao-17-1024x603.jpg\" data-width=\"800\" data-height=\"471\" aria-label=\"\" role=\"img\" ><\/div>\n\t\t\t\t\t\t\t\t\t\t\t<div class=\"elementor-gallery-item__overlay\"><\/div>\n\t\t\t\t\t\t\t\t\t\t\t\t\t\t<\/a>\n\t\t\t\t\t\t\t<a class=\"e-gallery-item elementor-gallery-item elementor-animated-content\" href=\"https:\/\/www.cm-benavente.pt\/wp-content\/uploads\/2025\/10\/aniversario-51-anos-sociedade-filarmonica-santo-estevao-18-scaled.jpg\" data-elementor-open-lightbox=\"yes\" data-elementor-lightbox-slideshow=\"3dbd6c6\" data-elementor-lightbox-title=\"anivers\u00e1rio 51 anos sociedade filarm\u00f3nica santo est\u00eav\u00e3o (18)\" data-e-action-hash=\"#elementor-action%3Aaction%3Dlightbox%26settings%3DeyJpZCI6NzkwNTAsInVybCI6Imh0dHBzOlwvXC93d3cuY20tYmVuYXZlbnRlLnB0XC93cC1jb250ZW50XC91cGxvYWRzXC8yMDI1XC8xMFwvYW5pdmVyc2FyaW8tNTEtYW5vcy1zb2NpZWRhZGUtZmlsYXJtb25pY2Etc2FudG8tZXN0ZXZhby0xOC1zY2FsZWQuanBnIiwic2xpZGVzaG93IjoiM2RiZDZjNiJ9\">\n\t\t\t\t\t<div class=\"e-gallery-image elementor-gallery-item__image\" data-thumbnail=\"https:\/\/www.cm-benavente.pt\/wp-content\/uploads\/2025\/10\/aniversario-51-anos-sociedade-filarmonica-santo-estevao-18-1024x558.jpg\" data-width=\"800\" data-height=\"436\" aria-label=\"\" role=\"img\" ><\/div>\n\t\t\t\t\t\t\t\t\t\t\t<div class=\"elementor-gallery-item__overlay\"><\/div>\n\t\t\t\t\t\t\t\t\t\t\t\t\t\t<\/a>\n\t\t\t\t\t\t\t<a class=\"e-gallery-item elementor-gallery-item elementor-animated-content\" href=\"https:\/\/www.cm-benavente.pt\/wp-content\/uploads\/2025\/10\/aniversario-51-anos-sociedade-filarmonica-santo-estevao-19-scaled.jpg\" data-elementor-open-lightbox=\"yes\" data-elementor-lightbox-slideshow=\"3dbd6c6\" data-elementor-lightbox-title=\"anivers\u00e1rio 51 anos sociedade filarm\u00f3nica santo est\u00eav\u00e3o (19)\" data-e-action-hash=\"#elementor-action%3Aaction%3Dlightbox%26settings%3DeyJpZCI6NzkwNTEsInVybCI6Imh0dHBzOlwvXC93d3cuY20tYmVuYXZlbnRlLnB0XC93cC1jb250ZW50XC91cGxvYWRzXC8yMDI1XC8xMFwvYW5pdmVyc2FyaW8tNTEtYW5vcy1zb2NpZWRhZGUtZmlsYXJtb25pY2Etc2FudG8tZXN0ZXZhby0xOS1zY2FsZWQuanBnIiwic2xpZGVzaG93IjoiM2RiZDZjNiJ9\">\n\t\t\t\t\t<div class=\"e-gallery-image elementor-gallery-item__image\" data-thumbnail=\"https:\/\/www.cm-benavente.pt\/wp-content\/uploads\/2025\/10\/aniversario-51-anos-sociedade-filarmonica-santo-estevao-19-1024x620.jpg\" data-width=\"800\" data-height=\"484\" aria-label=\"\" role=\"img\" ><\/div>\n\t\t\t\t\t\t\t\t\t\t\t<div class=\"elementor-gallery-item__overlay\"><\/div>\n\t\t\t\t\t\t\t\t\t\t\t\t\t\t<\/a>\n\t\t\t\t\t\t\t<a class=\"e-gallery-item elementor-gallery-item elementor-animated-content\" href=\"https:\/\/www.cm-benavente.pt\/wp-content\/uploads\/2025\/10\/aniversario-51-anos-sociedade-filarmonica-santo-estevao-20-scaled.jpg\" data-elementor-open-lightbox=\"yes\" data-elementor-lightbox-slideshow=\"3dbd6c6\" data-elementor-lightbox-title=\"anivers\u00e1rio 51 anos sociedade filarm\u00f3nica santo est\u00eav\u00e3o (20)\" data-e-action-hash=\"#elementor-action%3Aaction%3Dlightbox%26settings%3DeyJpZCI6NzkwNTIsInVybCI6Imh0dHBzOlwvXC93d3cuY20tYmVuYXZlbnRlLnB0XC93cC1jb250ZW50XC91cGxvYWRzXC8yMDI1XC8xMFwvYW5pdmVyc2FyaW8tNTEtYW5vcy1zb2NpZWRhZGUtZmlsYXJtb25pY2Etc2FudG8tZXN0ZXZhby0yMC1zY2FsZWQuanBnIiwic2xpZGVzaG93IjoiM2RiZDZjNiJ9\">\n\t\t\t\t\t<div class=\"e-gallery-image elementor-gallery-item__image\" data-thumbnail=\"https:\/\/www.cm-benavente.pt\/wp-content\/uploads\/2025\/10\/aniversario-51-anos-sociedade-filarmonica-santo-estevao-20-1024x552.jpg\" data-width=\"800\" data-height=\"431\" aria-label=\"\" role=\"img\" ><\/div>\n\t\t\t\t\t\t\t\t\t\t\t<div class=\"elementor-gallery-item__overlay\"><\/div>\n\t\t\t\t\t\t\t\t\t\t\t\t\t\t<\/a>\n\t\t\t\t\t\t\t<a class=\"e-gallery-item elementor-gallery-item elementor-animated-content\" href=\"https:\/\/www.cm-benavente.pt\/wp-content\/uploads\/2025\/10\/aniversario-51-anos-sociedade-filarmonica-santo-estevao-21-scaled.jpg\" data-elementor-open-lightbox=\"yes\" data-elementor-lightbox-slideshow=\"3dbd6c6\" data-elementor-lightbox-title=\"anivers\u00e1rio 51 anos sociedade filarm\u00f3nica santo est\u00eav\u00e3o (21)\" data-e-action-hash=\"#elementor-action%3Aaction%3Dlightbox%26settings%3DeyJpZCI6NzkwNTMsInVybCI6Imh0dHBzOlwvXC93d3cuY20tYmVuYXZlbnRlLnB0XC93cC1jb250ZW50XC91cGxvYWRzXC8yMDI1XC8xMFwvYW5pdmVyc2FyaW8tNTEtYW5vcy1zb2NpZWRhZGUtZmlsYXJtb25pY2Etc2FudG8tZXN0ZXZhby0yMS1zY2FsZWQuanBnIiwic2xpZGVzaG93IjoiM2RiZDZjNiJ9\">\n\t\t\t\t\t<div class=\"e-gallery-image elementor-gallery-item__image\" data-thumbnail=\"https:\/\/www.cm-benavente.pt\/wp-content\/uploads\/2025\/10\/aniversario-51-anos-sociedade-filarmonica-santo-estevao-21-1024x626.jpg\" data-width=\"800\" data-height=\"489\" aria-label=\"\" role=\"img\" ><\/div>\n\t\t\t\t\t\t\t\t\t\t\t<div class=\"elementor-gallery-item__overlay\"><\/div>\n\t\t\t\t\t\t\t\t\t\t\t\t\t\t<\/a>\n\t\t\t\t\t\t\t<a class=\"e-gallery-item elementor-gallery-item elementor-animated-content\" href=\"https:\/\/www.cm-benavente.pt\/wp-content\/uploads\/2025\/10\/aniversario-51-anos-sociedade-filarmonica-santo-estevao-22-scaled.jpg\" data-elementor-open-lightbox=\"yes\" data-elementor-lightbox-slideshow=\"3dbd6c6\" data-elementor-lightbox-title=\"anivers\u00e1rio 51 anos sociedade filarm\u00f3nica santo est\u00eav\u00e3o (22)\" data-e-action-hash=\"#elementor-action%3Aaction%3Dlightbox%26settings%3DeyJpZCI6NzkwNTQsInVybCI6Imh0dHBzOlwvXC93d3cuY20tYmVuYXZlbnRlLnB0XC93cC1jb250ZW50XC91cGxvYWRzXC8yMDI1XC8xMFwvYW5pdmVyc2FyaW8tNTEtYW5vcy1zb2NpZWRhZGUtZmlsYXJtb25pY2Etc2FudG8tZXN0ZXZhby0yMi1zY2FsZWQuanBnIiwic2xpZGVzaG93IjoiM2RiZDZjNiJ9\">\n\t\t\t\t\t<div class=\"e-gallery-image elementor-gallery-item__image\" data-thumbnail=\"https:\/\/www.cm-benavente.pt\/wp-content\/uploads\/2025\/10\/aniversario-51-anos-sociedade-filarmonica-santo-estevao-22-1024x550.jpg\" data-width=\"800\" data-height=\"430\" aria-label=\"\" role=\"img\" ><\/div>\n\t\t\t\t\t\t\t\t\t\t\t<div class=\"elementor-gallery-item__overlay\"><\/div>\n\t\t\t\t\t\t\t\t\t\t\t\t\t\t<\/a>\n\t\t\t\t\t\t\t<a class=\"e-gallery-item elementor-gallery-item elementor-animated-content\" href=\"https:\/\/www.cm-benavente.pt\/wp-content\/uploads\/2025\/10\/aniversario-51-anos-sociedade-filarmonica-santo-estevao-23-scaled.jpg\" data-elementor-open-lightbox=\"yes\" data-elementor-lightbox-slideshow=\"3dbd6c6\" data-elementor-lightbox-title=\"anivers\u00e1rio 51 anos sociedade filarm\u00f3nica santo est\u00eav\u00e3o (23)\" data-e-action-hash=\"#elementor-action%3Aaction%3Dlightbox%26settings%3DeyJpZCI6NzkwNTUsInVybCI6Imh0dHBzOlwvXC93d3cuY20tYmVuYXZlbnRlLnB0XC93cC1jb250ZW50XC91cGxvYWRzXC8yMDI1XC8xMFwvYW5pdmVyc2FyaW8tNTEtYW5vcy1zb2NpZWRhZGUtZmlsYXJtb25pY2Etc2FudG8tZXN0ZXZhby0yMy1zY2FsZWQuanBnIiwic2xpZGVzaG93IjoiM2RiZDZjNiJ9\">\n\t\t\t\t\t<div class=\"e-gallery-image elementor-gallery-item__image\" data-thumbnail=\"https:\/\/www.cm-benavente.pt\/wp-content\/uploads\/2025\/10\/aniversario-51-anos-sociedade-filarmonica-santo-estevao-23-1024x660.jpg\" data-width=\"800\" data-height=\"516\" aria-label=\"\" role=\"img\" ><\/div>\n\t\t\t\t\t\t\t\t\t\t\t<div class=\"elementor-gallery-item__overlay\"><\/div>\n\t\t\t\t\t\t\t\t\t\t\t\t\t\t<\/a>\n\t\t\t\t\t\t\t<a class=\"e-gallery-item elementor-gallery-item elementor-animated-content\" href=\"https:\/\/www.cm-benavente.pt\/wp-content\/uploads\/2025\/10\/aniversario-51-anos-sociedade-filarmonica-santo-estevao-24-scaled.jpg\" data-elementor-open-lightbox=\"yes\" data-elementor-lightbox-slideshow=\"3dbd6c6\" data-elementor-lightbox-title=\"anivers\u00e1rio 51 anos sociedade filarm\u00f3nica santo est\u00eav\u00e3o (24)\" data-e-action-hash=\"#elementor-action%3Aaction%3Dlightbox%26settings%3DeyJpZCI6NzkwNTYsInVybCI6Imh0dHBzOlwvXC93d3cuY20tYmVuYXZlbnRlLnB0XC93cC1jb250ZW50XC91cGxvYWRzXC8yMDI1XC8xMFwvYW5pdmVyc2FyaW8tNTEtYW5vcy1zb2NpZWRhZGUtZmlsYXJtb25pY2Etc2FudG8tZXN0ZXZhby0yNC1zY2FsZWQuanBnIiwic2xpZGVzaG93IjoiM2RiZDZjNiJ9\">\n\t\t\t\t\t<div class=\"e-gallery-image elementor-gallery-item__image\" data-thumbnail=\"https:\/\/www.cm-benavente.pt\/wp-content\/uploads\/2025\/10\/aniversario-51-anos-sociedade-filarmonica-santo-estevao-24-1024x600.jpg\" data-width=\"800\" data-height=\"469\" aria-label=\"\" role=\"img\" ><\/div>\n\t\t\t\t\t\t\t\t\t\t\t<div class=\"elementor-gallery-item__overlay\"><\/div>\n\t\t\t\t\t\t\t\t\t\t\t\t\t\t<\/a>\n\t\t\t\t\t\t\t<a class=\"e-gallery-item elementor-gallery-item elementor-animated-content\" href=\"https:\/\/www.cm-benavente.pt\/wp-content\/uploads\/2025\/10\/aniversario-51-anos-sociedade-filarmonica-santo-estevao-25-scaled.jpg\" data-elementor-open-lightbox=\"yes\" data-elementor-lightbox-slideshow=\"3dbd6c6\" data-elementor-lightbox-title=\"anivers\u00e1rio 51 anos sociedade filarm\u00f3nica santo est\u00eav\u00e3o (25)\" data-e-action-hash=\"#elementor-action%3Aaction%3Dlightbox%26settings%3DeyJpZCI6NzkwNTcsInVybCI6Imh0dHBzOlwvXC93d3cuY20tYmVuYXZlbnRlLnB0XC93cC1jb250ZW50XC91cGxvYWRzXC8yMDI1XC8xMFwvYW5pdmVyc2FyaW8tNTEtYW5vcy1zb2NpZWRhZGUtZmlsYXJtb25pY2Etc2FudG8tZXN0ZXZhby0yNS1zY2FsZWQuanBnIiwic2xpZGVzaG93IjoiM2RiZDZjNiJ9\">\n\t\t\t\t\t<div class=\"e-gallery-image elementor-gallery-item__image\" data-thumbnail=\"https:\/\/www.cm-benavente.pt\/wp-content\/uploads\/2025\/10\/aniversario-51-anos-sociedade-filarmonica-santo-estevao-25-1024x683.jpg\" data-width=\"800\" data-height=\"534\" aria-label=\"\" role=\"img\" ><\/div>\n\t\t\t\t\t\t\t\t\t\t\t<div class=\"elementor-gallery-item__overlay\"><\/div>\n\t\t\t\t\t\t\t\t\t\t\t\t\t\t<\/a>\n\t\t\t\t\t\t\t<a class=\"e-gallery-item elementor-gallery-item elementor-animated-content\" href=\"https:\/\/www.cm-benavente.pt\/wp-content\/uploads\/2025\/10\/aniversario-51-anos-sociedade-filarmonica-santo-estevao-26-scaled.jpg\" data-elementor-open-lightbox=\"yes\" data-elementor-lightbox-slideshow=\"3dbd6c6\" data-elementor-lightbox-title=\"anivers\u00e1rio 51 anos sociedade filarm\u00f3nica santo est\u00eav\u00e3o (26)\" data-e-action-hash=\"#elementor-action%3Aaction%3Dlightbox%26settings%3DeyJpZCI6NzkwNTgsInVybCI6Imh0dHBzOlwvXC93d3cuY20tYmVuYXZlbnRlLnB0XC93cC1jb250ZW50XC91cGxvYWRzXC8yMDI1XC8xMFwvYW5pdmVyc2FyaW8tNTEtYW5vcy1zb2NpZWRhZGUtZmlsYXJtb25pY2Etc2FudG8tZXN0ZXZhby0yNi1zY2FsZWQuanBnIiwic2xpZGVzaG93IjoiM2RiZDZjNiJ9\">\n\t\t\t\t\t<div class=\"e-gallery-image elementor-gallery-item__image\" data-thumbnail=\"https:\/\/www.cm-benavente.pt\/wp-content\/uploads\/2025\/10\/aniversario-51-anos-sociedade-filarmonica-santo-estevao-26-1024x626.jpg\" data-width=\"800\" data-height=\"489\" aria-label=\"\" role=\"img\" ><\/div>\n\t\t\t\t\t\t\t\t\t\t\t<div class=\"elementor-gallery-item__overlay\"><\/div>\n\t\t\t\t\t\t\t\t\t\t\t\t\t\t<\/a>\n\t\t\t\t\t\t\t<a class=\"e-gallery-item elementor-gallery-item elementor-animated-content\" href=\"https:\/\/www.cm-benavente.pt\/wp-content\/uploads\/2025\/10\/aniversario-51-anos-sociedade-filarmonica-santo-estevao-27-scaled.jpg\" data-elementor-open-lightbox=\"yes\" data-elementor-lightbox-slideshow=\"3dbd6c6\" data-elementor-lightbox-title=\"anivers\u00e1rio 51 anos sociedade filarm\u00f3nica santo est\u00eav\u00e3o (27)\" data-e-action-hash=\"#elementor-action%3Aaction%3Dlightbox%26settings%3DeyJpZCI6NzkwNTksInVybCI6Imh0dHBzOlwvXC93d3cuY20tYmVuYXZlbnRlLnB0XC93cC1jb250ZW50XC91cGxvYWRzXC8yMDI1XC8xMFwvYW5pdmVyc2FyaW8tNTEtYW5vcy1zb2NpZWRhZGUtZmlsYXJtb25pY2Etc2FudG8tZXN0ZXZhby0yNy1zY2FsZWQuanBnIiwic2xpZGVzaG93IjoiM2RiZDZjNiJ9\">\n\t\t\t\t\t<div class=\"e-gallery-image elementor-gallery-item__image\" data-thumbnail=\"https:\/\/www.cm-benavente.pt\/wp-content\/uploads\/2025\/10\/aniversario-51-anos-sociedade-filarmonica-santo-estevao-27-1024x554.jpg\" data-width=\"800\" data-height=\"433\" aria-label=\"\" role=\"img\" ><\/div>\n\t\t\t\t\t\t\t\t\t\t\t<div class=\"elementor-gallery-item__overlay\"><\/div>\n\t\t\t\t\t\t\t\t\t\t\t\t\t\t<\/a>\n\t\t\t\t\t\t\t<a class=\"e-gallery-item elementor-gallery-item elementor-animated-content\" href=\"https:\/\/www.cm-benavente.pt\/wp-content\/uploads\/2025\/10\/aniversario-51-anos-sociedade-filarmonica-santo-estevao-28-scaled.jpg\" data-elementor-open-lightbox=\"yes\" data-elementor-lightbox-slideshow=\"3dbd6c6\" data-elementor-lightbox-title=\"anivers\u00e1rio 51 anos sociedade filarm\u00f3nica santo est\u00eav\u00e3o (28)\" data-e-action-hash=\"#elementor-action%3Aaction%3Dlightbox%26settings%3DeyJpZCI6NzkwNjAsInVybCI6Imh0dHBzOlwvXC93d3cuY20tYmVuYXZlbnRlLnB0XC93cC1jb250ZW50XC91cGxvYWRzXC8yMDI1XC8xMFwvYW5pdmVyc2FyaW8tNTEtYW5vcy1zb2NpZWRhZGUtZmlsYXJtb25pY2Etc2FudG8tZXN0ZXZhby0yOC1zY2FsZWQuanBnIiwic2xpZGVzaG93IjoiM2RiZDZjNiJ9\">\n\t\t\t\t\t<div class=\"e-gallery-image elementor-gallery-item__image\" data-thumbnail=\"https:\/\/www.cm-benavente.pt\/wp-content\/uploads\/2025\/10\/aniversario-51-anos-sociedade-filarmonica-santo-estevao-28-1024x566.jpg\" data-width=\"800\" data-height=\"442\" aria-label=\"\" role=\"img\" ><\/div>\n\t\t\t\t\t\t\t\t\t\t\t<div class=\"elementor-gallery-item__overlay\"><\/div>\n\t\t\t\t\t\t\t\t\t\t\t\t\t\t<\/a>\n\t\t\t\t\t\t\t<a class=\"e-gallery-item elementor-gallery-item elementor-animated-content\" href=\"https:\/\/www.cm-benavente.pt\/wp-content\/uploads\/2025\/10\/aniversario-51-anos-sociedade-filarmonica-santo-estevao-29-scaled.jpg\" data-elementor-open-lightbox=\"yes\" data-elementor-lightbox-slideshow=\"3dbd6c6\" data-elementor-lightbox-title=\"anivers\u00e1rio 51 anos sociedade filarm\u00f3nica santo est\u00eav\u00e3o (29)\" data-e-action-hash=\"#elementor-action%3Aaction%3Dlightbox%26settings%3DeyJpZCI6NzkwNjEsInVybCI6Imh0dHBzOlwvXC93d3cuY20tYmVuYXZlbnRlLnB0XC93cC1jb250ZW50XC91cGxvYWRzXC8yMDI1XC8xMFwvYW5pdmVyc2FyaW8tNTEtYW5vcy1zb2NpZWRhZGUtZmlsYXJtb25pY2Etc2FudG8tZXN0ZXZhby0yOS1zY2FsZWQuanBnIiwic2xpZGVzaG93IjoiM2RiZDZjNiJ9\">\n\t\t\t\t\t<div class=\"e-gallery-image elementor-gallery-item__image\" data-thumbnail=\"https:\/\/www.cm-benavente.pt\/wp-content\/uploads\/2025\/10\/aniversario-51-anos-sociedade-filarmonica-santo-estevao-29-1024x587.jpg\" data-width=\"800\" data-height=\"459\" aria-label=\"\" role=\"img\" ><\/div>\n\t\t\t\t\t\t\t\t\t\t\t<div class=\"elementor-gallery-item__overlay\"><\/div>\n\t\t\t\t\t\t\t\t\t\t\t\t\t\t<\/a>\n\t\t\t\t\t\t\t<a class=\"e-gallery-item elementor-gallery-item elementor-animated-content\" href=\"https:\/\/www.cm-benavente.pt\/wp-content\/uploads\/2025\/10\/aniversario-51-anos-sociedade-filarmonica-santo-estevao-30-scaled.jpg\" data-elementor-open-lightbox=\"yes\" data-elementor-lightbox-slideshow=\"3dbd6c6\" data-elementor-lightbox-title=\"anivers\u00e1rio 51 anos sociedade filarm\u00f3nica santo est\u00eav\u00e3o (30)\" data-e-action-hash=\"#elementor-action%3Aaction%3Dlightbox%26settings%3DeyJpZCI6NzkwNjIsInVybCI6Imh0dHBzOlwvXC93d3cuY20tYmVuYXZlbnRlLnB0XC93cC1jb250ZW50XC91cGxvYWRzXC8yMDI1XC8xMFwvYW5pdmVyc2FyaW8tNTEtYW5vcy1zb2NpZWRhZGUtZmlsYXJtb25pY2Etc2FudG8tZXN0ZXZhby0zMC1zY2FsZWQuanBnIiwic2xpZGVzaG93IjoiM2RiZDZjNiJ9\">\n\t\t\t\t\t<div class=\"e-gallery-image elementor-gallery-item__image\" data-thumbnail=\"https:\/\/www.cm-benavente.pt\/wp-content\/uploads\/2025\/10\/aniversario-51-anos-sociedade-filarmonica-santo-estevao-30-1024x683.jpg\" data-width=\"800\" data-height=\"534\" aria-label=\"\" role=\"img\" ><\/div>\n\t\t\t\t\t\t\t\t\t\t\t<div class=\"elementor-gallery-item__overlay\"><\/div>\n\t\t\t\t\t\t\t\t\t\t\t\t\t\t<\/a>\n\t\t\t\t\t\t\t<a class=\"e-gallery-item elementor-gallery-item elementor-animated-content\" href=\"https:\/\/www.cm-benavente.pt\/wp-content\/uploads\/2025\/10\/aniversario-51-anos-sociedade-filarmonica-santo-estevao-31-scaled.jpg\" data-elementor-open-lightbox=\"yes\" data-elementor-lightbox-slideshow=\"3dbd6c6\" data-elementor-lightbox-title=\"anivers\u00e1rio 51 anos sociedade filarm\u00f3nica santo est\u00eav\u00e3o (31)\" data-e-action-hash=\"#elementor-action%3Aaction%3Dlightbox%26settings%3DeyJpZCI6NzkwNjMsInVybCI6Imh0dHBzOlwvXC93d3cuY20tYmVuYXZlbnRlLnB0XC93cC1jb250ZW50XC91cGxvYWRzXC8yMDI1XC8xMFwvYW5pdmVyc2FyaW8tNTEtYW5vcy1zb2NpZWRhZGUtZmlsYXJtb25pY2Etc2FudG8tZXN0ZXZhby0zMS1zY2FsZWQuanBnIiwic2xpZGVzaG93IjoiM2RiZDZjNiJ9\">\n\t\t\t\t\t<div class=\"e-gallery-image elementor-gallery-item__image\" data-thumbnail=\"https:\/\/www.cm-benavente.pt\/wp-content\/uploads\/2025\/10\/aniversario-51-anos-sociedade-filarmonica-santo-estevao-31-1024x610.jpg\" data-width=\"800\" data-height=\"477\" aria-label=\"\" role=\"img\" ><\/div>\n\t\t\t\t\t\t\t\t\t\t\t<div class=\"elementor-gallery-item__overlay\"><\/div>\n\t\t\t\t\t\t\t\t\t\t\t\t\t\t<\/a>\n\t\t\t\t\t\t\t<a class=\"e-gallery-item elementor-gallery-item elementor-animated-content\" href=\"https:\/\/www.cm-benavente.pt\/wp-content\/uploads\/2025\/10\/aniversario-51-anos-sociedade-filarmonica-santo-estevao-32-scaled.jpg\" data-elementor-open-lightbox=\"yes\" data-elementor-lightbox-slideshow=\"3dbd6c6\" data-elementor-lightbox-title=\"anivers\u00e1rio 51 anos sociedade filarm\u00f3nica santo est\u00eav\u00e3o (32)\" data-e-action-hash=\"#elementor-action%3Aaction%3Dlightbox%26settings%3DeyJpZCI6NzkwNjQsInVybCI6Imh0dHBzOlwvXC93d3cuY20tYmVuYXZlbnRlLnB0XC93cC1jb250ZW50XC91cGxvYWRzXC8yMDI1XC8xMFwvYW5pdmVyc2FyaW8tNTEtYW5vcy1zb2NpZWRhZGUtZmlsYXJtb25pY2Etc2FudG8tZXN0ZXZhby0zMi1zY2FsZWQuanBnIiwic2xpZGVzaG93IjoiM2RiZDZjNiJ9\">\n\t\t\t\t\t<div class=\"e-gallery-image elementor-gallery-item__image\" data-thumbnail=\"https:\/\/www.cm-benavente.pt\/wp-content\/uploads\/2025\/10\/aniversario-51-anos-sociedade-filarmonica-santo-estevao-32-1024x603.jpg\" data-width=\"800\" data-height=\"471\" aria-label=\"\" role=\"img\" ><\/div>\n\t\t\t\t\t\t\t\t\t\t\t<div class=\"elementor-gallery-item__overlay\"><\/div>\n\t\t\t\t\t\t\t\t\t\t\t\t\t\t<\/a>\n\t\t\t\t\t\t\t<a class=\"e-gallery-item elementor-gallery-item elementor-animated-content\" href=\"https:\/\/www.cm-benavente.pt\/wp-content\/uploads\/2025\/10\/aniversario-51-anos-sociedade-filarmonica-santo-estevao-33-scaled.jpg\" data-elementor-open-lightbox=\"yes\" data-elementor-lightbox-slideshow=\"3dbd6c6\" data-elementor-lightbox-title=\"anivers\u00e1rio 51 anos sociedade filarm\u00f3nica santo est\u00eav\u00e3o (33)\" data-e-action-hash=\"#elementor-action%3Aaction%3Dlightbox%26settings%3DeyJpZCI6NzkwNjUsInVybCI6Imh0dHBzOlwvXC93d3cuY20tYmVuYXZlbnRlLnB0XC93cC1jb250ZW50XC91cGxvYWRzXC8yMDI1XC8xMFwvYW5pdmVyc2FyaW8tNTEtYW5vcy1zb2NpZWRhZGUtZmlsYXJtb25pY2Etc2FudG8tZXN0ZXZhby0zMy1zY2FsZWQuanBnIiwic2xpZGVzaG93IjoiM2RiZDZjNiJ9\">\n\t\t\t\t\t<div class=\"e-gallery-image elementor-gallery-item__image\" data-thumbnail=\"https:\/\/www.cm-benavente.pt\/wp-content\/uploads\/2025\/10\/aniversario-51-anos-sociedade-filarmonica-santo-estevao-33-1024x532.jpg\" data-width=\"800\" data-height=\"416\" aria-label=\"\" role=\"img\" ><\/div>\n\t\t\t\t\t\t\t\t\t\t\t<div class=\"elementor-gallery-item__overlay\"><\/div>\n\t\t\t\t\t\t\t\t\t\t\t\t\t\t<\/a>\n\t\t\t\t\t\t\t<a class=\"e-gallery-item elementor-gallery-item elementor-animated-content\" href=\"https:\/\/www.cm-benavente.pt\/wp-content\/uploads\/2025\/10\/aniversario-51-anos-sociedade-filarmonica-santo-estevao-34-scaled.jpg\" data-elementor-open-lightbox=\"yes\" data-elementor-lightbox-slideshow=\"3dbd6c6\" data-elementor-lightbox-title=\"anivers\u00e1rio 51 anos sociedade filarm\u00f3nica santo est\u00eav\u00e3o (34)\" data-e-action-hash=\"#elementor-action%3Aaction%3Dlightbox%26settings%3DeyJpZCI6NzkwNjYsInVybCI6Imh0dHBzOlwvXC93d3cuY20tYmVuYXZlbnRlLnB0XC93cC1jb250ZW50XC91cGxvYWRzXC8yMDI1XC8xMFwvYW5pdmVyc2FyaW8tNTEtYW5vcy1zb2NpZWRhZGUtZmlsYXJtb25pY2Etc2FudG8tZXN0ZXZhby0zNC1zY2FsZWQuanBnIiwic2xpZGVzaG93IjoiM2RiZDZjNiJ9\">\n\t\t\t\t\t<div class=\"e-gallery-image elementor-gallery-item__image\" data-thumbnail=\"https:\/\/www.cm-benavente.pt\/wp-content\/uploads\/2025\/10\/aniversario-51-anos-sociedade-filarmonica-santo-estevao-34-1024x507.jpg\" data-width=\"800\" data-height=\"396\" aria-label=\"\" role=\"img\" ><\/div>\n\t\t\t\t\t\t\t\t\t\t\t<div class=\"elementor-gallery-item__overlay\"><\/div>\n\t\t\t\t\t\t\t\t\t\t\t\t\t\t<\/a>\n\t\t\t\t\t\t\t<a class=\"e-gallery-item elementor-gallery-item elementor-animated-content\" href=\"https:\/\/www.cm-benavente.pt\/wp-content\/uploads\/2025\/10\/aniversario-51-anos-sociedade-filarmonica-santo-estevao-35-scaled.jpg\" data-elementor-open-lightbox=\"yes\" data-elementor-lightbox-slideshow=\"3dbd6c6\" data-elementor-lightbox-title=\"anivers\u00e1rio 51 anos sociedade filarm\u00f3nica santo est\u00eav\u00e3o (35)\" data-e-action-hash=\"#elementor-action%3Aaction%3Dlightbox%26settings%3DeyJpZCI6NzkwNjcsInVybCI6Imh0dHBzOlwvXC93d3cuY20tYmVuYXZlbnRlLnB0XC93cC1jb250ZW50XC91cGxvYWRzXC8yMDI1XC8xMFwvYW5pdmVyc2FyaW8tNTEtYW5vcy1zb2NpZWRhZGUtZmlsYXJtb25pY2Etc2FudG8tZXN0ZXZhby0zNS1zY2FsZWQuanBnIiwic2xpZGVzaG93IjoiM2RiZDZjNiJ9\">\n\t\t\t\t\t<div class=\"e-gallery-image elementor-gallery-item__image\" data-thumbnail=\"https:\/\/www.cm-benavente.pt\/wp-content\/uploads\/2025\/10\/aniversario-51-anos-sociedade-filarmonica-santo-estevao-35-1024x557.jpg\" data-width=\"800\" data-height=\"435\" aria-label=\"\" role=\"img\" ><\/div>\n\t\t\t\t\t\t\t\t\t\t\t<div class=\"elementor-gallery-item__overlay\"><\/div>\n\t\t\t\t\t\t\t\t\t\t\t\t\t\t<\/a>\n\t\t\t\t\t\t\t<a class=\"e-gallery-item elementor-gallery-item elementor-animated-content\" href=\"https:\/\/www.cm-benavente.pt\/wp-content\/uploads\/2025\/10\/aniversario-51-anos-sociedade-filarmonica-santo-estevao-36-scaled.jpg\" data-elementor-open-lightbox=\"yes\" data-elementor-lightbox-slideshow=\"3dbd6c6\" data-elementor-lightbox-title=\"anivers\u00e1rio 51 anos sociedade filarm\u00f3nica santo est\u00eav\u00e3o (36)\" data-e-action-hash=\"#elementor-action%3Aaction%3Dlightbox%26settings%3DeyJpZCI6NzkwNjgsInVybCI6Imh0dHBzOlwvXC93d3cuY20tYmVuYXZlbnRlLnB0XC93cC1jb250ZW50XC91cGxvYWRzXC8yMDI1XC8xMFwvYW5pdmVyc2FyaW8tNTEtYW5vcy1zb2NpZWRhZGUtZmlsYXJtb25pY2Etc2FudG8tZXN0ZXZhby0zNi1zY2FsZWQuanBnIiwic2xpZGVzaG93IjoiM2RiZDZjNiJ9\">\n\t\t\t\t\t<div class=\"e-gallery-image elementor-gallery-item__image\" data-thumbnail=\"https:\/\/www.cm-benavente.pt\/wp-content\/uploads\/2025\/10\/aniversario-51-anos-sociedade-filarmonica-santo-estevao-36-1024x581.jpg\" data-width=\"800\" data-height=\"454\" aria-label=\"\" role=\"img\" ><\/div>\n\t\t\t\t\t\t\t\t\t\t\t<div class=\"elementor-gallery-item__overlay\"><\/div>\n\t\t\t\t\t\t\t\t\t\t\t\t\t\t<\/a>\n\t\t\t\t\t<\/div>\n\t\t\t\t\t<\/div>\n\t\t\t\t<\/div>\n\t\t\t\t\t<\/div>\n\t\t\t\t<\/div>\n\t\t\t\t<\/div>\n\t\t","protected":false},"excerpt":{"rendered":"<p>Parab\u00e9ns \u00e0 Sociedade Filarm\u00f3nica de Santo Est\u00eav\u00e3o que celebrou este fim de semana mais um anivers\u00e1rio.<\/p>\n","protected":false},"author":3,"featured_media":79032,"comment_status":"closed","ping_status":"closed","sticky":false,"template":"","format":"standard","meta":{"_vp_format_video_url":"","_vp_image_focal_point":[],"footnotes":""},"categories":[511],"tags":[101,5,479,4,1350,220],"class_list":["post-79030","post","type-post","status-publish","format-standard","has-post-thumbnail","hentry","category-cultura-noticias","tag-aniversario","tag-cultura","tag-municipio-de-benavente","tag-musica","tag-santo-estevao-2","tag-sociedade-filarmonica"],"_links":{"self":[{"href":"https:\/\/www.cm-benavente.pt\/index.php\/wp-json\/wp\/v2\/posts\/79030","targetHints":{"allow":["GET"]}}],"collection":[{"href":"https:\/\/www.cm-benavente.pt\/index.php\/wp-json\/wp\/v2\/posts"}],"about":[{"href":"https:\/\/www.cm-benavente.pt\/index.php\/wp-json\/wp\/v2\/types\/post"}],"author":[{"embeddable":true,"href":"https:\/\/www.cm-benavente.pt\/index.php\/wp-json\/wp\/v2\/users\/3"}],"replies":[{"embeddable":true,"href":"https:\/\/www.cm-benavente.pt\/index.php\/wp-json\/wp\/v2\/comments?post=79030"}],"version-history":[{"count":4,"href":"https:\/\/www.cm-benavente.pt\/index.php\/wp-json\/wp\/v2\/posts\/79030\/revisions"}],"predecessor-version":[{"id":79071,"href":"https:\/\/www.cm-benavente.pt\/index.php\/wp-json\/wp\/v2\/posts\/79030\/revisions\/79071"}],"wp:featuredmedia":[{"embeddable":true,"href":"https:\/\/www.cm-benavente.pt\/index.php\/wp-json\/wp\/v2\/media\/79032"}],"wp:attachment":[{"href":"https:\/\/www.cm-benavente.pt\/index.php\/wp-json\/wp\/v2\/media?parent=79030"}],"wp:term":[{"taxonomy":"category","embeddable":true,"href":"https:\/\/www.cm-benavente.pt\/index.php\/wp-json\/wp\/v2\/categories?post=79030"},{"taxonomy":"post_tag","embeddable":true,"href":"https:\/\/www.cm-benavente.pt\/index.php\/wp-json\/wp\/v2\/tags?post=79030"}],"curies":[{"name":"wp","href":"https:\/\/api.w.org\/{rel}","templated":true}]}}