{"id":78096,"date":"2025-10-02T10:23:22","date_gmt":"2025-10-02T10:23:22","guid":{"rendered":"https:\/\/www.cm-benavente.pt\/?p=78096"},"modified":"2025-10-02T10:25:22","modified_gmt":"2025-10-02T10:25:22","slug":"inicio-das-obras-de-pavimentacao-na-en-118-no-dia-3-10-2025","status":"publish","type":"post","link":"https:\/\/www.cm-benavente.pt\/index.php\/2025\/10\/02\/inicio-das-obras-de-pavimentacao-na-en-118-no-dia-3-10-2025\/","title":{"rendered":"In\u00edcio das obras de pavimenta\u00e7\u00e3o na EN.118 no dia 3\/10\/2025"},"content":{"rendered":"\t\t<div data-elementor-type=\"wp-post\" data-elementor-id=\"78096\" class=\"elementor elementor-78096\" data-elementor-post-type=\"post\">\n\t\t\t\t<div class=\"elementor-element elementor-element-301d4f3 e-flex e-con-boxed e-con e-parent\" data-id=\"301d4f3\" data-element_type=\"container\" data-e-type=\"container\" data-settings=\"{&quot;tmea_shape_divider_top&quot;:&quot;none&quot;,&quot;tmea_shape_divider_bottom&quot;:&quot;none&quot;}\">\n\t\t\t\t\t<div class=\"e-con-inner\">\n\t\t\n\t\t<div class=\"elementor-element elementor-element-389863c elementor-widget elementor-widget-text-editor\" data-id=\"389863c\" data-element_type=\"widget\" data-e-type=\"widget\" data-widget_type=\"text-editor.default\">\n\t\t\t\t<div class=\"elementor-widget-container\">\n\t\t\t\t\t\t\t\t\t<p>A <strong>\u201cInfraestruturas de Portugal\u201d<\/strong> informou a C\u00e2mara Municipal que vai dar in\u00edcio a <strong>obras de pavimenta\u00e7\u00e3o<\/strong> na <strong>EN 118, desde o Km 22 ao Km 45 (da Vendap at\u00e9 \u00e0 Sugal)<\/strong>.<br \/>As obras ter\u00e3o <strong>in\u00edcio no dia 3\/10 e prolongam-se at\u00e9 17\/10<\/strong>, e decorrem no per\u00edodo <strong>das 08H00 \u00e0s 18H00<\/strong>.<br \/>A empreitada diz respeito a obras de pavimenta\u00e7\u00e3o pontuais, com maior incid\u00eancia no tro\u00e7o urbano de Benavente.<br \/>O tr\u00e2nsito ser\u00e1 condicionado com recurso a circula\u00e7\u00e3o alternada, regulada com sistema semaf\u00f3rico.<br \/>Com o Inverno a aproximar-se, esta interven\u00e7\u00e3o, da responsabilidade da IP, adquire car\u00e1cter de urg\u00eancia.<\/p>\t\t\t\t\t\t\t\t<\/div>\n\t\t\t\t<\/div>\n\t\t\t\t\t<\/div>\n\t\t\t\t<\/div>\n\t\t\t\t<\/div>\n\t\t","protected":false},"excerpt":{"rendered":"<p>A \u201cInfraestruturas de Portugal\u201d informou a C\u00e2mara Municipal que vai dar in\u00edcio a obras de pavimenta\u00e7\u00e3o na EN 118, desde o Km 22 ao Km 45 (da Vendap at\u00e9 \u00e0 Sugal).<\/p>\n","protected":false},"author":3,"featured_media":78097,"comment_status":"closed","ping_status":"closed","sticky":false,"template":"","format":"standard","meta":{"_vp_format_video_url":"","_vp_image_focal_point":[],"footnotes":""},"categories":[545,533,480],"tags":[16,3071,3070,479,15,990,27,481],"class_list":["post-78096","post","type-post","status-publish","format-standard","has-post-thumbnail","hentry","category-informacao","category-obras","category-transito","tag-benavente","tag-en118","tag-infraestruturas-de-portugal","tag-municipio-de-benavente","tag-obras","tag-pavimentacao","tag-samora-correia","tag-transito"],"_links":{"self":[{"href":"https:\/\/www.cm-benavente.pt\/index.php\/wp-json\/wp\/v2\/posts\/78096","targetHints":{"allow":["GET"]}}],"collection":[{"href":"https:\/\/www.cm-benavente.pt\/index.php\/wp-json\/wp\/v2\/posts"}],"about":[{"href":"https:\/\/www.cm-benavente.pt\/index.php\/wp-json\/wp\/v2\/types\/post"}],"author":[{"embeddable":true,"href":"https:\/\/www.cm-benavente.pt\/index.php\/wp-json\/wp\/v2\/users\/3"}],"replies":[{"embeddable":true,"href":"https:\/\/www.cm-benavente.pt\/index.php\/wp-json\/wp\/v2\/comments?post=78096"}],"version-history":[{"count":4,"href":"https:\/\/www.cm-benavente.pt\/index.php\/wp-json\/wp\/v2\/posts\/78096\/revisions"}],"predecessor-version":[{"id":78101,"href":"https:\/\/www.cm-benavente.pt\/index.php\/wp-json\/wp\/v2\/posts\/78096\/revisions\/78101"}],"wp:featuredmedia":[{"embeddable":true,"href":"https:\/\/www.cm-benavente.pt\/index.php\/wp-json\/wp\/v2\/media\/78097"}],"wp:attachment":[{"href":"https:\/\/www.cm-benavente.pt\/index.php\/wp-json\/wp\/v2\/media?parent=78096"}],"wp:term":[{"taxonomy":"category","embeddable":true,"href":"https:\/\/www.cm-benavente.pt\/index.php\/wp-json\/wp\/v2\/categories?post=78096"},{"taxonomy":"post_tag","embeddable":true,"href":"https:\/\/www.cm-benavente.pt\/index.php\/wp-json\/wp\/v2\/tags?post=78096"}],"curies":[{"name":"wp","href":"https:\/\/api.w.org\/{rel}","templated":true}]}}