{"id":78070,"date":"2025-10-01T14:04:22","date_gmt":"2025-10-01T14:04:22","guid":{"rendered":"https:\/\/www.cm-benavente.pt\/?p=78070"},"modified":"2025-10-01T14:11:56","modified_gmt":"2025-10-01T14:11:56","slug":"aguas-do-ribatejo-rotura-de-conduta-benavente","status":"publish","type":"post","link":"https:\/\/www.cm-benavente.pt\/index.php\/2025\/10\/01\/aguas-do-ribatejo-rotura-de-conduta-benavente\/","title":{"rendered":"\u00c1guas do Ribatejo &#8211; Rotura de Conduta\/Benavente"},"content":{"rendered":"\t\t<div data-elementor-type=\"wp-post\" data-elementor-id=\"78070\" class=\"elementor elementor-78070\" data-elementor-post-type=\"post\">\n\t\t\t\t<div class=\"elementor-element elementor-element-ecc65d4 e-flex e-con-boxed e-con e-parent\" data-id=\"ecc65d4\" data-element_type=\"container\" data-e-type=\"container\" data-settings=\"{&quot;tmea_shape_divider_top&quot;:&quot;none&quot;,&quot;tmea_shape_divider_bottom&quot;:&quot;none&quot;}\">\n\t\t\t\t\t<div class=\"e-con-inner\">\n\t\t\n\t\t<div class=\"elementor-element elementor-element-581823f elementor-widget elementor-widget-text-editor\" data-id=\"581823f\" data-element_type=\"widget\" data-e-type=\"widget\" data-widget_type=\"text-editor.default\">\n\t\t\t\t<div class=\"elementor-widget-container\">\n\t\t\t\t\t\t\t\t\t<p><strong>A \u00c1guas do Ribatejo informa:<\/strong><\/p><p>&#8220;Ocorreu uma <strong>rotura na conduta geral de abastecimento a Benavente<\/strong> \u2013 zona de abastecimento do reservat\u00f3rio dos Lavadouros.<\/p><p>Registamos falhas no abastecimento em toda a vila de Benavente exceto nas zonas da vila das Areias e em parte do Centro Hist\u00f3rico de Benavente, abastecidos por outro sistema.<\/p><p>A AR mobilizou as suas equipas para a repara\u00e7\u00e3o da rotura com a maior brevidade.<\/p><p>Segundo a empresa intermunicipal \u00c1guas do Ribatejo a previs\u00e3o quanto ao restabelecimento do abastecimento ser\u00e1 efetuado por volta das 16:10h.<\/p><p>A AR lamenta o inc\u00f3modo e apela \u00e0 compreens\u00e3o dos clientes e consumidores.<\/p><p>Apelamos a que consuma o estritamente necess\u00e1rio ap\u00f3s o restabelecimento para permitir a reposi\u00e7\u00e3o c\u00e9lere do reservat\u00f3rio.&#8221;<\/p>\t\t\t\t\t\t\t\t<\/div>\n\t\t\t\t<\/div>\n\t\t\t\t\t<\/div>\n\t\t\t\t<\/div>\n\t\t\t\t<\/div>\n\t\t","protected":false},"excerpt":{"rendered":"<p>&#8220;Ocorreu uma rotura na conduta geral de abastecimento a Benavente \u2013 zona de abastecimento do reservat\u00f3rio dos Lavadouros.<\/p>\n","protected":false},"author":3,"featured_media":78071,"comment_status":"closed","ping_status":"closed","sticky":false,"template":"","format":"standard","meta":{"_vp_format_video_url":"","_vp_image_focal_point":[],"footnotes":""},"categories":[545],"tags":[19,321,16,3069,3068],"class_list":["post-78070","post","type-post","status-publish","format-standard","has-post-thumbnail","hentry","category-informacao","tag-agua","tag-aguas-do-ribatejo","tag-benavente","tag-conduta","tag-rotura"],"_links":{"self":[{"href":"https:\/\/www.cm-benavente.pt\/index.php\/wp-json\/wp\/v2\/posts\/78070","targetHints":{"allow":["GET"]}}],"collection":[{"href":"https:\/\/www.cm-benavente.pt\/index.php\/wp-json\/wp\/v2\/posts"}],"about":[{"href":"https:\/\/www.cm-benavente.pt\/index.php\/wp-json\/wp\/v2\/types\/post"}],"author":[{"embeddable":true,"href":"https:\/\/www.cm-benavente.pt\/index.php\/wp-json\/wp\/v2\/users\/3"}],"replies":[{"embeddable":true,"href":"https:\/\/www.cm-benavente.pt\/index.php\/wp-json\/wp\/v2\/comments?post=78070"}],"version-history":[{"count":7,"href":"https:\/\/www.cm-benavente.pt\/index.php\/wp-json\/wp\/v2\/posts\/78070\/revisions"}],"predecessor-version":[{"id":78078,"href":"https:\/\/www.cm-benavente.pt\/index.php\/wp-json\/wp\/v2\/posts\/78070\/revisions\/78078"}],"wp:featuredmedia":[{"embeddable":true,"href":"https:\/\/www.cm-benavente.pt\/index.php\/wp-json\/wp\/v2\/media\/78071"}],"wp:attachment":[{"href":"https:\/\/www.cm-benavente.pt\/index.php\/wp-json\/wp\/v2\/media?parent=78070"}],"wp:term":[{"taxonomy":"category","embeddable":true,"href":"https:\/\/www.cm-benavente.pt\/index.php\/wp-json\/wp\/v2\/categories?post=78070"},{"taxonomy":"post_tag","embeddable":true,"href":"https:\/\/www.cm-benavente.pt\/index.php\/wp-json\/wp\/v2\/tags?post=78070"}],"curies":[{"name":"wp","href":"https:\/\/api.w.org\/{rel}","templated":true}]}}