{"id":780,"date":"2021-05-14T09:35:47","date_gmt":"2021-05-14T09:35:47","guid":{"rendered":"https:\/\/www.cm-benavente.pt\/?p=780"},"modified":"2021-05-14T09:38:30","modified_gmt":"2021-05-14T09:38:30","slug":"edital-para-consulta-hasta-publica-de-lotes-de-terreno","status":"publish","type":"post","link":"https:\/\/www.cm-benavente.pt\/index.php\/2021\/05\/14\/edital-para-consulta-hasta-publica-de-lotes-de-terreno\/","title":{"rendered":"Edital para consulta &#8211; Hasta p\u00fablica de lotes de terreno"},"content":{"rendered":"\t\t<div data-elementor-type=\"wp-post\" data-elementor-id=\"780\" class=\"elementor elementor-780\" data-elementor-post-type=\"post\">\n\t\t\t\t\t\t<section class=\"elementor-section elementor-top-section elementor-element elementor-element-6ff58c5 elementor-section-boxed elementor-section-height-default elementor-section-height-default\" data-id=\"6ff58c5\" data-element_type=\"section\" data-e-type=\"section\" data-settings=\"{&quot;tmea_shape_divider_top&quot;:&quot;none&quot;,&quot;tmea_shape_divider_bottom&quot;:&quot;none&quot;}\">\n\t\t\t\t\t\t<div class=\"elementor-container elementor-column-gap-default\">\n\t\t\t\t\t<div class=\"elementor-column elementor-col-100 elementor-top-column elementor-element elementor-element-e0056cd\" data-id=\"e0056cd\" data-element_type=\"column\" data-e-type=\"column\">\n\t\t\t<div class=\"elementor-widget-wrap elementor-element-populated\">\n\t\t\t\t\n\t\t<div class=\"elementor-element elementor-element-0f8aff0 elementor-widget elementor-widget-text-editor\" data-id=\"0f8aff0\" data-element_type=\"widget\" data-e-type=\"widget\" data-widget_type=\"text-editor.default\">\n\t\t\t\t<div class=\"elementor-widget-container\">\n\t\t\t\t\t\t\t\t\t<p>A\u00a0<strong>C\u00e2mara Municipal de Benavente<\/strong>\u00a0informa que pelas\u00a0<strong>14,30 horas<\/strong>\u00a0do pr\u00f3ximo dia\u00a0<strong>19\u00a0<\/strong><strong>de abril,<\/strong>\u00a0na\u00a0<strong>Sala das Reuni\u00f5es<\/strong>\u00a0do\u00a0<strong>Edif\u00edcio dos Pa\u00e7os do Munic\u00edpio<\/strong>, ter\u00e1 lugar uma hasta p\u00fablica para atribui\u00e7\u00e3o de lotes, em regime de propriedade plena, sitos na Urbaniza\u00e7\u00e3o do Vale do Bispo, na Barrosa e na Urbaniza\u00e7\u00e3o Sapal entre \u00c1guas, no Porto Alto, em Samora Correia.<\/p><p>Consulte o edital com toda a informa\u00e7\u00e3o:<\/p><p><a class=\"doclink\" href=\"https:\/\/www.cm-benavente.pt\/downloads\/editais-1\/2021-1\/7347-edital-n-012-2021-venda-de-lotes-de-terreno-sitos-nas-urbanizacoes-do-vale-do-bispo-na-barrosa-e-urbanizacao-do-sapal-entre-aguas-em-porto-alto-samora-correia\">Edital N.\u00ba 012\/2021 &#8211; Venda de lotes de terreno sitos nas Urbaniza\u00e7\u00f5es do Vale do Bispo, na Barrosa, e Urbaniza\u00e7\u00e3o do Sapal Entre \u00c1guas, em Porto Alto, Samora Correia<\/a><\/p>\t\t\t\t\t\t\t\t<\/div>\n\t\t\t\t<\/div>\n\t\t\t\t\t<\/div>\n\t\t<\/div>\n\t\t\t\t\t<\/div>\n\t\t<\/section>\n\t\t\t\t<section class=\"elementor-section elementor-top-section elementor-element elementor-element-325315b elementor-section-boxed elementor-section-height-default elementor-section-height-default\" data-id=\"325315b\" data-element_type=\"section\" data-e-type=\"section\" data-settings=\"{&quot;tmea_shape_divider_top&quot;:&quot;none&quot;,&quot;tmea_shape_divider_bottom&quot;:&quot;none&quot;}\">\n\t\t\t\t\t\t<div class=\"elementor-container elementor-column-gap-default\">\n\t\t\t\t\t<div class=\"elementor-column elementor-col-100 elementor-top-column elementor-element elementor-element-db1c69c\" data-id=\"db1c69c\" data-element_type=\"column\" data-e-type=\"column\">\n\t\t\t<div class=\"elementor-widget-wrap elementor-element-populated\">\n\t\t\t\t\t\t<div class=\"elementor-element elementor-element-f264503 elementor-widget elementor-widget-image\" data-id=\"f264503\" data-element_type=\"widget\" data-e-type=\"widget\" data-widget_type=\"image.default\">\n\t\t\t\t<div class=\"elementor-widget-container\">\n\t\t\t\t\t\t\t\t\t\t\t\t\t\t\t<img fetchpriority=\"high\" decoding=\"async\" width=\"720\" height=\"1024\" src=\"https:\/\/www.cm-benavente.pt\/wp-content\/uploads\/2021\/05\/aviso_parte1-720x1024.jpg\" class=\"attachment-large size-large wp-image-782\" alt=\"\" srcset=\"https:\/\/www.cm-benavente.pt\/wp-content\/uploads\/2021\/05\/aviso_parte1-720x1024.jpg 720w, https:\/\/www.cm-benavente.pt\/wp-content\/uploads\/2021\/05\/aviso_parte1-211x300.jpg 211w, https:\/\/www.cm-benavente.pt\/wp-content\/uploads\/2021\/05\/aviso_parte1-768x1093.jpg 768w, https:\/\/www.cm-benavente.pt\/wp-content\/uploads\/2021\/05\/aviso_parte1-1079x1536.jpg 1079w, https:\/\/www.cm-benavente.pt\/wp-content\/uploads\/2021\/05\/aviso_parte1-1439x2048.jpg 1439w, https:\/\/www.cm-benavente.pt\/wp-content\/uploads\/2021\/05\/aviso_parte1.jpg 1562w\" sizes=\"(max-width: 720px) 100vw, 720px\" \/>\t\t\t\t\t\t\t\t\t\t\t\t\t\t\t<\/div>\n\t\t\t\t<\/div>\n\t\t\t\t\t<\/div>\n\t\t<\/div>\n\t\t\t\t\t<\/div>\n\t\t<\/section>\n\t\t\t\t<section class=\"elementor-section elementor-top-section elementor-element elementor-element-16930c9 elementor-section-boxed elementor-section-height-default elementor-section-height-default\" data-id=\"16930c9\" data-element_type=\"section\" data-e-type=\"section\" data-settings=\"{&quot;tmea_shape_divider_top&quot;:&quot;none&quot;,&quot;tmea_shape_divider_bottom&quot;:&quot;none&quot;}\">\n\t\t\t\t\t\t<div class=\"elementor-container elementor-column-gap-default\">\n\t\t\t\t\t<div class=\"elementor-column elementor-col-100 elementor-top-column elementor-element elementor-element-d79bee0\" data-id=\"d79bee0\" data-element_type=\"column\" data-e-type=\"column\">\n\t\t\t<div class=\"elementor-widget-wrap elementor-element-populated\">\n\t\t\t\t\t\t<div class=\"elementor-element elementor-element-aa8598d elementor-widget elementor-widget-image\" data-id=\"aa8598d\" data-element_type=\"widget\" data-e-type=\"widget\" data-widget_type=\"image.default\">\n\t\t\t\t<div class=\"elementor-widget-container\">\n\t\t\t\t\t\t\t\t\t\t\t\t\t\t\t<img decoding=\"async\" width=\"725\" height=\"1024\" src=\"https:\/\/www.cm-benavente.pt\/wp-content\/uploads\/2021\/05\/aviso_parte2-725x1024.jpg\" class=\"attachment-large size-large wp-image-783\" alt=\"\" srcset=\"https:\/\/www.cm-benavente.pt\/wp-content\/uploads\/2021\/05\/aviso_parte2-725x1024.jpg 725w, https:\/\/www.cm-benavente.pt\/wp-content\/uploads\/2021\/05\/aviso_parte2-212x300.jpg 212w, https:\/\/www.cm-benavente.pt\/wp-content\/uploads\/2021\/05\/aviso_parte2-768x1085.jpg 768w, https:\/\/www.cm-benavente.pt\/wp-content\/uploads\/2021\/05\/aviso_parte2-1087x1536.jpg 1087w, https:\/\/www.cm-benavente.pt\/wp-content\/uploads\/2021\/05\/aviso_parte2-1449x2048.jpg 1449w, https:\/\/www.cm-benavente.pt\/wp-content\/uploads\/2021\/05\/aviso_parte2.jpg 1566w\" sizes=\"(max-width: 725px) 100vw, 725px\" \/>\t\t\t\t\t\t\t\t\t\t\t\t\t\t\t<\/div>\n\t\t\t\t<\/div>\n\t\t\t\t\t<\/div>\n\t\t<\/div>\n\t\t\t\t\t<\/div>\n\t\t<\/section>\n\t\t\t\t<\/div>\n\t\t","protected":false},"excerpt":{"rendered":"<p>A&nbsp;C\u00e2mara Municipal de Benavente&nbsp;informa que pelas&nbsp;14,30 horas&nbsp;do pr\u00f3ximo dia&nbsp;19&nbsp;de abril,&nbsp;na&nbsp;Sala das Reuni\u00f5es&nbsp;do&nbsp;Edif\u00edcio dos Pa\u00e7os do Munic\u00edpio, ter\u00e1 lugar uma hasta p\u00fablica para atribui\u00e7\u00e3o de lotes, em regime de propriedade plena, sitos na Urbaniza\u00e7\u00e3o do Vale do Bispo, na Barrosa e na Urbaniza\u00e7\u00e3o Sapal entre \u00c1guas, no Porto Alto, em Samora Correia. Consulte o edital com [&hellip;]<\/p>\n","protected":false},"author":5,"featured_media":787,"comment_status":"open","ping_status":"open","sticky":false,"template":"","format":"standard","meta":{"_vp_format_video_url":"","_vp_image_focal_point":[],"footnotes":""},"categories":[3],"tags":[16,174,175,176],"class_list":["post-780","post","type-post","status-publish","format-standard","has-post-thumbnail","hentry","category-noticias","tag-benavente","tag-consulta","tag-lotes","tag-terrenos"],"_links":{"self":[{"href":"https:\/\/www.cm-benavente.pt\/index.php\/wp-json\/wp\/v2\/posts\/780","targetHints":{"allow":["GET"]}}],"collection":[{"href":"https:\/\/www.cm-benavente.pt\/index.php\/wp-json\/wp\/v2\/posts"}],"about":[{"href":"https:\/\/www.cm-benavente.pt\/index.php\/wp-json\/wp\/v2\/types\/post"}],"author":[{"embeddable":true,"href":"https:\/\/www.cm-benavente.pt\/index.php\/wp-json\/wp\/v2\/users\/5"}],"replies":[{"embeddable":true,"href":"https:\/\/www.cm-benavente.pt\/index.php\/wp-json\/wp\/v2\/comments?post=780"}],"version-history":[{"count":0,"href":"https:\/\/www.cm-benavente.pt\/index.php\/wp-json\/wp\/v2\/posts\/780\/revisions"}],"wp:featuredmedia":[{"embeddable":true,"href":"https:\/\/www.cm-benavente.pt\/index.php\/wp-json\/wp\/v2\/media\/787"}],"wp:attachment":[{"href":"https:\/\/www.cm-benavente.pt\/index.php\/wp-json\/wp\/v2\/media?parent=780"}],"wp:term":[{"taxonomy":"category","embeddable":true,"href":"https:\/\/www.cm-benavente.pt\/index.php\/wp-json\/wp\/v2\/categories?post=780"},{"taxonomy":"post_tag","embeddable":true,"href":"https:\/\/www.cm-benavente.pt\/index.php\/wp-json\/wp\/v2\/tags?post=780"}],"curies":[{"name":"wp","href":"https:\/\/api.w.org\/{rel}","templated":true}]}}