{"id":77885,"date":"2025-09-26T10:27:25","date_gmt":"2025-09-26T10:27:25","guid":{"rendered":"https:\/\/www.cm-benavente.pt\/?p=77885"},"modified":"2025-09-26T10:54:23","modified_gmt":"2025-09-26T10:54:23","slug":"alteracao-da-primeira-revisao-do-pdm-de-benavente-para-adequacao-ao-rjigt","status":"publish","type":"post","link":"https:\/\/www.cm-benavente.pt\/index.php\/2025\/09\/26\/alteracao-da-primeira-revisao-do-pdm-de-benavente-para-adequacao-ao-rjigt\/","title":{"rendered":"Altera\u00e7\u00e3o da Primeira Revis\u00e3o do PDM de Benavente para adequa\u00e7\u00e3o ao RJIGT"},"content":{"rendered":"\t\t<div data-elementor-type=\"wp-post\" data-elementor-id=\"77885\" class=\"elementor elementor-77885\" data-elementor-post-type=\"post\">\n\t\t\t\t<div class=\"elementor-element elementor-element-96f8bf1 e-flex e-con-boxed e-con e-parent\" data-id=\"96f8bf1\" data-element_type=\"container\" data-e-type=\"container\" data-settings=\"{&quot;tmea_shape_divider_top&quot;:&quot;none&quot;,&quot;tmea_shape_divider_bottom&quot;:&quot;none&quot;}\">\n\t\t\t\t\t<div class=\"e-con-inner\">\n\t\t\n\t\t<div class=\"elementor-element elementor-element-b577c4e elementor-widget elementor-widget-text-editor\" data-id=\"b577c4e\" data-element_type=\"widget\" data-e-type=\"widget\" data-widget_type=\"text-editor.default\">\n\t\t\t\t<div class=\"elementor-widget-container\">\n\t\t\t\t\t\t\t\t\t<p><strong>:: PUBLICA\u00c7\u00c3O EM DI\u00c1RIO DA REP\u00daBLICA AVISO N.\u00ba 23824\/2025\/2, 2.\u00aa S\u00c9RIE, N.\u00ba 186 de 26-09-2025<\/strong><\/p><p>Em cumprimento do disposto no n.\u00ba 1 do artigo 90.\u00ba, bem como da al\u00ednea f) do n.\u00ba 4 do artigo 191.\u00ba do RJIG, a proposta foi apresentada \u00e0 Assembleia Municipal de Benavente, na 1.\u00aa sess\u00e3o extraordin\u00e1ria de 31 de julho de 2025, tendo sido deliberada por maioria a <strong>aprova\u00e7\u00e3o da Vers\u00e3o Final da Altera\u00e7\u00e3o da Primeira Revis\u00e3o do PDM de Benavente para adequa\u00e7\u00e3o ao RJIGT<\/strong> \u2013 altera\u00e7\u00e3o ao Regulamento e Regulamento integral; \u00e0 Planta de Ordenamento: Classifica\u00e7\u00e3o e Qualifica\u00e7\u00e3o do Solo (1.1), Unidades Operativas de Planeamento e Gest\u00e3o (1.2), Estrutura Ecol\u00f3gica Municipal (1.3), Carta de Riscos (1.4) e Zonamento Ac\u00fastico (1.5); e \u00e0 Planta de Condicionantes: Perigosidade de Inc\u00eandio Florestal (2.5) e Outras Condicionantes (2.6). Altera\u00e7\u00e3o que para efeitos de efic\u00e1cia foi publicada em Di\u00e1rio da Rep\u00fablica, 2.\u00aa S\u00e9rie, N.\u00ba 186 pelo Aviso N.\u00ba 23824\/2025\/2 de 26\/09\/2025.<\/p><p>Saiba mais em <a href=\"https:\/\/www.cm-benavente.pt\/index.php\/viver\/ordenamento-do-territorio\/\" target=\"_blank\" rel=\"noopener\"><strong>Ordenamento do Territ\u00f3rio<\/strong><\/a><\/p>\t\t\t\t\t\t\t\t<\/div>\n\t\t\t\t<\/div>\n\t\t\t\t\t<\/div>\n\t\t\t\t<\/div>\n\t\t\t\t<\/div>\n\t\t","protected":false},"excerpt":{"rendered":"<p>:: PUBLICA\u00c7\u00c3O EM DI\u00c1RIO DA REP\u00daBLICA AVISO N.\u00ba 23824\/2025\/2, 2.\u00aa S\u00c9RIE, N.\u00ba 186 de 26-09-2025<\/p>\n","protected":false},"author":3,"featured_media":77886,"comment_status":"closed","ping_status":"closed","sticky":false,"template":"","format":"standard","meta":{"_vp_format_video_url":"","_vp_image_focal_point":[],"footnotes":""},"categories":[545,518],"tags":[414,185,16,479,208,3063,27,13,1837],"class_list":["post-77885","post","type-post","status-publish","format-standard","has-post-thumbnail","hentry","category-informacao","category-municipio","tag-alteracao","tag-barrosa","tag-benavente","tag-municipio-de-benavente","tag-pdm","tag-rjigt","tag-samora-correia","tag-santo-estevao","tag-territorio"],"_links":{"self":[{"href":"https:\/\/www.cm-benavente.pt\/index.php\/wp-json\/wp\/v2\/posts\/77885","targetHints":{"allow":["GET"]}}],"collection":[{"href":"https:\/\/www.cm-benavente.pt\/index.php\/wp-json\/wp\/v2\/posts"}],"about":[{"href":"https:\/\/www.cm-benavente.pt\/index.php\/wp-json\/wp\/v2\/types\/post"}],"author":[{"embeddable":true,"href":"https:\/\/www.cm-benavente.pt\/index.php\/wp-json\/wp\/v2\/users\/3"}],"replies":[{"embeddable":true,"href":"https:\/\/www.cm-benavente.pt\/index.php\/wp-json\/wp\/v2\/comments?post=77885"}],"version-history":[{"count":7,"href":"https:\/\/www.cm-benavente.pt\/index.php\/wp-json\/wp\/v2\/posts\/77885\/revisions"}],"predecessor-version":[{"id":77915,"href":"https:\/\/www.cm-benavente.pt\/index.php\/wp-json\/wp\/v2\/posts\/77885\/revisions\/77915"}],"wp:featuredmedia":[{"embeddable":true,"href":"https:\/\/www.cm-benavente.pt\/index.php\/wp-json\/wp\/v2\/media\/77886"}],"wp:attachment":[{"href":"https:\/\/www.cm-benavente.pt\/index.php\/wp-json\/wp\/v2\/media?parent=77885"}],"wp:term":[{"taxonomy":"category","embeddable":true,"href":"https:\/\/www.cm-benavente.pt\/index.php\/wp-json\/wp\/v2\/categories?post=77885"},{"taxonomy":"post_tag","embeddable":true,"href":"https:\/\/www.cm-benavente.pt\/index.php\/wp-json\/wp\/v2\/tags?post=77885"}],"curies":[{"name":"wp","href":"https:\/\/api.w.org\/{rel}","templated":true}]}}