{"id":77099,"date":"2025-08-28T08:59:07","date_gmt":"2025-08-28T08:59:07","guid":{"rendered":"https:\/\/www.cm-benavente.pt\/?p=77099"},"modified":"2025-08-29T18:25:18","modified_gmt":"2025-08-29T18:25:18","slug":"ordem-do-dia-da-reuniao-publica-da-camara-municipal-de-benavente-48","status":"publish","type":"post","link":"https:\/\/www.cm-benavente.pt\/index.php\/2025\/08\/28\/ordem-do-dia-da-reuniao-publica-da-camara-municipal-de-benavente-48\/","title":{"rendered":"Ordem do dia da reuni\u00e3o P\u00fablica da C\u00e2mara Municipal de Benavente"},"content":{"rendered":"\t\t<div data-elementor-type=\"wp-post\" data-elementor-id=\"77099\" class=\"elementor elementor-77099\" data-elementor-post-type=\"post\">\n\t\t\t\t<div class=\"elementor-element elementor-element-768c3e1 e-flex e-con-boxed e-con e-parent\" data-id=\"768c3e1\" data-element_type=\"container\" data-e-type=\"container\" data-settings=\"{&quot;tmea_shape_divider_top&quot;:&quot;none&quot;,&quot;tmea_shape_divider_bottom&quot;:&quot;none&quot;}\">\n\t\t\t\t\t<div class=\"e-con-inner\">\n\t\t\n\t\t<div class=\"elementor-element elementor-element-a31dd32 elementor-widget elementor-widget-text-editor\" data-id=\"a31dd32\" data-element_type=\"widget\" data-e-type=\"widget\" data-widget_type=\"text-editor.default\">\n\t\t\t\t<div class=\"elementor-widget-container\">\n\t\t\t\t\t\t\t\t\t<p>Informam-se todos os mun\u00edcipes que a\u00a0<strong>reuni\u00e3o p\u00fablica<\/strong> da C\u00e2mara Municipal da pr\u00f3xima segunda-feira, <strong>01 de setembro\u00a0de 2025 \u00e0s 14:30h<\/strong>, ir\u00e1 realizar-se de forma presencial e tamb\u00e9m com transmiss\u00e3o no site institucional e redes sociais da autarquia.<\/p>\t\t\t\t\t\t\t\t<\/div>\n\t\t\t\t<\/div>\n\t\t\t\t<div class=\"elementor-element elementor-element-9add34f elementor-widget elementor-widget-button\" data-id=\"9add34f\" data-element_type=\"widget\" data-e-type=\"widget\" data-widget_type=\"button.default\">\n\t\t\t\t<div class=\"elementor-widget-container\">\n\t\t\t\t\t\t\t\t\t<div class=\"elementor-button-wrapper\">\n\t\t\t\t\t<a class=\"elementor-button elementor-button-link elementor-size-sm elementor-animation-grow\" href=\"https:\/\/www.cm-benavente.pt\/wp-content\/uploads\/2025\/08\/Ordem-do-dia-Reuniao-Publica-de-01092025.pdf\" target=\"_blank\">\n\t\t\t\t\t\t<span class=\"elementor-button-content-wrapper\">\n\t\t\t\t\t\t<span class=\"elementor-button-icon\">\n\t\t\t\t<i aria-hidden=\"true\" class=\"far fa-file-pdf\"><\/i>\t\t\t<\/span>\n\t\t\t\t\t\t\t\t\t<span class=\"elementor-button-text\">Ordem do Dia - Reuni\u00e3o P\u00fablica de 01\/09\/2025<\/span>\n\t\t\t\t\t<\/span>\n\t\t\t\t\t<\/a>\n\t\t\t\t<\/div>\n\t\t\t\t\t\t\t\t<\/div>\n\t\t\t\t<\/div>\n\t\t\t\t\t<\/div>\n\t\t\t\t<\/div>\n\t\t<div class=\"elementor-element elementor-element-2494118 e-flex e-con-boxed e-con e-parent\" data-id=\"2494118\" data-element_type=\"container\" data-e-type=\"container\" data-settings=\"{&quot;tmea_shape_divider_top&quot;:&quot;none&quot;,&quot;tmea_shape_divider_bottom&quot;:&quot;none&quot;}\">\n\t\t\t\t\t<div class=\"e-con-inner\">\n\t\t\t\t<div class=\"elementor-element elementor-element-f59c07c elementor-widget elementor-widget-video\" data-id=\"f59c07c\" data-element_type=\"widget\" data-e-type=\"widget\" data-settings=\"{&quot;youtube_url&quot;:&quot;https:\\\/\\\/www.youtube.com\\\/watch?v=IC6DZ5RtbFo&quot;,&quot;video_type&quot;:&quot;youtube&quot;,&quot;controls&quot;:&quot;yes&quot;}\" data-widget_type=\"video.default\">\n\t\t\t\t<div class=\"elementor-widget-container\">\n\t\t\t\t\t\t\t<div class=\"elementor-wrapper elementor-open-inline\">\n\t\t\t<div class=\"elementor-video\"><\/div>\t\t<\/div>\n\t\t\t\t\t\t<\/div>\n\t\t\t\t<\/div>\n\t\t\t\t\t<\/div>\n\t\t\t\t<\/div>\n\t\t\t\t<\/div>\n\t\t","protected":false},"excerpt":{"rendered":"<p>Informam-se todos os mun\u00edcipes que a\u00a0reuni\u00e3o p\u00fablica da C\u00e2mara Municipal da pr\u00f3xima segunda-feira, 01 de setembro\u00a0de 2025 \u00e0s 14:30h, ir\u00e1 realizar-se de forma presencial e tamb\u00e9m com transmiss\u00e3o no site institucional e redes sociais da autarquia. Ordem do Dia &#8211; Reuni\u00e3o P\u00fablica de 01\/09\/2025<\/p>\n","protected":false},"author":3,"featured_media":77100,"comment_status":"closed","ping_status":"closed","sticky":false,"template":"","format":"standard","meta":{"_vp_format_video_url":"","_vp_image_focal_point":[],"footnotes":""},"categories":[502,545,518,3],"tags":[185,16,479,2254,3023,27,13],"class_list":["post-77099","post","type-post","status-publish","format-standard","has-post-thumbnail","hentry","category-geral","category-informacao","category-municipio","category-noticias","tag-barrosa","tag-benavente","tag-municipio-de-benavente","tag-ordemdodia","tag-reuniaocamara","tag-samora-correia","tag-santo-estevao"],"_links":{"self":[{"href":"https:\/\/www.cm-benavente.pt\/index.php\/wp-json\/wp\/v2\/posts\/77099","targetHints":{"allow":["GET"]}}],"collection":[{"href":"https:\/\/www.cm-benavente.pt\/index.php\/wp-json\/wp\/v2\/posts"}],"about":[{"href":"https:\/\/www.cm-benavente.pt\/index.php\/wp-json\/wp\/v2\/types\/post"}],"author":[{"embeddable":true,"href":"https:\/\/www.cm-benavente.pt\/index.php\/wp-json\/wp\/v2\/users\/3"}],"replies":[{"embeddable":true,"href":"https:\/\/www.cm-benavente.pt\/index.php\/wp-json\/wp\/v2\/comments?post=77099"}],"version-history":[{"count":13,"href":"https:\/\/www.cm-benavente.pt\/index.php\/wp-json\/wp\/v2\/posts\/77099\/revisions"}],"predecessor-version":[{"id":77131,"href":"https:\/\/www.cm-benavente.pt\/index.php\/wp-json\/wp\/v2\/posts\/77099\/revisions\/77131"}],"wp:featuredmedia":[{"embeddable":true,"href":"https:\/\/www.cm-benavente.pt\/index.php\/wp-json\/wp\/v2\/media\/77100"}],"wp:attachment":[{"href":"https:\/\/www.cm-benavente.pt\/index.php\/wp-json\/wp\/v2\/media?parent=77099"}],"wp:term":[{"taxonomy":"category","embeddable":true,"href":"https:\/\/www.cm-benavente.pt\/index.php\/wp-json\/wp\/v2\/categories?post=77099"},{"taxonomy":"post_tag","embeddable":true,"href":"https:\/\/www.cm-benavente.pt\/index.php\/wp-json\/wp\/v2\/tags?post=77099"}],"curies":[{"name":"wp","href":"https:\/\/api.w.org\/{rel}","templated":true}]}}