{"id":77086,"date":"2025-08-28T08:39:24","date_gmt":"2025-08-28T08:39:24","guid":{"rendered":"https:\/\/www.cm-benavente.pt\/?p=77086"},"modified":"2025-09-01T10:27:03","modified_gmt":"2025-09-01T10:27:03","slug":"atendimento-dos-tecnicos-do-servico-de-obras-particulares","status":"publish","type":"post","link":"https:\/\/www.cm-benavente.pt\/index.php\/2025\/08\/28\/atendimento-dos-tecnicos-do-servico-de-obras-particulares\/","title":{"rendered":"Atendimento dos t\u00e9cnicos do servi\u00e7o de obras particulares"},"content":{"rendered":"\t\t<div data-elementor-type=\"wp-post\" data-elementor-id=\"77086\" class=\"elementor elementor-77086\" data-elementor-post-type=\"post\">\n\t\t\t\t<div class=\"elementor-element elementor-element-ee9d040 e-flex e-con-boxed e-con e-parent\" data-id=\"ee9d040\" data-element_type=\"container\" data-e-type=\"container\" data-settings=\"{&quot;tmea_shape_divider_top&quot;:&quot;none&quot;,&quot;tmea_shape_divider_bottom&quot;:&quot;none&quot;}\">\n\t\t\t\t\t<div class=\"e-con-inner\">\n\t\t\n\t\t<div class=\"elementor-element elementor-element-2a6d6b5 elementor-widget elementor-widget-text-editor\" data-id=\"2a6d6b5\" data-element_type=\"widget\" data-e-type=\"widget\" data-widget_type=\"text-editor.default\">\n\t\t\t\t<div class=\"elementor-widget-container\">\n\t\t\t\t\t\t\t\t\t<p>Informa-se que, excecionalmente, n\u00e3o se ir\u00e1 realizar o atendimento geral dos t\u00e9cnicos do servi\u00e7o de Obras Particulares no dia 28 de agosto de 2025.<\/p>\t\t\t\t\t\t\t\t<\/div>\n\t\t\t\t<\/div>\n\t\t\t\t\t<\/div>\n\t\t\t\t<\/div>\n\t\t\t\t<\/div>\n\t\t","protected":false},"excerpt":{"rendered":"<p>Informa-se que, excecionalmente, n\u00e3o se ir\u00e1 realizar o atendimento geral dos t\u00e9cnicos do servi\u00e7o de Obras Particulares no dia 28 de agosto de 2025.<\/p>\n","protected":false},"author":3,"featured_media":77087,"comment_status":"closed","ping_status":"closed","sticky":false,"template":"","format":"standard","meta":{"_vp_format_video_url":"","_vp_image_focal_point":[],"footnotes":""},"categories":[502,545,518,3],"tags":[23,185,792,3021,793,1849,3022],"class_list":["post-77086","post","type-post","status-publish","format-standard","has-post-thumbnail","hentry","category-geral","category-informacao","category-municipio","category-noticias","tag-atendimento","tag-barrosa","tag-municipiodebenavente","tag-obrasparticulares","tag-samoracorreia","tag-santoestevao","tag-tecnicos"],"_links":{"self":[{"href":"https:\/\/www.cm-benavente.pt\/index.php\/wp-json\/wp\/v2\/posts\/77086","targetHints":{"allow":["GET"]}}],"collection":[{"href":"https:\/\/www.cm-benavente.pt\/index.php\/wp-json\/wp\/v2\/posts"}],"about":[{"href":"https:\/\/www.cm-benavente.pt\/index.php\/wp-json\/wp\/v2\/types\/post"}],"author":[{"embeddable":true,"href":"https:\/\/www.cm-benavente.pt\/index.php\/wp-json\/wp\/v2\/users\/3"}],"replies":[{"embeddable":true,"href":"https:\/\/www.cm-benavente.pt\/index.php\/wp-json\/wp\/v2\/comments?post=77086"}],"version-history":[{"count":7,"href":"https:\/\/www.cm-benavente.pt\/index.php\/wp-json\/wp\/v2\/posts\/77086\/revisions"}],"predecessor-version":[{"id":77189,"href":"https:\/\/www.cm-benavente.pt\/index.php\/wp-json\/wp\/v2\/posts\/77086\/revisions\/77189"}],"wp:featuredmedia":[{"embeddable":true,"href":"https:\/\/www.cm-benavente.pt\/index.php\/wp-json\/wp\/v2\/media\/77087"}],"wp:attachment":[{"href":"https:\/\/www.cm-benavente.pt\/index.php\/wp-json\/wp\/v2\/media?parent=77086"}],"wp:term":[{"taxonomy":"category","embeddable":true,"href":"https:\/\/www.cm-benavente.pt\/index.php\/wp-json\/wp\/v2\/categories?post=77086"},{"taxonomy":"post_tag","embeddable":true,"href":"https:\/\/www.cm-benavente.pt\/index.php\/wp-json\/wp\/v2\/tags?post=77086"}],"curies":[{"name":"wp","href":"https:\/\/api.w.org\/{rel}","templated":true}]}}