{"id":77034,"date":"2025-08-25T13:05:27","date_gmt":"2025-08-25T13:05:27","guid":{"rendered":"https:\/\/www.cm-benavente.pt\/?p=77034"},"modified":"2025-08-25T13:11:19","modified_gmt":"2025-08-25T13:11:19","slug":"eleicoes-autarquicas-2025-locais-para-afixacao-de-propaganda-eleitoral","status":"publish","type":"post","link":"https:\/\/www.cm-benavente.pt\/index.php\/2025\/08\/25\/eleicoes-autarquicas-2025-locais-para-afixacao-de-propaganda-eleitoral\/","title":{"rendered":"Elei\u00e7\u00f5es Aut\u00e1rquicas 2025 &#8211; Locais para afixa\u00e7\u00e3o de propaganda eleitoral"},"content":{"rendered":"\t\t<div data-elementor-type=\"wp-post\" data-elementor-id=\"77034\" class=\"elementor elementor-77034\" data-elementor-post-type=\"post\">\n\t\t\t\t<div class=\"elementor-element elementor-element-958ac0c e-flex e-con-boxed e-con e-parent\" data-id=\"958ac0c\" data-element_type=\"container\" data-e-type=\"container\" data-settings=\"{&quot;tmea_shape_divider_top&quot;:&quot;none&quot;,&quot;tmea_shape_divider_bottom&quot;:&quot;none&quot;}\">\n\t\t\t\t\t<div class=\"e-con-inner\">\n\t\t\n\t\t<div class=\"elementor-element elementor-element-c0fa920 elementor-widget elementor-widget-text-editor\" data-id=\"c0fa920\" data-element_type=\"widget\" data-e-type=\"widget\" data-widget_type=\"text-editor.default\">\n\t\t\t\t<div class=\"elementor-widget-container\">\n\t\t\t\t\t\t\t\t\t<p>Consulte no edital disponibilizado abaixo, os locais destinados \u00e0 afixa\u00e7\u00e3o de propaganda eleitoral referente \u00e0s Elei\u00e7\u00f5es Aut\u00e1rquicas 2025.<\/p><p><a href=\"https:\/\/www.cm-benavente.pt\/wp-content\/uploads\/2025\/08\/EDITAL-399-AFIXACAO-PROP-ELEITORAL.pdf\">Edital N.\u00ba399\/2025 &#8211; LOCAIS DE AFIXA\u00c7\u00c3O DE PROPAGANDA ELEITORAL<\/a><\/p>\t\t\t\t\t\t\t\t<\/div>\n\t\t\t\t<\/div>\n\t\t\t\t\t<\/div>\n\t\t\t\t<\/div>\n\t\t\t\t<\/div>\n\t\t","protected":false},"excerpt":{"rendered":"<p>Consulte no edital disponibilizado abaixo, os locais destinados \u00e0 afixa\u00e7\u00e3o de propaganda eleitoral referente \u00e0s Elei\u00e7\u00f5es Aut\u00e1rquicas 2025. Edital N.\u00ba399\/2025 &#8211; LOCAIS DE AFIXA\u00c7\u00c3O DE PROPAGANDA ELEITORAL<\/p>\n","protected":false},"author":3,"featured_media":77041,"comment_status":"closed","ping_status":"closed","sticky":false,"template":"","format":"standard","meta":{"_vp_format_video_url":"","_vp_image_focal_point":[],"footnotes":""},"categories":[502,545,518,3],"tags":[],"class_list":["post-77034","post","type-post","status-publish","format-standard","has-post-thumbnail","hentry","category-geral","category-informacao","category-municipio","category-noticias"],"_links":{"self":[{"href":"https:\/\/www.cm-benavente.pt\/index.php\/wp-json\/wp\/v2\/posts\/77034","targetHints":{"allow":["GET"]}}],"collection":[{"href":"https:\/\/www.cm-benavente.pt\/index.php\/wp-json\/wp\/v2\/posts"}],"about":[{"href":"https:\/\/www.cm-benavente.pt\/index.php\/wp-json\/wp\/v2\/types\/post"}],"author":[{"embeddable":true,"href":"https:\/\/www.cm-benavente.pt\/index.php\/wp-json\/wp\/v2\/users\/3"}],"replies":[{"embeddable":true,"href":"https:\/\/www.cm-benavente.pt\/index.php\/wp-json\/wp\/v2\/comments?post=77034"}],"version-history":[{"count":4,"href":"https:\/\/www.cm-benavente.pt\/index.php\/wp-json\/wp\/v2\/posts\/77034\/revisions"}],"predecessor-version":[{"id":77040,"href":"https:\/\/www.cm-benavente.pt\/index.php\/wp-json\/wp\/v2\/posts\/77034\/revisions\/77040"}],"wp:featuredmedia":[{"embeddable":true,"href":"https:\/\/www.cm-benavente.pt\/index.php\/wp-json\/wp\/v2\/media\/77041"}],"wp:attachment":[{"href":"https:\/\/www.cm-benavente.pt\/index.php\/wp-json\/wp\/v2\/media?parent=77034"}],"wp:term":[{"taxonomy":"category","embeddable":true,"href":"https:\/\/www.cm-benavente.pt\/index.php\/wp-json\/wp\/v2\/categories?post=77034"},{"taxonomy":"post_tag","embeddable":true,"href":"https:\/\/www.cm-benavente.pt\/index.php\/wp-json\/wp\/v2\/tags?post=77034"}],"curies":[{"name":"wp","href":"https:\/\/api.w.org\/{rel}","templated":true}]}}