{"id":76736,"date":"2025-07-30T08:39:01","date_gmt":"2025-07-30T08:39:01","guid":{"rendered":"https:\/\/www.cm-benavente.pt\/?p=76736"},"modified":"2025-07-30T09:35:31","modified_gmt":"2025-07-30T09:35:31","slug":"editais-festa-em-honra-de-nossa-senhora-da-paz-2025","status":"publish","type":"post","link":"https:\/\/www.cm-benavente.pt\/index.php\/2025\/07\/30\/editais-festa-em-honra-de-nossa-senhora-da-paz-2025\/","title":{"rendered":"Editais \u2013 Festa em Honra de Nossa Senhora da Paz 2025"},"content":{"rendered":"\t\t<div data-elementor-type=\"wp-post\" data-elementor-id=\"76736\" class=\"elementor elementor-76736\" data-elementor-post-type=\"post\">\n\t\t\t\t\n<div class=\"elementor-element elementor-element-6df9a2e e-flex e-con-boxed e-con e-parent\" data-id=\"6df9a2e\" data-element_type=\"container\" data-e-type=\"container\" data-settings=\"{&quot;tmea_shape_divider_top&quot;:&quot;none&quot;,&quot;tmea_shape_divider_bottom&quot;:&quot;none&quot;}\">\n\t\t\t\t\t<div class=\"e-con-inner\">\n\t\t\t\t<div class=\"elementor-element elementor-element-1717407 elementor-widget elementor-widget-text-editor\" data-id=\"1717407\" data-element_type=\"widget\" data-e-type=\"widget\" data-widget_type=\"text-editor.default\">\n\t\t\t\t<div class=\"elementor-widget-container\">\n\t\t\t\t\t\t\t\t\t<p>Torna-se p\u00fablico que, devido \u00e0 realiza\u00e7\u00e3o da <strong>Festa em Honra de Nossa Senhora da Paz<\/strong>, nos dias <strong>01 a 05 de agosto<\/strong> (sexta a ter\u00e7a) de 2025, em Benavente, <strong>ser\u00e1 proibida a venda ambulante e condicionado o tr\u00e2nsito<\/strong> nos <strong>dias e hor\u00e1rios presentes nos editais<\/strong>.<\/p>\t\t\t\t\t\t\t\t<\/div>\n\t\t\t\t<\/div>\n\t\t\t\t<div class=\"elementor-element elementor-element-2dceb5c elementor-widget elementor-widget-button\" data-id=\"2dceb5c\" data-element_type=\"widget\" data-e-type=\"widget\" data-widget_type=\"button.default\">\n\t\t\t\t<div class=\"elementor-widget-container\">\n\t\t\t\t\t\t\t\t\t<div class=\"elementor-button-wrapper\">\n\t\t\t\t\t<a class=\"elementor-button elementor-button-link elementor-size-sm elementor-animation-grow\" href=\"https:\/\/www.cm-benavente.pt\/wp-content\/uploads\/2025\/07\/Edital-No-3372025-Condicionamento-de-transito-Festa-Na-Sra-da-Paz-Procissao-das-Velas.pdf\" target=\"_blank\">\n\t\t\t\t\t\t<span class=\"elementor-button-content-wrapper\">\n\t\t\t\t\t\t<span class=\"elementor-button-icon\">\n\t\t\t\t<i aria-hidden=\"true\" class=\"far fa-file-pdf\"><\/i>\t\t\t<\/span>\n\t\t\t\t\t\t\t\t\t<span class=\"elementor-button-text\">Edital N\u00ba 337\/2025 - Condicionamento de tr\u00e2nsito\/ Festa N\u00aa Sr\u00aa da Paz - Prociss\u00e3o das Velas<\/span>\n\t\t\t\t\t<\/span>\n\t\t\t\t\t<\/a>\n\t\t\t\t<\/div>\n\t\t\t\t\t\t\t\t<\/div>\n\t\t\t\t<\/div>\n\t\t\t\t<div class=\"elementor-element elementor-element-5d5c262 elementor-widget elementor-widget-button\" data-id=\"5d5c262\" data-element_type=\"widget\" data-e-type=\"widget\" data-widget_type=\"button.default\">\n\t\t\t\t<div class=\"elementor-widget-container\">\n\t\t\t\t\t\t\t\t\t<div class=\"elementor-button-wrapper\">\n\t\t\t\t\t<a class=\"elementor-button elementor-button-link elementor-size-sm elementor-animation-grow\" href=\"https:\/\/www.cm-benavente.pt\/wp-content\/uploads\/2025\/07\/Edital-No-3382025-Condicionamento-de-transito-Festa-Na-Sra-da-Paz-Procissao-de-domingo.pdf\" target=\"_blank\">\n\t\t\t\t\t\t<span class=\"elementor-button-content-wrapper\">\n\t\t\t\t\t\t<span class=\"elementor-button-icon\">\n\t\t\t\t<i aria-hidden=\"true\" class=\"far fa-file-pdf\"><\/i>\t\t\t<\/span>\n\t\t\t\t\t\t\t\t\t<span class=\"elementor-button-text\">Edital N\u00ba 338\/2025 - Condicionamento de tr\u00e2nsito\/ Festa N\u00aa Sr\u00aa da Paz - Prociss\u00e3o de domingo<\/span>\n\t\t\t\t\t<\/span>\n\t\t\t\t\t<\/a>\n\t\t\t\t<\/div>\n\t\t\t\t\t\t\t\t<\/div>\n\t\t\t\t<\/div>\n\t\t\t\t<div class=\"elementor-element elementor-element-4565061 elementor-widget elementor-widget-button\" data-id=\"4565061\" data-element_type=\"widget\" data-e-type=\"widget\" data-widget_type=\"button.default\">\n\t\t\t\t<div class=\"elementor-widget-container\">\n\t\t\t\t\t\t\t\t\t<div class=\"elementor-button-wrapper\">\n\t\t\t\t\t<a class=\"elementor-button elementor-button-link elementor-size-sm elementor-animation-grow\" href=\"https:\/\/www.cm-benavente.pt\/wp-content\/uploads\/2025\/07\/Edital-No-3392025-Proibicao-de-circulacao-de-transito-Festa-Na-Sra-da-Paz-Largadas.pdf\" target=\"_blank\">\n\t\t\t\t\t\t<span class=\"elementor-button-content-wrapper\">\n\t\t\t\t\t\t<span class=\"elementor-button-icon\">\n\t\t\t\t<i aria-hidden=\"true\" class=\"far fa-file-pdf\"><\/i>\t\t\t<\/span>\n\t\t\t\t\t\t\t\t\t<span class=\"elementor-button-text\">Edital N\u00ba 339\/2025 - Proibi\u00e7\u00e3o de circula\u00e7\u00e3o de tr\u00e2nsito\/ Festa N\u00aa Sr\u00aa da Paz - Largadas<\/span>\n\t\t\t\t\t<\/span>\n\t\t\t\t\t<\/a>\n\t\t\t\t<\/div>\n\t\t\t\t\t\t\t\t<\/div>\n\t\t\t\t<\/div>\n\t\t\t\t<div class=\"elementor-element elementor-element-4c7409a elementor-widget elementor-widget-button\" data-id=\"4c7409a\" data-element_type=\"widget\" data-e-type=\"widget\" data-widget_type=\"button.default\">\n\t\t\t\t<div class=\"elementor-widget-container\">\n\t\t\t\t\t\t\t\t\t<div class=\"elementor-button-wrapper\">\n\t\t\t\t\t<a class=\"elementor-button elementor-button-link elementor-size-sm elementor-animation-grow\" href=\"https:\/\/www.cm-benavente.pt\/wp-content\/uploads\/2025\/07\/Edital-No-3512025-Proibicao-venda-ambulante-Festa-Na-Sra-da-Paz.pdf\" target=\"_blank\">\n\t\t\t\t\t\t<span class=\"elementor-button-content-wrapper\">\n\t\t\t\t\t\t<span class=\"elementor-button-icon\">\n\t\t\t\t<i aria-hidden=\"true\" class=\"far fa-file-pdf\"><\/i>\t\t\t<\/span>\n\t\t\t\t\t\t\t\t\t<span class=\"elementor-button-text\">Edital N\u00ba 351\/2025 - Proibi\u00e7\u00e3o venda ambulante\/ Festa N\u00aa Sr\u00aa da Paz<\/span>\n\t\t\t\t\t<\/span>\n\t\t\t\t\t<\/a>\n\t\t\t\t<\/div>\n\t\t\t\t\t\t\t\t<\/div>\n\t\t\t\t<\/div>\n\t\t\t\t\t<\/div>\n\t\t\t\t<\/div>\n\t\t\t\t<\/div>\n\t\t","protected":false},"excerpt":{"rendered":"<p>Torna-se p\u00fablico que, devido \u00e0 realiza\u00e7\u00e3o da Festa em Honra de Nossa Senhora da Paz, nos dias 01 a 05 de agosto (sexta a ter\u00e7a) de 2025, em Benavente, ser\u00e1 proibida a venda ambulante e condicionado o tr\u00e2nsito nos dias e hor\u00e1rios presentes nos editais.<\/p>\n","protected":false},"author":3,"featured_media":76737,"comment_status":"closed","ping_status":"closed","sticky":false,"template":"","format":"standard","meta":{"_vp_format_video_url":"","_vp_image_focal_point":[],"footnotes":""},"categories":[506,545,480],"tags":[774,3005,1399,481,2971],"class_list":["post-76736","post","type-post","status-publish","format-standard","has-post-thumbnail","hentry","category-festas","category-informacao","category-transito","tag-condicionamento","tag-festa-em-honra-de-nossa-senhora-da-paz","tag-festa-tradicional","tag-transito","tag-venda-ambulante"],"_links":{"self":[{"href":"https:\/\/www.cm-benavente.pt\/index.php\/wp-json\/wp\/v2\/posts\/76736","targetHints":{"allow":["GET"]}}],"collection":[{"href":"https:\/\/www.cm-benavente.pt\/index.php\/wp-json\/wp\/v2\/posts"}],"about":[{"href":"https:\/\/www.cm-benavente.pt\/index.php\/wp-json\/wp\/v2\/types\/post"}],"author":[{"embeddable":true,"href":"https:\/\/www.cm-benavente.pt\/index.php\/wp-json\/wp\/v2\/users\/3"}],"replies":[{"embeddable":true,"href":"https:\/\/www.cm-benavente.pt\/index.php\/wp-json\/wp\/v2\/comments?post=76736"}],"version-history":[{"count":7,"href":"https:\/\/www.cm-benavente.pt\/index.php\/wp-json\/wp\/v2\/posts\/76736\/revisions"}],"predecessor-version":[{"id":76769,"href":"https:\/\/www.cm-benavente.pt\/index.php\/wp-json\/wp\/v2\/posts\/76736\/revisions\/76769"}],"wp:featuredmedia":[{"embeddable":true,"href":"https:\/\/www.cm-benavente.pt\/index.php\/wp-json\/wp\/v2\/media\/76737"}],"wp:attachment":[{"href":"https:\/\/www.cm-benavente.pt\/index.php\/wp-json\/wp\/v2\/media?parent=76736"}],"wp:term":[{"taxonomy":"category","embeddable":true,"href":"https:\/\/www.cm-benavente.pt\/index.php\/wp-json\/wp\/v2\/categories?post=76736"},{"taxonomy":"post_tag","embeddable":true,"href":"https:\/\/www.cm-benavente.pt\/index.php\/wp-json\/wp\/v2\/tags?post=76736"}],"curies":[{"name":"wp","href":"https:\/\/api.w.org\/{rel}","templated":true}]}}