{"id":76471,"date":"2025-07-14T15:15:59","date_gmt":"2025-07-14T15:15:59","guid":{"rendered":"https:\/\/www.cm-benavente.pt\/?p=76471"},"modified":"2025-07-14T15:18:06","modified_gmt":"2025-07-14T15:18:06","slug":"torneio-de-futsal-interassociacoes-da-ajsc","status":"publish","type":"post","link":"https:\/\/www.cm-benavente.pt\/index.php\/2025\/07\/14\/torneio-de-futsal-interassociacoes-da-ajsc\/","title":{"rendered":"Torneio de Futsal Interassocia\u00e7\u00f5es\u00a0da AJSC"},"content":{"rendered":"\t\t<div data-elementor-type=\"wp-post\" data-elementor-id=\"76471\" class=\"elementor elementor-76471\" data-elementor-post-type=\"post\">\n\t\t\t\t<div class=\"elementor-element elementor-element-644cf1b e-flex e-con-boxed e-con e-parent\" data-id=\"644cf1b\" data-element_type=\"container\" data-e-type=\"container\" data-settings=\"{&quot;tmea_shape_divider_top&quot;:&quot;none&quot;,&quot;tmea_shape_divider_bottom&quot;:&quot;none&quot;}\">\n\t\t\t\t\t<div class=\"e-con-inner\">\n\t\t\n\t\t<div class=\"elementor-element elementor-element-47f9570 elementor-widget elementor-widget-text-editor\" data-id=\"47f9570\" data-element_type=\"widget\" data-e-type=\"widget\" data-widget_type=\"text-editor.default\">\n\t\t\t\t<div class=\"elementor-widget-container\">\n\t\t\t\t\t\t\t\t\t<p>Decorreu este fim de semana o <strong>Torneio de Futsal Interassocia\u00e7\u00f5es<\/strong> organizado pela <strong>Associa\u00e7\u00e3o de Jovens de Samora Correia<\/strong>, no Pavilh\u00e3o Gimnodesportivo do Porto Alto.<\/p><p>Ficam algumas imagens que ilustram a iniciativa, com os parab\u00e9ns \u00e0 AJSC pela realiza\u00e7\u00e3o de mais um Torneio de Futsal.<\/p>\t\t\t\t\t\t\t\t<\/div>\n\t\t\t\t<\/div>\n\t\t\t\t<div class=\"elementor-element elementor-element-f02b883 elementor-widget elementor-widget-gallery\" data-id=\"f02b883\" data-element_type=\"widget\" data-e-type=\"widget\" data-settings=\"{&quot;columns&quot;:7,&quot;lazyload&quot;:&quot;yes&quot;,&quot;gallery_layout&quot;:&quot;grid&quot;,&quot;columns_tablet&quot;:2,&quot;columns_mobile&quot;:1,&quot;gap&quot;:{&quot;unit&quot;:&quot;px&quot;,&quot;size&quot;:10,&quot;sizes&quot;:[]},&quot;gap_widescreen&quot;:{&quot;unit&quot;:&quot;px&quot;,&quot;size&quot;:&quot;&quot;,&quot;sizes&quot;:[]},&quot;gap_laptop&quot;:{&quot;unit&quot;:&quot;px&quot;,&quot;size&quot;:10,&quot;sizes&quot;:[]},&quot;gap_tablet_extra&quot;:{&quot;unit&quot;:&quot;px&quot;,&quot;size&quot;:10,&quot;sizes&quot;:[]},&quot;gap_tablet&quot;:{&quot;unit&quot;:&quot;px&quot;,&quot;size&quot;:10,&quot;sizes&quot;:[]},&quot;gap_mobile_extra&quot;:{&quot;unit&quot;:&quot;px&quot;,&quot;size&quot;:10,&quot;sizes&quot;:[]},&quot;gap_mobile&quot;:{&quot;unit&quot;:&quot;px&quot;,&quot;size&quot;:10,&quot;sizes&quot;:[]},&quot;link_to&quot;:&quot;file&quot;,&quot;aspect_ratio&quot;:&quot;3:2&quot;,&quot;overlay_background&quot;:&quot;yes&quot;,&quot;content_hover_animation&quot;:&quot;fade-in&quot;}\" data-widget_type=\"gallery.default\">\n\t\t\t\t<div class=\"elementor-widget-container\">\n\t\t\t\t\t\t\t<div class=\"elementor-gallery__container\">\n\t\t\t\t\t\t\t<a class=\"e-gallery-item elementor-gallery-item elementor-animated-content\" href=\"https:\/\/www.cm-benavente.pt\/wp-content\/uploads\/2025\/07\/torneio-futsal-ajsc-samora-correia-associacoes-1-scaled.jpg\" data-elementor-open-lightbox=\"yes\" data-elementor-lightbox-slideshow=\"f02b883\" data-elementor-lightbox-title=\"torneio futsal ajsc samora correia associa\u00e7\u00f5es (1)\" data-e-action-hash=\"#elementor-action%3Aaction%3Dlightbox%26settings%3DeyJpZCI6NzY0NzQsInVybCI6Imh0dHBzOlwvXC93d3cuY20tYmVuYXZlbnRlLnB0XC93cC1jb250ZW50XC91cGxvYWRzXC8yMDI1XC8wN1wvdG9ybmVpby1mdXRzYWwtYWpzYy1zYW1vcmEtY29ycmVpYS1hc3NvY2lhY29lcy0xLXNjYWxlZC5qcGciLCJzbGlkZXNob3ciOiJmMDJiODgzIn0%3D\">\n\t\t\t\t\t<div class=\"e-gallery-image elementor-gallery-item__image\" data-thumbnail=\"https:\/\/www.cm-benavente.pt\/wp-content\/uploads\/2025\/07\/torneio-futsal-ajsc-samora-correia-associacoes-1-1024x604.jpg\" data-width=\"800\" data-height=\"472\" aria-label=\"\" role=\"img\" ><\/div>\n\t\t\t\t\t\t\t\t\t\t\t<div class=\"elementor-gallery-item__overlay\"><\/div>\n\t\t\t\t\t\t\t\t\t\t\t\t\t\t<\/a>\n\t\t\t\t\t\t\t<a class=\"e-gallery-item elementor-gallery-item elementor-animated-content\" href=\"https:\/\/www.cm-benavente.pt\/wp-content\/uploads\/2025\/07\/torneio-futsal-ajsc-samora-correia-associacoes-2-scaled.jpg\" data-elementor-open-lightbox=\"yes\" data-elementor-lightbox-slideshow=\"f02b883\" data-elementor-lightbox-title=\"torneio futsal ajsc samora correia associa\u00e7\u00f5es (2)\" data-e-action-hash=\"#elementor-action%3Aaction%3Dlightbox%26settings%3DeyJpZCI6NzY0NzUsInVybCI6Imh0dHBzOlwvXC93d3cuY20tYmVuYXZlbnRlLnB0XC93cC1jb250ZW50XC91cGxvYWRzXC8yMDI1XC8wN1wvdG9ybmVpby1mdXRzYWwtYWpzYy1zYW1vcmEtY29ycmVpYS1hc3NvY2lhY29lcy0yLXNjYWxlZC5qcGciLCJzbGlkZXNob3ciOiJmMDJiODgzIn0%3D\">\n\t\t\t\t\t<div class=\"e-gallery-image elementor-gallery-item__image\" data-thumbnail=\"https:\/\/www.cm-benavente.pt\/wp-content\/uploads\/2025\/07\/torneio-futsal-ajsc-samora-correia-associacoes-2-1024x654.jpg\" data-width=\"800\" data-height=\"511\" aria-label=\"\" role=\"img\" ><\/div>\n\t\t\t\t\t\t\t\t\t\t\t<div class=\"elementor-gallery-item__overlay\"><\/div>\n\t\t\t\t\t\t\t\t\t\t\t\t\t\t<\/a>\n\t\t\t\t\t\t\t<a class=\"e-gallery-item elementor-gallery-item elementor-animated-content\" href=\"https:\/\/www.cm-benavente.pt\/wp-content\/uploads\/2025\/07\/torneio-futsal-ajsc-samora-correia-associacoes-3-scaled.jpg\" data-elementor-open-lightbox=\"yes\" data-elementor-lightbox-slideshow=\"f02b883\" data-elementor-lightbox-title=\"torneio futsal ajsc samora correia associa\u00e7\u00f5es (3)\" data-e-action-hash=\"#elementor-action%3Aaction%3Dlightbox%26settings%3DeyJpZCI6NzY0NzYsInVybCI6Imh0dHBzOlwvXC93d3cuY20tYmVuYXZlbnRlLnB0XC93cC1jb250ZW50XC91cGxvYWRzXC8yMDI1XC8wN1wvdG9ybmVpby1mdXRzYWwtYWpzYy1zYW1vcmEtY29ycmVpYS1hc3NvY2lhY29lcy0zLXNjYWxlZC5qcGciLCJzbGlkZXNob3ciOiJmMDJiODgzIn0%3D\">\n\t\t\t\t\t<div class=\"e-gallery-image elementor-gallery-item__image\" data-thumbnail=\"https:\/\/www.cm-benavente.pt\/wp-content\/uploads\/2025\/07\/torneio-futsal-ajsc-samora-correia-associacoes-3-1024x645.jpg\" data-width=\"800\" data-height=\"504\" aria-label=\"\" role=\"img\" ><\/div>\n\t\t\t\t\t\t\t\t\t\t\t<div class=\"elementor-gallery-item__overlay\"><\/div>\n\t\t\t\t\t\t\t\t\t\t\t\t\t\t<\/a>\n\t\t\t\t\t\t\t<a class=\"e-gallery-item elementor-gallery-item elementor-animated-content\" href=\"https:\/\/www.cm-benavente.pt\/wp-content\/uploads\/2025\/07\/torneio-futsal-ajsc-samora-correia-associacoes-4-scaled.jpg\" data-elementor-open-lightbox=\"yes\" data-elementor-lightbox-slideshow=\"f02b883\" data-elementor-lightbox-title=\"torneio futsal ajsc samora correia associa\u00e7\u00f5es (4)\" data-e-action-hash=\"#elementor-action%3Aaction%3Dlightbox%26settings%3DeyJpZCI6NzY0NzcsInVybCI6Imh0dHBzOlwvXC93d3cuY20tYmVuYXZlbnRlLnB0XC93cC1jb250ZW50XC91cGxvYWRzXC8yMDI1XC8wN1wvdG9ybmVpby1mdXRzYWwtYWpzYy1zYW1vcmEtY29ycmVpYS1hc3NvY2lhY29lcy00LXNjYWxlZC5qcGciLCJzbGlkZXNob3ciOiJmMDJiODgzIn0%3D\">\n\t\t\t\t\t<div class=\"e-gallery-image elementor-gallery-item__image\" data-thumbnail=\"https:\/\/www.cm-benavente.pt\/wp-content\/uploads\/2025\/07\/torneio-futsal-ajsc-samora-correia-associacoes-4-1024x619.jpg\" data-width=\"800\" data-height=\"484\" aria-label=\"\" role=\"img\" ><\/div>\n\t\t\t\t\t\t\t\t\t\t\t<div class=\"elementor-gallery-item__overlay\"><\/div>\n\t\t\t\t\t\t\t\t\t\t\t\t\t\t<\/a>\n\t\t\t\t\t\t\t<a class=\"e-gallery-item elementor-gallery-item elementor-animated-content\" href=\"https:\/\/www.cm-benavente.pt\/wp-content\/uploads\/2025\/07\/torneio-futsal-ajsc-samora-correia-associacoes-5-scaled.jpg\" data-elementor-open-lightbox=\"yes\" data-elementor-lightbox-slideshow=\"f02b883\" data-elementor-lightbox-title=\"torneio futsal ajsc samora correia associa\u00e7\u00f5es (5)\" data-e-action-hash=\"#elementor-action%3Aaction%3Dlightbox%26settings%3DeyJpZCI6NzY0NzgsInVybCI6Imh0dHBzOlwvXC93d3cuY20tYmVuYXZlbnRlLnB0XC93cC1jb250ZW50XC91cGxvYWRzXC8yMDI1XC8wN1wvdG9ybmVpby1mdXRzYWwtYWpzYy1zYW1vcmEtY29ycmVpYS1hc3NvY2lhY29lcy01LXNjYWxlZC5qcGciLCJzbGlkZXNob3ciOiJmMDJiODgzIn0%3D\">\n\t\t\t\t\t<div class=\"e-gallery-image elementor-gallery-item__image\" data-thumbnail=\"https:\/\/www.cm-benavente.pt\/wp-content\/uploads\/2025\/07\/torneio-futsal-ajsc-samora-correia-associacoes-5-1024x600.jpg\" data-width=\"800\" data-height=\"469\" aria-label=\"\" role=\"img\" ><\/div>\n\t\t\t\t\t\t\t\t\t\t\t<div class=\"elementor-gallery-item__overlay\"><\/div>\n\t\t\t\t\t\t\t\t\t\t\t\t\t\t<\/a>\n\t\t\t\t\t\t\t<a class=\"e-gallery-item elementor-gallery-item elementor-animated-content\" href=\"https:\/\/www.cm-benavente.pt\/wp-content\/uploads\/2025\/07\/torneio-futsal-ajsc-samora-correia-associacoes-6-scaled.jpg\" data-elementor-open-lightbox=\"yes\" data-elementor-lightbox-slideshow=\"f02b883\" data-elementor-lightbox-title=\"torneio futsal ajsc samora correia associa\u00e7\u00f5es (6)\" data-e-action-hash=\"#elementor-action%3Aaction%3Dlightbox%26settings%3DeyJpZCI6NzY0NzksInVybCI6Imh0dHBzOlwvXC93d3cuY20tYmVuYXZlbnRlLnB0XC93cC1jb250ZW50XC91cGxvYWRzXC8yMDI1XC8wN1wvdG9ybmVpby1mdXRzYWwtYWpzYy1zYW1vcmEtY29ycmVpYS1hc3NvY2lhY29lcy02LXNjYWxlZC5qcGciLCJzbGlkZXNob3ciOiJmMDJiODgzIn0%3D\">\n\t\t\t\t\t<div class=\"e-gallery-image elementor-gallery-item__image\" data-thumbnail=\"https:\/\/www.cm-benavente.pt\/wp-content\/uploads\/2025\/07\/torneio-futsal-ajsc-samora-correia-associacoes-6-1024x664.jpg\" data-width=\"800\" data-height=\"519\" aria-label=\"\" role=\"img\" ><\/div>\n\t\t\t\t\t\t\t\t\t\t\t<div class=\"elementor-gallery-item__overlay\"><\/div>\n\t\t\t\t\t\t\t\t\t\t\t\t\t\t<\/a>\n\t\t\t\t\t\t\t<a class=\"e-gallery-item elementor-gallery-item elementor-animated-content\" href=\"https:\/\/www.cm-benavente.pt\/wp-content\/uploads\/2025\/07\/torneio-futsal-ajsc-samora-correia-associacoes-7-scaled.jpg\" data-elementor-open-lightbox=\"yes\" data-elementor-lightbox-slideshow=\"f02b883\" data-elementor-lightbox-title=\"torneio futsal ajsc samora correia associa\u00e7\u00f5es (7)\" data-e-action-hash=\"#elementor-action%3Aaction%3Dlightbox%26settings%3DeyJpZCI6NzY0ODAsInVybCI6Imh0dHBzOlwvXC93d3cuY20tYmVuYXZlbnRlLnB0XC93cC1jb250ZW50XC91cGxvYWRzXC8yMDI1XC8wN1wvdG9ybmVpby1mdXRzYWwtYWpzYy1zYW1vcmEtY29ycmVpYS1hc3NvY2lhY29lcy03LXNjYWxlZC5qcGciLCJzbGlkZXNob3ciOiJmMDJiODgzIn0%3D\">\n\t\t\t\t\t<div class=\"e-gallery-image elementor-gallery-item__image\" data-thumbnail=\"https:\/\/www.cm-benavente.pt\/wp-content\/uploads\/2025\/07\/torneio-futsal-ajsc-samora-correia-associacoes-7-1024x589.jpg\" data-width=\"800\" data-height=\"460\" aria-label=\"\" role=\"img\" ><\/div>\n\t\t\t\t\t\t\t\t\t\t\t<div class=\"elementor-gallery-item__overlay\"><\/div>\n\t\t\t\t\t\t\t\t\t\t\t\t\t\t<\/a>\n\t\t\t\t\t\t\t<a class=\"e-gallery-item elementor-gallery-item elementor-animated-content\" href=\"https:\/\/www.cm-benavente.pt\/wp-content\/uploads\/2025\/07\/torneio-futsal-ajsc-samora-correia-associacoes-8-scaled.jpg\" data-elementor-open-lightbox=\"yes\" data-elementor-lightbox-slideshow=\"f02b883\" data-elementor-lightbox-title=\"torneio futsal ajsc samora correia associa\u00e7\u00f5es (8)\" data-e-action-hash=\"#elementor-action%3Aaction%3Dlightbox%26settings%3DeyJpZCI6NzY0ODEsInVybCI6Imh0dHBzOlwvXC93d3cuY20tYmVuYXZlbnRlLnB0XC93cC1jb250ZW50XC91cGxvYWRzXC8yMDI1XC8wN1wvdG9ybmVpby1mdXRzYWwtYWpzYy1zYW1vcmEtY29ycmVpYS1hc3NvY2lhY29lcy04LXNjYWxlZC5qcGciLCJzbGlkZXNob3ciOiJmMDJiODgzIn0%3D\">\n\t\t\t\t\t<div class=\"e-gallery-image elementor-gallery-item__image\" data-thumbnail=\"https:\/\/www.cm-benavente.pt\/wp-content\/uploads\/2025\/07\/torneio-futsal-ajsc-samora-correia-associacoes-8-1024x534.jpg\" data-width=\"800\" data-height=\"417\" aria-label=\"\" role=\"img\" ><\/div>\n\t\t\t\t\t\t\t\t\t\t\t<div class=\"elementor-gallery-item__overlay\"><\/div>\n\t\t\t\t\t\t\t\t\t\t\t\t\t\t<\/a>\n\t\t\t\t\t\t\t<a class=\"e-gallery-item elementor-gallery-item elementor-animated-content\" href=\"https:\/\/www.cm-benavente.pt\/wp-content\/uploads\/2025\/07\/torneio-futsal-ajsc-samora-correia-associacoes-9-scaled.jpg\" data-elementor-open-lightbox=\"yes\" data-elementor-lightbox-slideshow=\"f02b883\" data-elementor-lightbox-title=\"torneio futsal ajsc samora correia associa\u00e7\u00f5es (9)\" data-e-action-hash=\"#elementor-action%3Aaction%3Dlightbox%26settings%3DeyJpZCI6NzY0ODIsInVybCI6Imh0dHBzOlwvXC93d3cuY20tYmVuYXZlbnRlLnB0XC93cC1jb250ZW50XC91cGxvYWRzXC8yMDI1XC8wN1wvdG9ybmVpby1mdXRzYWwtYWpzYy1zYW1vcmEtY29ycmVpYS1hc3NvY2lhY29lcy05LXNjYWxlZC5qcGciLCJzbGlkZXNob3ciOiJmMDJiODgzIn0%3D\">\n\t\t\t\t\t<div class=\"e-gallery-image elementor-gallery-item__image\" data-thumbnail=\"https:\/\/www.cm-benavente.pt\/wp-content\/uploads\/2025\/07\/torneio-futsal-ajsc-samora-correia-associacoes-9-1024x592.jpg\" data-width=\"800\" data-height=\"463\" aria-label=\"\" role=\"img\" ><\/div>\n\t\t\t\t\t\t\t\t\t\t\t<div class=\"elementor-gallery-item__overlay\"><\/div>\n\t\t\t\t\t\t\t\t\t\t\t\t\t\t<\/a>\n\t\t\t\t\t\t\t<a class=\"e-gallery-item elementor-gallery-item elementor-animated-content\" href=\"https:\/\/www.cm-benavente.pt\/wp-content\/uploads\/2025\/07\/torneio-futsal-ajsc-samora-correia-associacoes-10-scaled.jpg\" data-elementor-open-lightbox=\"yes\" data-elementor-lightbox-slideshow=\"f02b883\" data-elementor-lightbox-title=\"torneio futsal ajsc samora correia associa\u00e7\u00f5es (10)\" data-e-action-hash=\"#elementor-action%3Aaction%3Dlightbox%26settings%3DeyJpZCI6NzY0ODMsInVybCI6Imh0dHBzOlwvXC93d3cuY20tYmVuYXZlbnRlLnB0XC93cC1jb250ZW50XC91cGxvYWRzXC8yMDI1XC8wN1wvdG9ybmVpby1mdXRzYWwtYWpzYy1zYW1vcmEtY29ycmVpYS1hc3NvY2lhY29lcy0xMC1zY2FsZWQuanBnIiwic2xpZGVzaG93IjoiZjAyYjg4MyJ9\">\n\t\t\t\t\t<div class=\"e-gallery-image elementor-gallery-item__image\" data-thumbnail=\"https:\/\/www.cm-benavente.pt\/wp-content\/uploads\/2025\/07\/torneio-futsal-ajsc-samora-correia-associacoes-10-1024x574.jpg\" data-width=\"800\" data-height=\"448\" aria-label=\"\" role=\"img\" ><\/div>\n\t\t\t\t\t\t\t\t\t\t\t<div class=\"elementor-gallery-item__overlay\"><\/div>\n\t\t\t\t\t\t\t\t\t\t\t\t\t\t<\/a>\n\t\t\t\t\t\t\t<a class=\"e-gallery-item elementor-gallery-item elementor-animated-content\" href=\"https:\/\/www.cm-benavente.pt\/wp-content\/uploads\/2025\/07\/torneio-futsal-ajsc-samora-correia-associacoes-11-scaled.jpg\" data-elementor-open-lightbox=\"yes\" data-elementor-lightbox-slideshow=\"f02b883\" data-elementor-lightbox-title=\"torneio futsal ajsc samora correia associa\u00e7\u00f5es (11)\" data-e-action-hash=\"#elementor-action%3Aaction%3Dlightbox%26settings%3DeyJpZCI6NzY0ODQsInVybCI6Imh0dHBzOlwvXC93d3cuY20tYmVuYXZlbnRlLnB0XC93cC1jb250ZW50XC91cGxvYWRzXC8yMDI1XC8wN1wvdG9ybmVpby1mdXRzYWwtYWpzYy1zYW1vcmEtY29ycmVpYS1hc3NvY2lhY29lcy0xMS1zY2FsZWQuanBnIiwic2xpZGVzaG93IjoiZjAyYjg4MyJ9\">\n\t\t\t\t\t<div class=\"e-gallery-image elementor-gallery-item__image\" data-thumbnail=\"https:\/\/www.cm-benavente.pt\/wp-content\/uploads\/2025\/07\/torneio-futsal-ajsc-samora-correia-associacoes-11-1024x563.jpg\" data-width=\"800\" data-height=\"440\" aria-label=\"\" role=\"img\" ><\/div>\n\t\t\t\t\t\t\t\t\t\t\t<div class=\"elementor-gallery-item__overlay\"><\/div>\n\t\t\t\t\t\t\t\t\t\t\t\t\t\t<\/a>\n\t\t\t\t\t\t\t<a class=\"e-gallery-item elementor-gallery-item elementor-animated-content\" href=\"https:\/\/www.cm-benavente.pt\/wp-content\/uploads\/2025\/07\/torneio-futsal-ajsc-samora-correia-associacoes-12-scaled.jpg\" data-elementor-open-lightbox=\"yes\" data-elementor-lightbox-slideshow=\"f02b883\" data-elementor-lightbox-title=\"torneio futsal ajsc samora correia associa\u00e7\u00f5es (12)\" data-e-action-hash=\"#elementor-action%3Aaction%3Dlightbox%26settings%3DeyJpZCI6NzY0ODUsInVybCI6Imh0dHBzOlwvXC93d3cuY20tYmVuYXZlbnRlLnB0XC93cC1jb250ZW50XC91cGxvYWRzXC8yMDI1XC8wN1wvdG9ybmVpby1mdXRzYWwtYWpzYy1zYW1vcmEtY29ycmVpYS1hc3NvY2lhY29lcy0xMi1zY2FsZWQuanBnIiwic2xpZGVzaG93IjoiZjAyYjg4MyJ9\">\n\t\t\t\t\t<div class=\"e-gallery-image elementor-gallery-item__image\" data-thumbnail=\"https:\/\/www.cm-benavente.pt\/wp-content\/uploads\/2025\/07\/torneio-futsal-ajsc-samora-correia-associacoes-12-1024x535.jpg\" data-width=\"800\" data-height=\"418\" aria-label=\"\" role=\"img\" ><\/div>\n\t\t\t\t\t\t\t\t\t\t\t<div class=\"elementor-gallery-item__overlay\"><\/div>\n\t\t\t\t\t\t\t\t\t\t\t\t\t\t<\/a>\n\t\t\t\t\t\t\t<a class=\"e-gallery-item elementor-gallery-item elementor-animated-content\" href=\"https:\/\/www.cm-benavente.pt\/wp-content\/uploads\/2025\/07\/torneio-futsal-ajsc-samora-correia-associacoes-13-scaled.jpg\" data-elementor-open-lightbox=\"yes\" data-elementor-lightbox-slideshow=\"f02b883\" data-elementor-lightbox-title=\"torneio futsal ajsc samora correia associa\u00e7\u00f5es (13)\" data-e-action-hash=\"#elementor-action%3Aaction%3Dlightbox%26settings%3DeyJpZCI6NzY0ODYsInVybCI6Imh0dHBzOlwvXC93d3cuY20tYmVuYXZlbnRlLnB0XC93cC1jb250ZW50XC91cGxvYWRzXC8yMDI1XC8wN1wvdG9ybmVpby1mdXRzYWwtYWpzYy1zYW1vcmEtY29ycmVpYS1hc3NvY2lhY29lcy0xMy1zY2FsZWQuanBnIiwic2xpZGVzaG93IjoiZjAyYjg4MyJ9\">\n\t\t\t\t\t<div class=\"e-gallery-image elementor-gallery-item__image\" data-thumbnail=\"https:\/\/www.cm-benavente.pt\/wp-content\/uploads\/2025\/07\/torneio-futsal-ajsc-samora-correia-associacoes-13-1024x640.jpg\" data-width=\"800\" data-height=\"500\" aria-label=\"\" role=\"img\" ><\/div>\n\t\t\t\t\t\t\t\t\t\t\t<div class=\"elementor-gallery-item__overlay\"><\/div>\n\t\t\t\t\t\t\t\t\t\t\t\t\t\t<\/a>\n\t\t\t\t\t\t\t<a class=\"e-gallery-item elementor-gallery-item elementor-animated-content\" href=\"https:\/\/www.cm-benavente.pt\/wp-content\/uploads\/2025\/07\/torneio-futsal-ajsc-samora-correia-associacoes-14-scaled.jpg\" data-elementor-open-lightbox=\"yes\" data-elementor-lightbox-slideshow=\"f02b883\" data-elementor-lightbox-title=\"torneio futsal ajsc samora correia associa\u00e7\u00f5es (14)\" data-e-action-hash=\"#elementor-action%3Aaction%3Dlightbox%26settings%3DeyJpZCI6NzY0ODcsInVybCI6Imh0dHBzOlwvXC93d3cuY20tYmVuYXZlbnRlLnB0XC93cC1jb250ZW50XC91cGxvYWRzXC8yMDI1XC8wN1wvdG9ybmVpby1mdXRzYWwtYWpzYy1zYW1vcmEtY29ycmVpYS1hc3NvY2lhY29lcy0xNC1zY2FsZWQuanBnIiwic2xpZGVzaG93IjoiZjAyYjg4MyJ9\">\n\t\t\t\t\t<div class=\"e-gallery-image elementor-gallery-item__image\" data-thumbnail=\"https:\/\/www.cm-benavente.pt\/wp-content\/uploads\/2025\/07\/torneio-futsal-ajsc-samora-correia-associacoes-14-1024x568.jpg\" data-width=\"800\" data-height=\"444\" aria-label=\"\" role=\"img\" ><\/div>\n\t\t\t\t\t\t\t\t\t\t\t<div class=\"elementor-gallery-item__overlay\"><\/div>\n\t\t\t\t\t\t\t\t\t\t\t\t\t\t<\/a>\n\t\t\t\t\t\t\t<a class=\"e-gallery-item elementor-gallery-item elementor-animated-content\" href=\"https:\/\/www.cm-benavente.pt\/wp-content\/uploads\/2025\/07\/torneio-futsal-ajsc-samora-correia-associacoes-15-scaled.jpg\" data-elementor-open-lightbox=\"yes\" data-elementor-lightbox-slideshow=\"f02b883\" data-elementor-lightbox-title=\"torneio futsal ajsc samora correia associa\u00e7\u00f5es (15)\" data-e-action-hash=\"#elementor-action%3Aaction%3Dlightbox%26settings%3DeyJpZCI6NzY0ODgsInVybCI6Imh0dHBzOlwvXC93d3cuY20tYmVuYXZlbnRlLnB0XC93cC1jb250ZW50XC91cGxvYWRzXC8yMDI1XC8wN1wvdG9ybmVpby1mdXRzYWwtYWpzYy1zYW1vcmEtY29ycmVpYS1hc3NvY2lhY29lcy0xNS1zY2FsZWQuanBnIiwic2xpZGVzaG93IjoiZjAyYjg4MyJ9\">\n\t\t\t\t\t<div class=\"e-gallery-image elementor-gallery-item__image\" data-thumbnail=\"https:\/\/www.cm-benavente.pt\/wp-content\/uploads\/2025\/07\/torneio-futsal-ajsc-samora-correia-associacoes-15-1024x683.jpg\" data-width=\"800\" data-height=\"534\" aria-label=\"\" role=\"img\" ><\/div>\n\t\t\t\t\t\t\t\t\t\t\t<div class=\"elementor-gallery-item__overlay\"><\/div>\n\t\t\t\t\t\t\t\t\t\t\t\t\t\t<\/a>\n\t\t\t\t\t\t\t<a class=\"e-gallery-item elementor-gallery-item elementor-animated-content\" href=\"https:\/\/www.cm-benavente.pt\/wp-content\/uploads\/2025\/07\/torneio-futsal-ajsc-samora-correia-associacoes-16-scaled.jpg\" data-elementor-open-lightbox=\"yes\" data-elementor-lightbox-slideshow=\"f02b883\" data-elementor-lightbox-title=\"torneio futsal ajsc samora correia associa\u00e7\u00f5es (16)\" data-e-action-hash=\"#elementor-action%3Aaction%3Dlightbox%26settings%3DeyJpZCI6NzY0ODksInVybCI6Imh0dHBzOlwvXC93d3cuY20tYmVuYXZlbnRlLnB0XC93cC1jb250ZW50XC91cGxvYWRzXC8yMDI1XC8wN1wvdG9ybmVpby1mdXRzYWwtYWpzYy1zYW1vcmEtY29ycmVpYS1hc3NvY2lhY29lcy0xNi1zY2FsZWQuanBnIiwic2xpZGVzaG93IjoiZjAyYjg4MyJ9\">\n\t\t\t\t\t<div class=\"e-gallery-image elementor-gallery-item__image\" data-thumbnail=\"https:\/\/www.cm-benavente.pt\/wp-content\/uploads\/2025\/07\/torneio-futsal-ajsc-samora-correia-associacoes-16-1024x593.jpg\" data-width=\"800\" data-height=\"463\" aria-label=\"\" role=\"img\" ><\/div>\n\t\t\t\t\t\t\t\t\t\t\t<div class=\"elementor-gallery-item__overlay\"><\/div>\n\t\t\t\t\t\t\t\t\t\t\t\t\t\t<\/a>\n\t\t\t\t\t\t\t<a class=\"e-gallery-item elementor-gallery-item elementor-animated-content\" href=\"https:\/\/www.cm-benavente.pt\/wp-content\/uploads\/2025\/07\/torneio-futsal-ajsc-samora-correia-associacoes-17-scaled.jpg\" data-elementor-open-lightbox=\"yes\" data-elementor-lightbox-slideshow=\"f02b883\" data-elementor-lightbox-title=\"torneio futsal ajsc samora correia associa\u00e7\u00f5es (17)\" data-e-action-hash=\"#elementor-action%3Aaction%3Dlightbox%26settings%3DeyJpZCI6NzY0OTAsInVybCI6Imh0dHBzOlwvXC93d3cuY20tYmVuYXZlbnRlLnB0XC93cC1jb250ZW50XC91cGxvYWRzXC8yMDI1XC8wN1wvdG9ybmVpby1mdXRzYWwtYWpzYy1zYW1vcmEtY29ycmVpYS1hc3NvY2lhY29lcy0xNy1zY2FsZWQuanBnIiwic2xpZGVzaG93IjoiZjAyYjg4MyJ9\">\n\t\t\t\t\t<div class=\"e-gallery-image elementor-gallery-item__image\" data-thumbnail=\"https:\/\/www.cm-benavente.pt\/wp-content\/uploads\/2025\/07\/torneio-futsal-ajsc-samora-correia-associacoes-17-1024x547.jpg\" data-width=\"800\" data-height=\"427\" aria-label=\"\" role=\"img\" ><\/div>\n\t\t\t\t\t\t\t\t\t\t\t<div class=\"elementor-gallery-item__overlay\"><\/div>\n\t\t\t\t\t\t\t\t\t\t\t\t\t\t<\/a>\n\t\t\t\t\t\t\t<a class=\"e-gallery-item elementor-gallery-item elementor-animated-content\" href=\"https:\/\/www.cm-benavente.pt\/wp-content\/uploads\/2025\/07\/torneio-futsal-ajsc-samora-correia-associacoes-18-scaled.jpg\" data-elementor-open-lightbox=\"yes\" data-elementor-lightbox-slideshow=\"f02b883\" data-elementor-lightbox-title=\"torneio futsal ajsc samora correia associa\u00e7\u00f5es (18)\" data-e-action-hash=\"#elementor-action%3Aaction%3Dlightbox%26settings%3DeyJpZCI6NzY0OTEsInVybCI6Imh0dHBzOlwvXC93d3cuY20tYmVuYXZlbnRlLnB0XC93cC1jb250ZW50XC91cGxvYWRzXC8yMDI1XC8wN1wvdG9ybmVpby1mdXRzYWwtYWpzYy1zYW1vcmEtY29ycmVpYS1hc3NvY2lhY29lcy0xOC1zY2FsZWQuanBnIiwic2xpZGVzaG93IjoiZjAyYjg4MyJ9\">\n\t\t\t\t\t<div class=\"e-gallery-image elementor-gallery-item__image\" data-thumbnail=\"https:\/\/www.cm-benavente.pt\/wp-content\/uploads\/2025\/07\/torneio-futsal-ajsc-samora-correia-associacoes-18-1024x505.jpg\" data-width=\"800\" data-height=\"395\" aria-label=\"\" role=\"img\" ><\/div>\n\t\t\t\t\t\t\t\t\t\t\t<div class=\"elementor-gallery-item__overlay\"><\/div>\n\t\t\t\t\t\t\t\t\t\t\t\t\t\t<\/a>\n\t\t\t\t\t\t\t<a class=\"e-gallery-item elementor-gallery-item elementor-animated-content\" href=\"https:\/\/www.cm-benavente.pt\/wp-content\/uploads\/2025\/07\/torneio-futsal-ajsc-samora-correia-associacoes-19-scaled.jpg\" data-elementor-open-lightbox=\"yes\" data-elementor-lightbox-slideshow=\"f02b883\" data-elementor-lightbox-title=\"torneio futsal ajsc samora correia associa\u00e7\u00f5es (19)\" data-e-action-hash=\"#elementor-action%3Aaction%3Dlightbox%26settings%3DeyJpZCI6NzY0OTIsInVybCI6Imh0dHBzOlwvXC93d3cuY20tYmVuYXZlbnRlLnB0XC93cC1jb250ZW50XC91cGxvYWRzXC8yMDI1XC8wN1wvdG9ybmVpby1mdXRzYWwtYWpzYy1zYW1vcmEtY29ycmVpYS1hc3NvY2lhY29lcy0xOS1zY2FsZWQuanBnIiwic2xpZGVzaG93IjoiZjAyYjg4MyJ9\">\n\t\t\t\t\t<div class=\"e-gallery-image elementor-gallery-item__image\" data-thumbnail=\"https:\/\/www.cm-benavente.pt\/wp-content\/uploads\/2025\/07\/torneio-futsal-ajsc-samora-correia-associacoes-19-1024x718.jpg\" data-width=\"800\" data-height=\"561\" aria-label=\"\" role=\"img\" ><\/div>\n\t\t\t\t\t\t\t\t\t\t\t<div class=\"elementor-gallery-item__overlay\"><\/div>\n\t\t\t\t\t\t\t\t\t\t\t\t\t\t<\/a>\n\t\t\t\t\t<\/div>\n\t\t\t\t\t<\/div>\n\t\t\t\t<\/div>\n\t\t\t\t\t<\/div>\n\t\t\t\t<\/div>\n\t\t\t\t<\/div>\n\t\t","protected":false},"excerpt":{"rendered":"<p>Decorreu este fim de semana o Torneio de Futsal Interassocia\u00e7\u00f5es organizado pela Associa\u00e7\u00e3o de Jovens de Samora Correia, no Pavilh\u00e3o Gimnodesportivo do Porto Alto.<\/p>\n","protected":false},"author":3,"featured_media":76472,"comment_status":"closed","ping_status":"closed","sticky":false,"template":"","format":"standard","meta":{"_vp_format_video_url":"","_vp_image_focal_point":[],"footnotes":""},"categories":[475],"tags":[897,782,124,1139,406,27,1010],"class_list":["post-76471","post","type-post","status-publish","format-standard","has-post-thumbnail","hentry","category-desporto","tag-ajsc","tag-associacoes","tag-desporto","tag-futsal","tag-jovens","tag-samora-correia","tag-torneio"],"_links":{"self":[{"href":"https:\/\/www.cm-benavente.pt\/index.php\/wp-json\/wp\/v2\/posts\/76471","targetHints":{"allow":["GET"]}}],"collection":[{"href":"https:\/\/www.cm-benavente.pt\/index.php\/wp-json\/wp\/v2\/posts"}],"about":[{"href":"https:\/\/www.cm-benavente.pt\/index.php\/wp-json\/wp\/v2\/types\/post"}],"author":[{"embeddable":true,"href":"https:\/\/www.cm-benavente.pt\/index.php\/wp-json\/wp\/v2\/users\/3"}],"replies":[{"embeddable":true,"href":"https:\/\/www.cm-benavente.pt\/index.php\/wp-json\/wp\/v2\/comments?post=76471"}],"version-history":[{"count":4,"href":"https:\/\/www.cm-benavente.pt\/index.php\/wp-json\/wp\/v2\/posts\/76471\/revisions"}],"predecessor-version":[{"id":76495,"href":"https:\/\/www.cm-benavente.pt\/index.php\/wp-json\/wp\/v2\/posts\/76471\/revisions\/76495"}],"wp:featuredmedia":[{"embeddable":true,"href":"https:\/\/www.cm-benavente.pt\/index.php\/wp-json\/wp\/v2\/media\/76472"}],"wp:attachment":[{"href":"https:\/\/www.cm-benavente.pt\/index.php\/wp-json\/wp\/v2\/media?parent=76471"}],"wp:term":[{"taxonomy":"category","embeddable":true,"href":"https:\/\/www.cm-benavente.pt\/index.php\/wp-json\/wp\/v2\/categories?post=76471"},{"taxonomy":"post_tag","embeddable":true,"href":"https:\/\/www.cm-benavente.pt\/index.php\/wp-json\/wp\/v2\/tags?post=76471"}],"curies":[{"name":"wp","href":"https:\/\/api.w.org\/{rel}","templated":true}]}}