{"id":76390,"date":"2025-07-11T15:46:26","date_gmt":"2025-07-11T15:46:26","guid":{"rendered":"https:\/\/www.cm-benavente.pt\/?p=76390"},"modified":"2025-07-11T15:48:41","modified_gmt":"2025-07-11T15:48:41","slug":"transportes-escolares-2025-2026-candidaturas-abertas","status":"publish","type":"post","link":"https:\/\/www.cm-benavente.pt\/index.php\/2025\/07\/11\/transportes-escolares-2025-2026-candidaturas-abertas\/","title":{"rendered":"Transportes Escolares 2025\/2026 \u2013 Candidaturas Abertas"},"content":{"rendered":"\t\t<div data-elementor-type=\"wp-post\" data-elementor-id=\"76390\" class=\"elementor elementor-76390\" data-elementor-post-type=\"post\">\n\t\t\t\t<div class=\"elementor-element elementor-element-c0b939a e-flex e-con-boxed e-con e-parent\" data-id=\"c0b939a\" data-element_type=\"container\" data-e-type=\"container\" data-settings=\"{&quot;tmea_shape_divider_top&quot;:&quot;none&quot;,&quot;tmea_shape_divider_bottom&quot;:&quot;none&quot;}\">\n\t\t\t\t\t<div class=\"e-con-inner\">\n\t\t\n\t\t<div class=\"elementor-element elementor-element-a296b38 elementor-widget elementor-widget-text-editor\" data-id=\"a296b38\" data-element_type=\"widget\" data-e-type=\"widget\" data-widget_type=\"text-editor.default\">\n\t\t\t\t<div class=\"elementor-widget-container\">\n\t\t\t\t\t\t\t\t\t<p>A organiza\u00e7\u00e3o e gest\u00e3o da rede de transportes escolares \u00e9 uma compet\u00eancia do Munic\u00edpio, envolvendo todos os alunos residentes no Concelho que frequentam o <strong>Ensino B\u00e1sico e Secund\u00e1rio<\/strong>, quando<strong> residem a mais de 3 Km do estabelecimento de ensino<\/strong>.<\/p><p>Na \u00e1rea do Munic\u00edpio <strong>a rede de transportes escolares inclui<\/strong>:<\/p><p style=\"padding-left: 40px;\">\u2013 Circuitos especiais municipais<\/p><p style=\"padding-left: 40px;\">\u2013 Circuito de aluguer<\/p><p><strong>A candidatura dever\u00e1 ser formalizada na plataforma <a href=\"https:\/\/node3.siga.edubox.pt\/backoffice\/modulos\/Candidaturas\/ExternalAccess.aspx?m=499&amp;t=499&amp;Guid=3e787da6-2d8c-40da-b07a-9f46003e5ecf\" target=\"_blank\" rel=\"noopener\">SIGA<\/a><\/strong><\/p><p>As candidaturas t\u00eam como <strong>prazo limite o dia 29 de agosto de 2025<\/strong><\/p><p>Qualquer d\u00favida contacte atrav\u00e9s do email <a href=\"mailto:educacao@cm-benavente.pt\">educacao@cm-benavente.pt<\/a> ou pelo telefone <a href=\"tel:263519645\">263 519 645<\/a>.<\/p>\t\t\t\t\t\t\t\t<\/div>\n\t\t\t\t<\/div>\n\t\t\t\t\t<\/div>\n\t\t\t\t<\/div>\n\t\t\t\t<\/div>\n\t\t","protected":false},"excerpt":{"rendered":"<p>A organiza\u00e7\u00e3o e gest\u00e3o da rede de transportes escolares \u00e9 uma compet\u00eancia do Munic\u00edpio, envolvendo todos os alunos residentes no Concelho que frequentam o Ensino B\u00e1sico e Secund\u00e1rio, quando residem a mais de 3 Km do estabelecimento de ensino.<\/p>\n","protected":false},"author":3,"featured_media":76391,"comment_status":"closed","ping_status":"closed","sticky":false,"template":"","format":"standard","meta":{"_vp_format_video_url":"","_vp_image_focal_point":[],"footnotes":""},"categories":[486,554],"tags":[185,16,70,7,479,27,13,2992],"class_list":["post-76390","post","type-post","status-publish","format-standard","has-post-thumbnail","hentry","category-apoios","category-educacao","tag-barrosa","tag-benavente","tag-educacao","tag-escola","tag-municipio-de-benavente","tag-samora-correia","tag-santo-estevao","tag-transportes-escolares"],"_links":{"self":[{"href":"https:\/\/www.cm-benavente.pt\/index.php\/wp-json\/wp\/v2\/posts\/76390","targetHints":{"allow":["GET"]}}],"collection":[{"href":"https:\/\/www.cm-benavente.pt\/index.php\/wp-json\/wp\/v2\/posts"}],"about":[{"href":"https:\/\/www.cm-benavente.pt\/index.php\/wp-json\/wp\/v2\/types\/post"}],"author":[{"embeddable":true,"href":"https:\/\/www.cm-benavente.pt\/index.php\/wp-json\/wp\/v2\/users\/3"}],"replies":[{"embeddable":true,"href":"https:\/\/www.cm-benavente.pt\/index.php\/wp-json\/wp\/v2\/comments?post=76390"}],"version-history":[{"count":4,"href":"https:\/\/www.cm-benavente.pt\/index.php\/wp-json\/wp\/v2\/posts\/76390\/revisions"}],"predecessor-version":[{"id":76395,"href":"https:\/\/www.cm-benavente.pt\/index.php\/wp-json\/wp\/v2\/posts\/76390\/revisions\/76395"}],"wp:featuredmedia":[{"embeddable":true,"href":"https:\/\/www.cm-benavente.pt\/index.php\/wp-json\/wp\/v2\/media\/76391"}],"wp:attachment":[{"href":"https:\/\/www.cm-benavente.pt\/index.php\/wp-json\/wp\/v2\/media?parent=76390"}],"wp:term":[{"taxonomy":"category","embeddable":true,"href":"https:\/\/www.cm-benavente.pt\/index.php\/wp-json\/wp\/v2\/categories?post=76390"},{"taxonomy":"post_tag","embeddable":true,"href":"https:\/\/www.cm-benavente.pt\/index.php\/wp-json\/wp\/v2\/tags?post=76390"}],"curies":[{"name":"wp","href":"https:\/\/api.w.org\/{rel}","templated":true}]}}