{"id":758,"date":"2021-05-14T09:29:59","date_gmt":"2021-05-14T09:29:59","guid":{"rendered":"https:\/\/www.cm-benavente.pt\/?p=758"},"modified":"2021-05-14T09:31:09","modified_gmt":"2021-05-14T09:31:09","slug":"marco-mes-da-mulher-entrevista-vera-costa-bombeira-bombeiros-voluntarios-de-benavente","status":"publish","type":"post","link":"https:\/\/www.cm-benavente.pt\/index.php\/2021\/05\/14\/marco-mes-da-mulher-entrevista-vera-costa-bombeira-bombeiros-voluntarios-de-benavente\/","title":{"rendered":"Mar\u00e7o M\u00eas da Mulher, Entrevista Vera Costa, Bombeira, Bombeiros Volunt\u00e1rios de Benavente"},"content":{"rendered":"\t\t<div data-elementor-type=\"wp-post\" data-elementor-id=\"758\" class=\"elementor elementor-758\" data-elementor-post-type=\"post\">\n\t\t\t\t\t\t<section class=\"elementor-section elementor-top-section elementor-element elementor-element-536be85 elementor-section-boxed elementor-section-height-default elementor-section-height-default\" data-id=\"536be85\" data-element_type=\"section\" data-e-type=\"section\" data-settings=\"{&quot;tmea_shape_divider_top&quot;:&quot;none&quot;,&quot;tmea_shape_divider_bottom&quot;:&quot;none&quot;}\">\n\t\t\t\t\t\t<div class=\"elementor-container elementor-column-gap-default\">\n\t\t\t\t\t<div class=\"elementor-column elementor-col-100 elementor-top-column elementor-element elementor-element-4d8ca66\" data-id=\"4d8ca66\" data-element_type=\"column\" data-e-type=\"column\">\n\t\t\t<div class=\"elementor-widget-wrap elementor-element-populated\">\n\t\t\t\t\n\t\t<div class=\"elementor-element elementor-element-cdf595a elementor-widget elementor-widget-text-editor\" data-id=\"cdf595a\" data-element_type=\"widget\" data-e-type=\"widget\" data-widget_type=\"text-editor.default\">\n\t\t\t\t<div class=\"elementor-widget-container\">\n\t\t\t\t\t\t\t\t\t<p>Estamos no Quartel dos\u00a0<strong>Bombeiros Volunt\u00e1rios de Benavente<\/strong>\u00a0e ao meu lado tenho\u00a0<strong>Vera Costa<\/strong>, bombeira h\u00e1 21 anos.<\/p><p>Quando eras menina, j\u00e1 sonhavas ser bombeira?<\/p><p>Nunca tive esse sonho, eu achava que quando fosse grande queria ser m\u00e9dica. Mas o meu pai sempre esteve ligado aos bombeiros, a minha fam\u00edlia toda. O meu pai \u00e9 bombeiro h\u00e1 35 anos e eu enveredei pela causa e sigo por o meu pai l\u00e1 estar e aos poucos fui vendo que estava dentro de mim ajudar o pr\u00f3ximo.<\/p>\t\t\t\t\t\t\t\t<\/div>\n\t\t\t\t<\/div>\n\t\t\t\t\t<\/div>\n\t\t<\/div>\n\t\t\t\t\t<\/div>\n\t\t<\/section>\n\t\t\t\t<section class=\"elementor-section elementor-top-section elementor-element elementor-element-b9f0007 elementor-section-boxed elementor-section-height-default elementor-section-height-default\" data-id=\"b9f0007\" data-element_type=\"section\" data-e-type=\"section\" data-settings=\"{&quot;tmea_shape_divider_top&quot;:&quot;none&quot;,&quot;tmea_shape_divider_bottom&quot;:&quot;none&quot;}\">\n\t\t\t\t\t\t<div class=\"elementor-container elementor-column-gap-default\">\n\t\t\t\t\t<div class=\"elementor-column elementor-col-100 elementor-top-column elementor-element elementor-element-195cf6d\" data-id=\"195cf6d\" data-element_type=\"column\" data-e-type=\"column\">\n\t\t\t<div class=\"elementor-widget-wrap elementor-element-populated\">\n\t\t\t\t\t\t<div class=\"elementor-element elementor-element-c98aecd elementor-widget elementor-widget-video\" data-id=\"c98aecd\" data-element_type=\"widget\" data-e-type=\"widget\" data-settings=\"{&quot;youtube_url&quot;:&quot;https:\\\/\\\/youtu.be\\\/yvWdU6I1I1g&quot;,&quot;video_type&quot;:&quot;youtube&quot;,&quot;controls&quot;:&quot;yes&quot;}\" data-widget_type=\"video.default\">\n\t\t\t\t<div class=\"elementor-widget-container\">\n\t\t\t\t\t\t\t<div class=\"elementor-wrapper elementor-open-inline\">\n\t\t\t<div class=\"elementor-video\"><\/div>\t\t<\/div>\n\t\t\t\t\t\t<\/div>\n\t\t\t\t<\/div>\n\t\t\t\t\t<\/div>\n\t\t<\/div>\n\t\t\t\t\t<\/div>\n\t\t<\/section>\n\t\t\t\t<section class=\"elementor-section elementor-top-section elementor-element elementor-element-85f5a8a elementor-section-boxed elementor-section-height-default elementor-section-height-default\" data-id=\"85f5a8a\" data-element_type=\"section\" data-e-type=\"section\" data-settings=\"{&quot;tmea_shape_divider_top&quot;:&quot;none&quot;,&quot;tmea_shape_divider_bottom&quot;:&quot;none&quot;}\">\n\t\t\t\t\t\t<div class=\"elementor-container elementor-column-gap-default\">\n\t\t\t\t\t<div class=\"elementor-column elementor-col-100 elementor-top-column elementor-element elementor-element-4552de1\" data-id=\"4552de1\" data-element_type=\"column\" data-e-type=\"column\">\n\t\t\t<div class=\"elementor-widget-wrap elementor-element-populated\">\n\t\t\t\t\t\t<div class=\"elementor-element elementor-element-433cd50 elementor-widget elementor-widget-text-editor\" data-id=\"433cd50\" data-element_type=\"widget\" data-e-type=\"widget\" data-widget_type=\"text-editor.default\">\n\t\t\t\t<div class=\"elementor-widget-container\">\n\t\t\t\t\t\t\t\t\t<p>Essa sempre foi a tua motiva\u00e7\u00e3o?<\/p><p>Sim, olhar o pr\u00f3ximo sem nunca olhar a que deem ou n\u00e3o deem. Ajudar, est\u00e1 em mim ajudar.<\/p><p>Nestes 21 anos tens algum epis\u00f3dio em que tenhas pensado ou colocado em causa: continuo ou vou mudar a minha vida radicalmente?<\/p><p>Sim, ao n\u00edvel da emerg\u00eancia pr\u00e9 hospitalar a gente passa um bocadinho e vimos quando temos algu\u00e9m do nosso lado que nos diz algo, \u00a0\u00e9 muito mais dif\u00edcil do que um popular que n\u00f3s conhecemos, n\u00e3o deixa de ser dif\u00edcil porque nos custa ver o sofrimento da pessoa, mas quando\u00a0 \u00e9 algu\u00e9m nosso \u00e9 muito dif\u00edcil. Na altura tive um tio que faleceu de um acidente de via\u00e7\u00e3o onde fui eu a primeira a chegar ao local, nunca deixei de fazer aquilo que tinha a fazer, mas foi muito complicado. No fim da m\u00e9dica me dizer que n\u00e3o havia mais nada a fazer, parece que o mundo ia desabar ali \u00e0 minha volta e pensei: Isto n\u00e3o \u00e9 para mim, eu vou lidar com outras situa\u00e7\u00f5es iguais e ainda por cima isto foi logo ao inicio de estar nos bombeiros a trabalhar como profissional. Pensei mesmo desistir, mas felizmente algo me chamou e algo me disse que era mais forte ficar e hoje continuo c\u00e1, forte.<\/p><p>\u00a0<\/p><p>\u00c9 dif\u00edcil ou consegues separar a\u00a0<strong>Vera<\/strong>\u00a0bombeira e a Mulher ou as duas vivem o dia inteiro contigo, as 24 horas por dia?<\/p><p>As duas vivem o dia inteiro comigo. N\u00e3o consigo. Sempre foi uma coisa que a psic\u00f3loga disse na altura em que n\u00f3s tir\u00e1mos o TAS me disse foi: Vera tu tens que p\u00f4r os teus sentimentos \u00e0 parte daquilo que \u00e9 o teu trabalho diariamente e eu n\u00e3o consigo.<\/p><p>Dar-lhe o exemplo desta altura da pandemia. Eu agora chegava a casa e muitas vezes e muitas vezes estava com os meus pais a jantar e as l\u00e1grimas a ca\u00edrem-me por tudo aquilo que vimos e que est\u00e1vamos a passar. Esperemos que n\u00e3o vamos passar o mesmo, porque foi muito dif\u00edcil.<\/p><p>J\u00e1 que falaste aqui na Pandemia, tu foste uma das pessoas que estiveste muito nesta frente da Pandemia. Quando isto come\u00e7a, quando surge, e que n\u00f3s est\u00e1vamos a viver isto completamente at\u00edpico nas nossas vidas. Assustou-te? Tiveste medo?<\/p><p>Sim. Eu trabalho nos bombeiros como j\u00e1 disse, e conforme eu tamb\u00e9m outras caras do corpo feminino e do corpo masculino a darmos o \u201ccorpo \u00e0s balas\u201d, como se costuma dizer. N\u00f3s vimos coisas que n\u00e3o dever\u00edamos ver.<\/p><p>A pessoa n\u00e3o deveria sofrer tanto por isto acontecer.\u00a0<\/p><p>\u00c9 uma coisa que me toca, ainda n\u00e3o est\u00e1 sarado e n\u00e3o vai ficar sarado muito facilmente.<\/p><p>\u00a0<\/p><p>Mas quiseste estar sempre na linha da frente.<\/p><p>Sim. Pensei muitos dias, de manh\u00e3 quando me levantava para vir trabalhar, que n\u00e3o era capaz. Ia lidar com mais do mesmo, ia ver coisas que n\u00e3o deveria de ver, infelizmente. Mas depois l\u00e1 pensava: as pessoas precisam de mim, eu tenho ajudar\u2026<\/p><p>\u00a0<\/p><p>E pensavas tamb\u00e9m na fam\u00edlia? Quando deixavas a tua fam\u00edlia.<\/p><p>Eu tive dias em que o meu trabalho era das seta da manh\u00e3 \u00e0s tr\u00eas da tarde, ficava aqui e j\u00e1 n\u00e3o ia dormir a casa. Houve dias em que n\u00e3o fui dormir a casa para proteger os meus pais e o meu sobrinho que tem 22 meses, e o meu irm\u00e3o \u00e9 bombeiro e a minha cunhada. Tinha que pensar neles, principalmente neles, j\u00e1 n\u00e3o era em mim. Se tiver que apanhar apanhei, felizmente nunca me tocou a mim, tocou ao meu irm\u00e3o e a colegas meus aqui dentro, mas tive muito medo, principalmente pelo menino que tem 22 meses e a gente n\u00e3o sabe o que poderia acontecer. a muleta \u201cdiz-me uma coisa\u2026<\/p><p>Enquanto mulher, alguma das vezes, profissionalmente, sentiste que se fosses homem a coisa era diferente? Tiveste que te afirmar enquanto mulher. Achas que as mulheres de hoje em dia t\u00eam que se afirmar mais?<\/p><p>N\u00e3o \u00e9 a quest\u00e3o do afirmar, o direito de igualdade \u00e9 para todos.\u00a0 E dar o \u201ccorpo \u00e0s balas\u201d para aquilo que nos \u00e9 proposto tamb\u00e9m damos.\u00a0 Se calhar com um bocadinho de dificuldade, diferente de um homem, mas por exemplo nos inc\u00eandios florestais: eu lembro-me de ter ido uma vez para um inc\u00eandio no Caramulo, onde eu achei que estava no fim do mundo e achei que aquilo n\u00e3o era para mim. Eu n\u00e3o venho m\u00e3os para inc\u00eandios. Mas depois pensei: eu tenho ali quatro elementos da minha equipa e eu tenho que dar o corpo tamb\u00e9m por eles, tenho que fazer aquilo que eles fazem. Um bocadinho menos, porque se calhar n\u00e3o tenho tanta for\u00e7a e tanta capacidade de resposta como eles, mas vou fazer por isso. E foi aquilo que eu fiz at\u00e9 ao dia de hoje.<\/p><p>\u00a0<\/p><p>Olhamos hoje para o mundo. O que \u00e9 que mais te preocupa a n\u00edvel mundial?<\/p><p>O que me preocupa \u00e9 as pessoas serem ego\u00edstas e s\u00f3 olharem para o umbigo delas e n\u00e3o nos darem o direito de igualdade.<\/p><p>\u00a0<\/p><p>Achas que n\u00e3o se deu o grande passo?<\/p><p>Se calhar o passo at\u00e9 j\u00e1 se deu mas eu como penso muito nos outros e n\u00e3o em mim, acho que dever\u00edamos estar um bocadinho mais \u00e0 vontade. Sermos mais amplos.<\/p><p>O pensamento n\u00e3o pode ser sempre para n\u00f3s: eu, eu, eu. N\u00e3o. Tem que ser globalmente. Mais abrangente.<\/p><p>\u00a0<\/p><p>Qual era o teu grande sonho?<\/p><p>O meu grande sonho era ter todos \u00e0 minha volta bem, cheios de sa\u00fade e ningu\u00e9m passar dificuldades.<\/p><p>\u00a0<\/p><p>Esse era o teu mundo perfeito.<\/p><p>Desde que as pessoas de quem eu gosto e aquelas que me rodeiam, mas principalmente o mundo todo, \u00e9 mesmo assim. Mas aquelas de quem eu gosto e que me rodeiam estejam bem, para mim, eu penso sempre mais nos outros do que em mim. Para mim os outros s\u00e3o tudo. Se eles est\u00e3o felizes, eu estou feliz.<\/p><p>\u00a0<\/p><p>Para al\u00e9m dos bombeiros, na tua vida, no teu dia a dia, enquanto mulher nesta sociedade, tu \u00e9s de Benavente, trabalhas em Benavente, \u00e9 f\u00e1cil viver-se e trabalhar-se no mesmo lugar?<\/p><p>Eu penso que sim porque a minha vida \u00e9 isto, casa, bombeiros e amigos. Neste per\u00edodo n\u00e3o podemos estar com os amigos que \u00e9 isso que nos custa mais, e com a fam\u00edlia, mas \u00e9 f\u00e1cil porque toda a gente me conhece, \u00e9 a\u00a0<strong>Vera<\/strong>. Vai ali a manina dos bombeiros. Oh Pai, esta menina \u00e9 aquela que me levou. \u00c9 recompensante.<\/p><p>\u00a0<\/p><p>Sentes-te acarinhada?<\/p><p>Sim. Tamb\u00e9m fa\u00e7o por isso n\u00e3o por parecer bem, fa\u00e7o por isso porque \u00e9 meu, est\u00e1 em mim: acarinhar, ajudar, quando posso e enquanto c\u00e1 estiver \u00e9 o que eu vou fazer. Dar colo. Eu costumo dizer aos nossos velhinhos que transportas, eles chamam-nos princesas, e eu trato os meus doentes todas por princesas e amores\u00a0 mas, um simples aperto de m\u00e3o, nesta altura do campeonato em que n\u00e3o se pode dar mais nada, para mim \u00e9 tudo.<\/p><p>Um pequeno toque.<\/p><p>Um miminho que seja. Passar a m\u00e3o pela cara, uma luva com uma m\u00e1scara. Esta semana fui fazer uma emerg\u00eancia aqui em Benavente, de um menino, em que a primeira coisa, quando l\u00e1 chego equipada da cabe\u00e7a aos p\u00e9s e ele n\u00e3o sabia que era eu, foi vir dar-me um beijo e um abra\u00e7o.\u00a0 Eu ia dizer que n\u00e3o? N\u00e3o. Seja o que Deus quiser, um beijo e um abra\u00e7o.<\/p><p>\u00a0<\/p><p>Pessoalmente, achas que estes momentos \u00a0que estamos a viver te deixam marcas na Vera mulher ou na Vera bombeira?<\/p><p>Na\u00a0\u00a0<strong>Vera<\/strong>\u00a0mulher. A farda pode importar, mas isto sou eu. Estas marcas n\u00e3o poderiam deixar de existir porque \u00e9 meu. Eu dou de mim a tudo.<\/p><p>\u00a0<\/p><p><strong>Vera<\/strong>, foi um prazer falar contigo, desejar-te as melhores felicidades em nome do munic\u00edpio de Benavente. Tu \u00e9s este ano um dos rostos, mas representas todas as mulheres, em todas as corpora\u00e7\u00f5es de bombeiros deste pa\u00eds.\u00a0<\/p><p>\u00c9 isso que eu quero passar, eu s\u00f3 dei a cara para a fotografia, mas eu represento todo o corpo ativo e todas as mulheres, bombeiras a n\u00edvel nacional.<\/p><p>\u00a0<\/p><p>Foi um prazer muito grande, tudo a correr pelo melhor. E que daqui a um ano j\u00e1 possamos estar aqui a falar um com o outro, sem m\u00e1scara.<\/p><p>\u00a0<\/p><p>Entrevista: Joaquim Salvador<\/p>\t\t\t\t\t\t\t\t<\/div>\n\t\t\t\t<\/div>\n\t\t\t\t\t<\/div>\n\t\t<\/div>\n\t\t\t\t\t<\/div>\n\t\t<\/section>\n\t\t\t\t<\/div>\n\t\t","protected":false},"excerpt":{"rendered":"<p>Estamos no Quartel dos&nbsp;Bombeiros Volunt\u00e1rios de Benavente&nbsp;e ao meu lado tenho&nbsp;Vera Costa, bombeira h\u00e1 21 anos. Quando eras menina, j\u00e1 sonhavas ser bombeira? Nunca tive esse sonho, eu achava que quando fosse grande queria ser m\u00e9dica. Mas o meu pai sempre esteve ligado aos bombeiros, a minha fam\u00edlia toda. O meu pai \u00e9 bombeiro h\u00e1 [&hellip;]<\/p>\n","protected":false},"author":5,"featured_media":763,"comment_status":"open","ping_status":"open","sticky":false,"template":"","format":"standard","meta":{"_vp_format_video_url":"","_vp_image_focal_point":[],"footnotes":""},"categories":[3],"tags":[16,170,153,152,169,171],"class_list":["post-758","post","type-post","status-publish","format-standard","has-post-thumbnail","hentry","category-noticias","tag-benavente","tag-bombeiros","tag-entrevista","tag-mes-da-mulher","tag-vera-costa","tag-voluntarios"],"_links":{"self":[{"href":"https:\/\/www.cm-benavente.pt\/index.php\/wp-json\/wp\/v2\/posts\/758","targetHints":{"allow":["GET"]}}],"collection":[{"href":"https:\/\/www.cm-benavente.pt\/index.php\/wp-json\/wp\/v2\/posts"}],"about":[{"href":"https:\/\/www.cm-benavente.pt\/index.php\/wp-json\/wp\/v2\/types\/post"}],"author":[{"embeddable":true,"href":"https:\/\/www.cm-benavente.pt\/index.php\/wp-json\/wp\/v2\/users\/5"}],"replies":[{"embeddable":true,"href":"https:\/\/www.cm-benavente.pt\/index.php\/wp-json\/wp\/v2\/comments?post=758"}],"version-history":[{"count":0,"href":"https:\/\/www.cm-benavente.pt\/index.php\/wp-json\/wp\/v2\/posts\/758\/revisions"}],"wp:featuredmedia":[{"embeddable":true,"href":"https:\/\/www.cm-benavente.pt\/index.php\/wp-json\/wp\/v2\/media\/763"}],"wp:attachment":[{"href":"https:\/\/www.cm-benavente.pt\/index.php\/wp-json\/wp\/v2\/media?parent=758"}],"wp:term":[{"taxonomy":"category","embeddable":true,"href":"https:\/\/www.cm-benavente.pt\/index.php\/wp-json\/wp\/v2\/categories?post=758"},{"taxonomy":"post_tag","embeddable":true,"href":"https:\/\/www.cm-benavente.pt\/index.php\/wp-json\/wp\/v2\/tags?post=758"}],"curies":[{"name":"wp","href":"https:\/\/api.w.org\/{rel}","templated":true}]}}