{"id":75087,"date":"2025-06-16T16:04:56","date_gmt":"2025-06-16T16:04:56","guid":{"rendered":"https:\/\/www.cm-benavente.pt\/?p=75087"},"modified":"2025-06-16T16:05:58","modified_gmt":"2025-06-16T16:05:58","slug":"uscb-promoveu-encontro-com-antonio-mota-redol-filho-de-alves-redol-em-benavente","status":"publish","type":"post","link":"https:\/\/www.cm-benavente.pt\/index.php\/2025\/06\/16\/uscb-promoveu-encontro-com-antonio-mota-redol-filho-de-alves-redol-em-benavente\/","title":{"rendered":"USCB promoveu encontro com Ant\u00f3nio Mota Redol (filho de Alves Redol), em Benavente"},"content":{"rendered":"\t\t<div data-elementor-type=\"wp-post\" data-elementor-id=\"75087\" class=\"elementor elementor-75087\" data-elementor-post-type=\"post\">\n\t\t\t\t<div class=\"elementor-element elementor-element-21bbbe4 e-flex e-con-boxed e-con e-parent\" data-id=\"21bbbe4\" data-element_type=\"container\" data-e-type=\"container\" data-settings=\"{&quot;tmea_shape_divider_top&quot;:&quot;none&quot;,&quot;tmea_shape_divider_bottom&quot;:&quot;none&quot;}\">\n\t\t\t\t\t<div class=\"e-con-inner\">\n\t\t\n\t\t<div class=\"elementor-element elementor-element-a714223 elementor-widget elementor-widget-text-editor\" data-id=\"a714223\" data-element_type=\"widget\" data-e-type=\"widget\" data-widget_type=\"text-editor.default\">\n\t\t\t\t<div class=\"elementor-widget-container\">\n\t\t\t\t\t\t\t\t\t<p>O <strong>audit\u00f3rio da Junta de Freguesia de Benavente<\/strong> acolheu o Encontro com <strong>Ant\u00f3nio Mota Redol<\/strong> (filho do escritor <strong>Alves Redol<\/strong>), que veio falar sobre a obra de seu pai, sobre o Movimento do Neorrealismo, bem como de outros temas no \u00e2mbito da sua profunda liga\u00e7\u00e3o ao Ribatejo. <\/p><p>Uma iniciativa muito interessante promovida pela <strong>disciplina de Literatura<\/strong> da <strong>Universidade S\u00e9nior do Concelho de Benavente<\/strong>.<\/p>\t\t\t\t\t\t\t\t<\/div>\n\t\t\t\t<\/div>\n\t\t\t\t<div class=\"elementor-element elementor-element-6faef41 elementor-widget elementor-widget-gallery\" data-id=\"6faef41\" data-element_type=\"widget\" data-e-type=\"widget\" data-settings=\"{&quot;columns&quot;:7,&quot;lazyload&quot;:&quot;yes&quot;,&quot;gallery_layout&quot;:&quot;grid&quot;,&quot;columns_tablet&quot;:2,&quot;columns_mobile&quot;:1,&quot;gap&quot;:{&quot;unit&quot;:&quot;px&quot;,&quot;size&quot;:10,&quot;sizes&quot;:[]},&quot;gap_widescreen&quot;:{&quot;unit&quot;:&quot;px&quot;,&quot;size&quot;:&quot;&quot;,&quot;sizes&quot;:[]},&quot;gap_laptop&quot;:{&quot;unit&quot;:&quot;px&quot;,&quot;size&quot;:10,&quot;sizes&quot;:[]},&quot;gap_tablet_extra&quot;:{&quot;unit&quot;:&quot;px&quot;,&quot;size&quot;:10,&quot;sizes&quot;:[]},&quot;gap_tablet&quot;:{&quot;unit&quot;:&quot;px&quot;,&quot;size&quot;:10,&quot;sizes&quot;:[]},&quot;gap_mobile_extra&quot;:{&quot;unit&quot;:&quot;px&quot;,&quot;size&quot;:10,&quot;sizes&quot;:[]},&quot;gap_mobile&quot;:{&quot;unit&quot;:&quot;px&quot;,&quot;size&quot;:10,&quot;sizes&quot;:[]},&quot;link_to&quot;:&quot;file&quot;,&quot;aspect_ratio&quot;:&quot;3:2&quot;,&quot;overlay_background&quot;:&quot;yes&quot;,&quot;content_hover_animation&quot;:&quot;fade-in&quot;}\" data-widget_type=\"gallery.default\">\n\t\t\t\t<div class=\"elementor-widget-container\">\n\t\t\t\t\t\t\t<div class=\"elementor-gallery__container\">\n\t\t\t\t\t\t\t<a class=\"e-gallery-item elementor-gallery-item elementor-animated-content\" href=\"https:\/\/www.cm-benavente.pt\/wp-content\/uploads\/2025\/06\/coloquio-alves-redol-universidade-senior-concelho-benavente-1-scaled.jpg\" data-elementor-open-lightbox=\"yes\" data-elementor-lightbox-slideshow=\"6faef41\" data-elementor-lightbox-title=\"col\u00f3quio alves redol universidade senior concelho benavente (1)\" data-e-action-hash=\"#elementor-action%3Aaction%3Dlightbox%26settings%3DeyJpZCI6NzUwOTAsInVybCI6Imh0dHBzOlwvXC93d3cuY20tYmVuYXZlbnRlLnB0XC93cC1jb250ZW50XC91cGxvYWRzXC8yMDI1XC8wNlwvY29sb3F1aW8tYWx2ZXMtcmVkb2wtdW5pdmVyc2lkYWRlLXNlbmlvci1jb25jZWxoby1iZW5hdmVudGUtMS1zY2FsZWQuanBnIiwic2xpZGVzaG93IjoiNmZhZWY0MSJ9\">\n\t\t\t\t\t<div class=\"e-gallery-image elementor-gallery-item__image\" data-thumbnail=\"https:\/\/www.cm-benavente.pt\/wp-content\/uploads\/2025\/06\/coloquio-alves-redol-universidade-senior-concelho-benavente-1-1024x536.jpg\" data-width=\"800\" data-height=\"419\" aria-label=\"\" role=\"img\" ><\/div>\n\t\t\t\t\t\t\t\t\t\t\t<div class=\"elementor-gallery-item__overlay\"><\/div>\n\t\t\t\t\t\t\t\t\t\t\t\t\t\t<\/a>\n\t\t\t\t\t\t\t<a class=\"e-gallery-item elementor-gallery-item elementor-animated-content\" href=\"https:\/\/www.cm-benavente.pt\/wp-content\/uploads\/2025\/06\/coloquio-alves-redol-universidade-senior-concelho-benavente-2-scaled.jpg\" data-elementor-open-lightbox=\"yes\" data-elementor-lightbox-slideshow=\"6faef41\" data-elementor-lightbox-title=\"col\u00f3quio alves redol universidade senior concelho benavente (2)\" data-e-action-hash=\"#elementor-action%3Aaction%3Dlightbox%26settings%3DeyJpZCI6NzUwOTEsInVybCI6Imh0dHBzOlwvXC93d3cuY20tYmVuYXZlbnRlLnB0XC93cC1jb250ZW50XC91cGxvYWRzXC8yMDI1XC8wNlwvY29sb3F1aW8tYWx2ZXMtcmVkb2wtdW5pdmVyc2lkYWRlLXNlbmlvci1jb25jZWxoby1iZW5hdmVudGUtMi1zY2FsZWQuanBnIiwic2xpZGVzaG93IjoiNmZhZWY0MSJ9\">\n\t\t\t\t\t<div class=\"e-gallery-image elementor-gallery-item__image\" data-thumbnail=\"https:\/\/www.cm-benavente.pt\/wp-content\/uploads\/2025\/06\/coloquio-alves-redol-universidade-senior-concelho-benavente-2-1024x568.jpg\" data-width=\"800\" data-height=\"444\" aria-label=\"\" role=\"img\" ><\/div>\n\t\t\t\t\t\t\t\t\t\t\t<div class=\"elementor-gallery-item__overlay\"><\/div>\n\t\t\t\t\t\t\t\t\t\t\t\t\t\t<\/a>\n\t\t\t\t\t\t\t<a class=\"e-gallery-item elementor-gallery-item elementor-animated-content\" href=\"https:\/\/www.cm-benavente.pt\/wp-content\/uploads\/2025\/06\/coloquio-alves-redol-universidade-senior-concelho-benavente-3-scaled.jpg\" data-elementor-open-lightbox=\"yes\" data-elementor-lightbox-slideshow=\"6faef41\" data-elementor-lightbox-title=\"col\u00f3quio alves redol universidade senior concelho benavente (3)\" data-e-action-hash=\"#elementor-action%3Aaction%3Dlightbox%26settings%3DeyJpZCI6NzUwOTIsInVybCI6Imh0dHBzOlwvXC93d3cuY20tYmVuYXZlbnRlLnB0XC93cC1jb250ZW50XC91cGxvYWRzXC8yMDI1XC8wNlwvY29sb3F1aW8tYWx2ZXMtcmVkb2wtdW5pdmVyc2lkYWRlLXNlbmlvci1jb25jZWxoby1iZW5hdmVudGUtMy1zY2FsZWQuanBnIiwic2xpZGVzaG93IjoiNmZhZWY0MSJ9\">\n\t\t\t\t\t<div class=\"e-gallery-image elementor-gallery-item__image\" data-thumbnail=\"https:\/\/www.cm-benavente.pt\/wp-content\/uploads\/2025\/06\/coloquio-alves-redol-universidade-senior-concelho-benavente-3-1024x605.jpg\" data-width=\"800\" data-height=\"473\" aria-label=\"\" role=\"img\" ><\/div>\n\t\t\t\t\t\t\t\t\t\t\t<div class=\"elementor-gallery-item__overlay\"><\/div>\n\t\t\t\t\t\t\t\t\t\t\t\t\t\t<\/a>\n\t\t\t\t\t\t\t<a class=\"e-gallery-item elementor-gallery-item elementor-animated-content\" href=\"https:\/\/www.cm-benavente.pt\/wp-content\/uploads\/2025\/06\/coloquio-alves-redol-universidade-senior-concelho-benavente-4-scaled.jpg\" data-elementor-open-lightbox=\"yes\" data-elementor-lightbox-slideshow=\"6faef41\" data-elementor-lightbox-title=\"col\u00f3quio alves redol universidade senior concelho benavente (4)\" data-e-action-hash=\"#elementor-action%3Aaction%3Dlightbox%26settings%3DeyJpZCI6NzUwOTMsInVybCI6Imh0dHBzOlwvXC93d3cuY20tYmVuYXZlbnRlLnB0XC93cC1jb250ZW50XC91cGxvYWRzXC8yMDI1XC8wNlwvY29sb3F1aW8tYWx2ZXMtcmVkb2wtdW5pdmVyc2lkYWRlLXNlbmlvci1jb25jZWxoby1iZW5hdmVudGUtNC1zY2FsZWQuanBnIiwic2xpZGVzaG93IjoiNmZhZWY0MSJ9\">\n\t\t\t\t\t<div class=\"e-gallery-image elementor-gallery-item__image\" data-thumbnail=\"https:\/\/www.cm-benavente.pt\/wp-content\/uploads\/2025\/06\/coloquio-alves-redol-universidade-senior-concelho-benavente-4-1024x683.jpg\" data-width=\"800\" data-height=\"534\" aria-label=\"\" role=\"img\" ><\/div>\n\t\t\t\t\t\t\t\t\t\t\t<div class=\"elementor-gallery-item__overlay\"><\/div>\n\t\t\t\t\t\t\t\t\t\t\t\t\t\t<\/a>\n\t\t\t\t\t\t\t<a class=\"e-gallery-item elementor-gallery-item elementor-animated-content\" href=\"https:\/\/www.cm-benavente.pt\/wp-content\/uploads\/2025\/06\/coloquio-alves-redol-universidade-senior-concelho-benavente-5-scaled.jpg\" data-elementor-open-lightbox=\"yes\" data-elementor-lightbox-slideshow=\"6faef41\" data-elementor-lightbox-title=\"col\u00f3quio alves redol universidade senior concelho benavente (5)\" data-e-action-hash=\"#elementor-action%3Aaction%3Dlightbox%26settings%3DeyJpZCI6NzUwOTQsInVybCI6Imh0dHBzOlwvXC93d3cuY20tYmVuYXZlbnRlLnB0XC93cC1jb250ZW50XC91cGxvYWRzXC8yMDI1XC8wNlwvY29sb3F1aW8tYWx2ZXMtcmVkb2wtdW5pdmVyc2lkYWRlLXNlbmlvci1jb25jZWxoby1iZW5hdmVudGUtNS1zY2FsZWQuanBnIiwic2xpZGVzaG93IjoiNmZhZWY0MSJ9\">\n\t\t\t\t\t<div class=\"e-gallery-image elementor-gallery-item__image\" data-thumbnail=\"https:\/\/www.cm-benavente.pt\/wp-content\/uploads\/2025\/06\/coloquio-alves-redol-universidade-senior-concelho-benavente-5-1024x607.jpg\" data-width=\"800\" data-height=\"474\" aria-label=\"\" role=\"img\" ><\/div>\n\t\t\t\t\t\t\t\t\t\t\t<div class=\"elementor-gallery-item__overlay\"><\/div>\n\t\t\t\t\t\t\t\t\t\t\t\t\t\t<\/a>\n\t\t\t\t\t\t\t<a class=\"e-gallery-item elementor-gallery-item elementor-animated-content\" href=\"https:\/\/www.cm-benavente.pt\/wp-content\/uploads\/2025\/06\/coloquio-alves-redol-universidade-senior-concelho-benavente-6-scaled.jpg\" data-elementor-open-lightbox=\"yes\" data-elementor-lightbox-slideshow=\"6faef41\" data-elementor-lightbox-title=\"col\u00f3quio alves redol universidade senior concelho benavente (6)\" data-e-action-hash=\"#elementor-action%3Aaction%3Dlightbox%26settings%3DeyJpZCI6NzUwOTUsInVybCI6Imh0dHBzOlwvXC93d3cuY20tYmVuYXZlbnRlLnB0XC93cC1jb250ZW50XC91cGxvYWRzXC8yMDI1XC8wNlwvY29sb3F1aW8tYWx2ZXMtcmVkb2wtdW5pdmVyc2lkYWRlLXNlbmlvci1jb25jZWxoby1iZW5hdmVudGUtNi1zY2FsZWQuanBnIiwic2xpZGVzaG93IjoiNmZhZWY0MSJ9\">\n\t\t\t\t\t<div class=\"e-gallery-image elementor-gallery-item__image\" data-thumbnail=\"https:\/\/www.cm-benavente.pt\/wp-content\/uploads\/2025\/06\/coloquio-alves-redol-universidade-senior-concelho-benavente-6-1024x594.jpg\" data-width=\"800\" data-height=\"464\" aria-label=\"\" role=\"img\" ><\/div>\n\t\t\t\t\t\t\t\t\t\t\t<div class=\"elementor-gallery-item__overlay\"><\/div>\n\t\t\t\t\t\t\t\t\t\t\t\t\t\t<\/a>\n\t\t\t\t\t\t\t<a class=\"e-gallery-item elementor-gallery-item elementor-animated-content\" href=\"https:\/\/www.cm-benavente.pt\/wp-content\/uploads\/2025\/06\/coloquio-alves-redol-universidade-senior-concelho-benavente-7-scaled.jpg\" data-elementor-open-lightbox=\"yes\" data-elementor-lightbox-slideshow=\"6faef41\" data-elementor-lightbox-title=\"col\u00f3quio alves redol universidade senior concelho benavente (7)\" data-e-action-hash=\"#elementor-action%3Aaction%3Dlightbox%26settings%3DeyJpZCI6NzUwOTYsInVybCI6Imh0dHBzOlwvXC93d3cuY20tYmVuYXZlbnRlLnB0XC93cC1jb250ZW50XC91cGxvYWRzXC8yMDI1XC8wNlwvY29sb3F1aW8tYWx2ZXMtcmVkb2wtdW5pdmVyc2lkYWRlLXNlbmlvci1jb25jZWxoby1iZW5hdmVudGUtNy1zY2FsZWQuanBnIiwic2xpZGVzaG93IjoiNmZhZWY0MSJ9\">\n\t\t\t\t\t<div class=\"e-gallery-image elementor-gallery-item__image\" data-thumbnail=\"https:\/\/www.cm-benavente.pt\/wp-content\/uploads\/2025\/06\/coloquio-alves-redol-universidade-senior-concelho-benavente-7-1024x683.jpg\" data-width=\"800\" data-height=\"534\" aria-label=\"\" role=\"img\" ><\/div>\n\t\t\t\t\t\t\t\t\t\t\t<div class=\"elementor-gallery-item__overlay\"><\/div>\n\t\t\t\t\t\t\t\t\t\t\t\t\t\t<\/a>\n\t\t\t\t\t\t\t<a class=\"e-gallery-item elementor-gallery-item elementor-animated-content\" href=\"https:\/\/www.cm-benavente.pt\/wp-content\/uploads\/2025\/06\/coloquio-alves-redol-universidade-senior-concelho-benavente-8-scaled.jpg\" data-elementor-open-lightbox=\"yes\" data-elementor-lightbox-slideshow=\"6faef41\" data-elementor-lightbox-title=\"col\u00f3quio alves redol universidade senior concelho benavente (8)\" data-e-action-hash=\"#elementor-action%3Aaction%3Dlightbox%26settings%3DeyJpZCI6NzUwOTcsInVybCI6Imh0dHBzOlwvXC93d3cuY20tYmVuYXZlbnRlLnB0XC93cC1jb250ZW50XC91cGxvYWRzXC8yMDI1XC8wNlwvY29sb3F1aW8tYWx2ZXMtcmVkb2wtdW5pdmVyc2lkYWRlLXNlbmlvci1jb25jZWxoby1iZW5hdmVudGUtOC1zY2FsZWQuanBnIiwic2xpZGVzaG93IjoiNmZhZWY0MSJ9\">\n\t\t\t\t\t<div class=\"e-gallery-image elementor-gallery-item__image\" data-thumbnail=\"https:\/\/www.cm-benavente.pt\/wp-content\/uploads\/2025\/06\/coloquio-alves-redol-universidade-senior-concelho-benavente-8-1024x552.jpg\" data-width=\"800\" data-height=\"431\" aria-label=\"\" role=\"img\" ><\/div>\n\t\t\t\t\t\t\t\t\t\t\t<div class=\"elementor-gallery-item__overlay\"><\/div>\n\t\t\t\t\t\t\t\t\t\t\t\t\t\t<\/a>\n\t\t\t\t\t\t\t<a class=\"e-gallery-item elementor-gallery-item elementor-animated-content\" href=\"https:\/\/www.cm-benavente.pt\/wp-content\/uploads\/2025\/06\/coloquio-alves-redol-universidade-senior-concelho-benavente-9-scaled.jpg\" data-elementor-open-lightbox=\"yes\" data-elementor-lightbox-slideshow=\"6faef41\" data-elementor-lightbox-title=\"col\u00f3quio alves redol universidade senior concelho benavente (9)\" data-e-action-hash=\"#elementor-action%3Aaction%3Dlightbox%26settings%3DeyJpZCI6NzUwOTgsInVybCI6Imh0dHBzOlwvXC93d3cuY20tYmVuYXZlbnRlLnB0XC93cC1jb250ZW50XC91cGxvYWRzXC8yMDI1XC8wNlwvY29sb3F1aW8tYWx2ZXMtcmVkb2wtdW5pdmVyc2lkYWRlLXNlbmlvci1jb25jZWxoby1iZW5hdmVudGUtOS1zY2FsZWQuanBnIiwic2xpZGVzaG93IjoiNmZhZWY0MSJ9\">\n\t\t\t\t\t<div class=\"e-gallery-image elementor-gallery-item__image\" data-thumbnail=\"https:\/\/www.cm-benavente.pt\/wp-content\/uploads\/2025\/06\/coloquio-alves-redol-universidade-senior-concelho-benavente-9-1024x592.jpg\" data-width=\"800\" data-height=\"463\" aria-label=\"\" role=\"img\" ><\/div>\n\t\t\t\t\t\t\t\t\t\t\t<div class=\"elementor-gallery-item__overlay\"><\/div>\n\t\t\t\t\t\t\t\t\t\t\t\t\t\t<\/a>\n\t\t\t\t\t\t\t<a class=\"e-gallery-item elementor-gallery-item elementor-animated-content\" href=\"https:\/\/www.cm-benavente.pt\/wp-content\/uploads\/2025\/06\/coloquio-alves-redol-universidade-senior-concelho-benavente-10-scaled.jpg\" data-elementor-open-lightbox=\"yes\" data-elementor-lightbox-slideshow=\"6faef41\" data-elementor-lightbox-title=\"col\u00f3quio alves redol universidade senior concelho benavente (10)\" data-e-action-hash=\"#elementor-action%3Aaction%3Dlightbox%26settings%3DeyJpZCI6NzUwOTksInVybCI6Imh0dHBzOlwvXC93d3cuY20tYmVuYXZlbnRlLnB0XC93cC1jb250ZW50XC91cGxvYWRzXC8yMDI1XC8wNlwvY29sb3F1aW8tYWx2ZXMtcmVkb2wtdW5pdmVyc2lkYWRlLXNlbmlvci1jb25jZWxoby1iZW5hdmVudGUtMTAtc2NhbGVkLmpwZyIsInNsaWRlc2hvdyI6IjZmYWVmNDEifQ%3D%3D\">\n\t\t\t\t\t<div class=\"e-gallery-image elementor-gallery-item__image\" data-thumbnail=\"https:\/\/www.cm-benavente.pt\/wp-content\/uploads\/2025\/06\/coloquio-alves-redol-universidade-senior-concelho-benavente-10-1024x572.jpg\" data-width=\"800\" data-height=\"447\" aria-label=\"\" role=\"img\" ><\/div>\n\t\t\t\t\t\t\t\t\t\t\t<div class=\"elementor-gallery-item__overlay\"><\/div>\n\t\t\t\t\t\t\t\t\t\t\t\t\t\t<\/a>\n\t\t\t\t\t\t\t<a class=\"e-gallery-item elementor-gallery-item elementor-animated-content\" href=\"https:\/\/www.cm-benavente.pt\/wp-content\/uploads\/2025\/06\/coloquio-alves-redol-universidade-senior-concelho-benavente-11-scaled.jpg\" data-elementor-open-lightbox=\"yes\" data-elementor-lightbox-slideshow=\"6faef41\" data-elementor-lightbox-title=\"col\u00f3quio alves redol universidade senior concelho benavente (11)\" data-e-action-hash=\"#elementor-action%3Aaction%3Dlightbox%26settings%3DeyJpZCI6NzUxMDAsInVybCI6Imh0dHBzOlwvXC93d3cuY20tYmVuYXZlbnRlLnB0XC93cC1jb250ZW50XC91cGxvYWRzXC8yMDI1XC8wNlwvY29sb3F1aW8tYWx2ZXMtcmVkb2wtdW5pdmVyc2lkYWRlLXNlbmlvci1jb25jZWxoby1iZW5hdmVudGUtMTEtc2NhbGVkLmpwZyIsInNsaWRlc2hvdyI6IjZmYWVmNDEifQ%3D%3D\">\n\t\t\t\t\t<div class=\"e-gallery-image elementor-gallery-item__image\" data-thumbnail=\"https:\/\/www.cm-benavente.pt\/wp-content\/uploads\/2025\/06\/coloquio-alves-redol-universidade-senior-concelho-benavente-11-1024x562.jpg\" data-width=\"800\" data-height=\"439\" aria-label=\"\" role=\"img\" ><\/div>\n\t\t\t\t\t\t\t\t\t\t\t<div class=\"elementor-gallery-item__overlay\"><\/div>\n\t\t\t\t\t\t\t\t\t\t\t\t\t\t<\/a>\n\t\t\t\t\t\t\t<a class=\"e-gallery-item elementor-gallery-item elementor-animated-content\" href=\"https:\/\/www.cm-benavente.pt\/wp-content\/uploads\/2025\/06\/coloquio-alves-redol-universidade-senior-concelho-benavente-12-scaled.jpg\" data-elementor-open-lightbox=\"yes\" data-elementor-lightbox-slideshow=\"6faef41\" data-elementor-lightbox-title=\"col\u00f3quio alves redol universidade senior concelho benavente (12)\" data-e-action-hash=\"#elementor-action%3Aaction%3Dlightbox%26settings%3DeyJpZCI6NzUxMDEsInVybCI6Imh0dHBzOlwvXC93d3cuY20tYmVuYXZlbnRlLnB0XC93cC1jb250ZW50XC91cGxvYWRzXC8yMDI1XC8wNlwvY29sb3F1aW8tYWx2ZXMtcmVkb2wtdW5pdmVyc2lkYWRlLXNlbmlvci1jb25jZWxoby1iZW5hdmVudGUtMTItc2NhbGVkLmpwZyIsInNsaWRlc2hvdyI6IjZmYWVmNDEifQ%3D%3D\">\n\t\t\t\t\t<div class=\"e-gallery-image elementor-gallery-item__image\" data-thumbnail=\"https:\/\/www.cm-benavente.pt\/wp-content\/uploads\/2025\/06\/coloquio-alves-redol-universidade-senior-concelho-benavente-12-1024x608.jpg\" data-width=\"800\" data-height=\"475\" aria-label=\"\" role=\"img\" ><\/div>\n\t\t\t\t\t\t\t\t\t\t\t<div class=\"elementor-gallery-item__overlay\"><\/div>\n\t\t\t\t\t\t\t\t\t\t\t\t\t\t<\/a>\n\t\t\t\t\t\t\t<a class=\"e-gallery-item elementor-gallery-item elementor-animated-content\" href=\"https:\/\/www.cm-benavente.pt\/wp-content\/uploads\/2025\/06\/coloquio-alves-redol-universidade-senior-concelho-benavente-13-scaled.jpg\" data-elementor-open-lightbox=\"yes\" data-elementor-lightbox-slideshow=\"6faef41\" data-elementor-lightbox-title=\"col\u00f3quio alves redol universidade senior concelho benavente (13)\" data-e-action-hash=\"#elementor-action%3Aaction%3Dlightbox%26settings%3DeyJpZCI6NzUxMDIsInVybCI6Imh0dHBzOlwvXC93d3cuY20tYmVuYXZlbnRlLnB0XC93cC1jb250ZW50XC91cGxvYWRzXC8yMDI1XC8wNlwvY29sb3F1aW8tYWx2ZXMtcmVkb2wtdW5pdmVyc2lkYWRlLXNlbmlvci1jb25jZWxoby1iZW5hdmVudGUtMTMtc2NhbGVkLmpwZyIsInNsaWRlc2hvdyI6IjZmYWVmNDEifQ%3D%3D\">\n\t\t\t\t\t<div class=\"e-gallery-image elementor-gallery-item__image\" data-thumbnail=\"https:\/\/www.cm-benavente.pt\/wp-content\/uploads\/2025\/06\/coloquio-alves-redol-universidade-senior-concelho-benavente-13-1024x586.jpg\" data-width=\"800\" data-height=\"458\" aria-label=\"\" role=\"img\" ><\/div>\n\t\t\t\t\t\t\t\t\t\t\t<div class=\"elementor-gallery-item__overlay\"><\/div>\n\t\t\t\t\t\t\t\t\t\t\t\t\t\t<\/a>\n\t\t\t\t\t\t\t<a class=\"e-gallery-item elementor-gallery-item elementor-animated-content\" href=\"https:\/\/www.cm-benavente.pt\/wp-content\/uploads\/2025\/06\/coloquio-alves-redol-universidade-senior-concelho-benavente-14-scaled.jpg\" data-elementor-open-lightbox=\"yes\" data-elementor-lightbox-slideshow=\"6faef41\" data-elementor-lightbox-title=\"col\u00f3quio alves redol universidade senior concelho benavente (14)\" data-e-action-hash=\"#elementor-action%3Aaction%3Dlightbox%26settings%3DeyJpZCI6NzUxMDMsInVybCI6Imh0dHBzOlwvXC93d3cuY20tYmVuYXZlbnRlLnB0XC93cC1jb250ZW50XC91cGxvYWRzXC8yMDI1XC8wNlwvY29sb3F1aW8tYWx2ZXMtcmVkb2wtdW5pdmVyc2lkYWRlLXNlbmlvci1jb25jZWxoby1iZW5hdmVudGUtMTQtc2NhbGVkLmpwZyIsInNsaWRlc2hvdyI6IjZmYWVmNDEifQ%3D%3D\">\n\t\t\t\t\t<div class=\"e-gallery-image elementor-gallery-item__image\" data-thumbnail=\"https:\/\/www.cm-benavente.pt\/wp-content\/uploads\/2025\/06\/coloquio-alves-redol-universidade-senior-concelho-benavente-14-1024x576.jpg\" data-width=\"800\" data-height=\"450\" aria-label=\"\" role=\"img\" ><\/div>\n\t\t\t\t\t\t\t\t\t\t\t<div class=\"elementor-gallery-item__overlay\"><\/div>\n\t\t\t\t\t\t\t\t\t\t\t\t\t\t<\/a>\n\t\t\t\t\t<\/div>\n\t\t\t\t\t<\/div>\n\t\t\t\t<\/div>\n\t\t\t\t\t<\/div>\n\t\t\t\t<\/div>\n\t\t\t\t<\/div>\n\t\t","protected":false},"excerpt":{"rendered":"<p>O audit\u00f3rio da Junta de Freguesia de Benavente acolheu o Encontro com Ant\u00f3nio Mota Redol (filho do escritor Alves Redol), que veio falar sobre a obra de seu pai, sobre o Movimento do Neorrealismo, bem como de outros temas no \u00e2mbito da sua profunda liga\u00e7\u00e3o ao Ribatejo. <\/p>\n","protected":false},"author":3,"featured_media":75088,"comment_status":"closed","ping_status":"closed","sticky":false,"template":"","format":"standard","meta":{"_vp_format_video_url":"","_vp_image_focal_point":[],"footnotes":""},"categories":[510],"tags":[2931,2932,16,1433,2759],"class_list":["post-75087","post","type-post","status-publish","format-standard","has-post-thumbnail","hentry","category-evento","tag-alves-redol","tag-antonio-mota-redol","tag-benavente","tag-coloquio","tag-universidade-senior-2"],"_links":{"self":[{"href":"https:\/\/www.cm-benavente.pt\/index.php\/wp-json\/wp\/v2\/posts\/75087","targetHints":{"allow":["GET"]}}],"collection":[{"href":"https:\/\/www.cm-benavente.pt\/index.php\/wp-json\/wp\/v2\/posts"}],"about":[{"href":"https:\/\/www.cm-benavente.pt\/index.php\/wp-json\/wp\/v2\/types\/post"}],"author":[{"embeddable":true,"href":"https:\/\/www.cm-benavente.pt\/index.php\/wp-json\/wp\/v2\/users\/3"}],"replies":[{"embeddable":true,"href":"https:\/\/www.cm-benavente.pt\/index.php\/wp-json\/wp\/v2\/comments?post=75087"}],"version-history":[{"count":4,"href":"https:\/\/www.cm-benavente.pt\/index.php\/wp-json\/wp\/v2\/posts\/75087\/revisions"}],"predecessor-version":[{"id":75106,"href":"https:\/\/www.cm-benavente.pt\/index.php\/wp-json\/wp\/v2\/posts\/75087\/revisions\/75106"}],"wp:featuredmedia":[{"embeddable":true,"href":"https:\/\/www.cm-benavente.pt\/index.php\/wp-json\/wp\/v2\/media\/75088"}],"wp:attachment":[{"href":"https:\/\/www.cm-benavente.pt\/index.php\/wp-json\/wp\/v2\/media?parent=75087"}],"wp:term":[{"taxonomy":"category","embeddable":true,"href":"https:\/\/www.cm-benavente.pt\/index.php\/wp-json\/wp\/v2\/categories?post=75087"},{"taxonomy":"post_tag","embeddable":true,"href":"https:\/\/www.cm-benavente.pt\/index.php\/wp-json\/wp\/v2\/tags?post=75087"}],"curies":[{"name":"wp","href":"https:\/\/api.w.org\/{rel}","templated":true}]}}