{"id":74563,"date":"2025-06-06T10:17:12","date_gmt":"2025-06-06T10:17:12","guid":{"rendered":"https:\/\/www.cm-benavente.pt\/?p=74563"},"modified":"2025-06-06T10:18:10","modified_gmt":"2025-06-06T10:18:10","slug":"captura-de-269-vespas-velutinas-asiaticas-em-150-armadilhas","status":"publish","type":"post","link":"https:\/\/www.cm-benavente.pt\/index.php\/2025\/06\/06\/captura-de-269-vespas-velutinas-asiaticas-em-150-armadilhas\/","title":{"rendered":"Captura de 269 Vespas Velutinas (Asi\u00e1ticas) em 150 armadilhas"},"content":{"rendered":"\t\t<div data-elementor-type=\"wp-post\" data-elementor-id=\"74563\" class=\"elementor elementor-74563\" data-elementor-post-type=\"post\">\n\t\t\t\t<div class=\"elementor-element elementor-element-e4822a1 e-flex e-con-boxed e-con e-parent\" data-id=\"e4822a1\" data-element_type=\"container\" data-e-type=\"container\" data-settings=\"{&quot;tmea_shape_divider_top&quot;:&quot;none&quot;,&quot;tmea_shape_divider_bottom&quot;:&quot;none&quot;}\">\n\t\t\t\t\t<div class=\"e-con-inner\">\n\t\t\n\t\t<div class=\"elementor-element elementor-element-e88ff7a elementor-widget elementor-widget-text-editor\" data-id=\"e88ff7a\" data-element_type=\"widget\" data-e-type=\"widget\" data-widget_type=\"text-editor.default\">\n\t\t\t\t<div class=\"elementor-widget-container\">\n\t\t\t\t\t\t\t\t\t<p><strong>Um Passo Importante para a Prote\u00e7\u00e3o do Nosso Ecossistema. <\/strong><\/p><p>Para combater a amea\u00e7a da vespa velutina, os <strong>Servi\u00e7os Urbanos da<\/strong> <strong>C\u00e2mara Municipal de Benavente<\/strong> colocaram <strong>150 armadilhas seletivas<\/strong> em diversos pontos do concelho, com o objetivo de capturar as vespas fundadoras durante a Primavera \u2013 a fase mais eficaz para conter o alastramento da col\u00f3nia antes que estas comecem a reproduzir-se.<\/p><p>Nesta fase preliminar foram capturadas 269 vespas velutinas.<\/p><p>A vespa velutina, tamb\u00e9m conhecida como vespa asi\u00e1tica, \u00e9 uma esp\u00e9cie invasora que representa uma grave amea\u00e7a \u00e0 biodiversidade, \u00e0 apicultura e at\u00e9 \u00e0 seguran\u00e7a das popula\u00e7\u00f5es. Com um apetite voraz por abelhas, essenciais para a poliniza\u00e7\u00e3o das culturas agr\u00edcolas, a presen\u00e7a desta esp\u00e9cie pode ter efeitos devastadores no equil\u00edbrio ambiental e na economia local.<\/p><p>As vantagens desta a\u00e7\u00e3o s\u00e3o claras:<\/p><ul><li><strong>Redu\u00e7\u00e3o do n\u00famero de ninhos<\/strong> de vespa velutina;<\/li><li><strong>Prote\u00e7\u00e3o das abelhas aut\u00f3ctones<\/strong> e da atividade ap\u00edcola;<\/li><li><strong>Menor risco para as popula\u00e7\u00f5es<\/strong>, especialmente em zonas urbanas e rurais onde os ninhos possam representar perigo;<\/li><li><strong>Preserva\u00e7\u00e3o do equil\u00edbrio ecol\u00f3gico<\/strong>, ao controlar a presen\u00e7a de uma esp\u00e9cie n\u00e3o nativa e prejudicial.<\/li><\/ul><p>\u00a0<\/p><p>Esta iniciativa refor\u00e7a o compromisso da autarquia com a <strong>sustentabilidade ambiental<\/strong> e a <strong>seguran\u00e7a dos mun\u00edcipes<\/strong>. A colabora\u00e7\u00e3o da popula\u00e7\u00e3o tem se revelado fundamental \u2013 caso detete um ninho de vespa velutina, contacte os servi\u00e7os municipais e nunca tente remov\u00ea-lo por conta pr\u00f3pria.<\/p>\t\t\t\t\t\t\t\t<\/div>\n\t\t\t\t<\/div>\n\t\t\t\t\t<\/div>\n\t\t\t\t<\/div>\n\t\t\t\t<\/div>\n\t\t","protected":false},"excerpt":{"rendered":"<p>Um Passo Importante para a Prote\u00e7\u00e3o do Nosso Ecossistema.<\/p>\n","protected":false},"author":3,"featured_media":74564,"comment_status":"closed","ping_status":"closed","sticky":false,"template":"","format":"standard","meta":{"_vp_format_video_url":"","_vp_image_focal_point":[],"footnotes":""},"categories":[527,545,518],"tags":[2938,1741,185,16,2937,479,27,13,1742],"class_list":["post-74563","post","type-post","status-publish","format-standard","has-post-thumbnail","hentry","category-ambiente","category-informacao","category-municipio","tag-armadilha","tag-asiatica","tag-barrosa","tag-benavente","tag-captura","tag-municipio-de-benavente","tag-samora-correia","tag-santo-estevao","tag-velutina"],"_links":{"self":[{"href":"https:\/\/www.cm-benavente.pt\/index.php\/wp-json\/wp\/v2\/posts\/74563","targetHints":{"allow":["GET"]}}],"collection":[{"href":"https:\/\/www.cm-benavente.pt\/index.php\/wp-json\/wp\/v2\/posts"}],"about":[{"href":"https:\/\/www.cm-benavente.pt\/index.php\/wp-json\/wp\/v2\/types\/post"}],"author":[{"embeddable":true,"href":"https:\/\/www.cm-benavente.pt\/index.php\/wp-json\/wp\/v2\/users\/3"}],"replies":[{"embeddable":true,"href":"https:\/\/www.cm-benavente.pt\/index.php\/wp-json\/wp\/v2\/comments?post=74563"}],"version-history":[{"count":4,"href":"https:\/\/www.cm-benavente.pt\/index.php\/wp-json\/wp\/v2\/posts\/74563\/revisions"}],"predecessor-version":[{"id":74568,"href":"https:\/\/www.cm-benavente.pt\/index.php\/wp-json\/wp\/v2\/posts\/74563\/revisions\/74568"}],"wp:featuredmedia":[{"embeddable":true,"href":"https:\/\/www.cm-benavente.pt\/index.php\/wp-json\/wp\/v2\/media\/74564"}],"wp:attachment":[{"href":"https:\/\/www.cm-benavente.pt\/index.php\/wp-json\/wp\/v2\/media?parent=74563"}],"wp:term":[{"taxonomy":"category","embeddable":true,"href":"https:\/\/www.cm-benavente.pt\/index.php\/wp-json\/wp\/v2\/categories?post=74563"},{"taxonomy":"post_tag","embeddable":true,"href":"https:\/\/www.cm-benavente.pt\/index.php\/wp-json\/wp\/v2\/tags?post=74563"}],"curies":[{"name":"wp","href":"https:\/\/api.w.org\/{rel}","templated":true}]}}