{"id":74443,"date":"2025-06-04T13:47:39","date_gmt":"2025-06-04T13:47:39","guid":{"rendered":"https:\/\/www.cm-benavente.pt\/?p=74443"},"modified":"2025-06-04T13:48:21","modified_gmt":"2025-06-04T13:48:21","slug":"campanha-de-vacinacao-antirrabica-2025","status":"publish","type":"post","link":"https:\/\/www.cm-benavente.pt\/index.php\/2025\/06\/04\/campanha-de-vacinacao-antirrabica-2025\/","title":{"rendered":"Campanha de Vacina\u00e7\u00e3o Antirr\u00e1bica 2025"},"content":{"rendered":"\t\t<div data-elementor-type=\"wp-post\" data-elementor-id=\"74443\" class=\"elementor elementor-74443\" data-elementor-post-type=\"post\">\n\t\t\t\t<div class=\"elementor-element elementor-element-ae23622 e-flex e-con-boxed e-con e-parent\" data-id=\"ae23622\" data-element_type=\"container\" data-e-type=\"container\" data-settings=\"{&quot;tmea_shape_divider_top&quot;:&quot;none&quot;,&quot;tmea_shape_divider_bottom&quot;:&quot;none&quot;}\">\n\t\t\t\t\t<div class=\"e-con-inner\">\n\t\t\n\t\t<div class=\"elementor-element elementor-element-b0350d6 elementor-widget elementor-widget-text-editor\" data-id=\"b0350d6\" data-element_type=\"widget\" data-e-type=\"widget\" data-widget_type=\"text-editor.default\">\n\t\t\t\t<div class=\"elementor-widget-container\">\n\t\t\t\t\t\t\t\t\t<p>A <strong>Campanha Oficial de Vacina\u00e7\u00e3o Antirr\u00e1bica e de Controlo de outras Zoonoses<\/strong> (CVAR 2025), ir\u00e1 decorrer <strong>de 23 a 27 de junho de 2025<\/strong>.<\/p><p>A CVAR 2025, da responsabilidade da Dire\u00e7\u00e3o Geral de Alimenta\u00e7\u00e3o e Veterin\u00e1ria (DGAV), insere-se no Programa Nacional de Luta e Vigil\u00e2ncia Epidemiol\u00f3gica da Raiva Animal e Outras Zoonoses (PNLVERAZ).<\/p><p><strong>Relembramos que:<\/strong><\/p><p style=\"padding-left: 40px;\">\u2013 As a\u00e7\u00f5es de campanha destinam-se exclusivamente a c\u00e3es com mais de tr\u00eas meses de idade relativamente aos quais n\u00e3o se prove possu\u00edrem vacina\u00e7\u00e3o antirr\u00e1bica v\u00e1lida (estando exclu\u00eddos os gatos e os fur\u00f5es).<\/p><p style=\"padding-left: 40px;\">\u2013 N\u00e3o \u00e9 poss\u00edvel realizar a identifica\u00e7\u00e3o eletr\u00f3nica dos animais como ato independente da vacina\u00e7\u00e3o.<\/p><p style=\"padding-left: 40px;\">\u2013 O ato de identifica\u00e7\u00e3o eletr\u00f3nica (coloca\u00e7\u00e3o de microchip e registo no Sistema de Identifica\u00e7\u00e3o de Animais de Companhia \u2013 SIAC) \u00e9 realizado quando os c\u00e3es que se apresentam para vacina\u00e7\u00e3o antirr\u00e1bica ainda n\u00e3o se encontram marcados e registados.<\/p><p style=\"padding-left: 40px;\">\u2013 Esta interven\u00e7\u00e3o s\u00f3 pode ser efetuada quando em conjunto com a vacina\u00e7\u00e3o antirr\u00e1bica, no \u00e2mbito da CVAR.<\/p><p style=\"padding-left: 40px;\">\u2013 O propriet\u00e1rio dever\u00e1 apresentar-se com o Cart\u00e3o do Cidad\u00e3o ou equivalente.<\/p><p style=\"padding-left: 40px;\">\u2013 O pagamento s\u00f3 poder\u00e1 ser efetuado em numer\u00e1rio.<\/p><p style=\"padding-left: 40px;\">\u2013 O montante a cobrar pela vacina\u00e7\u00e3o antirr\u00e1bica \u00e9 10,00\u20ac.<\/p><p style=\"padding-left: 40px;\">\u2013 Quando seja necess\u00e1rio emitir Boletim Sanit\u00e1rio, \u00e9 cobrado 1,00\u20ac.<\/p><p style=\"padding-left: 40px;\">\u2013 Nos casos em que \u00e9 realizada a marca\u00e7\u00e3o do animal com microchip, o que s\u00f3 pode ocorrer se o mesmo animal for tamb\u00e9m vacinado contra a raiva, acresce aos 10,00\u20ac da vacina\u00e7\u00e3o, o custo de 2,50\u20ac relativo ao registo no SIAC.<\/p>\t\t\t\t\t\t\t\t<\/div>\n\t\t\t\t<\/div>\n\t\t\t\t<div class=\"elementor-element elementor-element-659c012 elementor-widget elementor-widget-button\" data-id=\"659c012\" data-element_type=\"widget\" data-e-type=\"widget\" data-widget_type=\"button.default\">\n\t\t\t\t<div class=\"elementor-widget-container\">\n\t\t\t\t\t\t\t\t\t<div class=\"elementor-button-wrapper\">\n\t\t\t\t\t<a class=\"elementor-button elementor-button-link elementor-size-sm elementor-animation-grow\" href=\"https:\/\/www.cm-benavente.pt\/wp-content\/uploads\/2025\/06\/EDITAL-2025-CVAR_IE_verm_.pdf\" target=\"_blank\">\n\t\t\t\t\t\t<span class=\"elementor-button-content-wrapper\">\n\t\t\t\t\t\t<span class=\"elementor-button-icon\">\n\t\t\t\t<i aria-hidden=\"true\" class=\"far fa-file-pdf\"><\/i>\t\t\t<\/span>\n\t\t\t\t\t\t\t\t\t<span class=\"elementor-button-text\">EDITAL 2025 CVAR<\/span>\n\t\t\t\t\t<\/span>\n\t\t\t\t\t<\/a>\n\t\t\t\t<\/div>\n\t\t\t\t\t\t\t\t<\/div>\n\t\t\t\t<\/div>\n\t\t\t\t<div class=\"elementor-element elementor-element-0f61f33 elementor-widget elementor-widget-button\" data-id=\"0f61f33\" data-element_type=\"widget\" data-e-type=\"widget\" data-widget_type=\"button.default\">\n\t\t\t\t<div class=\"elementor-widget-container\">\n\t\t\t\t\t\t\t\t\t<div class=\"elementor-button-wrapper\">\n\t\t\t\t\t<a class=\"elementor-button elementor-button-link elementor-size-sm elementor-animation-grow\" href=\"https:\/\/www.cm-benavente.pt\/wp-content\/uploads\/2025\/06\/Benavente-Anexo-ao-Edital-2025.pdf\" target=\"_blank\">\n\t\t\t\t\t\t<span class=\"elementor-button-content-wrapper\">\n\t\t\t\t\t\t<span class=\"elementor-button-icon\">\n\t\t\t\t<i aria-hidden=\"true\" class=\"far fa-file-pdf\"><\/i>\t\t\t<\/span>\n\t\t\t\t\t\t\t\t\t<span class=\"elementor-button-text\">Anexo ao Edital<\/span>\n\t\t\t\t\t<\/span>\n\t\t\t\t\t<\/a>\n\t\t\t\t<\/div>\n\t\t\t\t\t\t\t\t<\/div>\n\t\t\t\t<\/div>\n\t\t\t\t\t<\/div>\n\t\t\t\t<\/div>\n\t\t\t\t<\/div>\n\t\t","protected":false},"excerpt":{"rendered":"<p>A Campanha Oficial de Vacina\u00e7\u00e3o Antirr\u00e1bica e de Controlo de outras Zoonoses (CVAR 2025), ir\u00e1 decorrer de 23 a 27 de junho de 2025.<\/p>\n","protected":false},"author":3,"featured_media":74444,"comment_status":"closed","ping_status":"closed","sticky":false,"template":"","format":"standard","meta":{"_vp_format_video_url":"","_vp_image_focal_point":[],"footnotes":""},"categories":[545,518],"tags":[2930,185,16,1329,1660,479,1327,27,13,1326],"class_list":["post-74443","post","type-post","status-publish","format-standard","has-post-thumbnail","hentry","category-informacao","category-municipio","tag-animal-de-estimacao","tag-barrosa","tag-benavente","tag-cao","tag-cro-amb","tag-municipio-de-benavente","tag-raiva","tag-samora-correia","tag-santo-estevao","tag-vacina"],"_links":{"self":[{"href":"https:\/\/www.cm-benavente.pt\/index.php\/wp-json\/wp\/v2\/posts\/74443","targetHints":{"allow":["GET"]}}],"collection":[{"href":"https:\/\/www.cm-benavente.pt\/index.php\/wp-json\/wp\/v2\/posts"}],"about":[{"href":"https:\/\/www.cm-benavente.pt\/index.php\/wp-json\/wp\/v2\/types\/post"}],"author":[{"embeddable":true,"href":"https:\/\/www.cm-benavente.pt\/index.php\/wp-json\/wp\/v2\/users\/3"}],"replies":[{"embeddable":true,"href":"https:\/\/www.cm-benavente.pt\/index.php\/wp-json\/wp\/v2\/comments?post=74443"}],"version-history":[{"count":4,"href":"https:\/\/www.cm-benavente.pt\/index.php\/wp-json\/wp\/v2\/posts\/74443\/revisions"}],"predecessor-version":[{"id":74450,"href":"https:\/\/www.cm-benavente.pt\/index.php\/wp-json\/wp\/v2\/posts\/74443\/revisions\/74450"}],"wp:featuredmedia":[{"embeddable":true,"href":"https:\/\/www.cm-benavente.pt\/index.php\/wp-json\/wp\/v2\/media\/74444"}],"wp:attachment":[{"href":"https:\/\/www.cm-benavente.pt\/index.php\/wp-json\/wp\/v2\/media?parent=74443"}],"wp:term":[{"taxonomy":"category","embeddable":true,"href":"https:\/\/www.cm-benavente.pt\/index.php\/wp-json\/wp\/v2\/categories?post=74443"},{"taxonomy":"post_tag","embeddable":true,"href":"https:\/\/www.cm-benavente.pt\/index.php\/wp-json\/wp\/v2\/tags?post=74443"}],"curies":[{"name":"wp","href":"https:\/\/api.w.org\/{rel}","templated":true}]}}