{"id":74368,"date":"2025-06-04T13:23:50","date_gmt":"2025-06-04T13:23:50","guid":{"rendered":"https:\/\/www.cm-benavente.pt\/?p=74368"},"modified":"2025-06-04T13:28:05","modified_gmt":"2025-06-04T13:28:05","slug":"edicao-muito-bem-conseguida-do-vii-do-samora-equestre-dedicado-ao-cavalo-lusitano-em-samora-correia","status":"publish","type":"post","link":"https:\/\/www.cm-benavente.pt\/index.php\/2025\/06\/04\/edicao-muito-bem-conseguida-do-vii-do-samora-equestre-dedicado-ao-cavalo-lusitano-em-samora-correia\/","title":{"rendered":"Edi\u00e7\u00e3o muito bem conseguida do VII do Samora Equestre, dedicado ao Cavalo Lusitano, em Samora Correia"},"content":{"rendered":"\t\t<div data-elementor-type=\"wp-post\" data-elementor-id=\"74368\" class=\"elementor elementor-74368\" data-elementor-post-type=\"post\">\n\t\t\t\t<div class=\"elementor-element elementor-element-cb68062 e-flex e-con-boxed e-con e-parent\" data-id=\"cb68062\" data-element_type=\"container\" data-e-type=\"container\" data-settings=\"{&quot;tmea_shape_divider_top&quot;:&quot;none&quot;,&quot;tmea_shape_divider_bottom&quot;:&quot;none&quot;}\">\n\t\t\t\t\t<div class=\"e-con-inner\">\n\t\t\n\t\t<div class=\"elementor-element elementor-element-5bf2e8e elementor-widget elementor-widget-text-editor\" data-id=\"5bf2e8e\" data-element_type=\"widget\" data-e-type=\"widget\" data-widget_type=\"text-editor.default\">\n\t\t\t\t<div class=\"elementor-widget-container\">\n\t\t\t\t\t\t\t\t\t<p>Uma iniciativa que tem crescido ano ap\u00f3s ano, o <strong>VII Samora Equestre<\/strong> 2025 trouxe muita anima\u00e7\u00e3o e beleza \u00e0 zona ribeirinha de <strong>Samora Correia<\/strong>. O evento, organizado pela <strong>Junta de Freguesia de Samora Correia<\/strong>, dedicado ao cavalo lusitano, apresentou um programa extremamente interessante, com as homenagens aos cavaleiros: S\u00f3nia Matias e Jorge Sousa; concurso Poldro Mam\u00e3o; Concurso de traje \u00e0 Portuguesa; 1\u00aa Poule de equita\u00e7\u00e3o de trabalho; Provas de ensino, maneabilidade e velocidade; batismos equestres e magnificas noites Samora Equestre by Tinto de Verano. A zona ribeirinha de Samora Correia foi o local ideal para a realiza\u00e7\u00e3o do evento que enalteceu o cavalo Lusitano e foi muito apetec\u00edvel para diferentes p\u00fablicos.<\/p>\t\t\t\t\t\t\t\t<\/div>\n\t\t\t\t<\/div>\n\t\t\t\t<div class=\"elementor-element elementor-element-4c8e4ef elementor-widget elementor-widget-gallery\" data-id=\"4c8e4ef\" data-element_type=\"widget\" data-e-type=\"widget\" data-settings=\"{&quot;columns&quot;:11,&quot;lazyload&quot;:&quot;yes&quot;,&quot;gallery_layout&quot;:&quot;grid&quot;,&quot;columns_tablet&quot;:2,&quot;columns_mobile&quot;:1,&quot;gap&quot;:{&quot;unit&quot;:&quot;px&quot;,&quot;size&quot;:10,&quot;sizes&quot;:[]},&quot;gap_widescreen&quot;:{&quot;unit&quot;:&quot;px&quot;,&quot;size&quot;:&quot;&quot;,&quot;sizes&quot;:[]},&quot;gap_laptop&quot;:{&quot;unit&quot;:&quot;px&quot;,&quot;size&quot;:10,&quot;sizes&quot;:[]},&quot;gap_tablet_extra&quot;:{&quot;unit&quot;:&quot;px&quot;,&quot;size&quot;:10,&quot;sizes&quot;:[]},&quot;gap_tablet&quot;:{&quot;unit&quot;:&quot;px&quot;,&quot;size&quot;:10,&quot;sizes&quot;:[]},&quot;gap_mobile_extra&quot;:{&quot;unit&quot;:&quot;px&quot;,&quot;size&quot;:10,&quot;sizes&quot;:[]},&quot;gap_mobile&quot;:{&quot;unit&quot;:&quot;px&quot;,&quot;size&quot;:10,&quot;sizes&quot;:[]},&quot;link_to&quot;:&quot;file&quot;,&quot;aspect_ratio&quot;:&quot;3:2&quot;,&quot;overlay_background&quot;:&quot;yes&quot;,&quot;content_hover_animation&quot;:&quot;fade-in&quot;}\" data-widget_type=\"gallery.default\">\n\t\t\t\t<div class=\"elementor-widget-container\">\n\t\t\t\t\t\t\t<div class=\"elementor-gallery__container\">\n\t\t\t\t\t\t\t<a class=\"e-gallery-item elementor-gallery-item elementor-animated-content\" href=\"https:\/\/www.cm-benavente.pt\/wp-content\/uploads\/2025\/06\/samora-equestre-cavalo-lusitano-samora-correia-1-scaled.jpg\" data-elementor-open-lightbox=\"yes\" data-elementor-lightbox-slideshow=\"4c8e4ef\" data-elementor-lightbox-title=\"samora equestre cavalo lusitano samora correia (1)\" data-e-action-hash=\"#elementor-action%3Aaction%3Dlightbox%26settings%3DeyJpZCI6NzQzNzcsInVybCI6Imh0dHBzOlwvXC93d3cuY20tYmVuYXZlbnRlLnB0XC93cC1jb250ZW50XC91cGxvYWRzXC8yMDI1XC8wNlwvc2Ftb3JhLWVxdWVzdHJlLWNhdmFsby1sdXNpdGFuby1zYW1vcmEtY29ycmVpYS0xLXNjYWxlZC5qcGciLCJzbGlkZXNob3ciOiI0YzhlNGVmIn0%3D\">\n\t\t\t\t\t<div class=\"e-gallery-image elementor-gallery-item__image\" data-thumbnail=\"https:\/\/www.cm-benavente.pt\/wp-content\/uploads\/2025\/06\/samora-equestre-cavalo-lusitano-samora-correia-1-1024x576.jpg\" data-width=\"800\" data-height=\"450\" aria-label=\"\" role=\"img\" ><\/div>\n\t\t\t\t\t\t\t\t\t\t\t<div class=\"elementor-gallery-item__overlay\"><\/div>\n\t\t\t\t\t\t\t\t\t\t\t\t\t\t<\/a>\n\t\t\t\t\t\t\t<a class=\"e-gallery-item elementor-gallery-item elementor-animated-content\" href=\"https:\/\/www.cm-benavente.pt\/wp-content\/uploads\/2025\/06\/samora-equestre-cavalo-lusitano-samora-correia-2.jpg\" data-elementor-open-lightbox=\"yes\" data-elementor-lightbox-slideshow=\"4c8e4ef\" data-elementor-lightbox-title=\"samora equestre cavalo lusitano samora correia (2)\" data-e-action-hash=\"#elementor-action%3Aaction%3Dlightbox%26settings%3DeyJpZCI6NzQzNzgsInVybCI6Imh0dHBzOlwvXC93d3cuY20tYmVuYXZlbnRlLnB0XC93cC1jb250ZW50XC91cGxvYWRzXC8yMDI1XC8wNlwvc2Ftb3JhLWVxdWVzdHJlLWNhdmFsby1sdXNpdGFuby1zYW1vcmEtY29ycmVpYS0yLmpwZyIsInNsaWRlc2hvdyI6IjRjOGU0ZWYifQ%3D%3D\">\n\t\t\t\t\t<div class=\"e-gallery-image elementor-gallery-item__image\" data-thumbnail=\"https:\/\/www.cm-benavente.pt\/wp-content\/uploads\/2025\/06\/samora-equestre-cavalo-lusitano-samora-correia-2-1024x603.jpg\" data-width=\"800\" data-height=\"471\" aria-label=\"\" role=\"img\" ><\/div>\n\t\t\t\t\t\t\t\t\t\t\t<div class=\"elementor-gallery-item__overlay\"><\/div>\n\t\t\t\t\t\t\t\t\t\t\t\t\t\t<\/a>\n\t\t\t\t\t\t\t<a class=\"e-gallery-item elementor-gallery-item elementor-animated-content\" href=\"https:\/\/www.cm-benavente.pt\/wp-content\/uploads\/2025\/06\/samora-equestre-cavalo-lusitano-samora-correia-3.jpg\" data-elementor-open-lightbox=\"yes\" data-elementor-lightbox-slideshow=\"4c8e4ef\" data-elementor-lightbox-title=\"samora equestre cavalo lusitano samora correia (3)\" data-e-action-hash=\"#elementor-action%3Aaction%3Dlightbox%26settings%3DeyJpZCI6NzQzNzksInVybCI6Imh0dHBzOlwvXC93d3cuY20tYmVuYXZlbnRlLnB0XC93cC1jb250ZW50XC91cGxvYWRzXC8yMDI1XC8wNlwvc2Ftb3JhLWVxdWVzdHJlLWNhdmFsby1sdXNpdGFuby1zYW1vcmEtY29ycmVpYS0zLmpwZyIsInNsaWRlc2hvdyI6IjRjOGU0ZWYifQ%3D%3D\">\n\t\t\t\t\t<div class=\"e-gallery-image elementor-gallery-item__image\" data-thumbnail=\"https:\/\/www.cm-benavente.pt\/wp-content\/uploads\/2025\/06\/samora-equestre-cavalo-lusitano-samora-correia-3-1024x608.jpg\" data-width=\"800\" data-height=\"475\" aria-label=\"\" role=\"img\" ><\/div>\n\t\t\t\t\t\t\t\t\t\t\t<div class=\"elementor-gallery-item__overlay\"><\/div>\n\t\t\t\t\t\t\t\t\t\t\t\t\t\t<\/a>\n\t\t\t\t\t\t\t<a class=\"e-gallery-item elementor-gallery-item elementor-animated-content\" href=\"https:\/\/www.cm-benavente.pt\/wp-content\/uploads\/2025\/06\/samora-equestre-cavalo-lusitano-samora-correia-4.jpg\" data-elementor-open-lightbox=\"yes\" data-elementor-lightbox-slideshow=\"4c8e4ef\" data-elementor-lightbox-title=\"samora equestre cavalo lusitano samora correia (4)\" data-e-action-hash=\"#elementor-action%3Aaction%3Dlightbox%26settings%3DeyJpZCI6NzQzODAsInVybCI6Imh0dHBzOlwvXC93d3cuY20tYmVuYXZlbnRlLnB0XC93cC1jb250ZW50XC91cGxvYWRzXC8yMDI1XC8wNlwvc2Ftb3JhLWVxdWVzdHJlLWNhdmFsby1sdXNpdGFuby1zYW1vcmEtY29ycmVpYS00LmpwZyIsInNsaWRlc2hvdyI6IjRjOGU0ZWYifQ%3D%3D\">\n\t\t\t\t\t<div class=\"e-gallery-image elementor-gallery-item__image\" data-thumbnail=\"https:\/\/www.cm-benavente.pt\/wp-content\/uploads\/2025\/06\/samora-equestre-cavalo-lusitano-samora-correia-4-1024x563.jpg\" data-width=\"800\" data-height=\"440\" aria-label=\"\" role=\"img\" ><\/div>\n\t\t\t\t\t\t\t\t\t\t\t<div class=\"elementor-gallery-item__overlay\"><\/div>\n\t\t\t\t\t\t\t\t\t\t\t\t\t\t<\/a>\n\t\t\t\t\t\t\t<a class=\"e-gallery-item elementor-gallery-item elementor-animated-content\" href=\"https:\/\/www.cm-benavente.pt\/wp-content\/uploads\/2025\/06\/samora-equestre-cavalo-lusitano-samora-correia-5-scaled.jpg\" data-elementor-open-lightbox=\"yes\" data-elementor-lightbox-slideshow=\"4c8e4ef\" data-elementor-lightbox-title=\"samora equestre cavalo lusitano samora correia (5)\" data-e-action-hash=\"#elementor-action%3Aaction%3Dlightbox%26settings%3DeyJpZCI6NzQzODEsInVybCI6Imh0dHBzOlwvXC93d3cuY20tYmVuYXZlbnRlLnB0XC93cC1jb250ZW50XC91cGxvYWRzXC8yMDI1XC8wNlwvc2Ftb3JhLWVxdWVzdHJlLWNhdmFsby1sdXNpdGFuby1zYW1vcmEtY29ycmVpYS01LXNjYWxlZC5qcGciLCJzbGlkZXNob3ciOiI0YzhlNGVmIn0%3D\">\n\t\t\t\t\t<div class=\"e-gallery-image elementor-gallery-item__image\" data-thumbnail=\"https:\/\/www.cm-benavente.pt\/wp-content\/uploads\/2025\/06\/samora-equestre-cavalo-lusitano-samora-correia-5-1024x507.jpg\" data-width=\"800\" data-height=\"396\" aria-label=\"\" role=\"img\" ><\/div>\n\t\t\t\t\t\t\t\t\t\t\t<div class=\"elementor-gallery-item__overlay\"><\/div>\n\t\t\t\t\t\t\t\t\t\t\t\t\t\t<\/a>\n\t\t\t\t\t\t\t<a class=\"e-gallery-item elementor-gallery-item elementor-animated-content\" href=\"https:\/\/www.cm-benavente.pt\/wp-content\/uploads\/2025\/06\/samora-equestre-cavalo-lusitano-samora-correia-6.jpg\" data-elementor-open-lightbox=\"yes\" data-elementor-lightbox-slideshow=\"4c8e4ef\" data-elementor-lightbox-title=\"samora equestre cavalo lusitano samora correia (6)\" data-e-action-hash=\"#elementor-action%3Aaction%3Dlightbox%26settings%3DeyJpZCI6NzQzODIsInVybCI6Imh0dHBzOlwvXC93d3cuY20tYmVuYXZlbnRlLnB0XC93cC1jb250ZW50XC91cGxvYWRzXC8yMDI1XC8wNlwvc2Ftb3JhLWVxdWVzdHJlLWNhdmFsby1sdXNpdGFuby1zYW1vcmEtY29ycmVpYS02LmpwZyIsInNsaWRlc2hvdyI6IjRjOGU0ZWYifQ%3D%3D\">\n\t\t\t\t\t<div class=\"e-gallery-image elementor-gallery-item__image\" data-thumbnail=\"https:\/\/www.cm-benavente.pt\/wp-content\/uploads\/2025\/06\/samora-equestre-cavalo-lusitano-samora-correia-6-1024x601.jpg\" data-width=\"800\" data-height=\"470\" aria-label=\"\" role=\"img\" ><\/div>\n\t\t\t\t\t\t\t\t\t\t\t<div class=\"elementor-gallery-item__overlay\"><\/div>\n\t\t\t\t\t\t\t\t\t\t\t\t\t\t<\/a>\n\t\t\t\t\t\t\t<a class=\"e-gallery-item elementor-gallery-item elementor-animated-content\" href=\"https:\/\/www.cm-benavente.pt\/wp-content\/uploads\/2025\/06\/samora-equestre-cavalo-lusitano-samora-correia-7-scaled.jpg\" data-elementor-open-lightbox=\"yes\" data-elementor-lightbox-slideshow=\"4c8e4ef\" data-elementor-lightbox-title=\"samora equestre cavalo lusitano samora correia (7)\" data-e-action-hash=\"#elementor-action%3Aaction%3Dlightbox%26settings%3DeyJpZCI6NzQzODMsInVybCI6Imh0dHBzOlwvXC93d3cuY20tYmVuYXZlbnRlLnB0XC93cC1jb250ZW50XC91cGxvYWRzXC8yMDI1XC8wNlwvc2Ftb3JhLWVxdWVzdHJlLWNhdmFsby1sdXNpdGFuby1zYW1vcmEtY29ycmVpYS03LXNjYWxlZC5qcGciLCJzbGlkZXNob3ciOiI0YzhlNGVmIn0%3D\">\n\t\t\t\t\t<div class=\"e-gallery-image elementor-gallery-item__image\" data-thumbnail=\"https:\/\/www.cm-benavente.pt\/wp-content\/uploads\/2025\/06\/samora-equestre-cavalo-lusitano-samora-correia-7-1024x471.jpg\" data-width=\"800\" data-height=\"368\" aria-label=\"\" role=\"img\" ><\/div>\n\t\t\t\t\t\t\t\t\t\t\t<div class=\"elementor-gallery-item__overlay\"><\/div>\n\t\t\t\t\t\t\t\t\t\t\t\t\t\t<\/a>\n\t\t\t\t\t\t\t<a class=\"e-gallery-item elementor-gallery-item elementor-animated-content\" href=\"https:\/\/www.cm-benavente.pt\/wp-content\/uploads\/2025\/06\/samora-equestre-cavalo-lusitano-samora-correia-8.jpg\" data-elementor-open-lightbox=\"yes\" data-elementor-lightbox-slideshow=\"4c8e4ef\" data-elementor-lightbox-title=\"samora equestre cavalo lusitano samora correia (8)\" data-e-action-hash=\"#elementor-action%3Aaction%3Dlightbox%26settings%3DeyJpZCI6NzQzODQsInVybCI6Imh0dHBzOlwvXC93d3cuY20tYmVuYXZlbnRlLnB0XC93cC1jb250ZW50XC91cGxvYWRzXC8yMDI1XC8wNlwvc2Ftb3JhLWVxdWVzdHJlLWNhdmFsby1sdXNpdGFuby1zYW1vcmEtY29ycmVpYS04LmpwZyIsInNsaWRlc2hvdyI6IjRjOGU0ZWYifQ%3D%3D\">\n\t\t\t\t\t<div class=\"e-gallery-image elementor-gallery-item__image\" data-thumbnail=\"https:\/\/www.cm-benavente.pt\/wp-content\/uploads\/2025\/06\/samora-equestre-cavalo-lusitano-samora-correia-8-1024x540.jpg\" data-width=\"800\" data-height=\"422\" aria-label=\"\" role=\"img\" ><\/div>\n\t\t\t\t\t\t\t\t\t\t\t<div class=\"elementor-gallery-item__overlay\"><\/div>\n\t\t\t\t\t\t\t\t\t\t\t\t\t\t<\/a>\n\t\t\t\t\t\t\t<a class=\"e-gallery-item elementor-gallery-item elementor-animated-content\" href=\"https:\/\/www.cm-benavente.pt\/wp-content\/uploads\/2025\/06\/samora-equestre-cavalo-lusitano-samora-correia-9.jpg\" data-elementor-open-lightbox=\"yes\" data-elementor-lightbox-slideshow=\"4c8e4ef\" data-elementor-lightbox-title=\"samora equestre cavalo lusitano samora correia (9)\" data-e-action-hash=\"#elementor-action%3Aaction%3Dlightbox%26settings%3DeyJpZCI6NzQzODUsInVybCI6Imh0dHBzOlwvXC93d3cuY20tYmVuYXZlbnRlLnB0XC93cC1jb250ZW50XC91cGxvYWRzXC8yMDI1XC8wNlwvc2Ftb3JhLWVxdWVzdHJlLWNhdmFsby1sdXNpdGFuby1zYW1vcmEtY29ycmVpYS05LmpwZyIsInNsaWRlc2hvdyI6IjRjOGU0ZWYifQ%3D%3D\">\n\t\t\t\t\t<div class=\"e-gallery-image elementor-gallery-item__image\" data-thumbnail=\"https:\/\/www.cm-benavente.pt\/wp-content\/uploads\/2025\/06\/samora-equestre-cavalo-lusitano-samora-correia-9-1024x562.jpg\" data-width=\"800\" data-height=\"439\" aria-label=\"\" role=\"img\" ><\/div>\n\t\t\t\t\t\t\t\t\t\t\t<div class=\"elementor-gallery-item__overlay\"><\/div>\n\t\t\t\t\t\t\t\t\t\t\t\t\t\t<\/a>\n\t\t\t\t\t\t\t<a class=\"e-gallery-item elementor-gallery-item elementor-animated-content\" href=\"https:\/\/www.cm-benavente.pt\/wp-content\/uploads\/2025\/06\/samora-equestre-cavalo-lusitano-samora-correia-10.jpg\" data-elementor-open-lightbox=\"yes\" data-elementor-lightbox-slideshow=\"4c8e4ef\" data-elementor-lightbox-title=\"samora equestre cavalo lusitano samora correia (10)\" data-e-action-hash=\"#elementor-action%3Aaction%3Dlightbox%26settings%3DeyJpZCI6NzQzODYsInVybCI6Imh0dHBzOlwvXC93d3cuY20tYmVuYXZlbnRlLnB0XC93cC1jb250ZW50XC91cGxvYWRzXC8yMDI1XC8wNlwvc2Ftb3JhLWVxdWVzdHJlLWNhdmFsby1sdXNpdGFuby1zYW1vcmEtY29ycmVpYS0xMC5qcGciLCJzbGlkZXNob3ciOiI0YzhlNGVmIn0%3D\">\n\t\t\t\t\t<div class=\"e-gallery-image elementor-gallery-item__image\" data-thumbnail=\"https:\/\/www.cm-benavente.pt\/wp-content\/uploads\/2025\/06\/samora-equestre-cavalo-lusitano-samora-correia-10-1024x547.jpg\" data-width=\"800\" data-height=\"427\" aria-label=\"\" role=\"img\" ><\/div>\n\t\t\t\t\t\t\t\t\t\t\t<div class=\"elementor-gallery-item__overlay\"><\/div>\n\t\t\t\t\t\t\t\t\t\t\t\t\t\t<\/a>\n\t\t\t\t\t\t\t<a class=\"e-gallery-item elementor-gallery-item elementor-animated-content\" href=\"https:\/\/www.cm-benavente.pt\/wp-content\/uploads\/2025\/06\/samora-equestre-cavalo-lusitano-samora-correia-11.jpg\" data-elementor-open-lightbox=\"yes\" data-elementor-lightbox-slideshow=\"4c8e4ef\" data-elementor-lightbox-title=\"samora equestre cavalo lusitano samora correia (11)\" data-e-action-hash=\"#elementor-action%3Aaction%3Dlightbox%26settings%3DeyJpZCI6NzQzODcsInVybCI6Imh0dHBzOlwvXC93d3cuY20tYmVuYXZlbnRlLnB0XC93cC1jb250ZW50XC91cGxvYWRzXC8yMDI1XC8wNlwvc2Ftb3JhLWVxdWVzdHJlLWNhdmFsby1sdXNpdGFuby1zYW1vcmEtY29ycmVpYS0xMS5qcGciLCJzbGlkZXNob3ciOiI0YzhlNGVmIn0%3D\">\n\t\t\t\t\t<div class=\"e-gallery-image elementor-gallery-item__image\" data-thumbnail=\"https:\/\/www.cm-benavente.pt\/wp-content\/uploads\/2025\/06\/samora-equestre-cavalo-lusitano-samora-correia-11-1024x525.jpg\" data-width=\"800\" data-height=\"410\" aria-label=\"\" role=\"img\" ><\/div>\n\t\t\t\t\t\t\t\t\t\t\t<div class=\"elementor-gallery-item__overlay\"><\/div>\n\t\t\t\t\t\t\t\t\t\t\t\t\t\t<\/a>\n\t\t\t\t\t\t\t<a class=\"e-gallery-item elementor-gallery-item elementor-animated-content\" href=\"https:\/\/www.cm-benavente.pt\/wp-content\/uploads\/2025\/06\/samora-equestre-cavalo-lusitano-samora-correia-12.jpg\" data-elementor-open-lightbox=\"yes\" data-elementor-lightbox-slideshow=\"4c8e4ef\" data-elementor-lightbox-title=\"samora equestre cavalo lusitano samora correia (12)\" data-e-action-hash=\"#elementor-action%3Aaction%3Dlightbox%26settings%3DeyJpZCI6NzQzODgsInVybCI6Imh0dHBzOlwvXC93d3cuY20tYmVuYXZlbnRlLnB0XC93cC1jb250ZW50XC91cGxvYWRzXC8yMDI1XC8wNlwvc2Ftb3JhLWVxdWVzdHJlLWNhdmFsby1sdXNpdGFuby1zYW1vcmEtY29ycmVpYS0xMi5qcGciLCJzbGlkZXNob3ciOiI0YzhlNGVmIn0%3D\">\n\t\t\t\t\t<div class=\"e-gallery-image elementor-gallery-item__image\" data-thumbnail=\"https:\/\/www.cm-benavente.pt\/wp-content\/uploads\/2025\/06\/samora-equestre-cavalo-lusitano-samora-correia-12-1024x583.jpg\" data-width=\"800\" data-height=\"455\" aria-label=\"\" role=\"img\" ><\/div>\n\t\t\t\t\t\t\t\t\t\t\t<div class=\"elementor-gallery-item__overlay\"><\/div>\n\t\t\t\t\t\t\t\t\t\t\t\t\t\t<\/a>\n\t\t\t\t\t\t\t<a class=\"e-gallery-item elementor-gallery-item elementor-animated-content\" href=\"https:\/\/www.cm-benavente.pt\/wp-content\/uploads\/2025\/06\/samora-equestre-cavalo-lusitano-samora-correia-13.jpg\" data-elementor-open-lightbox=\"yes\" data-elementor-lightbox-slideshow=\"4c8e4ef\" data-elementor-lightbox-title=\"samora equestre cavalo lusitano samora correia (13)\" data-e-action-hash=\"#elementor-action%3Aaction%3Dlightbox%26settings%3DeyJpZCI6NzQzODksInVybCI6Imh0dHBzOlwvXC93d3cuY20tYmVuYXZlbnRlLnB0XC93cC1jb250ZW50XC91cGxvYWRzXC8yMDI1XC8wNlwvc2Ftb3JhLWVxdWVzdHJlLWNhdmFsby1sdXNpdGFuby1zYW1vcmEtY29ycmVpYS0xMy5qcGciLCJzbGlkZXNob3ciOiI0YzhlNGVmIn0%3D\">\n\t\t\t\t\t<div class=\"e-gallery-image elementor-gallery-item__image\" data-thumbnail=\"https:\/\/www.cm-benavente.pt\/wp-content\/uploads\/2025\/06\/samora-equestre-cavalo-lusitano-samora-correia-13-1024x604.jpg\" data-width=\"800\" data-height=\"472\" aria-label=\"\" role=\"img\" ><\/div>\n\t\t\t\t\t\t\t\t\t\t\t<div class=\"elementor-gallery-item__overlay\"><\/div>\n\t\t\t\t\t\t\t\t\t\t\t\t\t\t<\/a>\n\t\t\t\t\t\t\t<a class=\"e-gallery-item elementor-gallery-item elementor-animated-content\" href=\"https:\/\/www.cm-benavente.pt\/wp-content\/uploads\/2025\/06\/samora-equestre-cavalo-lusitano-samora-correia-14.jpg\" data-elementor-open-lightbox=\"yes\" data-elementor-lightbox-slideshow=\"4c8e4ef\" data-elementor-lightbox-title=\"samora equestre cavalo lusitano samora correia (14)\" data-e-action-hash=\"#elementor-action%3Aaction%3Dlightbox%26settings%3DeyJpZCI6NzQzOTAsInVybCI6Imh0dHBzOlwvXC93d3cuY20tYmVuYXZlbnRlLnB0XC93cC1jb250ZW50XC91cGxvYWRzXC8yMDI1XC8wNlwvc2Ftb3JhLWVxdWVzdHJlLWNhdmFsby1sdXNpdGFuby1zYW1vcmEtY29ycmVpYS0xNC5qcGciLCJzbGlkZXNob3ciOiI0YzhlNGVmIn0%3D\">\n\t\t\t\t\t<div class=\"e-gallery-image elementor-gallery-item__image\" data-thumbnail=\"https:\/\/www.cm-benavente.pt\/wp-content\/uploads\/2025\/06\/samora-equestre-cavalo-lusitano-samora-correia-14-1024x682.jpg\" data-width=\"800\" data-height=\"533\" aria-label=\"\" role=\"img\" ><\/div>\n\t\t\t\t\t\t\t\t\t\t\t<div class=\"elementor-gallery-item__overlay\"><\/div>\n\t\t\t\t\t\t\t\t\t\t\t\t\t\t<\/a>\n\t\t\t\t\t\t\t<a class=\"e-gallery-item elementor-gallery-item elementor-animated-content\" href=\"https:\/\/www.cm-benavente.pt\/wp-content\/uploads\/2025\/06\/samora-equestre-cavalo-lusitano-samora-correia-15.jpg\" data-elementor-open-lightbox=\"yes\" data-elementor-lightbox-slideshow=\"4c8e4ef\" data-elementor-lightbox-title=\"samora equestre cavalo lusitano samora correia (15)\" data-e-action-hash=\"#elementor-action%3Aaction%3Dlightbox%26settings%3DeyJpZCI6NzQzOTEsInVybCI6Imh0dHBzOlwvXC93d3cuY20tYmVuYXZlbnRlLnB0XC93cC1jb250ZW50XC91cGxvYWRzXC8yMDI1XC8wNlwvc2Ftb3JhLWVxdWVzdHJlLWNhdmFsby1sdXNpdGFuby1zYW1vcmEtY29ycmVpYS0xNS5qcGciLCJzbGlkZXNob3ciOiI0YzhlNGVmIn0%3D\">\n\t\t\t\t\t<div class=\"e-gallery-image elementor-gallery-item__image\" data-thumbnail=\"https:\/\/www.cm-benavente.pt\/wp-content\/uploads\/2025\/06\/samora-equestre-cavalo-lusitano-samora-correia-15-1024x607.jpg\" data-width=\"800\" data-height=\"474\" aria-label=\"\" role=\"img\" ><\/div>\n\t\t\t\t\t\t\t\t\t\t\t<div class=\"elementor-gallery-item__overlay\"><\/div>\n\t\t\t\t\t\t\t\t\t\t\t\t\t\t<\/a>\n\t\t\t\t\t\t\t<a class=\"e-gallery-item elementor-gallery-item elementor-animated-content\" href=\"https:\/\/www.cm-benavente.pt\/wp-content\/uploads\/2025\/06\/samora-equestre-cavalo-lusitano-samora-correia-16.jpg\" data-elementor-open-lightbox=\"yes\" data-elementor-lightbox-slideshow=\"4c8e4ef\" data-elementor-lightbox-title=\"samora equestre cavalo lusitano samora correia (16)\" data-e-action-hash=\"#elementor-action%3Aaction%3Dlightbox%26settings%3DeyJpZCI6NzQzOTIsInVybCI6Imh0dHBzOlwvXC93d3cuY20tYmVuYXZlbnRlLnB0XC93cC1jb250ZW50XC91cGxvYWRzXC8yMDI1XC8wNlwvc2Ftb3JhLWVxdWVzdHJlLWNhdmFsby1sdXNpdGFuby1zYW1vcmEtY29ycmVpYS0xNi5qcGciLCJzbGlkZXNob3ciOiI0YzhlNGVmIn0%3D\">\n\t\t\t\t\t<div class=\"e-gallery-image elementor-gallery-item__image\" data-thumbnail=\"https:\/\/www.cm-benavente.pt\/wp-content\/uploads\/2025\/06\/samora-equestre-cavalo-lusitano-samora-correia-16-1024x675.jpg\" data-width=\"800\" data-height=\"527\" aria-label=\"\" role=\"img\" ><\/div>\n\t\t\t\t\t\t\t\t\t\t\t<div class=\"elementor-gallery-item__overlay\"><\/div>\n\t\t\t\t\t\t\t\t\t\t\t\t\t\t<\/a>\n\t\t\t\t\t\t\t<a class=\"e-gallery-item elementor-gallery-item elementor-animated-content\" href=\"https:\/\/www.cm-benavente.pt\/wp-content\/uploads\/2025\/06\/samora-equestre-cavalo-lusitano-samora-correia-17.jpg\" data-elementor-open-lightbox=\"yes\" data-elementor-lightbox-slideshow=\"4c8e4ef\" data-elementor-lightbox-title=\"samora equestre cavalo lusitano samora correia (17)\" data-e-action-hash=\"#elementor-action%3Aaction%3Dlightbox%26settings%3DeyJpZCI6NzQzOTMsInVybCI6Imh0dHBzOlwvXC93d3cuY20tYmVuYXZlbnRlLnB0XC93cC1jb250ZW50XC91cGxvYWRzXC8yMDI1XC8wNlwvc2Ftb3JhLWVxdWVzdHJlLWNhdmFsby1sdXNpdGFuby1zYW1vcmEtY29ycmVpYS0xNy5qcGciLCJzbGlkZXNob3ciOiI0YzhlNGVmIn0%3D\">\n\t\t\t\t\t<div class=\"e-gallery-image elementor-gallery-item__image\" data-thumbnail=\"https:\/\/www.cm-benavente.pt\/wp-content\/uploads\/2025\/06\/samora-equestre-cavalo-lusitano-samora-correia-17-1024x540.jpg\" data-width=\"800\" data-height=\"422\" aria-label=\"\" role=\"img\" ><\/div>\n\t\t\t\t\t\t\t\t\t\t\t<div class=\"elementor-gallery-item__overlay\"><\/div>\n\t\t\t\t\t\t\t\t\t\t\t\t\t\t<\/a>\n\t\t\t\t\t\t\t<a class=\"e-gallery-item elementor-gallery-item elementor-animated-content\" href=\"https:\/\/www.cm-benavente.pt\/wp-content\/uploads\/2025\/06\/samora-equestre-cavalo-lusitano-samora-correia-18.jpg\" data-elementor-open-lightbox=\"yes\" data-elementor-lightbox-slideshow=\"4c8e4ef\" data-elementor-lightbox-title=\"samora equestre cavalo lusitano samora correia (18)\" data-e-action-hash=\"#elementor-action%3Aaction%3Dlightbox%26settings%3DeyJpZCI6NzQzOTQsInVybCI6Imh0dHBzOlwvXC93d3cuY20tYmVuYXZlbnRlLnB0XC93cC1jb250ZW50XC91cGxvYWRzXC8yMDI1XC8wNlwvc2Ftb3JhLWVxdWVzdHJlLWNhdmFsby1sdXNpdGFuby1zYW1vcmEtY29ycmVpYS0xOC5qcGciLCJzbGlkZXNob3ciOiI0YzhlNGVmIn0%3D\">\n\t\t\t\t\t<div class=\"e-gallery-image elementor-gallery-item__image\" data-thumbnail=\"https:\/\/www.cm-benavente.pt\/wp-content\/uploads\/2025\/06\/samora-equestre-cavalo-lusitano-samora-correia-18-1024x604.jpg\" data-width=\"800\" data-height=\"472\" aria-label=\"\" role=\"img\" ><\/div>\n\t\t\t\t\t\t\t\t\t\t\t<div class=\"elementor-gallery-item__overlay\"><\/div>\n\t\t\t\t\t\t\t\t\t\t\t\t\t\t<\/a>\n\t\t\t\t\t\t\t<a class=\"e-gallery-item elementor-gallery-item elementor-animated-content\" href=\"https:\/\/www.cm-benavente.pt\/wp-content\/uploads\/2025\/06\/samora-equestre-cavalo-lusitano-samora-correia-19.jpg\" data-elementor-open-lightbox=\"yes\" data-elementor-lightbox-slideshow=\"4c8e4ef\" data-elementor-lightbox-title=\"samora equestre cavalo lusitano samora correia (19)\" data-e-action-hash=\"#elementor-action%3Aaction%3Dlightbox%26settings%3DeyJpZCI6NzQzOTUsInVybCI6Imh0dHBzOlwvXC93d3cuY20tYmVuYXZlbnRlLnB0XC93cC1jb250ZW50XC91cGxvYWRzXC8yMDI1XC8wNlwvc2Ftb3JhLWVxdWVzdHJlLWNhdmFsby1sdXNpdGFuby1zYW1vcmEtY29ycmVpYS0xOS5qcGciLCJzbGlkZXNob3ciOiI0YzhlNGVmIn0%3D\">\n\t\t\t\t\t<div class=\"e-gallery-image elementor-gallery-item__image\" data-thumbnail=\"https:\/\/www.cm-benavente.pt\/wp-content\/uploads\/2025\/06\/samora-equestre-cavalo-lusitano-samora-correia-19-1024x480.jpg\" data-width=\"800\" data-height=\"375\" aria-label=\"\" role=\"img\" ><\/div>\n\t\t\t\t\t\t\t\t\t\t\t<div class=\"elementor-gallery-item__overlay\"><\/div>\n\t\t\t\t\t\t\t\t\t\t\t\t\t\t<\/a>\n\t\t\t\t\t\t\t<a class=\"e-gallery-item elementor-gallery-item elementor-animated-content\" href=\"https:\/\/www.cm-benavente.pt\/wp-content\/uploads\/2025\/06\/samora-equestre-cavalo-lusitano-samora-correia-20.jpg\" data-elementor-open-lightbox=\"yes\" data-elementor-lightbox-slideshow=\"4c8e4ef\" data-elementor-lightbox-title=\"samora equestre cavalo lusitano samora correia (20)\" data-e-action-hash=\"#elementor-action%3Aaction%3Dlightbox%26settings%3DeyJpZCI6NzQzOTYsInVybCI6Imh0dHBzOlwvXC93d3cuY20tYmVuYXZlbnRlLnB0XC93cC1jb250ZW50XC91cGxvYWRzXC8yMDI1XC8wNlwvc2Ftb3JhLWVxdWVzdHJlLWNhdmFsby1sdXNpdGFuby1zYW1vcmEtY29ycmVpYS0yMC5qcGciLCJzbGlkZXNob3ciOiI0YzhlNGVmIn0%3D\">\n\t\t\t\t\t<div class=\"e-gallery-image elementor-gallery-item__image\" data-thumbnail=\"https:\/\/www.cm-benavente.pt\/wp-content\/uploads\/2025\/06\/samora-equestre-cavalo-lusitano-samora-correia-20-1024x497.jpg\" data-width=\"800\" data-height=\"388\" aria-label=\"\" role=\"img\" ><\/div>\n\t\t\t\t\t\t\t\t\t\t\t<div class=\"elementor-gallery-item__overlay\"><\/div>\n\t\t\t\t\t\t\t\t\t\t\t\t\t\t<\/a>\n\t\t\t\t\t\t\t<a class=\"e-gallery-item elementor-gallery-item elementor-animated-content\" href=\"https:\/\/www.cm-benavente.pt\/wp-content\/uploads\/2025\/06\/samora-equestre-cavalo-lusitano-samora-correia-21.jpg\" data-elementor-open-lightbox=\"yes\" data-elementor-lightbox-slideshow=\"4c8e4ef\" data-elementor-lightbox-title=\"samora equestre cavalo lusitano samora correia (21)\" data-e-action-hash=\"#elementor-action%3Aaction%3Dlightbox%26settings%3DeyJpZCI6NzQzOTcsInVybCI6Imh0dHBzOlwvXC93d3cuY20tYmVuYXZlbnRlLnB0XC93cC1jb250ZW50XC91cGxvYWRzXC8yMDI1XC8wNlwvc2Ftb3JhLWVxdWVzdHJlLWNhdmFsby1sdXNpdGFuby1zYW1vcmEtY29ycmVpYS0yMS5qcGciLCJzbGlkZXNob3ciOiI0YzhlNGVmIn0%3D\">\n\t\t\t\t\t<div class=\"e-gallery-image elementor-gallery-item__image\" data-thumbnail=\"https:\/\/www.cm-benavente.pt\/wp-content\/uploads\/2025\/06\/samora-equestre-cavalo-lusitano-samora-correia-21-1024x592.jpg\" data-width=\"800\" data-height=\"463\" aria-label=\"\" role=\"img\" ><\/div>\n\t\t\t\t\t\t\t\t\t\t\t<div class=\"elementor-gallery-item__overlay\"><\/div>\n\t\t\t\t\t\t\t\t\t\t\t\t\t\t<\/a>\n\t\t\t\t\t\t\t<a class=\"e-gallery-item elementor-gallery-item elementor-animated-content\" href=\"https:\/\/www.cm-benavente.pt\/wp-content\/uploads\/2025\/06\/samora-equestre-cavalo-lusitano-samora-correia-22.jpg\" data-elementor-open-lightbox=\"yes\" data-elementor-lightbox-slideshow=\"4c8e4ef\" data-elementor-lightbox-title=\"samora equestre cavalo lusitano samora correia (22)\" data-e-action-hash=\"#elementor-action%3Aaction%3Dlightbox%26settings%3DeyJpZCI6NzQzOTgsInVybCI6Imh0dHBzOlwvXC93d3cuY20tYmVuYXZlbnRlLnB0XC93cC1jb250ZW50XC91cGxvYWRzXC8yMDI1XC8wNlwvc2Ftb3JhLWVxdWVzdHJlLWNhdmFsby1sdXNpdGFuby1zYW1vcmEtY29ycmVpYS0yMi5qcGciLCJzbGlkZXNob3ciOiI0YzhlNGVmIn0%3D\">\n\t\t\t\t\t<div class=\"e-gallery-image elementor-gallery-item__image\" data-thumbnail=\"https:\/\/www.cm-benavente.pt\/wp-content\/uploads\/2025\/06\/samora-equestre-cavalo-lusitano-samora-correia-22-1024x560.jpg\" data-width=\"800\" data-height=\"438\" aria-label=\"\" role=\"img\" ><\/div>\n\t\t\t\t\t\t\t\t\t\t\t<div class=\"elementor-gallery-item__overlay\"><\/div>\n\t\t\t\t\t\t\t\t\t\t\t\t\t\t<\/a>\n\t\t\t\t\t\t\t<a class=\"e-gallery-item elementor-gallery-item elementor-animated-content\" href=\"https:\/\/www.cm-benavente.pt\/wp-content\/uploads\/2025\/06\/samora-equestre-cavalo-lusitano-samora-correia-23.jpg\" data-elementor-open-lightbox=\"yes\" data-elementor-lightbox-slideshow=\"4c8e4ef\" data-elementor-lightbox-title=\"samora equestre cavalo lusitano samora correia (23)\" data-e-action-hash=\"#elementor-action%3Aaction%3Dlightbox%26settings%3DeyJpZCI6NzQzOTksInVybCI6Imh0dHBzOlwvXC93d3cuY20tYmVuYXZlbnRlLnB0XC93cC1jb250ZW50XC91cGxvYWRzXC8yMDI1XC8wNlwvc2Ftb3JhLWVxdWVzdHJlLWNhdmFsby1sdXNpdGFuby1zYW1vcmEtY29ycmVpYS0yMy5qcGciLCJzbGlkZXNob3ciOiI0YzhlNGVmIn0%3D\">\n\t\t\t\t\t<div class=\"e-gallery-image elementor-gallery-item__image\" data-thumbnail=\"https:\/\/www.cm-benavente.pt\/wp-content\/uploads\/2025\/06\/samora-equestre-cavalo-lusitano-samora-correia-23-1024x518.jpg\" data-width=\"800\" data-height=\"405\" aria-label=\"\" role=\"img\" ><\/div>\n\t\t\t\t\t\t\t\t\t\t\t<div class=\"elementor-gallery-item__overlay\"><\/div>\n\t\t\t\t\t\t\t\t\t\t\t\t\t\t<\/a>\n\t\t\t\t\t\t\t<a class=\"e-gallery-item elementor-gallery-item elementor-animated-content\" href=\"https:\/\/www.cm-benavente.pt\/wp-content\/uploads\/2025\/06\/samora-equestre-cavalo-lusitano-samora-correia-24.jpg\" data-elementor-open-lightbox=\"yes\" data-elementor-lightbox-slideshow=\"4c8e4ef\" data-elementor-lightbox-title=\"samora equestre cavalo lusitano samora correia (24)\" data-e-action-hash=\"#elementor-action%3Aaction%3Dlightbox%26settings%3DeyJpZCI6NzQ0MDAsInVybCI6Imh0dHBzOlwvXC93d3cuY20tYmVuYXZlbnRlLnB0XC93cC1jb250ZW50XC91cGxvYWRzXC8yMDI1XC8wNlwvc2Ftb3JhLWVxdWVzdHJlLWNhdmFsby1sdXNpdGFuby1zYW1vcmEtY29ycmVpYS0yNC5qcGciLCJzbGlkZXNob3ciOiI0YzhlNGVmIn0%3D\">\n\t\t\t\t\t<div class=\"e-gallery-image elementor-gallery-item__image\" data-thumbnail=\"https:\/\/www.cm-benavente.pt\/wp-content\/uploads\/2025\/06\/samora-equestre-cavalo-lusitano-samora-correia-24-1024x558.jpg\" data-width=\"800\" data-height=\"436\" aria-label=\"\" role=\"img\" ><\/div>\n\t\t\t\t\t\t\t\t\t\t\t<div class=\"elementor-gallery-item__overlay\"><\/div>\n\t\t\t\t\t\t\t\t\t\t\t\t\t\t<\/a>\n\t\t\t\t\t\t\t<a class=\"e-gallery-item elementor-gallery-item elementor-animated-content\" href=\"https:\/\/www.cm-benavente.pt\/wp-content\/uploads\/2025\/06\/samora-equestre-cavalo-lusitano-samora-correia-25.jpg\" data-elementor-open-lightbox=\"yes\" data-elementor-lightbox-slideshow=\"4c8e4ef\" data-elementor-lightbox-title=\"samora equestre cavalo lusitano samora correia (25)\" data-e-action-hash=\"#elementor-action%3Aaction%3Dlightbox%26settings%3DeyJpZCI6NzQ0MDEsInVybCI6Imh0dHBzOlwvXC93d3cuY20tYmVuYXZlbnRlLnB0XC93cC1jb250ZW50XC91cGxvYWRzXC8yMDI1XC8wNlwvc2Ftb3JhLWVxdWVzdHJlLWNhdmFsby1sdXNpdGFuby1zYW1vcmEtY29ycmVpYS0yNS5qcGciLCJzbGlkZXNob3ciOiI0YzhlNGVmIn0%3D\">\n\t\t\t\t\t<div class=\"e-gallery-image elementor-gallery-item__image\" data-thumbnail=\"https:\/\/www.cm-benavente.pt\/wp-content\/uploads\/2025\/06\/samora-equestre-cavalo-lusitano-samora-correia-25-1024x488.jpg\" data-width=\"800\" data-height=\"381\" aria-label=\"\" role=\"img\" ><\/div>\n\t\t\t\t\t\t\t\t\t\t\t<div class=\"elementor-gallery-item__overlay\"><\/div>\n\t\t\t\t\t\t\t\t\t\t\t\t\t\t<\/a>\n\t\t\t\t\t\t\t<a class=\"e-gallery-item elementor-gallery-item elementor-animated-content\" href=\"https:\/\/www.cm-benavente.pt\/wp-content\/uploads\/2025\/06\/samora-equestre-cavalo-lusitano-samora-correia-26.jpg\" data-elementor-open-lightbox=\"yes\" data-elementor-lightbox-slideshow=\"4c8e4ef\" data-elementor-lightbox-title=\"samora equestre cavalo lusitano samora correia (26)\" data-e-action-hash=\"#elementor-action%3Aaction%3Dlightbox%26settings%3DeyJpZCI6NzQ0MDIsInVybCI6Imh0dHBzOlwvXC93d3cuY20tYmVuYXZlbnRlLnB0XC93cC1jb250ZW50XC91cGxvYWRzXC8yMDI1XC8wNlwvc2Ftb3JhLWVxdWVzdHJlLWNhdmFsby1sdXNpdGFuby1zYW1vcmEtY29ycmVpYS0yNi5qcGciLCJzbGlkZXNob3ciOiI0YzhlNGVmIn0%3D\">\n\t\t\t\t\t<div class=\"e-gallery-image elementor-gallery-item__image\" data-thumbnail=\"https:\/\/www.cm-benavente.pt\/wp-content\/uploads\/2025\/06\/samora-equestre-cavalo-lusitano-samora-correia-26-1024x557.jpg\" data-width=\"800\" data-height=\"435\" aria-label=\"\" role=\"img\" ><\/div>\n\t\t\t\t\t\t\t\t\t\t\t<div class=\"elementor-gallery-item__overlay\"><\/div>\n\t\t\t\t\t\t\t\t\t\t\t\t\t\t<\/a>\n\t\t\t\t\t\t\t<a class=\"e-gallery-item elementor-gallery-item elementor-animated-content\" href=\"https:\/\/www.cm-benavente.pt\/wp-content\/uploads\/2025\/06\/samora-equestre-cavalo-lusitano-samora-correia-27.jpg\" data-elementor-open-lightbox=\"yes\" data-elementor-lightbox-slideshow=\"4c8e4ef\" data-elementor-lightbox-title=\"samora equestre cavalo lusitano samora correia (27)\" data-e-action-hash=\"#elementor-action%3Aaction%3Dlightbox%26settings%3DeyJpZCI6NzQ0MDMsInVybCI6Imh0dHBzOlwvXC93d3cuY20tYmVuYXZlbnRlLnB0XC93cC1jb250ZW50XC91cGxvYWRzXC8yMDI1XC8wNlwvc2Ftb3JhLWVxdWVzdHJlLWNhdmFsby1sdXNpdGFuby1zYW1vcmEtY29ycmVpYS0yNy5qcGciLCJzbGlkZXNob3ciOiI0YzhlNGVmIn0%3D\">\n\t\t\t\t\t<div class=\"e-gallery-image elementor-gallery-item__image\" data-thumbnail=\"https:\/\/www.cm-benavente.pt\/wp-content\/uploads\/2025\/06\/samora-equestre-cavalo-lusitano-samora-correia-27-1024x547.jpg\" data-width=\"800\" data-height=\"427\" aria-label=\"\" role=\"img\" ><\/div>\n\t\t\t\t\t\t\t\t\t\t\t<div class=\"elementor-gallery-item__overlay\"><\/div>\n\t\t\t\t\t\t\t\t\t\t\t\t\t\t<\/a>\n\t\t\t\t\t\t\t<a class=\"e-gallery-item elementor-gallery-item elementor-animated-content\" href=\"https:\/\/www.cm-benavente.pt\/wp-content\/uploads\/2025\/06\/samora-equestre-cavalo-lusitano-samora-correia-28.jpg\" data-elementor-open-lightbox=\"yes\" data-elementor-lightbox-slideshow=\"4c8e4ef\" data-elementor-lightbox-title=\"samora equestre cavalo lusitano samora correia (28)\" data-e-action-hash=\"#elementor-action%3Aaction%3Dlightbox%26settings%3DeyJpZCI6NzQ0MDQsInVybCI6Imh0dHBzOlwvXC93d3cuY20tYmVuYXZlbnRlLnB0XC93cC1jb250ZW50XC91cGxvYWRzXC8yMDI1XC8wNlwvc2Ftb3JhLWVxdWVzdHJlLWNhdmFsby1sdXNpdGFuby1zYW1vcmEtY29ycmVpYS0yOC5qcGciLCJzbGlkZXNob3ciOiI0YzhlNGVmIn0%3D\">\n\t\t\t\t\t<div class=\"e-gallery-image elementor-gallery-item__image\" data-thumbnail=\"https:\/\/www.cm-benavente.pt\/wp-content\/uploads\/2025\/06\/samora-equestre-cavalo-lusitano-samora-correia-28-1024x514.jpg\" data-width=\"800\" data-height=\"402\" aria-label=\"\" role=\"img\" ><\/div>\n\t\t\t\t\t\t\t\t\t\t\t<div class=\"elementor-gallery-item__overlay\"><\/div>\n\t\t\t\t\t\t\t\t\t\t\t\t\t\t<\/a>\n\t\t\t\t\t\t\t<a class=\"e-gallery-item elementor-gallery-item elementor-animated-content\" href=\"https:\/\/www.cm-benavente.pt\/wp-content\/uploads\/2025\/06\/samora-equestre-cavalo-lusitano-samora-correia-29.jpg\" data-elementor-open-lightbox=\"yes\" data-elementor-lightbox-slideshow=\"4c8e4ef\" data-elementor-lightbox-title=\"samora equestre cavalo lusitano samora correia (29)\" data-e-action-hash=\"#elementor-action%3Aaction%3Dlightbox%26settings%3DeyJpZCI6NzQ0MDUsInVybCI6Imh0dHBzOlwvXC93d3cuY20tYmVuYXZlbnRlLnB0XC93cC1jb250ZW50XC91cGxvYWRzXC8yMDI1XC8wNlwvc2Ftb3JhLWVxdWVzdHJlLWNhdmFsby1sdXNpdGFuby1zYW1vcmEtY29ycmVpYS0yOS5qcGciLCJzbGlkZXNob3ciOiI0YzhlNGVmIn0%3D\">\n\t\t\t\t\t<div class=\"e-gallery-image elementor-gallery-item__image\" data-thumbnail=\"https:\/\/www.cm-benavente.pt\/wp-content\/uploads\/2025\/06\/samora-equestre-cavalo-lusitano-samora-correia-29-1024x521.jpg\" data-width=\"800\" data-height=\"407\" aria-label=\"\" role=\"img\" ><\/div>\n\t\t\t\t\t\t\t\t\t\t\t<div class=\"elementor-gallery-item__overlay\"><\/div>\n\t\t\t\t\t\t\t\t\t\t\t\t\t\t<\/a>\n\t\t\t\t\t\t\t<a class=\"e-gallery-item elementor-gallery-item elementor-animated-content\" href=\"https:\/\/www.cm-benavente.pt\/wp-content\/uploads\/2025\/06\/samora-equestre-cavalo-lusitano-samora-correia-30.jpg\" data-elementor-open-lightbox=\"yes\" data-elementor-lightbox-slideshow=\"4c8e4ef\" data-elementor-lightbox-title=\"samora equestre cavalo lusitano samora correia (30)\" data-e-action-hash=\"#elementor-action%3Aaction%3Dlightbox%26settings%3DeyJpZCI6NzQ0MDYsInVybCI6Imh0dHBzOlwvXC93d3cuY20tYmVuYXZlbnRlLnB0XC93cC1jb250ZW50XC91cGxvYWRzXC8yMDI1XC8wNlwvc2Ftb3JhLWVxdWVzdHJlLWNhdmFsby1sdXNpdGFuby1zYW1vcmEtY29ycmVpYS0zMC5qcGciLCJzbGlkZXNob3ciOiI0YzhlNGVmIn0%3D\">\n\t\t\t\t\t<div class=\"e-gallery-image elementor-gallery-item__image\" data-thumbnail=\"https:\/\/www.cm-benavente.pt\/wp-content\/uploads\/2025\/06\/samora-equestre-cavalo-lusitano-samora-correia-30-1024x561.jpg\" data-width=\"800\" data-height=\"438\" aria-label=\"\" role=\"img\" ><\/div>\n\t\t\t\t\t\t\t\t\t\t\t<div class=\"elementor-gallery-item__overlay\"><\/div>\n\t\t\t\t\t\t\t\t\t\t\t\t\t\t<\/a>\n\t\t\t\t\t\t\t<a class=\"e-gallery-item elementor-gallery-item elementor-animated-content\" href=\"https:\/\/www.cm-benavente.pt\/wp-content\/uploads\/2025\/06\/samora-equestre-cavalo-lusitano-samora-correia-31.jpg\" data-elementor-open-lightbox=\"yes\" data-elementor-lightbox-slideshow=\"4c8e4ef\" data-elementor-lightbox-title=\"samora equestre cavalo lusitano samora correia (31)\" data-e-action-hash=\"#elementor-action%3Aaction%3Dlightbox%26settings%3DeyJpZCI6NzQ0MDcsInVybCI6Imh0dHBzOlwvXC93d3cuY20tYmVuYXZlbnRlLnB0XC93cC1jb250ZW50XC91cGxvYWRzXC8yMDI1XC8wNlwvc2Ftb3JhLWVxdWVzdHJlLWNhdmFsby1sdXNpdGFuby1zYW1vcmEtY29ycmVpYS0zMS5qcGciLCJzbGlkZXNob3ciOiI0YzhlNGVmIn0%3D\">\n\t\t\t\t\t<div class=\"e-gallery-image elementor-gallery-item__image\" data-thumbnail=\"https:\/\/www.cm-benavente.pt\/wp-content\/uploads\/2025\/06\/samora-equestre-cavalo-lusitano-samora-correia-31-1024x469.jpg\" data-width=\"800\" data-height=\"366\" aria-label=\"\" role=\"img\" ><\/div>\n\t\t\t\t\t\t\t\t\t\t\t<div class=\"elementor-gallery-item__overlay\"><\/div>\n\t\t\t\t\t\t\t\t\t\t\t\t\t\t<\/a>\n\t\t\t\t\t\t\t<a class=\"e-gallery-item elementor-gallery-item elementor-animated-content\" href=\"https:\/\/www.cm-benavente.pt\/wp-content\/uploads\/2025\/06\/samora-equestre-cavalo-lusitano-samora-correia-32.jpg\" data-elementor-open-lightbox=\"yes\" data-elementor-lightbox-slideshow=\"4c8e4ef\" data-elementor-lightbox-title=\"samora equestre cavalo lusitano samora correia (32)\" data-e-action-hash=\"#elementor-action%3Aaction%3Dlightbox%26settings%3DeyJpZCI6NzQ0MDgsInVybCI6Imh0dHBzOlwvXC93d3cuY20tYmVuYXZlbnRlLnB0XC93cC1jb250ZW50XC91cGxvYWRzXC8yMDI1XC8wNlwvc2Ftb3JhLWVxdWVzdHJlLWNhdmFsby1sdXNpdGFuby1zYW1vcmEtY29ycmVpYS0zMi5qcGciLCJzbGlkZXNob3ciOiI0YzhlNGVmIn0%3D\">\n\t\t\t\t\t<div class=\"e-gallery-image elementor-gallery-item__image\" data-thumbnail=\"https:\/\/www.cm-benavente.pt\/wp-content\/uploads\/2025\/06\/samora-equestre-cavalo-lusitano-samora-correia-32-1024x570.jpg\" data-width=\"800\" data-height=\"445\" aria-label=\"\" role=\"img\" ><\/div>\n\t\t\t\t\t\t\t\t\t\t\t<div class=\"elementor-gallery-item__overlay\"><\/div>\n\t\t\t\t\t\t\t\t\t\t\t\t\t\t<\/a>\n\t\t\t\t\t\t\t<a class=\"e-gallery-item elementor-gallery-item elementor-animated-content\" href=\"https:\/\/www.cm-benavente.pt\/wp-content\/uploads\/2025\/06\/samora-equestre-cavalo-lusitano-samora-correia-33.jpg\" data-elementor-open-lightbox=\"yes\" data-elementor-lightbox-slideshow=\"4c8e4ef\" data-elementor-lightbox-title=\"samora equestre cavalo lusitano samora correia (33)\" data-e-action-hash=\"#elementor-action%3Aaction%3Dlightbox%26settings%3DeyJpZCI6NzQ0MDksInVybCI6Imh0dHBzOlwvXC93d3cuY20tYmVuYXZlbnRlLnB0XC93cC1jb250ZW50XC91cGxvYWRzXC8yMDI1XC8wNlwvc2Ftb3JhLWVxdWVzdHJlLWNhdmFsby1sdXNpdGFuby1zYW1vcmEtY29ycmVpYS0zMy5qcGciLCJzbGlkZXNob3ciOiI0YzhlNGVmIn0%3D\">\n\t\t\t\t\t<div class=\"e-gallery-image elementor-gallery-item__image\" data-thumbnail=\"https:\/\/www.cm-benavente.pt\/wp-content\/uploads\/2025\/06\/samora-equestre-cavalo-lusitano-samora-correia-33-1024x617.jpg\" data-width=\"800\" data-height=\"482\" aria-label=\"\" role=\"img\" ><\/div>\n\t\t\t\t\t\t\t\t\t\t\t<div class=\"elementor-gallery-item__overlay\"><\/div>\n\t\t\t\t\t\t\t\t\t\t\t\t\t\t<\/a>\n\t\t\t\t\t\t\t<a class=\"e-gallery-item elementor-gallery-item elementor-animated-content\" href=\"https:\/\/www.cm-benavente.pt\/wp-content\/uploads\/2025\/06\/samora-equestre-cavalo-lusitano-samora-correia-34-scaled.jpg\" data-elementor-open-lightbox=\"yes\" data-elementor-lightbox-slideshow=\"4c8e4ef\" data-elementor-lightbox-title=\"samora equestre cavalo lusitano samora correia (34)\" data-e-action-hash=\"#elementor-action%3Aaction%3Dlightbox%26settings%3DeyJpZCI6NzQ0MTAsInVybCI6Imh0dHBzOlwvXC93d3cuY20tYmVuYXZlbnRlLnB0XC93cC1jb250ZW50XC91cGxvYWRzXC8yMDI1XC8wNlwvc2Ftb3JhLWVxdWVzdHJlLWNhdmFsby1sdXNpdGFuby1zYW1vcmEtY29ycmVpYS0zNC1zY2FsZWQuanBnIiwic2xpZGVzaG93IjoiNGM4ZTRlZiJ9\">\n\t\t\t\t\t<div class=\"e-gallery-image elementor-gallery-item__image\" data-thumbnail=\"https:\/\/www.cm-benavente.pt\/wp-content\/uploads\/2025\/06\/samora-equestre-cavalo-lusitano-samora-correia-34-1024x593.jpg\" data-width=\"800\" data-height=\"463\" aria-label=\"\" role=\"img\" ><\/div>\n\t\t\t\t\t\t\t\t\t\t\t<div class=\"elementor-gallery-item__overlay\"><\/div>\n\t\t\t\t\t\t\t\t\t\t\t\t\t\t<\/a>\n\t\t\t\t\t\t\t<a class=\"e-gallery-item elementor-gallery-item elementor-animated-content\" href=\"https:\/\/www.cm-benavente.pt\/wp-content\/uploads\/2025\/06\/samora-equestre-cavalo-lusitano-samora-correia-35.jpg\" data-elementor-open-lightbox=\"yes\" data-elementor-lightbox-slideshow=\"4c8e4ef\" data-elementor-lightbox-title=\"samora equestre cavalo lusitano samora correia (35)\" data-e-action-hash=\"#elementor-action%3Aaction%3Dlightbox%26settings%3DeyJpZCI6NzQ0MTEsInVybCI6Imh0dHBzOlwvXC93d3cuY20tYmVuYXZlbnRlLnB0XC93cC1jb250ZW50XC91cGxvYWRzXC8yMDI1XC8wNlwvc2Ftb3JhLWVxdWVzdHJlLWNhdmFsby1sdXNpdGFuby1zYW1vcmEtY29ycmVpYS0zNS5qcGciLCJzbGlkZXNob3ciOiI0YzhlNGVmIn0%3D\">\n\t\t\t\t\t<div class=\"e-gallery-image elementor-gallery-item__image\" data-thumbnail=\"https:\/\/www.cm-benavente.pt\/wp-content\/uploads\/2025\/06\/samora-equestre-cavalo-lusitano-samora-correia-35-1024x522.jpg\" data-width=\"800\" data-height=\"408\" aria-label=\"\" role=\"img\" ><\/div>\n\t\t\t\t\t\t\t\t\t\t\t<div class=\"elementor-gallery-item__overlay\"><\/div>\n\t\t\t\t\t\t\t\t\t\t\t\t\t\t<\/a>\n\t\t\t\t\t\t\t<a class=\"e-gallery-item elementor-gallery-item elementor-animated-content\" href=\"https:\/\/www.cm-benavente.pt\/wp-content\/uploads\/2025\/06\/samora-equestre-cavalo-lusitano-samora-correia-36-scaled.jpg\" data-elementor-open-lightbox=\"yes\" data-elementor-lightbox-slideshow=\"4c8e4ef\" data-elementor-lightbox-title=\"samora equestre cavalo lusitano samora correia (36)\" data-e-action-hash=\"#elementor-action%3Aaction%3Dlightbox%26settings%3DeyJpZCI6NzQ0MTIsInVybCI6Imh0dHBzOlwvXC93d3cuY20tYmVuYXZlbnRlLnB0XC93cC1jb250ZW50XC91cGxvYWRzXC8yMDI1XC8wNlwvc2Ftb3JhLWVxdWVzdHJlLWNhdmFsby1sdXNpdGFuby1zYW1vcmEtY29ycmVpYS0zNi1zY2FsZWQuanBnIiwic2xpZGVzaG93IjoiNGM4ZTRlZiJ9\">\n\t\t\t\t\t<div class=\"e-gallery-image elementor-gallery-item__image\" data-thumbnail=\"https:\/\/www.cm-benavente.pt\/wp-content\/uploads\/2025\/06\/samora-equestre-cavalo-lusitano-samora-correia-36-1024x471.jpg\" data-width=\"800\" data-height=\"368\" aria-label=\"\" role=\"img\" ><\/div>\n\t\t\t\t\t\t\t\t\t\t\t<div class=\"elementor-gallery-item__overlay\"><\/div>\n\t\t\t\t\t\t\t\t\t\t\t\t\t\t<\/a>\n\t\t\t\t\t\t\t<a class=\"e-gallery-item elementor-gallery-item elementor-animated-content\" href=\"https:\/\/www.cm-benavente.pt\/wp-content\/uploads\/2025\/06\/samora-equestre-cavalo-lusitano-samora-correia-37.jpg\" data-elementor-open-lightbox=\"yes\" data-elementor-lightbox-slideshow=\"4c8e4ef\" data-elementor-lightbox-title=\"samora equestre cavalo lusitano samora correia (37)\" data-e-action-hash=\"#elementor-action%3Aaction%3Dlightbox%26settings%3DeyJpZCI6NzQ0MTMsInVybCI6Imh0dHBzOlwvXC93d3cuY20tYmVuYXZlbnRlLnB0XC93cC1jb250ZW50XC91cGxvYWRzXC8yMDI1XC8wNlwvc2Ftb3JhLWVxdWVzdHJlLWNhdmFsby1sdXNpdGFuby1zYW1vcmEtY29ycmVpYS0zNy5qcGciLCJzbGlkZXNob3ciOiI0YzhlNGVmIn0%3D\">\n\t\t\t\t\t<div class=\"e-gallery-image elementor-gallery-item__image\" data-thumbnail=\"https:\/\/www.cm-benavente.pt\/wp-content\/uploads\/2025\/06\/samora-equestre-cavalo-lusitano-samora-correia-37-1024x578.jpg\" data-width=\"800\" data-height=\"452\" aria-label=\"\" role=\"img\" ><\/div>\n\t\t\t\t\t\t\t\t\t\t\t<div class=\"elementor-gallery-item__overlay\"><\/div>\n\t\t\t\t\t\t\t\t\t\t\t\t\t\t<\/a>\n\t\t\t\t\t\t\t<a class=\"e-gallery-item elementor-gallery-item elementor-animated-content\" href=\"https:\/\/www.cm-benavente.pt\/wp-content\/uploads\/2025\/06\/samora-equestre-cavalo-lusitano-samora-correia-38.jpg\" data-elementor-open-lightbox=\"yes\" data-elementor-lightbox-slideshow=\"4c8e4ef\" data-elementor-lightbox-title=\"samora equestre cavalo lusitano samora correia (38)\" data-e-action-hash=\"#elementor-action%3Aaction%3Dlightbox%26settings%3DeyJpZCI6NzQ0MTQsInVybCI6Imh0dHBzOlwvXC93d3cuY20tYmVuYXZlbnRlLnB0XC93cC1jb250ZW50XC91cGxvYWRzXC8yMDI1XC8wNlwvc2Ftb3JhLWVxdWVzdHJlLWNhdmFsby1sdXNpdGFuby1zYW1vcmEtY29ycmVpYS0zOC5qcGciLCJzbGlkZXNob3ciOiI0YzhlNGVmIn0%3D\">\n\t\t\t\t\t<div class=\"e-gallery-image elementor-gallery-item__image\" data-thumbnail=\"https:\/\/www.cm-benavente.pt\/wp-content\/uploads\/2025\/06\/samora-equestre-cavalo-lusitano-samora-correia-38-1024x495.jpg\" data-width=\"800\" data-height=\"387\" aria-label=\"\" role=\"img\" ><\/div>\n\t\t\t\t\t\t\t\t\t\t\t<div class=\"elementor-gallery-item__overlay\"><\/div>\n\t\t\t\t\t\t\t\t\t\t\t\t\t\t<\/a>\n\t\t\t\t\t\t\t<a class=\"e-gallery-item elementor-gallery-item elementor-animated-content\" href=\"https:\/\/www.cm-benavente.pt\/wp-content\/uploads\/2025\/06\/samora-equestre-cavalo-lusitano-samora-correia-39.jpg\" data-elementor-open-lightbox=\"yes\" data-elementor-lightbox-slideshow=\"4c8e4ef\" data-elementor-lightbox-title=\"samora equestre cavalo lusitano samora correia (39)\" data-e-action-hash=\"#elementor-action%3Aaction%3Dlightbox%26settings%3DeyJpZCI6NzQ0MTUsInVybCI6Imh0dHBzOlwvXC93d3cuY20tYmVuYXZlbnRlLnB0XC93cC1jb250ZW50XC91cGxvYWRzXC8yMDI1XC8wNlwvc2Ftb3JhLWVxdWVzdHJlLWNhdmFsby1sdXNpdGFuby1zYW1vcmEtY29ycmVpYS0zOS5qcGciLCJzbGlkZXNob3ciOiI0YzhlNGVmIn0%3D\">\n\t\t\t\t\t<div class=\"e-gallery-image elementor-gallery-item__image\" data-thumbnail=\"https:\/\/www.cm-benavente.pt\/wp-content\/uploads\/2025\/06\/samora-equestre-cavalo-lusitano-samora-correia-39-1024x539.jpg\" data-width=\"800\" data-height=\"421\" aria-label=\"\" role=\"img\" ><\/div>\n\t\t\t\t\t\t\t\t\t\t\t<div class=\"elementor-gallery-item__overlay\"><\/div>\n\t\t\t\t\t\t\t\t\t\t\t\t\t\t<\/a>\n\t\t\t\t\t\t\t<a class=\"e-gallery-item elementor-gallery-item elementor-animated-content\" href=\"https:\/\/www.cm-benavente.pt\/wp-content\/uploads\/2025\/06\/samora-equestre-cavalo-lusitano-samora-correia-40.jpg\" data-elementor-open-lightbox=\"yes\" data-elementor-lightbox-slideshow=\"4c8e4ef\" data-elementor-lightbox-title=\"samora equestre cavalo lusitano samora correia (40)\" data-e-action-hash=\"#elementor-action%3Aaction%3Dlightbox%26settings%3DeyJpZCI6NzQ0MTYsInVybCI6Imh0dHBzOlwvXC93d3cuY20tYmVuYXZlbnRlLnB0XC93cC1jb250ZW50XC91cGxvYWRzXC8yMDI1XC8wNlwvc2Ftb3JhLWVxdWVzdHJlLWNhdmFsby1sdXNpdGFuby1zYW1vcmEtY29ycmVpYS00MC5qcGciLCJzbGlkZXNob3ciOiI0YzhlNGVmIn0%3D\">\n\t\t\t\t\t<div class=\"e-gallery-image elementor-gallery-item__image\" data-thumbnail=\"https:\/\/www.cm-benavente.pt\/wp-content\/uploads\/2025\/06\/samora-equestre-cavalo-lusitano-samora-correia-40-1024x526.jpg\" data-width=\"800\" data-height=\"411\" aria-label=\"\" role=\"img\" ><\/div>\n\t\t\t\t\t\t\t\t\t\t\t<div class=\"elementor-gallery-item__overlay\"><\/div>\n\t\t\t\t\t\t\t\t\t\t\t\t\t\t<\/a>\n\t\t\t\t\t\t\t<a class=\"e-gallery-item elementor-gallery-item elementor-animated-content\" href=\"https:\/\/www.cm-benavente.pt\/wp-content\/uploads\/2025\/06\/samora-equestre-cavalo-lusitano-samora-correia-41.jpg\" data-elementor-open-lightbox=\"yes\" data-elementor-lightbox-slideshow=\"4c8e4ef\" data-elementor-lightbox-title=\"samora equestre cavalo lusitano samora correia (41)\" data-e-action-hash=\"#elementor-action%3Aaction%3Dlightbox%26settings%3DeyJpZCI6NzQ0MTcsInVybCI6Imh0dHBzOlwvXC93d3cuY20tYmVuYXZlbnRlLnB0XC93cC1jb250ZW50XC91cGxvYWRzXC8yMDI1XC8wNlwvc2Ftb3JhLWVxdWVzdHJlLWNhdmFsby1sdXNpdGFuby1zYW1vcmEtY29ycmVpYS00MS5qcGciLCJzbGlkZXNob3ciOiI0YzhlNGVmIn0%3D\">\n\t\t\t\t\t<div class=\"e-gallery-image elementor-gallery-item__image\" data-thumbnail=\"https:\/\/www.cm-benavente.pt\/wp-content\/uploads\/2025\/06\/samora-equestre-cavalo-lusitano-samora-correia-41-1024x529.jpg\" data-width=\"800\" data-height=\"413\" aria-label=\"\" role=\"img\" ><\/div>\n\t\t\t\t\t\t\t\t\t\t\t<div class=\"elementor-gallery-item__overlay\"><\/div>\n\t\t\t\t\t\t\t\t\t\t\t\t\t\t<\/a>\n\t\t\t\t\t\t\t<a class=\"e-gallery-item elementor-gallery-item elementor-animated-content\" href=\"https:\/\/www.cm-benavente.pt\/wp-content\/uploads\/2025\/06\/samora-equestre-cavalo-lusitano-samora-correia-42.jpg\" data-elementor-open-lightbox=\"yes\" data-elementor-lightbox-slideshow=\"4c8e4ef\" data-elementor-lightbox-title=\"samora equestre cavalo lusitano samora correia (42)\" data-e-action-hash=\"#elementor-action%3Aaction%3Dlightbox%26settings%3DeyJpZCI6NzQ0MTgsInVybCI6Imh0dHBzOlwvXC93d3cuY20tYmVuYXZlbnRlLnB0XC93cC1jb250ZW50XC91cGxvYWRzXC8yMDI1XC8wNlwvc2Ftb3JhLWVxdWVzdHJlLWNhdmFsby1sdXNpdGFuby1zYW1vcmEtY29ycmVpYS00Mi5qcGciLCJzbGlkZXNob3ciOiI0YzhlNGVmIn0%3D\">\n\t\t\t\t\t<div class=\"e-gallery-image elementor-gallery-item__image\" data-thumbnail=\"https:\/\/www.cm-benavente.pt\/wp-content\/uploads\/2025\/06\/samora-equestre-cavalo-lusitano-samora-correia-42-1024x579.jpg\" data-width=\"800\" data-height=\"452\" aria-label=\"\" role=\"img\" ><\/div>\n\t\t\t\t\t\t\t\t\t\t\t<div class=\"elementor-gallery-item__overlay\"><\/div>\n\t\t\t\t\t\t\t\t\t\t\t\t\t\t<\/a>\n\t\t\t\t\t\t\t<a class=\"e-gallery-item elementor-gallery-item elementor-animated-content\" href=\"https:\/\/www.cm-benavente.pt\/wp-content\/uploads\/2025\/06\/samora-equestre-cavalo-lusitano-samora-correia-43.jpg\" data-elementor-open-lightbox=\"yes\" data-elementor-lightbox-slideshow=\"4c8e4ef\" data-elementor-lightbox-title=\"samora equestre cavalo lusitano samora correia (43)\" data-e-action-hash=\"#elementor-action%3Aaction%3Dlightbox%26settings%3DeyJpZCI6NzQ0MTksInVybCI6Imh0dHBzOlwvXC93d3cuY20tYmVuYXZlbnRlLnB0XC93cC1jb250ZW50XC91cGxvYWRzXC8yMDI1XC8wNlwvc2Ftb3JhLWVxdWVzdHJlLWNhdmFsby1sdXNpdGFuby1zYW1vcmEtY29ycmVpYS00My5qcGciLCJzbGlkZXNob3ciOiI0YzhlNGVmIn0%3D\">\n\t\t\t\t\t<div class=\"e-gallery-image elementor-gallery-item__image\" data-thumbnail=\"https:\/\/www.cm-benavente.pt\/wp-content\/uploads\/2025\/06\/samora-equestre-cavalo-lusitano-samora-correia-43-1024x572.jpg\" data-width=\"800\" data-height=\"447\" aria-label=\"\" role=\"img\" ><\/div>\n\t\t\t\t\t\t\t\t\t\t\t<div class=\"elementor-gallery-item__overlay\"><\/div>\n\t\t\t\t\t\t\t\t\t\t\t\t\t\t<\/a>\n\t\t\t\t\t\t\t<a class=\"e-gallery-item elementor-gallery-item elementor-animated-content\" href=\"https:\/\/www.cm-benavente.pt\/wp-content\/uploads\/2025\/06\/samora-equestre-cavalo-lusitano-samora-correia-44.jpg\" data-elementor-open-lightbox=\"yes\" data-elementor-lightbox-slideshow=\"4c8e4ef\" data-elementor-lightbox-title=\"samora equestre cavalo lusitano samora correia (44)\" data-e-action-hash=\"#elementor-action%3Aaction%3Dlightbox%26settings%3DeyJpZCI6NzQ0MjAsInVybCI6Imh0dHBzOlwvXC93d3cuY20tYmVuYXZlbnRlLnB0XC93cC1jb250ZW50XC91cGxvYWRzXC8yMDI1XC8wNlwvc2Ftb3JhLWVxdWVzdHJlLWNhdmFsby1sdXNpdGFuby1zYW1vcmEtY29ycmVpYS00NC5qcGciLCJzbGlkZXNob3ciOiI0YzhlNGVmIn0%3D\">\n\t\t\t\t\t<div class=\"e-gallery-image elementor-gallery-item__image\" data-thumbnail=\"https:\/\/www.cm-benavente.pt\/wp-content\/uploads\/2025\/06\/samora-equestre-cavalo-lusitano-samora-correia-44-1024x607.jpg\" data-width=\"800\" data-height=\"474\" aria-label=\"\" role=\"img\" ><\/div>\n\t\t\t\t\t\t\t\t\t\t\t<div class=\"elementor-gallery-item__overlay\"><\/div>\n\t\t\t\t\t\t\t\t\t\t\t\t\t\t<\/a>\n\t\t\t\t\t\t\t<a class=\"e-gallery-item elementor-gallery-item elementor-animated-content\" href=\"https:\/\/www.cm-benavente.pt\/wp-content\/uploads\/2025\/06\/samora-equestre-cavalo-lusitano-samora-correia-45.jpg\" data-elementor-open-lightbox=\"yes\" data-elementor-lightbox-slideshow=\"4c8e4ef\" data-elementor-lightbox-title=\"samora equestre cavalo lusitano samora correia (45)\" data-e-action-hash=\"#elementor-action%3Aaction%3Dlightbox%26settings%3DeyJpZCI6NzQ0MjEsInVybCI6Imh0dHBzOlwvXC93d3cuY20tYmVuYXZlbnRlLnB0XC93cC1jb250ZW50XC91cGxvYWRzXC8yMDI1XC8wNlwvc2Ftb3JhLWVxdWVzdHJlLWNhdmFsby1sdXNpdGFuby1zYW1vcmEtY29ycmVpYS00NS5qcGciLCJzbGlkZXNob3ciOiI0YzhlNGVmIn0%3D\">\n\t\t\t\t\t<div class=\"e-gallery-image elementor-gallery-item__image\" data-thumbnail=\"https:\/\/www.cm-benavente.pt\/wp-content\/uploads\/2025\/06\/samora-equestre-cavalo-lusitano-samora-correia-45-1024x604.jpg\" data-width=\"800\" data-height=\"472\" aria-label=\"\" role=\"img\" ><\/div>\n\t\t\t\t\t\t\t\t\t\t\t<div class=\"elementor-gallery-item__overlay\"><\/div>\n\t\t\t\t\t\t\t\t\t\t\t\t\t\t<\/a>\n\t\t\t\t\t\t\t<a class=\"e-gallery-item elementor-gallery-item elementor-animated-content\" href=\"https:\/\/www.cm-benavente.pt\/wp-content\/uploads\/2025\/06\/samora-equestre-cavalo-lusitano-samora-correia-46.jpg\" data-elementor-open-lightbox=\"yes\" data-elementor-lightbox-slideshow=\"4c8e4ef\" data-elementor-lightbox-title=\"samora equestre cavalo lusitano samora correia (46)\" data-e-action-hash=\"#elementor-action%3Aaction%3Dlightbox%26settings%3DeyJpZCI6NzQ0MjIsInVybCI6Imh0dHBzOlwvXC93d3cuY20tYmVuYXZlbnRlLnB0XC93cC1jb250ZW50XC91cGxvYWRzXC8yMDI1XC8wNlwvc2Ftb3JhLWVxdWVzdHJlLWNhdmFsby1sdXNpdGFuby1zYW1vcmEtY29ycmVpYS00Ni5qcGciLCJzbGlkZXNob3ciOiI0YzhlNGVmIn0%3D\">\n\t\t\t\t\t<div class=\"e-gallery-image elementor-gallery-item__image\" data-thumbnail=\"https:\/\/www.cm-benavente.pt\/wp-content\/uploads\/2025\/06\/samora-equestre-cavalo-lusitano-samora-correia-46-1024x620.jpg\" data-width=\"800\" data-height=\"484\" aria-label=\"\" role=\"img\" ><\/div>\n\t\t\t\t\t\t\t\t\t\t\t<div class=\"elementor-gallery-item__overlay\"><\/div>\n\t\t\t\t\t\t\t\t\t\t\t\t\t\t<\/a>\n\t\t\t\t\t\t\t<a class=\"e-gallery-item elementor-gallery-item elementor-animated-content\" href=\"https:\/\/www.cm-benavente.pt\/wp-content\/uploads\/2025\/06\/samora-equestre-cavalo-lusitano-samora-correia-47.jpg\" data-elementor-open-lightbox=\"yes\" data-elementor-lightbox-slideshow=\"4c8e4ef\" data-elementor-lightbox-title=\"samora equestre cavalo lusitano samora correia (47)\" data-e-action-hash=\"#elementor-action%3Aaction%3Dlightbox%26settings%3DeyJpZCI6NzQ0MjMsInVybCI6Imh0dHBzOlwvXC93d3cuY20tYmVuYXZlbnRlLnB0XC93cC1jb250ZW50XC91cGxvYWRzXC8yMDI1XC8wNlwvc2Ftb3JhLWVxdWVzdHJlLWNhdmFsby1sdXNpdGFuby1zYW1vcmEtY29ycmVpYS00Ny5qcGciLCJzbGlkZXNob3ciOiI0YzhlNGVmIn0%3D\">\n\t\t\t\t\t<div class=\"e-gallery-image elementor-gallery-item__image\" data-thumbnail=\"https:\/\/www.cm-benavente.pt\/wp-content\/uploads\/2025\/06\/samora-equestre-cavalo-lusitano-samora-correia-47-1024x560.jpg\" data-width=\"800\" data-height=\"438\" aria-label=\"\" role=\"img\" ><\/div>\n\t\t\t\t\t\t\t\t\t\t\t<div class=\"elementor-gallery-item__overlay\"><\/div>\n\t\t\t\t\t\t\t\t\t\t\t\t\t\t<\/a>\n\t\t\t\t\t\t\t<a class=\"e-gallery-item elementor-gallery-item elementor-animated-content\" href=\"https:\/\/www.cm-benavente.pt\/wp-content\/uploads\/2025\/06\/samora-equestre-cavalo-lusitano-samora-correia-48.jpg\" data-elementor-open-lightbox=\"yes\" data-elementor-lightbox-slideshow=\"4c8e4ef\" data-elementor-lightbox-title=\"samora equestre cavalo lusitano samora correia (48)\" data-e-action-hash=\"#elementor-action%3Aaction%3Dlightbox%26settings%3DeyJpZCI6NzQ0MjQsInVybCI6Imh0dHBzOlwvXC93d3cuY20tYmVuYXZlbnRlLnB0XC93cC1jb250ZW50XC91cGxvYWRzXC8yMDI1XC8wNlwvc2Ftb3JhLWVxdWVzdHJlLWNhdmFsby1sdXNpdGFuby1zYW1vcmEtY29ycmVpYS00OC5qcGciLCJzbGlkZXNob3ciOiI0YzhlNGVmIn0%3D\">\n\t\t\t\t\t<div class=\"e-gallery-image elementor-gallery-item__image\" data-thumbnail=\"https:\/\/www.cm-benavente.pt\/wp-content\/uploads\/2025\/06\/samora-equestre-cavalo-lusitano-samora-correia-48-1024x590.jpg\" data-width=\"800\" data-height=\"461\" aria-label=\"\" role=\"img\" ><\/div>\n\t\t\t\t\t\t\t\t\t\t\t<div class=\"elementor-gallery-item__overlay\"><\/div>\n\t\t\t\t\t\t\t\t\t\t\t\t\t\t<\/a>\n\t\t\t\t\t\t\t<a class=\"e-gallery-item elementor-gallery-item elementor-animated-content\" href=\"https:\/\/www.cm-benavente.pt\/wp-content\/uploads\/2025\/06\/samora-equestre-cavalo-lusitano-samora-correia-49.jpg\" data-elementor-open-lightbox=\"yes\" data-elementor-lightbox-slideshow=\"4c8e4ef\" data-elementor-lightbox-title=\"samora equestre cavalo lusitano samora correia (49)\" data-e-action-hash=\"#elementor-action%3Aaction%3Dlightbox%26settings%3DeyJpZCI6NzQ0MjUsInVybCI6Imh0dHBzOlwvXC93d3cuY20tYmVuYXZlbnRlLnB0XC93cC1jb250ZW50XC91cGxvYWRzXC8yMDI1XC8wNlwvc2Ftb3JhLWVxdWVzdHJlLWNhdmFsby1sdXNpdGFuby1zYW1vcmEtY29ycmVpYS00OS5qcGciLCJzbGlkZXNob3ciOiI0YzhlNGVmIn0%3D\">\n\t\t\t\t\t<div class=\"e-gallery-image elementor-gallery-item__image\" data-thumbnail=\"https:\/\/www.cm-benavente.pt\/wp-content\/uploads\/2025\/06\/samora-equestre-cavalo-lusitano-samora-correia-49-1024x566.jpg\" data-width=\"800\" data-height=\"442\" aria-label=\"\" role=\"img\" ><\/div>\n\t\t\t\t\t\t\t\t\t\t\t<div class=\"elementor-gallery-item__overlay\"><\/div>\n\t\t\t\t\t\t\t\t\t\t\t\t\t\t<\/a>\n\t\t\t\t\t\t\t<a class=\"e-gallery-item elementor-gallery-item elementor-animated-content\" href=\"https:\/\/www.cm-benavente.pt\/wp-content\/uploads\/2025\/06\/samora-equestre-cavalo-lusitano-samora-correia-50.jpg\" data-elementor-open-lightbox=\"yes\" data-elementor-lightbox-slideshow=\"4c8e4ef\" data-elementor-lightbox-title=\"samora equestre cavalo lusitano samora correia (50)\" data-e-action-hash=\"#elementor-action%3Aaction%3Dlightbox%26settings%3DeyJpZCI6NzQ0MjYsInVybCI6Imh0dHBzOlwvXC93d3cuY20tYmVuYXZlbnRlLnB0XC93cC1jb250ZW50XC91cGxvYWRzXC8yMDI1XC8wNlwvc2Ftb3JhLWVxdWVzdHJlLWNhdmFsby1sdXNpdGFuby1zYW1vcmEtY29ycmVpYS01MC5qcGciLCJzbGlkZXNob3ciOiI0YzhlNGVmIn0%3D\">\n\t\t\t\t\t<div class=\"e-gallery-image elementor-gallery-item__image\" data-thumbnail=\"https:\/\/www.cm-benavente.pt\/wp-content\/uploads\/2025\/06\/samora-equestre-cavalo-lusitano-samora-correia-50-1024x584.jpg\" data-width=\"800\" data-height=\"456\" aria-label=\"\" role=\"img\" ><\/div>\n\t\t\t\t\t\t\t\t\t\t\t<div class=\"elementor-gallery-item__overlay\"><\/div>\n\t\t\t\t\t\t\t\t\t\t\t\t\t\t<\/a>\n\t\t\t\t\t\t\t<a class=\"e-gallery-item elementor-gallery-item elementor-animated-content\" href=\"https:\/\/www.cm-benavente.pt\/wp-content\/uploads\/2025\/06\/samora-equestre-cavalo-lusitano-samora-correia-51-scaled.jpg\" data-elementor-open-lightbox=\"yes\" data-elementor-lightbox-slideshow=\"4c8e4ef\" data-elementor-lightbox-title=\"samora equestre cavalo lusitano samora correia (51)\" data-e-action-hash=\"#elementor-action%3Aaction%3Dlightbox%26settings%3DeyJpZCI6NzQ0MjcsInVybCI6Imh0dHBzOlwvXC93d3cuY20tYmVuYXZlbnRlLnB0XC93cC1jb250ZW50XC91cGxvYWRzXC8yMDI1XC8wNlwvc2Ftb3JhLWVxdWVzdHJlLWNhdmFsby1sdXNpdGFuby1zYW1vcmEtY29ycmVpYS01MS1zY2FsZWQuanBnIiwic2xpZGVzaG93IjoiNGM4ZTRlZiJ9\">\n\t\t\t\t\t<div class=\"e-gallery-image elementor-gallery-item__image\" data-thumbnail=\"https:\/\/www.cm-benavente.pt\/wp-content\/uploads\/2025\/06\/samora-equestre-cavalo-lusitano-samora-correia-51-1024x613.jpg\" data-width=\"800\" data-height=\"479\" aria-label=\"\" role=\"img\" ><\/div>\n\t\t\t\t\t\t\t\t\t\t\t<div class=\"elementor-gallery-item__overlay\"><\/div>\n\t\t\t\t\t\t\t\t\t\t\t\t\t\t<\/a>\n\t\t\t\t\t\t\t<a class=\"e-gallery-item elementor-gallery-item elementor-animated-content\" href=\"https:\/\/www.cm-benavente.pt\/wp-content\/uploads\/2025\/06\/samora-equestre-cavalo-lusitano-samora-correia-52.jpg\" data-elementor-open-lightbox=\"yes\" data-elementor-lightbox-slideshow=\"4c8e4ef\" data-elementor-lightbox-title=\"samora equestre cavalo lusitano samora correia (52)\" data-e-action-hash=\"#elementor-action%3Aaction%3Dlightbox%26settings%3DeyJpZCI6NzQ0MjgsInVybCI6Imh0dHBzOlwvXC93d3cuY20tYmVuYXZlbnRlLnB0XC93cC1jb250ZW50XC91cGxvYWRzXC8yMDI1XC8wNlwvc2Ftb3JhLWVxdWVzdHJlLWNhdmFsby1sdXNpdGFuby1zYW1vcmEtY29ycmVpYS01Mi5qcGciLCJzbGlkZXNob3ciOiI0YzhlNGVmIn0%3D\">\n\t\t\t\t\t<div class=\"e-gallery-image elementor-gallery-item__image\" data-thumbnail=\"https:\/\/www.cm-benavente.pt\/wp-content\/uploads\/2025\/06\/samora-equestre-cavalo-lusitano-samora-correia-52-1024x625.jpg\" data-width=\"800\" data-height=\"488\" aria-label=\"\" role=\"img\" ><\/div>\n\t\t\t\t\t\t\t\t\t\t\t<div class=\"elementor-gallery-item__overlay\"><\/div>\n\t\t\t\t\t\t\t\t\t\t\t\t\t\t<\/a>\n\t\t\t\t\t\t\t<a class=\"e-gallery-item elementor-gallery-item elementor-animated-content\" href=\"https:\/\/www.cm-benavente.pt\/wp-content\/uploads\/2025\/06\/samora-equestre-cavalo-lusitano-samora-correia-53-scaled.jpg\" data-elementor-open-lightbox=\"yes\" data-elementor-lightbox-slideshow=\"4c8e4ef\" data-elementor-lightbox-title=\"samora equestre cavalo lusitano samora correia (53)\" data-e-action-hash=\"#elementor-action%3Aaction%3Dlightbox%26settings%3DeyJpZCI6NzQ0MjksInVybCI6Imh0dHBzOlwvXC93d3cuY20tYmVuYXZlbnRlLnB0XC93cC1jb250ZW50XC91cGxvYWRzXC8yMDI1XC8wNlwvc2Ftb3JhLWVxdWVzdHJlLWNhdmFsby1sdXNpdGFuby1zYW1vcmEtY29ycmVpYS01My1zY2FsZWQuanBnIiwic2xpZGVzaG93IjoiNGM4ZTRlZiJ9\">\n\t\t\t\t\t<div class=\"e-gallery-image elementor-gallery-item__image\" data-thumbnail=\"https:\/\/www.cm-benavente.pt\/wp-content\/uploads\/2025\/06\/samora-equestre-cavalo-lusitano-samora-correia-53-1024x585.jpg\" data-width=\"800\" data-height=\"457\" aria-label=\"\" role=\"img\" ><\/div>\n\t\t\t\t\t\t\t\t\t\t\t<div class=\"elementor-gallery-item__overlay\"><\/div>\n\t\t\t\t\t\t\t\t\t\t\t\t\t\t<\/a>\n\t\t\t\t\t\t\t<a class=\"e-gallery-item elementor-gallery-item elementor-animated-content\" href=\"https:\/\/www.cm-benavente.pt\/wp-content\/uploads\/2025\/06\/samora-equestre-cavalo-lusitano-samora-correia-54.jpg\" data-elementor-open-lightbox=\"yes\" data-elementor-lightbox-slideshow=\"4c8e4ef\" data-elementor-lightbox-title=\"samora equestre cavalo lusitano samora correia (54)\" data-e-action-hash=\"#elementor-action%3Aaction%3Dlightbox%26settings%3DeyJpZCI6NzQ0MzAsInVybCI6Imh0dHBzOlwvXC93d3cuY20tYmVuYXZlbnRlLnB0XC93cC1jb250ZW50XC91cGxvYWRzXC8yMDI1XC8wNlwvc2Ftb3JhLWVxdWVzdHJlLWNhdmFsby1sdXNpdGFuby1zYW1vcmEtY29ycmVpYS01NC5qcGciLCJzbGlkZXNob3ciOiI0YzhlNGVmIn0%3D\">\n\t\t\t\t\t<div class=\"e-gallery-image elementor-gallery-item__image\" data-thumbnail=\"https:\/\/www.cm-benavente.pt\/wp-content\/uploads\/2025\/06\/samora-equestre-cavalo-lusitano-samora-correia-54-1024x617.jpg\" data-width=\"800\" data-height=\"482\" aria-label=\"\" role=\"img\" ><\/div>\n\t\t\t\t\t\t\t\t\t\t\t<div class=\"elementor-gallery-item__overlay\"><\/div>\n\t\t\t\t\t\t\t\t\t\t\t\t\t\t<\/a>\n\t\t\t\t\t\t\t<a class=\"e-gallery-item elementor-gallery-item elementor-animated-content\" href=\"https:\/\/www.cm-benavente.pt\/wp-content\/uploads\/2025\/06\/samora-equestre-cavalo-lusitano-samora-correia-55.jpg\" data-elementor-open-lightbox=\"yes\" data-elementor-lightbox-slideshow=\"4c8e4ef\" data-elementor-lightbox-title=\"samora equestre cavalo lusitano samora correia (55)\" data-e-action-hash=\"#elementor-action%3Aaction%3Dlightbox%26settings%3DeyJpZCI6NzQ0MzEsInVybCI6Imh0dHBzOlwvXC93d3cuY20tYmVuYXZlbnRlLnB0XC93cC1jb250ZW50XC91cGxvYWRzXC8yMDI1XC8wNlwvc2Ftb3JhLWVxdWVzdHJlLWNhdmFsby1sdXNpdGFuby1zYW1vcmEtY29ycmVpYS01NS5qcGciLCJzbGlkZXNob3ciOiI0YzhlNGVmIn0%3D\">\n\t\t\t\t\t<div class=\"e-gallery-image elementor-gallery-item__image\" data-thumbnail=\"https:\/\/www.cm-benavente.pt\/wp-content\/uploads\/2025\/06\/samora-equestre-cavalo-lusitano-samora-correia-55-1024x658.jpg\" data-width=\"800\" data-height=\"514\" aria-label=\"\" role=\"img\" ><\/div>\n\t\t\t\t\t\t\t\t\t\t\t<div class=\"elementor-gallery-item__overlay\"><\/div>\n\t\t\t\t\t\t\t\t\t\t\t\t\t\t<\/a>\n\t\t\t\t\t\t\t<a class=\"e-gallery-item elementor-gallery-item elementor-animated-content\" href=\"https:\/\/www.cm-benavente.pt\/wp-content\/uploads\/2025\/06\/samora-equestre-cavalo-lusitano-samora-correia-56-scaled.jpg\" data-elementor-open-lightbox=\"yes\" data-elementor-lightbox-slideshow=\"4c8e4ef\" data-elementor-lightbox-title=\"samora equestre cavalo lusitano samora correia (56)\" data-e-action-hash=\"#elementor-action%3Aaction%3Dlightbox%26settings%3DeyJpZCI6NzQ0MzIsInVybCI6Imh0dHBzOlwvXC93d3cuY20tYmVuYXZlbnRlLnB0XC93cC1jb250ZW50XC91cGxvYWRzXC8yMDI1XC8wNlwvc2Ftb3JhLWVxdWVzdHJlLWNhdmFsby1sdXNpdGFuby1zYW1vcmEtY29ycmVpYS01Ni1zY2FsZWQuanBnIiwic2xpZGVzaG93IjoiNGM4ZTRlZiJ9\">\n\t\t\t\t\t<div class=\"e-gallery-image elementor-gallery-item__image\" data-thumbnail=\"https:\/\/www.cm-benavente.pt\/wp-content\/uploads\/2025\/06\/samora-equestre-cavalo-lusitano-samora-correia-56-1024x579.jpg\" data-width=\"800\" data-height=\"452\" aria-label=\"\" role=\"img\" ><\/div>\n\t\t\t\t\t\t\t\t\t\t\t<div class=\"elementor-gallery-item__overlay\"><\/div>\n\t\t\t\t\t\t\t\t\t\t\t\t\t\t<\/a>\n\t\t\t\t\t\t\t<a class=\"e-gallery-item elementor-gallery-item elementor-animated-content\" href=\"https:\/\/www.cm-benavente.pt\/wp-content\/uploads\/2025\/06\/samora-equestre-cavalo-lusitano-samora-correia-57-scaled.jpg\" data-elementor-open-lightbox=\"yes\" data-elementor-lightbox-slideshow=\"4c8e4ef\" data-elementor-lightbox-title=\"samora equestre cavalo lusitano samora correia (57)\" data-e-action-hash=\"#elementor-action%3Aaction%3Dlightbox%26settings%3DeyJpZCI6NzQ0MzMsInVybCI6Imh0dHBzOlwvXC93d3cuY20tYmVuYXZlbnRlLnB0XC93cC1jb250ZW50XC91cGxvYWRzXC8yMDI1XC8wNlwvc2Ftb3JhLWVxdWVzdHJlLWNhdmFsby1sdXNpdGFuby1zYW1vcmEtY29ycmVpYS01Ny1zY2FsZWQuanBnIiwic2xpZGVzaG93IjoiNGM4ZTRlZiJ9\">\n\t\t\t\t\t<div class=\"e-gallery-image elementor-gallery-item__image\" data-thumbnail=\"https:\/\/www.cm-benavente.pt\/wp-content\/uploads\/2025\/06\/samora-equestre-cavalo-lusitano-samora-correia-57-1024x522.jpg\" data-width=\"800\" data-height=\"408\" aria-label=\"\" role=\"img\" ><\/div>\n\t\t\t\t\t\t\t\t\t\t\t<div class=\"elementor-gallery-item__overlay\"><\/div>\n\t\t\t\t\t\t\t\t\t\t\t\t\t\t<\/a>\n\t\t\t\t\t\t\t<a class=\"e-gallery-item elementor-gallery-item elementor-animated-content\" href=\"https:\/\/www.cm-benavente.pt\/wp-content\/uploads\/2025\/06\/samora-equestre-cavalo-lusitano-samora-correia-58.jpg\" data-elementor-open-lightbox=\"yes\" data-elementor-lightbox-slideshow=\"4c8e4ef\" data-elementor-lightbox-title=\"samora equestre cavalo lusitano samora correia (58)\" data-e-action-hash=\"#elementor-action%3Aaction%3Dlightbox%26settings%3DeyJpZCI6NzQ0MzQsInVybCI6Imh0dHBzOlwvXC93d3cuY20tYmVuYXZlbnRlLnB0XC93cC1jb250ZW50XC91cGxvYWRzXC8yMDI1XC8wNlwvc2Ftb3JhLWVxdWVzdHJlLWNhdmFsby1sdXNpdGFuby1zYW1vcmEtY29ycmVpYS01OC5qcGciLCJzbGlkZXNob3ciOiI0YzhlNGVmIn0%3D\">\n\t\t\t\t\t<div class=\"e-gallery-image elementor-gallery-item__image\" data-thumbnail=\"https:\/\/www.cm-benavente.pt\/wp-content\/uploads\/2025\/06\/samora-equestre-cavalo-lusitano-samora-correia-58-1024x549.jpg\" data-width=\"800\" data-height=\"429\" aria-label=\"\" role=\"img\" ><\/div>\n\t\t\t\t\t\t\t\t\t\t\t<div class=\"elementor-gallery-item__overlay\"><\/div>\n\t\t\t\t\t\t\t\t\t\t\t\t\t\t<\/a>\n\t\t\t\t\t\t\t<a class=\"e-gallery-item elementor-gallery-item elementor-animated-content\" href=\"https:\/\/www.cm-benavente.pt\/wp-content\/uploads\/2025\/06\/samora-equestre-cavalo-lusitano-samora-correia-59.jpg\" data-elementor-open-lightbox=\"yes\" data-elementor-lightbox-slideshow=\"4c8e4ef\" data-elementor-lightbox-title=\"samora equestre cavalo lusitano samora correia (59)\" data-e-action-hash=\"#elementor-action%3Aaction%3Dlightbox%26settings%3DeyJpZCI6NzQ0MzUsInVybCI6Imh0dHBzOlwvXC93d3cuY20tYmVuYXZlbnRlLnB0XC93cC1jb250ZW50XC91cGxvYWRzXC8yMDI1XC8wNlwvc2Ftb3JhLWVxdWVzdHJlLWNhdmFsby1sdXNpdGFuby1zYW1vcmEtY29ycmVpYS01OS5qcGciLCJzbGlkZXNob3ciOiI0YzhlNGVmIn0%3D\">\n\t\t\t\t\t<div class=\"e-gallery-image elementor-gallery-item__image\" data-thumbnail=\"https:\/\/www.cm-benavente.pt\/wp-content\/uploads\/2025\/06\/samora-equestre-cavalo-lusitano-samora-correia-59-1024x578.jpg\" data-width=\"800\" data-height=\"452\" aria-label=\"\" role=\"img\" ><\/div>\n\t\t\t\t\t\t\t\t\t\t\t<div class=\"elementor-gallery-item__overlay\"><\/div>\n\t\t\t\t\t\t\t\t\t\t\t\t\t\t<\/a>\n\t\t\t\t\t\t\t<a class=\"e-gallery-item elementor-gallery-item elementor-animated-content\" href=\"https:\/\/www.cm-benavente.pt\/wp-content\/uploads\/2025\/06\/samora-equestre-cavalo-lusitano-samora-correia-60.jpg\" data-elementor-open-lightbox=\"yes\" data-elementor-lightbox-slideshow=\"4c8e4ef\" data-elementor-lightbox-title=\"samora equestre cavalo lusitano samora correia (60)\" data-e-action-hash=\"#elementor-action%3Aaction%3Dlightbox%26settings%3DeyJpZCI6NzQ0MzYsInVybCI6Imh0dHBzOlwvXC93d3cuY20tYmVuYXZlbnRlLnB0XC93cC1jb250ZW50XC91cGxvYWRzXC8yMDI1XC8wNlwvc2Ftb3JhLWVxdWVzdHJlLWNhdmFsby1sdXNpdGFuby1zYW1vcmEtY29ycmVpYS02MC5qcGciLCJzbGlkZXNob3ciOiI0YzhlNGVmIn0%3D\">\n\t\t\t\t\t<div class=\"e-gallery-image elementor-gallery-item__image\" data-thumbnail=\"https:\/\/www.cm-benavente.pt\/wp-content\/uploads\/2025\/06\/samora-equestre-cavalo-lusitano-samora-correia-60-1024x612.jpg\" data-width=\"800\" data-height=\"478\" aria-label=\"\" role=\"img\" ><\/div>\n\t\t\t\t\t\t\t\t\t\t\t<div class=\"elementor-gallery-item__overlay\"><\/div>\n\t\t\t\t\t\t\t\t\t\t\t\t\t\t<\/a>\n\t\t\t\t\t\t\t<a class=\"e-gallery-item elementor-gallery-item elementor-animated-content\" href=\"https:\/\/www.cm-benavente.pt\/wp-content\/uploads\/2025\/06\/samora-equestre-cavalo-lusitano-samora-correia-61.jpg\" data-elementor-open-lightbox=\"yes\" data-elementor-lightbox-slideshow=\"4c8e4ef\" data-elementor-lightbox-title=\"samora equestre cavalo lusitano samora correia (61)\" data-e-action-hash=\"#elementor-action%3Aaction%3Dlightbox%26settings%3DeyJpZCI6NzQ0MzcsInVybCI6Imh0dHBzOlwvXC93d3cuY20tYmVuYXZlbnRlLnB0XC93cC1jb250ZW50XC91cGxvYWRzXC8yMDI1XC8wNlwvc2Ftb3JhLWVxdWVzdHJlLWNhdmFsby1sdXNpdGFuby1zYW1vcmEtY29ycmVpYS02MS5qcGciLCJzbGlkZXNob3ciOiI0YzhlNGVmIn0%3D\">\n\t\t\t\t\t<div class=\"e-gallery-image elementor-gallery-item__image\" data-thumbnail=\"https:\/\/www.cm-benavente.pt\/wp-content\/uploads\/2025\/06\/samora-equestre-cavalo-lusitano-samora-correia-61-1024x622.jpg\" data-width=\"800\" data-height=\"486\" aria-label=\"\" role=\"img\" ><\/div>\n\t\t\t\t\t\t\t\t\t\t\t<div class=\"elementor-gallery-item__overlay\"><\/div>\n\t\t\t\t\t\t\t\t\t\t\t\t\t\t<\/a>\n\t\t\t\t\t\t\t<a class=\"e-gallery-item elementor-gallery-item elementor-animated-content\" href=\"https:\/\/www.cm-benavente.pt\/wp-content\/uploads\/2025\/06\/samora-equestre-cavalo-lusitano-samora-correia-62.jpg\" data-elementor-open-lightbox=\"yes\" data-elementor-lightbox-slideshow=\"4c8e4ef\" data-elementor-lightbox-title=\"samora equestre cavalo lusitano samora correia (62)\" data-e-action-hash=\"#elementor-action%3Aaction%3Dlightbox%26settings%3DeyJpZCI6NzQ0MzgsInVybCI6Imh0dHBzOlwvXC93d3cuY20tYmVuYXZlbnRlLnB0XC93cC1jb250ZW50XC91cGxvYWRzXC8yMDI1XC8wNlwvc2Ftb3JhLWVxdWVzdHJlLWNhdmFsby1sdXNpdGFuby1zYW1vcmEtY29ycmVpYS02Mi5qcGciLCJzbGlkZXNob3ciOiI0YzhlNGVmIn0%3D\">\n\t\t\t\t\t<div class=\"e-gallery-image elementor-gallery-item__image\" data-thumbnail=\"https:\/\/www.cm-benavente.pt\/wp-content\/uploads\/2025\/06\/samora-equestre-cavalo-lusitano-samora-correia-62-1024x595.jpg\" data-width=\"800\" data-height=\"465\" aria-label=\"\" role=\"img\" ><\/div>\n\t\t\t\t\t\t\t\t\t\t\t<div class=\"elementor-gallery-item__overlay\"><\/div>\n\t\t\t\t\t\t\t\t\t\t\t\t\t\t<\/a>\n\t\t\t\t\t\t\t<a class=\"e-gallery-item elementor-gallery-item elementor-animated-content\" href=\"https:\/\/www.cm-benavente.pt\/wp-content\/uploads\/2025\/06\/samora-equestre-cavalo-lusitano-samora-correia-63.jpg\" data-elementor-open-lightbox=\"yes\" data-elementor-lightbox-slideshow=\"4c8e4ef\" data-elementor-lightbox-title=\"samora equestre cavalo lusitano samora correia (63)\" data-e-action-hash=\"#elementor-action%3Aaction%3Dlightbox%26settings%3DeyJpZCI6NzQ0MzksInVybCI6Imh0dHBzOlwvXC93d3cuY20tYmVuYXZlbnRlLnB0XC93cC1jb250ZW50XC91cGxvYWRzXC8yMDI1XC8wNlwvc2Ftb3JhLWVxdWVzdHJlLWNhdmFsby1sdXNpdGFuby1zYW1vcmEtY29ycmVpYS02My5qcGciLCJzbGlkZXNob3ciOiI0YzhlNGVmIn0%3D\">\n\t\t\t\t\t<div class=\"e-gallery-image elementor-gallery-item__image\" data-thumbnail=\"https:\/\/www.cm-benavente.pt\/wp-content\/uploads\/2025\/06\/samora-equestre-cavalo-lusitano-samora-correia-63-1024x573.jpg\" data-width=\"800\" data-height=\"448\" aria-label=\"\" role=\"img\" ><\/div>\n\t\t\t\t\t\t\t\t\t\t\t<div class=\"elementor-gallery-item__overlay\"><\/div>\n\t\t\t\t\t\t\t\t\t\t\t\t\t\t<\/a>\n\t\t\t\t\t<\/div>\n\t\t\t\t\t<\/div>\n\t\t\t\t<\/div>\n\t\t\t\t\t<\/div>\n\t\t\t\t<\/div>\n\t\t\t\t<\/div>\n\t\t","protected":false},"excerpt":{"rendered":"<p>Uma iniciativa que tem crescido ano ap\u00f3s ano, o VII Samora Equestre 2025 trouxe muita anima\u00e7\u00e3o e beleza \u00e0 zona ribeirinha de Samora Correia.<\/p>\n","protected":false},"author":3,"featured_media":74369,"comment_status":"closed","ping_status":"closed","sticky":false,"template":"","format":"standard","meta":{"_vp_format_video_url":"","_vp_image_focal_point":[],"footnotes":""},"categories":[510],"tags":[620,340,1416,27,2061],"class_list":["post-74368","post","type-post","status-publish","format-standard","has-post-thumbnail","hentry","category-evento","tag-cavalo","tag-junta-de-freguesia","tag-lusitano","tag-samora-correia","tag-samora-equestre"],"_links":{"self":[{"href":"https:\/\/www.cm-benavente.pt\/index.php\/wp-json\/wp\/v2\/posts\/74368","targetHints":{"allow":["GET"]}}],"collection":[{"href":"https:\/\/www.cm-benavente.pt\/index.php\/wp-json\/wp\/v2\/posts"}],"about":[{"href":"https:\/\/www.cm-benavente.pt\/index.php\/wp-json\/wp\/v2\/types\/post"}],"author":[{"embeddable":true,"href":"https:\/\/www.cm-benavente.pt\/index.php\/wp-json\/wp\/v2\/users\/3"}],"replies":[{"embeddable":true,"href":"https:\/\/www.cm-benavente.pt\/index.php\/wp-json\/wp\/v2\/comments?post=74368"}],"version-history":[{"count":4,"href":"https:\/\/www.cm-benavente.pt\/index.php\/wp-json\/wp\/v2\/posts\/74368\/revisions"}],"predecessor-version":[{"id":74442,"href":"https:\/\/www.cm-benavente.pt\/index.php\/wp-json\/wp\/v2\/posts\/74368\/revisions\/74442"}],"wp:featuredmedia":[{"embeddable":true,"href":"https:\/\/www.cm-benavente.pt\/index.php\/wp-json\/wp\/v2\/media\/74369"}],"wp:attachment":[{"href":"https:\/\/www.cm-benavente.pt\/index.php\/wp-json\/wp\/v2\/media?parent=74368"}],"wp:term":[{"taxonomy":"category","embeddable":true,"href":"https:\/\/www.cm-benavente.pt\/index.php\/wp-json\/wp\/v2\/categories?post=74368"},{"taxonomy":"post_tag","embeddable":true,"href":"https:\/\/www.cm-benavente.pt\/index.php\/wp-json\/wp\/v2\/tags?post=74368"}],"curies":[{"name":"wp","href":"https:\/\/api.w.org\/{rel}","templated":true}]}}