{"id":74268,"date":"2025-06-03T14:47:06","date_gmt":"2025-06-03T14:47:06","guid":{"rendered":"https:\/\/www.cm-benavente.pt\/?p=74268"},"modified":"2025-06-05T10:55:34","modified_gmt":"2025-06-05T10:55:34","slug":"abertura-do-periodo-de-consulta-publica-revisao-do-plano-municipal-de-emergencia-de-protecao-civil-pmepc-de-benavente","status":"publish","type":"post","link":"https:\/\/www.cm-benavente.pt\/index.php\/2025\/06\/03\/abertura-do-periodo-de-consulta-publica-revisao-do-plano-municipal-de-emergencia-de-protecao-civil-pmepc-de-benavente\/","title":{"rendered":"Abertura do Per\u00edodo de Consulta P\u00fablica | Revis\u00e3o do Plano Municipal de Emerg\u00eancia de Prote\u00e7\u00e3o Civil (PMEPC) de Benavente"},"content":{"rendered":"\t\t<div data-elementor-type=\"wp-post\" data-elementor-id=\"74268\" class=\"elementor elementor-74268\" data-elementor-post-type=\"post\">\n\t\t\t\t<div class=\"elementor-element elementor-element-1569f60 e-flex e-con-boxed e-con e-parent\" data-id=\"1569f60\" data-element_type=\"container\" data-e-type=\"container\" data-settings=\"{&quot;tmea_shape_divider_top&quot;:&quot;none&quot;,&quot;tmea_shape_divider_bottom&quot;:&quot;none&quot;}\">\n\t\t\t\t\t<div class=\"e-con-inner\">\n\t\t\n\t\t<div class=\"elementor-element elementor-element-ebc7cb0 elementor-widget elementor-widget-text-editor\" data-id=\"ebc7cb0\" data-element_type=\"widget\" data-e-type=\"widget\" data-widget_type=\"text-editor.default\">\n\t\t\t\t<div class=\"elementor-widget-container\">\n\t\t\t\t\t\t\t\t\t<p>Torna-se p\u00fablico que, por delibera\u00e7\u00e3o da C\u00e2mara Municipal de Benavente tomada em 02 de junho de 2025, e tendo em considera\u00e7\u00e3o o disposto no n\u00ba 8 do artigo 7\u00ba, da Diretiva em anexo \u00e0 Resolu\u00e7\u00e3o da Comiss\u00e3o Nacional de Prote\u00e7\u00e3o Civil n.\u00ba 30\/2015, de 07 de maio, est\u00e1 em <strong>consulta p\u00fablica por 30 (trinta) dias \u00fateis<\/strong>, contados a partir da data do presente Aviso, o Plano Municipal de Emerg\u00eancia de Prote\u00e7\u00e3o Civil de Benavente.<\/p><p>A proposta do referido plano est\u00e1 dispon\u00edvel para consulta no s\u00edtio da internet <a href=\"https:\/\/www.cm-benavente.pt\/index.php\/2025\/06\/03\/abertura-do-periodo-de-consulta-publica-revisao-do-plano-municipal-de-emergencia-de-protecao-civil-pmepc-de-benavente\/\" target=\"_blank\" rel=\"noopener\">https:\/\/www.cm-benavente.pt\/index.php\/2025\/06\/03\/abertura-do-periodo-de-consulta-publica-revisao-do-plano-municipal-de-emergencia-de-protecao-civil-pmepc-de-benavente\/<\/a>, no que respeita \u00e0s suas componentes n\u00e3o reservadas (Partes I, II e III), assim como em papel, no Servi\u00e7o Municipal de Prote\u00e7\u00e3o Civil de Benavente. Neste \u00faltimo caso, a sua consulta dever\u00e1 ser agendada por telefone, atrav\u00e9s do <a href=\"tel:263519666\">263 519 666<\/a>, ou por escrito, atrav\u00e9s dos endere\u00e7os eletr\u00f3nicos <a href=\"mailto:protecaocivil@cm-benavente.pt\">protecaocivil@cm-benavente.pt<\/a> ou <a href=\"mailto:gap@cm-benavente.pt\">gap@cm-benavente.pt<\/a>.<\/p><p>Os interessados dever\u00e3o formular as suas observa\u00e7\u00f5es e sugest\u00f5es, por escrito e dirigidas ao Presidente da C\u00e2mara Municipal, por correio, para o Servi\u00e7o Municipal de Prote\u00e7\u00e3o Civil (Pra\u00e7a do Munic\u00edpio, 2130-038 Benavente), ou atrav\u00e9s dos endere\u00e7os eletr\u00f3nicos anteriormente referidos.<\/p>\t\t\t\t\t\t\t\t<\/div>\n\t\t\t\t<\/div>\n\t\t\t\t<div class=\"elementor-element elementor-element-14e4fac elementor-widget elementor-widget-button\" data-id=\"14e4fac\" data-element_type=\"widget\" data-e-type=\"widget\" data-widget_type=\"button.default\">\n\t\t\t\t<div class=\"elementor-widget-container\">\n\t\t\t\t\t\t\t\t\t<div class=\"elementor-button-wrapper\">\n\t\t\t\t\t<a class=\"elementor-button elementor-button-link elementor-size-sm elementor-animation-grow\" href=\"https:\/\/www.cm-benavente.pt\/wp-content\/uploads\/2025\/06\/Edital_PMEPC_consulta_publica-270_2025-04JUN2025.pdf\" target=\"_blank\">\n\t\t\t\t\t\t<span class=\"elementor-button-content-wrapper\">\n\t\t\t\t\t\t<span class=\"elementor-button-icon\">\n\t\t\t\t<i aria-hidden=\"true\" class=\"far fa-file-pdf\"><\/i>\t\t\t<\/span>\n\t\t\t\t\t\t\t\t\t<span class=\"elementor-button-text\">Edital - PMEPC - Consulta p\u00fablica 270\/2025 - 04JUN2025<\/span>\n\t\t\t\t\t<\/span>\n\t\t\t\t\t<\/a>\n\t\t\t\t<\/div>\n\t\t\t\t\t\t\t\t<\/div>\n\t\t\t\t<\/div>\n\t\t\t\t<div class=\"elementor-element elementor-element-a62c080 elementor-widget elementor-widget-button\" data-id=\"a62c080\" data-element_type=\"widget\" data-e-type=\"widget\" data-widget_type=\"button.default\">\n\t\t\t\t<div class=\"elementor-widget-container\">\n\t\t\t\t\t\t\t\t\t<div class=\"elementor-button-wrapper\">\n\t\t\t\t\t<a class=\"elementor-button elementor-button-link elementor-size-sm elementor-animation-grow\" href=\"https:\/\/www.cm-benavente.pt\/wp-content\/uploads\/2025\/06\/Projeto-Revisao-PMEPC-Benavente-2025-Consulta-Publica-2025-1.pdf\" target=\"_blank\">\n\t\t\t\t\t\t<span class=\"elementor-button-content-wrapper\">\n\t\t\t\t\t\t<span class=\"elementor-button-icon\">\n\t\t\t\t<i aria-hidden=\"true\" class=\"far fa-file-pdf\"><\/i>\t\t\t<\/span>\n\t\t\t\t\t\t\t\t\t<span class=\"elementor-button-text\">Projeto Revis\u00e3o PMEPC Benavente 2025 - Consulta P\u00fablica 2025<\/span>\n\t\t\t\t\t<\/span>\n\t\t\t\t\t<\/a>\n\t\t\t\t<\/div>\n\t\t\t\t\t\t\t\t<\/div>\n\t\t\t\t<\/div>\n\t\t\t\t\t<\/div>\n\t\t\t\t<\/div>\n\t\t\t\t<\/div>\n\t\t","protected":false},"excerpt":{"rendered":"<p>Torna-se p\u00fablico que, por delibera\u00e7\u00e3o da C\u00e2mara Municipal de Benavente tomada em 02 de junho de 2025, e tendo em considera\u00e7\u00e3o o disposto no n\u00ba 8 do artigo 7\u00ba, da Diretiva em anexo \u00e0 Resolu\u00e7\u00e3o da Comiss\u00e3o Nacional de Prote\u00e7\u00e3o Civil n.\u00ba 30\/2015, de 07 de maio, est\u00e1 em consulta p\u00fablica por 30 (trinta) dias \u00fateis, contados a partir da data do presente Aviso, o Plano Municipal de Emerg\u00eancia de Prote\u00e7\u00e3o Civil de Benavente.<\/p>\n","protected":false},"author":3,"featured_media":74545,"comment_status":"closed","ping_status":"closed","sticky":true,"template":"","format":"standard","meta":{"_vp_format_video_url":"","_vp_image_focal_point":[],"footnotes":""},"categories":[545,518,1],"tags":[185,16,852,1713,2935,334,2381,27,13],"class_list":["post-74268","post","type-post","status-publish","format-standard","has-post-thumbnail","hentry","category-informacao","category-municipio","category-sem-categoria","tag-barrosa","tag-benavente","tag-consulta-publica","tag-municipio-de-benavente-2","tag-plano-municipal-de-emergencia","tag-protecao-civil","tag-revisao","tag-samora-correia","tag-santo-estevao"],"_links":{"self":[{"href":"https:\/\/www.cm-benavente.pt\/index.php\/wp-json\/wp\/v2\/posts\/74268","targetHints":{"allow":["GET"]}}],"collection":[{"href":"https:\/\/www.cm-benavente.pt\/index.php\/wp-json\/wp\/v2\/posts"}],"about":[{"href":"https:\/\/www.cm-benavente.pt\/index.php\/wp-json\/wp\/v2\/types\/post"}],"author":[{"embeddable":true,"href":"https:\/\/www.cm-benavente.pt\/index.php\/wp-json\/wp\/v2\/users\/3"}],"replies":[{"embeddable":true,"href":"https:\/\/www.cm-benavente.pt\/index.php\/wp-json\/wp\/v2\/comments?post=74268"}],"version-history":[{"count":5,"href":"https:\/\/www.cm-benavente.pt\/index.php\/wp-json\/wp\/v2\/posts\/74268\/revisions"}],"predecessor-version":[{"id":74551,"href":"https:\/\/www.cm-benavente.pt\/index.php\/wp-json\/wp\/v2\/posts\/74268\/revisions\/74551"}],"wp:featuredmedia":[{"embeddable":true,"href":"https:\/\/www.cm-benavente.pt\/index.php\/wp-json\/wp\/v2\/media\/74545"}],"wp:attachment":[{"href":"https:\/\/www.cm-benavente.pt\/index.php\/wp-json\/wp\/v2\/media?parent=74268"}],"wp:term":[{"taxonomy":"category","embeddable":true,"href":"https:\/\/www.cm-benavente.pt\/index.php\/wp-json\/wp\/v2\/categories?post=74268"},{"taxonomy":"post_tag","embeddable":true,"href":"https:\/\/www.cm-benavente.pt\/index.php\/wp-json\/wp\/v2\/tags?post=74268"}],"curies":[{"name":"wp","href":"https:\/\/api.w.org\/{rel}","templated":true}]}}