{"id":72596,"date":"2025-05-02T14:01:59","date_gmt":"2025-05-02T14:01:59","guid":{"rendered":"https:\/\/www.cm-benavente.pt\/?p=72596"},"modified":"2025-05-02T14:08:53","modified_gmt":"2025-05-02T14:08:53","slug":"encontro-taurino-de-bandas-filarmonicas-com-casa-cheia","status":"publish","type":"post","link":"https:\/\/www.cm-benavente.pt\/index.php\/2025\/05\/02\/encontro-taurino-de-bandas-filarmonicas-com-casa-cheia\/","title":{"rendered":"Encontro Taurino de Bandas Filarm\u00f3nicas com casa cheia"},"content":{"rendered":"\t\t<div data-elementor-type=\"wp-post\" data-elementor-id=\"72596\" class=\"elementor elementor-72596\" data-elementor-post-type=\"post\">\n\t\t\t\t<div class=\"elementor-element elementor-element-7b6acf2 e-flex e-con-boxed e-con e-parent\" data-id=\"7b6acf2\" data-element_type=\"container\" data-e-type=\"container\" data-settings=\"{&quot;tmea_shape_divider_top&quot;:&quot;none&quot;,&quot;tmea_shape_divider_bottom&quot;:&quot;none&quot;}\">\n\t\t\t\t\t<div class=\"e-con-inner\">\n\t\t\n\t\t<div class=\"elementor-element elementor-element-9256a8a elementor-widget elementor-widget-text-editor\" data-id=\"9256a8a\" data-element_type=\"widget\" data-e-type=\"widget\" data-widget_type=\"text-editor.default\">\n\t\t\t\t<div class=\"elementor-widget-container\">\n\t\t\t\t\t\t\t\t\t<p>A <strong>Semana Taurina<\/strong> organizada pela Junta de Freguesia de Samora Correia, terminou com chave de ouro com a realiza\u00e7\u00e3o do <strong>Encontro Taurino de Bandas Filarm\u00f3nicas<\/strong> e a entrega do <strong>Pr\u00e9mio S\u00e9rgio Perilh\u00e3o<\/strong>.<\/p><p>No palco do <strong>Centro Cultural de Samora Correia<\/strong> tocaram magistralmente pasodobles e outros estilos musicais ligados \u00e0 tauromaquia: a Banda da Sociedade Filarm\u00f3nica Uni\u00e3o Samorense e a Banda da Sociedade 1\u00ba de Dezembro (Montijo).<\/p><p>O <strong>Pr\u00e9mio S\u00e9rgio Perilh\u00e3o<\/strong> foi atribu\u00eddo \u00e0 cavaleira taurom\u00e1quica S\u00f3nia Batista. Parab\u00e9ns pela distin\u00e7\u00e3o.<\/p><p>Uma iniciativa <strong>organizada pela Junta de Freguesia de Samora Correia.<\/strong><\/p>\t\t\t\t\t\t\t\t<\/div>\n\t\t\t\t<\/div>\n\t\t\t\t<div class=\"elementor-element elementor-element-a904889 elementor-widget elementor-widget-gallery\" data-id=\"a904889\" data-element_type=\"widget\" data-e-type=\"widget\" data-settings=\"{&quot;columns&quot;:10,&quot;lazyload&quot;:&quot;yes&quot;,&quot;gallery_layout&quot;:&quot;grid&quot;,&quot;columns_tablet&quot;:2,&quot;columns_mobile&quot;:1,&quot;gap&quot;:{&quot;unit&quot;:&quot;px&quot;,&quot;size&quot;:10,&quot;sizes&quot;:[]},&quot;gap_widescreen&quot;:{&quot;unit&quot;:&quot;px&quot;,&quot;size&quot;:&quot;&quot;,&quot;sizes&quot;:[]},&quot;gap_laptop&quot;:{&quot;unit&quot;:&quot;px&quot;,&quot;size&quot;:10,&quot;sizes&quot;:[]},&quot;gap_tablet_extra&quot;:{&quot;unit&quot;:&quot;px&quot;,&quot;size&quot;:10,&quot;sizes&quot;:[]},&quot;gap_tablet&quot;:{&quot;unit&quot;:&quot;px&quot;,&quot;size&quot;:10,&quot;sizes&quot;:[]},&quot;gap_mobile_extra&quot;:{&quot;unit&quot;:&quot;px&quot;,&quot;size&quot;:10,&quot;sizes&quot;:[]},&quot;gap_mobile&quot;:{&quot;unit&quot;:&quot;px&quot;,&quot;size&quot;:10,&quot;sizes&quot;:[]},&quot;link_to&quot;:&quot;file&quot;,&quot;aspect_ratio&quot;:&quot;3:2&quot;,&quot;overlay_background&quot;:&quot;yes&quot;,&quot;content_hover_animation&quot;:&quot;fade-in&quot;}\" data-widget_type=\"gallery.default\">\n\t\t\t\t<div class=\"elementor-widget-container\">\n\t\t\t\t\t\t\t<div class=\"elementor-gallery__container\">\n\t\t\t\t\t\t\t<a class=\"e-gallery-item elementor-gallery-item elementor-animated-content\" href=\"https:\/\/www.cm-benavente.pt\/wp-content\/uploads\/2025\/05\/encontro-taurino-bandas-filarmonicas-semana-taurina-samora-correia-1-scaled.jpg\" data-elementor-open-lightbox=\"yes\" data-elementor-lightbox-slideshow=\"a904889\" data-elementor-lightbox-title=\"encontro taurino bandas filarm\u00f3nicas semana taurina samora correia (1)\" data-e-action-hash=\"#elementor-action%3Aaction%3Dlightbox%26settings%3DeyJpZCI6NzI1OTksInVybCI6Imh0dHBzOlwvXC93d3cuY20tYmVuYXZlbnRlLnB0XC93cC1jb250ZW50XC91cGxvYWRzXC8yMDI1XC8wNVwvZW5jb250cm8tdGF1cmluby1iYW5kYXMtZmlsYXJtb25pY2FzLXNlbWFuYS10YXVyaW5hLXNhbW9yYS1jb3JyZWlhLTEtc2NhbGVkLmpwZyIsInNsaWRlc2hvdyI6ImE5MDQ4ODkifQ%3D%3D\">\n\t\t\t\t\t<div class=\"e-gallery-image elementor-gallery-item__image\" data-thumbnail=\"https:\/\/www.cm-benavente.pt\/wp-content\/uploads\/2025\/05\/encontro-taurino-bandas-filarmonicas-semana-taurina-samora-correia-1-1024x543.jpg\" data-width=\"800\" data-height=\"424\" aria-label=\"\" role=\"img\" ><\/div>\n\t\t\t\t\t\t\t\t\t\t\t<div class=\"elementor-gallery-item__overlay\"><\/div>\n\t\t\t\t\t\t\t\t\t\t\t\t\t\t<\/a>\n\t\t\t\t\t\t\t<a class=\"e-gallery-item elementor-gallery-item elementor-animated-content\" href=\"https:\/\/www.cm-benavente.pt\/wp-content\/uploads\/2025\/05\/encontro-taurino-bandas-filarmonicas-semana-taurina-samora-correia-2-scaled.jpg\" data-elementor-open-lightbox=\"yes\" data-elementor-lightbox-slideshow=\"a904889\" data-elementor-lightbox-title=\"encontro taurino bandas filarm\u00f3nicas semana taurina samora correia (2)\" data-e-action-hash=\"#elementor-action%3Aaction%3Dlightbox%26settings%3DeyJpZCI6NzI2MDAsInVybCI6Imh0dHBzOlwvXC93d3cuY20tYmVuYXZlbnRlLnB0XC93cC1jb250ZW50XC91cGxvYWRzXC8yMDI1XC8wNVwvZW5jb250cm8tdGF1cmluby1iYW5kYXMtZmlsYXJtb25pY2FzLXNlbWFuYS10YXVyaW5hLXNhbW9yYS1jb3JyZWlhLTItc2NhbGVkLmpwZyIsInNsaWRlc2hvdyI6ImE5MDQ4ODkifQ%3D%3D\">\n\t\t\t\t\t<div class=\"e-gallery-image elementor-gallery-item__image\" data-thumbnail=\"https:\/\/www.cm-benavente.pt\/wp-content\/uploads\/2025\/05\/encontro-taurino-bandas-filarmonicas-semana-taurina-samora-correia-2-1024x644.jpg\" data-width=\"800\" data-height=\"503\" aria-label=\"\" role=\"img\" ><\/div>\n\t\t\t\t\t\t\t\t\t\t\t<div class=\"elementor-gallery-item__overlay\"><\/div>\n\t\t\t\t\t\t\t\t\t\t\t\t\t\t<\/a>\n\t\t\t\t\t\t\t<a class=\"e-gallery-item elementor-gallery-item elementor-animated-content\" href=\"https:\/\/www.cm-benavente.pt\/wp-content\/uploads\/2025\/05\/encontro-taurino-bandas-filarmonicas-semana-taurina-samora-correia-3-scaled.jpg\" data-elementor-open-lightbox=\"yes\" data-elementor-lightbox-slideshow=\"a904889\" data-elementor-lightbox-title=\"encontro taurino bandas filarm\u00f3nicas semana taurina samora correia (3)\" data-e-action-hash=\"#elementor-action%3Aaction%3Dlightbox%26settings%3DeyJpZCI6NzI2MDEsInVybCI6Imh0dHBzOlwvXC93d3cuY20tYmVuYXZlbnRlLnB0XC93cC1jb250ZW50XC91cGxvYWRzXC8yMDI1XC8wNVwvZW5jb250cm8tdGF1cmluby1iYW5kYXMtZmlsYXJtb25pY2FzLXNlbWFuYS10YXVyaW5hLXNhbW9yYS1jb3JyZWlhLTMtc2NhbGVkLmpwZyIsInNsaWRlc2hvdyI6ImE5MDQ4ODkifQ%3D%3D\">\n\t\t\t\t\t<div class=\"e-gallery-image elementor-gallery-item__image\" data-thumbnail=\"https:\/\/www.cm-benavente.pt\/wp-content\/uploads\/2025\/05\/encontro-taurino-bandas-filarmonicas-semana-taurina-samora-correia-3-1024x545.jpg\" data-width=\"800\" data-height=\"426\" aria-label=\"\" role=\"img\" ><\/div>\n\t\t\t\t\t\t\t\t\t\t\t<div class=\"elementor-gallery-item__overlay\"><\/div>\n\t\t\t\t\t\t\t\t\t\t\t\t\t\t<\/a>\n\t\t\t\t\t\t\t<a class=\"e-gallery-item elementor-gallery-item elementor-animated-content\" href=\"https:\/\/www.cm-benavente.pt\/wp-content\/uploads\/2025\/05\/encontro-taurino-bandas-filarmonicas-semana-taurina-samora-correia-4-scaled.jpg\" data-elementor-open-lightbox=\"yes\" data-elementor-lightbox-slideshow=\"a904889\" data-elementor-lightbox-title=\"encontro taurino bandas filarm\u00f3nicas semana taurina samora correia (4)\" data-e-action-hash=\"#elementor-action%3Aaction%3Dlightbox%26settings%3DeyJpZCI6NzI2MDIsInVybCI6Imh0dHBzOlwvXC93d3cuY20tYmVuYXZlbnRlLnB0XC93cC1jb250ZW50XC91cGxvYWRzXC8yMDI1XC8wNVwvZW5jb250cm8tdGF1cmluby1iYW5kYXMtZmlsYXJtb25pY2FzLXNlbWFuYS10YXVyaW5hLXNhbW9yYS1jb3JyZWlhLTQtc2NhbGVkLmpwZyIsInNsaWRlc2hvdyI6ImE5MDQ4ODkifQ%3D%3D\">\n\t\t\t\t\t<div class=\"e-gallery-image elementor-gallery-item__image\" data-thumbnail=\"https:\/\/www.cm-benavente.pt\/wp-content\/uploads\/2025\/05\/encontro-taurino-bandas-filarmonicas-semana-taurina-samora-correia-4-1024x434.jpg\" data-width=\"800\" data-height=\"339\" aria-label=\"\" role=\"img\" ><\/div>\n\t\t\t\t\t\t\t\t\t\t\t<div class=\"elementor-gallery-item__overlay\"><\/div>\n\t\t\t\t\t\t\t\t\t\t\t\t\t\t<\/a>\n\t\t\t\t\t\t\t<a class=\"e-gallery-item elementor-gallery-item elementor-animated-content\" href=\"https:\/\/www.cm-benavente.pt\/wp-content\/uploads\/2025\/05\/encontro-taurino-bandas-filarmonicas-semana-taurina-samora-correia-5-scaled.jpg\" data-elementor-open-lightbox=\"yes\" data-elementor-lightbox-slideshow=\"a904889\" data-elementor-lightbox-title=\"encontro taurino bandas filarm\u00f3nicas semana taurina samora correia (5)\" data-e-action-hash=\"#elementor-action%3Aaction%3Dlightbox%26settings%3DeyJpZCI6NzI2MDMsInVybCI6Imh0dHBzOlwvXC93d3cuY20tYmVuYXZlbnRlLnB0XC93cC1jb250ZW50XC91cGxvYWRzXC8yMDI1XC8wNVwvZW5jb250cm8tdGF1cmluby1iYW5kYXMtZmlsYXJtb25pY2FzLXNlbWFuYS10YXVyaW5hLXNhbW9yYS1jb3JyZWlhLTUtc2NhbGVkLmpwZyIsInNsaWRlc2hvdyI6ImE5MDQ4ODkifQ%3D%3D\">\n\t\t\t\t\t<div class=\"e-gallery-image elementor-gallery-item__image\" data-thumbnail=\"https:\/\/www.cm-benavente.pt\/wp-content\/uploads\/2025\/05\/encontro-taurino-bandas-filarmonicas-semana-taurina-samora-correia-5-1024x584.jpg\" data-width=\"800\" data-height=\"456\" aria-label=\"\" role=\"img\" ><\/div>\n\t\t\t\t\t\t\t\t\t\t\t<div class=\"elementor-gallery-item__overlay\"><\/div>\n\t\t\t\t\t\t\t\t\t\t\t\t\t\t<\/a>\n\t\t\t\t\t\t\t<a class=\"e-gallery-item elementor-gallery-item elementor-animated-content\" href=\"https:\/\/www.cm-benavente.pt\/wp-content\/uploads\/2025\/05\/encontro-taurino-bandas-filarmonicas-semana-taurina-samora-correia-6-scaled.jpg\" data-elementor-open-lightbox=\"yes\" data-elementor-lightbox-slideshow=\"a904889\" data-elementor-lightbox-title=\"encontro taurino bandas filarm\u00f3nicas semana taurina samora correia (6)\" data-e-action-hash=\"#elementor-action%3Aaction%3Dlightbox%26settings%3DeyJpZCI6NzI2MDQsInVybCI6Imh0dHBzOlwvXC93d3cuY20tYmVuYXZlbnRlLnB0XC93cC1jb250ZW50XC91cGxvYWRzXC8yMDI1XC8wNVwvZW5jb250cm8tdGF1cmluby1iYW5kYXMtZmlsYXJtb25pY2FzLXNlbWFuYS10YXVyaW5hLXNhbW9yYS1jb3JyZWlhLTYtc2NhbGVkLmpwZyIsInNsaWRlc2hvdyI6ImE5MDQ4ODkifQ%3D%3D\">\n\t\t\t\t\t<div class=\"e-gallery-image elementor-gallery-item__image\" data-thumbnail=\"https:\/\/www.cm-benavente.pt\/wp-content\/uploads\/2025\/05\/encontro-taurino-bandas-filarmonicas-semana-taurina-samora-correia-6-1024x551.jpg\" data-width=\"800\" data-height=\"430\" aria-label=\"\" role=\"img\" ><\/div>\n\t\t\t\t\t\t\t\t\t\t\t<div class=\"elementor-gallery-item__overlay\"><\/div>\n\t\t\t\t\t\t\t\t\t\t\t\t\t\t<\/a>\n\t\t\t\t\t\t\t<a class=\"e-gallery-item elementor-gallery-item elementor-animated-content\" href=\"https:\/\/www.cm-benavente.pt\/wp-content\/uploads\/2025\/05\/encontro-taurino-bandas-filarmonicas-semana-taurina-samora-correia-7-scaled.jpg\" data-elementor-open-lightbox=\"yes\" data-elementor-lightbox-slideshow=\"a904889\" data-elementor-lightbox-title=\"encontro taurino bandas filarm\u00f3nicas semana taurina samora correia (7)\" data-e-action-hash=\"#elementor-action%3Aaction%3Dlightbox%26settings%3DeyJpZCI6NzI2MDUsInVybCI6Imh0dHBzOlwvXC93d3cuY20tYmVuYXZlbnRlLnB0XC93cC1jb250ZW50XC91cGxvYWRzXC8yMDI1XC8wNVwvZW5jb250cm8tdGF1cmluby1iYW5kYXMtZmlsYXJtb25pY2FzLXNlbWFuYS10YXVyaW5hLXNhbW9yYS1jb3JyZWlhLTctc2NhbGVkLmpwZyIsInNsaWRlc2hvdyI6ImE5MDQ4ODkifQ%3D%3D\">\n\t\t\t\t\t<div class=\"e-gallery-image elementor-gallery-item__image\" data-thumbnail=\"https:\/\/www.cm-benavente.pt\/wp-content\/uploads\/2025\/05\/encontro-taurino-bandas-filarmonicas-semana-taurina-samora-correia-7-1024x509.jpg\" data-width=\"800\" data-height=\"398\" aria-label=\"\" role=\"img\" ><\/div>\n\t\t\t\t\t\t\t\t\t\t\t<div class=\"elementor-gallery-item__overlay\"><\/div>\n\t\t\t\t\t\t\t\t\t\t\t\t\t\t<\/a>\n\t\t\t\t\t\t\t<a class=\"e-gallery-item elementor-gallery-item elementor-animated-content\" href=\"https:\/\/www.cm-benavente.pt\/wp-content\/uploads\/2025\/05\/encontro-taurino-bandas-filarmonicas-semana-taurina-samora-correia-8-scaled.jpg\" data-elementor-open-lightbox=\"yes\" data-elementor-lightbox-slideshow=\"a904889\" data-elementor-lightbox-title=\"encontro taurino bandas filarm\u00f3nicas semana taurina samora correia (8)\" data-e-action-hash=\"#elementor-action%3Aaction%3Dlightbox%26settings%3DeyJpZCI6NzI2MDYsInVybCI6Imh0dHBzOlwvXC93d3cuY20tYmVuYXZlbnRlLnB0XC93cC1jb250ZW50XC91cGxvYWRzXC8yMDI1XC8wNVwvZW5jb250cm8tdGF1cmluby1iYW5kYXMtZmlsYXJtb25pY2FzLXNlbWFuYS10YXVyaW5hLXNhbW9yYS1jb3JyZWlhLTgtc2NhbGVkLmpwZyIsInNsaWRlc2hvdyI6ImE5MDQ4ODkifQ%3D%3D\">\n\t\t\t\t\t<div class=\"e-gallery-image elementor-gallery-item__image\" data-thumbnail=\"https:\/\/www.cm-benavente.pt\/wp-content\/uploads\/2025\/05\/encontro-taurino-bandas-filarmonicas-semana-taurina-samora-correia-8-1024x568.jpg\" data-width=\"800\" data-height=\"444\" aria-label=\"\" role=\"img\" ><\/div>\n\t\t\t\t\t\t\t\t\t\t\t<div class=\"elementor-gallery-item__overlay\"><\/div>\n\t\t\t\t\t\t\t\t\t\t\t\t\t\t<\/a>\n\t\t\t\t\t\t\t<a class=\"e-gallery-item elementor-gallery-item elementor-animated-content\" href=\"https:\/\/www.cm-benavente.pt\/wp-content\/uploads\/2025\/05\/encontro-taurino-bandas-filarmonicas-semana-taurina-samora-correia-9-scaled.jpg\" data-elementor-open-lightbox=\"yes\" data-elementor-lightbox-slideshow=\"a904889\" data-elementor-lightbox-title=\"encontro taurino bandas filarm\u00f3nicas semana taurina samora correia (9)\" data-e-action-hash=\"#elementor-action%3Aaction%3Dlightbox%26settings%3DeyJpZCI6NzI2MDcsInVybCI6Imh0dHBzOlwvXC93d3cuY20tYmVuYXZlbnRlLnB0XC93cC1jb250ZW50XC91cGxvYWRzXC8yMDI1XC8wNVwvZW5jb250cm8tdGF1cmluby1iYW5kYXMtZmlsYXJtb25pY2FzLXNlbWFuYS10YXVyaW5hLXNhbW9yYS1jb3JyZWlhLTktc2NhbGVkLmpwZyIsInNsaWRlc2hvdyI6ImE5MDQ4ODkifQ%3D%3D\">\n\t\t\t\t\t<div class=\"e-gallery-image elementor-gallery-item__image\" data-thumbnail=\"https:\/\/www.cm-benavente.pt\/wp-content\/uploads\/2025\/05\/encontro-taurino-bandas-filarmonicas-semana-taurina-samora-correia-9-1024x525.jpg\" data-width=\"800\" data-height=\"410\" aria-label=\"\" role=\"img\" ><\/div>\n\t\t\t\t\t\t\t\t\t\t\t<div class=\"elementor-gallery-item__overlay\"><\/div>\n\t\t\t\t\t\t\t\t\t\t\t\t\t\t<\/a>\n\t\t\t\t\t\t\t<a class=\"e-gallery-item elementor-gallery-item elementor-animated-content\" href=\"https:\/\/www.cm-benavente.pt\/wp-content\/uploads\/2025\/05\/encontro-taurino-bandas-filarmonicas-semana-taurina-samora-correia-10-scaled.jpg\" data-elementor-open-lightbox=\"yes\" data-elementor-lightbox-slideshow=\"a904889\" data-elementor-lightbox-title=\"encontro taurino bandas filarm\u00f3nicas semana taurina samora correia (10)\" data-e-action-hash=\"#elementor-action%3Aaction%3Dlightbox%26settings%3DeyJpZCI6NzI2MDgsInVybCI6Imh0dHBzOlwvXC93d3cuY20tYmVuYXZlbnRlLnB0XC93cC1jb250ZW50XC91cGxvYWRzXC8yMDI1XC8wNVwvZW5jb250cm8tdGF1cmluby1iYW5kYXMtZmlsYXJtb25pY2FzLXNlbWFuYS10YXVyaW5hLXNhbW9yYS1jb3JyZWlhLTEwLXNjYWxlZC5qcGciLCJzbGlkZXNob3ciOiJhOTA0ODg5In0%3D\">\n\t\t\t\t\t<div class=\"e-gallery-image elementor-gallery-item__image\" data-thumbnail=\"https:\/\/www.cm-benavente.pt\/wp-content\/uploads\/2025\/05\/encontro-taurino-bandas-filarmonicas-semana-taurina-samora-correia-10-1024x505.jpg\" data-width=\"800\" data-height=\"395\" aria-label=\"\" role=\"img\" ><\/div>\n\t\t\t\t\t\t\t\t\t\t\t<div class=\"elementor-gallery-item__overlay\"><\/div>\n\t\t\t\t\t\t\t\t\t\t\t\t\t\t<\/a>\n\t\t\t\t\t\t\t<a class=\"e-gallery-item elementor-gallery-item elementor-animated-content\" href=\"https:\/\/www.cm-benavente.pt\/wp-content\/uploads\/2025\/05\/encontro-taurino-bandas-filarmonicas-semana-taurina-samora-correia-11-scaled.jpg\" data-elementor-open-lightbox=\"yes\" data-elementor-lightbox-slideshow=\"a904889\" data-elementor-lightbox-title=\"encontro taurino bandas filarm\u00f3nicas semana taurina samora correia (11)\" data-e-action-hash=\"#elementor-action%3Aaction%3Dlightbox%26settings%3DeyJpZCI6NzI2MDksInVybCI6Imh0dHBzOlwvXC93d3cuY20tYmVuYXZlbnRlLnB0XC93cC1jb250ZW50XC91cGxvYWRzXC8yMDI1XC8wNVwvZW5jb250cm8tdGF1cmluby1iYW5kYXMtZmlsYXJtb25pY2FzLXNlbWFuYS10YXVyaW5hLXNhbW9yYS1jb3JyZWlhLTExLXNjYWxlZC5qcGciLCJzbGlkZXNob3ciOiJhOTA0ODg5In0%3D\">\n\t\t\t\t\t<div class=\"e-gallery-image elementor-gallery-item__image\" data-thumbnail=\"https:\/\/www.cm-benavente.pt\/wp-content\/uploads\/2025\/05\/encontro-taurino-bandas-filarmonicas-semana-taurina-samora-correia-11-1024x511.jpg\" data-width=\"800\" data-height=\"399\" aria-label=\"\" role=\"img\" ><\/div>\n\t\t\t\t\t\t\t\t\t\t\t<div class=\"elementor-gallery-item__overlay\"><\/div>\n\t\t\t\t\t\t\t\t\t\t\t\t\t\t<\/a>\n\t\t\t\t\t\t\t<a class=\"e-gallery-item elementor-gallery-item elementor-animated-content\" href=\"https:\/\/www.cm-benavente.pt\/wp-content\/uploads\/2025\/05\/encontro-taurino-bandas-filarmonicas-semana-taurina-samora-correia-12-scaled.jpg\" data-elementor-open-lightbox=\"yes\" data-elementor-lightbox-slideshow=\"a904889\" data-elementor-lightbox-title=\"encontro taurino bandas filarm\u00f3nicas semana taurina samora correia (12)\" data-e-action-hash=\"#elementor-action%3Aaction%3Dlightbox%26settings%3DeyJpZCI6NzI2MTAsInVybCI6Imh0dHBzOlwvXC93d3cuY20tYmVuYXZlbnRlLnB0XC93cC1jb250ZW50XC91cGxvYWRzXC8yMDI1XC8wNVwvZW5jb250cm8tdGF1cmluby1iYW5kYXMtZmlsYXJtb25pY2FzLXNlbWFuYS10YXVyaW5hLXNhbW9yYS1jb3JyZWlhLTEyLXNjYWxlZC5qcGciLCJzbGlkZXNob3ciOiJhOTA0ODg5In0%3D\">\n\t\t\t\t\t<div class=\"e-gallery-image elementor-gallery-item__image\" data-thumbnail=\"https:\/\/www.cm-benavente.pt\/wp-content\/uploads\/2025\/05\/encontro-taurino-bandas-filarmonicas-semana-taurina-samora-correia-12-1024x603.jpg\" data-width=\"800\" data-height=\"471\" aria-label=\"\" role=\"img\" ><\/div>\n\t\t\t\t\t\t\t\t\t\t\t<div class=\"elementor-gallery-item__overlay\"><\/div>\n\t\t\t\t\t\t\t\t\t\t\t\t\t\t<\/a>\n\t\t\t\t\t\t\t<a class=\"e-gallery-item elementor-gallery-item elementor-animated-content\" href=\"https:\/\/www.cm-benavente.pt\/wp-content\/uploads\/2025\/05\/encontro-taurino-bandas-filarmonicas-semana-taurina-samora-correia-13-scaled.jpg\" data-elementor-open-lightbox=\"yes\" data-elementor-lightbox-slideshow=\"a904889\" data-elementor-lightbox-title=\"encontro taurino bandas filarm\u00f3nicas semana taurina samora correia (13)\" data-e-action-hash=\"#elementor-action%3Aaction%3Dlightbox%26settings%3DeyJpZCI6NzI2MTEsInVybCI6Imh0dHBzOlwvXC93d3cuY20tYmVuYXZlbnRlLnB0XC93cC1jb250ZW50XC91cGxvYWRzXC8yMDI1XC8wNVwvZW5jb250cm8tdGF1cmluby1iYW5kYXMtZmlsYXJtb25pY2FzLXNlbWFuYS10YXVyaW5hLXNhbW9yYS1jb3JyZWlhLTEzLXNjYWxlZC5qcGciLCJzbGlkZXNob3ciOiJhOTA0ODg5In0%3D\">\n\t\t\t\t\t<div class=\"e-gallery-image elementor-gallery-item__image\" data-thumbnail=\"https:\/\/www.cm-benavente.pt\/wp-content\/uploads\/2025\/05\/encontro-taurino-bandas-filarmonicas-semana-taurina-samora-correia-13-1024x614.jpg\" data-width=\"800\" data-height=\"480\" aria-label=\"\" role=\"img\" ><\/div>\n\t\t\t\t\t\t\t\t\t\t\t<div class=\"elementor-gallery-item__overlay\"><\/div>\n\t\t\t\t\t\t\t\t\t\t\t\t\t\t<\/a>\n\t\t\t\t\t\t\t<a class=\"e-gallery-item elementor-gallery-item elementor-animated-content\" href=\"https:\/\/www.cm-benavente.pt\/wp-content\/uploads\/2025\/05\/encontro-taurino-bandas-filarmonicas-semana-taurina-samora-correia-14-scaled.jpg\" data-elementor-open-lightbox=\"yes\" data-elementor-lightbox-slideshow=\"a904889\" data-elementor-lightbox-title=\"encontro taurino bandas filarm\u00f3nicas semana taurina samora correia (14)\" data-e-action-hash=\"#elementor-action%3Aaction%3Dlightbox%26settings%3DeyJpZCI6NzI2MTIsInVybCI6Imh0dHBzOlwvXC93d3cuY20tYmVuYXZlbnRlLnB0XC93cC1jb250ZW50XC91cGxvYWRzXC8yMDI1XC8wNVwvZW5jb250cm8tdGF1cmluby1iYW5kYXMtZmlsYXJtb25pY2FzLXNlbWFuYS10YXVyaW5hLXNhbW9yYS1jb3JyZWlhLTE0LXNjYWxlZC5qcGciLCJzbGlkZXNob3ciOiJhOTA0ODg5In0%3D\">\n\t\t\t\t\t<div class=\"e-gallery-image elementor-gallery-item__image\" data-thumbnail=\"https:\/\/www.cm-benavente.pt\/wp-content\/uploads\/2025\/05\/encontro-taurino-bandas-filarmonicas-semana-taurina-samora-correia-14-1024x543.jpg\" data-width=\"800\" data-height=\"424\" aria-label=\"\" role=\"img\" ><\/div>\n\t\t\t\t\t\t\t\t\t\t\t<div class=\"elementor-gallery-item__overlay\"><\/div>\n\t\t\t\t\t\t\t\t\t\t\t\t\t\t<\/a>\n\t\t\t\t\t\t\t<a class=\"e-gallery-item elementor-gallery-item elementor-animated-content\" href=\"https:\/\/www.cm-benavente.pt\/wp-content\/uploads\/2025\/05\/encontro-taurino-bandas-filarmonicas-semana-taurina-samora-correia-15-scaled.jpg\" data-elementor-open-lightbox=\"yes\" data-elementor-lightbox-slideshow=\"a904889\" data-elementor-lightbox-title=\"encontro taurino bandas filarm\u00f3nicas semana taurina samora correia (15)\" data-e-action-hash=\"#elementor-action%3Aaction%3Dlightbox%26settings%3DeyJpZCI6NzI2MTMsInVybCI6Imh0dHBzOlwvXC93d3cuY20tYmVuYXZlbnRlLnB0XC93cC1jb250ZW50XC91cGxvYWRzXC8yMDI1XC8wNVwvZW5jb250cm8tdGF1cmluby1iYW5kYXMtZmlsYXJtb25pY2FzLXNlbWFuYS10YXVyaW5hLXNhbW9yYS1jb3JyZWlhLTE1LXNjYWxlZC5qcGciLCJzbGlkZXNob3ciOiJhOTA0ODg5In0%3D\">\n\t\t\t\t\t<div class=\"e-gallery-image elementor-gallery-item__image\" data-thumbnail=\"https:\/\/www.cm-benavente.pt\/wp-content\/uploads\/2025\/05\/encontro-taurino-bandas-filarmonicas-semana-taurina-samora-correia-15-1024x576.jpg\" data-width=\"800\" data-height=\"450\" aria-label=\"\" role=\"img\" ><\/div>\n\t\t\t\t\t\t\t\t\t\t\t<div class=\"elementor-gallery-item__overlay\"><\/div>\n\t\t\t\t\t\t\t\t\t\t\t\t\t\t<\/a>\n\t\t\t\t\t\t\t<a class=\"e-gallery-item elementor-gallery-item elementor-animated-content\" href=\"https:\/\/www.cm-benavente.pt\/wp-content\/uploads\/2025\/05\/encontro-taurino-bandas-filarmonicas-semana-taurina-samora-correia-16-scaled.jpg\" data-elementor-open-lightbox=\"yes\" data-elementor-lightbox-slideshow=\"a904889\" data-elementor-lightbox-title=\"encontro taurino bandas filarm\u00f3nicas semana taurina samora correia (16)\" data-e-action-hash=\"#elementor-action%3Aaction%3Dlightbox%26settings%3DeyJpZCI6NzI2MTQsInVybCI6Imh0dHBzOlwvXC93d3cuY20tYmVuYXZlbnRlLnB0XC93cC1jb250ZW50XC91cGxvYWRzXC8yMDI1XC8wNVwvZW5jb250cm8tdGF1cmluby1iYW5kYXMtZmlsYXJtb25pY2FzLXNlbWFuYS10YXVyaW5hLXNhbW9yYS1jb3JyZWlhLTE2LXNjYWxlZC5qcGciLCJzbGlkZXNob3ciOiJhOTA0ODg5In0%3D\">\n\t\t\t\t\t<div class=\"e-gallery-image elementor-gallery-item__image\" data-thumbnail=\"https:\/\/www.cm-benavente.pt\/wp-content\/uploads\/2025\/05\/encontro-taurino-bandas-filarmonicas-semana-taurina-samora-correia-16-1024x603.jpg\" data-width=\"800\" data-height=\"471\" aria-label=\"\" role=\"img\" ><\/div>\n\t\t\t\t\t\t\t\t\t\t\t<div class=\"elementor-gallery-item__overlay\"><\/div>\n\t\t\t\t\t\t\t\t\t\t\t\t\t\t<\/a>\n\t\t\t\t\t\t\t<a class=\"e-gallery-item elementor-gallery-item elementor-animated-content\" href=\"https:\/\/www.cm-benavente.pt\/wp-content\/uploads\/2025\/05\/encontro-taurino-bandas-filarmonicas-semana-taurina-samora-correia-17-scaled.jpg\" data-elementor-open-lightbox=\"yes\" data-elementor-lightbox-slideshow=\"a904889\" data-elementor-lightbox-title=\"encontro taurino bandas filarm\u00f3nicas semana taurina samora correia (17)\" data-e-action-hash=\"#elementor-action%3Aaction%3Dlightbox%26settings%3DeyJpZCI6NzI2MTUsInVybCI6Imh0dHBzOlwvXC93d3cuY20tYmVuYXZlbnRlLnB0XC93cC1jb250ZW50XC91cGxvYWRzXC8yMDI1XC8wNVwvZW5jb250cm8tdGF1cmluby1iYW5kYXMtZmlsYXJtb25pY2FzLXNlbWFuYS10YXVyaW5hLXNhbW9yYS1jb3JyZWlhLTE3LXNjYWxlZC5qcGciLCJzbGlkZXNob3ciOiJhOTA0ODg5In0%3D\">\n\t\t\t\t\t<div class=\"e-gallery-image elementor-gallery-item__image\" data-thumbnail=\"https:\/\/www.cm-benavente.pt\/wp-content\/uploads\/2025\/05\/encontro-taurino-bandas-filarmonicas-semana-taurina-samora-correia-17-1024x572.jpg\" data-width=\"800\" data-height=\"447\" aria-label=\"\" role=\"img\" ><\/div>\n\t\t\t\t\t\t\t\t\t\t\t<div class=\"elementor-gallery-item__overlay\"><\/div>\n\t\t\t\t\t\t\t\t\t\t\t\t\t\t<\/a>\n\t\t\t\t\t\t\t<a class=\"e-gallery-item elementor-gallery-item elementor-animated-content\" href=\"https:\/\/www.cm-benavente.pt\/wp-content\/uploads\/2025\/05\/encontro-taurino-bandas-filarmonicas-semana-taurina-samora-correia-18-scaled.jpg\" data-elementor-open-lightbox=\"yes\" data-elementor-lightbox-slideshow=\"a904889\" data-elementor-lightbox-title=\"encontro taurino bandas filarm\u00f3nicas semana taurina samora correia (18)\" data-e-action-hash=\"#elementor-action%3Aaction%3Dlightbox%26settings%3DeyJpZCI6NzI2MTYsInVybCI6Imh0dHBzOlwvXC93d3cuY20tYmVuYXZlbnRlLnB0XC93cC1jb250ZW50XC91cGxvYWRzXC8yMDI1XC8wNVwvZW5jb250cm8tdGF1cmluby1iYW5kYXMtZmlsYXJtb25pY2FzLXNlbWFuYS10YXVyaW5hLXNhbW9yYS1jb3JyZWlhLTE4LXNjYWxlZC5qcGciLCJzbGlkZXNob3ciOiJhOTA0ODg5In0%3D\">\n\t\t\t\t\t<div class=\"e-gallery-image elementor-gallery-item__image\" data-thumbnail=\"https:\/\/www.cm-benavente.pt\/wp-content\/uploads\/2025\/05\/encontro-taurino-bandas-filarmonicas-semana-taurina-samora-correia-18-1024x527.jpg\" data-width=\"800\" data-height=\"412\" aria-label=\"\" role=\"img\" ><\/div>\n\t\t\t\t\t\t\t\t\t\t\t<div class=\"elementor-gallery-item__overlay\"><\/div>\n\t\t\t\t\t\t\t\t\t\t\t\t\t\t<\/a>\n\t\t\t\t\t\t\t<a class=\"e-gallery-item elementor-gallery-item elementor-animated-content\" href=\"https:\/\/www.cm-benavente.pt\/wp-content\/uploads\/2025\/05\/encontro-taurino-bandas-filarmonicas-semana-taurina-samora-correia-19-scaled.jpg\" data-elementor-open-lightbox=\"yes\" data-elementor-lightbox-slideshow=\"a904889\" data-elementor-lightbox-title=\"encontro taurino bandas filarm\u00f3nicas semana taurina samora correia (19)\" data-e-action-hash=\"#elementor-action%3Aaction%3Dlightbox%26settings%3DeyJpZCI6NzI2MTcsInVybCI6Imh0dHBzOlwvXC93d3cuY20tYmVuYXZlbnRlLnB0XC93cC1jb250ZW50XC91cGxvYWRzXC8yMDI1XC8wNVwvZW5jb250cm8tdGF1cmluby1iYW5kYXMtZmlsYXJtb25pY2FzLXNlbWFuYS10YXVyaW5hLXNhbW9yYS1jb3JyZWlhLTE5LXNjYWxlZC5qcGciLCJzbGlkZXNob3ciOiJhOTA0ODg5In0%3D\">\n\t\t\t\t\t<div class=\"e-gallery-image elementor-gallery-item__image\" data-thumbnail=\"https:\/\/www.cm-benavente.pt\/wp-content\/uploads\/2025\/05\/encontro-taurino-bandas-filarmonicas-semana-taurina-samora-correia-19-1024x548.jpg\" data-width=\"800\" data-height=\"428\" aria-label=\"\" role=\"img\" ><\/div>\n\t\t\t\t\t\t\t\t\t\t\t<div class=\"elementor-gallery-item__overlay\"><\/div>\n\t\t\t\t\t\t\t\t\t\t\t\t\t\t<\/a>\n\t\t\t\t\t\t\t<a class=\"e-gallery-item elementor-gallery-item elementor-animated-content\" href=\"https:\/\/www.cm-benavente.pt\/wp-content\/uploads\/2025\/05\/encontro-taurino-bandas-filarmonicas-semana-taurina-samora-correia-20-scaled.jpg\" data-elementor-open-lightbox=\"yes\" data-elementor-lightbox-slideshow=\"a904889\" data-elementor-lightbox-title=\"encontro taurino bandas filarm\u00f3nicas semana taurina samora correia (20)\" data-e-action-hash=\"#elementor-action%3Aaction%3Dlightbox%26settings%3DeyJpZCI6NzI2MTgsInVybCI6Imh0dHBzOlwvXC93d3cuY20tYmVuYXZlbnRlLnB0XC93cC1jb250ZW50XC91cGxvYWRzXC8yMDI1XC8wNVwvZW5jb250cm8tdGF1cmluby1iYW5kYXMtZmlsYXJtb25pY2FzLXNlbWFuYS10YXVyaW5hLXNhbW9yYS1jb3JyZWlhLTIwLXNjYWxlZC5qcGciLCJzbGlkZXNob3ciOiJhOTA0ODg5In0%3D\">\n\t\t\t\t\t<div class=\"e-gallery-image elementor-gallery-item__image\" data-thumbnail=\"https:\/\/www.cm-benavente.pt\/wp-content\/uploads\/2025\/05\/encontro-taurino-bandas-filarmonicas-semana-taurina-samora-correia-20-1024x574.jpg\" data-width=\"800\" data-height=\"448\" aria-label=\"\" role=\"img\" ><\/div>\n\t\t\t\t\t\t\t\t\t\t\t<div class=\"elementor-gallery-item__overlay\"><\/div>\n\t\t\t\t\t\t\t\t\t\t\t\t\t\t<\/a>\n\t\t\t\t\t\t\t<a class=\"e-gallery-item elementor-gallery-item elementor-animated-content\" href=\"https:\/\/www.cm-benavente.pt\/wp-content\/uploads\/2025\/05\/encontro-taurino-bandas-filarmonicas-semana-taurina-samora-correia-21-scaled.jpg\" data-elementor-open-lightbox=\"yes\" data-elementor-lightbox-slideshow=\"a904889\" data-elementor-lightbox-title=\"encontro taurino bandas filarm\u00f3nicas semana taurina samora correia (21)\" data-e-action-hash=\"#elementor-action%3Aaction%3Dlightbox%26settings%3DeyJpZCI6NzI2MTksInVybCI6Imh0dHBzOlwvXC93d3cuY20tYmVuYXZlbnRlLnB0XC93cC1jb250ZW50XC91cGxvYWRzXC8yMDI1XC8wNVwvZW5jb250cm8tdGF1cmluby1iYW5kYXMtZmlsYXJtb25pY2FzLXNlbWFuYS10YXVyaW5hLXNhbW9yYS1jb3JyZWlhLTIxLXNjYWxlZC5qcGciLCJzbGlkZXNob3ciOiJhOTA0ODg5In0%3D\">\n\t\t\t\t\t<div class=\"e-gallery-image elementor-gallery-item__image\" data-thumbnail=\"https:\/\/www.cm-benavente.pt\/wp-content\/uploads\/2025\/05\/encontro-taurino-bandas-filarmonicas-semana-taurina-samora-correia-21-1024x577.jpg\" data-width=\"800\" data-height=\"451\" aria-label=\"\" role=\"img\" ><\/div>\n\t\t\t\t\t\t\t\t\t\t\t<div class=\"elementor-gallery-item__overlay\"><\/div>\n\t\t\t\t\t\t\t\t\t\t\t\t\t\t<\/a>\n\t\t\t\t\t\t\t<a class=\"e-gallery-item elementor-gallery-item elementor-animated-content\" href=\"https:\/\/www.cm-benavente.pt\/wp-content\/uploads\/2025\/05\/encontro-taurino-bandas-filarmonicas-semana-taurina-samora-correia-22-scaled.jpg\" data-elementor-open-lightbox=\"yes\" data-elementor-lightbox-slideshow=\"a904889\" data-elementor-lightbox-title=\"encontro taurino bandas filarm\u00f3nicas semana taurina samora correia (22)\" data-e-action-hash=\"#elementor-action%3Aaction%3Dlightbox%26settings%3DeyJpZCI6NzI2MjAsInVybCI6Imh0dHBzOlwvXC93d3cuY20tYmVuYXZlbnRlLnB0XC93cC1jb250ZW50XC91cGxvYWRzXC8yMDI1XC8wNVwvZW5jb250cm8tdGF1cmluby1iYW5kYXMtZmlsYXJtb25pY2FzLXNlbWFuYS10YXVyaW5hLXNhbW9yYS1jb3JyZWlhLTIyLXNjYWxlZC5qcGciLCJzbGlkZXNob3ciOiJhOTA0ODg5In0%3D\">\n\t\t\t\t\t<div class=\"e-gallery-image elementor-gallery-item__image\" data-thumbnail=\"https:\/\/www.cm-benavente.pt\/wp-content\/uploads\/2025\/05\/encontro-taurino-bandas-filarmonicas-semana-taurina-samora-correia-22-1024x540.jpg\" data-width=\"800\" data-height=\"422\" aria-label=\"\" role=\"img\" ><\/div>\n\t\t\t\t\t\t\t\t\t\t\t<div class=\"elementor-gallery-item__overlay\"><\/div>\n\t\t\t\t\t\t\t\t\t\t\t\t\t\t<\/a>\n\t\t\t\t\t\t\t<a class=\"e-gallery-item elementor-gallery-item elementor-animated-content\" href=\"https:\/\/www.cm-benavente.pt\/wp-content\/uploads\/2025\/05\/encontro-taurino-bandas-filarmonicas-semana-taurina-samora-correia-23-scaled.jpg\" data-elementor-open-lightbox=\"yes\" data-elementor-lightbox-slideshow=\"a904889\" data-elementor-lightbox-title=\"encontro taurino bandas filarm\u00f3nicas semana taurina samora correia (23)\" data-e-action-hash=\"#elementor-action%3Aaction%3Dlightbox%26settings%3DeyJpZCI6NzI2MjEsInVybCI6Imh0dHBzOlwvXC93d3cuY20tYmVuYXZlbnRlLnB0XC93cC1jb250ZW50XC91cGxvYWRzXC8yMDI1XC8wNVwvZW5jb250cm8tdGF1cmluby1iYW5kYXMtZmlsYXJtb25pY2FzLXNlbWFuYS10YXVyaW5hLXNhbW9yYS1jb3JyZWlhLTIzLXNjYWxlZC5qcGciLCJzbGlkZXNob3ciOiJhOTA0ODg5In0%3D\">\n\t\t\t\t\t<div class=\"e-gallery-image elementor-gallery-item__image\" data-thumbnail=\"https:\/\/www.cm-benavente.pt\/wp-content\/uploads\/2025\/05\/encontro-taurino-bandas-filarmonicas-semana-taurina-samora-correia-23-1024x575.jpg\" data-width=\"800\" data-height=\"449\" aria-label=\"\" role=\"img\" ><\/div>\n\t\t\t\t\t\t\t\t\t\t\t<div class=\"elementor-gallery-item__overlay\"><\/div>\n\t\t\t\t\t\t\t\t\t\t\t\t\t\t<\/a>\n\t\t\t\t\t\t\t<a class=\"e-gallery-item elementor-gallery-item elementor-animated-content\" href=\"https:\/\/www.cm-benavente.pt\/wp-content\/uploads\/2025\/05\/encontro-taurino-bandas-filarmonicas-semana-taurina-samora-correia-24-scaled.jpg\" data-elementor-open-lightbox=\"yes\" data-elementor-lightbox-slideshow=\"a904889\" data-elementor-lightbox-title=\"encontro taurino bandas filarm\u00f3nicas semana taurina samora correia (24)\" data-e-action-hash=\"#elementor-action%3Aaction%3Dlightbox%26settings%3DeyJpZCI6NzI2MjIsInVybCI6Imh0dHBzOlwvXC93d3cuY20tYmVuYXZlbnRlLnB0XC93cC1jb250ZW50XC91cGxvYWRzXC8yMDI1XC8wNVwvZW5jb250cm8tdGF1cmluby1iYW5kYXMtZmlsYXJtb25pY2FzLXNlbWFuYS10YXVyaW5hLXNhbW9yYS1jb3JyZWlhLTI0LXNjYWxlZC5qcGciLCJzbGlkZXNob3ciOiJhOTA0ODg5In0%3D\">\n\t\t\t\t\t<div class=\"e-gallery-image elementor-gallery-item__image\" data-thumbnail=\"https:\/\/www.cm-benavente.pt\/wp-content\/uploads\/2025\/05\/encontro-taurino-bandas-filarmonicas-semana-taurina-samora-correia-24-1024x504.jpg\" data-width=\"800\" data-height=\"394\" aria-label=\"\" role=\"img\" ><\/div>\n\t\t\t\t\t\t\t\t\t\t\t<div class=\"elementor-gallery-item__overlay\"><\/div>\n\t\t\t\t\t\t\t\t\t\t\t\t\t\t<\/a>\n\t\t\t\t\t\t\t<a class=\"e-gallery-item elementor-gallery-item elementor-animated-content\" href=\"https:\/\/www.cm-benavente.pt\/wp-content\/uploads\/2025\/05\/encontro-taurino-bandas-filarmonicas-semana-taurina-samora-correia-25-scaled.jpg\" data-elementor-open-lightbox=\"yes\" data-elementor-lightbox-slideshow=\"a904889\" data-elementor-lightbox-title=\"encontro taurino bandas filarm\u00f3nicas semana taurina samora correia (25)\" data-e-action-hash=\"#elementor-action%3Aaction%3Dlightbox%26settings%3DeyJpZCI6NzI2MjMsInVybCI6Imh0dHBzOlwvXC93d3cuY20tYmVuYXZlbnRlLnB0XC93cC1jb250ZW50XC91cGxvYWRzXC8yMDI1XC8wNVwvZW5jb250cm8tdGF1cmluby1iYW5kYXMtZmlsYXJtb25pY2FzLXNlbWFuYS10YXVyaW5hLXNhbW9yYS1jb3JyZWlhLTI1LXNjYWxlZC5qcGciLCJzbGlkZXNob3ciOiJhOTA0ODg5In0%3D\">\n\t\t\t\t\t<div class=\"e-gallery-image elementor-gallery-item__image\" data-thumbnail=\"https:\/\/www.cm-benavente.pt\/wp-content\/uploads\/2025\/05\/encontro-taurino-bandas-filarmonicas-semana-taurina-samora-correia-25-1024x499.jpg\" data-width=\"800\" data-height=\"390\" aria-label=\"\" role=\"img\" ><\/div>\n\t\t\t\t\t\t\t\t\t\t\t<div class=\"elementor-gallery-item__overlay\"><\/div>\n\t\t\t\t\t\t\t\t\t\t\t\t\t\t<\/a>\n\t\t\t\t\t\t\t<a class=\"e-gallery-item elementor-gallery-item elementor-animated-content\" href=\"https:\/\/www.cm-benavente.pt\/wp-content\/uploads\/2025\/05\/encontro-taurino-bandas-filarmonicas-semana-taurina-samora-correia-26-scaled.jpg\" data-elementor-open-lightbox=\"yes\" data-elementor-lightbox-slideshow=\"a904889\" data-elementor-lightbox-title=\"encontro taurino bandas filarm\u00f3nicas semana taurina samora correia (26)\" data-e-action-hash=\"#elementor-action%3Aaction%3Dlightbox%26settings%3DeyJpZCI6NzI2MjQsInVybCI6Imh0dHBzOlwvXC93d3cuY20tYmVuYXZlbnRlLnB0XC93cC1jb250ZW50XC91cGxvYWRzXC8yMDI1XC8wNVwvZW5jb250cm8tdGF1cmluby1iYW5kYXMtZmlsYXJtb25pY2FzLXNlbWFuYS10YXVyaW5hLXNhbW9yYS1jb3JyZWlhLTI2LXNjYWxlZC5qcGciLCJzbGlkZXNob3ciOiJhOTA0ODg5In0%3D\">\n\t\t\t\t\t<div class=\"e-gallery-image elementor-gallery-item__image\" data-thumbnail=\"https:\/\/www.cm-benavente.pt\/wp-content\/uploads\/2025\/05\/encontro-taurino-bandas-filarmonicas-semana-taurina-samora-correia-26-1024x511.jpg\" data-width=\"800\" data-height=\"399\" aria-label=\"\" role=\"img\" ><\/div>\n\t\t\t\t\t\t\t\t\t\t\t<div class=\"elementor-gallery-item__overlay\"><\/div>\n\t\t\t\t\t\t\t\t\t\t\t\t\t\t<\/a>\n\t\t\t\t\t\t\t<a class=\"e-gallery-item elementor-gallery-item elementor-animated-content\" href=\"https:\/\/www.cm-benavente.pt\/wp-content\/uploads\/2025\/05\/encontro-taurino-bandas-filarmonicas-semana-taurina-samora-correia-27-scaled.jpg\" data-elementor-open-lightbox=\"yes\" data-elementor-lightbox-slideshow=\"a904889\" data-elementor-lightbox-title=\"encontro taurino bandas filarm\u00f3nicas semana taurina samora correia (27)\" data-e-action-hash=\"#elementor-action%3Aaction%3Dlightbox%26settings%3DeyJpZCI6NzI2MjUsInVybCI6Imh0dHBzOlwvXC93d3cuY20tYmVuYXZlbnRlLnB0XC93cC1jb250ZW50XC91cGxvYWRzXC8yMDI1XC8wNVwvZW5jb250cm8tdGF1cmluby1iYW5kYXMtZmlsYXJtb25pY2FzLXNlbWFuYS10YXVyaW5hLXNhbW9yYS1jb3JyZWlhLTI3LXNjYWxlZC5qcGciLCJzbGlkZXNob3ciOiJhOTA0ODg5In0%3D\">\n\t\t\t\t\t<div class=\"e-gallery-image elementor-gallery-item__image\" data-thumbnail=\"https:\/\/www.cm-benavente.pt\/wp-content\/uploads\/2025\/05\/encontro-taurino-bandas-filarmonicas-semana-taurina-samora-correia-27-1024x508.jpg\" data-width=\"800\" data-height=\"397\" aria-label=\"\" role=\"img\" ><\/div>\n\t\t\t\t\t\t\t\t\t\t\t<div class=\"elementor-gallery-item__overlay\"><\/div>\n\t\t\t\t\t\t\t\t\t\t\t\t\t\t<\/a>\n\t\t\t\t\t\t\t<a class=\"e-gallery-item elementor-gallery-item elementor-animated-content\" href=\"https:\/\/www.cm-benavente.pt\/wp-content\/uploads\/2025\/05\/encontro-taurino-bandas-filarmonicas-semana-taurina-samora-correia-28-scaled.jpg\" data-elementor-open-lightbox=\"yes\" data-elementor-lightbox-slideshow=\"a904889\" data-elementor-lightbox-title=\"encontro taurino bandas filarm\u00f3nicas semana taurina samora correia (28)\" data-e-action-hash=\"#elementor-action%3Aaction%3Dlightbox%26settings%3DeyJpZCI6NzI2MjYsInVybCI6Imh0dHBzOlwvXC93d3cuY20tYmVuYXZlbnRlLnB0XC93cC1jb250ZW50XC91cGxvYWRzXC8yMDI1XC8wNVwvZW5jb250cm8tdGF1cmluby1iYW5kYXMtZmlsYXJtb25pY2FzLXNlbWFuYS10YXVyaW5hLXNhbW9yYS1jb3JyZWlhLTI4LXNjYWxlZC5qcGciLCJzbGlkZXNob3ciOiJhOTA0ODg5In0%3D\">\n\t\t\t\t\t<div class=\"e-gallery-image elementor-gallery-item__image\" data-thumbnail=\"https:\/\/www.cm-benavente.pt\/wp-content\/uploads\/2025\/05\/encontro-taurino-bandas-filarmonicas-semana-taurina-samora-correia-28-1024x531.jpg\" data-width=\"800\" data-height=\"415\" aria-label=\"\" role=\"img\" ><\/div>\n\t\t\t\t\t\t\t\t\t\t\t<div class=\"elementor-gallery-item__overlay\"><\/div>\n\t\t\t\t\t\t\t\t\t\t\t\t\t\t<\/a>\n\t\t\t\t\t\t\t<a class=\"e-gallery-item elementor-gallery-item elementor-animated-content\" href=\"https:\/\/www.cm-benavente.pt\/wp-content\/uploads\/2025\/05\/encontro-taurino-bandas-filarmonicas-semana-taurina-samora-correia-29-scaled.jpg\" data-elementor-open-lightbox=\"yes\" data-elementor-lightbox-slideshow=\"a904889\" data-elementor-lightbox-title=\"encontro taurino bandas filarm\u00f3nicas semana taurina samora correia (29)\" data-e-action-hash=\"#elementor-action%3Aaction%3Dlightbox%26settings%3DeyJpZCI6NzI2MjcsInVybCI6Imh0dHBzOlwvXC93d3cuY20tYmVuYXZlbnRlLnB0XC93cC1jb250ZW50XC91cGxvYWRzXC8yMDI1XC8wNVwvZW5jb250cm8tdGF1cmluby1iYW5kYXMtZmlsYXJtb25pY2FzLXNlbWFuYS10YXVyaW5hLXNhbW9yYS1jb3JyZWlhLTI5LXNjYWxlZC5qcGciLCJzbGlkZXNob3ciOiJhOTA0ODg5In0%3D\">\n\t\t\t\t\t<div class=\"e-gallery-image elementor-gallery-item__image\" data-thumbnail=\"https:\/\/www.cm-benavente.pt\/wp-content\/uploads\/2025\/05\/encontro-taurino-bandas-filarmonicas-semana-taurina-samora-correia-29-1024x581.jpg\" data-width=\"800\" data-height=\"454\" aria-label=\"\" role=\"img\" ><\/div>\n\t\t\t\t\t\t\t\t\t\t\t<div class=\"elementor-gallery-item__overlay\"><\/div>\n\t\t\t\t\t\t\t\t\t\t\t\t\t\t<\/a>\n\t\t\t\t\t\t\t<a class=\"e-gallery-item elementor-gallery-item elementor-animated-content\" href=\"https:\/\/www.cm-benavente.pt\/wp-content\/uploads\/2025\/05\/encontro-taurino-bandas-filarmonicas-semana-taurina-samora-correia-30-scaled.jpg\" data-elementor-open-lightbox=\"yes\" data-elementor-lightbox-slideshow=\"a904889\" data-elementor-lightbox-title=\"encontro taurino bandas filarm\u00f3nicas semana taurina samora correia (30)\" data-e-action-hash=\"#elementor-action%3Aaction%3Dlightbox%26settings%3DeyJpZCI6NzI2MjgsInVybCI6Imh0dHBzOlwvXC93d3cuY20tYmVuYXZlbnRlLnB0XC93cC1jb250ZW50XC91cGxvYWRzXC8yMDI1XC8wNVwvZW5jb250cm8tdGF1cmluby1iYW5kYXMtZmlsYXJtb25pY2FzLXNlbWFuYS10YXVyaW5hLXNhbW9yYS1jb3JyZWlhLTMwLXNjYWxlZC5qcGciLCJzbGlkZXNob3ciOiJhOTA0ODg5In0%3D\">\n\t\t\t\t\t<div class=\"e-gallery-image elementor-gallery-item__image\" data-thumbnail=\"https:\/\/www.cm-benavente.pt\/wp-content\/uploads\/2025\/05\/encontro-taurino-bandas-filarmonicas-semana-taurina-samora-correia-30-1024x586.jpg\" data-width=\"800\" data-height=\"458\" aria-label=\"\" role=\"img\" ><\/div>\n\t\t\t\t\t\t\t\t\t\t\t<div class=\"elementor-gallery-item__overlay\"><\/div>\n\t\t\t\t\t\t\t\t\t\t\t\t\t\t<\/a>\n\t\t\t\t\t\t\t<a class=\"e-gallery-item elementor-gallery-item elementor-animated-content\" href=\"https:\/\/www.cm-benavente.pt\/wp-content\/uploads\/2025\/05\/encontro-taurino-bandas-filarmonicas-semana-taurina-samora-correia-31-scaled.jpg\" data-elementor-open-lightbox=\"yes\" data-elementor-lightbox-slideshow=\"a904889\" data-elementor-lightbox-title=\"encontro taurino bandas filarm\u00f3nicas semana taurina samora correia (31)\" data-e-action-hash=\"#elementor-action%3Aaction%3Dlightbox%26settings%3DeyJpZCI6NzI2MjksInVybCI6Imh0dHBzOlwvXC93d3cuY20tYmVuYXZlbnRlLnB0XC93cC1jb250ZW50XC91cGxvYWRzXC8yMDI1XC8wNVwvZW5jb250cm8tdGF1cmluby1iYW5kYXMtZmlsYXJtb25pY2FzLXNlbWFuYS10YXVyaW5hLXNhbW9yYS1jb3JyZWlhLTMxLXNjYWxlZC5qcGciLCJzbGlkZXNob3ciOiJhOTA0ODg5In0%3D\">\n\t\t\t\t\t<div class=\"e-gallery-image elementor-gallery-item__image\" data-thumbnail=\"https:\/\/www.cm-benavente.pt\/wp-content\/uploads\/2025\/05\/encontro-taurino-bandas-filarmonicas-semana-taurina-samora-correia-31-1024x605.jpg\" data-width=\"800\" data-height=\"473\" aria-label=\"\" role=\"img\" ><\/div>\n\t\t\t\t\t\t\t\t\t\t\t<div class=\"elementor-gallery-item__overlay\"><\/div>\n\t\t\t\t\t\t\t\t\t\t\t\t\t\t<\/a>\n\t\t\t\t\t\t\t<a class=\"e-gallery-item elementor-gallery-item elementor-animated-content\" href=\"https:\/\/www.cm-benavente.pt\/wp-content\/uploads\/2025\/05\/encontro-taurino-bandas-filarmonicas-semana-taurina-samora-correia-32-scaled.jpg\" data-elementor-open-lightbox=\"yes\" data-elementor-lightbox-slideshow=\"a904889\" data-elementor-lightbox-title=\"encontro taurino bandas filarm\u00f3nicas semana taurina samora correia (32)\" data-e-action-hash=\"#elementor-action%3Aaction%3Dlightbox%26settings%3DeyJpZCI6NzI2MzAsInVybCI6Imh0dHBzOlwvXC93d3cuY20tYmVuYXZlbnRlLnB0XC93cC1jb250ZW50XC91cGxvYWRzXC8yMDI1XC8wNVwvZW5jb250cm8tdGF1cmluby1iYW5kYXMtZmlsYXJtb25pY2FzLXNlbWFuYS10YXVyaW5hLXNhbW9yYS1jb3JyZWlhLTMyLXNjYWxlZC5qcGciLCJzbGlkZXNob3ciOiJhOTA0ODg5In0%3D\">\n\t\t\t\t\t<div class=\"e-gallery-image elementor-gallery-item__image\" data-thumbnail=\"https:\/\/www.cm-benavente.pt\/wp-content\/uploads\/2025\/05\/encontro-taurino-bandas-filarmonicas-semana-taurina-samora-correia-32-1024x539.jpg\" data-width=\"800\" data-height=\"421\" aria-label=\"\" role=\"img\" ><\/div>\n\t\t\t\t\t\t\t\t\t\t\t<div class=\"elementor-gallery-item__overlay\"><\/div>\n\t\t\t\t\t\t\t\t\t\t\t\t\t\t<\/a>\n\t\t\t\t\t\t\t<a class=\"e-gallery-item elementor-gallery-item elementor-animated-content\" href=\"https:\/\/www.cm-benavente.pt\/wp-content\/uploads\/2025\/05\/encontro-taurino-bandas-filarmonicas-semana-taurina-samora-correia-33-scaled.jpg\" data-elementor-open-lightbox=\"yes\" data-elementor-lightbox-slideshow=\"a904889\" data-elementor-lightbox-title=\"encontro taurino bandas filarm\u00f3nicas semana taurina samora correia (33)\" data-e-action-hash=\"#elementor-action%3Aaction%3Dlightbox%26settings%3DeyJpZCI6NzI2MzEsInVybCI6Imh0dHBzOlwvXC93d3cuY20tYmVuYXZlbnRlLnB0XC93cC1jb250ZW50XC91cGxvYWRzXC8yMDI1XC8wNVwvZW5jb250cm8tdGF1cmluby1iYW5kYXMtZmlsYXJtb25pY2FzLXNlbWFuYS10YXVyaW5hLXNhbW9yYS1jb3JyZWlhLTMzLXNjYWxlZC5qcGciLCJzbGlkZXNob3ciOiJhOTA0ODg5In0%3D\">\n\t\t\t\t\t<div class=\"e-gallery-image elementor-gallery-item__image\" data-thumbnail=\"https:\/\/www.cm-benavente.pt\/wp-content\/uploads\/2025\/05\/encontro-taurino-bandas-filarmonicas-semana-taurina-samora-correia-33-1024x626.jpg\" data-width=\"800\" data-height=\"489\" aria-label=\"\" role=\"img\" ><\/div>\n\t\t\t\t\t\t\t\t\t\t\t<div class=\"elementor-gallery-item__overlay\"><\/div>\n\t\t\t\t\t\t\t\t\t\t\t\t\t\t<\/a>\n\t\t\t\t\t\t\t<a class=\"e-gallery-item elementor-gallery-item elementor-animated-content\" href=\"https:\/\/www.cm-benavente.pt\/wp-content\/uploads\/2025\/05\/encontro-taurino-bandas-filarmonicas-semana-taurina-samora-correia-34-scaled.jpg\" data-elementor-open-lightbox=\"yes\" data-elementor-lightbox-slideshow=\"a904889\" data-elementor-lightbox-title=\"encontro taurino bandas filarm\u00f3nicas semana taurina samora correia (34)\" data-e-action-hash=\"#elementor-action%3Aaction%3Dlightbox%26settings%3DeyJpZCI6NzI2MzIsInVybCI6Imh0dHBzOlwvXC93d3cuY20tYmVuYXZlbnRlLnB0XC93cC1jb250ZW50XC91cGxvYWRzXC8yMDI1XC8wNVwvZW5jb250cm8tdGF1cmluby1iYW5kYXMtZmlsYXJtb25pY2FzLXNlbWFuYS10YXVyaW5hLXNhbW9yYS1jb3JyZWlhLTM0LXNjYWxlZC5qcGciLCJzbGlkZXNob3ciOiJhOTA0ODg5In0%3D\">\n\t\t\t\t\t<div class=\"e-gallery-image elementor-gallery-item__image\" data-thumbnail=\"https:\/\/www.cm-benavente.pt\/wp-content\/uploads\/2025\/05\/encontro-taurino-bandas-filarmonicas-semana-taurina-samora-correia-34-1024x683.jpg\" data-width=\"800\" data-height=\"534\" aria-label=\"\" role=\"img\" ><\/div>\n\t\t\t\t\t\t\t\t\t\t\t<div class=\"elementor-gallery-item__overlay\"><\/div>\n\t\t\t\t\t\t\t\t\t\t\t\t\t\t<\/a>\n\t\t\t\t\t\t\t<a class=\"e-gallery-item elementor-gallery-item elementor-animated-content\" href=\"https:\/\/www.cm-benavente.pt\/wp-content\/uploads\/2025\/05\/encontro-taurino-bandas-filarmonicas-semana-taurina-samora-correia-35-scaled.jpg\" data-elementor-open-lightbox=\"yes\" data-elementor-lightbox-slideshow=\"a904889\" data-elementor-lightbox-title=\"encontro taurino bandas filarm\u00f3nicas semana taurina samora correia (35)\" data-e-action-hash=\"#elementor-action%3Aaction%3Dlightbox%26settings%3DeyJpZCI6NzI2MzMsInVybCI6Imh0dHBzOlwvXC93d3cuY20tYmVuYXZlbnRlLnB0XC93cC1jb250ZW50XC91cGxvYWRzXC8yMDI1XC8wNVwvZW5jb250cm8tdGF1cmluby1iYW5kYXMtZmlsYXJtb25pY2FzLXNlbWFuYS10YXVyaW5hLXNhbW9yYS1jb3JyZWlhLTM1LXNjYWxlZC5qcGciLCJzbGlkZXNob3ciOiJhOTA0ODg5In0%3D\">\n\t\t\t\t\t<div class=\"e-gallery-image elementor-gallery-item__image\" data-thumbnail=\"https:\/\/www.cm-benavente.pt\/wp-content\/uploads\/2025\/05\/encontro-taurino-bandas-filarmonicas-semana-taurina-samora-correia-35-1024x510.jpg\" data-width=\"800\" data-height=\"398\" aria-label=\"\" role=\"img\" ><\/div>\n\t\t\t\t\t\t\t\t\t\t\t<div class=\"elementor-gallery-item__overlay\"><\/div>\n\t\t\t\t\t\t\t\t\t\t\t\t\t\t<\/a>\n\t\t\t\t\t\t\t<a class=\"e-gallery-item elementor-gallery-item elementor-animated-content\" href=\"https:\/\/www.cm-benavente.pt\/wp-content\/uploads\/2025\/05\/encontro-taurino-bandas-filarmonicas-semana-taurina-samora-correia-36-scaled.jpg\" data-elementor-open-lightbox=\"yes\" data-elementor-lightbox-slideshow=\"a904889\" data-elementor-lightbox-title=\"encontro taurino bandas filarm\u00f3nicas semana taurina samora correia (36)\" data-e-action-hash=\"#elementor-action%3Aaction%3Dlightbox%26settings%3DeyJpZCI6NzI2MzQsInVybCI6Imh0dHBzOlwvXC93d3cuY20tYmVuYXZlbnRlLnB0XC93cC1jb250ZW50XC91cGxvYWRzXC8yMDI1XC8wNVwvZW5jb250cm8tdGF1cmluby1iYW5kYXMtZmlsYXJtb25pY2FzLXNlbWFuYS10YXVyaW5hLXNhbW9yYS1jb3JyZWlhLTM2LXNjYWxlZC5qcGciLCJzbGlkZXNob3ciOiJhOTA0ODg5In0%3D\">\n\t\t\t\t\t<div class=\"e-gallery-image elementor-gallery-item__image\" data-thumbnail=\"https:\/\/www.cm-benavente.pt\/wp-content\/uploads\/2025\/05\/encontro-taurino-bandas-filarmonicas-semana-taurina-samora-correia-36-1024x523.jpg\" data-width=\"800\" data-height=\"409\" aria-label=\"\" role=\"img\" ><\/div>\n\t\t\t\t\t\t\t\t\t\t\t<div class=\"elementor-gallery-item__overlay\"><\/div>\n\t\t\t\t\t\t\t\t\t\t\t\t\t\t<\/a>\n\t\t\t\t\t\t\t<a class=\"e-gallery-item elementor-gallery-item elementor-animated-content\" href=\"https:\/\/www.cm-benavente.pt\/wp-content\/uploads\/2025\/05\/encontro-taurino-bandas-filarmonicas-semana-taurina-samora-correia-37-scaled.jpg\" data-elementor-open-lightbox=\"yes\" data-elementor-lightbox-slideshow=\"a904889\" data-elementor-lightbox-title=\"encontro taurino bandas filarm\u00f3nicas semana taurina samora correia (37)\" data-e-action-hash=\"#elementor-action%3Aaction%3Dlightbox%26settings%3DeyJpZCI6NzI2MzUsInVybCI6Imh0dHBzOlwvXC93d3cuY20tYmVuYXZlbnRlLnB0XC93cC1jb250ZW50XC91cGxvYWRzXC8yMDI1XC8wNVwvZW5jb250cm8tdGF1cmluby1iYW5kYXMtZmlsYXJtb25pY2FzLXNlbWFuYS10YXVyaW5hLXNhbW9yYS1jb3JyZWlhLTM3LXNjYWxlZC5qcGciLCJzbGlkZXNob3ciOiJhOTA0ODg5In0%3D\">\n\t\t\t\t\t<div class=\"e-gallery-image elementor-gallery-item__image\" data-thumbnail=\"https:\/\/www.cm-benavente.pt\/wp-content\/uploads\/2025\/05\/encontro-taurino-bandas-filarmonicas-semana-taurina-samora-correia-37-1024x528.jpg\" data-width=\"800\" data-height=\"413\" aria-label=\"\" role=\"img\" ><\/div>\n\t\t\t\t\t\t\t\t\t\t\t<div class=\"elementor-gallery-item__overlay\"><\/div>\n\t\t\t\t\t\t\t\t\t\t\t\t\t\t<\/a>\n\t\t\t\t\t\t\t<a class=\"e-gallery-item elementor-gallery-item elementor-animated-content\" href=\"https:\/\/www.cm-benavente.pt\/wp-content\/uploads\/2025\/05\/encontro-taurino-bandas-filarmonicas-semana-taurina-samora-correia-38-scaled.jpg\" data-elementor-open-lightbox=\"yes\" data-elementor-lightbox-slideshow=\"a904889\" data-elementor-lightbox-title=\"encontro taurino bandas filarm\u00f3nicas semana taurina samora correia (38)\" data-e-action-hash=\"#elementor-action%3Aaction%3Dlightbox%26settings%3DeyJpZCI6NzI2MzYsInVybCI6Imh0dHBzOlwvXC93d3cuY20tYmVuYXZlbnRlLnB0XC93cC1jb250ZW50XC91cGxvYWRzXC8yMDI1XC8wNVwvZW5jb250cm8tdGF1cmluby1iYW5kYXMtZmlsYXJtb25pY2FzLXNlbWFuYS10YXVyaW5hLXNhbW9yYS1jb3JyZWlhLTM4LXNjYWxlZC5qcGciLCJzbGlkZXNob3ciOiJhOTA0ODg5In0%3D\">\n\t\t\t\t\t<div class=\"e-gallery-image elementor-gallery-item__image\" data-thumbnail=\"https:\/\/www.cm-benavente.pt\/wp-content\/uploads\/2025\/05\/encontro-taurino-bandas-filarmonicas-semana-taurina-samora-correia-38-1024x422.jpg\" data-width=\"800\" data-height=\"330\" aria-label=\"\" role=\"img\" ><\/div>\n\t\t\t\t\t\t\t\t\t\t\t<div class=\"elementor-gallery-item__overlay\"><\/div>\n\t\t\t\t\t\t\t\t\t\t\t\t\t\t<\/a>\n\t\t\t\t\t\t\t<a class=\"e-gallery-item elementor-gallery-item elementor-animated-content\" href=\"https:\/\/www.cm-benavente.pt\/wp-content\/uploads\/2025\/05\/encontro-taurino-bandas-filarmonicas-semana-taurina-samora-correia-39-scaled.jpg\" data-elementor-open-lightbox=\"yes\" data-elementor-lightbox-slideshow=\"a904889\" data-elementor-lightbox-title=\"encontro taurino bandas filarm\u00f3nicas semana taurina samora correia (39)\" data-e-action-hash=\"#elementor-action%3Aaction%3Dlightbox%26settings%3DeyJpZCI6NzI2MzcsInVybCI6Imh0dHBzOlwvXC93d3cuY20tYmVuYXZlbnRlLnB0XC93cC1jb250ZW50XC91cGxvYWRzXC8yMDI1XC8wNVwvZW5jb250cm8tdGF1cmluby1iYW5kYXMtZmlsYXJtb25pY2FzLXNlbWFuYS10YXVyaW5hLXNhbW9yYS1jb3JyZWlhLTM5LXNjYWxlZC5qcGciLCJzbGlkZXNob3ciOiJhOTA0ODg5In0%3D\">\n\t\t\t\t\t<div class=\"e-gallery-image elementor-gallery-item__image\" data-thumbnail=\"https:\/\/www.cm-benavente.pt\/wp-content\/uploads\/2025\/05\/encontro-taurino-bandas-filarmonicas-semana-taurina-samora-correia-39-1024x523.jpg\" data-width=\"800\" data-height=\"409\" aria-label=\"\" role=\"img\" ><\/div>\n\t\t\t\t\t\t\t\t\t\t\t<div class=\"elementor-gallery-item__overlay\"><\/div>\n\t\t\t\t\t\t\t\t\t\t\t\t\t\t<\/a>\n\t\t\t\t\t\t\t<a class=\"e-gallery-item elementor-gallery-item elementor-animated-content\" href=\"https:\/\/www.cm-benavente.pt\/wp-content\/uploads\/2025\/05\/encontro-taurino-bandas-filarmonicas-semana-taurina-samora-correia-40-scaled.jpg\" data-elementor-open-lightbox=\"yes\" data-elementor-lightbox-slideshow=\"a904889\" data-elementor-lightbox-title=\"encontro taurino bandas filarm\u00f3nicas semana taurina samora correia (40)\" data-e-action-hash=\"#elementor-action%3Aaction%3Dlightbox%26settings%3DeyJpZCI6NzI2MzgsInVybCI6Imh0dHBzOlwvXC93d3cuY20tYmVuYXZlbnRlLnB0XC93cC1jb250ZW50XC91cGxvYWRzXC8yMDI1XC8wNVwvZW5jb250cm8tdGF1cmluby1iYW5kYXMtZmlsYXJtb25pY2FzLXNlbWFuYS10YXVyaW5hLXNhbW9yYS1jb3JyZWlhLTQwLXNjYWxlZC5qcGciLCJzbGlkZXNob3ciOiJhOTA0ODg5In0%3D\">\n\t\t\t\t\t<div class=\"e-gallery-image elementor-gallery-item__image\" data-thumbnail=\"https:\/\/www.cm-benavente.pt\/wp-content\/uploads\/2025\/05\/encontro-taurino-bandas-filarmonicas-semana-taurina-samora-correia-40-1024x518.jpg\" data-width=\"800\" data-height=\"405\" aria-label=\"\" role=\"img\" ><\/div>\n\t\t\t\t\t\t\t\t\t\t\t<div class=\"elementor-gallery-item__overlay\"><\/div>\n\t\t\t\t\t\t\t\t\t\t\t\t\t\t<\/a>\n\t\t\t\t\t\t\t<a class=\"e-gallery-item elementor-gallery-item elementor-animated-content\" href=\"https:\/\/www.cm-benavente.pt\/wp-content\/uploads\/2025\/05\/encontro-taurino-bandas-filarmonicas-semana-taurina-samora-correia-41-scaled.jpg\" data-elementor-open-lightbox=\"yes\" data-elementor-lightbox-slideshow=\"a904889\" data-elementor-lightbox-title=\"encontro taurino bandas filarm\u00f3nicas semana taurina samora correia (41)\" data-e-action-hash=\"#elementor-action%3Aaction%3Dlightbox%26settings%3DeyJpZCI6NzI2MzksInVybCI6Imh0dHBzOlwvXC93d3cuY20tYmVuYXZlbnRlLnB0XC93cC1jb250ZW50XC91cGxvYWRzXC8yMDI1XC8wNVwvZW5jb250cm8tdGF1cmluby1iYW5kYXMtZmlsYXJtb25pY2FzLXNlbWFuYS10YXVyaW5hLXNhbW9yYS1jb3JyZWlhLTQxLXNjYWxlZC5qcGciLCJzbGlkZXNob3ciOiJhOTA0ODg5In0%3D\">\n\t\t\t\t\t<div class=\"e-gallery-image elementor-gallery-item__image\" data-thumbnail=\"https:\/\/www.cm-benavente.pt\/wp-content\/uploads\/2025\/05\/encontro-taurino-bandas-filarmonicas-semana-taurina-samora-correia-41-1024x518.jpg\" data-width=\"800\" data-height=\"405\" aria-label=\"\" role=\"img\" ><\/div>\n\t\t\t\t\t\t\t\t\t\t\t<div class=\"elementor-gallery-item__overlay\"><\/div>\n\t\t\t\t\t\t\t\t\t\t\t\t\t\t<\/a>\n\t\t\t\t\t\t\t<a class=\"e-gallery-item elementor-gallery-item elementor-animated-content\" href=\"https:\/\/www.cm-benavente.pt\/wp-content\/uploads\/2025\/05\/encontro-taurino-bandas-filarmonicas-semana-taurina-samora-correia-42-scaled.jpg\" data-elementor-open-lightbox=\"yes\" data-elementor-lightbox-slideshow=\"a904889\" data-elementor-lightbox-title=\"encontro taurino bandas filarm\u00f3nicas semana taurina samora correia (42)\" data-e-action-hash=\"#elementor-action%3Aaction%3Dlightbox%26settings%3DeyJpZCI6NzI2NDMsInVybCI6Imh0dHBzOlwvXC93d3cuY20tYmVuYXZlbnRlLnB0XC93cC1jb250ZW50XC91cGxvYWRzXC8yMDI1XC8wNVwvZW5jb250cm8tdGF1cmluby1iYW5kYXMtZmlsYXJtb25pY2FzLXNlbWFuYS10YXVyaW5hLXNhbW9yYS1jb3JyZWlhLTQyLXNjYWxlZC5qcGciLCJzbGlkZXNob3ciOiJhOTA0ODg5In0%3D\">\n\t\t\t\t\t<div class=\"e-gallery-image elementor-gallery-item__image\" data-thumbnail=\"https:\/\/www.cm-benavente.pt\/wp-content\/uploads\/2025\/05\/encontro-taurino-bandas-filarmonicas-semana-taurina-samora-correia-42-1024x578.jpg\" data-width=\"800\" data-height=\"452\" aria-label=\"\" role=\"img\" ><\/div>\n\t\t\t\t\t\t\t\t\t\t\t<div class=\"elementor-gallery-item__overlay\"><\/div>\n\t\t\t\t\t\t\t\t\t\t\t\t\t\t<\/a>\n\t\t\t\t\t\t\t<a class=\"e-gallery-item elementor-gallery-item elementor-animated-content\" href=\"https:\/\/www.cm-benavente.pt\/wp-content\/uploads\/2025\/05\/encontro-taurino-bandas-filarmonicas-semana-taurina-samora-correia-43-scaled.jpg\" data-elementor-open-lightbox=\"yes\" data-elementor-lightbox-slideshow=\"a904889\" data-elementor-lightbox-title=\"encontro taurino bandas filarm\u00f3nicas semana taurina samora correia (43)\" data-e-action-hash=\"#elementor-action%3Aaction%3Dlightbox%26settings%3DeyJpZCI6NzI2NDQsInVybCI6Imh0dHBzOlwvXC93d3cuY20tYmVuYXZlbnRlLnB0XC93cC1jb250ZW50XC91cGxvYWRzXC8yMDI1XC8wNVwvZW5jb250cm8tdGF1cmluby1iYW5kYXMtZmlsYXJtb25pY2FzLXNlbWFuYS10YXVyaW5hLXNhbW9yYS1jb3JyZWlhLTQzLXNjYWxlZC5qcGciLCJzbGlkZXNob3ciOiJhOTA0ODg5In0%3D\">\n\t\t\t\t\t<div class=\"e-gallery-image elementor-gallery-item__image\" data-thumbnail=\"https:\/\/www.cm-benavente.pt\/wp-content\/uploads\/2025\/05\/encontro-taurino-bandas-filarmonicas-semana-taurina-samora-correia-43-1024x521.jpg\" data-width=\"800\" data-height=\"407\" aria-label=\"\" role=\"img\" ><\/div>\n\t\t\t\t\t\t\t\t\t\t\t<div class=\"elementor-gallery-item__overlay\"><\/div>\n\t\t\t\t\t\t\t\t\t\t\t\t\t\t<\/a>\n\t\t\t\t\t\t\t<a class=\"e-gallery-item elementor-gallery-item elementor-animated-content\" href=\"https:\/\/www.cm-benavente.pt\/wp-content\/uploads\/2025\/05\/encontro-taurino-bandas-filarmonicas-semana-taurina-samora-correia-44-scaled.jpg\" data-elementor-open-lightbox=\"yes\" data-elementor-lightbox-slideshow=\"a904889\" data-elementor-lightbox-title=\"encontro taurino bandas filarm\u00f3nicas semana taurina samora correia (44)\" data-e-action-hash=\"#elementor-action%3Aaction%3Dlightbox%26settings%3DeyJpZCI6NzI2NDUsInVybCI6Imh0dHBzOlwvXC93d3cuY20tYmVuYXZlbnRlLnB0XC93cC1jb250ZW50XC91cGxvYWRzXC8yMDI1XC8wNVwvZW5jb250cm8tdGF1cmluby1iYW5kYXMtZmlsYXJtb25pY2FzLXNlbWFuYS10YXVyaW5hLXNhbW9yYS1jb3JyZWlhLTQ0LXNjYWxlZC5qcGciLCJzbGlkZXNob3ciOiJhOTA0ODg5In0%3D\">\n\t\t\t\t\t<div class=\"e-gallery-image elementor-gallery-item__image\" data-thumbnail=\"https:\/\/www.cm-benavente.pt\/wp-content\/uploads\/2025\/05\/encontro-taurino-bandas-filarmonicas-semana-taurina-samora-correia-44-1024x554.jpg\" data-width=\"800\" data-height=\"433\" aria-label=\"\" role=\"img\" ><\/div>\n\t\t\t\t\t\t\t\t\t\t\t<div class=\"elementor-gallery-item__overlay\"><\/div>\n\t\t\t\t\t\t\t\t\t\t\t\t\t\t<\/a>\n\t\t\t\t\t\t\t<a class=\"e-gallery-item elementor-gallery-item elementor-animated-content\" href=\"https:\/\/www.cm-benavente.pt\/wp-content\/uploads\/2025\/05\/encontro-taurino-bandas-filarmonicas-semana-taurina-samora-correia-45-scaled.jpg\" data-elementor-open-lightbox=\"yes\" data-elementor-lightbox-slideshow=\"a904889\" data-elementor-lightbox-title=\"encontro taurino bandas filarm\u00f3nicas semana taurina samora correia (45)\" data-e-action-hash=\"#elementor-action%3Aaction%3Dlightbox%26settings%3DeyJpZCI6NzI2NDYsInVybCI6Imh0dHBzOlwvXC93d3cuY20tYmVuYXZlbnRlLnB0XC93cC1jb250ZW50XC91cGxvYWRzXC8yMDI1XC8wNVwvZW5jb250cm8tdGF1cmluby1iYW5kYXMtZmlsYXJtb25pY2FzLXNlbWFuYS10YXVyaW5hLXNhbW9yYS1jb3JyZWlhLTQ1LXNjYWxlZC5qcGciLCJzbGlkZXNob3ciOiJhOTA0ODg5In0%3D\">\n\t\t\t\t\t<div class=\"e-gallery-image elementor-gallery-item__image\" data-thumbnail=\"https:\/\/www.cm-benavente.pt\/wp-content\/uploads\/2025\/05\/encontro-taurino-bandas-filarmonicas-semana-taurina-samora-correia-45-1024x599.jpg\" data-width=\"800\" data-height=\"468\" aria-label=\"\" role=\"img\" ><\/div>\n\t\t\t\t\t\t\t\t\t\t\t<div class=\"elementor-gallery-item__overlay\"><\/div>\n\t\t\t\t\t\t\t\t\t\t\t\t\t\t<\/a>\n\t\t\t\t\t\t\t<a class=\"e-gallery-item elementor-gallery-item elementor-animated-content\" href=\"https:\/\/www.cm-benavente.pt\/wp-content\/uploads\/2025\/05\/encontro-taurino-bandas-filarmonicas-semana-taurina-samora-correia-46-scaled.jpg\" data-elementor-open-lightbox=\"yes\" data-elementor-lightbox-slideshow=\"a904889\" data-elementor-lightbox-title=\"encontro taurino bandas filarm\u00f3nicas semana taurina samora correia (46)\" data-e-action-hash=\"#elementor-action%3Aaction%3Dlightbox%26settings%3DeyJpZCI6NzI2NDcsInVybCI6Imh0dHBzOlwvXC93d3cuY20tYmVuYXZlbnRlLnB0XC93cC1jb250ZW50XC91cGxvYWRzXC8yMDI1XC8wNVwvZW5jb250cm8tdGF1cmluby1iYW5kYXMtZmlsYXJtb25pY2FzLXNlbWFuYS10YXVyaW5hLXNhbW9yYS1jb3JyZWlhLTQ2LXNjYWxlZC5qcGciLCJzbGlkZXNob3ciOiJhOTA0ODg5In0%3D\">\n\t\t\t\t\t<div class=\"e-gallery-image elementor-gallery-item__image\" data-thumbnail=\"https:\/\/www.cm-benavente.pt\/wp-content\/uploads\/2025\/05\/encontro-taurino-bandas-filarmonicas-semana-taurina-samora-correia-46-1024x447.jpg\" data-width=\"800\" data-height=\"349\" aria-label=\"\" role=\"img\" ><\/div>\n\t\t\t\t\t\t\t\t\t\t\t<div class=\"elementor-gallery-item__overlay\"><\/div>\n\t\t\t\t\t\t\t\t\t\t\t\t\t\t<\/a>\n\t\t\t\t\t\t\t<a class=\"e-gallery-item elementor-gallery-item elementor-animated-content\" href=\"https:\/\/www.cm-benavente.pt\/wp-content\/uploads\/2025\/05\/encontro-taurino-bandas-filarmonicas-semana-taurina-samora-correia-47-scaled.jpg\" data-elementor-open-lightbox=\"yes\" data-elementor-lightbox-slideshow=\"a904889\" data-elementor-lightbox-title=\"encontro taurino bandas filarm\u00f3nicas semana taurina samora correia (47)\" data-e-action-hash=\"#elementor-action%3Aaction%3Dlightbox%26settings%3DeyJpZCI6NzI2NDgsInVybCI6Imh0dHBzOlwvXC93d3cuY20tYmVuYXZlbnRlLnB0XC93cC1jb250ZW50XC91cGxvYWRzXC8yMDI1XC8wNVwvZW5jb250cm8tdGF1cmluby1iYW5kYXMtZmlsYXJtb25pY2FzLXNlbWFuYS10YXVyaW5hLXNhbW9yYS1jb3JyZWlhLTQ3LXNjYWxlZC5qcGciLCJzbGlkZXNob3ciOiJhOTA0ODg5In0%3D\">\n\t\t\t\t\t<div class=\"e-gallery-image elementor-gallery-item__image\" data-thumbnail=\"https:\/\/www.cm-benavente.pt\/wp-content\/uploads\/2025\/05\/encontro-taurino-bandas-filarmonicas-semana-taurina-samora-correia-47-1024x586.jpg\" data-width=\"800\" data-height=\"458\" aria-label=\"\" role=\"img\" ><\/div>\n\t\t\t\t\t\t\t\t\t\t\t<div class=\"elementor-gallery-item__overlay\"><\/div>\n\t\t\t\t\t\t\t\t\t\t\t\t\t\t<\/a>\n\t\t\t\t\t\t\t<a class=\"e-gallery-item elementor-gallery-item elementor-animated-content\" href=\"https:\/\/www.cm-benavente.pt\/wp-content\/uploads\/2025\/05\/encontro-taurino-bandas-filarmonicas-semana-taurina-samora-correia-48-scaled.jpg\" data-elementor-open-lightbox=\"yes\" data-elementor-lightbox-slideshow=\"a904889\" data-elementor-lightbox-title=\"encontro taurino bandas filarm\u00f3nicas semana taurina samora correia (48)\" data-e-action-hash=\"#elementor-action%3Aaction%3Dlightbox%26settings%3DeyJpZCI6NzI2NDksInVybCI6Imh0dHBzOlwvXC93d3cuY20tYmVuYXZlbnRlLnB0XC93cC1jb250ZW50XC91cGxvYWRzXC8yMDI1XC8wNVwvZW5jb250cm8tdGF1cmluby1iYW5kYXMtZmlsYXJtb25pY2FzLXNlbWFuYS10YXVyaW5hLXNhbW9yYS1jb3JyZWlhLTQ4LXNjYWxlZC5qcGciLCJzbGlkZXNob3ciOiJhOTA0ODg5In0%3D\">\n\t\t\t\t\t<div class=\"e-gallery-image elementor-gallery-item__image\" data-thumbnail=\"https:\/\/www.cm-benavente.pt\/wp-content\/uploads\/2025\/05\/encontro-taurino-bandas-filarmonicas-semana-taurina-samora-correia-48-1024x632.jpg\" data-width=\"800\" data-height=\"494\" aria-label=\"\" role=\"img\" ><\/div>\n\t\t\t\t\t\t\t\t\t\t\t<div class=\"elementor-gallery-item__overlay\"><\/div>\n\t\t\t\t\t\t\t\t\t\t\t\t\t\t<\/a>\n\t\t\t\t\t\t\t<a class=\"e-gallery-item elementor-gallery-item elementor-animated-content\" href=\"https:\/\/www.cm-benavente.pt\/wp-content\/uploads\/2025\/05\/encontro-taurino-bandas-filarmonicas-semana-taurina-samora-correia-49-scaled.jpg\" data-elementor-open-lightbox=\"yes\" data-elementor-lightbox-slideshow=\"a904889\" data-elementor-lightbox-title=\"encontro taurino bandas filarm\u00f3nicas semana taurina samora correia (49)\" data-e-action-hash=\"#elementor-action%3Aaction%3Dlightbox%26settings%3DeyJpZCI6NzI2NTAsInVybCI6Imh0dHBzOlwvXC93d3cuY20tYmVuYXZlbnRlLnB0XC93cC1jb250ZW50XC91cGxvYWRzXC8yMDI1XC8wNVwvZW5jb250cm8tdGF1cmluby1iYW5kYXMtZmlsYXJtb25pY2FzLXNlbWFuYS10YXVyaW5hLXNhbW9yYS1jb3JyZWlhLTQ5LXNjYWxlZC5qcGciLCJzbGlkZXNob3ciOiJhOTA0ODg5In0%3D\">\n\t\t\t\t\t<div class=\"e-gallery-image elementor-gallery-item__image\" data-thumbnail=\"https:\/\/www.cm-benavente.pt\/wp-content\/uploads\/2025\/05\/encontro-taurino-bandas-filarmonicas-semana-taurina-samora-correia-49-1024x582.jpg\" data-width=\"800\" data-height=\"455\" aria-label=\"\" role=\"img\" ><\/div>\n\t\t\t\t\t\t\t\t\t\t\t<div class=\"elementor-gallery-item__overlay\"><\/div>\n\t\t\t\t\t\t\t\t\t\t\t\t\t\t<\/a>\n\t\t\t\t\t<\/div>\n\t\t\t\t\t<\/div>\n\t\t\t\t<\/div>\n\t\t\t\t\t<\/div>\n\t\t\t\t<\/div>\n\t\t\t\t<\/div>\n\t\t","protected":false},"excerpt":{"rendered":"<p>A Semana Taurina organizada pela Junta de Freguesia de Samora Correia, terminou com chave de ouro com a realiza\u00e7\u00e3o do Encontro Taurino de Bandas Filarm\u00f3nicas e a entrega do Pr\u00e9mio S\u00e9rgio Perilh\u00e3o. <\/p>\n","protected":false},"author":3,"featured_media":72597,"comment_status":"closed","ping_status":"closed","sticky":false,"template":"","format":"standard","meta":{"_vp_format_video_url":"","_vp_image_focal_point":[],"footnotes":""},"categories":[511,518],"tags":[597,596,4,2873,1698],"class_list":["post-72596","post","type-post","status-publish","format-standard","has-post-thumbnail","hentry","category-cultura-noticias","category-municipio","tag-banda","tag-filarmonica","tag-musica","tag-taurino","tag-tauromaquia"],"_links":{"self":[{"href":"https:\/\/www.cm-benavente.pt\/index.php\/wp-json\/wp\/v2\/posts\/72596","targetHints":{"allow":["GET"]}}],"collection":[{"href":"https:\/\/www.cm-benavente.pt\/index.php\/wp-json\/wp\/v2\/posts"}],"about":[{"href":"https:\/\/www.cm-benavente.pt\/index.php\/wp-json\/wp\/v2\/types\/post"}],"author":[{"embeddable":true,"href":"https:\/\/www.cm-benavente.pt\/index.php\/wp-json\/wp\/v2\/users\/3"}],"replies":[{"embeddable":true,"href":"https:\/\/www.cm-benavente.pt\/index.php\/wp-json\/wp\/v2\/comments?post=72596"}],"version-history":[{"count":4,"href":"https:\/\/www.cm-benavente.pt\/index.php\/wp-json\/wp\/v2\/posts\/72596\/revisions"}],"predecessor-version":[{"id":72653,"href":"https:\/\/www.cm-benavente.pt\/index.php\/wp-json\/wp\/v2\/posts\/72596\/revisions\/72653"}],"wp:featuredmedia":[{"embeddable":true,"href":"https:\/\/www.cm-benavente.pt\/index.php\/wp-json\/wp\/v2\/media\/72597"}],"wp:attachment":[{"href":"https:\/\/www.cm-benavente.pt\/index.php\/wp-json\/wp\/v2\/media?parent=72596"}],"wp:term":[{"taxonomy":"category","embeddable":true,"href":"https:\/\/www.cm-benavente.pt\/index.php\/wp-json\/wp\/v2\/categories?post=72596"},{"taxonomy":"post_tag","embeddable":true,"href":"https:\/\/www.cm-benavente.pt\/index.php\/wp-json\/wp\/v2\/tags?post=72596"}],"curies":[{"name":"wp","href":"https:\/\/api.w.org\/{rel}","templated":true}]}}