{"id":72555,"date":"2025-05-02T13:39:48","date_gmt":"2025-05-02T13:39:48","guid":{"rendered":"https:\/\/www.cm-benavente.pt\/?p=72555"},"modified":"2025-05-02T14:07:20","modified_gmt":"2025-05-02T14:07:20","slug":"fados-e-guitarradas-em-noite-ribatejana-em-samora-correia","status":"publish","type":"post","link":"https:\/\/www.cm-benavente.pt\/index.php\/2025\/05\/02\/fados-e-guitarradas-em-noite-ribatejana-em-samora-correia\/","title":{"rendered":"Fados e Guitarradas em noite Ribatejana, em Samora Correia"},"content":{"rendered":"\t\t<div data-elementor-type=\"wp-post\" data-elementor-id=\"72555\" class=\"elementor elementor-72555\" data-elementor-post-type=\"post\">\n\t\t\t\t<div class=\"elementor-element elementor-element-70fb1c9 e-flex e-con-boxed e-con e-parent\" data-id=\"70fb1c9\" data-element_type=\"container\" data-e-type=\"container\" data-settings=\"{&quot;tmea_shape_divider_top&quot;:&quot;none&quot;,&quot;tmea_shape_divider_bottom&quot;:&quot;none&quot;}\">\n\t\t\t\t\t<div class=\"e-con-inner\">\n\t\t\n\t\t<div class=\"elementor-element elementor-element-703395f elementor-widget elementor-widget-text-editor\" data-id=\"703395f\" data-element_type=\"widget\" data-e-type=\"widget\" data-widget_type=\"text-editor.default\">\n\t\t\t\t<div class=\"elementor-widget-container\">\n\t\t\t\t\t\t\t\t\t<p>Integrado na <strong>Semana Taurina de Samora Correia<\/strong> que chegou ao fim no dia 30 de abril, realizou-se no <strong>Centro Cultural de Samora Correia<\/strong> o espet\u00e1culo <strong>\u201cFados e Guitarradas\u201d<\/strong>. Uma bel\u00edssima noite de fados, com poesia e fandango, a lembrar o bom Ribatejo.<\/p><p>Pelo palco passaram os fadistas: Teresa Tapadas, como convidada especial; Leonel Tito; Manuel Ver\u00edssimo; Adelaide Val\u00e9rio e Laurinda Reinata. Na guitarra esteve Nuno Ezequiel e na viola Alberto Corga. <\/p><p>A poesia foi declamada por Piedade Salvador e por Eug\u00e9nia Edviges e o fandango dan\u00e7ado de forma tradicional pelos fandanguistas do Grupo Etnogr\u00e1fico Samora e o Passado.<\/p><p>A apresenta\u00e7\u00e3o foi de Rog\u00e9rio Justino, numa organiza\u00e7\u00e3o da Junta de Freguesia de Samora Correia.<\/p>\t\t\t\t\t\t\t\t<\/div>\n\t\t\t\t<\/div>\n\t\t\t\t<div class=\"elementor-element elementor-element-11a9e97 elementor-widget elementor-widget-gallery\" data-id=\"11a9e97\" data-element_type=\"widget\" data-e-type=\"widget\" data-settings=\"{&quot;columns&quot;:7,&quot;lazyload&quot;:&quot;yes&quot;,&quot;gallery_layout&quot;:&quot;grid&quot;,&quot;columns_tablet&quot;:2,&quot;columns_mobile&quot;:1,&quot;gap&quot;:{&quot;unit&quot;:&quot;px&quot;,&quot;size&quot;:10,&quot;sizes&quot;:[]},&quot;gap_widescreen&quot;:{&quot;unit&quot;:&quot;px&quot;,&quot;size&quot;:&quot;&quot;,&quot;sizes&quot;:[]},&quot;gap_laptop&quot;:{&quot;unit&quot;:&quot;px&quot;,&quot;size&quot;:10,&quot;sizes&quot;:[]},&quot;gap_tablet_extra&quot;:{&quot;unit&quot;:&quot;px&quot;,&quot;size&quot;:10,&quot;sizes&quot;:[]},&quot;gap_tablet&quot;:{&quot;unit&quot;:&quot;px&quot;,&quot;size&quot;:10,&quot;sizes&quot;:[]},&quot;gap_mobile_extra&quot;:{&quot;unit&quot;:&quot;px&quot;,&quot;size&quot;:10,&quot;sizes&quot;:[]},&quot;gap_mobile&quot;:{&quot;unit&quot;:&quot;px&quot;,&quot;size&quot;:10,&quot;sizes&quot;:[]},&quot;link_to&quot;:&quot;file&quot;,&quot;aspect_ratio&quot;:&quot;3:2&quot;,&quot;overlay_background&quot;:&quot;yes&quot;,&quot;content_hover_animation&quot;:&quot;fade-in&quot;}\" data-widget_type=\"gallery.default\">\n\t\t\t\t<div class=\"elementor-widget-container\">\n\t\t\t\t\t\t\t<div class=\"elementor-gallery__container\">\n\t\t\t\t\t\t\t<a class=\"e-gallery-item elementor-gallery-item elementor-animated-content\" href=\"https:\/\/www.cm-benavente.pt\/wp-content\/uploads\/2025\/05\/fados-e-guitarradas-semana-taurina-samora-correia-1-scaled.jpg\" data-elementor-open-lightbox=\"yes\" data-elementor-lightbox-slideshow=\"11a9e97\" data-elementor-lightbox-title=\"fados e guitarradas semana taurina samora correia (1)\" data-e-action-hash=\"#elementor-action%3Aaction%3Dlightbox%26settings%3DeyJpZCI6NzI1NTgsInVybCI6Imh0dHBzOlwvXC93d3cuY20tYmVuYXZlbnRlLnB0XC93cC1jb250ZW50XC91cGxvYWRzXC8yMDI1XC8wNVwvZmFkb3MtZS1ndWl0YXJyYWRhcy1zZW1hbmEtdGF1cmluYS1zYW1vcmEtY29ycmVpYS0xLXNjYWxlZC5qcGciLCJzbGlkZXNob3ciOiIxMWE5ZTk3In0%3D\">\n\t\t\t\t\t<div class=\"e-gallery-image elementor-gallery-item__image\" data-thumbnail=\"https:\/\/www.cm-benavente.pt\/wp-content\/uploads\/2025\/05\/fados-e-guitarradas-semana-taurina-samora-correia-1-1024x658.jpg\" data-width=\"800\" data-height=\"514\" aria-label=\"\" role=\"img\" ><\/div>\n\t\t\t\t\t\t\t\t\t\t\t<div class=\"elementor-gallery-item__overlay\"><\/div>\n\t\t\t\t\t\t\t\t\t\t\t\t\t\t<\/a>\n\t\t\t\t\t\t\t<a class=\"e-gallery-item elementor-gallery-item elementor-animated-content\" href=\"https:\/\/www.cm-benavente.pt\/wp-content\/uploads\/2025\/05\/fados-e-guitarradas-semana-taurina-samora-correia-2-scaled.jpg\" data-elementor-open-lightbox=\"yes\" data-elementor-lightbox-slideshow=\"11a9e97\" data-elementor-lightbox-title=\"fados e guitarradas semana taurina samora correia (2)\" data-e-action-hash=\"#elementor-action%3Aaction%3Dlightbox%26settings%3DeyJpZCI6NzI1NTksInVybCI6Imh0dHBzOlwvXC93d3cuY20tYmVuYXZlbnRlLnB0XC93cC1jb250ZW50XC91cGxvYWRzXC8yMDI1XC8wNVwvZmFkb3MtZS1ndWl0YXJyYWRhcy1zZW1hbmEtdGF1cmluYS1zYW1vcmEtY29ycmVpYS0yLXNjYWxlZC5qcGciLCJzbGlkZXNob3ciOiIxMWE5ZTk3In0%3D\">\n\t\t\t\t\t<div class=\"e-gallery-image elementor-gallery-item__image\" data-thumbnail=\"https:\/\/www.cm-benavente.pt\/wp-content\/uploads\/2025\/05\/fados-e-guitarradas-semana-taurina-samora-correia-2-1024x626.jpg\" data-width=\"800\" data-height=\"489\" aria-label=\"\" role=\"img\" ><\/div>\n\t\t\t\t\t\t\t\t\t\t\t<div class=\"elementor-gallery-item__overlay\"><\/div>\n\t\t\t\t\t\t\t\t\t\t\t\t\t\t<\/a>\n\t\t\t\t\t\t\t<a class=\"e-gallery-item elementor-gallery-item elementor-animated-content\" href=\"https:\/\/www.cm-benavente.pt\/wp-content\/uploads\/2025\/05\/fados-e-guitarradas-semana-taurina-samora-correia-3-scaled.jpg\" data-elementor-open-lightbox=\"yes\" data-elementor-lightbox-slideshow=\"11a9e97\" data-elementor-lightbox-title=\"fados e guitarradas semana taurina samora correia (3)\" data-e-action-hash=\"#elementor-action%3Aaction%3Dlightbox%26settings%3DeyJpZCI6NzI1NjAsInVybCI6Imh0dHBzOlwvXC93d3cuY20tYmVuYXZlbnRlLnB0XC93cC1jb250ZW50XC91cGxvYWRzXC8yMDI1XC8wNVwvZmFkb3MtZS1ndWl0YXJyYWRhcy1zZW1hbmEtdGF1cmluYS1zYW1vcmEtY29ycmVpYS0zLXNjYWxlZC5qcGciLCJzbGlkZXNob3ciOiIxMWE5ZTk3In0%3D\">\n\t\t\t\t\t<div class=\"e-gallery-image elementor-gallery-item__image\" data-thumbnail=\"https:\/\/www.cm-benavente.pt\/wp-content\/uploads\/2025\/05\/fados-e-guitarradas-semana-taurina-samora-correia-3-1024x589.jpg\" data-width=\"800\" data-height=\"460\" aria-label=\"\" role=\"img\" ><\/div>\n\t\t\t\t\t\t\t\t\t\t\t<div class=\"elementor-gallery-item__overlay\"><\/div>\n\t\t\t\t\t\t\t\t\t\t\t\t\t\t<\/a>\n\t\t\t\t\t\t\t<a class=\"e-gallery-item elementor-gallery-item elementor-animated-content\" href=\"https:\/\/www.cm-benavente.pt\/wp-content\/uploads\/2025\/05\/fados-e-guitarradas-semana-taurina-samora-correia-4-scaled.jpg\" data-elementor-open-lightbox=\"yes\" data-elementor-lightbox-slideshow=\"11a9e97\" data-elementor-lightbox-title=\"fados e guitarradas semana taurina samora correia (4)\" data-e-action-hash=\"#elementor-action%3Aaction%3Dlightbox%26settings%3DeyJpZCI6NzI1NjEsInVybCI6Imh0dHBzOlwvXC93d3cuY20tYmVuYXZlbnRlLnB0XC93cC1jb250ZW50XC91cGxvYWRzXC8yMDI1XC8wNVwvZmFkb3MtZS1ndWl0YXJyYWRhcy1zZW1hbmEtdGF1cmluYS1zYW1vcmEtY29ycmVpYS00LXNjYWxlZC5qcGciLCJzbGlkZXNob3ciOiIxMWE5ZTk3In0%3D\">\n\t\t\t\t\t<div class=\"e-gallery-image elementor-gallery-item__image\" data-thumbnail=\"https:\/\/www.cm-benavente.pt\/wp-content\/uploads\/2025\/05\/fados-e-guitarradas-semana-taurina-samora-correia-4-1024x631.jpg\" data-width=\"800\" data-height=\"493\" aria-label=\"\" role=\"img\" ><\/div>\n\t\t\t\t\t\t\t\t\t\t\t<div class=\"elementor-gallery-item__overlay\"><\/div>\n\t\t\t\t\t\t\t\t\t\t\t\t\t\t<\/a>\n\t\t\t\t\t\t\t<a class=\"e-gallery-item elementor-gallery-item elementor-animated-content\" href=\"https:\/\/www.cm-benavente.pt\/wp-content\/uploads\/2025\/05\/fados-e-guitarradas-semana-taurina-samora-correia-5-scaled.jpg\" data-elementor-open-lightbox=\"yes\" data-elementor-lightbox-slideshow=\"11a9e97\" data-elementor-lightbox-title=\"fados e guitarradas semana taurina samora correia (5)\" data-e-action-hash=\"#elementor-action%3Aaction%3Dlightbox%26settings%3DeyJpZCI6NzI1NjIsInVybCI6Imh0dHBzOlwvXC93d3cuY20tYmVuYXZlbnRlLnB0XC93cC1jb250ZW50XC91cGxvYWRzXC8yMDI1XC8wNVwvZmFkb3MtZS1ndWl0YXJyYWRhcy1zZW1hbmEtdGF1cmluYS1zYW1vcmEtY29ycmVpYS01LXNjYWxlZC5qcGciLCJzbGlkZXNob3ciOiIxMWE5ZTk3In0%3D\">\n\t\t\t\t\t<div class=\"e-gallery-image elementor-gallery-item__image\" data-thumbnail=\"https:\/\/www.cm-benavente.pt\/wp-content\/uploads\/2025\/05\/fados-e-guitarradas-semana-taurina-samora-correia-5-1024x683.jpg\" data-width=\"800\" data-height=\"534\" aria-label=\"\" role=\"img\" ><\/div>\n\t\t\t\t\t\t\t\t\t\t\t<div class=\"elementor-gallery-item__overlay\"><\/div>\n\t\t\t\t\t\t\t\t\t\t\t\t\t\t<\/a>\n\t\t\t\t\t\t\t<a class=\"e-gallery-item elementor-gallery-item elementor-animated-content\" href=\"https:\/\/www.cm-benavente.pt\/wp-content\/uploads\/2025\/05\/fados-e-guitarradas-semana-taurina-samora-correia-6-scaled.jpg\" data-elementor-open-lightbox=\"yes\" data-elementor-lightbox-slideshow=\"11a9e97\" data-elementor-lightbox-title=\"fados e guitarradas semana taurina samora correia (6)\" data-e-action-hash=\"#elementor-action%3Aaction%3Dlightbox%26settings%3DeyJpZCI6NzI1NjMsInVybCI6Imh0dHBzOlwvXC93d3cuY20tYmVuYXZlbnRlLnB0XC93cC1jb250ZW50XC91cGxvYWRzXC8yMDI1XC8wNVwvZmFkb3MtZS1ndWl0YXJyYWRhcy1zZW1hbmEtdGF1cmluYS1zYW1vcmEtY29ycmVpYS02LXNjYWxlZC5qcGciLCJzbGlkZXNob3ciOiIxMWE5ZTk3In0%3D\">\n\t\t\t\t\t<div class=\"e-gallery-image elementor-gallery-item__image\" data-thumbnail=\"https:\/\/www.cm-benavente.pt\/wp-content\/uploads\/2025\/05\/fados-e-guitarradas-semana-taurina-samora-correia-6-1024x583.jpg\" data-width=\"800\" data-height=\"455\" aria-label=\"\" role=\"img\" ><\/div>\n\t\t\t\t\t\t\t\t\t\t\t<div class=\"elementor-gallery-item__overlay\"><\/div>\n\t\t\t\t\t\t\t\t\t\t\t\t\t\t<\/a>\n\t\t\t\t\t\t\t<a class=\"e-gallery-item elementor-gallery-item elementor-animated-content\" href=\"https:\/\/www.cm-benavente.pt\/wp-content\/uploads\/2025\/05\/fados-e-guitarradas-semana-taurina-samora-correia-7-scaled.jpg\" data-elementor-open-lightbox=\"yes\" data-elementor-lightbox-slideshow=\"11a9e97\" data-elementor-lightbox-title=\"fados e guitarradas semana taurina samora correia (7)\" data-e-action-hash=\"#elementor-action%3Aaction%3Dlightbox%26settings%3DeyJpZCI6NzI1NjQsInVybCI6Imh0dHBzOlwvXC93d3cuY20tYmVuYXZlbnRlLnB0XC93cC1jb250ZW50XC91cGxvYWRzXC8yMDI1XC8wNVwvZmFkb3MtZS1ndWl0YXJyYWRhcy1zZW1hbmEtdGF1cmluYS1zYW1vcmEtY29ycmVpYS03LXNjYWxlZC5qcGciLCJzbGlkZXNob3ciOiIxMWE5ZTk3In0%3D\">\n\t\t\t\t\t<div class=\"e-gallery-image elementor-gallery-item__image\" data-thumbnail=\"https:\/\/www.cm-benavente.pt\/wp-content\/uploads\/2025\/05\/fados-e-guitarradas-semana-taurina-samora-correia-7-1024x622.jpg\" data-width=\"800\" data-height=\"486\" aria-label=\"\" role=\"img\" ><\/div>\n\t\t\t\t\t\t\t\t\t\t\t<div class=\"elementor-gallery-item__overlay\"><\/div>\n\t\t\t\t\t\t\t\t\t\t\t\t\t\t<\/a>\n\t\t\t\t\t\t\t<a class=\"e-gallery-item elementor-gallery-item elementor-animated-content\" href=\"https:\/\/www.cm-benavente.pt\/wp-content\/uploads\/2025\/05\/fados-e-guitarradas-semana-taurina-samora-correia-8-scaled.jpg\" data-elementor-open-lightbox=\"yes\" data-elementor-lightbox-slideshow=\"11a9e97\" data-elementor-lightbox-title=\"fados e guitarradas semana taurina samora correia (8)\" data-e-action-hash=\"#elementor-action%3Aaction%3Dlightbox%26settings%3DeyJpZCI6NzI1NjUsInVybCI6Imh0dHBzOlwvXC93d3cuY20tYmVuYXZlbnRlLnB0XC93cC1jb250ZW50XC91cGxvYWRzXC8yMDI1XC8wNVwvZmFkb3MtZS1ndWl0YXJyYWRhcy1zZW1hbmEtdGF1cmluYS1zYW1vcmEtY29ycmVpYS04LXNjYWxlZC5qcGciLCJzbGlkZXNob3ciOiIxMWE5ZTk3In0%3D\">\n\t\t\t\t\t<div class=\"e-gallery-image elementor-gallery-item__image\" data-thumbnail=\"https:\/\/www.cm-benavente.pt\/wp-content\/uploads\/2025\/05\/fados-e-guitarradas-semana-taurina-samora-correia-8-1024x676.jpg\" data-width=\"800\" data-height=\"528\" aria-label=\"\" role=\"img\" ><\/div>\n\t\t\t\t\t\t\t\t\t\t\t<div class=\"elementor-gallery-item__overlay\"><\/div>\n\t\t\t\t\t\t\t\t\t\t\t\t\t\t<\/a>\n\t\t\t\t\t\t\t<a class=\"e-gallery-item elementor-gallery-item elementor-animated-content\" href=\"https:\/\/www.cm-benavente.pt\/wp-content\/uploads\/2025\/05\/fados-e-guitarradas-semana-taurina-samora-correia-9-scaled.jpg\" data-elementor-open-lightbox=\"yes\" data-elementor-lightbox-slideshow=\"11a9e97\" data-elementor-lightbox-title=\"fados e guitarradas semana taurina samora correia (9)\" data-e-action-hash=\"#elementor-action%3Aaction%3Dlightbox%26settings%3DeyJpZCI6NzI1NjYsInVybCI6Imh0dHBzOlwvXC93d3cuY20tYmVuYXZlbnRlLnB0XC93cC1jb250ZW50XC91cGxvYWRzXC8yMDI1XC8wNVwvZmFkb3MtZS1ndWl0YXJyYWRhcy1zZW1hbmEtdGF1cmluYS1zYW1vcmEtY29ycmVpYS05LXNjYWxlZC5qcGciLCJzbGlkZXNob3ciOiIxMWE5ZTk3In0%3D\">\n\t\t\t\t\t<div class=\"e-gallery-image elementor-gallery-item__image\" data-thumbnail=\"https:\/\/www.cm-benavente.pt\/wp-content\/uploads\/2025\/05\/fados-e-guitarradas-semana-taurina-samora-correia-9-1024x672.jpg\" data-width=\"800\" data-height=\"525\" aria-label=\"\" role=\"img\" ><\/div>\n\t\t\t\t\t\t\t\t\t\t\t<div class=\"elementor-gallery-item__overlay\"><\/div>\n\t\t\t\t\t\t\t\t\t\t\t\t\t\t<\/a>\n\t\t\t\t\t\t\t<a class=\"e-gallery-item elementor-gallery-item elementor-animated-content\" href=\"https:\/\/www.cm-benavente.pt\/wp-content\/uploads\/2025\/05\/fados-e-guitarradas-semana-taurina-samora-correia-10-scaled.jpg\" data-elementor-open-lightbox=\"yes\" data-elementor-lightbox-slideshow=\"11a9e97\" data-elementor-lightbox-title=\"fados e guitarradas semana taurina samora correia (10)\" data-e-action-hash=\"#elementor-action%3Aaction%3Dlightbox%26settings%3DeyJpZCI6NzI1NjcsInVybCI6Imh0dHBzOlwvXC93d3cuY20tYmVuYXZlbnRlLnB0XC93cC1jb250ZW50XC91cGxvYWRzXC8yMDI1XC8wNVwvZmFkb3MtZS1ndWl0YXJyYWRhcy1zZW1hbmEtdGF1cmluYS1zYW1vcmEtY29ycmVpYS0xMC1zY2FsZWQuanBnIiwic2xpZGVzaG93IjoiMTFhOWU5NyJ9\">\n\t\t\t\t\t<div class=\"e-gallery-image elementor-gallery-item__image\" data-thumbnail=\"https:\/\/www.cm-benavente.pt\/wp-content\/uploads\/2025\/05\/fados-e-guitarradas-semana-taurina-samora-correia-10-1024x623.jpg\" data-width=\"800\" data-height=\"487\" aria-label=\"\" role=\"img\" ><\/div>\n\t\t\t\t\t\t\t\t\t\t\t<div class=\"elementor-gallery-item__overlay\"><\/div>\n\t\t\t\t\t\t\t\t\t\t\t\t\t\t<\/a>\n\t\t\t\t\t\t\t<a class=\"e-gallery-item elementor-gallery-item elementor-animated-content\" href=\"https:\/\/www.cm-benavente.pt\/wp-content\/uploads\/2025\/05\/fados-e-guitarradas-semana-taurina-samora-correia-11-scaled.jpg\" data-elementor-open-lightbox=\"yes\" data-elementor-lightbox-slideshow=\"11a9e97\" data-elementor-lightbox-title=\"fados e guitarradas semana taurina samora correia (11)\" data-e-action-hash=\"#elementor-action%3Aaction%3Dlightbox%26settings%3DeyJpZCI6NzI1NjgsInVybCI6Imh0dHBzOlwvXC93d3cuY20tYmVuYXZlbnRlLnB0XC93cC1jb250ZW50XC91cGxvYWRzXC8yMDI1XC8wNVwvZmFkb3MtZS1ndWl0YXJyYWRhcy1zZW1hbmEtdGF1cmluYS1zYW1vcmEtY29ycmVpYS0xMS1zY2FsZWQuanBnIiwic2xpZGVzaG93IjoiMTFhOWU5NyJ9\">\n\t\t\t\t\t<div class=\"e-gallery-image elementor-gallery-item__image\" data-thumbnail=\"https:\/\/www.cm-benavente.pt\/wp-content\/uploads\/2025\/05\/fados-e-guitarradas-semana-taurina-samora-correia-11-1024x647.jpg\" data-width=\"800\" data-height=\"505\" aria-label=\"\" role=\"img\" ><\/div>\n\t\t\t\t\t\t\t\t\t\t\t<div class=\"elementor-gallery-item__overlay\"><\/div>\n\t\t\t\t\t\t\t\t\t\t\t\t\t\t<\/a>\n\t\t\t\t\t\t\t<a class=\"e-gallery-item elementor-gallery-item elementor-animated-content\" href=\"https:\/\/www.cm-benavente.pt\/wp-content\/uploads\/2025\/05\/fados-e-guitarradas-semana-taurina-samora-correia-12-scaled.jpg\" data-elementor-open-lightbox=\"yes\" data-elementor-lightbox-slideshow=\"11a9e97\" data-elementor-lightbox-title=\"fados e guitarradas semana taurina samora correia (12)\" data-e-action-hash=\"#elementor-action%3Aaction%3Dlightbox%26settings%3DeyJpZCI6NzI1NjksInVybCI6Imh0dHBzOlwvXC93d3cuY20tYmVuYXZlbnRlLnB0XC93cC1jb250ZW50XC91cGxvYWRzXC8yMDI1XC8wNVwvZmFkb3MtZS1ndWl0YXJyYWRhcy1zZW1hbmEtdGF1cmluYS1zYW1vcmEtY29ycmVpYS0xMi1zY2FsZWQuanBnIiwic2xpZGVzaG93IjoiMTFhOWU5NyJ9\">\n\t\t\t\t\t<div class=\"e-gallery-image elementor-gallery-item__image\" data-thumbnail=\"https:\/\/www.cm-benavente.pt\/wp-content\/uploads\/2025\/05\/fados-e-guitarradas-semana-taurina-samora-correia-12-1024x638.jpg\" data-width=\"800\" data-height=\"498\" aria-label=\"\" role=\"img\" ><\/div>\n\t\t\t\t\t\t\t\t\t\t\t<div class=\"elementor-gallery-item__overlay\"><\/div>\n\t\t\t\t\t\t\t\t\t\t\t\t\t\t<\/a>\n\t\t\t\t\t\t\t<a class=\"e-gallery-item elementor-gallery-item elementor-animated-content\" href=\"https:\/\/www.cm-benavente.pt\/wp-content\/uploads\/2025\/05\/fados-e-guitarradas-semana-taurina-samora-correia-13-scaled.jpg\" data-elementor-open-lightbox=\"yes\" data-elementor-lightbox-slideshow=\"11a9e97\" data-elementor-lightbox-title=\"fados e guitarradas semana taurina samora correia (13)\" data-e-action-hash=\"#elementor-action%3Aaction%3Dlightbox%26settings%3DeyJpZCI6NzI1NzAsInVybCI6Imh0dHBzOlwvXC93d3cuY20tYmVuYXZlbnRlLnB0XC93cC1jb250ZW50XC91cGxvYWRzXC8yMDI1XC8wNVwvZmFkb3MtZS1ndWl0YXJyYWRhcy1zZW1hbmEtdGF1cmluYS1zYW1vcmEtY29ycmVpYS0xMy1zY2FsZWQuanBnIiwic2xpZGVzaG93IjoiMTFhOWU5NyJ9\">\n\t\t\t\t\t<div class=\"e-gallery-image elementor-gallery-item__image\" data-thumbnail=\"https:\/\/www.cm-benavente.pt\/wp-content\/uploads\/2025\/05\/fados-e-guitarradas-semana-taurina-samora-correia-13-1024x686.jpg\" data-width=\"800\" data-height=\"536\" aria-label=\"\" role=\"img\" ><\/div>\n\t\t\t\t\t\t\t\t\t\t\t<div class=\"elementor-gallery-item__overlay\"><\/div>\n\t\t\t\t\t\t\t\t\t\t\t\t\t\t<\/a>\n\t\t\t\t\t\t\t<a class=\"e-gallery-item elementor-gallery-item elementor-animated-content\" href=\"https:\/\/www.cm-benavente.pt\/wp-content\/uploads\/2025\/05\/fados-e-guitarradas-semana-taurina-samora-correia-14-scaled.jpg\" data-elementor-open-lightbox=\"yes\" data-elementor-lightbox-slideshow=\"11a9e97\" data-elementor-lightbox-title=\"fados e guitarradas semana taurina samora correia (14)\" data-e-action-hash=\"#elementor-action%3Aaction%3Dlightbox%26settings%3DeyJpZCI6NzI1NzEsInVybCI6Imh0dHBzOlwvXC93d3cuY20tYmVuYXZlbnRlLnB0XC93cC1jb250ZW50XC91cGxvYWRzXC8yMDI1XC8wNVwvZmFkb3MtZS1ndWl0YXJyYWRhcy1zZW1hbmEtdGF1cmluYS1zYW1vcmEtY29ycmVpYS0xNC1zY2FsZWQuanBnIiwic2xpZGVzaG93IjoiMTFhOWU5NyJ9\">\n\t\t\t\t\t<div class=\"e-gallery-image elementor-gallery-item__image\" data-thumbnail=\"https:\/\/www.cm-benavente.pt\/wp-content\/uploads\/2025\/05\/fados-e-guitarradas-semana-taurina-samora-correia-14-1024x671.jpg\" data-width=\"800\" data-height=\"524\" aria-label=\"\" role=\"img\" ><\/div>\n\t\t\t\t\t\t\t\t\t\t\t<div class=\"elementor-gallery-item__overlay\"><\/div>\n\t\t\t\t\t\t\t\t\t\t\t\t\t\t<\/a>\n\t\t\t\t\t\t\t<a class=\"e-gallery-item elementor-gallery-item elementor-animated-content\" href=\"https:\/\/www.cm-benavente.pt\/wp-content\/uploads\/2025\/05\/fados-e-guitarradas-semana-taurina-samora-correia-15-scaled.jpg\" data-elementor-open-lightbox=\"yes\" data-elementor-lightbox-slideshow=\"11a9e97\" data-elementor-lightbox-title=\"fados e guitarradas semana taurina samora correia (15)\" data-e-action-hash=\"#elementor-action%3Aaction%3Dlightbox%26settings%3DeyJpZCI6NzI1NzIsInVybCI6Imh0dHBzOlwvXC93d3cuY20tYmVuYXZlbnRlLnB0XC93cC1jb250ZW50XC91cGxvYWRzXC8yMDI1XC8wNVwvZmFkb3MtZS1ndWl0YXJyYWRhcy1zZW1hbmEtdGF1cmluYS1zYW1vcmEtY29ycmVpYS0xNS1zY2FsZWQuanBnIiwic2xpZGVzaG93IjoiMTFhOWU5NyJ9\">\n\t\t\t\t\t<div class=\"e-gallery-image elementor-gallery-item__image\" data-thumbnail=\"https:\/\/www.cm-benavente.pt\/wp-content\/uploads\/2025\/05\/fados-e-guitarradas-semana-taurina-samora-correia-15-1024x679.jpg\" data-width=\"800\" data-height=\"530\" aria-label=\"\" role=\"img\" ><\/div>\n\t\t\t\t\t\t\t\t\t\t\t<div class=\"elementor-gallery-item__overlay\"><\/div>\n\t\t\t\t\t\t\t\t\t\t\t\t\t\t<\/a>\n\t\t\t\t\t\t\t<a class=\"e-gallery-item elementor-gallery-item elementor-animated-content\" href=\"https:\/\/www.cm-benavente.pt\/wp-content\/uploads\/2025\/05\/fados-e-guitarradas-semana-taurina-samora-correia-16-scaled.jpg\" data-elementor-open-lightbox=\"yes\" data-elementor-lightbox-slideshow=\"11a9e97\" data-elementor-lightbox-title=\"fados e guitarradas semana taurina samora correia (16)\" data-e-action-hash=\"#elementor-action%3Aaction%3Dlightbox%26settings%3DeyJpZCI6NzI1NzMsInVybCI6Imh0dHBzOlwvXC93d3cuY20tYmVuYXZlbnRlLnB0XC93cC1jb250ZW50XC91cGxvYWRzXC8yMDI1XC8wNVwvZmFkb3MtZS1ndWl0YXJyYWRhcy1zZW1hbmEtdGF1cmluYS1zYW1vcmEtY29ycmVpYS0xNi1zY2FsZWQuanBnIiwic2xpZGVzaG93IjoiMTFhOWU5NyJ9\">\n\t\t\t\t\t<div class=\"e-gallery-image elementor-gallery-item__image\" data-thumbnail=\"https:\/\/www.cm-benavente.pt\/wp-content\/uploads\/2025\/05\/fados-e-guitarradas-semana-taurina-samora-correia-16-1024x701.jpg\" data-width=\"800\" data-height=\"548\" aria-label=\"\" role=\"img\" ><\/div>\n\t\t\t\t\t\t\t\t\t\t\t<div class=\"elementor-gallery-item__overlay\"><\/div>\n\t\t\t\t\t\t\t\t\t\t\t\t\t\t<\/a>\n\t\t\t\t\t\t\t<a class=\"e-gallery-item elementor-gallery-item elementor-animated-content\" href=\"https:\/\/www.cm-benavente.pt\/wp-content\/uploads\/2025\/05\/fados-e-guitarradas-semana-taurina-samora-correia-17-scaled.jpg\" data-elementor-open-lightbox=\"yes\" data-elementor-lightbox-slideshow=\"11a9e97\" data-elementor-lightbox-title=\"fados e guitarradas semana taurina samora correia (17)\" data-e-action-hash=\"#elementor-action%3Aaction%3Dlightbox%26settings%3DeyJpZCI6NzI1NzQsInVybCI6Imh0dHBzOlwvXC93d3cuY20tYmVuYXZlbnRlLnB0XC93cC1jb250ZW50XC91cGxvYWRzXC8yMDI1XC8wNVwvZmFkb3MtZS1ndWl0YXJyYWRhcy1zZW1hbmEtdGF1cmluYS1zYW1vcmEtY29ycmVpYS0xNy1zY2FsZWQuanBnIiwic2xpZGVzaG93IjoiMTFhOWU5NyJ9\">\n\t\t\t\t\t<div class=\"e-gallery-image elementor-gallery-item__image\" data-thumbnail=\"https:\/\/www.cm-benavente.pt\/wp-content\/uploads\/2025\/05\/fados-e-guitarradas-semana-taurina-samora-correia-17-1024x725.jpg\" data-width=\"800\" data-height=\"566\" aria-label=\"\" role=\"img\" ><\/div>\n\t\t\t\t\t\t\t\t\t\t\t<div class=\"elementor-gallery-item__overlay\"><\/div>\n\t\t\t\t\t\t\t\t\t\t\t\t\t\t<\/a>\n\t\t\t\t\t\t\t<a class=\"e-gallery-item elementor-gallery-item elementor-animated-content\" href=\"https:\/\/www.cm-benavente.pt\/wp-content\/uploads\/2025\/05\/fados-e-guitarradas-semana-taurina-samora-correia-18-scaled.jpg\" data-elementor-open-lightbox=\"yes\" data-elementor-lightbox-slideshow=\"11a9e97\" data-elementor-lightbox-title=\"fados e guitarradas semana taurina samora correia (18)\" data-e-action-hash=\"#elementor-action%3Aaction%3Dlightbox%26settings%3DeyJpZCI6NzI1NzUsInVybCI6Imh0dHBzOlwvXC93d3cuY20tYmVuYXZlbnRlLnB0XC93cC1jb250ZW50XC91cGxvYWRzXC8yMDI1XC8wNVwvZmFkb3MtZS1ndWl0YXJyYWRhcy1zZW1hbmEtdGF1cmluYS1zYW1vcmEtY29ycmVpYS0xOC1zY2FsZWQuanBnIiwic2xpZGVzaG93IjoiMTFhOWU5NyJ9\">\n\t\t\t\t\t<div class=\"e-gallery-image elementor-gallery-item__image\" data-thumbnail=\"https:\/\/www.cm-benavente.pt\/wp-content\/uploads\/2025\/05\/fados-e-guitarradas-semana-taurina-samora-correia-18-1024x503.jpg\" data-width=\"800\" data-height=\"393\" aria-label=\"\" role=\"img\" ><\/div>\n\t\t\t\t\t\t\t\t\t\t\t<div class=\"elementor-gallery-item__overlay\"><\/div>\n\t\t\t\t\t\t\t\t\t\t\t\t\t\t<\/a>\n\t\t\t\t\t\t\t<a class=\"e-gallery-item elementor-gallery-item elementor-animated-content\" href=\"https:\/\/www.cm-benavente.pt\/wp-content\/uploads\/2025\/05\/fados-e-guitarradas-semana-taurina-samora-correia-19-scaled.jpg\" data-elementor-open-lightbox=\"yes\" data-elementor-lightbox-slideshow=\"11a9e97\" data-elementor-lightbox-title=\"fados e guitarradas semana taurina samora correia (19)\" data-e-action-hash=\"#elementor-action%3Aaction%3Dlightbox%26settings%3DeyJpZCI6NzI1NzYsInVybCI6Imh0dHBzOlwvXC93d3cuY20tYmVuYXZlbnRlLnB0XC93cC1jb250ZW50XC91cGxvYWRzXC8yMDI1XC8wNVwvZmFkb3MtZS1ndWl0YXJyYWRhcy1zZW1hbmEtdGF1cmluYS1zYW1vcmEtY29ycmVpYS0xOS1zY2FsZWQuanBnIiwic2xpZGVzaG93IjoiMTFhOWU5NyJ9\">\n\t\t\t\t\t<div class=\"e-gallery-image elementor-gallery-item__image\" data-thumbnail=\"https:\/\/www.cm-benavente.pt\/wp-content\/uploads\/2025\/05\/fados-e-guitarradas-semana-taurina-samora-correia-19-1024x568.jpg\" data-width=\"800\" data-height=\"444\" aria-label=\"\" role=\"img\" ><\/div>\n\t\t\t\t\t\t\t\t\t\t\t<div class=\"elementor-gallery-item__overlay\"><\/div>\n\t\t\t\t\t\t\t\t\t\t\t\t\t\t<\/a>\n\t\t\t\t\t\t\t<a class=\"e-gallery-item elementor-gallery-item elementor-animated-content\" href=\"https:\/\/www.cm-benavente.pt\/wp-content\/uploads\/2025\/05\/fados-e-guitarradas-semana-taurina-samora-correia-20-scaled.jpg\" data-elementor-open-lightbox=\"yes\" data-elementor-lightbox-slideshow=\"11a9e97\" data-elementor-lightbox-title=\"fados e guitarradas semana taurina samora correia (20)\" data-e-action-hash=\"#elementor-action%3Aaction%3Dlightbox%26settings%3DeyJpZCI6NzI1NzcsInVybCI6Imh0dHBzOlwvXC93d3cuY20tYmVuYXZlbnRlLnB0XC93cC1jb250ZW50XC91cGxvYWRzXC8yMDI1XC8wNVwvZmFkb3MtZS1ndWl0YXJyYWRhcy1zZW1hbmEtdGF1cmluYS1zYW1vcmEtY29ycmVpYS0yMC1zY2FsZWQuanBnIiwic2xpZGVzaG93IjoiMTFhOWU5NyJ9\">\n\t\t\t\t\t<div class=\"e-gallery-image elementor-gallery-item__image\" data-thumbnail=\"https:\/\/www.cm-benavente.pt\/wp-content\/uploads\/2025\/05\/fados-e-guitarradas-semana-taurina-samora-correia-20-1024x565.jpg\" data-width=\"800\" data-height=\"441\" aria-label=\"\" role=\"img\" ><\/div>\n\t\t\t\t\t\t\t\t\t\t\t<div class=\"elementor-gallery-item__overlay\"><\/div>\n\t\t\t\t\t\t\t\t\t\t\t\t\t\t<\/a>\n\t\t\t\t\t\t\t<a class=\"e-gallery-item elementor-gallery-item elementor-animated-content\" href=\"https:\/\/www.cm-benavente.pt\/wp-content\/uploads\/2025\/05\/fados-e-guitarradas-semana-taurina-samora-correia-21-scaled.jpg\" data-elementor-open-lightbox=\"yes\" data-elementor-lightbox-slideshow=\"11a9e97\" data-elementor-lightbox-title=\"fados e guitarradas semana taurina samora correia (21)\" data-e-action-hash=\"#elementor-action%3Aaction%3Dlightbox%26settings%3DeyJpZCI6NzI1NzgsInVybCI6Imh0dHBzOlwvXC93d3cuY20tYmVuYXZlbnRlLnB0XC93cC1jb250ZW50XC91cGxvYWRzXC8yMDI1XC8wNVwvZmFkb3MtZS1ndWl0YXJyYWRhcy1zZW1hbmEtdGF1cmluYS1zYW1vcmEtY29ycmVpYS0yMS1zY2FsZWQuanBnIiwic2xpZGVzaG93IjoiMTFhOWU5NyJ9\">\n\t\t\t\t\t<div class=\"e-gallery-image elementor-gallery-item__image\" data-thumbnail=\"https:\/\/www.cm-benavente.pt\/wp-content\/uploads\/2025\/05\/fados-e-guitarradas-semana-taurina-samora-correia-21-1024x646.jpg\" data-width=\"800\" data-height=\"505\" aria-label=\"\" role=\"img\" ><\/div>\n\t\t\t\t\t\t\t\t\t\t\t<div class=\"elementor-gallery-item__overlay\"><\/div>\n\t\t\t\t\t\t\t\t\t\t\t\t\t\t<\/a>\n\t\t\t\t\t\t\t<a class=\"e-gallery-item elementor-gallery-item elementor-animated-content\" href=\"https:\/\/www.cm-benavente.pt\/wp-content\/uploads\/2025\/05\/fados-e-guitarradas-semana-taurina-samora-correia-22-scaled.jpg\" data-elementor-open-lightbox=\"yes\" data-elementor-lightbox-slideshow=\"11a9e97\" data-elementor-lightbox-title=\"fados e guitarradas semana taurina samora correia (22)\" data-e-action-hash=\"#elementor-action%3Aaction%3Dlightbox%26settings%3DeyJpZCI6NzI1NzksInVybCI6Imh0dHBzOlwvXC93d3cuY20tYmVuYXZlbnRlLnB0XC93cC1jb250ZW50XC91cGxvYWRzXC8yMDI1XC8wNVwvZmFkb3MtZS1ndWl0YXJyYWRhcy1zZW1hbmEtdGF1cmluYS1zYW1vcmEtY29ycmVpYS0yMi1zY2FsZWQuanBnIiwic2xpZGVzaG93IjoiMTFhOWU5NyJ9\">\n\t\t\t\t\t<div class=\"e-gallery-image elementor-gallery-item__image\" data-thumbnail=\"https:\/\/www.cm-benavente.pt\/wp-content\/uploads\/2025\/05\/fados-e-guitarradas-semana-taurina-samora-correia-22-1024x571.jpg\" data-width=\"800\" data-height=\"446\" aria-label=\"\" role=\"img\" ><\/div>\n\t\t\t\t\t\t\t\t\t\t\t<div class=\"elementor-gallery-item__overlay\"><\/div>\n\t\t\t\t\t\t\t\t\t\t\t\t\t\t<\/a>\n\t\t\t\t\t\t\t<a class=\"e-gallery-item elementor-gallery-item elementor-animated-content\" href=\"https:\/\/www.cm-benavente.pt\/wp-content\/uploads\/2025\/05\/fados-e-guitarradas-semana-taurina-samora-correia-23-scaled.jpg\" data-elementor-open-lightbox=\"yes\" data-elementor-lightbox-slideshow=\"11a9e97\" data-elementor-lightbox-title=\"fados e guitarradas semana taurina samora correia (23)\" data-e-action-hash=\"#elementor-action%3Aaction%3Dlightbox%26settings%3DeyJpZCI6NzI1ODAsInVybCI6Imh0dHBzOlwvXC93d3cuY20tYmVuYXZlbnRlLnB0XC93cC1jb250ZW50XC91cGxvYWRzXC8yMDI1XC8wNVwvZmFkb3MtZS1ndWl0YXJyYWRhcy1zZW1hbmEtdGF1cmluYS1zYW1vcmEtY29ycmVpYS0yMy1zY2FsZWQuanBnIiwic2xpZGVzaG93IjoiMTFhOWU5NyJ9\">\n\t\t\t\t\t<div class=\"e-gallery-image elementor-gallery-item__image\" data-thumbnail=\"https:\/\/www.cm-benavente.pt\/wp-content\/uploads\/2025\/05\/fados-e-guitarradas-semana-taurina-samora-correia-23-1024x644.jpg\" data-width=\"800\" data-height=\"503\" aria-label=\"\" role=\"img\" ><\/div>\n\t\t\t\t\t\t\t\t\t\t\t<div class=\"elementor-gallery-item__overlay\"><\/div>\n\t\t\t\t\t\t\t\t\t\t\t\t\t\t<\/a>\n\t\t\t\t\t\t\t<a class=\"e-gallery-item elementor-gallery-item elementor-animated-content\" href=\"https:\/\/www.cm-benavente.pt\/wp-content\/uploads\/2025\/05\/fados-e-guitarradas-semana-taurina-samora-correia-24-scaled.jpg\" data-elementor-open-lightbox=\"yes\" data-elementor-lightbox-slideshow=\"11a9e97\" data-elementor-lightbox-title=\"fados e guitarradas semana taurina samora correia (24)\" data-e-action-hash=\"#elementor-action%3Aaction%3Dlightbox%26settings%3DeyJpZCI6NzI1ODEsInVybCI6Imh0dHBzOlwvXC93d3cuY20tYmVuYXZlbnRlLnB0XC93cC1jb250ZW50XC91cGxvYWRzXC8yMDI1XC8wNVwvZmFkb3MtZS1ndWl0YXJyYWRhcy1zZW1hbmEtdGF1cmluYS1zYW1vcmEtY29ycmVpYS0yNC1zY2FsZWQuanBnIiwic2xpZGVzaG93IjoiMTFhOWU5NyJ9\">\n\t\t\t\t\t<div class=\"e-gallery-image elementor-gallery-item__image\" data-thumbnail=\"https:\/\/www.cm-benavente.pt\/wp-content\/uploads\/2025\/05\/fados-e-guitarradas-semana-taurina-samora-correia-24-1024x601.jpg\" data-width=\"800\" data-height=\"470\" aria-label=\"\" role=\"img\" ><\/div>\n\t\t\t\t\t\t\t\t\t\t\t<div class=\"elementor-gallery-item__overlay\"><\/div>\n\t\t\t\t\t\t\t\t\t\t\t\t\t\t<\/a>\n\t\t\t\t\t\t\t<a class=\"e-gallery-item elementor-gallery-item elementor-animated-content\" href=\"https:\/\/www.cm-benavente.pt\/wp-content\/uploads\/2025\/05\/fados-e-guitarradas-semana-taurina-samora-correia-25-scaled.jpg\" data-elementor-open-lightbox=\"yes\" data-elementor-lightbox-slideshow=\"11a9e97\" data-elementor-lightbox-title=\"fados e guitarradas semana taurina samora correia (25)\" data-e-action-hash=\"#elementor-action%3Aaction%3Dlightbox%26settings%3DeyJpZCI6NzI1ODIsInVybCI6Imh0dHBzOlwvXC93d3cuY20tYmVuYXZlbnRlLnB0XC93cC1jb250ZW50XC91cGxvYWRzXC8yMDI1XC8wNVwvZmFkb3MtZS1ndWl0YXJyYWRhcy1zZW1hbmEtdGF1cmluYS1zYW1vcmEtY29ycmVpYS0yNS1zY2FsZWQuanBnIiwic2xpZGVzaG93IjoiMTFhOWU5NyJ9\">\n\t\t\t\t\t<div class=\"e-gallery-image elementor-gallery-item__image\" data-thumbnail=\"https:\/\/www.cm-benavente.pt\/wp-content\/uploads\/2025\/05\/fados-e-guitarradas-semana-taurina-samora-correia-25-1024x512.jpg\" data-width=\"800\" data-height=\"400\" aria-label=\"\" role=\"img\" ><\/div>\n\t\t\t\t\t\t\t\t\t\t\t<div class=\"elementor-gallery-item__overlay\"><\/div>\n\t\t\t\t\t\t\t\t\t\t\t\t\t\t<\/a>\n\t\t\t\t\t\t\t<a class=\"e-gallery-item elementor-gallery-item elementor-animated-content\" href=\"https:\/\/www.cm-benavente.pt\/wp-content\/uploads\/2025\/05\/fados-e-guitarradas-semana-taurina-samora-correia-26-scaled.jpg\" data-elementor-open-lightbox=\"yes\" data-elementor-lightbox-slideshow=\"11a9e97\" data-elementor-lightbox-title=\"fados e guitarradas semana taurina samora correia (26)\" data-e-action-hash=\"#elementor-action%3Aaction%3Dlightbox%26settings%3DeyJpZCI6NzI1ODMsInVybCI6Imh0dHBzOlwvXC93d3cuY20tYmVuYXZlbnRlLnB0XC93cC1jb250ZW50XC91cGxvYWRzXC8yMDI1XC8wNVwvZmFkb3MtZS1ndWl0YXJyYWRhcy1zZW1hbmEtdGF1cmluYS1zYW1vcmEtY29ycmVpYS0yNi1zY2FsZWQuanBnIiwic2xpZGVzaG93IjoiMTFhOWU5NyJ9\">\n\t\t\t\t\t<div class=\"e-gallery-image elementor-gallery-item__image\" data-thumbnail=\"https:\/\/www.cm-benavente.pt\/wp-content\/uploads\/2025\/05\/fados-e-guitarradas-semana-taurina-samora-correia-26-1024x532.jpg\" data-width=\"800\" data-height=\"416\" aria-label=\"\" role=\"img\" ><\/div>\n\t\t\t\t\t\t\t\t\t\t\t<div class=\"elementor-gallery-item__overlay\"><\/div>\n\t\t\t\t\t\t\t\t\t\t\t\t\t\t<\/a>\n\t\t\t\t\t\t\t<a class=\"e-gallery-item elementor-gallery-item elementor-animated-content\" href=\"https:\/\/www.cm-benavente.pt\/wp-content\/uploads\/2025\/05\/fados-e-guitarradas-semana-taurina-samora-correia-27-scaled.jpg\" data-elementor-open-lightbox=\"yes\" data-elementor-lightbox-slideshow=\"11a9e97\" data-elementor-lightbox-title=\"fados e guitarradas semana taurina samora correia (27)\" data-e-action-hash=\"#elementor-action%3Aaction%3Dlightbox%26settings%3DeyJpZCI6NzI1ODQsInVybCI6Imh0dHBzOlwvXC93d3cuY20tYmVuYXZlbnRlLnB0XC93cC1jb250ZW50XC91cGxvYWRzXC8yMDI1XC8wNVwvZmFkb3MtZS1ndWl0YXJyYWRhcy1zZW1hbmEtdGF1cmluYS1zYW1vcmEtY29ycmVpYS0yNy1zY2FsZWQuanBnIiwic2xpZGVzaG93IjoiMTFhOWU5NyJ9\">\n\t\t\t\t\t<div class=\"e-gallery-image elementor-gallery-item__image\" data-thumbnail=\"https:\/\/www.cm-benavente.pt\/wp-content\/uploads\/2025\/05\/fados-e-guitarradas-semana-taurina-samora-correia-27-1024x713.jpg\" data-width=\"800\" data-height=\"557\" aria-label=\"\" role=\"img\" ><\/div>\n\t\t\t\t\t\t\t\t\t\t\t<div class=\"elementor-gallery-item__overlay\"><\/div>\n\t\t\t\t\t\t\t\t\t\t\t\t\t\t<\/a>\n\t\t\t\t\t\t\t<a class=\"e-gallery-item elementor-gallery-item elementor-animated-content\" href=\"https:\/\/www.cm-benavente.pt\/wp-content\/uploads\/2025\/05\/fados-e-guitarradas-semana-taurina-samora-correia-28-scaled.jpg\" data-elementor-open-lightbox=\"yes\" data-elementor-lightbox-slideshow=\"11a9e97\" data-elementor-lightbox-title=\"fados e guitarradas semana taurina samora correia (28)\" data-e-action-hash=\"#elementor-action%3Aaction%3Dlightbox%26settings%3DeyJpZCI6NzI1ODUsInVybCI6Imh0dHBzOlwvXC93d3cuY20tYmVuYXZlbnRlLnB0XC93cC1jb250ZW50XC91cGxvYWRzXC8yMDI1XC8wNVwvZmFkb3MtZS1ndWl0YXJyYWRhcy1zZW1hbmEtdGF1cmluYS1zYW1vcmEtY29ycmVpYS0yOC1zY2FsZWQuanBnIiwic2xpZGVzaG93IjoiMTFhOWU5NyJ9\">\n\t\t\t\t\t<div class=\"e-gallery-image elementor-gallery-item__image\" data-thumbnail=\"https:\/\/www.cm-benavente.pt\/wp-content\/uploads\/2025\/05\/fados-e-guitarradas-semana-taurina-samora-correia-28-1024x623.jpg\" data-width=\"800\" data-height=\"487\" aria-label=\"\" role=\"img\" ><\/div>\n\t\t\t\t\t\t\t\t\t\t\t<div class=\"elementor-gallery-item__overlay\"><\/div>\n\t\t\t\t\t\t\t\t\t\t\t\t\t\t<\/a>\n\t\t\t\t\t\t\t<a class=\"e-gallery-item elementor-gallery-item elementor-animated-content\" href=\"https:\/\/www.cm-benavente.pt\/wp-content\/uploads\/2025\/05\/fados-e-guitarradas-semana-taurina-samora-correia-29-scaled.jpg\" data-elementor-open-lightbox=\"yes\" data-elementor-lightbox-slideshow=\"11a9e97\" data-elementor-lightbox-title=\"fados e guitarradas semana taurina samora correia (29)\" data-e-action-hash=\"#elementor-action%3Aaction%3Dlightbox%26settings%3DeyJpZCI6NzI1ODYsInVybCI6Imh0dHBzOlwvXC93d3cuY20tYmVuYXZlbnRlLnB0XC93cC1jb250ZW50XC91cGxvYWRzXC8yMDI1XC8wNVwvZmFkb3MtZS1ndWl0YXJyYWRhcy1zZW1hbmEtdGF1cmluYS1zYW1vcmEtY29ycmVpYS0yOS1zY2FsZWQuanBnIiwic2xpZGVzaG93IjoiMTFhOWU5NyJ9\">\n\t\t\t\t\t<div class=\"e-gallery-image elementor-gallery-item__image\" data-thumbnail=\"https:\/\/www.cm-benavente.pt\/wp-content\/uploads\/2025\/05\/fados-e-guitarradas-semana-taurina-samora-correia-29-1024x566.jpg\" data-width=\"800\" data-height=\"442\" aria-label=\"\" role=\"img\" ><\/div>\n\t\t\t\t\t\t\t\t\t\t\t<div class=\"elementor-gallery-item__overlay\"><\/div>\n\t\t\t\t\t\t\t\t\t\t\t\t\t\t<\/a>\n\t\t\t\t\t\t\t<a class=\"e-gallery-item elementor-gallery-item elementor-animated-content\" href=\"https:\/\/www.cm-benavente.pt\/wp-content\/uploads\/2025\/05\/fados-e-guitarradas-semana-taurina-samora-correia-30-scaled.jpg\" data-elementor-open-lightbox=\"yes\" data-elementor-lightbox-slideshow=\"11a9e97\" data-elementor-lightbox-title=\"fados e guitarradas semana taurina samora correia (30)\" data-e-action-hash=\"#elementor-action%3Aaction%3Dlightbox%26settings%3DeyJpZCI6NzI1ODcsInVybCI6Imh0dHBzOlwvXC93d3cuY20tYmVuYXZlbnRlLnB0XC93cC1jb250ZW50XC91cGxvYWRzXC8yMDI1XC8wNVwvZmFkb3MtZS1ndWl0YXJyYWRhcy1zZW1hbmEtdGF1cmluYS1zYW1vcmEtY29ycmVpYS0zMC1zY2FsZWQuanBnIiwic2xpZGVzaG93IjoiMTFhOWU5NyJ9\">\n\t\t\t\t\t<div class=\"e-gallery-image elementor-gallery-item__image\" data-thumbnail=\"https:\/\/www.cm-benavente.pt\/wp-content\/uploads\/2025\/05\/fados-e-guitarradas-semana-taurina-samora-correia-30-1024x591.jpg\" data-width=\"800\" data-height=\"462\" aria-label=\"\" role=\"img\" ><\/div>\n\t\t\t\t\t\t\t\t\t\t\t<div class=\"elementor-gallery-item__overlay\"><\/div>\n\t\t\t\t\t\t\t\t\t\t\t\t\t\t<\/a>\n\t\t\t\t\t\t\t<a class=\"e-gallery-item elementor-gallery-item elementor-animated-content\" href=\"https:\/\/www.cm-benavente.pt\/wp-content\/uploads\/2025\/05\/fados-e-guitarradas-semana-taurina-samora-correia-31-scaled.jpg\" data-elementor-open-lightbox=\"yes\" data-elementor-lightbox-slideshow=\"11a9e97\" data-elementor-lightbox-title=\"fados e guitarradas semana taurina samora correia (31)\" data-e-action-hash=\"#elementor-action%3Aaction%3Dlightbox%26settings%3DeyJpZCI6NzI1ODgsInVybCI6Imh0dHBzOlwvXC93d3cuY20tYmVuYXZlbnRlLnB0XC93cC1jb250ZW50XC91cGxvYWRzXC8yMDI1XC8wNVwvZmFkb3MtZS1ndWl0YXJyYWRhcy1zZW1hbmEtdGF1cmluYS1zYW1vcmEtY29ycmVpYS0zMS1zY2FsZWQuanBnIiwic2xpZGVzaG93IjoiMTFhOWU5NyJ9\">\n\t\t\t\t\t<div class=\"e-gallery-image elementor-gallery-item__image\" data-thumbnail=\"https:\/\/www.cm-benavente.pt\/wp-content\/uploads\/2025\/05\/fados-e-guitarradas-semana-taurina-samora-correia-31-1024x631.jpg\" data-width=\"800\" data-height=\"493\" aria-label=\"\" role=\"img\" ><\/div>\n\t\t\t\t\t\t\t\t\t\t\t<div class=\"elementor-gallery-item__overlay\"><\/div>\n\t\t\t\t\t\t\t\t\t\t\t\t\t\t<\/a>\n\t\t\t\t\t\t\t<a class=\"e-gallery-item elementor-gallery-item elementor-animated-content\" href=\"https:\/\/www.cm-benavente.pt\/wp-content\/uploads\/2025\/05\/fados-e-guitarradas-semana-taurina-samora-correia-32-scaled.jpg\" data-elementor-open-lightbox=\"yes\" data-elementor-lightbox-slideshow=\"11a9e97\" data-elementor-lightbox-title=\"fados e guitarradas semana taurina samora correia (32)\" data-e-action-hash=\"#elementor-action%3Aaction%3Dlightbox%26settings%3DeyJpZCI6NzI1ODksInVybCI6Imh0dHBzOlwvXC93d3cuY20tYmVuYXZlbnRlLnB0XC93cC1jb250ZW50XC91cGxvYWRzXC8yMDI1XC8wNVwvZmFkb3MtZS1ndWl0YXJyYWRhcy1zZW1hbmEtdGF1cmluYS1zYW1vcmEtY29ycmVpYS0zMi1zY2FsZWQuanBnIiwic2xpZGVzaG93IjoiMTFhOWU5NyJ9\">\n\t\t\t\t\t<div class=\"e-gallery-image elementor-gallery-item__image\" data-thumbnail=\"https:\/\/www.cm-benavente.pt\/wp-content\/uploads\/2025\/05\/fados-e-guitarradas-semana-taurina-samora-correia-32-1024x668.jpg\" data-width=\"800\" data-height=\"522\" aria-label=\"\" role=\"img\" ><\/div>\n\t\t\t\t\t\t\t\t\t\t\t<div class=\"elementor-gallery-item__overlay\"><\/div>\n\t\t\t\t\t\t\t\t\t\t\t\t\t\t<\/a>\n\t\t\t\t\t\t\t<a class=\"e-gallery-item elementor-gallery-item elementor-animated-content\" href=\"https:\/\/www.cm-benavente.pt\/wp-content\/uploads\/2025\/05\/fados-e-guitarradas-semana-taurina-samora-correia-33-scaled.jpg\" data-elementor-open-lightbox=\"yes\" data-elementor-lightbox-slideshow=\"11a9e97\" data-elementor-lightbox-title=\"fados e guitarradas semana taurina samora correia (33)\" data-e-action-hash=\"#elementor-action%3Aaction%3Dlightbox%26settings%3DeyJpZCI6NzI1OTAsInVybCI6Imh0dHBzOlwvXC93d3cuY20tYmVuYXZlbnRlLnB0XC93cC1jb250ZW50XC91cGxvYWRzXC8yMDI1XC8wNVwvZmFkb3MtZS1ndWl0YXJyYWRhcy1zZW1hbmEtdGF1cmluYS1zYW1vcmEtY29ycmVpYS0zMy1zY2FsZWQuanBnIiwic2xpZGVzaG93IjoiMTFhOWU5NyJ9\">\n\t\t\t\t\t<div class=\"e-gallery-image elementor-gallery-item__image\" data-thumbnail=\"https:\/\/www.cm-benavente.pt\/wp-content\/uploads\/2025\/05\/fados-e-guitarradas-semana-taurina-samora-correia-33-1024x682.jpg\" data-width=\"800\" data-height=\"533\" aria-label=\"\" role=\"img\" ><\/div>\n\t\t\t\t\t\t\t\t\t\t\t<div class=\"elementor-gallery-item__overlay\"><\/div>\n\t\t\t\t\t\t\t\t\t\t\t\t\t\t<\/a>\n\t\t\t\t\t\t\t<a class=\"e-gallery-item elementor-gallery-item elementor-animated-content\" href=\"https:\/\/www.cm-benavente.pt\/wp-content\/uploads\/2025\/05\/fados-e-guitarradas-semana-taurina-samora-correia-34-scaled.jpg\" data-elementor-open-lightbox=\"yes\" data-elementor-lightbox-slideshow=\"11a9e97\" data-elementor-lightbox-title=\"fados e guitarradas semana taurina samora correia (34)\" data-e-action-hash=\"#elementor-action%3Aaction%3Dlightbox%26settings%3DeyJpZCI6NzI1OTEsInVybCI6Imh0dHBzOlwvXC93d3cuY20tYmVuYXZlbnRlLnB0XC93cC1jb250ZW50XC91cGxvYWRzXC8yMDI1XC8wNVwvZmFkb3MtZS1ndWl0YXJyYWRhcy1zZW1hbmEtdGF1cmluYS1zYW1vcmEtY29ycmVpYS0zNC1zY2FsZWQuanBnIiwic2xpZGVzaG93IjoiMTFhOWU5NyJ9\">\n\t\t\t\t\t<div class=\"e-gallery-image elementor-gallery-item__image\" data-thumbnail=\"https:\/\/www.cm-benavente.pt\/wp-content\/uploads\/2025\/05\/fados-e-guitarradas-semana-taurina-samora-correia-34-1024x683.jpg\" data-width=\"800\" data-height=\"534\" aria-label=\"\" role=\"img\" ><\/div>\n\t\t\t\t\t\t\t\t\t\t\t<div class=\"elementor-gallery-item__overlay\"><\/div>\n\t\t\t\t\t\t\t\t\t\t\t\t\t\t<\/a>\n\t\t\t\t\t\t\t<a class=\"e-gallery-item elementor-gallery-item elementor-animated-content\" href=\"https:\/\/www.cm-benavente.pt\/wp-content\/uploads\/2025\/05\/fados-e-guitarradas-semana-taurina-samora-correia-35-scaled.jpg\" data-elementor-open-lightbox=\"yes\" data-elementor-lightbox-slideshow=\"11a9e97\" data-elementor-lightbox-title=\"fados e guitarradas semana taurina samora correia (35)\" data-e-action-hash=\"#elementor-action%3Aaction%3Dlightbox%26settings%3DeyJpZCI6NzI1OTIsInVybCI6Imh0dHBzOlwvXC93d3cuY20tYmVuYXZlbnRlLnB0XC93cC1jb250ZW50XC91cGxvYWRzXC8yMDI1XC8wNVwvZmFkb3MtZS1ndWl0YXJyYWRhcy1zZW1hbmEtdGF1cmluYS1zYW1vcmEtY29ycmVpYS0zNS1zY2FsZWQuanBnIiwic2xpZGVzaG93IjoiMTFhOWU5NyJ9\">\n\t\t\t\t\t<div class=\"e-gallery-image elementor-gallery-item__image\" data-thumbnail=\"https:\/\/www.cm-benavente.pt\/wp-content\/uploads\/2025\/05\/fados-e-guitarradas-semana-taurina-samora-correia-35-1024x630.jpg\" data-width=\"800\" data-height=\"492\" aria-label=\"\" role=\"img\" ><\/div>\n\t\t\t\t\t\t\t\t\t\t\t<div class=\"elementor-gallery-item__overlay\"><\/div>\n\t\t\t\t\t\t\t\t\t\t\t\t\t\t<\/a>\n\t\t\t\t\t<\/div>\n\t\t\t\t\t<\/div>\n\t\t\t\t<\/div>\n\t\t\t\t\t<\/div>\n\t\t\t\t<\/div>\n\t\t\t\t<\/div>\n\t\t","protected":false},"excerpt":{"rendered":"<p>Integrado na Semana Taurina de Samora Correia que chegou ao fim no dia 30 de abril, realizou-se no Centro Cultural de Samora Correia o espet\u00e1culo \u201cFados e Guitarradas\u201d. Uma bel\u00edssima noite de fados, com poesia e fandango, a lembrar o bom Ribatejo.<\/p>\n","protected":false},"author":3,"featured_media":72556,"comment_status":"closed","ping_status":"closed","sticky":false,"template":"","format":"standard","meta":{"_vp_format_video_url":"","_vp_image_focal_point":[],"footnotes":""},"categories":[511,518],"tags":[800,1745,462,1561,27,1347],"class_list":["post-72555","post","type-post","status-publish","format-standard","has-post-thumbnail","hentry","category-cultura-noticias","category-municipio","tag-fado","tag-fandango","tag-guitarra","tag-poesia","tag-samora-correia","tag-semana-taurina"],"_links":{"self":[{"href":"https:\/\/www.cm-benavente.pt\/index.php\/wp-json\/wp\/v2\/posts\/72555","targetHints":{"allow":["GET"]}}],"collection":[{"href":"https:\/\/www.cm-benavente.pt\/index.php\/wp-json\/wp\/v2\/posts"}],"about":[{"href":"https:\/\/www.cm-benavente.pt\/index.php\/wp-json\/wp\/v2\/types\/post"}],"author":[{"embeddable":true,"href":"https:\/\/www.cm-benavente.pt\/index.php\/wp-json\/wp\/v2\/users\/3"}],"replies":[{"embeddable":true,"href":"https:\/\/www.cm-benavente.pt\/index.php\/wp-json\/wp\/v2\/comments?post=72555"}],"version-history":[{"count":7,"href":"https:\/\/www.cm-benavente.pt\/index.php\/wp-json\/wp\/v2\/posts\/72555\/revisions"}],"predecessor-version":[{"id":72642,"href":"https:\/\/www.cm-benavente.pt\/index.php\/wp-json\/wp\/v2\/posts\/72555\/revisions\/72642"}],"wp:featuredmedia":[{"embeddable":true,"href":"https:\/\/www.cm-benavente.pt\/index.php\/wp-json\/wp\/v2\/media\/72556"}],"wp:attachment":[{"href":"https:\/\/www.cm-benavente.pt\/index.php\/wp-json\/wp\/v2\/media?parent=72555"}],"wp:term":[{"taxonomy":"category","embeddable":true,"href":"https:\/\/www.cm-benavente.pt\/index.php\/wp-json\/wp\/v2\/categories?post=72555"},{"taxonomy":"post_tag","embeddable":true,"href":"https:\/\/www.cm-benavente.pt\/index.php\/wp-json\/wp\/v2\/tags?post=72555"}],"curies":[{"name":"wp","href":"https:\/\/api.w.org\/{rel}","templated":true}]}}