{"id":72318,"date":"2025-05-02T10:12:17","date_gmt":"2025-05-02T10:12:17","guid":{"rendered":"https:\/\/www.cm-benavente.pt\/?p=72318"},"modified":"2025-05-05T16:16:57","modified_gmt":"2025-05-05T16:16:57","slug":"uma-boa-caminhada-do-dia-mundial-da-atividade-fisica-na-mata-do-duque","status":"publish","type":"post","link":"https:\/\/www.cm-benavente.pt\/index.php\/2025\/05\/02\/uma-boa-caminhada-do-dia-mundial-da-atividade-fisica-na-mata-do-duque\/","title":{"rendered":"Uma boa caminhada do Dia Mundial da Atividade F\u00edsica, na Mata do Duque"},"content":{"rendered":"\t\t<div data-elementor-type=\"wp-post\" data-elementor-id=\"72318\" class=\"elementor elementor-72318\" data-elementor-post-type=\"post\">\n\t\t\t\t\n<div class=\"elementor-element elementor-element-be50eec e-flex e-con-boxed e-con e-parent\" data-id=\"be50eec\" data-element_type=\"container\" data-e-type=\"container\" data-settings=\"{&quot;tmea_shape_divider_top&quot;:&quot;none&quot;,&quot;tmea_shape_divider_bottom&quot;:&quot;none&quot;}\">\n\t\t\t\t\t<div class=\"e-con-inner\">\n\t\t\n\t\t<div class=\"elementor-element elementor-element-45a23c6 elementor-widget elementor-widget-text-editor\" data-id=\"45a23c6\" data-element_type=\"widget\" data-e-type=\"widget\" data-widget_type=\"text-editor.default\">\n\t\t\t\t<div class=\"elementor-widget-container\">\n\t\t\t\t\t\t\t\t\t<p>A <strong>Caminhada que<\/strong> celebrou o <strong>Dia Mundial da Atividade F\u00edsica<\/strong>, cumpriu-se na <strong>Mata do Duque (Santo Estev\u00e3o)<\/strong>, no Dia do Trabalhador. Recordamos que a iniciativa tinha sido adiada devido \u00e0s condi\u00e7\u00f5es climat\u00e9ricas pouco favor\u00e1veis da data inicialmente marcada, mas no dia 1 de maio foi poss\u00edvel caminhar com uma temperatura agrad\u00e1vel, num percurso muito bonito, em Santo Estev\u00e3o.<\/p><p>Pelos sorrisos nas imagens conclu\u00edmos que reinou a boa disposi\u00e7\u00e3o e que ningu\u00e9m desistiu.<\/p><p>A dinamiza\u00e7\u00e3o da Caminhada que celebrou o Dia Mundial da Atividade F\u00edsica foi do setor de desporto da C\u00e2mara Municipal de Benavente.<\/p><p><strong>Fotos:<\/strong> Paulo Seguro<\/p>\t\t\t\t\t\t\t\t<\/div>\n\t\t\t\t<\/div>\n\t\t\t\t<div class=\"elementor-element elementor-element-845e231 elementor-widget elementor-widget-gallery\" data-id=\"845e231\" data-element_type=\"widget\" data-e-type=\"widget\" data-settings=\"{&quot;columns&quot;:16,&quot;lazyload&quot;:&quot;yes&quot;,&quot;gallery_layout&quot;:&quot;grid&quot;,&quot;columns_tablet&quot;:2,&quot;columns_mobile&quot;:1,&quot;gap&quot;:{&quot;unit&quot;:&quot;px&quot;,&quot;size&quot;:10,&quot;sizes&quot;:[]},&quot;gap_widescreen&quot;:{&quot;unit&quot;:&quot;px&quot;,&quot;size&quot;:&quot;&quot;,&quot;sizes&quot;:[]},&quot;gap_laptop&quot;:{&quot;unit&quot;:&quot;px&quot;,&quot;size&quot;:10,&quot;sizes&quot;:[]},&quot;gap_tablet_extra&quot;:{&quot;unit&quot;:&quot;px&quot;,&quot;size&quot;:10,&quot;sizes&quot;:[]},&quot;gap_tablet&quot;:{&quot;unit&quot;:&quot;px&quot;,&quot;size&quot;:10,&quot;sizes&quot;:[]},&quot;gap_mobile_extra&quot;:{&quot;unit&quot;:&quot;px&quot;,&quot;size&quot;:10,&quot;sizes&quot;:[]},&quot;gap_mobile&quot;:{&quot;unit&quot;:&quot;px&quot;,&quot;size&quot;:10,&quot;sizes&quot;:[]},&quot;link_to&quot;:&quot;file&quot;,&quot;aspect_ratio&quot;:&quot;3:2&quot;,&quot;overlay_background&quot;:&quot;yes&quot;,&quot;content_hover_animation&quot;:&quot;fade-in&quot;}\" data-widget_type=\"gallery.default\">\n\t\t\t\t<div class=\"elementor-widget-container\">\n\t\t\t\t\t\t\t<div class=\"elementor-gallery__container\">\n\t\t\t\t\t\t\t<a class=\"e-gallery-item elementor-gallery-item elementor-animated-content\" href=\"https:\/\/www.cm-benavente.pt\/wp-content\/uploads\/2025\/05\/Caminhada-do-Dia-Mundial-da-Atividade-Fisica-2025-1.jpg\" data-elementor-open-lightbox=\"yes\" data-elementor-lightbox-slideshow=\"845e231\" data-elementor-lightbox-title=\"Caminhada do Dia Mundial da Atividade F\u00edsica 2025 (1)\" data-e-action-hash=\"#elementor-action%3Aaction%3Dlightbox%26settings%3DeyJpZCI6NzIzMjEsInVybCI6Imh0dHBzOlwvXC93d3cuY20tYmVuYXZlbnRlLnB0XC93cC1jb250ZW50XC91cGxvYWRzXC8yMDI1XC8wNVwvQ2FtaW5oYWRhLWRvLURpYS1NdW5kaWFsLWRhLUF0aXZpZGFkZS1GaXNpY2EtMjAyNS0xLmpwZyIsInNsaWRlc2hvdyI6Ijg0NWUyMzEifQ%3D%3D\">\n\t\t\t\t\t<div class=\"e-gallery-image elementor-gallery-item__image\" data-thumbnail=\"https:\/\/www.cm-benavente.pt\/wp-content\/uploads\/2025\/05\/Caminhada-do-Dia-Mundial-da-Atividade-Fisica-2025-1-1024x683.jpg\" data-width=\"800\" data-height=\"534\" aria-label=\"\" role=\"img\" ><\/div>\n\t\t\t\t\t\t\t\t\t\t\t<div class=\"elementor-gallery-item__overlay\"><\/div>\n\t\t\t\t\t\t\t\t\t\t\t\t\t\t<\/a>\n\t\t\t\t\t\t\t<a class=\"e-gallery-item elementor-gallery-item elementor-animated-content\" href=\"https:\/\/www.cm-benavente.pt\/wp-content\/uploads\/2025\/05\/Caminhada-do-Dia-Mundial-da-Atividade-Fisica-2025-2.jpg\" data-elementor-open-lightbox=\"yes\" data-elementor-lightbox-slideshow=\"845e231\" data-elementor-lightbox-title=\"Caminhada do Dia Mundial da Atividade F\u00edsica 2025 (2)\" data-e-action-hash=\"#elementor-action%3Aaction%3Dlightbox%26settings%3DeyJpZCI6NzIzMjIsInVybCI6Imh0dHBzOlwvXC93d3cuY20tYmVuYXZlbnRlLnB0XC93cC1jb250ZW50XC91cGxvYWRzXC8yMDI1XC8wNVwvQ2FtaW5oYWRhLWRvLURpYS1NdW5kaWFsLWRhLUF0aXZpZGFkZS1GaXNpY2EtMjAyNS0yLmpwZyIsInNsaWRlc2hvdyI6Ijg0NWUyMzEifQ%3D%3D\">\n\t\t\t\t\t<div class=\"e-gallery-image elementor-gallery-item__image\" data-thumbnail=\"https:\/\/www.cm-benavente.pt\/wp-content\/uploads\/2025\/05\/Caminhada-do-Dia-Mundial-da-Atividade-Fisica-2025-2-1024x683.jpg\" data-width=\"800\" data-height=\"534\" aria-label=\"\" role=\"img\" ><\/div>\n\t\t\t\t\t\t\t\t\t\t\t<div class=\"elementor-gallery-item__overlay\"><\/div>\n\t\t\t\t\t\t\t\t\t\t\t\t\t\t<\/a>\n\t\t\t\t\t\t\t<a class=\"e-gallery-item elementor-gallery-item elementor-animated-content\" href=\"https:\/\/www.cm-benavente.pt\/wp-content\/uploads\/2025\/05\/Caminhada-do-Dia-Mundial-da-Atividade-Fisica-2025-3.jpg\" data-elementor-open-lightbox=\"yes\" data-elementor-lightbox-slideshow=\"845e231\" data-elementor-lightbox-title=\"Caminhada do Dia Mundial da Atividade F\u00edsica 2025 (3)\" data-e-action-hash=\"#elementor-action%3Aaction%3Dlightbox%26settings%3DeyJpZCI6NzIzMjMsInVybCI6Imh0dHBzOlwvXC93d3cuY20tYmVuYXZlbnRlLnB0XC93cC1jb250ZW50XC91cGxvYWRzXC8yMDI1XC8wNVwvQ2FtaW5oYWRhLWRvLURpYS1NdW5kaWFsLWRhLUF0aXZpZGFkZS1GaXNpY2EtMjAyNS0zLmpwZyIsInNsaWRlc2hvdyI6Ijg0NWUyMzEifQ%3D%3D\">\n\t\t\t\t\t<div class=\"e-gallery-image elementor-gallery-item__image\" data-thumbnail=\"https:\/\/www.cm-benavente.pt\/wp-content\/uploads\/2025\/05\/Caminhada-do-Dia-Mundial-da-Atividade-Fisica-2025-3-1024x683.jpg\" data-width=\"800\" data-height=\"534\" aria-label=\"\" role=\"img\" ><\/div>\n\t\t\t\t\t\t\t\t\t\t\t<div class=\"elementor-gallery-item__overlay\"><\/div>\n\t\t\t\t\t\t\t\t\t\t\t\t\t\t<\/a>\n\t\t\t\t\t\t\t<a class=\"e-gallery-item elementor-gallery-item elementor-animated-content\" href=\"https:\/\/www.cm-benavente.pt\/wp-content\/uploads\/2025\/05\/Caminhada-do-Dia-Mundial-da-Atividade-Fisica-2025-4.jpg\" data-elementor-open-lightbox=\"yes\" data-elementor-lightbox-slideshow=\"845e231\" data-elementor-lightbox-title=\"Caminhada do Dia Mundial da Atividade F\u00edsica 2025 (4)\" data-e-action-hash=\"#elementor-action%3Aaction%3Dlightbox%26settings%3DeyJpZCI6NzIzMjQsInVybCI6Imh0dHBzOlwvXC93d3cuY20tYmVuYXZlbnRlLnB0XC93cC1jb250ZW50XC91cGxvYWRzXC8yMDI1XC8wNVwvQ2FtaW5oYWRhLWRvLURpYS1NdW5kaWFsLWRhLUF0aXZpZGFkZS1GaXNpY2EtMjAyNS00LmpwZyIsInNsaWRlc2hvdyI6Ijg0NWUyMzEifQ%3D%3D\">\n\t\t\t\t\t<div class=\"e-gallery-image elementor-gallery-item__image\" data-thumbnail=\"https:\/\/www.cm-benavente.pt\/wp-content\/uploads\/2025\/05\/Caminhada-do-Dia-Mundial-da-Atividade-Fisica-2025-4-1024x682.jpg\" data-width=\"800\" data-height=\"533\" aria-label=\"\" role=\"img\" ><\/div>\n\t\t\t\t\t\t\t\t\t\t\t<div class=\"elementor-gallery-item__overlay\"><\/div>\n\t\t\t\t\t\t\t\t\t\t\t\t\t\t<\/a>\n\t\t\t\t\t\t\t<a class=\"e-gallery-item elementor-gallery-item elementor-animated-content\" href=\"https:\/\/www.cm-benavente.pt\/wp-content\/uploads\/2025\/05\/Caminhada-do-Dia-Mundial-da-Atividade-Fisica-2025-5.jpg\" data-elementor-open-lightbox=\"yes\" data-elementor-lightbox-slideshow=\"845e231\" data-elementor-lightbox-title=\"Caminhada do Dia Mundial da Atividade F\u00edsica 2025 (5)\" data-e-action-hash=\"#elementor-action%3Aaction%3Dlightbox%26settings%3DeyJpZCI6NzIzMjUsInVybCI6Imh0dHBzOlwvXC93d3cuY20tYmVuYXZlbnRlLnB0XC93cC1jb250ZW50XC91cGxvYWRzXC8yMDI1XC8wNVwvQ2FtaW5oYWRhLWRvLURpYS1NdW5kaWFsLWRhLUF0aXZpZGFkZS1GaXNpY2EtMjAyNS01LmpwZyIsInNsaWRlc2hvdyI6Ijg0NWUyMzEifQ%3D%3D\">\n\t\t\t\t\t<div class=\"e-gallery-image elementor-gallery-item__image\" data-thumbnail=\"https:\/\/www.cm-benavente.pt\/wp-content\/uploads\/2025\/05\/Caminhada-do-Dia-Mundial-da-Atividade-Fisica-2025-5-1024x683.jpg\" data-width=\"800\" data-height=\"534\" aria-label=\"\" role=\"img\" ><\/div>\n\t\t\t\t\t\t\t\t\t\t\t<div class=\"elementor-gallery-item__overlay\"><\/div>\n\t\t\t\t\t\t\t\t\t\t\t\t\t\t<\/a>\n\t\t\t\t\t\t\t<a class=\"e-gallery-item elementor-gallery-item elementor-animated-content\" href=\"https:\/\/www.cm-benavente.pt\/wp-content\/uploads\/2025\/05\/Caminhada-do-Dia-Mundial-da-Atividade-Fisica-2025-6-scaled.jpg\" data-elementor-open-lightbox=\"yes\" data-elementor-lightbox-slideshow=\"845e231\" data-elementor-lightbox-title=\"Caminhada do Dia Mundial da Atividade F\u00edsica 2025 (6)\" data-e-action-hash=\"#elementor-action%3Aaction%3Dlightbox%26settings%3DeyJpZCI6NzIzMjYsInVybCI6Imh0dHBzOlwvXC93d3cuY20tYmVuYXZlbnRlLnB0XC93cC1jb250ZW50XC91cGxvYWRzXC8yMDI1XC8wNVwvQ2FtaW5oYWRhLWRvLURpYS1NdW5kaWFsLWRhLUF0aXZpZGFkZS1GaXNpY2EtMjAyNS02LXNjYWxlZC5qcGciLCJzbGlkZXNob3ciOiI4NDVlMjMxIn0%3D\">\n\t\t\t\t\t<div class=\"e-gallery-image elementor-gallery-item__image\" data-thumbnail=\"https:\/\/www.cm-benavente.pt\/wp-content\/uploads\/2025\/05\/Caminhada-do-Dia-Mundial-da-Atividade-Fisica-2025-6-1024x683.jpg\" data-width=\"800\" data-height=\"534\" aria-label=\"\" role=\"img\" ><\/div>\n\t\t\t\t\t\t\t\t\t\t\t<div class=\"elementor-gallery-item__overlay\"><\/div>\n\t\t\t\t\t\t\t\t\t\t\t\t\t\t<\/a>\n\t\t\t\t\t\t\t<a class=\"e-gallery-item elementor-gallery-item elementor-animated-content\" href=\"https:\/\/www.cm-benavente.pt\/wp-content\/uploads\/2025\/05\/Caminhada-do-Dia-Mundial-da-Atividade-Fisica-2025-7-scaled.jpg\" data-elementor-open-lightbox=\"yes\" data-elementor-lightbox-slideshow=\"845e231\" data-elementor-lightbox-title=\"Caminhada do Dia Mundial da Atividade F\u00edsica 2025 (7)\" data-e-action-hash=\"#elementor-action%3Aaction%3Dlightbox%26settings%3DeyJpZCI6NzIzMjcsInVybCI6Imh0dHBzOlwvXC93d3cuY20tYmVuYXZlbnRlLnB0XC93cC1jb250ZW50XC91cGxvYWRzXC8yMDI1XC8wNVwvQ2FtaW5oYWRhLWRvLURpYS1NdW5kaWFsLWRhLUF0aXZpZGFkZS1GaXNpY2EtMjAyNS03LXNjYWxlZC5qcGciLCJzbGlkZXNob3ciOiI4NDVlMjMxIn0%3D\">\n\t\t\t\t\t<div class=\"e-gallery-image elementor-gallery-item__image\" data-thumbnail=\"https:\/\/www.cm-benavente.pt\/wp-content\/uploads\/2025\/05\/Caminhada-do-Dia-Mundial-da-Atividade-Fisica-2025-7-1024x683.jpg\" data-width=\"800\" data-height=\"534\" aria-label=\"\" role=\"img\" ><\/div>\n\t\t\t\t\t\t\t\t\t\t\t<div class=\"elementor-gallery-item__overlay\"><\/div>\n\t\t\t\t\t\t\t\t\t\t\t\t\t\t<\/a>\n\t\t\t\t\t\t\t<a class=\"e-gallery-item elementor-gallery-item elementor-animated-content\" href=\"https:\/\/www.cm-benavente.pt\/wp-content\/uploads\/2025\/05\/Caminhada-do-Dia-Mundial-da-Atividade-Fisica-2025-8-scaled.jpg\" data-elementor-open-lightbox=\"yes\" data-elementor-lightbox-slideshow=\"845e231\" data-elementor-lightbox-title=\"Caminhada do Dia Mundial da Atividade F\u00edsica 2025 (8)\" data-e-action-hash=\"#elementor-action%3Aaction%3Dlightbox%26settings%3DeyJpZCI6NzIzMjgsInVybCI6Imh0dHBzOlwvXC93d3cuY20tYmVuYXZlbnRlLnB0XC93cC1jb250ZW50XC91cGxvYWRzXC8yMDI1XC8wNVwvQ2FtaW5oYWRhLWRvLURpYS1NdW5kaWFsLWRhLUF0aXZpZGFkZS1GaXNpY2EtMjAyNS04LXNjYWxlZC5qcGciLCJzbGlkZXNob3ciOiI4NDVlMjMxIn0%3D\">\n\t\t\t\t\t<div class=\"e-gallery-image elementor-gallery-item__image\" data-thumbnail=\"https:\/\/www.cm-benavente.pt\/wp-content\/uploads\/2025\/05\/Caminhada-do-Dia-Mundial-da-Atividade-Fisica-2025-8-1024x683.jpg\" data-width=\"800\" data-height=\"534\" aria-label=\"\" role=\"img\" ><\/div>\n\t\t\t\t\t\t\t\t\t\t\t<div class=\"elementor-gallery-item__overlay\"><\/div>\n\t\t\t\t\t\t\t\t\t\t\t\t\t\t<\/a>\n\t\t\t\t\t\t\t<a class=\"e-gallery-item elementor-gallery-item elementor-animated-content\" href=\"https:\/\/www.cm-benavente.pt\/wp-content\/uploads\/2025\/05\/Caminhada-do-Dia-Mundial-da-Atividade-Fisica-2025-9-scaled.jpg\" data-elementor-open-lightbox=\"yes\" data-elementor-lightbox-slideshow=\"845e231\" data-elementor-lightbox-title=\"Caminhada do Dia Mundial da Atividade F\u00edsica 2025 (9)\" data-e-action-hash=\"#elementor-action%3Aaction%3Dlightbox%26settings%3DeyJpZCI6NzIzMjksInVybCI6Imh0dHBzOlwvXC93d3cuY20tYmVuYXZlbnRlLnB0XC93cC1jb250ZW50XC91cGxvYWRzXC8yMDI1XC8wNVwvQ2FtaW5oYWRhLWRvLURpYS1NdW5kaWFsLWRhLUF0aXZpZGFkZS1GaXNpY2EtMjAyNS05LXNjYWxlZC5qcGciLCJzbGlkZXNob3ciOiI4NDVlMjMxIn0%3D\">\n\t\t\t\t\t<div class=\"e-gallery-image elementor-gallery-item__image\" data-thumbnail=\"https:\/\/www.cm-benavente.pt\/wp-content\/uploads\/2025\/05\/Caminhada-do-Dia-Mundial-da-Atividade-Fisica-2025-9-1024x683.jpg\" data-width=\"800\" data-height=\"534\" aria-label=\"\" role=\"img\" ><\/div>\n\t\t\t\t\t\t\t\t\t\t\t<div class=\"elementor-gallery-item__overlay\"><\/div>\n\t\t\t\t\t\t\t\t\t\t\t\t\t\t<\/a>\n\t\t\t\t\t\t\t<a class=\"e-gallery-item elementor-gallery-item elementor-animated-content\" href=\"https:\/\/www.cm-benavente.pt\/wp-content\/uploads\/2025\/05\/Caminhada-do-Dia-Mundial-da-Atividade-Fisica-2025-10-scaled.jpg\" data-elementor-open-lightbox=\"yes\" data-elementor-lightbox-slideshow=\"845e231\" data-elementor-lightbox-title=\"Caminhada do Dia Mundial da Atividade F\u00edsica 2025 (10)\" data-e-action-hash=\"#elementor-action%3Aaction%3Dlightbox%26settings%3DeyJpZCI6NzIzMzAsInVybCI6Imh0dHBzOlwvXC93d3cuY20tYmVuYXZlbnRlLnB0XC93cC1jb250ZW50XC91cGxvYWRzXC8yMDI1XC8wNVwvQ2FtaW5oYWRhLWRvLURpYS1NdW5kaWFsLWRhLUF0aXZpZGFkZS1GaXNpY2EtMjAyNS0xMC1zY2FsZWQuanBnIiwic2xpZGVzaG93IjoiODQ1ZTIzMSJ9\">\n\t\t\t\t\t<div class=\"e-gallery-image elementor-gallery-item__image\" data-thumbnail=\"https:\/\/www.cm-benavente.pt\/wp-content\/uploads\/2025\/05\/Caminhada-do-Dia-Mundial-da-Atividade-Fisica-2025-10-1024x683.jpg\" data-width=\"800\" data-height=\"534\" aria-label=\"\" role=\"img\" ><\/div>\n\t\t\t\t\t\t\t\t\t\t\t<div class=\"elementor-gallery-item__overlay\"><\/div>\n\t\t\t\t\t\t\t\t\t\t\t\t\t\t<\/a>\n\t\t\t\t\t\t\t<a class=\"e-gallery-item elementor-gallery-item elementor-animated-content\" href=\"https:\/\/www.cm-benavente.pt\/wp-content\/uploads\/2025\/05\/Caminhada-do-Dia-Mundial-da-Atividade-Fisica-2025-11.jpg\" data-elementor-open-lightbox=\"yes\" data-elementor-lightbox-slideshow=\"845e231\" data-elementor-lightbox-title=\"Caminhada do Dia Mundial da Atividade F\u00edsica 2025 (11)\" data-e-action-hash=\"#elementor-action%3Aaction%3Dlightbox%26settings%3DeyJpZCI6NzIzMzEsInVybCI6Imh0dHBzOlwvXC93d3cuY20tYmVuYXZlbnRlLnB0XC93cC1jb250ZW50XC91cGxvYWRzXC8yMDI1XC8wNVwvQ2FtaW5oYWRhLWRvLURpYS1NdW5kaWFsLWRhLUF0aXZpZGFkZS1GaXNpY2EtMjAyNS0xMS5qcGciLCJzbGlkZXNob3ciOiI4NDVlMjMxIn0%3D\">\n\t\t\t\t\t<div class=\"e-gallery-image elementor-gallery-item__image\" data-thumbnail=\"https:\/\/www.cm-benavente.pt\/wp-content\/uploads\/2025\/05\/Caminhada-do-Dia-Mundial-da-Atividade-Fisica-2025-11-1024x683.jpg\" data-width=\"800\" data-height=\"534\" aria-label=\"\" role=\"img\" ><\/div>\n\t\t\t\t\t\t\t\t\t\t\t<div class=\"elementor-gallery-item__overlay\"><\/div>\n\t\t\t\t\t\t\t\t\t\t\t\t\t\t<\/a>\n\t\t\t\t\t\t\t<a class=\"e-gallery-item elementor-gallery-item elementor-animated-content\" href=\"https:\/\/www.cm-benavente.pt\/wp-content\/uploads\/2025\/05\/Caminhada-do-Dia-Mundial-da-Atividade-Fisica-2025-12-scaled.jpg\" data-elementor-open-lightbox=\"yes\" data-elementor-lightbox-slideshow=\"845e231\" data-elementor-lightbox-title=\"Caminhada do Dia Mundial da Atividade F\u00edsica 2025 (12)\" data-e-action-hash=\"#elementor-action%3Aaction%3Dlightbox%26settings%3DeyJpZCI6NzIzMzIsInVybCI6Imh0dHBzOlwvXC93d3cuY20tYmVuYXZlbnRlLnB0XC93cC1jb250ZW50XC91cGxvYWRzXC8yMDI1XC8wNVwvQ2FtaW5oYWRhLWRvLURpYS1NdW5kaWFsLWRhLUF0aXZpZGFkZS1GaXNpY2EtMjAyNS0xMi1zY2FsZWQuanBnIiwic2xpZGVzaG93IjoiODQ1ZTIzMSJ9\">\n\t\t\t\t\t<div class=\"e-gallery-image elementor-gallery-item__image\" data-thumbnail=\"https:\/\/www.cm-benavente.pt\/wp-content\/uploads\/2025\/05\/Caminhada-do-Dia-Mundial-da-Atividade-Fisica-2025-12-1024x683.jpg\" data-width=\"800\" data-height=\"534\" aria-label=\"\" role=\"img\" ><\/div>\n\t\t\t\t\t\t\t\t\t\t\t<div class=\"elementor-gallery-item__overlay\"><\/div>\n\t\t\t\t\t\t\t\t\t\t\t\t\t\t<\/a>\n\t\t\t\t\t\t\t<a class=\"e-gallery-item elementor-gallery-item elementor-animated-content\" href=\"https:\/\/www.cm-benavente.pt\/wp-content\/uploads\/2025\/05\/Caminhada-do-Dia-Mundial-da-Atividade-Fisica-2025-13.jpg\" data-elementor-open-lightbox=\"yes\" data-elementor-lightbox-slideshow=\"845e231\" data-elementor-lightbox-title=\"Caminhada do Dia Mundial da Atividade F\u00edsica 2025 (13)\" data-e-action-hash=\"#elementor-action%3Aaction%3Dlightbox%26settings%3DeyJpZCI6NzIzMzMsInVybCI6Imh0dHBzOlwvXC93d3cuY20tYmVuYXZlbnRlLnB0XC93cC1jb250ZW50XC91cGxvYWRzXC8yMDI1XC8wNVwvQ2FtaW5oYWRhLWRvLURpYS1NdW5kaWFsLWRhLUF0aXZpZGFkZS1GaXNpY2EtMjAyNS0xMy5qcGciLCJzbGlkZXNob3ciOiI4NDVlMjMxIn0%3D\">\n\t\t\t\t\t<div class=\"e-gallery-image elementor-gallery-item__image\" data-thumbnail=\"https:\/\/www.cm-benavente.pt\/wp-content\/uploads\/2025\/05\/Caminhada-do-Dia-Mundial-da-Atividade-Fisica-2025-13-1024x682.jpg\" data-width=\"800\" data-height=\"533\" aria-label=\"\" role=\"img\" ><\/div>\n\t\t\t\t\t\t\t\t\t\t\t<div class=\"elementor-gallery-item__overlay\"><\/div>\n\t\t\t\t\t\t\t\t\t\t\t\t\t\t<\/a>\n\t\t\t\t\t\t\t<a class=\"e-gallery-item elementor-gallery-item elementor-animated-content\" href=\"https:\/\/www.cm-benavente.pt\/wp-content\/uploads\/2025\/05\/Caminhada-do-Dia-Mundial-da-Atividade-Fisica-2025-14.jpg\" data-elementor-open-lightbox=\"yes\" data-elementor-lightbox-slideshow=\"845e231\" data-elementor-lightbox-title=\"Caminhada do Dia Mundial da Atividade F\u00edsica 2025 (14)\" data-e-action-hash=\"#elementor-action%3Aaction%3Dlightbox%26settings%3DeyJpZCI6NzIzMzQsInVybCI6Imh0dHBzOlwvXC93d3cuY20tYmVuYXZlbnRlLnB0XC93cC1jb250ZW50XC91cGxvYWRzXC8yMDI1XC8wNVwvQ2FtaW5oYWRhLWRvLURpYS1NdW5kaWFsLWRhLUF0aXZpZGFkZS1GaXNpY2EtMjAyNS0xNC5qcGciLCJzbGlkZXNob3ciOiI4NDVlMjMxIn0%3D\">\n\t\t\t\t\t<div class=\"e-gallery-image elementor-gallery-item__image\" data-thumbnail=\"https:\/\/www.cm-benavente.pt\/wp-content\/uploads\/2025\/05\/Caminhada-do-Dia-Mundial-da-Atividade-Fisica-2025-14-1024x683.jpg\" data-width=\"800\" data-height=\"534\" aria-label=\"\" role=\"img\" ><\/div>\n\t\t\t\t\t\t\t\t\t\t\t<div class=\"elementor-gallery-item__overlay\"><\/div>\n\t\t\t\t\t\t\t\t\t\t\t\t\t\t<\/a>\n\t\t\t\t\t\t\t<a class=\"e-gallery-item elementor-gallery-item elementor-animated-content\" href=\"https:\/\/www.cm-benavente.pt\/wp-content\/uploads\/2025\/05\/Caminhada-do-Dia-Mundial-da-Atividade-Fisica-2025-15.jpg\" data-elementor-open-lightbox=\"yes\" data-elementor-lightbox-slideshow=\"845e231\" data-elementor-lightbox-title=\"Caminhada do Dia Mundial da Atividade F\u00edsica 2025 (15)\" data-e-action-hash=\"#elementor-action%3Aaction%3Dlightbox%26settings%3DeyJpZCI6NzIzMzUsInVybCI6Imh0dHBzOlwvXC93d3cuY20tYmVuYXZlbnRlLnB0XC93cC1jb250ZW50XC91cGxvYWRzXC8yMDI1XC8wNVwvQ2FtaW5oYWRhLWRvLURpYS1NdW5kaWFsLWRhLUF0aXZpZGFkZS1GaXNpY2EtMjAyNS0xNS5qcGciLCJzbGlkZXNob3ciOiI4NDVlMjMxIn0%3D\">\n\t\t\t\t\t<div class=\"e-gallery-image elementor-gallery-item__image\" data-thumbnail=\"https:\/\/www.cm-benavente.pt\/wp-content\/uploads\/2025\/05\/Caminhada-do-Dia-Mundial-da-Atividade-Fisica-2025-15-1024x683.jpg\" data-width=\"800\" data-height=\"534\" aria-label=\"\" role=\"img\" ><\/div>\n\t\t\t\t\t\t\t\t\t\t\t<div class=\"elementor-gallery-item__overlay\"><\/div>\n\t\t\t\t\t\t\t\t\t\t\t\t\t\t<\/a>\n\t\t\t\t\t\t\t<a class=\"e-gallery-item elementor-gallery-item elementor-animated-content\" href=\"https:\/\/www.cm-benavente.pt\/wp-content\/uploads\/2025\/05\/Caminhada-do-Dia-Mundial-da-Atividade-Fisica-2025-16.jpg\" data-elementor-open-lightbox=\"yes\" data-elementor-lightbox-slideshow=\"845e231\" data-elementor-lightbox-title=\"Caminhada do Dia Mundial da Atividade F\u00edsica 2025 (16)\" data-e-action-hash=\"#elementor-action%3Aaction%3Dlightbox%26settings%3DeyJpZCI6NzIzMzYsInVybCI6Imh0dHBzOlwvXC93d3cuY20tYmVuYXZlbnRlLnB0XC93cC1jb250ZW50XC91cGxvYWRzXC8yMDI1XC8wNVwvQ2FtaW5oYWRhLWRvLURpYS1NdW5kaWFsLWRhLUF0aXZpZGFkZS1GaXNpY2EtMjAyNS0xNi5qcGciLCJzbGlkZXNob3ciOiI4NDVlMjMxIn0%3D\">\n\t\t\t\t\t<div class=\"e-gallery-image elementor-gallery-item__image\" data-thumbnail=\"https:\/\/www.cm-benavente.pt\/wp-content\/uploads\/2025\/05\/Caminhada-do-Dia-Mundial-da-Atividade-Fisica-2025-16-1024x683.jpg\" data-width=\"800\" data-height=\"534\" aria-label=\"\" role=\"img\" ><\/div>\n\t\t\t\t\t\t\t\t\t\t\t<div class=\"elementor-gallery-item__overlay\"><\/div>\n\t\t\t\t\t\t\t\t\t\t\t\t\t\t<\/a>\n\t\t\t\t\t\t\t<a class=\"e-gallery-item elementor-gallery-item elementor-animated-content\" href=\"https:\/\/www.cm-benavente.pt\/wp-content\/uploads\/2025\/05\/Caminhada-do-Dia-Mundial-da-Atividade-Fisica-2025-17.jpg\" data-elementor-open-lightbox=\"yes\" data-elementor-lightbox-slideshow=\"845e231\" data-elementor-lightbox-title=\"Caminhada do Dia Mundial da Atividade F\u00edsica 2025 (17)\" data-e-action-hash=\"#elementor-action%3Aaction%3Dlightbox%26settings%3DeyJpZCI6NzIzMzcsInVybCI6Imh0dHBzOlwvXC93d3cuY20tYmVuYXZlbnRlLnB0XC93cC1jb250ZW50XC91cGxvYWRzXC8yMDI1XC8wNVwvQ2FtaW5oYWRhLWRvLURpYS1NdW5kaWFsLWRhLUF0aXZpZGFkZS1GaXNpY2EtMjAyNS0xNy5qcGciLCJzbGlkZXNob3ciOiI4NDVlMjMxIn0%3D\">\n\t\t\t\t\t<div class=\"e-gallery-image elementor-gallery-item__image\" data-thumbnail=\"https:\/\/www.cm-benavente.pt\/wp-content\/uploads\/2025\/05\/Caminhada-do-Dia-Mundial-da-Atividade-Fisica-2025-17-1024x682.jpg\" data-width=\"800\" data-height=\"533\" aria-label=\"\" role=\"img\" ><\/div>\n\t\t\t\t\t\t\t\t\t\t\t<div class=\"elementor-gallery-item__overlay\"><\/div>\n\t\t\t\t\t\t\t\t\t\t\t\t\t\t<\/a>\n\t\t\t\t\t\t\t<a class=\"e-gallery-item elementor-gallery-item elementor-animated-content\" href=\"https:\/\/www.cm-benavente.pt\/wp-content\/uploads\/2025\/05\/Caminhada-do-Dia-Mundial-da-Atividade-Fisica-2025-18-scaled.jpg\" data-elementor-open-lightbox=\"yes\" data-elementor-lightbox-slideshow=\"845e231\" data-elementor-lightbox-title=\"Caminhada do Dia Mundial da Atividade F\u00edsica 2025 (18)\" data-e-action-hash=\"#elementor-action%3Aaction%3Dlightbox%26settings%3DeyJpZCI6NzIzMzgsInVybCI6Imh0dHBzOlwvXC93d3cuY20tYmVuYXZlbnRlLnB0XC93cC1jb250ZW50XC91cGxvYWRzXC8yMDI1XC8wNVwvQ2FtaW5oYWRhLWRvLURpYS1NdW5kaWFsLWRhLUF0aXZpZGFkZS1GaXNpY2EtMjAyNS0xOC1zY2FsZWQuanBnIiwic2xpZGVzaG93IjoiODQ1ZTIzMSJ9\">\n\t\t\t\t\t<div class=\"e-gallery-image elementor-gallery-item__image\" data-thumbnail=\"https:\/\/www.cm-benavente.pt\/wp-content\/uploads\/2025\/05\/Caminhada-do-Dia-Mundial-da-Atividade-Fisica-2025-18-1024x683.jpg\" data-width=\"800\" data-height=\"534\" aria-label=\"\" role=\"img\" ><\/div>\n\t\t\t\t\t\t\t\t\t\t\t<div class=\"elementor-gallery-item__overlay\"><\/div>\n\t\t\t\t\t\t\t\t\t\t\t\t\t\t<\/a>\n\t\t\t\t\t\t\t<a class=\"e-gallery-item elementor-gallery-item elementor-animated-content\" href=\"https:\/\/www.cm-benavente.pt\/wp-content\/uploads\/2025\/05\/Caminhada-do-Dia-Mundial-da-Atividade-Fisica-2025-19.jpg\" data-elementor-open-lightbox=\"yes\" data-elementor-lightbox-slideshow=\"845e231\" data-elementor-lightbox-title=\"Caminhada do Dia Mundial da Atividade F\u00edsica 2025 (19)\" data-e-action-hash=\"#elementor-action%3Aaction%3Dlightbox%26settings%3DeyJpZCI6NzIzMzksInVybCI6Imh0dHBzOlwvXC93d3cuY20tYmVuYXZlbnRlLnB0XC93cC1jb250ZW50XC91cGxvYWRzXC8yMDI1XC8wNVwvQ2FtaW5oYWRhLWRvLURpYS1NdW5kaWFsLWRhLUF0aXZpZGFkZS1GaXNpY2EtMjAyNS0xOS5qcGciLCJzbGlkZXNob3ciOiI4NDVlMjMxIn0%3D\">\n\t\t\t\t\t<div class=\"e-gallery-image elementor-gallery-item__image\" data-thumbnail=\"https:\/\/www.cm-benavente.pt\/wp-content\/uploads\/2025\/05\/Caminhada-do-Dia-Mundial-da-Atividade-Fisica-2025-19-1024x683.jpg\" data-width=\"800\" data-height=\"534\" aria-label=\"\" role=\"img\" ><\/div>\n\t\t\t\t\t\t\t\t\t\t\t<div class=\"elementor-gallery-item__overlay\"><\/div>\n\t\t\t\t\t\t\t\t\t\t\t\t\t\t<\/a>\n\t\t\t\t\t\t\t<a class=\"e-gallery-item elementor-gallery-item elementor-animated-content\" href=\"https:\/\/www.cm-benavente.pt\/wp-content\/uploads\/2025\/05\/Caminhada-do-Dia-Mundial-da-Atividade-Fisica-2025-20-scaled.jpg\" data-elementor-open-lightbox=\"yes\" data-elementor-lightbox-slideshow=\"845e231\" data-elementor-lightbox-title=\"Caminhada do Dia Mundial da Atividade F\u00edsica 2025 (20)\" data-e-action-hash=\"#elementor-action%3Aaction%3Dlightbox%26settings%3DeyJpZCI6NzIzNDAsInVybCI6Imh0dHBzOlwvXC93d3cuY20tYmVuYXZlbnRlLnB0XC93cC1jb250ZW50XC91cGxvYWRzXC8yMDI1XC8wNVwvQ2FtaW5oYWRhLWRvLURpYS1NdW5kaWFsLWRhLUF0aXZpZGFkZS1GaXNpY2EtMjAyNS0yMC1zY2FsZWQuanBnIiwic2xpZGVzaG93IjoiODQ1ZTIzMSJ9\">\n\t\t\t\t\t<div class=\"e-gallery-image elementor-gallery-item__image\" data-thumbnail=\"https:\/\/www.cm-benavente.pt\/wp-content\/uploads\/2025\/05\/Caminhada-do-Dia-Mundial-da-Atividade-Fisica-2025-20-1024x683.jpg\" data-width=\"800\" data-height=\"534\" aria-label=\"\" role=\"img\" ><\/div>\n\t\t\t\t\t\t\t\t\t\t\t<div class=\"elementor-gallery-item__overlay\"><\/div>\n\t\t\t\t\t\t\t\t\t\t\t\t\t\t<\/a>\n\t\t\t\t\t\t\t<a class=\"e-gallery-item elementor-gallery-item elementor-animated-content\" href=\"https:\/\/www.cm-benavente.pt\/wp-content\/uploads\/2025\/05\/Caminhada-do-Dia-Mundial-da-Atividade-Fisica-2025-21-scaled.jpg\" data-elementor-open-lightbox=\"yes\" data-elementor-lightbox-slideshow=\"845e231\" data-elementor-lightbox-title=\"Caminhada do Dia Mundial da Atividade F\u00edsica 2025 (21)\" data-e-action-hash=\"#elementor-action%3Aaction%3Dlightbox%26settings%3DeyJpZCI6NzIzNDEsInVybCI6Imh0dHBzOlwvXC93d3cuY20tYmVuYXZlbnRlLnB0XC93cC1jb250ZW50XC91cGxvYWRzXC8yMDI1XC8wNVwvQ2FtaW5oYWRhLWRvLURpYS1NdW5kaWFsLWRhLUF0aXZpZGFkZS1GaXNpY2EtMjAyNS0yMS1zY2FsZWQuanBnIiwic2xpZGVzaG93IjoiODQ1ZTIzMSJ9\">\n\t\t\t\t\t<div class=\"e-gallery-image elementor-gallery-item__image\" data-thumbnail=\"https:\/\/www.cm-benavente.pt\/wp-content\/uploads\/2025\/05\/Caminhada-do-Dia-Mundial-da-Atividade-Fisica-2025-21-1024x683.jpg\" data-width=\"800\" data-height=\"534\" aria-label=\"\" role=\"img\" ><\/div>\n\t\t\t\t\t\t\t\t\t\t\t<div class=\"elementor-gallery-item__overlay\"><\/div>\n\t\t\t\t\t\t\t\t\t\t\t\t\t\t<\/a>\n\t\t\t\t\t\t\t<a class=\"e-gallery-item elementor-gallery-item elementor-animated-content\" href=\"https:\/\/www.cm-benavente.pt\/wp-content\/uploads\/2025\/05\/Caminhada-do-Dia-Mundial-da-Atividade-Fisica-2025-22-scaled.jpg\" data-elementor-open-lightbox=\"yes\" data-elementor-lightbox-slideshow=\"845e231\" data-elementor-lightbox-title=\"Caminhada do Dia Mundial da Atividade F\u00edsica 2025 (22)\" data-e-action-hash=\"#elementor-action%3Aaction%3Dlightbox%26settings%3DeyJpZCI6NzIzNDIsInVybCI6Imh0dHBzOlwvXC93d3cuY20tYmVuYXZlbnRlLnB0XC93cC1jb250ZW50XC91cGxvYWRzXC8yMDI1XC8wNVwvQ2FtaW5oYWRhLWRvLURpYS1NdW5kaWFsLWRhLUF0aXZpZGFkZS1GaXNpY2EtMjAyNS0yMi1zY2FsZWQuanBnIiwic2xpZGVzaG93IjoiODQ1ZTIzMSJ9\">\n\t\t\t\t\t<div class=\"e-gallery-image elementor-gallery-item__image\" data-thumbnail=\"https:\/\/www.cm-benavente.pt\/wp-content\/uploads\/2025\/05\/Caminhada-do-Dia-Mundial-da-Atividade-Fisica-2025-22-1024x683.jpg\" data-width=\"800\" data-height=\"534\" aria-label=\"\" role=\"img\" ><\/div>\n\t\t\t\t\t\t\t\t\t\t\t<div class=\"elementor-gallery-item__overlay\"><\/div>\n\t\t\t\t\t\t\t\t\t\t\t\t\t\t<\/a>\n\t\t\t\t\t\t\t<a class=\"e-gallery-item elementor-gallery-item elementor-animated-content\" href=\"https:\/\/www.cm-benavente.pt\/wp-content\/uploads\/2025\/05\/Caminhada-do-Dia-Mundial-da-Atividade-Fisica-2025-23-scaled.jpg\" data-elementor-open-lightbox=\"yes\" data-elementor-lightbox-slideshow=\"845e231\" data-elementor-lightbox-title=\"Caminhada do Dia Mundial da Atividade F\u00edsica 2025 (23)\" data-e-action-hash=\"#elementor-action%3Aaction%3Dlightbox%26settings%3DeyJpZCI6NzIzNDMsInVybCI6Imh0dHBzOlwvXC93d3cuY20tYmVuYXZlbnRlLnB0XC93cC1jb250ZW50XC91cGxvYWRzXC8yMDI1XC8wNVwvQ2FtaW5oYWRhLWRvLURpYS1NdW5kaWFsLWRhLUF0aXZpZGFkZS1GaXNpY2EtMjAyNS0yMy1zY2FsZWQuanBnIiwic2xpZGVzaG93IjoiODQ1ZTIzMSJ9\">\n\t\t\t\t\t<div class=\"e-gallery-image elementor-gallery-item__image\" data-thumbnail=\"https:\/\/www.cm-benavente.pt\/wp-content\/uploads\/2025\/05\/Caminhada-do-Dia-Mundial-da-Atividade-Fisica-2025-23-1024x683.jpg\" data-width=\"800\" data-height=\"534\" aria-label=\"\" role=\"img\" ><\/div>\n\t\t\t\t\t\t\t\t\t\t\t<div class=\"elementor-gallery-item__overlay\"><\/div>\n\t\t\t\t\t\t\t\t\t\t\t\t\t\t<\/a>\n\t\t\t\t\t\t\t<a class=\"e-gallery-item elementor-gallery-item elementor-animated-content\" href=\"https:\/\/www.cm-benavente.pt\/wp-content\/uploads\/2025\/05\/Caminhada-do-Dia-Mundial-da-Atividade-Fisica-2025-24.jpg\" data-elementor-open-lightbox=\"yes\" data-elementor-lightbox-slideshow=\"845e231\" data-elementor-lightbox-title=\"Caminhada do Dia Mundial da Atividade F\u00edsica 2025 (24)\" data-e-action-hash=\"#elementor-action%3Aaction%3Dlightbox%26settings%3DeyJpZCI6NzIzNDQsInVybCI6Imh0dHBzOlwvXC93d3cuY20tYmVuYXZlbnRlLnB0XC93cC1jb250ZW50XC91cGxvYWRzXC8yMDI1XC8wNVwvQ2FtaW5oYWRhLWRvLURpYS1NdW5kaWFsLWRhLUF0aXZpZGFkZS1GaXNpY2EtMjAyNS0yNC5qcGciLCJzbGlkZXNob3ciOiI4NDVlMjMxIn0%3D\">\n\t\t\t\t\t<div class=\"e-gallery-image elementor-gallery-item__image\" data-thumbnail=\"https:\/\/www.cm-benavente.pt\/wp-content\/uploads\/2025\/05\/Caminhada-do-Dia-Mundial-da-Atividade-Fisica-2025-24-1024x683.jpg\" data-width=\"800\" data-height=\"534\" aria-label=\"\" role=\"img\" ><\/div>\n\t\t\t\t\t\t\t\t\t\t\t<div class=\"elementor-gallery-item__overlay\"><\/div>\n\t\t\t\t\t\t\t\t\t\t\t\t\t\t<\/a>\n\t\t\t\t\t\t\t<a class=\"e-gallery-item elementor-gallery-item elementor-animated-content\" href=\"https:\/\/www.cm-benavente.pt\/wp-content\/uploads\/2025\/05\/Caminhada-do-Dia-Mundial-da-Atividade-Fisica-2025-25-scaled.jpg\" data-elementor-open-lightbox=\"yes\" data-elementor-lightbox-slideshow=\"845e231\" data-elementor-lightbox-title=\"Caminhada do Dia Mundial da Atividade F\u00edsica 2025 (25)\" data-e-action-hash=\"#elementor-action%3Aaction%3Dlightbox%26settings%3DeyJpZCI6NzIzNDUsInVybCI6Imh0dHBzOlwvXC93d3cuY20tYmVuYXZlbnRlLnB0XC93cC1jb250ZW50XC91cGxvYWRzXC8yMDI1XC8wNVwvQ2FtaW5oYWRhLWRvLURpYS1NdW5kaWFsLWRhLUF0aXZpZGFkZS1GaXNpY2EtMjAyNS0yNS1zY2FsZWQuanBnIiwic2xpZGVzaG93IjoiODQ1ZTIzMSJ9\">\n\t\t\t\t\t<div class=\"e-gallery-image elementor-gallery-item__image\" data-thumbnail=\"https:\/\/www.cm-benavente.pt\/wp-content\/uploads\/2025\/05\/Caminhada-do-Dia-Mundial-da-Atividade-Fisica-2025-25-1024x683.jpg\" data-width=\"800\" data-height=\"534\" aria-label=\"\" role=\"img\" ><\/div>\n\t\t\t\t\t\t\t\t\t\t\t<div class=\"elementor-gallery-item__overlay\"><\/div>\n\t\t\t\t\t\t\t\t\t\t\t\t\t\t<\/a>\n\t\t\t\t\t\t\t<a class=\"e-gallery-item elementor-gallery-item elementor-animated-content\" href=\"https:\/\/www.cm-benavente.pt\/wp-content\/uploads\/2025\/05\/Caminhada-do-Dia-Mundial-da-Atividade-Fisica-2025-26-scaled.jpg\" data-elementor-open-lightbox=\"yes\" data-elementor-lightbox-slideshow=\"845e231\" data-elementor-lightbox-title=\"Caminhada do Dia Mundial da Atividade F\u00edsica 2025 (26)\" data-e-action-hash=\"#elementor-action%3Aaction%3Dlightbox%26settings%3DeyJpZCI6NzIzNDYsInVybCI6Imh0dHBzOlwvXC93d3cuY20tYmVuYXZlbnRlLnB0XC93cC1jb250ZW50XC91cGxvYWRzXC8yMDI1XC8wNVwvQ2FtaW5oYWRhLWRvLURpYS1NdW5kaWFsLWRhLUF0aXZpZGFkZS1GaXNpY2EtMjAyNS0yNi1zY2FsZWQuanBnIiwic2xpZGVzaG93IjoiODQ1ZTIzMSJ9\">\n\t\t\t\t\t<div class=\"e-gallery-image elementor-gallery-item__image\" data-thumbnail=\"https:\/\/www.cm-benavente.pt\/wp-content\/uploads\/2025\/05\/Caminhada-do-Dia-Mundial-da-Atividade-Fisica-2025-26-1024x683.jpg\" data-width=\"800\" data-height=\"534\" aria-label=\"\" role=\"img\" ><\/div>\n\t\t\t\t\t\t\t\t\t\t\t<div class=\"elementor-gallery-item__overlay\"><\/div>\n\t\t\t\t\t\t\t\t\t\t\t\t\t\t<\/a>\n\t\t\t\t\t\t\t<a class=\"e-gallery-item elementor-gallery-item elementor-animated-content\" href=\"https:\/\/www.cm-benavente.pt\/wp-content\/uploads\/2025\/05\/Caminhada-do-Dia-Mundial-da-Atividade-Fisica-2025-27-scaled.jpg\" data-elementor-open-lightbox=\"yes\" data-elementor-lightbox-slideshow=\"845e231\" data-elementor-lightbox-title=\"Caminhada do Dia Mundial da Atividade F\u00edsica 2025 (27)\" data-e-action-hash=\"#elementor-action%3Aaction%3Dlightbox%26settings%3DeyJpZCI6NzIzNDcsInVybCI6Imh0dHBzOlwvXC93d3cuY20tYmVuYXZlbnRlLnB0XC93cC1jb250ZW50XC91cGxvYWRzXC8yMDI1XC8wNVwvQ2FtaW5oYWRhLWRvLURpYS1NdW5kaWFsLWRhLUF0aXZpZGFkZS1GaXNpY2EtMjAyNS0yNy1zY2FsZWQuanBnIiwic2xpZGVzaG93IjoiODQ1ZTIzMSJ9\">\n\t\t\t\t\t<div class=\"e-gallery-image elementor-gallery-item__image\" data-thumbnail=\"https:\/\/www.cm-benavente.pt\/wp-content\/uploads\/2025\/05\/Caminhada-do-Dia-Mundial-da-Atividade-Fisica-2025-27-1024x683.jpg\" data-width=\"800\" data-height=\"534\" aria-label=\"\" role=\"img\" ><\/div>\n\t\t\t\t\t\t\t\t\t\t\t<div class=\"elementor-gallery-item__overlay\"><\/div>\n\t\t\t\t\t\t\t\t\t\t\t\t\t\t<\/a>\n\t\t\t\t\t\t\t<a class=\"e-gallery-item elementor-gallery-item elementor-animated-content\" href=\"https:\/\/www.cm-benavente.pt\/wp-content\/uploads\/2025\/05\/Caminhada-do-Dia-Mundial-da-Atividade-Fisica-2025-28-scaled.jpg\" data-elementor-open-lightbox=\"yes\" data-elementor-lightbox-slideshow=\"845e231\" data-elementor-lightbox-title=\"Caminhada do Dia Mundial da Atividade F\u00edsica 2025 (28)\" data-e-action-hash=\"#elementor-action%3Aaction%3Dlightbox%26settings%3DeyJpZCI6NzIzNDgsInVybCI6Imh0dHBzOlwvXC93d3cuY20tYmVuYXZlbnRlLnB0XC93cC1jb250ZW50XC91cGxvYWRzXC8yMDI1XC8wNVwvQ2FtaW5oYWRhLWRvLURpYS1NdW5kaWFsLWRhLUF0aXZpZGFkZS1GaXNpY2EtMjAyNS0yOC1zY2FsZWQuanBnIiwic2xpZGVzaG93IjoiODQ1ZTIzMSJ9\">\n\t\t\t\t\t<div class=\"e-gallery-image elementor-gallery-item__image\" data-thumbnail=\"https:\/\/www.cm-benavente.pt\/wp-content\/uploads\/2025\/05\/Caminhada-do-Dia-Mundial-da-Atividade-Fisica-2025-28-1024x683.jpg\" data-width=\"800\" data-height=\"534\" aria-label=\"\" role=\"img\" ><\/div>\n\t\t\t\t\t\t\t\t\t\t\t<div class=\"elementor-gallery-item__overlay\"><\/div>\n\t\t\t\t\t\t\t\t\t\t\t\t\t\t<\/a>\n\t\t\t\t\t\t\t<a class=\"e-gallery-item elementor-gallery-item elementor-animated-content\" href=\"https:\/\/www.cm-benavente.pt\/wp-content\/uploads\/2025\/05\/Caminhada-do-Dia-Mundial-da-Atividade-Fisica-2025-29.jpg\" data-elementor-open-lightbox=\"yes\" data-elementor-lightbox-slideshow=\"845e231\" data-elementor-lightbox-title=\"Caminhada do Dia Mundial da Atividade F\u00edsica 2025 (29)\" data-e-action-hash=\"#elementor-action%3Aaction%3Dlightbox%26settings%3DeyJpZCI6NzIzNDksInVybCI6Imh0dHBzOlwvXC93d3cuY20tYmVuYXZlbnRlLnB0XC93cC1jb250ZW50XC91cGxvYWRzXC8yMDI1XC8wNVwvQ2FtaW5oYWRhLWRvLURpYS1NdW5kaWFsLWRhLUF0aXZpZGFkZS1GaXNpY2EtMjAyNS0yOS5qcGciLCJzbGlkZXNob3ciOiI4NDVlMjMxIn0%3D\">\n\t\t\t\t\t<div class=\"e-gallery-image elementor-gallery-item__image\" data-thumbnail=\"https:\/\/www.cm-benavente.pt\/wp-content\/uploads\/2025\/05\/Caminhada-do-Dia-Mundial-da-Atividade-Fisica-2025-29-1024x683.jpg\" data-width=\"800\" data-height=\"534\" aria-label=\"\" role=\"img\" ><\/div>\n\t\t\t\t\t\t\t\t\t\t\t<div class=\"elementor-gallery-item__overlay\"><\/div>\n\t\t\t\t\t\t\t\t\t\t\t\t\t\t<\/a>\n\t\t\t\t\t\t\t<a class=\"e-gallery-item elementor-gallery-item elementor-animated-content\" href=\"https:\/\/www.cm-benavente.pt\/wp-content\/uploads\/2025\/05\/Caminhada-do-Dia-Mundial-da-Atividade-Fisica-2025-30-scaled.jpg\" data-elementor-open-lightbox=\"yes\" data-elementor-lightbox-slideshow=\"845e231\" data-elementor-lightbox-title=\"Caminhada do Dia Mundial da Atividade F\u00edsica 2025 (30)\" data-e-action-hash=\"#elementor-action%3Aaction%3Dlightbox%26settings%3DeyJpZCI6NzIzNTAsInVybCI6Imh0dHBzOlwvXC93d3cuY20tYmVuYXZlbnRlLnB0XC93cC1jb250ZW50XC91cGxvYWRzXC8yMDI1XC8wNVwvQ2FtaW5oYWRhLWRvLURpYS1NdW5kaWFsLWRhLUF0aXZpZGFkZS1GaXNpY2EtMjAyNS0zMC1zY2FsZWQuanBnIiwic2xpZGVzaG93IjoiODQ1ZTIzMSJ9\">\n\t\t\t\t\t<div class=\"e-gallery-image elementor-gallery-item__image\" data-thumbnail=\"https:\/\/www.cm-benavente.pt\/wp-content\/uploads\/2025\/05\/Caminhada-do-Dia-Mundial-da-Atividade-Fisica-2025-30-683x1024.jpg\" data-width=\"683\" data-height=\"1024\" aria-label=\"\" role=\"img\" ><\/div>\n\t\t\t\t\t\t\t\t\t\t\t<div class=\"elementor-gallery-item__overlay\"><\/div>\n\t\t\t\t\t\t\t\t\t\t\t\t\t\t<\/a>\n\t\t\t\t\t\t\t<a class=\"e-gallery-item elementor-gallery-item elementor-animated-content\" href=\"https:\/\/www.cm-benavente.pt\/wp-content\/uploads\/2025\/05\/Caminhada-do-Dia-Mundial-da-Atividade-Fisica-2025-31-scaled.jpg\" data-elementor-open-lightbox=\"yes\" data-elementor-lightbox-slideshow=\"845e231\" data-elementor-lightbox-title=\"Caminhada do Dia Mundial da Atividade F\u00edsica 2025 (31)\" data-e-action-hash=\"#elementor-action%3Aaction%3Dlightbox%26settings%3DeyJpZCI6NzIzNTEsInVybCI6Imh0dHBzOlwvXC93d3cuY20tYmVuYXZlbnRlLnB0XC93cC1jb250ZW50XC91cGxvYWRzXC8yMDI1XC8wNVwvQ2FtaW5oYWRhLWRvLURpYS1NdW5kaWFsLWRhLUF0aXZpZGFkZS1GaXNpY2EtMjAyNS0zMS1zY2FsZWQuanBnIiwic2xpZGVzaG93IjoiODQ1ZTIzMSJ9\">\n\t\t\t\t\t<div class=\"e-gallery-image elementor-gallery-item__image\" data-thumbnail=\"https:\/\/www.cm-benavente.pt\/wp-content\/uploads\/2025\/05\/Caminhada-do-Dia-Mundial-da-Atividade-Fisica-2025-31-1024x682.jpg\" data-width=\"800\" data-height=\"533\" aria-label=\"\" role=\"img\" ><\/div>\n\t\t\t\t\t\t\t\t\t\t\t<div class=\"elementor-gallery-item__overlay\"><\/div>\n\t\t\t\t\t\t\t\t\t\t\t\t\t\t<\/a>\n\t\t\t\t\t\t\t<a class=\"e-gallery-item elementor-gallery-item elementor-animated-content\" href=\"https:\/\/www.cm-benavente.pt\/wp-content\/uploads\/2025\/05\/Caminhada-do-Dia-Mundial-da-Atividade-Fisica-2025-32-scaled.jpg\" data-elementor-open-lightbox=\"yes\" data-elementor-lightbox-slideshow=\"845e231\" data-elementor-lightbox-title=\"Caminhada do Dia Mundial da Atividade F\u00edsica 2025 (32)\" data-e-action-hash=\"#elementor-action%3Aaction%3Dlightbox%26settings%3DeyJpZCI6NzIzNTIsInVybCI6Imh0dHBzOlwvXC93d3cuY20tYmVuYXZlbnRlLnB0XC93cC1jb250ZW50XC91cGxvYWRzXC8yMDI1XC8wNVwvQ2FtaW5oYWRhLWRvLURpYS1NdW5kaWFsLWRhLUF0aXZpZGFkZS1GaXNpY2EtMjAyNS0zMi1zY2FsZWQuanBnIiwic2xpZGVzaG93IjoiODQ1ZTIzMSJ9\">\n\t\t\t\t\t<div class=\"e-gallery-image elementor-gallery-item__image\" data-thumbnail=\"https:\/\/www.cm-benavente.pt\/wp-content\/uploads\/2025\/05\/Caminhada-do-Dia-Mundial-da-Atividade-Fisica-2025-32-1024x683.jpg\" data-width=\"800\" data-height=\"534\" aria-label=\"\" role=\"img\" ><\/div>\n\t\t\t\t\t\t\t\t\t\t\t<div class=\"elementor-gallery-item__overlay\"><\/div>\n\t\t\t\t\t\t\t\t\t\t\t\t\t\t<\/a>\n\t\t\t\t\t\t\t<a class=\"e-gallery-item elementor-gallery-item elementor-animated-content\" href=\"https:\/\/www.cm-benavente.pt\/wp-content\/uploads\/2025\/05\/Caminhada-do-Dia-Mundial-da-Atividade-Fisica-2025-33-scaled.jpg\" data-elementor-open-lightbox=\"yes\" data-elementor-lightbox-slideshow=\"845e231\" data-elementor-lightbox-title=\"Caminhada do Dia Mundial da Atividade F\u00edsica 2025 (33)\" data-e-action-hash=\"#elementor-action%3Aaction%3Dlightbox%26settings%3DeyJpZCI6NzIzNTMsInVybCI6Imh0dHBzOlwvXC93d3cuY20tYmVuYXZlbnRlLnB0XC93cC1jb250ZW50XC91cGxvYWRzXC8yMDI1XC8wNVwvQ2FtaW5oYWRhLWRvLURpYS1NdW5kaWFsLWRhLUF0aXZpZGFkZS1GaXNpY2EtMjAyNS0zMy1zY2FsZWQuanBnIiwic2xpZGVzaG93IjoiODQ1ZTIzMSJ9\">\n\t\t\t\t\t<div class=\"e-gallery-image elementor-gallery-item__image\" data-thumbnail=\"https:\/\/www.cm-benavente.pt\/wp-content\/uploads\/2025\/05\/Caminhada-do-Dia-Mundial-da-Atividade-Fisica-2025-33-1024x683.jpg\" data-width=\"800\" data-height=\"534\" aria-label=\"\" role=\"img\" ><\/div>\n\t\t\t\t\t\t\t\t\t\t\t<div class=\"elementor-gallery-item__overlay\"><\/div>\n\t\t\t\t\t\t\t\t\t\t\t\t\t\t<\/a>\n\t\t\t\t\t\t\t<a class=\"e-gallery-item elementor-gallery-item elementor-animated-content\" href=\"https:\/\/www.cm-benavente.pt\/wp-content\/uploads\/2025\/05\/Caminhada-do-Dia-Mundial-da-Atividade-Fisica-2025-34-scaled.jpg\" data-elementor-open-lightbox=\"yes\" data-elementor-lightbox-slideshow=\"845e231\" data-elementor-lightbox-title=\"Caminhada do Dia Mundial da Atividade F\u00edsica 2025 (34)\" data-e-action-hash=\"#elementor-action%3Aaction%3Dlightbox%26settings%3DeyJpZCI6NzIzNTQsInVybCI6Imh0dHBzOlwvXC93d3cuY20tYmVuYXZlbnRlLnB0XC93cC1jb250ZW50XC91cGxvYWRzXC8yMDI1XC8wNVwvQ2FtaW5oYWRhLWRvLURpYS1NdW5kaWFsLWRhLUF0aXZpZGFkZS1GaXNpY2EtMjAyNS0zNC1zY2FsZWQuanBnIiwic2xpZGVzaG93IjoiODQ1ZTIzMSJ9\">\n\t\t\t\t\t<div class=\"e-gallery-image elementor-gallery-item__image\" data-thumbnail=\"https:\/\/www.cm-benavente.pt\/wp-content\/uploads\/2025\/05\/Caminhada-do-Dia-Mundial-da-Atividade-Fisica-2025-34-1024x683.jpg\" data-width=\"800\" data-height=\"534\" aria-label=\"\" role=\"img\" ><\/div>\n\t\t\t\t\t\t\t\t\t\t\t<div class=\"elementor-gallery-item__overlay\"><\/div>\n\t\t\t\t\t\t\t\t\t\t\t\t\t\t<\/a>\n\t\t\t\t\t\t\t<a class=\"e-gallery-item elementor-gallery-item elementor-animated-content\" href=\"https:\/\/www.cm-benavente.pt\/wp-content\/uploads\/2025\/05\/Caminhada-do-Dia-Mundial-da-Atividade-Fisica-2025-35-scaled.jpg\" data-elementor-open-lightbox=\"yes\" data-elementor-lightbox-slideshow=\"845e231\" data-elementor-lightbox-title=\"Caminhada do Dia Mundial da Atividade F\u00edsica 2025 (35)\" data-e-action-hash=\"#elementor-action%3Aaction%3Dlightbox%26settings%3DeyJpZCI6NzIzNTUsInVybCI6Imh0dHBzOlwvXC93d3cuY20tYmVuYXZlbnRlLnB0XC93cC1jb250ZW50XC91cGxvYWRzXC8yMDI1XC8wNVwvQ2FtaW5oYWRhLWRvLURpYS1NdW5kaWFsLWRhLUF0aXZpZGFkZS1GaXNpY2EtMjAyNS0zNS1zY2FsZWQuanBnIiwic2xpZGVzaG93IjoiODQ1ZTIzMSJ9\">\n\t\t\t\t\t<div class=\"e-gallery-image elementor-gallery-item__image\" data-thumbnail=\"https:\/\/www.cm-benavente.pt\/wp-content\/uploads\/2025\/05\/Caminhada-do-Dia-Mundial-da-Atividade-Fisica-2025-35-1024x683.jpg\" data-width=\"800\" data-height=\"534\" aria-label=\"\" role=\"img\" ><\/div>\n\t\t\t\t\t\t\t\t\t\t\t<div class=\"elementor-gallery-item__overlay\"><\/div>\n\t\t\t\t\t\t\t\t\t\t\t\t\t\t<\/a>\n\t\t\t\t\t\t\t<a class=\"e-gallery-item elementor-gallery-item elementor-animated-content\" href=\"https:\/\/www.cm-benavente.pt\/wp-content\/uploads\/2025\/05\/Caminhada-do-Dia-Mundial-da-Atividade-Fisica-2025-36.jpg\" data-elementor-open-lightbox=\"yes\" data-elementor-lightbox-slideshow=\"845e231\" data-elementor-lightbox-title=\"Caminhada do Dia Mundial da Atividade F\u00edsica 2025 (36)\" data-e-action-hash=\"#elementor-action%3Aaction%3Dlightbox%26settings%3DeyJpZCI6NzIzNTYsInVybCI6Imh0dHBzOlwvXC93d3cuY20tYmVuYXZlbnRlLnB0XC93cC1jb250ZW50XC91cGxvYWRzXC8yMDI1XC8wNVwvQ2FtaW5oYWRhLWRvLURpYS1NdW5kaWFsLWRhLUF0aXZpZGFkZS1GaXNpY2EtMjAyNS0zNi5qcGciLCJzbGlkZXNob3ciOiI4NDVlMjMxIn0%3D\">\n\t\t\t\t\t<div class=\"e-gallery-image elementor-gallery-item__image\" data-thumbnail=\"https:\/\/www.cm-benavente.pt\/wp-content\/uploads\/2025\/05\/Caminhada-do-Dia-Mundial-da-Atividade-Fisica-2025-36-1024x683.jpg\" data-width=\"800\" data-height=\"534\" aria-label=\"\" role=\"img\" ><\/div>\n\t\t\t\t\t\t\t\t\t\t\t<div class=\"elementor-gallery-item__overlay\"><\/div>\n\t\t\t\t\t\t\t\t\t\t\t\t\t\t<\/a>\n\t\t\t\t\t\t\t<a class=\"e-gallery-item elementor-gallery-item elementor-animated-content\" href=\"https:\/\/www.cm-benavente.pt\/wp-content\/uploads\/2025\/05\/Caminhada-do-Dia-Mundial-da-Atividade-Fisica-2025-37-scaled.jpg\" data-elementor-open-lightbox=\"yes\" data-elementor-lightbox-slideshow=\"845e231\" data-elementor-lightbox-title=\"Caminhada do Dia Mundial da Atividade F\u00edsica 2025 (37)\" data-e-action-hash=\"#elementor-action%3Aaction%3Dlightbox%26settings%3DeyJpZCI6NzIzNTcsInVybCI6Imh0dHBzOlwvXC93d3cuY20tYmVuYXZlbnRlLnB0XC93cC1jb250ZW50XC91cGxvYWRzXC8yMDI1XC8wNVwvQ2FtaW5oYWRhLWRvLURpYS1NdW5kaWFsLWRhLUF0aXZpZGFkZS1GaXNpY2EtMjAyNS0zNy1zY2FsZWQuanBnIiwic2xpZGVzaG93IjoiODQ1ZTIzMSJ9\">\n\t\t\t\t\t<div class=\"e-gallery-image elementor-gallery-item__image\" data-thumbnail=\"https:\/\/www.cm-benavente.pt\/wp-content\/uploads\/2025\/05\/Caminhada-do-Dia-Mundial-da-Atividade-Fisica-2025-37-1024x683.jpg\" data-width=\"800\" data-height=\"534\" aria-label=\"\" role=\"img\" ><\/div>\n\t\t\t\t\t\t\t\t\t\t\t<div class=\"elementor-gallery-item__overlay\"><\/div>\n\t\t\t\t\t\t\t\t\t\t\t\t\t\t<\/a>\n\t\t\t\t\t\t\t<a class=\"e-gallery-item elementor-gallery-item elementor-animated-content\" href=\"https:\/\/www.cm-benavente.pt\/wp-content\/uploads\/2025\/05\/Caminhada-do-Dia-Mundial-da-Atividade-Fisica-2025-38-scaled.jpg\" data-elementor-open-lightbox=\"yes\" data-elementor-lightbox-slideshow=\"845e231\" data-elementor-lightbox-title=\"Caminhada do Dia Mundial da Atividade F\u00edsica 2025 (38)\" data-e-action-hash=\"#elementor-action%3Aaction%3Dlightbox%26settings%3DeyJpZCI6NzIzNTgsInVybCI6Imh0dHBzOlwvXC93d3cuY20tYmVuYXZlbnRlLnB0XC93cC1jb250ZW50XC91cGxvYWRzXC8yMDI1XC8wNVwvQ2FtaW5oYWRhLWRvLURpYS1NdW5kaWFsLWRhLUF0aXZpZGFkZS1GaXNpY2EtMjAyNS0zOC1zY2FsZWQuanBnIiwic2xpZGVzaG93IjoiODQ1ZTIzMSJ9\">\n\t\t\t\t\t<div class=\"e-gallery-image elementor-gallery-item__image\" data-thumbnail=\"https:\/\/www.cm-benavente.pt\/wp-content\/uploads\/2025\/05\/Caminhada-do-Dia-Mundial-da-Atividade-Fisica-2025-38-1024x683.jpg\" data-width=\"800\" data-height=\"534\" aria-label=\"\" role=\"img\" ><\/div>\n\t\t\t\t\t\t\t\t\t\t\t<div class=\"elementor-gallery-item__overlay\"><\/div>\n\t\t\t\t\t\t\t\t\t\t\t\t\t\t<\/a>\n\t\t\t\t\t\t\t<a class=\"e-gallery-item elementor-gallery-item elementor-animated-content\" href=\"https:\/\/www.cm-benavente.pt\/wp-content\/uploads\/2025\/05\/Caminhada-do-Dia-Mundial-da-Atividade-Fisica-2025-39.jpg\" data-elementor-open-lightbox=\"yes\" data-elementor-lightbox-slideshow=\"845e231\" data-elementor-lightbox-title=\"Caminhada do Dia Mundial da Atividade F\u00edsica 2025 (39)\" data-e-action-hash=\"#elementor-action%3Aaction%3Dlightbox%26settings%3DeyJpZCI6NzIzNTksInVybCI6Imh0dHBzOlwvXC93d3cuY20tYmVuYXZlbnRlLnB0XC93cC1jb250ZW50XC91cGxvYWRzXC8yMDI1XC8wNVwvQ2FtaW5oYWRhLWRvLURpYS1NdW5kaWFsLWRhLUF0aXZpZGFkZS1GaXNpY2EtMjAyNS0zOS5qcGciLCJzbGlkZXNob3ciOiI4NDVlMjMxIn0%3D\">\n\t\t\t\t\t<div class=\"e-gallery-image elementor-gallery-item__image\" data-thumbnail=\"https:\/\/www.cm-benavente.pt\/wp-content\/uploads\/2025\/05\/Caminhada-do-Dia-Mundial-da-Atividade-Fisica-2025-39-1024x683.jpg\" data-width=\"800\" data-height=\"534\" aria-label=\"\" role=\"img\" ><\/div>\n\t\t\t\t\t\t\t\t\t\t\t<div class=\"elementor-gallery-item__overlay\"><\/div>\n\t\t\t\t\t\t\t\t\t\t\t\t\t\t<\/a>\n\t\t\t\t\t\t\t<a class=\"e-gallery-item elementor-gallery-item elementor-animated-content\" href=\"https:\/\/www.cm-benavente.pt\/wp-content\/uploads\/2025\/05\/Caminhada-do-Dia-Mundial-da-Atividade-Fisica-2025-40-scaled.jpg\" data-elementor-open-lightbox=\"yes\" data-elementor-lightbox-slideshow=\"845e231\" data-elementor-lightbox-title=\"Caminhada do Dia Mundial da Atividade F\u00edsica 2025 (40)\" data-e-action-hash=\"#elementor-action%3Aaction%3Dlightbox%26settings%3DeyJpZCI6NzIzNjAsInVybCI6Imh0dHBzOlwvXC93d3cuY20tYmVuYXZlbnRlLnB0XC93cC1jb250ZW50XC91cGxvYWRzXC8yMDI1XC8wNVwvQ2FtaW5oYWRhLWRvLURpYS1NdW5kaWFsLWRhLUF0aXZpZGFkZS1GaXNpY2EtMjAyNS00MC1zY2FsZWQuanBnIiwic2xpZGVzaG93IjoiODQ1ZTIzMSJ9\">\n\t\t\t\t\t<div class=\"e-gallery-image elementor-gallery-item__image\" data-thumbnail=\"https:\/\/www.cm-benavente.pt\/wp-content\/uploads\/2025\/05\/Caminhada-do-Dia-Mundial-da-Atividade-Fisica-2025-40-1024x682.jpg\" data-width=\"800\" data-height=\"533\" aria-label=\"\" role=\"img\" ><\/div>\n\t\t\t\t\t\t\t\t\t\t\t<div class=\"elementor-gallery-item__overlay\"><\/div>\n\t\t\t\t\t\t\t\t\t\t\t\t\t\t<\/a>\n\t\t\t\t\t\t\t<a class=\"e-gallery-item elementor-gallery-item elementor-animated-content\" href=\"https:\/\/www.cm-benavente.pt\/wp-content\/uploads\/2025\/05\/Caminhada-do-Dia-Mundial-da-Atividade-Fisica-2025-41.jpg\" data-elementor-open-lightbox=\"yes\" data-elementor-lightbox-slideshow=\"845e231\" data-elementor-lightbox-title=\"Caminhada do Dia Mundial da Atividade F\u00edsica 2025 (41)\" data-e-action-hash=\"#elementor-action%3Aaction%3Dlightbox%26settings%3DeyJpZCI6NzIzNjEsInVybCI6Imh0dHBzOlwvXC93d3cuY20tYmVuYXZlbnRlLnB0XC93cC1jb250ZW50XC91cGxvYWRzXC8yMDI1XC8wNVwvQ2FtaW5oYWRhLWRvLURpYS1NdW5kaWFsLWRhLUF0aXZpZGFkZS1GaXNpY2EtMjAyNS00MS5qcGciLCJzbGlkZXNob3ciOiI4NDVlMjMxIn0%3D\">\n\t\t\t\t\t<div class=\"e-gallery-image elementor-gallery-item__image\" data-thumbnail=\"https:\/\/www.cm-benavente.pt\/wp-content\/uploads\/2025\/05\/Caminhada-do-Dia-Mundial-da-Atividade-Fisica-2025-41-1024x683.jpg\" data-width=\"800\" data-height=\"534\" aria-label=\"\" role=\"img\" ><\/div>\n\t\t\t\t\t\t\t\t\t\t\t<div class=\"elementor-gallery-item__overlay\"><\/div>\n\t\t\t\t\t\t\t\t\t\t\t\t\t\t<\/a>\n\t\t\t\t\t\t\t<a class=\"e-gallery-item elementor-gallery-item elementor-animated-content\" href=\"https:\/\/www.cm-benavente.pt\/wp-content\/uploads\/2025\/05\/Caminhada-do-Dia-Mundial-da-Atividade-Fisica-2025-42.jpg\" data-elementor-open-lightbox=\"yes\" data-elementor-lightbox-slideshow=\"845e231\" data-elementor-lightbox-title=\"Caminhada do Dia Mundial da Atividade F\u00edsica 2025 (42)\" data-e-action-hash=\"#elementor-action%3Aaction%3Dlightbox%26settings%3DeyJpZCI6NzIzNjIsInVybCI6Imh0dHBzOlwvXC93d3cuY20tYmVuYXZlbnRlLnB0XC93cC1jb250ZW50XC91cGxvYWRzXC8yMDI1XC8wNVwvQ2FtaW5oYWRhLWRvLURpYS1NdW5kaWFsLWRhLUF0aXZpZGFkZS1GaXNpY2EtMjAyNS00Mi5qcGciLCJzbGlkZXNob3ciOiI4NDVlMjMxIn0%3D\">\n\t\t\t\t\t<div class=\"e-gallery-image elementor-gallery-item__image\" data-thumbnail=\"https:\/\/www.cm-benavente.pt\/wp-content\/uploads\/2025\/05\/Caminhada-do-Dia-Mundial-da-Atividade-Fisica-2025-42-1024x683.jpg\" data-width=\"800\" data-height=\"534\" aria-label=\"\" role=\"img\" ><\/div>\n\t\t\t\t\t\t\t\t\t\t\t<div class=\"elementor-gallery-item__overlay\"><\/div>\n\t\t\t\t\t\t\t\t\t\t\t\t\t\t<\/a>\n\t\t\t\t\t\t\t<a class=\"e-gallery-item elementor-gallery-item elementor-animated-content\" href=\"https:\/\/www.cm-benavente.pt\/wp-content\/uploads\/2025\/05\/Caminhada-do-Dia-Mundial-da-Atividade-Fisica-2025-43.jpg\" data-elementor-open-lightbox=\"yes\" data-elementor-lightbox-slideshow=\"845e231\" data-elementor-lightbox-title=\"Caminhada do Dia Mundial da Atividade F\u00edsica 2025 (43)\" data-e-action-hash=\"#elementor-action%3Aaction%3Dlightbox%26settings%3DeyJpZCI6NzIzNjMsInVybCI6Imh0dHBzOlwvXC93d3cuY20tYmVuYXZlbnRlLnB0XC93cC1jb250ZW50XC91cGxvYWRzXC8yMDI1XC8wNVwvQ2FtaW5oYWRhLWRvLURpYS1NdW5kaWFsLWRhLUF0aXZpZGFkZS1GaXNpY2EtMjAyNS00My5qcGciLCJzbGlkZXNob3ciOiI4NDVlMjMxIn0%3D\">\n\t\t\t\t\t<div class=\"e-gallery-image elementor-gallery-item__image\" data-thumbnail=\"https:\/\/www.cm-benavente.pt\/wp-content\/uploads\/2025\/05\/Caminhada-do-Dia-Mundial-da-Atividade-Fisica-2025-43-1024x683.jpg\" data-width=\"800\" data-height=\"534\" aria-label=\"\" role=\"img\" ><\/div>\n\t\t\t\t\t\t\t\t\t\t\t<div class=\"elementor-gallery-item__overlay\"><\/div>\n\t\t\t\t\t\t\t\t\t\t\t\t\t\t<\/a>\n\t\t\t\t\t\t\t<a class=\"e-gallery-item elementor-gallery-item elementor-animated-content\" href=\"https:\/\/www.cm-benavente.pt\/wp-content\/uploads\/2025\/05\/Caminhada-do-Dia-Mundial-da-Atividade-Fisica-2025-44-scaled.jpg\" data-elementor-open-lightbox=\"yes\" data-elementor-lightbox-slideshow=\"845e231\" data-elementor-lightbox-title=\"Caminhada do Dia Mundial da Atividade F\u00edsica 2025 (44)\" data-e-action-hash=\"#elementor-action%3Aaction%3Dlightbox%26settings%3DeyJpZCI6NzIzNjQsInVybCI6Imh0dHBzOlwvXC93d3cuY20tYmVuYXZlbnRlLnB0XC93cC1jb250ZW50XC91cGxvYWRzXC8yMDI1XC8wNVwvQ2FtaW5oYWRhLWRvLURpYS1NdW5kaWFsLWRhLUF0aXZpZGFkZS1GaXNpY2EtMjAyNS00NC1zY2FsZWQuanBnIiwic2xpZGVzaG93IjoiODQ1ZTIzMSJ9\">\n\t\t\t\t\t<div class=\"e-gallery-image elementor-gallery-item__image\" data-thumbnail=\"https:\/\/www.cm-benavente.pt\/wp-content\/uploads\/2025\/05\/Caminhada-do-Dia-Mundial-da-Atividade-Fisica-2025-44-1024x683.jpg\" data-width=\"800\" data-height=\"534\" aria-label=\"\" role=\"img\" ><\/div>\n\t\t\t\t\t\t\t\t\t\t\t<div class=\"elementor-gallery-item__overlay\"><\/div>\n\t\t\t\t\t\t\t\t\t\t\t\t\t\t<\/a>\n\t\t\t\t\t\t\t<a class=\"e-gallery-item elementor-gallery-item elementor-animated-content\" href=\"https:\/\/www.cm-benavente.pt\/wp-content\/uploads\/2025\/05\/Caminhada-do-Dia-Mundial-da-Atividade-Fisica-2025-45.jpg\" data-elementor-open-lightbox=\"yes\" data-elementor-lightbox-slideshow=\"845e231\" data-elementor-lightbox-title=\"Caminhada do Dia Mundial da Atividade F\u00edsica 2025 (45)\" data-e-action-hash=\"#elementor-action%3Aaction%3Dlightbox%26settings%3DeyJpZCI6NzIzNjUsInVybCI6Imh0dHBzOlwvXC93d3cuY20tYmVuYXZlbnRlLnB0XC93cC1jb250ZW50XC91cGxvYWRzXC8yMDI1XC8wNVwvQ2FtaW5oYWRhLWRvLURpYS1NdW5kaWFsLWRhLUF0aXZpZGFkZS1GaXNpY2EtMjAyNS00NS5qcGciLCJzbGlkZXNob3ciOiI4NDVlMjMxIn0%3D\">\n\t\t\t\t\t<div class=\"e-gallery-image elementor-gallery-item__image\" data-thumbnail=\"https:\/\/www.cm-benavente.pt\/wp-content\/uploads\/2025\/05\/Caminhada-do-Dia-Mundial-da-Atividade-Fisica-2025-45-1024x682.jpg\" data-width=\"800\" data-height=\"533\" aria-label=\"\" role=\"img\" ><\/div>\n\t\t\t\t\t\t\t\t\t\t\t<div class=\"elementor-gallery-item__overlay\"><\/div>\n\t\t\t\t\t\t\t\t\t\t\t\t\t\t<\/a>\n\t\t\t\t\t\t\t<a class=\"e-gallery-item elementor-gallery-item elementor-animated-content\" href=\"https:\/\/www.cm-benavente.pt\/wp-content\/uploads\/2025\/05\/Caminhada-do-Dia-Mundial-da-Atividade-Fisica-2025-46.jpg\" data-elementor-open-lightbox=\"yes\" data-elementor-lightbox-slideshow=\"845e231\" data-elementor-lightbox-title=\"Caminhada do Dia Mundial da Atividade F\u00edsica 2025 (46)\" data-e-action-hash=\"#elementor-action%3Aaction%3Dlightbox%26settings%3DeyJpZCI6NzIzNjYsInVybCI6Imh0dHBzOlwvXC93d3cuY20tYmVuYXZlbnRlLnB0XC93cC1jb250ZW50XC91cGxvYWRzXC8yMDI1XC8wNVwvQ2FtaW5oYWRhLWRvLURpYS1NdW5kaWFsLWRhLUF0aXZpZGFkZS1GaXNpY2EtMjAyNS00Ni5qcGciLCJzbGlkZXNob3ciOiI4NDVlMjMxIn0%3D\">\n\t\t\t\t\t<div class=\"e-gallery-image elementor-gallery-item__image\" data-thumbnail=\"https:\/\/www.cm-benavente.pt\/wp-content\/uploads\/2025\/05\/Caminhada-do-Dia-Mundial-da-Atividade-Fisica-2025-46-1024x683.jpg\" data-width=\"800\" data-height=\"534\" aria-label=\"\" role=\"img\" ><\/div>\n\t\t\t\t\t\t\t\t\t\t\t<div class=\"elementor-gallery-item__overlay\"><\/div>\n\t\t\t\t\t\t\t\t\t\t\t\t\t\t<\/a>\n\t\t\t\t\t\t\t<a class=\"e-gallery-item elementor-gallery-item elementor-animated-content\" href=\"https:\/\/www.cm-benavente.pt\/wp-content\/uploads\/2025\/05\/Caminhada-do-Dia-Mundial-da-Atividade-Fisica-2025-47-scaled.jpg\" data-elementor-open-lightbox=\"yes\" data-elementor-lightbox-slideshow=\"845e231\" data-elementor-lightbox-title=\"Caminhada do Dia Mundial da Atividade F\u00edsica 2025 (47)\" data-e-action-hash=\"#elementor-action%3Aaction%3Dlightbox%26settings%3DeyJpZCI6NzIzNjcsInVybCI6Imh0dHBzOlwvXC93d3cuY20tYmVuYXZlbnRlLnB0XC93cC1jb250ZW50XC91cGxvYWRzXC8yMDI1XC8wNVwvQ2FtaW5oYWRhLWRvLURpYS1NdW5kaWFsLWRhLUF0aXZpZGFkZS1GaXNpY2EtMjAyNS00Ny1zY2FsZWQuanBnIiwic2xpZGVzaG93IjoiODQ1ZTIzMSJ9\">\n\t\t\t\t\t<div class=\"e-gallery-image elementor-gallery-item__image\" data-thumbnail=\"https:\/\/www.cm-benavente.pt\/wp-content\/uploads\/2025\/05\/Caminhada-do-Dia-Mundial-da-Atividade-Fisica-2025-47-1024x683.jpg\" data-width=\"800\" data-height=\"534\" aria-label=\"\" role=\"img\" ><\/div>\n\t\t\t\t\t\t\t\t\t\t\t<div class=\"elementor-gallery-item__overlay\"><\/div>\n\t\t\t\t\t\t\t\t\t\t\t\t\t\t<\/a>\n\t\t\t\t\t\t\t<a class=\"e-gallery-item elementor-gallery-item elementor-animated-content\" href=\"https:\/\/www.cm-benavente.pt\/wp-content\/uploads\/2025\/05\/Caminhada-do-Dia-Mundial-da-Atividade-Fisica-2025-48.jpg\" data-elementor-open-lightbox=\"yes\" data-elementor-lightbox-slideshow=\"845e231\" data-elementor-lightbox-title=\"Caminhada do Dia Mundial da Atividade F\u00edsica 2025 (48)\" data-e-action-hash=\"#elementor-action%3Aaction%3Dlightbox%26settings%3DeyJpZCI6NzIzNjgsInVybCI6Imh0dHBzOlwvXC93d3cuY20tYmVuYXZlbnRlLnB0XC93cC1jb250ZW50XC91cGxvYWRzXC8yMDI1XC8wNVwvQ2FtaW5oYWRhLWRvLURpYS1NdW5kaWFsLWRhLUF0aXZpZGFkZS1GaXNpY2EtMjAyNS00OC5qcGciLCJzbGlkZXNob3ciOiI4NDVlMjMxIn0%3D\">\n\t\t\t\t\t<div class=\"e-gallery-image elementor-gallery-item__image\" data-thumbnail=\"https:\/\/www.cm-benavente.pt\/wp-content\/uploads\/2025\/05\/Caminhada-do-Dia-Mundial-da-Atividade-Fisica-2025-48-1024x683.jpg\" data-width=\"800\" data-height=\"534\" aria-label=\"\" role=\"img\" ><\/div>\n\t\t\t\t\t\t\t\t\t\t\t<div class=\"elementor-gallery-item__overlay\"><\/div>\n\t\t\t\t\t\t\t\t\t\t\t\t\t\t<\/a>\n\t\t\t\t\t\t\t<a class=\"e-gallery-item elementor-gallery-item elementor-animated-content\" href=\"https:\/\/www.cm-benavente.pt\/wp-content\/uploads\/2025\/05\/Caminhada-do-Dia-Mundial-da-Atividade-Fisica-2025-49.jpg\" data-elementor-open-lightbox=\"yes\" data-elementor-lightbox-slideshow=\"845e231\" data-elementor-lightbox-title=\"Caminhada do Dia Mundial da Atividade F\u00edsica 2025 (49)\" data-e-action-hash=\"#elementor-action%3Aaction%3Dlightbox%26settings%3DeyJpZCI6NzIzNjksInVybCI6Imh0dHBzOlwvXC93d3cuY20tYmVuYXZlbnRlLnB0XC93cC1jb250ZW50XC91cGxvYWRzXC8yMDI1XC8wNVwvQ2FtaW5oYWRhLWRvLURpYS1NdW5kaWFsLWRhLUF0aXZpZGFkZS1GaXNpY2EtMjAyNS00OS5qcGciLCJzbGlkZXNob3ciOiI4NDVlMjMxIn0%3D\">\n\t\t\t\t\t<div class=\"e-gallery-image elementor-gallery-item__image\" data-thumbnail=\"https:\/\/www.cm-benavente.pt\/wp-content\/uploads\/2025\/05\/Caminhada-do-Dia-Mundial-da-Atividade-Fisica-2025-49-1024x683.jpg\" data-width=\"800\" data-height=\"534\" aria-label=\"\" role=\"img\" ><\/div>\n\t\t\t\t\t\t\t\t\t\t\t<div class=\"elementor-gallery-item__overlay\"><\/div>\n\t\t\t\t\t\t\t\t\t\t\t\t\t\t<\/a>\n\t\t\t\t\t\t\t<a class=\"e-gallery-item elementor-gallery-item elementor-animated-content\" href=\"https:\/\/www.cm-benavente.pt\/wp-content\/uploads\/2025\/05\/Caminhada-do-Dia-Mundial-da-Atividade-Fisica-2025-50-scaled.jpg\" data-elementor-open-lightbox=\"yes\" data-elementor-lightbox-slideshow=\"845e231\" data-elementor-lightbox-title=\"Caminhada do Dia Mundial da Atividade F\u00edsica 2025 (50)\" data-e-action-hash=\"#elementor-action%3Aaction%3Dlightbox%26settings%3DeyJpZCI6NzIzNzAsInVybCI6Imh0dHBzOlwvXC93d3cuY20tYmVuYXZlbnRlLnB0XC93cC1jb250ZW50XC91cGxvYWRzXC8yMDI1XC8wNVwvQ2FtaW5oYWRhLWRvLURpYS1NdW5kaWFsLWRhLUF0aXZpZGFkZS1GaXNpY2EtMjAyNS01MC1zY2FsZWQuanBnIiwic2xpZGVzaG93IjoiODQ1ZTIzMSJ9\">\n\t\t\t\t\t<div class=\"e-gallery-image elementor-gallery-item__image\" data-thumbnail=\"https:\/\/www.cm-benavente.pt\/wp-content\/uploads\/2025\/05\/Caminhada-do-Dia-Mundial-da-Atividade-Fisica-2025-50-1024x683.jpg\" data-width=\"800\" data-height=\"534\" aria-label=\"\" role=\"img\" ><\/div>\n\t\t\t\t\t\t\t\t\t\t\t<div class=\"elementor-gallery-item__overlay\"><\/div>\n\t\t\t\t\t\t\t\t\t\t\t\t\t\t<\/a>\n\t\t\t\t\t\t\t<a class=\"e-gallery-item elementor-gallery-item elementor-animated-content\" href=\"https:\/\/www.cm-benavente.pt\/wp-content\/uploads\/2025\/05\/Caminhada-do-Dia-Mundial-da-Atividade-Fisica-2025-51.jpg\" data-elementor-open-lightbox=\"yes\" data-elementor-lightbox-slideshow=\"845e231\" data-elementor-lightbox-title=\"Caminhada do Dia Mundial da Atividade F\u00edsica 2025 (51)\" data-e-action-hash=\"#elementor-action%3Aaction%3Dlightbox%26settings%3DeyJpZCI6NzIzNzEsInVybCI6Imh0dHBzOlwvXC93d3cuY20tYmVuYXZlbnRlLnB0XC93cC1jb250ZW50XC91cGxvYWRzXC8yMDI1XC8wNVwvQ2FtaW5oYWRhLWRvLURpYS1NdW5kaWFsLWRhLUF0aXZpZGFkZS1GaXNpY2EtMjAyNS01MS5qcGciLCJzbGlkZXNob3ciOiI4NDVlMjMxIn0%3D\">\n\t\t\t\t\t<div class=\"e-gallery-image elementor-gallery-item__image\" data-thumbnail=\"https:\/\/www.cm-benavente.pt\/wp-content\/uploads\/2025\/05\/Caminhada-do-Dia-Mundial-da-Atividade-Fisica-2025-51-1024x683.jpg\" data-width=\"800\" data-height=\"534\" aria-label=\"\" role=\"img\" ><\/div>\n\t\t\t\t\t\t\t\t\t\t\t<div class=\"elementor-gallery-item__overlay\"><\/div>\n\t\t\t\t\t\t\t\t\t\t\t\t\t\t<\/a>\n\t\t\t\t\t\t\t<a class=\"e-gallery-item elementor-gallery-item elementor-animated-content\" href=\"https:\/\/www.cm-benavente.pt\/wp-content\/uploads\/2025\/05\/Caminhada-do-Dia-Mundial-da-Atividade-Fisica-2025-52-scaled.jpg\" data-elementor-open-lightbox=\"yes\" data-elementor-lightbox-slideshow=\"845e231\" data-elementor-lightbox-title=\"Caminhada do Dia Mundial da Atividade F\u00edsica 2025 (52)\" data-e-action-hash=\"#elementor-action%3Aaction%3Dlightbox%26settings%3DeyJpZCI6NzIzNzIsInVybCI6Imh0dHBzOlwvXC93d3cuY20tYmVuYXZlbnRlLnB0XC93cC1jb250ZW50XC91cGxvYWRzXC8yMDI1XC8wNVwvQ2FtaW5oYWRhLWRvLURpYS1NdW5kaWFsLWRhLUF0aXZpZGFkZS1GaXNpY2EtMjAyNS01Mi1zY2FsZWQuanBnIiwic2xpZGVzaG93IjoiODQ1ZTIzMSJ9\">\n\t\t\t\t\t<div class=\"e-gallery-image elementor-gallery-item__image\" data-thumbnail=\"https:\/\/www.cm-benavente.pt\/wp-content\/uploads\/2025\/05\/Caminhada-do-Dia-Mundial-da-Atividade-Fisica-2025-52-1024x683.jpg\" data-width=\"800\" data-height=\"534\" aria-label=\"\" role=\"img\" ><\/div>\n\t\t\t\t\t\t\t\t\t\t\t<div class=\"elementor-gallery-item__overlay\"><\/div>\n\t\t\t\t\t\t\t\t\t\t\t\t\t\t<\/a>\n\t\t\t\t\t\t\t<a class=\"e-gallery-item elementor-gallery-item elementor-animated-content\" href=\"https:\/\/www.cm-benavente.pt\/wp-content\/uploads\/2025\/05\/Caminhada-do-Dia-Mundial-da-Atividade-Fisica-2025-53-scaled.jpg\" data-elementor-open-lightbox=\"yes\" data-elementor-lightbox-slideshow=\"845e231\" data-elementor-lightbox-title=\"Caminhada do Dia Mundial da Atividade F\u00edsica 2025 (53)\" data-e-action-hash=\"#elementor-action%3Aaction%3Dlightbox%26settings%3DeyJpZCI6NzIzNzMsInVybCI6Imh0dHBzOlwvXC93d3cuY20tYmVuYXZlbnRlLnB0XC93cC1jb250ZW50XC91cGxvYWRzXC8yMDI1XC8wNVwvQ2FtaW5oYWRhLWRvLURpYS1NdW5kaWFsLWRhLUF0aXZpZGFkZS1GaXNpY2EtMjAyNS01My1zY2FsZWQuanBnIiwic2xpZGVzaG93IjoiODQ1ZTIzMSJ9\">\n\t\t\t\t\t<div class=\"e-gallery-image elementor-gallery-item__image\" data-thumbnail=\"https:\/\/www.cm-benavente.pt\/wp-content\/uploads\/2025\/05\/Caminhada-do-Dia-Mundial-da-Atividade-Fisica-2025-53-1024x683.jpg\" data-width=\"800\" data-height=\"534\" aria-label=\"\" role=\"img\" ><\/div>\n\t\t\t\t\t\t\t\t\t\t\t<div class=\"elementor-gallery-item__overlay\"><\/div>\n\t\t\t\t\t\t\t\t\t\t\t\t\t\t<\/a>\n\t\t\t\t\t\t\t<a class=\"e-gallery-item elementor-gallery-item elementor-animated-content\" href=\"https:\/\/www.cm-benavente.pt\/wp-content\/uploads\/2025\/05\/Caminhada-do-Dia-Mundial-da-Atividade-Fisica-2025-54-scaled.jpg\" data-elementor-open-lightbox=\"yes\" data-elementor-lightbox-slideshow=\"845e231\" data-elementor-lightbox-title=\"Caminhada do Dia Mundial da Atividade F\u00edsica 2025 (54)\" data-e-action-hash=\"#elementor-action%3Aaction%3Dlightbox%26settings%3DeyJpZCI6NzIzNzQsInVybCI6Imh0dHBzOlwvXC93d3cuY20tYmVuYXZlbnRlLnB0XC93cC1jb250ZW50XC91cGxvYWRzXC8yMDI1XC8wNVwvQ2FtaW5oYWRhLWRvLURpYS1NdW5kaWFsLWRhLUF0aXZpZGFkZS1GaXNpY2EtMjAyNS01NC1zY2FsZWQuanBnIiwic2xpZGVzaG93IjoiODQ1ZTIzMSJ9\">\n\t\t\t\t\t<div class=\"e-gallery-image elementor-gallery-item__image\" data-thumbnail=\"https:\/\/www.cm-benavente.pt\/wp-content\/uploads\/2025\/05\/Caminhada-do-Dia-Mundial-da-Atividade-Fisica-2025-54-1024x683.jpg\" data-width=\"800\" data-height=\"534\" aria-label=\"\" role=\"img\" ><\/div>\n\t\t\t\t\t\t\t\t\t\t\t<div class=\"elementor-gallery-item__overlay\"><\/div>\n\t\t\t\t\t\t\t\t\t\t\t\t\t\t<\/a>\n\t\t\t\t\t\t\t<a class=\"e-gallery-item elementor-gallery-item elementor-animated-content\" href=\"https:\/\/www.cm-benavente.pt\/wp-content\/uploads\/2025\/05\/Caminhada-do-Dia-Mundial-da-Atividade-Fisica-2025-55-scaled.jpg\" data-elementor-open-lightbox=\"yes\" data-elementor-lightbox-slideshow=\"845e231\" data-elementor-lightbox-title=\"Caminhada do Dia Mundial da Atividade F\u00edsica 2025 (55)\" data-e-action-hash=\"#elementor-action%3Aaction%3Dlightbox%26settings%3DeyJpZCI6NzIzNzUsInVybCI6Imh0dHBzOlwvXC93d3cuY20tYmVuYXZlbnRlLnB0XC93cC1jb250ZW50XC91cGxvYWRzXC8yMDI1XC8wNVwvQ2FtaW5oYWRhLWRvLURpYS1NdW5kaWFsLWRhLUF0aXZpZGFkZS1GaXNpY2EtMjAyNS01NS1zY2FsZWQuanBnIiwic2xpZGVzaG93IjoiODQ1ZTIzMSJ9\">\n\t\t\t\t\t<div class=\"e-gallery-image elementor-gallery-item__image\" data-thumbnail=\"https:\/\/www.cm-benavente.pt\/wp-content\/uploads\/2025\/05\/Caminhada-do-Dia-Mundial-da-Atividade-Fisica-2025-55-1024x683.jpg\" data-width=\"800\" data-height=\"534\" aria-label=\"\" role=\"img\" ><\/div>\n\t\t\t\t\t\t\t\t\t\t\t<div class=\"elementor-gallery-item__overlay\"><\/div>\n\t\t\t\t\t\t\t\t\t\t\t\t\t\t<\/a>\n\t\t\t\t\t\t\t<a class=\"e-gallery-item elementor-gallery-item elementor-animated-content\" href=\"https:\/\/www.cm-benavente.pt\/wp-content\/uploads\/2025\/05\/Caminhada-do-Dia-Mundial-da-Atividade-Fisica-2025-56-scaled.jpg\" data-elementor-open-lightbox=\"yes\" data-elementor-lightbox-slideshow=\"845e231\" data-elementor-lightbox-title=\"Caminhada do Dia Mundial da Atividade F\u00edsica 2025 (56)\" data-e-action-hash=\"#elementor-action%3Aaction%3Dlightbox%26settings%3DeyJpZCI6NzIzNzYsInVybCI6Imh0dHBzOlwvXC93d3cuY20tYmVuYXZlbnRlLnB0XC93cC1jb250ZW50XC91cGxvYWRzXC8yMDI1XC8wNVwvQ2FtaW5oYWRhLWRvLURpYS1NdW5kaWFsLWRhLUF0aXZpZGFkZS1GaXNpY2EtMjAyNS01Ni1zY2FsZWQuanBnIiwic2xpZGVzaG93IjoiODQ1ZTIzMSJ9\">\n\t\t\t\t\t<div class=\"e-gallery-image elementor-gallery-item__image\" data-thumbnail=\"https:\/\/www.cm-benavente.pt\/wp-content\/uploads\/2025\/05\/Caminhada-do-Dia-Mundial-da-Atividade-Fisica-2025-56-1024x682.jpg\" data-width=\"800\" data-height=\"533\" aria-label=\"\" role=\"img\" ><\/div>\n\t\t\t\t\t\t\t\t\t\t\t<div class=\"elementor-gallery-item__overlay\"><\/div>\n\t\t\t\t\t\t\t\t\t\t\t\t\t\t<\/a>\n\t\t\t\t\t\t\t<a class=\"e-gallery-item elementor-gallery-item elementor-animated-content\" href=\"https:\/\/www.cm-benavente.pt\/wp-content\/uploads\/2025\/05\/Caminhada-do-Dia-Mundial-da-Atividade-Fisica-2025-57.jpg\" data-elementor-open-lightbox=\"yes\" data-elementor-lightbox-slideshow=\"845e231\" data-elementor-lightbox-title=\"Caminhada do Dia Mundial da Atividade F\u00edsica 2025 (57)\" data-e-action-hash=\"#elementor-action%3Aaction%3Dlightbox%26settings%3DeyJpZCI6NzIzNzcsInVybCI6Imh0dHBzOlwvXC93d3cuY20tYmVuYXZlbnRlLnB0XC93cC1jb250ZW50XC91cGxvYWRzXC8yMDI1XC8wNVwvQ2FtaW5oYWRhLWRvLURpYS1NdW5kaWFsLWRhLUF0aXZpZGFkZS1GaXNpY2EtMjAyNS01Ny5qcGciLCJzbGlkZXNob3ciOiI4NDVlMjMxIn0%3D\">\n\t\t\t\t\t<div class=\"e-gallery-image elementor-gallery-item__image\" data-thumbnail=\"https:\/\/www.cm-benavente.pt\/wp-content\/uploads\/2025\/05\/Caminhada-do-Dia-Mundial-da-Atividade-Fisica-2025-57-1024x683.jpg\" data-width=\"800\" data-height=\"534\" aria-label=\"\" role=\"img\" ><\/div>\n\t\t\t\t\t\t\t\t\t\t\t<div class=\"elementor-gallery-item__overlay\"><\/div>\n\t\t\t\t\t\t\t\t\t\t\t\t\t\t<\/a>\n\t\t\t\t\t\t\t<a class=\"e-gallery-item elementor-gallery-item elementor-animated-content\" href=\"https:\/\/www.cm-benavente.pt\/wp-content\/uploads\/2025\/05\/Caminhada-do-Dia-Mundial-da-Atividade-Fisica-2025-58-scaled.jpg\" data-elementor-open-lightbox=\"yes\" data-elementor-lightbox-slideshow=\"845e231\" data-elementor-lightbox-title=\"Caminhada do Dia Mundial da Atividade F\u00edsica 2025 (58)\" data-e-action-hash=\"#elementor-action%3Aaction%3Dlightbox%26settings%3DeyJpZCI6NzIzNzgsInVybCI6Imh0dHBzOlwvXC93d3cuY20tYmVuYXZlbnRlLnB0XC93cC1jb250ZW50XC91cGxvYWRzXC8yMDI1XC8wNVwvQ2FtaW5oYWRhLWRvLURpYS1NdW5kaWFsLWRhLUF0aXZpZGFkZS1GaXNpY2EtMjAyNS01OC1zY2FsZWQuanBnIiwic2xpZGVzaG93IjoiODQ1ZTIzMSJ9\">\n\t\t\t\t\t<div class=\"e-gallery-image elementor-gallery-item__image\" data-thumbnail=\"https:\/\/www.cm-benavente.pt\/wp-content\/uploads\/2025\/05\/Caminhada-do-Dia-Mundial-da-Atividade-Fisica-2025-58-1024x683.jpg\" data-width=\"800\" data-height=\"534\" aria-label=\"\" role=\"img\" ><\/div>\n\t\t\t\t\t\t\t\t\t\t\t<div class=\"elementor-gallery-item__overlay\"><\/div>\n\t\t\t\t\t\t\t\t\t\t\t\t\t\t<\/a>\n\t\t\t\t\t\t\t<a class=\"e-gallery-item elementor-gallery-item elementor-animated-content\" href=\"https:\/\/www.cm-benavente.pt\/wp-content\/uploads\/2025\/05\/Caminhada-do-Dia-Mundial-da-Atividade-Fisica-2025-59.jpg\" data-elementor-open-lightbox=\"yes\" data-elementor-lightbox-slideshow=\"845e231\" data-elementor-lightbox-title=\"Caminhada do Dia Mundial da Atividade F\u00edsica 2025 (59)\" data-e-action-hash=\"#elementor-action%3Aaction%3Dlightbox%26settings%3DeyJpZCI6NzIzNzksInVybCI6Imh0dHBzOlwvXC93d3cuY20tYmVuYXZlbnRlLnB0XC93cC1jb250ZW50XC91cGxvYWRzXC8yMDI1XC8wNVwvQ2FtaW5oYWRhLWRvLURpYS1NdW5kaWFsLWRhLUF0aXZpZGFkZS1GaXNpY2EtMjAyNS01OS5qcGciLCJzbGlkZXNob3ciOiI4NDVlMjMxIn0%3D\">\n\t\t\t\t\t<div class=\"e-gallery-image elementor-gallery-item__image\" data-thumbnail=\"https:\/\/www.cm-benavente.pt\/wp-content\/uploads\/2025\/05\/Caminhada-do-Dia-Mundial-da-Atividade-Fisica-2025-59-1024x683.jpg\" data-width=\"800\" data-height=\"534\" aria-label=\"\" role=\"img\" ><\/div>\n\t\t\t\t\t\t\t\t\t\t\t<div class=\"elementor-gallery-item__overlay\"><\/div>\n\t\t\t\t\t\t\t\t\t\t\t\t\t\t<\/a>\n\t\t\t\t\t\t\t<a class=\"e-gallery-item elementor-gallery-item elementor-animated-content\" href=\"https:\/\/www.cm-benavente.pt\/wp-content\/uploads\/2025\/05\/Caminhada-do-Dia-Mundial-da-Atividade-Fisica-2025-60.jpg\" data-elementor-open-lightbox=\"yes\" data-elementor-lightbox-slideshow=\"845e231\" data-elementor-lightbox-title=\"Caminhada do Dia Mundial da Atividade F\u00edsica 2025 (60)\" data-e-action-hash=\"#elementor-action%3Aaction%3Dlightbox%26settings%3DeyJpZCI6NzIzODAsInVybCI6Imh0dHBzOlwvXC93d3cuY20tYmVuYXZlbnRlLnB0XC93cC1jb250ZW50XC91cGxvYWRzXC8yMDI1XC8wNVwvQ2FtaW5oYWRhLWRvLURpYS1NdW5kaWFsLWRhLUF0aXZpZGFkZS1GaXNpY2EtMjAyNS02MC5qcGciLCJzbGlkZXNob3ciOiI4NDVlMjMxIn0%3D\">\n\t\t\t\t\t<div class=\"e-gallery-image elementor-gallery-item__image\" data-thumbnail=\"https:\/\/www.cm-benavente.pt\/wp-content\/uploads\/2025\/05\/Caminhada-do-Dia-Mundial-da-Atividade-Fisica-2025-60-1024x683.jpg\" data-width=\"800\" data-height=\"534\" aria-label=\"\" role=\"img\" ><\/div>\n\t\t\t\t\t\t\t\t\t\t\t<div class=\"elementor-gallery-item__overlay\"><\/div>\n\t\t\t\t\t\t\t\t\t\t\t\t\t\t<\/a>\n\t\t\t\t\t\t\t<a class=\"e-gallery-item elementor-gallery-item elementor-animated-content\" href=\"https:\/\/www.cm-benavente.pt\/wp-content\/uploads\/2025\/05\/Caminhada-do-Dia-Mundial-da-Atividade-Fisica-2025-61.jpg\" data-elementor-open-lightbox=\"yes\" data-elementor-lightbox-slideshow=\"845e231\" data-elementor-lightbox-title=\"Caminhada do Dia Mundial da Atividade F\u00edsica 2025 (61)\" data-e-action-hash=\"#elementor-action%3Aaction%3Dlightbox%26settings%3DeyJpZCI6NzIzODEsInVybCI6Imh0dHBzOlwvXC93d3cuY20tYmVuYXZlbnRlLnB0XC93cC1jb250ZW50XC91cGxvYWRzXC8yMDI1XC8wNVwvQ2FtaW5oYWRhLWRvLURpYS1NdW5kaWFsLWRhLUF0aXZpZGFkZS1GaXNpY2EtMjAyNS02MS5qcGciLCJzbGlkZXNob3ciOiI4NDVlMjMxIn0%3D\">\n\t\t\t\t\t<div class=\"e-gallery-image elementor-gallery-item__image\" data-thumbnail=\"https:\/\/www.cm-benavente.pt\/wp-content\/uploads\/2025\/05\/Caminhada-do-Dia-Mundial-da-Atividade-Fisica-2025-61-1024x683.jpg\" data-width=\"800\" data-height=\"534\" aria-label=\"\" role=\"img\" ><\/div>\n\t\t\t\t\t\t\t\t\t\t\t<div class=\"elementor-gallery-item__overlay\"><\/div>\n\t\t\t\t\t\t\t\t\t\t\t\t\t\t<\/a>\n\t\t\t\t\t\t\t<a class=\"e-gallery-item elementor-gallery-item elementor-animated-content\" href=\"https:\/\/www.cm-benavente.pt\/wp-content\/uploads\/2025\/05\/Caminhada-do-Dia-Mundial-da-Atividade-Fisica-2025-62-scaled.jpg\" data-elementor-open-lightbox=\"yes\" data-elementor-lightbox-slideshow=\"845e231\" data-elementor-lightbox-title=\"Caminhada do Dia Mundial da Atividade F\u00edsica 2025 (62)\" data-e-action-hash=\"#elementor-action%3Aaction%3Dlightbox%26settings%3DeyJpZCI6NzIzODIsInVybCI6Imh0dHBzOlwvXC93d3cuY20tYmVuYXZlbnRlLnB0XC93cC1jb250ZW50XC91cGxvYWRzXC8yMDI1XC8wNVwvQ2FtaW5oYWRhLWRvLURpYS1NdW5kaWFsLWRhLUF0aXZpZGFkZS1GaXNpY2EtMjAyNS02Mi1zY2FsZWQuanBnIiwic2xpZGVzaG93IjoiODQ1ZTIzMSJ9\">\n\t\t\t\t\t<div class=\"e-gallery-image elementor-gallery-item__image\" data-thumbnail=\"https:\/\/www.cm-benavente.pt\/wp-content\/uploads\/2025\/05\/Caminhada-do-Dia-Mundial-da-Atividade-Fisica-2025-62-1024x683.jpg\" data-width=\"800\" data-height=\"534\" aria-label=\"\" role=\"img\" ><\/div>\n\t\t\t\t\t\t\t\t\t\t\t<div class=\"elementor-gallery-item__overlay\"><\/div>\n\t\t\t\t\t\t\t\t\t\t\t\t\t\t<\/a>\n\t\t\t\t\t\t\t<a class=\"e-gallery-item elementor-gallery-item elementor-animated-content\" href=\"https:\/\/www.cm-benavente.pt\/wp-content\/uploads\/2025\/05\/Caminhada-do-Dia-Mundial-da-Atividade-Fisica-2025-63.jpg\" data-elementor-open-lightbox=\"yes\" data-elementor-lightbox-slideshow=\"845e231\" data-elementor-lightbox-title=\"Caminhada do Dia Mundial da Atividade F\u00edsica 2025 (63)\" data-e-action-hash=\"#elementor-action%3Aaction%3Dlightbox%26settings%3DeyJpZCI6NzIzODMsInVybCI6Imh0dHBzOlwvXC93d3cuY20tYmVuYXZlbnRlLnB0XC93cC1jb250ZW50XC91cGxvYWRzXC8yMDI1XC8wNVwvQ2FtaW5oYWRhLWRvLURpYS1NdW5kaWFsLWRhLUF0aXZpZGFkZS1GaXNpY2EtMjAyNS02My5qcGciLCJzbGlkZXNob3ciOiI4NDVlMjMxIn0%3D\">\n\t\t\t\t\t<div class=\"e-gallery-image elementor-gallery-item__image\" data-thumbnail=\"https:\/\/www.cm-benavente.pt\/wp-content\/uploads\/2025\/05\/Caminhada-do-Dia-Mundial-da-Atividade-Fisica-2025-63-1024x683.jpg\" data-width=\"800\" data-height=\"534\" aria-label=\"\" role=\"img\" ><\/div>\n\t\t\t\t\t\t\t\t\t\t\t<div class=\"elementor-gallery-item__overlay\"><\/div>\n\t\t\t\t\t\t\t\t\t\t\t\t\t\t<\/a>\n\t\t\t\t\t\t\t<a class=\"e-gallery-item elementor-gallery-item elementor-animated-content\" href=\"https:\/\/www.cm-benavente.pt\/wp-content\/uploads\/2025\/05\/Caminhada-do-Dia-Mundial-da-Atividade-Fisica-2025-64.jpg\" data-elementor-open-lightbox=\"yes\" data-elementor-lightbox-slideshow=\"845e231\" data-elementor-lightbox-title=\"Caminhada do Dia Mundial da Atividade F\u00edsica 2025 (64)\" data-e-action-hash=\"#elementor-action%3Aaction%3Dlightbox%26settings%3DeyJpZCI6NzIzODQsInVybCI6Imh0dHBzOlwvXC93d3cuY20tYmVuYXZlbnRlLnB0XC93cC1jb250ZW50XC91cGxvYWRzXC8yMDI1XC8wNVwvQ2FtaW5oYWRhLWRvLURpYS1NdW5kaWFsLWRhLUF0aXZpZGFkZS1GaXNpY2EtMjAyNS02NC5qcGciLCJzbGlkZXNob3ciOiI4NDVlMjMxIn0%3D\">\n\t\t\t\t\t<div class=\"e-gallery-image elementor-gallery-item__image\" data-thumbnail=\"https:\/\/www.cm-benavente.pt\/wp-content\/uploads\/2025\/05\/Caminhada-do-Dia-Mundial-da-Atividade-Fisica-2025-64-1024x683.jpg\" data-width=\"800\" data-height=\"534\" aria-label=\"\" role=\"img\" ><\/div>\n\t\t\t\t\t\t\t\t\t\t\t<div class=\"elementor-gallery-item__overlay\"><\/div>\n\t\t\t\t\t\t\t\t\t\t\t\t\t\t<\/a>\n\t\t\t\t\t\t\t<a class=\"e-gallery-item elementor-gallery-item elementor-animated-content\" href=\"https:\/\/www.cm-benavente.pt\/wp-content\/uploads\/2025\/05\/Caminhada-do-Dia-Mundial-da-Atividade-Fisica-2025-65.jpg\" data-elementor-open-lightbox=\"yes\" data-elementor-lightbox-slideshow=\"845e231\" data-elementor-lightbox-title=\"Caminhada do Dia Mundial da Atividade F\u00edsica 2025 (65)\" data-e-action-hash=\"#elementor-action%3Aaction%3Dlightbox%26settings%3DeyJpZCI6NzIzODUsInVybCI6Imh0dHBzOlwvXC93d3cuY20tYmVuYXZlbnRlLnB0XC93cC1jb250ZW50XC91cGxvYWRzXC8yMDI1XC8wNVwvQ2FtaW5oYWRhLWRvLURpYS1NdW5kaWFsLWRhLUF0aXZpZGFkZS1GaXNpY2EtMjAyNS02NS5qcGciLCJzbGlkZXNob3ciOiI4NDVlMjMxIn0%3D\">\n\t\t\t\t\t<div class=\"e-gallery-image elementor-gallery-item__image\" data-thumbnail=\"https:\/\/www.cm-benavente.pt\/wp-content\/uploads\/2025\/05\/Caminhada-do-Dia-Mundial-da-Atividade-Fisica-2025-65-1024x683.jpg\" data-width=\"800\" data-height=\"534\" aria-label=\"\" role=\"img\" ><\/div>\n\t\t\t\t\t\t\t\t\t\t\t<div class=\"elementor-gallery-item__overlay\"><\/div>\n\t\t\t\t\t\t\t\t\t\t\t\t\t\t<\/a>\n\t\t\t\t\t\t\t<a class=\"e-gallery-item elementor-gallery-item elementor-animated-content\" href=\"https:\/\/www.cm-benavente.pt\/wp-content\/uploads\/2025\/05\/Caminhada-do-Dia-Mundial-da-Atividade-Fisica-2025-66.jpg\" data-elementor-open-lightbox=\"yes\" data-elementor-lightbox-slideshow=\"845e231\" data-elementor-lightbox-title=\"Caminhada do Dia Mundial da Atividade F\u00edsica 2025 (66)\" data-e-action-hash=\"#elementor-action%3Aaction%3Dlightbox%26settings%3DeyJpZCI6NzIzODYsInVybCI6Imh0dHBzOlwvXC93d3cuY20tYmVuYXZlbnRlLnB0XC93cC1jb250ZW50XC91cGxvYWRzXC8yMDI1XC8wNVwvQ2FtaW5oYWRhLWRvLURpYS1NdW5kaWFsLWRhLUF0aXZpZGFkZS1GaXNpY2EtMjAyNS02Ni5qcGciLCJzbGlkZXNob3ciOiI4NDVlMjMxIn0%3D\">\n\t\t\t\t\t<div class=\"e-gallery-image elementor-gallery-item__image\" data-thumbnail=\"https:\/\/www.cm-benavente.pt\/wp-content\/uploads\/2025\/05\/Caminhada-do-Dia-Mundial-da-Atividade-Fisica-2025-66-1024x683.jpg\" data-width=\"800\" data-height=\"534\" aria-label=\"\" role=\"img\" ><\/div>\n\t\t\t\t\t\t\t\t\t\t\t<div class=\"elementor-gallery-item__overlay\"><\/div>\n\t\t\t\t\t\t\t\t\t\t\t\t\t\t<\/a>\n\t\t\t\t\t\t\t<a class=\"e-gallery-item elementor-gallery-item elementor-animated-content\" href=\"https:\/\/www.cm-benavente.pt\/wp-content\/uploads\/2025\/05\/Caminhada-do-Dia-Mundial-da-Atividade-Fisica-2025-67-scaled.jpg\" data-elementor-open-lightbox=\"yes\" data-elementor-lightbox-slideshow=\"845e231\" data-elementor-lightbox-title=\"Caminhada do Dia Mundial da Atividade F\u00edsica 2025 (67)\" data-e-action-hash=\"#elementor-action%3Aaction%3Dlightbox%26settings%3DeyJpZCI6NzIzODcsInVybCI6Imh0dHBzOlwvXC93d3cuY20tYmVuYXZlbnRlLnB0XC93cC1jb250ZW50XC91cGxvYWRzXC8yMDI1XC8wNVwvQ2FtaW5oYWRhLWRvLURpYS1NdW5kaWFsLWRhLUF0aXZpZGFkZS1GaXNpY2EtMjAyNS02Ny1zY2FsZWQuanBnIiwic2xpZGVzaG93IjoiODQ1ZTIzMSJ9\">\n\t\t\t\t\t<div class=\"e-gallery-image elementor-gallery-item__image\" data-thumbnail=\"https:\/\/www.cm-benavente.pt\/wp-content\/uploads\/2025\/05\/Caminhada-do-Dia-Mundial-da-Atividade-Fisica-2025-67-1024x683.jpg\" data-width=\"800\" data-height=\"534\" aria-label=\"\" role=\"img\" ><\/div>\n\t\t\t\t\t\t\t\t\t\t\t<div class=\"elementor-gallery-item__overlay\"><\/div>\n\t\t\t\t\t\t\t\t\t\t\t\t\t\t<\/a>\n\t\t\t\t\t\t\t<a class=\"e-gallery-item elementor-gallery-item elementor-animated-content\" href=\"https:\/\/www.cm-benavente.pt\/wp-content\/uploads\/2025\/05\/Caminhada-do-Dia-Mundial-da-Atividade-Fisica-2025-68.jpg\" data-elementor-open-lightbox=\"yes\" data-elementor-lightbox-slideshow=\"845e231\" data-elementor-lightbox-title=\"Caminhada do Dia Mundial da Atividade F\u00edsica 2025 (68)\" data-e-action-hash=\"#elementor-action%3Aaction%3Dlightbox%26settings%3DeyJpZCI6NzIzODgsInVybCI6Imh0dHBzOlwvXC93d3cuY20tYmVuYXZlbnRlLnB0XC93cC1jb250ZW50XC91cGxvYWRzXC8yMDI1XC8wNVwvQ2FtaW5oYWRhLWRvLURpYS1NdW5kaWFsLWRhLUF0aXZpZGFkZS1GaXNpY2EtMjAyNS02OC5qcGciLCJzbGlkZXNob3ciOiI4NDVlMjMxIn0%3D\">\n\t\t\t\t\t<div class=\"e-gallery-image elementor-gallery-item__image\" data-thumbnail=\"https:\/\/www.cm-benavente.pt\/wp-content\/uploads\/2025\/05\/Caminhada-do-Dia-Mundial-da-Atividade-Fisica-2025-68-1024x683.jpg\" data-width=\"800\" data-height=\"534\" aria-label=\"\" role=\"img\" ><\/div>\n\t\t\t\t\t\t\t\t\t\t\t<div class=\"elementor-gallery-item__overlay\"><\/div>\n\t\t\t\t\t\t\t\t\t\t\t\t\t\t<\/a>\n\t\t\t\t\t\t\t<a class=\"e-gallery-item elementor-gallery-item elementor-animated-content\" href=\"https:\/\/www.cm-benavente.pt\/wp-content\/uploads\/2025\/05\/Caminhada-do-Dia-Mundial-da-Atividade-Fisica-2025-69.jpg\" data-elementor-open-lightbox=\"yes\" data-elementor-lightbox-slideshow=\"845e231\" data-elementor-lightbox-title=\"Caminhada do Dia Mundial da Atividade F\u00edsica 2025 (69)\" data-e-action-hash=\"#elementor-action%3Aaction%3Dlightbox%26settings%3DeyJpZCI6NzIzODksInVybCI6Imh0dHBzOlwvXC93d3cuY20tYmVuYXZlbnRlLnB0XC93cC1jb250ZW50XC91cGxvYWRzXC8yMDI1XC8wNVwvQ2FtaW5oYWRhLWRvLURpYS1NdW5kaWFsLWRhLUF0aXZpZGFkZS1GaXNpY2EtMjAyNS02OS5qcGciLCJzbGlkZXNob3ciOiI4NDVlMjMxIn0%3D\">\n\t\t\t\t\t<div class=\"e-gallery-image elementor-gallery-item__image\" data-thumbnail=\"https:\/\/www.cm-benavente.pt\/wp-content\/uploads\/2025\/05\/Caminhada-do-Dia-Mundial-da-Atividade-Fisica-2025-69-1024x683.jpg\" data-width=\"800\" data-height=\"534\" aria-label=\"\" role=\"img\" ><\/div>\n\t\t\t\t\t\t\t\t\t\t\t<div class=\"elementor-gallery-item__overlay\"><\/div>\n\t\t\t\t\t\t\t\t\t\t\t\t\t\t<\/a>\n\t\t\t\t\t\t\t<a class=\"e-gallery-item elementor-gallery-item elementor-animated-content\" href=\"https:\/\/www.cm-benavente.pt\/wp-content\/uploads\/2025\/05\/Caminhada-do-Dia-Mundial-da-Atividade-Fisica-2025-70-scaled.jpg\" data-elementor-open-lightbox=\"yes\" data-elementor-lightbox-slideshow=\"845e231\" data-elementor-lightbox-title=\"Caminhada do Dia Mundial da Atividade F\u00edsica 2025 (70)\" data-e-action-hash=\"#elementor-action%3Aaction%3Dlightbox%26settings%3DeyJpZCI6NzIzOTAsInVybCI6Imh0dHBzOlwvXC93d3cuY20tYmVuYXZlbnRlLnB0XC93cC1jb250ZW50XC91cGxvYWRzXC8yMDI1XC8wNVwvQ2FtaW5oYWRhLWRvLURpYS1NdW5kaWFsLWRhLUF0aXZpZGFkZS1GaXNpY2EtMjAyNS03MC1zY2FsZWQuanBnIiwic2xpZGVzaG93IjoiODQ1ZTIzMSJ9\">\n\t\t\t\t\t<div class=\"e-gallery-image elementor-gallery-item__image\" data-thumbnail=\"https:\/\/www.cm-benavente.pt\/wp-content\/uploads\/2025\/05\/Caminhada-do-Dia-Mundial-da-Atividade-Fisica-2025-70-1024x683.jpg\" data-width=\"800\" data-height=\"534\" aria-label=\"\" role=\"img\" ><\/div>\n\t\t\t\t\t\t\t\t\t\t\t<div class=\"elementor-gallery-item__overlay\"><\/div>\n\t\t\t\t\t\t\t\t\t\t\t\t\t\t<\/a>\n\t\t\t\t\t\t\t<a class=\"e-gallery-item elementor-gallery-item elementor-animated-content\" href=\"https:\/\/www.cm-benavente.pt\/wp-content\/uploads\/2025\/05\/Caminhada-do-Dia-Mundial-da-Atividade-Fisica-2025-71.jpg\" data-elementor-open-lightbox=\"yes\" data-elementor-lightbox-slideshow=\"845e231\" data-elementor-lightbox-title=\"Caminhada do Dia Mundial da Atividade F\u00edsica 2025 (71)\" data-e-action-hash=\"#elementor-action%3Aaction%3Dlightbox%26settings%3DeyJpZCI6NzIzOTEsInVybCI6Imh0dHBzOlwvXC93d3cuY20tYmVuYXZlbnRlLnB0XC93cC1jb250ZW50XC91cGxvYWRzXC8yMDI1XC8wNVwvQ2FtaW5oYWRhLWRvLURpYS1NdW5kaWFsLWRhLUF0aXZpZGFkZS1GaXNpY2EtMjAyNS03MS5qcGciLCJzbGlkZXNob3ciOiI4NDVlMjMxIn0%3D\">\n\t\t\t\t\t<div class=\"e-gallery-image elementor-gallery-item__image\" data-thumbnail=\"https:\/\/www.cm-benavente.pt\/wp-content\/uploads\/2025\/05\/Caminhada-do-Dia-Mundial-da-Atividade-Fisica-2025-71-1024x683.jpg\" data-width=\"800\" data-height=\"534\" aria-label=\"\" role=\"img\" ><\/div>\n\t\t\t\t\t\t\t\t\t\t\t<div class=\"elementor-gallery-item__overlay\"><\/div>\n\t\t\t\t\t\t\t\t\t\t\t\t\t\t<\/a>\n\t\t\t\t\t\t\t<a class=\"e-gallery-item elementor-gallery-item elementor-animated-content\" href=\"https:\/\/www.cm-benavente.pt\/wp-content\/uploads\/2025\/05\/Caminhada-do-Dia-Mundial-da-Atividade-Fisica-2025-72.jpg\" data-elementor-open-lightbox=\"yes\" data-elementor-lightbox-slideshow=\"845e231\" data-elementor-lightbox-title=\"Caminhada do Dia Mundial da Atividade F\u00edsica 2025 (72)\" data-e-action-hash=\"#elementor-action%3Aaction%3Dlightbox%26settings%3DeyJpZCI6NzIzOTIsInVybCI6Imh0dHBzOlwvXC93d3cuY20tYmVuYXZlbnRlLnB0XC93cC1jb250ZW50XC91cGxvYWRzXC8yMDI1XC8wNVwvQ2FtaW5oYWRhLWRvLURpYS1NdW5kaWFsLWRhLUF0aXZpZGFkZS1GaXNpY2EtMjAyNS03Mi5qcGciLCJzbGlkZXNob3ciOiI4NDVlMjMxIn0%3D\">\n\t\t\t\t\t<div class=\"e-gallery-image elementor-gallery-item__image\" data-thumbnail=\"https:\/\/www.cm-benavente.pt\/wp-content\/uploads\/2025\/05\/Caminhada-do-Dia-Mundial-da-Atividade-Fisica-2025-72-1024x683.jpg\" data-width=\"800\" data-height=\"534\" aria-label=\"\" role=\"img\" ><\/div>\n\t\t\t\t\t\t\t\t\t\t\t<div class=\"elementor-gallery-item__overlay\"><\/div>\n\t\t\t\t\t\t\t\t\t\t\t\t\t\t<\/a>\n\t\t\t\t\t\t\t<a class=\"e-gallery-item elementor-gallery-item elementor-animated-content\" href=\"https:\/\/www.cm-benavente.pt\/wp-content\/uploads\/2025\/05\/Caminhada-do-Dia-Mundial-da-Atividade-Fisica-2025-73-scaled.jpg\" data-elementor-open-lightbox=\"yes\" data-elementor-lightbox-slideshow=\"845e231\" data-elementor-lightbox-title=\"Caminhada do Dia Mundial da Atividade F\u00edsica 2025 (73)\" data-e-action-hash=\"#elementor-action%3Aaction%3Dlightbox%26settings%3DeyJpZCI6NzIzOTMsInVybCI6Imh0dHBzOlwvXC93d3cuY20tYmVuYXZlbnRlLnB0XC93cC1jb250ZW50XC91cGxvYWRzXC8yMDI1XC8wNVwvQ2FtaW5oYWRhLWRvLURpYS1NdW5kaWFsLWRhLUF0aXZpZGFkZS1GaXNpY2EtMjAyNS03My1zY2FsZWQuanBnIiwic2xpZGVzaG93IjoiODQ1ZTIzMSJ9\">\n\t\t\t\t\t<div class=\"e-gallery-image elementor-gallery-item__image\" data-thumbnail=\"https:\/\/www.cm-benavente.pt\/wp-content\/uploads\/2025\/05\/Caminhada-do-Dia-Mundial-da-Atividade-Fisica-2025-73-1024x683.jpg\" data-width=\"800\" data-height=\"534\" aria-label=\"\" role=\"img\" ><\/div>\n\t\t\t\t\t\t\t\t\t\t\t<div class=\"elementor-gallery-item__overlay\"><\/div>\n\t\t\t\t\t\t\t\t\t\t\t\t\t\t<\/a>\n\t\t\t\t\t\t\t<a class=\"e-gallery-item elementor-gallery-item elementor-animated-content\" href=\"https:\/\/www.cm-benavente.pt\/wp-content\/uploads\/2025\/05\/Caminhada-do-Dia-Mundial-da-Atividade-Fisica-2025-74.jpg\" data-elementor-open-lightbox=\"yes\" data-elementor-lightbox-slideshow=\"845e231\" data-elementor-lightbox-title=\"Caminhada do Dia Mundial da Atividade F\u00edsica 2025 (74)\" data-e-action-hash=\"#elementor-action%3Aaction%3Dlightbox%26settings%3DeyJpZCI6NzIzOTQsInVybCI6Imh0dHBzOlwvXC93d3cuY20tYmVuYXZlbnRlLnB0XC93cC1jb250ZW50XC91cGxvYWRzXC8yMDI1XC8wNVwvQ2FtaW5oYWRhLWRvLURpYS1NdW5kaWFsLWRhLUF0aXZpZGFkZS1GaXNpY2EtMjAyNS03NC5qcGciLCJzbGlkZXNob3ciOiI4NDVlMjMxIn0%3D\">\n\t\t\t\t\t<div class=\"e-gallery-image elementor-gallery-item__image\" data-thumbnail=\"https:\/\/www.cm-benavente.pt\/wp-content\/uploads\/2025\/05\/Caminhada-do-Dia-Mundial-da-Atividade-Fisica-2025-74-1024x683.jpg\" data-width=\"800\" data-height=\"534\" aria-label=\"\" role=\"img\" ><\/div>\n\t\t\t\t\t\t\t\t\t\t\t<div class=\"elementor-gallery-item__overlay\"><\/div>\n\t\t\t\t\t\t\t\t\t\t\t\t\t\t<\/a>\n\t\t\t\t\t\t\t<a class=\"e-gallery-item elementor-gallery-item elementor-animated-content\" href=\"https:\/\/www.cm-benavente.pt\/wp-content\/uploads\/2025\/05\/Caminhada-do-Dia-Mundial-da-Atividade-Fisica-2025-75-scaled.jpg\" data-elementor-open-lightbox=\"yes\" data-elementor-lightbox-slideshow=\"845e231\" data-elementor-lightbox-title=\"Caminhada do Dia Mundial da Atividade F\u00edsica 2025 (75)\" data-e-action-hash=\"#elementor-action%3Aaction%3Dlightbox%26settings%3DeyJpZCI6NzIzOTUsInVybCI6Imh0dHBzOlwvXC93d3cuY20tYmVuYXZlbnRlLnB0XC93cC1jb250ZW50XC91cGxvYWRzXC8yMDI1XC8wNVwvQ2FtaW5oYWRhLWRvLURpYS1NdW5kaWFsLWRhLUF0aXZpZGFkZS1GaXNpY2EtMjAyNS03NS1zY2FsZWQuanBnIiwic2xpZGVzaG93IjoiODQ1ZTIzMSJ9\">\n\t\t\t\t\t<div class=\"e-gallery-image elementor-gallery-item__image\" data-thumbnail=\"https:\/\/www.cm-benavente.pt\/wp-content\/uploads\/2025\/05\/Caminhada-do-Dia-Mundial-da-Atividade-Fisica-2025-75-1024x683.jpg\" data-width=\"800\" data-height=\"534\" aria-label=\"\" role=\"img\" ><\/div>\n\t\t\t\t\t\t\t\t\t\t\t<div class=\"elementor-gallery-item__overlay\"><\/div>\n\t\t\t\t\t\t\t\t\t\t\t\t\t\t<\/a>\n\t\t\t\t\t\t\t<a class=\"e-gallery-item elementor-gallery-item elementor-animated-content\" href=\"https:\/\/www.cm-benavente.pt\/wp-content\/uploads\/2025\/05\/Caminhada-do-Dia-Mundial-da-Atividade-Fisica-2025-76-scaled.jpg\" data-elementor-open-lightbox=\"yes\" data-elementor-lightbox-slideshow=\"845e231\" data-elementor-lightbox-title=\"Caminhada do Dia Mundial da Atividade F\u00edsica 2025 (76)\" data-e-action-hash=\"#elementor-action%3Aaction%3Dlightbox%26settings%3DeyJpZCI6NzIzOTYsInVybCI6Imh0dHBzOlwvXC93d3cuY20tYmVuYXZlbnRlLnB0XC93cC1jb250ZW50XC91cGxvYWRzXC8yMDI1XC8wNVwvQ2FtaW5oYWRhLWRvLURpYS1NdW5kaWFsLWRhLUF0aXZpZGFkZS1GaXNpY2EtMjAyNS03Ni1zY2FsZWQuanBnIiwic2xpZGVzaG93IjoiODQ1ZTIzMSJ9\">\n\t\t\t\t\t<div class=\"e-gallery-image elementor-gallery-item__image\" data-thumbnail=\"https:\/\/www.cm-benavente.pt\/wp-content\/uploads\/2025\/05\/Caminhada-do-Dia-Mundial-da-Atividade-Fisica-2025-76-1024x683.jpg\" data-width=\"800\" data-height=\"534\" aria-label=\"\" role=\"img\" ><\/div>\n\t\t\t\t\t\t\t\t\t\t\t<div class=\"elementor-gallery-item__overlay\"><\/div>\n\t\t\t\t\t\t\t\t\t\t\t\t\t\t<\/a>\n\t\t\t\t\t\t\t<a class=\"e-gallery-item elementor-gallery-item elementor-animated-content\" href=\"https:\/\/www.cm-benavente.pt\/wp-content\/uploads\/2025\/05\/Caminhada-do-Dia-Mundial-da-Atividade-Fisica-2025-77.jpg\" data-elementor-open-lightbox=\"yes\" data-elementor-lightbox-slideshow=\"845e231\" data-elementor-lightbox-title=\"Caminhada do Dia Mundial da Atividade F\u00edsica 2025 (77)\" data-e-action-hash=\"#elementor-action%3Aaction%3Dlightbox%26settings%3DeyJpZCI6NzIzOTcsInVybCI6Imh0dHBzOlwvXC93d3cuY20tYmVuYXZlbnRlLnB0XC93cC1jb250ZW50XC91cGxvYWRzXC8yMDI1XC8wNVwvQ2FtaW5oYWRhLWRvLURpYS1NdW5kaWFsLWRhLUF0aXZpZGFkZS1GaXNpY2EtMjAyNS03Ny5qcGciLCJzbGlkZXNob3ciOiI4NDVlMjMxIn0%3D\">\n\t\t\t\t\t<div class=\"e-gallery-image elementor-gallery-item__image\" data-thumbnail=\"https:\/\/www.cm-benavente.pt\/wp-content\/uploads\/2025\/05\/Caminhada-do-Dia-Mundial-da-Atividade-Fisica-2025-77-1024x682.jpg\" data-width=\"800\" data-height=\"533\" aria-label=\"\" role=\"img\" ><\/div>\n\t\t\t\t\t\t\t\t\t\t\t<div class=\"elementor-gallery-item__overlay\"><\/div>\n\t\t\t\t\t\t\t\t\t\t\t\t\t\t<\/a>\n\t\t\t\t\t\t\t<a class=\"e-gallery-item elementor-gallery-item elementor-animated-content\" href=\"https:\/\/www.cm-benavente.pt\/wp-content\/uploads\/2025\/05\/Caminhada-do-Dia-Mundial-da-Atividade-Fisica-2025-78.jpg\" data-elementor-open-lightbox=\"yes\" data-elementor-lightbox-slideshow=\"845e231\" data-elementor-lightbox-title=\"Caminhada do Dia Mundial da Atividade F\u00edsica 2025 (78)\" data-e-action-hash=\"#elementor-action%3Aaction%3Dlightbox%26settings%3DeyJpZCI6NzIzOTgsInVybCI6Imh0dHBzOlwvXC93d3cuY20tYmVuYXZlbnRlLnB0XC93cC1jb250ZW50XC91cGxvYWRzXC8yMDI1XC8wNVwvQ2FtaW5oYWRhLWRvLURpYS1NdW5kaWFsLWRhLUF0aXZpZGFkZS1GaXNpY2EtMjAyNS03OC5qcGciLCJzbGlkZXNob3ciOiI4NDVlMjMxIn0%3D\">\n\t\t\t\t\t<div class=\"e-gallery-image elementor-gallery-item__image\" data-thumbnail=\"https:\/\/www.cm-benavente.pt\/wp-content\/uploads\/2025\/05\/Caminhada-do-Dia-Mundial-da-Atividade-Fisica-2025-78-1024x683.jpg\" data-width=\"800\" data-height=\"534\" aria-label=\"\" role=\"img\" ><\/div>\n\t\t\t\t\t\t\t\t\t\t\t<div class=\"elementor-gallery-item__overlay\"><\/div>\n\t\t\t\t\t\t\t\t\t\t\t\t\t\t<\/a>\n\t\t\t\t\t\t\t<a class=\"e-gallery-item elementor-gallery-item elementor-animated-content\" href=\"https:\/\/www.cm-benavente.pt\/wp-content\/uploads\/2025\/05\/Caminhada-do-Dia-Mundial-da-Atividade-Fisica-2025-79.jpg\" data-elementor-open-lightbox=\"yes\" data-elementor-lightbox-slideshow=\"845e231\" data-elementor-lightbox-title=\"Caminhada do Dia Mundial da Atividade F\u00edsica 2025 (79)\" data-e-action-hash=\"#elementor-action%3Aaction%3Dlightbox%26settings%3DeyJpZCI6NzIzOTksInVybCI6Imh0dHBzOlwvXC93d3cuY20tYmVuYXZlbnRlLnB0XC93cC1jb250ZW50XC91cGxvYWRzXC8yMDI1XC8wNVwvQ2FtaW5oYWRhLWRvLURpYS1NdW5kaWFsLWRhLUF0aXZpZGFkZS1GaXNpY2EtMjAyNS03OS5qcGciLCJzbGlkZXNob3ciOiI4NDVlMjMxIn0%3D\">\n\t\t\t\t\t<div class=\"e-gallery-image elementor-gallery-item__image\" data-thumbnail=\"https:\/\/www.cm-benavente.pt\/wp-content\/uploads\/2025\/05\/Caminhada-do-Dia-Mundial-da-Atividade-Fisica-2025-79-1024x683.jpg\" data-width=\"800\" data-height=\"534\" aria-label=\"\" role=\"img\" ><\/div>\n\t\t\t\t\t\t\t\t\t\t\t<div class=\"elementor-gallery-item__overlay\"><\/div>\n\t\t\t\t\t\t\t\t\t\t\t\t\t\t<\/a>\n\t\t\t\t\t\t\t<a class=\"e-gallery-item elementor-gallery-item elementor-animated-content\" href=\"https:\/\/www.cm-benavente.pt\/wp-content\/uploads\/2025\/05\/Caminhada-do-Dia-Mundial-da-Atividade-Fisica-2025-80.jpg\" data-elementor-open-lightbox=\"yes\" data-elementor-lightbox-slideshow=\"845e231\" data-elementor-lightbox-title=\"Caminhada do Dia Mundial da Atividade F\u00edsica 2025 (80)\" data-e-action-hash=\"#elementor-action%3Aaction%3Dlightbox%26settings%3DeyJpZCI6NzI0MDAsInVybCI6Imh0dHBzOlwvXC93d3cuY20tYmVuYXZlbnRlLnB0XC93cC1jb250ZW50XC91cGxvYWRzXC8yMDI1XC8wNVwvQ2FtaW5oYWRhLWRvLURpYS1NdW5kaWFsLWRhLUF0aXZpZGFkZS1GaXNpY2EtMjAyNS04MC5qcGciLCJzbGlkZXNob3ciOiI4NDVlMjMxIn0%3D\">\n\t\t\t\t\t<div class=\"e-gallery-image elementor-gallery-item__image\" data-thumbnail=\"https:\/\/www.cm-benavente.pt\/wp-content\/uploads\/2025\/05\/Caminhada-do-Dia-Mundial-da-Atividade-Fisica-2025-80-1024x682.jpg\" data-width=\"800\" data-height=\"533\" aria-label=\"\" role=\"img\" ><\/div>\n\t\t\t\t\t\t\t\t\t\t\t<div class=\"elementor-gallery-item__overlay\"><\/div>\n\t\t\t\t\t\t\t\t\t\t\t\t\t\t<\/a>\n\t\t\t\t\t\t\t<a class=\"e-gallery-item elementor-gallery-item elementor-animated-content\" href=\"https:\/\/www.cm-benavente.pt\/wp-content\/uploads\/2025\/05\/Caminhada-do-Dia-Mundial-da-Atividade-Fisica-2025-81.jpg\" data-elementor-open-lightbox=\"yes\" data-elementor-lightbox-slideshow=\"845e231\" data-elementor-lightbox-title=\"Caminhada do Dia Mundial da Atividade F\u00edsica 2025 (81)\" data-e-action-hash=\"#elementor-action%3Aaction%3Dlightbox%26settings%3DeyJpZCI6NzI0MDEsInVybCI6Imh0dHBzOlwvXC93d3cuY20tYmVuYXZlbnRlLnB0XC93cC1jb250ZW50XC91cGxvYWRzXC8yMDI1XC8wNVwvQ2FtaW5oYWRhLWRvLURpYS1NdW5kaWFsLWRhLUF0aXZpZGFkZS1GaXNpY2EtMjAyNS04MS5qcGciLCJzbGlkZXNob3ciOiI4NDVlMjMxIn0%3D\">\n\t\t\t\t\t<div class=\"e-gallery-image elementor-gallery-item__image\" data-thumbnail=\"https:\/\/www.cm-benavente.pt\/wp-content\/uploads\/2025\/05\/Caminhada-do-Dia-Mundial-da-Atividade-Fisica-2025-81-1024x682.jpg\" data-width=\"800\" data-height=\"533\" aria-label=\"\" role=\"img\" ><\/div>\n\t\t\t\t\t\t\t\t\t\t\t<div class=\"elementor-gallery-item__overlay\"><\/div>\n\t\t\t\t\t\t\t\t\t\t\t\t\t\t<\/a>\n\t\t\t\t\t\t\t<a class=\"e-gallery-item elementor-gallery-item elementor-animated-content\" href=\"https:\/\/www.cm-benavente.pt\/wp-content\/uploads\/2025\/05\/Caminhada-do-Dia-Mundial-da-Atividade-Fisica-2025-82.jpg\" data-elementor-open-lightbox=\"yes\" data-elementor-lightbox-slideshow=\"845e231\" data-elementor-lightbox-title=\"Caminhada do Dia Mundial da Atividade F\u00edsica 2025 (82)\" data-e-action-hash=\"#elementor-action%3Aaction%3Dlightbox%26settings%3DeyJpZCI6NzI0MDIsInVybCI6Imh0dHBzOlwvXC93d3cuY20tYmVuYXZlbnRlLnB0XC93cC1jb250ZW50XC91cGxvYWRzXC8yMDI1XC8wNVwvQ2FtaW5oYWRhLWRvLURpYS1NdW5kaWFsLWRhLUF0aXZpZGFkZS1GaXNpY2EtMjAyNS04Mi5qcGciLCJzbGlkZXNob3ciOiI4NDVlMjMxIn0%3D\">\n\t\t\t\t\t<div class=\"e-gallery-image elementor-gallery-item__image\" data-thumbnail=\"https:\/\/www.cm-benavente.pt\/wp-content\/uploads\/2025\/05\/Caminhada-do-Dia-Mundial-da-Atividade-Fisica-2025-82-1024x683.jpg\" data-width=\"800\" data-height=\"534\" aria-label=\"\" role=\"img\" ><\/div>\n\t\t\t\t\t\t\t\t\t\t\t<div class=\"elementor-gallery-item__overlay\"><\/div>\n\t\t\t\t\t\t\t\t\t\t\t\t\t\t<\/a>\n\t\t\t\t\t\t\t<a class=\"e-gallery-item elementor-gallery-item elementor-animated-content\" href=\"https:\/\/www.cm-benavente.pt\/wp-content\/uploads\/2025\/05\/Caminhada-do-Dia-Mundial-da-Atividade-Fisica-2025-83.jpg\" data-elementor-open-lightbox=\"yes\" data-elementor-lightbox-slideshow=\"845e231\" data-elementor-lightbox-title=\"Caminhada do Dia Mundial da Atividade F\u00edsica 2025 (83)\" data-e-action-hash=\"#elementor-action%3Aaction%3Dlightbox%26settings%3DeyJpZCI6NzI0MDMsInVybCI6Imh0dHBzOlwvXC93d3cuY20tYmVuYXZlbnRlLnB0XC93cC1jb250ZW50XC91cGxvYWRzXC8yMDI1XC8wNVwvQ2FtaW5oYWRhLWRvLURpYS1NdW5kaWFsLWRhLUF0aXZpZGFkZS1GaXNpY2EtMjAyNS04My5qcGciLCJzbGlkZXNob3ciOiI4NDVlMjMxIn0%3D\">\n\t\t\t\t\t<div class=\"e-gallery-image elementor-gallery-item__image\" data-thumbnail=\"https:\/\/www.cm-benavente.pt\/wp-content\/uploads\/2025\/05\/Caminhada-do-Dia-Mundial-da-Atividade-Fisica-2025-83-1024x683.jpg\" data-width=\"800\" data-height=\"534\" aria-label=\"\" role=\"img\" ><\/div>\n\t\t\t\t\t\t\t\t\t\t\t<div class=\"elementor-gallery-item__overlay\"><\/div>\n\t\t\t\t\t\t\t\t\t\t\t\t\t\t<\/a>\n\t\t\t\t\t\t\t<a class=\"e-gallery-item elementor-gallery-item elementor-animated-content\" href=\"https:\/\/www.cm-benavente.pt\/wp-content\/uploads\/2025\/05\/Caminhada-do-Dia-Mundial-da-Atividade-Fisica-2025-84.jpg\" data-elementor-open-lightbox=\"yes\" data-elementor-lightbox-slideshow=\"845e231\" data-elementor-lightbox-title=\"Caminhada do Dia Mundial da Atividade F\u00edsica 2025 (84)\" data-e-action-hash=\"#elementor-action%3Aaction%3Dlightbox%26settings%3DeyJpZCI6NzI0MDQsInVybCI6Imh0dHBzOlwvXC93d3cuY20tYmVuYXZlbnRlLnB0XC93cC1jb250ZW50XC91cGxvYWRzXC8yMDI1XC8wNVwvQ2FtaW5oYWRhLWRvLURpYS1NdW5kaWFsLWRhLUF0aXZpZGFkZS1GaXNpY2EtMjAyNS04NC5qcGciLCJzbGlkZXNob3ciOiI4NDVlMjMxIn0%3D\">\n\t\t\t\t\t<div class=\"e-gallery-image elementor-gallery-item__image\" data-thumbnail=\"https:\/\/www.cm-benavente.pt\/wp-content\/uploads\/2025\/05\/Caminhada-do-Dia-Mundial-da-Atividade-Fisica-2025-84-1024x683.jpg\" data-width=\"800\" data-height=\"534\" aria-label=\"\" role=\"img\" ><\/div>\n\t\t\t\t\t\t\t\t\t\t\t<div class=\"elementor-gallery-item__overlay\"><\/div>\n\t\t\t\t\t\t\t\t\t\t\t\t\t\t<\/a>\n\t\t\t\t\t\t\t<a class=\"e-gallery-item elementor-gallery-item elementor-animated-content\" href=\"https:\/\/www.cm-benavente.pt\/wp-content\/uploads\/2025\/05\/Caminhada-do-Dia-Mundial-da-Atividade-Fisica-2025-85.jpg\" data-elementor-open-lightbox=\"yes\" data-elementor-lightbox-slideshow=\"845e231\" data-elementor-lightbox-title=\"Caminhada do Dia Mundial da Atividade F\u00edsica 2025 (85)\" data-e-action-hash=\"#elementor-action%3Aaction%3Dlightbox%26settings%3DeyJpZCI6NzI0MDUsInVybCI6Imh0dHBzOlwvXC93d3cuY20tYmVuYXZlbnRlLnB0XC93cC1jb250ZW50XC91cGxvYWRzXC8yMDI1XC8wNVwvQ2FtaW5oYWRhLWRvLURpYS1NdW5kaWFsLWRhLUF0aXZpZGFkZS1GaXNpY2EtMjAyNS04NS5qcGciLCJzbGlkZXNob3ciOiI4NDVlMjMxIn0%3D\">\n\t\t\t\t\t<div class=\"e-gallery-image elementor-gallery-item__image\" data-thumbnail=\"https:\/\/www.cm-benavente.pt\/wp-content\/uploads\/2025\/05\/Caminhada-do-Dia-Mundial-da-Atividade-Fisica-2025-85-1024x683.jpg\" data-width=\"800\" data-height=\"534\" aria-label=\"\" role=\"img\" ><\/div>\n\t\t\t\t\t\t\t\t\t\t\t<div class=\"elementor-gallery-item__overlay\"><\/div>\n\t\t\t\t\t\t\t\t\t\t\t\t\t\t<\/a>\n\t\t\t\t\t\t\t<a class=\"e-gallery-item elementor-gallery-item elementor-animated-content\" href=\"https:\/\/www.cm-benavente.pt\/wp-content\/uploads\/2025\/05\/Caminhada-do-Dia-Mundial-da-Atividade-Fisica-2025-86.jpg\" data-elementor-open-lightbox=\"yes\" data-elementor-lightbox-slideshow=\"845e231\" data-elementor-lightbox-title=\"Caminhada do Dia Mundial da Atividade F\u00edsica 2025 (86)\" data-e-action-hash=\"#elementor-action%3Aaction%3Dlightbox%26settings%3DeyJpZCI6NzI0MDYsInVybCI6Imh0dHBzOlwvXC93d3cuY20tYmVuYXZlbnRlLnB0XC93cC1jb250ZW50XC91cGxvYWRzXC8yMDI1XC8wNVwvQ2FtaW5oYWRhLWRvLURpYS1NdW5kaWFsLWRhLUF0aXZpZGFkZS1GaXNpY2EtMjAyNS04Ni5qcGciLCJzbGlkZXNob3ciOiI4NDVlMjMxIn0%3D\">\n\t\t\t\t\t<div class=\"e-gallery-image elementor-gallery-item__image\" data-thumbnail=\"https:\/\/www.cm-benavente.pt\/wp-content\/uploads\/2025\/05\/Caminhada-do-Dia-Mundial-da-Atividade-Fisica-2025-86-1024x682.jpg\" data-width=\"800\" data-height=\"533\" aria-label=\"\" role=\"img\" ><\/div>\n\t\t\t\t\t\t\t\t\t\t\t<div class=\"elementor-gallery-item__overlay\"><\/div>\n\t\t\t\t\t\t\t\t\t\t\t\t\t\t<\/a>\n\t\t\t\t\t\t\t<a class=\"e-gallery-item elementor-gallery-item elementor-animated-content\" href=\"https:\/\/www.cm-benavente.pt\/wp-content\/uploads\/2025\/05\/Caminhada-do-Dia-Mundial-da-Atividade-Fisica-2025-87-scaled.jpg\" data-elementor-open-lightbox=\"yes\" data-elementor-lightbox-slideshow=\"845e231\" data-elementor-lightbox-title=\"Caminhada do Dia Mundial da Atividade F\u00edsica 2025 (87)\" data-e-action-hash=\"#elementor-action%3Aaction%3Dlightbox%26settings%3DeyJpZCI6NzI0MDcsInVybCI6Imh0dHBzOlwvXC93d3cuY20tYmVuYXZlbnRlLnB0XC93cC1jb250ZW50XC91cGxvYWRzXC8yMDI1XC8wNVwvQ2FtaW5oYWRhLWRvLURpYS1NdW5kaWFsLWRhLUF0aXZpZGFkZS1GaXNpY2EtMjAyNS04Ny1zY2FsZWQuanBnIiwic2xpZGVzaG93IjoiODQ1ZTIzMSJ9\">\n\t\t\t\t\t<div class=\"e-gallery-image elementor-gallery-item__image\" data-thumbnail=\"https:\/\/www.cm-benavente.pt\/wp-content\/uploads\/2025\/05\/Caminhada-do-Dia-Mundial-da-Atividade-Fisica-2025-87-1024x683.jpg\" data-width=\"800\" data-height=\"534\" aria-label=\"\" role=\"img\" ><\/div>\n\t\t\t\t\t\t\t\t\t\t\t<div class=\"elementor-gallery-item__overlay\"><\/div>\n\t\t\t\t\t\t\t\t\t\t\t\t\t\t<\/a>\n\t\t\t\t\t\t\t<a class=\"e-gallery-item elementor-gallery-item elementor-animated-content\" href=\"https:\/\/www.cm-benavente.pt\/wp-content\/uploads\/2025\/05\/Caminhada-do-Dia-Mundial-da-Atividade-Fisica-2025-88.jpg\" data-elementor-open-lightbox=\"yes\" data-elementor-lightbox-slideshow=\"845e231\" data-elementor-lightbox-title=\"Caminhada do Dia Mundial da Atividade F\u00edsica 2025 (88)\" data-e-action-hash=\"#elementor-action%3Aaction%3Dlightbox%26settings%3DeyJpZCI6NzI0MDgsInVybCI6Imh0dHBzOlwvXC93d3cuY20tYmVuYXZlbnRlLnB0XC93cC1jb250ZW50XC91cGxvYWRzXC8yMDI1XC8wNVwvQ2FtaW5oYWRhLWRvLURpYS1NdW5kaWFsLWRhLUF0aXZpZGFkZS1GaXNpY2EtMjAyNS04OC5qcGciLCJzbGlkZXNob3ciOiI4NDVlMjMxIn0%3D\">\n\t\t\t\t\t<div class=\"e-gallery-image elementor-gallery-item__image\" data-thumbnail=\"https:\/\/www.cm-benavente.pt\/wp-content\/uploads\/2025\/05\/Caminhada-do-Dia-Mundial-da-Atividade-Fisica-2025-88-1024x683.jpg\" data-width=\"800\" data-height=\"534\" aria-label=\"\" role=\"img\" ><\/div>\n\t\t\t\t\t\t\t\t\t\t\t<div class=\"elementor-gallery-item__overlay\"><\/div>\n\t\t\t\t\t\t\t\t\t\t\t\t\t\t<\/a>\n\t\t\t\t\t\t\t<a class=\"e-gallery-item elementor-gallery-item elementor-animated-content\" href=\"https:\/\/www.cm-benavente.pt\/wp-content\/uploads\/2025\/05\/Caminhada-do-Dia-Mundial-da-Atividade-Fisica-2025-89.jpg\" data-elementor-open-lightbox=\"yes\" data-elementor-lightbox-slideshow=\"845e231\" data-elementor-lightbox-title=\"Caminhada do Dia Mundial da Atividade F\u00edsica 2025 (89)\" data-e-action-hash=\"#elementor-action%3Aaction%3Dlightbox%26settings%3DeyJpZCI6NzI0MDksInVybCI6Imh0dHBzOlwvXC93d3cuY20tYmVuYXZlbnRlLnB0XC93cC1jb250ZW50XC91cGxvYWRzXC8yMDI1XC8wNVwvQ2FtaW5oYWRhLWRvLURpYS1NdW5kaWFsLWRhLUF0aXZpZGFkZS1GaXNpY2EtMjAyNS04OS5qcGciLCJzbGlkZXNob3ciOiI4NDVlMjMxIn0%3D\">\n\t\t\t\t\t<div class=\"e-gallery-image elementor-gallery-item__image\" data-thumbnail=\"https:\/\/www.cm-benavente.pt\/wp-content\/uploads\/2025\/05\/Caminhada-do-Dia-Mundial-da-Atividade-Fisica-2025-89-1024x683.jpg\" data-width=\"800\" data-height=\"534\" aria-label=\"\" role=\"img\" ><\/div>\n\t\t\t\t\t\t\t\t\t\t\t<div class=\"elementor-gallery-item__overlay\"><\/div>\n\t\t\t\t\t\t\t\t\t\t\t\t\t\t<\/a>\n\t\t\t\t\t\t\t<a class=\"e-gallery-item elementor-gallery-item elementor-animated-content\" href=\"https:\/\/www.cm-benavente.pt\/wp-content\/uploads\/2025\/05\/Caminhada-do-Dia-Mundial-da-Atividade-Fisica-2025-90.jpg\" data-elementor-open-lightbox=\"yes\" data-elementor-lightbox-slideshow=\"845e231\" data-elementor-lightbox-title=\"Caminhada do Dia Mundial da Atividade F\u00edsica 2025 (90)\" data-e-action-hash=\"#elementor-action%3Aaction%3Dlightbox%26settings%3DeyJpZCI6NzI0MTAsInVybCI6Imh0dHBzOlwvXC93d3cuY20tYmVuYXZlbnRlLnB0XC93cC1jb250ZW50XC91cGxvYWRzXC8yMDI1XC8wNVwvQ2FtaW5oYWRhLWRvLURpYS1NdW5kaWFsLWRhLUF0aXZpZGFkZS1GaXNpY2EtMjAyNS05MC5qcGciLCJzbGlkZXNob3ciOiI4NDVlMjMxIn0%3D\">\n\t\t\t\t\t<div class=\"e-gallery-image elementor-gallery-item__image\" data-thumbnail=\"https:\/\/www.cm-benavente.pt\/wp-content\/uploads\/2025\/05\/Caminhada-do-Dia-Mundial-da-Atividade-Fisica-2025-90-1024x683.jpg\" data-width=\"800\" data-height=\"534\" aria-label=\"\" role=\"img\" ><\/div>\n\t\t\t\t\t\t\t\t\t\t\t<div class=\"elementor-gallery-item__overlay\"><\/div>\n\t\t\t\t\t\t\t\t\t\t\t\t\t\t<\/a>\n\t\t\t\t\t\t\t<a class=\"e-gallery-item elementor-gallery-item elementor-animated-content\" href=\"https:\/\/www.cm-benavente.pt\/wp-content\/uploads\/2025\/05\/Caminhada-do-Dia-Mundial-da-Atividade-Fisica-2025-91.jpg\" data-elementor-open-lightbox=\"yes\" data-elementor-lightbox-slideshow=\"845e231\" data-elementor-lightbox-title=\"Caminhada do Dia Mundial da Atividade F\u00edsica 2025 (91)\" data-e-action-hash=\"#elementor-action%3Aaction%3Dlightbox%26settings%3DeyJpZCI6NzI0MTEsInVybCI6Imh0dHBzOlwvXC93d3cuY20tYmVuYXZlbnRlLnB0XC93cC1jb250ZW50XC91cGxvYWRzXC8yMDI1XC8wNVwvQ2FtaW5oYWRhLWRvLURpYS1NdW5kaWFsLWRhLUF0aXZpZGFkZS1GaXNpY2EtMjAyNS05MS5qcGciLCJzbGlkZXNob3ciOiI4NDVlMjMxIn0%3D\">\n\t\t\t\t\t<div class=\"e-gallery-image elementor-gallery-item__image\" data-thumbnail=\"https:\/\/www.cm-benavente.pt\/wp-content\/uploads\/2025\/05\/Caminhada-do-Dia-Mundial-da-Atividade-Fisica-2025-91-1024x682.jpg\" data-width=\"800\" data-height=\"533\" aria-label=\"\" role=\"img\" ><\/div>\n\t\t\t\t\t\t\t\t\t\t\t<div class=\"elementor-gallery-item__overlay\"><\/div>\n\t\t\t\t\t\t\t\t\t\t\t\t\t\t<\/a>\n\t\t\t\t\t\t\t<a class=\"e-gallery-item elementor-gallery-item elementor-animated-content\" href=\"https:\/\/www.cm-benavente.pt\/wp-content\/uploads\/2025\/05\/Caminhada-do-Dia-Mundial-da-Atividade-Fisica-2025-92.jpg\" data-elementor-open-lightbox=\"yes\" data-elementor-lightbox-slideshow=\"845e231\" data-elementor-lightbox-title=\"Caminhada do Dia Mundial da Atividade F\u00edsica 2025 (92)\" data-e-action-hash=\"#elementor-action%3Aaction%3Dlightbox%26settings%3DeyJpZCI6NzI0MTIsInVybCI6Imh0dHBzOlwvXC93d3cuY20tYmVuYXZlbnRlLnB0XC93cC1jb250ZW50XC91cGxvYWRzXC8yMDI1XC8wNVwvQ2FtaW5oYWRhLWRvLURpYS1NdW5kaWFsLWRhLUF0aXZpZGFkZS1GaXNpY2EtMjAyNS05Mi5qcGciLCJzbGlkZXNob3ciOiI4NDVlMjMxIn0%3D\">\n\t\t\t\t\t<div class=\"e-gallery-image elementor-gallery-item__image\" data-thumbnail=\"https:\/\/www.cm-benavente.pt\/wp-content\/uploads\/2025\/05\/Caminhada-do-Dia-Mundial-da-Atividade-Fisica-2025-92-1024x683.jpg\" data-width=\"800\" data-height=\"534\" aria-label=\"\" role=\"img\" ><\/div>\n\t\t\t\t\t\t\t\t\t\t\t<div class=\"elementor-gallery-item__overlay\"><\/div>\n\t\t\t\t\t\t\t\t\t\t\t\t\t\t<\/a>\n\t\t\t\t\t\t\t<a class=\"e-gallery-item elementor-gallery-item elementor-animated-content\" href=\"https:\/\/www.cm-benavente.pt\/wp-content\/uploads\/2025\/05\/Caminhada-do-Dia-Mundial-da-Atividade-Fisica-2025-93.jpg\" data-elementor-open-lightbox=\"yes\" data-elementor-lightbox-slideshow=\"845e231\" data-elementor-lightbox-title=\"Caminhada do Dia Mundial da Atividade F\u00edsica 2025 (93)\" data-e-action-hash=\"#elementor-action%3Aaction%3Dlightbox%26settings%3DeyJpZCI6NzI0MTMsInVybCI6Imh0dHBzOlwvXC93d3cuY20tYmVuYXZlbnRlLnB0XC93cC1jb250ZW50XC91cGxvYWRzXC8yMDI1XC8wNVwvQ2FtaW5oYWRhLWRvLURpYS1NdW5kaWFsLWRhLUF0aXZpZGFkZS1GaXNpY2EtMjAyNS05My5qcGciLCJzbGlkZXNob3ciOiI4NDVlMjMxIn0%3D\">\n\t\t\t\t\t<div class=\"e-gallery-image elementor-gallery-item__image\" data-thumbnail=\"https:\/\/www.cm-benavente.pt\/wp-content\/uploads\/2025\/05\/Caminhada-do-Dia-Mundial-da-Atividade-Fisica-2025-93-1024x683.jpg\" data-width=\"800\" data-height=\"534\" aria-label=\"\" role=\"img\" ><\/div>\n\t\t\t\t\t\t\t\t\t\t\t<div class=\"elementor-gallery-item__overlay\"><\/div>\n\t\t\t\t\t\t\t\t\t\t\t\t\t\t<\/a>\n\t\t\t\t\t\t\t<a class=\"e-gallery-item elementor-gallery-item elementor-animated-content\" href=\"https:\/\/www.cm-benavente.pt\/wp-content\/uploads\/2025\/05\/Caminhada-do-Dia-Mundial-da-Atividade-Fisica-2025-94.jpg\" data-elementor-open-lightbox=\"yes\" data-elementor-lightbox-slideshow=\"845e231\" data-elementor-lightbox-title=\"Caminhada do Dia Mundial da Atividade F\u00edsica 2025 (94)\" data-e-action-hash=\"#elementor-action%3Aaction%3Dlightbox%26settings%3DeyJpZCI6NzI0MTQsInVybCI6Imh0dHBzOlwvXC93d3cuY20tYmVuYXZlbnRlLnB0XC93cC1jb250ZW50XC91cGxvYWRzXC8yMDI1XC8wNVwvQ2FtaW5oYWRhLWRvLURpYS1NdW5kaWFsLWRhLUF0aXZpZGFkZS1GaXNpY2EtMjAyNS05NC5qcGciLCJzbGlkZXNob3ciOiI4NDVlMjMxIn0%3D\">\n\t\t\t\t\t<div class=\"e-gallery-image elementor-gallery-item__image\" data-thumbnail=\"https:\/\/www.cm-benavente.pt\/wp-content\/uploads\/2025\/05\/Caminhada-do-Dia-Mundial-da-Atividade-Fisica-2025-94-1024x682.jpg\" data-width=\"800\" data-height=\"533\" aria-label=\"\" role=\"img\" ><\/div>\n\t\t\t\t\t\t\t\t\t\t\t<div class=\"elementor-gallery-item__overlay\"><\/div>\n\t\t\t\t\t\t\t\t\t\t\t\t\t\t<\/a>\n\t\t\t\t\t\t\t<a class=\"e-gallery-item elementor-gallery-item elementor-animated-content\" href=\"https:\/\/www.cm-benavente.pt\/wp-content\/uploads\/2025\/05\/Caminhada-do-Dia-Mundial-da-Atividade-Fisica-2025-95.jpg\" data-elementor-open-lightbox=\"yes\" data-elementor-lightbox-slideshow=\"845e231\" data-elementor-lightbox-title=\"Caminhada do Dia Mundial da Atividade F\u00edsica 2025 (95)\" data-e-action-hash=\"#elementor-action%3Aaction%3Dlightbox%26settings%3DeyJpZCI6NzI0MTUsInVybCI6Imh0dHBzOlwvXC93d3cuY20tYmVuYXZlbnRlLnB0XC93cC1jb250ZW50XC91cGxvYWRzXC8yMDI1XC8wNVwvQ2FtaW5oYWRhLWRvLURpYS1NdW5kaWFsLWRhLUF0aXZpZGFkZS1GaXNpY2EtMjAyNS05NS5qcGciLCJzbGlkZXNob3ciOiI4NDVlMjMxIn0%3D\">\n\t\t\t\t\t<div class=\"e-gallery-image elementor-gallery-item__image\" data-thumbnail=\"https:\/\/www.cm-benavente.pt\/wp-content\/uploads\/2025\/05\/Caminhada-do-Dia-Mundial-da-Atividade-Fisica-2025-95-1024x683.jpg\" data-width=\"800\" data-height=\"534\" aria-label=\"\" role=\"img\" ><\/div>\n\t\t\t\t\t\t\t\t\t\t\t<div class=\"elementor-gallery-item__overlay\"><\/div>\n\t\t\t\t\t\t\t\t\t\t\t\t\t\t<\/a>\n\t\t\t\t\t\t\t<a class=\"e-gallery-item elementor-gallery-item elementor-animated-content\" href=\"https:\/\/www.cm-benavente.pt\/wp-content\/uploads\/2025\/05\/Caminhada-do-Dia-Mundial-da-Atividade-Fisica-2025-96.jpg\" data-elementor-open-lightbox=\"yes\" data-elementor-lightbox-slideshow=\"845e231\" data-elementor-lightbox-title=\"Caminhada do Dia Mundial da Atividade F\u00edsica 2025 (96)\" data-e-action-hash=\"#elementor-action%3Aaction%3Dlightbox%26settings%3DeyJpZCI6NzI0MTYsInVybCI6Imh0dHBzOlwvXC93d3cuY20tYmVuYXZlbnRlLnB0XC93cC1jb250ZW50XC91cGxvYWRzXC8yMDI1XC8wNVwvQ2FtaW5oYWRhLWRvLURpYS1NdW5kaWFsLWRhLUF0aXZpZGFkZS1GaXNpY2EtMjAyNS05Ni5qcGciLCJzbGlkZXNob3ciOiI4NDVlMjMxIn0%3D\">\n\t\t\t\t\t<div class=\"e-gallery-image elementor-gallery-item__image\" data-thumbnail=\"https:\/\/www.cm-benavente.pt\/wp-content\/uploads\/2025\/05\/Caminhada-do-Dia-Mundial-da-Atividade-Fisica-2025-96-1024x683.jpg\" data-width=\"800\" data-height=\"534\" aria-label=\"\" role=\"img\" ><\/div>\n\t\t\t\t\t\t\t\t\t\t\t<div class=\"elementor-gallery-item__overlay\"><\/div>\n\t\t\t\t\t\t\t\t\t\t\t\t\t\t<\/a>\n\t\t\t\t\t\t\t<a class=\"e-gallery-item elementor-gallery-item elementor-animated-content\" href=\"https:\/\/www.cm-benavente.pt\/wp-content\/uploads\/2025\/05\/Caminhada-do-Dia-Mundial-da-Atividade-Fisica-2025-97.jpg\" data-elementor-open-lightbox=\"yes\" data-elementor-lightbox-slideshow=\"845e231\" data-elementor-lightbox-title=\"Caminhada do Dia Mundial da Atividade F\u00edsica 2025 (97)\" data-e-action-hash=\"#elementor-action%3Aaction%3Dlightbox%26settings%3DeyJpZCI6NzI0MTcsInVybCI6Imh0dHBzOlwvXC93d3cuY20tYmVuYXZlbnRlLnB0XC93cC1jb250ZW50XC91cGxvYWRzXC8yMDI1XC8wNVwvQ2FtaW5oYWRhLWRvLURpYS1NdW5kaWFsLWRhLUF0aXZpZGFkZS1GaXNpY2EtMjAyNS05Ny5qcGciLCJzbGlkZXNob3ciOiI4NDVlMjMxIn0%3D\">\n\t\t\t\t\t<div class=\"e-gallery-image elementor-gallery-item__image\" data-thumbnail=\"https:\/\/www.cm-benavente.pt\/wp-content\/uploads\/2025\/05\/Caminhada-do-Dia-Mundial-da-Atividade-Fisica-2025-97-1024x683.jpg\" data-width=\"800\" data-height=\"534\" aria-label=\"\" role=\"img\" ><\/div>\n\t\t\t\t\t\t\t\t\t\t\t<div class=\"elementor-gallery-item__overlay\"><\/div>\n\t\t\t\t\t\t\t\t\t\t\t\t\t\t<\/a>\n\t\t\t\t\t\t\t<a class=\"e-gallery-item elementor-gallery-item elementor-animated-content\" href=\"https:\/\/www.cm-benavente.pt\/wp-content\/uploads\/2025\/05\/Caminhada-do-Dia-Mundial-da-Atividade-Fisica-2025-98.jpg\" data-elementor-open-lightbox=\"yes\" data-elementor-lightbox-slideshow=\"845e231\" data-elementor-lightbox-title=\"Caminhada do Dia Mundial da Atividade F\u00edsica 2025 (98)\" data-e-action-hash=\"#elementor-action%3Aaction%3Dlightbox%26settings%3DeyJpZCI6NzI0MTgsInVybCI6Imh0dHBzOlwvXC93d3cuY20tYmVuYXZlbnRlLnB0XC93cC1jb250ZW50XC91cGxvYWRzXC8yMDI1XC8wNVwvQ2FtaW5oYWRhLWRvLURpYS1NdW5kaWFsLWRhLUF0aXZpZGFkZS1GaXNpY2EtMjAyNS05OC5qcGciLCJzbGlkZXNob3ciOiI4NDVlMjMxIn0%3D\">\n\t\t\t\t\t<div class=\"e-gallery-image elementor-gallery-item__image\" data-thumbnail=\"https:\/\/www.cm-benavente.pt\/wp-content\/uploads\/2025\/05\/Caminhada-do-Dia-Mundial-da-Atividade-Fisica-2025-98-1024x683.jpg\" data-width=\"800\" data-height=\"534\" aria-label=\"\" role=\"img\" ><\/div>\n\t\t\t\t\t\t\t\t\t\t\t<div class=\"elementor-gallery-item__overlay\"><\/div>\n\t\t\t\t\t\t\t\t\t\t\t\t\t\t<\/a>\n\t\t\t\t\t\t\t<a class=\"e-gallery-item elementor-gallery-item elementor-animated-content\" href=\"https:\/\/www.cm-benavente.pt\/wp-content\/uploads\/2025\/05\/Caminhada-do-Dia-Mundial-da-Atividade-Fisica-2025-99.jpg\" data-elementor-open-lightbox=\"yes\" data-elementor-lightbox-slideshow=\"845e231\" data-elementor-lightbox-title=\"Caminhada do Dia Mundial da Atividade F\u00edsica 2025 (99)\" data-e-action-hash=\"#elementor-action%3Aaction%3Dlightbox%26settings%3DeyJpZCI6NzI0MTksInVybCI6Imh0dHBzOlwvXC93d3cuY20tYmVuYXZlbnRlLnB0XC93cC1jb250ZW50XC91cGxvYWRzXC8yMDI1XC8wNVwvQ2FtaW5oYWRhLWRvLURpYS1NdW5kaWFsLWRhLUF0aXZpZGFkZS1GaXNpY2EtMjAyNS05OS5qcGciLCJzbGlkZXNob3ciOiI4NDVlMjMxIn0%3D\">\n\t\t\t\t\t<div class=\"e-gallery-image elementor-gallery-item__image\" data-thumbnail=\"https:\/\/www.cm-benavente.pt\/wp-content\/uploads\/2025\/05\/Caminhada-do-Dia-Mundial-da-Atividade-Fisica-2025-99-1024x682.jpg\" data-width=\"800\" data-height=\"533\" aria-label=\"\" role=\"img\" ><\/div>\n\t\t\t\t\t\t\t\t\t\t\t<div class=\"elementor-gallery-item__overlay\"><\/div>\n\t\t\t\t\t\t\t\t\t\t\t\t\t\t<\/a>\n\t\t\t\t\t\t\t<a class=\"e-gallery-item elementor-gallery-item elementor-animated-content\" href=\"https:\/\/www.cm-benavente.pt\/wp-content\/uploads\/2025\/05\/Caminhada-do-Dia-Mundial-da-Atividade-Fisica-2025-100.jpg\" data-elementor-open-lightbox=\"yes\" data-elementor-lightbox-slideshow=\"845e231\" data-elementor-lightbox-title=\"Caminhada do Dia Mundial da Atividade F\u00edsica 2025 (100)\" data-e-action-hash=\"#elementor-action%3Aaction%3Dlightbox%26settings%3DeyJpZCI6NzI0MjAsInVybCI6Imh0dHBzOlwvXC93d3cuY20tYmVuYXZlbnRlLnB0XC93cC1jb250ZW50XC91cGxvYWRzXC8yMDI1XC8wNVwvQ2FtaW5oYWRhLWRvLURpYS1NdW5kaWFsLWRhLUF0aXZpZGFkZS1GaXNpY2EtMjAyNS0xMDAuanBnIiwic2xpZGVzaG93IjoiODQ1ZTIzMSJ9\">\n\t\t\t\t\t<div class=\"e-gallery-image elementor-gallery-item__image\" data-thumbnail=\"https:\/\/www.cm-benavente.pt\/wp-content\/uploads\/2025\/05\/Caminhada-do-Dia-Mundial-da-Atividade-Fisica-2025-100-1024x683.jpg\" data-width=\"800\" data-height=\"534\" aria-label=\"\" role=\"img\" ><\/div>\n\t\t\t\t\t\t\t\t\t\t\t<div class=\"elementor-gallery-item__overlay\"><\/div>\n\t\t\t\t\t\t\t\t\t\t\t\t\t\t<\/a>\n\t\t\t\t\t\t\t<a class=\"e-gallery-item elementor-gallery-item elementor-animated-content\" href=\"https:\/\/www.cm-benavente.pt\/wp-content\/uploads\/2025\/05\/Caminhada-do-Dia-Mundial-da-Atividade-Fisica-2025-101-scaled.jpg\" data-elementor-open-lightbox=\"yes\" data-elementor-lightbox-slideshow=\"845e231\" data-elementor-lightbox-title=\"Caminhada do Dia Mundial da Atividade F\u00edsica 2025 (101)\" data-e-action-hash=\"#elementor-action%3Aaction%3Dlightbox%26settings%3DeyJpZCI6NzI0MjEsInVybCI6Imh0dHBzOlwvXC93d3cuY20tYmVuYXZlbnRlLnB0XC93cC1jb250ZW50XC91cGxvYWRzXC8yMDI1XC8wNVwvQ2FtaW5oYWRhLWRvLURpYS1NdW5kaWFsLWRhLUF0aXZpZGFkZS1GaXNpY2EtMjAyNS0xMDEtc2NhbGVkLmpwZyIsInNsaWRlc2hvdyI6Ijg0NWUyMzEifQ%3D%3D\">\n\t\t\t\t\t<div class=\"e-gallery-image elementor-gallery-item__image\" data-thumbnail=\"https:\/\/www.cm-benavente.pt\/wp-content\/uploads\/2025\/05\/Caminhada-do-Dia-Mundial-da-Atividade-Fisica-2025-101-1024x683.jpg\" data-width=\"800\" data-height=\"534\" aria-label=\"\" role=\"img\" ><\/div>\n\t\t\t\t\t\t\t\t\t\t\t<div class=\"elementor-gallery-item__overlay\"><\/div>\n\t\t\t\t\t\t\t\t\t\t\t\t\t\t<\/a>\n\t\t\t\t\t\t\t<a class=\"e-gallery-item elementor-gallery-item elementor-animated-content\" href=\"https:\/\/www.cm-benavente.pt\/wp-content\/uploads\/2025\/05\/Caminhada-do-Dia-Mundial-da-Atividade-Fisica-2025-102-scaled.jpg\" data-elementor-open-lightbox=\"yes\" data-elementor-lightbox-slideshow=\"845e231\" data-elementor-lightbox-title=\"Caminhada do Dia Mundial da Atividade F\u00edsica 2025 (102)\" data-e-action-hash=\"#elementor-action%3Aaction%3Dlightbox%26settings%3DeyJpZCI6NzI0MjIsInVybCI6Imh0dHBzOlwvXC93d3cuY20tYmVuYXZlbnRlLnB0XC93cC1jb250ZW50XC91cGxvYWRzXC8yMDI1XC8wNVwvQ2FtaW5oYWRhLWRvLURpYS1NdW5kaWFsLWRhLUF0aXZpZGFkZS1GaXNpY2EtMjAyNS0xMDItc2NhbGVkLmpwZyIsInNsaWRlc2hvdyI6Ijg0NWUyMzEifQ%3D%3D\">\n\t\t\t\t\t<div class=\"e-gallery-image elementor-gallery-item__image\" data-thumbnail=\"https:\/\/www.cm-benavente.pt\/wp-content\/uploads\/2025\/05\/Caminhada-do-Dia-Mundial-da-Atividade-Fisica-2025-102-1024x683.jpg\" data-width=\"800\" data-height=\"534\" aria-label=\"\" role=\"img\" ><\/div>\n\t\t\t\t\t\t\t\t\t\t\t<div class=\"elementor-gallery-item__overlay\"><\/div>\n\t\t\t\t\t\t\t\t\t\t\t\t\t\t<\/a>\n\t\t\t\t\t\t\t<a class=\"e-gallery-item elementor-gallery-item elementor-animated-content\" href=\"https:\/\/www.cm-benavente.pt\/wp-content\/uploads\/2025\/05\/Caminhada-do-Dia-Mundial-da-Atividade-Fisica-2025-103-scaled.jpg\" data-elementor-open-lightbox=\"yes\" data-elementor-lightbox-slideshow=\"845e231\" data-elementor-lightbox-title=\"Caminhada do Dia Mundial da Atividade F\u00edsica 2025 (103)\" data-e-action-hash=\"#elementor-action%3Aaction%3Dlightbox%26settings%3DeyJpZCI6NzI0MjMsInVybCI6Imh0dHBzOlwvXC93d3cuY20tYmVuYXZlbnRlLnB0XC93cC1jb250ZW50XC91cGxvYWRzXC8yMDI1XC8wNVwvQ2FtaW5oYWRhLWRvLURpYS1NdW5kaWFsLWRhLUF0aXZpZGFkZS1GaXNpY2EtMjAyNS0xMDMtc2NhbGVkLmpwZyIsInNsaWRlc2hvdyI6Ijg0NWUyMzEifQ%3D%3D\">\n\t\t\t\t\t<div class=\"e-gallery-image elementor-gallery-item__image\" data-thumbnail=\"https:\/\/www.cm-benavente.pt\/wp-content\/uploads\/2025\/05\/Caminhada-do-Dia-Mundial-da-Atividade-Fisica-2025-103-1024x682.jpg\" data-width=\"800\" data-height=\"533\" aria-label=\"\" role=\"img\" ><\/div>\n\t\t\t\t\t\t\t\t\t\t\t<div class=\"elementor-gallery-item__overlay\"><\/div>\n\t\t\t\t\t\t\t\t\t\t\t\t\t\t<\/a>\n\t\t\t\t\t\t\t<a class=\"e-gallery-item elementor-gallery-item elementor-animated-content\" href=\"https:\/\/www.cm-benavente.pt\/wp-content\/uploads\/2025\/05\/Caminhada-do-Dia-Mundial-da-Atividade-Fisica-2025-104-scaled.jpg\" data-elementor-open-lightbox=\"yes\" data-elementor-lightbox-slideshow=\"845e231\" data-elementor-lightbox-title=\"Caminhada do Dia Mundial da Atividade F\u00edsica 2025 (104)\" data-e-action-hash=\"#elementor-action%3Aaction%3Dlightbox%26settings%3DeyJpZCI6NzI0MjQsInVybCI6Imh0dHBzOlwvXC93d3cuY20tYmVuYXZlbnRlLnB0XC93cC1jb250ZW50XC91cGxvYWRzXC8yMDI1XC8wNVwvQ2FtaW5oYWRhLWRvLURpYS1NdW5kaWFsLWRhLUF0aXZpZGFkZS1GaXNpY2EtMjAyNS0xMDQtc2NhbGVkLmpwZyIsInNsaWRlc2hvdyI6Ijg0NWUyMzEifQ%3D%3D\">\n\t\t\t\t\t<div class=\"e-gallery-image elementor-gallery-item__image\" data-thumbnail=\"https:\/\/www.cm-benavente.pt\/wp-content\/uploads\/2025\/05\/Caminhada-do-Dia-Mundial-da-Atividade-Fisica-2025-104-1024x683.jpg\" data-width=\"800\" data-height=\"534\" aria-label=\"\" role=\"img\" ><\/div>\n\t\t\t\t\t\t\t\t\t\t\t<div class=\"elementor-gallery-item__overlay\"><\/div>\n\t\t\t\t\t\t\t\t\t\t\t\t\t\t<\/a>\n\t\t\t\t\t\t\t<a class=\"e-gallery-item elementor-gallery-item elementor-animated-content\" href=\"https:\/\/www.cm-benavente.pt\/wp-content\/uploads\/2025\/05\/Caminhada-do-Dia-Mundial-da-Atividade-Fisica-2025-105-scaled.jpg\" data-elementor-open-lightbox=\"yes\" data-elementor-lightbox-slideshow=\"845e231\" data-elementor-lightbox-title=\"Caminhada do Dia Mundial da Atividade F\u00edsica 2025 (105)\" data-e-action-hash=\"#elementor-action%3Aaction%3Dlightbox%26settings%3DeyJpZCI6NzI0MjUsInVybCI6Imh0dHBzOlwvXC93d3cuY20tYmVuYXZlbnRlLnB0XC93cC1jb250ZW50XC91cGxvYWRzXC8yMDI1XC8wNVwvQ2FtaW5oYWRhLWRvLURpYS1NdW5kaWFsLWRhLUF0aXZpZGFkZS1GaXNpY2EtMjAyNS0xMDUtc2NhbGVkLmpwZyIsInNsaWRlc2hvdyI6Ijg0NWUyMzEifQ%3D%3D\">\n\t\t\t\t\t<div class=\"e-gallery-image elementor-gallery-item__image\" data-thumbnail=\"https:\/\/www.cm-benavente.pt\/wp-content\/uploads\/2025\/05\/Caminhada-do-Dia-Mundial-da-Atividade-Fisica-2025-105-1024x683.jpg\" data-width=\"800\" data-height=\"534\" aria-label=\"\" role=\"img\" ><\/div>\n\t\t\t\t\t\t\t\t\t\t\t<div class=\"elementor-gallery-item__overlay\"><\/div>\n\t\t\t\t\t\t\t\t\t\t\t\t\t\t<\/a>\n\t\t\t\t\t\t\t<a class=\"e-gallery-item elementor-gallery-item elementor-animated-content\" href=\"https:\/\/www.cm-benavente.pt\/wp-content\/uploads\/2025\/05\/Caminhada-do-Dia-Mundial-da-Atividade-Fisica-2025-106-scaled.jpg\" data-elementor-open-lightbox=\"yes\" data-elementor-lightbox-slideshow=\"845e231\" data-elementor-lightbox-title=\"Caminhada do Dia Mundial da Atividade F\u00edsica 2025 (106)\" data-e-action-hash=\"#elementor-action%3Aaction%3Dlightbox%26settings%3DeyJpZCI6NzI0MjYsInVybCI6Imh0dHBzOlwvXC93d3cuY20tYmVuYXZlbnRlLnB0XC93cC1jb250ZW50XC91cGxvYWRzXC8yMDI1XC8wNVwvQ2FtaW5oYWRhLWRvLURpYS1NdW5kaWFsLWRhLUF0aXZpZGFkZS1GaXNpY2EtMjAyNS0xMDYtc2NhbGVkLmpwZyIsInNsaWRlc2hvdyI6Ijg0NWUyMzEifQ%3D%3D\">\n\t\t\t\t\t<div class=\"e-gallery-image elementor-gallery-item__image\" data-thumbnail=\"https:\/\/www.cm-benavente.pt\/wp-content\/uploads\/2025\/05\/Caminhada-do-Dia-Mundial-da-Atividade-Fisica-2025-106-1024x683.jpg\" data-width=\"800\" data-height=\"534\" aria-label=\"\" role=\"img\" ><\/div>\n\t\t\t\t\t\t\t\t\t\t\t<div class=\"elementor-gallery-item__overlay\"><\/div>\n\t\t\t\t\t\t\t\t\t\t\t\t\t\t<\/a>\n\t\t\t\t\t\t\t<a class=\"e-gallery-item elementor-gallery-item elementor-animated-content\" href=\"https:\/\/www.cm-benavente.pt\/wp-content\/uploads\/2025\/05\/Caminhada-do-Dia-Mundial-da-Atividade-Fisica-2025-107-scaled.jpg\" data-elementor-open-lightbox=\"yes\" data-elementor-lightbox-slideshow=\"845e231\" data-elementor-lightbox-title=\"Caminhada do Dia Mundial da Atividade F\u00edsica 2025 (107)\" data-e-action-hash=\"#elementor-action%3Aaction%3Dlightbox%26settings%3DeyJpZCI6NzI0MjcsInVybCI6Imh0dHBzOlwvXC93d3cuY20tYmVuYXZlbnRlLnB0XC93cC1jb250ZW50XC91cGxvYWRzXC8yMDI1XC8wNVwvQ2FtaW5oYWRhLWRvLURpYS1NdW5kaWFsLWRhLUF0aXZpZGFkZS1GaXNpY2EtMjAyNS0xMDctc2NhbGVkLmpwZyIsInNsaWRlc2hvdyI6Ijg0NWUyMzEifQ%3D%3D\">\n\t\t\t\t\t<div class=\"e-gallery-image elementor-gallery-item__image\" data-thumbnail=\"https:\/\/www.cm-benavente.pt\/wp-content\/uploads\/2025\/05\/Caminhada-do-Dia-Mundial-da-Atividade-Fisica-2025-107-1024x683.jpg\" data-width=\"800\" data-height=\"534\" aria-label=\"\" role=\"img\" ><\/div>\n\t\t\t\t\t\t\t\t\t\t\t<div class=\"elementor-gallery-item__overlay\"><\/div>\n\t\t\t\t\t\t\t\t\t\t\t\t\t\t<\/a>\n\t\t\t\t\t\t\t<a class=\"e-gallery-item elementor-gallery-item elementor-animated-content\" href=\"https:\/\/www.cm-benavente.pt\/wp-content\/uploads\/2025\/05\/Caminhada-do-Dia-Mundial-da-Atividade-Fisica-2025-108-scaled.jpg\" data-elementor-open-lightbox=\"yes\" data-elementor-lightbox-slideshow=\"845e231\" data-elementor-lightbox-title=\"Caminhada do Dia Mundial da Atividade F\u00edsica 2025 (108)\" data-e-action-hash=\"#elementor-action%3Aaction%3Dlightbox%26settings%3DeyJpZCI6NzI0MjgsInVybCI6Imh0dHBzOlwvXC93d3cuY20tYmVuYXZlbnRlLnB0XC93cC1jb250ZW50XC91cGxvYWRzXC8yMDI1XC8wNVwvQ2FtaW5oYWRhLWRvLURpYS1NdW5kaWFsLWRhLUF0aXZpZGFkZS1GaXNpY2EtMjAyNS0xMDgtc2NhbGVkLmpwZyIsInNsaWRlc2hvdyI6Ijg0NWUyMzEifQ%3D%3D\">\n\t\t\t\t\t<div class=\"e-gallery-image elementor-gallery-item__image\" data-thumbnail=\"https:\/\/www.cm-benavente.pt\/wp-content\/uploads\/2025\/05\/Caminhada-do-Dia-Mundial-da-Atividade-Fisica-2025-108-1024x683.jpg\" data-width=\"800\" data-height=\"534\" aria-label=\"\" role=\"img\" ><\/div>\n\t\t\t\t\t\t\t\t\t\t\t<div class=\"elementor-gallery-item__overlay\"><\/div>\n\t\t\t\t\t\t\t\t\t\t\t\t\t\t<\/a>\n\t\t\t\t\t\t\t<a class=\"e-gallery-item elementor-gallery-item elementor-animated-content\" href=\"https:\/\/www.cm-benavente.pt\/wp-content\/uploads\/2025\/05\/Caminhada-do-Dia-Mundial-da-Atividade-Fisica-2025-109-scaled.jpg\" data-elementor-open-lightbox=\"yes\" data-elementor-lightbox-slideshow=\"845e231\" data-elementor-lightbox-title=\"Caminhada do Dia Mundial da Atividade F\u00edsica 2025 (109)\" data-e-action-hash=\"#elementor-action%3Aaction%3Dlightbox%26settings%3DeyJpZCI6NzI0MjksInVybCI6Imh0dHBzOlwvXC93d3cuY20tYmVuYXZlbnRlLnB0XC93cC1jb250ZW50XC91cGxvYWRzXC8yMDI1XC8wNVwvQ2FtaW5oYWRhLWRvLURpYS1NdW5kaWFsLWRhLUF0aXZpZGFkZS1GaXNpY2EtMjAyNS0xMDktc2NhbGVkLmpwZyIsInNsaWRlc2hvdyI6Ijg0NWUyMzEifQ%3D%3D\">\n\t\t\t\t\t<div class=\"e-gallery-image elementor-gallery-item__image\" data-thumbnail=\"https:\/\/www.cm-benavente.pt\/wp-content\/uploads\/2025\/05\/Caminhada-do-Dia-Mundial-da-Atividade-Fisica-2025-109-1024x682.jpg\" data-width=\"800\" data-height=\"533\" aria-label=\"\" role=\"img\" ><\/div>\n\t\t\t\t\t\t\t\t\t\t\t<div class=\"elementor-gallery-item__overlay\"><\/div>\n\t\t\t\t\t\t\t\t\t\t\t\t\t\t<\/a>\n\t\t\t\t\t\t\t<a class=\"e-gallery-item elementor-gallery-item elementor-animated-content\" href=\"https:\/\/www.cm-benavente.pt\/wp-content\/uploads\/2025\/05\/Caminhada-do-Dia-Mundial-da-Atividade-Fisica-2025-110-scaled.jpg\" data-elementor-open-lightbox=\"yes\" data-elementor-lightbox-slideshow=\"845e231\" data-elementor-lightbox-title=\"Caminhada do Dia Mundial da Atividade F\u00edsica 2025 (110)\" data-e-action-hash=\"#elementor-action%3Aaction%3Dlightbox%26settings%3DeyJpZCI6NzI0MzAsInVybCI6Imh0dHBzOlwvXC93d3cuY20tYmVuYXZlbnRlLnB0XC93cC1jb250ZW50XC91cGxvYWRzXC8yMDI1XC8wNVwvQ2FtaW5oYWRhLWRvLURpYS1NdW5kaWFsLWRhLUF0aXZpZGFkZS1GaXNpY2EtMjAyNS0xMTAtc2NhbGVkLmpwZyIsInNsaWRlc2hvdyI6Ijg0NWUyMzEifQ%3D%3D\">\n\t\t\t\t\t<div class=\"e-gallery-image elementor-gallery-item__image\" data-thumbnail=\"https:\/\/www.cm-benavente.pt\/wp-content\/uploads\/2025\/05\/Caminhada-do-Dia-Mundial-da-Atividade-Fisica-2025-110-1024x683.jpg\" data-width=\"800\" data-height=\"534\" aria-label=\"\" role=\"img\" ><\/div>\n\t\t\t\t\t\t\t\t\t\t\t<div class=\"elementor-gallery-item__overlay\"><\/div>\n\t\t\t\t\t\t\t\t\t\t\t\t\t\t<\/a>\n\t\t\t\t\t\t\t<a class=\"e-gallery-item elementor-gallery-item elementor-animated-content\" href=\"https:\/\/www.cm-benavente.pt\/wp-content\/uploads\/2025\/05\/Caminhada-do-Dia-Mundial-da-Atividade-Fisica-2025-111.jpg\" data-elementor-open-lightbox=\"yes\" data-elementor-lightbox-slideshow=\"845e231\" data-elementor-lightbox-title=\"Caminhada do Dia Mundial da Atividade F\u00edsica 2025 (111)\" data-e-action-hash=\"#elementor-action%3Aaction%3Dlightbox%26settings%3DeyJpZCI6NzI0MzEsInVybCI6Imh0dHBzOlwvXC93d3cuY20tYmVuYXZlbnRlLnB0XC93cC1jb250ZW50XC91cGxvYWRzXC8yMDI1XC8wNVwvQ2FtaW5oYWRhLWRvLURpYS1NdW5kaWFsLWRhLUF0aXZpZGFkZS1GaXNpY2EtMjAyNS0xMTEuanBnIiwic2xpZGVzaG93IjoiODQ1ZTIzMSJ9\">\n\t\t\t\t\t<div class=\"e-gallery-image elementor-gallery-item__image\" data-thumbnail=\"https:\/\/www.cm-benavente.pt\/wp-content\/uploads\/2025\/05\/Caminhada-do-Dia-Mundial-da-Atividade-Fisica-2025-111-1024x682.jpg\" data-width=\"800\" data-height=\"533\" aria-label=\"\" role=\"img\" ><\/div>\n\t\t\t\t\t\t\t\t\t\t\t<div class=\"elementor-gallery-item__overlay\"><\/div>\n\t\t\t\t\t\t\t\t\t\t\t\t\t\t<\/a>\n\t\t\t\t\t\t\t<a class=\"e-gallery-item elementor-gallery-item elementor-animated-content\" href=\"https:\/\/www.cm-benavente.pt\/wp-content\/uploads\/2025\/05\/Caminhada-do-Dia-Mundial-da-Atividade-Fisica-2025-112-scaled.jpg\" data-elementor-open-lightbox=\"yes\" data-elementor-lightbox-slideshow=\"845e231\" data-elementor-lightbox-title=\"Caminhada do Dia Mundial da Atividade F\u00edsica 2025 (112)\" data-e-action-hash=\"#elementor-action%3Aaction%3Dlightbox%26settings%3DeyJpZCI6NzI0MzIsInVybCI6Imh0dHBzOlwvXC93d3cuY20tYmVuYXZlbnRlLnB0XC93cC1jb250ZW50XC91cGxvYWRzXC8yMDI1XC8wNVwvQ2FtaW5oYWRhLWRvLURpYS1NdW5kaWFsLWRhLUF0aXZpZGFkZS1GaXNpY2EtMjAyNS0xMTItc2NhbGVkLmpwZyIsInNsaWRlc2hvdyI6Ijg0NWUyMzEifQ%3D%3D\">\n\t\t\t\t\t<div class=\"e-gallery-image elementor-gallery-item__image\" data-thumbnail=\"https:\/\/www.cm-benavente.pt\/wp-content\/uploads\/2025\/05\/Caminhada-do-Dia-Mundial-da-Atividade-Fisica-2025-112-1024x683.jpg\" data-width=\"800\" data-height=\"534\" aria-label=\"\" role=\"img\" ><\/div>\n\t\t\t\t\t\t\t\t\t\t\t<div class=\"elementor-gallery-item__overlay\"><\/div>\n\t\t\t\t\t\t\t\t\t\t\t\t\t\t<\/a>\n\t\t\t\t\t\t\t<a class=\"e-gallery-item elementor-gallery-item elementor-animated-content\" href=\"https:\/\/www.cm-benavente.pt\/wp-content\/uploads\/2025\/05\/Caminhada-do-Dia-Mundial-da-Atividade-Fisica-2025-113-scaled.jpg\" data-elementor-open-lightbox=\"yes\" data-elementor-lightbox-slideshow=\"845e231\" data-elementor-lightbox-title=\"Caminhada do Dia Mundial da Atividade F\u00edsica 2025 (113)\" data-e-action-hash=\"#elementor-action%3Aaction%3Dlightbox%26settings%3DeyJpZCI6NzI0MzMsInVybCI6Imh0dHBzOlwvXC93d3cuY20tYmVuYXZlbnRlLnB0XC93cC1jb250ZW50XC91cGxvYWRzXC8yMDI1XC8wNVwvQ2FtaW5oYWRhLWRvLURpYS1NdW5kaWFsLWRhLUF0aXZpZGFkZS1GaXNpY2EtMjAyNS0xMTMtc2NhbGVkLmpwZyIsInNsaWRlc2hvdyI6Ijg0NWUyMzEifQ%3D%3D\">\n\t\t\t\t\t<div class=\"e-gallery-image elementor-gallery-item__image\" data-thumbnail=\"https:\/\/www.cm-benavente.pt\/wp-content\/uploads\/2025\/05\/Caminhada-do-Dia-Mundial-da-Atividade-Fisica-2025-113-1024x682.jpg\" data-width=\"800\" data-height=\"533\" aria-label=\"\" role=\"img\" ><\/div>\n\t\t\t\t\t\t\t\t\t\t\t<div class=\"elementor-gallery-item__overlay\"><\/div>\n\t\t\t\t\t\t\t\t\t\t\t\t\t\t<\/a>\n\t\t\t\t\t\t\t<a class=\"e-gallery-item elementor-gallery-item elementor-animated-content\" href=\"https:\/\/www.cm-benavente.pt\/wp-content\/uploads\/2025\/05\/Caminhada-do-Dia-Mundial-da-Atividade-Fisica-2025-114-scaled.jpg\" data-elementor-open-lightbox=\"yes\" data-elementor-lightbox-slideshow=\"845e231\" data-elementor-lightbox-title=\"Caminhada do Dia Mundial da Atividade F\u00edsica 2025 (114)\" data-e-action-hash=\"#elementor-action%3Aaction%3Dlightbox%26settings%3DeyJpZCI6NzI0MzQsInVybCI6Imh0dHBzOlwvXC93d3cuY20tYmVuYXZlbnRlLnB0XC93cC1jb250ZW50XC91cGxvYWRzXC8yMDI1XC8wNVwvQ2FtaW5oYWRhLWRvLURpYS1NdW5kaWFsLWRhLUF0aXZpZGFkZS1GaXNpY2EtMjAyNS0xMTQtc2NhbGVkLmpwZyIsInNsaWRlc2hvdyI6Ijg0NWUyMzEifQ%3D%3D\">\n\t\t\t\t\t<div class=\"e-gallery-image elementor-gallery-item__image\" data-thumbnail=\"https:\/\/www.cm-benavente.pt\/wp-content\/uploads\/2025\/05\/Caminhada-do-Dia-Mundial-da-Atividade-Fisica-2025-114-1024x683.jpg\" data-width=\"800\" data-height=\"534\" aria-label=\"\" role=\"img\" ><\/div>\n\t\t\t\t\t\t\t\t\t\t\t<div class=\"elementor-gallery-item__overlay\"><\/div>\n\t\t\t\t\t\t\t\t\t\t\t\t\t\t<\/a>\n\t\t\t\t\t\t\t<a class=\"e-gallery-item elementor-gallery-item elementor-animated-content\" href=\"https:\/\/www.cm-benavente.pt\/wp-content\/uploads\/2025\/05\/Caminhada-do-Dia-Mundial-da-Atividade-Fisica-2025-115-scaled.jpg\" data-elementor-open-lightbox=\"yes\" data-elementor-lightbox-slideshow=\"845e231\" data-elementor-lightbox-title=\"Caminhada do Dia Mundial da Atividade F\u00edsica 2025 (115)\" data-e-action-hash=\"#elementor-action%3Aaction%3Dlightbox%26settings%3DeyJpZCI6NzI0MzUsInVybCI6Imh0dHBzOlwvXC93d3cuY20tYmVuYXZlbnRlLnB0XC93cC1jb250ZW50XC91cGxvYWRzXC8yMDI1XC8wNVwvQ2FtaW5oYWRhLWRvLURpYS1NdW5kaWFsLWRhLUF0aXZpZGFkZS1GaXNpY2EtMjAyNS0xMTUtc2NhbGVkLmpwZyIsInNsaWRlc2hvdyI6Ijg0NWUyMzEifQ%3D%3D\">\n\t\t\t\t\t<div class=\"e-gallery-image elementor-gallery-item__image\" data-thumbnail=\"https:\/\/www.cm-benavente.pt\/wp-content\/uploads\/2025\/05\/Caminhada-do-Dia-Mundial-da-Atividade-Fisica-2025-115-1024x682.jpg\" data-width=\"800\" data-height=\"533\" aria-label=\"\" role=\"img\" ><\/div>\n\t\t\t\t\t\t\t\t\t\t\t<div class=\"elementor-gallery-item__overlay\"><\/div>\n\t\t\t\t\t\t\t\t\t\t\t\t\t\t<\/a>\n\t\t\t\t\t\t\t<a class=\"e-gallery-item elementor-gallery-item elementor-animated-content\" href=\"https:\/\/www.cm-benavente.pt\/wp-content\/uploads\/2025\/05\/Caminhada-do-Dia-Mundial-da-Atividade-Fisica-2025-116-scaled.jpg\" data-elementor-open-lightbox=\"yes\" data-elementor-lightbox-slideshow=\"845e231\" data-elementor-lightbox-title=\"Caminhada do Dia Mundial da Atividade F\u00edsica 2025 (116)\" data-e-action-hash=\"#elementor-action%3Aaction%3Dlightbox%26settings%3DeyJpZCI6NzI0MzYsInVybCI6Imh0dHBzOlwvXC93d3cuY20tYmVuYXZlbnRlLnB0XC93cC1jb250ZW50XC91cGxvYWRzXC8yMDI1XC8wNVwvQ2FtaW5oYWRhLWRvLURpYS1NdW5kaWFsLWRhLUF0aXZpZGFkZS1GaXNpY2EtMjAyNS0xMTYtc2NhbGVkLmpwZyIsInNsaWRlc2hvdyI6Ijg0NWUyMzEifQ%3D%3D\">\n\t\t\t\t\t<div class=\"e-gallery-image elementor-gallery-item__image\" data-thumbnail=\"https:\/\/www.cm-benavente.pt\/wp-content\/uploads\/2025\/05\/Caminhada-do-Dia-Mundial-da-Atividade-Fisica-2025-116-1024x683.jpg\" data-width=\"800\" data-height=\"534\" aria-label=\"\" role=\"img\" ><\/div>\n\t\t\t\t\t\t\t\t\t\t\t<div class=\"elementor-gallery-item__overlay\"><\/div>\n\t\t\t\t\t\t\t\t\t\t\t\t\t\t<\/a>\n\t\t\t\t\t\t\t<a class=\"e-gallery-item elementor-gallery-item elementor-animated-content\" href=\"https:\/\/www.cm-benavente.pt\/wp-content\/uploads\/2025\/05\/Caminhada-do-Dia-Mundial-da-Atividade-Fisica-2025-117-scaled.jpg\" data-elementor-open-lightbox=\"yes\" data-elementor-lightbox-slideshow=\"845e231\" data-elementor-lightbox-title=\"Caminhada do Dia Mundial da Atividade F\u00edsica 2025 (117)\" data-e-action-hash=\"#elementor-action%3Aaction%3Dlightbox%26settings%3DeyJpZCI6NzI0MzcsInVybCI6Imh0dHBzOlwvXC93d3cuY20tYmVuYXZlbnRlLnB0XC93cC1jb250ZW50XC91cGxvYWRzXC8yMDI1XC8wNVwvQ2FtaW5oYWRhLWRvLURpYS1NdW5kaWFsLWRhLUF0aXZpZGFkZS1GaXNpY2EtMjAyNS0xMTctc2NhbGVkLmpwZyIsInNsaWRlc2hvdyI6Ijg0NWUyMzEifQ%3D%3D\">\n\t\t\t\t\t<div class=\"e-gallery-image elementor-gallery-item__image\" data-thumbnail=\"https:\/\/www.cm-benavente.pt\/wp-content\/uploads\/2025\/05\/Caminhada-do-Dia-Mundial-da-Atividade-Fisica-2025-117-1024x683.jpg\" data-width=\"800\" data-height=\"534\" aria-label=\"\" role=\"img\" ><\/div>\n\t\t\t\t\t\t\t\t\t\t\t<div class=\"elementor-gallery-item__overlay\"><\/div>\n\t\t\t\t\t\t\t\t\t\t\t\t\t\t<\/a>\n\t\t\t\t\t\t\t<a class=\"e-gallery-item elementor-gallery-item elementor-animated-content\" href=\"https:\/\/www.cm-benavente.pt\/wp-content\/uploads\/2025\/05\/Caminhada-do-Dia-Mundial-da-Atividade-Fisica-2025-118-scaled.jpg\" data-elementor-open-lightbox=\"yes\" data-elementor-lightbox-slideshow=\"845e231\" data-elementor-lightbox-title=\"Caminhada do Dia Mundial da Atividade F\u00edsica 2025 (118)\" data-e-action-hash=\"#elementor-action%3Aaction%3Dlightbox%26settings%3DeyJpZCI6NzI0MzgsInVybCI6Imh0dHBzOlwvXC93d3cuY20tYmVuYXZlbnRlLnB0XC93cC1jb250ZW50XC91cGxvYWRzXC8yMDI1XC8wNVwvQ2FtaW5oYWRhLWRvLURpYS1NdW5kaWFsLWRhLUF0aXZpZGFkZS1GaXNpY2EtMjAyNS0xMTgtc2NhbGVkLmpwZyIsInNsaWRlc2hvdyI6Ijg0NWUyMzEifQ%3D%3D\">\n\t\t\t\t\t<div class=\"e-gallery-image elementor-gallery-item__image\" data-thumbnail=\"https:\/\/www.cm-benavente.pt\/wp-content\/uploads\/2025\/05\/Caminhada-do-Dia-Mundial-da-Atividade-Fisica-2025-118-1024x683.jpg\" data-width=\"800\" data-height=\"534\" aria-label=\"\" role=\"img\" ><\/div>\n\t\t\t\t\t\t\t\t\t\t\t<div class=\"elementor-gallery-item__overlay\"><\/div>\n\t\t\t\t\t\t\t\t\t\t\t\t\t\t<\/a>\n\t\t\t\t\t\t\t<a class=\"e-gallery-item elementor-gallery-item elementor-animated-content\" href=\"https:\/\/www.cm-benavente.pt\/wp-content\/uploads\/2025\/05\/Caminhada-do-Dia-Mundial-da-Atividade-Fisica-2025-119-scaled.jpg\" data-elementor-open-lightbox=\"yes\" data-elementor-lightbox-slideshow=\"845e231\" data-elementor-lightbox-title=\"Caminhada do Dia Mundial da Atividade F\u00edsica 2025 (119)\" data-e-action-hash=\"#elementor-action%3Aaction%3Dlightbox%26settings%3DeyJpZCI6NzI0MzksInVybCI6Imh0dHBzOlwvXC93d3cuY20tYmVuYXZlbnRlLnB0XC93cC1jb250ZW50XC91cGxvYWRzXC8yMDI1XC8wNVwvQ2FtaW5oYWRhLWRvLURpYS1NdW5kaWFsLWRhLUF0aXZpZGFkZS1GaXNpY2EtMjAyNS0xMTktc2NhbGVkLmpwZyIsInNsaWRlc2hvdyI6Ijg0NWUyMzEifQ%3D%3D\">\n\t\t\t\t\t<div class=\"e-gallery-image elementor-gallery-item__image\" data-thumbnail=\"https:\/\/www.cm-benavente.pt\/wp-content\/uploads\/2025\/05\/Caminhada-do-Dia-Mundial-da-Atividade-Fisica-2025-119-1024x683.jpg\" data-width=\"800\" data-height=\"534\" aria-label=\"\" role=\"img\" ><\/div>\n\t\t\t\t\t\t\t\t\t\t\t<div class=\"elementor-gallery-item__overlay\"><\/div>\n\t\t\t\t\t\t\t\t\t\t\t\t\t\t<\/a>\n\t\t\t\t\t\t\t<a class=\"e-gallery-item elementor-gallery-item elementor-animated-content\" href=\"https:\/\/www.cm-benavente.pt\/wp-content\/uploads\/2025\/05\/Caminhada-do-Dia-Mundial-da-Atividade-Fisica-2025-120-scaled.jpg\" data-elementor-open-lightbox=\"yes\" data-elementor-lightbox-slideshow=\"845e231\" data-elementor-lightbox-title=\"Caminhada do Dia Mundial da Atividade F\u00edsica 2025 (120)\" data-e-action-hash=\"#elementor-action%3Aaction%3Dlightbox%26settings%3DeyJpZCI6NzI0NDAsInVybCI6Imh0dHBzOlwvXC93d3cuY20tYmVuYXZlbnRlLnB0XC93cC1jb250ZW50XC91cGxvYWRzXC8yMDI1XC8wNVwvQ2FtaW5oYWRhLWRvLURpYS1NdW5kaWFsLWRhLUF0aXZpZGFkZS1GaXNpY2EtMjAyNS0xMjAtc2NhbGVkLmpwZyIsInNsaWRlc2hvdyI6Ijg0NWUyMzEifQ%3D%3D\">\n\t\t\t\t\t<div class=\"e-gallery-image elementor-gallery-item__image\" data-thumbnail=\"https:\/\/www.cm-benavente.pt\/wp-content\/uploads\/2025\/05\/Caminhada-do-Dia-Mundial-da-Atividade-Fisica-2025-120-1024x682.jpg\" data-width=\"800\" data-height=\"533\" aria-label=\"\" role=\"img\" ><\/div>\n\t\t\t\t\t\t\t\t\t\t\t<div class=\"elementor-gallery-item__overlay\"><\/div>\n\t\t\t\t\t\t\t\t\t\t\t\t\t\t<\/a>\n\t\t\t\t\t\t\t<a class=\"e-gallery-item elementor-gallery-item elementor-animated-content\" href=\"https:\/\/www.cm-benavente.pt\/wp-content\/uploads\/2025\/05\/Caminhada-do-Dia-Mundial-da-Atividade-Fisica-2025-121-scaled.jpg\" data-elementor-open-lightbox=\"yes\" data-elementor-lightbox-slideshow=\"845e231\" data-elementor-lightbox-title=\"Caminhada do Dia Mundial da Atividade F\u00edsica 2025 (121)\" data-e-action-hash=\"#elementor-action%3Aaction%3Dlightbox%26settings%3DeyJpZCI6NzI0NDEsInVybCI6Imh0dHBzOlwvXC93d3cuY20tYmVuYXZlbnRlLnB0XC93cC1jb250ZW50XC91cGxvYWRzXC8yMDI1XC8wNVwvQ2FtaW5oYWRhLWRvLURpYS1NdW5kaWFsLWRhLUF0aXZpZGFkZS1GaXNpY2EtMjAyNS0xMjEtc2NhbGVkLmpwZyIsInNsaWRlc2hvdyI6Ijg0NWUyMzEifQ%3D%3D\">\n\t\t\t\t\t<div class=\"e-gallery-image elementor-gallery-item__image\" data-thumbnail=\"https:\/\/www.cm-benavente.pt\/wp-content\/uploads\/2025\/05\/Caminhada-do-Dia-Mundial-da-Atividade-Fisica-2025-121-1024x683.jpg\" data-width=\"800\" data-height=\"534\" aria-label=\"\" role=\"img\" ><\/div>\n\t\t\t\t\t\t\t\t\t\t\t<div class=\"elementor-gallery-item__overlay\"><\/div>\n\t\t\t\t\t\t\t\t\t\t\t\t\t\t<\/a>\n\t\t\t\t\t\t\t<a class=\"e-gallery-item elementor-gallery-item elementor-animated-content\" href=\"https:\/\/www.cm-benavente.pt\/wp-content\/uploads\/2025\/05\/Caminhada-do-Dia-Mundial-da-Atividade-Fisica-2025-122-scaled.jpg\" data-elementor-open-lightbox=\"yes\" data-elementor-lightbox-slideshow=\"845e231\" data-elementor-lightbox-title=\"Caminhada do Dia Mundial da Atividade F\u00edsica 2025 (122)\" data-e-action-hash=\"#elementor-action%3Aaction%3Dlightbox%26settings%3DeyJpZCI6NzI0NDIsInVybCI6Imh0dHBzOlwvXC93d3cuY20tYmVuYXZlbnRlLnB0XC93cC1jb250ZW50XC91cGxvYWRzXC8yMDI1XC8wNVwvQ2FtaW5oYWRhLWRvLURpYS1NdW5kaWFsLWRhLUF0aXZpZGFkZS1GaXNpY2EtMjAyNS0xMjItc2NhbGVkLmpwZyIsInNsaWRlc2hvdyI6Ijg0NWUyMzEifQ%3D%3D\">\n\t\t\t\t\t<div class=\"e-gallery-image elementor-gallery-item__image\" data-thumbnail=\"https:\/\/www.cm-benavente.pt\/wp-content\/uploads\/2025\/05\/Caminhada-do-Dia-Mundial-da-Atividade-Fisica-2025-122-1024x683.jpg\" data-width=\"800\" data-height=\"534\" aria-label=\"\" role=\"img\" ><\/div>\n\t\t\t\t\t\t\t\t\t\t\t<div class=\"elementor-gallery-item__overlay\"><\/div>\n\t\t\t\t\t\t\t\t\t\t\t\t\t\t<\/a>\n\t\t\t\t\t\t\t<a class=\"e-gallery-item elementor-gallery-item elementor-animated-content\" href=\"https:\/\/www.cm-benavente.pt\/wp-content\/uploads\/2025\/05\/Caminhada-do-Dia-Mundial-da-Atividade-Fisica-2025-123-scaled.jpg\" data-elementor-open-lightbox=\"yes\" data-elementor-lightbox-slideshow=\"845e231\" data-elementor-lightbox-title=\"Caminhada do Dia Mundial da Atividade F\u00edsica 2025 (123)\" data-e-action-hash=\"#elementor-action%3Aaction%3Dlightbox%26settings%3DeyJpZCI6NzI0NDMsInVybCI6Imh0dHBzOlwvXC93d3cuY20tYmVuYXZlbnRlLnB0XC93cC1jb250ZW50XC91cGxvYWRzXC8yMDI1XC8wNVwvQ2FtaW5oYWRhLWRvLURpYS1NdW5kaWFsLWRhLUF0aXZpZGFkZS1GaXNpY2EtMjAyNS0xMjMtc2NhbGVkLmpwZyIsInNsaWRlc2hvdyI6Ijg0NWUyMzEifQ%3D%3D\">\n\t\t\t\t\t<div class=\"e-gallery-image elementor-gallery-item__image\" data-thumbnail=\"https:\/\/www.cm-benavente.pt\/wp-content\/uploads\/2025\/05\/Caminhada-do-Dia-Mundial-da-Atividade-Fisica-2025-123-1024x683.jpg\" data-width=\"800\" data-height=\"534\" aria-label=\"\" role=\"img\" ><\/div>\n\t\t\t\t\t\t\t\t\t\t\t<div class=\"elementor-gallery-item__overlay\"><\/div>\n\t\t\t\t\t\t\t\t\t\t\t\t\t\t<\/a>\n\t\t\t\t\t\t\t<a class=\"e-gallery-item elementor-gallery-item elementor-animated-content\" href=\"https:\/\/www.cm-benavente.pt\/wp-content\/uploads\/2025\/05\/Caminhada-do-Dia-Mundial-da-Atividade-Fisica-2025-124-scaled.jpg\" data-elementor-open-lightbox=\"yes\" data-elementor-lightbox-slideshow=\"845e231\" data-elementor-lightbox-title=\"Caminhada do Dia Mundial da Atividade F\u00edsica 2025 (124)\" data-e-action-hash=\"#elementor-action%3Aaction%3Dlightbox%26settings%3DeyJpZCI6NzI0NDQsInVybCI6Imh0dHBzOlwvXC93d3cuY20tYmVuYXZlbnRlLnB0XC93cC1jb250ZW50XC91cGxvYWRzXC8yMDI1XC8wNVwvQ2FtaW5oYWRhLWRvLURpYS1NdW5kaWFsLWRhLUF0aXZpZGFkZS1GaXNpY2EtMjAyNS0xMjQtc2NhbGVkLmpwZyIsInNsaWRlc2hvdyI6Ijg0NWUyMzEifQ%3D%3D\">\n\t\t\t\t\t<div class=\"e-gallery-image elementor-gallery-item__image\" data-thumbnail=\"https:\/\/www.cm-benavente.pt\/wp-content\/uploads\/2025\/05\/Caminhada-do-Dia-Mundial-da-Atividade-Fisica-2025-124-1024x683.jpg\" data-width=\"800\" data-height=\"534\" aria-label=\"\" role=\"img\" ><\/div>\n\t\t\t\t\t\t\t\t\t\t\t<div class=\"elementor-gallery-item__overlay\"><\/div>\n\t\t\t\t\t\t\t\t\t\t\t\t\t\t<\/a>\n\t\t\t\t\t\t\t<a class=\"e-gallery-item elementor-gallery-item elementor-animated-content\" href=\"https:\/\/www.cm-benavente.pt\/wp-content\/uploads\/2025\/05\/Caminhada-do-Dia-Mundial-da-Atividade-Fisica-2025-125-scaled.jpg\" data-elementor-open-lightbox=\"yes\" data-elementor-lightbox-slideshow=\"845e231\" data-elementor-lightbox-title=\"Caminhada do Dia Mundial da Atividade F\u00edsica 2025 (125)\" data-e-action-hash=\"#elementor-action%3Aaction%3Dlightbox%26settings%3DeyJpZCI6NzI0NDUsInVybCI6Imh0dHBzOlwvXC93d3cuY20tYmVuYXZlbnRlLnB0XC93cC1jb250ZW50XC91cGxvYWRzXC8yMDI1XC8wNVwvQ2FtaW5oYWRhLWRvLURpYS1NdW5kaWFsLWRhLUF0aXZpZGFkZS1GaXNpY2EtMjAyNS0xMjUtc2NhbGVkLmpwZyIsInNsaWRlc2hvdyI6Ijg0NWUyMzEifQ%3D%3D\">\n\t\t\t\t\t<div class=\"e-gallery-image elementor-gallery-item__image\" data-thumbnail=\"https:\/\/www.cm-benavente.pt\/wp-content\/uploads\/2025\/05\/Caminhada-do-Dia-Mundial-da-Atividade-Fisica-2025-125-1024x683.jpg\" data-width=\"800\" data-height=\"534\" aria-label=\"\" role=\"img\" ><\/div>\n\t\t\t\t\t\t\t\t\t\t\t<div class=\"elementor-gallery-item__overlay\"><\/div>\n\t\t\t\t\t\t\t\t\t\t\t\t\t\t<\/a>\n\t\t\t\t\t\t\t<a class=\"e-gallery-item elementor-gallery-item elementor-animated-content\" href=\"https:\/\/www.cm-benavente.pt\/wp-content\/uploads\/2025\/05\/Caminhada-do-Dia-Mundial-da-Atividade-Fisica-2025-126.jpg\" data-elementor-open-lightbox=\"yes\" data-elementor-lightbox-slideshow=\"845e231\" data-elementor-lightbox-title=\"Caminhada do Dia Mundial da Atividade F\u00edsica 2025 (126)\" data-e-action-hash=\"#elementor-action%3Aaction%3Dlightbox%26settings%3DeyJpZCI6NzI0NDYsInVybCI6Imh0dHBzOlwvXC93d3cuY20tYmVuYXZlbnRlLnB0XC93cC1jb250ZW50XC91cGxvYWRzXC8yMDI1XC8wNVwvQ2FtaW5oYWRhLWRvLURpYS1NdW5kaWFsLWRhLUF0aXZpZGFkZS1GaXNpY2EtMjAyNS0xMjYuanBnIiwic2xpZGVzaG93IjoiODQ1ZTIzMSJ9\">\n\t\t\t\t\t<div class=\"e-gallery-image elementor-gallery-item__image\" data-thumbnail=\"https:\/\/www.cm-benavente.pt\/wp-content\/uploads\/2025\/05\/Caminhada-do-Dia-Mundial-da-Atividade-Fisica-2025-126-1024x683.jpg\" data-width=\"800\" data-height=\"534\" aria-label=\"\" role=\"img\" ><\/div>\n\t\t\t\t\t\t\t\t\t\t\t<div class=\"elementor-gallery-item__overlay\"><\/div>\n\t\t\t\t\t\t\t\t\t\t\t\t\t\t<\/a>\n\t\t\t\t\t\t\t<a class=\"e-gallery-item elementor-gallery-item elementor-animated-content\" href=\"https:\/\/www.cm-benavente.pt\/wp-content\/uploads\/2025\/05\/Caminhada-do-Dia-Mundial-da-Atividade-Fisica-2025-127-scaled.jpg\" data-elementor-open-lightbox=\"yes\" data-elementor-lightbox-slideshow=\"845e231\" data-elementor-lightbox-title=\"Caminhada do Dia Mundial da Atividade F\u00edsica 2025 (127)\" data-e-action-hash=\"#elementor-action%3Aaction%3Dlightbox%26settings%3DeyJpZCI6NzI0NDcsInVybCI6Imh0dHBzOlwvXC93d3cuY20tYmVuYXZlbnRlLnB0XC93cC1jb250ZW50XC91cGxvYWRzXC8yMDI1XC8wNVwvQ2FtaW5oYWRhLWRvLURpYS1NdW5kaWFsLWRhLUF0aXZpZGFkZS1GaXNpY2EtMjAyNS0xMjctc2NhbGVkLmpwZyIsInNsaWRlc2hvdyI6Ijg0NWUyMzEifQ%3D%3D\">\n\t\t\t\t\t<div class=\"e-gallery-image elementor-gallery-item__image\" data-thumbnail=\"https:\/\/www.cm-benavente.pt\/wp-content\/uploads\/2025\/05\/Caminhada-do-Dia-Mundial-da-Atividade-Fisica-2025-127-1024x683.jpg\" data-width=\"800\" data-height=\"534\" aria-label=\"\" role=\"img\" ><\/div>\n\t\t\t\t\t\t\t\t\t\t\t<div class=\"elementor-gallery-item__overlay\"><\/div>\n\t\t\t\t\t\t\t\t\t\t\t\t\t\t<\/a>\n\t\t\t\t\t\t\t<a class=\"e-gallery-item elementor-gallery-item elementor-animated-content\" href=\"https:\/\/www.cm-benavente.pt\/wp-content\/uploads\/2025\/05\/Caminhada-do-Dia-Mundial-da-Atividade-Fisica-2025-129-scaled.jpg\" data-elementor-open-lightbox=\"yes\" data-elementor-lightbox-slideshow=\"845e231\" data-elementor-lightbox-title=\"Caminhada do Dia Mundial da Atividade F\u00edsica 2025 (129)\" data-e-action-hash=\"#elementor-action%3Aaction%3Dlightbox%26settings%3DeyJpZCI6NzI0NDgsInVybCI6Imh0dHBzOlwvXC93d3cuY20tYmVuYXZlbnRlLnB0XC93cC1jb250ZW50XC91cGxvYWRzXC8yMDI1XC8wNVwvQ2FtaW5oYWRhLWRvLURpYS1NdW5kaWFsLWRhLUF0aXZpZGFkZS1GaXNpY2EtMjAyNS0xMjktc2NhbGVkLmpwZyIsInNsaWRlc2hvdyI6Ijg0NWUyMzEifQ%3D%3D\">\n\t\t\t\t\t<div class=\"e-gallery-image elementor-gallery-item__image\" data-thumbnail=\"https:\/\/www.cm-benavente.pt\/wp-content\/uploads\/2025\/05\/Caminhada-do-Dia-Mundial-da-Atividade-Fisica-2025-129-1024x683.jpg\" data-width=\"800\" data-height=\"534\" aria-label=\"\" role=\"img\" ><\/div>\n\t\t\t\t\t\t\t\t\t\t\t<div class=\"elementor-gallery-item__overlay\"><\/div>\n\t\t\t\t\t\t\t\t\t\t\t\t\t\t<\/a>\n\t\t\t\t\t\t\t<a class=\"e-gallery-item elementor-gallery-item elementor-animated-content\" href=\"https:\/\/www.cm-benavente.pt\/wp-content\/uploads\/2025\/05\/Caminhada-do-Dia-Mundial-da-Atividade-Fisica-2025-130.jpg\" data-elementor-open-lightbox=\"yes\" data-elementor-lightbox-slideshow=\"845e231\" data-elementor-lightbox-title=\"Caminhada do Dia Mundial da Atividade F\u00edsica 2025 (130)\" data-e-action-hash=\"#elementor-action%3Aaction%3Dlightbox%26settings%3DeyJpZCI6NzI0NDksInVybCI6Imh0dHBzOlwvXC93d3cuY20tYmVuYXZlbnRlLnB0XC93cC1jb250ZW50XC91cGxvYWRzXC8yMDI1XC8wNVwvQ2FtaW5oYWRhLWRvLURpYS1NdW5kaWFsLWRhLUF0aXZpZGFkZS1GaXNpY2EtMjAyNS0xMzAuanBnIiwic2xpZGVzaG93IjoiODQ1ZTIzMSJ9\">\n\t\t\t\t\t<div class=\"e-gallery-image elementor-gallery-item__image\" data-thumbnail=\"https:\/\/www.cm-benavente.pt\/wp-content\/uploads\/2025\/05\/Caminhada-do-Dia-Mundial-da-Atividade-Fisica-2025-130-1024x683.jpg\" data-width=\"800\" data-height=\"534\" aria-label=\"\" role=\"img\" ><\/div>\n\t\t\t\t\t\t\t\t\t\t\t<div class=\"elementor-gallery-item__overlay\"><\/div>\n\t\t\t\t\t\t\t\t\t\t\t\t\t\t<\/a>\n\t\t\t\t\t\t\t<a class=\"e-gallery-item elementor-gallery-item elementor-animated-content\" href=\"https:\/\/www.cm-benavente.pt\/wp-content\/uploads\/2025\/05\/Caminhada-do-Dia-Mundial-da-Atividade-Fisica-2025-131-scaled.jpg\" data-elementor-open-lightbox=\"yes\" data-elementor-lightbox-slideshow=\"845e231\" data-elementor-lightbox-title=\"Caminhada do Dia Mundial da Atividade F\u00edsica 2025 (131)\" data-e-action-hash=\"#elementor-action%3Aaction%3Dlightbox%26settings%3DeyJpZCI6NzI0NTAsInVybCI6Imh0dHBzOlwvXC93d3cuY20tYmVuYXZlbnRlLnB0XC93cC1jb250ZW50XC91cGxvYWRzXC8yMDI1XC8wNVwvQ2FtaW5oYWRhLWRvLURpYS1NdW5kaWFsLWRhLUF0aXZpZGFkZS1GaXNpY2EtMjAyNS0xMzEtc2NhbGVkLmpwZyIsInNsaWRlc2hvdyI6Ijg0NWUyMzEifQ%3D%3D\">\n\t\t\t\t\t<div class=\"e-gallery-image elementor-gallery-item__image\" data-thumbnail=\"https:\/\/www.cm-benavente.pt\/wp-content\/uploads\/2025\/05\/Caminhada-do-Dia-Mundial-da-Atividade-Fisica-2025-131-1024x683.jpg\" data-width=\"800\" data-height=\"534\" aria-label=\"\" role=\"img\" ><\/div>\n\t\t\t\t\t\t\t\t\t\t\t<div class=\"elementor-gallery-item__overlay\"><\/div>\n\t\t\t\t\t\t\t\t\t\t\t\t\t\t<\/a>\n\t\t\t\t\t\t\t<a class=\"e-gallery-item elementor-gallery-item elementor-animated-content\" href=\"https:\/\/www.cm-benavente.pt\/wp-content\/uploads\/2025\/05\/Caminhada-do-Dia-Mundial-da-Atividade-Fisica-2025-132.jpg\" data-elementor-open-lightbox=\"yes\" data-elementor-lightbox-slideshow=\"845e231\" data-elementor-lightbox-title=\"Caminhada do Dia Mundial da Atividade F\u00edsica 2025 (132)\" data-e-action-hash=\"#elementor-action%3Aaction%3Dlightbox%26settings%3DeyJpZCI6NzI0NTEsInVybCI6Imh0dHBzOlwvXC93d3cuY20tYmVuYXZlbnRlLnB0XC93cC1jb250ZW50XC91cGxvYWRzXC8yMDI1XC8wNVwvQ2FtaW5oYWRhLWRvLURpYS1NdW5kaWFsLWRhLUF0aXZpZGFkZS1GaXNpY2EtMjAyNS0xMzIuanBnIiwic2xpZGVzaG93IjoiODQ1ZTIzMSJ9\">\n\t\t\t\t\t<div class=\"e-gallery-image elementor-gallery-item__image\" data-thumbnail=\"https:\/\/www.cm-benavente.pt\/wp-content\/uploads\/2025\/05\/Caminhada-do-Dia-Mundial-da-Atividade-Fisica-2025-132-1024x683.jpg\" data-width=\"800\" data-height=\"534\" aria-label=\"\" role=\"img\" ><\/div>\n\t\t\t\t\t\t\t\t\t\t\t<div class=\"elementor-gallery-item__overlay\"><\/div>\n\t\t\t\t\t\t\t\t\t\t\t\t\t\t<\/a>\n\t\t\t\t\t\t\t<a class=\"e-gallery-item elementor-gallery-item elementor-animated-content\" href=\"https:\/\/www.cm-benavente.pt\/wp-content\/uploads\/2025\/05\/Caminhada-do-Dia-Mundial-da-Atividade-Fisica-2025-133.jpg\" data-elementor-open-lightbox=\"yes\" data-elementor-lightbox-slideshow=\"845e231\" data-elementor-lightbox-title=\"Caminhada do Dia Mundial da Atividade F\u00edsica 2025 (133)\" data-e-action-hash=\"#elementor-action%3Aaction%3Dlightbox%26settings%3DeyJpZCI6NzI0NTIsInVybCI6Imh0dHBzOlwvXC93d3cuY20tYmVuYXZlbnRlLnB0XC93cC1jb250ZW50XC91cGxvYWRzXC8yMDI1XC8wNVwvQ2FtaW5oYWRhLWRvLURpYS1NdW5kaWFsLWRhLUF0aXZpZGFkZS1GaXNpY2EtMjAyNS0xMzMuanBnIiwic2xpZGVzaG93IjoiODQ1ZTIzMSJ9\">\n\t\t\t\t\t<div class=\"e-gallery-image elementor-gallery-item__image\" data-thumbnail=\"https:\/\/www.cm-benavente.pt\/wp-content\/uploads\/2025\/05\/Caminhada-do-Dia-Mundial-da-Atividade-Fisica-2025-133-1024x683.jpg\" data-width=\"800\" data-height=\"534\" aria-label=\"\" role=\"img\" ><\/div>\n\t\t\t\t\t\t\t\t\t\t\t<div class=\"elementor-gallery-item__overlay\"><\/div>\n\t\t\t\t\t\t\t\t\t\t\t\t\t\t<\/a>\n\t\t\t\t\t\t\t<a class=\"e-gallery-item elementor-gallery-item elementor-animated-content\" href=\"https:\/\/www.cm-benavente.pt\/wp-content\/uploads\/2025\/05\/Caminhada-do-Dia-Mundial-da-Atividade-Fisica-2025-134.jpg\" data-elementor-open-lightbox=\"yes\" data-elementor-lightbox-slideshow=\"845e231\" data-elementor-lightbox-title=\"Caminhada do Dia Mundial da Atividade F\u00edsica 2025 (134)\" data-e-action-hash=\"#elementor-action%3Aaction%3Dlightbox%26settings%3DeyJpZCI6NzI0NTMsInVybCI6Imh0dHBzOlwvXC93d3cuY20tYmVuYXZlbnRlLnB0XC93cC1jb250ZW50XC91cGxvYWRzXC8yMDI1XC8wNVwvQ2FtaW5oYWRhLWRvLURpYS1NdW5kaWFsLWRhLUF0aXZpZGFkZS1GaXNpY2EtMjAyNS0xMzQuanBnIiwic2xpZGVzaG93IjoiODQ1ZTIzMSJ9\">\n\t\t\t\t\t<div class=\"e-gallery-image elementor-gallery-item__image\" data-thumbnail=\"https:\/\/www.cm-benavente.pt\/wp-content\/uploads\/2025\/05\/Caminhada-do-Dia-Mundial-da-Atividade-Fisica-2025-134-1024x683.jpg\" data-width=\"800\" data-height=\"534\" aria-label=\"\" role=\"img\" ><\/div>\n\t\t\t\t\t\t\t\t\t\t\t<div class=\"elementor-gallery-item__overlay\"><\/div>\n\t\t\t\t\t\t\t\t\t\t\t\t\t\t<\/a>\n\t\t\t\t\t\t\t<a class=\"e-gallery-item elementor-gallery-item elementor-animated-content\" href=\"https:\/\/www.cm-benavente.pt\/wp-content\/uploads\/2025\/05\/Caminhada-do-Dia-Mundial-da-Atividade-Fisica-2025-135-scaled.jpg\" data-elementor-open-lightbox=\"yes\" data-elementor-lightbox-slideshow=\"845e231\" data-elementor-lightbox-title=\"Caminhada do Dia Mundial da Atividade F\u00edsica 2025 (135)\" data-e-action-hash=\"#elementor-action%3Aaction%3Dlightbox%26settings%3DeyJpZCI6NzI0NTQsInVybCI6Imh0dHBzOlwvXC93d3cuY20tYmVuYXZlbnRlLnB0XC93cC1jb250ZW50XC91cGxvYWRzXC8yMDI1XC8wNVwvQ2FtaW5oYWRhLWRvLURpYS1NdW5kaWFsLWRhLUF0aXZpZGFkZS1GaXNpY2EtMjAyNS0xMzUtc2NhbGVkLmpwZyIsInNsaWRlc2hvdyI6Ijg0NWUyMzEifQ%3D%3D\">\n\t\t\t\t\t<div class=\"e-gallery-image elementor-gallery-item__image\" data-thumbnail=\"https:\/\/www.cm-benavente.pt\/wp-content\/uploads\/2025\/05\/Caminhada-do-Dia-Mundial-da-Atividade-Fisica-2025-135-1024x682.jpg\" data-width=\"800\" data-height=\"533\" aria-label=\"\" role=\"img\" ><\/div>\n\t\t\t\t\t\t\t\t\t\t\t<div class=\"elementor-gallery-item__overlay\"><\/div>\n\t\t\t\t\t\t\t\t\t\t\t\t\t\t<\/a>\n\t\t\t\t\t\t\t<a class=\"e-gallery-item elementor-gallery-item elementor-animated-content\" href=\"https:\/\/www.cm-benavente.pt\/wp-content\/uploads\/2025\/05\/Caminhada-do-Dia-Mundial-da-Atividade-Fisica-2025-136.jpg\" data-elementor-open-lightbox=\"yes\" data-elementor-lightbox-slideshow=\"845e231\" data-elementor-lightbox-title=\"Caminhada do Dia Mundial da Atividade F\u00edsica 2025 (136)\" data-e-action-hash=\"#elementor-action%3Aaction%3Dlightbox%26settings%3DeyJpZCI6NzI0NTUsInVybCI6Imh0dHBzOlwvXC93d3cuY20tYmVuYXZlbnRlLnB0XC93cC1jb250ZW50XC91cGxvYWRzXC8yMDI1XC8wNVwvQ2FtaW5oYWRhLWRvLURpYS1NdW5kaWFsLWRhLUF0aXZpZGFkZS1GaXNpY2EtMjAyNS0xMzYuanBnIiwic2xpZGVzaG93IjoiODQ1ZTIzMSJ9\">\n\t\t\t\t\t<div class=\"e-gallery-image elementor-gallery-item__image\" data-thumbnail=\"https:\/\/www.cm-benavente.pt\/wp-content\/uploads\/2025\/05\/Caminhada-do-Dia-Mundial-da-Atividade-Fisica-2025-136-1024x683.jpg\" data-width=\"800\" data-height=\"534\" aria-label=\"\" role=\"img\" ><\/div>\n\t\t\t\t\t\t\t\t\t\t\t<div class=\"elementor-gallery-item__overlay\"><\/div>\n\t\t\t\t\t\t\t\t\t\t\t\t\t\t<\/a>\n\t\t\t\t\t\t\t<a class=\"e-gallery-item elementor-gallery-item elementor-animated-content\" href=\"https:\/\/www.cm-benavente.pt\/wp-content\/uploads\/2025\/05\/Caminhada-do-Dia-Mundial-da-Atividade-Fisica-2025-137-scaled.jpg\" data-elementor-open-lightbox=\"yes\" data-elementor-lightbox-slideshow=\"845e231\" data-elementor-lightbox-title=\"Caminhada do Dia Mundial da Atividade F\u00edsica 2025 (137)\" data-e-action-hash=\"#elementor-action%3Aaction%3Dlightbox%26settings%3DeyJpZCI6NzI0NTYsInVybCI6Imh0dHBzOlwvXC93d3cuY20tYmVuYXZlbnRlLnB0XC93cC1jb250ZW50XC91cGxvYWRzXC8yMDI1XC8wNVwvQ2FtaW5oYWRhLWRvLURpYS1NdW5kaWFsLWRhLUF0aXZpZGFkZS1GaXNpY2EtMjAyNS0xMzctc2NhbGVkLmpwZyIsInNsaWRlc2hvdyI6Ijg0NWUyMzEifQ%3D%3D\">\n\t\t\t\t\t<div class=\"e-gallery-image elementor-gallery-item__image\" data-thumbnail=\"https:\/\/www.cm-benavente.pt\/wp-content\/uploads\/2025\/05\/Caminhada-do-Dia-Mundial-da-Atividade-Fisica-2025-137-1024x682.jpg\" data-width=\"800\" data-height=\"533\" aria-label=\"\" role=\"img\" ><\/div>\n\t\t\t\t\t\t\t\t\t\t\t<div class=\"elementor-gallery-item__overlay\"><\/div>\n\t\t\t\t\t\t\t\t\t\t\t\t\t\t<\/a>\n\t\t\t\t\t<\/div>\n\t\t\t\t\t<\/div>\n\t\t\t\t<\/div>\n\t\t\t\t\t<\/div>\n\t\t\t\t<\/div>\n\t\t\t\t<\/div>\n\t\t","protected":false},"excerpt":{"rendered":"<p>A Caminhada que celebrou o Dia Mundial da Atividade F\u00edsica, cumpriu-se na Mata do Duque (Santo Estev\u00e3o), no Dia do Trabalhador. Recordamos que a iniciativa tinha sido adiada devido \u00e0s condi\u00e7\u00f5es climat\u00e9ricas pouco favor\u00e1veis da data inicialmente marcada, mas no dia 1 de maio foi poss\u00edvel caminhar com uma temperatura agrad\u00e1vel, num percurso muito bonito, em Santo Estev\u00e3o.<\/p>\n","protected":false},"author":3,"featured_media":72818,"comment_status":"closed","ping_status":"closed","sticky":false,"template":"","format":"standard","meta":{"_vp_format_video_url":"","_vp_image_focal_point":[],"footnotes":""},"categories":[475],"tags":[185,16,808,124,123,2289,479,27,13],"class_list":["post-72318","post","type-post","status-publish","format-standard","has-post-thumbnail","hentry","category-desporto","tag-barrosa","tag-benavente","tag-caminhada","tag-desporto","tag-dia-mundial-da-atividade-fisica","tag-mata-do-duque","tag-municipio-de-benavente","tag-samora-correia","tag-santo-estevao"],"_links":{"self":[{"href":"https:\/\/www.cm-benavente.pt\/index.php\/wp-json\/wp\/v2\/posts\/72318","targetHints":{"allow":["GET"]}}],"collection":[{"href":"https:\/\/www.cm-benavente.pt\/index.php\/wp-json\/wp\/v2\/posts"}],"about":[{"href":"https:\/\/www.cm-benavente.pt\/index.php\/wp-json\/wp\/v2\/types\/post"}],"author":[{"embeddable":true,"href":"https:\/\/www.cm-benavente.pt\/index.php\/wp-json\/wp\/v2\/users\/3"}],"replies":[{"embeddable":true,"href":"https:\/\/www.cm-benavente.pt\/index.php\/wp-json\/wp\/v2\/comments?post=72318"}],"version-history":[{"count":7,"href":"https:\/\/www.cm-benavente.pt\/index.php\/wp-json\/wp\/v2\/posts\/72318\/revisions"}],"predecessor-version":[{"id":72821,"href":"https:\/\/www.cm-benavente.pt\/index.php\/wp-json\/wp\/v2\/posts\/72318\/revisions\/72821"}],"wp:featuredmedia":[{"embeddable":true,"href":"https:\/\/www.cm-benavente.pt\/index.php\/wp-json\/wp\/v2\/media\/72818"}],"wp:attachment":[{"href":"https:\/\/www.cm-benavente.pt\/index.php\/wp-json\/wp\/v2\/media?parent=72318"}],"wp:term":[{"taxonomy":"category","embeddable":true,"href":"https:\/\/www.cm-benavente.pt\/index.php\/wp-json\/wp\/v2\/categories?post=72318"},{"taxonomy":"post_tag","embeddable":true,"href":"https:\/\/www.cm-benavente.pt\/index.php\/wp-json\/wp\/v2\/tags?post=72318"}],"curies":[{"name":"wp","href":"https:\/\/api.w.org\/{rel}","templated":true}]}}