{"id":72103,"date":"2025-04-29T15:16:03","date_gmt":"2025-04-29T15:16:03","guid":{"rendered":"https:\/\/www.cm-benavente.pt\/?p=72103"},"modified":"2025-04-29T15:17:13","modified_gmt":"2025-04-29T15:17:13","slug":"adiada-a-reabertura-do-posto-medico-de-foros-da-charneca-para-dia-9-de-maio","status":"publish","type":"post","link":"https:\/\/www.cm-benavente.pt\/index.php\/2025\/04\/29\/adiada-a-reabertura-do-posto-medico-de-foros-da-charneca-para-dia-9-de-maio\/","title":{"rendered":"Adiada a reabertura do Posto M\u00e9dico de Foros da Charneca para dia 9 de maio"},"content":{"rendered":"\t\t<div data-elementor-type=\"wp-post\" data-elementor-id=\"72103\" class=\"elementor elementor-72103\" data-elementor-post-type=\"post\">\n\t\t\t\t<div class=\"elementor-element elementor-element-a8f3a41 e-flex e-con-boxed e-con e-parent\" data-id=\"a8f3a41\" data-element_type=\"container\" data-e-type=\"container\" data-settings=\"{&quot;tmea_shape_divider_top&quot;:&quot;none&quot;,&quot;tmea_shape_divider_bottom&quot;:&quot;none&quot;}\">\n\t\t\t\t\t<div class=\"e-con-inner\">\n\t\t\n\t\t<div class=\"elementor-element elementor-element-4d5d8e9 elementor-widget elementor-widget-text-editor\" data-id=\"4d5d8e9\" data-element_type=\"widget\" data-e-type=\"widget\" data-widget_type=\"text-editor.default\">\n\t\t\t\t<div class=\"elementor-widget-container\">\n\t\t\t\t\t\t\t\t\t<p>A <strong>Unidade Local de Sa\u00fade do Estu\u00e1rio do Tejo<\/strong> informou a C\u00e2mara Municipal que, devido \u00e0s consequ\u00eancias do apag\u00e3o que ocorreu nesta segunda-feira, n\u00e3o est\u00e3o reunidas as condi\u00e7\u00f5es para que o Posto M\u00e9dico dos Foros da Charneca seja reaberto amanh\u00e3, dia 30 de abril, conforme anunciado.<\/p><p>Foi acordado entre as entidades que o Posto M\u00e9dico <strong>ser\u00e1 reinaugurado no dia 9 de maio, pelas 11H30,<\/strong> iniciando nesse dia a sua atividade junto da popula\u00e7\u00e3o dos Foros da Charneca.<\/p>\t\t\t\t\t\t\t\t<\/div>\n\t\t\t\t<\/div>\n\t\t\t\t\t<\/div>\n\t\t\t\t<\/div>\n\t\t\t\t<\/div>\n\t\t","protected":false},"excerpt":{"rendered":"<p>A Unidade Local de Sa\u00fade do Estu\u00e1rio do Tejo informou a C\u00e2mara Municipal que, devido \u00e0s consequ\u00eancias do apag\u00e3o que ocorreu nesta segunda-feira, n\u00e3o est\u00e3o reunidas as condi\u00e7\u00f5es para que o Posto M\u00e9dico dos Foros da Charneca seja reaberto amanh\u00e3, dia 30 de abril, conforme anunciado.<\/p>\n","protected":false},"author":3,"featured_media":72104,"comment_status":"closed","ping_status":"closed","sticky":false,"template":"","format":"standard","meta":{"_vp_format_video_url":"","_vp_image_focal_point":[],"footnotes":""},"categories":[545,518,923],"tags":[2859,2009,2221,99],"class_list":["post-72103","post","type-post","status-publish","format-standard","has-post-thumbnail","hentry","category-informacao","category-municipio","category-saude","tag-adiado","tag-foros-da-charneca","tag-posto-medico","tag-saude"],"_links":{"self":[{"href":"https:\/\/www.cm-benavente.pt\/index.php\/wp-json\/wp\/v2\/posts\/72103","targetHints":{"allow":["GET"]}}],"collection":[{"href":"https:\/\/www.cm-benavente.pt\/index.php\/wp-json\/wp\/v2\/posts"}],"about":[{"href":"https:\/\/www.cm-benavente.pt\/index.php\/wp-json\/wp\/v2\/types\/post"}],"author":[{"embeddable":true,"href":"https:\/\/www.cm-benavente.pt\/index.php\/wp-json\/wp\/v2\/users\/3"}],"replies":[{"embeddable":true,"href":"https:\/\/www.cm-benavente.pt\/index.php\/wp-json\/wp\/v2\/comments?post=72103"}],"version-history":[{"count":4,"href":"https:\/\/www.cm-benavente.pt\/index.php\/wp-json\/wp\/v2\/posts\/72103\/revisions"}],"predecessor-version":[{"id":72108,"href":"https:\/\/www.cm-benavente.pt\/index.php\/wp-json\/wp\/v2\/posts\/72103\/revisions\/72108"}],"wp:featuredmedia":[{"embeddable":true,"href":"https:\/\/www.cm-benavente.pt\/index.php\/wp-json\/wp\/v2\/media\/72104"}],"wp:attachment":[{"href":"https:\/\/www.cm-benavente.pt\/index.php\/wp-json\/wp\/v2\/media?parent=72103"}],"wp:term":[{"taxonomy":"category","embeddable":true,"href":"https:\/\/www.cm-benavente.pt\/index.php\/wp-json\/wp\/v2\/categories?post=72103"},{"taxonomy":"post_tag","embeddable":true,"href":"https:\/\/www.cm-benavente.pt\/index.php\/wp-json\/wp\/v2\/tags?post=72103"}],"curies":[{"name":"wp","href":"https:\/\/api.w.org\/{rel}","templated":true}]}}