{"id":72070,"date":"2025-04-29T14:00:23","date_gmt":"2025-04-29T14:00:23","guid":{"rendered":"https:\/\/www.cm-benavente.pt\/?p=72070"},"modified":"2025-04-29T14:04:45","modified_gmt":"2025-04-29T14:04:45","slug":"peca-de-teatro-libertar-libertando-emocionou-o-centro-cultural-de-samora-correia","status":"publish","type":"post","link":"https:\/\/www.cm-benavente.pt\/index.php\/2025\/04\/29\/peca-de-teatro-libertar-libertando-emocionou-o-centro-cultural-de-samora-correia\/","title":{"rendered":"Pe\u00e7a de Teatro \u201cLibertar, Libertando\u201d emocionou o Centro Cultural de Samora Correia"},"content":{"rendered":"\t\t<div data-elementor-type=\"wp-post\" data-elementor-id=\"72070\" class=\"elementor elementor-72070\" data-elementor-post-type=\"post\">\n\t\t\t\t<div class=\"elementor-element elementor-element-be46985 e-flex e-con-boxed e-con e-parent\" data-id=\"be46985\" data-element_type=\"container\" data-e-type=\"container\" data-settings=\"{&quot;tmea_shape_divider_top&quot;:&quot;none&quot;,&quot;tmea_shape_divider_bottom&quot;:&quot;none&quot;}\">\n\t\t\t\t\t<div class=\"e-con-inner\">\n\t\t\n\t\t<div class=\"elementor-element elementor-element-5a9e7cb elementor-widget elementor-widget-text-editor\" data-id=\"5a9e7cb\" data-element_type=\"widget\" data-e-type=\"widget\" data-widget_type=\"text-editor.default\">\n\t\t\t\t<div class=\"elementor-widget-container\">\n\t\t\t\t\t\t\t\t\t<p>Com casa cheia, a <strong>Associa\u00e7\u00e3o Teatral Revisteiros<\/strong> voltou a surpreender com a pe\u00e7a de teatro apresentada na noite do dia <strong>25 de abril<\/strong>.<\/p><p><strong>\u201cLibertar, Libertando\u201d<\/strong> tocou nas m\u00e1goas de quem esteve na guerra colonial, nos horrores vividos por tantos portugueses antes do 25 de abril. Em 1974, a conquista da Liberdade e da Democracia trouxe ao de cima valores importantes para a sociedade, formas de estar e de pensar amplas, de igualdade, de fraternidade, por\u00e9m, aos dias de hoje, perdem-se muitos desses valores com as atitudes e os comportamentos impr\u00f3prios e que em nada respeitam os ideais de abril. As emo\u00e7\u00f5es, os transtornos de v\u00e1ria ordem, altos e baixos pr\u00f3prios de quem \u00e9 humano, perante desafios mais traum\u00e1ticos, foram passados de forma perfeita pelos atores da Associa\u00e7\u00e3o Teatral Revisteiros. Parab\u00e9ns.<\/p><p>Uma iniciativa integrada nas <strong>comemora\u00e7\u00f5es do 25 de abril da C\u00e2mara Municipal de Benavente<\/strong>.<\/p>\t\t\t\t\t\t\t\t<\/div>\n\t\t\t\t<\/div>\n\t\t\t\t<div class=\"elementor-element elementor-element-40de19b elementor-widget elementor-widget-gallery\" data-id=\"40de19b\" data-element_type=\"widget\" data-e-type=\"widget\" data-settings=\"{&quot;columns&quot;:7,&quot;lazyload&quot;:&quot;yes&quot;,&quot;gallery_layout&quot;:&quot;grid&quot;,&quot;columns_tablet&quot;:2,&quot;columns_mobile&quot;:1,&quot;gap&quot;:{&quot;unit&quot;:&quot;px&quot;,&quot;size&quot;:10,&quot;sizes&quot;:[]},&quot;gap_widescreen&quot;:{&quot;unit&quot;:&quot;px&quot;,&quot;size&quot;:&quot;&quot;,&quot;sizes&quot;:[]},&quot;gap_laptop&quot;:{&quot;unit&quot;:&quot;px&quot;,&quot;size&quot;:10,&quot;sizes&quot;:[]},&quot;gap_tablet_extra&quot;:{&quot;unit&quot;:&quot;px&quot;,&quot;size&quot;:10,&quot;sizes&quot;:[]},&quot;gap_tablet&quot;:{&quot;unit&quot;:&quot;px&quot;,&quot;size&quot;:10,&quot;sizes&quot;:[]},&quot;gap_mobile_extra&quot;:{&quot;unit&quot;:&quot;px&quot;,&quot;size&quot;:10,&quot;sizes&quot;:[]},&quot;gap_mobile&quot;:{&quot;unit&quot;:&quot;px&quot;,&quot;size&quot;:10,&quot;sizes&quot;:[]},&quot;link_to&quot;:&quot;file&quot;,&quot;aspect_ratio&quot;:&quot;3:2&quot;,&quot;overlay_background&quot;:&quot;yes&quot;,&quot;content_hover_animation&quot;:&quot;fade-in&quot;}\" data-widget_type=\"gallery.default\">\n\t\t\t\t<div class=\"elementor-widget-container\">\n\t\t\t\t\t\t\t<div class=\"elementor-gallery__container\">\n\t\t\t\t\t\t\t<a class=\"e-gallery-item elementor-gallery-item elementor-animated-content\" href=\"https:\/\/www.cm-benavente.pt\/wp-content\/uploads\/2025\/04\/teatro-libertar-libertando-associacao-teatral-revisteiros-1-scaled.jpg\" data-elementor-open-lightbox=\"yes\" data-elementor-lightbox-slideshow=\"40de19b\" data-elementor-lightbox-title=\"teatro libertar libertando associa\u00e7\u00e3o teatral revisteiros (1)\" data-e-action-hash=\"#elementor-action%3Aaction%3Dlightbox%26settings%3DeyJpZCI6NzIwNzMsInVybCI6Imh0dHBzOlwvXC93d3cuY20tYmVuYXZlbnRlLnB0XC93cC1jb250ZW50XC91cGxvYWRzXC8yMDI1XC8wNFwvdGVhdHJvLWxpYmVydGFyLWxpYmVydGFuZG8tYXNzb2NpYWNhby10ZWF0cmFsLXJldmlzdGVpcm9zLTEtc2NhbGVkLmpwZyIsInNsaWRlc2hvdyI6IjQwZGUxOWIifQ%3D%3D\">\n\t\t\t\t\t<div class=\"e-gallery-image elementor-gallery-item__image\" data-thumbnail=\"https:\/\/www.cm-benavente.pt\/wp-content\/uploads\/2025\/04\/teatro-libertar-libertando-associacao-teatral-revisteiros-1-1024x683.jpg\" data-width=\"800\" data-height=\"534\" aria-label=\"\" role=\"img\" ><\/div>\n\t\t\t\t\t\t\t\t\t\t\t<div class=\"elementor-gallery-item__overlay\"><\/div>\n\t\t\t\t\t\t\t\t\t\t\t\t\t\t<\/a>\n\t\t\t\t\t\t\t<a class=\"e-gallery-item elementor-gallery-item elementor-animated-content\" href=\"https:\/\/www.cm-benavente.pt\/wp-content\/uploads\/2025\/04\/teatro-libertar-libertando-associacao-teatral-revisteiros-2-scaled.jpg\" data-elementor-open-lightbox=\"yes\" data-elementor-lightbox-slideshow=\"40de19b\" data-elementor-lightbox-title=\"teatro libertar libertando associa\u00e7\u00e3o teatral revisteiros (2)\" data-e-action-hash=\"#elementor-action%3Aaction%3Dlightbox%26settings%3DeyJpZCI6NzIwNzQsInVybCI6Imh0dHBzOlwvXC93d3cuY20tYmVuYXZlbnRlLnB0XC93cC1jb250ZW50XC91cGxvYWRzXC8yMDI1XC8wNFwvdGVhdHJvLWxpYmVydGFyLWxpYmVydGFuZG8tYXNzb2NpYWNhby10ZWF0cmFsLXJldmlzdGVpcm9zLTItc2NhbGVkLmpwZyIsInNsaWRlc2hvdyI6IjQwZGUxOWIifQ%3D%3D\">\n\t\t\t\t\t<div class=\"e-gallery-image elementor-gallery-item__image\" data-thumbnail=\"https:\/\/www.cm-benavente.pt\/wp-content\/uploads\/2025\/04\/teatro-libertar-libertando-associacao-teatral-revisteiros-2-1024x683.jpg\" data-width=\"800\" data-height=\"534\" aria-label=\"\" role=\"img\" ><\/div>\n\t\t\t\t\t\t\t\t\t\t\t<div class=\"elementor-gallery-item__overlay\"><\/div>\n\t\t\t\t\t\t\t\t\t\t\t\t\t\t<\/a>\n\t\t\t\t\t\t\t<a class=\"e-gallery-item elementor-gallery-item elementor-animated-content\" href=\"https:\/\/www.cm-benavente.pt\/wp-content\/uploads\/2025\/04\/teatro-libertar-libertando-associacao-teatral-revisteiros-3-scaled.jpg\" data-elementor-open-lightbox=\"yes\" data-elementor-lightbox-slideshow=\"40de19b\" data-elementor-lightbox-title=\"teatro libertar libertando associa\u00e7\u00e3o teatral revisteiros (3)\" data-e-action-hash=\"#elementor-action%3Aaction%3Dlightbox%26settings%3DeyJpZCI6NzIwNzUsInVybCI6Imh0dHBzOlwvXC93d3cuY20tYmVuYXZlbnRlLnB0XC93cC1jb250ZW50XC91cGxvYWRzXC8yMDI1XC8wNFwvdGVhdHJvLWxpYmVydGFyLWxpYmVydGFuZG8tYXNzb2NpYWNhby10ZWF0cmFsLXJldmlzdGVpcm9zLTMtc2NhbGVkLmpwZyIsInNsaWRlc2hvdyI6IjQwZGUxOWIifQ%3D%3D\">\n\t\t\t\t\t<div class=\"e-gallery-image elementor-gallery-item__image\" data-thumbnail=\"https:\/\/www.cm-benavente.pt\/wp-content\/uploads\/2025\/04\/teatro-libertar-libertando-associacao-teatral-revisteiros-3-1024x621.jpg\" data-width=\"800\" data-height=\"485\" aria-label=\"\" role=\"img\" ><\/div>\n\t\t\t\t\t\t\t\t\t\t\t<div class=\"elementor-gallery-item__overlay\"><\/div>\n\t\t\t\t\t\t\t\t\t\t\t\t\t\t<\/a>\n\t\t\t\t\t\t\t<a class=\"e-gallery-item elementor-gallery-item elementor-animated-content\" href=\"https:\/\/www.cm-benavente.pt\/wp-content\/uploads\/2025\/04\/teatro-libertar-libertando-associacao-teatral-revisteiros-4-scaled.jpg\" data-elementor-open-lightbox=\"yes\" data-elementor-lightbox-slideshow=\"40de19b\" data-elementor-lightbox-title=\"teatro libertar libertando associa\u00e7\u00e3o teatral revisteiros (4)\" data-e-action-hash=\"#elementor-action%3Aaction%3Dlightbox%26settings%3DeyJpZCI6NzIwNzYsInVybCI6Imh0dHBzOlwvXC93d3cuY20tYmVuYXZlbnRlLnB0XC93cC1jb250ZW50XC91cGxvYWRzXC8yMDI1XC8wNFwvdGVhdHJvLWxpYmVydGFyLWxpYmVydGFuZG8tYXNzb2NpYWNhby10ZWF0cmFsLXJldmlzdGVpcm9zLTQtc2NhbGVkLmpwZyIsInNsaWRlc2hvdyI6IjQwZGUxOWIifQ%3D%3D\">\n\t\t\t\t\t<div class=\"e-gallery-image elementor-gallery-item__image\" data-thumbnail=\"https:\/\/www.cm-benavente.pt\/wp-content\/uploads\/2025\/04\/teatro-libertar-libertando-associacao-teatral-revisteiros-4-1024x683.jpg\" data-width=\"800\" data-height=\"534\" aria-label=\"\" role=\"img\" ><\/div>\n\t\t\t\t\t\t\t\t\t\t\t<div class=\"elementor-gallery-item__overlay\"><\/div>\n\t\t\t\t\t\t\t\t\t\t\t\t\t\t<\/a>\n\t\t\t\t\t\t\t<a class=\"e-gallery-item elementor-gallery-item elementor-animated-content\" href=\"https:\/\/www.cm-benavente.pt\/wp-content\/uploads\/2025\/04\/teatro-libertar-libertando-associacao-teatral-revisteiros-5-scaled.jpg\" data-elementor-open-lightbox=\"yes\" data-elementor-lightbox-slideshow=\"40de19b\" data-elementor-lightbox-title=\"teatro libertar libertando associa\u00e7\u00e3o teatral revisteiros (5)\" data-e-action-hash=\"#elementor-action%3Aaction%3Dlightbox%26settings%3DeyJpZCI6NzIwNzcsInVybCI6Imh0dHBzOlwvXC93d3cuY20tYmVuYXZlbnRlLnB0XC93cC1jb250ZW50XC91cGxvYWRzXC8yMDI1XC8wNFwvdGVhdHJvLWxpYmVydGFyLWxpYmVydGFuZG8tYXNzb2NpYWNhby10ZWF0cmFsLXJldmlzdGVpcm9zLTUtc2NhbGVkLmpwZyIsInNsaWRlc2hvdyI6IjQwZGUxOWIifQ%3D%3D\">\n\t\t\t\t\t<div class=\"e-gallery-image elementor-gallery-item__image\" data-thumbnail=\"https:\/\/www.cm-benavente.pt\/wp-content\/uploads\/2025\/04\/teatro-libertar-libertando-associacao-teatral-revisteiros-5-1024x683.jpg\" data-width=\"800\" data-height=\"534\" aria-label=\"\" role=\"img\" ><\/div>\n\t\t\t\t\t\t\t\t\t\t\t<div class=\"elementor-gallery-item__overlay\"><\/div>\n\t\t\t\t\t\t\t\t\t\t\t\t\t\t<\/a>\n\t\t\t\t\t\t\t<a class=\"e-gallery-item elementor-gallery-item elementor-animated-content\" href=\"https:\/\/www.cm-benavente.pt\/wp-content\/uploads\/2025\/04\/teatro-libertar-libertando-associacao-teatral-revisteiros-6-scaled.jpg\" data-elementor-open-lightbox=\"yes\" data-elementor-lightbox-slideshow=\"40de19b\" data-elementor-lightbox-title=\"teatro libertar libertando associa\u00e7\u00e3o teatral revisteiros (6)\" data-e-action-hash=\"#elementor-action%3Aaction%3Dlightbox%26settings%3DeyJpZCI6NzIwNzgsInVybCI6Imh0dHBzOlwvXC93d3cuY20tYmVuYXZlbnRlLnB0XC93cC1jb250ZW50XC91cGxvYWRzXC8yMDI1XC8wNFwvdGVhdHJvLWxpYmVydGFyLWxpYmVydGFuZG8tYXNzb2NpYWNhby10ZWF0cmFsLXJldmlzdGVpcm9zLTYtc2NhbGVkLmpwZyIsInNsaWRlc2hvdyI6IjQwZGUxOWIifQ%3D%3D\">\n\t\t\t\t\t<div class=\"e-gallery-image elementor-gallery-item__image\" data-thumbnail=\"https:\/\/www.cm-benavente.pt\/wp-content\/uploads\/2025\/04\/teatro-libertar-libertando-associacao-teatral-revisteiros-6-1024x649.jpg\" data-width=\"800\" data-height=\"507\" aria-label=\"\" role=\"img\" ><\/div>\n\t\t\t\t\t\t\t\t\t\t\t<div class=\"elementor-gallery-item__overlay\"><\/div>\n\t\t\t\t\t\t\t\t\t\t\t\t\t\t<\/a>\n\t\t\t\t\t\t\t<a class=\"e-gallery-item elementor-gallery-item elementor-animated-content\" href=\"https:\/\/www.cm-benavente.pt\/wp-content\/uploads\/2025\/04\/teatro-libertar-libertando-associacao-teatral-revisteiros-7-scaled.jpg\" data-elementor-open-lightbox=\"yes\" data-elementor-lightbox-slideshow=\"40de19b\" data-elementor-lightbox-title=\"teatro libertar libertando associa\u00e7\u00e3o teatral revisteiros (7)\" data-e-action-hash=\"#elementor-action%3Aaction%3Dlightbox%26settings%3DeyJpZCI6NzIwNzksInVybCI6Imh0dHBzOlwvXC93d3cuY20tYmVuYXZlbnRlLnB0XC93cC1jb250ZW50XC91cGxvYWRzXC8yMDI1XC8wNFwvdGVhdHJvLWxpYmVydGFyLWxpYmVydGFuZG8tYXNzb2NpYWNhby10ZWF0cmFsLXJldmlzdGVpcm9zLTctc2NhbGVkLmpwZyIsInNsaWRlc2hvdyI6IjQwZGUxOWIifQ%3D%3D\">\n\t\t\t\t\t<div class=\"e-gallery-image elementor-gallery-item__image\" data-thumbnail=\"https:\/\/www.cm-benavente.pt\/wp-content\/uploads\/2025\/04\/teatro-libertar-libertando-associacao-teatral-revisteiros-7-1024x683.jpg\" data-width=\"800\" data-height=\"534\" aria-label=\"\" role=\"img\" ><\/div>\n\t\t\t\t\t\t\t\t\t\t\t<div class=\"elementor-gallery-item__overlay\"><\/div>\n\t\t\t\t\t\t\t\t\t\t\t\t\t\t<\/a>\n\t\t\t\t\t\t\t<a class=\"e-gallery-item elementor-gallery-item elementor-animated-content\" href=\"https:\/\/www.cm-benavente.pt\/wp-content\/uploads\/2025\/04\/teatro-libertar-libertando-associacao-teatral-revisteiros-8-scaled.jpg\" data-elementor-open-lightbox=\"yes\" data-elementor-lightbox-slideshow=\"40de19b\" data-elementor-lightbox-title=\"teatro libertar libertando associa\u00e7\u00e3o teatral revisteiros (8)\" data-e-action-hash=\"#elementor-action%3Aaction%3Dlightbox%26settings%3DeyJpZCI6NzIwODAsInVybCI6Imh0dHBzOlwvXC93d3cuY20tYmVuYXZlbnRlLnB0XC93cC1jb250ZW50XC91cGxvYWRzXC8yMDI1XC8wNFwvdGVhdHJvLWxpYmVydGFyLWxpYmVydGFuZG8tYXNzb2NpYWNhby10ZWF0cmFsLXJldmlzdGVpcm9zLTgtc2NhbGVkLmpwZyIsInNsaWRlc2hvdyI6IjQwZGUxOWIifQ%3D%3D\">\n\t\t\t\t\t<div class=\"e-gallery-image elementor-gallery-item__image\" data-thumbnail=\"https:\/\/www.cm-benavente.pt\/wp-content\/uploads\/2025\/04\/teatro-libertar-libertando-associacao-teatral-revisteiros-8-1024x683.jpg\" data-width=\"800\" data-height=\"534\" aria-label=\"\" role=\"img\" ><\/div>\n\t\t\t\t\t\t\t\t\t\t\t<div class=\"elementor-gallery-item__overlay\"><\/div>\n\t\t\t\t\t\t\t\t\t\t\t\t\t\t<\/a>\n\t\t\t\t\t\t\t<a class=\"e-gallery-item elementor-gallery-item elementor-animated-content\" href=\"https:\/\/www.cm-benavente.pt\/wp-content\/uploads\/2025\/04\/teatro-libertar-libertando-associacao-teatral-revisteiros-9-scaled.jpg\" data-elementor-open-lightbox=\"yes\" data-elementor-lightbox-slideshow=\"40de19b\" data-elementor-lightbox-title=\"teatro libertar libertando associa\u00e7\u00e3o teatral revisteiros (9)\" data-e-action-hash=\"#elementor-action%3Aaction%3Dlightbox%26settings%3DeyJpZCI6NzIwODEsInVybCI6Imh0dHBzOlwvXC93d3cuY20tYmVuYXZlbnRlLnB0XC93cC1jb250ZW50XC91cGxvYWRzXC8yMDI1XC8wNFwvdGVhdHJvLWxpYmVydGFyLWxpYmVydGFuZG8tYXNzb2NpYWNhby10ZWF0cmFsLXJldmlzdGVpcm9zLTktc2NhbGVkLmpwZyIsInNsaWRlc2hvdyI6IjQwZGUxOWIifQ%3D%3D\">\n\t\t\t\t\t<div class=\"e-gallery-image elementor-gallery-item__image\" data-thumbnail=\"https:\/\/www.cm-benavente.pt\/wp-content\/uploads\/2025\/04\/teatro-libertar-libertando-associacao-teatral-revisteiros-9-1024x683.jpg\" data-width=\"800\" data-height=\"534\" aria-label=\"\" role=\"img\" ><\/div>\n\t\t\t\t\t\t\t\t\t\t\t<div class=\"elementor-gallery-item__overlay\"><\/div>\n\t\t\t\t\t\t\t\t\t\t\t\t\t\t<\/a>\n\t\t\t\t\t\t\t<a class=\"e-gallery-item elementor-gallery-item elementor-animated-content\" href=\"https:\/\/www.cm-benavente.pt\/wp-content\/uploads\/2025\/04\/teatro-libertar-libertando-associacao-teatral-revisteiros-10-scaled.jpg\" data-elementor-open-lightbox=\"yes\" data-elementor-lightbox-slideshow=\"40de19b\" data-elementor-lightbox-title=\"teatro libertar libertando associa\u00e7\u00e3o teatral revisteiros (10)\" data-e-action-hash=\"#elementor-action%3Aaction%3Dlightbox%26settings%3DeyJpZCI6NzIwODIsInVybCI6Imh0dHBzOlwvXC93d3cuY20tYmVuYXZlbnRlLnB0XC93cC1jb250ZW50XC91cGxvYWRzXC8yMDI1XC8wNFwvdGVhdHJvLWxpYmVydGFyLWxpYmVydGFuZG8tYXNzb2NpYWNhby10ZWF0cmFsLXJldmlzdGVpcm9zLTEwLXNjYWxlZC5qcGciLCJzbGlkZXNob3ciOiI0MGRlMTliIn0%3D\">\n\t\t\t\t\t<div class=\"e-gallery-image elementor-gallery-item__image\" data-thumbnail=\"https:\/\/www.cm-benavente.pt\/wp-content\/uploads\/2025\/04\/teatro-libertar-libertando-associacao-teatral-revisteiros-10-1024x683.jpg\" data-width=\"800\" data-height=\"534\" aria-label=\"\" role=\"img\" ><\/div>\n\t\t\t\t\t\t\t\t\t\t\t<div class=\"elementor-gallery-item__overlay\"><\/div>\n\t\t\t\t\t\t\t\t\t\t\t\t\t\t<\/a>\n\t\t\t\t\t\t\t<a class=\"e-gallery-item elementor-gallery-item elementor-animated-content\" href=\"https:\/\/www.cm-benavente.pt\/wp-content\/uploads\/2025\/04\/teatro-libertar-libertando-associacao-teatral-revisteiros-11-scaled.jpg\" data-elementor-open-lightbox=\"yes\" data-elementor-lightbox-slideshow=\"40de19b\" data-elementor-lightbox-title=\"teatro libertar libertando associa\u00e7\u00e3o teatral revisteiros (11)\" data-e-action-hash=\"#elementor-action%3Aaction%3Dlightbox%26settings%3DeyJpZCI6NzIwODMsInVybCI6Imh0dHBzOlwvXC93d3cuY20tYmVuYXZlbnRlLnB0XC93cC1jb250ZW50XC91cGxvYWRzXC8yMDI1XC8wNFwvdGVhdHJvLWxpYmVydGFyLWxpYmVydGFuZG8tYXNzb2NpYWNhby10ZWF0cmFsLXJldmlzdGVpcm9zLTExLXNjYWxlZC5qcGciLCJzbGlkZXNob3ciOiI0MGRlMTliIn0%3D\">\n\t\t\t\t\t<div class=\"e-gallery-image elementor-gallery-item__image\" data-thumbnail=\"https:\/\/www.cm-benavente.pt\/wp-content\/uploads\/2025\/04\/teatro-libertar-libertando-associacao-teatral-revisteiros-11-1024x683.jpg\" data-width=\"800\" data-height=\"534\" aria-label=\"\" role=\"img\" ><\/div>\n\t\t\t\t\t\t\t\t\t\t\t<div class=\"elementor-gallery-item__overlay\"><\/div>\n\t\t\t\t\t\t\t\t\t\t\t\t\t\t<\/a>\n\t\t\t\t\t\t\t<a class=\"e-gallery-item elementor-gallery-item elementor-animated-content\" href=\"https:\/\/www.cm-benavente.pt\/wp-content\/uploads\/2025\/04\/teatro-libertar-libertando-associacao-teatral-revisteiros-12-scaled.jpg\" data-elementor-open-lightbox=\"yes\" data-elementor-lightbox-slideshow=\"40de19b\" data-elementor-lightbox-title=\"teatro libertar libertando associa\u00e7\u00e3o teatral revisteiros (12)\" data-e-action-hash=\"#elementor-action%3Aaction%3Dlightbox%26settings%3DeyJpZCI6NzIwODQsInVybCI6Imh0dHBzOlwvXC93d3cuY20tYmVuYXZlbnRlLnB0XC93cC1jb250ZW50XC91cGxvYWRzXC8yMDI1XC8wNFwvdGVhdHJvLWxpYmVydGFyLWxpYmVydGFuZG8tYXNzb2NpYWNhby10ZWF0cmFsLXJldmlzdGVpcm9zLTEyLXNjYWxlZC5qcGciLCJzbGlkZXNob3ciOiI0MGRlMTliIn0%3D\">\n\t\t\t\t\t<div class=\"e-gallery-image elementor-gallery-item__image\" data-thumbnail=\"https:\/\/www.cm-benavente.pt\/wp-content\/uploads\/2025\/04\/teatro-libertar-libertando-associacao-teatral-revisteiros-12-1024x683.jpg\" data-width=\"800\" data-height=\"534\" aria-label=\"\" role=\"img\" ><\/div>\n\t\t\t\t\t\t\t\t\t\t\t<div class=\"elementor-gallery-item__overlay\"><\/div>\n\t\t\t\t\t\t\t\t\t\t\t\t\t\t<\/a>\n\t\t\t\t\t\t\t<a class=\"e-gallery-item elementor-gallery-item elementor-animated-content\" href=\"https:\/\/www.cm-benavente.pt\/wp-content\/uploads\/2025\/04\/teatro-libertar-libertando-associacao-teatral-revisteiros-13-scaled.jpg\" data-elementor-open-lightbox=\"yes\" data-elementor-lightbox-slideshow=\"40de19b\" data-elementor-lightbox-title=\"teatro libertar libertando associa\u00e7\u00e3o teatral revisteiros (13)\" data-e-action-hash=\"#elementor-action%3Aaction%3Dlightbox%26settings%3DeyJpZCI6NzIwODUsInVybCI6Imh0dHBzOlwvXC93d3cuY20tYmVuYXZlbnRlLnB0XC93cC1jb250ZW50XC91cGxvYWRzXC8yMDI1XC8wNFwvdGVhdHJvLWxpYmVydGFyLWxpYmVydGFuZG8tYXNzb2NpYWNhby10ZWF0cmFsLXJldmlzdGVpcm9zLTEzLXNjYWxlZC5qcGciLCJzbGlkZXNob3ciOiI0MGRlMTliIn0%3D\">\n\t\t\t\t\t<div class=\"e-gallery-image elementor-gallery-item__image\" data-thumbnail=\"https:\/\/www.cm-benavente.pt\/wp-content\/uploads\/2025\/04\/teatro-libertar-libertando-associacao-teatral-revisteiros-13-1024x642.jpg\" data-width=\"800\" data-height=\"502\" aria-label=\"\" role=\"img\" ><\/div>\n\t\t\t\t\t\t\t\t\t\t\t<div class=\"elementor-gallery-item__overlay\"><\/div>\n\t\t\t\t\t\t\t\t\t\t\t\t\t\t<\/a>\n\t\t\t\t\t\t\t<a class=\"e-gallery-item elementor-gallery-item elementor-animated-content\" href=\"https:\/\/www.cm-benavente.pt\/wp-content\/uploads\/2025\/04\/teatro-libertar-libertando-associacao-teatral-revisteiros-14-scaled.jpg\" data-elementor-open-lightbox=\"yes\" data-elementor-lightbox-slideshow=\"40de19b\" data-elementor-lightbox-title=\"teatro libertar libertando associa\u00e7\u00e3o teatral revisteiros (14)\" data-e-action-hash=\"#elementor-action%3Aaction%3Dlightbox%26settings%3DeyJpZCI6NzIwODYsInVybCI6Imh0dHBzOlwvXC93d3cuY20tYmVuYXZlbnRlLnB0XC93cC1jb250ZW50XC91cGxvYWRzXC8yMDI1XC8wNFwvdGVhdHJvLWxpYmVydGFyLWxpYmVydGFuZG8tYXNzb2NpYWNhby10ZWF0cmFsLXJldmlzdGVpcm9zLTE0LXNjYWxlZC5qcGciLCJzbGlkZXNob3ciOiI0MGRlMTliIn0%3D\">\n\t\t\t\t\t<div class=\"e-gallery-image elementor-gallery-item__image\" data-thumbnail=\"https:\/\/www.cm-benavente.pt\/wp-content\/uploads\/2025\/04\/teatro-libertar-libertando-associacao-teatral-revisteiros-14-1024x682.jpg\" data-width=\"800\" data-height=\"533\" aria-label=\"\" role=\"img\" ><\/div>\n\t\t\t\t\t\t\t\t\t\t\t<div class=\"elementor-gallery-item__overlay\"><\/div>\n\t\t\t\t\t\t\t\t\t\t\t\t\t\t<\/a>\n\t\t\t\t\t\t\t<a class=\"e-gallery-item elementor-gallery-item elementor-animated-content\" href=\"https:\/\/www.cm-benavente.pt\/wp-content\/uploads\/2025\/04\/teatro-libertar-libertando-associacao-teatral-revisteiros-15-scaled.jpg\" data-elementor-open-lightbox=\"yes\" data-elementor-lightbox-slideshow=\"40de19b\" data-elementor-lightbox-title=\"teatro libertar libertando associa\u00e7\u00e3o teatral revisteiros (15)\" data-e-action-hash=\"#elementor-action%3Aaction%3Dlightbox%26settings%3DeyJpZCI6NzIwODcsInVybCI6Imh0dHBzOlwvXC93d3cuY20tYmVuYXZlbnRlLnB0XC93cC1jb250ZW50XC91cGxvYWRzXC8yMDI1XC8wNFwvdGVhdHJvLWxpYmVydGFyLWxpYmVydGFuZG8tYXNzb2NpYWNhby10ZWF0cmFsLXJldmlzdGVpcm9zLTE1LXNjYWxlZC5qcGciLCJzbGlkZXNob3ciOiI0MGRlMTliIn0%3D\">\n\t\t\t\t\t<div class=\"e-gallery-image elementor-gallery-item__image\" data-thumbnail=\"https:\/\/www.cm-benavente.pt\/wp-content\/uploads\/2025\/04\/teatro-libertar-libertando-associacao-teatral-revisteiros-15-1024x683.jpg\" data-width=\"800\" data-height=\"534\" aria-label=\"\" role=\"img\" ><\/div>\n\t\t\t\t\t\t\t\t\t\t\t<div class=\"elementor-gallery-item__overlay\"><\/div>\n\t\t\t\t\t\t\t\t\t\t\t\t\t\t<\/a>\n\t\t\t\t\t\t\t<a class=\"e-gallery-item elementor-gallery-item elementor-animated-content\" href=\"https:\/\/www.cm-benavente.pt\/wp-content\/uploads\/2025\/04\/teatro-libertar-libertando-associacao-teatral-revisteiros-16-scaled.jpg\" data-elementor-open-lightbox=\"yes\" data-elementor-lightbox-slideshow=\"40de19b\" data-elementor-lightbox-title=\"teatro libertar libertando associa\u00e7\u00e3o teatral revisteiros (16)\" data-e-action-hash=\"#elementor-action%3Aaction%3Dlightbox%26settings%3DeyJpZCI6NzIwODgsInVybCI6Imh0dHBzOlwvXC93d3cuY20tYmVuYXZlbnRlLnB0XC93cC1jb250ZW50XC91cGxvYWRzXC8yMDI1XC8wNFwvdGVhdHJvLWxpYmVydGFyLWxpYmVydGFuZG8tYXNzb2NpYWNhby10ZWF0cmFsLXJldmlzdGVpcm9zLTE2LXNjYWxlZC5qcGciLCJzbGlkZXNob3ciOiI0MGRlMTliIn0%3D\">\n\t\t\t\t\t<div class=\"e-gallery-image elementor-gallery-item__image\" data-thumbnail=\"https:\/\/www.cm-benavente.pt\/wp-content\/uploads\/2025\/04\/teatro-libertar-libertando-associacao-teatral-revisteiros-16-1024x683.jpg\" data-width=\"800\" data-height=\"534\" aria-label=\"\" role=\"img\" ><\/div>\n\t\t\t\t\t\t\t\t\t\t\t<div class=\"elementor-gallery-item__overlay\"><\/div>\n\t\t\t\t\t\t\t\t\t\t\t\t\t\t<\/a>\n\t\t\t\t\t\t\t<a class=\"e-gallery-item elementor-gallery-item elementor-animated-content\" href=\"https:\/\/www.cm-benavente.pt\/wp-content\/uploads\/2025\/04\/teatro-libertar-libertando-associacao-teatral-revisteiros-17-scaled.jpg\" data-elementor-open-lightbox=\"yes\" data-elementor-lightbox-slideshow=\"40de19b\" data-elementor-lightbox-title=\"teatro libertar libertando associa\u00e7\u00e3o teatral revisteiros (17)\" data-e-action-hash=\"#elementor-action%3Aaction%3Dlightbox%26settings%3DeyJpZCI6NzIwODksInVybCI6Imh0dHBzOlwvXC93d3cuY20tYmVuYXZlbnRlLnB0XC93cC1jb250ZW50XC91cGxvYWRzXC8yMDI1XC8wNFwvdGVhdHJvLWxpYmVydGFyLWxpYmVydGFuZG8tYXNzb2NpYWNhby10ZWF0cmFsLXJldmlzdGVpcm9zLTE3LXNjYWxlZC5qcGciLCJzbGlkZXNob3ciOiI0MGRlMTliIn0%3D\">\n\t\t\t\t\t<div class=\"e-gallery-image elementor-gallery-item__image\" data-thumbnail=\"https:\/\/www.cm-benavente.pt\/wp-content\/uploads\/2025\/04\/teatro-libertar-libertando-associacao-teatral-revisteiros-17-1024x683.jpg\" data-width=\"800\" data-height=\"534\" aria-label=\"\" role=\"img\" ><\/div>\n\t\t\t\t\t\t\t\t\t\t\t<div class=\"elementor-gallery-item__overlay\"><\/div>\n\t\t\t\t\t\t\t\t\t\t\t\t\t\t<\/a>\n\t\t\t\t\t\t\t<a class=\"e-gallery-item elementor-gallery-item elementor-animated-content\" href=\"https:\/\/www.cm-benavente.pt\/wp-content\/uploads\/2025\/04\/teatro-libertar-libertando-associacao-teatral-revisteiros-18-scaled.jpg\" data-elementor-open-lightbox=\"yes\" data-elementor-lightbox-slideshow=\"40de19b\" data-elementor-lightbox-title=\"teatro libertar libertando associa\u00e7\u00e3o teatral revisteiros (18)\" data-e-action-hash=\"#elementor-action%3Aaction%3Dlightbox%26settings%3DeyJpZCI6NzIwOTAsInVybCI6Imh0dHBzOlwvXC93d3cuY20tYmVuYXZlbnRlLnB0XC93cC1jb250ZW50XC91cGxvYWRzXC8yMDI1XC8wNFwvdGVhdHJvLWxpYmVydGFyLWxpYmVydGFuZG8tYXNzb2NpYWNhby10ZWF0cmFsLXJldmlzdGVpcm9zLTE4LXNjYWxlZC5qcGciLCJzbGlkZXNob3ciOiI0MGRlMTliIn0%3D\">\n\t\t\t\t\t<div class=\"e-gallery-image elementor-gallery-item__image\" data-thumbnail=\"https:\/\/www.cm-benavente.pt\/wp-content\/uploads\/2025\/04\/teatro-libertar-libertando-associacao-teatral-revisteiros-18-1024x683.jpg\" data-width=\"800\" data-height=\"534\" aria-label=\"\" role=\"img\" ><\/div>\n\t\t\t\t\t\t\t\t\t\t\t<div class=\"elementor-gallery-item__overlay\"><\/div>\n\t\t\t\t\t\t\t\t\t\t\t\t\t\t<\/a>\n\t\t\t\t\t\t\t<a class=\"e-gallery-item elementor-gallery-item elementor-animated-content\" href=\"https:\/\/www.cm-benavente.pt\/wp-content\/uploads\/2025\/04\/teatro-libertar-libertando-associacao-teatral-revisteiros-19-scaled.jpg\" data-elementor-open-lightbox=\"yes\" data-elementor-lightbox-slideshow=\"40de19b\" data-elementor-lightbox-title=\"teatro libertar libertando associa\u00e7\u00e3o teatral revisteiros (19)\" data-e-action-hash=\"#elementor-action%3Aaction%3Dlightbox%26settings%3DeyJpZCI6NzIwOTEsInVybCI6Imh0dHBzOlwvXC93d3cuY20tYmVuYXZlbnRlLnB0XC93cC1jb250ZW50XC91cGxvYWRzXC8yMDI1XC8wNFwvdGVhdHJvLWxpYmVydGFyLWxpYmVydGFuZG8tYXNzb2NpYWNhby10ZWF0cmFsLXJldmlzdGVpcm9zLTE5LXNjYWxlZC5qcGciLCJzbGlkZXNob3ciOiI0MGRlMTliIn0%3D\">\n\t\t\t\t\t<div class=\"e-gallery-image elementor-gallery-item__image\" data-thumbnail=\"https:\/\/www.cm-benavente.pt\/wp-content\/uploads\/2025\/04\/teatro-libertar-libertando-associacao-teatral-revisteiros-19-1024x683.jpg\" data-width=\"800\" data-height=\"534\" aria-label=\"\" role=\"img\" ><\/div>\n\t\t\t\t\t\t\t\t\t\t\t<div class=\"elementor-gallery-item__overlay\"><\/div>\n\t\t\t\t\t\t\t\t\t\t\t\t\t\t<\/a>\n\t\t\t\t\t\t\t<a class=\"e-gallery-item elementor-gallery-item elementor-animated-content\" href=\"https:\/\/www.cm-benavente.pt\/wp-content\/uploads\/2025\/04\/teatro-libertar-libertando-associacao-teatral-revisteiros-20-scaled.jpg\" data-elementor-open-lightbox=\"yes\" data-elementor-lightbox-slideshow=\"40de19b\" data-elementor-lightbox-title=\"teatro libertar libertando associa\u00e7\u00e3o teatral revisteiros (20)\" data-e-action-hash=\"#elementor-action%3Aaction%3Dlightbox%26settings%3DeyJpZCI6NzIwOTIsInVybCI6Imh0dHBzOlwvXC93d3cuY20tYmVuYXZlbnRlLnB0XC93cC1jb250ZW50XC91cGxvYWRzXC8yMDI1XC8wNFwvdGVhdHJvLWxpYmVydGFyLWxpYmVydGFuZG8tYXNzb2NpYWNhby10ZWF0cmFsLXJldmlzdGVpcm9zLTIwLXNjYWxlZC5qcGciLCJzbGlkZXNob3ciOiI0MGRlMTliIn0%3D\">\n\t\t\t\t\t<div class=\"e-gallery-image elementor-gallery-item__image\" data-thumbnail=\"https:\/\/www.cm-benavente.pt\/wp-content\/uploads\/2025\/04\/teatro-libertar-libertando-associacao-teatral-revisteiros-20-1024x636.jpg\" data-width=\"800\" data-height=\"497\" aria-label=\"\" role=\"img\" ><\/div>\n\t\t\t\t\t\t\t\t\t\t\t<div class=\"elementor-gallery-item__overlay\"><\/div>\n\t\t\t\t\t\t\t\t\t\t\t\t\t\t<\/a>\n\t\t\t\t\t\t\t<a class=\"e-gallery-item elementor-gallery-item elementor-animated-content\" href=\"https:\/\/www.cm-benavente.pt\/wp-content\/uploads\/2025\/04\/teatro-libertar-libertando-associacao-teatral-revisteiros-21-scaled.jpg\" data-elementor-open-lightbox=\"yes\" data-elementor-lightbox-slideshow=\"40de19b\" data-elementor-lightbox-title=\"teatro libertar libertando associa\u00e7\u00e3o teatral revisteiros (21)\" data-e-action-hash=\"#elementor-action%3Aaction%3Dlightbox%26settings%3DeyJpZCI6NzIwOTMsInVybCI6Imh0dHBzOlwvXC93d3cuY20tYmVuYXZlbnRlLnB0XC93cC1jb250ZW50XC91cGxvYWRzXC8yMDI1XC8wNFwvdGVhdHJvLWxpYmVydGFyLWxpYmVydGFuZG8tYXNzb2NpYWNhby10ZWF0cmFsLXJldmlzdGVpcm9zLTIxLXNjYWxlZC5qcGciLCJzbGlkZXNob3ciOiI0MGRlMTliIn0%3D\">\n\t\t\t\t\t<div class=\"e-gallery-image elementor-gallery-item__image\" data-thumbnail=\"https:\/\/www.cm-benavente.pt\/wp-content\/uploads\/2025\/04\/teatro-libertar-libertando-associacao-teatral-revisteiros-21-1024x638.jpg\" data-width=\"800\" data-height=\"498\" aria-label=\"\" role=\"img\" ><\/div>\n\t\t\t\t\t\t\t\t\t\t\t<div class=\"elementor-gallery-item__overlay\"><\/div>\n\t\t\t\t\t\t\t\t\t\t\t\t\t\t<\/a>\n\t\t\t\t\t\t\t<a class=\"e-gallery-item elementor-gallery-item elementor-animated-content\" href=\"https:\/\/www.cm-benavente.pt\/wp-content\/uploads\/2025\/04\/teatro-libertar-libertando-associacao-teatral-revisteiros-22-scaled.jpg\" data-elementor-open-lightbox=\"yes\" data-elementor-lightbox-slideshow=\"40de19b\" data-elementor-lightbox-title=\"teatro libertar libertando associa\u00e7\u00e3o teatral revisteiros (22)\" data-e-action-hash=\"#elementor-action%3Aaction%3Dlightbox%26settings%3DeyJpZCI6NzIwOTQsInVybCI6Imh0dHBzOlwvXC93d3cuY20tYmVuYXZlbnRlLnB0XC93cC1jb250ZW50XC91cGxvYWRzXC8yMDI1XC8wNFwvdGVhdHJvLWxpYmVydGFyLWxpYmVydGFuZG8tYXNzb2NpYWNhby10ZWF0cmFsLXJldmlzdGVpcm9zLTIyLXNjYWxlZC5qcGciLCJzbGlkZXNob3ciOiI0MGRlMTliIn0%3D\">\n\t\t\t\t\t<div class=\"e-gallery-image elementor-gallery-item__image\" data-thumbnail=\"https:\/\/www.cm-benavente.pt\/wp-content\/uploads\/2025\/04\/teatro-libertar-libertando-associacao-teatral-revisteiros-22-1024x683.jpg\" data-width=\"800\" data-height=\"534\" aria-label=\"\" role=\"img\" ><\/div>\n\t\t\t\t\t\t\t\t\t\t\t<div class=\"elementor-gallery-item__overlay\"><\/div>\n\t\t\t\t\t\t\t\t\t\t\t\t\t\t<\/a>\n\t\t\t\t\t\t\t<a class=\"e-gallery-item elementor-gallery-item elementor-animated-content\" href=\"https:\/\/www.cm-benavente.pt\/wp-content\/uploads\/2025\/04\/teatro-libertar-libertando-associacao-teatral-revisteiros-23-scaled.jpg\" data-elementor-open-lightbox=\"yes\" data-elementor-lightbox-slideshow=\"40de19b\" data-elementor-lightbox-title=\"teatro libertar libertando associa\u00e7\u00e3o teatral revisteiros (23)\" data-e-action-hash=\"#elementor-action%3Aaction%3Dlightbox%26settings%3DeyJpZCI6NzIwOTUsInVybCI6Imh0dHBzOlwvXC93d3cuY20tYmVuYXZlbnRlLnB0XC93cC1jb250ZW50XC91cGxvYWRzXC8yMDI1XC8wNFwvdGVhdHJvLWxpYmVydGFyLWxpYmVydGFuZG8tYXNzb2NpYWNhby10ZWF0cmFsLXJldmlzdGVpcm9zLTIzLXNjYWxlZC5qcGciLCJzbGlkZXNob3ciOiI0MGRlMTliIn0%3D\">\n\t\t\t\t\t<div class=\"e-gallery-image elementor-gallery-item__image\" data-thumbnail=\"https:\/\/www.cm-benavente.pt\/wp-content\/uploads\/2025\/04\/teatro-libertar-libertando-associacao-teatral-revisteiros-23-1024x683.jpg\" data-width=\"800\" data-height=\"534\" aria-label=\"\" role=\"img\" ><\/div>\n\t\t\t\t\t\t\t\t\t\t\t<div class=\"elementor-gallery-item__overlay\"><\/div>\n\t\t\t\t\t\t\t\t\t\t\t\t\t\t<\/a>\n\t\t\t\t\t\t\t<a class=\"e-gallery-item elementor-gallery-item elementor-animated-content\" href=\"https:\/\/www.cm-benavente.pt\/wp-content\/uploads\/2025\/04\/teatro-libertar-libertando-associacao-teatral-revisteiros-24-scaled.jpg\" data-elementor-open-lightbox=\"yes\" data-elementor-lightbox-slideshow=\"40de19b\" data-elementor-lightbox-title=\"teatro libertar libertando associa\u00e7\u00e3o teatral revisteiros (24)\" data-e-action-hash=\"#elementor-action%3Aaction%3Dlightbox%26settings%3DeyJpZCI6NzIwOTYsInVybCI6Imh0dHBzOlwvXC93d3cuY20tYmVuYXZlbnRlLnB0XC93cC1jb250ZW50XC91cGxvYWRzXC8yMDI1XC8wNFwvdGVhdHJvLWxpYmVydGFyLWxpYmVydGFuZG8tYXNzb2NpYWNhby10ZWF0cmFsLXJldmlzdGVpcm9zLTI0LXNjYWxlZC5qcGciLCJzbGlkZXNob3ciOiI0MGRlMTliIn0%3D\">\n\t\t\t\t\t<div class=\"e-gallery-image elementor-gallery-item__image\" data-thumbnail=\"https:\/\/www.cm-benavente.pt\/wp-content\/uploads\/2025\/04\/teatro-libertar-libertando-associacao-teatral-revisteiros-24-1024x683.jpg\" data-width=\"800\" data-height=\"534\" aria-label=\"\" role=\"img\" ><\/div>\n\t\t\t\t\t\t\t\t\t\t\t<div class=\"elementor-gallery-item__overlay\"><\/div>\n\t\t\t\t\t\t\t\t\t\t\t\t\t\t<\/a>\n\t\t\t\t\t\t\t<a class=\"e-gallery-item elementor-gallery-item elementor-animated-content\" href=\"https:\/\/www.cm-benavente.pt\/wp-content\/uploads\/2025\/04\/teatro-libertar-libertando-associacao-teatral-revisteiros-25-scaled.jpg\" data-elementor-open-lightbox=\"yes\" data-elementor-lightbox-slideshow=\"40de19b\" data-elementor-lightbox-title=\"teatro libertar libertando associa\u00e7\u00e3o teatral revisteiros (25)\" data-e-action-hash=\"#elementor-action%3Aaction%3Dlightbox%26settings%3DeyJpZCI6NzIwOTcsInVybCI6Imh0dHBzOlwvXC93d3cuY20tYmVuYXZlbnRlLnB0XC93cC1jb250ZW50XC91cGxvYWRzXC8yMDI1XC8wNFwvdGVhdHJvLWxpYmVydGFyLWxpYmVydGFuZG8tYXNzb2NpYWNhby10ZWF0cmFsLXJldmlzdGVpcm9zLTI1LXNjYWxlZC5qcGciLCJzbGlkZXNob3ciOiI0MGRlMTliIn0%3D\">\n\t\t\t\t\t<div class=\"e-gallery-image elementor-gallery-item__image\" data-thumbnail=\"https:\/\/www.cm-benavente.pt\/wp-content\/uploads\/2025\/04\/teatro-libertar-libertando-associacao-teatral-revisteiros-25-1024x683.jpg\" data-width=\"800\" data-height=\"534\" aria-label=\"\" role=\"img\" ><\/div>\n\t\t\t\t\t\t\t\t\t\t\t<div class=\"elementor-gallery-item__overlay\"><\/div>\n\t\t\t\t\t\t\t\t\t\t\t\t\t\t<\/a>\n\t\t\t\t\t\t\t<a class=\"e-gallery-item elementor-gallery-item elementor-animated-content\" href=\"https:\/\/www.cm-benavente.pt\/wp-content\/uploads\/2025\/04\/teatro-libertar-libertando-associacao-teatral-revisteiros-26-scaled.jpg\" data-elementor-open-lightbox=\"yes\" data-elementor-lightbox-slideshow=\"40de19b\" data-elementor-lightbox-title=\"teatro libertar libertando associa\u00e7\u00e3o teatral revisteiros (26)\" data-e-action-hash=\"#elementor-action%3Aaction%3Dlightbox%26settings%3DeyJpZCI6NzIwOTgsInVybCI6Imh0dHBzOlwvXC93d3cuY20tYmVuYXZlbnRlLnB0XC93cC1jb250ZW50XC91cGxvYWRzXC8yMDI1XC8wNFwvdGVhdHJvLWxpYmVydGFyLWxpYmVydGFuZG8tYXNzb2NpYWNhby10ZWF0cmFsLXJldmlzdGVpcm9zLTI2LXNjYWxlZC5qcGciLCJzbGlkZXNob3ciOiI0MGRlMTliIn0%3D\">\n\t\t\t\t\t<div class=\"e-gallery-image elementor-gallery-item__image\" data-thumbnail=\"https:\/\/www.cm-benavente.pt\/wp-content\/uploads\/2025\/04\/teatro-libertar-libertando-associacao-teatral-revisteiros-26-1024x683.jpg\" data-width=\"800\" data-height=\"534\" aria-label=\"\" role=\"img\" ><\/div>\n\t\t\t\t\t\t\t\t\t\t\t<div class=\"elementor-gallery-item__overlay\"><\/div>\n\t\t\t\t\t\t\t\t\t\t\t\t\t\t<\/a>\n\t\t\t\t\t<\/div>\n\t\t\t\t\t<\/div>\n\t\t\t\t<\/div>\n\t\t\t\t\t<\/div>\n\t\t\t\t<\/div>\n\t\t\t\t<\/div>\n\t\t","protected":false},"excerpt":{"rendered":"<p>Com casa cheia, a Associa\u00e7\u00e3o Teatral Revisteiros voltou a surpreender com a pe\u00e7a de teatro apresentada na noite do dia 25 de abril.<\/p>\n","protected":false},"author":3,"featured_media":72071,"comment_status":"closed","ping_status":"closed","sticky":false,"template":"","format":"standard","meta":{"_vp_format_video_url":"","_vp_image_focal_point":[],"footnotes":""},"categories":[511,518],"tags":[71,5,1337,63,27,62],"class_list":["post-72070","post","type-post","status-publish","format-standard","has-post-thumbnail","hentry","category-cultura-noticias","category-municipio","tag-25-de-abril","tag-cultura","tag-liberdade","tag-revisteiros","tag-samora-correia","tag-teatro"],"_links":{"self":[{"href":"https:\/\/www.cm-benavente.pt\/index.php\/wp-json\/wp\/v2\/posts\/72070","targetHints":{"allow":["GET"]}}],"collection":[{"href":"https:\/\/www.cm-benavente.pt\/index.php\/wp-json\/wp\/v2\/posts"}],"about":[{"href":"https:\/\/www.cm-benavente.pt\/index.php\/wp-json\/wp\/v2\/types\/post"}],"author":[{"embeddable":true,"href":"https:\/\/www.cm-benavente.pt\/index.php\/wp-json\/wp\/v2\/users\/3"}],"replies":[{"embeddable":true,"href":"https:\/\/www.cm-benavente.pt\/index.php\/wp-json\/wp\/v2\/comments?post=72070"}],"version-history":[{"count":4,"href":"https:\/\/www.cm-benavente.pt\/index.php\/wp-json\/wp\/v2\/posts\/72070\/revisions"}],"predecessor-version":[{"id":72101,"href":"https:\/\/www.cm-benavente.pt\/index.php\/wp-json\/wp\/v2\/posts\/72070\/revisions\/72101"}],"wp:featuredmedia":[{"embeddable":true,"href":"https:\/\/www.cm-benavente.pt\/index.php\/wp-json\/wp\/v2\/media\/72071"}],"wp:attachment":[{"href":"https:\/\/www.cm-benavente.pt\/index.php\/wp-json\/wp\/v2\/media?parent=72070"}],"wp:term":[{"taxonomy":"category","embeddable":true,"href":"https:\/\/www.cm-benavente.pt\/index.php\/wp-json\/wp\/v2\/categories?post=72070"},{"taxonomy":"post_tag","embeddable":true,"href":"https:\/\/www.cm-benavente.pt\/index.php\/wp-json\/wp\/v2\/tags?post=72070"}],"curies":[{"name":"wp","href":"https:\/\/api.w.org\/{rel}","templated":true}]}}