{"id":70867,"date":"2025-04-09T15:49:25","date_gmt":"2025-04-09T15:49:25","guid":{"rendered":"https:\/\/www.cm-benavente.pt\/?p=70867"},"modified":"2025-04-09T15:53:19","modified_gmt":"2025-04-09T15:53:19","slug":"ate-dia-13-de-abril-acompanhamos-a-1a-semana-gastronomica-do-municipio-de-benavente","status":"publish","type":"post","link":"https:\/\/www.cm-benavente.pt\/index.php\/2025\/04\/09\/ate-dia-13-de-abril-acompanhamos-a-1a-semana-gastronomica-do-municipio-de-benavente\/","title":{"rendered":"At\u00e9 dia 13 de abril acompanhamos a 1\u00aa Semana Gastron\u00f3mica do Munic\u00edpio de Benavente!"},"content":{"rendered":"\t\t<div data-elementor-type=\"wp-post\" data-elementor-id=\"70867\" class=\"elementor elementor-70867\" data-elementor-post-type=\"post\">\n\t\t\t\t<div class=\"elementor-element elementor-element-b677f5c e-flex e-con-boxed e-con e-parent\" data-id=\"b677f5c\" data-element_type=\"container\" data-e-type=\"container\" data-settings=\"{&quot;tmea_shape_divider_top&quot;:&quot;none&quot;,&quot;tmea_shape_divider_bottom&quot;:&quot;none&quot;}\">\n\t\t\t\t\t<div class=\"e-con-inner\">\n\t\t\n\t\t<div class=\"elementor-element elementor-element-cd7738b elementor-widget elementor-widget-text-editor\" data-id=\"cd7738b\" data-element_type=\"widget\" data-e-type=\"widget\" data-widget_type=\"text-editor.default\">\n\t\t\t\t<div class=\"elementor-widget-container\">\n\t\t\t\t\t\t\t\t\t<p>A <strong>1\u00aa Semana Gastron\u00f3mica do Munic\u00edpio de Benavente \u2013 Festival do Arroz Carolino Dentro de Portas<\/strong>, tem mostrado a tradi\u00e7\u00e3o do arroz com hist\u00f3ria, nas in\u00fameras sugest\u00f5es nos restaurantes aderentes. <\/p><p><strong>At\u00e9 dia 13 de abril<\/strong> v\u00e1 aos restaurantes aderentes do concelho de Benavente provar as iguarias confecionadas com o maravilhoso carolino: O Miradouro; C&#8217;Alma; Boa Viagem; \u00c0 Lagard\u00e8re; O Lagar; Chico do Porto; A Coudelaria; A Torre; O Gasolinas; Terrace Lounge; Santo Gula.<\/p><p>S\u00e3o <strong>11 restaurantes a servir, todos os dias, pratos \u00fanicos com Arroz Carolino<\/strong>: Carolino de Rabo de Boi, Galinha de Cabidela, Polvo, Enchidos, Cogumelos, o irresist\u00edvel Carolino Doce\u2026 e muito mais!<\/p><p>Participar \u00e9 simples, ganhar \u00e9 delicioso!<br \/>Durante a 1\u00aa Semana Gastron\u00f3mica do Festival do Arroz Carolino das Lez\u00edrias Ribatejanas, tem a oportunidade de se <strong>habilitar a um dos exclusivos Kits Festival<\/strong>, com oferta di\u00e1ria aos primeiros 10 participantes!<\/p><p>Saiba como funciona em <a href=\"https:\/\/festivaldoarrozcarolino.pt\/ganhe-um-kit-arroz-carolino\" target=\"_blank\" rel=\"noopener\">https:\/\/festivaldoarrozcarolino.pt\/ganhe-um-kit-arroz-carolino<\/a><br \/><strong>Organiza\u00e7\u00e3o:<\/strong> C\u00e2mara Municipal de Benavente<\/p>\t\t\t\t\t\t\t\t<\/div>\n\t\t\t\t<\/div>\n\t\t\t\t<div class=\"elementor-element elementor-element-4593d03 elementor-widget elementor-widget-gallery\" data-id=\"4593d03\" data-element_type=\"widget\" data-e-type=\"widget\" data-settings=\"{&quot;columns&quot;:8,&quot;lazyload&quot;:&quot;yes&quot;,&quot;gallery_layout&quot;:&quot;grid&quot;,&quot;columns_tablet&quot;:2,&quot;columns_mobile&quot;:1,&quot;gap&quot;:{&quot;unit&quot;:&quot;px&quot;,&quot;size&quot;:10,&quot;sizes&quot;:[]},&quot;gap_widescreen&quot;:{&quot;unit&quot;:&quot;px&quot;,&quot;size&quot;:&quot;&quot;,&quot;sizes&quot;:[]},&quot;gap_laptop&quot;:{&quot;unit&quot;:&quot;px&quot;,&quot;size&quot;:10,&quot;sizes&quot;:[]},&quot;gap_tablet_extra&quot;:{&quot;unit&quot;:&quot;px&quot;,&quot;size&quot;:10,&quot;sizes&quot;:[]},&quot;gap_tablet&quot;:{&quot;unit&quot;:&quot;px&quot;,&quot;size&quot;:10,&quot;sizes&quot;:[]},&quot;gap_mobile_extra&quot;:{&quot;unit&quot;:&quot;px&quot;,&quot;size&quot;:10,&quot;sizes&quot;:[]},&quot;gap_mobile&quot;:{&quot;unit&quot;:&quot;px&quot;,&quot;size&quot;:10,&quot;sizes&quot;:[]},&quot;link_to&quot;:&quot;file&quot;,&quot;aspect_ratio&quot;:&quot;3:2&quot;,&quot;overlay_background&quot;:&quot;yes&quot;,&quot;content_hover_animation&quot;:&quot;fade-in&quot;}\" data-widget_type=\"gallery.default\">\n\t\t\t\t<div class=\"elementor-widget-container\">\n\t\t\t\t\t\t\t<div class=\"elementor-gallery__container\">\n\t\t\t\t\t\t\t<a class=\"e-gallery-item elementor-gallery-item elementor-animated-content\" href=\"https:\/\/www.cm-benavente.pt\/wp-content\/uploads\/2025\/04\/1a-semana-gastronomicas-festival-arroz-carolino-dentro-portas-restaurantes-aderentes-1-scaled.jpg\" data-elementor-open-lightbox=\"yes\" data-elementor-lightbox-slideshow=\"4593d03\" data-elementor-lightbox-title=\"1a semana gastron\u00f3micas festival arroz carolino dentro portas restaurantes aderentes (1)\" data-e-action-hash=\"#elementor-action%3Aaction%3Dlightbox%26settings%3DeyJpZCI6NzA4NzAsInVybCI6Imh0dHBzOlwvXC93d3cuY20tYmVuYXZlbnRlLnB0XC93cC1jb250ZW50XC91cGxvYWRzXC8yMDI1XC8wNFwvMWEtc2VtYW5hLWdhc3Ryb25vbWljYXMtZmVzdGl2YWwtYXJyb3otY2Fyb2xpbm8tZGVudHJvLXBvcnRhcy1yZXN0YXVyYW50ZXMtYWRlcmVudGVzLTEtc2NhbGVkLmpwZyIsInNsaWRlc2hvdyI6IjQ1OTNkMDMifQ%3D%3D\">\n\t\t\t\t\t<div class=\"e-gallery-image elementor-gallery-item__image\" data-thumbnail=\"https:\/\/www.cm-benavente.pt\/wp-content\/uploads\/2025\/04\/1a-semana-gastronomicas-festival-arroz-carolino-dentro-portas-restaurantes-aderentes-1-1024x592.jpg\" data-width=\"800\" data-height=\"463\" aria-label=\"\" role=\"img\" ><\/div>\n\t\t\t\t\t\t\t\t\t\t\t<div class=\"elementor-gallery-item__overlay\"><\/div>\n\t\t\t\t\t\t\t\t\t\t\t\t\t\t<\/a>\n\t\t\t\t\t\t\t<a class=\"e-gallery-item elementor-gallery-item elementor-animated-content\" href=\"https:\/\/www.cm-benavente.pt\/wp-content\/uploads\/2025\/04\/1a-semana-gastronomicas-festival-arroz-carolino-dentro-portas-restaurantes-aderentes-2-scaled.jpg\" data-elementor-open-lightbox=\"yes\" data-elementor-lightbox-slideshow=\"4593d03\" data-elementor-lightbox-title=\"1a semana gastron\u00f3micas festival arroz carolino dentro portas restaurantes aderentes (2)\" data-e-action-hash=\"#elementor-action%3Aaction%3Dlightbox%26settings%3DeyJpZCI6NzA4NzEsInVybCI6Imh0dHBzOlwvXC93d3cuY20tYmVuYXZlbnRlLnB0XC93cC1jb250ZW50XC91cGxvYWRzXC8yMDI1XC8wNFwvMWEtc2VtYW5hLWdhc3Ryb25vbWljYXMtZmVzdGl2YWwtYXJyb3otY2Fyb2xpbm8tZGVudHJvLXBvcnRhcy1yZXN0YXVyYW50ZXMtYWRlcmVudGVzLTItc2NhbGVkLmpwZyIsInNsaWRlc2hvdyI6IjQ1OTNkMDMifQ%3D%3D\">\n\t\t\t\t\t<div class=\"e-gallery-image elementor-gallery-item__image\" data-thumbnail=\"https:\/\/www.cm-benavente.pt\/wp-content\/uploads\/2025\/04\/1a-semana-gastronomicas-festival-arroz-carolino-dentro-portas-restaurantes-aderentes-2-1024x683.jpg\" data-width=\"800\" data-height=\"534\" aria-label=\"\" role=\"img\" ><\/div>\n\t\t\t\t\t\t\t\t\t\t\t<div class=\"elementor-gallery-item__overlay\"><\/div>\n\t\t\t\t\t\t\t\t\t\t\t\t\t\t<\/a>\n\t\t\t\t\t\t\t<a class=\"e-gallery-item elementor-gallery-item elementor-animated-content\" href=\"https:\/\/www.cm-benavente.pt\/wp-content\/uploads\/2025\/04\/1a-semana-gastronomicas-festival-arroz-carolino-dentro-portas-restaurantes-aderentes-3-scaled.jpg\" data-elementor-open-lightbox=\"yes\" data-elementor-lightbox-slideshow=\"4593d03\" data-elementor-lightbox-title=\"1a semana gastron\u00f3micas festival arroz carolino dentro portas restaurantes aderentes (3)\" data-e-action-hash=\"#elementor-action%3Aaction%3Dlightbox%26settings%3DeyJpZCI6NzA4NzIsInVybCI6Imh0dHBzOlwvXC93d3cuY20tYmVuYXZlbnRlLnB0XC93cC1jb250ZW50XC91cGxvYWRzXC8yMDI1XC8wNFwvMWEtc2VtYW5hLWdhc3Ryb25vbWljYXMtZmVzdGl2YWwtYXJyb3otY2Fyb2xpbm8tZGVudHJvLXBvcnRhcy1yZXN0YXVyYW50ZXMtYWRlcmVudGVzLTMtc2NhbGVkLmpwZyIsInNsaWRlc2hvdyI6IjQ1OTNkMDMifQ%3D%3D\">\n\t\t\t\t\t<div class=\"e-gallery-image elementor-gallery-item__image\" data-thumbnail=\"https:\/\/www.cm-benavente.pt\/wp-content\/uploads\/2025\/04\/1a-semana-gastronomicas-festival-arroz-carolino-dentro-portas-restaurantes-aderentes-3-1024x623.jpg\" data-width=\"800\" data-height=\"487\" aria-label=\"\" role=\"img\" ><\/div>\n\t\t\t\t\t\t\t\t\t\t\t<div class=\"elementor-gallery-item__overlay\"><\/div>\n\t\t\t\t\t\t\t\t\t\t\t\t\t\t<\/a>\n\t\t\t\t\t\t\t<a class=\"e-gallery-item elementor-gallery-item elementor-animated-content\" href=\"https:\/\/www.cm-benavente.pt\/wp-content\/uploads\/2025\/04\/1a-semana-gastronomicas-festival-arroz-carolino-dentro-portas-restaurantes-aderentes-4-scaled.jpg\" data-elementor-open-lightbox=\"yes\" data-elementor-lightbox-slideshow=\"4593d03\" data-elementor-lightbox-title=\"1a semana gastron\u00f3micas festival arroz carolino dentro portas restaurantes aderentes (4)\" data-e-action-hash=\"#elementor-action%3Aaction%3Dlightbox%26settings%3DeyJpZCI6NzA4NzMsInVybCI6Imh0dHBzOlwvXC93d3cuY20tYmVuYXZlbnRlLnB0XC93cC1jb250ZW50XC91cGxvYWRzXC8yMDI1XC8wNFwvMWEtc2VtYW5hLWdhc3Ryb25vbWljYXMtZmVzdGl2YWwtYXJyb3otY2Fyb2xpbm8tZGVudHJvLXBvcnRhcy1yZXN0YXVyYW50ZXMtYWRlcmVudGVzLTQtc2NhbGVkLmpwZyIsInNsaWRlc2hvdyI6IjQ1OTNkMDMifQ%3D%3D\">\n\t\t\t\t\t<div class=\"e-gallery-image elementor-gallery-item__image\" data-thumbnail=\"https:\/\/www.cm-benavente.pt\/wp-content\/uploads\/2025\/04\/1a-semana-gastronomicas-festival-arroz-carolino-dentro-portas-restaurantes-aderentes-4-1024x622.jpg\" data-width=\"800\" data-height=\"486\" aria-label=\"\" role=\"img\" ><\/div>\n\t\t\t\t\t\t\t\t\t\t\t<div class=\"elementor-gallery-item__overlay\"><\/div>\n\t\t\t\t\t\t\t\t\t\t\t\t\t\t<\/a>\n\t\t\t\t\t\t\t<a class=\"e-gallery-item elementor-gallery-item elementor-animated-content\" href=\"https:\/\/www.cm-benavente.pt\/wp-content\/uploads\/2025\/04\/1a-semana-gastronomicas-festival-arroz-carolino-dentro-portas-restaurantes-aderentes-5-scaled.jpg\" data-elementor-open-lightbox=\"yes\" data-elementor-lightbox-slideshow=\"4593d03\" data-elementor-lightbox-title=\"1a semana gastron\u00f3micas festival arroz carolino dentro portas restaurantes aderentes (5)\" data-e-action-hash=\"#elementor-action%3Aaction%3Dlightbox%26settings%3DeyJpZCI6NzA4NzQsInVybCI6Imh0dHBzOlwvXC93d3cuY20tYmVuYXZlbnRlLnB0XC93cC1jb250ZW50XC91cGxvYWRzXC8yMDI1XC8wNFwvMWEtc2VtYW5hLWdhc3Ryb25vbWljYXMtZmVzdGl2YWwtYXJyb3otY2Fyb2xpbm8tZGVudHJvLXBvcnRhcy1yZXN0YXVyYW50ZXMtYWRlcmVudGVzLTUtc2NhbGVkLmpwZyIsInNsaWRlc2hvdyI6IjQ1OTNkMDMifQ%3D%3D\">\n\t\t\t\t\t<div class=\"e-gallery-image elementor-gallery-item__image\" data-thumbnail=\"https:\/\/www.cm-benavente.pt\/wp-content\/uploads\/2025\/04\/1a-semana-gastronomicas-festival-arroz-carolino-dentro-portas-restaurantes-aderentes-5-1024x609.jpg\" data-width=\"800\" data-height=\"476\" aria-label=\"\" role=\"img\" ><\/div>\n\t\t\t\t\t\t\t\t\t\t\t<div class=\"elementor-gallery-item__overlay\"><\/div>\n\t\t\t\t\t\t\t\t\t\t\t\t\t\t<\/a>\n\t\t\t\t\t\t\t<a class=\"e-gallery-item elementor-gallery-item elementor-animated-content\" href=\"https:\/\/www.cm-benavente.pt\/wp-content\/uploads\/2025\/04\/1a-semana-gastronomicas-festival-arroz-carolino-dentro-portas-restaurantes-aderentes-6-scaled.jpg\" data-elementor-open-lightbox=\"yes\" data-elementor-lightbox-slideshow=\"4593d03\" data-elementor-lightbox-title=\"1a semana gastron\u00f3micas festival arroz carolino dentro portas restaurantes aderentes (6)\" data-e-action-hash=\"#elementor-action%3Aaction%3Dlightbox%26settings%3DeyJpZCI6NzA4NzUsInVybCI6Imh0dHBzOlwvXC93d3cuY20tYmVuYXZlbnRlLnB0XC93cC1jb250ZW50XC91cGxvYWRzXC8yMDI1XC8wNFwvMWEtc2VtYW5hLWdhc3Ryb25vbWljYXMtZmVzdGl2YWwtYXJyb3otY2Fyb2xpbm8tZGVudHJvLXBvcnRhcy1yZXN0YXVyYW50ZXMtYWRlcmVudGVzLTYtc2NhbGVkLmpwZyIsInNsaWRlc2hvdyI6IjQ1OTNkMDMifQ%3D%3D\">\n\t\t\t\t\t<div class=\"e-gallery-image elementor-gallery-item__image\" data-thumbnail=\"https:\/\/www.cm-benavente.pt\/wp-content\/uploads\/2025\/04\/1a-semana-gastronomicas-festival-arroz-carolino-dentro-portas-restaurantes-aderentes-6-1024x681.jpg\" data-width=\"800\" data-height=\"532\" aria-label=\"\" role=\"img\" ><\/div>\n\t\t\t\t\t\t\t\t\t\t\t<div class=\"elementor-gallery-item__overlay\"><\/div>\n\t\t\t\t\t\t\t\t\t\t\t\t\t\t<\/a>\n\t\t\t\t\t\t\t<a class=\"e-gallery-item elementor-gallery-item elementor-animated-content\" href=\"https:\/\/www.cm-benavente.pt\/wp-content\/uploads\/2025\/04\/1a-semana-gastronomicas-festival-arroz-carolino-dentro-portas-restaurantes-aderentes-7-scaled.jpg\" data-elementor-open-lightbox=\"yes\" data-elementor-lightbox-slideshow=\"4593d03\" data-elementor-lightbox-title=\"1a semana gastron\u00f3micas festival arroz carolino dentro portas restaurantes aderentes (7)\" data-e-action-hash=\"#elementor-action%3Aaction%3Dlightbox%26settings%3DeyJpZCI6NzA4NzYsInVybCI6Imh0dHBzOlwvXC93d3cuY20tYmVuYXZlbnRlLnB0XC93cC1jb250ZW50XC91cGxvYWRzXC8yMDI1XC8wNFwvMWEtc2VtYW5hLWdhc3Ryb25vbWljYXMtZmVzdGl2YWwtYXJyb3otY2Fyb2xpbm8tZGVudHJvLXBvcnRhcy1yZXN0YXVyYW50ZXMtYWRlcmVudGVzLTctc2NhbGVkLmpwZyIsInNsaWRlc2hvdyI6IjQ1OTNkMDMifQ%3D%3D\">\n\t\t\t\t\t<div class=\"e-gallery-image elementor-gallery-item__image\" data-thumbnail=\"https:\/\/www.cm-benavente.pt\/wp-content\/uploads\/2025\/04\/1a-semana-gastronomicas-festival-arroz-carolino-dentro-portas-restaurantes-aderentes-7-1024x712.jpg\" data-width=\"800\" data-height=\"556\" aria-label=\"\" role=\"img\" ><\/div>\n\t\t\t\t\t\t\t\t\t\t\t<div class=\"elementor-gallery-item__overlay\"><\/div>\n\t\t\t\t\t\t\t\t\t\t\t\t\t\t<\/a>\n\t\t\t\t\t\t\t<a class=\"e-gallery-item elementor-gallery-item elementor-animated-content\" href=\"https:\/\/www.cm-benavente.pt\/wp-content\/uploads\/2025\/04\/1a-semana-gastronomicas-festival-arroz-carolino-dentro-portas-restaurantes-aderentes-8-scaled.jpg\" data-elementor-open-lightbox=\"yes\" data-elementor-lightbox-slideshow=\"4593d03\" data-elementor-lightbox-title=\"1a semana gastron\u00f3micas festival arroz carolino dentro portas restaurantes aderentes (8)\" data-e-action-hash=\"#elementor-action%3Aaction%3Dlightbox%26settings%3DeyJpZCI6NzA4NzcsInVybCI6Imh0dHBzOlwvXC93d3cuY20tYmVuYXZlbnRlLnB0XC93cC1jb250ZW50XC91cGxvYWRzXC8yMDI1XC8wNFwvMWEtc2VtYW5hLWdhc3Ryb25vbWljYXMtZmVzdGl2YWwtYXJyb3otY2Fyb2xpbm8tZGVudHJvLXBvcnRhcy1yZXN0YXVyYW50ZXMtYWRlcmVudGVzLTgtc2NhbGVkLmpwZyIsInNsaWRlc2hvdyI6IjQ1OTNkMDMifQ%3D%3D\">\n\t\t\t\t\t<div class=\"e-gallery-image elementor-gallery-item__image\" data-thumbnail=\"https:\/\/www.cm-benavente.pt\/wp-content\/uploads\/2025\/04\/1a-semana-gastronomicas-festival-arroz-carolino-dentro-portas-restaurantes-aderentes-8-1024x675.jpg\" data-width=\"800\" data-height=\"527\" aria-label=\"\" role=\"img\" ><\/div>\n\t\t\t\t\t\t\t\t\t\t\t<div class=\"elementor-gallery-item__overlay\"><\/div>\n\t\t\t\t\t\t\t\t\t\t\t\t\t\t<\/a>\n\t\t\t\t\t\t\t<a class=\"e-gallery-item elementor-gallery-item elementor-animated-content\" href=\"https:\/\/www.cm-benavente.pt\/wp-content\/uploads\/2025\/04\/1a-semana-gastronomicas-festival-arroz-carolino-dentro-portas-restaurantes-aderentes-9-scaled.jpg\" data-elementor-open-lightbox=\"yes\" data-elementor-lightbox-slideshow=\"4593d03\" data-elementor-lightbox-title=\"1a semana gastron\u00f3micas festival arroz carolino dentro portas restaurantes aderentes (9)\" data-e-action-hash=\"#elementor-action%3Aaction%3Dlightbox%26settings%3DeyJpZCI6NzA4NzgsInVybCI6Imh0dHBzOlwvXC93d3cuY20tYmVuYXZlbnRlLnB0XC93cC1jb250ZW50XC91cGxvYWRzXC8yMDI1XC8wNFwvMWEtc2VtYW5hLWdhc3Ryb25vbWljYXMtZmVzdGl2YWwtYXJyb3otY2Fyb2xpbm8tZGVudHJvLXBvcnRhcy1yZXN0YXVyYW50ZXMtYWRlcmVudGVzLTktc2NhbGVkLmpwZyIsInNsaWRlc2hvdyI6IjQ1OTNkMDMifQ%3D%3D\">\n\t\t\t\t\t<div class=\"e-gallery-image elementor-gallery-item__image\" data-thumbnail=\"https:\/\/www.cm-benavente.pt\/wp-content\/uploads\/2025\/04\/1a-semana-gastronomicas-festival-arroz-carolino-dentro-portas-restaurantes-aderentes-9-1024x584.jpg\" data-width=\"800\" data-height=\"456\" aria-label=\"\" role=\"img\" ><\/div>\n\t\t\t\t\t\t\t\t\t\t\t<div class=\"elementor-gallery-item__overlay\"><\/div>\n\t\t\t\t\t\t\t\t\t\t\t\t\t\t<\/a>\n\t\t\t\t\t\t\t<a class=\"e-gallery-item elementor-gallery-item elementor-animated-content\" href=\"https:\/\/www.cm-benavente.pt\/wp-content\/uploads\/2025\/04\/1a-semana-gastronomicas-festival-arroz-carolino-dentro-portas-restaurantes-aderentes-10-scaled.jpg\" data-elementor-open-lightbox=\"yes\" data-elementor-lightbox-slideshow=\"4593d03\" data-elementor-lightbox-title=\"1a semana gastron\u00f3micas festival arroz carolino dentro portas restaurantes aderentes (10)\" data-e-action-hash=\"#elementor-action%3Aaction%3Dlightbox%26settings%3DeyJpZCI6NzA4NzksInVybCI6Imh0dHBzOlwvXC93d3cuY20tYmVuYXZlbnRlLnB0XC93cC1jb250ZW50XC91cGxvYWRzXC8yMDI1XC8wNFwvMWEtc2VtYW5hLWdhc3Ryb25vbWljYXMtZmVzdGl2YWwtYXJyb3otY2Fyb2xpbm8tZGVudHJvLXBvcnRhcy1yZXN0YXVyYW50ZXMtYWRlcmVudGVzLTEwLXNjYWxlZC5qcGciLCJzbGlkZXNob3ciOiI0NTkzZDAzIn0%3D\">\n\t\t\t\t\t<div class=\"e-gallery-image elementor-gallery-item__image\" data-thumbnail=\"https:\/\/www.cm-benavente.pt\/wp-content\/uploads\/2025\/04\/1a-semana-gastronomicas-festival-arroz-carolino-dentro-portas-restaurantes-aderentes-10-1024x509.jpg\" data-width=\"800\" data-height=\"398\" aria-label=\"\" role=\"img\" ><\/div>\n\t\t\t\t\t\t\t\t\t\t\t<div class=\"elementor-gallery-item__overlay\"><\/div>\n\t\t\t\t\t\t\t\t\t\t\t\t\t\t<\/a>\n\t\t\t\t\t\t\t<a class=\"e-gallery-item elementor-gallery-item elementor-animated-content\" href=\"https:\/\/www.cm-benavente.pt\/wp-content\/uploads\/2025\/04\/1a-semana-gastronomicas-festival-arroz-carolino-dentro-portas-restaurantes-aderentes-11-scaled.jpg\" data-elementor-open-lightbox=\"yes\" data-elementor-lightbox-slideshow=\"4593d03\" data-elementor-lightbox-title=\"1a semana gastron\u00f3micas festival arroz carolino dentro portas restaurantes aderentes (11)\" data-e-action-hash=\"#elementor-action%3Aaction%3Dlightbox%26settings%3DeyJpZCI6NzA4ODAsInVybCI6Imh0dHBzOlwvXC93d3cuY20tYmVuYXZlbnRlLnB0XC93cC1jb250ZW50XC91cGxvYWRzXC8yMDI1XC8wNFwvMWEtc2VtYW5hLWdhc3Ryb25vbWljYXMtZmVzdGl2YWwtYXJyb3otY2Fyb2xpbm8tZGVudHJvLXBvcnRhcy1yZXN0YXVyYW50ZXMtYWRlcmVudGVzLTExLXNjYWxlZC5qcGciLCJzbGlkZXNob3ciOiI0NTkzZDAzIn0%3D\">\n\t\t\t\t\t<div class=\"e-gallery-image elementor-gallery-item__image\" data-thumbnail=\"https:\/\/www.cm-benavente.pt\/wp-content\/uploads\/2025\/04\/1a-semana-gastronomicas-festival-arroz-carolino-dentro-portas-restaurantes-aderentes-11-1024x618.jpg\" data-width=\"800\" data-height=\"483\" aria-label=\"\" role=\"img\" ><\/div>\n\t\t\t\t\t\t\t\t\t\t\t<div class=\"elementor-gallery-item__overlay\"><\/div>\n\t\t\t\t\t\t\t\t\t\t\t\t\t\t<\/a>\n\t\t\t\t\t\t\t<a class=\"e-gallery-item elementor-gallery-item elementor-animated-content\" href=\"https:\/\/www.cm-benavente.pt\/wp-content\/uploads\/2025\/04\/1a-semana-gastronomicas-festival-arroz-carolino-dentro-portas-restaurantes-aderentes-12-scaled.jpg\" data-elementor-open-lightbox=\"yes\" data-elementor-lightbox-slideshow=\"4593d03\" data-elementor-lightbox-title=\"1a semana gastron\u00f3micas festival arroz carolino dentro portas restaurantes aderentes (12)\" data-e-action-hash=\"#elementor-action%3Aaction%3Dlightbox%26settings%3DeyJpZCI6NzA4ODEsInVybCI6Imh0dHBzOlwvXC93d3cuY20tYmVuYXZlbnRlLnB0XC93cC1jb250ZW50XC91cGxvYWRzXC8yMDI1XC8wNFwvMWEtc2VtYW5hLWdhc3Ryb25vbWljYXMtZmVzdGl2YWwtYXJyb3otY2Fyb2xpbm8tZGVudHJvLXBvcnRhcy1yZXN0YXVyYW50ZXMtYWRlcmVudGVzLTEyLXNjYWxlZC5qcGciLCJzbGlkZXNob3ciOiI0NTkzZDAzIn0%3D\">\n\t\t\t\t\t<div class=\"e-gallery-image elementor-gallery-item__image\" data-thumbnail=\"https:\/\/www.cm-benavente.pt\/wp-content\/uploads\/2025\/04\/1a-semana-gastronomicas-festival-arroz-carolino-dentro-portas-restaurantes-aderentes-12-1024x573.jpg\" data-width=\"800\" data-height=\"448\" aria-label=\"\" role=\"img\" ><\/div>\n\t\t\t\t\t\t\t\t\t\t\t<div class=\"elementor-gallery-item__overlay\"><\/div>\n\t\t\t\t\t\t\t\t\t\t\t\t\t\t<\/a>\n\t\t\t\t\t\t\t<a class=\"e-gallery-item elementor-gallery-item elementor-animated-content\" href=\"https:\/\/www.cm-benavente.pt\/wp-content\/uploads\/2025\/04\/1a-semana-gastronomicas-festival-arroz-carolino-dentro-portas-restaurantes-aderentes-13-scaled.jpg\" data-elementor-open-lightbox=\"yes\" data-elementor-lightbox-slideshow=\"4593d03\" data-elementor-lightbox-title=\"1a semana gastron\u00f3micas festival arroz carolino dentro portas restaurantes aderentes (13)\" data-e-action-hash=\"#elementor-action%3Aaction%3Dlightbox%26settings%3DeyJpZCI6NzA4ODIsInVybCI6Imh0dHBzOlwvXC93d3cuY20tYmVuYXZlbnRlLnB0XC93cC1jb250ZW50XC91cGxvYWRzXC8yMDI1XC8wNFwvMWEtc2VtYW5hLWdhc3Ryb25vbWljYXMtZmVzdGl2YWwtYXJyb3otY2Fyb2xpbm8tZGVudHJvLXBvcnRhcy1yZXN0YXVyYW50ZXMtYWRlcmVudGVzLTEzLXNjYWxlZC5qcGciLCJzbGlkZXNob3ciOiI0NTkzZDAzIn0%3D\">\n\t\t\t\t\t<div class=\"e-gallery-image elementor-gallery-item__image\" data-thumbnail=\"https:\/\/www.cm-benavente.pt\/wp-content\/uploads\/2025\/04\/1a-semana-gastronomicas-festival-arroz-carolino-dentro-portas-restaurantes-aderentes-13-1024x522.jpg\" data-width=\"800\" data-height=\"408\" aria-label=\"\" role=\"img\" ><\/div>\n\t\t\t\t\t\t\t\t\t\t\t<div class=\"elementor-gallery-item__overlay\"><\/div>\n\t\t\t\t\t\t\t\t\t\t\t\t\t\t<\/a>\n\t\t\t\t\t\t\t<a class=\"e-gallery-item elementor-gallery-item elementor-animated-content\" href=\"https:\/\/www.cm-benavente.pt\/wp-content\/uploads\/2025\/04\/1a-semana-gastronomicas-festival-arroz-carolino-dentro-portas-restaurantes-aderentes-14-scaled.jpg\" data-elementor-open-lightbox=\"yes\" data-elementor-lightbox-slideshow=\"4593d03\" data-elementor-lightbox-title=\"1a semana gastron\u00f3micas festival arroz carolino dentro portas restaurantes aderentes (14)\" data-e-action-hash=\"#elementor-action%3Aaction%3Dlightbox%26settings%3DeyJpZCI6NzA4ODMsInVybCI6Imh0dHBzOlwvXC93d3cuY20tYmVuYXZlbnRlLnB0XC93cC1jb250ZW50XC91cGxvYWRzXC8yMDI1XC8wNFwvMWEtc2VtYW5hLWdhc3Ryb25vbWljYXMtZmVzdGl2YWwtYXJyb3otY2Fyb2xpbm8tZGVudHJvLXBvcnRhcy1yZXN0YXVyYW50ZXMtYWRlcmVudGVzLTE0LXNjYWxlZC5qcGciLCJzbGlkZXNob3ciOiI0NTkzZDAzIn0%3D\">\n\t\t\t\t\t<div class=\"e-gallery-image elementor-gallery-item__image\" data-thumbnail=\"https:\/\/www.cm-benavente.pt\/wp-content\/uploads\/2025\/04\/1a-semana-gastronomicas-festival-arroz-carolino-dentro-portas-restaurantes-aderentes-14-1024x608.jpg\" data-width=\"800\" data-height=\"475\" aria-label=\"\" role=\"img\" ><\/div>\n\t\t\t\t\t\t\t\t\t\t\t<div class=\"elementor-gallery-item__overlay\"><\/div>\n\t\t\t\t\t\t\t\t\t\t\t\t\t\t<\/a>\n\t\t\t\t\t\t\t<a class=\"e-gallery-item elementor-gallery-item elementor-animated-content\" href=\"https:\/\/www.cm-benavente.pt\/wp-content\/uploads\/2025\/04\/1a-semana-gastronomicas-festival-arroz-carolino-dentro-portas-restaurantes-aderentes-15-scaled.jpg\" data-elementor-open-lightbox=\"yes\" data-elementor-lightbox-slideshow=\"4593d03\" data-elementor-lightbox-title=\"1a semana gastron\u00f3micas festival arroz carolino dentro portas restaurantes aderentes (15)\" data-e-action-hash=\"#elementor-action%3Aaction%3Dlightbox%26settings%3DeyJpZCI6NzA4ODQsInVybCI6Imh0dHBzOlwvXC93d3cuY20tYmVuYXZlbnRlLnB0XC93cC1jb250ZW50XC91cGxvYWRzXC8yMDI1XC8wNFwvMWEtc2VtYW5hLWdhc3Ryb25vbWljYXMtZmVzdGl2YWwtYXJyb3otY2Fyb2xpbm8tZGVudHJvLXBvcnRhcy1yZXN0YXVyYW50ZXMtYWRlcmVudGVzLTE1LXNjYWxlZC5qcGciLCJzbGlkZXNob3ciOiI0NTkzZDAzIn0%3D\">\n\t\t\t\t\t<div class=\"e-gallery-image elementor-gallery-item__image\" data-thumbnail=\"https:\/\/www.cm-benavente.pt\/wp-content\/uploads\/2025\/04\/1a-semana-gastronomicas-festival-arroz-carolino-dentro-portas-restaurantes-aderentes-15-1024x622.jpg\" data-width=\"800\" data-height=\"486\" aria-label=\"\" role=\"img\" ><\/div>\n\t\t\t\t\t\t\t\t\t\t\t<div class=\"elementor-gallery-item__overlay\"><\/div>\n\t\t\t\t\t\t\t\t\t\t\t\t\t\t<\/a>\n\t\t\t\t\t\t\t<a class=\"e-gallery-item elementor-gallery-item elementor-animated-content\" href=\"https:\/\/www.cm-benavente.pt\/wp-content\/uploads\/2025\/04\/1a-semana-gastronomicas-festival-arroz-carolino-dentro-portas-restaurantes-aderentes-16-scaled.jpg\" data-elementor-open-lightbox=\"yes\" data-elementor-lightbox-slideshow=\"4593d03\" data-elementor-lightbox-title=\"1a semana gastron\u00f3micas festival arroz carolino dentro portas restaurantes aderentes (16)\" data-e-action-hash=\"#elementor-action%3Aaction%3Dlightbox%26settings%3DeyJpZCI6NzA4ODUsInVybCI6Imh0dHBzOlwvXC93d3cuY20tYmVuYXZlbnRlLnB0XC93cC1jb250ZW50XC91cGxvYWRzXC8yMDI1XC8wNFwvMWEtc2VtYW5hLWdhc3Ryb25vbWljYXMtZmVzdGl2YWwtYXJyb3otY2Fyb2xpbm8tZGVudHJvLXBvcnRhcy1yZXN0YXVyYW50ZXMtYWRlcmVudGVzLTE2LXNjYWxlZC5qcGciLCJzbGlkZXNob3ciOiI0NTkzZDAzIn0%3D\">\n\t\t\t\t\t<div class=\"e-gallery-image elementor-gallery-item__image\" data-thumbnail=\"https:\/\/www.cm-benavente.pt\/wp-content\/uploads\/2025\/04\/1a-semana-gastronomicas-festival-arroz-carolino-dentro-portas-restaurantes-aderentes-16-1024x658.jpg\" data-width=\"800\" data-height=\"514\" aria-label=\"\" role=\"img\" ><\/div>\n\t\t\t\t\t\t\t\t\t\t\t<div class=\"elementor-gallery-item__overlay\"><\/div>\n\t\t\t\t\t\t\t\t\t\t\t\t\t\t<\/a>\n\t\t\t\t\t\t\t<a class=\"e-gallery-item elementor-gallery-item elementor-animated-content\" href=\"https:\/\/www.cm-benavente.pt\/wp-content\/uploads\/2025\/04\/1a-semana-gastronomicas-festival-arroz-carolino-dentro-portas-restaurantes-aderentes-17-scaled.jpg\" data-elementor-open-lightbox=\"yes\" data-elementor-lightbox-slideshow=\"4593d03\" data-elementor-lightbox-title=\"1a semana gastron\u00f3micas festival arroz carolino dentro portas restaurantes aderentes (17)\" data-e-action-hash=\"#elementor-action%3Aaction%3Dlightbox%26settings%3DeyJpZCI6NzA4ODYsInVybCI6Imh0dHBzOlwvXC93d3cuY20tYmVuYXZlbnRlLnB0XC93cC1jb250ZW50XC91cGxvYWRzXC8yMDI1XC8wNFwvMWEtc2VtYW5hLWdhc3Ryb25vbWljYXMtZmVzdGl2YWwtYXJyb3otY2Fyb2xpbm8tZGVudHJvLXBvcnRhcy1yZXN0YXVyYW50ZXMtYWRlcmVudGVzLTE3LXNjYWxlZC5qcGciLCJzbGlkZXNob3ciOiI0NTkzZDAzIn0%3D\">\n\t\t\t\t\t<div class=\"e-gallery-image elementor-gallery-item__image\" data-thumbnail=\"https:\/\/www.cm-benavente.pt\/wp-content\/uploads\/2025\/04\/1a-semana-gastronomicas-festival-arroz-carolino-dentro-portas-restaurantes-aderentes-17-1024x677.jpg\" data-width=\"800\" data-height=\"529\" aria-label=\"\" role=\"img\" ><\/div>\n\t\t\t\t\t\t\t\t\t\t\t<div class=\"elementor-gallery-item__overlay\"><\/div>\n\t\t\t\t\t\t\t\t\t\t\t\t\t\t<\/a>\n\t\t\t\t\t\t\t<a class=\"e-gallery-item elementor-gallery-item elementor-animated-content\" href=\"https:\/\/www.cm-benavente.pt\/wp-content\/uploads\/2025\/04\/1a-semana-gastronomicas-festival-arroz-carolino-dentro-portas-restaurantes-aderentes-18.jpg\" data-elementor-open-lightbox=\"yes\" data-elementor-lightbox-slideshow=\"4593d03\" data-elementor-lightbox-title=\"1a semana gastron\u00f3micas festival arroz carolino dentro portas restaurantes aderentes (18)\" data-e-action-hash=\"#elementor-action%3Aaction%3Dlightbox%26settings%3DeyJpZCI6NzA4ODcsInVybCI6Imh0dHBzOlwvXC93d3cuY20tYmVuYXZlbnRlLnB0XC93cC1jb250ZW50XC91cGxvYWRzXC8yMDI1XC8wNFwvMWEtc2VtYW5hLWdhc3Ryb25vbWljYXMtZmVzdGl2YWwtYXJyb3otY2Fyb2xpbm8tZGVudHJvLXBvcnRhcy1yZXN0YXVyYW50ZXMtYWRlcmVudGVzLTE4LmpwZyIsInNsaWRlc2hvdyI6IjQ1OTNkMDMifQ%3D%3D\">\n\t\t\t\t\t<div class=\"e-gallery-image elementor-gallery-item__image\" data-thumbnail=\"https:\/\/www.cm-benavente.pt\/wp-content\/uploads\/2025\/04\/1a-semana-gastronomicas-festival-arroz-carolino-dentro-portas-restaurantes-aderentes-18-1024x738.jpg\" data-width=\"800\" data-height=\"577\" aria-label=\"\" role=\"img\" ><\/div>\n\t\t\t\t\t\t\t\t\t\t\t<div class=\"elementor-gallery-item__overlay\"><\/div>\n\t\t\t\t\t\t\t\t\t\t\t\t\t\t<\/a>\n\t\t\t\t\t\t\t<a class=\"e-gallery-item elementor-gallery-item elementor-animated-content\" href=\"https:\/\/www.cm-benavente.pt\/wp-content\/uploads\/2025\/04\/1a-semana-gastronomicas-festival-arroz-carolino-dentro-portas-restaurantes-aderentes-19-scaled.jpg\" data-elementor-open-lightbox=\"yes\" data-elementor-lightbox-slideshow=\"4593d03\" data-elementor-lightbox-title=\"1a semana gastron\u00f3micas festival arroz carolino dentro portas restaurantes aderentes (19)\" data-e-action-hash=\"#elementor-action%3Aaction%3Dlightbox%26settings%3DeyJpZCI6NzA4ODgsInVybCI6Imh0dHBzOlwvXC93d3cuY20tYmVuYXZlbnRlLnB0XC93cC1jb250ZW50XC91cGxvYWRzXC8yMDI1XC8wNFwvMWEtc2VtYW5hLWdhc3Ryb25vbWljYXMtZmVzdGl2YWwtYXJyb3otY2Fyb2xpbm8tZGVudHJvLXBvcnRhcy1yZXN0YXVyYW50ZXMtYWRlcmVudGVzLTE5LXNjYWxlZC5qcGciLCJzbGlkZXNob3ciOiI0NTkzZDAzIn0%3D\">\n\t\t\t\t\t<div class=\"e-gallery-image elementor-gallery-item__image\" data-thumbnail=\"https:\/\/www.cm-benavente.pt\/wp-content\/uploads\/2025\/04\/1a-semana-gastronomicas-festival-arroz-carolino-dentro-portas-restaurantes-aderentes-19-1024x654.jpg\" data-width=\"800\" data-height=\"511\" aria-label=\"\" role=\"img\" ><\/div>\n\t\t\t\t\t\t\t\t\t\t\t<div class=\"elementor-gallery-item__overlay\"><\/div>\n\t\t\t\t\t\t\t\t\t\t\t\t\t\t<\/a>\n\t\t\t\t\t\t\t<a class=\"e-gallery-item elementor-gallery-item elementor-animated-content\" href=\"https:\/\/www.cm-benavente.pt\/wp-content\/uploads\/2025\/04\/1a-semana-gastronomicas-festival-arroz-carolino-dentro-portas-restaurantes-aderentes-20-scaled.jpg\" data-elementor-open-lightbox=\"yes\" data-elementor-lightbox-slideshow=\"4593d03\" data-elementor-lightbox-title=\"1a semana gastron\u00f3micas festival arroz carolino dentro portas restaurantes aderentes (20)\" data-e-action-hash=\"#elementor-action%3Aaction%3Dlightbox%26settings%3DeyJpZCI6NzA4ODksInVybCI6Imh0dHBzOlwvXC93d3cuY20tYmVuYXZlbnRlLnB0XC93cC1jb250ZW50XC91cGxvYWRzXC8yMDI1XC8wNFwvMWEtc2VtYW5hLWdhc3Ryb25vbWljYXMtZmVzdGl2YWwtYXJyb3otY2Fyb2xpbm8tZGVudHJvLXBvcnRhcy1yZXN0YXVyYW50ZXMtYWRlcmVudGVzLTIwLXNjYWxlZC5qcGciLCJzbGlkZXNob3ciOiI0NTkzZDAzIn0%3D\">\n\t\t\t\t\t<div class=\"e-gallery-image elementor-gallery-item__image\" data-thumbnail=\"https:\/\/www.cm-benavente.pt\/wp-content\/uploads\/2025\/04\/1a-semana-gastronomicas-festival-arroz-carolino-dentro-portas-restaurantes-aderentes-20-1024x587.jpg\" data-width=\"800\" data-height=\"459\" aria-label=\"\" role=\"img\" ><\/div>\n\t\t\t\t\t\t\t\t\t\t\t<div class=\"elementor-gallery-item__overlay\"><\/div>\n\t\t\t\t\t\t\t\t\t\t\t\t\t\t<\/a>\n\t\t\t\t\t\t\t<a class=\"e-gallery-item elementor-gallery-item elementor-animated-content\" href=\"https:\/\/www.cm-benavente.pt\/wp-content\/uploads\/2025\/04\/1a-semana-gastronomicas-festival-arroz-carolino-dentro-portas-restaurantes-aderentes-21-scaled.jpg\" data-elementor-open-lightbox=\"yes\" data-elementor-lightbox-slideshow=\"4593d03\" data-elementor-lightbox-title=\"1a semana gastron\u00f3micas festival arroz carolino dentro portas restaurantes aderentes (21)\" data-e-action-hash=\"#elementor-action%3Aaction%3Dlightbox%26settings%3DeyJpZCI6NzA4OTAsInVybCI6Imh0dHBzOlwvXC93d3cuY20tYmVuYXZlbnRlLnB0XC93cC1jb250ZW50XC91cGxvYWRzXC8yMDI1XC8wNFwvMWEtc2VtYW5hLWdhc3Ryb25vbWljYXMtZmVzdGl2YWwtYXJyb3otY2Fyb2xpbm8tZGVudHJvLXBvcnRhcy1yZXN0YXVyYW50ZXMtYWRlcmVudGVzLTIxLXNjYWxlZC5qcGciLCJzbGlkZXNob3ciOiI0NTkzZDAzIn0%3D\">\n\t\t\t\t\t<div class=\"e-gallery-image elementor-gallery-item__image\" data-thumbnail=\"https:\/\/www.cm-benavente.pt\/wp-content\/uploads\/2025\/04\/1a-semana-gastronomicas-festival-arroz-carolino-dentro-portas-restaurantes-aderentes-21-1024x600.jpg\" data-width=\"800\" data-height=\"469\" aria-label=\"\" role=\"img\" ><\/div>\n\t\t\t\t\t\t\t\t\t\t\t<div class=\"elementor-gallery-item__overlay\"><\/div>\n\t\t\t\t\t\t\t\t\t\t\t\t\t\t<\/a>\n\t\t\t\t\t\t\t<a class=\"e-gallery-item elementor-gallery-item elementor-animated-content\" href=\"https:\/\/www.cm-benavente.pt\/wp-content\/uploads\/2025\/04\/1a-semana-gastronomicas-festival-arroz-carolino-dentro-portas-restaurantes-aderentes-22-scaled.jpg\" data-elementor-open-lightbox=\"yes\" data-elementor-lightbox-slideshow=\"4593d03\" data-elementor-lightbox-title=\"1a semana gastron\u00f3micas festival arroz carolino dentro portas restaurantes aderentes (22)\" data-e-action-hash=\"#elementor-action%3Aaction%3Dlightbox%26settings%3DeyJpZCI6NzA4OTEsInVybCI6Imh0dHBzOlwvXC93d3cuY20tYmVuYXZlbnRlLnB0XC93cC1jb250ZW50XC91cGxvYWRzXC8yMDI1XC8wNFwvMWEtc2VtYW5hLWdhc3Ryb25vbWljYXMtZmVzdGl2YWwtYXJyb3otY2Fyb2xpbm8tZGVudHJvLXBvcnRhcy1yZXN0YXVyYW50ZXMtYWRlcmVudGVzLTIyLXNjYWxlZC5qcGciLCJzbGlkZXNob3ciOiI0NTkzZDAzIn0%3D\">\n\t\t\t\t\t<div class=\"e-gallery-image elementor-gallery-item__image\" data-thumbnail=\"https:\/\/www.cm-benavente.pt\/wp-content\/uploads\/2025\/04\/1a-semana-gastronomicas-festival-arroz-carolino-dentro-portas-restaurantes-aderentes-22-1024x608.jpg\" data-width=\"800\" data-height=\"475\" aria-label=\"\" role=\"img\" ><\/div>\n\t\t\t\t\t\t\t\t\t\t\t<div class=\"elementor-gallery-item__overlay\"><\/div>\n\t\t\t\t\t\t\t\t\t\t\t\t\t\t<\/a>\n\t\t\t\t\t\t\t<a class=\"e-gallery-item elementor-gallery-item elementor-animated-content\" href=\"https:\/\/www.cm-benavente.pt\/wp-content\/uploads\/2025\/04\/1a-semana-gastronomicas-festival-arroz-carolino-dentro-portas-restaurantes-aderentes-23-scaled.jpg\" data-elementor-open-lightbox=\"yes\" data-elementor-lightbox-slideshow=\"4593d03\" data-elementor-lightbox-title=\"1a semana gastron\u00f3micas festival arroz carolino dentro portas restaurantes aderentes (23)\" data-e-action-hash=\"#elementor-action%3Aaction%3Dlightbox%26settings%3DeyJpZCI6NzA4OTIsInVybCI6Imh0dHBzOlwvXC93d3cuY20tYmVuYXZlbnRlLnB0XC93cC1jb250ZW50XC91cGxvYWRzXC8yMDI1XC8wNFwvMWEtc2VtYW5hLWdhc3Ryb25vbWljYXMtZmVzdGl2YWwtYXJyb3otY2Fyb2xpbm8tZGVudHJvLXBvcnRhcy1yZXN0YXVyYW50ZXMtYWRlcmVudGVzLTIzLXNjYWxlZC5qcGciLCJzbGlkZXNob3ciOiI0NTkzZDAzIn0%3D\">\n\t\t\t\t\t<div class=\"e-gallery-image elementor-gallery-item__image\" data-thumbnail=\"https:\/\/www.cm-benavente.pt\/wp-content\/uploads\/2025\/04\/1a-semana-gastronomicas-festival-arroz-carolino-dentro-portas-restaurantes-aderentes-23-1024x633.jpg\" data-width=\"800\" data-height=\"495\" aria-label=\"\" role=\"img\" ><\/div>\n\t\t\t\t\t\t\t\t\t\t\t<div class=\"elementor-gallery-item__overlay\"><\/div>\n\t\t\t\t\t\t\t\t\t\t\t\t\t\t<\/a>\n\t\t\t\t\t\t\t<a class=\"e-gallery-item elementor-gallery-item elementor-animated-content\" href=\"https:\/\/www.cm-benavente.pt\/wp-content\/uploads\/2025\/04\/1a-semana-gastronomicas-festival-arroz-carolino-dentro-portas-restaurantes-aderentes-24-scaled.jpg\" data-elementor-open-lightbox=\"yes\" data-elementor-lightbox-slideshow=\"4593d03\" data-elementor-lightbox-title=\"1a semana gastron\u00f3micas festival arroz carolino dentro portas restaurantes aderentes (24)\" data-e-action-hash=\"#elementor-action%3Aaction%3Dlightbox%26settings%3DeyJpZCI6NzA4OTMsInVybCI6Imh0dHBzOlwvXC93d3cuY20tYmVuYXZlbnRlLnB0XC93cC1jb250ZW50XC91cGxvYWRzXC8yMDI1XC8wNFwvMWEtc2VtYW5hLWdhc3Ryb25vbWljYXMtZmVzdGl2YWwtYXJyb3otY2Fyb2xpbm8tZGVudHJvLXBvcnRhcy1yZXN0YXVyYW50ZXMtYWRlcmVudGVzLTI0LXNjYWxlZC5qcGciLCJzbGlkZXNob3ciOiI0NTkzZDAzIn0%3D\">\n\t\t\t\t\t<div class=\"e-gallery-image elementor-gallery-item__image\" data-thumbnail=\"https:\/\/www.cm-benavente.pt\/wp-content\/uploads\/2025\/04\/1a-semana-gastronomicas-festival-arroz-carolino-dentro-portas-restaurantes-aderentes-24-1024x657.jpg\" data-width=\"800\" data-height=\"513\" aria-label=\"\" role=\"img\" ><\/div>\n\t\t\t\t\t\t\t\t\t\t\t<div class=\"elementor-gallery-item__overlay\"><\/div>\n\t\t\t\t\t\t\t\t\t\t\t\t\t\t<\/a>\n\t\t\t\t\t\t\t<a class=\"e-gallery-item elementor-gallery-item elementor-animated-content\" href=\"https:\/\/www.cm-benavente.pt\/wp-content\/uploads\/2025\/04\/1a-semana-gastronomicas-festival-arroz-carolino-dentro-portas-restaurantes-aderentes-25-scaled.jpg\" data-elementor-open-lightbox=\"yes\" data-elementor-lightbox-slideshow=\"4593d03\" data-elementor-lightbox-title=\"1a semana gastron\u00f3micas festival arroz carolino dentro portas restaurantes aderentes (25)\" data-e-action-hash=\"#elementor-action%3Aaction%3Dlightbox%26settings%3DeyJpZCI6NzA4OTQsInVybCI6Imh0dHBzOlwvXC93d3cuY20tYmVuYXZlbnRlLnB0XC93cC1jb250ZW50XC91cGxvYWRzXC8yMDI1XC8wNFwvMWEtc2VtYW5hLWdhc3Ryb25vbWljYXMtZmVzdGl2YWwtYXJyb3otY2Fyb2xpbm8tZGVudHJvLXBvcnRhcy1yZXN0YXVyYW50ZXMtYWRlcmVudGVzLTI1LXNjYWxlZC5qcGciLCJzbGlkZXNob3ciOiI0NTkzZDAzIn0%3D\">\n\t\t\t\t\t<div class=\"e-gallery-image elementor-gallery-item__image\" data-thumbnail=\"https:\/\/www.cm-benavente.pt\/wp-content\/uploads\/2025\/04\/1a-semana-gastronomicas-festival-arroz-carolino-dentro-portas-restaurantes-aderentes-25-1024x597.jpg\" data-width=\"800\" data-height=\"466\" aria-label=\"\" role=\"img\" ><\/div>\n\t\t\t\t\t\t\t\t\t\t\t<div class=\"elementor-gallery-item__overlay\"><\/div>\n\t\t\t\t\t\t\t\t\t\t\t\t\t\t<\/a>\n\t\t\t\t\t\t\t<a class=\"e-gallery-item elementor-gallery-item elementor-animated-content\" href=\"https:\/\/www.cm-benavente.pt\/wp-content\/uploads\/2025\/04\/1a-semana-gastronomicas-festival-arroz-carolino-dentro-portas-restaurantes-aderentes-26-scaled.jpg\" data-elementor-open-lightbox=\"yes\" data-elementor-lightbox-slideshow=\"4593d03\" data-elementor-lightbox-title=\"1a semana gastron\u00f3micas festival arroz carolino dentro portas restaurantes aderentes (26)\" data-e-action-hash=\"#elementor-action%3Aaction%3Dlightbox%26settings%3DeyJpZCI6NzA4OTUsInVybCI6Imh0dHBzOlwvXC93d3cuY20tYmVuYXZlbnRlLnB0XC93cC1jb250ZW50XC91cGxvYWRzXC8yMDI1XC8wNFwvMWEtc2VtYW5hLWdhc3Ryb25vbWljYXMtZmVzdGl2YWwtYXJyb3otY2Fyb2xpbm8tZGVudHJvLXBvcnRhcy1yZXN0YXVyYW50ZXMtYWRlcmVudGVzLTI2LXNjYWxlZC5qcGciLCJzbGlkZXNob3ciOiI0NTkzZDAzIn0%3D\">\n\t\t\t\t\t<div class=\"e-gallery-image elementor-gallery-item__image\" data-thumbnail=\"https:\/\/www.cm-benavente.pt\/wp-content\/uploads\/2025\/04\/1a-semana-gastronomicas-festival-arroz-carolino-dentro-portas-restaurantes-aderentes-26-1024x660.jpg\" data-width=\"800\" data-height=\"516\" aria-label=\"\" role=\"img\" ><\/div>\n\t\t\t\t\t\t\t\t\t\t\t<div class=\"elementor-gallery-item__overlay\"><\/div>\n\t\t\t\t\t\t\t\t\t\t\t\t\t\t<\/a>\n\t\t\t\t\t\t\t<a class=\"e-gallery-item elementor-gallery-item elementor-animated-content\" href=\"https:\/\/www.cm-benavente.pt\/wp-content\/uploads\/2025\/04\/1a-semana-gastronomicas-festival-arroz-carolino-dentro-portas-restaurantes-aderentes-27-scaled.jpg\" data-elementor-open-lightbox=\"yes\" data-elementor-lightbox-slideshow=\"4593d03\" data-elementor-lightbox-title=\"1a semana gastron\u00f3micas festival arroz carolino dentro portas restaurantes aderentes (27)\" data-e-action-hash=\"#elementor-action%3Aaction%3Dlightbox%26settings%3DeyJpZCI6NzA4OTYsInVybCI6Imh0dHBzOlwvXC93d3cuY20tYmVuYXZlbnRlLnB0XC93cC1jb250ZW50XC91cGxvYWRzXC8yMDI1XC8wNFwvMWEtc2VtYW5hLWdhc3Ryb25vbWljYXMtZmVzdGl2YWwtYXJyb3otY2Fyb2xpbm8tZGVudHJvLXBvcnRhcy1yZXN0YXVyYW50ZXMtYWRlcmVudGVzLTI3LXNjYWxlZC5qcGciLCJzbGlkZXNob3ciOiI0NTkzZDAzIn0%3D\">\n\t\t\t\t\t<div class=\"e-gallery-image elementor-gallery-item__image\" data-thumbnail=\"https:\/\/www.cm-benavente.pt\/wp-content\/uploads\/2025\/04\/1a-semana-gastronomicas-festival-arroz-carolino-dentro-portas-restaurantes-aderentes-27-1024x633.jpg\" data-width=\"800\" data-height=\"495\" aria-label=\"\" role=\"img\" ><\/div>\n\t\t\t\t\t\t\t\t\t\t\t<div class=\"elementor-gallery-item__overlay\"><\/div>\n\t\t\t\t\t\t\t\t\t\t\t\t\t\t<\/a>\n\t\t\t\t\t\t\t<a class=\"e-gallery-item elementor-gallery-item elementor-animated-content\" href=\"https:\/\/www.cm-benavente.pt\/wp-content\/uploads\/2025\/04\/1a-semana-gastronomicas-festival-arroz-carolino-dentro-portas-restaurantes-aderentes-28-scaled.jpg\" data-elementor-open-lightbox=\"yes\" data-elementor-lightbox-slideshow=\"4593d03\" data-elementor-lightbox-title=\"1a semana gastron\u00f3micas festival arroz carolino dentro portas restaurantes aderentes (28)\" data-e-action-hash=\"#elementor-action%3Aaction%3Dlightbox%26settings%3DeyJpZCI6NzA4OTcsInVybCI6Imh0dHBzOlwvXC93d3cuY20tYmVuYXZlbnRlLnB0XC93cC1jb250ZW50XC91cGxvYWRzXC8yMDI1XC8wNFwvMWEtc2VtYW5hLWdhc3Ryb25vbWljYXMtZmVzdGl2YWwtYXJyb3otY2Fyb2xpbm8tZGVudHJvLXBvcnRhcy1yZXN0YXVyYW50ZXMtYWRlcmVudGVzLTI4LXNjYWxlZC5qcGciLCJzbGlkZXNob3ciOiI0NTkzZDAzIn0%3D\">\n\t\t\t\t\t<div class=\"e-gallery-image elementor-gallery-item__image\" data-thumbnail=\"https:\/\/www.cm-benavente.pt\/wp-content\/uploads\/2025\/04\/1a-semana-gastronomicas-festival-arroz-carolino-dentro-portas-restaurantes-aderentes-28-1024x578.jpg\" data-width=\"800\" data-height=\"452\" aria-label=\"\" role=\"img\" ><\/div>\n\t\t\t\t\t\t\t\t\t\t\t<div class=\"elementor-gallery-item__overlay\"><\/div>\n\t\t\t\t\t\t\t\t\t\t\t\t\t\t<\/a>\n\t\t\t\t\t\t\t<a class=\"e-gallery-item elementor-gallery-item elementor-animated-content\" href=\"https:\/\/www.cm-benavente.pt\/wp-content\/uploads\/2025\/04\/1a-semana-gastronomicas-festival-arroz-carolino-dentro-portas-restaurantes-aderentes-29-scaled.jpg\" data-elementor-open-lightbox=\"yes\" data-elementor-lightbox-slideshow=\"4593d03\" data-elementor-lightbox-title=\"1a semana gastron\u00f3micas festival arroz carolino dentro portas restaurantes aderentes (29)\" data-e-action-hash=\"#elementor-action%3Aaction%3Dlightbox%26settings%3DeyJpZCI6NzA4OTgsInVybCI6Imh0dHBzOlwvXC93d3cuY20tYmVuYXZlbnRlLnB0XC93cC1jb250ZW50XC91cGxvYWRzXC8yMDI1XC8wNFwvMWEtc2VtYW5hLWdhc3Ryb25vbWljYXMtZmVzdGl2YWwtYXJyb3otY2Fyb2xpbm8tZGVudHJvLXBvcnRhcy1yZXN0YXVyYW50ZXMtYWRlcmVudGVzLTI5LXNjYWxlZC5qcGciLCJzbGlkZXNob3ciOiI0NTkzZDAzIn0%3D\">\n\t\t\t\t\t<div class=\"e-gallery-image elementor-gallery-item__image\" data-thumbnail=\"https:\/\/www.cm-benavente.pt\/wp-content\/uploads\/2025\/04\/1a-semana-gastronomicas-festival-arroz-carolino-dentro-portas-restaurantes-aderentes-29-1024x632.jpg\" data-width=\"800\" data-height=\"494\" aria-label=\"\" role=\"img\" ><\/div>\n\t\t\t\t\t\t\t\t\t\t\t<div class=\"elementor-gallery-item__overlay\"><\/div>\n\t\t\t\t\t\t\t\t\t\t\t\t\t\t<\/a>\n\t\t\t\t\t\t\t<a class=\"e-gallery-item elementor-gallery-item elementor-animated-content\" href=\"https:\/\/www.cm-benavente.pt\/wp-content\/uploads\/2025\/04\/1a-semana-gastronomicas-festival-arroz-carolino-dentro-portas-restaurantes-aderentes-30-scaled.jpg\" data-elementor-open-lightbox=\"yes\" data-elementor-lightbox-slideshow=\"4593d03\" data-elementor-lightbox-title=\"1a semana gastron\u00f3micas festival arroz carolino dentro portas restaurantes aderentes (30)\" data-e-action-hash=\"#elementor-action%3Aaction%3Dlightbox%26settings%3DeyJpZCI6NzA4OTksInVybCI6Imh0dHBzOlwvXC93d3cuY20tYmVuYXZlbnRlLnB0XC93cC1jb250ZW50XC91cGxvYWRzXC8yMDI1XC8wNFwvMWEtc2VtYW5hLWdhc3Ryb25vbWljYXMtZmVzdGl2YWwtYXJyb3otY2Fyb2xpbm8tZGVudHJvLXBvcnRhcy1yZXN0YXVyYW50ZXMtYWRlcmVudGVzLTMwLXNjYWxlZC5qcGciLCJzbGlkZXNob3ciOiI0NTkzZDAzIn0%3D\">\n\t\t\t\t\t<div class=\"e-gallery-image elementor-gallery-item__image\" data-thumbnail=\"https:\/\/www.cm-benavente.pt\/wp-content\/uploads\/2025\/04\/1a-semana-gastronomicas-festival-arroz-carolino-dentro-portas-restaurantes-aderentes-30-1024x605.jpg\" data-width=\"800\" data-height=\"473\" aria-label=\"\" role=\"img\" ><\/div>\n\t\t\t\t\t\t\t\t\t\t\t<div class=\"elementor-gallery-item__overlay\"><\/div>\n\t\t\t\t\t\t\t\t\t\t\t\t\t\t<\/a>\n\t\t\t\t\t\t\t<a class=\"e-gallery-item elementor-gallery-item elementor-animated-content\" href=\"https:\/\/www.cm-benavente.pt\/wp-content\/uploads\/2025\/04\/1a-semana-gastronomicas-festival-arroz-carolino-dentro-portas-restaurantes-aderentes-31-scaled.jpg\" data-elementor-open-lightbox=\"yes\" data-elementor-lightbox-slideshow=\"4593d03\" data-elementor-lightbox-title=\"1a semana gastron\u00f3micas festival arroz carolino dentro portas restaurantes aderentes (31)\" data-e-action-hash=\"#elementor-action%3Aaction%3Dlightbox%26settings%3DeyJpZCI6NzA5MDAsInVybCI6Imh0dHBzOlwvXC93d3cuY20tYmVuYXZlbnRlLnB0XC93cC1jb250ZW50XC91cGxvYWRzXC8yMDI1XC8wNFwvMWEtc2VtYW5hLWdhc3Ryb25vbWljYXMtZmVzdGl2YWwtYXJyb3otY2Fyb2xpbm8tZGVudHJvLXBvcnRhcy1yZXN0YXVyYW50ZXMtYWRlcmVudGVzLTMxLXNjYWxlZC5qcGciLCJzbGlkZXNob3ciOiI0NTkzZDAzIn0%3D\">\n\t\t\t\t\t<div class=\"e-gallery-image elementor-gallery-item__image\" data-thumbnail=\"https:\/\/www.cm-benavente.pt\/wp-content\/uploads\/2025\/04\/1a-semana-gastronomicas-festival-arroz-carolino-dentro-portas-restaurantes-aderentes-31-1024x578.jpg\" data-width=\"800\" data-height=\"452\" aria-label=\"\" role=\"img\" ><\/div>\n\t\t\t\t\t\t\t\t\t\t\t<div class=\"elementor-gallery-item__overlay\"><\/div>\n\t\t\t\t\t\t\t\t\t\t\t\t\t\t<\/a>\n\t\t\t\t\t\t\t<a class=\"e-gallery-item elementor-gallery-item elementor-animated-content\" href=\"https:\/\/www.cm-benavente.pt\/wp-content\/uploads\/2025\/04\/1a-semana-gastronomicas-festival-arroz-carolino-dentro-portas-restaurantes-aderentes-32-scaled.jpg\" data-elementor-open-lightbox=\"yes\" data-elementor-lightbox-slideshow=\"4593d03\" data-elementor-lightbox-title=\"1a semana gastron\u00f3micas festival arroz carolino dentro portas restaurantes aderentes (32)\" data-e-action-hash=\"#elementor-action%3Aaction%3Dlightbox%26settings%3DeyJpZCI6NzA5MDEsInVybCI6Imh0dHBzOlwvXC93d3cuY20tYmVuYXZlbnRlLnB0XC93cC1jb250ZW50XC91cGxvYWRzXC8yMDI1XC8wNFwvMWEtc2VtYW5hLWdhc3Ryb25vbWljYXMtZmVzdGl2YWwtYXJyb3otY2Fyb2xpbm8tZGVudHJvLXBvcnRhcy1yZXN0YXVyYW50ZXMtYWRlcmVudGVzLTMyLXNjYWxlZC5qcGciLCJzbGlkZXNob3ciOiI0NTkzZDAzIn0%3D\">\n\t\t\t\t\t<div class=\"e-gallery-image elementor-gallery-item__image\" data-thumbnail=\"https:\/\/www.cm-benavente.pt\/wp-content\/uploads\/2025\/04\/1a-semana-gastronomicas-festival-arroz-carolino-dentro-portas-restaurantes-aderentes-32-1024x491.jpg\" data-width=\"800\" data-height=\"384\" aria-label=\"\" role=\"img\" ><\/div>\n\t\t\t\t\t\t\t\t\t\t\t<div class=\"elementor-gallery-item__overlay\"><\/div>\n\t\t\t\t\t\t\t\t\t\t\t\t\t\t<\/a>\n\t\t\t\t\t\t\t<a class=\"e-gallery-item elementor-gallery-item elementor-animated-content\" href=\"https:\/\/www.cm-benavente.pt\/wp-content\/uploads\/2025\/04\/1a-semana-gastronomicas-festival-arroz-carolino-dentro-portas-restaurantes-aderentes-33-scaled.jpg\" data-elementor-open-lightbox=\"yes\" data-elementor-lightbox-slideshow=\"4593d03\" data-elementor-lightbox-title=\"1a semana gastron\u00f3micas festival arroz carolino dentro portas restaurantes aderentes (33)\" data-e-action-hash=\"#elementor-action%3Aaction%3Dlightbox%26settings%3DeyJpZCI6NzA5MDIsInVybCI6Imh0dHBzOlwvXC93d3cuY20tYmVuYXZlbnRlLnB0XC93cC1jb250ZW50XC91cGxvYWRzXC8yMDI1XC8wNFwvMWEtc2VtYW5hLWdhc3Ryb25vbWljYXMtZmVzdGl2YWwtYXJyb3otY2Fyb2xpbm8tZGVudHJvLXBvcnRhcy1yZXN0YXVyYW50ZXMtYWRlcmVudGVzLTMzLXNjYWxlZC5qcGciLCJzbGlkZXNob3ciOiI0NTkzZDAzIn0%3D\">\n\t\t\t\t\t<div class=\"e-gallery-image elementor-gallery-item__image\" data-thumbnail=\"https:\/\/www.cm-benavente.pt\/wp-content\/uploads\/2025\/04\/1a-semana-gastronomicas-festival-arroz-carolino-dentro-portas-restaurantes-aderentes-33-1024x657.jpg\" data-width=\"800\" data-height=\"513\" aria-label=\"\" role=\"img\" ><\/div>\n\t\t\t\t\t\t\t\t\t\t\t<div class=\"elementor-gallery-item__overlay\"><\/div>\n\t\t\t\t\t\t\t\t\t\t\t\t\t\t<\/a>\n\t\t\t\t\t\t\t<a class=\"e-gallery-item elementor-gallery-item elementor-animated-content\" href=\"https:\/\/www.cm-benavente.pt\/wp-content\/uploads\/2025\/04\/1a-semana-gastronomicas-festival-arroz-carolino-dentro-portas-restaurantes-aderentes-34-scaled.jpg\" data-elementor-open-lightbox=\"yes\" data-elementor-lightbox-slideshow=\"4593d03\" data-elementor-lightbox-title=\"1a semana gastron\u00f3micas festival arroz carolino dentro portas restaurantes aderentes (34)\" data-e-action-hash=\"#elementor-action%3Aaction%3Dlightbox%26settings%3DeyJpZCI6NzA5MDMsInVybCI6Imh0dHBzOlwvXC93d3cuY20tYmVuYXZlbnRlLnB0XC93cC1jb250ZW50XC91cGxvYWRzXC8yMDI1XC8wNFwvMWEtc2VtYW5hLWdhc3Ryb25vbWljYXMtZmVzdGl2YWwtYXJyb3otY2Fyb2xpbm8tZGVudHJvLXBvcnRhcy1yZXN0YXVyYW50ZXMtYWRlcmVudGVzLTM0LXNjYWxlZC5qcGciLCJzbGlkZXNob3ciOiI0NTkzZDAzIn0%3D\">\n\t\t\t\t\t<div class=\"e-gallery-image elementor-gallery-item__image\" data-thumbnail=\"https:\/\/www.cm-benavente.pt\/wp-content\/uploads\/2025\/04\/1a-semana-gastronomicas-festival-arroz-carolino-dentro-portas-restaurantes-aderentes-34-1024x500.jpg\" data-width=\"800\" data-height=\"391\" aria-label=\"\" role=\"img\" ><\/div>\n\t\t\t\t\t\t\t\t\t\t\t<div class=\"elementor-gallery-item__overlay\"><\/div>\n\t\t\t\t\t\t\t\t\t\t\t\t\t\t<\/a>\n\t\t\t\t\t\t\t<a class=\"e-gallery-item elementor-gallery-item elementor-animated-content\" href=\"https:\/\/www.cm-benavente.pt\/wp-content\/uploads\/2025\/04\/1a-semana-gastronomicas-festival-arroz-carolino-dentro-portas-restaurantes-aderentes-35-scaled.jpg\" data-elementor-open-lightbox=\"yes\" data-elementor-lightbox-slideshow=\"4593d03\" data-elementor-lightbox-title=\"1a semana gastron\u00f3micas festival arroz carolino dentro portas restaurantes aderentes (35)\" data-e-action-hash=\"#elementor-action%3Aaction%3Dlightbox%26settings%3DeyJpZCI6NzA5MDQsInVybCI6Imh0dHBzOlwvXC93d3cuY20tYmVuYXZlbnRlLnB0XC93cC1jb250ZW50XC91cGxvYWRzXC8yMDI1XC8wNFwvMWEtc2VtYW5hLWdhc3Ryb25vbWljYXMtZmVzdGl2YWwtYXJyb3otY2Fyb2xpbm8tZGVudHJvLXBvcnRhcy1yZXN0YXVyYW50ZXMtYWRlcmVudGVzLTM1LXNjYWxlZC5qcGciLCJzbGlkZXNob3ciOiI0NTkzZDAzIn0%3D\">\n\t\t\t\t\t<div class=\"e-gallery-image elementor-gallery-item__image\" data-thumbnail=\"https:\/\/www.cm-benavente.pt\/wp-content\/uploads\/2025\/04\/1a-semana-gastronomicas-festival-arroz-carolino-dentro-portas-restaurantes-aderentes-35-624x1024.jpg\" data-width=\"624\" data-height=\"1024\" aria-label=\"\" role=\"img\" ><\/div>\n\t\t\t\t\t\t\t\t\t\t\t<div class=\"elementor-gallery-item__overlay\"><\/div>\n\t\t\t\t\t\t\t\t\t\t\t\t\t\t<\/a>\n\t\t\t\t\t\t\t<a class=\"e-gallery-item elementor-gallery-item elementor-animated-content\" href=\"https:\/\/www.cm-benavente.pt\/wp-content\/uploads\/2025\/04\/1a-semana-gastronomicas-festival-arroz-carolino-dentro-portas-restaurantes-aderentes-36-scaled.jpg\" data-elementor-open-lightbox=\"yes\" data-elementor-lightbox-slideshow=\"4593d03\" data-elementor-lightbox-title=\"1a semana gastron\u00f3micas festival arroz carolino dentro portas restaurantes aderentes (36)\" data-e-action-hash=\"#elementor-action%3Aaction%3Dlightbox%26settings%3DeyJpZCI6NzA5MDUsInVybCI6Imh0dHBzOlwvXC93d3cuY20tYmVuYXZlbnRlLnB0XC93cC1jb250ZW50XC91cGxvYWRzXC8yMDI1XC8wNFwvMWEtc2VtYW5hLWdhc3Ryb25vbWljYXMtZmVzdGl2YWwtYXJyb3otY2Fyb2xpbm8tZGVudHJvLXBvcnRhcy1yZXN0YXVyYW50ZXMtYWRlcmVudGVzLTM2LXNjYWxlZC5qcGciLCJzbGlkZXNob3ciOiI0NTkzZDAzIn0%3D\">\n\t\t\t\t\t<div class=\"e-gallery-image elementor-gallery-item__image\" data-thumbnail=\"https:\/\/www.cm-benavente.pt\/wp-content\/uploads\/2025\/04\/1a-semana-gastronomicas-festival-arroz-carolino-dentro-portas-restaurantes-aderentes-36-1024x629.jpg\" data-width=\"800\" data-height=\"491\" aria-label=\"\" role=\"img\" ><\/div>\n\t\t\t\t\t\t\t\t\t\t\t<div class=\"elementor-gallery-item__overlay\"><\/div>\n\t\t\t\t\t\t\t\t\t\t\t\t\t\t<\/a>\n\t\t\t\t\t<\/div>\n\t\t\t\t\t<\/div>\n\t\t\t\t<\/div>\n\t\t\t\t\t<\/div>\n\t\t\t\t<\/div>\n\t\t\t\t<\/div>\n\t\t","protected":false},"excerpt":{"rendered":"<p>A 1\u00aa Semana Gastron\u00f3mica do Munic\u00edpio de Benavente \u2013 Festival do Arroz Carolino Dentro de Portas, tem mostrado a tradi\u00e7\u00e3o do arroz com hist\u00f3ria, nas in\u00fameras sugest\u00f5es nos restaurantes aderentes. <\/p>\n","protected":false},"author":3,"featured_media":70868,"comment_status":"closed","ping_status":"closed","sticky":false,"template":"","format":"standard","meta":{"_vp_format_video_url":"","_vp_image_focal_point":[],"footnotes":""},"categories":[510,518,488],"tags":[185,16,1916,949,700,479,950,27,13,2817,109],"class_list":["post-70867","post","type-post","status-publish","format-standard","has-post-thumbnail","hentry","category-evento","category-municipio","category-turismo","tag-barrosa","tag-benavente","tag-dentro-de-portas","tag-festival-do-arroz-carolino","tag-gastronomia","tag-municipio-de-benavente","tag-restaurantes-aderentes","tag-samora-correia","tag-santo-estevao","tag-semana-gastronomica","tag-turismo"],"_links":{"self":[{"href":"https:\/\/www.cm-benavente.pt\/index.php\/wp-json\/wp\/v2\/posts\/70867","targetHints":{"allow":["GET"]}}],"collection":[{"href":"https:\/\/www.cm-benavente.pt\/index.php\/wp-json\/wp\/v2\/posts"}],"about":[{"href":"https:\/\/www.cm-benavente.pt\/index.php\/wp-json\/wp\/v2\/types\/post"}],"author":[{"embeddable":true,"href":"https:\/\/www.cm-benavente.pt\/index.php\/wp-json\/wp\/v2\/users\/3"}],"replies":[{"embeddable":true,"href":"https:\/\/www.cm-benavente.pt\/index.php\/wp-json\/wp\/v2\/comments?post=70867"}],"version-history":[{"count":4,"href":"https:\/\/www.cm-benavente.pt\/index.php\/wp-json\/wp\/v2\/posts\/70867\/revisions"}],"predecessor-version":[{"id":70908,"href":"https:\/\/www.cm-benavente.pt\/index.php\/wp-json\/wp\/v2\/posts\/70867\/revisions\/70908"}],"wp:featuredmedia":[{"embeddable":true,"href":"https:\/\/www.cm-benavente.pt\/index.php\/wp-json\/wp\/v2\/media\/70868"}],"wp:attachment":[{"href":"https:\/\/www.cm-benavente.pt\/index.php\/wp-json\/wp\/v2\/media?parent=70867"}],"wp:term":[{"taxonomy":"category","embeddable":true,"href":"https:\/\/www.cm-benavente.pt\/index.php\/wp-json\/wp\/v2\/categories?post=70867"},{"taxonomy":"post_tag","embeddable":true,"href":"https:\/\/www.cm-benavente.pt\/index.php\/wp-json\/wp\/v2\/tags?post=70867"}],"curies":[{"name":"wp","href":"https:\/\/api.w.org\/{rel}","templated":true}]}}