{"id":70846,"date":"2025-04-09T11:16:10","date_gmt":"2025-04-09T11:16:10","guid":{"rendered":"https:\/\/www.cm-benavente.pt\/?p=70846"},"modified":"2025-04-09T11:16:31","modified_gmt":"2025-04-09T11:16:31","slug":"colocacao-de-150-armadilhas-para-a-vespa-velutina-asiatica","status":"publish","type":"post","link":"https:\/\/www.cm-benavente.pt\/index.php\/2025\/04\/09\/colocacao-de-150-armadilhas-para-a-vespa-velutina-asiatica\/","title":{"rendered":"Coloca\u00e7\u00e3o de 150 armadilhas para a Vespa Velutina (Asi\u00e1tica)"},"content":{"rendered":"\t\t<div data-elementor-type=\"wp-post\" data-elementor-id=\"70846\" class=\"elementor elementor-70846\" data-elementor-post-type=\"post\">\n\t\t\t\t<div class=\"elementor-element elementor-element-8298c75 e-flex e-con-boxed e-con e-parent\" data-id=\"8298c75\" data-element_type=\"container\" data-e-type=\"container\" data-settings=\"{&quot;tmea_shape_divider_top&quot;:&quot;none&quot;,&quot;tmea_shape_divider_bottom&quot;:&quot;none&quot;}\">\n\t\t\t\t\t<div class=\"e-con-inner\">\n\t\t\n\t\t<div class=\"elementor-element elementor-element-e82da60 elementor-widget elementor-widget-text-editor\" data-id=\"e82da60\" data-element_type=\"widget\" data-e-type=\"widget\" data-widget_type=\"text-editor.default\">\n\t\t\t\t<div class=\"elementor-widget-container\">\n\t\t\t\t\t\t\t\t\t<p><strong>Um Passo Importante para a Prote\u00e7\u00e3o do Nosso Ecossistema. <\/strong>Para combater a amea\u00e7a da vespa velutina, os <strong>Servi\u00e7os Urbanos da<\/strong> <strong>C\u00e2mara Municipal de Benavente<\/strong> iniciaram a coloca\u00e7\u00e3o de <strong>150 armadilhas seletivas<\/strong> em diversos pontos do concelho. Estas armadilhas t\u00eam como objetivo capturar as vespas fundadoras durante a primavera \u2013 a fase mais eficaz para conter o alastramento da col\u00f3nia antes que estas comecem a reproduzir-se.<\/p><p>A vespa velutina, tamb\u00e9m conhecida como vespa asi\u00e1tica, \u00e9 uma esp\u00e9cie invasora que representa uma grave amea\u00e7a \u00e0 biodiversidade, \u00e0 apicultura e at\u00e9 \u00e0 seguran\u00e7a das popula\u00e7\u00f5es. Com um apetite voraz por abelhas, essenciais para a poliniza\u00e7\u00e3o das culturas agr\u00edcolas, a presen\u00e7a desta esp\u00e9cie pode ter efeitos devastadores no equil\u00edbrio ambiental e na economia local.<\/p><p>As vantagens desta a\u00e7\u00e3o s\u00e3o claras:<\/p><ul><li><strong>Redu\u00e7\u00e3o do n\u00famero de ninhos<\/strong> de vespa velutina;<\/li><li><strong>Prote\u00e7\u00e3o das abelhas aut\u00f3ctones<\/strong> e da atividade ap\u00edcola;<\/li><li><strong>Menor risco para as popula\u00e7\u00f5es<\/strong>, especialmente em zonas urbanas e rurais onde os ninhos possam representar perigo;<\/li><li><strong>Preserva\u00e7\u00e3o do equil\u00edbrio ecol\u00f3gico<\/strong>, ao controlar a presen\u00e7a de uma esp\u00e9cie n\u00e3o nativa e prejudicial.<\/li><\/ul><p>\u00a0<\/p><p>Esta iniciativa refor\u00e7a o compromisso da autarquia com a <strong>sustentabilidade ambiental<\/strong> e a <strong>seguran\u00e7a dos mun\u00edcipes<\/strong>. A colabora\u00e7\u00e3o da popula\u00e7\u00e3o tamb\u00e9m \u00e9 fundamental \u2013 caso detete um ninho de vespa velutina, contacte os servi\u00e7os municipais e nunca tente remov\u00ea-lo por conta pr\u00f3pria.<\/p>\t\t\t\t\t\t\t\t<\/div>\n\t\t\t\t<\/div>\n\t\t\t\t<div class=\"elementor-element elementor-element-04275a0 elementor-widget elementor-widget-gallery\" data-id=\"04275a0\" data-element_type=\"widget\" data-e-type=\"widget\" data-settings=\"{&quot;columns&quot;:6,&quot;lazyload&quot;:&quot;yes&quot;,&quot;gallery_layout&quot;:&quot;grid&quot;,&quot;columns_tablet&quot;:2,&quot;columns_mobile&quot;:1,&quot;gap&quot;:{&quot;unit&quot;:&quot;px&quot;,&quot;size&quot;:10,&quot;sizes&quot;:[]},&quot;gap_widescreen&quot;:{&quot;unit&quot;:&quot;px&quot;,&quot;size&quot;:&quot;&quot;,&quot;sizes&quot;:[]},&quot;gap_laptop&quot;:{&quot;unit&quot;:&quot;px&quot;,&quot;size&quot;:10,&quot;sizes&quot;:[]},&quot;gap_tablet_extra&quot;:{&quot;unit&quot;:&quot;px&quot;,&quot;size&quot;:10,&quot;sizes&quot;:[]},&quot;gap_tablet&quot;:{&quot;unit&quot;:&quot;px&quot;,&quot;size&quot;:10,&quot;sizes&quot;:[]},&quot;gap_mobile_extra&quot;:{&quot;unit&quot;:&quot;px&quot;,&quot;size&quot;:10,&quot;sizes&quot;:[]},&quot;gap_mobile&quot;:{&quot;unit&quot;:&quot;px&quot;,&quot;size&quot;:10,&quot;sizes&quot;:[]},&quot;link_to&quot;:&quot;file&quot;,&quot;aspect_ratio&quot;:&quot;3:2&quot;,&quot;overlay_background&quot;:&quot;yes&quot;,&quot;content_hover_animation&quot;:&quot;fade-in&quot;}\" data-widget_type=\"gallery.default\">\n\t\t\t\t<div class=\"elementor-widget-container\">\n\t\t\t\t\t\t\t<div class=\"elementor-gallery__container\">\n\t\t\t\t\t\t\t<a class=\"e-gallery-item elementor-gallery-item elementor-animated-content\" href=\"https:\/\/www.cm-benavente.pt\/wp-content\/uploads\/2025\/04\/armadilhas-vespas-asiaticas-1.jpg\" data-elementor-open-lightbox=\"yes\" data-elementor-lightbox-slideshow=\"04275a0\" data-elementor-lightbox-title=\"armadilhas vespas asi\u00e1ticas (1)\" data-e-action-hash=\"#elementor-action%3Aaction%3Dlightbox%26settings%3DeyJpZCI6NzA4NDksInVybCI6Imh0dHBzOlwvXC93d3cuY20tYmVuYXZlbnRlLnB0XC93cC1jb250ZW50XC91cGxvYWRzXC8yMDI1XC8wNFwvYXJtYWRpbGhhcy12ZXNwYXMtYXNpYXRpY2FzLTEuanBnIiwic2xpZGVzaG93IjoiMDQyNzVhMCJ9\">\n\t\t\t\t\t<div class=\"e-gallery-image elementor-gallery-item__image\" data-thumbnail=\"https:\/\/www.cm-benavente.pt\/wp-content\/uploads\/2025\/04\/armadilhas-vespas-asiaticas-1-1024x662.jpg\" data-width=\"800\" data-height=\"517\" aria-label=\"\" role=\"img\" ><\/div>\n\t\t\t\t\t\t\t\t\t\t\t<div class=\"elementor-gallery-item__overlay\"><\/div>\n\t\t\t\t\t\t\t\t\t\t\t\t\t\t<\/a>\n\t\t\t\t\t\t\t<a class=\"e-gallery-item elementor-gallery-item elementor-animated-content\" href=\"https:\/\/www.cm-benavente.pt\/wp-content\/uploads\/2025\/04\/armadilhas-vespas-asiaticas-2.jpg\" data-elementor-open-lightbox=\"yes\" data-elementor-lightbox-slideshow=\"04275a0\" data-elementor-lightbox-title=\"armadilhas vespas asi\u00e1ticas (2)\" data-e-action-hash=\"#elementor-action%3Aaction%3Dlightbox%26settings%3DeyJpZCI6NzA4NTAsInVybCI6Imh0dHBzOlwvXC93d3cuY20tYmVuYXZlbnRlLnB0XC93cC1jb250ZW50XC91cGxvYWRzXC8yMDI1XC8wNFwvYXJtYWRpbGhhcy12ZXNwYXMtYXNpYXRpY2FzLTIuanBnIiwic2xpZGVzaG93IjoiMDQyNzVhMCJ9\">\n\t\t\t\t\t<div class=\"e-gallery-image elementor-gallery-item__image\" data-thumbnail=\"https:\/\/www.cm-benavente.pt\/wp-content\/uploads\/2025\/04\/armadilhas-vespas-asiaticas-2-1024x593.jpg\" data-width=\"800\" data-height=\"463\" aria-label=\"\" role=\"img\" ><\/div>\n\t\t\t\t\t\t\t\t\t\t\t<div class=\"elementor-gallery-item__overlay\"><\/div>\n\t\t\t\t\t\t\t\t\t\t\t\t\t\t<\/a>\n\t\t\t\t\t\t\t<a class=\"e-gallery-item elementor-gallery-item elementor-animated-content\" href=\"https:\/\/www.cm-benavente.pt\/wp-content\/uploads\/2025\/04\/armadilhas-vespas-asiaticas-3.jpg\" data-elementor-open-lightbox=\"yes\" data-elementor-lightbox-slideshow=\"04275a0\" data-elementor-lightbox-title=\"armadilhas vespas asi\u00e1ticas (3)\" data-e-action-hash=\"#elementor-action%3Aaction%3Dlightbox%26settings%3DeyJpZCI6NzA4NTEsInVybCI6Imh0dHBzOlwvXC93d3cuY20tYmVuYXZlbnRlLnB0XC93cC1jb250ZW50XC91cGxvYWRzXC8yMDI1XC8wNFwvYXJtYWRpbGhhcy12ZXNwYXMtYXNpYXRpY2FzLTMuanBnIiwic2xpZGVzaG93IjoiMDQyNzVhMCJ9\">\n\t\t\t\t\t<div class=\"e-gallery-image elementor-gallery-item__image\" data-thumbnail=\"https:\/\/www.cm-benavente.pt\/wp-content\/uploads\/2025\/04\/armadilhas-vespas-asiaticas-3-1024x683.jpg\" data-width=\"800\" data-height=\"534\" aria-label=\"\" role=\"img\" ><\/div>\n\t\t\t\t\t\t\t\t\t\t\t<div class=\"elementor-gallery-item__overlay\"><\/div>\n\t\t\t\t\t\t\t\t\t\t\t\t\t\t<\/a>\n\t\t\t\t\t\t\t<a class=\"e-gallery-item elementor-gallery-item elementor-animated-content\" href=\"https:\/\/www.cm-benavente.pt\/wp-content\/uploads\/2025\/04\/armadilhas-vespas-asiaticas-4.jpg\" data-elementor-open-lightbox=\"yes\" data-elementor-lightbox-slideshow=\"04275a0\" data-elementor-lightbox-title=\"armadilhas vespas asi\u00e1ticas (4)\" data-e-action-hash=\"#elementor-action%3Aaction%3Dlightbox%26settings%3DeyJpZCI6NzA4NTIsInVybCI6Imh0dHBzOlwvXC93d3cuY20tYmVuYXZlbnRlLnB0XC93cC1jb250ZW50XC91cGxvYWRzXC8yMDI1XC8wNFwvYXJtYWRpbGhhcy12ZXNwYXMtYXNpYXRpY2FzLTQuanBnIiwic2xpZGVzaG93IjoiMDQyNzVhMCJ9\">\n\t\t\t\t\t<div class=\"e-gallery-image elementor-gallery-item__image\" data-thumbnail=\"https:\/\/www.cm-benavente.pt\/wp-content\/uploads\/2025\/04\/armadilhas-vespas-asiaticas-4-1024x667.jpg\" data-width=\"800\" data-height=\"521\" aria-label=\"\" role=\"img\" ><\/div>\n\t\t\t\t\t\t\t\t\t\t\t<div class=\"elementor-gallery-item__overlay\"><\/div>\n\t\t\t\t\t\t\t\t\t\t\t\t\t\t<\/a>\n\t\t\t\t\t\t\t<a class=\"e-gallery-item elementor-gallery-item elementor-animated-content\" href=\"https:\/\/www.cm-benavente.pt\/wp-content\/uploads\/2025\/04\/armadilhas-vespas-asiaticas-5-scaled.jpg\" data-elementor-open-lightbox=\"yes\" data-elementor-lightbox-slideshow=\"04275a0\" data-elementor-lightbox-title=\"armadilhas vespas asi\u00e1ticas (5)\" data-e-action-hash=\"#elementor-action%3Aaction%3Dlightbox%26settings%3DeyJpZCI6NzA4NTMsInVybCI6Imh0dHBzOlwvXC93d3cuY20tYmVuYXZlbnRlLnB0XC93cC1jb250ZW50XC91cGxvYWRzXC8yMDI1XC8wNFwvYXJtYWRpbGhhcy12ZXNwYXMtYXNpYXRpY2FzLTUtc2NhbGVkLmpwZyIsInNsaWRlc2hvdyI6IjA0Mjc1YTAifQ%3D%3D\">\n\t\t\t\t\t<div class=\"e-gallery-image elementor-gallery-item__image\" data-thumbnail=\"https:\/\/www.cm-benavente.pt\/wp-content\/uploads\/2025\/04\/armadilhas-vespas-asiaticas-5-1024x584.jpg\" data-width=\"800\" data-height=\"456\" aria-label=\"\" role=\"img\" ><\/div>\n\t\t\t\t\t\t\t\t\t\t\t<div class=\"elementor-gallery-item__overlay\"><\/div>\n\t\t\t\t\t\t\t\t\t\t\t\t\t\t<\/a>\n\t\t\t\t\t\t\t<a class=\"e-gallery-item elementor-gallery-item elementor-animated-content\" href=\"https:\/\/www.cm-benavente.pt\/wp-content\/uploads\/2025\/04\/armadilhas-vespas-asiaticas-6.jpg\" data-elementor-open-lightbox=\"yes\" data-elementor-lightbox-slideshow=\"04275a0\" data-elementor-lightbox-title=\"armadilhas vespas asi\u00e1ticas (6)\" data-e-action-hash=\"#elementor-action%3Aaction%3Dlightbox%26settings%3DeyJpZCI6NzA4NTQsInVybCI6Imh0dHBzOlwvXC93d3cuY20tYmVuYXZlbnRlLnB0XC93cC1jb250ZW50XC91cGxvYWRzXC8yMDI1XC8wNFwvYXJtYWRpbGhhcy12ZXNwYXMtYXNpYXRpY2FzLTYuanBnIiwic2xpZGVzaG93IjoiMDQyNzVhMCJ9\">\n\t\t\t\t\t<div class=\"e-gallery-image elementor-gallery-item__image\" data-thumbnail=\"https:\/\/www.cm-benavente.pt\/wp-content\/uploads\/2025\/04\/armadilhas-vespas-asiaticas-6-576x1024.jpg\" data-width=\"576\" data-height=\"1024\" aria-label=\"\" role=\"img\" ><\/div>\n\t\t\t\t\t\t\t\t\t\t\t<div class=\"elementor-gallery-item__overlay\"><\/div>\n\t\t\t\t\t\t\t\t\t\t\t\t\t\t<\/a>\n\t\t\t\t\t\t\t<a class=\"e-gallery-item elementor-gallery-item elementor-animated-content\" href=\"https:\/\/www.cm-benavente.pt\/wp-content\/uploads\/2025\/04\/armadilhas-vespas-asiaticas-7.jpg\" data-elementor-open-lightbox=\"yes\" data-elementor-lightbox-slideshow=\"04275a0\" data-elementor-lightbox-title=\"armadilhas vespas asi\u00e1ticas (7)\" data-e-action-hash=\"#elementor-action%3Aaction%3Dlightbox%26settings%3DeyJpZCI6NzA4NTUsInVybCI6Imh0dHBzOlwvXC93d3cuY20tYmVuYXZlbnRlLnB0XC93cC1jb250ZW50XC91cGxvYWRzXC8yMDI1XC8wNFwvYXJtYWRpbGhhcy12ZXNwYXMtYXNpYXRpY2FzLTcuanBnIiwic2xpZGVzaG93IjoiMDQyNzVhMCJ9\">\n\t\t\t\t\t<div class=\"e-gallery-image elementor-gallery-item__image\" data-thumbnail=\"https:\/\/www.cm-benavente.pt\/wp-content\/uploads\/2025\/04\/armadilhas-vespas-asiaticas-7-576x1024.jpg\" data-width=\"576\" data-height=\"1024\" aria-label=\"\" role=\"img\" ><\/div>\n\t\t\t\t\t\t\t\t\t\t\t<div class=\"elementor-gallery-item__overlay\"><\/div>\n\t\t\t\t\t\t\t\t\t\t\t\t\t\t<\/a>\n\t\t\t\t\t\t\t<a class=\"e-gallery-item elementor-gallery-item elementor-animated-content\" href=\"https:\/\/www.cm-benavente.pt\/wp-content\/uploads\/2025\/04\/armadilhas-vespas-asiaticas-8.jpg\" data-elementor-open-lightbox=\"yes\" data-elementor-lightbox-slideshow=\"04275a0\" data-elementor-lightbox-title=\"armadilhas vespas asi\u00e1ticas (8)\" data-e-action-hash=\"#elementor-action%3Aaction%3Dlightbox%26settings%3DeyJpZCI6NzA4NTYsInVybCI6Imh0dHBzOlwvXC93d3cuY20tYmVuYXZlbnRlLnB0XC93cC1jb250ZW50XC91cGxvYWRzXC8yMDI1XC8wNFwvYXJtYWRpbGhhcy12ZXNwYXMtYXNpYXRpY2FzLTguanBnIiwic2xpZGVzaG93IjoiMDQyNzVhMCJ9\">\n\t\t\t\t\t<div class=\"e-gallery-image elementor-gallery-item__image\" data-thumbnail=\"https:\/\/www.cm-benavente.pt\/wp-content\/uploads\/2025\/04\/armadilhas-vespas-asiaticas-8-1024x683.jpg\" data-width=\"800\" data-height=\"534\" aria-label=\"\" role=\"img\" ><\/div>\n\t\t\t\t\t\t\t\t\t\t\t<div class=\"elementor-gallery-item__overlay\"><\/div>\n\t\t\t\t\t\t\t\t\t\t\t\t\t\t<\/a>\n\t\t\t\t\t\t\t<a class=\"e-gallery-item elementor-gallery-item elementor-animated-content\" href=\"https:\/\/www.cm-benavente.pt\/wp-content\/uploads\/2025\/04\/armadilhas-vespas-asiaticas-9.jpg\" data-elementor-open-lightbox=\"yes\" data-elementor-lightbox-slideshow=\"04275a0\" data-elementor-lightbox-title=\"armadilhas vespas asi\u00e1ticas (9)\" data-e-action-hash=\"#elementor-action%3Aaction%3Dlightbox%26settings%3DeyJpZCI6NzA4NTcsInVybCI6Imh0dHBzOlwvXC93d3cuY20tYmVuYXZlbnRlLnB0XC93cC1jb250ZW50XC91cGxvYWRzXC8yMDI1XC8wNFwvYXJtYWRpbGhhcy12ZXNwYXMtYXNpYXRpY2FzLTkuanBnIiwic2xpZGVzaG93IjoiMDQyNzVhMCJ9\">\n\t\t\t\t\t<div class=\"e-gallery-image elementor-gallery-item__image\" data-thumbnail=\"https:\/\/www.cm-benavente.pt\/wp-content\/uploads\/2025\/04\/armadilhas-vespas-asiaticas-9-1024x627.jpg\" data-width=\"800\" data-height=\"490\" aria-label=\"\" role=\"img\" ><\/div>\n\t\t\t\t\t\t\t\t\t\t\t<div class=\"elementor-gallery-item__overlay\"><\/div>\n\t\t\t\t\t\t\t\t\t\t\t\t\t\t<\/a>\n\t\t\t\t\t\t\t<a class=\"e-gallery-item elementor-gallery-item elementor-animated-content\" href=\"https:\/\/www.cm-benavente.pt\/wp-content\/uploads\/2025\/04\/armadilhas-vespas-asiaticas-10.jpg\" data-elementor-open-lightbox=\"yes\" data-elementor-lightbox-slideshow=\"04275a0\" data-elementor-lightbox-title=\"armadilhas vespas asi\u00e1ticas (10)\" data-e-action-hash=\"#elementor-action%3Aaction%3Dlightbox%26settings%3DeyJpZCI6NzA4NTgsInVybCI6Imh0dHBzOlwvXC93d3cuY20tYmVuYXZlbnRlLnB0XC93cC1jb250ZW50XC91cGxvYWRzXC8yMDI1XC8wNFwvYXJtYWRpbGhhcy12ZXNwYXMtYXNpYXRpY2FzLTEwLmpwZyIsInNsaWRlc2hvdyI6IjA0Mjc1YTAifQ%3D%3D\">\n\t\t\t\t\t<div class=\"e-gallery-image elementor-gallery-item__image\" data-thumbnail=\"https:\/\/www.cm-benavente.pt\/wp-content\/uploads\/2025\/04\/armadilhas-vespas-asiaticas-10-1024x615.jpg\" data-width=\"800\" data-height=\"480\" aria-label=\"\" role=\"img\" ><\/div>\n\t\t\t\t\t\t\t\t\t\t\t<div class=\"elementor-gallery-item__overlay\"><\/div>\n\t\t\t\t\t\t\t\t\t\t\t\t\t\t<\/a>\n\t\t\t\t\t\t\t<a class=\"e-gallery-item elementor-gallery-item elementor-animated-content\" href=\"https:\/\/www.cm-benavente.pt\/wp-content\/uploads\/2025\/04\/armadilhas-vespas-asiaticas-11.jpg\" data-elementor-open-lightbox=\"yes\" data-elementor-lightbox-slideshow=\"04275a0\" data-elementor-lightbox-title=\"armadilhas vespas asi\u00e1ticas (11)\" data-e-action-hash=\"#elementor-action%3Aaction%3Dlightbox%26settings%3DeyJpZCI6NzA4NTksInVybCI6Imh0dHBzOlwvXC93d3cuY20tYmVuYXZlbnRlLnB0XC93cC1jb250ZW50XC91cGxvYWRzXC8yMDI1XC8wNFwvYXJtYWRpbGhhcy12ZXNwYXMtYXNpYXRpY2FzLTExLmpwZyIsInNsaWRlc2hvdyI6IjA0Mjc1YTAifQ%3D%3D\">\n\t\t\t\t\t<div class=\"e-gallery-image elementor-gallery-item__image\" data-thumbnail=\"https:\/\/www.cm-benavente.pt\/wp-content\/uploads\/2025\/04\/armadilhas-vespas-asiaticas-11-1024x564.jpg\" data-width=\"800\" data-height=\"441\" aria-label=\"\" role=\"img\" ><\/div>\n\t\t\t\t\t\t\t\t\t\t\t<div class=\"elementor-gallery-item__overlay\"><\/div>\n\t\t\t\t\t\t\t\t\t\t\t\t\t\t<\/a>\n\t\t\t\t\t<\/div>\n\t\t\t\t\t<\/div>\n\t\t\t\t<\/div>\n\t\t\t\t\t<\/div>\n\t\t\t\t<\/div>\n\t\t\t\t<\/div>\n\t\t","protected":false},"excerpt":{"rendered":"<p>Um Passo Importante para a Prote\u00e7\u00e3o do Nosso Ecossistema. Para combater a amea\u00e7a da vespa velutina, os Servi\u00e7os Urbanos da C\u00e2mara Municipal de Benavente iniciaram a coloca\u00e7\u00e3o de 150 armadilhas seletivas em diversos pontos do concelho.<\/p>\n","protected":false},"author":3,"featured_media":70847,"comment_status":"closed","ping_status":"closed","sticky":false,"template":"","format":"standard","meta":{"_vp_format_video_url":"","_vp_image_focal_point":[],"footnotes":""},"categories":[527,545,518],"tags":[32,2819,185,16,479,27,13,1742,1080],"class_list":["post-70846","post","type-post","status-publish","format-standard","has-post-thumbnail","hentry","category-ambiente","category-informacao","category-municipio","tag-ambiente","tag-armadilhas","tag-barrosa","tag-benavente","tag-municipio-de-benavente","tag-samora-correia","tag-santo-estevao","tag-velutina","tag-vespa"],"_links":{"self":[{"href":"https:\/\/www.cm-benavente.pt\/index.php\/wp-json\/wp\/v2\/posts\/70846","targetHints":{"allow":["GET"]}}],"collection":[{"href":"https:\/\/www.cm-benavente.pt\/index.php\/wp-json\/wp\/v2\/posts"}],"about":[{"href":"https:\/\/www.cm-benavente.pt\/index.php\/wp-json\/wp\/v2\/types\/post"}],"author":[{"embeddable":true,"href":"https:\/\/www.cm-benavente.pt\/index.php\/wp-json\/wp\/v2\/users\/3"}],"replies":[{"embeddable":true,"href":"https:\/\/www.cm-benavente.pt\/index.php\/wp-json\/wp\/v2\/comments?post=70846"}],"version-history":[{"count":4,"href":"https:\/\/www.cm-benavente.pt\/index.php\/wp-json\/wp\/v2\/posts\/70846\/revisions"}],"predecessor-version":[{"id":70862,"href":"https:\/\/www.cm-benavente.pt\/index.php\/wp-json\/wp\/v2\/posts\/70846\/revisions\/70862"}],"wp:featuredmedia":[{"embeddable":true,"href":"https:\/\/www.cm-benavente.pt\/index.php\/wp-json\/wp\/v2\/media\/70847"}],"wp:attachment":[{"href":"https:\/\/www.cm-benavente.pt\/index.php\/wp-json\/wp\/v2\/media?parent=70846"}],"wp:term":[{"taxonomy":"category","embeddable":true,"href":"https:\/\/www.cm-benavente.pt\/index.php\/wp-json\/wp\/v2\/categories?post=70846"},{"taxonomy":"post_tag","embeddable":true,"href":"https:\/\/www.cm-benavente.pt\/index.php\/wp-json\/wp\/v2\/tags?post=70846"}],"curies":[{"name":"wp","href":"https:\/\/api.w.org\/{rel}","templated":true}]}}