{"id":70746,"date":"2025-04-08T15:52:16","date_gmt":"2025-04-08T15:52:16","guid":{"rendered":"https:\/\/www.cm-benavente.pt\/?p=70746"},"modified":"2025-04-08T15:55:15","modified_gmt":"2025-04-08T15:55:15","slug":"esta-em-curso-a-1a-semana-gastronomica-do-municipio-de-benavente","status":"publish","type":"post","link":"https:\/\/www.cm-benavente.pt\/index.php\/2025\/04\/08\/esta-em-curso-a-1a-semana-gastronomica-do-municipio-de-benavente\/","title":{"rendered":"Est\u00e1 em curso a 1\u00aa Semana Gastron\u00f3mica do Munic\u00edpio de Benavente"},"content":{"rendered":"\t\t<div data-elementor-type=\"wp-post\" data-elementor-id=\"70746\" class=\"elementor elementor-70746\" data-elementor-post-type=\"post\">\n\t\t\t\t<div class=\"elementor-element elementor-element-bbc2d3c e-flex e-con-boxed e-con e-parent\" data-id=\"bbc2d3c\" data-element_type=\"container\" data-e-type=\"container\" data-settings=\"{&quot;tmea_shape_divider_top&quot;:&quot;none&quot;,&quot;tmea_shape_divider_bottom&quot;:&quot;none&quot;}\">\n\t\t\t\t\t<div class=\"e-con-inner\">\n\t\t\n\t\t<div class=\"elementor-element elementor-element-1f2a0f8 elementor-widget elementor-widget-text-editor\" data-id=\"1f2a0f8\" data-element_type=\"widget\" data-e-type=\"widget\" data-widget_type=\"text-editor.default\">\n\t\t\t\t<div class=\"elementor-widget-container\">\n\t\t\t\t\t\t\t\t\t<p><strong>GANHE UM KIT EXCLUSIVO DO FESTIVAL DO ARROZ CAROLINO!<\/strong><\/p><p>O Posto de Turismo M\u00f3vel tem percorrido os restaurantes aderentes ao Arroz Carolino das Lez\u00edrias Ribatejanas nesta 1\u00aa Semana Gastron\u00f3mica. A promo\u00e7\u00e3o do nosso Festival, dias 16,17 e 18 de maio em Samora Correia, e as demais ofertas de interesse tur\u00edstico tem sido um trabalho muito compensador para o Turismo de Benavente.<\/p><p>Se \u00e9 amante de boa comida, tradi\u00e7\u00e3o e arroz com hist\u00f3ria\u2026 ent\u00e3o este convite \u00e9 para si! Participe na 1\u00aa Semana Gastron\u00f3mica do Munic\u00edpio de Benavente \u2013 Festival do Arroz Carolino Dentro de Portas.<\/p><p><strong>At\u00e9 dia 13 de abril<\/strong>\u00a0v\u00e1 aos restaurantes aderentes do concelho de Benavente provar as iguarias confecionadas com o maravilhoso carolino: O Miradouro; \u00a0C`Alma; Boa Viagem; \u00c0 Lagard\u00e9re; O Lagar; Chico do Porto; A Coudelaria; A Torre; O Gasolinas; Terrace Lounge; Santo Gula.<\/p><p>Durante a\u00a0<strong>1\u00aa Semana Gastron\u00f3mica do Festival do Arroz Carolino das Lez\u00edrias Ribatejanas<\/strong>, tem a oportunidade de se habilitar a um dos\u00a0<strong>exclusivos Kits Festival<\/strong>, com oferta di\u00e1ria aos primeiros 10 participantes!<\/p><p><strong>Saiba como funciona em <a href=\"https:\/\/festivaldoarrozcarolino.pt\/ganhe-um-kit-arroz-carolino\/\" target=\"_blank\" rel=\"noopener\">https:\/\/festivaldoarrozcarolino.pt\/ganhe-um-kit-arroz-carolino\/<\/a><\/strong><\/p><p><strong>S\u00e3o 11 restaurantes a servir, todos os dias, pratos \u00fanicos com Arroz Carolino<\/strong>:<br \/>Carolino de Rabo de Boi, Galinha de Cabidela, Polvo, Enchidos, Cogumelos, o irresist\u00edvel\u00a0<strong>Carolino Doce\u2026 e muito mais!<\/strong><\/p><p><strong>Participar \u00e9 simples, ganhar \u00e9 delicioso!<\/strong><\/p><p><strong>Organiza\u00e7\u00e3o:<\/strong> C\u00e2mara Municipal de Benavente<\/p>\t\t\t\t\t\t\t\t<\/div>\n\t\t\t\t<\/div>\n\t\t\t\t<div class=\"elementor-element elementor-element-21882f6 elementor-widget elementor-widget-gallery\" data-id=\"21882f6\" data-element_type=\"widget\" data-e-type=\"widget\" data-settings=\"{&quot;columns&quot;:7,&quot;lazyload&quot;:&quot;yes&quot;,&quot;gallery_layout&quot;:&quot;grid&quot;,&quot;columns_tablet&quot;:2,&quot;columns_mobile&quot;:1,&quot;gap&quot;:{&quot;unit&quot;:&quot;px&quot;,&quot;size&quot;:10,&quot;sizes&quot;:[]},&quot;gap_widescreen&quot;:{&quot;unit&quot;:&quot;px&quot;,&quot;size&quot;:&quot;&quot;,&quot;sizes&quot;:[]},&quot;gap_laptop&quot;:{&quot;unit&quot;:&quot;px&quot;,&quot;size&quot;:10,&quot;sizes&quot;:[]},&quot;gap_tablet_extra&quot;:{&quot;unit&quot;:&quot;px&quot;,&quot;size&quot;:10,&quot;sizes&quot;:[]},&quot;gap_tablet&quot;:{&quot;unit&quot;:&quot;px&quot;,&quot;size&quot;:10,&quot;sizes&quot;:[]},&quot;gap_mobile_extra&quot;:{&quot;unit&quot;:&quot;px&quot;,&quot;size&quot;:10,&quot;sizes&quot;:[]},&quot;gap_mobile&quot;:{&quot;unit&quot;:&quot;px&quot;,&quot;size&quot;:10,&quot;sizes&quot;:[]},&quot;link_to&quot;:&quot;file&quot;,&quot;aspect_ratio&quot;:&quot;3:2&quot;,&quot;overlay_background&quot;:&quot;yes&quot;,&quot;content_hover_animation&quot;:&quot;fade-in&quot;}\" data-widget_type=\"gallery.default\">\n\t\t\t\t<div class=\"elementor-widget-container\">\n\t\t\t\t\t\t\t<div class=\"elementor-gallery__container\">\n\t\t\t\t\t\t\t<a class=\"e-gallery-item elementor-gallery-item elementor-animated-content\" href=\"https:\/\/www.cm-benavente.pt\/wp-content\/uploads\/2025\/04\/1a-semana-gastronomica-festival-arroz-carolino-restaurantes-aderentes-benavente-1-scaled.jpg\" data-elementor-open-lightbox=\"yes\" data-elementor-lightbox-slideshow=\"21882f6\" data-elementor-lightbox-title=\"1a semana gastron\u00f3mica festival arroz carolino restaurantes aderentes benavente (1)\" data-e-action-hash=\"#elementor-action%3Aaction%3Dlightbox%26settings%3DeyJpZCI6NzA3NDksInVybCI6Imh0dHBzOlwvXC93d3cuY20tYmVuYXZlbnRlLnB0XC93cC1jb250ZW50XC91cGxvYWRzXC8yMDI1XC8wNFwvMWEtc2VtYW5hLWdhc3Ryb25vbWljYS1mZXN0aXZhbC1hcnJvei1jYXJvbGluby1yZXN0YXVyYW50ZXMtYWRlcmVudGVzLWJlbmF2ZW50ZS0xLXNjYWxlZC5qcGciLCJzbGlkZXNob3ciOiIyMTg4MmY2In0%3D\">\n\t\t\t\t\t<div class=\"e-gallery-image elementor-gallery-item__image\" data-thumbnail=\"https:\/\/www.cm-benavente.pt\/wp-content\/uploads\/2025\/04\/1a-semana-gastronomica-festival-arroz-carolino-restaurantes-aderentes-benavente-1-1024x626.jpg\" data-width=\"800\" data-height=\"489\" aria-label=\"\" role=\"img\" ><\/div>\n\t\t\t\t\t\t\t\t\t\t\t<div class=\"elementor-gallery-item__overlay\"><\/div>\n\t\t\t\t\t\t\t\t\t\t\t\t\t\t<\/a>\n\t\t\t\t\t\t\t<a class=\"e-gallery-item elementor-gallery-item elementor-animated-content\" href=\"https:\/\/www.cm-benavente.pt\/wp-content\/uploads\/2025\/04\/1a-semana-gastronomica-festival-arroz-carolino-restaurantes-aderentes-benavente-2-scaled.jpg\" data-elementor-open-lightbox=\"yes\" data-elementor-lightbox-slideshow=\"21882f6\" data-elementor-lightbox-title=\"1a semana gastron\u00f3mica festival arroz carolino restaurantes aderentes benavente (2)\" data-e-action-hash=\"#elementor-action%3Aaction%3Dlightbox%26settings%3DeyJpZCI6NzA3NTAsInVybCI6Imh0dHBzOlwvXC93d3cuY20tYmVuYXZlbnRlLnB0XC93cC1jb250ZW50XC91cGxvYWRzXC8yMDI1XC8wNFwvMWEtc2VtYW5hLWdhc3Ryb25vbWljYS1mZXN0aXZhbC1hcnJvei1jYXJvbGluby1yZXN0YXVyYW50ZXMtYWRlcmVudGVzLWJlbmF2ZW50ZS0yLXNjYWxlZC5qcGciLCJzbGlkZXNob3ciOiIyMTg4MmY2In0%3D\">\n\t\t\t\t\t<div class=\"e-gallery-image elementor-gallery-item__image\" data-thumbnail=\"https:\/\/www.cm-benavente.pt\/wp-content\/uploads\/2025\/04\/1a-semana-gastronomica-festival-arroz-carolino-restaurantes-aderentes-benavente-2-1024x605.jpg\" data-width=\"800\" data-height=\"473\" aria-label=\"\" role=\"img\" ><\/div>\n\t\t\t\t\t\t\t\t\t\t\t<div class=\"elementor-gallery-item__overlay\"><\/div>\n\t\t\t\t\t\t\t\t\t\t\t\t\t\t<\/a>\n\t\t\t\t\t\t\t<a class=\"e-gallery-item elementor-gallery-item elementor-animated-content\" href=\"https:\/\/www.cm-benavente.pt\/wp-content\/uploads\/2025\/04\/1a-semana-gastronomica-festival-arroz-carolino-restaurantes-aderentes-benavente-3-scaled.jpg\" data-elementor-open-lightbox=\"yes\" data-elementor-lightbox-slideshow=\"21882f6\" data-elementor-lightbox-title=\"1a semana gastron\u00f3mica festival arroz carolino restaurantes aderentes benavente (3)\" data-e-action-hash=\"#elementor-action%3Aaction%3Dlightbox%26settings%3DeyJpZCI6NzA3NTEsInVybCI6Imh0dHBzOlwvXC93d3cuY20tYmVuYXZlbnRlLnB0XC93cC1jb250ZW50XC91cGxvYWRzXC8yMDI1XC8wNFwvMWEtc2VtYW5hLWdhc3Ryb25vbWljYS1mZXN0aXZhbC1hcnJvei1jYXJvbGluby1yZXN0YXVyYW50ZXMtYWRlcmVudGVzLWJlbmF2ZW50ZS0zLXNjYWxlZC5qcGciLCJzbGlkZXNob3ciOiIyMTg4MmY2In0%3D\">\n\t\t\t\t\t<div class=\"e-gallery-image elementor-gallery-item__image\" data-thumbnail=\"https:\/\/www.cm-benavente.pt\/wp-content\/uploads\/2025\/04\/1a-semana-gastronomica-festival-arroz-carolino-restaurantes-aderentes-benavente-3-1024x666.jpg\" data-width=\"800\" data-height=\"520\" aria-label=\"\" role=\"img\" ><\/div>\n\t\t\t\t\t\t\t\t\t\t\t<div class=\"elementor-gallery-item__overlay\"><\/div>\n\t\t\t\t\t\t\t\t\t\t\t\t\t\t<\/a>\n\t\t\t\t\t\t\t<a class=\"e-gallery-item elementor-gallery-item elementor-animated-content\" href=\"https:\/\/www.cm-benavente.pt\/wp-content\/uploads\/2025\/04\/1a-semana-gastronomica-festival-arroz-carolino-restaurantes-aderentes-benavente-4.jpg\" data-elementor-open-lightbox=\"yes\" data-elementor-lightbox-slideshow=\"21882f6\" data-elementor-lightbox-title=\"1a semana gastron\u00f3mica festival arroz carolino restaurantes aderentes benavente (4)\" data-e-action-hash=\"#elementor-action%3Aaction%3Dlightbox%26settings%3DeyJpZCI6NzA3NTIsInVybCI6Imh0dHBzOlwvXC93d3cuY20tYmVuYXZlbnRlLnB0XC93cC1jb250ZW50XC91cGxvYWRzXC8yMDI1XC8wNFwvMWEtc2VtYW5hLWdhc3Ryb25vbWljYS1mZXN0aXZhbC1hcnJvei1jYXJvbGluby1yZXN0YXVyYW50ZXMtYWRlcmVudGVzLWJlbmF2ZW50ZS00LmpwZyIsInNsaWRlc2hvdyI6IjIxODgyZjYifQ%3D%3D\">\n\t\t\t\t\t<div class=\"e-gallery-image elementor-gallery-item__image\" data-thumbnail=\"https:\/\/www.cm-benavente.pt\/wp-content\/uploads\/2025\/04\/1a-semana-gastronomica-festival-arroz-carolino-restaurantes-aderentes-benavente-4-1024x647.jpg\" data-width=\"800\" data-height=\"505\" aria-label=\"\" role=\"img\" ><\/div>\n\t\t\t\t\t\t\t\t\t\t\t<div class=\"elementor-gallery-item__overlay\"><\/div>\n\t\t\t\t\t\t\t\t\t\t\t\t\t\t<\/a>\n\t\t\t\t\t\t\t<a class=\"e-gallery-item elementor-gallery-item elementor-animated-content\" href=\"https:\/\/www.cm-benavente.pt\/wp-content\/uploads\/2025\/04\/1a-semana-gastronomica-festival-arroz-carolino-restaurantes-aderentes-benavente-5.jpg\" data-elementor-open-lightbox=\"yes\" data-elementor-lightbox-slideshow=\"21882f6\" data-elementor-lightbox-title=\"1a semana gastron\u00f3mica festival arroz carolino restaurantes aderentes benavente (5)\" data-e-action-hash=\"#elementor-action%3Aaction%3Dlightbox%26settings%3DeyJpZCI6NzA3NTMsInVybCI6Imh0dHBzOlwvXC93d3cuY20tYmVuYXZlbnRlLnB0XC93cC1jb250ZW50XC91cGxvYWRzXC8yMDI1XC8wNFwvMWEtc2VtYW5hLWdhc3Ryb25vbWljYS1mZXN0aXZhbC1hcnJvei1jYXJvbGluby1yZXN0YXVyYW50ZXMtYWRlcmVudGVzLWJlbmF2ZW50ZS01LmpwZyIsInNsaWRlc2hvdyI6IjIxODgyZjYifQ%3D%3D\">\n\t\t\t\t\t<div class=\"e-gallery-image elementor-gallery-item__image\" data-thumbnail=\"https:\/\/www.cm-benavente.pt\/wp-content\/uploads\/2025\/04\/1a-semana-gastronomica-festival-arroz-carolino-restaurantes-aderentes-benavente-5-1024x683.jpg\" data-width=\"800\" data-height=\"534\" aria-label=\"\" role=\"img\" ><\/div>\n\t\t\t\t\t\t\t\t\t\t\t<div class=\"elementor-gallery-item__overlay\"><\/div>\n\t\t\t\t\t\t\t\t\t\t\t\t\t\t<\/a>\n\t\t\t\t\t\t\t<a class=\"e-gallery-item elementor-gallery-item elementor-animated-content\" href=\"https:\/\/www.cm-benavente.pt\/wp-content\/uploads\/2025\/04\/1a-semana-gastronomica-festival-arroz-carolino-restaurantes-aderentes-benavente-6-scaled.jpg\" data-elementor-open-lightbox=\"yes\" data-elementor-lightbox-slideshow=\"21882f6\" data-elementor-lightbox-title=\"1a semana gastron\u00f3mica festival arroz carolino restaurantes aderentes benavente (6)\" data-e-action-hash=\"#elementor-action%3Aaction%3Dlightbox%26settings%3DeyJpZCI6NzA3NTQsInVybCI6Imh0dHBzOlwvXC93d3cuY20tYmVuYXZlbnRlLnB0XC93cC1jb250ZW50XC91cGxvYWRzXC8yMDI1XC8wNFwvMWEtc2VtYW5hLWdhc3Ryb25vbWljYS1mZXN0aXZhbC1hcnJvei1jYXJvbGluby1yZXN0YXVyYW50ZXMtYWRlcmVudGVzLWJlbmF2ZW50ZS02LXNjYWxlZC5qcGciLCJzbGlkZXNob3ciOiIyMTg4MmY2In0%3D\">\n\t\t\t\t\t<div class=\"e-gallery-image elementor-gallery-item__image\" data-thumbnail=\"https:\/\/www.cm-benavente.pt\/wp-content\/uploads\/2025\/04\/1a-semana-gastronomica-festival-arroz-carolino-restaurantes-aderentes-benavente-6-1024x613.jpg\" data-width=\"800\" data-height=\"479\" aria-label=\"\" role=\"img\" ><\/div>\n\t\t\t\t\t\t\t\t\t\t\t<div class=\"elementor-gallery-item__overlay\"><\/div>\n\t\t\t\t\t\t\t\t\t\t\t\t\t\t<\/a>\n\t\t\t\t\t\t\t<a class=\"e-gallery-item elementor-gallery-item elementor-animated-content\" href=\"https:\/\/www.cm-benavente.pt\/wp-content\/uploads\/2025\/04\/1a-semana-gastronomica-festival-arroz-carolino-restaurantes-aderentes-benavente-7-scaled.jpg\" data-elementor-open-lightbox=\"yes\" data-elementor-lightbox-slideshow=\"21882f6\" data-elementor-lightbox-title=\"1a semana gastron\u00f3mica festival arroz carolino restaurantes aderentes benavente (7)\" data-e-action-hash=\"#elementor-action%3Aaction%3Dlightbox%26settings%3DeyJpZCI6NzA3NTUsInVybCI6Imh0dHBzOlwvXC93d3cuY20tYmVuYXZlbnRlLnB0XC93cC1jb250ZW50XC91cGxvYWRzXC8yMDI1XC8wNFwvMWEtc2VtYW5hLWdhc3Ryb25vbWljYS1mZXN0aXZhbC1hcnJvei1jYXJvbGluby1yZXN0YXVyYW50ZXMtYWRlcmVudGVzLWJlbmF2ZW50ZS03LXNjYWxlZC5qcGciLCJzbGlkZXNob3ciOiIyMTg4MmY2In0%3D\">\n\t\t\t\t\t<div class=\"e-gallery-image elementor-gallery-item__image\" data-thumbnail=\"https:\/\/www.cm-benavente.pt\/wp-content\/uploads\/2025\/04\/1a-semana-gastronomica-festival-arroz-carolino-restaurantes-aderentes-benavente-7-1024x533.jpg\" data-width=\"800\" data-height=\"416\" aria-label=\"\" role=\"img\" ><\/div>\n\t\t\t\t\t\t\t\t\t\t\t<div class=\"elementor-gallery-item__overlay\"><\/div>\n\t\t\t\t\t\t\t\t\t\t\t\t\t\t<\/a>\n\t\t\t\t\t\t\t<a class=\"e-gallery-item elementor-gallery-item elementor-animated-content\" href=\"https:\/\/www.cm-benavente.pt\/wp-content\/uploads\/2025\/04\/1a-semana-gastronomica-festival-arroz-carolino-restaurantes-aderentes-benavente-8-scaled.jpg\" data-elementor-open-lightbox=\"yes\" data-elementor-lightbox-slideshow=\"21882f6\" data-elementor-lightbox-title=\"1a semana gastron\u00f3mica festival arroz carolino restaurantes aderentes benavente (8)\" data-e-action-hash=\"#elementor-action%3Aaction%3Dlightbox%26settings%3DeyJpZCI6NzA3NTYsInVybCI6Imh0dHBzOlwvXC93d3cuY20tYmVuYXZlbnRlLnB0XC93cC1jb250ZW50XC91cGxvYWRzXC8yMDI1XC8wNFwvMWEtc2VtYW5hLWdhc3Ryb25vbWljYS1mZXN0aXZhbC1hcnJvei1jYXJvbGluby1yZXN0YXVyYW50ZXMtYWRlcmVudGVzLWJlbmF2ZW50ZS04LXNjYWxlZC5qcGciLCJzbGlkZXNob3ciOiIyMTg4MmY2In0%3D\">\n\t\t\t\t\t<div class=\"e-gallery-image elementor-gallery-item__image\" data-thumbnail=\"https:\/\/www.cm-benavente.pt\/wp-content\/uploads\/2025\/04\/1a-semana-gastronomica-festival-arroz-carolino-restaurantes-aderentes-benavente-8-1024x586.jpg\" data-width=\"800\" data-height=\"458\" aria-label=\"\" role=\"img\" ><\/div>\n\t\t\t\t\t\t\t\t\t\t\t<div class=\"elementor-gallery-item__overlay\"><\/div>\n\t\t\t\t\t\t\t\t\t\t\t\t\t\t<\/a>\n\t\t\t\t\t\t\t<a class=\"e-gallery-item elementor-gallery-item elementor-animated-content\" href=\"https:\/\/www.cm-benavente.pt\/wp-content\/uploads\/2025\/04\/1a-semana-gastronomica-festival-arroz-carolino-restaurantes-aderentes-benavente-9-scaled.jpg\" data-elementor-open-lightbox=\"yes\" data-elementor-lightbox-slideshow=\"21882f6\" data-elementor-lightbox-title=\"1a semana gastron\u00f3mica festival arroz carolino restaurantes aderentes benavente (9)\" data-e-action-hash=\"#elementor-action%3Aaction%3Dlightbox%26settings%3DeyJpZCI6NzA3NTcsInVybCI6Imh0dHBzOlwvXC93d3cuY20tYmVuYXZlbnRlLnB0XC93cC1jb250ZW50XC91cGxvYWRzXC8yMDI1XC8wNFwvMWEtc2VtYW5hLWdhc3Ryb25vbWljYS1mZXN0aXZhbC1hcnJvei1jYXJvbGluby1yZXN0YXVyYW50ZXMtYWRlcmVudGVzLWJlbmF2ZW50ZS05LXNjYWxlZC5qcGciLCJzbGlkZXNob3ciOiIyMTg4MmY2In0%3D\">\n\t\t\t\t\t<div class=\"e-gallery-image elementor-gallery-item__image\" data-thumbnail=\"https:\/\/www.cm-benavente.pt\/wp-content\/uploads\/2025\/04\/1a-semana-gastronomica-festival-arroz-carolino-restaurantes-aderentes-benavente-9-1024x557.jpg\" data-width=\"800\" data-height=\"435\" aria-label=\"\" role=\"img\" ><\/div>\n\t\t\t\t\t\t\t\t\t\t\t<div class=\"elementor-gallery-item__overlay\"><\/div>\n\t\t\t\t\t\t\t\t\t\t\t\t\t\t<\/a>\n\t\t\t\t\t\t\t<a class=\"e-gallery-item elementor-gallery-item elementor-animated-content\" href=\"https:\/\/www.cm-benavente.pt\/wp-content\/uploads\/2025\/04\/1a-semana-gastronomica-festival-arroz-carolino-restaurantes-aderentes-benavente-10-scaled.jpg\" data-elementor-open-lightbox=\"yes\" data-elementor-lightbox-slideshow=\"21882f6\" data-elementor-lightbox-title=\"1a semana gastron\u00f3mica festival arroz carolino restaurantes aderentes benavente (10)\" data-e-action-hash=\"#elementor-action%3Aaction%3Dlightbox%26settings%3DeyJpZCI6NzA3NTgsInVybCI6Imh0dHBzOlwvXC93d3cuY20tYmVuYXZlbnRlLnB0XC93cC1jb250ZW50XC91cGxvYWRzXC8yMDI1XC8wNFwvMWEtc2VtYW5hLWdhc3Ryb25vbWljYS1mZXN0aXZhbC1hcnJvei1jYXJvbGluby1yZXN0YXVyYW50ZXMtYWRlcmVudGVzLWJlbmF2ZW50ZS0xMC1zY2FsZWQuanBnIiwic2xpZGVzaG93IjoiMjE4ODJmNiJ9\">\n\t\t\t\t\t<div class=\"e-gallery-image elementor-gallery-item__image\" data-thumbnail=\"https:\/\/www.cm-benavente.pt\/wp-content\/uploads\/2025\/04\/1a-semana-gastronomica-festival-arroz-carolino-restaurantes-aderentes-benavente-10-1024x610.jpg\" data-width=\"800\" data-height=\"477\" aria-label=\"\" role=\"img\" ><\/div>\n\t\t\t\t\t\t\t\t\t\t\t<div class=\"elementor-gallery-item__overlay\"><\/div>\n\t\t\t\t\t\t\t\t\t\t\t\t\t\t<\/a>\n\t\t\t\t\t\t\t<a class=\"e-gallery-item elementor-gallery-item elementor-animated-content\" href=\"https:\/\/www.cm-benavente.pt\/wp-content\/uploads\/2025\/04\/1a-semana-gastronomica-festival-arroz-carolino-restaurantes-aderentes-benavente-11-scaled.jpg\" data-elementor-open-lightbox=\"yes\" data-elementor-lightbox-slideshow=\"21882f6\" data-elementor-lightbox-title=\"1a semana gastron\u00f3mica festival arroz carolino restaurantes aderentes benavente (11)\" data-e-action-hash=\"#elementor-action%3Aaction%3Dlightbox%26settings%3DeyJpZCI6NzA3NTksInVybCI6Imh0dHBzOlwvXC93d3cuY20tYmVuYXZlbnRlLnB0XC93cC1jb250ZW50XC91cGxvYWRzXC8yMDI1XC8wNFwvMWEtc2VtYW5hLWdhc3Ryb25vbWljYS1mZXN0aXZhbC1hcnJvei1jYXJvbGluby1yZXN0YXVyYW50ZXMtYWRlcmVudGVzLWJlbmF2ZW50ZS0xMS1zY2FsZWQuanBnIiwic2xpZGVzaG93IjoiMjE4ODJmNiJ9\">\n\t\t\t\t\t<div class=\"e-gallery-image elementor-gallery-item__image\" data-thumbnail=\"https:\/\/www.cm-benavente.pt\/wp-content\/uploads\/2025\/04\/1a-semana-gastronomica-festival-arroz-carolino-restaurantes-aderentes-benavente-11-1024x540.jpg\" data-width=\"800\" data-height=\"422\" aria-label=\"\" role=\"img\" ><\/div>\n\t\t\t\t\t\t\t\t\t\t\t<div class=\"elementor-gallery-item__overlay\"><\/div>\n\t\t\t\t\t\t\t\t\t\t\t\t\t\t<\/a>\n\t\t\t\t\t\t\t<a class=\"e-gallery-item elementor-gallery-item elementor-animated-content\" href=\"https:\/\/www.cm-benavente.pt\/wp-content\/uploads\/2025\/04\/1a-semana-gastronomica-festival-arroz-carolino-restaurantes-aderentes-benavente-12-scaled.jpg\" data-elementor-open-lightbox=\"yes\" data-elementor-lightbox-slideshow=\"21882f6\" data-elementor-lightbox-title=\"1a semana gastron\u00f3mica festival arroz carolino restaurantes aderentes benavente (12)\" data-e-action-hash=\"#elementor-action%3Aaction%3Dlightbox%26settings%3DeyJpZCI6NzA3NjAsInVybCI6Imh0dHBzOlwvXC93d3cuY20tYmVuYXZlbnRlLnB0XC93cC1jb250ZW50XC91cGxvYWRzXC8yMDI1XC8wNFwvMWEtc2VtYW5hLWdhc3Ryb25vbWljYS1mZXN0aXZhbC1hcnJvei1jYXJvbGluby1yZXN0YXVyYW50ZXMtYWRlcmVudGVzLWJlbmF2ZW50ZS0xMi1zY2FsZWQuanBnIiwic2xpZGVzaG93IjoiMjE4ODJmNiJ9\">\n\t\t\t\t\t<div class=\"e-gallery-image elementor-gallery-item__image\" data-thumbnail=\"https:\/\/www.cm-benavente.pt\/wp-content\/uploads\/2025\/04\/1a-semana-gastronomica-festival-arroz-carolino-restaurantes-aderentes-benavente-12-1024x578.jpg\" data-width=\"800\" data-height=\"452\" aria-label=\"\" role=\"img\" ><\/div>\n\t\t\t\t\t\t\t\t\t\t\t<div class=\"elementor-gallery-item__overlay\"><\/div>\n\t\t\t\t\t\t\t\t\t\t\t\t\t\t<\/a>\n\t\t\t\t\t\t\t<a class=\"e-gallery-item elementor-gallery-item elementor-animated-content\" href=\"https:\/\/www.cm-benavente.pt\/wp-content\/uploads\/2025\/04\/1a-semana-gastronomica-festival-arroz-carolino-restaurantes-aderentes-benavente-13-scaled.jpg\" data-elementor-open-lightbox=\"yes\" data-elementor-lightbox-slideshow=\"21882f6\" data-elementor-lightbox-title=\"1a semana gastron\u00f3mica festival arroz carolino restaurantes aderentes benavente (13)\" data-e-action-hash=\"#elementor-action%3Aaction%3Dlightbox%26settings%3DeyJpZCI6NzA3NjEsInVybCI6Imh0dHBzOlwvXC93d3cuY20tYmVuYXZlbnRlLnB0XC93cC1jb250ZW50XC91cGxvYWRzXC8yMDI1XC8wNFwvMWEtc2VtYW5hLWdhc3Ryb25vbWljYS1mZXN0aXZhbC1hcnJvei1jYXJvbGluby1yZXN0YXVyYW50ZXMtYWRlcmVudGVzLWJlbmF2ZW50ZS0xMy1zY2FsZWQuanBnIiwic2xpZGVzaG93IjoiMjE4ODJmNiJ9\">\n\t\t\t\t\t<div class=\"e-gallery-image elementor-gallery-item__image\" data-thumbnail=\"https:\/\/www.cm-benavente.pt\/wp-content\/uploads\/2025\/04\/1a-semana-gastronomica-festival-arroz-carolino-restaurantes-aderentes-benavente-13-1024x537.jpg\" data-width=\"800\" data-height=\"420\" aria-label=\"\" role=\"img\" ><\/div>\n\t\t\t\t\t\t\t\t\t\t\t<div class=\"elementor-gallery-item__overlay\"><\/div>\n\t\t\t\t\t\t\t\t\t\t\t\t\t\t<\/a>\n\t\t\t\t\t\t\t<a class=\"e-gallery-item elementor-gallery-item elementor-animated-content\" href=\"https:\/\/www.cm-benavente.pt\/wp-content\/uploads\/2025\/04\/1a-semana-gastronomica-festival-arroz-carolino-restaurantes-aderentes-benavente-14-scaled.jpg\" data-elementor-open-lightbox=\"yes\" data-elementor-lightbox-slideshow=\"21882f6\" data-elementor-lightbox-title=\"1a semana gastron\u00f3mica festival arroz carolino restaurantes aderentes benavente (14)\" data-e-action-hash=\"#elementor-action%3Aaction%3Dlightbox%26settings%3DeyJpZCI6NzA3NjIsInVybCI6Imh0dHBzOlwvXC93d3cuY20tYmVuYXZlbnRlLnB0XC93cC1jb250ZW50XC91cGxvYWRzXC8yMDI1XC8wNFwvMWEtc2VtYW5hLWdhc3Ryb25vbWljYS1mZXN0aXZhbC1hcnJvei1jYXJvbGluby1yZXN0YXVyYW50ZXMtYWRlcmVudGVzLWJlbmF2ZW50ZS0xNC1zY2FsZWQuanBnIiwic2xpZGVzaG93IjoiMjE4ODJmNiJ9\">\n\t\t\t\t\t<div class=\"e-gallery-image elementor-gallery-item__image\" data-thumbnail=\"https:\/\/www.cm-benavente.pt\/wp-content\/uploads\/2025\/04\/1a-semana-gastronomica-festival-arroz-carolino-restaurantes-aderentes-benavente-14-1024x635.jpg\" data-width=\"800\" data-height=\"496\" aria-label=\"\" role=\"img\" ><\/div>\n\t\t\t\t\t\t\t\t\t\t\t<div class=\"elementor-gallery-item__overlay\"><\/div>\n\t\t\t\t\t\t\t\t\t\t\t\t\t\t<\/a>\n\t\t\t\t\t\t\t<a class=\"e-gallery-item elementor-gallery-item elementor-animated-content\" href=\"https:\/\/www.cm-benavente.pt\/wp-content\/uploads\/2025\/04\/1a-semana-gastronomica-festival-arroz-carolino-restaurantes-aderentes-benavente-15-scaled.jpg\" data-elementor-open-lightbox=\"yes\" data-elementor-lightbox-slideshow=\"21882f6\" data-elementor-lightbox-title=\"1a semana gastron\u00f3mica festival arroz carolino restaurantes aderentes benavente (15)\" data-e-action-hash=\"#elementor-action%3Aaction%3Dlightbox%26settings%3DeyJpZCI6NzA3NjMsInVybCI6Imh0dHBzOlwvXC93d3cuY20tYmVuYXZlbnRlLnB0XC93cC1jb250ZW50XC91cGxvYWRzXC8yMDI1XC8wNFwvMWEtc2VtYW5hLWdhc3Ryb25vbWljYS1mZXN0aXZhbC1hcnJvei1jYXJvbGluby1yZXN0YXVyYW50ZXMtYWRlcmVudGVzLWJlbmF2ZW50ZS0xNS1zY2FsZWQuanBnIiwic2xpZGVzaG93IjoiMjE4ODJmNiJ9\">\n\t\t\t\t\t<div class=\"e-gallery-image elementor-gallery-item__image\" data-thumbnail=\"https:\/\/www.cm-benavente.pt\/wp-content\/uploads\/2025\/04\/1a-semana-gastronomica-festival-arroz-carolino-restaurantes-aderentes-benavente-15-1024x601.jpg\" data-width=\"800\" data-height=\"470\" aria-label=\"\" role=\"img\" ><\/div>\n\t\t\t\t\t\t\t\t\t\t\t<div class=\"elementor-gallery-item__overlay\"><\/div>\n\t\t\t\t\t\t\t\t\t\t\t\t\t\t<\/a>\n\t\t\t\t\t\t\t<a class=\"e-gallery-item elementor-gallery-item elementor-animated-content\" href=\"https:\/\/www.cm-benavente.pt\/wp-content\/uploads\/2025\/04\/1a-semana-gastronomica-festival-arroz-carolino-restaurantes-aderentes-benavente-16-scaled.jpg\" data-elementor-open-lightbox=\"yes\" data-elementor-lightbox-slideshow=\"21882f6\" data-elementor-lightbox-title=\"1a semana gastron\u00f3mica festival arroz carolino restaurantes aderentes benavente (16)\" data-e-action-hash=\"#elementor-action%3Aaction%3Dlightbox%26settings%3DeyJpZCI6NzA3NjQsInVybCI6Imh0dHBzOlwvXC93d3cuY20tYmVuYXZlbnRlLnB0XC93cC1jb250ZW50XC91cGxvYWRzXC8yMDI1XC8wNFwvMWEtc2VtYW5hLWdhc3Ryb25vbWljYS1mZXN0aXZhbC1hcnJvei1jYXJvbGluby1yZXN0YXVyYW50ZXMtYWRlcmVudGVzLWJlbmF2ZW50ZS0xNi1zY2FsZWQuanBnIiwic2xpZGVzaG93IjoiMjE4ODJmNiJ9\">\n\t\t\t\t\t<div class=\"e-gallery-image elementor-gallery-item__image\" data-thumbnail=\"https:\/\/www.cm-benavente.pt\/wp-content\/uploads\/2025\/04\/1a-semana-gastronomica-festival-arroz-carolino-restaurantes-aderentes-benavente-16-1024x545.jpg\" data-width=\"800\" data-height=\"426\" aria-label=\"\" role=\"img\" ><\/div>\n\t\t\t\t\t\t\t\t\t\t\t<div class=\"elementor-gallery-item__overlay\"><\/div>\n\t\t\t\t\t\t\t\t\t\t\t\t\t\t<\/a>\n\t\t\t\t\t\t\t<a class=\"e-gallery-item elementor-gallery-item elementor-animated-content\" href=\"https:\/\/www.cm-benavente.pt\/wp-content\/uploads\/2025\/04\/1a-semana-gastronomica-festival-arroz-carolino-restaurantes-aderentes-benavente-17-scaled.jpg\" data-elementor-open-lightbox=\"yes\" data-elementor-lightbox-slideshow=\"21882f6\" data-elementor-lightbox-title=\"1a semana gastron\u00f3mica festival arroz carolino restaurantes aderentes benavente (17)\" data-e-action-hash=\"#elementor-action%3Aaction%3Dlightbox%26settings%3DeyJpZCI6NzA3NjUsInVybCI6Imh0dHBzOlwvXC93d3cuY20tYmVuYXZlbnRlLnB0XC93cC1jb250ZW50XC91cGxvYWRzXC8yMDI1XC8wNFwvMWEtc2VtYW5hLWdhc3Ryb25vbWljYS1mZXN0aXZhbC1hcnJvei1jYXJvbGluby1yZXN0YXVyYW50ZXMtYWRlcmVudGVzLWJlbmF2ZW50ZS0xNy1zY2FsZWQuanBnIiwic2xpZGVzaG93IjoiMjE4ODJmNiJ9\">\n\t\t\t\t\t<div class=\"e-gallery-image elementor-gallery-item__image\" data-thumbnail=\"https:\/\/www.cm-benavente.pt\/wp-content\/uploads\/2025\/04\/1a-semana-gastronomica-festival-arroz-carolino-restaurantes-aderentes-benavente-17-1024x677.jpg\" data-width=\"800\" data-height=\"529\" aria-label=\"\" role=\"img\" ><\/div>\n\t\t\t\t\t\t\t\t\t\t\t<div class=\"elementor-gallery-item__overlay\"><\/div>\n\t\t\t\t\t\t\t\t\t\t\t\t\t\t<\/a>\n\t\t\t\t\t\t\t<a class=\"e-gallery-item elementor-gallery-item elementor-animated-content\" href=\"https:\/\/www.cm-benavente.pt\/wp-content\/uploads\/2025\/04\/1a-semana-gastronomica-festival-arroz-carolino-restaurantes-aderentes-benavente-18-scaled.jpg\" data-elementor-open-lightbox=\"yes\" data-elementor-lightbox-slideshow=\"21882f6\" data-elementor-lightbox-title=\"1a semana gastron\u00f3mica festival arroz carolino restaurantes aderentes benavente (18)\" data-e-action-hash=\"#elementor-action%3Aaction%3Dlightbox%26settings%3DeyJpZCI6NzA3NjYsInVybCI6Imh0dHBzOlwvXC93d3cuY20tYmVuYXZlbnRlLnB0XC93cC1jb250ZW50XC91cGxvYWRzXC8yMDI1XC8wNFwvMWEtc2VtYW5hLWdhc3Ryb25vbWljYS1mZXN0aXZhbC1hcnJvei1jYXJvbGluby1yZXN0YXVyYW50ZXMtYWRlcmVudGVzLWJlbmF2ZW50ZS0xOC1zY2FsZWQuanBnIiwic2xpZGVzaG93IjoiMjE4ODJmNiJ9\">\n\t\t\t\t\t<div class=\"e-gallery-image elementor-gallery-item__image\" data-thumbnail=\"https:\/\/www.cm-benavente.pt\/wp-content\/uploads\/2025\/04\/1a-semana-gastronomica-festival-arroz-carolino-restaurantes-aderentes-benavente-18-1024x617.jpg\" data-width=\"800\" data-height=\"482\" aria-label=\"\" role=\"img\" ><\/div>\n\t\t\t\t\t\t\t\t\t\t\t<div class=\"elementor-gallery-item__overlay\"><\/div>\n\t\t\t\t\t\t\t\t\t\t\t\t\t\t<\/a>\n\t\t\t\t\t\t\t<a class=\"e-gallery-item elementor-gallery-item elementor-animated-content\" href=\"https:\/\/www.cm-benavente.pt\/wp-content\/uploads\/2025\/04\/1a-semana-gastronomica-festival-arroz-carolino-restaurantes-aderentes-benavente-19-scaled.jpg\" data-elementor-open-lightbox=\"yes\" data-elementor-lightbox-slideshow=\"21882f6\" data-elementor-lightbox-title=\"1a semana gastron\u00f3mica festival arroz carolino restaurantes aderentes benavente (19)\" data-e-action-hash=\"#elementor-action%3Aaction%3Dlightbox%26settings%3DeyJpZCI6NzA3NjcsInVybCI6Imh0dHBzOlwvXC93d3cuY20tYmVuYXZlbnRlLnB0XC93cC1jb250ZW50XC91cGxvYWRzXC8yMDI1XC8wNFwvMWEtc2VtYW5hLWdhc3Ryb25vbWljYS1mZXN0aXZhbC1hcnJvei1jYXJvbGluby1yZXN0YXVyYW50ZXMtYWRlcmVudGVzLWJlbmF2ZW50ZS0xOS1zY2FsZWQuanBnIiwic2xpZGVzaG93IjoiMjE4ODJmNiJ9\">\n\t\t\t\t\t<div class=\"e-gallery-image elementor-gallery-item__image\" data-thumbnail=\"https:\/\/www.cm-benavente.pt\/wp-content\/uploads\/2025\/04\/1a-semana-gastronomica-festival-arroz-carolino-restaurantes-aderentes-benavente-19-1024x583.jpg\" data-width=\"800\" data-height=\"455\" aria-label=\"\" role=\"img\" ><\/div>\n\t\t\t\t\t\t\t\t\t\t\t<div class=\"elementor-gallery-item__overlay\"><\/div>\n\t\t\t\t\t\t\t\t\t\t\t\t\t\t<\/a>\n\t\t\t\t\t\t\t<a class=\"e-gallery-item elementor-gallery-item elementor-animated-content\" href=\"https:\/\/www.cm-benavente.pt\/wp-content\/uploads\/2025\/04\/1a-semana-gastronomica-festival-arroz-carolino-restaurantes-aderentes-benavente-20-scaled.jpg\" data-elementor-open-lightbox=\"yes\" data-elementor-lightbox-slideshow=\"21882f6\" data-elementor-lightbox-title=\"1a semana gastron\u00f3mica festival arroz carolino restaurantes aderentes benavente (20)\" data-e-action-hash=\"#elementor-action%3Aaction%3Dlightbox%26settings%3DeyJpZCI6NzA3NjgsInVybCI6Imh0dHBzOlwvXC93d3cuY20tYmVuYXZlbnRlLnB0XC93cC1jb250ZW50XC91cGxvYWRzXC8yMDI1XC8wNFwvMWEtc2VtYW5hLWdhc3Ryb25vbWljYS1mZXN0aXZhbC1hcnJvei1jYXJvbGluby1yZXN0YXVyYW50ZXMtYWRlcmVudGVzLWJlbmF2ZW50ZS0yMC1zY2FsZWQuanBnIiwic2xpZGVzaG93IjoiMjE4ODJmNiJ9\">\n\t\t\t\t\t<div class=\"e-gallery-image elementor-gallery-item__image\" data-thumbnail=\"https:\/\/www.cm-benavente.pt\/wp-content\/uploads\/2025\/04\/1a-semana-gastronomica-festival-arroz-carolino-restaurantes-aderentes-benavente-20-1024x548.jpg\" data-width=\"800\" data-height=\"428\" aria-label=\"\" role=\"img\" ><\/div>\n\t\t\t\t\t\t\t\t\t\t\t<div class=\"elementor-gallery-item__overlay\"><\/div>\n\t\t\t\t\t\t\t\t\t\t\t\t\t\t<\/a>\n\t\t\t\t\t\t\t<a class=\"e-gallery-item elementor-gallery-item elementor-animated-content\" href=\"https:\/\/www.cm-benavente.pt\/wp-content\/uploads\/2025\/04\/1a-semana-gastronomica-festival-arroz-carolino-restaurantes-aderentes-benavente-21-scaled.jpg\" data-elementor-open-lightbox=\"yes\" data-elementor-lightbox-slideshow=\"21882f6\" data-elementor-lightbox-title=\"1a semana gastron\u00f3mica festival arroz carolino restaurantes aderentes benavente (21)\" data-e-action-hash=\"#elementor-action%3Aaction%3Dlightbox%26settings%3DeyJpZCI6NzA3NjksInVybCI6Imh0dHBzOlwvXC93d3cuY20tYmVuYXZlbnRlLnB0XC93cC1jb250ZW50XC91cGxvYWRzXC8yMDI1XC8wNFwvMWEtc2VtYW5hLWdhc3Ryb25vbWljYS1mZXN0aXZhbC1hcnJvei1jYXJvbGluby1yZXN0YXVyYW50ZXMtYWRlcmVudGVzLWJlbmF2ZW50ZS0yMS1zY2FsZWQuanBnIiwic2xpZGVzaG93IjoiMjE4ODJmNiJ9\">\n\t\t\t\t\t<div class=\"e-gallery-image elementor-gallery-item__image\" data-thumbnail=\"https:\/\/www.cm-benavente.pt\/wp-content\/uploads\/2025\/04\/1a-semana-gastronomica-festival-arroz-carolino-restaurantes-aderentes-benavente-21-1024x666.jpg\" data-width=\"800\" data-height=\"520\" aria-label=\"\" role=\"img\" ><\/div>\n\t\t\t\t\t\t\t\t\t\t\t<div class=\"elementor-gallery-item__overlay\"><\/div>\n\t\t\t\t\t\t\t\t\t\t\t\t\t\t<\/a>\n\t\t\t\t\t\t\t<a class=\"e-gallery-item elementor-gallery-item elementor-animated-content\" href=\"https:\/\/www.cm-benavente.pt\/wp-content\/uploads\/2025\/04\/1a-semana-gastronomica-festival-arroz-carolino-restaurantes-aderentes-benavente-22-scaled.jpg\" data-elementor-open-lightbox=\"yes\" data-elementor-lightbox-slideshow=\"21882f6\" data-elementor-lightbox-title=\"1a semana gastron\u00f3mica festival arroz carolino restaurantes aderentes benavente (22)\" data-e-action-hash=\"#elementor-action%3Aaction%3Dlightbox%26settings%3DeyJpZCI6NzA3NzAsInVybCI6Imh0dHBzOlwvXC93d3cuY20tYmVuYXZlbnRlLnB0XC93cC1jb250ZW50XC91cGxvYWRzXC8yMDI1XC8wNFwvMWEtc2VtYW5hLWdhc3Ryb25vbWljYS1mZXN0aXZhbC1hcnJvei1jYXJvbGluby1yZXN0YXVyYW50ZXMtYWRlcmVudGVzLWJlbmF2ZW50ZS0yMi1zY2FsZWQuanBnIiwic2xpZGVzaG93IjoiMjE4ODJmNiJ9\">\n\t\t\t\t\t<div class=\"e-gallery-image elementor-gallery-item__image\" data-thumbnail=\"https:\/\/www.cm-benavente.pt\/wp-content\/uploads\/2025\/04\/1a-semana-gastronomica-festival-arroz-carolino-restaurantes-aderentes-benavente-22-1024x633.jpg\" data-width=\"800\" data-height=\"495\" aria-label=\"\" role=\"img\" ><\/div>\n\t\t\t\t\t\t\t\t\t\t\t<div class=\"elementor-gallery-item__overlay\"><\/div>\n\t\t\t\t\t\t\t\t\t\t\t\t\t\t<\/a>\n\t\t\t\t\t\t\t<a class=\"e-gallery-item elementor-gallery-item elementor-animated-content\" href=\"https:\/\/www.cm-benavente.pt\/wp-content\/uploads\/2025\/04\/1a-semana-gastronomica-festival-arroz-carolino-restaurantes-aderentes-benavente-23-scaled.jpg\" data-elementor-open-lightbox=\"yes\" data-elementor-lightbox-slideshow=\"21882f6\" data-elementor-lightbox-title=\"1a semana gastron\u00f3mica festival arroz carolino restaurantes aderentes benavente (23)\" data-e-action-hash=\"#elementor-action%3Aaction%3Dlightbox%26settings%3DeyJpZCI6NzA3NzEsInVybCI6Imh0dHBzOlwvXC93d3cuY20tYmVuYXZlbnRlLnB0XC93cC1jb250ZW50XC91cGxvYWRzXC8yMDI1XC8wNFwvMWEtc2VtYW5hLWdhc3Ryb25vbWljYS1mZXN0aXZhbC1hcnJvei1jYXJvbGluby1yZXN0YXVyYW50ZXMtYWRlcmVudGVzLWJlbmF2ZW50ZS0yMy1zY2FsZWQuanBnIiwic2xpZGVzaG93IjoiMjE4ODJmNiJ9\">\n\t\t\t\t\t<div class=\"e-gallery-image elementor-gallery-item__image\" data-thumbnail=\"https:\/\/www.cm-benavente.pt\/wp-content\/uploads\/2025\/04\/1a-semana-gastronomica-festival-arroz-carolino-restaurantes-aderentes-benavente-23-1024x697.jpg\" data-width=\"800\" data-height=\"545\" aria-label=\"\" role=\"img\" ><\/div>\n\t\t\t\t\t\t\t\t\t\t\t<div class=\"elementor-gallery-item__overlay\"><\/div>\n\t\t\t\t\t\t\t\t\t\t\t\t\t\t<\/a>\n\t\t\t\t\t\t\t<a class=\"e-gallery-item elementor-gallery-item elementor-animated-content\" href=\"https:\/\/www.cm-benavente.pt\/wp-content\/uploads\/2025\/04\/1a-semana-gastronomica-festival-arroz-carolino-restaurantes-aderentes-benavente-24-scaled.jpg\" data-elementor-open-lightbox=\"yes\" data-elementor-lightbox-slideshow=\"21882f6\" data-elementor-lightbox-title=\"1a semana gastron\u00f3mica festival arroz carolino restaurantes aderentes benavente (24)\" data-e-action-hash=\"#elementor-action%3Aaction%3Dlightbox%26settings%3DeyJpZCI6NzA3NzIsInVybCI6Imh0dHBzOlwvXC93d3cuY20tYmVuYXZlbnRlLnB0XC93cC1jb250ZW50XC91cGxvYWRzXC8yMDI1XC8wNFwvMWEtc2VtYW5hLWdhc3Ryb25vbWljYS1mZXN0aXZhbC1hcnJvei1jYXJvbGluby1yZXN0YXVyYW50ZXMtYWRlcmVudGVzLWJlbmF2ZW50ZS0yNC1zY2FsZWQuanBnIiwic2xpZGVzaG93IjoiMjE4ODJmNiJ9\">\n\t\t\t\t\t<div class=\"e-gallery-image elementor-gallery-item__image\" data-thumbnail=\"https:\/\/www.cm-benavente.pt\/wp-content\/uploads\/2025\/04\/1a-semana-gastronomica-festival-arroz-carolino-restaurantes-aderentes-benavente-24-1024x553.jpg\" data-width=\"800\" data-height=\"432\" aria-label=\"\" role=\"img\" ><\/div>\n\t\t\t\t\t\t\t\t\t\t\t<div class=\"elementor-gallery-item__overlay\"><\/div>\n\t\t\t\t\t\t\t\t\t\t\t\t\t\t<\/a>\n\t\t\t\t\t\t\t<a class=\"e-gallery-item elementor-gallery-item elementor-animated-content\" href=\"https:\/\/www.cm-benavente.pt\/wp-content\/uploads\/2025\/04\/1a-semana-gastronomica-festival-arroz-carolino-restaurantes-aderentes-benavente-25-scaled.jpg\" data-elementor-open-lightbox=\"yes\" data-elementor-lightbox-slideshow=\"21882f6\" data-elementor-lightbox-title=\"1a semana gastron\u00f3mica festival arroz carolino restaurantes aderentes benavente (25)\" data-e-action-hash=\"#elementor-action%3Aaction%3Dlightbox%26settings%3DeyJpZCI6NzA3NzMsInVybCI6Imh0dHBzOlwvXC93d3cuY20tYmVuYXZlbnRlLnB0XC93cC1jb250ZW50XC91cGxvYWRzXC8yMDI1XC8wNFwvMWEtc2VtYW5hLWdhc3Ryb25vbWljYS1mZXN0aXZhbC1hcnJvei1jYXJvbGluby1yZXN0YXVyYW50ZXMtYWRlcmVudGVzLWJlbmF2ZW50ZS0yNS1zY2FsZWQuanBnIiwic2xpZGVzaG93IjoiMjE4ODJmNiJ9\">\n\t\t\t\t\t<div class=\"e-gallery-image elementor-gallery-item__image\" data-thumbnail=\"https:\/\/www.cm-benavente.pt\/wp-content\/uploads\/2025\/04\/1a-semana-gastronomica-festival-arroz-carolino-restaurantes-aderentes-benavente-25-1024x598.jpg\" data-width=\"800\" data-height=\"467\" aria-label=\"\" role=\"img\" ><\/div>\n\t\t\t\t\t\t\t\t\t\t\t<div class=\"elementor-gallery-item__overlay\"><\/div>\n\t\t\t\t\t\t\t\t\t\t\t\t\t\t<\/a>\n\t\t\t\t\t\t\t<a class=\"e-gallery-item elementor-gallery-item elementor-animated-content\" href=\"https:\/\/www.cm-benavente.pt\/wp-content\/uploads\/2025\/04\/1a-semana-gastronomica-festival-arroz-carolino-restaurantes-aderentes-benavente-26-scaled.jpg\" data-elementor-open-lightbox=\"yes\" data-elementor-lightbox-slideshow=\"21882f6\" data-elementor-lightbox-title=\"1a semana gastron\u00f3mica festival arroz carolino restaurantes aderentes benavente (26)\" data-e-action-hash=\"#elementor-action%3Aaction%3Dlightbox%26settings%3DeyJpZCI6NzA3NzQsInVybCI6Imh0dHBzOlwvXC93d3cuY20tYmVuYXZlbnRlLnB0XC93cC1jb250ZW50XC91cGxvYWRzXC8yMDI1XC8wNFwvMWEtc2VtYW5hLWdhc3Ryb25vbWljYS1mZXN0aXZhbC1hcnJvei1jYXJvbGluby1yZXN0YXVyYW50ZXMtYWRlcmVudGVzLWJlbmF2ZW50ZS0yNi1zY2FsZWQuanBnIiwic2xpZGVzaG93IjoiMjE4ODJmNiJ9\">\n\t\t\t\t\t<div class=\"e-gallery-image elementor-gallery-item__image\" data-thumbnail=\"https:\/\/www.cm-benavente.pt\/wp-content\/uploads\/2025\/04\/1a-semana-gastronomica-festival-arroz-carolino-restaurantes-aderentes-benavente-26-1024x586.jpg\" data-width=\"800\" data-height=\"458\" aria-label=\"\" role=\"img\" ><\/div>\n\t\t\t\t\t\t\t\t\t\t\t<div class=\"elementor-gallery-item__overlay\"><\/div>\n\t\t\t\t\t\t\t\t\t\t\t\t\t\t<\/a>\n\t\t\t\t\t\t\t<a class=\"e-gallery-item elementor-gallery-item elementor-animated-content\" href=\"https:\/\/www.cm-benavente.pt\/wp-content\/uploads\/2025\/04\/1a-semana-gastronomica-festival-arroz-carolino-restaurantes-aderentes-benavente-27-scaled.jpg\" data-elementor-open-lightbox=\"yes\" data-elementor-lightbox-slideshow=\"21882f6\" data-elementor-lightbox-title=\"1a semana gastron\u00f3mica festival arroz carolino restaurantes aderentes benavente (27)\" data-e-action-hash=\"#elementor-action%3Aaction%3Dlightbox%26settings%3DeyJpZCI6NzA3NzUsInVybCI6Imh0dHBzOlwvXC93d3cuY20tYmVuYXZlbnRlLnB0XC93cC1jb250ZW50XC91cGxvYWRzXC8yMDI1XC8wNFwvMWEtc2VtYW5hLWdhc3Ryb25vbWljYS1mZXN0aXZhbC1hcnJvei1jYXJvbGluby1yZXN0YXVyYW50ZXMtYWRlcmVudGVzLWJlbmF2ZW50ZS0yNy1zY2FsZWQuanBnIiwic2xpZGVzaG93IjoiMjE4ODJmNiJ9\">\n\t\t\t\t\t<div class=\"e-gallery-image elementor-gallery-item__image\" data-thumbnail=\"https:\/\/www.cm-benavente.pt\/wp-content\/uploads\/2025\/04\/1a-semana-gastronomica-festival-arroz-carolino-restaurantes-aderentes-benavente-27-1024x646.jpg\" data-width=\"800\" data-height=\"505\" aria-label=\"\" role=\"img\" ><\/div>\n\t\t\t\t\t\t\t\t\t\t\t<div class=\"elementor-gallery-item__overlay\"><\/div>\n\t\t\t\t\t\t\t\t\t\t\t\t\t\t<\/a>\n\t\t\t\t\t\t\t<a class=\"e-gallery-item elementor-gallery-item elementor-animated-content\" href=\"https:\/\/www.cm-benavente.pt\/wp-content\/uploads\/2025\/04\/1a-semana-gastronomica-festival-arroz-carolino-restaurantes-aderentes-benavente-28-scaled.jpg\" data-elementor-open-lightbox=\"yes\" data-elementor-lightbox-slideshow=\"21882f6\" data-elementor-lightbox-title=\"1a semana gastron\u00f3mica festival arroz carolino restaurantes aderentes benavente (28)\" data-e-action-hash=\"#elementor-action%3Aaction%3Dlightbox%26settings%3DeyJpZCI6NzA3NzYsInVybCI6Imh0dHBzOlwvXC93d3cuY20tYmVuYXZlbnRlLnB0XC93cC1jb250ZW50XC91cGxvYWRzXC8yMDI1XC8wNFwvMWEtc2VtYW5hLWdhc3Ryb25vbWljYS1mZXN0aXZhbC1hcnJvei1jYXJvbGluby1yZXN0YXVyYW50ZXMtYWRlcmVudGVzLWJlbmF2ZW50ZS0yOC1zY2FsZWQuanBnIiwic2xpZGVzaG93IjoiMjE4ODJmNiJ9\">\n\t\t\t\t\t<div class=\"e-gallery-image elementor-gallery-item__image\" data-thumbnail=\"https:\/\/www.cm-benavente.pt\/wp-content\/uploads\/2025\/04\/1a-semana-gastronomica-festival-arroz-carolino-restaurantes-aderentes-benavente-28-1024x563.jpg\" data-width=\"800\" data-height=\"440\" aria-label=\"\" role=\"img\" ><\/div>\n\t\t\t\t\t\t\t\t\t\t\t<div class=\"elementor-gallery-item__overlay\"><\/div>\n\t\t\t\t\t\t\t\t\t\t\t\t\t\t<\/a>\n\t\t\t\t\t<\/div>\n\t\t\t\t\t<\/div>\n\t\t\t\t<\/div>\n\t\t\t\t\t<\/div>\n\t\t\t\t<\/div>\n\t\t\t\t<\/div>\n\t\t","protected":false},"excerpt":{"rendered":"<p>O Posto de Turismo M\u00f3vel tem percorrido os restaurantes aderentes ao Arroz Carolino das Lez\u00edrias Ribatejanas nesta 1\u00aa Semana Gastron\u00f3mica. A promo\u00e7\u00e3o do nosso Festival, dias 16,17 e 18 de maio em Samora Correia, e as demais ofertas de interesse tur\u00edstico tem sido um trabalho muito compensador para o Turismo de Benavente. <\/p>\n","protected":false},"author":3,"featured_media":70747,"comment_status":"closed","ping_status":"closed","sticky":false,"template":"","format":"standard","meta":{"_vp_format_video_url":"","_vp_image_focal_point":[],"footnotes":""},"categories":[518,488],"tags":[749,185,16,1191,700,479,950,27,13,2817],"class_list":["post-70746","post","type-post","status-publish","format-standard","has-post-thumbnail","hentry","category-municipio","category-turismo","tag-arroz-carolino","tag-barrosa","tag-benavente","tag-festival-do-arroz-carolino-das-lezirias-ribatejanas","tag-gastronomia","tag-municipio-de-benavente","tag-restaurantes-aderentes","tag-samora-correia","tag-santo-estevao","tag-semana-gastronomica"],"_links":{"self":[{"href":"https:\/\/www.cm-benavente.pt\/index.php\/wp-json\/wp\/v2\/posts\/70746","targetHints":{"allow":["GET"]}}],"collection":[{"href":"https:\/\/www.cm-benavente.pt\/index.php\/wp-json\/wp\/v2\/posts"}],"about":[{"href":"https:\/\/www.cm-benavente.pt\/index.php\/wp-json\/wp\/v2\/types\/post"}],"author":[{"embeddable":true,"href":"https:\/\/www.cm-benavente.pt\/index.php\/wp-json\/wp\/v2\/users\/3"}],"replies":[{"embeddable":true,"href":"https:\/\/www.cm-benavente.pt\/index.php\/wp-json\/wp\/v2\/comments?post=70746"}],"version-history":[{"count":4,"href":"https:\/\/www.cm-benavente.pt\/index.php\/wp-json\/wp\/v2\/posts\/70746\/revisions"}],"predecessor-version":[{"id":70779,"href":"https:\/\/www.cm-benavente.pt\/index.php\/wp-json\/wp\/v2\/posts\/70746\/revisions\/70779"}],"wp:featuredmedia":[{"embeddable":true,"href":"https:\/\/www.cm-benavente.pt\/index.php\/wp-json\/wp\/v2\/media\/70747"}],"wp:attachment":[{"href":"https:\/\/www.cm-benavente.pt\/index.php\/wp-json\/wp\/v2\/media?parent=70746"}],"wp:term":[{"taxonomy":"category","embeddable":true,"href":"https:\/\/www.cm-benavente.pt\/index.php\/wp-json\/wp\/v2\/categories?post=70746"},{"taxonomy":"post_tag","embeddable":true,"href":"https:\/\/www.cm-benavente.pt\/index.php\/wp-json\/wp\/v2\/tags?post=70746"}],"curies":[{"name":"wp","href":"https:\/\/api.w.org\/{rel}","templated":true}]}}