{"id":70704,"date":"2025-04-08T09:49:48","date_gmt":"2025-04-08T09:49:48","guid":{"rendered":"https:\/\/www.cm-benavente.pt\/?p=70704"},"modified":"2025-04-08T09:53:09","modified_gmt":"2025-04-08T09:53:09","slug":"festival-de-folclore-infantil-da-arepa-aviva-tradicoes","status":"publish","type":"post","link":"https:\/\/www.cm-benavente.pt\/index.php\/2025\/04\/08\/festival-de-folclore-infantil-da-arepa-aviva-tradicoes\/","title":{"rendered":"Festival de Folclore Infantil da AREPA aviva tradi\u00e7\u00f5es"},"content":{"rendered":"\t\t<div data-elementor-type=\"wp-post\" data-elementor-id=\"70704\" class=\"elementor elementor-70704\" data-elementor-post-type=\"post\">\n\t\t\t\t<div class=\"elementor-element elementor-element-931a348 e-flex e-con-boxed e-con e-parent\" data-id=\"931a348\" data-element_type=\"container\" data-e-type=\"container\" data-settings=\"{&quot;tmea_shape_divider_top&quot;:&quot;none&quot;,&quot;tmea_shape_divider_bottom&quot;:&quot;none&quot;}\">\n\t\t\t\t\t<div class=\"e-con-inner\">\n\t\t\n\t\t<div class=\"elementor-element elementor-element-f0c3de1 elementor-widget elementor-widget-text-editor\" data-id=\"f0c3de1\" data-element_type=\"widget\" data-e-type=\"widget\" data-widget_type=\"text-editor.default\">\n\t\t\t\t<div class=\"elementor-widget-container\">\n\t\t\t\t\t\t\t\t\t<p>O <strong>Sal\u00e3o da Arepa, no Porto Alto<\/strong>, acolheu mais um <strong>Festival de Folclore Infantil<\/strong>, criando momentos muito agrad\u00e1veis, mostrando as tradi\u00e7\u00f5es do Ribatejo e do interior norte do Pa\u00eds, onde o folclore est\u00e1 vivo e tem futuro.<\/p><p>A Escolinha de Folclore da Arepa recebeu o Grupo Infantil e Juvenil de Dan\u00e7as e Cantares da Beira Baixa \u2013 Castelo Branco e o Rancho Infantil do Regional dos Foros de Salvaterra.<\/p><p>Parab\u00e9ns \u00e0 Organiza\u00e7\u00e3o.<\/p>\t\t\t\t\t\t\t\t<\/div>\n\t\t\t\t<\/div>\n\t\t\t\t<div class=\"elementor-element elementor-element-407963d elementor-widget elementor-widget-gallery\" data-id=\"407963d\" data-element_type=\"widget\" data-e-type=\"widget\" data-settings=\"{&quot;columns&quot;:6,&quot;lazyload&quot;:&quot;yes&quot;,&quot;gallery_layout&quot;:&quot;grid&quot;,&quot;columns_tablet&quot;:2,&quot;columns_mobile&quot;:1,&quot;gap&quot;:{&quot;unit&quot;:&quot;px&quot;,&quot;size&quot;:10,&quot;sizes&quot;:[]},&quot;gap_widescreen&quot;:{&quot;unit&quot;:&quot;px&quot;,&quot;size&quot;:&quot;&quot;,&quot;sizes&quot;:[]},&quot;gap_laptop&quot;:{&quot;unit&quot;:&quot;px&quot;,&quot;size&quot;:10,&quot;sizes&quot;:[]},&quot;gap_tablet_extra&quot;:{&quot;unit&quot;:&quot;px&quot;,&quot;size&quot;:10,&quot;sizes&quot;:[]},&quot;gap_tablet&quot;:{&quot;unit&quot;:&quot;px&quot;,&quot;size&quot;:10,&quot;sizes&quot;:[]},&quot;gap_mobile_extra&quot;:{&quot;unit&quot;:&quot;px&quot;,&quot;size&quot;:10,&quot;sizes&quot;:[]},&quot;gap_mobile&quot;:{&quot;unit&quot;:&quot;px&quot;,&quot;size&quot;:10,&quot;sizes&quot;:[]},&quot;link_to&quot;:&quot;file&quot;,&quot;aspect_ratio&quot;:&quot;3:2&quot;,&quot;overlay_background&quot;:&quot;yes&quot;,&quot;content_hover_animation&quot;:&quot;fade-in&quot;}\" data-widget_type=\"gallery.default\">\n\t\t\t\t<div class=\"elementor-widget-container\">\n\t\t\t\t\t\t\t<div class=\"elementor-gallery__container\">\n\t\t\t\t\t\t\t<a class=\"e-gallery-item elementor-gallery-item elementor-animated-content\" href=\"https:\/\/www.cm-benavente.pt\/wp-content\/uploads\/2025\/04\/festival-folclore-infantil-arepa-porto-alto-1-scaled.jpg\" data-elementor-open-lightbox=\"yes\" data-elementor-lightbox-slideshow=\"407963d\" data-elementor-lightbox-title=\"festival folclore infantil arepa porto alto (1)\" data-e-action-hash=\"#elementor-action%3Aaction%3Dlightbox%26settings%3DeyJpZCI6NzA3MDcsInVybCI6Imh0dHBzOlwvXC93d3cuY20tYmVuYXZlbnRlLnB0XC93cC1jb250ZW50XC91cGxvYWRzXC8yMDI1XC8wNFwvZmVzdGl2YWwtZm9sY2xvcmUtaW5mYW50aWwtYXJlcGEtcG9ydG8tYWx0by0xLXNjYWxlZC5qcGciLCJzbGlkZXNob3ciOiI0MDc5NjNkIn0%3D\">\n\t\t\t\t\t<div class=\"e-gallery-image elementor-gallery-item__image\" data-thumbnail=\"https:\/\/www.cm-benavente.pt\/wp-content\/uploads\/2025\/04\/festival-folclore-infantil-arepa-porto-alto-1-1024x699.jpg\" data-width=\"800\" data-height=\"546\" aria-label=\"\" role=\"img\" ><\/div>\n\t\t\t\t\t\t\t\t\t\t\t<div class=\"elementor-gallery-item__overlay\"><\/div>\n\t\t\t\t\t\t\t\t\t\t\t\t\t\t<\/a>\n\t\t\t\t\t\t\t<a class=\"e-gallery-item elementor-gallery-item elementor-animated-content\" href=\"https:\/\/www.cm-benavente.pt\/wp-content\/uploads\/2025\/04\/festival-folclore-infantil-arepa-porto-alto-2-scaled.jpg\" data-elementor-open-lightbox=\"yes\" data-elementor-lightbox-slideshow=\"407963d\" data-elementor-lightbox-title=\"festival folclore infantil arepa porto alto (2)\" data-e-action-hash=\"#elementor-action%3Aaction%3Dlightbox%26settings%3DeyJpZCI6NzA3MDgsInVybCI6Imh0dHBzOlwvXC93d3cuY20tYmVuYXZlbnRlLnB0XC93cC1jb250ZW50XC91cGxvYWRzXC8yMDI1XC8wNFwvZmVzdGl2YWwtZm9sY2xvcmUtaW5mYW50aWwtYXJlcGEtcG9ydG8tYWx0by0yLXNjYWxlZC5qcGciLCJzbGlkZXNob3ciOiI0MDc5NjNkIn0%3D\">\n\t\t\t\t\t<div class=\"e-gallery-image elementor-gallery-item__image\" data-thumbnail=\"https:\/\/www.cm-benavente.pt\/wp-content\/uploads\/2025\/04\/festival-folclore-infantil-arepa-porto-alto-2-1024x507.jpg\" data-width=\"800\" data-height=\"396\" aria-label=\"\" role=\"img\" ><\/div>\n\t\t\t\t\t\t\t\t\t\t\t<div class=\"elementor-gallery-item__overlay\"><\/div>\n\t\t\t\t\t\t\t\t\t\t\t\t\t\t<\/a>\n\t\t\t\t\t\t\t<a class=\"e-gallery-item elementor-gallery-item elementor-animated-content\" href=\"https:\/\/www.cm-benavente.pt\/wp-content\/uploads\/2025\/04\/festival-folclore-infantil-arepa-porto-alto-3-scaled.jpg\" data-elementor-open-lightbox=\"yes\" data-elementor-lightbox-slideshow=\"407963d\" data-elementor-lightbox-title=\"festival folclore infantil arepa porto alto (3)\" data-e-action-hash=\"#elementor-action%3Aaction%3Dlightbox%26settings%3DeyJpZCI6NzA3MDksInVybCI6Imh0dHBzOlwvXC93d3cuY20tYmVuYXZlbnRlLnB0XC93cC1jb250ZW50XC91cGxvYWRzXC8yMDI1XC8wNFwvZmVzdGl2YWwtZm9sY2xvcmUtaW5mYW50aWwtYXJlcGEtcG9ydG8tYWx0by0zLXNjYWxlZC5qcGciLCJzbGlkZXNob3ciOiI0MDc5NjNkIn0%3D\">\n\t\t\t\t\t<div class=\"e-gallery-image elementor-gallery-item__image\" data-thumbnail=\"https:\/\/www.cm-benavente.pt\/wp-content\/uploads\/2025\/04\/festival-folclore-infantil-arepa-porto-alto-3-1024x560.jpg\" data-width=\"800\" data-height=\"438\" aria-label=\"\" role=\"img\" ><\/div>\n\t\t\t\t\t\t\t\t\t\t\t<div class=\"elementor-gallery-item__overlay\"><\/div>\n\t\t\t\t\t\t\t\t\t\t\t\t\t\t<\/a>\n\t\t\t\t\t\t\t<a class=\"e-gallery-item elementor-gallery-item elementor-animated-content\" href=\"https:\/\/www.cm-benavente.pt\/wp-content\/uploads\/2025\/04\/festival-folclore-infantil-arepa-porto-alto-4-scaled.jpg\" data-elementor-open-lightbox=\"yes\" data-elementor-lightbox-slideshow=\"407963d\" data-elementor-lightbox-title=\"festival folclore infantil arepa porto alto (4)\" data-e-action-hash=\"#elementor-action%3Aaction%3Dlightbox%26settings%3DeyJpZCI6NzA3MTAsInVybCI6Imh0dHBzOlwvXC93d3cuY20tYmVuYXZlbnRlLnB0XC93cC1jb250ZW50XC91cGxvYWRzXC8yMDI1XC8wNFwvZmVzdGl2YWwtZm9sY2xvcmUtaW5mYW50aWwtYXJlcGEtcG9ydG8tYWx0by00LXNjYWxlZC5qcGciLCJzbGlkZXNob3ciOiI0MDc5NjNkIn0%3D\">\n\t\t\t\t\t<div class=\"e-gallery-image elementor-gallery-item__image\" data-thumbnail=\"https:\/\/www.cm-benavente.pt\/wp-content\/uploads\/2025\/04\/festival-folclore-infantil-arepa-porto-alto-4-1024x497.jpg\" data-width=\"800\" data-height=\"388\" aria-label=\"\" role=\"img\" ><\/div>\n\t\t\t\t\t\t\t\t\t\t\t<div class=\"elementor-gallery-item__overlay\"><\/div>\n\t\t\t\t\t\t\t\t\t\t\t\t\t\t<\/a>\n\t\t\t\t\t\t\t<a class=\"e-gallery-item elementor-gallery-item elementor-animated-content\" href=\"https:\/\/www.cm-benavente.pt\/wp-content\/uploads\/2025\/04\/festival-folclore-infantil-arepa-porto-alto-5-scaled.jpg\" data-elementor-open-lightbox=\"yes\" data-elementor-lightbox-slideshow=\"407963d\" data-elementor-lightbox-title=\"festival folclore infantil arepa porto alto (5)\" data-e-action-hash=\"#elementor-action%3Aaction%3Dlightbox%26settings%3DeyJpZCI6NzA3MTEsInVybCI6Imh0dHBzOlwvXC93d3cuY20tYmVuYXZlbnRlLnB0XC93cC1jb250ZW50XC91cGxvYWRzXC8yMDI1XC8wNFwvZmVzdGl2YWwtZm9sY2xvcmUtaW5mYW50aWwtYXJlcGEtcG9ydG8tYWx0by01LXNjYWxlZC5qcGciLCJzbGlkZXNob3ciOiI0MDc5NjNkIn0%3D\">\n\t\t\t\t\t<div class=\"e-gallery-image elementor-gallery-item__image\" data-thumbnail=\"https:\/\/www.cm-benavente.pt\/wp-content\/uploads\/2025\/04\/festival-folclore-infantil-arepa-porto-alto-5-1024x585.jpg\" data-width=\"800\" data-height=\"457\" aria-label=\"\" role=\"img\" ><\/div>\n\t\t\t\t\t\t\t\t\t\t\t<div class=\"elementor-gallery-item__overlay\"><\/div>\n\t\t\t\t\t\t\t\t\t\t\t\t\t\t<\/a>\n\t\t\t\t\t\t\t<a class=\"e-gallery-item elementor-gallery-item elementor-animated-content\" href=\"https:\/\/www.cm-benavente.pt\/wp-content\/uploads\/2025\/04\/festival-folclore-infantil-arepa-porto-alto-6-scaled.jpg\" data-elementor-open-lightbox=\"yes\" data-elementor-lightbox-slideshow=\"407963d\" data-elementor-lightbox-title=\"festival folclore infantil arepa porto alto (6)\" data-e-action-hash=\"#elementor-action%3Aaction%3Dlightbox%26settings%3DeyJpZCI6NzA3MTIsInVybCI6Imh0dHBzOlwvXC93d3cuY20tYmVuYXZlbnRlLnB0XC93cC1jb250ZW50XC91cGxvYWRzXC8yMDI1XC8wNFwvZmVzdGl2YWwtZm9sY2xvcmUtaW5mYW50aWwtYXJlcGEtcG9ydG8tYWx0by02LXNjYWxlZC5qcGciLCJzbGlkZXNob3ciOiI0MDc5NjNkIn0%3D\">\n\t\t\t\t\t<div class=\"e-gallery-image elementor-gallery-item__image\" data-thumbnail=\"https:\/\/www.cm-benavente.pt\/wp-content\/uploads\/2025\/04\/festival-folclore-infantil-arepa-porto-alto-6-1024x565.jpg\" data-width=\"800\" data-height=\"441\" aria-label=\"\" role=\"img\" ><\/div>\n\t\t\t\t\t\t\t\t\t\t\t<div class=\"elementor-gallery-item__overlay\"><\/div>\n\t\t\t\t\t\t\t\t\t\t\t\t\t\t<\/a>\n\t\t\t\t\t\t\t<a class=\"e-gallery-item elementor-gallery-item elementor-animated-content\" href=\"https:\/\/www.cm-benavente.pt\/wp-content\/uploads\/2025\/04\/festival-folclore-infantil-arepa-porto-alto-7-scaled.jpg\" data-elementor-open-lightbox=\"yes\" data-elementor-lightbox-slideshow=\"407963d\" data-elementor-lightbox-title=\"festival folclore infantil arepa porto alto (7)\" data-e-action-hash=\"#elementor-action%3Aaction%3Dlightbox%26settings%3DeyJpZCI6NzA3MTMsInVybCI6Imh0dHBzOlwvXC93d3cuY20tYmVuYXZlbnRlLnB0XC93cC1jb250ZW50XC91cGxvYWRzXC8yMDI1XC8wNFwvZmVzdGl2YWwtZm9sY2xvcmUtaW5mYW50aWwtYXJlcGEtcG9ydG8tYWx0by03LXNjYWxlZC5qcGciLCJzbGlkZXNob3ciOiI0MDc5NjNkIn0%3D\">\n\t\t\t\t\t<div class=\"e-gallery-image elementor-gallery-item__image\" data-thumbnail=\"https:\/\/www.cm-benavente.pt\/wp-content\/uploads\/2025\/04\/festival-folclore-infantil-arepa-porto-alto-7-1024x564.jpg\" data-width=\"800\" data-height=\"441\" aria-label=\"\" role=\"img\" ><\/div>\n\t\t\t\t\t\t\t\t\t\t\t<div class=\"elementor-gallery-item__overlay\"><\/div>\n\t\t\t\t\t\t\t\t\t\t\t\t\t\t<\/a>\n\t\t\t\t\t\t\t<a class=\"e-gallery-item elementor-gallery-item elementor-animated-content\" href=\"https:\/\/www.cm-benavente.pt\/wp-content\/uploads\/2025\/04\/festival-folclore-infantil-arepa-porto-alto-8-scaled.jpg\" data-elementor-open-lightbox=\"yes\" data-elementor-lightbox-slideshow=\"407963d\" data-elementor-lightbox-title=\"festival folclore infantil arepa porto alto (8)\" data-e-action-hash=\"#elementor-action%3Aaction%3Dlightbox%26settings%3DeyJpZCI6NzA3MTQsInVybCI6Imh0dHBzOlwvXC93d3cuY20tYmVuYXZlbnRlLnB0XC93cC1jb250ZW50XC91cGxvYWRzXC8yMDI1XC8wNFwvZmVzdGl2YWwtZm9sY2xvcmUtaW5mYW50aWwtYXJlcGEtcG9ydG8tYWx0by04LXNjYWxlZC5qcGciLCJzbGlkZXNob3ciOiI0MDc5NjNkIn0%3D\">\n\t\t\t\t\t<div class=\"e-gallery-image elementor-gallery-item__image\" data-thumbnail=\"https:\/\/www.cm-benavente.pt\/wp-content\/uploads\/2025\/04\/festival-folclore-infantil-arepa-porto-alto-8-1024x600.jpg\" data-width=\"800\" data-height=\"469\" aria-label=\"\" role=\"img\" ><\/div>\n\t\t\t\t\t\t\t\t\t\t\t<div class=\"elementor-gallery-item__overlay\"><\/div>\n\t\t\t\t\t\t\t\t\t\t\t\t\t\t<\/a>\n\t\t\t\t\t\t\t<a class=\"e-gallery-item elementor-gallery-item elementor-animated-content\" href=\"https:\/\/www.cm-benavente.pt\/wp-content\/uploads\/2025\/04\/festival-folclore-infantil-arepa-porto-alto-9-scaled.jpg\" data-elementor-open-lightbox=\"yes\" data-elementor-lightbox-slideshow=\"407963d\" data-elementor-lightbox-title=\"festival folclore infantil arepa porto alto (9)\" data-e-action-hash=\"#elementor-action%3Aaction%3Dlightbox%26settings%3DeyJpZCI6NzA3MTUsInVybCI6Imh0dHBzOlwvXC93d3cuY20tYmVuYXZlbnRlLnB0XC93cC1jb250ZW50XC91cGxvYWRzXC8yMDI1XC8wNFwvZmVzdGl2YWwtZm9sY2xvcmUtaW5mYW50aWwtYXJlcGEtcG9ydG8tYWx0by05LXNjYWxlZC5qcGciLCJzbGlkZXNob3ciOiI0MDc5NjNkIn0%3D\">\n\t\t\t\t\t<div class=\"e-gallery-image elementor-gallery-item__image\" data-thumbnail=\"https:\/\/www.cm-benavente.pt\/wp-content\/uploads\/2025\/04\/festival-folclore-infantil-arepa-porto-alto-9-1024x663.jpg\" data-width=\"800\" data-height=\"518\" aria-label=\"\" role=\"img\" ><\/div>\n\t\t\t\t\t\t\t\t\t\t\t<div class=\"elementor-gallery-item__overlay\"><\/div>\n\t\t\t\t\t\t\t\t\t\t\t\t\t\t<\/a>\n\t\t\t\t\t\t\t<a class=\"e-gallery-item elementor-gallery-item elementor-animated-content\" href=\"https:\/\/www.cm-benavente.pt\/wp-content\/uploads\/2025\/04\/festival-folclore-infantil-arepa-porto-alto-10-scaled.jpg\" data-elementor-open-lightbox=\"yes\" data-elementor-lightbox-slideshow=\"407963d\" data-elementor-lightbox-title=\"festival folclore infantil arepa porto alto (10)\" data-e-action-hash=\"#elementor-action%3Aaction%3Dlightbox%26settings%3DeyJpZCI6NzA3MTYsInVybCI6Imh0dHBzOlwvXC93d3cuY20tYmVuYXZlbnRlLnB0XC93cC1jb250ZW50XC91cGxvYWRzXC8yMDI1XC8wNFwvZmVzdGl2YWwtZm9sY2xvcmUtaW5mYW50aWwtYXJlcGEtcG9ydG8tYWx0by0xMC1zY2FsZWQuanBnIiwic2xpZGVzaG93IjoiNDA3OTYzZCJ9\">\n\t\t\t\t\t<div class=\"e-gallery-image elementor-gallery-item__image\" data-thumbnail=\"https:\/\/www.cm-benavente.pt\/wp-content\/uploads\/2025\/04\/festival-folclore-infantil-arepa-porto-alto-10-1024x634.jpg\" data-width=\"800\" data-height=\"495\" aria-label=\"\" role=\"img\" ><\/div>\n\t\t\t\t\t\t\t\t\t\t\t<div class=\"elementor-gallery-item__overlay\"><\/div>\n\t\t\t\t\t\t\t\t\t\t\t\t\t\t<\/a>\n\t\t\t\t\t\t\t<a class=\"e-gallery-item elementor-gallery-item elementor-animated-content\" href=\"https:\/\/www.cm-benavente.pt\/wp-content\/uploads\/2025\/04\/festival-folclore-infantil-arepa-porto-alto-11-scaled.jpg\" data-elementor-open-lightbox=\"yes\" data-elementor-lightbox-slideshow=\"407963d\" data-elementor-lightbox-title=\"festival folclore infantil arepa porto alto (11)\" data-e-action-hash=\"#elementor-action%3Aaction%3Dlightbox%26settings%3DeyJpZCI6NzA3MTcsInVybCI6Imh0dHBzOlwvXC93d3cuY20tYmVuYXZlbnRlLnB0XC93cC1jb250ZW50XC91cGxvYWRzXC8yMDI1XC8wNFwvZmVzdGl2YWwtZm9sY2xvcmUtaW5mYW50aWwtYXJlcGEtcG9ydG8tYWx0by0xMS1zY2FsZWQuanBnIiwic2xpZGVzaG93IjoiNDA3OTYzZCJ9\">\n\t\t\t\t\t<div class=\"e-gallery-image elementor-gallery-item__image\" data-thumbnail=\"https:\/\/www.cm-benavente.pt\/wp-content\/uploads\/2025\/04\/festival-folclore-infantil-arepa-porto-alto-11-1024x559.jpg\" data-width=\"800\" data-height=\"437\" aria-label=\"\" role=\"img\" ><\/div>\n\t\t\t\t\t\t\t\t\t\t\t<div class=\"elementor-gallery-item__overlay\"><\/div>\n\t\t\t\t\t\t\t\t\t\t\t\t\t\t<\/a>\n\t\t\t\t\t\t\t<a class=\"e-gallery-item elementor-gallery-item elementor-animated-content\" href=\"https:\/\/www.cm-benavente.pt\/wp-content\/uploads\/2025\/04\/festival-folclore-infantil-arepa-porto-alto-12-scaled.jpg\" data-elementor-open-lightbox=\"yes\" data-elementor-lightbox-slideshow=\"407963d\" data-elementor-lightbox-title=\"festival folclore infantil arepa porto alto (12)\" data-e-action-hash=\"#elementor-action%3Aaction%3Dlightbox%26settings%3DeyJpZCI6NzA3MTgsInVybCI6Imh0dHBzOlwvXC93d3cuY20tYmVuYXZlbnRlLnB0XC93cC1jb250ZW50XC91cGxvYWRzXC8yMDI1XC8wNFwvZmVzdGl2YWwtZm9sY2xvcmUtaW5mYW50aWwtYXJlcGEtcG9ydG8tYWx0by0xMi1zY2FsZWQuanBnIiwic2xpZGVzaG93IjoiNDA3OTYzZCJ9\">\n\t\t\t\t\t<div class=\"e-gallery-image elementor-gallery-item__image\" data-thumbnail=\"https:\/\/www.cm-benavente.pt\/wp-content\/uploads\/2025\/04\/festival-folclore-infantil-arepa-porto-alto-12-1024x650.jpg\" data-width=\"800\" data-height=\"508\" aria-label=\"\" role=\"img\" ><\/div>\n\t\t\t\t\t\t\t\t\t\t\t<div class=\"elementor-gallery-item__overlay\"><\/div>\n\t\t\t\t\t\t\t\t\t\t\t\t\t\t<\/a>\n\t\t\t\t\t\t\t<a class=\"e-gallery-item elementor-gallery-item elementor-animated-content\" href=\"https:\/\/www.cm-benavente.pt\/wp-content\/uploads\/2025\/04\/festival-folclore-infantil-arepa-porto-alto-13-scaled.jpg\" data-elementor-open-lightbox=\"yes\" data-elementor-lightbox-slideshow=\"407963d\" data-elementor-lightbox-title=\"festival folclore infantil arepa porto alto (13)\" data-e-action-hash=\"#elementor-action%3Aaction%3Dlightbox%26settings%3DeyJpZCI6NzA3MTksInVybCI6Imh0dHBzOlwvXC93d3cuY20tYmVuYXZlbnRlLnB0XC93cC1jb250ZW50XC91cGxvYWRzXC8yMDI1XC8wNFwvZmVzdGl2YWwtZm9sY2xvcmUtaW5mYW50aWwtYXJlcGEtcG9ydG8tYWx0by0xMy1zY2FsZWQuanBnIiwic2xpZGVzaG93IjoiNDA3OTYzZCJ9\">\n\t\t\t\t\t<div class=\"e-gallery-image elementor-gallery-item__image\" data-thumbnail=\"https:\/\/www.cm-benavente.pt\/wp-content\/uploads\/2025\/04\/festival-folclore-infantil-arepa-porto-alto-13-1024x514.jpg\" data-width=\"800\" data-height=\"402\" aria-label=\"\" role=\"img\" ><\/div>\n\t\t\t\t\t\t\t\t\t\t\t<div class=\"elementor-gallery-item__overlay\"><\/div>\n\t\t\t\t\t\t\t\t\t\t\t\t\t\t<\/a>\n\t\t\t\t\t\t\t<a class=\"e-gallery-item elementor-gallery-item elementor-animated-content\" href=\"https:\/\/www.cm-benavente.pt\/wp-content\/uploads\/2025\/04\/festival-folclore-infantil-arepa-porto-alto-14-scaled.jpg\" data-elementor-open-lightbox=\"yes\" data-elementor-lightbox-slideshow=\"407963d\" data-elementor-lightbox-title=\"festival folclore infantil arepa porto alto (14)\" data-e-action-hash=\"#elementor-action%3Aaction%3Dlightbox%26settings%3DeyJpZCI6NzA3MjAsInVybCI6Imh0dHBzOlwvXC93d3cuY20tYmVuYXZlbnRlLnB0XC93cC1jb250ZW50XC91cGxvYWRzXC8yMDI1XC8wNFwvZmVzdGl2YWwtZm9sY2xvcmUtaW5mYW50aWwtYXJlcGEtcG9ydG8tYWx0by0xNC1zY2FsZWQuanBnIiwic2xpZGVzaG93IjoiNDA3OTYzZCJ9\">\n\t\t\t\t\t<div class=\"e-gallery-image elementor-gallery-item__image\" data-thumbnail=\"https:\/\/www.cm-benavente.pt\/wp-content\/uploads\/2025\/04\/festival-folclore-infantil-arepa-porto-alto-14-1024x499.jpg\" data-width=\"800\" data-height=\"390\" aria-label=\"\" role=\"img\" ><\/div>\n\t\t\t\t\t\t\t\t\t\t\t<div class=\"elementor-gallery-item__overlay\"><\/div>\n\t\t\t\t\t\t\t\t\t\t\t\t\t\t<\/a>\n\t\t\t\t\t\t\t<a class=\"e-gallery-item elementor-gallery-item elementor-animated-content\" href=\"https:\/\/www.cm-benavente.pt\/wp-content\/uploads\/2025\/04\/festival-folclore-infantil-arepa-porto-alto-15-scaled.jpg\" data-elementor-open-lightbox=\"yes\" data-elementor-lightbox-slideshow=\"407963d\" data-elementor-lightbox-title=\"festival folclore infantil arepa porto alto (15)\" data-e-action-hash=\"#elementor-action%3Aaction%3Dlightbox%26settings%3DeyJpZCI6NzA3MjEsInVybCI6Imh0dHBzOlwvXC93d3cuY20tYmVuYXZlbnRlLnB0XC93cC1jb250ZW50XC91cGxvYWRzXC8yMDI1XC8wNFwvZmVzdGl2YWwtZm9sY2xvcmUtaW5mYW50aWwtYXJlcGEtcG9ydG8tYWx0by0xNS1zY2FsZWQuanBnIiwic2xpZGVzaG93IjoiNDA3OTYzZCJ9\">\n\t\t\t\t\t<div class=\"e-gallery-image elementor-gallery-item__image\" data-thumbnail=\"https:\/\/www.cm-benavente.pt\/wp-content\/uploads\/2025\/04\/festival-folclore-infantil-arepa-porto-alto-15-1024x648.jpg\" data-width=\"800\" data-height=\"506\" aria-label=\"\" role=\"img\" ><\/div>\n\t\t\t\t\t\t\t\t\t\t\t<div class=\"elementor-gallery-item__overlay\"><\/div>\n\t\t\t\t\t\t\t\t\t\t\t\t\t\t<\/a>\n\t\t\t\t\t\t\t<a class=\"e-gallery-item elementor-gallery-item elementor-animated-content\" href=\"https:\/\/www.cm-benavente.pt\/wp-content\/uploads\/2025\/04\/festival-folclore-infantil-arepa-porto-alto-16-scaled.jpg\" data-elementor-open-lightbox=\"yes\" data-elementor-lightbox-slideshow=\"407963d\" data-elementor-lightbox-title=\"festival folclore infantil arepa porto alto (16)\" data-e-action-hash=\"#elementor-action%3Aaction%3Dlightbox%26settings%3DeyJpZCI6NzA3MjIsInVybCI6Imh0dHBzOlwvXC93d3cuY20tYmVuYXZlbnRlLnB0XC93cC1jb250ZW50XC91cGxvYWRzXC8yMDI1XC8wNFwvZmVzdGl2YWwtZm9sY2xvcmUtaW5mYW50aWwtYXJlcGEtcG9ydG8tYWx0by0xNi1zY2FsZWQuanBnIiwic2xpZGVzaG93IjoiNDA3OTYzZCJ9\">\n\t\t\t\t\t<div class=\"e-gallery-image elementor-gallery-item__image\" data-thumbnail=\"https:\/\/www.cm-benavente.pt\/wp-content\/uploads\/2025\/04\/festival-folclore-infantil-arepa-porto-alto-16-1024x595.jpg\" data-width=\"800\" data-height=\"465\" aria-label=\"\" role=\"img\" ><\/div>\n\t\t\t\t\t\t\t\t\t\t\t<div class=\"elementor-gallery-item__overlay\"><\/div>\n\t\t\t\t\t\t\t\t\t\t\t\t\t\t<\/a>\n\t\t\t\t\t\t\t<a class=\"e-gallery-item elementor-gallery-item elementor-animated-content\" href=\"https:\/\/www.cm-benavente.pt\/wp-content\/uploads\/2025\/04\/festival-folclore-infantil-arepa-porto-alto-17-scaled.jpg\" data-elementor-open-lightbox=\"yes\" data-elementor-lightbox-slideshow=\"407963d\" data-elementor-lightbox-title=\"festival folclore infantil arepa porto alto (17)\" data-e-action-hash=\"#elementor-action%3Aaction%3Dlightbox%26settings%3DeyJpZCI6NzA3MjMsInVybCI6Imh0dHBzOlwvXC93d3cuY20tYmVuYXZlbnRlLnB0XC93cC1jb250ZW50XC91cGxvYWRzXC8yMDI1XC8wNFwvZmVzdGl2YWwtZm9sY2xvcmUtaW5mYW50aWwtYXJlcGEtcG9ydG8tYWx0by0xNy1zY2FsZWQuanBnIiwic2xpZGVzaG93IjoiNDA3OTYzZCJ9\">\n\t\t\t\t\t<div class=\"e-gallery-image elementor-gallery-item__image\" data-thumbnail=\"https:\/\/www.cm-benavente.pt\/wp-content\/uploads\/2025\/04\/festival-folclore-infantil-arepa-porto-alto-17-1024x451.jpg\" data-width=\"800\" data-height=\"352\" aria-label=\"\" role=\"img\" ><\/div>\n\t\t\t\t\t\t\t\t\t\t\t<div class=\"elementor-gallery-item__overlay\"><\/div>\n\t\t\t\t\t\t\t\t\t\t\t\t\t\t<\/a>\n\t\t\t\t\t\t\t<a class=\"e-gallery-item elementor-gallery-item elementor-animated-content\" href=\"https:\/\/www.cm-benavente.pt\/wp-content\/uploads\/2025\/04\/festival-folclore-infantil-arepa-porto-alto-18-scaled.jpg\" data-elementor-open-lightbox=\"yes\" data-elementor-lightbox-slideshow=\"407963d\" data-elementor-lightbox-title=\"festival folclore infantil arepa porto alto (18)\" data-e-action-hash=\"#elementor-action%3Aaction%3Dlightbox%26settings%3DeyJpZCI6NzA3MjQsInVybCI6Imh0dHBzOlwvXC93d3cuY20tYmVuYXZlbnRlLnB0XC93cC1jb250ZW50XC91cGxvYWRzXC8yMDI1XC8wNFwvZmVzdGl2YWwtZm9sY2xvcmUtaW5mYW50aWwtYXJlcGEtcG9ydG8tYWx0by0xOC1zY2FsZWQuanBnIiwic2xpZGVzaG93IjoiNDA3OTYzZCJ9\">\n\t\t\t\t\t<div class=\"e-gallery-image elementor-gallery-item__image\" data-thumbnail=\"https:\/\/www.cm-benavente.pt\/wp-content\/uploads\/2025\/04\/festival-folclore-infantil-arepa-porto-alto-18-1024x606.jpg\" data-width=\"800\" data-height=\"473\" aria-label=\"\" role=\"img\" ><\/div>\n\t\t\t\t\t\t\t\t\t\t\t<div class=\"elementor-gallery-item__overlay\"><\/div>\n\t\t\t\t\t\t\t\t\t\t\t\t\t\t<\/a>\n\t\t\t\t\t\t\t<a class=\"e-gallery-item elementor-gallery-item elementor-animated-content\" href=\"https:\/\/www.cm-benavente.pt\/wp-content\/uploads\/2025\/04\/festival-folclore-infantil-arepa-porto-alto-19-scaled.jpg\" data-elementor-open-lightbox=\"yes\" data-elementor-lightbox-slideshow=\"407963d\" data-elementor-lightbox-title=\"festival folclore infantil arepa porto alto (19)\" data-e-action-hash=\"#elementor-action%3Aaction%3Dlightbox%26settings%3DeyJpZCI6NzA3MjUsInVybCI6Imh0dHBzOlwvXC93d3cuY20tYmVuYXZlbnRlLnB0XC93cC1jb250ZW50XC91cGxvYWRzXC8yMDI1XC8wNFwvZmVzdGl2YWwtZm9sY2xvcmUtaW5mYW50aWwtYXJlcGEtcG9ydG8tYWx0by0xOS1zY2FsZWQuanBnIiwic2xpZGVzaG93IjoiNDA3OTYzZCJ9\">\n\t\t\t\t\t<div class=\"e-gallery-image elementor-gallery-item__image\" data-thumbnail=\"https:\/\/www.cm-benavente.pt\/wp-content\/uploads\/2025\/04\/festival-folclore-infantil-arepa-porto-alto-19-1024x660.jpg\" data-width=\"800\" data-height=\"516\" aria-label=\"\" role=\"img\" ><\/div>\n\t\t\t\t\t\t\t\t\t\t\t<div class=\"elementor-gallery-item__overlay\"><\/div>\n\t\t\t\t\t\t\t\t\t\t\t\t\t\t<\/a>\n\t\t\t\t\t\t\t<a class=\"e-gallery-item elementor-gallery-item elementor-animated-content\" href=\"https:\/\/www.cm-benavente.pt\/wp-content\/uploads\/2025\/04\/festival-folclore-infantil-arepa-porto-alto-20-scaled.jpg\" data-elementor-open-lightbox=\"yes\" data-elementor-lightbox-slideshow=\"407963d\" data-elementor-lightbox-title=\"festival folclore infantil arepa porto alto (20)\" data-e-action-hash=\"#elementor-action%3Aaction%3Dlightbox%26settings%3DeyJpZCI6NzA3MjYsInVybCI6Imh0dHBzOlwvXC93d3cuY20tYmVuYXZlbnRlLnB0XC93cC1jb250ZW50XC91cGxvYWRzXC8yMDI1XC8wNFwvZmVzdGl2YWwtZm9sY2xvcmUtaW5mYW50aWwtYXJlcGEtcG9ydG8tYWx0by0yMC1zY2FsZWQuanBnIiwic2xpZGVzaG93IjoiNDA3OTYzZCJ9\">\n\t\t\t\t\t<div class=\"e-gallery-image elementor-gallery-item__image\" data-thumbnail=\"https:\/\/www.cm-benavente.pt\/wp-content\/uploads\/2025\/04\/festival-folclore-infantil-arepa-porto-alto-20-1024x588.jpg\" data-width=\"800\" data-height=\"459\" aria-label=\"\" role=\"img\" ><\/div>\n\t\t\t\t\t\t\t\t\t\t\t<div class=\"elementor-gallery-item__overlay\"><\/div>\n\t\t\t\t\t\t\t\t\t\t\t\t\t\t<\/a>\n\t\t\t\t\t\t\t<a class=\"e-gallery-item elementor-gallery-item elementor-animated-content\" href=\"https:\/\/www.cm-benavente.pt\/wp-content\/uploads\/2025\/04\/festival-folclore-infantil-arepa-porto-alto-21.jpg\" data-elementor-open-lightbox=\"yes\" data-elementor-lightbox-slideshow=\"407963d\" data-elementor-lightbox-title=\"festival folclore infantil arepa porto alto (21)\" data-e-action-hash=\"#elementor-action%3Aaction%3Dlightbox%26settings%3DeyJpZCI6NzA3MjcsInVybCI6Imh0dHBzOlwvXC93d3cuY20tYmVuYXZlbnRlLnB0XC93cC1jb250ZW50XC91cGxvYWRzXC8yMDI1XC8wNFwvZmVzdGl2YWwtZm9sY2xvcmUtaW5mYW50aWwtYXJlcGEtcG9ydG8tYWx0by0yMS5qcGciLCJzbGlkZXNob3ciOiI0MDc5NjNkIn0%3D\">\n\t\t\t\t\t<div class=\"e-gallery-image elementor-gallery-item__image\" data-thumbnail=\"https:\/\/www.cm-benavente.pt\/wp-content\/uploads\/2025\/04\/festival-folclore-infantil-arepa-porto-alto-21-1024x629.jpg\" data-width=\"800\" data-height=\"491\" aria-label=\"\" role=\"img\" ><\/div>\n\t\t\t\t\t\t\t\t\t\t\t<div class=\"elementor-gallery-item__overlay\"><\/div>\n\t\t\t\t\t\t\t\t\t\t\t\t\t\t<\/a>\n\t\t\t\t\t\t\t<a class=\"e-gallery-item elementor-gallery-item elementor-animated-content\" href=\"https:\/\/www.cm-benavente.pt\/wp-content\/uploads\/2025\/04\/festival-folclore-infantil-arepa-porto-alto-22-scaled.jpg\" data-elementor-open-lightbox=\"yes\" data-elementor-lightbox-slideshow=\"407963d\" data-elementor-lightbox-title=\"festival folclore infantil arepa porto alto (22)\" data-e-action-hash=\"#elementor-action%3Aaction%3Dlightbox%26settings%3DeyJpZCI6NzA3MjgsInVybCI6Imh0dHBzOlwvXC93d3cuY20tYmVuYXZlbnRlLnB0XC93cC1jb250ZW50XC91cGxvYWRzXC8yMDI1XC8wNFwvZmVzdGl2YWwtZm9sY2xvcmUtaW5mYW50aWwtYXJlcGEtcG9ydG8tYWx0by0yMi1zY2FsZWQuanBnIiwic2xpZGVzaG93IjoiNDA3OTYzZCJ9\">\n\t\t\t\t\t<div class=\"e-gallery-image elementor-gallery-item__image\" data-thumbnail=\"https:\/\/www.cm-benavente.pt\/wp-content\/uploads\/2025\/04\/festival-folclore-infantil-arepa-porto-alto-22-1024x648.jpg\" data-width=\"800\" data-height=\"506\" aria-label=\"\" role=\"img\" ><\/div>\n\t\t\t\t\t\t\t\t\t\t\t<div class=\"elementor-gallery-item__overlay\"><\/div>\n\t\t\t\t\t\t\t\t\t\t\t\t\t\t<\/a>\n\t\t\t\t\t<\/div>\n\t\t\t\t\t<\/div>\n\t\t\t\t<\/div>\n\t\t\t\t\t<\/div>\n\t\t\t\t<\/div>\n\t\t\t\t<\/div>\n\t\t","protected":false},"excerpt":{"rendered":"<p>O Sal\u00e3o da Arepa, no Porto Alto, acolheu mais um Festival de Folclore Infantil, criando momentos muito agrad\u00e1veis, mostrando as tradi\u00e7\u00f5es do Ribatejo e do interior norte do Pa\u00eds, onde o folclore est\u00e1 vivo e tem futuro.<\/p>\n","protected":false},"author":3,"featured_media":70705,"comment_status":"closed","ping_status":"closed","sticky":false,"template":"","format":"standard","meta":{"_vp_format_video_url":"","_vp_image_focal_point":[],"footnotes":""},"categories":[511,518],"tags":[125,57,698,835,184,250,1038],"class_list":["post-70704","post","type-post","status-publish","format-standard","has-post-thumbnail","hentry","category-cultura-noticias","category-municipio","tag-arepa","tag-danca","tag-festival","tag-folclore","tag-infantil","tag-porto-alto","tag-tradicao"],"_links":{"self":[{"href":"https:\/\/www.cm-benavente.pt\/index.php\/wp-json\/wp\/v2\/posts\/70704","targetHints":{"allow":["GET"]}}],"collection":[{"href":"https:\/\/www.cm-benavente.pt\/index.php\/wp-json\/wp\/v2\/posts"}],"about":[{"href":"https:\/\/www.cm-benavente.pt\/index.php\/wp-json\/wp\/v2\/types\/post"}],"author":[{"embeddable":true,"href":"https:\/\/www.cm-benavente.pt\/index.php\/wp-json\/wp\/v2\/users\/3"}],"replies":[{"embeddable":true,"href":"https:\/\/www.cm-benavente.pt\/index.php\/wp-json\/wp\/v2\/comments?post=70704"}],"version-history":[{"count":4,"href":"https:\/\/www.cm-benavente.pt\/index.php\/wp-json\/wp\/v2\/posts\/70704\/revisions"}],"predecessor-version":[{"id":70731,"href":"https:\/\/www.cm-benavente.pt\/index.php\/wp-json\/wp\/v2\/posts\/70704\/revisions\/70731"}],"wp:featuredmedia":[{"embeddable":true,"href":"https:\/\/www.cm-benavente.pt\/index.php\/wp-json\/wp\/v2\/media\/70705"}],"wp:attachment":[{"href":"https:\/\/www.cm-benavente.pt\/index.php\/wp-json\/wp\/v2\/media?parent=70704"}],"wp:term":[{"taxonomy":"category","embeddable":true,"href":"https:\/\/www.cm-benavente.pt\/index.php\/wp-json\/wp\/v2\/categories?post=70704"},{"taxonomy":"post_tag","embeddable":true,"href":"https:\/\/www.cm-benavente.pt\/index.php\/wp-json\/wp\/v2\/tags?post=70704"}],"curies":[{"name":"wp","href":"https:\/\/api.w.org\/{rel}","templated":true}]}}