{"id":70503,"date":"2025-04-07T09:23:19","date_gmt":"2025-04-07T09:23:19","guid":{"rendered":"https:\/\/www.cm-benavente.pt\/?p=70503"},"modified":"2025-04-07T09:26:17","modified_gmt":"2025-04-07T09:26:17","slug":"cuab-campeoes-distritais-e-vice-campeoes-distritais-em-ginastica-e-aerobica","status":"publish","type":"post","link":"https:\/\/www.cm-benavente.pt\/index.php\/2025\/04\/07\/cuab-campeoes-distritais-e-vice-campeoes-distritais-em-ginastica-e-aerobica\/","title":{"rendered":"CUAB \u2013 Campe\u00f5es Distritais e Vice-Campe\u00f5es Distritais em Gin\u00e1stica e Aer\u00f3bica"},"content":{"rendered":"\t\t<div data-elementor-type=\"wp-post\" data-elementor-id=\"70503\" class=\"elementor elementor-70503\" data-elementor-post-type=\"post\">\n\t\t\t\t<div class=\"elementor-element elementor-element-9eaa430 e-flex e-con-boxed e-con e-parent\" data-id=\"9eaa430\" data-element_type=\"container\" data-e-type=\"container\" data-settings=\"{&quot;tmea_shape_divider_top&quot;:&quot;none&quot;,&quot;tmea_shape_divider_bottom&quot;:&quot;none&quot;}\">\n\t\t\t\t\t<div class=\"e-con-inner\">\n\t\t\n\t\t<div class=\"elementor-element elementor-element-9ee7a10 elementor-widget elementor-widget-text-editor\" data-id=\"9ee7a10\" data-element_type=\"widget\" data-e-type=\"widget\" data-widget_type=\"text-editor.default\">\n\t\t\t\t<div class=\"elementor-widget-container\">\n\t\t\t\t\t\t\t\t\t<p>Num fim de semana dedicado \u00e0 gin\u00e1stica, decorreram no <strong>Pavilh\u00e3o Gimnodesportivo da Barrosa<\/strong>, os <strong>Campeonatos Distritais de Gin\u00e1stica Acrob\u00e1tica e de Gin\u00e1stica Aer\u00f3bica<\/strong>. <br \/>Duas provas da <strong>Associa\u00e7\u00e3o de Gin\u00e1stica de Santar\u00e9m<\/strong>, coorganizadas pelo <strong>Clube Uni\u00e3o Art\u00edstica Benaventense<\/strong>, que se destacou pelos resultados bastante positivos em ambas as modalidades. <\/p><p>Na <strong>prova de Acrob\u00e1tica de s\u00e1bado<\/strong>, foram alcan\u00e7ados pelo CUAB em todas as categorias de 2\u00aa Divis\u00e3o em que participou, os t\u00edtulos de Camp\u00f5es Distritais e Vice-Campe\u00f5es Distritais, nomeadamente: <br \/><br \/>\ud83e\udd47Par Iniciado 2.\u00aa Divis\u00e3o &#8211; Carolina Catarino | Margarida Ferreira <br \/>\ud83e\udd48Trio Iniciado 2.\u00aa Divis\u00e3o &#8211; Let\u00edcia Neves | Leticya Costa | Madalena Pedroso <br \/>\ud83e\udd47Par Juvenil 2.\u00aa Divisao &#8211; In\u00eas Rodrigues | Leonor Lopes <br \/>\ud83e\udd48Par J\u00fanior 2.\u00aa Divis\u00e3o &#8211; M\u00aa Lu\u00edsa Teixeira | Laura Sim\u00f5es <br \/>\ud83e\udd47Trio J\u00fanior 2.\u00aa Divis\u00e3o &#8211; Matilde Resende | Mariana Santos | Ana Cod\u00eaa<\/p><p>No <strong>domingo, na prova de Aer\u00f3bica<\/strong>, o cen\u00e1rio repetiu-se, levando para casa v\u00e1rios t\u00edtulos de Camp\u00f5es Distritais e Vice-Campe\u00f5es Distritais, nomeadamente: <br \/><br \/>\ud83e\udd47Individual Feminino Iniciado Divis\u00e3o Base &#8211; Sofia Carvalho <br \/>\ud83e\udd48Individual Feminino Iniciado Divis\u00e3o Base &#8211; Maria Correia <br \/>\ud83e\udd47Par Feminino Iniciado Divis\u00e3o Base &#8211; Sofia Carvalho e Maria Correia <br \/>\ud83e\udd47Individual Feminino Juvenil Divis\u00e3o Base &#8211; In\u00eas Ribeiro <br \/>\ud83e\udd47Individual Feminino J\u00fanior Divis\u00e3o Base &#8211; Lara Lopes <br \/>\ud83e\udd47Par Feminino J\u00fanior Divis\u00e3o Base &#8211; Lara Lopes e Beatriz Ferreira <br \/>\ud83e\udd47Trio Feminino J\u00fanior Divis\u00e3o Base &#8211; Lara Lopes | Beatriz Ferreira | In\u00eas Ribeiro <br \/>\ud83e\udd47Individual Feminino S\u00e9nior Divis\u00e3o Base &#8211; Ana Soares <br \/>\ud83e\udd47Individual Masculino S\u00e9nior Elite &#8211; Diogo Soares<\/p>\t\t\t\t\t\t\t\t<\/div>\n\t\t\t\t<\/div>\n\t\t\t\t<div class=\"elementor-element elementor-element-925d489 elementor-widget elementor-widget-gallery\" data-id=\"925d489\" data-element_type=\"widget\" data-e-type=\"widget\" data-settings=\"{&quot;columns&quot;:5,&quot;lazyload&quot;:&quot;yes&quot;,&quot;gallery_layout&quot;:&quot;grid&quot;,&quot;columns_tablet&quot;:2,&quot;columns_mobile&quot;:1,&quot;gap&quot;:{&quot;unit&quot;:&quot;px&quot;,&quot;size&quot;:10,&quot;sizes&quot;:[]},&quot;gap_widescreen&quot;:{&quot;unit&quot;:&quot;px&quot;,&quot;size&quot;:&quot;&quot;,&quot;sizes&quot;:[]},&quot;gap_laptop&quot;:{&quot;unit&quot;:&quot;px&quot;,&quot;size&quot;:10,&quot;sizes&quot;:[]},&quot;gap_tablet_extra&quot;:{&quot;unit&quot;:&quot;px&quot;,&quot;size&quot;:10,&quot;sizes&quot;:[]},&quot;gap_tablet&quot;:{&quot;unit&quot;:&quot;px&quot;,&quot;size&quot;:10,&quot;sizes&quot;:[]},&quot;gap_mobile_extra&quot;:{&quot;unit&quot;:&quot;px&quot;,&quot;size&quot;:10,&quot;sizes&quot;:[]},&quot;gap_mobile&quot;:{&quot;unit&quot;:&quot;px&quot;,&quot;size&quot;:10,&quot;sizes&quot;:[]},&quot;link_to&quot;:&quot;file&quot;,&quot;aspect_ratio&quot;:&quot;3:2&quot;,&quot;overlay_background&quot;:&quot;yes&quot;,&quot;content_hover_animation&quot;:&quot;fade-in&quot;}\" data-widget_type=\"gallery.default\">\n\t\t\t\t<div class=\"elementor-widget-container\">\n\t\t\t\t\t\t\t<div class=\"elementor-gallery__container\">\n\t\t\t\t\t\t\t<a class=\"e-gallery-item elementor-gallery-item elementor-animated-content\" href=\"https:\/\/www.cm-benavente.pt\/wp-content\/uploads\/2025\/04\/CUAB_Acrobatica.jpg\" data-elementor-open-lightbox=\"yes\" data-elementor-lightbox-slideshow=\"925d489\" data-elementor-lightbox-title=\"CUAB_Acrob\u00e3tica\" data-e-action-hash=\"#elementor-action%3Aaction%3Dlightbox%26settings%3DeyJpZCI6NzA1MTQsInVybCI6Imh0dHBzOlwvXC93d3cuY20tYmVuYXZlbnRlLnB0XC93cC1jb250ZW50XC91cGxvYWRzXC8yMDI1XC8wNFwvQ1VBQl9BY3JvYmF0aWNhLmpwZyIsInNsaWRlc2hvdyI6IjkyNWQ0ODkifQ%3D%3D\">\n\t\t\t\t\t<div class=\"e-gallery-image elementor-gallery-item__image\" data-thumbnail=\"https:\/\/www.cm-benavente.pt\/wp-content\/uploads\/2025\/04\/CUAB_Acrobatica-768x1024.jpg\" data-width=\"768\" data-height=\"1024\" aria-label=\"\" role=\"img\" ><\/div>\n\t\t\t\t\t\t\t\t\t\t\t<div class=\"elementor-gallery-item__overlay\"><\/div>\n\t\t\t\t\t\t\t\t\t\t\t\t\t\t<\/a>\n\t\t\t\t\t\t\t<a class=\"e-gallery-item elementor-gallery-item elementor-animated-content\" href=\"https:\/\/www.cm-benavente.pt\/wp-content\/uploads\/2025\/04\/AERO_Elite-Senior_Diogo-Soares.jpg\" data-elementor-open-lightbox=\"yes\" data-elementor-lightbox-slideshow=\"925d489\" data-elementor-lightbox-title=\"AERO_Elite S\u00e9nior_Diogo Soares\" data-e-action-hash=\"#elementor-action%3Aaction%3Dlightbox%26settings%3DeyJpZCI6NzA1MDcsInVybCI6Imh0dHBzOlwvXC93d3cuY20tYmVuYXZlbnRlLnB0XC93cC1jb250ZW50XC91cGxvYWRzXC8yMDI1XC8wNFwvQUVST19FbGl0ZS1TZW5pb3JfRGlvZ28tU29hcmVzLmpwZyIsInNsaWRlc2hvdyI6IjkyNWQ0ODkifQ%3D%3D\">\n\t\t\t\t\t<div class=\"e-gallery-image elementor-gallery-item__image\" data-thumbnail=\"https:\/\/www.cm-benavente.pt\/wp-content\/uploads\/2025\/04\/AERO_Elite-Senior_Diogo-Soares-1024x682.jpg\" data-width=\"800\" data-height=\"533\" aria-label=\"\" role=\"img\" ><\/div>\n\t\t\t\t\t\t\t\t\t\t\t<div class=\"elementor-gallery-item__overlay\"><\/div>\n\t\t\t\t\t\t\t\t\t\t\t\t\t\t<\/a>\n\t\t\t\t\t\t\t<a class=\"e-gallery-item elementor-gallery-item elementor-animated-content\" href=\"https:\/\/www.cm-benavente.pt\/wp-content\/uploads\/2025\/04\/AERO_Senior_Ana-Soares.jpg\" data-elementor-open-lightbox=\"yes\" data-elementor-lightbox-slideshow=\"925d489\" data-elementor-lightbox-title=\"AERO_S\u00e9nior_Ana Soares\" data-e-action-hash=\"#elementor-action%3Aaction%3Dlightbox%26settings%3DeyJpZCI6NzA1MDgsInVybCI6Imh0dHBzOlwvXC93d3cuY20tYmVuYXZlbnRlLnB0XC93cC1jb250ZW50XC91cGxvYWRzXC8yMDI1XC8wNFwvQUVST19TZW5pb3JfQW5hLVNvYXJlcy5qcGciLCJzbGlkZXNob3ciOiI5MjVkNDg5In0%3D\">\n\t\t\t\t\t<div class=\"e-gallery-image elementor-gallery-item__image\" data-thumbnail=\"https:\/\/www.cm-benavente.pt\/wp-content\/uploads\/2025\/04\/AERO_Senior_Ana-Soares-1024x682.jpg\" data-width=\"800\" data-height=\"533\" aria-label=\"\" role=\"img\" ><\/div>\n\t\t\t\t\t\t\t\t\t\t\t<div class=\"elementor-gallery-item__overlay\"><\/div>\n\t\t\t\t\t\t\t\t\t\t\t\t\t\t<\/a>\n\t\t\t\t\t\t\t<a class=\"e-gallery-item elementor-gallery-item elementor-animated-content\" href=\"https:\/\/www.cm-benavente.pt\/wp-content\/uploads\/2025\/04\/AERO_Trio-Junior_Lara-Lopes_Beatriz-Ferreira_Ines-Ribeiro.jpg\" data-elementor-open-lightbox=\"yes\" data-elementor-lightbox-slideshow=\"925d489\" data-elementor-lightbox-title=\"AERO_Trio Junior_Lara Lopes_Beatriz Ferreira_In\u00eas Ribeiro\" data-e-action-hash=\"#elementor-action%3Aaction%3Dlightbox%26settings%3DeyJpZCI6NzA1MDksInVybCI6Imh0dHBzOlwvXC93d3cuY20tYmVuYXZlbnRlLnB0XC93cC1jb250ZW50XC91cGxvYWRzXC8yMDI1XC8wNFwvQUVST19UcmlvLUp1bmlvcl9MYXJhLUxvcGVzX0JlYXRyaXotRmVycmVpcmFfSW5lcy1SaWJlaXJvLmpwZyIsInNsaWRlc2hvdyI6IjkyNWQ0ODkifQ%3D%3D\">\n\t\t\t\t\t<div class=\"e-gallery-image elementor-gallery-item__image\" data-thumbnail=\"https:\/\/www.cm-benavente.pt\/wp-content\/uploads\/2025\/04\/AERO_Trio-Junior_Lara-Lopes_Beatriz-Ferreira_Ines-Ribeiro-682x1024.jpg\" data-width=\"682\" data-height=\"1024\" aria-label=\"\" role=\"img\" ><\/div>\n\t\t\t\t\t\t\t\t\t\t\t<div class=\"elementor-gallery-item__overlay\"><\/div>\n\t\t\t\t\t\t\t\t\t\t\t\t\t\t<\/a>\n\t\t\t\t\t\t\t<a class=\"e-gallery-item elementor-gallery-item elementor-animated-content\" href=\"https:\/\/www.cm-benavente.pt\/wp-content\/uploads\/2025\/04\/AERO_Iniciados_Sofia-Carvalho-e-Maria-Correia.jpg\" data-elementor-open-lightbox=\"yes\" data-elementor-lightbox-slideshow=\"925d489\" data-elementor-lightbox-title=\"AERO_Iniciados_Sofia Carvalho e Maria Correia\" data-e-action-hash=\"#elementor-action%3Aaction%3Dlightbox%26settings%3DeyJpZCI6NzA1MTAsInVybCI6Imh0dHBzOlwvXC93d3cuY20tYmVuYXZlbnRlLnB0XC93cC1jb250ZW50XC91cGxvYWRzXC8yMDI1XC8wNFwvQUVST19JbmljaWFkb3NfU29maWEtQ2FydmFsaG8tZS1NYXJpYS1Db3JyZWlhLmpwZyIsInNsaWRlc2hvdyI6IjkyNWQ0ODkifQ%3D%3D\">\n\t\t\t\t\t<div class=\"e-gallery-image elementor-gallery-item__image\" data-thumbnail=\"https:\/\/www.cm-benavente.pt\/wp-content\/uploads\/2025\/04\/AERO_Iniciados_Sofia-Carvalho-e-Maria-Correia-1024x682.jpg\" data-width=\"800\" data-height=\"533\" aria-label=\"\" role=\"img\" ><\/div>\n\t\t\t\t\t\t\t\t\t\t\t<div class=\"elementor-gallery-item__overlay\"><\/div>\n\t\t\t\t\t\t\t\t\t\t\t\t\t\t<\/a>\n\t\t\t\t\t\t\t<a class=\"e-gallery-item elementor-gallery-item elementor-animated-content\" href=\"https:\/\/www.cm-benavente.pt\/wp-content\/uploads\/2025\/04\/AERO_Junior_Lara-Lopes.jpg\" data-elementor-open-lightbox=\"yes\" data-elementor-lightbox-slideshow=\"925d489\" data-elementor-lightbox-title=\"AERO_Junior_Lara Lopes\" data-e-action-hash=\"#elementor-action%3Aaction%3Dlightbox%26settings%3DeyJpZCI6NzA1MTEsInVybCI6Imh0dHBzOlwvXC93d3cuY20tYmVuYXZlbnRlLnB0XC93cC1jb250ZW50XC91cGxvYWRzXC8yMDI1XC8wNFwvQUVST19KdW5pb3JfTGFyYS1Mb3Blcy5qcGciLCJzbGlkZXNob3ciOiI5MjVkNDg5In0%3D\">\n\t\t\t\t\t<div class=\"e-gallery-image elementor-gallery-item__image\" data-thumbnail=\"https:\/\/www.cm-benavente.pt\/wp-content\/uploads\/2025\/04\/AERO_Junior_Lara-Lopes-1024x682.jpg\" data-width=\"800\" data-height=\"533\" aria-label=\"\" role=\"img\" ><\/div>\n\t\t\t\t\t\t\t\t\t\t\t<div class=\"elementor-gallery-item__overlay\"><\/div>\n\t\t\t\t\t\t\t\t\t\t\t\t\t\t<\/a>\n\t\t\t\t\t\t\t<a class=\"e-gallery-item elementor-gallery-item elementor-animated-content\" href=\"https:\/\/www.cm-benavente.pt\/wp-content\/uploads\/2025\/04\/AERO_Juvenil_Ines-Ribeiro.jpg\" data-elementor-open-lightbox=\"yes\" data-elementor-lightbox-slideshow=\"925d489\" data-elementor-lightbox-title=\"AERO_Juvenil_In\u00eas Ribeiro\" data-e-action-hash=\"#elementor-action%3Aaction%3Dlightbox%26settings%3DeyJpZCI6NzA1MTIsInVybCI6Imh0dHBzOlwvXC93d3cuY20tYmVuYXZlbnRlLnB0XC93cC1jb250ZW50XC91cGxvYWRzXC8yMDI1XC8wNFwvQUVST19KdXZlbmlsX0luZXMtUmliZWlyby5qcGciLCJzbGlkZXNob3ciOiI5MjVkNDg5In0%3D\">\n\t\t\t\t\t<div class=\"e-gallery-image elementor-gallery-item__image\" data-thumbnail=\"https:\/\/www.cm-benavente.pt\/wp-content\/uploads\/2025\/04\/AERO_Juvenil_Ines-Ribeiro-1024x682.jpg\" data-width=\"800\" data-height=\"533\" aria-label=\"\" role=\"img\" ><\/div>\n\t\t\t\t\t\t\t\t\t\t\t<div class=\"elementor-gallery-item__overlay\"><\/div>\n\t\t\t\t\t\t\t\t\t\t\t\t\t\t<\/a>\n\t\t\t\t\t\t\t<a class=\"e-gallery-item elementor-gallery-item elementor-animated-content\" href=\"https:\/\/www.cm-benavente.pt\/wp-content\/uploads\/2025\/04\/AERO_Par-Junior-Lara-Lopes_Beatriz-Ferreira.jpg\" data-elementor-open-lightbox=\"yes\" data-elementor-lightbox-slideshow=\"925d489\" data-elementor-lightbox-title=\"AERO_Par J\u00fanior Lara Lopes_Beatriz Ferreira\" data-e-action-hash=\"#elementor-action%3Aaction%3Dlightbox%26settings%3DeyJpZCI6NzA1MTMsInVybCI6Imh0dHBzOlwvXC93d3cuY20tYmVuYXZlbnRlLnB0XC93cC1jb250ZW50XC91cGxvYWRzXC8yMDI1XC8wNFwvQUVST19QYXItSnVuaW9yLUxhcmEtTG9wZXNfQmVhdHJpei1GZXJyZWlyYS5qcGciLCJzbGlkZXNob3ciOiI5MjVkNDg5In0%3D\">\n\t\t\t\t\t<div class=\"e-gallery-image elementor-gallery-item__image\" data-thumbnail=\"https:\/\/www.cm-benavente.pt\/wp-content\/uploads\/2025\/04\/AERO_Par-Junior-Lara-Lopes_Beatriz-Ferreira-1024x682.jpg\" data-width=\"800\" data-height=\"533\" aria-label=\"\" role=\"img\" ><\/div>\n\t\t\t\t\t\t\t\t\t\t\t<div class=\"elementor-gallery-item__overlay\"><\/div>\n\t\t\t\t\t\t\t\t\t\t\t\t\t\t<\/a>\n\t\t\t\t\t\t\t<a class=\"e-gallery-item elementor-gallery-item elementor-animated-content\" href=\"https:\/\/www.cm-benavente.pt\/wp-content\/uploads\/2025\/04\/Junior_-Ma-Luisa-Teixeira_Laura-Simoes.jpg\" data-elementor-open-lightbox=\"yes\" data-elementor-lightbox-slideshow=\"925d489\" data-elementor-lightbox-title=\"Junior_ M\u00aa Luisa Teixeira_Laura Sim\u00f5es\" data-e-action-hash=\"#elementor-action%3Aaction%3Dlightbox%26settings%3DeyJpZCI6NzA1MTUsInVybCI6Imh0dHBzOlwvXC93d3cuY20tYmVuYXZlbnRlLnB0XC93cC1jb250ZW50XC91cGxvYWRzXC8yMDI1XC8wNFwvSnVuaW9yXy1NYS1MdWlzYS1UZWl4ZWlyYV9MYXVyYS1TaW1vZXMuanBnIiwic2xpZGVzaG93IjoiOTI1ZDQ4OSJ9\">\n\t\t\t\t\t<div class=\"e-gallery-image elementor-gallery-item__image\" data-thumbnail=\"https:\/\/www.cm-benavente.pt\/wp-content\/uploads\/2025\/04\/Junior_-Ma-Luisa-Teixeira_Laura-Simoes-768x1024.jpg\" data-width=\"768\" data-height=\"1024\" aria-label=\"\" role=\"img\" ><\/div>\n\t\t\t\t\t\t\t\t\t\t\t<div class=\"elementor-gallery-item__overlay\"><\/div>\n\t\t\t\t\t\t\t\t\t\t\t\t\t\t<\/a>\n\t\t\t\t\t\t\t<a class=\"e-gallery-item elementor-gallery-item elementor-animated-content\" href=\"https:\/\/www.cm-benavente.pt\/wp-content\/uploads\/2025\/04\/Par-Iniciado_Carolina-Catarino_Margarida-Ferreira.jpg\" data-elementor-open-lightbox=\"yes\" data-elementor-lightbox-slideshow=\"925d489\" data-elementor-lightbox-title=\"Par Iniciado_Carolina Catarino_Margarida Ferreira\" data-e-action-hash=\"#elementor-action%3Aaction%3Dlightbox%26settings%3DeyJpZCI6NzA1MTYsInVybCI6Imh0dHBzOlwvXC93d3cuY20tYmVuYXZlbnRlLnB0XC93cC1jb250ZW50XC91cGxvYWRzXC8yMDI1XC8wNFwvUGFyLUluaWNpYWRvX0Nhcm9saW5hLUNhdGFyaW5vX01hcmdhcmlkYS1GZXJyZWlyYS5qcGciLCJzbGlkZXNob3ciOiI5MjVkNDg5In0%3D\">\n\t\t\t\t\t<div class=\"e-gallery-image elementor-gallery-item__image\" data-thumbnail=\"https:\/\/www.cm-benavente.pt\/wp-content\/uploads\/2025\/04\/Par-Iniciado_Carolina-Catarino_Margarida-Ferreira-768x1024.jpg\" data-width=\"768\" data-height=\"1024\" aria-label=\"\" role=\"img\" ><\/div>\n\t\t\t\t\t\t\t\t\t\t\t<div class=\"elementor-gallery-item__overlay\"><\/div>\n\t\t\t\t\t\t\t\t\t\t\t\t\t\t<\/a>\n\t\t\t\t\t\t\t<a class=\"e-gallery-item elementor-gallery-item elementor-animated-content\" href=\"https:\/\/www.cm-benavente.pt\/wp-content\/uploads\/2025\/04\/Par-Juvenil_Ines-Rodrigues_Leonor-Lopes.jpg\" data-elementor-open-lightbox=\"yes\" data-elementor-lightbox-slideshow=\"925d489\" data-elementor-lightbox-title=\"Par Juvenil_In\u00eas Rodrigues_Leonor Lopes\" data-e-action-hash=\"#elementor-action%3Aaction%3Dlightbox%26settings%3DeyJpZCI6NzA1MTcsInVybCI6Imh0dHBzOlwvXC93d3cuY20tYmVuYXZlbnRlLnB0XC93cC1jb250ZW50XC91cGxvYWRzXC8yMDI1XC8wNFwvUGFyLUp1dmVuaWxfSW5lcy1Sb2RyaWd1ZXNfTGVvbm9yLUxvcGVzLmpwZyIsInNsaWRlc2hvdyI6IjkyNWQ0ODkifQ%3D%3D\">\n\t\t\t\t\t<div class=\"e-gallery-image elementor-gallery-item__image\" data-thumbnail=\"https:\/\/www.cm-benavente.pt\/wp-content\/uploads\/2025\/04\/Par-Juvenil_Ines-Rodrigues_Leonor-Lopes-768x1024.jpg\" data-width=\"768\" data-height=\"1024\" aria-label=\"\" role=\"img\" ><\/div>\n\t\t\t\t\t\t\t\t\t\t\t<div class=\"elementor-gallery-item__overlay\"><\/div>\n\t\t\t\t\t\t\t\t\t\t\t\t\t\t<\/a>\n\t\t\t\t\t\t\t<a class=\"e-gallery-item elementor-gallery-item elementor-animated-content\" href=\"https:\/\/www.cm-benavente.pt\/wp-content\/uploads\/2025\/04\/Trio-Iniciado_Leticia-Neves_Leticya-Costa_Madalena-Pedroso.jpg\" data-elementor-open-lightbox=\"yes\" data-elementor-lightbox-slideshow=\"925d489\" data-elementor-lightbox-title=\"Trio Iniciado_Let\u00edcia Neves_Leticya Costa_Madalena Pedroso\" data-e-action-hash=\"#elementor-action%3Aaction%3Dlightbox%26settings%3DeyJpZCI6NzA1MTgsInVybCI6Imh0dHBzOlwvXC93d3cuY20tYmVuYXZlbnRlLnB0XC93cC1jb250ZW50XC91cGxvYWRzXC8yMDI1XC8wNFwvVHJpby1JbmljaWFkb19MZXRpY2lhLU5ldmVzX0xldGljeWEtQ29zdGFfTWFkYWxlbmEtUGVkcm9zby5qcGciLCJzbGlkZXNob3ciOiI5MjVkNDg5In0%3D\">\n\t\t\t\t\t<div class=\"e-gallery-image elementor-gallery-item__image\" data-thumbnail=\"https:\/\/www.cm-benavente.pt\/wp-content\/uploads\/2025\/04\/Trio-Iniciado_Leticia-Neves_Leticya-Costa_Madalena-Pedroso-768x1024.jpg\" data-width=\"768\" data-height=\"1024\" aria-label=\"\" role=\"img\" ><\/div>\n\t\t\t\t\t\t\t\t\t\t\t<div class=\"elementor-gallery-item__overlay\"><\/div>\n\t\t\t\t\t\t\t\t\t\t\t\t\t\t<\/a>\n\t\t\t\t\t\t\t<a class=\"e-gallery-item elementor-gallery-item elementor-animated-content\" href=\"https:\/\/www.cm-benavente.pt\/wp-content\/uploads\/2025\/04\/Trio-Junior_Matilde-Resende_Mariana-Santos_Ana-Codea.jpg\" data-elementor-open-lightbox=\"yes\" data-elementor-lightbox-slideshow=\"925d489\" data-elementor-lightbox-title=\"Trio J\u00fanior_Matilde Resende_Mariana Santos_Ana C\u00f4dea\" data-e-action-hash=\"#elementor-action%3Aaction%3Dlightbox%26settings%3DeyJpZCI6NzA1MTksInVybCI6Imh0dHBzOlwvXC93d3cuY20tYmVuYXZlbnRlLnB0XC93cC1jb250ZW50XC91cGxvYWRzXC8yMDI1XC8wNFwvVHJpby1KdW5pb3JfTWF0aWxkZS1SZXNlbmRlX01hcmlhbmEtU2FudG9zX0FuYS1Db2RlYS5qcGciLCJzbGlkZXNob3ciOiI5MjVkNDg5In0%3D\">\n\t\t\t\t\t<div class=\"e-gallery-image elementor-gallery-item__image\" data-thumbnail=\"https:\/\/www.cm-benavente.pt\/wp-content\/uploads\/2025\/04\/Trio-Junior_Matilde-Resende_Mariana-Santos_Ana-Codea-768x1024.jpg\" data-width=\"768\" data-height=\"1024\" aria-label=\"\" role=\"img\" ><\/div>\n\t\t\t\t\t\t\t\t\t\t\t<div class=\"elementor-gallery-item__overlay\"><\/div>\n\t\t\t\t\t\t\t\t\t\t\t\t\t\t<\/a>\n\t\t\t\t\t<\/div>\n\t\t\t\t\t<\/div>\n\t\t\t\t<\/div>\n\t\t\t\t\t<\/div>\n\t\t\t\t<\/div>\n\t\t\t\t<\/div>\n\t\t","protected":false},"excerpt":{"rendered":"<p>Num fim de semana dedicado \u00e0 gin\u00e1stica, decorreram no Pavilh\u00e3o Gimnodesportivo da Barrosa, os Campeonatos Distritais de Gin\u00e1stica Acrob\u00e1tica e de Gin\u00e1stica Aer\u00f3bica.<\/p>\n","protected":false},"author":3,"featured_media":70504,"comment_status":"closed","ping_status":"closed","sticky":false,"template":"","format":"standard","meta":{"_vp_format_video_url":"","_vp_image_focal_point":[],"footnotes":""},"categories":[475],"tags":[1071,1064,185,16,2808,997,691,124,877],"class_list":["post-70503","post","type-post","status-publish","format-standard","has-post-thumbnail","hentry","category-desporto","tag-acrobatica","tag-aerobica","tag-barrosa","tag-benavente","tag-campeao","tag-campeonato","tag-cuab","tag-desporto","tag-ginastica"],"_links":{"self":[{"href":"https:\/\/www.cm-benavente.pt\/index.php\/wp-json\/wp\/v2\/posts\/70503","targetHints":{"allow":["GET"]}}],"collection":[{"href":"https:\/\/www.cm-benavente.pt\/index.php\/wp-json\/wp\/v2\/posts"}],"about":[{"href":"https:\/\/www.cm-benavente.pt\/index.php\/wp-json\/wp\/v2\/types\/post"}],"author":[{"embeddable":true,"href":"https:\/\/www.cm-benavente.pt\/index.php\/wp-json\/wp\/v2\/users\/3"}],"replies":[{"embeddable":true,"href":"https:\/\/www.cm-benavente.pt\/index.php\/wp-json\/wp\/v2\/comments?post=70503"}],"version-history":[{"count":5,"href":"https:\/\/www.cm-benavente.pt\/index.php\/wp-json\/wp\/v2\/posts\/70503\/revisions"}],"predecessor-version":[{"id":70522,"href":"https:\/\/www.cm-benavente.pt\/index.php\/wp-json\/wp\/v2\/posts\/70503\/revisions\/70522"}],"wp:featuredmedia":[{"embeddable":true,"href":"https:\/\/www.cm-benavente.pt\/index.php\/wp-json\/wp\/v2\/media\/70504"}],"wp:attachment":[{"href":"https:\/\/www.cm-benavente.pt\/index.php\/wp-json\/wp\/v2\/media?parent=70503"}],"wp:term":[{"taxonomy":"category","embeddable":true,"href":"https:\/\/www.cm-benavente.pt\/index.php\/wp-json\/wp\/v2\/categories?post=70503"},{"taxonomy":"post_tag","embeddable":true,"href":"https:\/\/www.cm-benavente.pt\/index.php\/wp-json\/wp\/v2\/tags?post=70503"}],"curies":[{"name":"wp","href":"https:\/\/api.w.org\/{rel}","templated":true}]}}