{"id":70476,"date":"2025-04-04T15:35:44","date_gmt":"2025-04-04T15:35:44","guid":{"rendered":"https:\/\/www.cm-benavente.pt\/?p=70476"},"modified":"2025-04-04T15:38:02","modified_gmt":"2025-04-04T15:38:02","slug":"edital-interdicao-temporaria-da-circulacao-rodoviaria-e-do-estacionamento-publico-largo-do-calvario-benavente","status":"publish","type":"post","link":"https:\/\/www.cm-benavente.pt\/index.php\/2025\/04\/04\/edital-interdicao-temporaria-da-circulacao-rodoviaria-e-do-estacionamento-publico-largo-do-calvario-benavente\/","title":{"rendered":"Edital &#8211; Interdi\u00e7\u00e3o tempor\u00e1ria da circula\u00e7\u00e3o rodovi\u00e1ria e do estacionamento p\u00fablico\/ Largo do Calv\u00e1rio, Benavente"},"content":{"rendered":"\t\t<div data-elementor-type=\"wp-post\" data-elementor-id=\"70476\" class=\"elementor elementor-70476\" data-elementor-post-type=\"post\">\n\t\t\t\t<div class=\"elementor-element elementor-element-35b3e61 e-flex e-con-boxed e-con e-parent\" data-id=\"35b3e61\" data-element_type=\"container\" data-e-type=\"container\" data-settings=\"{&quot;tmea_shape_divider_top&quot;:&quot;none&quot;,&quot;tmea_shape_divider_bottom&quot;:&quot;none&quot;}\">\n\t\t\t\t\t<div class=\"e-con-inner\">\n\t\t\n\t\t<div class=\"elementor-element elementor-element-6501809 elementor-widget elementor-widget-text-editor\" data-id=\"6501809\" data-element_type=\"widget\" data-e-type=\"widget\" data-widget_type=\"text-editor.default\">\n\t\t\t\t<div class=\"elementor-widget-container\">\n\t\t\t\t\t\t\t\t\t<p><strong>PASSEIO A CAVALO 2025 SA\u20192025 &#8211; VACADA &#8211; DIA 05 DE ABRIL DE 2025<\/strong><\/p><p>Torna-se p\u00fablico que, no \u00e2mbito do habitual EVENTO PASSEIO A CAVALO ANUAL, decorrer\u00e1 no dia <strong>05\/04\/2025, previsivelmente entre as 16h00m e as 19h00m no Largo do Calv\u00e1rio<\/strong>, em <strong>Benavente<\/strong>, ser\u00e1 realizada uma Vacada, em recinto improvisado, pelo que ser\u00e1 temporariamente interdita a circula\u00e7\u00e3o rodovi\u00e1ria e o estacionamento p\u00fablico, no mesmo Largo da vila.<\/p>\t\t\t\t\t\t\t\t<\/div>\n\t\t\t\t<\/div>\n\t\t\t\t<div class=\"elementor-element elementor-element-6c9b782 elementor-widget elementor-widget-button\" data-id=\"6c9b782\" data-element_type=\"widget\" data-e-type=\"widget\" data-widget_type=\"button.default\">\n\t\t\t\t<div class=\"elementor-widget-container\">\n\t\t\t\t\t\t\t\t\t<div class=\"elementor-button-wrapper\">\n\t\t\t\t\t<a class=\"elementor-button elementor-button-link elementor-size-sm elementor-animation-grow\" href=\"https:\/\/www.cm-benavente.pt\/wp-content\/uploads\/2025\/04\/Edital-No-1032025-Interdicao-temporaria-circulacao-Largo-do-Calvario-em-Benavente.pdf\" target=\"_blank\">\n\t\t\t\t\t\t<span class=\"elementor-button-content-wrapper\">\n\t\t\t\t\t\t<span class=\"elementor-button-icon\">\n\t\t\t\t<i aria-hidden=\"true\" class=\"far fa-file-pdf\"><\/i>\t\t\t<\/span>\n\t\t\t\t\t\t\t\t\t<span class=\"elementor-button-text\">Edital N\u00ba 103\/2025 - Interdi\u00e7\u00e3o tempor\u00e1ria circula\u00e7\u00e3o\/ Largo do Calv\u00e1rio em Benavente<\/span>\n\t\t\t\t\t<\/span>\n\t\t\t\t\t<\/a>\n\t\t\t\t<\/div>\n\t\t\t\t\t\t\t\t<\/div>\n\t\t\t\t<\/div>\n\t\t\t\t\t<\/div>\n\t\t\t\t<\/div>\n\t\t\t\t<\/div>\n\t\t","protected":false},"excerpt":{"rendered":"<p>Torna-se p\u00fablico que, no \u00e2mbito do habitual EVENTO PASSEIO A CAVALO ANUAL, decorrer\u00e1 no dia 05\/04\/2025, previsivelmente entre as 16h00m e as 19h00m no Largo do Calv\u00e1rio, em Benavente, ser\u00e1 realizada uma Vacada, em recinto improvisado, pelo que ser\u00e1 temporariamente interdita a circula\u00e7\u00e3o rodovi\u00e1ria e o estacionamento p\u00fablico, no mesmo Largo da vila.<\/p>\n","protected":false},"author":3,"featured_media":70477,"comment_status":"closed","ping_status":"closed","sticky":false,"template":"","format":"standard","meta":{"_vp_format_video_url":"","_vp_image_focal_point":[],"footnotes":""},"categories":[510,545,518,480],"tags":[16,620,1353,302,2201,2331,110,603,481,1449],"class_list":["post-70476","post","type-post","status-publish","format-standard","has-post-thumbnail","hentry","category-evento","category-informacao","category-municipio","category-transito","tag-benavente","tag-cavalo","tag-circulacao","tag-estacionamento","tag-interdicao","tag-largo-do-calvario","tag-passeio","tag-sardinha-assada","tag-transito","tag-vacada"],"_links":{"self":[{"href":"https:\/\/www.cm-benavente.pt\/index.php\/wp-json\/wp\/v2\/posts\/70476","targetHints":{"allow":["GET"]}}],"collection":[{"href":"https:\/\/www.cm-benavente.pt\/index.php\/wp-json\/wp\/v2\/posts"}],"about":[{"href":"https:\/\/www.cm-benavente.pt\/index.php\/wp-json\/wp\/v2\/types\/post"}],"author":[{"embeddable":true,"href":"https:\/\/www.cm-benavente.pt\/index.php\/wp-json\/wp\/v2\/users\/3"}],"replies":[{"embeddable":true,"href":"https:\/\/www.cm-benavente.pt\/index.php\/wp-json\/wp\/v2\/comments?post=70476"}],"version-history":[{"count":4,"href":"https:\/\/www.cm-benavente.pt\/index.php\/wp-json\/wp\/v2\/posts\/70476\/revisions"}],"predecessor-version":[{"id":70481,"href":"https:\/\/www.cm-benavente.pt\/index.php\/wp-json\/wp\/v2\/posts\/70476\/revisions\/70481"}],"wp:featuredmedia":[{"embeddable":true,"href":"https:\/\/www.cm-benavente.pt\/index.php\/wp-json\/wp\/v2\/media\/70477"}],"wp:attachment":[{"href":"https:\/\/www.cm-benavente.pt\/index.php\/wp-json\/wp\/v2\/media?parent=70476"}],"wp:term":[{"taxonomy":"category","embeddable":true,"href":"https:\/\/www.cm-benavente.pt\/index.php\/wp-json\/wp\/v2\/categories?post=70476"},{"taxonomy":"post_tag","embeddable":true,"href":"https:\/\/www.cm-benavente.pt\/index.php\/wp-json\/wp\/v2\/tags?post=70476"}],"curies":[{"name":"wp","href":"https:\/\/api.w.org\/{rel}","templated":true}]}}