{"id":69736,"date":"2025-03-27T16:07:36","date_gmt":"2025-03-27T16:07:36","guid":{"rendered":"https:\/\/www.cm-benavente.pt\/?p=69736"},"modified":"2025-04-09T13:27:16","modified_gmt":"2025-04-09T13:27:16","slug":"confraria-da-cabidela-no-festival-do-arroz-carolino-das-lezirias-ribatejanas","status":"publish","type":"post","link":"https:\/\/www.cm-benavente.pt\/index.php\/2025\/03\/27\/confraria-da-cabidela-no-festival-do-arroz-carolino-das-lezirias-ribatejanas\/","title":{"rendered":"Ordem da Cabidela no Festival do Arroz Carolino das Lez\u00edrias Ribatejanas"},"content":{"rendered":"\t\t<div data-elementor-type=\"wp-post\" data-elementor-id=\"69736\" class=\"elementor elementor-69736\" data-elementor-post-type=\"post\">\n\t\t\t\t<div class=\"elementor-element elementor-element-df8aa3b e-flex e-con-boxed e-con e-parent\" data-id=\"df8aa3b\" data-element_type=\"container\" data-e-type=\"container\" data-settings=\"{&quot;tmea_shape_divider_top&quot;:&quot;none&quot;,&quot;tmea_shape_divider_bottom&quot;:&quot;none&quot;}\">\n\t\t\t\t\t<div class=\"e-con-inner\">\n\t\t\n\t\t<div class=\"elementor-element elementor-element-a8bc4f0 elementor-widget elementor-widget-text-editor\" data-id=\"a8bc4f0\" data-element_type=\"widget\" data-e-type=\"widget\" data-widget_type=\"text-editor.default\">\n\t\t\t\t<div class=\"elementor-widget-container\">\n\t\t\t\t\t\t\t\t\t<p>O ciclo de jantares organizado pela <strong>Ordem da Cabidela<\/strong> est\u00e1 de volta e vai percorrer o Pa\u00eds de norte a sul e termina, antes do Ver\u00e3o, no dia <strong>16 de maio, no Festival do Arroz Carolino das Lez\u00edrias Ribatejanas, em Samora Correia.<\/strong><\/p><p>O convite \u00e0s Edi\u00e7\u00f5es do Gosto para estar no nosso Festival com a Ordem da Cabidela partiu da empresa Orivarzea e ser\u00e1 certamente uma excelente not\u00edcia para quem gosta do arroz de cabidela, muito bem confecionado.<\/p><p>Mais um milhar de pessoas participam nestes momentos \u00fanicos, onde diferentes chefs se juntam para partilhar boa comida e criatividade.<\/p><p>No dia 16 de maio, esperamos por essa bel\u00edssima cabidela no <strong>espa\u00e7o restaura\u00e7\u00e3o<\/strong>, no primeiro dia do Festival do Arroz Carolino das Lez\u00edrias Ribatejanas.<\/p>\t\t\t\t\t\t\t\t<\/div>\n\t\t\t\t<\/div>\n\t\t\t\t\t<\/div>\n\t\t\t\t<\/div>\n\t\t\t\t<\/div>\n\t\t","protected":false},"excerpt":{"rendered":"<p>O ciclo de jantares organizado pela Ordem da Cabidela est\u00e1 de volta e vai percorrer o Pa\u00eds de norte a sul e termina, antes do Ver\u00e3o,  no dia 16 de maio, no Festival do Arroz Carolino das Lez\u00edrias Ribatejanas, em Samora Correia.<\/p>\n","protected":false},"author":3,"featured_media":69737,"comment_status":"closed","ping_status":"closed","sticky":false,"template":"","format":"standard","meta":{"_vp_format_video_url":"","_vp_image_focal_point":[],"footnotes":""},"categories":[510,518,488],"tags":[2083,185,16,2766,2767,949,700,479,2737,27,13],"class_list":["post-69736","post","type-post","status-publish","format-standard","has-post-thumbnail","hentry","category-evento","category-municipio","category-turismo","tag-arroz","tag-barrosa","tag-benavente","tag-cabidela","tag-confraria","tag-festival-do-arroz-carolino","tag-gastronomia","tag-municipio-de-benavente","tag-orivarzea","tag-samora-correia","tag-santo-estevao"],"_links":{"self":[{"href":"https:\/\/www.cm-benavente.pt\/index.php\/wp-json\/wp\/v2\/posts\/69736","targetHints":{"allow":["GET"]}}],"collection":[{"href":"https:\/\/www.cm-benavente.pt\/index.php\/wp-json\/wp\/v2\/posts"}],"about":[{"href":"https:\/\/www.cm-benavente.pt\/index.php\/wp-json\/wp\/v2\/types\/post"}],"author":[{"embeddable":true,"href":"https:\/\/www.cm-benavente.pt\/index.php\/wp-json\/wp\/v2\/users\/3"}],"replies":[{"embeddable":true,"href":"https:\/\/www.cm-benavente.pt\/index.php\/wp-json\/wp\/v2\/comments?post=69736"}],"version-history":[{"count":10,"href":"https:\/\/www.cm-benavente.pt\/index.php\/wp-json\/wp\/v2\/posts\/69736\/revisions"}],"predecessor-version":[{"id":70865,"href":"https:\/\/www.cm-benavente.pt\/index.php\/wp-json\/wp\/v2\/posts\/69736\/revisions\/70865"}],"wp:featuredmedia":[{"embeddable":true,"href":"https:\/\/www.cm-benavente.pt\/index.php\/wp-json\/wp\/v2\/media\/69737"}],"wp:attachment":[{"href":"https:\/\/www.cm-benavente.pt\/index.php\/wp-json\/wp\/v2\/media?parent=69736"}],"wp:term":[{"taxonomy":"category","embeddable":true,"href":"https:\/\/www.cm-benavente.pt\/index.php\/wp-json\/wp\/v2\/categories?post=69736"},{"taxonomy":"post_tag","embeddable":true,"href":"https:\/\/www.cm-benavente.pt\/index.php\/wp-json\/wp\/v2\/tags?post=69736"}],"curies":[{"name":"wp","href":"https:\/\/api.w.org\/{rel}","templated":true}]}}