{"id":69724,"date":"2025-03-27T14:34:18","date_gmt":"2025-03-27T14:34:18","guid":{"rendered":"https:\/\/www.cm-benavente.pt\/?p=69724"},"modified":"2025-03-27T14:34:53","modified_gmt":"2025-03-27T14:34:53","slug":"edital-proibicao-de-estacionamento-comemoracoes-do-foral-de-benavente","status":"publish","type":"post","link":"https:\/\/www.cm-benavente.pt\/index.php\/2025\/03\/27\/edital-proibicao-de-estacionamento-comemoracoes-do-foral-de-benavente\/","title":{"rendered":"Edital &#8211; Proibi\u00e7\u00e3o de estacionamento\/ Comemora\u00e7\u00f5es do Foral de Benavente"},"content":{"rendered":"\t\t<div data-elementor-type=\"wp-post\" data-elementor-id=\"69724\" class=\"elementor elementor-69724\" data-elementor-post-type=\"post\">\n\t\t\t\t<div class=\"elementor-element elementor-element-aff7d3a e-flex e-con-boxed e-con e-parent\" data-id=\"aff7d3a\" data-element_type=\"container\" data-e-type=\"container\" data-settings=\"{&quot;tmea_shape_divider_top&quot;:&quot;none&quot;,&quot;tmea_shape_divider_bottom&quot;:&quot;none&quot;}\">\n\t\t\t\t\t<div class=\"e-con-inner\">\n\t\t\n\t\t<div class=\"elementor-element elementor-element-ed51682 elementor-widget elementor-widget-text-editor\" data-id=\"ed51682\" data-element_type=\"widget\" data-e-type=\"widget\" data-widget_type=\"text-editor.default\">\n\t\t\t\t<div class=\"elementor-widget-container\">\n\t\t\t\t\t\t\t\t\t<p>Torna-se p\u00fablico que, no \u00e2mbito da realiza\u00e7\u00e3o de diversas iniciativas, promovidas pela Freguesia de Benavente, por ocasi\u00e3o das <strong>Comemora\u00e7\u00f5es dos 825 anos do Foral de Benavente<\/strong>, ser\u00e1 <strong>proibido o estacionamento de ve\u00edculos autom\u00f3veis<\/strong>, nos locais abaixo assinalados (a vermelho) da Pra\u00e7a da Rep\u00fablica de Benavente, <strong>entre as 08:00h de dia 29 de mar\u00e7o de 2025 e as 01:00h do dia 30 de mar\u00e7o de 2025<\/strong>. <\/p>\t\t\t\t\t\t\t\t<\/div>\n\t\t\t\t<\/div>\n\t\t\t\t<div class=\"elementor-element elementor-element-583b4fb elementor-widget elementor-widget-button\" data-id=\"583b4fb\" data-element_type=\"widget\" data-e-type=\"widget\" data-widget_type=\"button.default\">\n\t\t\t\t<div class=\"elementor-widget-container\">\n\t\t\t\t\t\t\t\t\t<div class=\"elementor-button-wrapper\">\n\t\t\t\t\t<a class=\"elementor-button elementor-button-link elementor-size-sm elementor-animation-grow\" href=\"https:\/\/www.cm-benavente.pt\/wp-content\/uploads\/2025\/03\/Edital-312025-Estacionamento-proibido-Foral-Benavente.pdf\" target=\"_blank\">\n\t\t\t\t\t\t<span class=\"elementor-button-content-wrapper\">\n\t\t\t\t\t\t<span class=\"elementor-button-icon\">\n\t\t\t\t<i aria-hidden=\"true\" class=\"far fa-file-pdf\"><\/i>\t\t\t<\/span>\n\t\t\t\t\t\t\t\t\t<span class=\"elementor-button-text\">Edital 31\/2025 - Estacionamento proibido Foral Benavente<\/span>\n\t\t\t\t\t<\/span>\n\t\t\t\t\t<\/a>\n\t\t\t\t<\/div>\n\t\t\t\t\t\t\t\t<\/div>\n\t\t\t\t<\/div>\n\t\t\t\t\t<\/div>\n\t\t\t\t<\/div>\n\t\t\t\t<\/div>\n\t\t","protected":false},"excerpt":{"rendered":"<p>Torna-se p\u00fablico que, no \u00e2mbito da realiza\u00e7\u00e3o de diversas iniciativas, promovidas pela Freguesia de Benavente, por ocasi\u00e3o das Comemora\u00e7\u00f5es dos 825 anos do Foral de Benavente, ser\u00e1 proibido o estacionamento de ve\u00edculos autom\u00f3veis, nos locais abaixo assinalados (a vermelho) da Pra\u00e7a da Rep\u00fablica de Benavente, entre as 08:00h de dia 29 de mar\u00e7o de 2025 e as 01:00h do dia 30 de mar\u00e7o de 2025. <\/p>\n","protected":false},"author":3,"featured_media":69725,"comment_status":"closed","ping_status":"closed","sticky":false,"template":"","format":"standard","meta":{"_vp_format_video_url":"","_vp_image_focal_point":[],"footnotes":""},"categories":[545,518,480],"tags":[16,302,100,1390,481],"class_list":["post-69724","post","type-post","status-publish","format-standard","has-post-thumbnail","hentry","category-informacao","category-municipio","category-transito","tag-benavente","tag-estacionamento","tag-foral","tag-proibicao","tag-transito"],"_links":{"self":[{"href":"https:\/\/www.cm-benavente.pt\/index.php\/wp-json\/wp\/v2\/posts\/69724","targetHints":{"allow":["GET"]}}],"collection":[{"href":"https:\/\/www.cm-benavente.pt\/index.php\/wp-json\/wp\/v2\/posts"}],"about":[{"href":"https:\/\/www.cm-benavente.pt\/index.php\/wp-json\/wp\/v2\/types\/post"}],"author":[{"embeddable":true,"href":"https:\/\/www.cm-benavente.pt\/index.php\/wp-json\/wp\/v2\/users\/3"}],"replies":[{"embeddable":true,"href":"https:\/\/www.cm-benavente.pt\/index.php\/wp-json\/wp\/v2\/comments?post=69724"}],"version-history":[{"count":4,"href":"https:\/\/www.cm-benavente.pt\/index.php\/wp-json\/wp\/v2\/posts\/69724\/revisions"}],"predecessor-version":[{"id":69730,"href":"https:\/\/www.cm-benavente.pt\/index.php\/wp-json\/wp\/v2\/posts\/69724\/revisions\/69730"}],"wp:featuredmedia":[{"embeddable":true,"href":"https:\/\/www.cm-benavente.pt\/index.php\/wp-json\/wp\/v2\/media\/69725"}],"wp:attachment":[{"href":"https:\/\/www.cm-benavente.pt\/index.php\/wp-json\/wp\/v2\/media?parent=69724"}],"wp:term":[{"taxonomy":"category","embeddable":true,"href":"https:\/\/www.cm-benavente.pt\/index.php\/wp-json\/wp\/v2\/categories?post=69724"},{"taxonomy":"post_tag","embeddable":true,"href":"https:\/\/www.cm-benavente.pt\/index.php\/wp-json\/wp\/v2\/tags?post=69724"}],"curies":[{"name":"wp","href":"https:\/\/api.w.org\/{rel}","templated":true}]}}