{"id":68585,"date":"2025-03-14T10:12:24","date_gmt":"2025-03-14T10:12:24","guid":{"rendered":"https:\/\/www.cm-benavente.pt\/?p=68585"},"modified":"2025-03-14T10:30:16","modified_gmt":"2025-03-14T10:30:16","slug":"atividades-de-ocupacao-de-tempos-livres-pascoa-ativa-2025-inscricoes-online-a-partir-de-dia-17-de-marco","status":"publish","type":"post","link":"https:\/\/www.cm-benavente.pt\/index.php\/2025\/03\/14\/atividades-de-ocupacao-de-tempos-livres-pascoa-ativa-2025-inscricoes-online-a-partir-de-dia-17-de-marco\/","title":{"rendered":"Atividades de Ocupa\u00e7\u00e3o de Tempos Livres \u201cP\u00e1scoa Ativa 2025\u201d &#8211; Inscri\u00e7\u00f5es online a partir de dia 17 de mar\u00e7o"},"content":{"rendered":"\t\t<div data-elementor-type=\"wp-post\" data-elementor-id=\"68585\" class=\"elementor elementor-68585\" data-elementor-post-type=\"post\">\n\t\t\t\t\n<div class=\"elementor-element elementor-element-8897439 e-flex e-con-boxed e-con e-parent\" data-id=\"8897439\" data-element_type=\"container\" data-e-type=\"container\" data-settings=\"{&quot;tmea_shape_divider_top&quot;:&quot;none&quot;,&quot;tmea_shape_divider_bottom&quot;:&quot;none&quot;}\">\n\t\t\t\t\t<div class=\"e-con-inner\">\n\t\t\t\t<div class=\"elementor-element elementor-element-07191b9 elementor-widget elementor-widget-text-editor\" data-id=\"07191b9\" data-element_type=\"widget\" data-e-type=\"widget\" data-widget_type=\"text-editor.default\">\n\t\t\t\t<div class=\"elementor-widget-container\">\n\t\t\t\t\t\t\t\t\t<p>As <strong>inscri\u00e7\u00f5es<\/strong> para as atividades de ocupa\u00e7\u00e3o dos tempos livres nas <strong>f\u00e9rias da P\u00e1scoa<\/strong> (crian\u00e7as dos 06 aos 12 anos), est\u00e3o <strong>abertas a partir das 10H00 de 17 a 30 de mar\u00e7o (at\u00e9 \u00e0s 23h59)<\/strong>.<\/p><p><strong>Link para inscri\u00e7\u00e3o:<\/strong> <a href=\"https:\/\/bit.ly\/inscri\u00e7\u00f5es-p\u00e1scoa-ativa2025\" target=\"_blank\" rel=\"noopener\">https:\/\/bit.ly\/inscri\u00e7\u00f5es-p\u00e1scoa-ativa2025<\/a><\/p><p>As atividades da \u201cP\u00e1scoa Ativa\u201d \u2013 de <strong>14 a 16 de abril<\/strong>, funcionam no hor\u00e1rio entre as <strong>8,30 \u00e0s 18,00 horas<\/strong>. \u00c9 garantido o transporte das crian\u00e7as que n\u00e3o residam em Samora Correia ou Benavente.<\/p><p><strong>Limite inscri\u00e7\u00f5es <\/strong>| 80 inscri\u00e7\u00f5es \u2013 40 em Benavente e 40 em Samora Correia<br \/>Atividades | A atividade \u00e9 semanal e decorre nos diversos equipamentos culturais e desportivos do munic\u00edpio. Inclui uma sa\u00edda para fora do concelho.<\/p><p><strong>Valor<\/strong> | \u20ac 10\/semana + \u20ac 4,38 refei\u00e7\u00f5es (\u20ac1,46 x 3 refei\u00e7\u00f5es)<\/p><p><strong>Nota:<\/strong> As crian\u00e7as que j\u00e1 beneficiam de apoios da A\u00e7\u00e3o Social Escolar, estar\u00e3o isentas do pagamento de acordo com respetivo posicionamento em escal\u00e3o.<\/p>\t\t\t\t\t\t\t\t<\/div>\n\t\t\t\t<\/div>\n\t\t\t\t\t<\/div>\n\t\t\t\t<\/div>\n\t\t\t\t<\/div>\n\t\t","protected":false},"excerpt":{"rendered":"<p>As inscri\u00e7\u00f5es para as atividades de ocupa\u00e7\u00e3o dos tempos livres nas f\u00e9rias da P\u00e1scoa  (crian\u00e7as dos 06 aos 12 anos), est\u00e3o abertas a partir das 10H00 de 17 a 30 de mar\u00e7o (at\u00e9 \u00e0s 23h59). <\/p>\n","protected":false},"author":3,"featured_media":68586,"comment_status":"closed","ping_status":"closed","sticky":false,"template":"","format":"standard","meta":{"_vp_format_video_url":"","_vp_image_focal_point":[],"footnotes":""},"categories":[486,554,545,518],"tags":[2687,185,16,70,7,660,2689,479,1178,27,13,2688],"class_list":["post-68585","post","type-post","status-publish","format-standard","has-post-thumbnail","hentry","category-apoios","category-educacao","category-informacao","category-municipio","tag-ativa","tag-barrosa","tag-benavente","tag-educacao","tag-escola","tag-ferias","tag-livres","tag-municipio-de-benavente","tag-pascoa","tag-samora-correia","tag-santo-estevao","tag-tempos"],"_links":{"self":[{"href":"https:\/\/www.cm-benavente.pt\/index.php\/wp-json\/wp\/v2\/posts\/68585","targetHints":{"allow":["GET"]}}],"collection":[{"href":"https:\/\/www.cm-benavente.pt\/index.php\/wp-json\/wp\/v2\/posts"}],"about":[{"href":"https:\/\/www.cm-benavente.pt\/index.php\/wp-json\/wp\/v2\/types\/post"}],"author":[{"embeddable":true,"href":"https:\/\/www.cm-benavente.pt\/index.php\/wp-json\/wp\/v2\/users\/3"}],"replies":[{"embeddable":true,"href":"https:\/\/www.cm-benavente.pt\/index.php\/wp-json\/wp\/v2\/comments?post=68585"}],"version-history":[{"count":7,"href":"https:\/\/www.cm-benavente.pt\/index.php\/wp-json\/wp\/v2\/posts\/68585\/revisions"}],"predecessor-version":[{"id":68593,"href":"https:\/\/www.cm-benavente.pt\/index.php\/wp-json\/wp\/v2\/posts\/68585\/revisions\/68593"}],"wp:featuredmedia":[{"embeddable":true,"href":"https:\/\/www.cm-benavente.pt\/index.php\/wp-json\/wp\/v2\/media\/68586"}],"wp:attachment":[{"href":"https:\/\/www.cm-benavente.pt\/index.php\/wp-json\/wp\/v2\/media?parent=68585"}],"wp:term":[{"taxonomy":"category","embeddable":true,"href":"https:\/\/www.cm-benavente.pt\/index.php\/wp-json\/wp\/v2\/categories?post=68585"},{"taxonomy":"post_tag","embeddable":true,"href":"https:\/\/www.cm-benavente.pt\/index.php\/wp-json\/wp\/v2\/tags?post=68585"}],"curies":[{"name":"wp","href":"https:\/\/api.w.org\/{rel}","templated":true}]}}