{"id":68523,"date":"2025-03-11T14:13:47","date_gmt":"2025-03-11T14:13:47","guid":{"rendered":"https:\/\/www.cm-benavente.pt\/?p=68523"},"modified":"2025-03-11T14:17:11","modified_gmt":"2025-03-11T14:17:11","slug":"ser-mulher-nos-bombeiros-coloquio-promovido-pela-asasc-convidou-tres-mulheres-fortemente-ligadas-a-instituicao-bombeiros","status":"publish","type":"post","link":"https:\/\/www.cm-benavente.pt\/index.php\/2025\/03\/11\/ser-mulher-nos-bombeiros-coloquio-promovido-pela-asasc-convidou-tres-mulheres-fortemente-ligadas-a-instituicao-bombeiros\/","title":{"rendered":"\u201cSer Mulher nos Bombeiros\u201d &#8211; Col\u00f3quio promovido pela ASASC convidou tr\u00eas mulheres fortemente ligadas \u00e0 institui\u00e7\u00e3o \u201cBombeiros\u201d"},"content":{"rendered":"\t\t<div data-elementor-type=\"wp-post\" data-elementor-id=\"68523\" class=\"elementor elementor-68523\" data-elementor-post-type=\"post\">\n\t\t\t\t<div class=\"elementor-element elementor-element-761a548 e-flex e-con-boxed e-con e-parent\" data-id=\"761a548\" data-element_type=\"container\" data-e-type=\"container\" data-settings=\"{&quot;tmea_shape_divider_top&quot;:&quot;none&quot;,&quot;tmea_shape_divider_bottom&quot;:&quot;none&quot;}\">\n\t\t\t\t\t<div class=\"e-con-inner\">\n\t\t\n\t\t<div class=\"elementor-element elementor-element-0d3c0e3 elementor-widget elementor-widget-text-editor\" data-id=\"0d3c0e3\" data-element_type=\"widget\" data-e-type=\"widget\" data-widget_type=\"text-editor.default\">\n\t\t\t\t<div class=\"elementor-widget-container\">\n\t\t\t\t\t\t\t\t\t<p>O Col\u00f3quio \u201cSer Mulher nos Bombeiros\u201d, promovido pela Associa\u00e7\u00e3o Amigos de Samora Correia (ASASC), teve lugar no Pal\u00e1cio do Infantado, em Samora Correia e foi uma das iniciativas inseridas nas comemora\u00e7\u00f5es dos 50 anos da Associa\u00e7\u00e3o Humanit\u00e1ria dos Bombeiros Volunt\u00e1rios de Samora Correia, que comemora 50 anos de vida.<\/p><p>Por se assinalar o Dia Internacional da Mulher, o painel de convidadas foi composto por Mulheres: Irina Batista \u2013 Presidente da Associa\u00e7\u00e3o Humanit\u00e1ria dos Bombeiros Volunt\u00e1rios de Samora Correia; Thays Freixo \u2013 Comandante dos Bombeiros Volunt\u00e1rios de Azambuja e Marlene Parracho \u2013 Bombeira e Formadora na Associa\u00e7\u00e3o Humanit\u00e1ria dos Bombeiros Volunt\u00e1rios de Samora Correia.<strong>\u00a0<\/strong><\/p><p><strong>Experi\u00eancias de vida transmitidas por tr\u00eas Mulheres ligadas aos Bombeiros <\/strong><\/p><p>As duas bombeiras, no ativo, partilharam formas de estar inerentes \u00e0 sua profiss\u00e3o, como a necessidade de estarem extremamente focadas nas miss\u00f5es que concretizam, deixando de lado os aspetos emocionais, porque s\u00f3 assim conseguem desenvolver o seu trabalho com profissionalismo e salvar vidas humanas. \u201cTemos de colocar um cora\u00e7\u00e3o em suspenso e focar-nos no que sabemos para aplicar as t\u00e9cnicas e protocolo com efic\u00e1cia e salvar uma vida\u201d, referiu Marlene Parracho. Igualmente mencionaram a enorme disponibilidade que os Bombeiros precisam de ter, com preju\u00edzo da vida familiar, sobretudo, no que se refere aos filhos, sendo fundamental a exist\u00eancia de apoio por parte de outros familiares, como os av\u00f3s. \u201c\u00c9 dif\u00edcil gerir o que sentimos com as aus\u00eancias, mas estamos motivados para salvar vidas e bens. No final das opera\u00e7\u00f5es sentimos um imenso orgulho misturado com um sentimento de culpa\u201d, explicou Tahys Freixo.<\/p><p>Por sua vez, Irina Noel Batista, contou como se tornou Presidente da Dire\u00e7\u00e3o da Associa\u00e7\u00e3o Humanit\u00e1ria dos Bombeiros Volunt\u00e1rios de Samora Correia, de como ponderou abra\u00e7ar este desafio e como o aceitou com for\u00e7a de vontade de fazer mais e melhor. \u00a0Formou uma equipa contando com pessoas em quem deposita confian\u00e7a e calhou que exista apenas um homem nos \u00f3rg\u00e3os sociais. A associa\u00e7\u00e3o tem mais de 25 profissionais e um or\u00e7amento superior a um milh\u00e3o de euros.<\/p>\t\t\t\t\t\t\t\t<\/div>\n\t\t\t\t<\/div>\n\t\t\t\t<div class=\"elementor-element elementor-element-7d825e1 elementor-widget elementor-widget-gallery\" data-id=\"7d825e1\" data-element_type=\"widget\" data-e-type=\"widget\" data-settings=\"{&quot;columns&quot;:8,&quot;lazyload&quot;:&quot;yes&quot;,&quot;gallery_layout&quot;:&quot;grid&quot;,&quot;columns_tablet&quot;:2,&quot;columns_mobile&quot;:1,&quot;gap&quot;:{&quot;unit&quot;:&quot;px&quot;,&quot;size&quot;:10,&quot;sizes&quot;:[]},&quot;gap_widescreen&quot;:{&quot;unit&quot;:&quot;px&quot;,&quot;size&quot;:&quot;&quot;,&quot;sizes&quot;:[]},&quot;gap_laptop&quot;:{&quot;unit&quot;:&quot;px&quot;,&quot;size&quot;:10,&quot;sizes&quot;:[]},&quot;gap_tablet_extra&quot;:{&quot;unit&quot;:&quot;px&quot;,&quot;size&quot;:10,&quot;sizes&quot;:[]},&quot;gap_tablet&quot;:{&quot;unit&quot;:&quot;px&quot;,&quot;size&quot;:10,&quot;sizes&quot;:[]},&quot;gap_mobile_extra&quot;:{&quot;unit&quot;:&quot;px&quot;,&quot;size&quot;:10,&quot;sizes&quot;:[]},&quot;gap_mobile&quot;:{&quot;unit&quot;:&quot;px&quot;,&quot;size&quot;:10,&quot;sizes&quot;:[]},&quot;link_to&quot;:&quot;file&quot;,&quot;aspect_ratio&quot;:&quot;3:2&quot;,&quot;overlay_background&quot;:&quot;yes&quot;,&quot;content_hover_animation&quot;:&quot;fade-in&quot;}\" data-widget_type=\"gallery.default\">\n\t\t\t\t<div class=\"elementor-widget-container\">\n\t\t\t\t\t\t\t<div class=\"elementor-gallery__container\">\n\t\t\t\t\t\t\t<a class=\"e-gallery-item elementor-gallery-item elementor-animated-content\" href=\"https:\/\/www.cm-benavente.pt\/wp-content\/uploads\/2025\/03\/coloquio-ser-mulher-bombeiros-asasc-1.jpg\" data-elementor-open-lightbox=\"yes\" data-elementor-lightbox-slideshow=\"7d825e1\" data-elementor-lightbox-title=\"coloquio ser mulher bombeiros asasc (1)\" data-e-action-hash=\"#elementor-action%3Aaction%3Dlightbox%26settings%3DeyJpZCI6Njg1MjYsInVybCI6Imh0dHBzOlwvXC93d3cuY20tYmVuYXZlbnRlLnB0XC93cC1jb250ZW50XC91cGxvYWRzXC8yMDI1XC8wM1wvY29sb3F1aW8tc2VyLW11bGhlci1ib21iZWlyb3MtYXNhc2MtMS5qcGciLCJzbGlkZXNob3ciOiI3ZDgyNWUxIn0%3D\">\n\t\t\t\t\t<div class=\"e-gallery-image elementor-gallery-item__image\" data-thumbnail=\"https:\/\/www.cm-benavente.pt\/wp-content\/uploads\/2025\/03\/coloquio-ser-mulher-bombeiros-asasc-1-1024x682.jpg\" data-width=\"800\" data-height=\"533\" aria-label=\"\" role=\"img\" ><\/div>\n\t\t\t\t\t\t\t\t\t\t\t<div class=\"elementor-gallery-item__overlay\"><\/div>\n\t\t\t\t\t\t\t\t\t\t\t\t\t\t<\/a>\n\t\t\t\t\t\t\t<a class=\"e-gallery-item elementor-gallery-item elementor-animated-content\" href=\"https:\/\/www.cm-benavente.pt\/wp-content\/uploads\/2025\/03\/coloquio-ser-mulher-bombeiros-asasc-2.jpg\" data-elementor-open-lightbox=\"yes\" data-elementor-lightbox-slideshow=\"7d825e1\" data-elementor-lightbox-title=\"coloquio ser mulher bombeiros asasc (2)\" data-e-action-hash=\"#elementor-action%3Aaction%3Dlightbox%26settings%3DeyJpZCI6Njg1MjcsInVybCI6Imh0dHBzOlwvXC93d3cuY20tYmVuYXZlbnRlLnB0XC93cC1jb250ZW50XC91cGxvYWRzXC8yMDI1XC8wM1wvY29sb3F1aW8tc2VyLW11bGhlci1ib21iZWlyb3MtYXNhc2MtMi5qcGciLCJzbGlkZXNob3ciOiI3ZDgyNWUxIn0%3D\">\n\t\t\t\t\t<div class=\"e-gallery-image elementor-gallery-item__image\" data-thumbnail=\"https:\/\/www.cm-benavente.pt\/wp-content\/uploads\/2025\/03\/coloquio-ser-mulher-bombeiros-asasc-2-1024x682.jpg\" data-width=\"800\" data-height=\"533\" aria-label=\"\" role=\"img\" ><\/div>\n\t\t\t\t\t\t\t\t\t\t\t<div class=\"elementor-gallery-item__overlay\"><\/div>\n\t\t\t\t\t\t\t\t\t\t\t\t\t\t<\/a>\n\t\t\t\t\t\t\t<a class=\"e-gallery-item elementor-gallery-item elementor-animated-content\" href=\"https:\/\/www.cm-benavente.pt\/wp-content\/uploads\/2025\/03\/coloquio-ser-mulher-bombeiros-asasc-3.jpg\" data-elementor-open-lightbox=\"yes\" data-elementor-lightbox-slideshow=\"7d825e1\" data-elementor-lightbox-title=\"coloquio ser mulher bombeiros asasc (3)\" data-e-action-hash=\"#elementor-action%3Aaction%3Dlightbox%26settings%3DeyJpZCI6Njg1MjgsInVybCI6Imh0dHBzOlwvXC93d3cuY20tYmVuYXZlbnRlLnB0XC93cC1jb250ZW50XC91cGxvYWRzXC8yMDI1XC8wM1wvY29sb3F1aW8tc2VyLW11bGhlci1ib21iZWlyb3MtYXNhc2MtMy5qcGciLCJzbGlkZXNob3ciOiI3ZDgyNWUxIn0%3D\">\n\t\t\t\t\t<div class=\"e-gallery-image elementor-gallery-item__image\" data-thumbnail=\"https:\/\/www.cm-benavente.pt\/wp-content\/uploads\/2025\/03\/coloquio-ser-mulher-bombeiros-asasc-3-1024x682.jpg\" data-width=\"800\" data-height=\"533\" aria-label=\"\" role=\"img\" ><\/div>\n\t\t\t\t\t\t\t\t\t\t\t<div class=\"elementor-gallery-item__overlay\"><\/div>\n\t\t\t\t\t\t\t\t\t\t\t\t\t\t<\/a>\n\t\t\t\t\t\t\t<a class=\"e-gallery-item elementor-gallery-item elementor-animated-content\" href=\"https:\/\/www.cm-benavente.pt\/wp-content\/uploads\/2025\/03\/coloquio-ser-mulher-bombeiros-asasc-4.jpg\" data-elementor-open-lightbox=\"yes\" data-elementor-lightbox-slideshow=\"7d825e1\" data-elementor-lightbox-title=\"coloquio ser mulher bombeiros asasc (4)\" data-e-action-hash=\"#elementor-action%3Aaction%3Dlightbox%26settings%3DeyJpZCI6Njg1MjksInVybCI6Imh0dHBzOlwvXC93d3cuY20tYmVuYXZlbnRlLnB0XC93cC1jb250ZW50XC91cGxvYWRzXC8yMDI1XC8wM1wvY29sb3F1aW8tc2VyLW11bGhlci1ib21iZWlyb3MtYXNhc2MtNC5qcGciLCJzbGlkZXNob3ciOiI3ZDgyNWUxIn0%3D\">\n\t\t\t\t\t<div class=\"e-gallery-image elementor-gallery-item__image\" data-thumbnail=\"https:\/\/www.cm-benavente.pt\/wp-content\/uploads\/2025\/03\/coloquio-ser-mulher-bombeiros-asasc-4-1024x682.jpg\" data-width=\"800\" data-height=\"533\" aria-label=\"\" role=\"img\" ><\/div>\n\t\t\t\t\t\t\t\t\t\t\t<div class=\"elementor-gallery-item__overlay\"><\/div>\n\t\t\t\t\t\t\t\t\t\t\t\t\t\t<\/a>\n\t\t\t\t\t\t\t<a class=\"e-gallery-item elementor-gallery-item elementor-animated-content\" href=\"https:\/\/www.cm-benavente.pt\/wp-content\/uploads\/2025\/03\/coloquio-ser-mulher-bombeiros-asasc-5.jpg\" data-elementor-open-lightbox=\"yes\" data-elementor-lightbox-slideshow=\"7d825e1\" data-elementor-lightbox-title=\"coloquio ser mulher bombeiros asasc (5)\" data-e-action-hash=\"#elementor-action%3Aaction%3Dlightbox%26settings%3DeyJpZCI6Njg1MzAsInVybCI6Imh0dHBzOlwvXC93d3cuY20tYmVuYXZlbnRlLnB0XC93cC1jb250ZW50XC91cGxvYWRzXC8yMDI1XC8wM1wvY29sb3F1aW8tc2VyLW11bGhlci1ib21iZWlyb3MtYXNhc2MtNS5qcGciLCJzbGlkZXNob3ciOiI3ZDgyNWUxIn0%3D\">\n\t\t\t\t\t<div class=\"e-gallery-image elementor-gallery-item__image\" data-thumbnail=\"https:\/\/www.cm-benavente.pt\/wp-content\/uploads\/2025\/03\/coloquio-ser-mulher-bombeiros-asasc-5-1024x682.jpg\" data-width=\"800\" data-height=\"533\" aria-label=\"\" role=\"img\" ><\/div>\n\t\t\t\t\t\t\t\t\t\t\t<div class=\"elementor-gallery-item__overlay\"><\/div>\n\t\t\t\t\t\t\t\t\t\t\t\t\t\t<\/a>\n\t\t\t\t\t\t\t<a class=\"e-gallery-item elementor-gallery-item elementor-animated-content\" href=\"https:\/\/www.cm-benavente.pt\/wp-content\/uploads\/2025\/03\/coloquio-ser-mulher-bombeiros-asasc-6.jpg\" data-elementor-open-lightbox=\"yes\" data-elementor-lightbox-slideshow=\"7d825e1\" data-elementor-lightbox-title=\"coloquio ser mulher bombeiros asasc (6)\" data-e-action-hash=\"#elementor-action%3Aaction%3Dlightbox%26settings%3DeyJpZCI6Njg1MzEsInVybCI6Imh0dHBzOlwvXC93d3cuY20tYmVuYXZlbnRlLnB0XC93cC1jb250ZW50XC91cGxvYWRzXC8yMDI1XC8wM1wvY29sb3F1aW8tc2VyLW11bGhlci1ib21iZWlyb3MtYXNhc2MtNi5qcGciLCJzbGlkZXNob3ciOiI3ZDgyNWUxIn0%3D\">\n\t\t\t\t\t<div class=\"e-gallery-image elementor-gallery-item__image\" data-thumbnail=\"https:\/\/www.cm-benavente.pt\/wp-content\/uploads\/2025\/03\/coloquio-ser-mulher-bombeiros-asasc-6-1024x682.jpg\" data-width=\"800\" data-height=\"533\" aria-label=\"\" role=\"img\" ><\/div>\n\t\t\t\t\t\t\t\t\t\t\t<div class=\"elementor-gallery-item__overlay\"><\/div>\n\t\t\t\t\t\t\t\t\t\t\t\t\t\t<\/a>\n\t\t\t\t\t\t\t<a class=\"e-gallery-item elementor-gallery-item elementor-animated-content\" href=\"https:\/\/www.cm-benavente.pt\/wp-content\/uploads\/2025\/03\/coloquio-ser-mulher-bombeiros-asasc-7.jpg\" data-elementor-open-lightbox=\"yes\" data-elementor-lightbox-slideshow=\"7d825e1\" data-elementor-lightbox-title=\"coloquio ser mulher bombeiros asasc (7)\" data-e-action-hash=\"#elementor-action%3Aaction%3Dlightbox%26settings%3DeyJpZCI6Njg1MzIsInVybCI6Imh0dHBzOlwvXC93d3cuY20tYmVuYXZlbnRlLnB0XC93cC1jb250ZW50XC91cGxvYWRzXC8yMDI1XC8wM1wvY29sb3F1aW8tc2VyLW11bGhlci1ib21iZWlyb3MtYXNhc2MtNy5qcGciLCJzbGlkZXNob3ciOiI3ZDgyNWUxIn0%3D\">\n\t\t\t\t\t<div class=\"e-gallery-image elementor-gallery-item__image\" data-thumbnail=\"https:\/\/www.cm-benavente.pt\/wp-content\/uploads\/2025\/03\/coloquio-ser-mulher-bombeiros-asasc-7-1024x682.jpg\" data-width=\"800\" data-height=\"533\" aria-label=\"\" role=\"img\" ><\/div>\n\t\t\t\t\t\t\t\t\t\t\t<div class=\"elementor-gallery-item__overlay\"><\/div>\n\t\t\t\t\t\t\t\t\t\t\t\t\t\t<\/a>\n\t\t\t\t\t\t\t<a class=\"e-gallery-item elementor-gallery-item elementor-animated-content\" href=\"https:\/\/www.cm-benavente.pt\/wp-content\/uploads\/2025\/03\/coloquio-ser-mulher-bombeiros-asasc-8.jpg\" data-elementor-open-lightbox=\"yes\" data-elementor-lightbox-slideshow=\"7d825e1\" data-elementor-lightbox-title=\"coloquio ser mulher bombeiros asasc (8)\" data-e-action-hash=\"#elementor-action%3Aaction%3Dlightbox%26settings%3DeyJpZCI6Njg1MzMsInVybCI6Imh0dHBzOlwvXC93d3cuY20tYmVuYXZlbnRlLnB0XC93cC1jb250ZW50XC91cGxvYWRzXC8yMDI1XC8wM1wvY29sb3F1aW8tc2VyLW11bGhlci1ib21iZWlyb3MtYXNhc2MtOC5qcGciLCJzbGlkZXNob3ciOiI3ZDgyNWUxIn0%3D\">\n\t\t\t\t\t<div class=\"e-gallery-image elementor-gallery-item__image\" data-thumbnail=\"https:\/\/www.cm-benavente.pt\/wp-content\/uploads\/2025\/03\/coloquio-ser-mulher-bombeiros-asasc-8-1024x682.jpg\" data-width=\"800\" data-height=\"533\" aria-label=\"\" role=\"img\" ><\/div>\n\t\t\t\t\t\t\t\t\t\t\t<div class=\"elementor-gallery-item__overlay\"><\/div>\n\t\t\t\t\t\t\t\t\t\t\t\t\t\t<\/a>\n\t\t\t\t\t<\/div>\n\t\t\t\t\t<\/div>\n\t\t\t\t<\/div>\n\t\t\t\t\t<\/div>\n\t\t\t\t<\/div>\n\t\t<div class=\"elementor-element elementor-element-bfca1b6 e-flex e-con-boxed e-con e-parent\" data-id=\"bfca1b6\" data-element_type=\"container\" data-e-type=\"container\" data-settings=\"{&quot;tmea_shape_divider_top&quot;:&quot;none&quot;,&quot;tmea_shape_divider_bottom&quot;:&quot;none&quot;}\">\n\t\t\t\t\t<div class=\"e-con-inner\">\n\t\t\t\t<div class=\"elementor-element elementor-element-aa38da3 elementor-widget elementor-widget-text-editor\" data-id=\"aa38da3\" data-element_type=\"widget\" data-e-type=\"widget\" data-widget_type=\"text-editor.default\">\n\t\t\t\t<div class=\"elementor-widget-container\">\n\t\t\t\t\t\t\t\t\t<p><strong>Associa\u00e7\u00e3o Humanit\u00e1ria dos Bombeiros de Samora Correia fundada em 1975<\/strong><\/p><p>De salientar a presen\u00e7a no col\u00f3quio de dois dos fundadores da Associa\u00e7\u00e3o Humanit\u00e1ria dos Bombeiros de Samora Correia, em mar\u00e7o de 1975: Jo\u00e3o Rocha e Ant\u00f3nio Rosa Teixeira. O primeiro contou como um grupo de seis amigos decidiu adquirir uma ambul\u00e2ncia para a vila com o objetivo do socorro ser prestado de forma mais r\u00e1pida e n\u00e3o esperar pela ambul\u00e2ncia que vinha de Benavente. O segundo, Ant\u00f3nio Teixeira, sabia exatamente quanto custou a ambul\u00e2ncia, uma Pegeout 504, adquirida por 205 contos, com contributos de toda a popula\u00e7\u00e3o. De salientar a interven\u00e7\u00e3o no processo da mulher do ex- farmac\u00eautico, Jo\u00e3o Rocha, que integrou o grupo para desempatar as vota\u00e7\u00f5es n\u00e3o un\u00e2nimes e o seu nome tamb\u00e9m ficar\u00e1 registado na hist\u00f3ria. A Mulher que mantinha a ordem e o equil\u00edbrio dos entusiastas, chamava-se Ana Assun\u00e7\u00e3o Cardoso Rocha.<\/p><p><strong>No concelho de Benavente 34% dos bombeiros s\u00e3o Mulheres<\/strong><\/p><p>O Presidente da Escola Nacional de Bombeiros (ENB), L\u00eddio Lopes, tomou da palavra no col\u00f3quio da ASASC, para anunciar que a ENB vai abrir ciclos de forma\u00e7\u00e3o para \u00f3rg\u00e3os dirigentes das associa\u00e7\u00f5es de bombeiros e essa forma\u00e7\u00e3o ser\u00e1 paga pela Liga dos Bombeiros Portugueses. O respons\u00e1vel pela ENB mencionou que Samora Correia \u00e9 exemplo maior de como as mulheres t\u00eam um papel cada vez mais preponderante nos bombeiros, tendo em conta que no concelho de Benavente, 34% dos operacionais s\u00e3o mulheres e a Associa\u00e7\u00e3o conta com tr\u00eas mulheres na lideran\u00e7a da dire\u00e7\u00e3o, assembleia geral e conselho fiscal.<\/p>\t\t\t\t\t\t\t\t<\/div>\n\t\t\t\t<\/div>\n\t\t\t\t\t<\/div>\n\t\t\t\t<\/div>\n\t\t\t\t<\/div>\n\t\t","protected":false},"excerpt":{"rendered":"<p>O Col\u00f3quio \u201cSer Mulher nos Bombeiros\u201d, promovido pela Associa\u00e7\u00e3o Amigos de Samora Correia (ASASC), teve lugar no Pal\u00e1cio do Infantado, em Samora Correia e foi uma das iniciativas inseridas nas comemora\u00e7\u00f5es dos 50 anos da Associa\u00e7\u00e3o Humanit\u00e1ria dos Bombeiros Volunt\u00e1rios de Samora Correia, que comemora 50 anos de vida.<\/p>\n","protected":false},"author":3,"featured_media":68524,"comment_status":"closed","ping_status":"closed","sticky":false,"template":"","format":"standard","meta":{"_vp_format_video_url":"","_vp_image_focal_point":[],"footnotes":""},"categories":[510],"tags":[1116,170,1433,193,27],"class_list":["post-68523","post","type-post","status-publish","format-standard","has-post-thumbnail","hentry","category-evento","tag-asasc","tag-bombeiros","tag-coloquio","tag-mulher","tag-samora-correia"],"_links":{"self":[{"href":"https:\/\/www.cm-benavente.pt\/index.php\/wp-json\/wp\/v2\/posts\/68523","targetHints":{"allow":["GET"]}}],"collection":[{"href":"https:\/\/www.cm-benavente.pt\/index.php\/wp-json\/wp\/v2\/posts"}],"about":[{"href":"https:\/\/www.cm-benavente.pt\/index.php\/wp-json\/wp\/v2\/types\/post"}],"author":[{"embeddable":true,"href":"https:\/\/www.cm-benavente.pt\/index.php\/wp-json\/wp\/v2\/users\/3"}],"replies":[{"embeddable":true,"href":"https:\/\/www.cm-benavente.pt\/index.php\/wp-json\/wp\/v2\/comments?post=68523"}],"version-history":[{"count":4,"href":"https:\/\/www.cm-benavente.pt\/index.php\/wp-json\/wp\/v2\/posts\/68523\/revisions"}],"predecessor-version":[{"id":68536,"href":"https:\/\/www.cm-benavente.pt\/index.php\/wp-json\/wp\/v2\/posts\/68523\/revisions\/68536"}],"wp:featuredmedia":[{"embeddable":true,"href":"https:\/\/www.cm-benavente.pt\/index.php\/wp-json\/wp\/v2\/media\/68524"}],"wp:attachment":[{"href":"https:\/\/www.cm-benavente.pt\/index.php\/wp-json\/wp\/v2\/media?parent=68523"}],"wp:term":[{"taxonomy":"category","embeddable":true,"href":"https:\/\/www.cm-benavente.pt\/index.php\/wp-json\/wp\/v2\/categories?post=68523"},{"taxonomy":"post_tag","embeddable":true,"href":"https:\/\/www.cm-benavente.pt\/index.php\/wp-json\/wp\/v2\/tags?post=68523"}],"curies":[{"name":"wp","href":"https:\/\/api.w.org\/{rel}","templated":true}]}}