{"id":67961,"date":"2025-03-05T17:33:09","date_gmt":"2025-03-05T17:33:09","guid":{"rendered":"https:\/\/www.cm-benavente.pt\/?p=67961"},"modified":"2025-03-05T17:52:35","modified_gmt":"2025-03-05T17:52:35","slug":"enterro-do-entrudo-fecha-uma-belissima-edicao-do-maior-carnaval-do-ribatejo-samora-correia","status":"publish","type":"post","link":"https:\/\/www.cm-benavente.pt\/index.php\/2025\/03\/05\/enterro-do-entrudo-fecha-uma-belissima-edicao-do-maior-carnaval-do-ribatejo-samora-correia\/","title":{"rendered":"Enterro do Entrudo fecha uma bel\u00edssima edi\u00e7\u00e3o do maior Carnaval do Ribatejo &#8211; Samora Correia"},"content":{"rendered":"\t\t<div data-elementor-type=\"wp-post\" data-elementor-id=\"67961\" class=\"elementor elementor-67961\" data-elementor-post-type=\"post\">\n\t\t\t\t<div class=\"elementor-element elementor-element-3aee558 e-flex e-con-boxed e-con e-parent\" data-id=\"3aee558\" data-element_type=\"container\" data-e-type=\"container\" data-settings=\"{&quot;tmea_shape_divider_top&quot;:&quot;none&quot;,&quot;tmea_shape_divider_bottom&quot;:&quot;none&quot;}\">\n\t\t\t\t\t<div class=\"e-con-inner\">\n\t\t\n\t\t<div class=\"elementor-element elementor-element-1380b6b elementor-widget elementor-widget-text-editor\" data-id=\"1380b6b\" data-element_type=\"widget\" data-e-type=\"widget\" data-widget_type=\"text-editor.default\">\n\t\t\t\t<div class=\"elementor-widget-container\">\n\t\t\t\t\t\t\t\t\t<p>Um corso super cuidado, com espetaculares fatos carnavalescos, coloridos, vistosos, trabalhados. Este foi, seguramente um dos corsos mais bonitos de sempre do Carnaval de Samora Correia.<\/p><p>Para todos v\u00f3s, ficam as imagens da ter\u00e7a-feira gorda do Carnaval de Samora Correia. Esperamos que gostem.<\/p><p><strong>Organiza\u00e7\u00e3o:<\/strong> ARCAS<\/p><p><strong>Apoio:<\/strong> C\u00e2mara Municipal de Benavente<\/p>\t\t\t\t\t\t\t\t<\/div>\n\t\t\t\t<\/div>\n\t\t\t\t<div class=\"elementor-element elementor-element-fa27872 elementor-widget elementor-widget-gallery\" data-id=\"fa27872\" data-element_type=\"widget\" data-e-type=\"widget\" data-settings=\"{&quot;columns&quot;:17,&quot;lazyload&quot;:&quot;yes&quot;,&quot;gallery_layout&quot;:&quot;grid&quot;,&quot;columns_tablet&quot;:2,&quot;columns_mobile&quot;:1,&quot;gap&quot;:{&quot;unit&quot;:&quot;px&quot;,&quot;size&quot;:10,&quot;sizes&quot;:[]},&quot;gap_widescreen&quot;:{&quot;unit&quot;:&quot;px&quot;,&quot;size&quot;:&quot;&quot;,&quot;sizes&quot;:[]},&quot;gap_laptop&quot;:{&quot;unit&quot;:&quot;px&quot;,&quot;size&quot;:10,&quot;sizes&quot;:[]},&quot;gap_tablet_extra&quot;:{&quot;unit&quot;:&quot;px&quot;,&quot;size&quot;:10,&quot;sizes&quot;:[]},&quot;gap_tablet&quot;:{&quot;unit&quot;:&quot;px&quot;,&quot;size&quot;:10,&quot;sizes&quot;:[]},&quot;gap_mobile_extra&quot;:{&quot;unit&quot;:&quot;px&quot;,&quot;size&quot;:10,&quot;sizes&quot;:[]},&quot;gap_mobile&quot;:{&quot;unit&quot;:&quot;px&quot;,&quot;size&quot;:10,&quot;sizes&quot;:[]},&quot;link_to&quot;:&quot;file&quot;,&quot;aspect_ratio&quot;:&quot;3:2&quot;,&quot;overlay_background&quot;:&quot;yes&quot;,&quot;content_hover_animation&quot;:&quot;fade-in&quot;}\" data-widget_type=\"gallery.default\">\n\t\t\t\t<div class=\"elementor-widget-container\">\n\t\t\t\t\t\t\t<div class=\"elementor-gallery__container\">\n\t\t\t\t\t\t\t<a class=\"e-gallery-item elementor-gallery-item elementor-animated-content\" href=\"https:\/\/www.cm-benavente.pt\/wp-content\/uploads\/2025\/03\/carnaval-samora-correia-terca-feira-1.jpg\" data-elementor-open-lightbox=\"yes\" data-elementor-lightbox-slideshow=\"fa27872\" data-elementor-lightbox-title=\"carnaval samora correia ter\u00e7a feira (1)\" data-e-action-hash=\"#elementor-action%3Aaction%3Dlightbox%26settings%3DeyJpZCI6Njc5NjQsInVybCI6Imh0dHBzOlwvXC93d3cuY20tYmVuYXZlbnRlLnB0XC93cC1jb250ZW50XC91cGxvYWRzXC8yMDI1XC8wM1wvY2FybmF2YWwtc2Ftb3JhLWNvcnJlaWEtdGVyY2EtZmVpcmEtMS5qcGciLCJzbGlkZXNob3ciOiJmYTI3ODcyIn0%3D\">\n\t\t\t\t\t<div class=\"e-gallery-image elementor-gallery-item__image\" data-thumbnail=\"https:\/\/www.cm-benavente.pt\/wp-content\/uploads\/2025\/03\/carnaval-samora-correia-terca-feira-1-1024x518.jpg\" data-width=\"800\" data-height=\"405\" aria-label=\"\" role=\"img\" ><\/div>\n\t\t\t\t\t\t\t\t\t\t\t<div class=\"elementor-gallery-item__overlay\"><\/div>\n\t\t\t\t\t\t\t\t\t\t\t\t\t\t<\/a>\n\t\t\t\t\t\t\t<a class=\"e-gallery-item elementor-gallery-item elementor-animated-content\" href=\"https:\/\/www.cm-benavente.pt\/wp-content\/uploads\/2025\/03\/carnaval-samora-correia-terca-feira-2.jpg\" data-elementor-open-lightbox=\"yes\" data-elementor-lightbox-slideshow=\"fa27872\" data-elementor-lightbox-title=\"carnaval samora correia ter\u00e7a feira (2)\" data-e-action-hash=\"#elementor-action%3Aaction%3Dlightbox%26settings%3DeyJpZCI6Njc5NjUsInVybCI6Imh0dHBzOlwvXC93d3cuY20tYmVuYXZlbnRlLnB0XC93cC1jb250ZW50XC91cGxvYWRzXC8yMDI1XC8wM1wvY2FybmF2YWwtc2Ftb3JhLWNvcnJlaWEtdGVyY2EtZmVpcmEtMi5qcGciLCJzbGlkZXNob3ciOiJmYTI3ODcyIn0%3D\">\n\t\t\t\t\t<div class=\"e-gallery-image elementor-gallery-item__image\" data-thumbnail=\"https:\/\/www.cm-benavente.pt\/wp-content\/uploads\/2025\/03\/carnaval-samora-correia-terca-feira-2-1024x619.jpg\" data-width=\"800\" data-height=\"484\" aria-label=\"\" role=\"img\" ><\/div>\n\t\t\t\t\t\t\t\t\t\t\t<div class=\"elementor-gallery-item__overlay\"><\/div>\n\t\t\t\t\t\t\t\t\t\t\t\t\t\t<\/a>\n\t\t\t\t\t\t\t<a class=\"e-gallery-item elementor-gallery-item elementor-animated-content\" href=\"https:\/\/www.cm-benavente.pt\/wp-content\/uploads\/2025\/03\/carnaval-samora-correia-terca-feira-3.jpg\" data-elementor-open-lightbox=\"yes\" data-elementor-lightbox-slideshow=\"fa27872\" data-elementor-lightbox-title=\"carnaval samora correia ter\u00e7a feira (3)\" data-e-action-hash=\"#elementor-action%3Aaction%3Dlightbox%26settings%3DeyJpZCI6Njc5NjYsInVybCI6Imh0dHBzOlwvXC93d3cuY20tYmVuYXZlbnRlLnB0XC93cC1jb250ZW50XC91cGxvYWRzXC8yMDI1XC8wM1wvY2FybmF2YWwtc2Ftb3JhLWNvcnJlaWEtdGVyY2EtZmVpcmEtMy5qcGciLCJzbGlkZXNob3ciOiJmYTI3ODcyIn0%3D\">\n\t\t\t\t\t<div class=\"e-gallery-image elementor-gallery-item__image\" data-thumbnail=\"https:\/\/www.cm-benavente.pt\/wp-content\/uploads\/2025\/03\/carnaval-samora-correia-terca-feira-3-1024x549.jpg\" data-width=\"800\" data-height=\"429\" aria-label=\"\" role=\"img\" ><\/div>\n\t\t\t\t\t\t\t\t\t\t\t<div class=\"elementor-gallery-item__overlay\"><\/div>\n\t\t\t\t\t\t\t\t\t\t\t\t\t\t<\/a>\n\t\t\t\t\t\t\t<a class=\"e-gallery-item elementor-gallery-item elementor-animated-content\" href=\"https:\/\/www.cm-benavente.pt\/wp-content\/uploads\/2025\/03\/carnaval-samora-correia-terca-feira-4-scaled.jpg\" data-elementor-open-lightbox=\"yes\" data-elementor-lightbox-slideshow=\"fa27872\" data-elementor-lightbox-title=\"carnaval samora correia ter\u00e7a feira (4)\" data-e-action-hash=\"#elementor-action%3Aaction%3Dlightbox%26settings%3DeyJpZCI6Njc5NjcsInVybCI6Imh0dHBzOlwvXC93d3cuY20tYmVuYXZlbnRlLnB0XC93cC1jb250ZW50XC91cGxvYWRzXC8yMDI1XC8wM1wvY2FybmF2YWwtc2Ftb3JhLWNvcnJlaWEtdGVyY2EtZmVpcmEtNC1zY2FsZWQuanBnIiwic2xpZGVzaG93IjoiZmEyNzg3MiJ9\">\n\t\t\t\t\t<div class=\"e-gallery-image elementor-gallery-item__image\" data-thumbnail=\"https:\/\/www.cm-benavente.pt\/wp-content\/uploads\/2025\/03\/carnaval-samora-correia-terca-feira-4-1024x615.jpg\" data-width=\"800\" data-height=\"480\" aria-label=\"\" role=\"img\" ><\/div>\n\t\t\t\t\t\t\t\t\t\t\t<div class=\"elementor-gallery-item__overlay\"><\/div>\n\t\t\t\t\t\t\t\t\t\t\t\t\t\t<\/a>\n\t\t\t\t\t\t\t<a class=\"e-gallery-item elementor-gallery-item elementor-animated-content\" href=\"https:\/\/www.cm-benavente.pt\/wp-content\/uploads\/2025\/03\/carnaval-samora-correia-terca-feira-5-scaled.jpg\" data-elementor-open-lightbox=\"yes\" data-elementor-lightbox-slideshow=\"fa27872\" data-elementor-lightbox-title=\"carnaval samora correia ter\u00e7a feira (5)\" data-e-action-hash=\"#elementor-action%3Aaction%3Dlightbox%26settings%3DeyJpZCI6Njc5NjgsInVybCI6Imh0dHBzOlwvXC93d3cuY20tYmVuYXZlbnRlLnB0XC93cC1jb250ZW50XC91cGxvYWRzXC8yMDI1XC8wM1wvY2FybmF2YWwtc2Ftb3JhLWNvcnJlaWEtdGVyY2EtZmVpcmEtNS1zY2FsZWQuanBnIiwic2xpZGVzaG93IjoiZmEyNzg3MiJ9\">\n\t\t\t\t\t<div class=\"e-gallery-image elementor-gallery-item__image\" data-thumbnail=\"https:\/\/www.cm-benavente.pt\/wp-content\/uploads\/2025\/03\/carnaval-samora-correia-terca-feira-5-1024x568.jpg\" data-width=\"800\" data-height=\"444\" aria-label=\"\" role=\"img\" ><\/div>\n\t\t\t\t\t\t\t\t\t\t\t<div class=\"elementor-gallery-item__overlay\"><\/div>\n\t\t\t\t\t\t\t\t\t\t\t\t\t\t<\/a>\n\t\t\t\t\t\t\t<a class=\"e-gallery-item elementor-gallery-item elementor-animated-content\" href=\"https:\/\/www.cm-benavente.pt\/wp-content\/uploads\/2025\/03\/carnaval-samora-correia-terca-feira-6.jpg\" data-elementor-open-lightbox=\"yes\" data-elementor-lightbox-slideshow=\"fa27872\" data-elementor-lightbox-title=\"carnaval samora correia ter\u00e7a feira (6)\" data-e-action-hash=\"#elementor-action%3Aaction%3Dlightbox%26settings%3DeyJpZCI6Njc5NjksInVybCI6Imh0dHBzOlwvXC93d3cuY20tYmVuYXZlbnRlLnB0XC93cC1jb250ZW50XC91cGxvYWRzXC8yMDI1XC8wM1wvY2FybmF2YWwtc2Ftb3JhLWNvcnJlaWEtdGVyY2EtZmVpcmEtNi5qcGciLCJzbGlkZXNob3ciOiJmYTI3ODcyIn0%3D\">\n\t\t\t\t\t<div class=\"e-gallery-image elementor-gallery-item__image\" data-thumbnail=\"https:\/\/www.cm-benavente.pt\/wp-content\/uploads\/2025\/03\/carnaval-samora-correia-terca-feira-6-1024x567.jpg\" data-width=\"800\" data-height=\"443\" aria-label=\"\" role=\"img\" ><\/div>\n\t\t\t\t\t\t\t\t\t\t\t<div class=\"elementor-gallery-item__overlay\"><\/div>\n\t\t\t\t\t\t\t\t\t\t\t\t\t\t<\/a>\n\t\t\t\t\t\t\t<a class=\"e-gallery-item elementor-gallery-item elementor-animated-content\" href=\"https:\/\/www.cm-benavente.pt\/wp-content\/uploads\/2025\/03\/carnaval-samora-correia-terca-feira-7-scaled.jpg\" data-elementor-open-lightbox=\"yes\" data-elementor-lightbox-slideshow=\"fa27872\" data-elementor-lightbox-title=\"carnaval samora correia ter\u00e7a feira (7)\" data-e-action-hash=\"#elementor-action%3Aaction%3Dlightbox%26settings%3DeyJpZCI6Njc5NzAsInVybCI6Imh0dHBzOlwvXC93d3cuY20tYmVuYXZlbnRlLnB0XC93cC1jb250ZW50XC91cGxvYWRzXC8yMDI1XC8wM1wvY2FybmF2YWwtc2Ftb3JhLWNvcnJlaWEtdGVyY2EtZmVpcmEtNy1zY2FsZWQuanBnIiwic2xpZGVzaG93IjoiZmEyNzg3MiJ9\">\n\t\t\t\t\t<div class=\"e-gallery-image elementor-gallery-item__image\" data-thumbnail=\"https:\/\/www.cm-benavente.pt\/wp-content\/uploads\/2025\/03\/carnaval-samora-correia-terca-feira-7-1024x520.jpg\" data-width=\"800\" data-height=\"406\" aria-label=\"\" role=\"img\" ><\/div>\n\t\t\t\t\t\t\t\t\t\t\t<div class=\"elementor-gallery-item__overlay\"><\/div>\n\t\t\t\t\t\t\t\t\t\t\t\t\t\t<\/a>\n\t\t\t\t\t\t\t<a class=\"e-gallery-item elementor-gallery-item elementor-animated-content\" href=\"https:\/\/www.cm-benavente.pt\/wp-content\/uploads\/2025\/03\/carnaval-samora-correia-terca-feira-8-scaled.jpg\" data-elementor-open-lightbox=\"yes\" data-elementor-lightbox-slideshow=\"fa27872\" data-elementor-lightbox-title=\"carnaval samora correia ter\u00e7a feira (8)\" data-e-action-hash=\"#elementor-action%3Aaction%3Dlightbox%26settings%3DeyJpZCI6Njc5NzEsInVybCI6Imh0dHBzOlwvXC93d3cuY20tYmVuYXZlbnRlLnB0XC93cC1jb250ZW50XC91cGxvYWRzXC8yMDI1XC8wM1wvY2FybmF2YWwtc2Ftb3JhLWNvcnJlaWEtdGVyY2EtZmVpcmEtOC1zY2FsZWQuanBnIiwic2xpZGVzaG93IjoiZmEyNzg3MiJ9\">\n\t\t\t\t\t<div class=\"e-gallery-image elementor-gallery-item__image\" data-thumbnail=\"https:\/\/www.cm-benavente.pt\/wp-content\/uploads\/2025\/03\/carnaval-samora-correia-terca-feira-8-1024x555.jpg\" data-width=\"800\" data-height=\"434\" aria-label=\"\" role=\"img\" ><\/div>\n\t\t\t\t\t\t\t\t\t\t\t<div class=\"elementor-gallery-item__overlay\"><\/div>\n\t\t\t\t\t\t\t\t\t\t\t\t\t\t<\/a>\n\t\t\t\t\t\t\t<a class=\"e-gallery-item elementor-gallery-item elementor-animated-content\" href=\"https:\/\/www.cm-benavente.pt\/wp-content\/uploads\/2025\/03\/carnaval-samora-correia-terca-feira-9.jpg\" data-elementor-open-lightbox=\"yes\" data-elementor-lightbox-slideshow=\"fa27872\" data-elementor-lightbox-title=\"carnaval samora correia ter\u00e7a feira (9)\" data-e-action-hash=\"#elementor-action%3Aaction%3Dlightbox%26settings%3DeyJpZCI6Njc5NzIsInVybCI6Imh0dHBzOlwvXC93d3cuY20tYmVuYXZlbnRlLnB0XC93cC1jb250ZW50XC91cGxvYWRzXC8yMDI1XC8wM1wvY2FybmF2YWwtc2Ftb3JhLWNvcnJlaWEtdGVyY2EtZmVpcmEtOS5qcGciLCJzbGlkZXNob3ciOiJmYTI3ODcyIn0%3D\">\n\t\t\t\t\t<div class=\"e-gallery-image elementor-gallery-item__image\" data-thumbnail=\"https:\/\/www.cm-benavente.pt\/wp-content\/uploads\/2025\/03\/carnaval-samora-correia-terca-feira-9-1024x449.jpg\" data-width=\"800\" data-height=\"351\" aria-label=\"\" role=\"img\" ><\/div>\n\t\t\t\t\t\t\t\t\t\t\t<div class=\"elementor-gallery-item__overlay\"><\/div>\n\t\t\t\t\t\t\t\t\t\t\t\t\t\t<\/a>\n\t\t\t\t\t\t\t<a class=\"e-gallery-item elementor-gallery-item elementor-animated-content\" href=\"https:\/\/www.cm-benavente.pt\/wp-content\/uploads\/2025\/03\/carnaval-samora-correia-terca-feira-10-scaled.jpg\" data-elementor-open-lightbox=\"yes\" data-elementor-lightbox-slideshow=\"fa27872\" data-elementor-lightbox-title=\"carnaval samora correia ter\u00e7a feira (10)\" data-e-action-hash=\"#elementor-action%3Aaction%3Dlightbox%26settings%3DeyJpZCI6Njc5NzMsInVybCI6Imh0dHBzOlwvXC93d3cuY20tYmVuYXZlbnRlLnB0XC93cC1jb250ZW50XC91cGxvYWRzXC8yMDI1XC8wM1wvY2FybmF2YWwtc2Ftb3JhLWNvcnJlaWEtdGVyY2EtZmVpcmEtMTAtc2NhbGVkLmpwZyIsInNsaWRlc2hvdyI6ImZhMjc4NzIifQ%3D%3D\">\n\t\t\t\t\t<div class=\"e-gallery-image elementor-gallery-item__image\" data-thumbnail=\"https:\/\/www.cm-benavente.pt\/wp-content\/uploads\/2025\/03\/carnaval-samora-correia-terca-feira-10-1024x768.jpg\" data-width=\"800\" data-height=\"600\" aria-label=\"\" role=\"img\" ><\/div>\n\t\t\t\t\t\t\t\t\t\t\t<div class=\"elementor-gallery-item__overlay\"><\/div>\n\t\t\t\t\t\t\t\t\t\t\t\t\t\t<\/a>\n\t\t\t\t\t\t\t<a class=\"e-gallery-item elementor-gallery-item elementor-animated-content\" href=\"https:\/\/www.cm-benavente.pt\/wp-content\/uploads\/2025\/03\/carnaval-samora-correia-terca-feira-11-scaled.jpg\" data-elementor-open-lightbox=\"yes\" data-elementor-lightbox-slideshow=\"fa27872\" data-elementor-lightbox-title=\"carnaval samora correia ter\u00e7a feira (11)\" data-e-action-hash=\"#elementor-action%3Aaction%3Dlightbox%26settings%3DeyJpZCI6Njc5NzQsInVybCI6Imh0dHBzOlwvXC93d3cuY20tYmVuYXZlbnRlLnB0XC93cC1jb250ZW50XC91cGxvYWRzXC8yMDI1XC8wM1wvY2FybmF2YWwtc2Ftb3JhLWNvcnJlaWEtdGVyY2EtZmVpcmEtMTEtc2NhbGVkLmpwZyIsInNsaWRlc2hvdyI6ImZhMjc4NzIifQ%3D%3D\">\n\t\t\t\t\t<div class=\"e-gallery-image elementor-gallery-item__image\" data-thumbnail=\"https:\/\/www.cm-benavente.pt\/wp-content\/uploads\/2025\/03\/carnaval-samora-correia-terca-feira-11-1024x768.jpg\" data-width=\"800\" data-height=\"600\" aria-label=\"\" role=\"img\" ><\/div>\n\t\t\t\t\t\t\t\t\t\t\t<div class=\"elementor-gallery-item__overlay\"><\/div>\n\t\t\t\t\t\t\t\t\t\t\t\t\t\t<\/a>\n\t\t\t\t\t\t\t<a class=\"e-gallery-item elementor-gallery-item elementor-animated-content\" href=\"https:\/\/www.cm-benavente.pt\/wp-content\/uploads\/2025\/03\/carnaval-samora-correia-terca-feira-12.jpg\" data-elementor-open-lightbox=\"yes\" data-elementor-lightbox-slideshow=\"fa27872\" data-elementor-lightbox-title=\"carnaval samora correia ter\u00e7a feira (12)\" data-e-action-hash=\"#elementor-action%3Aaction%3Dlightbox%26settings%3DeyJpZCI6Njc5NzUsInVybCI6Imh0dHBzOlwvXC93d3cuY20tYmVuYXZlbnRlLnB0XC93cC1jb250ZW50XC91cGxvYWRzXC8yMDI1XC8wM1wvY2FybmF2YWwtc2Ftb3JhLWNvcnJlaWEtdGVyY2EtZmVpcmEtMTIuanBnIiwic2xpZGVzaG93IjoiZmEyNzg3MiJ9\">\n\t\t\t\t\t<div class=\"e-gallery-image elementor-gallery-item__image\" data-thumbnail=\"https:\/\/www.cm-benavente.pt\/wp-content\/uploads\/2025\/03\/carnaval-samora-correia-terca-feira-12-1024x768.jpg\" data-width=\"800\" data-height=\"600\" aria-label=\"\" role=\"img\" ><\/div>\n\t\t\t\t\t\t\t\t\t\t\t<div class=\"elementor-gallery-item__overlay\"><\/div>\n\t\t\t\t\t\t\t\t\t\t\t\t\t\t<\/a>\n\t\t\t\t\t\t\t<a class=\"e-gallery-item elementor-gallery-item elementor-animated-content\" href=\"https:\/\/www.cm-benavente.pt\/wp-content\/uploads\/2025\/03\/carnaval-samora-correia-terca-feira-13-scaled.jpg\" data-elementor-open-lightbox=\"yes\" data-elementor-lightbox-slideshow=\"fa27872\" data-elementor-lightbox-title=\"carnaval samora correia ter\u00e7a feira (13)\" data-e-action-hash=\"#elementor-action%3Aaction%3Dlightbox%26settings%3DeyJpZCI6Njc5NzYsInVybCI6Imh0dHBzOlwvXC93d3cuY20tYmVuYXZlbnRlLnB0XC93cC1jb250ZW50XC91cGxvYWRzXC8yMDI1XC8wM1wvY2FybmF2YWwtc2Ftb3JhLWNvcnJlaWEtdGVyY2EtZmVpcmEtMTMtc2NhbGVkLmpwZyIsInNsaWRlc2hvdyI6ImZhMjc4NzIifQ%3D%3D\">\n\t\t\t\t\t<div class=\"e-gallery-image elementor-gallery-item__image\" data-thumbnail=\"https:\/\/www.cm-benavente.pt\/wp-content\/uploads\/2025\/03\/carnaval-samora-correia-terca-feira-13-1024x675.jpg\" data-width=\"800\" data-height=\"527\" aria-label=\"\" role=\"img\" ><\/div>\n\t\t\t\t\t\t\t\t\t\t\t<div class=\"elementor-gallery-item__overlay\"><\/div>\n\t\t\t\t\t\t\t\t\t\t\t\t\t\t<\/a>\n\t\t\t\t\t\t\t<a class=\"e-gallery-item elementor-gallery-item elementor-animated-content\" href=\"https:\/\/www.cm-benavente.pt\/wp-content\/uploads\/2025\/03\/carnaval-samora-correia-terca-feira-14.jpg\" data-elementor-open-lightbox=\"yes\" data-elementor-lightbox-slideshow=\"fa27872\" data-elementor-lightbox-title=\"carnaval samora correia ter\u00e7a feira (14)\" data-e-action-hash=\"#elementor-action%3Aaction%3Dlightbox%26settings%3DeyJpZCI6Njc5NzcsInVybCI6Imh0dHBzOlwvXC93d3cuY20tYmVuYXZlbnRlLnB0XC93cC1jb250ZW50XC91cGxvYWRzXC8yMDI1XC8wM1wvY2FybmF2YWwtc2Ftb3JhLWNvcnJlaWEtdGVyY2EtZmVpcmEtMTQuanBnIiwic2xpZGVzaG93IjoiZmEyNzg3MiJ9\">\n\t\t\t\t\t<div class=\"e-gallery-image elementor-gallery-item__image\" data-thumbnail=\"https:\/\/www.cm-benavente.pt\/wp-content\/uploads\/2025\/03\/carnaval-samora-correia-terca-feira-14-1024x768.jpg\" data-width=\"800\" data-height=\"600\" aria-label=\"\" role=\"img\" ><\/div>\n\t\t\t\t\t\t\t\t\t\t\t<div class=\"elementor-gallery-item__overlay\"><\/div>\n\t\t\t\t\t\t\t\t\t\t\t\t\t\t<\/a>\n\t\t\t\t\t\t\t<a class=\"e-gallery-item elementor-gallery-item elementor-animated-content\" href=\"https:\/\/www.cm-benavente.pt\/wp-content\/uploads\/2025\/03\/carnaval-samora-correia-terca-feira-15.jpg\" data-elementor-open-lightbox=\"yes\" data-elementor-lightbox-slideshow=\"fa27872\" data-elementor-lightbox-title=\"carnaval samora correia ter\u00e7a feira (15)\" data-e-action-hash=\"#elementor-action%3Aaction%3Dlightbox%26settings%3DeyJpZCI6Njc5NzgsInVybCI6Imh0dHBzOlwvXC93d3cuY20tYmVuYXZlbnRlLnB0XC93cC1jb250ZW50XC91cGxvYWRzXC8yMDI1XC8wM1wvY2FybmF2YWwtc2Ftb3JhLWNvcnJlaWEtdGVyY2EtZmVpcmEtMTUuanBnIiwic2xpZGVzaG93IjoiZmEyNzg3MiJ9\">\n\t\t\t\t\t<div class=\"e-gallery-image elementor-gallery-item__image\" data-thumbnail=\"https:\/\/www.cm-benavente.pt\/wp-content\/uploads\/2025\/03\/carnaval-samora-correia-terca-feira-15-1024x656.jpg\" data-width=\"800\" data-height=\"513\" aria-label=\"\" role=\"img\" ><\/div>\n\t\t\t\t\t\t\t\t\t\t\t<div class=\"elementor-gallery-item__overlay\"><\/div>\n\t\t\t\t\t\t\t\t\t\t\t\t\t\t<\/a>\n\t\t\t\t\t\t\t<a class=\"e-gallery-item elementor-gallery-item elementor-animated-content\" href=\"https:\/\/www.cm-benavente.pt\/wp-content\/uploads\/2025\/03\/carnaval-samora-correia-terca-feira-16.jpg\" data-elementor-open-lightbox=\"yes\" data-elementor-lightbox-slideshow=\"fa27872\" data-elementor-lightbox-title=\"carnaval samora correia ter\u00e7a feira (16)\" data-e-action-hash=\"#elementor-action%3Aaction%3Dlightbox%26settings%3DeyJpZCI6Njc5NzksInVybCI6Imh0dHBzOlwvXC93d3cuY20tYmVuYXZlbnRlLnB0XC93cC1jb250ZW50XC91cGxvYWRzXC8yMDI1XC8wM1wvY2FybmF2YWwtc2Ftb3JhLWNvcnJlaWEtdGVyY2EtZmVpcmEtMTYuanBnIiwic2xpZGVzaG93IjoiZmEyNzg3MiJ9\">\n\t\t\t\t\t<div class=\"e-gallery-image elementor-gallery-item__image\" data-thumbnail=\"https:\/\/www.cm-benavente.pt\/wp-content\/uploads\/2025\/03\/carnaval-samora-correia-terca-feira-16-1024x647.jpg\" data-width=\"800\" data-height=\"505\" aria-label=\"\" role=\"img\" ><\/div>\n\t\t\t\t\t\t\t\t\t\t\t<div class=\"elementor-gallery-item__overlay\"><\/div>\n\t\t\t\t\t\t\t\t\t\t\t\t\t\t<\/a>\n\t\t\t\t\t\t\t<a class=\"e-gallery-item elementor-gallery-item elementor-animated-content\" href=\"https:\/\/www.cm-benavente.pt\/wp-content\/uploads\/2025\/03\/carnaval-samora-correia-terca-feira-17-scaled.jpg\" data-elementor-open-lightbox=\"yes\" data-elementor-lightbox-slideshow=\"fa27872\" data-elementor-lightbox-title=\"carnaval samora correia ter\u00e7a feira (17)\" data-e-action-hash=\"#elementor-action%3Aaction%3Dlightbox%26settings%3DeyJpZCI6Njc5ODAsInVybCI6Imh0dHBzOlwvXC93d3cuY20tYmVuYXZlbnRlLnB0XC93cC1jb250ZW50XC91cGxvYWRzXC8yMDI1XC8wM1wvY2FybmF2YWwtc2Ftb3JhLWNvcnJlaWEtdGVyY2EtZmVpcmEtMTctc2NhbGVkLmpwZyIsInNsaWRlc2hvdyI6ImZhMjc4NzIifQ%3D%3D\">\n\t\t\t\t\t<div class=\"e-gallery-image elementor-gallery-item__image\" data-thumbnail=\"https:\/\/www.cm-benavente.pt\/wp-content\/uploads\/2025\/03\/carnaval-samora-correia-terca-feira-17-1024x664.jpg\" data-width=\"800\" data-height=\"519\" aria-label=\"\" role=\"img\" ><\/div>\n\t\t\t\t\t\t\t\t\t\t\t<div class=\"elementor-gallery-item__overlay\"><\/div>\n\t\t\t\t\t\t\t\t\t\t\t\t\t\t<\/a>\n\t\t\t\t\t\t\t<a class=\"e-gallery-item elementor-gallery-item elementor-animated-content\" href=\"https:\/\/www.cm-benavente.pt\/wp-content\/uploads\/2025\/03\/carnaval-samora-correia-terca-feira-18-scaled.jpg\" data-elementor-open-lightbox=\"yes\" data-elementor-lightbox-slideshow=\"fa27872\" data-elementor-lightbox-title=\"carnaval samora correia ter\u00e7a feira (18)\" data-e-action-hash=\"#elementor-action%3Aaction%3Dlightbox%26settings%3DeyJpZCI6Njc5ODEsInVybCI6Imh0dHBzOlwvXC93d3cuY20tYmVuYXZlbnRlLnB0XC93cC1jb250ZW50XC91cGxvYWRzXC8yMDI1XC8wM1wvY2FybmF2YWwtc2Ftb3JhLWNvcnJlaWEtdGVyY2EtZmVpcmEtMTgtc2NhbGVkLmpwZyIsInNsaWRlc2hvdyI6ImZhMjc4NzIifQ%3D%3D\">\n\t\t\t\t\t<div class=\"e-gallery-image elementor-gallery-item__image\" data-thumbnail=\"https:\/\/www.cm-benavente.pt\/wp-content\/uploads\/2025\/03\/carnaval-samora-correia-terca-feira-18-1024x737.jpg\" data-width=\"800\" data-height=\"576\" aria-label=\"\" role=\"img\" ><\/div>\n\t\t\t\t\t\t\t\t\t\t\t<div class=\"elementor-gallery-item__overlay\"><\/div>\n\t\t\t\t\t\t\t\t\t\t\t\t\t\t<\/a>\n\t\t\t\t\t\t\t<a class=\"e-gallery-item elementor-gallery-item elementor-animated-content\" href=\"https:\/\/www.cm-benavente.pt\/wp-content\/uploads\/2025\/03\/carnaval-samora-correia-terca-feira-19-scaled.jpg\" data-elementor-open-lightbox=\"yes\" data-elementor-lightbox-slideshow=\"fa27872\" data-elementor-lightbox-title=\"carnaval samora correia ter\u00e7a feira (19)\" data-e-action-hash=\"#elementor-action%3Aaction%3Dlightbox%26settings%3DeyJpZCI6Njc5ODIsInVybCI6Imh0dHBzOlwvXC93d3cuY20tYmVuYXZlbnRlLnB0XC93cC1jb250ZW50XC91cGxvYWRzXC8yMDI1XC8wM1wvY2FybmF2YWwtc2Ftb3JhLWNvcnJlaWEtdGVyY2EtZmVpcmEtMTktc2NhbGVkLmpwZyIsInNsaWRlc2hvdyI6ImZhMjc4NzIifQ%3D%3D\">\n\t\t\t\t\t<div class=\"e-gallery-image elementor-gallery-item__image\" data-thumbnail=\"https:\/\/www.cm-benavente.pt\/wp-content\/uploads\/2025\/03\/carnaval-samora-correia-terca-feira-19-1024x633.jpg\" data-width=\"800\" data-height=\"495\" aria-label=\"\" role=\"img\" ><\/div>\n\t\t\t\t\t\t\t\t\t\t\t<div class=\"elementor-gallery-item__overlay\"><\/div>\n\t\t\t\t\t\t\t\t\t\t\t\t\t\t<\/a>\n\t\t\t\t\t\t\t<a class=\"e-gallery-item elementor-gallery-item elementor-animated-content\" href=\"https:\/\/www.cm-benavente.pt\/wp-content\/uploads\/2025\/03\/carnaval-samora-correia-terca-feira-20-scaled.jpg\" data-elementor-open-lightbox=\"yes\" data-elementor-lightbox-slideshow=\"fa27872\" data-elementor-lightbox-title=\"carnaval samora correia ter\u00e7a feira (20)\" data-e-action-hash=\"#elementor-action%3Aaction%3Dlightbox%26settings%3DeyJpZCI6Njc5ODMsInVybCI6Imh0dHBzOlwvXC93d3cuY20tYmVuYXZlbnRlLnB0XC93cC1jb250ZW50XC91cGxvYWRzXC8yMDI1XC8wM1wvY2FybmF2YWwtc2Ftb3JhLWNvcnJlaWEtdGVyY2EtZmVpcmEtMjAtc2NhbGVkLmpwZyIsInNsaWRlc2hvdyI6ImZhMjc4NzIifQ%3D%3D\">\n\t\t\t\t\t<div class=\"e-gallery-image elementor-gallery-item__image\" data-thumbnail=\"https:\/\/www.cm-benavente.pt\/wp-content\/uploads\/2025\/03\/carnaval-samora-correia-terca-feira-20-1024x678.jpg\" data-width=\"800\" data-height=\"530\" aria-label=\"\" role=\"img\" ><\/div>\n\t\t\t\t\t\t\t\t\t\t\t<div class=\"elementor-gallery-item__overlay\"><\/div>\n\t\t\t\t\t\t\t\t\t\t\t\t\t\t<\/a>\n\t\t\t\t\t\t\t<a class=\"e-gallery-item elementor-gallery-item elementor-animated-content\" href=\"https:\/\/www.cm-benavente.pt\/wp-content\/uploads\/2025\/03\/carnaval-samora-correia-terca-feira-21.jpg\" data-elementor-open-lightbox=\"yes\" data-elementor-lightbox-slideshow=\"fa27872\" data-elementor-lightbox-title=\"carnaval samora correia ter\u00e7a feira (21)\" data-e-action-hash=\"#elementor-action%3Aaction%3Dlightbox%26settings%3DeyJpZCI6Njc5ODQsInVybCI6Imh0dHBzOlwvXC93d3cuY20tYmVuYXZlbnRlLnB0XC93cC1jb250ZW50XC91cGxvYWRzXC8yMDI1XC8wM1wvY2FybmF2YWwtc2Ftb3JhLWNvcnJlaWEtdGVyY2EtZmVpcmEtMjEuanBnIiwic2xpZGVzaG93IjoiZmEyNzg3MiJ9\">\n\t\t\t\t\t<div class=\"e-gallery-image elementor-gallery-item__image\" data-thumbnail=\"https:\/\/www.cm-benavente.pt\/wp-content\/uploads\/2025\/03\/carnaval-samora-correia-terca-feira-21-1024x617.jpg\" data-width=\"800\" data-height=\"482\" aria-label=\"\" role=\"img\" ><\/div>\n\t\t\t\t\t\t\t\t\t\t\t<div class=\"elementor-gallery-item__overlay\"><\/div>\n\t\t\t\t\t\t\t\t\t\t\t\t\t\t<\/a>\n\t\t\t\t\t\t\t<a class=\"e-gallery-item elementor-gallery-item elementor-animated-content\" href=\"https:\/\/www.cm-benavente.pt\/wp-content\/uploads\/2025\/03\/carnaval-samora-correia-terca-feira-22.jpg\" data-elementor-open-lightbox=\"yes\" data-elementor-lightbox-slideshow=\"fa27872\" data-elementor-lightbox-title=\"carnaval samora correia ter\u00e7a feira (22)\" data-e-action-hash=\"#elementor-action%3Aaction%3Dlightbox%26settings%3DeyJpZCI6Njc5ODUsInVybCI6Imh0dHBzOlwvXC93d3cuY20tYmVuYXZlbnRlLnB0XC93cC1jb250ZW50XC91cGxvYWRzXC8yMDI1XC8wM1wvY2FybmF2YWwtc2Ftb3JhLWNvcnJlaWEtdGVyY2EtZmVpcmEtMjIuanBnIiwic2xpZGVzaG93IjoiZmEyNzg3MiJ9\">\n\t\t\t\t\t<div class=\"e-gallery-image elementor-gallery-item__image\" data-thumbnail=\"https:\/\/www.cm-benavente.pt\/wp-content\/uploads\/2025\/03\/carnaval-samora-correia-terca-feira-22-1024x768.jpg\" data-width=\"800\" data-height=\"600\" aria-label=\"\" role=\"img\" ><\/div>\n\t\t\t\t\t\t\t\t\t\t\t<div class=\"elementor-gallery-item__overlay\"><\/div>\n\t\t\t\t\t\t\t\t\t\t\t\t\t\t<\/a>\n\t\t\t\t\t\t\t<a class=\"e-gallery-item elementor-gallery-item elementor-animated-content\" href=\"https:\/\/www.cm-benavente.pt\/wp-content\/uploads\/2025\/03\/carnaval-samora-correia-terca-feira-23.jpg\" data-elementor-open-lightbox=\"yes\" data-elementor-lightbox-slideshow=\"fa27872\" data-elementor-lightbox-title=\"carnaval samora correia ter\u00e7a feira (23)\" data-e-action-hash=\"#elementor-action%3Aaction%3Dlightbox%26settings%3DeyJpZCI6Njc5ODYsInVybCI6Imh0dHBzOlwvXC93d3cuY20tYmVuYXZlbnRlLnB0XC93cC1jb250ZW50XC91cGxvYWRzXC8yMDI1XC8wM1wvY2FybmF2YWwtc2Ftb3JhLWNvcnJlaWEtdGVyY2EtZmVpcmEtMjMuanBnIiwic2xpZGVzaG93IjoiZmEyNzg3MiJ9\">\n\t\t\t\t\t<div class=\"e-gallery-image elementor-gallery-item__image\" data-thumbnail=\"https:\/\/www.cm-benavente.pt\/wp-content\/uploads\/2025\/03\/carnaval-samora-correia-terca-feira-23-1024x765.jpg\" data-width=\"800\" data-height=\"598\" aria-label=\"\" role=\"img\" ><\/div>\n\t\t\t\t\t\t\t\t\t\t\t<div class=\"elementor-gallery-item__overlay\"><\/div>\n\t\t\t\t\t\t\t\t\t\t\t\t\t\t<\/a>\n\t\t\t\t\t\t\t<a class=\"e-gallery-item elementor-gallery-item elementor-animated-content\" href=\"https:\/\/www.cm-benavente.pt\/wp-content\/uploads\/2025\/03\/carnaval-samora-correia-terca-feira-24-scaled.jpg\" data-elementor-open-lightbox=\"yes\" data-elementor-lightbox-slideshow=\"fa27872\" data-elementor-lightbox-title=\"carnaval samora correia ter\u00e7a feira (24)\" data-e-action-hash=\"#elementor-action%3Aaction%3Dlightbox%26settings%3DeyJpZCI6Njc5ODcsInVybCI6Imh0dHBzOlwvXC93d3cuY20tYmVuYXZlbnRlLnB0XC93cC1jb250ZW50XC91cGxvYWRzXC8yMDI1XC8wM1wvY2FybmF2YWwtc2Ftb3JhLWNvcnJlaWEtdGVyY2EtZmVpcmEtMjQtc2NhbGVkLmpwZyIsInNsaWRlc2hvdyI6ImZhMjc4NzIifQ%3D%3D\">\n\t\t\t\t\t<div class=\"e-gallery-image elementor-gallery-item__image\" data-thumbnail=\"https:\/\/www.cm-benavente.pt\/wp-content\/uploads\/2025\/03\/carnaval-samora-correia-terca-feira-24-1024x690.jpg\" data-width=\"800\" data-height=\"539\" aria-label=\"\" role=\"img\" ><\/div>\n\t\t\t\t\t\t\t\t\t\t\t<div class=\"elementor-gallery-item__overlay\"><\/div>\n\t\t\t\t\t\t\t\t\t\t\t\t\t\t<\/a>\n\t\t\t\t\t\t\t<a class=\"e-gallery-item elementor-gallery-item elementor-animated-content\" href=\"https:\/\/www.cm-benavente.pt\/wp-content\/uploads\/2025\/03\/carnaval-samora-correia-terca-feira-25-scaled.jpg\" data-elementor-open-lightbox=\"yes\" data-elementor-lightbox-slideshow=\"fa27872\" data-elementor-lightbox-title=\"carnaval samora correia ter\u00e7a feira (25)\" data-e-action-hash=\"#elementor-action%3Aaction%3Dlightbox%26settings%3DeyJpZCI6Njc5ODgsInVybCI6Imh0dHBzOlwvXC93d3cuY20tYmVuYXZlbnRlLnB0XC93cC1jb250ZW50XC91cGxvYWRzXC8yMDI1XC8wM1wvY2FybmF2YWwtc2Ftb3JhLWNvcnJlaWEtdGVyY2EtZmVpcmEtMjUtc2NhbGVkLmpwZyIsInNsaWRlc2hvdyI6ImZhMjc4NzIifQ%3D%3D\">\n\t\t\t\t\t<div class=\"e-gallery-image elementor-gallery-item__image\" data-thumbnail=\"https:\/\/www.cm-benavente.pt\/wp-content\/uploads\/2025\/03\/carnaval-samora-correia-terca-feira-25-1024x593.jpg\" data-width=\"800\" data-height=\"463\" aria-label=\"\" role=\"img\" ><\/div>\n\t\t\t\t\t\t\t\t\t\t\t<div class=\"elementor-gallery-item__overlay\"><\/div>\n\t\t\t\t\t\t\t\t\t\t\t\t\t\t<\/a>\n\t\t\t\t\t\t\t<a class=\"e-gallery-item elementor-gallery-item elementor-animated-content\" href=\"https:\/\/www.cm-benavente.pt\/wp-content\/uploads\/2025\/03\/carnaval-samora-correia-terca-feira-26.jpg\" data-elementor-open-lightbox=\"yes\" data-elementor-lightbox-slideshow=\"fa27872\" data-elementor-lightbox-title=\"carnaval samora correia ter\u00e7a feira (26)\" data-e-action-hash=\"#elementor-action%3Aaction%3Dlightbox%26settings%3DeyJpZCI6Njc5ODksInVybCI6Imh0dHBzOlwvXC93d3cuY20tYmVuYXZlbnRlLnB0XC93cC1jb250ZW50XC91cGxvYWRzXC8yMDI1XC8wM1wvY2FybmF2YWwtc2Ftb3JhLWNvcnJlaWEtdGVyY2EtZmVpcmEtMjYuanBnIiwic2xpZGVzaG93IjoiZmEyNzg3MiJ9\">\n\t\t\t\t\t<div class=\"e-gallery-image elementor-gallery-item__image\" data-thumbnail=\"https:\/\/www.cm-benavente.pt\/wp-content\/uploads\/2025\/03\/carnaval-samora-correia-terca-feira-26-1024x768.jpg\" data-width=\"800\" data-height=\"600\" aria-label=\"\" role=\"img\" ><\/div>\n\t\t\t\t\t\t\t\t\t\t\t<div class=\"elementor-gallery-item__overlay\"><\/div>\n\t\t\t\t\t\t\t\t\t\t\t\t\t\t<\/a>\n\t\t\t\t\t\t\t<a class=\"e-gallery-item elementor-gallery-item elementor-animated-content\" href=\"https:\/\/www.cm-benavente.pt\/wp-content\/uploads\/2025\/03\/carnaval-samora-correia-terca-feira-27-scaled.jpg\" data-elementor-open-lightbox=\"yes\" data-elementor-lightbox-slideshow=\"fa27872\" data-elementor-lightbox-title=\"carnaval samora correia ter\u00e7a feira (27)\" data-e-action-hash=\"#elementor-action%3Aaction%3Dlightbox%26settings%3DeyJpZCI6Njc5OTAsInVybCI6Imh0dHBzOlwvXC93d3cuY20tYmVuYXZlbnRlLnB0XC93cC1jb250ZW50XC91cGxvYWRzXC8yMDI1XC8wM1wvY2FybmF2YWwtc2Ftb3JhLWNvcnJlaWEtdGVyY2EtZmVpcmEtMjctc2NhbGVkLmpwZyIsInNsaWRlc2hvdyI6ImZhMjc4NzIifQ%3D%3D\">\n\t\t\t\t\t<div class=\"e-gallery-image elementor-gallery-item__image\" data-thumbnail=\"https:\/\/www.cm-benavente.pt\/wp-content\/uploads\/2025\/03\/carnaval-samora-correia-terca-feira-27-1024x673.jpg\" data-width=\"800\" data-height=\"526\" aria-label=\"\" role=\"img\" ><\/div>\n\t\t\t\t\t\t\t\t\t\t\t<div class=\"elementor-gallery-item__overlay\"><\/div>\n\t\t\t\t\t\t\t\t\t\t\t\t\t\t<\/a>\n\t\t\t\t\t\t\t<a class=\"e-gallery-item elementor-gallery-item elementor-animated-content\" href=\"https:\/\/www.cm-benavente.pt\/wp-content\/uploads\/2025\/03\/carnaval-samora-correia-terca-feira-28.jpg\" data-elementor-open-lightbox=\"yes\" data-elementor-lightbox-slideshow=\"fa27872\" data-elementor-lightbox-title=\"carnaval samora correia ter\u00e7a feira (28)\" data-e-action-hash=\"#elementor-action%3Aaction%3Dlightbox%26settings%3DeyJpZCI6Njc5OTEsInVybCI6Imh0dHBzOlwvXC93d3cuY20tYmVuYXZlbnRlLnB0XC93cC1jb250ZW50XC91cGxvYWRzXC8yMDI1XC8wM1wvY2FybmF2YWwtc2Ftb3JhLWNvcnJlaWEtdGVyY2EtZmVpcmEtMjguanBnIiwic2xpZGVzaG93IjoiZmEyNzg3MiJ9\">\n\t\t\t\t\t<div class=\"e-gallery-image elementor-gallery-item__image\" data-thumbnail=\"https:\/\/www.cm-benavente.pt\/wp-content\/uploads\/2025\/03\/carnaval-samora-correia-terca-feira-28-1024x646.jpg\" data-width=\"800\" data-height=\"505\" aria-label=\"\" role=\"img\" ><\/div>\n\t\t\t\t\t\t\t\t\t\t\t<div class=\"elementor-gallery-item__overlay\"><\/div>\n\t\t\t\t\t\t\t\t\t\t\t\t\t\t<\/a>\n\t\t\t\t\t\t\t<a class=\"e-gallery-item elementor-gallery-item elementor-animated-content\" href=\"https:\/\/www.cm-benavente.pt\/wp-content\/uploads\/2025\/03\/carnaval-samora-correia-terca-feira-29.jpg\" data-elementor-open-lightbox=\"yes\" data-elementor-lightbox-slideshow=\"fa27872\" data-elementor-lightbox-title=\"carnaval samora correia ter\u00e7a feira (29)\" data-e-action-hash=\"#elementor-action%3Aaction%3Dlightbox%26settings%3DeyJpZCI6Njc5OTIsInVybCI6Imh0dHBzOlwvXC93d3cuY20tYmVuYXZlbnRlLnB0XC93cC1jb250ZW50XC91cGxvYWRzXC8yMDI1XC8wM1wvY2FybmF2YWwtc2Ftb3JhLWNvcnJlaWEtdGVyY2EtZmVpcmEtMjkuanBnIiwic2xpZGVzaG93IjoiZmEyNzg3MiJ9\">\n\t\t\t\t\t<div class=\"e-gallery-image elementor-gallery-item__image\" data-thumbnail=\"https:\/\/www.cm-benavente.pt\/wp-content\/uploads\/2025\/03\/carnaval-samora-correia-terca-feira-29-1024x699.jpg\" data-width=\"800\" data-height=\"546\" aria-label=\"\" role=\"img\" ><\/div>\n\t\t\t\t\t\t\t\t\t\t\t<div class=\"elementor-gallery-item__overlay\"><\/div>\n\t\t\t\t\t\t\t\t\t\t\t\t\t\t<\/a>\n\t\t\t\t\t\t\t<a class=\"e-gallery-item elementor-gallery-item elementor-animated-content\" href=\"https:\/\/www.cm-benavente.pt\/wp-content\/uploads\/2025\/03\/carnaval-samora-correia-terca-feira-30.jpg\" data-elementor-open-lightbox=\"yes\" data-elementor-lightbox-slideshow=\"fa27872\" data-elementor-lightbox-title=\"carnaval samora correia ter\u00e7a feira (30)\" data-e-action-hash=\"#elementor-action%3Aaction%3Dlightbox%26settings%3DeyJpZCI6Njc5OTMsInVybCI6Imh0dHBzOlwvXC93d3cuY20tYmVuYXZlbnRlLnB0XC93cC1jb250ZW50XC91cGxvYWRzXC8yMDI1XC8wM1wvY2FybmF2YWwtc2Ftb3JhLWNvcnJlaWEtdGVyY2EtZmVpcmEtMzAuanBnIiwic2xpZGVzaG93IjoiZmEyNzg3MiJ9\">\n\t\t\t\t\t<div class=\"e-gallery-image elementor-gallery-item__image\" data-thumbnail=\"https:\/\/www.cm-benavente.pt\/wp-content\/uploads\/2025\/03\/carnaval-samora-correia-terca-feira-30-1024x663.jpg\" data-width=\"800\" data-height=\"518\" aria-label=\"\" role=\"img\" ><\/div>\n\t\t\t\t\t\t\t\t\t\t\t<div class=\"elementor-gallery-item__overlay\"><\/div>\n\t\t\t\t\t\t\t\t\t\t\t\t\t\t<\/a>\n\t\t\t\t\t\t\t<a class=\"e-gallery-item elementor-gallery-item elementor-animated-content\" href=\"https:\/\/www.cm-benavente.pt\/wp-content\/uploads\/2025\/03\/carnaval-samora-correia-terca-feira-31.jpg\" data-elementor-open-lightbox=\"yes\" data-elementor-lightbox-slideshow=\"fa27872\" data-elementor-lightbox-title=\"carnaval samora correia ter\u00e7a feira (31)\" data-e-action-hash=\"#elementor-action%3Aaction%3Dlightbox%26settings%3DeyJpZCI6Njc5OTQsInVybCI6Imh0dHBzOlwvXC93d3cuY20tYmVuYXZlbnRlLnB0XC93cC1jb250ZW50XC91cGxvYWRzXC8yMDI1XC8wM1wvY2FybmF2YWwtc2Ftb3JhLWNvcnJlaWEtdGVyY2EtZmVpcmEtMzEuanBnIiwic2xpZGVzaG93IjoiZmEyNzg3MiJ9\">\n\t\t\t\t\t<div class=\"e-gallery-image elementor-gallery-item__image\" data-thumbnail=\"https:\/\/www.cm-benavente.pt\/wp-content\/uploads\/2025\/03\/carnaval-samora-correia-terca-feira-31-1024x768.jpg\" data-width=\"800\" data-height=\"600\" aria-label=\"\" role=\"img\" ><\/div>\n\t\t\t\t\t\t\t\t\t\t\t<div class=\"elementor-gallery-item__overlay\"><\/div>\n\t\t\t\t\t\t\t\t\t\t\t\t\t\t<\/a>\n\t\t\t\t\t\t\t<a class=\"e-gallery-item elementor-gallery-item elementor-animated-content\" href=\"https:\/\/www.cm-benavente.pt\/wp-content\/uploads\/2025\/03\/carnaval-samora-correia-terca-feira-32.jpg\" data-elementor-open-lightbox=\"yes\" data-elementor-lightbox-slideshow=\"fa27872\" data-elementor-lightbox-title=\"carnaval samora correia ter\u00e7a feira (32)\" data-e-action-hash=\"#elementor-action%3Aaction%3Dlightbox%26settings%3DeyJpZCI6Njc5OTUsInVybCI6Imh0dHBzOlwvXC93d3cuY20tYmVuYXZlbnRlLnB0XC93cC1jb250ZW50XC91cGxvYWRzXC8yMDI1XC8wM1wvY2FybmF2YWwtc2Ftb3JhLWNvcnJlaWEtdGVyY2EtZmVpcmEtMzIuanBnIiwic2xpZGVzaG93IjoiZmEyNzg3MiJ9\">\n\t\t\t\t\t<div class=\"e-gallery-image elementor-gallery-item__image\" data-thumbnail=\"https:\/\/www.cm-benavente.pt\/wp-content\/uploads\/2025\/03\/carnaval-samora-correia-terca-feira-32-1024x691.jpg\" data-width=\"800\" data-height=\"540\" aria-label=\"\" role=\"img\" ><\/div>\n\t\t\t\t\t\t\t\t\t\t\t<div class=\"elementor-gallery-item__overlay\"><\/div>\n\t\t\t\t\t\t\t\t\t\t\t\t\t\t<\/a>\n\t\t\t\t\t\t\t<a class=\"e-gallery-item elementor-gallery-item elementor-animated-content\" href=\"https:\/\/www.cm-benavente.pt\/wp-content\/uploads\/2025\/03\/carnaval-samora-correia-terca-feira-33-scaled.jpg\" data-elementor-open-lightbox=\"yes\" data-elementor-lightbox-slideshow=\"fa27872\" data-elementor-lightbox-title=\"carnaval samora correia ter\u00e7a feira (33)\" data-e-action-hash=\"#elementor-action%3Aaction%3Dlightbox%26settings%3DeyJpZCI6Njc5OTYsInVybCI6Imh0dHBzOlwvXC93d3cuY20tYmVuYXZlbnRlLnB0XC93cC1jb250ZW50XC91cGxvYWRzXC8yMDI1XC8wM1wvY2FybmF2YWwtc2Ftb3JhLWNvcnJlaWEtdGVyY2EtZmVpcmEtMzMtc2NhbGVkLmpwZyIsInNsaWRlc2hvdyI6ImZhMjc4NzIifQ%3D%3D\">\n\t\t\t\t\t<div class=\"e-gallery-image elementor-gallery-item__image\" data-thumbnail=\"https:\/\/www.cm-benavente.pt\/wp-content\/uploads\/2025\/03\/carnaval-samora-correia-terca-feira-33-1024x688.jpg\" data-width=\"800\" data-height=\"538\" aria-label=\"\" role=\"img\" ><\/div>\n\t\t\t\t\t\t\t\t\t\t\t<div class=\"elementor-gallery-item__overlay\"><\/div>\n\t\t\t\t\t\t\t\t\t\t\t\t\t\t<\/a>\n\t\t\t\t\t\t\t<a class=\"e-gallery-item elementor-gallery-item elementor-animated-content\" href=\"https:\/\/www.cm-benavente.pt\/wp-content\/uploads\/2025\/03\/carnaval-samora-correia-terca-feira-34-scaled.jpg\" data-elementor-open-lightbox=\"yes\" data-elementor-lightbox-slideshow=\"fa27872\" data-elementor-lightbox-title=\"carnaval samora correia ter\u00e7a feira (34)\" data-e-action-hash=\"#elementor-action%3Aaction%3Dlightbox%26settings%3DeyJpZCI6Njc5OTcsInVybCI6Imh0dHBzOlwvXC93d3cuY20tYmVuYXZlbnRlLnB0XC93cC1jb250ZW50XC91cGxvYWRzXC8yMDI1XC8wM1wvY2FybmF2YWwtc2Ftb3JhLWNvcnJlaWEtdGVyY2EtZmVpcmEtMzQtc2NhbGVkLmpwZyIsInNsaWRlc2hvdyI6ImZhMjc4NzIifQ%3D%3D\">\n\t\t\t\t\t<div class=\"e-gallery-image elementor-gallery-item__image\" data-thumbnail=\"https:\/\/www.cm-benavente.pt\/wp-content\/uploads\/2025\/03\/carnaval-samora-correia-terca-feira-34-1024x771.jpg\" data-width=\"800\" data-height=\"602\" aria-label=\"\" role=\"img\" ><\/div>\n\t\t\t\t\t\t\t\t\t\t\t<div class=\"elementor-gallery-item__overlay\"><\/div>\n\t\t\t\t\t\t\t\t\t\t\t\t\t\t<\/a>\n\t\t\t\t\t\t\t<a class=\"e-gallery-item elementor-gallery-item elementor-animated-content\" href=\"https:\/\/www.cm-benavente.pt\/wp-content\/uploads\/2025\/03\/carnaval-samora-correia-terca-feira-35-scaled.jpg\" data-elementor-open-lightbox=\"yes\" data-elementor-lightbox-slideshow=\"fa27872\" data-elementor-lightbox-title=\"carnaval samora correia ter\u00e7a feira (35)\" data-e-action-hash=\"#elementor-action%3Aaction%3Dlightbox%26settings%3DeyJpZCI6Njc5OTgsInVybCI6Imh0dHBzOlwvXC93d3cuY20tYmVuYXZlbnRlLnB0XC93cC1jb250ZW50XC91cGxvYWRzXC8yMDI1XC8wM1wvY2FybmF2YWwtc2Ftb3JhLWNvcnJlaWEtdGVyY2EtZmVpcmEtMzUtc2NhbGVkLmpwZyIsInNsaWRlc2hvdyI6ImZhMjc4NzIifQ%3D%3D\">\n\t\t\t\t\t<div class=\"e-gallery-image elementor-gallery-item__image\" data-thumbnail=\"https:\/\/www.cm-benavente.pt\/wp-content\/uploads\/2025\/03\/carnaval-samora-correia-terca-feira-35-1024x740.jpg\" data-width=\"800\" data-height=\"578\" aria-label=\"\" role=\"img\" ><\/div>\n\t\t\t\t\t\t\t\t\t\t\t<div class=\"elementor-gallery-item__overlay\"><\/div>\n\t\t\t\t\t\t\t\t\t\t\t\t\t\t<\/a>\n\t\t\t\t\t\t\t<a class=\"e-gallery-item elementor-gallery-item elementor-animated-content\" href=\"https:\/\/www.cm-benavente.pt\/wp-content\/uploads\/2025\/03\/carnaval-samora-correia-terca-feira-36-scaled.jpg\" data-elementor-open-lightbox=\"yes\" data-elementor-lightbox-slideshow=\"fa27872\" data-elementor-lightbox-title=\"carnaval samora correia ter\u00e7a feira (36)\" data-e-action-hash=\"#elementor-action%3Aaction%3Dlightbox%26settings%3DeyJpZCI6Njc5OTksInVybCI6Imh0dHBzOlwvXC93d3cuY20tYmVuYXZlbnRlLnB0XC93cC1jb250ZW50XC91cGxvYWRzXC8yMDI1XC8wM1wvY2FybmF2YWwtc2Ftb3JhLWNvcnJlaWEtdGVyY2EtZmVpcmEtMzYtc2NhbGVkLmpwZyIsInNsaWRlc2hvdyI6ImZhMjc4NzIifQ%3D%3D\">\n\t\t\t\t\t<div class=\"e-gallery-image elementor-gallery-item__image\" data-thumbnail=\"https:\/\/www.cm-benavente.pt\/wp-content\/uploads\/2025\/03\/carnaval-samora-correia-terca-feira-36-1024x768.jpg\" data-width=\"800\" data-height=\"600\" aria-label=\"\" role=\"img\" ><\/div>\n\t\t\t\t\t\t\t\t\t\t\t<div class=\"elementor-gallery-item__overlay\"><\/div>\n\t\t\t\t\t\t\t\t\t\t\t\t\t\t<\/a>\n\t\t\t\t\t\t\t<a class=\"e-gallery-item elementor-gallery-item elementor-animated-content\" href=\"https:\/\/www.cm-benavente.pt\/wp-content\/uploads\/2025\/03\/carnaval-samora-correia-terca-feira-37.jpg\" data-elementor-open-lightbox=\"yes\" data-elementor-lightbox-slideshow=\"fa27872\" data-elementor-lightbox-title=\"carnaval samora correia ter\u00e7a feira (37)\" data-e-action-hash=\"#elementor-action%3Aaction%3Dlightbox%26settings%3DeyJpZCI6NjgwMDAsInVybCI6Imh0dHBzOlwvXC93d3cuY20tYmVuYXZlbnRlLnB0XC93cC1jb250ZW50XC91cGxvYWRzXC8yMDI1XC8wM1wvY2FybmF2YWwtc2Ftb3JhLWNvcnJlaWEtdGVyY2EtZmVpcmEtMzcuanBnIiwic2xpZGVzaG93IjoiZmEyNzg3MiJ9\">\n\t\t\t\t\t<div class=\"e-gallery-image elementor-gallery-item__image\" data-thumbnail=\"https:\/\/www.cm-benavente.pt\/wp-content\/uploads\/2025\/03\/carnaval-samora-correia-terca-feira-37-1024x670.jpg\" data-width=\"800\" data-height=\"523\" aria-label=\"\" role=\"img\" ><\/div>\n\t\t\t\t\t\t\t\t\t\t\t<div class=\"elementor-gallery-item__overlay\"><\/div>\n\t\t\t\t\t\t\t\t\t\t\t\t\t\t<\/a>\n\t\t\t\t\t\t\t<a class=\"e-gallery-item elementor-gallery-item elementor-animated-content\" href=\"https:\/\/www.cm-benavente.pt\/wp-content\/uploads\/2025\/03\/carnaval-samora-correia-terca-feira-38-scaled.jpg\" data-elementor-open-lightbox=\"yes\" data-elementor-lightbox-slideshow=\"fa27872\" data-elementor-lightbox-title=\"carnaval samora correia ter\u00e7a feira (38)\" data-e-action-hash=\"#elementor-action%3Aaction%3Dlightbox%26settings%3DeyJpZCI6NjgwMDEsInVybCI6Imh0dHBzOlwvXC93d3cuY20tYmVuYXZlbnRlLnB0XC93cC1jb250ZW50XC91cGxvYWRzXC8yMDI1XC8wM1wvY2FybmF2YWwtc2Ftb3JhLWNvcnJlaWEtdGVyY2EtZmVpcmEtMzgtc2NhbGVkLmpwZyIsInNsaWRlc2hvdyI6ImZhMjc4NzIifQ%3D%3D\">\n\t\t\t\t\t<div class=\"e-gallery-image elementor-gallery-item__image\" data-thumbnail=\"https:\/\/www.cm-benavente.pt\/wp-content\/uploads\/2025\/03\/carnaval-samora-correia-terca-feira-38-1024x736.jpg\" data-width=\"800\" data-height=\"575\" aria-label=\"\" role=\"img\" ><\/div>\n\t\t\t\t\t\t\t\t\t\t\t<div class=\"elementor-gallery-item__overlay\"><\/div>\n\t\t\t\t\t\t\t\t\t\t\t\t\t\t<\/a>\n\t\t\t\t\t\t\t<a class=\"e-gallery-item elementor-gallery-item elementor-animated-content\" href=\"https:\/\/www.cm-benavente.pt\/wp-content\/uploads\/2025\/03\/carnaval-samora-correia-terca-feira-39-scaled.jpg\" data-elementor-open-lightbox=\"yes\" data-elementor-lightbox-slideshow=\"fa27872\" data-elementor-lightbox-title=\"carnaval samora correia ter\u00e7a feira (39)\" data-e-action-hash=\"#elementor-action%3Aaction%3Dlightbox%26settings%3DeyJpZCI6NjgwMDIsInVybCI6Imh0dHBzOlwvXC93d3cuY20tYmVuYXZlbnRlLnB0XC93cC1jb250ZW50XC91cGxvYWRzXC8yMDI1XC8wM1wvY2FybmF2YWwtc2Ftb3JhLWNvcnJlaWEtdGVyY2EtZmVpcmEtMzktc2NhbGVkLmpwZyIsInNsaWRlc2hvdyI6ImZhMjc4NzIifQ%3D%3D\">\n\t\t\t\t\t<div class=\"e-gallery-image elementor-gallery-item__image\" data-thumbnail=\"https:\/\/www.cm-benavente.pt\/wp-content\/uploads\/2025\/03\/carnaval-samora-correia-terca-feira-39-1024x768.jpg\" data-width=\"800\" data-height=\"600\" aria-label=\"\" role=\"img\" ><\/div>\n\t\t\t\t\t\t\t\t\t\t\t<div class=\"elementor-gallery-item__overlay\"><\/div>\n\t\t\t\t\t\t\t\t\t\t\t\t\t\t<\/a>\n\t\t\t\t\t\t\t<a class=\"e-gallery-item elementor-gallery-item elementor-animated-content\" href=\"https:\/\/www.cm-benavente.pt\/wp-content\/uploads\/2025\/03\/carnaval-samora-correia-terca-feira-40-scaled.jpg\" data-elementor-open-lightbox=\"yes\" data-elementor-lightbox-slideshow=\"fa27872\" data-elementor-lightbox-title=\"carnaval samora correia ter\u00e7a feira (40)\" data-e-action-hash=\"#elementor-action%3Aaction%3Dlightbox%26settings%3DeyJpZCI6NjgwMDMsInVybCI6Imh0dHBzOlwvXC93d3cuY20tYmVuYXZlbnRlLnB0XC93cC1jb250ZW50XC91cGxvYWRzXC8yMDI1XC8wM1wvY2FybmF2YWwtc2Ftb3JhLWNvcnJlaWEtdGVyY2EtZmVpcmEtNDAtc2NhbGVkLmpwZyIsInNsaWRlc2hvdyI6ImZhMjc4NzIifQ%3D%3D\">\n\t\t\t\t\t<div class=\"e-gallery-image elementor-gallery-item__image\" data-thumbnail=\"https:\/\/www.cm-benavente.pt\/wp-content\/uploads\/2025\/03\/carnaval-samora-correia-terca-feira-40-1024x487.jpg\" data-width=\"800\" data-height=\"380\" aria-label=\"\" role=\"img\" ><\/div>\n\t\t\t\t\t\t\t\t\t\t\t<div class=\"elementor-gallery-item__overlay\"><\/div>\n\t\t\t\t\t\t\t\t\t\t\t\t\t\t<\/a>\n\t\t\t\t\t\t\t<a class=\"e-gallery-item elementor-gallery-item elementor-animated-content\" href=\"https:\/\/www.cm-benavente.pt\/wp-content\/uploads\/2025\/03\/carnaval-samora-correia-terca-feira-41-scaled.jpg\" data-elementor-open-lightbox=\"yes\" data-elementor-lightbox-slideshow=\"fa27872\" data-elementor-lightbox-title=\"carnaval samora correia ter\u00e7a feira (41)\" data-e-action-hash=\"#elementor-action%3Aaction%3Dlightbox%26settings%3DeyJpZCI6NjgwMDQsInVybCI6Imh0dHBzOlwvXC93d3cuY20tYmVuYXZlbnRlLnB0XC93cC1jb250ZW50XC91cGxvYWRzXC8yMDI1XC8wM1wvY2FybmF2YWwtc2Ftb3JhLWNvcnJlaWEtdGVyY2EtZmVpcmEtNDEtc2NhbGVkLmpwZyIsInNsaWRlc2hvdyI6ImZhMjc4NzIifQ%3D%3D\">\n\t\t\t\t\t<div class=\"e-gallery-image elementor-gallery-item__image\" data-thumbnail=\"https:\/\/www.cm-benavente.pt\/wp-content\/uploads\/2025\/03\/carnaval-samora-correia-terca-feira-41-1024x661.jpg\" data-width=\"800\" data-height=\"516\" aria-label=\"\" role=\"img\" ><\/div>\n\t\t\t\t\t\t\t\t\t\t\t<div class=\"elementor-gallery-item__overlay\"><\/div>\n\t\t\t\t\t\t\t\t\t\t\t\t\t\t<\/a>\n\t\t\t\t\t\t\t<a class=\"e-gallery-item elementor-gallery-item elementor-animated-content\" href=\"https:\/\/www.cm-benavente.pt\/wp-content\/uploads\/2025\/03\/carnaval-samora-correia-terca-feira-42-scaled.jpg\" data-elementor-open-lightbox=\"yes\" data-elementor-lightbox-slideshow=\"fa27872\" data-elementor-lightbox-title=\"carnaval samora correia ter\u00e7a feira (42)\" data-e-action-hash=\"#elementor-action%3Aaction%3Dlightbox%26settings%3DeyJpZCI6NjgwMDUsInVybCI6Imh0dHBzOlwvXC93d3cuY20tYmVuYXZlbnRlLnB0XC93cC1jb250ZW50XC91cGxvYWRzXC8yMDI1XC8wM1wvY2FybmF2YWwtc2Ftb3JhLWNvcnJlaWEtdGVyY2EtZmVpcmEtNDItc2NhbGVkLmpwZyIsInNsaWRlc2hvdyI6ImZhMjc4NzIifQ%3D%3D\">\n\t\t\t\t\t<div class=\"e-gallery-image elementor-gallery-item__image\" data-thumbnail=\"https:\/\/www.cm-benavente.pt\/wp-content\/uploads\/2025\/03\/carnaval-samora-correia-terca-feira-42-1024x536.jpg\" data-width=\"800\" data-height=\"419\" aria-label=\"\" role=\"img\" ><\/div>\n\t\t\t\t\t\t\t\t\t\t\t<div class=\"elementor-gallery-item__overlay\"><\/div>\n\t\t\t\t\t\t\t\t\t\t\t\t\t\t<\/a>\n\t\t\t\t\t\t\t<a class=\"e-gallery-item elementor-gallery-item elementor-animated-content\" href=\"https:\/\/www.cm-benavente.pt\/wp-content\/uploads\/2025\/03\/carnaval-samora-correia-terca-feira-43.jpg\" data-elementor-open-lightbox=\"yes\" data-elementor-lightbox-slideshow=\"fa27872\" data-elementor-lightbox-title=\"carnaval samora correia ter\u00e7a feira (43)\" data-e-action-hash=\"#elementor-action%3Aaction%3Dlightbox%26settings%3DeyJpZCI6NjgwMDYsInVybCI6Imh0dHBzOlwvXC93d3cuY20tYmVuYXZlbnRlLnB0XC93cC1jb250ZW50XC91cGxvYWRzXC8yMDI1XC8wM1wvY2FybmF2YWwtc2Ftb3JhLWNvcnJlaWEtdGVyY2EtZmVpcmEtNDMuanBnIiwic2xpZGVzaG93IjoiZmEyNzg3MiJ9\">\n\t\t\t\t\t<div class=\"e-gallery-image elementor-gallery-item__image\" data-thumbnail=\"https:\/\/www.cm-benavente.pt\/wp-content\/uploads\/2025\/03\/carnaval-samora-correia-terca-feira-43-1024x650.jpg\" data-width=\"800\" data-height=\"508\" aria-label=\"\" role=\"img\" ><\/div>\n\t\t\t\t\t\t\t\t\t\t\t<div class=\"elementor-gallery-item__overlay\"><\/div>\n\t\t\t\t\t\t\t\t\t\t\t\t\t\t<\/a>\n\t\t\t\t\t\t\t<a class=\"e-gallery-item elementor-gallery-item elementor-animated-content\" href=\"https:\/\/www.cm-benavente.pt\/wp-content\/uploads\/2025\/03\/carnaval-samora-correia-terca-feira-44.jpg\" data-elementor-open-lightbox=\"yes\" data-elementor-lightbox-slideshow=\"fa27872\" data-elementor-lightbox-title=\"carnaval samora correia ter\u00e7a feira (44)\" data-e-action-hash=\"#elementor-action%3Aaction%3Dlightbox%26settings%3DeyJpZCI6NjgwMDcsInVybCI6Imh0dHBzOlwvXC93d3cuY20tYmVuYXZlbnRlLnB0XC93cC1jb250ZW50XC91cGxvYWRzXC8yMDI1XC8wM1wvY2FybmF2YWwtc2Ftb3JhLWNvcnJlaWEtdGVyY2EtZmVpcmEtNDQuanBnIiwic2xpZGVzaG93IjoiZmEyNzg3MiJ9\">\n\t\t\t\t\t<div class=\"e-gallery-image elementor-gallery-item__image\" data-thumbnail=\"https:\/\/www.cm-benavente.pt\/wp-content\/uploads\/2025\/03\/carnaval-samora-correia-terca-feira-44-1024x569.jpg\" data-width=\"800\" data-height=\"445\" aria-label=\"\" role=\"img\" ><\/div>\n\t\t\t\t\t\t\t\t\t\t\t<div class=\"elementor-gallery-item__overlay\"><\/div>\n\t\t\t\t\t\t\t\t\t\t\t\t\t\t<\/a>\n\t\t\t\t\t\t\t<a class=\"e-gallery-item elementor-gallery-item elementor-animated-content\" href=\"https:\/\/www.cm-benavente.pt\/wp-content\/uploads\/2025\/03\/carnaval-samora-correia-terca-feira-45.jpg\" data-elementor-open-lightbox=\"yes\" data-elementor-lightbox-slideshow=\"fa27872\" data-elementor-lightbox-title=\"carnaval samora correia ter\u00e7a feira (45)\" data-e-action-hash=\"#elementor-action%3Aaction%3Dlightbox%26settings%3DeyJpZCI6NjgwMDgsInVybCI6Imh0dHBzOlwvXC93d3cuY20tYmVuYXZlbnRlLnB0XC93cC1jb250ZW50XC91cGxvYWRzXC8yMDI1XC8wM1wvY2FybmF2YWwtc2Ftb3JhLWNvcnJlaWEtdGVyY2EtZmVpcmEtNDUuanBnIiwic2xpZGVzaG93IjoiZmEyNzg3MiJ9\">\n\t\t\t\t\t<div class=\"e-gallery-image elementor-gallery-item__image\" data-thumbnail=\"https:\/\/www.cm-benavente.pt\/wp-content\/uploads\/2025\/03\/carnaval-samora-correia-terca-feira-45-1024x672.jpg\" data-width=\"800\" data-height=\"525\" aria-label=\"\" role=\"img\" ><\/div>\n\t\t\t\t\t\t\t\t\t\t\t<div class=\"elementor-gallery-item__overlay\"><\/div>\n\t\t\t\t\t\t\t\t\t\t\t\t\t\t<\/a>\n\t\t\t\t\t\t\t<a class=\"e-gallery-item elementor-gallery-item elementor-animated-content\" href=\"https:\/\/www.cm-benavente.pt\/wp-content\/uploads\/2025\/03\/carnaval-samora-correia-terca-feira-46.jpg\" data-elementor-open-lightbox=\"yes\" data-elementor-lightbox-slideshow=\"fa27872\" data-elementor-lightbox-title=\"carnaval samora correia ter\u00e7a feira (46)\" data-e-action-hash=\"#elementor-action%3Aaction%3Dlightbox%26settings%3DeyJpZCI6NjgwMDksInVybCI6Imh0dHBzOlwvXC93d3cuY20tYmVuYXZlbnRlLnB0XC93cC1jb250ZW50XC91cGxvYWRzXC8yMDI1XC8wM1wvY2FybmF2YWwtc2Ftb3JhLWNvcnJlaWEtdGVyY2EtZmVpcmEtNDYuanBnIiwic2xpZGVzaG93IjoiZmEyNzg3MiJ9\">\n\t\t\t\t\t<div class=\"e-gallery-image elementor-gallery-item__image\" data-thumbnail=\"https:\/\/www.cm-benavente.pt\/wp-content\/uploads\/2025\/03\/carnaval-samora-correia-terca-feira-46-1024x567.jpg\" data-width=\"800\" data-height=\"443\" aria-label=\"\" role=\"img\" ><\/div>\n\t\t\t\t\t\t\t\t\t\t\t<div class=\"elementor-gallery-item__overlay\"><\/div>\n\t\t\t\t\t\t\t\t\t\t\t\t\t\t<\/a>\n\t\t\t\t\t\t\t<a class=\"e-gallery-item elementor-gallery-item elementor-animated-content\" href=\"https:\/\/www.cm-benavente.pt\/wp-content\/uploads\/2025\/03\/carnaval-samora-correia-terca-feira-47.jpg\" data-elementor-open-lightbox=\"yes\" data-elementor-lightbox-slideshow=\"fa27872\" data-elementor-lightbox-title=\"carnaval samora correia ter\u00e7a feira (47)\" data-e-action-hash=\"#elementor-action%3Aaction%3Dlightbox%26settings%3DeyJpZCI6NjgwMTAsInVybCI6Imh0dHBzOlwvXC93d3cuY20tYmVuYXZlbnRlLnB0XC93cC1jb250ZW50XC91cGxvYWRzXC8yMDI1XC8wM1wvY2FybmF2YWwtc2Ftb3JhLWNvcnJlaWEtdGVyY2EtZmVpcmEtNDcuanBnIiwic2xpZGVzaG93IjoiZmEyNzg3MiJ9\">\n\t\t\t\t\t<div class=\"e-gallery-image elementor-gallery-item__image\" data-thumbnail=\"https:\/\/www.cm-benavente.pt\/wp-content\/uploads\/2025\/03\/carnaval-samora-correia-terca-feira-47-1024x504.jpg\" data-width=\"800\" data-height=\"394\" aria-label=\"\" role=\"img\" ><\/div>\n\t\t\t\t\t\t\t\t\t\t\t<div class=\"elementor-gallery-item__overlay\"><\/div>\n\t\t\t\t\t\t\t\t\t\t\t\t\t\t<\/a>\n\t\t\t\t\t\t\t<a class=\"e-gallery-item elementor-gallery-item elementor-animated-content\" href=\"https:\/\/www.cm-benavente.pt\/wp-content\/uploads\/2025\/03\/carnaval-samora-correia-terca-feira-48.jpg\" data-elementor-open-lightbox=\"yes\" data-elementor-lightbox-slideshow=\"fa27872\" data-elementor-lightbox-title=\"carnaval samora correia ter\u00e7a feira (48)\" data-e-action-hash=\"#elementor-action%3Aaction%3Dlightbox%26settings%3DeyJpZCI6NjgwMTEsInVybCI6Imh0dHBzOlwvXC93d3cuY20tYmVuYXZlbnRlLnB0XC93cC1jb250ZW50XC91cGxvYWRzXC8yMDI1XC8wM1wvY2FybmF2YWwtc2Ftb3JhLWNvcnJlaWEtdGVyY2EtZmVpcmEtNDguanBnIiwic2xpZGVzaG93IjoiZmEyNzg3MiJ9\">\n\t\t\t\t\t<div class=\"e-gallery-image elementor-gallery-item__image\" data-thumbnail=\"https:\/\/www.cm-benavente.pt\/wp-content\/uploads\/2025\/03\/carnaval-samora-correia-terca-feira-48-1024x520.jpg\" data-width=\"800\" data-height=\"406\" aria-label=\"\" role=\"img\" ><\/div>\n\t\t\t\t\t\t\t\t\t\t\t<div class=\"elementor-gallery-item__overlay\"><\/div>\n\t\t\t\t\t\t\t\t\t\t\t\t\t\t<\/a>\n\t\t\t\t\t\t\t<a class=\"e-gallery-item elementor-gallery-item elementor-animated-content\" href=\"https:\/\/www.cm-benavente.pt\/wp-content\/uploads\/2025\/03\/carnaval-samora-correia-terca-feira-49.jpg\" data-elementor-open-lightbox=\"yes\" data-elementor-lightbox-slideshow=\"fa27872\" data-elementor-lightbox-title=\"carnaval samora correia ter\u00e7a feira (49)\" data-e-action-hash=\"#elementor-action%3Aaction%3Dlightbox%26settings%3DeyJpZCI6NjgwMTIsInVybCI6Imh0dHBzOlwvXC93d3cuY20tYmVuYXZlbnRlLnB0XC93cC1jb250ZW50XC91cGxvYWRzXC8yMDI1XC8wM1wvY2FybmF2YWwtc2Ftb3JhLWNvcnJlaWEtdGVyY2EtZmVpcmEtNDkuanBnIiwic2xpZGVzaG93IjoiZmEyNzg3MiJ9\">\n\t\t\t\t\t<div class=\"e-gallery-image elementor-gallery-item__image\" data-thumbnail=\"https:\/\/www.cm-benavente.pt\/wp-content\/uploads\/2025\/03\/carnaval-samora-correia-terca-feira-49-1024x623.jpg\" data-width=\"800\" data-height=\"487\" aria-label=\"\" role=\"img\" ><\/div>\n\t\t\t\t\t\t\t\t\t\t\t<div class=\"elementor-gallery-item__overlay\"><\/div>\n\t\t\t\t\t\t\t\t\t\t\t\t\t\t<\/a>\n\t\t\t\t\t\t\t<a class=\"e-gallery-item elementor-gallery-item elementor-animated-content\" href=\"https:\/\/www.cm-benavente.pt\/wp-content\/uploads\/2025\/03\/carnaval-samora-correia-terca-feira-50.jpg\" data-elementor-open-lightbox=\"yes\" data-elementor-lightbox-slideshow=\"fa27872\" data-elementor-lightbox-title=\"carnaval samora correia ter\u00e7a feira (50)\" data-e-action-hash=\"#elementor-action%3Aaction%3Dlightbox%26settings%3DeyJpZCI6NjgwMTMsInVybCI6Imh0dHBzOlwvXC93d3cuY20tYmVuYXZlbnRlLnB0XC93cC1jb250ZW50XC91cGxvYWRzXC8yMDI1XC8wM1wvY2FybmF2YWwtc2Ftb3JhLWNvcnJlaWEtdGVyY2EtZmVpcmEtNTAuanBnIiwic2xpZGVzaG93IjoiZmEyNzg3MiJ9\">\n\t\t\t\t\t<div class=\"e-gallery-image elementor-gallery-item__image\" data-thumbnail=\"https:\/\/www.cm-benavente.pt\/wp-content\/uploads\/2025\/03\/carnaval-samora-correia-terca-feira-50-1024x474.jpg\" data-width=\"800\" data-height=\"370\" aria-label=\"\" role=\"img\" ><\/div>\n\t\t\t\t\t\t\t\t\t\t\t<div class=\"elementor-gallery-item__overlay\"><\/div>\n\t\t\t\t\t\t\t\t\t\t\t\t\t\t<\/a>\n\t\t\t\t\t\t\t<a class=\"e-gallery-item elementor-gallery-item elementor-animated-content\" href=\"https:\/\/www.cm-benavente.pt\/wp-content\/uploads\/2025\/03\/carnaval-samora-correia-terca-feira-51.jpg\" data-elementor-open-lightbox=\"yes\" data-elementor-lightbox-slideshow=\"fa27872\" data-elementor-lightbox-title=\"carnaval samora correia ter\u00e7a feira (51)\" data-e-action-hash=\"#elementor-action%3Aaction%3Dlightbox%26settings%3DeyJpZCI6NjgwMTQsInVybCI6Imh0dHBzOlwvXC93d3cuY20tYmVuYXZlbnRlLnB0XC93cC1jb250ZW50XC91cGxvYWRzXC8yMDI1XC8wM1wvY2FybmF2YWwtc2Ftb3JhLWNvcnJlaWEtdGVyY2EtZmVpcmEtNTEuanBnIiwic2xpZGVzaG93IjoiZmEyNzg3MiJ9\">\n\t\t\t\t\t<div class=\"e-gallery-image elementor-gallery-item__image\" data-thumbnail=\"https:\/\/www.cm-benavente.pt\/wp-content\/uploads\/2025\/03\/carnaval-samora-correia-terca-feira-51-1024x668.jpg\" data-width=\"800\" data-height=\"522\" aria-label=\"\" role=\"img\" ><\/div>\n\t\t\t\t\t\t\t\t\t\t\t<div class=\"elementor-gallery-item__overlay\"><\/div>\n\t\t\t\t\t\t\t\t\t\t\t\t\t\t<\/a>\n\t\t\t\t\t\t\t<a class=\"e-gallery-item elementor-gallery-item elementor-animated-content\" href=\"https:\/\/www.cm-benavente.pt\/wp-content\/uploads\/2025\/03\/carnaval-samora-correia-terca-feira-52.jpg\" data-elementor-open-lightbox=\"yes\" data-elementor-lightbox-slideshow=\"fa27872\" data-elementor-lightbox-title=\"carnaval samora correia ter\u00e7a feira (52)\" data-e-action-hash=\"#elementor-action%3Aaction%3Dlightbox%26settings%3DeyJpZCI6NjgwMTUsInVybCI6Imh0dHBzOlwvXC93d3cuY20tYmVuYXZlbnRlLnB0XC93cC1jb250ZW50XC91cGxvYWRzXC8yMDI1XC8wM1wvY2FybmF2YWwtc2Ftb3JhLWNvcnJlaWEtdGVyY2EtZmVpcmEtNTIuanBnIiwic2xpZGVzaG93IjoiZmEyNzg3MiJ9\">\n\t\t\t\t\t<div class=\"e-gallery-image elementor-gallery-item__image\" data-thumbnail=\"https:\/\/www.cm-benavente.pt\/wp-content\/uploads\/2025\/03\/carnaval-samora-correia-terca-feira-52-1024x527.jpg\" data-width=\"800\" data-height=\"412\" aria-label=\"\" role=\"img\" ><\/div>\n\t\t\t\t\t\t\t\t\t\t\t<div class=\"elementor-gallery-item__overlay\"><\/div>\n\t\t\t\t\t\t\t\t\t\t\t\t\t\t<\/a>\n\t\t\t\t\t\t\t<a class=\"e-gallery-item elementor-gallery-item elementor-animated-content\" href=\"https:\/\/www.cm-benavente.pt\/wp-content\/uploads\/2025\/03\/carnaval-samora-correia-terca-feira-53.jpg\" data-elementor-open-lightbox=\"yes\" data-elementor-lightbox-slideshow=\"fa27872\" data-elementor-lightbox-title=\"carnaval samora correia ter\u00e7a feira (53)\" data-e-action-hash=\"#elementor-action%3Aaction%3Dlightbox%26settings%3DeyJpZCI6NjgwMTYsInVybCI6Imh0dHBzOlwvXC93d3cuY20tYmVuYXZlbnRlLnB0XC93cC1jb250ZW50XC91cGxvYWRzXC8yMDI1XC8wM1wvY2FybmF2YWwtc2Ftb3JhLWNvcnJlaWEtdGVyY2EtZmVpcmEtNTMuanBnIiwic2xpZGVzaG93IjoiZmEyNzg3MiJ9\">\n\t\t\t\t\t<div class=\"e-gallery-image elementor-gallery-item__image\" data-thumbnail=\"https:\/\/www.cm-benavente.pt\/wp-content\/uploads\/2025\/03\/carnaval-samora-correia-terca-feira-53-1024x570.jpg\" data-width=\"800\" data-height=\"445\" aria-label=\"\" role=\"img\" ><\/div>\n\t\t\t\t\t\t\t\t\t\t\t<div class=\"elementor-gallery-item__overlay\"><\/div>\n\t\t\t\t\t\t\t\t\t\t\t\t\t\t<\/a>\n\t\t\t\t\t\t\t<a class=\"e-gallery-item elementor-gallery-item elementor-animated-content\" href=\"https:\/\/www.cm-benavente.pt\/wp-content\/uploads\/2025\/03\/carnaval-samora-correia-terca-feira-54-scaled.jpg\" data-elementor-open-lightbox=\"yes\" data-elementor-lightbox-slideshow=\"fa27872\" data-elementor-lightbox-title=\"carnaval samora correia ter\u00e7a feira (54)\" data-e-action-hash=\"#elementor-action%3Aaction%3Dlightbox%26settings%3DeyJpZCI6NjgwMTcsInVybCI6Imh0dHBzOlwvXC93d3cuY20tYmVuYXZlbnRlLnB0XC93cC1jb250ZW50XC91cGxvYWRzXC8yMDI1XC8wM1wvY2FybmF2YWwtc2Ftb3JhLWNvcnJlaWEtdGVyY2EtZmVpcmEtNTQtc2NhbGVkLmpwZyIsInNsaWRlc2hvdyI6ImZhMjc4NzIifQ%3D%3D\">\n\t\t\t\t\t<div class=\"e-gallery-image elementor-gallery-item__image\" data-thumbnail=\"https:\/\/www.cm-benavente.pt\/wp-content\/uploads\/2025\/03\/carnaval-samora-correia-terca-feira-54-1024x639.jpg\" data-width=\"800\" data-height=\"499\" aria-label=\"\" role=\"img\" ><\/div>\n\t\t\t\t\t\t\t\t\t\t\t<div class=\"elementor-gallery-item__overlay\"><\/div>\n\t\t\t\t\t\t\t\t\t\t\t\t\t\t<\/a>\n\t\t\t\t\t\t\t<a class=\"e-gallery-item elementor-gallery-item elementor-animated-content\" href=\"https:\/\/www.cm-benavente.pt\/wp-content\/uploads\/2025\/03\/carnaval-samora-correia-terca-feira-55-scaled.jpg\" data-elementor-open-lightbox=\"yes\" data-elementor-lightbox-slideshow=\"fa27872\" data-elementor-lightbox-title=\"carnaval samora correia ter\u00e7a feira (55)\" data-e-action-hash=\"#elementor-action%3Aaction%3Dlightbox%26settings%3DeyJpZCI6NjgwMTgsInVybCI6Imh0dHBzOlwvXC93d3cuY20tYmVuYXZlbnRlLnB0XC93cC1jb250ZW50XC91cGxvYWRzXC8yMDI1XC8wM1wvY2FybmF2YWwtc2Ftb3JhLWNvcnJlaWEtdGVyY2EtZmVpcmEtNTUtc2NhbGVkLmpwZyIsInNsaWRlc2hvdyI6ImZhMjc4NzIifQ%3D%3D\">\n\t\t\t\t\t<div class=\"e-gallery-image elementor-gallery-item__image\" data-thumbnail=\"https:\/\/www.cm-benavente.pt\/wp-content\/uploads\/2025\/03\/carnaval-samora-correia-terca-feira-55-1024x614.jpg\" data-width=\"800\" data-height=\"480\" aria-label=\"\" role=\"img\" ><\/div>\n\t\t\t\t\t\t\t\t\t\t\t<div class=\"elementor-gallery-item__overlay\"><\/div>\n\t\t\t\t\t\t\t\t\t\t\t\t\t\t<\/a>\n\t\t\t\t\t\t\t<a class=\"e-gallery-item elementor-gallery-item elementor-animated-content\" href=\"https:\/\/www.cm-benavente.pt\/wp-content\/uploads\/2025\/03\/carnaval-samora-correia-terca-feira-56-scaled.jpg\" data-elementor-open-lightbox=\"yes\" data-elementor-lightbox-slideshow=\"fa27872\" data-elementor-lightbox-title=\"carnaval samora correia ter\u00e7a feira (56)\" data-e-action-hash=\"#elementor-action%3Aaction%3Dlightbox%26settings%3DeyJpZCI6NjgwMTksInVybCI6Imh0dHBzOlwvXC93d3cuY20tYmVuYXZlbnRlLnB0XC93cC1jb250ZW50XC91cGxvYWRzXC8yMDI1XC8wM1wvY2FybmF2YWwtc2Ftb3JhLWNvcnJlaWEtdGVyY2EtZmVpcmEtNTYtc2NhbGVkLmpwZyIsInNsaWRlc2hvdyI6ImZhMjc4NzIifQ%3D%3D\">\n\t\t\t\t\t<div class=\"e-gallery-image elementor-gallery-item__image\" data-thumbnail=\"https:\/\/www.cm-benavente.pt\/wp-content\/uploads\/2025\/03\/carnaval-samora-correia-terca-feira-56-1024x404.jpg\" data-width=\"800\" data-height=\"316\" aria-label=\"\" role=\"img\" ><\/div>\n\t\t\t\t\t\t\t\t\t\t\t<div class=\"elementor-gallery-item__overlay\"><\/div>\n\t\t\t\t\t\t\t\t\t\t\t\t\t\t<\/a>\n\t\t\t\t\t\t\t<a class=\"e-gallery-item elementor-gallery-item elementor-animated-content\" href=\"https:\/\/www.cm-benavente.pt\/wp-content\/uploads\/2025\/03\/carnaval-samora-correia-terca-feira-57.jpg\" data-elementor-open-lightbox=\"yes\" data-elementor-lightbox-slideshow=\"fa27872\" data-elementor-lightbox-title=\"carnaval samora correia ter\u00e7a feira (57)\" data-e-action-hash=\"#elementor-action%3Aaction%3Dlightbox%26settings%3DeyJpZCI6NjgwMjAsInVybCI6Imh0dHBzOlwvXC93d3cuY20tYmVuYXZlbnRlLnB0XC93cC1jb250ZW50XC91cGxvYWRzXC8yMDI1XC8wM1wvY2FybmF2YWwtc2Ftb3JhLWNvcnJlaWEtdGVyY2EtZmVpcmEtNTcuanBnIiwic2xpZGVzaG93IjoiZmEyNzg3MiJ9\">\n\t\t\t\t\t<div class=\"e-gallery-image elementor-gallery-item__image\" data-thumbnail=\"https:\/\/www.cm-benavente.pt\/wp-content\/uploads\/2025\/03\/carnaval-samora-correia-terca-feira-57-1024x655.jpg\" data-width=\"800\" data-height=\"512\" aria-label=\"\" role=\"img\" ><\/div>\n\t\t\t\t\t\t\t\t\t\t\t<div class=\"elementor-gallery-item__overlay\"><\/div>\n\t\t\t\t\t\t\t\t\t\t\t\t\t\t<\/a>\n\t\t\t\t\t\t\t<a class=\"e-gallery-item elementor-gallery-item elementor-animated-content\" href=\"https:\/\/www.cm-benavente.pt\/wp-content\/uploads\/2025\/03\/carnaval-samora-correia-terca-feira-58.jpg\" data-elementor-open-lightbox=\"yes\" data-elementor-lightbox-slideshow=\"fa27872\" data-elementor-lightbox-title=\"carnaval samora correia ter\u00e7a feira (58)\" data-e-action-hash=\"#elementor-action%3Aaction%3Dlightbox%26settings%3DeyJpZCI6NjgwMjEsInVybCI6Imh0dHBzOlwvXC93d3cuY20tYmVuYXZlbnRlLnB0XC93cC1jb250ZW50XC91cGxvYWRzXC8yMDI1XC8wM1wvY2FybmF2YWwtc2Ftb3JhLWNvcnJlaWEtdGVyY2EtZmVpcmEtNTguanBnIiwic2xpZGVzaG93IjoiZmEyNzg3MiJ9\">\n\t\t\t\t\t<div class=\"e-gallery-image elementor-gallery-item__image\" data-thumbnail=\"https:\/\/www.cm-benavente.pt\/wp-content\/uploads\/2025\/03\/carnaval-samora-correia-terca-feira-58-1024x659.jpg\" data-width=\"800\" data-height=\"515\" aria-label=\"\" role=\"img\" ><\/div>\n\t\t\t\t\t\t\t\t\t\t\t<div class=\"elementor-gallery-item__overlay\"><\/div>\n\t\t\t\t\t\t\t\t\t\t\t\t\t\t<\/a>\n\t\t\t\t\t\t\t<a class=\"e-gallery-item elementor-gallery-item elementor-animated-content\" href=\"https:\/\/www.cm-benavente.pt\/wp-content\/uploads\/2025\/03\/carnaval-samora-correia-terca-feira-59-scaled.jpg\" data-elementor-open-lightbox=\"yes\" data-elementor-lightbox-slideshow=\"fa27872\" data-elementor-lightbox-title=\"carnaval samora correia ter\u00e7a feira (59)\" data-e-action-hash=\"#elementor-action%3Aaction%3Dlightbox%26settings%3DeyJpZCI6NjgwMjIsInVybCI6Imh0dHBzOlwvXC93d3cuY20tYmVuYXZlbnRlLnB0XC93cC1jb250ZW50XC91cGxvYWRzXC8yMDI1XC8wM1wvY2FybmF2YWwtc2Ftb3JhLWNvcnJlaWEtdGVyY2EtZmVpcmEtNTktc2NhbGVkLmpwZyIsInNsaWRlc2hvdyI6ImZhMjc4NzIifQ%3D%3D\">\n\t\t\t\t\t<div class=\"e-gallery-image elementor-gallery-item__image\" data-thumbnail=\"https:\/\/www.cm-benavente.pt\/wp-content\/uploads\/2025\/03\/carnaval-samora-correia-terca-feira-59-1024x423.jpg\" data-width=\"800\" data-height=\"330\" aria-label=\"\" role=\"img\" ><\/div>\n\t\t\t\t\t\t\t\t\t\t\t<div class=\"elementor-gallery-item__overlay\"><\/div>\n\t\t\t\t\t\t\t\t\t\t\t\t\t\t<\/a>\n\t\t\t\t\t\t\t<a class=\"e-gallery-item elementor-gallery-item elementor-animated-content\" href=\"https:\/\/www.cm-benavente.pt\/wp-content\/uploads\/2025\/03\/carnaval-samora-correia-terca-feira-60-scaled.jpg\" data-elementor-open-lightbox=\"yes\" data-elementor-lightbox-slideshow=\"fa27872\" data-elementor-lightbox-title=\"carnaval samora correia ter\u00e7a feira (60)\" data-e-action-hash=\"#elementor-action%3Aaction%3Dlightbox%26settings%3DeyJpZCI6NjgwMjMsInVybCI6Imh0dHBzOlwvXC93d3cuY20tYmVuYXZlbnRlLnB0XC93cC1jb250ZW50XC91cGxvYWRzXC8yMDI1XC8wM1wvY2FybmF2YWwtc2Ftb3JhLWNvcnJlaWEtdGVyY2EtZmVpcmEtNjAtc2NhbGVkLmpwZyIsInNsaWRlc2hvdyI6ImZhMjc4NzIifQ%3D%3D\">\n\t\t\t\t\t<div class=\"e-gallery-image elementor-gallery-item__image\" data-thumbnail=\"https:\/\/www.cm-benavente.pt\/wp-content\/uploads\/2025\/03\/carnaval-samora-correia-terca-feira-60-1024x400.jpg\" data-width=\"800\" data-height=\"313\" aria-label=\"\" role=\"img\" ><\/div>\n\t\t\t\t\t\t\t\t\t\t\t<div class=\"elementor-gallery-item__overlay\"><\/div>\n\t\t\t\t\t\t\t\t\t\t\t\t\t\t<\/a>\n\t\t\t\t\t\t\t<a class=\"e-gallery-item elementor-gallery-item elementor-animated-content\" href=\"https:\/\/www.cm-benavente.pt\/wp-content\/uploads\/2025\/03\/carnaval-samora-correia-terca-feira-61-scaled.jpg\" data-elementor-open-lightbox=\"yes\" data-elementor-lightbox-slideshow=\"fa27872\" data-elementor-lightbox-title=\"carnaval samora correia ter\u00e7a feira (61)\" data-e-action-hash=\"#elementor-action%3Aaction%3Dlightbox%26settings%3DeyJpZCI6NjgwMjQsInVybCI6Imh0dHBzOlwvXC93d3cuY20tYmVuYXZlbnRlLnB0XC93cC1jb250ZW50XC91cGxvYWRzXC8yMDI1XC8wM1wvY2FybmF2YWwtc2Ftb3JhLWNvcnJlaWEtdGVyY2EtZmVpcmEtNjEtc2NhbGVkLmpwZyIsInNsaWRlc2hvdyI6ImZhMjc4NzIifQ%3D%3D\">\n\t\t\t\t\t<div class=\"e-gallery-image elementor-gallery-item__image\" data-thumbnail=\"https:\/\/www.cm-benavente.pt\/wp-content\/uploads\/2025\/03\/carnaval-samora-correia-terca-feira-61-1024x401.jpg\" data-width=\"800\" data-height=\"313\" aria-label=\"\" role=\"img\" ><\/div>\n\t\t\t\t\t\t\t\t\t\t\t<div class=\"elementor-gallery-item__overlay\"><\/div>\n\t\t\t\t\t\t\t\t\t\t\t\t\t\t<\/a>\n\t\t\t\t\t\t\t<a class=\"e-gallery-item elementor-gallery-item elementor-animated-content\" href=\"https:\/\/www.cm-benavente.pt\/wp-content\/uploads\/2025\/03\/carnaval-samora-correia-terca-feira-62.jpg\" data-elementor-open-lightbox=\"yes\" data-elementor-lightbox-slideshow=\"fa27872\" data-elementor-lightbox-title=\"carnaval samora correia ter\u00e7a feira (62)\" data-e-action-hash=\"#elementor-action%3Aaction%3Dlightbox%26settings%3DeyJpZCI6NjgwMjUsInVybCI6Imh0dHBzOlwvXC93d3cuY20tYmVuYXZlbnRlLnB0XC93cC1jb250ZW50XC91cGxvYWRzXC8yMDI1XC8wM1wvY2FybmF2YWwtc2Ftb3JhLWNvcnJlaWEtdGVyY2EtZmVpcmEtNjIuanBnIiwic2xpZGVzaG93IjoiZmEyNzg3MiJ9\">\n\t\t\t\t\t<div class=\"e-gallery-image elementor-gallery-item__image\" data-thumbnail=\"https:\/\/www.cm-benavente.pt\/wp-content\/uploads\/2025\/03\/carnaval-samora-correia-terca-feira-62-1024x505.jpg\" data-width=\"800\" data-height=\"395\" aria-label=\"\" role=\"img\" ><\/div>\n\t\t\t\t\t\t\t\t\t\t\t<div class=\"elementor-gallery-item__overlay\"><\/div>\n\t\t\t\t\t\t\t\t\t\t\t\t\t\t<\/a>\n\t\t\t\t\t\t\t<a class=\"e-gallery-item elementor-gallery-item elementor-animated-content\" href=\"https:\/\/www.cm-benavente.pt\/wp-content\/uploads\/2025\/03\/carnaval-samora-correia-terca-feira-63-scaled.jpg\" data-elementor-open-lightbox=\"yes\" data-elementor-lightbox-slideshow=\"fa27872\" data-elementor-lightbox-title=\"carnaval samora correia ter\u00e7a feira (63)\" data-e-action-hash=\"#elementor-action%3Aaction%3Dlightbox%26settings%3DeyJpZCI6NjgwMjYsInVybCI6Imh0dHBzOlwvXC93d3cuY20tYmVuYXZlbnRlLnB0XC93cC1jb250ZW50XC91cGxvYWRzXC8yMDI1XC8wM1wvY2FybmF2YWwtc2Ftb3JhLWNvcnJlaWEtdGVyY2EtZmVpcmEtNjMtc2NhbGVkLmpwZyIsInNsaWRlc2hvdyI6ImZhMjc4NzIifQ%3D%3D\">\n\t\t\t\t\t<div class=\"e-gallery-image elementor-gallery-item__image\" data-thumbnail=\"https:\/\/www.cm-benavente.pt\/wp-content\/uploads\/2025\/03\/carnaval-samora-correia-terca-feira-63-1024x475.jpg\" data-width=\"800\" data-height=\"371\" aria-label=\"\" role=\"img\" ><\/div>\n\t\t\t\t\t\t\t\t\t\t\t<div class=\"elementor-gallery-item__overlay\"><\/div>\n\t\t\t\t\t\t\t\t\t\t\t\t\t\t<\/a>\n\t\t\t\t\t\t\t<a class=\"e-gallery-item elementor-gallery-item elementor-animated-content\" href=\"https:\/\/www.cm-benavente.pt\/wp-content\/uploads\/2025\/03\/carnaval-samora-correia-terca-feira-64.jpg\" data-elementor-open-lightbox=\"yes\" data-elementor-lightbox-slideshow=\"fa27872\" data-elementor-lightbox-title=\"carnaval samora correia ter\u00e7a feira (64)\" data-e-action-hash=\"#elementor-action%3Aaction%3Dlightbox%26settings%3DeyJpZCI6NjgwMjcsInVybCI6Imh0dHBzOlwvXC93d3cuY20tYmVuYXZlbnRlLnB0XC93cC1jb250ZW50XC91cGxvYWRzXC8yMDI1XC8wM1wvY2FybmF2YWwtc2Ftb3JhLWNvcnJlaWEtdGVyY2EtZmVpcmEtNjQuanBnIiwic2xpZGVzaG93IjoiZmEyNzg3MiJ9\">\n\t\t\t\t\t<div class=\"e-gallery-image elementor-gallery-item__image\" data-thumbnail=\"https:\/\/www.cm-benavente.pt\/wp-content\/uploads\/2025\/03\/carnaval-samora-correia-terca-feira-64-1024x682.jpg\" data-width=\"800\" data-height=\"533\" aria-label=\"\" role=\"img\" ><\/div>\n\t\t\t\t\t\t\t\t\t\t\t<div class=\"elementor-gallery-item__overlay\"><\/div>\n\t\t\t\t\t\t\t\t\t\t\t\t\t\t<\/a>\n\t\t\t\t\t\t\t<a class=\"e-gallery-item elementor-gallery-item elementor-animated-content\" href=\"https:\/\/www.cm-benavente.pt\/wp-content\/uploads\/2025\/03\/carnaval-samora-correia-terca-feira-65.jpg\" data-elementor-open-lightbox=\"yes\" data-elementor-lightbox-slideshow=\"fa27872\" data-elementor-lightbox-title=\"carnaval samora correia ter\u00e7a feira (65)\" data-e-action-hash=\"#elementor-action%3Aaction%3Dlightbox%26settings%3DeyJpZCI6NjgwMjgsInVybCI6Imh0dHBzOlwvXC93d3cuY20tYmVuYXZlbnRlLnB0XC93cC1jb250ZW50XC91cGxvYWRzXC8yMDI1XC8wM1wvY2FybmF2YWwtc2Ftb3JhLWNvcnJlaWEtdGVyY2EtZmVpcmEtNjUuanBnIiwic2xpZGVzaG93IjoiZmEyNzg3MiJ9\">\n\t\t\t\t\t<div class=\"e-gallery-image elementor-gallery-item__image\" data-thumbnail=\"https:\/\/www.cm-benavente.pt\/wp-content\/uploads\/2025\/03\/carnaval-samora-correia-terca-feira-65-1024x960.jpg\" data-width=\"800\" data-height=\"750\" aria-label=\"\" role=\"img\" ><\/div>\n\t\t\t\t\t\t\t\t\t\t\t<div class=\"elementor-gallery-item__overlay\"><\/div>\n\t\t\t\t\t\t\t\t\t\t\t\t\t\t<\/a>\n\t\t\t\t\t\t\t<a class=\"e-gallery-item elementor-gallery-item elementor-animated-content\" href=\"https:\/\/www.cm-benavente.pt\/wp-content\/uploads\/2025\/03\/carnaval-samora-correia-terca-feira-66-scaled.jpg\" data-elementor-open-lightbox=\"yes\" data-elementor-lightbox-slideshow=\"fa27872\" data-elementor-lightbox-title=\"carnaval samora correia ter\u00e7a feira (66)\" data-e-action-hash=\"#elementor-action%3Aaction%3Dlightbox%26settings%3DeyJpZCI6NjgwMjksInVybCI6Imh0dHBzOlwvXC93d3cuY20tYmVuYXZlbnRlLnB0XC93cC1jb250ZW50XC91cGxvYWRzXC8yMDI1XC8wM1wvY2FybmF2YWwtc2Ftb3JhLWNvcnJlaWEtdGVyY2EtZmVpcmEtNjYtc2NhbGVkLmpwZyIsInNsaWRlc2hvdyI6ImZhMjc4NzIifQ%3D%3D\">\n\t\t\t\t\t<div class=\"e-gallery-image elementor-gallery-item__image\" data-thumbnail=\"https:\/\/www.cm-benavente.pt\/wp-content\/uploads\/2025\/03\/carnaval-samora-correia-terca-feira-66-1024x611.jpg\" data-width=\"800\" data-height=\"477\" aria-label=\"\" role=\"img\" ><\/div>\n\t\t\t\t\t\t\t\t\t\t\t<div class=\"elementor-gallery-item__overlay\"><\/div>\n\t\t\t\t\t\t\t\t\t\t\t\t\t\t<\/a>\n\t\t\t\t\t\t\t<a class=\"e-gallery-item elementor-gallery-item elementor-animated-content\" href=\"https:\/\/www.cm-benavente.pt\/wp-content\/uploads\/2025\/03\/carnaval-samora-correia-terca-feira-67-scaled.jpg\" data-elementor-open-lightbox=\"yes\" data-elementor-lightbox-slideshow=\"fa27872\" data-elementor-lightbox-title=\"carnaval samora correia ter\u00e7a feira (67)\" data-e-action-hash=\"#elementor-action%3Aaction%3Dlightbox%26settings%3DeyJpZCI6NjgwMzAsInVybCI6Imh0dHBzOlwvXC93d3cuY20tYmVuYXZlbnRlLnB0XC93cC1jb250ZW50XC91cGxvYWRzXC8yMDI1XC8wM1wvY2FybmF2YWwtc2Ftb3JhLWNvcnJlaWEtdGVyY2EtZmVpcmEtNjctc2NhbGVkLmpwZyIsInNsaWRlc2hvdyI6ImZhMjc4NzIifQ%3D%3D\">\n\t\t\t\t\t<div class=\"e-gallery-image elementor-gallery-item__image\" data-thumbnail=\"https:\/\/www.cm-benavente.pt\/wp-content\/uploads\/2025\/03\/carnaval-samora-correia-terca-feira-67-1024x523.jpg\" data-width=\"800\" data-height=\"409\" aria-label=\"\" role=\"img\" ><\/div>\n\t\t\t\t\t\t\t\t\t\t\t<div class=\"elementor-gallery-item__overlay\"><\/div>\n\t\t\t\t\t\t\t\t\t\t\t\t\t\t<\/a>\n\t\t\t\t\t\t\t<a class=\"e-gallery-item elementor-gallery-item elementor-animated-content\" href=\"https:\/\/www.cm-benavente.pt\/wp-content\/uploads\/2025\/03\/carnaval-samora-correia-terca-feira-68.jpg\" data-elementor-open-lightbox=\"yes\" data-elementor-lightbox-slideshow=\"fa27872\" data-elementor-lightbox-title=\"carnaval samora correia ter\u00e7a feira (68)\" data-e-action-hash=\"#elementor-action%3Aaction%3Dlightbox%26settings%3DeyJpZCI6NjgwMzEsInVybCI6Imh0dHBzOlwvXC93d3cuY20tYmVuYXZlbnRlLnB0XC93cC1jb250ZW50XC91cGxvYWRzXC8yMDI1XC8wM1wvY2FybmF2YWwtc2Ftb3JhLWNvcnJlaWEtdGVyY2EtZmVpcmEtNjguanBnIiwic2xpZGVzaG93IjoiZmEyNzg3MiJ9\">\n\t\t\t\t\t<div class=\"e-gallery-image elementor-gallery-item__image\" data-thumbnail=\"https:\/\/www.cm-benavente.pt\/wp-content\/uploads\/2025\/03\/carnaval-samora-correia-terca-feira-68-1024x549.jpg\" data-width=\"800\" data-height=\"429\" aria-label=\"\" role=\"img\" ><\/div>\n\t\t\t\t\t\t\t\t\t\t\t<div class=\"elementor-gallery-item__overlay\"><\/div>\n\t\t\t\t\t\t\t\t\t\t\t\t\t\t<\/a>\n\t\t\t\t\t\t\t<a class=\"e-gallery-item elementor-gallery-item elementor-animated-content\" href=\"https:\/\/www.cm-benavente.pt\/wp-content\/uploads\/2025\/03\/carnaval-samora-correia-terca-feira-69.jpg\" data-elementor-open-lightbox=\"yes\" data-elementor-lightbox-slideshow=\"fa27872\" data-elementor-lightbox-title=\"carnaval samora correia ter\u00e7a feira (69)\" data-e-action-hash=\"#elementor-action%3Aaction%3Dlightbox%26settings%3DeyJpZCI6NjgwMzIsInVybCI6Imh0dHBzOlwvXC93d3cuY20tYmVuYXZlbnRlLnB0XC93cC1jb250ZW50XC91cGxvYWRzXC8yMDI1XC8wM1wvY2FybmF2YWwtc2Ftb3JhLWNvcnJlaWEtdGVyY2EtZmVpcmEtNjkuanBnIiwic2xpZGVzaG93IjoiZmEyNzg3MiJ9\">\n\t\t\t\t\t<div class=\"e-gallery-image elementor-gallery-item__image\" data-thumbnail=\"https:\/\/www.cm-benavente.pt\/wp-content\/uploads\/2025\/03\/carnaval-samora-correia-terca-feira-69-1024x477.jpg\" data-width=\"800\" data-height=\"373\" aria-label=\"\" role=\"img\" ><\/div>\n\t\t\t\t\t\t\t\t\t\t\t<div class=\"elementor-gallery-item__overlay\"><\/div>\n\t\t\t\t\t\t\t\t\t\t\t\t\t\t<\/a>\n\t\t\t\t\t\t\t<a class=\"e-gallery-item elementor-gallery-item elementor-animated-content\" href=\"https:\/\/www.cm-benavente.pt\/wp-content\/uploads\/2025\/03\/carnaval-samora-correia-terca-feira-70.jpg\" data-elementor-open-lightbox=\"yes\" data-elementor-lightbox-slideshow=\"fa27872\" data-elementor-lightbox-title=\"carnaval samora correia ter\u00e7a feira (70)\" data-e-action-hash=\"#elementor-action%3Aaction%3Dlightbox%26settings%3DeyJpZCI6NjgwMzMsInVybCI6Imh0dHBzOlwvXC93d3cuY20tYmVuYXZlbnRlLnB0XC93cC1jb250ZW50XC91cGxvYWRzXC8yMDI1XC8wM1wvY2FybmF2YWwtc2Ftb3JhLWNvcnJlaWEtdGVyY2EtZmVpcmEtNzAuanBnIiwic2xpZGVzaG93IjoiZmEyNzg3MiJ9\">\n\t\t\t\t\t<div class=\"e-gallery-image elementor-gallery-item__image\" data-thumbnail=\"https:\/\/www.cm-benavente.pt\/wp-content\/uploads\/2025\/03\/carnaval-samora-correia-terca-feira-70-1024x477.jpg\" data-width=\"800\" data-height=\"373\" aria-label=\"\" role=\"img\" ><\/div>\n\t\t\t\t\t\t\t\t\t\t\t<div class=\"elementor-gallery-item__overlay\"><\/div>\n\t\t\t\t\t\t\t\t\t\t\t\t\t\t<\/a>\n\t\t\t\t\t\t\t<a class=\"e-gallery-item elementor-gallery-item elementor-animated-content\" href=\"https:\/\/www.cm-benavente.pt\/wp-content\/uploads\/2025\/03\/carnaval-samora-correia-terca-feira-71.jpg\" data-elementor-open-lightbox=\"yes\" data-elementor-lightbox-slideshow=\"fa27872\" data-elementor-lightbox-title=\"carnaval samora correia ter\u00e7a feira (71)\" data-e-action-hash=\"#elementor-action%3Aaction%3Dlightbox%26settings%3DeyJpZCI6NjgwMzQsInVybCI6Imh0dHBzOlwvXC93d3cuY20tYmVuYXZlbnRlLnB0XC93cC1jb250ZW50XC91cGxvYWRzXC8yMDI1XC8wM1wvY2FybmF2YWwtc2Ftb3JhLWNvcnJlaWEtdGVyY2EtZmVpcmEtNzEuanBnIiwic2xpZGVzaG93IjoiZmEyNzg3MiJ9\">\n\t\t\t\t\t<div class=\"e-gallery-image elementor-gallery-item__image\" data-thumbnail=\"https:\/\/www.cm-benavente.pt\/wp-content\/uploads\/2025\/03\/carnaval-samora-correia-terca-feira-71-1024x584.jpg\" data-width=\"800\" data-height=\"456\" aria-label=\"\" role=\"img\" ><\/div>\n\t\t\t\t\t\t\t\t\t\t\t<div class=\"elementor-gallery-item__overlay\"><\/div>\n\t\t\t\t\t\t\t\t\t\t\t\t\t\t<\/a>\n\t\t\t\t\t\t\t<a class=\"e-gallery-item elementor-gallery-item elementor-animated-content\" href=\"https:\/\/www.cm-benavente.pt\/wp-content\/uploads\/2025\/03\/carnaval-samora-correia-terca-feira-72-scaled.jpg\" data-elementor-open-lightbox=\"yes\" data-elementor-lightbox-slideshow=\"fa27872\" data-elementor-lightbox-title=\"carnaval samora correia ter\u00e7a feira (72)\" data-e-action-hash=\"#elementor-action%3Aaction%3Dlightbox%26settings%3DeyJpZCI6NjgwMzUsInVybCI6Imh0dHBzOlwvXC93d3cuY20tYmVuYXZlbnRlLnB0XC93cC1jb250ZW50XC91cGxvYWRzXC8yMDI1XC8wM1wvY2FybmF2YWwtc2Ftb3JhLWNvcnJlaWEtdGVyY2EtZmVpcmEtNzItc2NhbGVkLmpwZyIsInNsaWRlc2hvdyI6ImZhMjc4NzIifQ%3D%3D\">\n\t\t\t\t\t<div class=\"e-gallery-image elementor-gallery-item__image\" data-thumbnail=\"https:\/\/www.cm-benavente.pt\/wp-content\/uploads\/2025\/03\/carnaval-samora-correia-terca-feira-72-1024x683.jpg\" data-width=\"800\" data-height=\"534\" aria-label=\"\" role=\"img\" ><\/div>\n\t\t\t\t\t\t\t\t\t\t\t<div class=\"elementor-gallery-item__overlay\"><\/div>\n\t\t\t\t\t\t\t\t\t\t\t\t\t\t<\/a>\n\t\t\t\t\t\t\t<a class=\"e-gallery-item elementor-gallery-item elementor-animated-content\" href=\"https:\/\/www.cm-benavente.pt\/wp-content\/uploads\/2025\/03\/carnaval-samora-correia-terca-feira-73.jpg\" data-elementor-open-lightbox=\"yes\" data-elementor-lightbox-slideshow=\"fa27872\" data-elementor-lightbox-title=\"carnaval samora correia ter\u00e7a feira (73)\" data-e-action-hash=\"#elementor-action%3Aaction%3Dlightbox%26settings%3DeyJpZCI6NjgwMzYsInVybCI6Imh0dHBzOlwvXC93d3cuY20tYmVuYXZlbnRlLnB0XC93cC1jb250ZW50XC91cGxvYWRzXC8yMDI1XC8wM1wvY2FybmF2YWwtc2Ftb3JhLWNvcnJlaWEtdGVyY2EtZmVpcmEtNzMuanBnIiwic2xpZGVzaG93IjoiZmEyNzg3MiJ9\">\n\t\t\t\t\t<div class=\"e-gallery-image elementor-gallery-item__image\" data-thumbnail=\"https:\/\/www.cm-benavente.pt\/wp-content\/uploads\/2025\/03\/carnaval-samora-correia-terca-feira-73-1024x654.jpg\" data-width=\"800\" data-height=\"511\" aria-label=\"\" role=\"img\" ><\/div>\n\t\t\t\t\t\t\t\t\t\t\t<div class=\"elementor-gallery-item__overlay\"><\/div>\n\t\t\t\t\t\t\t\t\t\t\t\t\t\t<\/a>\n\t\t\t\t\t\t\t<a class=\"e-gallery-item elementor-gallery-item elementor-animated-content\" href=\"https:\/\/www.cm-benavente.pt\/wp-content\/uploads\/2025\/03\/carnaval-samora-correia-terca-feira-74.jpg\" data-elementor-open-lightbox=\"yes\" data-elementor-lightbox-slideshow=\"fa27872\" data-elementor-lightbox-title=\"carnaval samora correia ter\u00e7a feira (74)\" data-e-action-hash=\"#elementor-action%3Aaction%3Dlightbox%26settings%3DeyJpZCI6NjgwMzcsInVybCI6Imh0dHBzOlwvXC93d3cuY20tYmVuYXZlbnRlLnB0XC93cC1jb250ZW50XC91cGxvYWRzXC8yMDI1XC8wM1wvY2FybmF2YWwtc2Ftb3JhLWNvcnJlaWEtdGVyY2EtZmVpcmEtNzQuanBnIiwic2xpZGVzaG93IjoiZmEyNzg3MiJ9\">\n\t\t\t\t\t<div class=\"e-gallery-image elementor-gallery-item__image\" data-thumbnail=\"https:\/\/www.cm-benavente.pt\/wp-content\/uploads\/2025\/03\/carnaval-samora-correia-terca-feira-74-1024x606.jpg\" data-width=\"800\" data-height=\"473\" aria-label=\"\" role=\"img\" ><\/div>\n\t\t\t\t\t\t\t\t\t\t\t<div class=\"elementor-gallery-item__overlay\"><\/div>\n\t\t\t\t\t\t\t\t\t\t\t\t\t\t<\/a>\n\t\t\t\t\t\t\t<a class=\"e-gallery-item elementor-gallery-item elementor-animated-content\" href=\"https:\/\/www.cm-benavente.pt\/wp-content\/uploads\/2025\/03\/carnaval-samora-correia-terca-feira-75.jpg\" data-elementor-open-lightbox=\"yes\" data-elementor-lightbox-slideshow=\"fa27872\" data-elementor-lightbox-title=\"carnaval samora correia ter\u00e7a feira (75)\" data-e-action-hash=\"#elementor-action%3Aaction%3Dlightbox%26settings%3DeyJpZCI6NjgwMzgsInVybCI6Imh0dHBzOlwvXC93d3cuY20tYmVuYXZlbnRlLnB0XC93cC1jb250ZW50XC91cGxvYWRzXC8yMDI1XC8wM1wvY2FybmF2YWwtc2Ftb3JhLWNvcnJlaWEtdGVyY2EtZmVpcmEtNzUuanBnIiwic2xpZGVzaG93IjoiZmEyNzg3MiJ9\">\n\t\t\t\t\t<div class=\"e-gallery-image elementor-gallery-item__image\" data-thumbnail=\"https:\/\/www.cm-benavente.pt\/wp-content\/uploads\/2025\/03\/carnaval-samora-correia-terca-feira-75-1024x683.jpg\" data-width=\"800\" data-height=\"534\" aria-label=\"\" role=\"img\" ><\/div>\n\t\t\t\t\t\t\t\t\t\t\t<div class=\"elementor-gallery-item__overlay\"><\/div>\n\t\t\t\t\t\t\t\t\t\t\t\t\t\t<\/a>\n\t\t\t\t\t\t\t<a class=\"e-gallery-item elementor-gallery-item elementor-animated-content\" href=\"https:\/\/www.cm-benavente.pt\/wp-content\/uploads\/2025\/03\/carnaval-samora-correia-terca-feira-76.jpg\" data-elementor-open-lightbox=\"yes\" data-elementor-lightbox-slideshow=\"fa27872\" data-elementor-lightbox-title=\"carnaval samora correia ter\u00e7a feira (76)\" data-e-action-hash=\"#elementor-action%3Aaction%3Dlightbox%26settings%3DeyJpZCI6NjgwMzksInVybCI6Imh0dHBzOlwvXC93d3cuY20tYmVuYXZlbnRlLnB0XC93cC1jb250ZW50XC91cGxvYWRzXC8yMDI1XC8wM1wvY2FybmF2YWwtc2Ftb3JhLWNvcnJlaWEtdGVyY2EtZmVpcmEtNzYuanBnIiwic2xpZGVzaG93IjoiZmEyNzg3MiJ9\">\n\t\t\t\t\t<div class=\"e-gallery-image elementor-gallery-item__image\" data-thumbnail=\"https:\/\/www.cm-benavente.pt\/wp-content\/uploads\/2025\/03\/carnaval-samora-correia-terca-feira-76-1024x658.jpg\" data-width=\"800\" data-height=\"514\" aria-label=\"\" role=\"img\" ><\/div>\n\t\t\t\t\t\t\t\t\t\t\t<div class=\"elementor-gallery-item__overlay\"><\/div>\n\t\t\t\t\t\t\t\t\t\t\t\t\t\t<\/a>\n\t\t\t\t\t\t\t<a class=\"e-gallery-item elementor-gallery-item elementor-animated-content\" href=\"https:\/\/www.cm-benavente.pt\/wp-content\/uploads\/2025\/03\/carnaval-samora-correia-terca-feira-77.jpg\" data-elementor-open-lightbox=\"yes\" data-elementor-lightbox-slideshow=\"fa27872\" data-elementor-lightbox-title=\"carnaval samora correia ter\u00e7a feira (77)\" data-e-action-hash=\"#elementor-action%3Aaction%3Dlightbox%26settings%3DeyJpZCI6NjgwNDAsInVybCI6Imh0dHBzOlwvXC93d3cuY20tYmVuYXZlbnRlLnB0XC93cC1jb250ZW50XC91cGxvYWRzXC8yMDI1XC8wM1wvY2FybmF2YWwtc2Ftb3JhLWNvcnJlaWEtdGVyY2EtZmVpcmEtNzcuanBnIiwic2xpZGVzaG93IjoiZmEyNzg3MiJ9\">\n\t\t\t\t\t<div class=\"e-gallery-image elementor-gallery-item__image\" data-thumbnail=\"https:\/\/www.cm-benavente.pt\/wp-content\/uploads\/2025\/03\/carnaval-samora-correia-terca-feira-77-1024x530.jpg\" data-width=\"800\" data-height=\"414\" aria-label=\"\" role=\"img\" ><\/div>\n\t\t\t\t\t\t\t\t\t\t\t<div class=\"elementor-gallery-item__overlay\"><\/div>\n\t\t\t\t\t\t\t\t\t\t\t\t\t\t<\/a>\n\t\t\t\t\t\t\t<a class=\"e-gallery-item elementor-gallery-item elementor-animated-content\" href=\"https:\/\/www.cm-benavente.pt\/wp-content\/uploads\/2025\/03\/carnaval-samora-correia-terca-feira-78.jpg\" data-elementor-open-lightbox=\"yes\" data-elementor-lightbox-slideshow=\"fa27872\" data-elementor-lightbox-title=\"carnaval samora correia ter\u00e7a feira (78)\" data-e-action-hash=\"#elementor-action%3Aaction%3Dlightbox%26settings%3DeyJpZCI6NjgwNDEsInVybCI6Imh0dHBzOlwvXC93d3cuY20tYmVuYXZlbnRlLnB0XC93cC1jb250ZW50XC91cGxvYWRzXC8yMDI1XC8wM1wvY2FybmF2YWwtc2Ftb3JhLWNvcnJlaWEtdGVyY2EtZmVpcmEtNzguanBnIiwic2xpZGVzaG93IjoiZmEyNzg3MiJ9\">\n\t\t\t\t\t<div class=\"e-gallery-image elementor-gallery-item__image\" data-thumbnail=\"https:\/\/www.cm-benavente.pt\/wp-content\/uploads\/2025\/03\/carnaval-samora-correia-terca-feira-78-1024x583.jpg\" data-width=\"800\" data-height=\"455\" aria-label=\"\" role=\"img\" ><\/div>\n\t\t\t\t\t\t\t\t\t\t\t<div class=\"elementor-gallery-item__overlay\"><\/div>\n\t\t\t\t\t\t\t\t\t\t\t\t\t\t<\/a>\n\t\t\t\t\t\t\t<a class=\"e-gallery-item elementor-gallery-item elementor-animated-content\" href=\"https:\/\/www.cm-benavente.pt\/wp-content\/uploads\/2025\/03\/carnaval-samora-correia-terca-feira-79.jpg\" data-elementor-open-lightbox=\"yes\" data-elementor-lightbox-slideshow=\"fa27872\" data-elementor-lightbox-title=\"carnaval samora correia ter\u00e7a feira (79)\" data-e-action-hash=\"#elementor-action%3Aaction%3Dlightbox%26settings%3DeyJpZCI6NjgwNDIsInVybCI6Imh0dHBzOlwvXC93d3cuY20tYmVuYXZlbnRlLnB0XC93cC1jb250ZW50XC91cGxvYWRzXC8yMDI1XC8wM1wvY2FybmF2YWwtc2Ftb3JhLWNvcnJlaWEtdGVyY2EtZmVpcmEtNzkuanBnIiwic2xpZGVzaG93IjoiZmEyNzg3MiJ9\">\n\t\t\t\t\t<div class=\"e-gallery-image elementor-gallery-item__image\" data-thumbnail=\"https:\/\/www.cm-benavente.pt\/wp-content\/uploads\/2025\/03\/carnaval-samora-correia-terca-feira-79-1024x545.jpg\" data-width=\"800\" data-height=\"426\" aria-label=\"\" role=\"img\" ><\/div>\n\t\t\t\t\t\t\t\t\t\t\t<div class=\"elementor-gallery-item__overlay\"><\/div>\n\t\t\t\t\t\t\t\t\t\t\t\t\t\t<\/a>\n\t\t\t\t\t\t\t<a class=\"e-gallery-item elementor-gallery-item elementor-animated-content\" href=\"https:\/\/www.cm-benavente.pt\/wp-content\/uploads\/2025\/03\/carnaval-samora-correia-terca-feira-80.jpg\" data-elementor-open-lightbox=\"yes\" data-elementor-lightbox-slideshow=\"fa27872\" data-elementor-lightbox-title=\"carnaval samora correia ter\u00e7a feira (80)\" data-e-action-hash=\"#elementor-action%3Aaction%3Dlightbox%26settings%3DeyJpZCI6NjgwNDMsInVybCI6Imh0dHBzOlwvXC93d3cuY20tYmVuYXZlbnRlLnB0XC93cC1jb250ZW50XC91cGxvYWRzXC8yMDI1XC8wM1wvY2FybmF2YWwtc2Ftb3JhLWNvcnJlaWEtdGVyY2EtZmVpcmEtODAuanBnIiwic2xpZGVzaG93IjoiZmEyNzg3MiJ9\">\n\t\t\t\t\t<div class=\"e-gallery-image elementor-gallery-item__image\" data-thumbnail=\"https:\/\/www.cm-benavente.pt\/wp-content\/uploads\/2025\/03\/carnaval-samora-correia-terca-feira-80-1024x577.jpg\" data-width=\"800\" data-height=\"451\" aria-label=\"\" role=\"img\" ><\/div>\n\t\t\t\t\t\t\t\t\t\t\t<div class=\"elementor-gallery-item__overlay\"><\/div>\n\t\t\t\t\t\t\t\t\t\t\t\t\t\t<\/a>\n\t\t\t\t\t\t\t<a class=\"e-gallery-item elementor-gallery-item elementor-animated-content\" href=\"https:\/\/www.cm-benavente.pt\/wp-content\/uploads\/2025\/03\/carnaval-samora-correia-terca-feira-81.jpg\" data-elementor-open-lightbox=\"yes\" data-elementor-lightbox-slideshow=\"fa27872\" data-elementor-lightbox-title=\"carnaval samora correia ter\u00e7a feira (81)\" data-e-action-hash=\"#elementor-action%3Aaction%3Dlightbox%26settings%3DeyJpZCI6NjgwNDQsInVybCI6Imh0dHBzOlwvXC93d3cuY20tYmVuYXZlbnRlLnB0XC93cC1jb250ZW50XC91cGxvYWRzXC8yMDI1XC8wM1wvY2FybmF2YWwtc2Ftb3JhLWNvcnJlaWEtdGVyY2EtZmVpcmEtODEuanBnIiwic2xpZGVzaG93IjoiZmEyNzg3MiJ9\">\n\t\t\t\t\t<div class=\"e-gallery-image elementor-gallery-item__image\" data-thumbnail=\"https:\/\/www.cm-benavente.pt\/wp-content\/uploads\/2025\/03\/carnaval-samora-correia-terca-feira-81-1024x611.jpg\" data-width=\"800\" data-height=\"477\" aria-label=\"\" role=\"img\" ><\/div>\n\t\t\t\t\t\t\t\t\t\t\t<div class=\"elementor-gallery-item__overlay\"><\/div>\n\t\t\t\t\t\t\t\t\t\t\t\t\t\t<\/a>\n\t\t\t\t\t\t\t<a class=\"e-gallery-item elementor-gallery-item elementor-animated-content\" href=\"https:\/\/www.cm-benavente.pt\/wp-content\/uploads\/2025\/03\/carnaval-samora-correia-terca-feira-82.jpg\" data-elementor-open-lightbox=\"yes\" data-elementor-lightbox-slideshow=\"fa27872\" data-elementor-lightbox-title=\"carnaval samora correia ter\u00e7a feira (82)\" data-e-action-hash=\"#elementor-action%3Aaction%3Dlightbox%26settings%3DeyJpZCI6NjgwNDUsInVybCI6Imh0dHBzOlwvXC93d3cuY20tYmVuYXZlbnRlLnB0XC93cC1jb250ZW50XC91cGxvYWRzXC8yMDI1XC8wM1wvY2FybmF2YWwtc2Ftb3JhLWNvcnJlaWEtdGVyY2EtZmVpcmEtODIuanBnIiwic2xpZGVzaG93IjoiZmEyNzg3MiJ9\">\n\t\t\t\t\t<div class=\"e-gallery-image elementor-gallery-item__image\" data-thumbnail=\"https:\/\/www.cm-benavente.pt\/wp-content\/uploads\/2025\/03\/carnaval-samora-correia-terca-feira-82-1024x618.jpg\" data-width=\"800\" data-height=\"483\" aria-label=\"\" role=\"img\" ><\/div>\n\t\t\t\t\t\t\t\t\t\t\t<div class=\"elementor-gallery-item__overlay\"><\/div>\n\t\t\t\t\t\t\t\t\t\t\t\t\t\t<\/a>\n\t\t\t\t\t\t\t<a class=\"e-gallery-item elementor-gallery-item elementor-animated-content\" href=\"https:\/\/www.cm-benavente.pt\/wp-content\/uploads\/2025\/03\/carnaval-samora-correia-terca-feira-83-scaled.jpg\" data-elementor-open-lightbox=\"yes\" data-elementor-lightbox-slideshow=\"fa27872\" data-elementor-lightbox-title=\"carnaval samora correia ter\u00e7a feira (83)\" data-e-action-hash=\"#elementor-action%3Aaction%3Dlightbox%26settings%3DeyJpZCI6NjgwNDYsInVybCI6Imh0dHBzOlwvXC93d3cuY20tYmVuYXZlbnRlLnB0XC93cC1jb250ZW50XC91cGxvYWRzXC8yMDI1XC8wM1wvY2FybmF2YWwtc2Ftb3JhLWNvcnJlaWEtdGVyY2EtZmVpcmEtODMtc2NhbGVkLmpwZyIsInNsaWRlc2hvdyI6ImZhMjc4NzIifQ%3D%3D\">\n\t\t\t\t\t<div class=\"e-gallery-image elementor-gallery-item__image\" data-thumbnail=\"https:\/\/www.cm-benavente.pt\/wp-content\/uploads\/2025\/03\/carnaval-samora-correia-terca-feira-83-1024x596.jpg\" data-width=\"800\" data-height=\"466\" aria-label=\"\" role=\"img\" ><\/div>\n\t\t\t\t\t\t\t\t\t\t\t<div class=\"elementor-gallery-item__overlay\"><\/div>\n\t\t\t\t\t\t\t\t\t\t\t\t\t\t<\/a>\n\t\t\t\t\t\t\t<a class=\"e-gallery-item elementor-gallery-item elementor-animated-content\" href=\"https:\/\/www.cm-benavente.pt\/wp-content\/uploads\/2025\/03\/carnaval-samora-correia-terca-feira-84.jpg\" data-elementor-open-lightbox=\"yes\" data-elementor-lightbox-slideshow=\"fa27872\" data-elementor-lightbox-title=\"carnaval samora correia ter\u00e7a feira (84)\" data-e-action-hash=\"#elementor-action%3Aaction%3Dlightbox%26settings%3DeyJpZCI6NjgwNDcsInVybCI6Imh0dHBzOlwvXC93d3cuY20tYmVuYXZlbnRlLnB0XC93cC1jb250ZW50XC91cGxvYWRzXC8yMDI1XC8wM1wvY2FybmF2YWwtc2Ftb3JhLWNvcnJlaWEtdGVyY2EtZmVpcmEtODQuanBnIiwic2xpZGVzaG93IjoiZmEyNzg3MiJ9\">\n\t\t\t\t\t<div class=\"e-gallery-image elementor-gallery-item__image\" data-thumbnail=\"https:\/\/www.cm-benavente.pt\/wp-content\/uploads\/2025\/03\/carnaval-samora-correia-terca-feira-84-1024x595.jpg\" data-width=\"800\" data-height=\"465\" aria-label=\"\" role=\"img\" ><\/div>\n\t\t\t\t\t\t\t\t\t\t\t<div class=\"elementor-gallery-item__overlay\"><\/div>\n\t\t\t\t\t\t\t\t\t\t\t\t\t\t<\/a>\n\t\t\t\t\t\t\t<a class=\"e-gallery-item elementor-gallery-item elementor-animated-content\" href=\"https:\/\/www.cm-benavente.pt\/wp-content\/uploads\/2025\/03\/carnaval-samora-correia-terca-feira-85.jpg\" data-elementor-open-lightbox=\"yes\" data-elementor-lightbox-slideshow=\"fa27872\" data-elementor-lightbox-title=\"carnaval samora correia ter\u00e7a feira (85)\" data-e-action-hash=\"#elementor-action%3Aaction%3Dlightbox%26settings%3DeyJpZCI6NjgwNDgsInVybCI6Imh0dHBzOlwvXC93d3cuY20tYmVuYXZlbnRlLnB0XC93cC1jb250ZW50XC91cGxvYWRzXC8yMDI1XC8wM1wvY2FybmF2YWwtc2Ftb3JhLWNvcnJlaWEtdGVyY2EtZmVpcmEtODUuanBnIiwic2xpZGVzaG93IjoiZmEyNzg3MiJ9\">\n\t\t\t\t\t<div class=\"e-gallery-image elementor-gallery-item__image\" data-thumbnail=\"https:\/\/www.cm-benavente.pt\/wp-content\/uploads\/2025\/03\/carnaval-samora-correia-terca-feira-85-1024x559.jpg\" data-width=\"800\" data-height=\"437\" aria-label=\"\" role=\"img\" ><\/div>\n\t\t\t\t\t\t\t\t\t\t\t<div class=\"elementor-gallery-item__overlay\"><\/div>\n\t\t\t\t\t\t\t\t\t\t\t\t\t\t<\/a>\n\t\t\t\t\t\t\t<a class=\"e-gallery-item elementor-gallery-item elementor-animated-content\" href=\"https:\/\/www.cm-benavente.pt\/wp-content\/uploads\/2025\/03\/carnaval-samora-correia-terca-feira-86.jpg\" data-elementor-open-lightbox=\"yes\" data-elementor-lightbox-slideshow=\"fa27872\" data-elementor-lightbox-title=\"carnaval samora correia ter\u00e7a feira (86)\" data-e-action-hash=\"#elementor-action%3Aaction%3Dlightbox%26settings%3DeyJpZCI6NjgwNDksInVybCI6Imh0dHBzOlwvXC93d3cuY20tYmVuYXZlbnRlLnB0XC93cC1jb250ZW50XC91cGxvYWRzXC8yMDI1XC8wM1wvY2FybmF2YWwtc2Ftb3JhLWNvcnJlaWEtdGVyY2EtZmVpcmEtODYuanBnIiwic2xpZGVzaG93IjoiZmEyNzg3MiJ9\">\n\t\t\t\t\t<div class=\"e-gallery-image elementor-gallery-item__image\" data-thumbnail=\"https:\/\/www.cm-benavente.pt\/wp-content\/uploads\/2025\/03\/carnaval-samora-correia-terca-feira-86-1024x647.jpg\" data-width=\"800\" data-height=\"505\" aria-label=\"\" role=\"img\" ><\/div>\n\t\t\t\t\t\t\t\t\t\t\t<div class=\"elementor-gallery-item__overlay\"><\/div>\n\t\t\t\t\t\t\t\t\t\t\t\t\t\t<\/a>\n\t\t\t\t\t\t\t<a class=\"e-gallery-item elementor-gallery-item elementor-animated-content\" href=\"https:\/\/www.cm-benavente.pt\/wp-content\/uploads\/2025\/03\/carnaval-samora-correia-terca-feira-87.jpg\" data-elementor-open-lightbox=\"yes\" data-elementor-lightbox-slideshow=\"fa27872\" data-elementor-lightbox-title=\"carnaval samora correia ter\u00e7a feira (87)\" data-e-action-hash=\"#elementor-action%3Aaction%3Dlightbox%26settings%3DeyJpZCI6NjgwNTAsInVybCI6Imh0dHBzOlwvXC93d3cuY20tYmVuYXZlbnRlLnB0XC93cC1jb250ZW50XC91cGxvYWRzXC8yMDI1XC8wM1wvY2FybmF2YWwtc2Ftb3JhLWNvcnJlaWEtdGVyY2EtZmVpcmEtODcuanBnIiwic2xpZGVzaG93IjoiZmEyNzg3MiJ9\">\n\t\t\t\t\t<div class=\"e-gallery-image elementor-gallery-item__image\" data-thumbnail=\"https:\/\/www.cm-benavente.pt\/wp-content\/uploads\/2025\/03\/carnaval-samora-correia-terca-feira-87-1024x683.jpg\" data-width=\"800\" data-height=\"534\" aria-label=\"\" role=\"img\" ><\/div>\n\t\t\t\t\t\t\t\t\t\t\t<div class=\"elementor-gallery-item__overlay\"><\/div>\n\t\t\t\t\t\t\t\t\t\t\t\t\t\t<\/a>\n\t\t\t\t\t\t\t<a class=\"e-gallery-item elementor-gallery-item elementor-animated-content\" href=\"https:\/\/www.cm-benavente.pt\/wp-content\/uploads\/2025\/03\/carnaval-samora-correia-terca-feira-88.jpg\" data-elementor-open-lightbox=\"yes\" data-elementor-lightbox-slideshow=\"fa27872\" data-elementor-lightbox-title=\"carnaval samora correia ter\u00e7a feira (88)\" data-e-action-hash=\"#elementor-action%3Aaction%3Dlightbox%26settings%3DeyJpZCI6NjgwNTEsInVybCI6Imh0dHBzOlwvXC93d3cuY20tYmVuYXZlbnRlLnB0XC93cC1jb250ZW50XC91cGxvYWRzXC8yMDI1XC8wM1wvY2FybmF2YWwtc2Ftb3JhLWNvcnJlaWEtdGVyY2EtZmVpcmEtODguanBnIiwic2xpZGVzaG93IjoiZmEyNzg3MiJ9\">\n\t\t\t\t\t<div class=\"e-gallery-image elementor-gallery-item__image\" data-thumbnail=\"https:\/\/www.cm-benavente.pt\/wp-content\/uploads\/2025\/03\/carnaval-samora-correia-terca-feira-88-1024x627.jpg\" data-width=\"800\" data-height=\"490\" aria-label=\"\" role=\"img\" ><\/div>\n\t\t\t\t\t\t\t\t\t\t\t<div class=\"elementor-gallery-item__overlay\"><\/div>\n\t\t\t\t\t\t\t\t\t\t\t\t\t\t<\/a>\n\t\t\t\t\t\t\t<a class=\"e-gallery-item elementor-gallery-item elementor-animated-content\" href=\"https:\/\/www.cm-benavente.pt\/wp-content\/uploads\/2025\/03\/carnaval-samora-correia-terca-feira-89.jpg\" data-elementor-open-lightbox=\"yes\" data-elementor-lightbox-slideshow=\"fa27872\" data-elementor-lightbox-title=\"carnaval samora correia ter\u00e7a feira (89)\" data-e-action-hash=\"#elementor-action%3Aaction%3Dlightbox%26settings%3DeyJpZCI6NjgwNTIsInVybCI6Imh0dHBzOlwvXC93d3cuY20tYmVuYXZlbnRlLnB0XC93cC1jb250ZW50XC91cGxvYWRzXC8yMDI1XC8wM1wvY2FybmF2YWwtc2Ftb3JhLWNvcnJlaWEtdGVyY2EtZmVpcmEtODkuanBnIiwic2xpZGVzaG93IjoiZmEyNzg3MiJ9\">\n\t\t\t\t\t<div class=\"e-gallery-image elementor-gallery-item__image\" data-thumbnail=\"https:\/\/www.cm-benavente.pt\/wp-content\/uploads\/2025\/03\/carnaval-samora-correia-terca-feira-89-1024x606.jpg\" data-width=\"800\" data-height=\"473\" aria-label=\"\" role=\"img\" ><\/div>\n\t\t\t\t\t\t\t\t\t\t\t<div class=\"elementor-gallery-item__overlay\"><\/div>\n\t\t\t\t\t\t\t\t\t\t\t\t\t\t<\/a>\n\t\t\t\t\t\t\t<a class=\"e-gallery-item elementor-gallery-item elementor-animated-content\" href=\"https:\/\/www.cm-benavente.pt\/wp-content\/uploads\/2025\/03\/carnaval-samora-correia-terca-feira-90.jpg\" data-elementor-open-lightbox=\"yes\" data-elementor-lightbox-slideshow=\"fa27872\" data-elementor-lightbox-title=\"carnaval samora correia ter\u00e7a feira (90)\" data-e-action-hash=\"#elementor-action%3Aaction%3Dlightbox%26settings%3DeyJpZCI6NjgwNTMsInVybCI6Imh0dHBzOlwvXC93d3cuY20tYmVuYXZlbnRlLnB0XC93cC1jb250ZW50XC91cGxvYWRzXC8yMDI1XC8wM1wvY2FybmF2YWwtc2Ftb3JhLWNvcnJlaWEtdGVyY2EtZmVpcmEtOTAuanBnIiwic2xpZGVzaG93IjoiZmEyNzg3MiJ9\">\n\t\t\t\t\t<div class=\"e-gallery-image elementor-gallery-item__image\" data-thumbnail=\"https:\/\/www.cm-benavente.pt\/wp-content\/uploads\/2025\/03\/carnaval-samora-correia-terca-feira-90-1024x655.jpg\" data-width=\"800\" data-height=\"512\" aria-label=\"\" role=\"img\" ><\/div>\n\t\t\t\t\t\t\t\t\t\t\t<div class=\"elementor-gallery-item__overlay\"><\/div>\n\t\t\t\t\t\t\t\t\t\t\t\t\t\t<\/a>\n\t\t\t\t\t\t\t<a class=\"e-gallery-item elementor-gallery-item elementor-animated-content\" href=\"https:\/\/www.cm-benavente.pt\/wp-content\/uploads\/2025\/03\/carnaval-samora-correia-terca-feira-91.jpg\" data-elementor-open-lightbox=\"yes\" data-elementor-lightbox-slideshow=\"fa27872\" data-elementor-lightbox-title=\"carnaval samora correia ter\u00e7a feira (91)\" data-e-action-hash=\"#elementor-action%3Aaction%3Dlightbox%26settings%3DeyJpZCI6NjgwNTQsInVybCI6Imh0dHBzOlwvXC93d3cuY20tYmVuYXZlbnRlLnB0XC93cC1jb250ZW50XC91cGxvYWRzXC8yMDI1XC8wM1wvY2FybmF2YWwtc2Ftb3JhLWNvcnJlaWEtdGVyY2EtZmVpcmEtOTEuanBnIiwic2xpZGVzaG93IjoiZmEyNzg3MiJ9\">\n\t\t\t\t\t<div class=\"e-gallery-image elementor-gallery-item__image\" data-thumbnail=\"https:\/\/www.cm-benavente.pt\/wp-content\/uploads\/2025\/03\/carnaval-samora-correia-terca-feira-91-1024x669.jpg\" data-width=\"800\" data-height=\"523\" aria-label=\"\" role=\"img\" ><\/div>\n\t\t\t\t\t\t\t\t\t\t\t<div class=\"elementor-gallery-item__overlay\"><\/div>\n\t\t\t\t\t\t\t\t\t\t\t\t\t\t<\/a>\n\t\t\t\t\t\t\t<a class=\"e-gallery-item elementor-gallery-item elementor-animated-content\" href=\"https:\/\/www.cm-benavente.pt\/wp-content\/uploads\/2025\/03\/carnaval-samora-correia-terca-feira-92.jpg\" data-elementor-open-lightbox=\"yes\" data-elementor-lightbox-slideshow=\"fa27872\" data-elementor-lightbox-title=\"carnaval samora correia ter\u00e7a feira (92)\" data-e-action-hash=\"#elementor-action%3Aaction%3Dlightbox%26settings%3DeyJpZCI6NjgwNTUsInVybCI6Imh0dHBzOlwvXC93d3cuY20tYmVuYXZlbnRlLnB0XC93cC1jb250ZW50XC91cGxvYWRzXC8yMDI1XC8wM1wvY2FybmF2YWwtc2Ftb3JhLWNvcnJlaWEtdGVyY2EtZmVpcmEtOTIuanBnIiwic2xpZGVzaG93IjoiZmEyNzg3MiJ9\">\n\t\t\t\t\t<div class=\"e-gallery-image elementor-gallery-item__image\" data-thumbnail=\"https:\/\/www.cm-benavente.pt\/wp-content\/uploads\/2025\/03\/carnaval-samora-correia-terca-feira-92-1024x683.jpg\" data-width=\"800\" data-height=\"534\" aria-label=\"\" role=\"img\" ><\/div>\n\t\t\t\t\t\t\t\t\t\t\t<div class=\"elementor-gallery-item__overlay\"><\/div>\n\t\t\t\t\t\t\t\t\t\t\t\t\t\t<\/a>\n\t\t\t\t\t\t\t<a class=\"e-gallery-item elementor-gallery-item elementor-animated-content\" href=\"https:\/\/www.cm-benavente.pt\/wp-content\/uploads\/2025\/03\/carnaval-samora-correia-terca-feira-93.jpg\" data-elementor-open-lightbox=\"yes\" data-elementor-lightbox-slideshow=\"fa27872\" data-elementor-lightbox-title=\"carnaval samora correia ter\u00e7a feira (93)\" data-e-action-hash=\"#elementor-action%3Aaction%3Dlightbox%26settings%3DeyJpZCI6NjgwNTYsInVybCI6Imh0dHBzOlwvXC93d3cuY20tYmVuYXZlbnRlLnB0XC93cC1jb250ZW50XC91cGxvYWRzXC8yMDI1XC8wM1wvY2FybmF2YWwtc2Ftb3JhLWNvcnJlaWEtdGVyY2EtZmVpcmEtOTMuanBnIiwic2xpZGVzaG93IjoiZmEyNzg3MiJ9\">\n\t\t\t\t\t<div class=\"e-gallery-image elementor-gallery-item__image\" data-thumbnail=\"https:\/\/www.cm-benavente.pt\/wp-content\/uploads\/2025\/03\/carnaval-samora-correia-terca-feira-93-1024x683.jpg\" data-width=\"800\" data-height=\"534\" aria-label=\"\" role=\"img\" ><\/div>\n\t\t\t\t\t\t\t\t\t\t\t<div class=\"elementor-gallery-item__overlay\"><\/div>\n\t\t\t\t\t\t\t\t\t\t\t\t\t\t<\/a>\n\t\t\t\t\t\t\t<a class=\"e-gallery-item elementor-gallery-item elementor-animated-content\" href=\"https:\/\/www.cm-benavente.pt\/wp-content\/uploads\/2025\/03\/carnaval-samora-correia-terca-feira-94.jpg\" data-elementor-open-lightbox=\"yes\" data-elementor-lightbox-slideshow=\"fa27872\" data-elementor-lightbox-title=\"carnaval samora correia ter\u00e7a feira (94)\" data-e-action-hash=\"#elementor-action%3Aaction%3Dlightbox%26settings%3DeyJpZCI6NjgwNTcsInVybCI6Imh0dHBzOlwvXC93d3cuY20tYmVuYXZlbnRlLnB0XC93cC1jb250ZW50XC91cGxvYWRzXC8yMDI1XC8wM1wvY2FybmF2YWwtc2Ftb3JhLWNvcnJlaWEtdGVyY2EtZmVpcmEtOTQuanBnIiwic2xpZGVzaG93IjoiZmEyNzg3MiJ9\">\n\t\t\t\t\t<div class=\"e-gallery-image elementor-gallery-item__image\" data-thumbnail=\"https:\/\/www.cm-benavente.pt\/wp-content\/uploads\/2025\/03\/carnaval-samora-correia-terca-feira-94-1024x591.jpg\" data-width=\"800\" data-height=\"462\" aria-label=\"\" role=\"img\" ><\/div>\n\t\t\t\t\t\t\t\t\t\t\t<div class=\"elementor-gallery-item__overlay\"><\/div>\n\t\t\t\t\t\t\t\t\t\t\t\t\t\t<\/a>\n\t\t\t\t\t\t\t<a class=\"e-gallery-item elementor-gallery-item elementor-animated-content\" href=\"https:\/\/www.cm-benavente.pt\/wp-content\/uploads\/2025\/03\/carnaval-samora-correia-terca-feira-95.jpg\" data-elementor-open-lightbox=\"yes\" data-elementor-lightbox-slideshow=\"fa27872\" data-elementor-lightbox-title=\"carnaval samora correia ter\u00e7a feira (95)\" data-e-action-hash=\"#elementor-action%3Aaction%3Dlightbox%26settings%3DeyJpZCI6NjgwNTgsInVybCI6Imh0dHBzOlwvXC93d3cuY20tYmVuYXZlbnRlLnB0XC93cC1jb250ZW50XC91cGxvYWRzXC8yMDI1XC8wM1wvY2FybmF2YWwtc2Ftb3JhLWNvcnJlaWEtdGVyY2EtZmVpcmEtOTUuanBnIiwic2xpZGVzaG93IjoiZmEyNzg3MiJ9\">\n\t\t\t\t\t<div class=\"e-gallery-image elementor-gallery-item__image\" data-thumbnail=\"https:\/\/www.cm-benavente.pt\/wp-content\/uploads\/2025\/03\/carnaval-samora-correia-terca-feira-95-1024x544.jpg\" data-width=\"800\" data-height=\"425\" aria-label=\"\" role=\"img\" ><\/div>\n\t\t\t\t\t\t\t\t\t\t\t<div class=\"elementor-gallery-item__overlay\"><\/div>\n\t\t\t\t\t\t\t\t\t\t\t\t\t\t<\/a>\n\t\t\t\t\t\t\t<a class=\"e-gallery-item elementor-gallery-item elementor-animated-content\" href=\"https:\/\/www.cm-benavente.pt\/wp-content\/uploads\/2025\/03\/carnaval-samora-correia-terca-feira-96.jpg\" data-elementor-open-lightbox=\"yes\" data-elementor-lightbox-slideshow=\"fa27872\" data-elementor-lightbox-title=\"carnaval samora correia ter\u00e7a feira (96)\" data-e-action-hash=\"#elementor-action%3Aaction%3Dlightbox%26settings%3DeyJpZCI6NjgwNTksInVybCI6Imh0dHBzOlwvXC93d3cuY20tYmVuYXZlbnRlLnB0XC93cC1jb250ZW50XC91cGxvYWRzXC8yMDI1XC8wM1wvY2FybmF2YWwtc2Ftb3JhLWNvcnJlaWEtdGVyY2EtZmVpcmEtOTYuanBnIiwic2xpZGVzaG93IjoiZmEyNzg3MiJ9\">\n\t\t\t\t\t<div class=\"e-gallery-image elementor-gallery-item__image\" data-thumbnail=\"https:\/\/www.cm-benavente.pt\/wp-content\/uploads\/2025\/03\/carnaval-samora-correia-terca-feira-96-1024x762.jpg\" data-width=\"800\" data-height=\"595\" aria-label=\"\" role=\"img\" ><\/div>\n\t\t\t\t\t\t\t\t\t\t\t<div class=\"elementor-gallery-item__overlay\"><\/div>\n\t\t\t\t\t\t\t\t\t\t\t\t\t\t<\/a>\n\t\t\t\t\t\t\t<a class=\"e-gallery-item elementor-gallery-item elementor-animated-content\" href=\"https:\/\/www.cm-benavente.pt\/wp-content\/uploads\/2025\/03\/carnaval-samora-correia-terca-feira-97.jpg\" data-elementor-open-lightbox=\"yes\" data-elementor-lightbox-slideshow=\"fa27872\" data-elementor-lightbox-title=\"carnaval samora correia ter\u00e7a feira (97)\" data-e-action-hash=\"#elementor-action%3Aaction%3Dlightbox%26settings%3DeyJpZCI6NjgwNjAsInVybCI6Imh0dHBzOlwvXC93d3cuY20tYmVuYXZlbnRlLnB0XC93cC1jb250ZW50XC91cGxvYWRzXC8yMDI1XC8wM1wvY2FybmF2YWwtc2Ftb3JhLWNvcnJlaWEtdGVyY2EtZmVpcmEtOTcuanBnIiwic2xpZGVzaG93IjoiZmEyNzg3MiJ9\">\n\t\t\t\t\t<div class=\"e-gallery-image elementor-gallery-item__image\" data-thumbnail=\"https:\/\/www.cm-benavente.pt\/wp-content\/uploads\/2025\/03\/carnaval-samora-correia-terca-feira-97-1024x621.jpg\" data-width=\"800\" data-height=\"485\" aria-label=\"\" role=\"img\" ><\/div>\n\t\t\t\t\t\t\t\t\t\t\t<div class=\"elementor-gallery-item__overlay\"><\/div>\n\t\t\t\t\t\t\t\t\t\t\t\t\t\t<\/a>\n\t\t\t\t\t\t\t<a class=\"e-gallery-item elementor-gallery-item elementor-animated-content\" href=\"https:\/\/www.cm-benavente.pt\/wp-content\/uploads\/2025\/03\/carnaval-samora-correia-terca-feira-98-scaled.jpg\" data-elementor-open-lightbox=\"yes\" data-elementor-lightbox-slideshow=\"fa27872\" data-elementor-lightbox-title=\"carnaval samora correia ter\u00e7a feira (98)\" data-e-action-hash=\"#elementor-action%3Aaction%3Dlightbox%26settings%3DeyJpZCI6NjgwNjEsInVybCI6Imh0dHBzOlwvXC93d3cuY20tYmVuYXZlbnRlLnB0XC93cC1jb250ZW50XC91cGxvYWRzXC8yMDI1XC8wM1wvY2FybmF2YWwtc2Ftb3JhLWNvcnJlaWEtdGVyY2EtZmVpcmEtOTgtc2NhbGVkLmpwZyIsInNsaWRlc2hvdyI6ImZhMjc4NzIifQ%3D%3D\">\n\t\t\t\t\t<div class=\"e-gallery-image elementor-gallery-item__image\" data-thumbnail=\"https:\/\/www.cm-benavente.pt\/wp-content\/uploads\/2025\/03\/carnaval-samora-correia-terca-feira-98-1024x575.jpg\" data-width=\"800\" data-height=\"449\" aria-label=\"\" role=\"img\" ><\/div>\n\t\t\t\t\t\t\t\t\t\t\t<div class=\"elementor-gallery-item__overlay\"><\/div>\n\t\t\t\t\t\t\t\t\t\t\t\t\t\t<\/a>\n\t\t\t\t\t\t\t<a class=\"e-gallery-item elementor-gallery-item elementor-animated-content\" href=\"https:\/\/www.cm-benavente.pt\/wp-content\/uploads\/2025\/03\/carnaval-samora-correia-terca-feira-99.jpg\" data-elementor-open-lightbox=\"yes\" data-elementor-lightbox-slideshow=\"fa27872\" data-elementor-lightbox-title=\"carnaval samora correia ter\u00e7a feira (99)\" data-e-action-hash=\"#elementor-action%3Aaction%3Dlightbox%26settings%3DeyJpZCI6NjgwNjIsInVybCI6Imh0dHBzOlwvXC93d3cuY20tYmVuYXZlbnRlLnB0XC93cC1jb250ZW50XC91cGxvYWRzXC8yMDI1XC8wM1wvY2FybmF2YWwtc2Ftb3JhLWNvcnJlaWEtdGVyY2EtZmVpcmEtOTkuanBnIiwic2xpZGVzaG93IjoiZmEyNzg3MiJ9\">\n\t\t\t\t\t<div class=\"e-gallery-image elementor-gallery-item__image\" data-thumbnail=\"https:\/\/www.cm-benavente.pt\/wp-content\/uploads\/2025\/03\/carnaval-samora-correia-terca-feira-99-1024x550.jpg\" data-width=\"800\" data-height=\"430\" aria-label=\"\" role=\"img\" ><\/div>\n\t\t\t\t\t\t\t\t\t\t\t<div class=\"elementor-gallery-item__overlay\"><\/div>\n\t\t\t\t\t\t\t\t\t\t\t\t\t\t<\/a>\n\t\t\t\t\t\t\t<a class=\"e-gallery-item elementor-gallery-item elementor-animated-content\" href=\"https:\/\/www.cm-benavente.pt\/wp-content\/uploads\/2025\/03\/carnaval-samora-correia-terca-feira-100.jpg\" data-elementor-open-lightbox=\"yes\" data-elementor-lightbox-slideshow=\"fa27872\" data-elementor-lightbox-title=\"carnaval samora correia ter\u00e7a feira (100)\" data-e-action-hash=\"#elementor-action%3Aaction%3Dlightbox%26settings%3DeyJpZCI6NjgwNjMsInVybCI6Imh0dHBzOlwvXC93d3cuY20tYmVuYXZlbnRlLnB0XC93cC1jb250ZW50XC91cGxvYWRzXC8yMDI1XC8wM1wvY2FybmF2YWwtc2Ftb3JhLWNvcnJlaWEtdGVyY2EtZmVpcmEtMTAwLmpwZyIsInNsaWRlc2hvdyI6ImZhMjc4NzIifQ%3D%3D\">\n\t\t\t\t\t<div class=\"e-gallery-image elementor-gallery-item__image\" data-thumbnail=\"https:\/\/www.cm-benavente.pt\/wp-content\/uploads\/2025\/03\/carnaval-samora-correia-terca-feira-100-1024x594.jpg\" data-width=\"800\" data-height=\"464\" aria-label=\"\" role=\"img\" ><\/div>\n\t\t\t\t\t\t\t\t\t\t\t<div class=\"elementor-gallery-item__overlay\"><\/div>\n\t\t\t\t\t\t\t\t\t\t\t\t\t\t<\/a>\n\t\t\t\t\t\t\t<a class=\"e-gallery-item elementor-gallery-item elementor-animated-content\" href=\"https:\/\/www.cm-benavente.pt\/wp-content\/uploads\/2025\/03\/carnaval-samora-correia-terca-feira-101.jpg\" data-elementor-open-lightbox=\"yes\" data-elementor-lightbox-slideshow=\"fa27872\" data-elementor-lightbox-title=\"carnaval samora correia ter\u00e7a feira (101)\" data-e-action-hash=\"#elementor-action%3Aaction%3Dlightbox%26settings%3DeyJpZCI6NjgwNjQsInVybCI6Imh0dHBzOlwvXC93d3cuY20tYmVuYXZlbnRlLnB0XC93cC1jb250ZW50XC91cGxvYWRzXC8yMDI1XC8wM1wvY2FybmF2YWwtc2Ftb3JhLWNvcnJlaWEtdGVyY2EtZmVpcmEtMTAxLmpwZyIsInNsaWRlc2hvdyI6ImZhMjc4NzIifQ%3D%3D\">\n\t\t\t\t\t<div class=\"e-gallery-image elementor-gallery-item__image\" data-thumbnail=\"https:\/\/www.cm-benavente.pt\/wp-content\/uploads\/2025\/03\/carnaval-samora-correia-terca-feira-101-1024x727.jpg\" data-width=\"800\" data-height=\"568\" aria-label=\"\" role=\"img\" ><\/div>\n\t\t\t\t\t\t\t\t\t\t\t<div class=\"elementor-gallery-item__overlay\"><\/div>\n\t\t\t\t\t\t\t\t\t\t\t\t\t\t<\/a>\n\t\t\t\t\t\t\t<a class=\"e-gallery-item elementor-gallery-item elementor-animated-content\" href=\"https:\/\/www.cm-benavente.pt\/wp-content\/uploads\/2025\/03\/carnaval-samora-correia-terca-feira-102-scaled.jpg\" data-elementor-open-lightbox=\"yes\" data-elementor-lightbox-slideshow=\"fa27872\" data-elementor-lightbox-title=\"carnaval samora correia ter\u00e7a feira (102)\" data-e-action-hash=\"#elementor-action%3Aaction%3Dlightbox%26settings%3DeyJpZCI6NjgwNjUsInVybCI6Imh0dHBzOlwvXC93d3cuY20tYmVuYXZlbnRlLnB0XC93cC1jb250ZW50XC91cGxvYWRzXC8yMDI1XC8wM1wvY2FybmF2YWwtc2Ftb3JhLWNvcnJlaWEtdGVyY2EtZmVpcmEtMTAyLXNjYWxlZC5qcGciLCJzbGlkZXNob3ciOiJmYTI3ODcyIn0%3D\">\n\t\t\t\t\t<div class=\"e-gallery-image elementor-gallery-item__image\" data-thumbnail=\"https:\/\/www.cm-benavente.pt\/wp-content\/uploads\/2025\/03\/carnaval-samora-correia-terca-feira-102-1024x602.jpg\" data-width=\"800\" data-height=\"470\" aria-label=\"\" role=\"img\" ><\/div>\n\t\t\t\t\t\t\t\t\t\t\t<div class=\"elementor-gallery-item__overlay\"><\/div>\n\t\t\t\t\t\t\t\t\t\t\t\t\t\t<\/a>\n\t\t\t\t\t\t\t<a class=\"e-gallery-item elementor-gallery-item elementor-animated-content\" href=\"https:\/\/www.cm-benavente.pt\/wp-content\/uploads\/2025\/03\/carnaval-samora-correia-terca-feira-103.jpg\" data-elementor-open-lightbox=\"yes\" data-elementor-lightbox-slideshow=\"fa27872\" data-elementor-lightbox-title=\"carnaval samora correia ter\u00e7a feira (103)\" data-e-action-hash=\"#elementor-action%3Aaction%3Dlightbox%26settings%3DeyJpZCI6NjgwNjYsInVybCI6Imh0dHBzOlwvXC93d3cuY20tYmVuYXZlbnRlLnB0XC93cC1jb250ZW50XC91cGxvYWRzXC8yMDI1XC8wM1wvY2FybmF2YWwtc2Ftb3JhLWNvcnJlaWEtdGVyY2EtZmVpcmEtMTAzLmpwZyIsInNsaWRlc2hvdyI6ImZhMjc4NzIifQ%3D%3D\">\n\t\t\t\t\t<div class=\"e-gallery-image elementor-gallery-item__image\" data-thumbnail=\"https:\/\/www.cm-benavente.pt\/wp-content\/uploads\/2025\/03\/carnaval-samora-correia-terca-feira-103-1024x631.jpg\" data-width=\"800\" data-height=\"493\" aria-label=\"\" role=\"img\" ><\/div>\n\t\t\t\t\t\t\t\t\t\t\t<div class=\"elementor-gallery-item__overlay\"><\/div>\n\t\t\t\t\t\t\t\t\t\t\t\t\t\t<\/a>\n\t\t\t\t\t\t\t<a class=\"e-gallery-item elementor-gallery-item elementor-animated-content\" href=\"https:\/\/www.cm-benavente.pt\/wp-content\/uploads\/2025\/03\/carnaval-samora-correia-terca-feira-104.jpg\" data-elementor-open-lightbox=\"yes\" data-elementor-lightbox-slideshow=\"fa27872\" data-elementor-lightbox-title=\"carnaval samora correia ter\u00e7a feira (104)\" data-e-action-hash=\"#elementor-action%3Aaction%3Dlightbox%26settings%3DeyJpZCI6NjgwNjcsInVybCI6Imh0dHBzOlwvXC93d3cuY20tYmVuYXZlbnRlLnB0XC93cC1jb250ZW50XC91cGxvYWRzXC8yMDI1XC8wM1wvY2FybmF2YWwtc2Ftb3JhLWNvcnJlaWEtdGVyY2EtZmVpcmEtMTA0LmpwZyIsInNsaWRlc2hvdyI6ImZhMjc4NzIifQ%3D%3D\">\n\t\t\t\t\t<div class=\"e-gallery-image elementor-gallery-item__image\" data-thumbnail=\"https:\/\/www.cm-benavente.pt\/wp-content\/uploads\/2025\/03\/carnaval-samora-correia-terca-feira-104-1024x637.jpg\" data-width=\"800\" data-height=\"498\" aria-label=\"\" role=\"img\" ><\/div>\n\t\t\t\t\t\t\t\t\t\t\t<div class=\"elementor-gallery-item__overlay\"><\/div>\n\t\t\t\t\t\t\t\t\t\t\t\t\t\t<\/a>\n\t\t\t\t\t\t\t<a class=\"e-gallery-item elementor-gallery-item elementor-animated-content\" href=\"https:\/\/www.cm-benavente.pt\/wp-content\/uploads\/2025\/03\/carnaval-samora-correia-terca-feira-105.jpg\" data-elementor-open-lightbox=\"yes\" data-elementor-lightbox-slideshow=\"fa27872\" data-elementor-lightbox-title=\"carnaval samora correia ter\u00e7a feira (105)\" data-e-action-hash=\"#elementor-action%3Aaction%3Dlightbox%26settings%3DeyJpZCI6NjgwNjgsInVybCI6Imh0dHBzOlwvXC93d3cuY20tYmVuYXZlbnRlLnB0XC93cC1jb250ZW50XC91cGxvYWRzXC8yMDI1XC8wM1wvY2FybmF2YWwtc2Ftb3JhLWNvcnJlaWEtdGVyY2EtZmVpcmEtMTA1LmpwZyIsInNsaWRlc2hvdyI6ImZhMjc4NzIifQ%3D%3D\">\n\t\t\t\t\t<div class=\"e-gallery-image elementor-gallery-item__image\" data-thumbnail=\"https:\/\/www.cm-benavente.pt\/wp-content\/uploads\/2025\/03\/carnaval-samora-correia-terca-feira-105-1024x550.jpg\" data-width=\"800\" data-height=\"430\" aria-label=\"\" role=\"img\" ><\/div>\n\t\t\t\t\t\t\t\t\t\t\t<div class=\"elementor-gallery-item__overlay\"><\/div>\n\t\t\t\t\t\t\t\t\t\t\t\t\t\t<\/a>\n\t\t\t\t\t\t\t<a class=\"e-gallery-item elementor-gallery-item elementor-animated-content\" href=\"https:\/\/www.cm-benavente.pt\/wp-content\/uploads\/2025\/03\/carnaval-samora-correia-terca-feira-106-scaled.jpg\" data-elementor-open-lightbox=\"yes\" data-elementor-lightbox-slideshow=\"fa27872\" data-elementor-lightbox-title=\"carnaval samora correia ter\u00e7a feira (106)\" data-e-action-hash=\"#elementor-action%3Aaction%3Dlightbox%26settings%3DeyJpZCI6NjgwNjksInVybCI6Imh0dHBzOlwvXC93d3cuY20tYmVuYXZlbnRlLnB0XC93cC1jb250ZW50XC91cGxvYWRzXC8yMDI1XC8wM1wvY2FybmF2YWwtc2Ftb3JhLWNvcnJlaWEtdGVyY2EtZmVpcmEtMTA2LXNjYWxlZC5qcGciLCJzbGlkZXNob3ciOiJmYTI3ODcyIn0%3D\">\n\t\t\t\t\t<div class=\"e-gallery-image elementor-gallery-item__image\" data-thumbnail=\"https:\/\/www.cm-benavente.pt\/wp-content\/uploads\/2025\/03\/carnaval-samora-correia-terca-feira-106-1024x588.jpg\" data-width=\"800\" data-height=\"459\" aria-label=\"\" role=\"img\" ><\/div>\n\t\t\t\t\t\t\t\t\t\t\t<div class=\"elementor-gallery-item__overlay\"><\/div>\n\t\t\t\t\t\t\t\t\t\t\t\t\t\t<\/a>\n\t\t\t\t\t\t\t<a class=\"e-gallery-item elementor-gallery-item elementor-animated-content\" href=\"https:\/\/www.cm-benavente.pt\/wp-content\/uploads\/2025\/03\/carnaval-samora-correia-terca-feira-107.jpg\" data-elementor-open-lightbox=\"yes\" data-elementor-lightbox-slideshow=\"fa27872\" data-elementor-lightbox-title=\"carnaval samora correia ter\u00e7a feira (107)\" data-e-action-hash=\"#elementor-action%3Aaction%3Dlightbox%26settings%3DeyJpZCI6NjgwNzAsInVybCI6Imh0dHBzOlwvXC93d3cuY20tYmVuYXZlbnRlLnB0XC93cC1jb250ZW50XC91cGxvYWRzXC8yMDI1XC8wM1wvY2FybmF2YWwtc2Ftb3JhLWNvcnJlaWEtdGVyY2EtZmVpcmEtMTA3LmpwZyIsInNsaWRlc2hvdyI6ImZhMjc4NzIifQ%3D%3D\">\n\t\t\t\t\t<div class=\"e-gallery-image elementor-gallery-item__image\" data-thumbnail=\"https:\/\/www.cm-benavente.pt\/wp-content\/uploads\/2025\/03\/carnaval-samora-correia-terca-feira-107-1024x595.jpg\" data-width=\"800\" data-height=\"465\" aria-label=\"\" role=\"img\" ><\/div>\n\t\t\t\t\t\t\t\t\t\t\t<div class=\"elementor-gallery-item__overlay\"><\/div>\n\t\t\t\t\t\t\t\t\t\t\t\t\t\t<\/a>\n\t\t\t\t\t\t\t<a class=\"e-gallery-item elementor-gallery-item elementor-animated-content\" href=\"https:\/\/www.cm-benavente.pt\/wp-content\/uploads\/2025\/03\/carnaval-samora-correia-terca-feira-108.jpg\" data-elementor-open-lightbox=\"yes\" data-elementor-lightbox-slideshow=\"fa27872\" data-elementor-lightbox-title=\"carnaval samora correia ter\u00e7a feira (108)\" data-e-action-hash=\"#elementor-action%3Aaction%3Dlightbox%26settings%3DeyJpZCI6NjgwNzEsInVybCI6Imh0dHBzOlwvXC93d3cuY20tYmVuYXZlbnRlLnB0XC93cC1jb250ZW50XC91cGxvYWRzXC8yMDI1XC8wM1wvY2FybmF2YWwtc2Ftb3JhLWNvcnJlaWEtdGVyY2EtZmVpcmEtMTA4LmpwZyIsInNsaWRlc2hvdyI6ImZhMjc4NzIifQ%3D%3D\">\n\t\t\t\t\t<div class=\"e-gallery-image elementor-gallery-item__image\" data-thumbnail=\"https:\/\/www.cm-benavente.pt\/wp-content\/uploads\/2025\/03\/carnaval-samora-correia-terca-feira-108-1024x607.jpg\" data-width=\"800\" data-height=\"474\" aria-label=\"\" role=\"img\" ><\/div>\n\t\t\t\t\t\t\t\t\t\t\t<div class=\"elementor-gallery-item__overlay\"><\/div>\n\t\t\t\t\t\t\t\t\t\t\t\t\t\t<\/a>\n\t\t\t\t\t\t\t<a class=\"e-gallery-item elementor-gallery-item elementor-animated-content\" href=\"https:\/\/www.cm-benavente.pt\/wp-content\/uploads\/2025\/03\/carnaval-samora-correia-terca-feira-109.jpg\" data-elementor-open-lightbox=\"yes\" data-elementor-lightbox-slideshow=\"fa27872\" data-elementor-lightbox-title=\"carnaval samora correia ter\u00e7a feira (109)\" data-e-action-hash=\"#elementor-action%3Aaction%3Dlightbox%26settings%3DeyJpZCI6NjgwNzIsInVybCI6Imh0dHBzOlwvXC93d3cuY20tYmVuYXZlbnRlLnB0XC93cC1jb250ZW50XC91cGxvYWRzXC8yMDI1XC8wM1wvY2FybmF2YWwtc2Ftb3JhLWNvcnJlaWEtdGVyY2EtZmVpcmEtMTA5LmpwZyIsInNsaWRlc2hvdyI6ImZhMjc4NzIifQ%3D%3D\">\n\t\t\t\t\t<div class=\"e-gallery-image elementor-gallery-item__image\" data-thumbnail=\"https:\/\/www.cm-benavente.pt\/wp-content\/uploads\/2025\/03\/carnaval-samora-correia-terca-feira-109-1024x478.jpg\" data-width=\"800\" data-height=\"373\" aria-label=\"\" role=\"img\" ><\/div>\n\t\t\t\t\t\t\t\t\t\t\t<div class=\"elementor-gallery-item__overlay\"><\/div>\n\t\t\t\t\t\t\t\t\t\t\t\t\t\t<\/a>\n\t\t\t\t\t\t\t<a class=\"e-gallery-item elementor-gallery-item elementor-animated-content\" href=\"https:\/\/www.cm-benavente.pt\/wp-content\/uploads\/2025\/03\/carnaval-samora-correia-terca-feira-110.jpg\" data-elementor-open-lightbox=\"yes\" data-elementor-lightbox-slideshow=\"fa27872\" data-elementor-lightbox-title=\"carnaval samora correia ter\u00e7a feira (110)\" data-e-action-hash=\"#elementor-action%3Aaction%3Dlightbox%26settings%3DeyJpZCI6NjgwNzMsInVybCI6Imh0dHBzOlwvXC93d3cuY20tYmVuYXZlbnRlLnB0XC93cC1jb250ZW50XC91cGxvYWRzXC8yMDI1XC8wM1wvY2FybmF2YWwtc2Ftb3JhLWNvcnJlaWEtdGVyY2EtZmVpcmEtMTEwLmpwZyIsInNsaWRlc2hvdyI6ImZhMjc4NzIifQ%3D%3D\">\n\t\t\t\t\t<div class=\"e-gallery-image elementor-gallery-item__image\" data-thumbnail=\"https:\/\/www.cm-benavente.pt\/wp-content\/uploads\/2025\/03\/carnaval-samora-correia-terca-feira-110-1024x625.jpg\" data-width=\"800\" data-height=\"488\" aria-label=\"\" role=\"img\" ><\/div>\n\t\t\t\t\t\t\t\t\t\t\t<div class=\"elementor-gallery-item__overlay\"><\/div>\n\t\t\t\t\t\t\t\t\t\t\t\t\t\t<\/a>\n\t\t\t\t\t\t\t<a class=\"e-gallery-item elementor-gallery-item elementor-animated-content\" href=\"https:\/\/www.cm-benavente.pt\/wp-content\/uploads\/2025\/03\/carnaval-samora-correia-terca-feira-111.jpg\" data-elementor-open-lightbox=\"yes\" data-elementor-lightbox-slideshow=\"fa27872\" data-elementor-lightbox-title=\"carnaval samora correia ter\u00e7a feira (111)\" data-e-action-hash=\"#elementor-action%3Aaction%3Dlightbox%26settings%3DeyJpZCI6NjgwNzQsInVybCI6Imh0dHBzOlwvXC93d3cuY20tYmVuYXZlbnRlLnB0XC93cC1jb250ZW50XC91cGxvYWRzXC8yMDI1XC8wM1wvY2FybmF2YWwtc2Ftb3JhLWNvcnJlaWEtdGVyY2EtZmVpcmEtMTExLmpwZyIsInNsaWRlc2hvdyI6ImZhMjc4NzIifQ%3D%3D\">\n\t\t\t\t\t<div class=\"e-gallery-image elementor-gallery-item__image\" data-thumbnail=\"https:\/\/www.cm-benavente.pt\/wp-content\/uploads\/2025\/03\/carnaval-samora-correia-terca-feira-111-1024x684.jpg\" data-width=\"800\" data-height=\"534\" aria-label=\"\" role=\"img\" ><\/div>\n\t\t\t\t\t\t\t\t\t\t\t<div class=\"elementor-gallery-item__overlay\"><\/div>\n\t\t\t\t\t\t\t\t\t\t\t\t\t\t<\/a>\n\t\t\t\t\t\t\t<a class=\"e-gallery-item elementor-gallery-item elementor-animated-content\" href=\"https:\/\/www.cm-benavente.pt\/wp-content\/uploads\/2025\/03\/carnaval-samora-correia-terca-feira-112-scaled.jpg\" data-elementor-open-lightbox=\"yes\" data-elementor-lightbox-slideshow=\"fa27872\" data-elementor-lightbox-title=\"carnaval samora correia ter\u00e7a feira (112)\" data-e-action-hash=\"#elementor-action%3Aaction%3Dlightbox%26settings%3DeyJpZCI6NjgwNzUsInVybCI6Imh0dHBzOlwvXC93d3cuY20tYmVuYXZlbnRlLnB0XC93cC1jb250ZW50XC91cGxvYWRzXC8yMDI1XC8wM1wvY2FybmF2YWwtc2Ftb3JhLWNvcnJlaWEtdGVyY2EtZmVpcmEtMTEyLXNjYWxlZC5qcGciLCJzbGlkZXNob3ciOiJmYTI3ODcyIn0%3D\">\n\t\t\t\t\t<div class=\"e-gallery-image elementor-gallery-item__image\" data-thumbnail=\"https:\/\/www.cm-benavente.pt\/wp-content\/uploads\/2025\/03\/carnaval-samora-correia-terca-feira-112-1024x643.jpg\" data-width=\"800\" data-height=\"502\" aria-label=\"\" role=\"img\" ><\/div>\n\t\t\t\t\t\t\t\t\t\t\t<div class=\"elementor-gallery-item__overlay\"><\/div>\n\t\t\t\t\t\t\t\t\t\t\t\t\t\t<\/a>\n\t\t\t\t\t\t\t<a class=\"e-gallery-item elementor-gallery-item elementor-animated-content\" href=\"https:\/\/www.cm-benavente.pt\/wp-content\/uploads\/2025\/03\/carnaval-samora-correia-terca-feira-113-scaled.jpg\" data-elementor-open-lightbox=\"yes\" data-elementor-lightbox-slideshow=\"fa27872\" data-elementor-lightbox-title=\"carnaval samora correia ter\u00e7a feira (113)\" data-e-action-hash=\"#elementor-action%3Aaction%3Dlightbox%26settings%3DeyJpZCI6NjgwNzYsInVybCI6Imh0dHBzOlwvXC93d3cuY20tYmVuYXZlbnRlLnB0XC93cC1jb250ZW50XC91cGxvYWRzXC8yMDI1XC8wM1wvY2FybmF2YWwtc2Ftb3JhLWNvcnJlaWEtdGVyY2EtZmVpcmEtMTEzLXNjYWxlZC5qcGciLCJzbGlkZXNob3ciOiJmYTI3ODcyIn0%3D\">\n\t\t\t\t\t<div class=\"e-gallery-image elementor-gallery-item__image\" data-thumbnail=\"https:\/\/www.cm-benavente.pt\/wp-content\/uploads\/2025\/03\/carnaval-samora-correia-terca-feira-113-1024x563.jpg\" data-width=\"800\" data-height=\"440\" aria-label=\"\" role=\"img\" ><\/div>\n\t\t\t\t\t\t\t\t\t\t\t<div class=\"elementor-gallery-item__overlay\"><\/div>\n\t\t\t\t\t\t\t\t\t\t\t\t\t\t<\/a>\n\t\t\t\t\t\t\t<a class=\"e-gallery-item elementor-gallery-item elementor-animated-content\" href=\"https:\/\/www.cm-benavente.pt\/wp-content\/uploads\/2025\/03\/carnaval-samora-correia-terca-feira-114.jpg\" data-elementor-open-lightbox=\"yes\" data-elementor-lightbox-slideshow=\"fa27872\" data-elementor-lightbox-title=\"carnaval samora correia ter\u00e7a feira (114)\" data-e-action-hash=\"#elementor-action%3Aaction%3Dlightbox%26settings%3DeyJpZCI6NjgwNzcsInVybCI6Imh0dHBzOlwvXC93d3cuY20tYmVuYXZlbnRlLnB0XC93cC1jb250ZW50XC91cGxvYWRzXC8yMDI1XC8wM1wvY2FybmF2YWwtc2Ftb3JhLWNvcnJlaWEtdGVyY2EtZmVpcmEtMTE0LmpwZyIsInNsaWRlc2hvdyI6ImZhMjc4NzIifQ%3D%3D\">\n\t\t\t\t\t<div class=\"e-gallery-image elementor-gallery-item__image\" data-thumbnail=\"https:\/\/www.cm-benavente.pt\/wp-content\/uploads\/2025\/03\/carnaval-samora-correia-terca-feira-114-1024x663.jpg\" data-width=\"800\" data-height=\"518\" aria-label=\"\" role=\"img\" ><\/div>\n\t\t\t\t\t\t\t\t\t\t\t<div class=\"elementor-gallery-item__overlay\"><\/div>\n\t\t\t\t\t\t\t\t\t\t\t\t\t\t<\/a>\n\t\t\t\t\t\t\t<a class=\"e-gallery-item elementor-gallery-item elementor-animated-content\" href=\"https:\/\/www.cm-benavente.pt\/wp-content\/uploads\/2025\/03\/carnaval-samora-correia-terca-feira-115-scaled.jpg\" data-elementor-open-lightbox=\"yes\" data-elementor-lightbox-slideshow=\"fa27872\" data-elementor-lightbox-title=\"carnaval samora correia ter\u00e7a feira (115)\" data-e-action-hash=\"#elementor-action%3Aaction%3Dlightbox%26settings%3DeyJpZCI6NjgwNzgsInVybCI6Imh0dHBzOlwvXC93d3cuY20tYmVuYXZlbnRlLnB0XC93cC1jb250ZW50XC91cGxvYWRzXC8yMDI1XC8wM1wvY2FybmF2YWwtc2Ftb3JhLWNvcnJlaWEtdGVyY2EtZmVpcmEtMTE1LXNjYWxlZC5qcGciLCJzbGlkZXNob3ciOiJmYTI3ODcyIn0%3D\">\n\t\t\t\t\t<div class=\"e-gallery-image elementor-gallery-item__image\" data-thumbnail=\"https:\/\/www.cm-benavente.pt\/wp-content\/uploads\/2025\/03\/carnaval-samora-correia-terca-feira-115-1024x552.jpg\" data-width=\"800\" data-height=\"431\" aria-label=\"\" role=\"img\" ><\/div>\n\t\t\t\t\t\t\t\t\t\t\t<div class=\"elementor-gallery-item__overlay\"><\/div>\n\t\t\t\t\t\t\t\t\t\t\t\t\t\t<\/a>\n\t\t\t\t\t\t\t<a class=\"e-gallery-item elementor-gallery-item elementor-animated-content\" href=\"https:\/\/www.cm-benavente.pt\/wp-content\/uploads\/2025\/03\/carnaval-samora-correia-terca-feira-116.jpg\" data-elementor-open-lightbox=\"yes\" data-elementor-lightbox-slideshow=\"fa27872\" data-elementor-lightbox-title=\"carnaval samora correia ter\u00e7a feira (116)\" data-e-action-hash=\"#elementor-action%3Aaction%3Dlightbox%26settings%3DeyJpZCI6NjgwNzksInVybCI6Imh0dHBzOlwvXC93d3cuY20tYmVuYXZlbnRlLnB0XC93cC1jb250ZW50XC91cGxvYWRzXC8yMDI1XC8wM1wvY2FybmF2YWwtc2Ftb3JhLWNvcnJlaWEtdGVyY2EtZmVpcmEtMTE2LmpwZyIsInNsaWRlc2hvdyI6ImZhMjc4NzIifQ%3D%3D\">\n\t\t\t\t\t<div class=\"e-gallery-image elementor-gallery-item__image\" data-thumbnail=\"https:\/\/www.cm-benavente.pt\/wp-content\/uploads\/2025\/03\/carnaval-samora-correia-terca-feira-116-1024x573.jpg\" data-width=\"800\" data-height=\"448\" aria-label=\"\" role=\"img\" ><\/div>\n\t\t\t\t\t\t\t\t\t\t\t<div class=\"elementor-gallery-item__overlay\"><\/div>\n\t\t\t\t\t\t\t\t\t\t\t\t\t\t<\/a>\n\t\t\t\t\t\t\t<a class=\"e-gallery-item elementor-gallery-item elementor-animated-content\" href=\"https:\/\/www.cm-benavente.pt\/wp-content\/uploads\/2025\/03\/carnaval-samora-correia-terca-feira-117.jpg\" data-elementor-open-lightbox=\"yes\" data-elementor-lightbox-slideshow=\"fa27872\" data-elementor-lightbox-title=\"carnaval samora correia ter\u00e7a feira (117)\" data-e-action-hash=\"#elementor-action%3Aaction%3Dlightbox%26settings%3DeyJpZCI6NjgwODAsInVybCI6Imh0dHBzOlwvXC93d3cuY20tYmVuYXZlbnRlLnB0XC93cC1jb250ZW50XC91cGxvYWRzXC8yMDI1XC8wM1wvY2FybmF2YWwtc2Ftb3JhLWNvcnJlaWEtdGVyY2EtZmVpcmEtMTE3LmpwZyIsInNsaWRlc2hvdyI6ImZhMjc4NzIifQ%3D%3D\">\n\t\t\t\t\t<div class=\"e-gallery-image elementor-gallery-item__image\" data-thumbnail=\"https:\/\/www.cm-benavente.pt\/wp-content\/uploads\/2025\/03\/carnaval-samora-correia-terca-feira-117-1024x683.jpg\" data-width=\"800\" data-height=\"534\" aria-label=\"\" role=\"img\" ><\/div>\n\t\t\t\t\t\t\t\t\t\t\t<div class=\"elementor-gallery-item__overlay\"><\/div>\n\t\t\t\t\t\t\t\t\t\t\t\t\t\t<\/a>\n\t\t\t\t\t\t\t<a class=\"e-gallery-item elementor-gallery-item elementor-animated-content\" href=\"https:\/\/www.cm-benavente.pt\/wp-content\/uploads\/2025\/03\/carnaval-samora-correia-terca-feira-118-scaled.jpg\" data-elementor-open-lightbox=\"yes\" data-elementor-lightbox-slideshow=\"fa27872\" data-elementor-lightbox-title=\"carnaval samora correia ter\u00e7a feira (118)\" data-e-action-hash=\"#elementor-action%3Aaction%3Dlightbox%26settings%3DeyJpZCI6NjgwODEsInVybCI6Imh0dHBzOlwvXC93d3cuY20tYmVuYXZlbnRlLnB0XC93cC1jb250ZW50XC91cGxvYWRzXC8yMDI1XC8wM1wvY2FybmF2YWwtc2Ftb3JhLWNvcnJlaWEtdGVyY2EtZmVpcmEtMTE4LXNjYWxlZC5qcGciLCJzbGlkZXNob3ciOiJmYTI3ODcyIn0%3D\">\n\t\t\t\t\t<div class=\"e-gallery-image elementor-gallery-item__image\" data-thumbnail=\"https:\/\/www.cm-benavente.pt\/wp-content\/uploads\/2025\/03\/carnaval-samora-correia-terca-feira-118-1024x683.jpg\" data-width=\"800\" data-height=\"534\" aria-label=\"\" role=\"img\" ><\/div>\n\t\t\t\t\t\t\t\t\t\t\t<div class=\"elementor-gallery-item__overlay\"><\/div>\n\t\t\t\t\t\t\t\t\t\t\t\t\t\t<\/a>\n\t\t\t\t\t\t\t<a class=\"e-gallery-item elementor-gallery-item elementor-animated-content\" href=\"https:\/\/www.cm-benavente.pt\/wp-content\/uploads\/2025\/03\/carnaval-samora-correia-terca-feira-119.jpg\" data-elementor-open-lightbox=\"yes\" data-elementor-lightbox-slideshow=\"fa27872\" data-elementor-lightbox-title=\"carnaval samora correia ter\u00e7a feira (119)\" data-e-action-hash=\"#elementor-action%3Aaction%3Dlightbox%26settings%3DeyJpZCI6NjgwODIsInVybCI6Imh0dHBzOlwvXC93d3cuY20tYmVuYXZlbnRlLnB0XC93cC1jb250ZW50XC91cGxvYWRzXC8yMDI1XC8wM1wvY2FybmF2YWwtc2Ftb3JhLWNvcnJlaWEtdGVyY2EtZmVpcmEtMTE5LmpwZyIsInNsaWRlc2hvdyI6ImZhMjc4NzIifQ%3D%3D\">\n\t\t\t\t\t<div class=\"e-gallery-image elementor-gallery-item__image\" data-thumbnail=\"https:\/\/www.cm-benavente.pt\/wp-content\/uploads\/2025\/03\/carnaval-samora-correia-terca-feira-119-1024x728.jpg\" data-width=\"800\" data-height=\"569\" aria-label=\"\" role=\"img\" ><\/div>\n\t\t\t\t\t\t\t\t\t\t\t<div class=\"elementor-gallery-item__overlay\"><\/div>\n\t\t\t\t\t\t\t\t\t\t\t\t\t\t<\/a>\n\t\t\t\t\t\t\t<a class=\"e-gallery-item elementor-gallery-item elementor-animated-content\" href=\"https:\/\/www.cm-benavente.pt\/wp-content\/uploads\/2025\/03\/carnaval-samora-correia-terca-feira-120-scaled.jpg\" data-elementor-open-lightbox=\"yes\" data-elementor-lightbox-slideshow=\"fa27872\" data-elementor-lightbox-title=\"carnaval samora correia ter\u00e7a feira (120)\" data-e-action-hash=\"#elementor-action%3Aaction%3Dlightbox%26settings%3DeyJpZCI6NjgwODMsInVybCI6Imh0dHBzOlwvXC93d3cuY20tYmVuYXZlbnRlLnB0XC93cC1jb250ZW50XC91cGxvYWRzXC8yMDI1XC8wM1wvY2FybmF2YWwtc2Ftb3JhLWNvcnJlaWEtdGVyY2EtZmVpcmEtMTIwLXNjYWxlZC5qcGciLCJzbGlkZXNob3ciOiJmYTI3ODcyIn0%3D\">\n\t\t\t\t\t<div class=\"e-gallery-image elementor-gallery-item__image\" data-thumbnail=\"https:\/\/www.cm-benavente.pt\/wp-content\/uploads\/2025\/03\/carnaval-samora-correia-terca-feira-120-1024x604.jpg\" data-width=\"800\" data-height=\"472\" aria-label=\"\" role=\"img\" ><\/div>\n\t\t\t\t\t\t\t\t\t\t\t<div class=\"elementor-gallery-item__overlay\"><\/div>\n\t\t\t\t\t\t\t\t\t\t\t\t\t\t<\/a>\n\t\t\t\t\t\t\t<a class=\"e-gallery-item elementor-gallery-item elementor-animated-content\" href=\"https:\/\/www.cm-benavente.pt\/wp-content\/uploads\/2025\/03\/carnaval-samora-correia-terca-feira-121-scaled.jpg\" data-elementor-open-lightbox=\"yes\" data-elementor-lightbox-slideshow=\"fa27872\" data-elementor-lightbox-title=\"carnaval samora correia ter\u00e7a feira (121)\" data-e-action-hash=\"#elementor-action%3Aaction%3Dlightbox%26settings%3DeyJpZCI6NjgwODQsInVybCI6Imh0dHBzOlwvXC93d3cuY20tYmVuYXZlbnRlLnB0XC93cC1jb250ZW50XC91cGxvYWRzXC8yMDI1XC8wM1wvY2FybmF2YWwtc2Ftb3JhLWNvcnJlaWEtdGVyY2EtZmVpcmEtMTIxLXNjYWxlZC5qcGciLCJzbGlkZXNob3ciOiJmYTI3ODcyIn0%3D\">\n\t\t\t\t\t<div class=\"e-gallery-image elementor-gallery-item__image\" data-thumbnail=\"https:\/\/www.cm-benavente.pt\/wp-content\/uploads\/2025\/03\/carnaval-samora-correia-terca-feira-121-1024x600.jpg\" data-width=\"800\" data-height=\"469\" aria-label=\"\" role=\"img\" ><\/div>\n\t\t\t\t\t\t\t\t\t\t\t<div class=\"elementor-gallery-item__overlay\"><\/div>\n\t\t\t\t\t\t\t\t\t\t\t\t\t\t<\/a>\n\t\t\t\t\t\t\t<a class=\"e-gallery-item elementor-gallery-item elementor-animated-content\" href=\"https:\/\/www.cm-benavente.pt\/wp-content\/uploads\/2025\/03\/carnaval-samora-correia-terca-feira-122-scaled.jpg\" data-elementor-open-lightbox=\"yes\" data-elementor-lightbox-slideshow=\"fa27872\" data-elementor-lightbox-title=\"carnaval samora correia ter\u00e7a feira (122)\" data-e-action-hash=\"#elementor-action%3Aaction%3Dlightbox%26settings%3DeyJpZCI6NjgwODUsInVybCI6Imh0dHBzOlwvXC93d3cuY20tYmVuYXZlbnRlLnB0XC93cC1jb250ZW50XC91cGxvYWRzXC8yMDI1XC8wM1wvY2FybmF2YWwtc2Ftb3JhLWNvcnJlaWEtdGVyY2EtZmVpcmEtMTIyLXNjYWxlZC5qcGciLCJzbGlkZXNob3ciOiJmYTI3ODcyIn0%3D\">\n\t\t\t\t\t<div class=\"e-gallery-image elementor-gallery-item__image\" data-thumbnail=\"https:\/\/www.cm-benavente.pt\/wp-content\/uploads\/2025\/03\/carnaval-samora-correia-terca-feira-122-1024x621.jpg\" data-width=\"800\" data-height=\"485\" aria-label=\"\" role=\"img\" ><\/div>\n\t\t\t\t\t\t\t\t\t\t\t<div class=\"elementor-gallery-item__overlay\"><\/div>\n\t\t\t\t\t\t\t\t\t\t\t\t\t\t<\/a>\n\t\t\t\t\t\t\t<a class=\"e-gallery-item elementor-gallery-item elementor-animated-content\" href=\"https:\/\/www.cm-benavente.pt\/wp-content\/uploads\/2025\/03\/carnaval-samora-correia-terca-feira-123.jpg\" data-elementor-open-lightbox=\"yes\" data-elementor-lightbox-slideshow=\"fa27872\" data-elementor-lightbox-title=\"carnaval samora correia ter\u00e7a feira (123)\" data-e-action-hash=\"#elementor-action%3Aaction%3Dlightbox%26settings%3DeyJpZCI6NjgwODYsInVybCI6Imh0dHBzOlwvXC93d3cuY20tYmVuYXZlbnRlLnB0XC93cC1jb250ZW50XC91cGxvYWRzXC8yMDI1XC8wM1wvY2FybmF2YWwtc2Ftb3JhLWNvcnJlaWEtdGVyY2EtZmVpcmEtMTIzLmpwZyIsInNsaWRlc2hvdyI6ImZhMjc4NzIifQ%3D%3D\">\n\t\t\t\t\t<div class=\"e-gallery-image elementor-gallery-item__image\" data-thumbnail=\"https:\/\/www.cm-benavente.pt\/wp-content\/uploads\/2025\/03\/carnaval-samora-correia-terca-feira-123-1024x609.jpg\" data-width=\"800\" data-height=\"476\" aria-label=\"\" role=\"img\" ><\/div>\n\t\t\t\t\t\t\t\t\t\t\t<div class=\"elementor-gallery-item__overlay\"><\/div>\n\t\t\t\t\t\t\t\t\t\t\t\t\t\t<\/a>\n\t\t\t\t\t\t\t<a class=\"e-gallery-item elementor-gallery-item elementor-animated-content\" href=\"https:\/\/www.cm-benavente.pt\/wp-content\/uploads\/2025\/03\/carnaval-samora-correia-terca-feira-124-scaled.jpg\" data-elementor-open-lightbox=\"yes\" data-elementor-lightbox-slideshow=\"fa27872\" data-elementor-lightbox-title=\"carnaval samora correia ter\u00e7a feira (124)\" data-e-action-hash=\"#elementor-action%3Aaction%3Dlightbox%26settings%3DeyJpZCI6NjgwODcsInVybCI6Imh0dHBzOlwvXC93d3cuY20tYmVuYXZlbnRlLnB0XC93cC1jb250ZW50XC91cGxvYWRzXC8yMDI1XC8wM1wvY2FybmF2YWwtc2Ftb3JhLWNvcnJlaWEtdGVyY2EtZmVpcmEtMTI0LXNjYWxlZC5qcGciLCJzbGlkZXNob3ciOiJmYTI3ODcyIn0%3D\">\n\t\t\t\t\t<div class=\"e-gallery-image elementor-gallery-item__image\" data-thumbnail=\"https:\/\/www.cm-benavente.pt\/wp-content\/uploads\/2025\/03\/carnaval-samora-correia-terca-feira-124-1024x684.jpg\" data-width=\"800\" data-height=\"534\" aria-label=\"\" role=\"img\" ><\/div>\n\t\t\t\t\t\t\t\t\t\t\t<div class=\"elementor-gallery-item__overlay\"><\/div>\n\t\t\t\t\t\t\t\t\t\t\t\t\t\t<\/a>\n\t\t\t\t\t\t\t<a class=\"e-gallery-item elementor-gallery-item elementor-animated-content\" href=\"https:\/\/www.cm-benavente.pt\/wp-content\/uploads\/2025\/03\/carnaval-samora-correia-terca-feira-125.jpg\" data-elementor-open-lightbox=\"yes\" data-elementor-lightbox-slideshow=\"fa27872\" data-elementor-lightbox-title=\"carnaval samora correia ter\u00e7a feira (125)\" data-e-action-hash=\"#elementor-action%3Aaction%3Dlightbox%26settings%3DeyJpZCI6NjgwODgsInVybCI6Imh0dHBzOlwvXC93d3cuY20tYmVuYXZlbnRlLnB0XC93cC1jb250ZW50XC91cGxvYWRzXC8yMDI1XC8wM1wvY2FybmF2YWwtc2Ftb3JhLWNvcnJlaWEtdGVyY2EtZmVpcmEtMTI1LmpwZyIsInNsaWRlc2hvdyI6ImZhMjc4NzIifQ%3D%3D\">\n\t\t\t\t\t<div class=\"e-gallery-image elementor-gallery-item__image\" data-thumbnail=\"https:\/\/www.cm-benavente.pt\/wp-content\/uploads\/2025\/03\/carnaval-samora-correia-terca-feira-125-1024x745.jpg\" data-width=\"800\" data-height=\"582\" aria-label=\"\" role=\"img\" ><\/div>\n\t\t\t\t\t\t\t\t\t\t\t<div class=\"elementor-gallery-item__overlay\"><\/div>\n\t\t\t\t\t\t\t\t\t\t\t\t\t\t<\/a>\n\t\t\t\t\t\t\t<a class=\"e-gallery-item elementor-gallery-item elementor-animated-content\" href=\"https:\/\/www.cm-benavente.pt\/wp-content\/uploads\/2025\/03\/carnaval-samora-correia-terca-feira-126-scaled.jpg\" data-elementor-open-lightbox=\"yes\" data-elementor-lightbox-slideshow=\"fa27872\" data-elementor-lightbox-title=\"carnaval samora correia ter\u00e7a feira (126)\" data-e-action-hash=\"#elementor-action%3Aaction%3Dlightbox%26settings%3DeyJpZCI6NjgwODksInVybCI6Imh0dHBzOlwvXC93d3cuY20tYmVuYXZlbnRlLnB0XC93cC1jb250ZW50XC91cGxvYWRzXC8yMDI1XC8wM1wvY2FybmF2YWwtc2Ftb3JhLWNvcnJlaWEtdGVyY2EtZmVpcmEtMTI2LXNjYWxlZC5qcGciLCJzbGlkZXNob3ciOiJmYTI3ODcyIn0%3D\">\n\t\t\t\t\t<div class=\"e-gallery-image elementor-gallery-item__image\" data-thumbnail=\"https:\/\/www.cm-benavente.pt\/wp-content\/uploads\/2025\/03\/carnaval-samora-correia-terca-feira-126-1024x571.jpg\" data-width=\"800\" data-height=\"446\" aria-label=\"\" role=\"img\" ><\/div>\n\t\t\t\t\t\t\t\t\t\t\t<div class=\"elementor-gallery-item__overlay\"><\/div>\n\t\t\t\t\t\t\t\t\t\t\t\t\t\t<\/a>\n\t\t\t\t\t\t\t<a class=\"e-gallery-item elementor-gallery-item elementor-animated-content\" href=\"https:\/\/www.cm-benavente.pt\/wp-content\/uploads\/2025\/03\/carnaval-samora-correia-terca-feira-127-scaled.jpg\" data-elementor-open-lightbox=\"yes\" data-elementor-lightbox-slideshow=\"fa27872\" data-elementor-lightbox-title=\"carnaval samora correia ter\u00e7a feira (127)\" data-e-action-hash=\"#elementor-action%3Aaction%3Dlightbox%26settings%3DeyJpZCI6NjgwOTAsInVybCI6Imh0dHBzOlwvXC93d3cuY20tYmVuYXZlbnRlLnB0XC93cC1jb250ZW50XC91cGxvYWRzXC8yMDI1XC8wM1wvY2FybmF2YWwtc2Ftb3JhLWNvcnJlaWEtdGVyY2EtZmVpcmEtMTI3LXNjYWxlZC5qcGciLCJzbGlkZXNob3ciOiJmYTI3ODcyIn0%3D\">\n\t\t\t\t\t<div class=\"e-gallery-image elementor-gallery-item__image\" data-thumbnail=\"https:\/\/www.cm-benavente.pt\/wp-content\/uploads\/2025\/03\/carnaval-samora-correia-terca-feira-127-1024x618.jpg\" data-width=\"800\" data-height=\"483\" aria-label=\"\" role=\"img\" ><\/div>\n\t\t\t\t\t\t\t\t\t\t\t<div class=\"elementor-gallery-item__overlay\"><\/div>\n\t\t\t\t\t\t\t\t\t\t\t\t\t\t<\/a>\n\t\t\t\t\t\t\t<a class=\"e-gallery-item elementor-gallery-item elementor-animated-content\" href=\"https:\/\/www.cm-benavente.pt\/wp-content\/uploads\/2025\/03\/carnaval-samora-correia-terca-feira-128.jpg\" data-elementor-open-lightbox=\"yes\" data-elementor-lightbox-slideshow=\"fa27872\" data-elementor-lightbox-title=\"carnaval samora correia ter\u00e7a feira (128)\" data-e-action-hash=\"#elementor-action%3Aaction%3Dlightbox%26settings%3DeyJpZCI6NjgwOTEsInVybCI6Imh0dHBzOlwvXC93d3cuY20tYmVuYXZlbnRlLnB0XC93cC1jb250ZW50XC91cGxvYWRzXC8yMDI1XC8wM1wvY2FybmF2YWwtc2Ftb3JhLWNvcnJlaWEtdGVyY2EtZmVpcmEtMTI4LmpwZyIsInNsaWRlc2hvdyI6ImZhMjc4NzIifQ%3D%3D\">\n\t\t\t\t\t<div class=\"e-gallery-image elementor-gallery-item__image\" data-thumbnail=\"https:\/\/www.cm-benavente.pt\/wp-content\/uploads\/2025\/03\/carnaval-samora-correia-terca-feira-128-1024x584.jpg\" data-width=\"800\" data-height=\"456\" aria-label=\"\" role=\"img\" ><\/div>\n\t\t\t\t\t\t\t\t\t\t\t<div class=\"elementor-gallery-item__overlay\"><\/div>\n\t\t\t\t\t\t\t\t\t\t\t\t\t\t<\/a>\n\t\t\t\t\t\t\t<a class=\"e-gallery-item elementor-gallery-item elementor-animated-content\" href=\"https:\/\/www.cm-benavente.pt\/wp-content\/uploads\/2025\/03\/carnaval-samora-correia-terca-feira-129.jpg\" data-elementor-open-lightbox=\"yes\" data-elementor-lightbox-slideshow=\"fa27872\" data-elementor-lightbox-title=\"carnaval samora correia ter\u00e7a feira (129)\" data-e-action-hash=\"#elementor-action%3Aaction%3Dlightbox%26settings%3DeyJpZCI6NjgwOTIsInVybCI6Imh0dHBzOlwvXC93d3cuY20tYmVuYXZlbnRlLnB0XC93cC1jb250ZW50XC91cGxvYWRzXC8yMDI1XC8wM1wvY2FybmF2YWwtc2Ftb3JhLWNvcnJlaWEtdGVyY2EtZmVpcmEtMTI5LmpwZyIsInNsaWRlc2hvdyI6ImZhMjc4NzIifQ%3D%3D\">\n\t\t\t\t\t<div class=\"e-gallery-image elementor-gallery-item__image\" data-thumbnail=\"https:\/\/www.cm-benavente.pt\/wp-content\/uploads\/2025\/03\/carnaval-samora-correia-terca-feira-129-1024x700.jpg\" data-width=\"800\" data-height=\"547\" aria-label=\"\" role=\"img\" ><\/div>\n\t\t\t\t\t\t\t\t\t\t\t<div class=\"elementor-gallery-item__overlay\"><\/div>\n\t\t\t\t\t\t\t\t\t\t\t\t\t\t<\/a>\n\t\t\t\t\t\t\t<a class=\"e-gallery-item elementor-gallery-item elementor-animated-content\" href=\"https:\/\/www.cm-benavente.pt\/wp-content\/uploads\/2025\/03\/carnaval-samora-correia-terca-feira-130.jpg\" data-elementor-open-lightbox=\"yes\" data-elementor-lightbox-slideshow=\"fa27872\" data-elementor-lightbox-title=\"carnaval samora correia ter\u00e7a feira (130)\" data-e-action-hash=\"#elementor-action%3Aaction%3Dlightbox%26settings%3DeyJpZCI6NjgwOTMsInVybCI6Imh0dHBzOlwvXC93d3cuY20tYmVuYXZlbnRlLnB0XC93cC1jb250ZW50XC91cGxvYWRzXC8yMDI1XC8wM1wvY2FybmF2YWwtc2Ftb3JhLWNvcnJlaWEtdGVyY2EtZmVpcmEtMTMwLmpwZyIsInNsaWRlc2hvdyI6ImZhMjc4NzIifQ%3D%3D\">\n\t\t\t\t\t<div class=\"e-gallery-image elementor-gallery-item__image\" data-thumbnail=\"https:\/\/www.cm-benavente.pt\/wp-content\/uploads\/2025\/03\/carnaval-samora-correia-terca-feira-130-1024x749.jpg\" data-width=\"800\" data-height=\"585\" aria-label=\"\" role=\"img\" ><\/div>\n\t\t\t\t\t\t\t\t\t\t\t<div class=\"elementor-gallery-item__overlay\"><\/div>\n\t\t\t\t\t\t\t\t\t\t\t\t\t\t<\/a>\n\t\t\t\t\t\t\t<a class=\"e-gallery-item elementor-gallery-item elementor-animated-content\" href=\"https:\/\/www.cm-benavente.pt\/wp-content\/uploads\/2025\/03\/carnaval-samora-correia-terca-feira-131.jpg\" data-elementor-open-lightbox=\"yes\" data-elementor-lightbox-slideshow=\"fa27872\" data-elementor-lightbox-title=\"carnaval samora correia ter\u00e7a feira (131)\" data-e-action-hash=\"#elementor-action%3Aaction%3Dlightbox%26settings%3DeyJpZCI6NjgwOTQsInVybCI6Imh0dHBzOlwvXC93d3cuY20tYmVuYXZlbnRlLnB0XC93cC1jb250ZW50XC91cGxvYWRzXC8yMDI1XC8wM1wvY2FybmF2YWwtc2Ftb3JhLWNvcnJlaWEtdGVyY2EtZmVpcmEtMTMxLmpwZyIsInNsaWRlc2hvdyI6ImZhMjc4NzIifQ%3D%3D\">\n\t\t\t\t\t<div class=\"e-gallery-image elementor-gallery-item__image\" data-thumbnail=\"https:\/\/www.cm-benavente.pt\/wp-content\/uploads\/2025\/03\/carnaval-samora-correia-terca-feira-131-1024x656.jpg\" data-width=\"800\" data-height=\"513\" aria-label=\"\" role=\"img\" ><\/div>\n\t\t\t\t\t\t\t\t\t\t\t<div class=\"elementor-gallery-item__overlay\"><\/div>\n\t\t\t\t\t\t\t\t\t\t\t\t\t\t<\/a>\n\t\t\t\t\t\t\t<a class=\"e-gallery-item elementor-gallery-item elementor-animated-content\" href=\"https:\/\/www.cm-benavente.pt\/wp-content\/uploads\/2025\/03\/carnaval-samora-correia-terca-feira-132.jpg\" data-elementor-open-lightbox=\"yes\" data-elementor-lightbox-slideshow=\"fa27872\" data-elementor-lightbox-title=\"carnaval samora correia ter\u00e7a feira (132)\" data-e-action-hash=\"#elementor-action%3Aaction%3Dlightbox%26settings%3DeyJpZCI6NjgwOTUsInVybCI6Imh0dHBzOlwvXC93d3cuY20tYmVuYXZlbnRlLnB0XC93cC1jb250ZW50XC91cGxvYWRzXC8yMDI1XC8wM1wvY2FybmF2YWwtc2Ftb3JhLWNvcnJlaWEtdGVyY2EtZmVpcmEtMTMyLmpwZyIsInNsaWRlc2hvdyI6ImZhMjc4NzIifQ%3D%3D\">\n\t\t\t\t\t<div class=\"e-gallery-image elementor-gallery-item__image\" data-thumbnail=\"https:\/\/www.cm-benavente.pt\/wp-content\/uploads\/2025\/03\/carnaval-samora-correia-terca-feira-132-1024x581.jpg\" data-width=\"800\" data-height=\"454\" aria-label=\"\" role=\"img\" ><\/div>\n\t\t\t\t\t\t\t\t\t\t\t<div class=\"elementor-gallery-item__overlay\"><\/div>\n\t\t\t\t\t\t\t\t\t\t\t\t\t\t<\/a>\n\t\t\t\t\t\t\t<a class=\"e-gallery-item elementor-gallery-item elementor-animated-content\" href=\"https:\/\/www.cm-benavente.pt\/wp-content\/uploads\/2025\/03\/carnaval-samora-correia-terca-feira-133.jpg\" data-elementor-open-lightbox=\"yes\" data-elementor-lightbox-slideshow=\"fa27872\" data-elementor-lightbox-title=\"carnaval samora correia ter\u00e7a feira (133)\" data-e-action-hash=\"#elementor-action%3Aaction%3Dlightbox%26settings%3DeyJpZCI6NjgwOTYsInVybCI6Imh0dHBzOlwvXC93d3cuY20tYmVuYXZlbnRlLnB0XC93cC1jb250ZW50XC91cGxvYWRzXC8yMDI1XC8wM1wvY2FybmF2YWwtc2Ftb3JhLWNvcnJlaWEtdGVyY2EtZmVpcmEtMTMzLmpwZyIsInNsaWRlc2hvdyI6ImZhMjc4NzIifQ%3D%3D\">\n\t\t\t\t\t<div class=\"e-gallery-image elementor-gallery-item__image\" data-thumbnail=\"https:\/\/www.cm-benavente.pt\/wp-content\/uploads\/2025\/03\/carnaval-samora-correia-terca-feira-133-1024x702.jpg\" data-width=\"800\" data-height=\"548\" aria-label=\"\" role=\"img\" ><\/div>\n\t\t\t\t\t\t\t\t\t\t\t<div class=\"elementor-gallery-item__overlay\"><\/div>\n\t\t\t\t\t\t\t\t\t\t\t\t\t\t<\/a>\n\t\t\t\t\t\t\t<a class=\"e-gallery-item elementor-gallery-item elementor-animated-content\" href=\"https:\/\/www.cm-benavente.pt\/wp-content\/uploads\/2025\/03\/carnaval-samora-correia-terca-feira-134.jpg\" data-elementor-open-lightbox=\"yes\" data-elementor-lightbox-slideshow=\"fa27872\" data-elementor-lightbox-title=\"carnaval samora correia ter\u00e7a feira (134)\" data-e-action-hash=\"#elementor-action%3Aaction%3Dlightbox%26settings%3DeyJpZCI6NjgwOTcsInVybCI6Imh0dHBzOlwvXC93d3cuY20tYmVuYXZlbnRlLnB0XC93cC1jb250ZW50XC91cGxvYWRzXC8yMDI1XC8wM1wvY2FybmF2YWwtc2Ftb3JhLWNvcnJlaWEtdGVyY2EtZmVpcmEtMTM0LmpwZyIsInNsaWRlc2hvdyI6ImZhMjc4NzIifQ%3D%3D\">\n\t\t\t\t\t<div class=\"e-gallery-image elementor-gallery-item__image\" data-thumbnail=\"https:\/\/www.cm-benavente.pt\/wp-content\/uploads\/2025\/03\/carnaval-samora-correia-terca-feira-134-1024x664.jpg\" data-width=\"800\" data-height=\"519\" aria-label=\"\" role=\"img\" ><\/div>\n\t\t\t\t\t\t\t\t\t\t\t<div class=\"elementor-gallery-item__overlay\"><\/div>\n\t\t\t\t\t\t\t\t\t\t\t\t\t\t<\/a>\n\t\t\t\t\t\t\t<a class=\"e-gallery-item elementor-gallery-item elementor-animated-content\" href=\"https:\/\/www.cm-benavente.pt\/wp-content\/uploads\/2025\/03\/carnaval-samora-correia-terca-feira-135-scaled.jpg\" data-elementor-open-lightbox=\"yes\" data-elementor-lightbox-slideshow=\"fa27872\" data-elementor-lightbox-title=\"carnaval samora correia ter\u00e7a feira (135)\" data-e-action-hash=\"#elementor-action%3Aaction%3Dlightbox%26settings%3DeyJpZCI6NjgwOTgsInVybCI6Imh0dHBzOlwvXC93d3cuY20tYmVuYXZlbnRlLnB0XC93cC1jb250ZW50XC91cGxvYWRzXC8yMDI1XC8wM1wvY2FybmF2YWwtc2Ftb3JhLWNvcnJlaWEtdGVyY2EtZmVpcmEtMTM1LXNjYWxlZC5qcGciLCJzbGlkZXNob3ciOiJmYTI3ODcyIn0%3D\">\n\t\t\t\t\t<div class=\"e-gallery-image elementor-gallery-item__image\" data-thumbnail=\"https:\/\/www.cm-benavente.pt\/wp-content\/uploads\/2025\/03\/carnaval-samora-correia-terca-feira-135-1024x551.jpg\" data-width=\"800\" data-height=\"430\" aria-label=\"\" role=\"img\" ><\/div>\n\t\t\t\t\t\t\t\t\t\t\t<div class=\"elementor-gallery-item__overlay\"><\/div>\n\t\t\t\t\t\t\t\t\t\t\t\t\t\t<\/a>\n\t\t\t\t\t\t\t<a class=\"e-gallery-item elementor-gallery-item elementor-animated-content\" href=\"https:\/\/www.cm-benavente.pt\/wp-content\/uploads\/2025\/03\/carnaval-samora-correia-terca-feira-136.jpg\" data-elementor-open-lightbox=\"yes\" data-elementor-lightbox-slideshow=\"fa27872\" data-elementor-lightbox-title=\"carnaval samora correia ter\u00e7a feira (136)\" data-e-action-hash=\"#elementor-action%3Aaction%3Dlightbox%26settings%3DeyJpZCI6NjgwOTksInVybCI6Imh0dHBzOlwvXC93d3cuY20tYmVuYXZlbnRlLnB0XC93cC1jb250ZW50XC91cGxvYWRzXC8yMDI1XC8wM1wvY2FybmF2YWwtc2Ftb3JhLWNvcnJlaWEtdGVyY2EtZmVpcmEtMTM2LmpwZyIsInNsaWRlc2hvdyI6ImZhMjc4NzIifQ%3D%3D\">\n\t\t\t\t\t<div class=\"e-gallery-image elementor-gallery-item__image\" data-thumbnail=\"https:\/\/www.cm-benavente.pt\/wp-content\/uploads\/2025\/03\/carnaval-samora-correia-terca-feira-136-1024x682.jpg\" data-width=\"800\" data-height=\"533\" aria-label=\"\" role=\"img\" ><\/div>\n\t\t\t\t\t\t\t\t\t\t\t<div class=\"elementor-gallery-item__overlay\"><\/div>\n\t\t\t\t\t\t\t\t\t\t\t\t\t\t<\/a>\n\t\t\t\t\t\t\t<a class=\"e-gallery-item elementor-gallery-item elementor-animated-content\" href=\"https:\/\/www.cm-benavente.pt\/wp-content\/uploads\/2025\/03\/carnaval-samora-correia-terca-feira-137.jpg\" data-elementor-open-lightbox=\"yes\" data-elementor-lightbox-slideshow=\"fa27872\" data-elementor-lightbox-title=\"carnaval samora correia ter\u00e7a feira (137)\" data-e-action-hash=\"#elementor-action%3Aaction%3Dlightbox%26settings%3DeyJpZCI6NjgxMDAsInVybCI6Imh0dHBzOlwvXC93d3cuY20tYmVuYXZlbnRlLnB0XC93cC1jb250ZW50XC91cGxvYWRzXC8yMDI1XC8wM1wvY2FybmF2YWwtc2Ftb3JhLWNvcnJlaWEtdGVyY2EtZmVpcmEtMTM3LmpwZyIsInNsaWRlc2hvdyI6ImZhMjc4NzIifQ%3D%3D\">\n\t\t\t\t\t<div class=\"e-gallery-image elementor-gallery-item__image\" data-thumbnail=\"https:\/\/www.cm-benavente.pt\/wp-content\/uploads\/2025\/03\/carnaval-samora-correia-terca-feira-137-1024x636.jpg\" data-width=\"800\" data-height=\"497\" aria-label=\"\" role=\"img\" ><\/div>\n\t\t\t\t\t\t\t\t\t\t\t<div class=\"elementor-gallery-item__overlay\"><\/div>\n\t\t\t\t\t\t\t\t\t\t\t\t\t\t<\/a>\n\t\t\t\t\t\t\t<a class=\"e-gallery-item elementor-gallery-item elementor-animated-content\" href=\"https:\/\/www.cm-benavente.pt\/wp-content\/uploads\/2025\/03\/carnaval-samora-correia-terca-feira-138.jpg\" data-elementor-open-lightbox=\"yes\" data-elementor-lightbox-slideshow=\"fa27872\" data-elementor-lightbox-title=\"carnaval samora correia ter\u00e7a feira (138)\" data-e-action-hash=\"#elementor-action%3Aaction%3Dlightbox%26settings%3DeyJpZCI6NjgxMDEsInVybCI6Imh0dHBzOlwvXC93d3cuY20tYmVuYXZlbnRlLnB0XC93cC1jb250ZW50XC91cGxvYWRzXC8yMDI1XC8wM1wvY2FybmF2YWwtc2Ftb3JhLWNvcnJlaWEtdGVyY2EtZmVpcmEtMTM4LmpwZyIsInNsaWRlc2hvdyI6ImZhMjc4NzIifQ%3D%3D\">\n\t\t\t\t\t<div class=\"e-gallery-image elementor-gallery-item__image\" data-thumbnail=\"https:\/\/www.cm-benavente.pt\/wp-content\/uploads\/2025\/03\/carnaval-samora-correia-terca-feira-138-1024x644.jpg\" data-width=\"800\" data-height=\"503\" aria-label=\"\" role=\"img\" ><\/div>\n\t\t\t\t\t\t\t\t\t\t\t<div class=\"elementor-gallery-item__overlay\"><\/div>\n\t\t\t\t\t\t\t\t\t\t\t\t\t\t<\/a>\n\t\t\t\t\t\t\t<a class=\"e-gallery-item elementor-gallery-item elementor-animated-content\" href=\"https:\/\/www.cm-benavente.pt\/wp-content\/uploads\/2025\/03\/carnaval-samora-correia-terca-feira-139.jpg\" data-elementor-open-lightbox=\"yes\" data-elementor-lightbox-slideshow=\"fa27872\" data-elementor-lightbox-title=\"carnaval samora correia ter\u00e7a feira (139)\" data-e-action-hash=\"#elementor-action%3Aaction%3Dlightbox%26settings%3DeyJpZCI6NjgxMDIsInVybCI6Imh0dHBzOlwvXC93d3cuY20tYmVuYXZlbnRlLnB0XC93cC1jb250ZW50XC91cGxvYWRzXC8yMDI1XC8wM1wvY2FybmF2YWwtc2Ftb3JhLWNvcnJlaWEtdGVyY2EtZmVpcmEtMTM5LmpwZyIsInNsaWRlc2hvdyI6ImZhMjc4NzIifQ%3D%3D\">\n\t\t\t\t\t<div class=\"e-gallery-image elementor-gallery-item__image\" data-thumbnail=\"https:\/\/www.cm-benavente.pt\/wp-content\/uploads\/2025\/03\/carnaval-samora-correia-terca-feira-139-1024x719.jpg\" data-width=\"800\" data-height=\"562\" aria-label=\"\" role=\"img\" ><\/div>\n\t\t\t\t\t\t\t\t\t\t\t<div class=\"elementor-gallery-item__overlay\"><\/div>\n\t\t\t\t\t\t\t\t\t\t\t\t\t\t<\/a>\n\t\t\t\t\t\t\t<a class=\"e-gallery-item elementor-gallery-item elementor-animated-content\" href=\"https:\/\/www.cm-benavente.pt\/wp-content\/uploads\/2025\/03\/carnaval-samora-correia-terca-feira-140-scaled.jpg\" data-elementor-open-lightbox=\"yes\" data-elementor-lightbox-slideshow=\"fa27872\" data-elementor-lightbox-title=\"carnaval samora correia ter\u00e7a feira (140)\" data-e-action-hash=\"#elementor-action%3Aaction%3Dlightbox%26settings%3DeyJpZCI6NjgxMDMsInVybCI6Imh0dHBzOlwvXC93d3cuY20tYmVuYXZlbnRlLnB0XC93cC1jb250ZW50XC91cGxvYWRzXC8yMDI1XC8wM1wvY2FybmF2YWwtc2Ftb3JhLWNvcnJlaWEtdGVyY2EtZmVpcmEtMTQwLXNjYWxlZC5qcGciLCJzbGlkZXNob3ciOiJmYTI3ODcyIn0%3D\">\n\t\t\t\t\t<div class=\"e-gallery-image elementor-gallery-item__image\" data-thumbnail=\"https:\/\/www.cm-benavente.pt\/wp-content\/uploads\/2025\/03\/carnaval-samora-correia-terca-feira-140-1024x587.jpg\" data-width=\"800\" data-height=\"459\" aria-label=\"\" role=\"img\" ><\/div>\n\t\t\t\t\t\t\t\t\t\t\t<div class=\"elementor-gallery-item__overlay\"><\/div>\n\t\t\t\t\t\t\t\t\t\t\t\t\t\t<\/a>\n\t\t\t\t\t\t\t<a class=\"e-gallery-item elementor-gallery-item elementor-animated-content\" href=\"https:\/\/www.cm-benavente.pt\/wp-content\/uploads\/2025\/03\/carnaval-samora-correia-terca-feira-141.jpg\" data-elementor-open-lightbox=\"yes\" data-elementor-lightbox-slideshow=\"fa27872\" data-elementor-lightbox-title=\"carnaval samora correia ter\u00e7a feira (141)\" data-e-action-hash=\"#elementor-action%3Aaction%3Dlightbox%26settings%3DeyJpZCI6NjgxMDQsInVybCI6Imh0dHBzOlwvXC93d3cuY20tYmVuYXZlbnRlLnB0XC93cC1jb250ZW50XC91cGxvYWRzXC8yMDI1XC8wM1wvY2FybmF2YWwtc2Ftb3JhLWNvcnJlaWEtdGVyY2EtZmVpcmEtMTQxLmpwZyIsInNsaWRlc2hvdyI6ImZhMjc4NzIifQ%3D%3D\">\n\t\t\t\t\t<div class=\"e-gallery-image elementor-gallery-item__image\" data-thumbnail=\"https:\/\/www.cm-benavente.pt\/wp-content\/uploads\/2025\/03\/carnaval-samora-correia-terca-feira-141-1024x632.jpg\" data-width=\"800\" data-height=\"494\" aria-label=\"\" role=\"img\" ><\/div>\n\t\t\t\t\t\t\t\t\t\t\t<div class=\"elementor-gallery-item__overlay\"><\/div>\n\t\t\t\t\t\t\t\t\t\t\t\t\t\t<\/a>\n\t\t\t\t\t\t\t<a class=\"e-gallery-item elementor-gallery-item elementor-animated-content\" href=\"https:\/\/www.cm-benavente.pt\/wp-content\/uploads\/2025\/03\/carnaval-samora-correia-terca-feira-142.jpg\" data-elementor-open-lightbox=\"yes\" data-elementor-lightbox-slideshow=\"fa27872\" data-elementor-lightbox-title=\"carnaval samora correia ter\u00e7a feira (142)\" data-e-action-hash=\"#elementor-action%3Aaction%3Dlightbox%26settings%3DeyJpZCI6NjgxMDUsInVybCI6Imh0dHBzOlwvXC93d3cuY20tYmVuYXZlbnRlLnB0XC93cC1jb250ZW50XC91cGxvYWRzXC8yMDI1XC8wM1wvY2FybmF2YWwtc2Ftb3JhLWNvcnJlaWEtdGVyY2EtZmVpcmEtMTQyLmpwZyIsInNsaWRlc2hvdyI6ImZhMjc4NzIifQ%3D%3D\">\n\t\t\t\t\t<div class=\"e-gallery-image elementor-gallery-item__image\" data-thumbnail=\"https:\/\/www.cm-benavente.pt\/wp-content\/uploads\/2025\/03\/carnaval-samora-correia-terca-feira-142-1024x587.jpg\" data-width=\"800\" data-height=\"459\" aria-label=\"\" role=\"img\" ><\/div>\n\t\t\t\t\t\t\t\t\t\t\t<div class=\"elementor-gallery-item__overlay\"><\/div>\n\t\t\t\t\t\t\t\t\t\t\t\t\t\t<\/a>\n\t\t\t\t\t\t\t<a class=\"e-gallery-item elementor-gallery-item elementor-animated-content\" href=\"https:\/\/www.cm-benavente.pt\/wp-content\/uploads\/2025\/03\/carnaval-samora-correia-terca-feira-143.jpg\" data-elementor-open-lightbox=\"yes\" data-elementor-lightbox-slideshow=\"fa27872\" data-elementor-lightbox-title=\"carnaval samora correia ter\u00e7a feira (143)\" data-e-action-hash=\"#elementor-action%3Aaction%3Dlightbox%26settings%3DeyJpZCI6NjgxMDYsInVybCI6Imh0dHBzOlwvXC93d3cuY20tYmVuYXZlbnRlLnB0XC93cC1jb250ZW50XC91cGxvYWRzXC8yMDI1XC8wM1wvY2FybmF2YWwtc2Ftb3JhLWNvcnJlaWEtdGVyY2EtZmVpcmEtMTQzLmpwZyIsInNsaWRlc2hvdyI6ImZhMjc4NzIifQ%3D%3D\">\n\t\t\t\t\t<div class=\"e-gallery-image elementor-gallery-item__image\" data-thumbnail=\"https:\/\/www.cm-benavente.pt\/wp-content\/uploads\/2025\/03\/carnaval-samora-correia-terca-feira-143-1024x579.jpg\" data-width=\"800\" data-height=\"452\" aria-label=\"\" role=\"img\" ><\/div>\n\t\t\t\t\t\t\t\t\t\t\t<div class=\"elementor-gallery-item__overlay\"><\/div>\n\t\t\t\t\t\t\t\t\t\t\t\t\t\t<\/a>\n\t\t\t\t\t\t\t<a class=\"e-gallery-item elementor-gallery-item elementor-animated-content\" href=\"https:\/\/www.cm-benavente.pt\/wp-content\/uploads\/2025\/03\/carnaval-samora-correia-terca-feira-144.jpg\" data-elementor-open-lightbox=\"yes\" data-elementor-lightbox-slideshow=\"fa27872\" data-elementor-lightbox-title=\"carnaval samora correia ter\u00e7a feira (144)\" data-e-action-hash=\"#elementor-action%3Aaction%3Dlightbox%26settings%3DeyJpZCI6NjgxMDcsInVybCI6Imh0dHBzOlwvXC93d3cuY20tYmVuYXZlbnRlLnB0XC93cC1jb250ZW50XC91cGxvYWRzXC8yMDI1XC8wM1wvY2FybmF2YWwtc2Ftb3JhLWNvcnJlaWEtdGVyY2EtZmVpcmEtMTQ0LmpwZyIsInNsaWRlc2hvdyI6ImZhMjc4NzIifQ%3D%3D\">\n\t\t\t\t\t<div class=\"e-gallery-image elementor-gallery-item__image\" data-thumbnail=\"https:\/\/www.cm-benavente.pt\/wp-content\/uploads\/2025\/03\/carnaval-samora-correia-terca-feira-144-1024x683.jpg\" data-width=\"800\" data-height=\"534\" aria-label=\"\" role=\"img\" ><\/div>\n\t\t\t\t\t\t\t\t\t\t\t<div class=\"elementor-gallery-item__overlay\"><\/div>\n\t\t\t\t\t\t\t\t\t\t\t\t\t\t<\/a>\n\t\t\t\t\t\t\t<a class=\"e-gallery-item elementor-gallery-item elementor-animated-content\" href=\"https:\/\/www.cm-benavente.pt\/wp-content\/uploads\/2025\/03\/carnaval-samora-correia-terca-feira-145.jpg\" data-elementor-open-lightbox=\"yes\" data-elementor-lightbox-slideshow=\"fa27872\" data-elementor-lightbox-title=\"carnaval samora correia ter\u00e7a feira (145)\" data-e-action-hash=\"#elementor-action%3Aaction%3Dlightbox%26settings%3DeyJpZCI6NjgxMDgsInVybCI6Imh0dHBzOlwvXC93d3cuY20tYmVuYXZlbnRlLnB0XC93cC1jb250ZW50XC91cGxvYWRzXC8yMDI1XC8wM1wvY2FybmF2YWwtc2Ftb3JhLWNvcnJlaWEtdGVyY2EtZmVpcmEtMTQ1LmpwZyIsInNsaWRlc2hvdyI6ImZhMjc4NzIifQ%3D%3D\">\n\t\t\t\t\t<div class=\"e-gallery-image elementor-gallery-item__image\" data-thumbnail=\"https:\/\/www.cm-benavente.pt\/wp-content\/uploads\/2025\/03\/carnaval-samora-correia-terca-feira-145-1024x676.jpg\" data-width=\"800\" data-height=\"528\" aria-label=\"\" role=\"img\" ><\/div>\n\t\t\t\t\t\t\t\t\t\t\t<div class=\"elementor-gallery-item__overlay\"><\/div>\n\t\t\t\t\t\t\t\t\t\t\t\t\t\t<\/a>\n\t\t\t\t\t\t\t<a class=\"e-gallery-item elementor-gallery-item elementor-animated-content\" href=\"https:\/\/www.cm-benavente.pt\/wp-content\/uploads\/2025\/03\/carnaval-samora-correia-terca-feira-146-scaled.jpg\" data-elementor-open-lightbox=\"yes\" data-elementor-lightbox-slideshow=\"fa27872\" data-elementor-lightbox-title=\"carnaval samora correia ter\u00e7a feira (146)\" data-e-action-hash=\"#elementor-action%3Aaction%3Dlightbox%26settings%3DeyJpZCI6NjgxMDksInVybCI6Imh0dHBzOlwvXC93d3cuY20tYmVuYXZlbnRlLnB0XC93cC1jb250ZW50XC91cGxvYWRzXC8yMDI1XC8wM1wvY2FybmF2YWwtc2Ftb3JhLWNvcnJlaWEtdGVyY2EtZmVpcmEtMTQ2LXNjYWxlZC5qcGciLCJzbGlkZXNob3ciOiJmYTI3ODcyIn0%3D\">\n\t\t\t\t\t<div class=\"e-gallery-image elementor-gallery-item__image\" data-thumbnail=\"https:\/\/www.cm-benavente.pt\/wp-content\/uploads\/2025\/03\/carnaval-samora-correia-terca-feira-146-1024x617.jpg\" data-width=\"800\" data-height=\"482\" aria-label=\"\" role=\"img\" ><\/div>\n\t\t\t\t\t\t\t\t\t\t\t<div class=\"elementor-gallery-item__overlay\"><\/div>\n\t\t\t\t\t\t\t\t\t\t\t\t\t\t<\/a>\n\t\t\t\t\t\t\t<a class=\"e-gallery-item elementor-gallery-item elementor-animated-content\" href=\"https:\/\/www.cm-benavente.pt\/wp-content\/uploads\/2025\/03\/carnaval-samora-correia-terca-feira-147.jpg\" data-elementor-open-lightbox=\"yes\" data-elementor-lightbox-slideshow=\"fa27872\" data-elementor-lightbox-title=\"carnaval samora correia ter\u00e7a feira (147)\" data-e-action-hash=\"#elementor-action%3Aaction%3Dlightbox%26settings%3DeyJpZCI6NjgxMTAsInVybCI6Imh0dHBzOlwvXC93d3cuY20tYmVuYXZlbnRlLnB0XC93cC1jb250ZW50XC91cGxvYWRzXC8yMDI1XC8wM1wvY2FybmF2YWwtc2Ftb3JhLWNvcnJlaWEtdGVyY2EtZmVpcmEtMTQ3LmpwZyIsInNsaWRlc2hvdyI6ImZhMjc4NzIifQ%3D%3D\">\n\t\t\t\t\t<div class=\"e-gallery-image elementor-gallery-item__image\" data-thumbnail=\"https:\/\/www.cm-benavente.pt\/wp-content\/uploads\/2025\/03\/carnaval-samora-correia-terca-feira-147-1024x682.jpg\" data-width=\"800\" data-height=\"533\" aria-label=\"\" role=\"img\" ><\/div>\n\t\t\t\t\t\t\t\t\t\t\t<div class=\"elementor-gallery-item__overlay\"><\/div>\n\t\t\t\t\t\t\t\t\t\t\t\t\t\t<\/a>\n\t\t\t\t\t\t\t<a class=\"e-gallery-item elementor-gallery-item elementor-animated-content\" href=\"https:\/\/www.cm-benavente.pt\/wp-content\/uploads\/2025\/03\/carnaval-samora-correia-terca-feira-148.jpg\" data-elementor-open-lightbox=\"yes\" data-elementor-lightbox-slideshow=\"fa27872\" data-elementor-lightbox-title=\"carnaval samora correia ter\u00e7a feira (148)\" data-e-action-hash=\"#elementor-action%3Aaction%3Dlightbox%26settings%3DeyJpZCI6NjgxMTEsInVybCI6Imh0dHBzOlwvXC93d3cuY20tYmVuYXZlbnRlLnB0XC93cC1jb250ZW50XC91cGxvYWRzXC8yMDI1XC8wM1wvY2FybmF2YWwtc2Ftb3JhLWNvcnJlaWEtdGVyY2EtZmVpcmEtMTQ4LmpwZyIsInNsaWRlc2hvdyI6ImZhMjc4NzIifQ%3D%3D\">\n\t\t\t\t\t<div class=\"e-gallery-image elementor-gallery-item__image\" data-thumbnail=\"https:\/\/www.cm-benavente.pt\/wp-content\/uploads\/2025\/03\/carnaval-samora-correia-terca-feira-148-1024x683.jpg\" data-width=\"800\" data-height=\"534\" aria-label=\"\" role=\"img\" ><\/div>\n\t\t\t\t\t\t\t\t\t\t\t<div class=\"elementor-gallery-item__overlay\"><\/div>\n\t\t\t\t\t\t\t\t\t\t\t\t\t\t<\/a>\n\t\t\t\t\t\t\t<a class=\"e-gallery-item elementor-gallery-item elementor-animated-content\" href=\"https:\/\/www.cm-benavente.pt\/wp-content\/uploads\/2025\/03\/carnaval-samora-correia-terca-feira-149-scaled.jpg\" data-elementor-open-lightbox=\"yes\" data-elementor-lightbox-slideshow=\"fa27872\" data-elementor-lightbox-title=\"carnaval samora correia ter\u00e7a feira (149)\" data-e-action-hash=\"#elementor-action%3Aaction%3Dlightbox%26settings%3DeyJpZCI6NjgxMTIsInVybCI6Imh0dHBzOlwvXC93d3cuY20tYmVuYXZlbnRlLnB0XC93cC1jb250ZW50XC91cGxvYWRzXC8yMDI1XC8wM1wvY2FybmF2YWwtc2Ftb3JhLWNvcnJlaWEtdGVyY2EtZmVpcmEtMTQ5LXNjYWxlZC5qcGciLCJzbGlkZXNob3ciOiJmYTI3ODcyIn0%3D\">\n\t\t\t\t\t<div class=\"e-gallery-image elementor-gallery-item__image\" data-thumbnail=\"https:\/\/www.cm-benavente.pt\/wp-content\/uploads\/2025\/03\/carnaval-samora-correia-terca-feira-149-1024x554.jpg\" data-width=\"800\" data-height=\"433\" aria-label=\"\" role=\"img\" ><\/div>\n\t\t\t\t\t\t\t\t\t\t\t<div class=\"elementor-gallery-item__overlay\"><\/div>\n\t\t\t\t\t\t\t\t\t\t\t\t\t\t<\/a>\n\t\t\t\t\t\t\t<a class=\"e-gallery-item elementor-gallery-item elementor-animated-content\" href=\"https:\/\/www.cm-benavente.pt\/wp-content\/uploads\/2025\/03\/carnaval-samora-correia-terca-feira-150.jpg\" data-elementor-open-lightbox=\"yes\" data-elementor-lightbox-slideshow=\"fa27872\" data-elementor-lightbox-title=\"carnaval samora correia ter\u00e7a feira (150)\" data-e-action-hash=\"#elementor-action%3Aaction%3Dlightbox%26settings%3DeyJpZCI6NjgxMTMsInVybCI6Imh0dHBzOlwvXC93d3cuY20tYmVuYXZlbnRlLnB0XC93cC1jb250ZW50XC91cGxvYWRzXC8yMDI1XC8wM1wvY2FybmF2YWwtc2Ftb3JhLWNvcnJlaWEtdGVyY2EtZmVpcmEtMTUwLmpwZyIsInNsaWRlc2hvdyI6ImZhMjc4NzIifQ%3D%3D\">\n\t\t\t\t\t<div class=\"e-gallery-image elementor-gallery-item__image\" data-thumbnail=\"https:\/\/www.cm-benavente.pt\/wp-content\/uploads\/2025\/03\/carnaval-samora-correia-terca-feira-150-1024x554.jpg\" data-width=\"800\" data-height=\"433\" aria-label=\"\" role=\"img\" ><\/div>\n\t\t\t\t\t\t\t\t\t\t\t<div class=\"elementor-gallery-item__overlay\"><\/div>\n\t\t\t\t\t\t\t\t\t\t\t\t\t\t<\/a>\n\t\t\t\t\t\t\t<a class=\"e-gallery-item elementor-gallery-item elementor-animated-content\" href=\"https:\/\/www.cm-benavente.pt\/wp-content\/uploads\/2025\/03\/carnaval-samora-correia-terca-feira-151.jpg\" data-elementor-open-lightbox=\"yes\" data-elementor-lightbox-slideshow=\"fa27872\" data-elementor-lightbox-title=\"carnaval samora correia ter\u00e7a feira (151)\" data-e-action-hash=\"#elementor-action%3Aaction%3Dlightbox%26settings%3DeyJpZCI6NjgxMTQsInVybCI6Imh0dHBzOlwvXC93d3cuY20tYmVuYXZlbnRlLnB0XC93cC1jb250ZW50XC91cGxvYWRzXC8yMDI1XC8wM1wvY2FybmF2YWwtc2Ftb3JhLWNvcnJlaWEtdGVyY2EtZmVpcmEtMTUxLmpwZyIsInNsaWRlc2hvdyI6ImZhMjc4NzIifQ%3D%3D\">\n\t\t\t\t\t<div class=\"e-gallery-image elementor-gallery-item__image\" data-thumbnail=\"https:\/\/www.cm-benavente.pt\/wp-content\/uploads\/2025\/03\/carnaval-samora-correia-terca-feira-151-1024x588.jpg\" data-width=\"800\" data-height=\"459\" aria-label=\"\" role=\"img\" ><\/div>\n\t\t\t\t\t\t\t\t\t\t\t<div class=\"elementor-gallery-item__overlay\"><\/div>\n\t\t\t\t\t\t\t\t\t\t\t\t\t\t<\/a>\n\t\t\t\t\t\t\t<a class=\"e-gallery-item elementor-gallery-item elementor-animated-content\" href=\"https:\/\/www.cm-benavente.pt\/wp-content\/uploads\/2025\/03\/carnaval-samora-correia-terca-feira-152.jpg\" data-elementor-open-lightbox=\"yes\" data-elementor-lightbox-slideshow=\"fa27872\" data-elementor-lightbox-title=\"carnaval samora correia ter\u00e7a feira (152)\" data-e-action-hash=\"#elementor-action%3Aaction%3Dlightbox%26settings%3DeyJpZCI6NjgxMTUsInVybCI6Imh0dHBzOlwvXC93d3cuY20tYmVuYXZlbnRlLnB0XC93cC1jb250ZW50XC91cGxvYWRzXC8yMDI1XC8wM1wvY2FybmF2YWwtc2Ftb3JhLWNvcnJlaWEtdGVyY2EtZmVpcmEtMTUyLmpwZyIsInNsaWRlc2hvdyI6ImZhMjc4NzIifQ%3D%3D\">\n\t\t\t\t\t<div class=\"e-gallery-image elementor-gallery-item__image\" data-thumbnail=\"https:\/\/www.cm-benavente.pt\/wp-content\/uploads\/2025\/03\/carnaval-samora-correia-terca-feira-152-1024x766.jpg\" data-width=\"800\" data-height=\"598\" aria-label=\"\" role=\"img\" ><\/div>\n\t\t\t\t\t\t\t\t\t\t\t<div class=\"elementor-gallery-item__overlay\"><\/div>\n\t\t\t\t\t\t\t\t\t\t\t\t\t\t<\/a>\n\t\t\t\t\t\t\t<a class=\"e-gallery-item elementor-gallery-item elementor-animated-content\" href=\"https:\/\/www.cm-benavente.pt\/wp-content\/uploads\/2025\/03\/carnaval-samora-correia-terca-feira-153-scaled.jpg\" data-elementor-open-lightbox=\"yes\" data-elementor-lightbox-slideshow=\"fa27872\" data-elementor-lightbox-title=\"carnaval samora correia ter\u00e7a feira (153)\" data-e-action-hash=\"#elementor-action%3Aaction%3Dlightbox%26settings%3DeyJpZCI6NjgxMTYsInVybCI6Imh0dHBzOlwvXC93d3cuY20tYmVuYXZlbnRlLnB0XC93cC1jb250ZW50XC91cGxvYWRzXC8yMDI1XC8wM1wvY2FybmF2YWwtc2Ftb3JhLWNvcnJlaWEtdGVyY2EtZmVpcmEtMTUzLXNjYWxlZC5qcGciLCJzbGlkZXNob3ciOiJmYTI3ODcyIn0%3D\">\n\t\t\t\t\t<div class=\"e-gallery-image elementor-gallery-item__image\" data-thumbnail=\"https:\/\/www.cm-benavente.pt\/wp-content\/uploads\/2025\/03\/carnaval-samora-correia-terca-feira-153-1024x640.jpg\" data-width=\"800\" data-height=\"500\" aria-label=\"\" role=\"img\" ><\/div>\n\t\t\t\t\t\t\t\t\t\t\t<div class=\"elementor-gallery-item__overlay\"><\/div>\n\t\t\t\t\t\t\t\t\t\t\t\t\t\t<\/a>\n\t\t\t\t\t\t\t<a class=\"e-gallery-item elementor-gallery-item elementor-animated-content\" href=\"https:\/\/www.cm-benavente.pt\/wp-content\/uploads\/2025\/03\/carnaval-samora-correia-terca-feira-154-scaled.jpg\" data-elementor-open-lightbox=\"yes\" data-elementor-lightbox-slideshow=\"fa27872\" data-elementor-lightbox-title=\"carnaval samora correia ter\u00e7a feira (154)\" data-e-action-hash=\"#elementor-action%3Aaction%3Dlightbox%26settings%3DeyJpZCI6NjgxMTcsInVybCI6Imh0dHBzOlwvXC93d3cuY20tYmVuYXZlbnRlLnB0XC93cC1jb250ZW50XC91cGxvYWRzXC8yMDI1XC8wM1wvY2FybmF2YWwtc2Ftb3JhLWNvcnJlaWEtdGVyY2EtZmVpcmEtMTU0LXNjYWxlZC5qcGciLCJzbGlkZXNob3ciOiJmYTI3ODcyIn0%3D\">\n\t\t\t\t\t<div class=\"e-gallery-image elementor-gallery-item__image\" data-thumbnail=\"https:\/\/www.cm-benavente.pt\/wp-content\/uploads\/2025\/03\/carnaval-samora-correia-terca-feira-154-1024x673.jpg\" data-width=\"800\" data-height=\"526\" aria-label=\"\" role=\"img\" ><\/div>\n\t\t\t\t\t\t\t\t\t\t\t<div class=\"elementor-gallery-item__overlay\"><\/div>\n\t\t\t\t\t\t\t\t\t\t\t\t\t\t<\/a>\n\t\t\t\t\t\t\t<a class=\"e-gallery-item elementor-gallery-item elementor-animated-content\" href=\"https:\/\/www.cm-benavente.pt\/wp-content\/uploads\/2025\/03\/carnaval-samora-correia-terca-feira-155.jpg\" data-elementor-open-lightbox=\"yes\" data-elementor-lightbox-slideshow=\"fa27872\" data-elementor-lightbox-title=\"carnaval samora correia ter\u00e7a feira (155)\" data-e-action-hash=\"#elementor-action%3Aaction%3Dlightbox%26settings%3DeyJpZCI6NjgxMTgsInVybCI6Imh0dHBzOlwvXC93d3cuY20tYmVuYXZlbnRlLnB0XC93cC1jb250ZW50XC91cGxvYWRzXC8yMDI1XC8wM1wvY2FybmF2YWwtc2Ftb3JhLWNvcnJlaWEtdGVyY2EtZmVpcmEtMTU1LmpwZyIsInNsaWRlc2hvdyI6ImZhMjc4NzIifQ%3D%3D\">\n\t\t\t\t\t<div class=\"e-gallery-image elementor-gallery-item__image\" data-thumbnail=\"https:\/\/www.cm-benavente.pt\/wp-content\/uploads\/2025\/03\/carnaval-samora-correia-terca-feira-155-1024x673.jpg\" data-width=\"800\" data-height=\"526\" aria-label=\"\" role=\"img\" ><\/div>\n\t\t\t\t\t\t\t\t\t\t\t<div class=\"elementor-gallery-item__overlay\"><\/div>\n\t\t\t\t\t\t\t\t\t\t\t\t\t\t<\/a>\n\t\t\t\t\t\t\t<a class=\"e-gallery-item elementor-gallery-item elementor-animated-content\" href=\"https:\/\/www.cm-benavente.pt\/wp-content\/uploads\/2025\/03\/carnaval-samora-correia-terca-feira-156-scaled.jpg\" data-elementor-open-lightbox=\"yes\" data-elementor-lightbox-slideshow=\"fa27872\" data-elementor-lightbox-title=\"carnaval samora correia ter\u00e7a feira (156)\" data-e-action-hash=\"#elementor-action%3Aaction%3Dlightbox%26settings%3DeyJpZCI6NjgxMTksInVybCI6Imh0dHBzOlwvXC93d3cuY20tYmVuYXZlbnRlLnB0XC93cC1jb250ZW50XC91cGxvYWRzXC8yMDI1XC8wM1wvY2FybmF2YWwtc2Ftb3JhLWNvcnJlaWEtdGVyY2EtZmVpcmEtMTU2LXNjYWxlZC5qcGciLCJzbGlkZXNob3ciOiJmYTI3ODcyIn0%3D\">\n\t\t\t\t\t<div class=\"e-gallery-image elementor-gallery-item__image\" data-thumbnail=\"https:\/\/www.cm-benavente.pt\/wp-content\/uploads\/2025\/03\/carnaval-samora-correia-terca-feira-156-1024x549.jpg\" data-width=\"800\" data-height=\"429\" aria-label=\"\" role=\"img\" ><\/div>\n\t\t\t\t\t\t\t\t\t\t\t<div class=\"elementor-gallery-item__overlay\"><\/div>\n\t\t\t\t\t\t\t\t\t\t\t\t\t\t<\/a>\n\t\t\t\t\t\t\t<a class=\"e-gallery-item elementor-gallery-item elementor-animated-content\" href=\"https:\/\/www.cm-benavente.pt\/wp-content\/uploads\/2025\/03\/carnaval-samora-correia-terca-feira-157-scaled.jpg\" data-elementor-open-lightbox=\"yes\" data-elementor-lightbox-slideshow=\"fa27872\" data-elementor-lightbox-title=\"carnaval samora correia ter\u00e7a feira (157)\" data-e-action-hash=\"#elementor-action%3Aaction%3Dlightbox%26settings%3DeyJpZCI6NjgxMjAsInVybCI6Imh0dHBzOlwvXC93d3cuY20tYmVuYXZlbnRlLnB0XC93cC1jb250ZW50XC91cGxvYWRzXC8yMDI1XC8wM1wvY2FybmF2YWwtc2Ftb3JhLWNvcnJlaWEtdGVyY2EtZmVpcmEtMTU3LXNjYWxlZC5qcGciLCJzbGlkZXNob3ciOiJmYTI3ODcyIn0%3D\">\n\t\t\t\t\t<div class=\"e-gallery-image elementor-gallery-item__image\" data-thumbnail=\"https:\/\/www.cm-benavente.pt\/wp-content\/uploads\/2025\/03\/carnaval-samora-correia-terca-feira-157-1024x596.jpg\" data-width=\"800\" data-height=\"466\" aria-label=\"\" role=\"img\" ><\/div>\n\t\t\t\t\t\t\t\t\t\t\t<div class=\"elementor-gallery-item__overlay\"><\/div>\n\t\t\t\t\t\t\t\t\t\t\t\t\t\t<\/a>\n\t\t\t\t\t\t\t<a class=\"e-gallery-item elementor-gallery-item elementor-animated-content\" href=\"https:\/\/www.cm-benavente.pt\/wp-content\/uploads\/2025\/03\/carnaval-samora-correia-terca-feira-158.jpg\" data-elementor-open-lightbox=\"yes\" data-elementor-lightbox-slideshow=\"fa27872\" data-elementor-lightbox-title=\"carnaval samora correia ter\u00e7a feira (158)\" data-e-action-hash=\"#elementor-action%3Aaction%3Dlightbox%26settings%3DeyJpZCI6NjgxMjEsInVybCI6Imh0dHBzOlwvXC93d3cuY20tYmVuYXZlbnRlLnB0XC93cC1jb250ZW50XC91cGxvYWRzXC8yMDI1XC8wM1wvY2FybmF2YWwtc2Ftb3JhLWNvcnJlaWEtdGVyY2EtZmVpcmEtMTU4LmpwZyIsInNsaWRlc2hvdyI6ImZhMjc4NzIifQ%3D%3D\">\n\t\t\t\t\t<div class=\"e-gallery-image elementor-gallery-item__image\" data-thumbnail=\"https:\/\/www.cm-benavente.pt\/wp-content\/uploads\/2025\/03\/carnaval-samora-correia-terca-feira-158-1024x682.jpg\" data-width=\"800\" data-height=\"533\" aria-label=\"\" role=\"img\" ><\/div>\n\t\t\t\t\t\t\t\t\t\t\t<div class=\"elementor-gallery-item__overlay\"><\/div>\n\t\t\t\t\t\t\t\t\t\t\t\t\t\t<\/a>\n\t\t\t\t\t\t\t<a class=\"e-gallery-item elementor-gallery-item elementor-animated-content\" href=\"https:\/\/www.cm-benavente.pt\/wp-content\/uploads\/2025\/03\/carnaval-samora-correia-terca-feira-159-scaled.jpg\" data-elementor-open-lightbox=\"yes\" data-elementor-lightbox-slideshow=\"fa27872\" data-elementor-lightbox-title=\"carnaval samora correia ter\u00e7a feira (159)\" data-e-action-hash=\"#elementor-action%3Aaction%3Dlightbox%26settings%3DeyJpZCI6NjgxMjIsInVybCI6Imh0dHBzOlwvXC93d3cuY20tYmVuYXZlbnRlLnB0XC93cC1jb250ZW50XC91cGxvYWRzXC8yMDI1XC8wM1wvY2FybmF2YWwtc2Ftb3JhLWNvcnJlaWEtdGVyY2EtZmVpcmEtMTU5LXNjYWxlZC5qcGciLCJzbGlkZXNob3ciOiJmYTI3ODcyIn0%3D\">\n\t\t\t\t\t<div class=\"e-gallery-image elementor-gallery-item__image\" data-thumbnail=\"https:\/\/www.cm-benavente.pt\/wp-content\/uploads\/2025\/03\/carnaval-samora-correia-terca-feira-159-1024x683.jpg\" data-width=\"800\" data-height=\"534\" aria-label=\"\" role=\"img\" ><\/div>\n\t\t\t\t\t\t\t\t\t\t\t<div class=\"elementor-gallery-item__overlay\"><\/div>\n\t\t\t\t\t\t\t\t\t\t\t\t\t\t<\/a>\n\t\t\t\t\t\t\t<a class=\"e-gallery-item elementor-gallery-item elementor-animated-content\" href=\"https:\/\/www.cm-benavente.pt\/wp-content\/uploads\/2025\/03\/carnaval-samora-correia-terca-feira-160.jpg\" data-elementor-open-lightbox=\"yes\" data-elementor-lightbox-slideshow=\"fa27872\" data-elementor-lightbox-title=\"carnaval samora correia ter\u00e7a feira (160)\" data-e-action-hash=\"#elementor-action%3Aaction%3Dlightbox%26settings%3DeyJpZCI6NjgxMjMsInVybCI6Imh0dHBzOlwvXC93d3cuY20tYmVuYXZlbnRlLnB0XC93cC1jb250ZW50XC91cGxvYWRzXC8yMDI1XC8wM1wvY2FybmF2YWwtc2Ftb3JhLWNvcnJlaWEtdGVyY2EtZmVpcmEtMTYwLmpwZyIsInNsaWRlc2hvdyI6ImZhMjc4NzIifQ%3D%3D\">\n\t\t\t\t\t<div class=\"e-gallery-image elementor-gallery-item__image\" data-thumbnail=\"https:\/\/www.cm-benavente.pt\/wp-content\/uploads\/2025\/03\/carnaval-samora-correia-terca-feira-160-1024x683.jpg\" data-width=\"800\" data-height=\"534\" aria-label=\"\" role=\"img\" ><\/div>\n\t\t\t\t\t\t\t\t\t\t\t<div class=\"elementor-gallery-item__overlay\"><\/div>\n\t\t\t\t\t\t\t\t\t\t\t\t\t\t<\/a>\n\t\t\t\t\t\t\t<a class=\"e-gallery-item elementor-gallery-item elementor-animated-content\" href=\"https:\/\/www.cm-benavente.pt\/wp-content\/uploads\/2025\/03\/carnaval-samora-correia-terca-feira-161.jpg\" data-elementor-open-lightbox=\"yes\" data-elementor-lightbox-slideshow=\"fa27872\" data-elementor-lightbox-title=\"carnaval samora correia ter\u00e7a feira (161)\" data-e-action-hash=\"#elementor-action%3Aaction%3Dlightbox%26settings%3DeyJpZCI6NjgxMjQsInVybCI6Imh0dHBzOlwvXC93d3cuY20tYmVuYXZlbnRlLnB0XC93cC1jb250ZW50XC91cGxvYWRzXC8yMDI1XC8wM1wvY2FybmF2YWwtc2Ftb3JhLWNvcnJlaWEtdGVyY2EtZmVpcmEtMTYxLmpwZyIsInNsaWRlc2hvdyI6ImZhMjc4NzIifQ%3D%3D\">\n\t\t\t\t\t<div class=\"e-gallery-image elementor-gallery-item__image\" data-thumbnail=\"https:\/\/www.cm-benavente.pt\/wp-content\/uploads\/2025\/03\/carnaval-samora-correia-terca-feira-161-1024x670.jpg\" data-width=\"800\" data-height=\"523\" aria-label=\"\" role=\"img\" ><\/div>\n\t\t\t\t\t\t\t\t\t\t\t<div class=\"elementor-gallery-item__overlay\"><\/div>\n\t\t\t\t\t\t\t\t\t\t\t\t\t\t<\/a>\n\t\t\t\t\t\t\t<a class=\"e-gallery-item elementor-gallery-item elementor-animated-content\" href=\"https:\/\/www.cm-benavente.pt\/wp-content\/uploads\/2025\/03\/carnaval-samora-correia-terca-feira-162.jpg\" data-elementor-open-lightbox=\"yes\" data-elementor-lightbox-slideshow=\"fa27872\" data-elementor-lightbox-title=\"carnaval samora correia ter\u00e7a feira (162)\" data-e-action-hash=\"#elementor-action%3Aaction%3Dlightbox%26settings%3DeyJpZCI6NjgxMjUsInVybCI6Imh0dHBzOlwvXC93d3cuY20tYmVuYXZlbnRlLnB0XC93cC1jb250ZW50XC91cGxvYWRzXC8yMDI1XC8wM1wvY2FybmF2YWwtc2Ftb3JhLWNvcnJlaWEtdGVyY2EtZmVpcmEtMTYyLmpwZyIsInNsaWRlc2hvdyI6ImZhMjc4NzIifQ%3D%3D\">\n\t\t\t\t\t<div class=\"e-gallery-image elementor-gallery-item__image\" data-thumbnail=\"https:\/\/www.cm-benavente.pt\/wp-content\/uploads\/2025\/03\/carnaval-samora-correia-terca-feira-162-1024x627.jpg\" data-width=\"800\" data-height=\"490\" aria-label=\"\" role=\"img\" ><\/div>\n\t\t\t\t\t\t\t\t\t\t\t<div class=\"elementor-gallery-item__overlay\"><\/div>\n\t\t\t\t\t\t\t\t\t\t\t\t\t\t<\/a>\n\t\t\t\t\t\t\t<a class=\"e-gallery-item elementor-gallery-item elementor-animated-content\" href=\"https:\/\/www.cm-benavente.pt\/wp-content\/uploads\/2025\/03\/carnaval-samora-correia-terca-feira-163-scaled.jpg\" data-elementor-open-lightbox=\"yes\" data-elementor-lightbox-slideshow=\"fa27872\" data-elementor-lightbox-title=\"carnaval samora correia ter\u00e7a feira (163)\" data-e-action-hash=\"#elementor-action%3Aaction%3Dlightbox%26settings%3DeyJpZCI6NjgxMjYsInVybCI6Imh0dHBzOlwvXC93d3cuY20tYmVuYXZlbnRlLnB0XC93cC1jb250ZW50XC91cGxvYWRzXC8yMDI1XC8wM1wvY2FybmF2YWwtc2Ftb3JhLWNvcnJlaWEtdGVyY2EtZmVpcmEtMTYzLXNjYWxlZC5qcGciLCJzbGlkZXNob3ciOiJmYTI3ODcyIn0%3D\">\n\t\t\t\t\t<div class=\"e-gallery-image elementor-gallery-item__image\" data-thumbnail=\"https:\/\/www.cm-benavente.pt\/wp-content\/uploads\/2025\/03\/carnaval-samora-correia-terca-feira-163-1024x589.jpg\" data-width=\"800\" data-height=\"460\" aria-label=\"\" role=\"img\" ><\/div>\n\t\t\t\t\t\t\t\t\t\t\t<div class=\"elementor-gallery-item__overlay\"><\/div>\n\t\t\t\t\t\t\t\t\t\t\t\t\t\t<\/a>\n\t\t\t\t\t\t\t<a class=\"e-gallery-item elementor-gallery-item elementor-animated-content\" href=\"https:\/\/www.cm-benavente.pt\/wp-content\/uploads\/2025\/03\/carnaval-samora-correia-terca-feira-164-scaled.jpg\" data-elementor-open-lightbox=\"yes\" data-elementor-lightbox-slideshow=\"fa27872\" data-elementor-lightbox-title=\"carnaval samora correia ter\u00e7a feira (164)\" data-e-action-hash=\"#elementor-action%3Aaction%3Dlightbox%26settings%3DeyJpZCI6NjgxMjcsInVybCI6Imh0dHBzOlwvXC93d3cuY20tYmVuYXZlbnRlLnB0XC93cC1jb250ZW50XC91cGxvYWRzXC8yMDI1XC8wM1wvY2FybmF2YWwtc2Ftb3JhLWNvcnJlaWEtdGVyY2EtZmVpcmEtMTY0LXNjYWxlZC5qcGciLCJzbGlkZXNob3ciOiJmYTI3ODcyIn0%3D\">\n\t\t\t\t\t<div class=\"e-gallery-image elementor-gallery-item__image\" data-thumbnail=\"https:\/\/www.cm-benavente.pt\/wp-content\/uploads\/2025\/03\/carnaval-samora-correia-terca-feira-164-1024x683.jpg\" data-width=\"800\" data-height=\"534\" aria-label=\"\" role=\"img\" ><\/div>\n\t\t\t\t\t\t\t\t\t\t\t<div class=\"elementor-gallery-item__overlay\"><\/div>\n\t\t\t\t\t\t\t\t\t\t\t\t\t\t<\/a>\n\t\t\t\t\t\t\t<a class=\"e-gallery-item elementor-gallery-item elementor-animated-content\" href=\"https:\/\/www.cm-benavente.pt\/wp-content\/uploads\/2025\/03\/carnaval-samora-correia-terca-feira-165.jpg\" data-elementor-open-lightbox=\"yes\" data-elementor-lightbox-slideshow=\"fa27872\" data-elementor-lightbox-title=\"carnaval samora correia ter\u00e7a feira (165)\" data-e-action-hash=\"#elementor-action%3Aaction%3Dlightbox%26settings%3DeyJpZCI6NjgxMjgsInVybCI6Imh0dHBzOlwvXC93d3cuY20tYmVuYXZlbnRlLnB0XC93cC1jb250ZW50XC91cGxvYWRzXC8yMDI1XC8wM1wvY2FybmF2YWwtc2Ftb3JhLWNvcnJlaWEtdGVyY2EtZmVpcmEtMTY1LmpwZyIsInNsaWRlc2hvdyI6ImZhMjc4NzIifQ%3D%3D\">\n\t\t\t\t\t<div class=\"e-gallery-image elementor-gallery-item__image\" data-thumbnail=\"https:\/\/www.cm-benavente.pt\/wp-content\/uploads\/2025\/03\/carnaval-samora-correia-terca-feira-165-1024x657.jpg\" data-width=\"800\" data-height=\"513\" aria-label=\"\" role=\"img\" ><\/div>\n\t\t\t\t\t\t\t\t\t\t\t<div class=\"elementor-gallery-item__overlay\"><\/div>\n\t\t\t\t\t\t\t\t\t\t\t\t\t\t<\/a>\n\t\t\t\t\t\t\t<a class=\"e-gallery-item elementor-gallery-item elementor-animated-content\" href=\"https:\/\/www.cm-benavente.pt\/wp-content\/uploads\/2025\/03\/carnaval-samora-correia-terca-feira-166-scaled.jpg\" data-elementor-open-lightbox=\"yes\" data-elementor-lightbox-slideshow=\"fa27872\" data-elementor-lightbox-title=\"carnaval samora correia ter\u00e7a feira (166)\" data-e-action-hash=\"#elementor-action%3Aaction%3Dlightbox%26settings%3DeyJpZCI6NjgxMjksInVybCI6Imh0dHBzOlwvXC93d3cuY20tYmVuYXZlbnRlLnB0XC93cC1jb250ZW50XC91cGxvYWRzXC8yMDI1XC8wM1wvY2FybmF2YWwtc2Ftb3JhLWNvcnJlaWEtdGVyY2EtZmVpcmEtMTY2LXNjYWxlZC5qcGciLCJzbGlkZXNob3ciOiJmYTI3ODcyIn0%3D\">\n\t\t\t\t\t<div class=\"e-gallery-image elementor-gallery-item__image\" data-thumbnail=\"https:\/\/www.cm-benavente.pt\/wp-content\/uploads\/2025\/03\/carnaval-samora-correia-terca-feira-166-1024x470.jpg\" data-width=\"800\" data-height=\"367\" aria-label=\"\" role=\"img\" ><\/div>\n\t\t\t\t\t\t\t\t\t\t\t<div class=\"elementor-gallery-item__overlay\"><\/div>\n\t\t\t\t\t\t\t\t\t\t\t\t\t\t<\/a>\n\t\t\t\t\t\t\t<a class=\"e-gallery-item elementor-gallery-item elementor-animated-content\" href=\"https:\/\/www.cm-benavente.pt\/wp-content\/uploads\/2025\/03\/carnaval-samora-correia-terca-feira-167-scaled.jpg\" data-elementor-open-lightbox=\"yes\" data-elementor-lightbox-slideshow=\"fa27872\" data-elementor-lightbox-title=\"carnaval samora correia ter\u00e7a feira (167)\" data-e-action-hash=\"#elementor-action%3Aaction%3Dlightbox%26settings%3DeyJpZCI6NjgxMzAsInVybCI6Imh0dHBzOlwvXC93d3cuY20tYmVuYXZlbnRlLnB0XC93cC1jb250ZW50XC91cGxvYWRzXC8yMDI1XC8wM1wvY2FybmF2YWwtc2Ftb3JhLWNvcnJlaWEtdGVyY2EtZmVpcmEtMTY3LXNjYWxlZC5qcGciLCJzbGlkZXNob3ciOiJmYTI3ODcyIn0%3D\">\n\t\t\t\t\t<div class=\"e-gallery-image elementor-gallery-item__image\" data-thumbnail=\"https:\/\/www.cm-benavente.pt\/wp-content\/uploads\/2025\/03\/carnaval-samora-correia-terca-feira-167-1024x668.jpg\" data-width=\"800\" data-height=\"522\" aria-label=\"\" role=\"img\" ><\/div>\n\t\t\t\t\t\t\t\t\t\t\t<div class=\"elementor-gallery-item__overlay\"><\/div>\n\t\t\t\t\t\t\t\t\t\t\t\t\t\t<\/a>\n\t\t\t\t\t\t\t<a class=\"e-gallery-item elementor-gallery-item elementor-animated-content\" href=\"https:\/\/www.cm-benavente.pt\/wp-content\/uploads\/2025\/03\/carnaval-samora-correia-terca-feira-168.jpg\" data-elementor-open-lightbox=\"yes\" data-elementor-lightbox-slideshow=\"fa27872\" data-elementor-lightbox-title=\"carnaval samora correia ter\u00e7a feira (168)\" data-e-action-hash=\"#elementor-action%3Aaction%3Dlightbox%26settings%3DeyJpZCI6NjgxMzEsInVybCI6Imh0dHBzOlwvXC93d3cuY20tYmVuYXZlbnRlLnB0XC93cC1jb250ZW50XC91cGxvYWRzXC8yMDI1XC8wM1wvY2FybmF2YWwtc2Ftb3JhLWNvcnJlaWEtdGVyY2EtZmVpcmEtMTY4LmpwZyIsInNsaWRlc2hvdyI6ImZhMjc4NzIifQ%3D%3D\">\n\t\t\t\t\t<div class=\"e-gallery-image elementor-gallery-item__image\" data-thumbnail=\"https:\/\/www.cm-benavente.pt\/wp-content\/uploads\/2025\/03\/carnaval-samora-correia-terca-feira-168-1024x551.jpg\" data-width=\"800\" data-height=\"430\" aria-label=\"\" role=\"img\" ><\/div>\n\t\t\t\t\t\t\t\t\t\t\t<div class=\"elementor-gallery-item__overlay\"><\/div>\n\t\t\t\t\t\t\t\t\t\t\t\t\t\t<\/a>\n\t\t\t\t\t\t\t<a class=\"e-gallery-item elementor-gallery-item elementor-animated-content\" href=\"https:\/\/www.cm-benavente.pt\/wp-content\/uploads\/2025\/03\/carnaval-samora-correia-terca-feira-169.jpg\" data-elementor-open-lightbox=\"yes\" data-elementor-lightbox-slideshow=\"fa27872\" data-elementor-lightbox-title=\"carnaval samora correia ter\u00e7a feira (169)\" data-e-action-hash=\"#elementor-action%3Aaction%3Dlightbox%26settings%3DeyJpZCI6NjgxMzIsInVybCI6Imh0dHBzOlwvXC93d3cuY20tYmVuYXZlbnRlLnB0XC93cC1jb250ZW50XC91cGxvYWRzXC8yMDI1XC8wM1wvY2FybmF2YWwtc2Ftb3JhLWNvcnJlaWEtdGVyY2EtZmVpcmEtMTY5LmpwZyIsInNsaWRlc2hvdyI6ImZhMjc4NzIifQ%3D%3D\">\n\t\t\t\t\t<div class=\"e-gallery-image elementor-gallery-item__image\" data-thumbnail=\"https:\/\/www.cm-benavente.pt\/wp-content\/uploads\/2025\/03\/carnaval-samora-correia-terca-feira-169-1024x762.jpg\" data-width=\"800\" data-height=\"595\" aria-label=\"\" role=\"img\" ><\/div>\n\t\t\t\t\t\t\t\t\t\t\t<div class=\"elementor-gallery-item__overlay\"><\/div>\n\t\t\t\t\t\t\t\t\t\t\t\t\t\t<\/a>\n\t\t\t\t\t\t\t<a class=\"e-gallery-item elementor-gallery-item elementor-animated-content\" href=\"https:\/\/www.cm-benavente.pt\/wp-content\/uploads\/2025\/03\/carnaval-samora-correia-terca-feira-170.jpg\" data-elementor-open-lightbox=\"yes\" data-elementor-lightbox-slideshow=\"fa27872\" data-elementor-lightbox-title=\"carnaval samora correia ter\u00e7a feira (170)\" data-e-action-hash=\"#elementor-action%3Aaction%3Dlightbox%26settings%3DeyJpZCI6NjgxMzMsInVybCI6Imh0dHBzOlwvXC93d3cuY20tYmVuYXZlbnRlLnB0XC93cC1jb250ZW50XC91cGxvYWRzXC8yMDI1XC8wM1wvY2FybmF2YWwtc2Ftb3JhLWNvcnJlaWEtdGVyY2EtZmVpcmEtMTcwLmpwZyIsInNsaWRlc2hvdyI6ImZhMjc4NzIifQ%3D%3D\">\n\t\t\t\t\t<div class=\"e-gallery-image elementor-gallery-item__image\" data-thumbnail=\"https:\/\/www.cm-benavente.pt\/wp-content\/uploads\/2025\/03\/carnaval-samora-correia-terca-feira-170-1024x646.jpg\" data-width=\"800\" data-height=\"505\" aria-label=\"\" role=\"img\" ><\/div>\n\t\t\t\t\t\t\t\t\t\t\t<div class=\"elementor-gallery-item__overlay\"><\/div>\n\t\t\t\t\t\t\t\t\t\t\t\t\t\t<\/a>\n\t\t\t\t\t\t\t<a class=\"e-gallery-item elementor-gallery-item elementor-animated-content\" href=\"https:\/\/www.cm-benavente.pt\/wp-content\/uploads\/2025\/03\/carnaval-samora-correia-terca-feira-171.jpg\" data-elementor-open-lightbox=\"yes\" data-elementor-lightbox-slideshow=\"fa27872\" data-elementor-lightbox-title=\"carnaval samora correia ter\u00e7a feira (171)\" data-e-action-hash=\"#elementor-action%3Aaction%3Dlightbox%26settings%3DeyJpZCI6NjgxMzQsInVybCI6Imh0dHBzOlwvXC93d3cuY20tYmVuYXZlbnRlLnB0XC93cC1jb250ZW50XC91cGxvYWRzXC8yMDI1XC8wM1wvY2FybmF2YWwtc2Ftb3JhLWNvcnJlaWEtdGVyY2EtZmVpcmEtMTcxLmpwZyIsInNsaWRlc2hvdyI6ImZhMjc4NzIifQ%3D%3D\">\n\t\t\t\t\t<div class=\"e-gallery-image elementor-gallery-item__image\" data-thumbnail=\"https:\/\/www.cm-benavente.pt\/wp-content\/uploads\/2025\/03\/carnaval-samora-correia-terca-feira-171-1024x613.jpg\" data-width=\"800\" data-height=\"479\" aria-label=\"\" role=\"img\" ><\/div>\n\t\t\t\t\t\t\t\t\t\t\t<div class=\"elementor-gallery-item__overlay\"><\/div>\n\t\t\t\t\t\t\t\t\t\t\t\t\t\t<\/a>\n\t\t\t\t\t\t\t<a class=\"e-gallery-item elementor-gallery-item elementor-animated-content\" href=\"https:\/\/www.cm-benavente.pt\/wp-content\/uploads\/2025\/03\/carnaval-samora-correia-terca-feira-172.jpg\" data-elementor-open-lightbox=\"yes\" data-elementor-lightbox-slideshow=\"fa27872\" data-elementor-lightbox-title=\"carnaval samora correia ter\u00e7a feira (172)\" data-e-action-hash=\"#elementor-action%3Aaction%3Dlightbox%26settings%3DeyJpZCI6NjgxMzUsInVybCI6Imh0dHBzOlwvXC93d3cuY20tYmVuYXZlbnRlLnB0XC93cC1jb250ZW50XC91cGxvYWRzXC8yMDI1XC8wM1wvY2FybmF2YWwtc2Ftb3JhLWNvcnJlaWEtdGVyY2EtZmVpcmEtMTcyLmpwZyIsInNsaWRlc2hvdyI6ImZhMjc4NzIifQ%3D%3D\">\n\t\t\t\t\t<div class=\"e-gallery-image elementor-gallery-item__image\" data-thumbnail=\"https:\/\/www.cm-benavente.pt\/wp-content\/uploads\/2025\/03\/carnaval-samora-correia-terca-feira-172-1024x533.jpg\" data-width=\"800\" data-height=\"416\" aria-label=\"\" role=\"img\" ><\/div>\n\t\t\t\t\t\t\t\t\t\t\t<div class=\"elementor-gallery-item__overlay\"><\/div>\n\t\t\t\t\t\t\t\t\t\t\t\t\t\t<\/a>\n\t\t\t\t\t\t\t<a class=\"e-gallery-item elementor-gallery-item elementor-animated-content\" href=\"https:\/\/www.cm-benavente.pt\/wp-content\/uploads\/2025\/03\/carnaval-samora-correia-terca-feira-173-scaled.jpg\" data-elementor-open-lightbox=\"yes\" data-elementor-lightbox-slideshow=\"fa27872\" data-elementor-lightbox-title=\"carnaval samora correia ter\u00e7a feira (173)\" data-e-action-hash=\"#elementor-action%3Aaction%3Dlightbox%26settings%3DeyJpZCI6NjgxMzYsInVybCI6Imh0dHBzOlwvXC93d3cuY20tYmVuYXZlbnRlLnB0XC93cC1jb250ZW50XC91cGxvYWRzXC8yMDI1XC8wM1wvY2FybmF2YWwtc2Ftb3JhLWNvcnJlaWEtdGVyY2EtZmVpcmEtMTczLXNjYWxlZC5qcGciLCJzbGlkZXNob3ciOiJmYTI3ODcyIn0%3D\">\n\t\t\t\t\t<div class=\"e-gallery-image elementor-gallery-item__image\" data-thumbnail=\"https:\/\/www.cm-benavente.pt\/wp-content\/uploads\/2025\/03\/carnaval-samora-correia-terca-feira-173-1024x578.jpg\" data-width=\"800\" data-height=\"452\" aria-label=\"\" role=\"img\" ><\/div>\n\t\t\t\t\t\t\t\t\t\t\t<div class=\"elementor-gallery-item__overlay\"><\/div>\n\t\t\t\t\t\t\t\t\t\t\t\t\t\t<\/a>\n\t\t\t\t\t\t\t<a class=\"e-gallery-item elementor-gallery-item elementor-animated-content\" href=\"https:\/\/www.cm-benavente.pt\/wp-content\/uploads\/2025\/03\/carnaval-samora-correia-terca-feira-174.jpg\" data-elementor-open-lightbox=\"yes\" data-elementor-lightbox-slideshow=\"fa27872\" data-elementor-lightbox-title=\"carnaval samora correia ter\u00e7a feira (174)\" data-e-action-hash=\"#elementor-action%3Aaction%3Dlightbox%26settings%3DeyJpZCI6NjgxMzcsInVybCI6Imh0dHBzOlwvXC93d3cuY20tYmVuYXZlbnRlLnB0XC93cC1jb250ZW50XC91cGxvYWRzXC8yMDI1XC8wM1wvY2FybmF2YWwtc2Ftb3JhLWNvcnJlaWEtdGVyY2EtZmVpcmEtMTc0LmpwZyIsInNsaWRlc2hvdyI6ImZhMjc4NzIifQ%3D%3D\">\n\t\t\t\t\t<div class=\"e-gallery-image elementor-gallery-item__image\" data-thumbnail=\"https:\/\/www.cm-benavente.pt\/wp-content\/uploads\/2025\/03\/carnaval-samora-correia-terca-feira-174-1024x556.jpg\" data-width=\"800\" data-height=\"434\" aria-label=\"\" role=\"img\" ><\/div>\n\t\t\t\t\t\t\t\t\t\t\t<div class=\"elementor-gallery-item__overlay\"><\/div>\n\t\t\t\t\t\t\t\t\t\t\t\t\t\t<\/a>\n\t\t\t\t\t\t\t<a class=\"e-gallery-item elementor-gallery-item elementor-animated-content\" href=\"https:\/\/www.cm-benavente.pt\/wp-content\/uploads\/2025\/03\/carnaval-samora-correia-terca-feira-175.jpg\" data-elementor-open-lightbox=\"yes\" data-elementor-lightbox-slideshow=\"fa27872\" data-elementor-lightbox-title=\"carnaval samora correia ter\u00e7a feira (175)\" data-e-action-hash=\"#elementor-action%3Aaction%3Dlightbox%26settings%3DeyJpZCI6NjgxMzgsInVybCI6Imh0dHBzOlwvXC93d3cuY20tYmVuYXZlbnRlLnB0XC93cC1jb250ZW50XC91cGxvYWRzXC8yMDI1XC8wM1wvY2FybmF2YWwtc2Ftb3JhLWNvcnJlaWEtdGVyY2EtZmVpcmEtMTc1LmpwZyIsInNsaWRlc2hvdyI6ImZhMjc4NzIifQ%3D%3D\">\n\t\t\t\t\t<div class=\"e-gallery-image elementor-gallery-item__image\" data-thumbnail=\"https:\/\/www.cm-benavente.pt\/wp-content\/uploads\/2025\/03\/carnaval-samora-correia-terca-feira-175-1024x662.jpg\" data-width=\"800\" data-height=\"517\" aria-label=\"\" role=\"img\" ><\/div>\n\t\t\t\t\t\t\t\t\t\t\t<div class=\"elementor-gallery-item__overlay\"><\/div>\n\t\t\t\t\t\t\t\t\t\t\t\t\t\t<\/a>\n\t\t\t\t\t\t\t<a class=\"e-gallery-item elementor-gallery-item elementor-animated-content\" href=\"https:\/\/www.cm-benavente.pt\/wp-content\/uploads\/2025\/03\/carnaval-samora-correia-terca-feira-176-scaled.jpg\" data-elementor-open-lightbox=\"yes\" data-elementor-lightbox-slideshow=\"fa27872\" data-elementor-lightbox-title=\"carnaval samora correia ter\u00e7a feira (176)\" data-e-action-hash=\"#elementor-action%3Aaction%3Dlightbox%26settings%3DeyJpZCI6NjgxMzksInVybCI6Imh0dHBzOlwvXC93d3cuY20tYmVuYXZlbnRlLnB0XC93cC1jb250ZW50XC91cGxvYWRzXC8yMDI1XC8wM1wvY2FybmF2YWwtc2Ftb3JhLWNvcnJlaWEtdGVyY2EtZmVpcmEtMTc2LXNjYWxlZC5qcGciLCJzbGlkZXNob3ciOiJmYTI3ODcyIn0%3D\">\n\t\t\t\t\t<div class=\"e-gallery-image elementor-gallery-item__image\" data-thumbnail=\"https:\/\/www.cm-benavente.pt\/wp-content\/uploads\/2025\/03\/carnaval-samora-correia-terca-feira-176-1024x682.jpg\" data-width=\"800\" data-height=\"533\" aria-label=\"\" role=\"img\" ><\/div>\n\t\t\t\t\t\t\t\t\t\t\t<div class=\"elementor-gallery-item__overlay\"><\/div>\n\t\t\t\t\t\t\t\t\t\t\t\t\t\t<\/a>\n\t\t\t\t\t\t\t<a class=\"e-gallery-item elementor-gallery-item elementor-animated-content\" href=\"https:\/\/www.cm-benavente.pt\/wp-content\/uploads\/2025\/03\/carnaval-samora-correia-terca-feira-177-scaled.jpg\" data-elementor-open-lightbox=\"yes\" data-elementor-lightbox-slideshow=\"fa27872\" data-elementor-lightbox-title=\"carnaval samora correia ter\u00e7a feira (177)\" data-e-action-hash=\"#elementor-action%3Aaction%3Dlightbox%26settings%3DeyJpZCI6NjgxNDAsInVybCI6Imh0dHBzOlwvXC93d3cuY20tYmVuYXZlbnRlLnB0XC93cC1jb250ZW50XC91cGxvYWRzXC8yMDI1XC8wM1wvY2FybmF2YWwtc2Ftb3JhLWNvcnJlaWEtdGVyY2EtZmVpcmEtMTc3LXNjYWxlZC5qcGciLCJzbGlkZXNob3ciOiJmYTI3ODcyIn0%3D\">\n\t\t\t\t\t<div class=\"e-gallery-image elementor-gallery-item__image\" data-thumbnail=\"https:\/\/www.cm-benavente.pt\/wp-content\/uploads\/2025\/03\/carnaval-samora-correia-terca-feira-177-1024x682.jpg\" data-width=\"800\" data-height=\"533\" aria-label=\"\" role=\"img\" ><\/div>\n\t\t\t\t\t\t\t\t\t\t\t<div class=\"elementor-gallery-item__overlay\"><\/div>\n\t\t\t\t\t\t\t\t\t\t\t\t\t\t<\/a>\n\t\t\t\t\t\t\t<a class=\"e-gallery-item elementor-gallery-item elementor-animated-content\" href=\"https:\/\/www.cm-benavente.pt\/wp-content\/uploads\/2025\/03\/carnaval-samora-correia-terca-feira-178.jpg\" data-elementor-open-lightbox=\"yes\" data-elementor-lightbox-slideshow=\"fa27872\" data-elementor-lightbox-title=\"carnaval samora correia ter\u00e7a feira (178)\" data-e-action-hash=\"#elementor-action%3Aaction%3Dlightbox%26settings%3DeyJpZCI6NjgxNDEsInVybCI6Imh0dHBzOlwvXC93d3cuY20tYmVuYXZlbnRlLnB0XC93cC1jb250ZW50XC91cGxvYWRzXC8yMDI1XC8wM1wvY2FybmF2YWwtc2Ftb3JhLWNvcnJlaWEtdGVyY2EtZmVpcmEtMTc4LmpwZyIsInNsaWRlc2hvdyI6ImZhMjc4NzIifQ%3D%3D\">\n\t\t\t\t\t<div class=\"e-gallery-image elementor-gallery-item__image\" data-thumbnail=\"https:\/\/www.cm-benavente.pt\/wp-content\/uploads\/2025\/03\/carnaval-samora-correia-terca-feira-178-1024x632.jpg\" data-width=\"800\" data-height=\"494\" aria-label=\"\" role=\"img\" ><\/div>\n\t\t\t\t\t\t\t\t\t\t\t<div class=\"elementor-gallery-item__overlay\"><\/div>\n\t\t\t\t\t\t\t\t\t\t\t\t\t\t<\/a>\n\t\t\t\t\t\t\t<a class=\"e-gallery-item elementor-gallery-item elementor-animated-content\" href=\"https:\/\/www.cm-benavente.pt\/wp-content\/uploads\/2025\/03\/carnaval-samora-correia-terca-feira-179-scaled.jpg\" data-elementor-open-lightbox=\"yes\" data-elementor-lightbox-slideshow=\"fa27872\" data-elementor-lightbox-title=\"carnaval samora correia ter\u00e7a feira (179)\" data-e-action-hash=\"#elementor-action%3Aaction%3Dlightbox%26settings%3DeyJpZCI6NjgxNDIsInVybCI6Imh0dHBzOlwvXC93d3cuY20tYmVuYXZlbnRlLnB0XC93cC1jb250ZW50XC91cGxvYWRzXC8yMDI1XC8wM1wvY2FybmF2YWwtc2Ftb3JhLWNvcnJlaWEtdGVyY2EtZmVpcmEtMTc5LXNjYWxlZC5qcGciLCJzbGlkZXNob3ciOiJmYTI3ODcyIn0%3D\">\n\t\t\t\t\t<div class=\"e-gallery-image elementor-gallery-item__image\" data-thumbnail=\"https:\/\/www.cm-benavente.pt\/wp-content\/uploads\/2025\/03\/carnaval-samora-correia-terca-feira-179-1024x638.jpg\" data-width=\"800\" data-height=\"498\" aria-label=\"\" role=\"img\" ><\/div>\n\t\t\t\t\t\t\t\t\t\t\t<div class=\"elementor-gallery-item__overlay\"><\/div>\n\t\t\t\t\t\t\t\t\t\t\t\t\t\t<\/a>\n\t\t\t\t\t\t\t<a class=\"e-gallery-item elementor-gallery-item elementor-animated-content\" href=\"https:\/\/www.cm-benavente.pt\/wp-content\/uploads\/2025\/03\/carnaval-samora-correia-terca-feira-180.jpg\" data-elementor-open-lightbox=\"yes\" data-elementor-lightbox-slideshow=\"fa27872\" data-elementor-lightbox-title=\"carnaval samora correia ter\u00e7a feira (180)\" data-e-action-hash=\"#elementor-action%3Aaction%3Dlightbox%26settings%3DeyJpZCI6NjgxNDMsInVybCI6Imh0dHBzOlwvXC93d3cuY20tYmVuYXZlbnRlLnB0XC93cC1jb250ZW50XC91cGxvYWRzXC8yMDI1XC8wM1wvY2FybmF2YWwtc2Ftb3JhLWNvcnJlaWEtdGVyY2EtZmVpcmEtMTgwLmpwZyIsInNsaWRlc2hvdyI6ImZhMjc4NzIifQ%3D%3D\">\n\t\t\t\t\t<div class=\"e-gallery-image elementor-gallery-item__image\" data-thumbnail=\"https:\/\/www.cm-benavente.pt\/wp-content\/uploads\/2025\/03\/carnaval-samora-correia-terca-feira-180-1024x582.jpg\" data-width=\"800\" data-height=\"455\" aria-label=\"\" role=\"img\" ><\/div>\n\t\t\t\t\t\t\t\t\t\t\t<div class=\"elementor-gallery-item__overlay\"><\/div>\n\t\t\t\t\t\t\t\t\t\t\t\t\t\t<\/a>\n\t\t\t\t\t\t\t<a class=\"e-gallery-item elementor-gallery-item elementor-animated-content\" href=\"https:\/\/www.cm-benavente.pt\/wp-content\/uploads\/2025\/03\/carnaval-samora-correia-terca-feira-181.jpg\" data-elementor-open-lightbox=\"yes\" data-elementor-lightbox-slideshow=\"fa27872\" data-elementor-lightbox-title=\"carnaval samora correia ter\u00e7a feira (181)\" data-e-action-hash=\"#elementor-action%3Aaction%3Dlightbox%26settings%3DeyJpZCI6NjgxNDQsInVybCI6Imh0dHBzOlwvXC93d3cuY20tYmVuYXZlbnRlLnB0XC93cC1jb250ZW50XC91cGxvYWRzXC8yMDI1XC8wM1wvY2FybmF2YWwtc2Ftb3JhLWNvcnJlaWEtdGVyY2EtZmVpcmEtMTgxLmpwZyIsInNsaWRlc2hvdyI6ImZhMjc4NzIifQ%3D%3D\">\n\t\t\t\t\t<div class=\"e-gallery-image elementor-gallery-item__image\" data-thumbnail=\"https:\/\/www.cm-benavente.pt\/wp-content\/uploads\/2025\/03\/carnaval-samora-correia-terca-feira-181-1024x624.jpg\" data-width=\"800\" data-height=\"488\" aria-label=\"\" role=\"img\" ><\/div>\n\t\t\t\t\t\t\t\t\t\t\t<div class=\"elementor-gallery-item__overlay\"><\/div>\n\t\t\t\t\t\t\t\t\t\t\t\t\t\t<\/a>\n\t\t\t\t\t\t\t<a class=\"e-gallery-item elementor-gallery-item elementor-animated-content\" href=\"https:\/\/www.cm-benavente.pt\/wp-content\/uploads\/2025\/03\/carnaval-samora-correia-terca-feira-182.jpg\" data-elementor-open-lightbox=\"yes\" data-elementor-lightbox-slideshow=\"fa27872\" data-elementor-lightbox-title=\"carnaval samora correia ter\u00e7a feira (182)\" data-e-action-hash=\"#elementor-action%3Aaction%3Dlightbox%26settings%3DeyJpZCI6NjgxNDUsInVybCI6Imh0dHBzOlwvXC93d3cuY20tYmVuYXZlbnRlLnB0XC93cC1jb250ZW50XC91cGxvYWRzXC8yMDI1XC8wM1wvY2FybmF2YWwtc2Ftb3JhLWNvcnJlaWEtdGVyY2EtZmVpcmEtMTgyLmpwZyIsInNsaWRlc2hvdyI6ImZhMjc4NzIifQ%3D%3D\">\n\t\t\t\t\t<div class=\"e-gallery-image elementor-gallery-item__image\" data-thumbnail=\"https:\/\/www.cm-benavente.pt\/wp-content\/uploads\/2025\/03\/carnaval-samora-correia-terca-feira-182-1024x558.jpg\" data-width=\"800\" data-height=\"436\" aria-label=\"\" role=\"img\" ><\/div>\n\t\t\t\t\t\t\t\t\t\t\t<div class=\"elementor-gallery-item__overlay\"><\/div>\n\t\t\t\t\t\t\t\t\t\t\t\t\t\t<\/a>\n\t\t\t\t\t<\/div>\n\t\t\t\t\t<\/div>\n\t\t\t\t<\/div>\n\t\t\t\t\t<\/div>\n\t\t\t\t<\/div>\n\t\t\t\t<\/div>\n\t\t","protected":false},"excerpt":{"rendered":"<p>Um corso super cuidado, com espetaculares fatos carnavalescos, coloridos, vistosos, trabalhados.<\/p>\n","protected":false},"author":3,"featured_media":67962,"comment_status":"closed","ping_status":"closed","sticky":false,"template":"","format":"standard","meta":{"_vp_format_video_url":"","_vp_image_focal_point":[],"footnotes":""},"categories":[510,518],"tags":[1460,245,881,1853,27],"class_list":["post-67961","post","type-post","status-publish","format-standard","has-post-thumbnail","hentry","category-evento","category-municipio","tag-arcas","tag-carnaval","tag-desfile","tag-mascarados","tag-samora-correia"],"_links":{"self":[{"href":"https:\/\/www.cm-benavente.pt\/index.php\/wp-json\/wp\/v2\/posts\/67961","targetHints":{"allow":["GET"]}}],"collection":[{"href":"https:\/\/www.cm-benavente.pt\/index.php\/wp-json\/wp\/v2\/posts"}],"about":[{"href":"https:\/\/www.cm-benavente.pt\/index.php\/wp-json\/wp\/v2\/types\/post"}],"author":[{"embeddable":true,"href":"https:\/\/www.cm-benavente.pt\/index.php\/wp-json\/wp\/v2\/users\/3"}],"replies":[{"embeddable":true,"href":"https:\/\/www.cm-benavente.pt\/index.php\/wp-json\/wp\/v2\/comments?post=67961"}],"version-history":[{"count":4,"href":"https:\/\/www.cm-benavente.pt\/index.php\/wp-json\/wp\/v2\/posts\/67961\/revisions"}],"predecessor-version":[{"id":68148,"href":"https:\/\/www.cm-benavente.pt\/index.php\/wp-json\/wp\/v2\/posts\/67961\/revisions\/68148"}],"wp:featuredmedia":[{"embeddable":true,"href":"https:\/\/www.cm-benavente.pt\/index.php\/wp-json\/wp\/v2\/media\/67962"}],"wp:attachment":[{"href":"https:\/\/www.cm-benavente.pt\/index.php\/wp-json\/wp\/v2\/media?parent=67961"}],"wp:term":[{"taxonomy":"category","embeddable":true,"href":"https:\/\/www.cm-benavente.pt\/index.php\/wp-json\/wp\/v2\/categories?post=67961"},{"taxonomy":"post_tag","embeddable":true,"href":"https:\/\/www.cm-benavente.pt\/index.php\/wp-json\/wp\/v2\/tags?post=67961"}],"curies":[{"name":"wp","href":"https:\/\/api.w.org\/{rel}","templated":true}]}}