{"id":67630,"date":"2025-03-03T16:11:36","date_gmt":"2025-03-03T16:11:36","guid":{"rendered":"https:\/\/www.cm-benavente.pt\/?p=67630"},"modified":"2025-03-03T16:33:42","modified_gmt":"2025-03-03T16:33:42","slug":"carnaval-de-samora-correia-saiu-a-rua","status":"publish","type":"post","link":"https:\/\/www.cm-benavente.pt\/index.php\/2025\/03\/03\/carnaval-de-samora-correia-saiu-a-rua\/","title":{"rendered":"Carnaval de Samora Correia saiu \u00e0 rua"},"content":{"rendered":"\t\t<div data-elementor-type=\"wp-post\" data-elementor-id=\"67630\" class=\"elementor elementor-67630\" data-elementor-post-type=\"post\">\n\t\t\t\t<div class=\"elementor-element elementor-element-9ef709e e-flex e-con-boxed e-con e-parent\" data-id=\"9ef709e\" data-element_type=\"container\" data-e-type=\"container\" data-settings=\"{&quot;tmea_shape_divider_top&quot;:&quot;none&quot;,&quot;tmea_shape_divider_bottom&quot;:&quot;none&quot;}\">\n\t\t\t\t\t<div class=\"e-con-inner\">\n\t\t\n\t\t<div class=\"elementor-element elementor-element-0737dc5 elementor-widget elementor-widget-text-editor\" data-id=\"0737dc5\" data-element_type=\"widget\" data-e-type=\"widget\" data-widget_type=\"text-editor.default\">\n\t\t\t\t<div class=\"elementor-widget-container\">\n\t\t\t\t\t\t\t\t\t<p>O primeiro desfile de Carnaval em Samora Correia saiu \u00e0 rua no passado domingo. Apesar de o tempo estar chuvoso, foram muitos aqueles que n\u00e3o quiseram perder a passagem do corso carnavalesco.<\/p><p>N\u00e3o perca o desfile ter\u00e7a-feira \u00e0s 15H00. Coloque na sua agenda uma visita a Samora Correia, por altura do Carnaval.<\/p><p>Veja o programa em <a href=\"https:\/\/bit.ly\/carnaval-samorense-2025\" target=\"_blank\" rel=\"noopener\">https:\/\/bit.ly\/carnaval-samorense-2025<\/a><\/p>\t\t\t\t\t\t\t\t<\/div>\n\t\t\t\t<\/div>\n\t\t\t\t<div class=\"elementor-element elementor-element-1169347 elementor-widget elementor-widget-gallery\" data-id=\"1169347\" data-element_type=\"widget\" data-e-type=\"widget\" data-settings=\"{&quot;columns&quot;:23,&quot;lazyload&quot;:&quot;yes&quot;,&quot;gallery_layout&quot;:&quot;grid&quot;,&quot;columns_tablet&quot;:2,&quot;columns_mobile&quot;:1,&quot;gap&quot;:{&quot;unit&quot;:&quot;px&quot;,&quot;size&quot;:10,&quot;sizes&quot;:[]},&quot;gap_widescreen&quot;:{&quot;unit&quot;:&quot;px&quot;,&quot;size&quot;:&quot;&quot;,&quot;sizes&quot;:[]},&quot;gap_laptop&quot;:{&quot;unit&quot;:&quot;px&quot;,&quot;size&quot;:10,&quot;sizes&quot;:[]},&quot;gap_tablet_extra&quot;:{&quot;unit&quot;:&quot;px&quot;,&quot;size&quot;:10,&quot;sizes&quot;:[]},&quot;gap_tablet&quot;:{&quot;unit&quot;:&quot;px&quot;,&quot;size&quot;:10,&quot;sizes&quot;:[]},&quot;gap_mobile_extra&quot;:{&quot;unit&quot;:&quot;px&quot;,&quot;size&quot;:10,&quot;sizes&quot;:[]},&quot;gap_mobile&quot;:{&quot;unit&quot;:&quot;px&quot;,&quot;size&quot;:10,&quot;sizes&quot;:[]},&quot;link_to&quot;:&quot;file&quot;,&quot;aspect_ratio&quot;:&quot;3:2&quot;,&quot;overlay_background&quot;:&quot;yes&quot;,&quot;content_hover_animation&quot;:&quot;fade-in&quot;}\" data-widget_type=\"gallery.default\">\n\t\t\t\t<div class=\"elementor-widget-container\">\n\t\t\t\t\t\t\t<div class=\"elementor-gallery__container\">\n\t\t\t\t\t\t\t<a class=\"e-gallery-item elementor-gallery-item elementor-animated-content\" href=\"https:\/\/www.cm-benavente.pt\/wp-content\/uploads\/2025\/03\/carnaval-samora-correia-desfile-domingo-1.jpg\" data-elementor-open-lightbox=\"yes\" data-elementor-lightbox-slideshow=\"1169347\" data-elementor-lightbox-title=\"carnaval samora correia desfile domingo (1)\" data-e-action-hash=\"#elementor-action%3Aaction%3Dlightbox%26settings%3DeyJpZCI6Njc2MzQsInVybCI6Imh0dHBzOlwvXC93d3cuY20tYmVuYXZlbnRlLnB0XC93cC1jb250ZW50XC91cGxvYWRzXC8yMDI1XC8wM1wvY2FybmF2YWwtc2Ftb3JhLWNvcnJlaWEtZGVzZmlsZS1kb21pbmdvLTEuanBnIiwic2xpZGVzaG93IjoiMTE2OTM0NyJ9\">\n\t\t\t\t\t<div class=\"e-gallery-image elementor-gallery-item__image\" data-thumbnail=\"https:\/\/www.cm-benavente.pt\/wp-content\/uploads\/2025\/03\/carnaval-samora-correia-desfile-domingo-1-1024x653.jpg\" data-width=\"800\" data-height=\"510\" aria-label=\"\" role=\"img\" ><\/div>\n\t\t\t\t\t\t\t\t\t\t\t<div class=\"elementor-gallery-item__overlay\"><\/div>\n\t\t\t\t\t\t\t\t\t\t\t\t\t\t<\/a>\n\t\t\t\t\t\t\t<a class=\"e-gallery-item elementor-gallery-item elementor-animated-content\" href=\"https:\/\/www.cm-benavente.pt\/wp-content\/uploads\/2025\/03\/carnaval-samora-correia-desfile-domingo-2.jpg\" data-elementor-open-lightbox=\"yes\" data-elementor-lightbox-slideshow=\"1169347\" data-elementor-lightbox-title=\"carnaval samora correia desfile domingo (2)\" data-e-action-hash=\"#elementor-action%3Aaction%3Dlightbox%26settings%3DeyJpZCI6Njc2MzUsInVybCI6Imh0dHBzOlwvXC93d3cuY20tYmVuYXZlbnRlLnB0XC93cC1jb250ZW50XC91cGxvYWRzXC8yMDI1XC8wM1wvY2FybmF2YWwtc2Ftb3JhLWNvcnJlaWEtZGVzZmlsZS1kb21pbmdvLTIuanBnIiwic2xpZGVzaG93IjoiMTE2OTM0NyJ9\">\n\t\t\t\t\t<div class=\"e-gallery-image elementor-gallery-item__image\" data-thumbnail=\"https:\/\/www.cm-benavente.pt\/wp-content\/uploads\/2025\/03\/carnaval-samora-correia-desfile-domingo-2-1024x682.jpg\" data-width=\"800\" data-height=\"533\" aria-label=\"\" role=\"img\" ><\/div>\n\t\t\t\t\t\t\t\t\t\t\t<div class=\"elementor-gallery-item__overlay\"><\/div>\n\t\t\t\t\t\t\t\t\t\t\t\t\t\t<\/a>\n\t\t\t\t\t\t\t<a class=\"e-gallery-item elementor-gallery-item elementor-animated-content\" href=\"https:\/\/www.cm-benavente.pt\/wp-content\/uploads\/2025\/03\/carnaval-samora-correia-desfile-domingo-3.jpg\" data-elementor-open-lightbox=\"yes\" data-elementor-lightbox-slideshow=\"1169347\" data-elementor-lightbox-title=\"carnaval samora correia desfile domingo (3)\" data-e-action-hash=\"#elementor-action%3Aaction%3Dlightbox%26settings%3DeyJpZCI6Njc2MzYsInVybCI6Imh0dHBzOlwvXC93d3cuY20tYmVuYXZlbnRlLnB0XC93cC1jb250ZW50XC91cGxvYWRzXC8yMDI1XC8wM1wvY2FybmF2YWwtc2Ftb3JhLWNvcnJlaWEtZGVzZmlsZS1kb21pbmdvLTMuanBnIiwic2xpZGVzaG93IjoiMTE2OTM0NyJ9\">\n\t\t\t\t\t<div class=\"e-gallery-image elementor-gallery-item__image\" data-thumbnail=\"https:\/\/www.cm-benavente.pt\/wp-content\/uploads\/2025\/03\/carnaval-samora-correia-desfile-domingo-3-1024x670.jpg\" data-width=\"800\" data-height=\"523\" aria-label=\"\" role=\"img\" ><\/div>\n\t\t\t\t\t\t\t\t\t\t\t<div class=\"elementor-gallery-item__overlay\"><\/div>\n\t\t\t\t\t\t\t\t\t\t\t\t\t\t<\/a>\n\t\t\t\t\t\t\t<a class=\"e-gallery-item elementor-gallery-item elementor-animated-content\" href=\"https:\/\/www.cm-benavente.pt\/wp-content\/uploads\/2025\/03\/carnaval-samora-correia-desfile-domingo-4.jpg\" data-elementor-open-lightbox=\"yes\" data-elementor-lightbox-slideshow=\"1169347\" data-elementor-lightbox-title=\"carnaval samora correia desfile domingo (4)\" data-e-action-hash=\"#elementor-action%3Aaction%3Dlightbox%26settings%3DeyJpZCI6Njc2MzcsInVybCI6Imh0dHBzOlwvXC93d3cuY20tYmVuYXZlbnRlLnB0XC93cC1jb250ZW50XC91cGxvYWRzXC8yMDI1XC8wM1wvY2FybmF2YWwtc2Ftb3JhLWNvcnJlaWEtZGVzZmlsZS1kb21pbmdvLTQuanBnIiwic2xpZGVzaG93IjoiMTE2OTM0NyJ9\">\n\t\t\t\t\t<div class=\"e-gallery-image elementor-gallery-item__image\" data-thumbnail=\"https:\/\/www.cm-benavente.pt\/wp-content\/uploads\/2025\/03\/carnaval-samora-correia-desfile-domingo-4-1024x680.jpg\" data-width=\"800\" data-height=\"531\" aria-label=\"\" role=\"img\" ><\/div>\n\t\t\t\t\t\t\t\t\t\t\t<div class=\"elementor-gallery-item__overlay\"><\/div>\n\t\t\t\t\t\t\t\t\t\t\t\t\t\t<\/a>\n\t\t\t\t\t\t\t<a class=\"e-gallery-item elementor-gallery-item elementor-animated-content\" href=\"https:\/\/www.cm-benavente.pt\/wp-content\/uploads\/2025\/03\/carnaval-samora-correia-desfile-domingo-5.jpg\" data-elementor-open-lightbox=\"yes\" data-elementor-lightbox-slideshow=\"1169347\" data-elementor-lightbox-title=\"carnaval samora correia desfile domingo (5)\" data-e-action-hash=\"#elementor-action%3Aaction%3Dlightbox%26settings%3DeyJpZCI6Njc2MzgsInVybCI6Imh0dHBzOlwvXC93d3cuY20tYmVuYXZlbnRlLnB0XC93cC1jb250ZW50XC91cGxvYWRzXC8yMDI1XC8wM1wvY2FybmF2YWwtc2Ftb3JhLWNvcnJlaWEtZGVzZmlsZS1kb21pbmdvLTUuanBnIiwic2xpZGVzaG93IjoiMTE2OTM0NyJ9\">\n\t\t\t\t\t<div class=\"e-gallery-image elementor-gallery-item__image\" data-thumbnail=\"https:\/\/www.cm-benavente.pt\/wp-content\/uploads\/2025\/03\/carnaval-samora-correia-desfile-domingo-5-1024x668.jpg\" data-width=\"800\" data-height=\"522\" aria-label=\"\" role=\"img\" ><\/div>\n\t\t\t\t\t\t\t\t\t\t\t<div class=\"elementor-gallery-item__overlay\"><\/div>\n\t\t\t\t\t\t\t\t\t\t\t\t\t\t<\/a>\n\t\t\t\t\t\t\t<a class=\"e-gallery-item elementor-gallery-item elementor-animated-content\" href=\"https:\/\/www.cm-benavente.pt\/wp-content\/uploads\/2025\/03\/carnaval-samora-correia-desfile-domingo-6.jpg\" data-elementor-open-lightbox=\"yes\" data-elementor-lightbox-slideshow=\"1169347\" data-elementor-lightbox-title=\"carnaval samora correia desfile domingo (6)\" data-e-action-hash=\"#elementor-action%3Aaction%3Dlightbox%26settings%3DeyJpZCI6Njc2MzksInVybCI6Imh0dHBzOlwvXC93d3cuY20tYmVuYXZlbnRlLnB0XC93cC1jb250ZW50XC91cGxvYWRzXC8yMDI1XC8wM1wvY2FybmF2YWwtc2Ftb3JhLWNvcnJlaWEtZGVzZmlsZS1kb21pbmdvLTYuanBnIiwic2xpZGVzaG93IjoiMTE2OTM0NyJ9\">\n\t\t\t\t\t<div class=\"e-gallery-image elementor-gallery-item__image\" data-thumbnail=\"https:\/\/www.cm-benavente.pt\/wp-content\/uploads\/2025\/03\/carnaval-samora-correia-desfile-domingo-6-1024x662.jpg\" data-width=\"800\" data-height=\"517\" aria-label=\"\" role=\"img\" ><\/div>\n\t\t\t\t\t\t\t\t\t\t\t<div class=\"elementor-gallery-item__overlay\"><\/div>\n\t\t\t\t\t\t\t\t\t\t\t\t\t\t<\/a>\n\t\t\t\t\t\t\t<a class=\"e-gallery-item elementor-gallery-item elementor-animated-content\" href=\"https:\/\/www.cm-benavente.pt\/wp-content\/uploads\/2025\/03\/carnaval-samora-correia-desfile-domingo-7.jpg\" data-elementor-open-lightbox=\"yes\" data-elementor-lightbox-slideshow=\"1169347\" data-elementor-lightbox-title=\"carnaval samora correia desfile domingo (7)\" data-e-action-hash=\"#elementor-action%3Aaction%3Dlightbox%26settings%3DeyJpZCI6Njc2NDAsInVybCI6Imh0dHBzOlwvXC93d3cuY20tYmVuYXZlbnRlLnB0XC93cC1jb250ZW50XC91cGxvYWRzXC8yMDI1XC8wM1wvY2FybmF2YWwtc2Ftb3JhLWNvcnJlaWEtZGVzZmlsZS1kb21pbmdvLTcuanBnIiwic2xpZGVzaG93IjoiMTE2OTM0NyJ9\">\n\t\t\t\t\t<div class=\"e-gallery-image elementor-gallery-item__image\" data-thumbnail=\"https:\/\/www.cm-benavente.pt\/wp-content\/uploads\/2025\/03\/carnaval-samora-correia-desfile-domingo-7-1024x716.jpg\" data-width=\"800\" data-height=\"559\" aria-label=\"\" role=\"img\" ><\/div>\n\t\t\t\t\t\t\t\t\t\t\t<div class=\"elementor-gallery-item__overlay\"><\/div>\n\t\t\t\t\t\t\t\t\t\t\t\t\t\t<\/a>\n\t\t\t\t\t\t\t<a class=\"e-gallery-item elementor-gallery-item elementor-animated-content\" href=\"https:\/\/www.cm-benavente.pt\/wp-content\/uploads\/2025\/03\/carnaval-samora-correia-desfile-domingo-8.jpg\" data-elementor-open-lightbox=\"yes\" data-elementor-lightbox-slideshow=\"1169347\" data-elementor-lightbox-title=\"carnaval samora correia desfile domingo (8)\" data-e-action-hash=\"#elementor-action%3Aaction%3Dlightbox%26settings%3DeyJpZCI6Njc2NDEsInVybCI6Imh0dHBzOlwvXC93d3cuY20tYmVuYXZlbnRlLnB0XC93cC1jb250ZW50XC91cGxvYWRzXC8yMDI1XC8wM1wvY2FybmF2YWwtc2Ftb3JhLWNvcnJlaWEtZGVzZmlsZS1kb21pbmdvLTguanBnIiwic2xpZGVzaG93IjoiMTE2OTM0NyJ9\">\n\t\t\t\t\t<div class=\"e-gallery-image elementor-gallery-item__image\" data-thumbnail=\"https:\/\/www.cm-benavente.pt\/wp-content\/uploads\/2025\/03\/carnaval-samora-correia-desfile-domingo-8-1024x683.jpg\" data-width=\"800\" data-height=\"534\" aria-label=\"\" role=\"img\" ><\/div>\n\t\t\t\t\t\t\t\t\t\t\t<div class=\"elementor-gallery-item__overlay\"><\/div>\n\t\t\t\t\t\t\t\t\t\t\t\t\t\t<\/a>\n\t\t\t\t\t\t\t<a class=\"e-gallery-item elementor-gallery-item elementor-animated-content\" href=\"https:\/\/www.cm-benavente.pt\/wp-content\/uploads\/2025\/03\/carnaval-samora-correia-desfile-domingo-9.jpg\" data-elementor-open-lightbox=\"yes\" data-elementor-lightbox-slideshow=\"1169347\" data-elementor-lightbox-title=\"carnaval samora correia desfile domingo (9)\" data-e-action-hash=\"#elementor-action%3Aaction%3Dlightbox%26settings%3DeyJpZCI6Njc2NDIsInVybCI6Imh0dHBzOlwvXC93d3cuY20tYmVuYXZlbnRlLnB0XC93cC1jb250ZW50XC91cGxvYWRzXC8yMDI1XC8wM1wvY2FybmF2YWwtc2Ftb3JhLWNvcnJlaWEtZGVzZmlsZS1kb21pbmdvLTkuanBnIiwic2xpZGVzaG93IjoiMTE2OTM0NyJ9\">\n\t\t\t\t\t<div class=\"e-gallery-image elementor-gallery-item__image\" data-thumbnail=\"https:\/\/www.cm-benavente.pt\/wp-content\/uploads\/2025\/03\/carnaval-samora-correia-desfile-domingo-9-1024x683.jpg\" data-width=\"800\" data-height=\"534\" aria-label=\"\" role=\"img\" ><\/div>\n\t\t\t\t\t\t\t\t\t\t\t<div class=\"elementor-gallery-item__overlay\"><\/div>\n\t\t\t\t\t\t\t\t\t\t\t\t\t\t<\/a>\n\t\t\t\t\t\t\t<a class=\"e-gallery-item elementor-gallery-item elementor-animated-content\" href=\"https:\/\/www.cm-benavente.pt\/wp-content\/uploads\/2025\/03\/carnaval-samora-correia-desfile-domingo-10-scaled.jpg\" data-elementor-open-lightbox=\"yes\" data-elementor-lightbox-slideshow=\"1169347\" data-elementor-lightbox-title=\"carnaval samora correia desfile domingo (10)\" data-e-action-hash=\"#elementor-action%3Aaction%3Dlightbox%26settings%3DeyJpZCI6Njc2NDMsInVybCI6Imh0dHBzOlwvXC93d3cuY20tYmVuYXZlbnRlLnB0XC93cC1jb250ZW50XC91cGxvYWRzXC8yMDI1XC8wM1wvY2FybmF2YWwtc2Ftb3JhLWNvcnJlaWEtZGVzZmlsZS1kb21pbmdvLTEwLXNjYWxlZC5qcGciLCJzbGlkZXNob3ciOiIxMTY5MzQ3In0%3D\">\n\t\t\t\t\t<div class=\"e-gallery-image elementor-gallery-item__image\" data-thumbnail=\"https:\/\/www.cm-benavente.pt\/wp-content\/uploads\/2025\/03\/carnaval-samora-correia-desfile-domingo-10-1024x640.jpg\" data-width=\"800\" data-height=\"500\" aria-label=\"\" role=\"img\" ><\/div>\n\t\t\t\t\t\t\t\t\t\t\t<div class=\"elementor-gallery-item__overlay\"><\/div>\n\t\t\t\t\t\t\t\t\t\t\t\t\t\t<\/a>\n\t\t\t\t\t\t\t<a class=\"e-gallery-item elementor-gallery-item elementor-animated-content\" href=\"https:\/\/www.cm-benavente.pt\/wp-content\/uploads\/2025\/03\/carnaval-samora-correia-desfile-domingo-11.jpg\" data-elementor-open-lightbox=\"yes\" data-elementor-lightbox-slideshow=\"1169347\" data-elementor-lightbox-title=\"carnaval samora correia desfile domingo (11)\" data-e-action-hash=\"#elementor-action%3Aaction%3Dlightbox%26settings%3DeyJpZCI6Njc2NDQsInVybCI6Imh0dHBzOlwvXC93d3cuY20tYmVuYXZlbnRlLnB0XC93cC1jb250ZW50XC91cGxvYWRzXC8yMDI1XC8wM1wvY2FybmF2YWwtc2Ftb3JhLWNvcnJlaWEtZGVzZmlsZS1kb21pbmdvLTExLmpwZyIsInNsaWRlc2hvdyI6IjExNjkzNDcifQ%3D%3D\">\n\t\t\t\t\t<div class=\"e-gallery-image elementor-gallery-item__image\" data-thumbnail=\"https:\/\/www.cm-benavente.pt\/wp-content\/uploads\/2025\/03\/carnaval-samora-correia-desfile-domingo-11-1024x595.jpg\" data-width=\"800\" data-height=\"465\" aria-label=\"\" role=\"img\" ><\/div>\n\t\t\t\t\t\t\t\t\t\t\t<div class=\"elementor-gallery-item__overlay\"><\/div>\n\t\t\t\t\t\t\t\t\t\t\t\t\t\t<\/a>\n\t\t\t\t\t\t\t<a class=\"e-gallery-item elementor-gallery-item elementor-animated-content\" href=\"https:\/\/www.cm-benavente.pt\/wp-content\/uploads\/2025\/03\/carnaval-samora-correia-desfile-domingo-12-scaled.jpg\" data-elementor-open-lightbox=\"yes\" data-elementor-lightbox-slideshow=\"1169347\" data-elementor-lightbox-title=\"carnaval samora correia desfile domingo (12)\" data-e-action-hash=\"#elementor-action%3Aaction%3Dlightbox%26settings%3DeyJpZCI6Njc2NDUsInVybCI6Imh0dHBzOlwvXC93d3cuY20tYmVuYXZlbnRlLnB0XC93cC1jb250ZW50XC91cGxvYWRzXC8yMDI1XC8wM1wvY2FybmF2YWwtc2Ftb3JhLWNvcnJlaWEtZGVzZmlsZS1kb21pbmdvLTEyLXNjYWxlZC5qcGciLCJzbGlkZXNob3ciOiIxMTY5MzQ3In0%3D\">\n\t\t\t\t\t<div class=\"e-gallery-image elementor-gallery-item__image\" data-thumbnail=\"https:\/\/www.cm-benavente.pt\/wp-content\/uploads\/2025\/03\/carnaval-samora-correia-desfile-domingo-12-1024x682.jpg\" data-width=\"800\" data-height=\"533\" aria-label=\"\" role=\"img\" ><\/div>\n\t\t\t\t\t\t\t\t\t\t\t<div class=\"elementor-gallery-item__overlay\"><\/div>\n\t\t\t\t\t\t\t\t\t\t\t\t\t\t<\/a>\n\t\t\t\t\t\t\t<a class=\"e-gallery-item elementor-gallery-item elementor-animated-content\" href=\"https:\/\/www.cm-benavente.pt\/wp-content\/uploads\/2025\/03\/carnaval-samora-correia-desfile-domingo-13.jpg\" data-elementor-open-lightbox=\"yes\" data-elementor-lightbox-slideshow=\"1169347\" data-elementor-lightbox-title=\"carnaval samora correia desfile domingo (13)\" data-e-action-hash=\"#elementor-action%3Aaction%3Dlightbox%26settings%3DeyJpZCI6Njc2NDYsInVybCI6Imh0dHBzOlwvXC93d3cuY20tYmVuYXZlbnRlLnB0XC93cC1jb250ZW50XC91cGxvYWRzXC8yMDI1XC8wM1wvY2FybmF2YWwtc2Ftb3JhLWNvcnJlaWEtZGVzZmlsZS1kb21pbmdvLTEzLmpwZyIsInNsaWRlc2hvdyI6IjExNjkzNDcifQ%3D%3D\">\n\t\t\t\t\t<div class=\"e-gallery-image elementor-gallery-item__image\" data-thumbnail=\"https:\/\/www.cm-benavente.pt\/wp-content\/uploads\/2025\/03\/carnaval-samora-correia-desfile-domingo-13-1024x616.jpg\" data-width=\"800\" data-height=\"481\" aria-label=\"\" role=\"img\" ><\/div>\n\t\t\t\t\t\t\t\t\t\t\t<div class=\"elementor-gallery-item__overlay\"><\/div>\n\t\t\t\t\t\t\t\t\t\t\t\t\t\t<\/a>\n\t\t\t\t\t\t\t<a class=\"e-gallery-item elementor-gallery-item elementor-animated-content\" href=\"https:\/\/www.cm-benavente.pt\/wp-content\/uploads\/2025\/03\/carnaval-samora-correia-desfile-domingo-14.jpg\" data-elementor-open-lightbox=\"yes\" data-elementor-lightbox-slideshow=\"1169347\" data-elementor-lightbox-title=\"carnaval samora correia desfile domingo (14)\" data-e-action-hash=\"#elementor-action%3Aaction%3Dlightbox%26settings%3DeyJpZCI6Njc2NDcsInVybCI6Imh0dHBzOlwvXC93d3cuY20tYmVuYXZlbnRlLnB0XC93cC1jb250ZW50XC91cGxvYWRzXC8yMDI1XC8wM1wvY2FybmF2YWwtc2Ftb3JhLWNvcnJlaWEtZGVzZmlsZS1kb21pbmdvLTE0LmpwZyIsInNsaWRlc2hvdyI6IjExNjkzNDcifQ%3D%3D\">\n\t\t\t\t\t<div class=\"e-gallery-image elementor-gallery-item__image\" data-thumbnail=\"https:\/\/www.cm-benavente.pt\/wp-content\/uploads\/2025\/03\/carnaval-samora-correia-desfile-domingo-14-1024x583.jpg\" data-width=\"800\" data-height=\"455\" aria-label=\"\" role=\"img\" ><\/div>\n\t\t\t\t\t\t\t\t\t\t\t<div class=\"elementor-gallery-item__overlay\"><\/div>\n\t\t\t\t\t\t\t\t\t\t\t\t\t\t<\/a>\n\t\t\t\t\t\t\t<a class=\"e-gallery-item elementor-gallery-item elementor-animated-content\" href=\"https:\/\/www.cm-benavente.pt\/wp-content\/uploads\/2025\/03\/carnaval-samora-correia-desfile-domingo-15.jpg\" data-elementor-open-lightbox=\"yes\" data-elementor-lightbox-slideshow=\"1169347\" data-elementor-lightbox-title=\"carnaval samora correia desfile domingo (15)\" data-e-action-hash=\"#elementor-action%3Aaction%3Dlightbox%26settings%3DeyJpZCI6Njc2NDgsInVybCI6Imh0dHBzOlwvXC93d3cuY20tYmVuYXZlbnRlLnB0XC93cC1jb250ZW50XC91cGxvYWRzXC8yMDI1XC8wM1wvY2FybmF2YWwtc2Ftb3JhLWNvcnJlaWEtZGVzZmlsZS1kb21pbmdvLTE1LmpwZyIsInNsaWRlc2hvdyI6IjExNjkzNDcifQ%3D%3D\">\n\t\t\t\t\t<div class=\"e-gallery-image elementor-gallery-item__image\" data-thumbnail=\"https:\/\/www.cm-benavente.pt\/wp-content\/uploads\/2025\/03\/carnaval-samora-correia-desfile-domingo-15-1024x616.jpg\" data-width=\"800\" data-height=\"481\" aria-label=\"\" role=\"img\" ><\/div>\n\t\t\t\t\t\t\t\t\t\t\t<div class=\"elementor-gallery-item__overlay\"><\/div>\n\t\t\t\t\t\t\t\t\t\t\t\t\t\t<\/a>\n\t\t\t\t\t\t\t<a class=\"e-gallery-item elementor-gallery-item elementor-animated-content\" href=\"https:\/\/www.cm-benavente.pt\/wp-content\/uploads\/2025\/03\/carnaval-samora-correia-desfile-domingo-16-scaled.jpg\" data-elementor-open-lightbox=\"yes\" data-elementor-lightbox-slideshow=\"1169347\" data-elementor-lightbox-title=\"carnaval samora correia desfile domingo (16)\" data-e-action-hash=\"#elementor-action%3Aaction%3Dlightbox%26settings%3DeyJpZCI6Njc2NDksInVybCI6Imh0dHBzOlwvXC93d3cuY20tYmVuYXZlbnRlLnB0XC93cC1jb250ZW50XC91cGxvYWRzXC8yMDI1XC8wM1wvY2FybmF2YWwtc2Ftb3JhLWNvcnJlaWEtZGVzZmlsZS1kb21pbmdvLTE2LXNjYWxlZC5qcGciLCJzbGlkZXNob3ciOiIxMTY5MzQ3In0%3D\">\n\t\t\t\t\t<div class=\"e-gallery-image elementor-gallery-item__image\" data-thumbnail=\"https:\/\/www.cm-benavente.pt\/wp-content\/uploads\/2025\/03\/carnaval-samora-correia-desfile-domingo-16-1024x714.jpg\" data-width=\"800\" data-height=\"558\" aria-label=\"\" role=\"img\" ><\/div>\n\t\t\t\t\t\t\t\t\t\t\t<div class=\"elementor-gallery-item__overlay\"><\/div>\n\t\t\t\t\t\t\t\t\t\t\t\t\t\t<\/a>\n\t\t\t\t\t\t\t<a class=\"e-gallery-item elementor-gallery-item elementor-animated-content\" href=\"https:\/\/www.cm-benavente.pt\/wp-content\/uploads\/2025\/03\/carnaval-samora-correia-desfile-domingo-17.jpg\" data-elementor-open-lightbox=\"yes\" data-elementor-lightbox-slideshow=\"1169347\" data-elementor-lightbox-title=\"carnaval samora correia desfile domingo (17)\" data-e-action-hash=\"#elementor-action%3Aaction%3Dlightbox%26settings%3DeyJpZCI6Njc2NTAsInVybCI6Imh0dHBzOlwvXC93d3cuY20tYmVuYXZlbnRlLnB0XC93cC1jb250ZW50XC91cGxvYWRzXC8yMDI1XC8wM1wvY2FybmF2YWwtc2Ftb3JhLWNvcnJlaWEtZGVzZmlsZS1kb21pbmdvLTE3LmpwZyIsInNsaWRlc2hvdyI6IjExNjkzNDcifQ%3D%3D\">\n\t\t\t\t\t<div class=\"e-gallery-image elementor-gallery-item__image\" data-thumbnail=\"https:\/\/www.cm-benavente.pt\/wp-content\/uploads\/2025\/03\/carnaval-samora-correia-desfile-domingo-17-1024x599.jpg\" data-width=\"800\" data-height=\"468\" aria-label=\"\" role=\"img\" ><\/div>\n\t\t\t\t\t\t\t\t\t\t\t<div class=\"elementor-gallery-item__overlay\"><\/div>\n\t\t\t\t\t\t\t\t\t\t\t\t\t\t<\/a>\n\t\t\t\t\t\t\t<a class=\"e-gallery-item elementor-gallery-item elementor-animated-content\" href=\"https:\/\/www.cm-benavente.pt\/wp-content\/uploads\/2025\/03\/carnaval-samora-correia-desfile-domingo-18.jpg\" data-elementor-open-lightbox=\"yes\" data-elementor-lightbox-slideshow=\"1169347\" data-elementor-lightbox-title=\"carnaval samora correia desfile domingo (18)\" data-e-action-hash=\"#elementor-action%3Aaction%3Dlightbox%26settings%3DeyJpZCI6Njc2NTEsInVybCI6Imh0dHBzOlwvXC93d3cuY20tYmVuYXZlbnRlLnB0XC93cC1jb250ZW50XC91cGxvYWRzXC8yMDI1XC8wM1wvY2FybmF2YWwtc2Ftb3JhLWNvcnJlaWEtZGVzZmlsZS1kb21pbmdvLTE4LmpwZyIsInNsaWRlc2hvdyI6IjExNjkzNDcifQ%3D%3D\">\n\t\t\t\t\t<div class=\"e-gallery-image elementor-gallery-item__image\" data-thumbnail=\"https:\/\/www.cm-benavente.pt\/wp-content\/uploads\/2025\/03\/carnaval-samora-correia-desfile-domingo-18-1024x641.jpg\" data-width=\"800\" data-height=\"501\" aria-label=\"\" role=\"img\" ><\/div>\n\t\t\t\t\t\t\t\t\t\t\t<div class=\"elementor-gallery-item__overlay\"><\/div>\n\t\t\t\t\t\t\t\t\t\t\t\t\t\t<\/a>\n\t\t\t\t\t\t\t<a class=\"e-gallery-item elementor-gallery-item elementor-animated-content\" href=\"https:\/\/www.cm-benavente.pt\/wp-content\/uploads\/2025\/03\/carnaval-samora-correia-desfile-domingo-19.jpg\" data-elementor-open-lightbox=\"yes\" data-elementor-lightbox-slideshow=\"1169347\" data-elementor-lightbox-title=\"carnaval samora correia desfile domingo (19)\" data-e-action-hash=\"#elementor-action%3Aaction%3Dlightbox%26settings%3DeyJpZCI6Njc2NTIsInVybCI6Imh0dHBzOlwvXC93d3cuY20tYmVuYXZlbnRlLnB0XC93cC1jb250ZW50XC91cGxvYWRzXC8yMDI1XC8wM1wvY2FybmF2YWwtc2Ftb3JhLWNvcnJlaWEtZGVzZmlsZS1kb21pbmdvLTE5LmpwZyIsInNsaWRlc2hvdyI6IjExNjkzNDcifQ%3D%3D\">\n\t\t\t\t\t<div class=\"e-gallery-image elementor-gallery-item__image\" data-thumbnail=\"https:\/\/www.cm-benavente.pt\/wp-content\/uploads\/2025\/03\/carnaval-samora-correia-desfile-domingo-19-1024x583.jpg\" data-width=\"800\" data-height=\"455\" aria-label=\"\" role=\"img\" ><\/div>\n\t\t\t\t\t\t\t\t\t\t\t<div class=\"elementor-gallery-item__overlay\"><\/div>\n\t\t\t\t\t\t\t\t\t\t\t\t\t\t<\/a>\n\t\t\t\t\t\t\t<a class=\"e-gallery-item elementor-gallery-item elementor-animated-content\" href=\"https:\/\/www.cm-benavente.pt\/wp-content\/uploads\/2025\/03\/carnaval-samora-correia-desfile-domingo-20.jpg\" data-elementor-open-lightbox=\"yes\" data-elementor-lightbox-slideshow=\"1169347\" data-elementor-lightbox-title=\"carnaval samora correia desfile domingo (20)\" data-e-action-hash=\"#elementor-action%3Aaction%3Dlightbox%26settings%3DeyJpZCI6Njc2NTMsInVybCI6Imh0dHBzOlwvXC93d3cuY20tYmVuYXZlbnRlLnB0XC93cC1jb250ZW50XC91cGxvYWRzXC8yMDI1XC8wM1wvY2FybmF2YWwtc2Ftb3JhLWNvcnJlaWEtZGVzZmlsZS1kb21pbmdvLTIwLmpwZyIsInNsaWRlc2hvdyI6IjExNjkzNDcifQ%3D%3D\">\n\t\t\t\t\t<div class=\"e-gallery-image elementor-gallery-item__image\" data-thumbnail=\"https:\/\/www.cm-benavente.pt\/wp-content\/uploads\/2025\/03\/carnaval-samora-correia-desfile-domingo-20-1024x617.jpg\" data-width=\"800\" data-height=\"482\" aria-label=\"\" role=\"img\" ><\/div>\n\t\t\t\t\t\t\t\t\t\t\t<div class=\"elementor-gallery-item__overlay\"><\/div>\n\t\t\t\t\t\t\t\t\t\t\t\t\t\t<\/a>\n\t\t\t\t\t\t\t<a class=\"e-gallery-item elementor-gallery-item elementor-animated-content\" href=\"https:\/\/www.cm-benavente.pt\/wp-content\/uploads\/2025\/03\/carnaval-samora-correia-desfile-domingo-21.jpg\" data-elementor-open-lightbox=\"yes\" data-elementor-lightbox-slideshow=\"1169347\" data-elementor-lightbox-title=\"carnaval samora correia desfile domingo (21)\" data-e-action-hash=\"#elementor-action%3Aaction%3Dlightbox%26settings%3DeyJpZCI6Njc2NTQsInVybCI6Imh0dHBzOlwvXC93d3cuY20tYmVuYXZlbnRlLnB0XC93cC1jb250ZW50XC91cGxvYWRzXC8yMDI1XC8wM1wvY2FybmF2YWwtc2Ftb3JhLWNvcnJlaWEtZGVzZmlsZS1kb21pbmdvLTIxLmpwZyIsInNsaWRlc2hvdyI6IjExNjkzNDcifQ%3D%3D\">\n\t\t\t\t\t<div class=\"e-gallery-image elementor-gallery-item__image\" data-thumbnail=\"https:\/\/www.cm-benavente.pt\/wp-content\/uploads\/2025\/03\/carnaval-samora-correia-desfile-domingo-21-1024x606.jpg\" data-width=\"800\" data-height=\"473\" aria-label=\"\" role=\"img\" ><\/div>\n\t\t\t\t\t\t\t\t\t\t\t<div class=\"elementor-gallery-item__overlay\"><\/div>\n\t\t\t\t\t\t\t\t\t\t\t\t\t\t<\/a>\n\t\t\t\t\t\t\t<a class=\"e-gallery-item elementor-gallery-item elementor-animated-content\" href=\"https:\/\/www.cm-benavente.pt\/wp-content\/uploads\/2025\/03\/carnaval-samora-correia-desfile-domingo-22.jpg\" data-elementor-open-lightbox=\"yes\" data-elementor-lightbox-slideshow=\"1169347\" data-elementor-lightbox-title=\"carnaval samora correia desfile domingo (22)\" data-e-action-hash=\"#elementor-action%3Aaction%3Dlightbox%26settings%3DeyJpZCI6Njc2NTUsInVybCI6Imh0dHBzOlwvXC93d3cuY20tYmVuYXZlbnRlLnB0XC93cC1jb250ZW50XC91cGxvYWRzXC8yMDI1XC8wM1wvY2FybmF2YWwtc2Ftb3JhLWNvcnJlaWEtZGVzZmlsZS1kb21pbmdvLTIyLmpwZyIsInNsaWRlc2hvdyI6IjExNjkzNDcifQ%3D%3D\">\n\t\t\t\t\t<div class=\"e-gallery-image elementor-gallery-item__image\" data-thumbnail=\"https:\/\/www.cm-benavente.pt\/wp-content\/uploads\/2025\/03\/carnaval-samora-correia-desfile-domingo-22-1024x522.jpg\" data-width=\"800\" data-height=\"408\" aria-label=\"\" role=\"img\" ><\/div>\n\t\t\t\t\t\t\t\t\t\t\t<div class=\"elementor-gallery-item__overlay\"><\/div>\n\t\t\t\t\t\t\t\t\t\t\t\t\t\t<\/a>\n\t\t\t\t\t\t\t<a class=\"e-gallery-item elementor-gallery-item elementor-animated-content\" href=\"https:\/\/www.cm-benavente.pt\/wp-content\/uploads\/2025\/03\/carnaval-samora-correia-desfile-domingo-23.jpg\" data-elementor-open-lightbox=\"yes\" data-elementor-lightbox-slideshow=\"1169347\" data-elementor-lightbox-title=\"carnaval samora correia desfile domingo (23)\" data-e-action-hash=\"#elementor-action%3Aaction%3Dlightbox%26settings%3DeyJpZCI6Njc2NTYsInVybCI6Imh0dHBzOlwvXC93d3cuY20tYmVuYXZlbnRlLnB0XC93cC1jb250ZW50XC91cGxvYWRzXC8yMDI1XC8wM1wvY2FybmF2YWwtc2Ftb3JhLWNvcnJlaWEtZGVzZmlsZS1kb21pbmdvLTIzLmpwZyIsInNsaWRlc2hvdyI6IjExNjkzNDcifQ%3D%3D\">\n\t\t\t\t\t<div class=\"e-gallery-image elementor-gallery-item__image\" data-thumbnail=\"https:\/\/www.cm-benavente.pt\/wp-content\/uploads\/2025\/03\/carnaval-samora-correia-desfile-domingo-23-1024x607.jpg\" data-width=\"800\" data-height=\"474\" aria-label=\"\" role=\"img\" ><\/div>\n\t\t\t\t\t\t\t\t\t\t\t<div class=\"elementor-gallery-item__overlay\"><\/div>\n\t\t\t\t\t\t\t\t\t\t\t\t\t\t<\/a>\n\t\t\t\t\t\t\t<a class=\"e-gallery-item elementor-gallery-item elementor-animated-content\" href=\"https:\/\/www.cm-benavente.pt\/wp-content\/uploads\/2025\/03\/carnaval-samora-correia-desfile-domingo-24-scaled.jpg\" data-elementor-open-lightbox=\"yes\" data-elementor-lightbox-slideshow=\"1169347\" data-elementor-lightbox-title=\"carnaval samora correia desfile domingo (24)\" data-e-action-hash=\"#elementor-action%3Aaction%3Dlightbox%26settings%3DeyJpZCI6Njc2NTcsInVybCI6Imh0dHBzOlwvXC93d3cuY20tYmVuYXZlbnRlLnB0XC93cC1jb250ZW50XC91cGxvYWRzXC8yMDI1XC8wM1wvY2FybmF2YWwtc2Ftb3JhLWNvcnJlaWEtZGVzZmlsZS1kb21pbmdvLTI0LXNjYWxlZC5qcGciLCJzbGlkZXNob3ciOiIxMTY5MzQ3In0%3D\">\n\t\t\t\t\t<div class=\"e-gallery-image elementor-gallery-item__image\" data-thumbnail=\"https:\/\/www.cm-benavente.pt\/wp-content\/uploads\/2025\/03\/carnaval-samora-correia-desfile-domingo-24-1024x560.jpg\" data-width=\"800\" data-height=\"438\" aria-label=\"\" role=\"img\" ><\/div>\n\t\t\t\t\t\t\t\t\t\t\t<div class=\"elementor-gallery-item__overlay\"><\/div>\n\t\t\t\t\t\t\t\t\t\t\t\t\t\t<\/a>\n\t\t\t\t\t\t\t<a class=\"e-gallery-item elementor-gallery-item elementor-animated-content\" href=\"https:\/\/www.cm-benavente.pt\/wp-content\/uploads\/2025\/03\/carnaval-samora-correia-desfile-domingo-25-scaled.jpg\" data-elementor-open-lightbox=\"yes\" data-elementor-lightbox-slideshow=\"1169347\" data-elementor-lightbox-title=\"carnaval samora correia desfile domingo (25)\" data-e-action-hash=\"#elementor-action%3Aaction%3Dlightbox%26settings%3DeyJpZCI6Njc2NTgsInVybCI6Imh0dHBzOlwvXC93d3cuY20tYmVuYXZlbnRlLnB0XC93cC1jb250ZW50XC91cGxvYWRzXC8yMDI1XC8wM1wvY2FybmF2YWwtc2Ftb3JhLWNvcnJlaWEtZGVzZmlsZS1kb21pbmdvLTI1LXNjYWxlZC5qcGciLCJzbGlkZXNob3ciOiIxMTY5MzQ3In0%3D\">\n\t\t\t\t\t<div class=\"e-gallery-image elementor-gallery-item__image\" data-thumbnail=\"https:\/\/www.cm-benavente.pt\/wp-content\/uploads\/2025\/03\/carnaval-samora-correia-desfile-domingo-25-1024x686.jpg\" data-width=\"800\" data-height=\"536\" aria-label=\"\" role=\"img\" ><\/div>\n\t\t\t\t\t\t\t\t\t\t\t<div class=\"elementor-gallery-item__overlay\"><\/div>\n\t\t\t\t\t\t\t\t\t\t\t\t\t\t<\/a>\n\t\t\t\t\t\t\t<a class=\"e-gallery-item elementor-gallery-item elementor-animated-content\" href=\"https:\/\/www.cm-benavente.pt\/wp-content\/uploads\/2025\/03\/carnaval-samora-correia-desfile-domingo-26-scaled.jpg\" data-elementor-open-lightbox=\"yes\" data-elementor-lightbox-slideshow=\"1169347\" data-elementor-lightbox-title=\"carnaval samora correia desfile domingo (26)\" data-e-action-hash=\"#elementor-action%3Aaction%3Dlightbox%26settings%3DeyJpZCI6Njc2NTksInVybCI6Imh0dHBzOlwvXC93d3cuY20tYmVuYXZlbnRlLnB0XC93cC1jb250ZW50XC91cGxvYWRzXC8yMDI1XC8wM1wvY2FybmF2YWwtc2Ftb3JhLWNvcnJlaWEtZGVzZmlsZS1kb21pbmdvLTI2LXNjYWxlZC5qcGciLCJzbGlkZXNob3ciOiIxMTY5MzQ3In0%3D\">\n\t\t\t\t\t<div class=\"e-gallery-image elementor-gallery-item__image\" data-thumbnail=\"https:\/\/www.cm-benavente.pt\/wp-content\/uploads\/2025\/03\/carnaval-samora-correia-desfile-domingo-26-1024x682.jpg\" data-width=\"800\" data-height=\"533\" aria-label=\"\" role=\"img\" ><\/div>\n\t\t\t\t\t\t\t\t\t\t\t<div class=\"elementor-gallery-item__overlay\"><\/div>\n\t\t\t\t\t\t\t\t\t\t\t\t\t\t<\/a>\n\t\t\t\t\t\t\t<a class=\"e-gallery-item elementor-gallery-item elementor-animated-content\" href=\"https:\/\/www.cm-benavente.pt\/wp-content\/uploads\/2025\/03\/carnaval-samora-correia-desfile-domingo-27.jpg\" data-elementor-open-lightbox=\"yes\" data-elementor-lightbox-slideshow=\"1169347\" data-elementor-lightbox-title=\"carnaval samora correia desfile domingo (27)\" data-e-action-hash=\"#elementor-action%3Aaction%3Dlightbox%26settings%3DeyJpZCI6Njc2NjAsInVybCI6Imh0dHBzOlwvXC93d3cuY20tYmVuYXZlbnRlLnB0XC93cC1jb250ZW50XC91cGxvYWRzXC8yMDI1XC8wM1wvY2FybmF2YWwtc2Ftb3JhLWNvcnJlaWEtZGVzZmlsZS1kb21pbmdvLTI3LmpwZyIsInNsaWRlc2hvdyI6IjExNjkzNDcifQ%3D%3D\">\n\t\t\t\t\t<div class=\"e-gallery-image elementor-gallery-item__image\" data-thumbnail=\"https:\/\/www.cm-benavente.pt\/wp-content\/uploads\/2025\/03\/carnaval-samora-correia-desfile-domingo-27-1024x683.jpg\" data-width=\"800\" data-height=\"534\" aria-label=\"\" role=\"img\" ><\/div>\n\t\t\t\t\t\t\t\t\t\t\t<div class=\"elementor-gallery-item__overlay\"><\/div>\n\t\t\t\t\t\t\t\t\t\t\t\t\t\t<\/a>\n\t\t\t\t\t\t\t<a class=\"e-gallery-item elementor-gallery-item elementor-animated-content\" href=\"https:\/\/www.cm-benavente.pt\/wp-content\/uploads\/2025\/03\/carnaval-samora-correia-desfile-domingo-28-scaled.jpg\" data-elementor-open-lightbox=\"yes\" data-elementor-lightbox-slideshow=\"1169347\" data-elementor-lightbox-title=\"carnaval samora correia desfile domingo (28)\" data-e-action-hash=\"#elementor-action%3Aaction%3Dlightbox%26settings%3DeyJpZCI6Njc2NjEsInVybCI6Imh0dHBzOlwvXC93d3cuY20tYmVuYXZlbnRlLnB0XC93cC1jb250ZW50XC91cGxvYWRzXC8yMDI1XC8wM1wvY2FybmF2YWwtc2Ftb3JhLWNvcnJlaWEtZGVzZmlsZS1kb21pbmdvLTI4LXNjYWxlZC5qcGciLCJzbGlkZXNob3ciOiIxMTY5MzQ3In0%3D\">\n\t\t\t\t\t<div class=\"e-gallery-image elementor-gallery-item__image\" data-thumbnail=\"https:\/\/www.cm-benavente.pt\/wp-content\/uploads\/2025\/03\/carnaval-samora-correia-desfile-domingo-28-1024x667.jpg\" data-width=\"800\" data-height=\"521\" aria-label=\"\" role=\"img\" ><\/div>\n\t\t\t\t\t\t\t\t\t\t\t<div class=\"elementor-gallery-item__overlay\"><\/div>\n\t\t\t\t\t\t\t\t\t\t\t\t\t\t<\/a>\n\t\t\t\t\t\t\t<a class=\"e-gallery-item elementor-gallery-item elementor-animated-content\" href=\"https:\/\/www.cm-benavente.pt\/wp-content\/uploads\/2025\/03\/carnaval-samora-correia-desfile-domingo-29.jpg\" data-elementor-open-lightbox=\"yes\" data-elementor-lightbox-slideshow=\"1169347\" data-elementor-lightbox-title=\"carnaval samora correia desfile domingo (29)\" data-e-action-hash=\"#elementor-action%3Aaction%3Dlightbox%26settings%3DeyJpZCI6Njc2NjIsInVybCI6Imh0dHBzOlwvXC93d3cuY20tYmVuYXZlbnRlLnB0XC93cC1jb250ZW50XC91cGxvYWRzXC8yMDI1XC8wM1wvY2FybmF2YWwtc2Ftb3JhLWNvcnJlaWEtZGVzZmlsZS1kb21pbmdvLTI5LmpwZyIsInNsaWRlc2hvdyI6IjExNjkzNDcifQ%3D%3D\">\n\t\t\t\t\t<div class=\"e-gallery-image elementor-gallery-item__image\" data-thumbnail=\"https:\/\/www.cm-benavente.pt\/wp-content\/uploads\/2025\/03\/carnaval-samora-correia-desfile-domingo-29-1024x664.jpg\" data-width=\"800\" data-height=\"519\" aria-label=\"\" role=\"img\" ><\/div>\n\t\t\t\t\t\t\t\t\t\t\t<div class=\"elementor-gallery-item__overlay\"><\/div>\n\t\t\t\t\t\t\t\t\t\t\t\t\t\t<\/a>\n\t\t\t\t\t\t\t<a class=\"e-gallery-item elementor-gallery-item elementor-animated-content\" href=\"https:\/\/www.cm-benavente.pt\/wp-content\/uploads\/2025\/03\/carnaval-samora-correia-desfile-domingo-30-scaled.jpg\" data-elementor-open-lightbox=\"yes\" data-elementor-lightbox-slideshow=\"1169347\" data-elementor-lightbox-title=\"carnaval samora correia desfile domingo (30)\" data-e-action-hash=\"#elementor-action%3Aaction%3Dlightbox%26settings%3DeyJpZCI6Njc2NjMsInVybCI6Imh0dHBzOlwvXC93d3cuY20tYmVuYXZlbnRlLnB0XC93cC1jb250ZW50XC91cGxvYWRzXC8yMDI1XC8wM1wvY2FybmF2YWwtc2Ftb3JhLWNvcnJlaWEtZGVzZmlsZS1kb21pbmdvLTMwLXNjYWxlZC5qcGciLCJzbGlkZXNob3ciOiIxMTY5MzQ3In0%3D\">\n\t\t\t\t\t<div class=\"e-gallery-image elementor-gallery-item__image\" data-thumbnail=\"https:\/\/www.cm-benavente.pt\/wp-content\/uploads\/2025\/03\/carnaval-samora-correia-desfile-domingo-30-1024x659.jpg\" data-width=\"800\" data-height=\"515\" aria-label=\"\" role=\"img\" ><\/div>\n\t\t\t\t\t\t\t\t\t\t\t<div class=\"elementor-gallery-item__overlay\"><\/div>\n\t\t\t\t\t\t\t\t\t\t\t\t\t\t<\/a>\n\t\t\t\t\t\t\t<a class=\"e-gallery-item elementor-gallery-item elementor-animated-content\" href=\"https:\/\/www.cm-benavente.pt\/wp-content\/uploads\/2025\/03\/carnaval-samora-correia-desfile-domingo-31.jpg\" data-elementor-open-lightbox=\"yes\" data-elementor-lightbox-slideshow=\"1169347\" data-elementor-lightbox-title=\"carnaval samora correia desfile domingo (31)\" data-e-action-hash=\"#elementor-action%3Aaction%3Dlightbox%26settings%3DeyJpZCI6Njc2NjQsInVybCI6Imh0dHBzOlwvXC93d3cuY20tYmVuYXZlbnRlLnB0XC93cC1jb250ZW50XC91cGxvYWRzXC8yMDI1XC8wM1wvY2FybmF2YWwtc2Ftb3JhLWNvcnJlaWEtZGVzZmlsZS1kb21pbmdvLTMxLmpwZyIsInNsaWRlc2hvdyI6IjExNjkzNDcifQ%3D%3D\">\n\t\t\t\t\t<div class=\"e-gallery-image elementor-gallery-item__image\" data-thumbnail=\"https:\/\/www.cm-benavente.pt\/wp-content\/uploads\/2025\/03\/carnaval-samora-correia-desfile-domingo-31-1024x633.jpg\" data-width=\"800\" data-height=\"495\" aria-label=\"\" role=\"img\" ><\/div>\n\t\t\t\t\t\t\t\t\t\t\t<div class=\"elementor-gallery-item__overlay\"><\/div>\n\t\t\t\t\t\t\t\t\t\t\t\t\t\t<\/a>\n\t\t\t\t\t\t\t<a class=\"e-gallery-item elementor-gallery-item elementor-animated-content\" href=\"https:\/\/www.cm-benavente.pt\/wp-content\/uploads\/2025\/03\/carnaval-samora-correia-desfile-domingo-32.jpg\" data-elementor-open-lightbox=\"yes\" data-elementor-lightbox-slideshow=\"1169347\" data-elementor-lightbox-title=\"carnaval samora correia desfile domingo (32)\" data-e-action-hash=\"#elementor-action%3Aaction%3Dlightbox%26settings%3DeyJpZCI6Njc2NjUsInVybCI6Imh0dHBzOlwvXC93d3cuY20tYmVuYXZlbnRlLnB0XC93cC1jb250ZW50XC91cGxvYWRzXC8yMDI1XC8wM1wvY2FybmF2YWwtc2Ftb3JhLWNvcnJlaWEtZGVzZmlsZS1kb21pbmdvLTMyLmpwZyIsInNsaWRlc2hvdyI6IjExNjkzNDcifQ%3D%3D\">\n\t\t\t\t\t<div class=\"e-gallery-image elementor-gallery-item__image\" data-thumbnail=\"https:\/\/www.cm-benavente.pt\/wp-content\/uploads\/2025\/03\/carnaval-samora-correia-desfile-domingo-32-1024x653.jpg\" data-width=\"800\" data-height=\"510\" aria-label=\"\" role=\"img\" ><\/div>\n\t\t\t\t\t\t\t\t\t\t\t<div class=\"elementor-gallery-item__overlay\"><\/div>\n\t\t\t\t\t\t\t\t\t\t\t\t\t\t<\/a>\n\t\t\t\t\t\t\t<a class=\"e-gallery-item elementor-gallery-item elementor-animated-content\" href=\"https:\/\/www.cm-benavente.pt\/wp-content\/uploads\/2025\/03\/carnaval-samora-correia-desfile-domingo-33.jpg\" data-elementor-open-lightbox=\"yes\" data-elementor-lightbox-slideshow=\"1169347\" data-elementor-lightbox-title=\"carnaval samora correia desfile domingo (33)\" data-e-action-hash=\"#elementor-action%3Aaction%3Dlightbox%26settings%3DeyJpZCI6Njc2NjYsInVybCI6Imh0dHBzOlwvXC93d3cuY20tYmVuYXZlbnRlLnB0XC93cC1jb250ZW50XC91cGxvYWRzXC8yMDI1XC8wM1wvY2FybmF2YWwtc2Ftb3JhLWNvcnJlaWEtZGVzZmlsZS1kb21pbmdvLTMzLmpwZyIsInNsaWRlc2hvdyI6IjExNjkzNDcifQ%3D%3D\">\n\t\t\t\t\t<div class=\"e-gallery-image elementor-gallery-item__image\" data-thumbnail=\"https:\/\/www.cm-benavente.pt\/wp-content\/uploads\/2025\/03\/carnaval-samora-correia-desfile-domingo-33-1024x683.jpg\" data-width=\"800\" data-height=\"534\" aria-label=\"\" role=\"img\" ><\/div>\n\t\t\t\t\t\t\t\t\t\t\t<div class=\"elementor-gallery-item__overlay\"><\/div>\n\t\t\t\t\t\t\t\t\t\t\t\t\t\t<\/a>\n\t\t\t\t\t\t\t<a class=\"e-gallery-item elementor-gallery-item elementor-animated-content\" href=\"https:\/\/www.cm-benavente.pt\/wp-content\/uploads\/2025\/03\/carnaval-samora-correia-desfile-domingo-34.jpg\" data-elementor-open-lightbox=\"yes\" data-elementor-lightbox-slideshow=\"1169347\" data-elementor-lightbox-title=\"carnaval samora correia desfile domingo (34)\" data-e-action-hash=\"#elementor-action%3Aaction%3Dlightbox%26settings%3DeyJpZCI6Njc2NjcsInVybCI6Imh0dHBzOlwvXC93d3cuY20tYmVuYXZlbnRlLnB0XC93cC1jb250ZW50XC91cGxvYWRzXC8yMDI1XC8wM1wvY2FybmF2YWwtc2Ftb3JhLWNvcnJlaWEtZGVzZmlsZS1kb21pbmdvLTM0LmpwZyIsInNsaWRlc2hvdyI6IjExNjkzNDcifQ%3D%3D\">\n\t\t\t\t\t<div class=\"e-gallery-image elementor-gallery-item__image\" data-thumbnail=\"https:\/\/www.cm-benavente.pt\/wp-content\/uploads\/2025\/03\/carnaval-samora-correia-desfile-domingo-34-1024x575.jpg\" data-width=\"800\" data-height=\"449\" aria-label=\"\" role=\"img\" ><\/div>\n\t\t\t\t\t\t\t\t\t\t\t<div class=\"elementor-gallery-item__overlay\"><\/div>\n\t\t\t\t\t\t\t\t\t\t\t\t\t\t<\/a>\n\t\t\t\t\t\t\t<a class=\"e-gallery-item elementor-gallery-item elementor-animated-content\" href=\"https:\/\/www.cm-benavente.pt\/wp-content\/uploads\/2025\/03\/carnaval-samora-correia-desfile-domingo-35.jpg\" data-elementor-open-lightbox=\"yes\" data-elementor-lightbox-slideshow=\"1169347\" data-elementor-lightbox-title=\"carnaval samora correia desfile domingo (35)\" data-e-action-hash=\"#elementor-action%3Aaction%3Dlightbox%26settings%3DeyJpZCI6Njc2NjgsInVybCI6Imh0dHBzOlwvXC93d3cuY20tYmVuYXZlbnRlLnB0XC93cC1jb250ZW50XC91cGxvYWRzXC8yMDI1XC8wM1wvY2FybmF2YWwtc2Ftb3JhLWNvcnJlaWEtZGVzZmlsZS1kb21pbmdvLTM1LmpwZyIsInNsaWRlc2hvdyI6IjExNjkzNDcifQ%3D%3D\">\n\t\t\t\t\t<div class=\"e-gallery-image elementor-gallery-item__image\" data-thumbnail=\"https:\/\/www.cm-benavente.pt\/wp-content\/uploads\/2025\/03\/carnaval-samora-correia-desfile-domingo-35-1024x639.jpg\" data-width=\"800\" data-height=\"499\" aria-label=\"\" role=\"img\" ><\/div>\n\t\t\t\t\t\t\t\t\t\t\t<div class=\"elementor-gallery-item__overlay\"><\/div>\n\t\t\t\t\t\t\t\t\t\t\t\t\t\t<\/a>\n\t\t\t\t\t\t\t<a class=\"e-gallery-item elementor-gallery-item elementor-animated-content\" href=\"https:\/\/www.cm-benavente.pt\/wp-content\/uploads\/2025\/03\/carnaval-samora-correia-desfile-domingo-36.jpg\" data-elementor-open-lightbox=\"yes\" data-elementor-lightbox-slideshow=\"1169347\" data-elementor-lightbox-title=\"carnaval samora correia desfile domingo (36)\" data-e-action-hash=\"#elementor-action%3Aaction%3Dlightbox%26settings%3DeyJpZCI6Njc2NjksInVybCI6Imh0dHBzOlwvXC93d3cuY20tYmVuYXZlbnRlLnB0XC93cC1jb250ZW50XC91cGxvYWRzXC8yMDI1XC8wM1wvY2FybmF2YWwtc2Ftb3JhLWNvcnJlaWEtZGVzZmlsZS1kb21pbmdvLTM2LmpwZyIsInNsaWRlc2hvdyI6IjExNjkzNDcifQ%3D%3D\">\n\t\t\t\t\t<div class=\"e-gallery-image elementor-gallery-item__image\" data-thumbnail=\"https:\/\/www.cm-benavente.pt\/wp-content\/uploads\/2025\/03\/carnaval-samora-correia-desfile-domingo-36-1024x582.jpg\" data-width=\"800\" data-height=\"455\" aria-label=\"\" role=\"img\" ><\/div>\n\t\t\t\t\t\t\t\t\t\t\t<div class=\"elementor-gallery-item__overlay\"><\/div>\n\t\t\t\t\t\t\t\t\t\t\t\t\t\t<\/a>\n\t\t\t\t\t\t\t<a class=\"e-gallery-item elementor-gallery-item elementor-animated-content\" href=\"https:\/\/www.cm-benavente.pt\/wp-content\/uploads\/2025\/03\/carnaval-samora-correia-desfile-domingo-37.jpg\" data-elementor-open-lightbox=\"yes\" data-elementor-lightbox-slideshow=\"1169347\" data-elementor-lightbox-title=\"carnaval samora correia desfile domingo (37)\" data-e-action-hash=\"#elementor-action%3Aaction%3Dlightbox%26settings%3DeyJpZCI6Njc2NzAsInVybCI6Imh0dHBzOlwvXC93d3cuY20tYmVuYXZlbnRlLnB0XC93cC1jb250ZW50XC91cGxvYWRzXC8yMDI1XC8wM1wvY2FybmF2YWwtc2Ftb3JhLWNvcnJlaWEtZGVzZmlsZS1kb21pbmdvLTM3LmpwZyIsInNsaWRlc2hvdyI6IjExNjkzNDcifQ%3D%3D\">\n\t\t\t\t\t<div class=\"e-gallery-image elementor-gallery-item__image\" data-thumbnail=\"https:\/\/www.cm-benavente.pt\/wp-content\/uploads\/2025\/03\/carnaval-samora-correia-desfile-domingo-37-1024x601.jpg\" data-width=\"800\" data-height=\"470\" aria-label=\"\" role=\"img\" ><\/div>\n\t\t\t\t\t\t\t\t\t\t\t<div class=\"elementor-gallery-item__overlay\"><\/div>\n\t\t\t\t\t\t\t\t\t\t\t\t\t\t<\/a>\n\t\t\t\t\t\t\t<a class=\"e-gallery-item elementor-gallery-item elementor-animated-content\" href=\"https:\/\/www.cm-benavente.pt\/wp-content\/uploads\/2025\/03\/carnaval-samora-correia-desfile-domingo-38.jpg\" data-elementor-open-lightbox=\"yes\" data-elementor-lightbox-slideshow=\"1169347\" data-elementor-lightbox-title=\"carnaval samora correia desfile domingo (38)\" data-e-action-hash=\"#elementor-action%3Aaction%3Dlightbox%26settings%3DeyJpZCI6Njc2NzEsInVybCI6Imh0dHBzOlwvXC93d3cuY20tYmVuYXZlbnRlLnB0XC93cC1jb250ZW50XC91cGxvYWRzXC8yMDI1XC8wM1wvY2FybmF2YWwtc2Ftb3JhLWNvcnJlaWEtZGVzZmlsZS1kb21pbmdvLTM4LmpwZyIsInNsaWRlc2hvdyI6IjExNjkzNDcifQ%3D%3D\">\n\t\t\t\t\t<div class=\"e-gallery-image elementor-gallery-item__image\" data-thumbnail=\"https:\/\/www.cm-benavente.pt\/wp-content\/uploads\/2025\/03\/carnaval-samora-correia-desfile-domingo-38-1024x634.jpg\" data-width=\"800\" data-height=\"495\" aria-label=\"\" role=\"img\" ><\/div>\n\t\t\t\t\t\t\t\t\t\t\t<div class=\"elementor-gallery-item__overlay\"><\/div>\n\t\t\t\t\t\t\t\t\t\t\t\t\t\t<\/a>\n\t\t\t\t\t\t\t<a class=\"e-gallery-item elementor-gallery-item elementor-animated-content\" href=\"https:\/\/www.cm-benavente.pt\/wp-content\/uploads\/2025\/03\/carnaval-samora-correia-desfile-domingo-39.jpg\" data-elementor-open-lightbox=\"yes\" data-elementor-lightbox-slideshow=\"1169347\" data-elementor-lightbox-title=\"carnaval samora correia desfile domingo (39)\" data-e-action-hash=\"#elementor-action%3Aaction%3Dlightbox%26settings%3DeyJpZCI6Njc2NzIsInVybCI6Imh0dHBzOlwvXC93d3cuY20tYmVuYXZlbnRlLnB0XC93cC1jb250ZW50XC91cGxvYWRzXC8yMDI1XC8wM1wvY2FybmF2YWwtc2Ftb3JhLWNvcnJlaWEtZGVzZmlsZS1kb21pbmdvLTM5LmpwZyIsInNsaWRlc2hvdyI6IjExNjkzNDcifQ%3D%3D\">\n\t\t\t\t\t<div class=\"e-gallery-image elementor-gallery-item__image\" data-thumbnail=\"https:\/\/www.cm-benavente.pt\/wp-content\/uploads\/2025\/03\/carnaval-samora-correia-desfile-domingo-39-1024x634.jpg\" data-width=\"800\" data-height=\"495\" aria-label=\"\" role=\"img\" ><\/div>\n\t\t\t\t\t\t\t\t\t\t\t<div class=\"elementor-gallery-item__overlay\"><\/div>\n\t\t\t\t\t\t\t\t\t\t\t\t\t\t<\/a>\n\t\t\t\t\t\t\t<a class=\"e-gallery-item elementor-gallery-item elementor-animated-content\" href=\"https:\/\/www.cm-benavente.pt\/wp-content\/uploads\/2025\/03\/carnaval-samora-correia-desfile-domingo-40.jpg\" data-elementor-open-lightbox=\"yes\" data-elementor-lightbox-slideshow=\"1169347\" data-elementor-lightbox-title=\"carnaval samora correia desfile domingo (40)\" data-e-action-hash=\"#elementor-action%3Aaction%3Dlightbox%26settings%3DeyJpZCI6Njc2NzMsInVybCI6Imh0dHBzOlwvXC93d3cuY20tYmVuYXZlbnRlLnB0XC93cC1jb250ZW50XC91cGxvYWRzXC8yMDI1XC8wM1wvY2FybmF2YWwtc2Ftb3JhLWNvcnJlaWEtZGVzZmlsZS1kb21pbmdvLTQwLmpwZyIsInNsaWRlc2hvdyI6IjExNjkzNDcifQ%3D%3D\">\n\t\t\t\t\t<div class=\"e-gallery-image elementor-gallery-item__image\" data-thumbnail=\"https:\/\/www.cm-benavente.pt\/wp-content\/uploads\/2025\/03\/carnaval-samora-correia-desfile-domingo-40-1024x619.jpg\" data-width=\"800\" data-height=\"484\" aria-label=\"\" role=\"img\" ><\/div>\n\t\t\t\t\t\t\t\t\t\t\t<div class=\"elementor-gallery-item__overlay\"><\/div>\n\t\t\t\t\t\t\t\t\t\t\t\t\t\t<\/a>\n\t\t\t\t\t\t\t<a class=\"e-gallery-item elementor-gallery-item elementor-animated-content\" href=\"https:\/\/www.cm-benavente.pt\/wp-content\/uploads\/2025\/03\/carnaval-samora-correia-desfile-domingo-41.jpg\" data-elementor-open-lightbox=\"yes\" data-elementor-lightbox-slideshow=\"1169347\" data-elementor-lightbox-title=\"carnaval samora correia desfile domingo (41)\" data-e-action-hash=\"#elementor-action%3Aaction%3Dlightbox%26settings%3DeyJpZCI6Njc2NzQsInVybCI6Imh0dHBzOlwvXC93d3cuY20tYmVuYXZlbnRlLnB0XC93cC1jb250ZW50XC91cGxvYWRzXC8yMDI1XC8wM1wvY2FybmF2YWwtc2Ftb3JhLWNvcnJlaWEtZGVzZmlsZS1kb21pbmdvLTQxLmpwZyIsInNsaWRlc2hvdyI6IjExNjkzNDcifQ%3D%3D\">\n\t\t\t\t\t<div class=\"e-gallery-image elementor-gallery-item__image\" data-thumbnail=\"https:\/\/www.cm-benavente.pt\/wp-content\/uploads\/2025\/03\/carnaval-samora-correia-desfile-domingo-41-1024x614.jpg\" data-width=\"800\" data-height=\"480\" aria-label=\"\" role=\"img\" ><\/div>\n\t\t\t\t\t\t\t\t\t\t\t<div class=\"elementor-gallery-item__overlay\"><\/div>\n\t\t\t\t\t\t\t\t\t\t\t\t\t\t<\/a>\n\t\t\t\t\t\t\t<a class=\"e-gallery-item elementor-gallery-item elementor-animated-content\" href=\"https:\/\/www.cm-benavente.pt\/wp-content\/uploads\/2025\/03\/carnaval-samora-correia-desfile-domingo-42.jpg\" data-elementor-open-lightbox=\"yes\" data-elementor-lightbox-slideshow=\"1169347\" data-elementor-lightbox-title=\"carnaval samora correia desfile domingo (42)\" data-e-action-hash=\"#elementor-action%3Aaction%3Dlightbox%26settings%3DeyJpZCI6Njc2NzUsInVybCI6Imh0dHBzOlwvXC93d3cuY20tYmVuYXZlbnRlLnB0XC93cC1jb250ZW50XC91cGxvYWRzXC8yMDI1XC8wM1wvY2FybmF2YWwtc2Ftb3JhLWNvcnJlaWEtZGVzZmlsZS1kb21pbmdvLTQyLmpwZyIsInNsaWRlc2hvdyI6IjExNjkzNDcifQ%3D%3D\">\n\t\t\t\t\t<div class=\"e-gallery-image elementor-gallery-item__image\" data-thumbnail=\"https:\/\/www.cm-benavente.pt\/wp-content\/uploads\/2025\/03\/carnaval-samora-correia-desfile-domingo-42-1024x570.jpg\" data-width=\"800\" data-height=\"445\" aria-label=\"\" role=\"img\" ><\/div>\n\t\t\t\t\t\t\t\t\t\t\t<div class=\"elementor-gallery-item__overlay\"><\/div>\n\t\t\t\t\t\t\t\t\t\t\t\t\t\t<\/a>\n\t\t\t\t\t\t\t<a class=\"e-gallery-item elementor-gallery-item elementor-animated-content\" href=\"https:\/\/www.cm-benavente.pt\/wp-content\/uploads\/2025\/03\/carnaval-samora-correia-desfile-domingo-43.jpg\" data-elementor-open-lightbox=\"yes\" data-elementor-lightbox-slideshow=\"1169347\" data-elementor-lightbox-title=\"carnaval samora correia desfile domingo (43)\" data-e-action-hash=\"#elementor-action%3Aaction%3Dlightbox%26settings%3DeyJpZCI6Njc2NzYsInVybCI6Imh0dHBzOlwvXC93d3cuY20tYmVuYXZlbnRlLnB0XC93cC1jb250ZW50XC91cGxvYWRzXC8yMDI1XC8wM1wvY2FybmF2YWwtc2Ftb3JhLWNvcnJlaWEtZGVzZmlsZS1kb21pbmdvLTQzLmpwZyIsInNsaWRlc2hvdyI6IjExNjkzNDcifQ%3D%3D\">\n\t\t\t\t\t<div class=\"e-gallery-image elementor-gallery-item__image\" data-thumbnail=\"https:\/\/www.cm-benavente.pt\/wp-content\/uploads\/2025\/03\/carnaval-samora-correia-desfile-domingo-43-1024x541.jpg\" data-width=\"800\" data-height=\"423\" aria-label=\"\" role=\"img\" ><\/div>\n\t\t\t\t\t\t\t\t\t\t\t<div class=\"elementor-gallery-item__overlay\"><\/div>\n\t\t\t\t\t\t\t\t\t\t\t\t\t\t<\/a>\n\t\t\t\t\t\t\t<a class=\"e-gallery-item elementor-gallery-item elementor-animated-content\" href=\"https:\/\/www.cm-benavente.pt\/wp-content\/uploads\/2025\/03\/carnaval-samora-correia-desfile-domingo-44.jpg\" data-elementor-open-lightbox=\"yes\" data-elementor-lightbox-slideshow=\"1169347\" data-elementor-lightbox-title=\"carnaval samora correia desfile domingo (44)\" data-e-action-hash=\"#elementor-action%3Aaction%3Dlightbox%26settings%3DeyJpZCI6Njc2NzcsInVybCI6Imh0dHBzOlwvXC93d3cuY20tYmVuYXZlbnRlLnB0XC93cC1jb250ZW50XC91cGxvYWRzXC8yMDI1XC8wM1wvY2FybmF2YWwtc2Ftb3JhLWNvcnJlaWEtZGVzZmlsZS1kb21pbmdvLTQ0LmpwZyIsInNsaWRlc2hvdyI6IjExNjkzNDcifQ%3D%3D\">\n\t\t\t\t\t<div class=\"e-gallery-image elementor-gallery-item__image\" data-thumbnail=\"https:\/\/www.cm-benavente.pt\/wp-content\/uploads\/2025\/03\/carnaval-samora-correia-desfile-domingo-44-1024x614.jpg\" data-width=\"800\" data-height=\"480\" aria-label=\"\" role=\"img\" ><\/div>\n\t\t\t\t\t\t\t\t\t\t\t<div class=\"elementor-gallery-item__overlay\"><\/div>\n\t\t\t\t\t\t\t\t\t\t\t\t\t\t<\/a>\n\t\t\t\t\t\t\t<a class=\"e-gallery-item elementor-gallery-item elementor-animated-content\" href=\"https:\/\/www.cm-benavente.pt\/wp-content\/uploads\/2025\/03\/carnaval-samora-correia-desfile-domingo-45.jpg\" data-elementor-open-lightbox=\"yes\" data-elementor-lightbox-slideshow=\"1169347\" data-elementor-lightbox-title=\"carnaval samora correia desfile domingo (45)\" data-e-action-hash=\"#elementor-action%3Aaction%3Dlightbox%26settings%3DeyJpZCI6Njc2NzgsInVybCI6Imh0dHBzOlwvXC93d3cuY20tYmVuYXZlbnRlLnB0XC93cC1jb250ZW50XC91cGxvYWRzXC8yMDI1XC8wM1wvY2FybmF2YWwtc2Ftb3JhLWNvcnJlaWEtZGVzZmlsZS1kb21pbmdvLTQ1LmpwZyIsInNsaWRlc2hvdyI6IjExNjkzNDcifQ%3D%3D\">\n\t\t\t\t\t<div class=\"e-gallery-image elementor-gallery-item__image\" data-thumbnail=\"https:\/\/www.cm-benavente.pt\/wp-content\/uploads\/2025\/03\/carnaval-samora-correia-desfile-domingo-45-1024x683.jpg\" data-width=\"800\" data-height=\"534\" aria-label=\"\" role=\"img\" ><\/div>\n\t\t\t\t\t\t\t\t\t\t\t<div class=\"elementor-gallery-item__overlay\"><\/div>\n\t\t\t\t\t\t\t\t\t\t\t\t\t\t<\/a>\n\t\t\t\t\t\t\t<a class=\"e-gallery-item elementor-gallery-item elementor-animated-content\" href=\"https:\/\/www.cm-benavente.pt\/wp-content\/uploads\/2025\/03\/carnaval-samora-correia-desfile-domingo-46.jpg\" data-elementor-open-lightbox=\"yes\" data-elementor-lightbox-slideshow=\"1169347\" data-elementor-lightbox-title=\"carnaval samora correia desfile domingo (46)\" data-e-action-hash=\"#elementor-action%3Aaction%3Dlightbox%26settings%3DeyJpZCI6Njc2NzksInVybCI6Imh0dHBzOlwvXC93d3cuY20tYmVuYXZlbnRlLnB0XC93cC1jb250ZW50XC91cGxvYWRzXC8yMDI1XC8wM1wvY2FybmF2YWwtc2Ftb3JhLWNvcnJlaWEtZGVzZmlsZS1kb21pbmdvLTQ2LmpwZyIsInNsaWRlc2hvdyI6IjExNjkzNDcifQ%3D%3D\">\n\t\t\t\t\t<div class=\"e-gallery-image elementor-gallery-item__image\" data-thumbnail=\"https:\/\/www.cm-benavente.pt\/wp-content\/uploads\/2025\/03\/carnaval-samora-correia-desfile-domingo-46-1024x683.jpg\" data-width=\"800\" data-height=\"534\" aria-label=\"\" role=\"img\" ><\/div>\n\t\t\t\t\t\t\t\t\t\t\t<div class=\"elementor-gallery-item__overlay\"><\/div>\n\t\t\t\t\t\t\t\t\t\t\t\t\t\t<\/a>\n\t\t\t\t\t\t\t<a class=\"e-gallery-item elementor-gallery-item elementor-animated-content\" href=\"https:\/\/www.cm-benavente.pt\/wp-content\/uploads\/2025\/03\/carnaval-samora-correia-desfile-domingo-47.jpg\" data-elementor-open-lightbox=\"yes\" data-elementor-lightbox-slideshow=\"1169347\" data-elementor-lightbox-title=\"carnaval samora correia desfile domingo (47)\" data-e-action-hash=\"#elementor-action%3Aaction%3Dlightbox%26settings%3DeyJpZCI6Njc2ODAsInVybCI6Imh0dHBzOlwvXC93d3cuY20tYmVuYXZlbnRlLnB0XC93cC1jb250ZW50XC91cGxvYWRzXC8yMDI1XC8wM1wvY2FybmF2YWwtc2Ftb3JhLWNvcnJlaWEtZGVzZmlsZS1kb21pbmdvLTQ3LmpwZyIsInNsaWRlc2hvdyI6IjExNjkzNDcifQ%3D%3D\">\n\t\t\t\t\t<div class=\"e-gallery-image elementor-gallery-item__image\" data-thumbnail=\"https:\/\/www.cm-benavente.pt\/wp-content\/uploads\/2025\/03\/carnaval-samora-correia-desfile-domingo-47-1024x547.jpg\" data-width=\"800\" data-height=\"427\" aria-label=\"\" role=\"img\" ><\/div>\n\t\t\t\t\t\t\t\t\t\t\t<div class=\"elementor-gallery-item__overlay\"><\/div>\n\t\t\t\t\t\t\t\t\t\t\t\t\t\t<\/a>\n\t\t\t\t\t\t\t<a class=\"e-gallery-item elementor-gallery-item elementor-animated-content\" href=\"https:\/\/www.cm-benavente.pt\/wp-content\/uploads\/2025\/03\/carnaval-samora-correia-desfile-domingo-48.jpg\" data-elementor-open-lightbox=\"yes\" data-elementor-lightbox-slideshow=\"1169347\" data-elementor-lightbox-title=\"carnaval samora correia desfile domingo (48)\" data-e-action-hash=\"#elementor-action%3Aaction%3Dlightbox%26settings%3DeyJpZCI6Njc2ODEsInVybCI6Imh0dHBzOlwvXC93d3cuY20tYmVuYXZlbnRlLnB0XC93cC1jb250ZW50XC91cGxvYWRzXC8yMDI1XC8wM1wvY2FybmF2YWwtc2Ftb3JhLWNvcnJlaWEtZGVzZmlsZS1kb21pbmdvLTQ4LmpwZyIsInNsaWRlc2hvdyI6IjExNjkzNDcifQ%3D%3D\">\n\t\t\t\t\t<div class=\"e-gallery-image elementor-gallery-item__image\" data-thumbnail=\"https:\/\/www.cm-benavente.pt\/wp-content\/uploads\/2025\/03\/carnaval-samora-correia-desfile-domingo-48-1024x593.jpg\" data-width=\"800\" data-height=\"463\" aria-label=\"\" role=\"img\" ><\/div>\n\t\t\t\t\t\t\t\t\t\t\t<div class=\"elementor-gallery-item__overlay\"><\/div>\n\t\t\t\t\t\t\t\t\t\t\t\t\t\t<\/a>\n\t\t\t\t\t\t\t<a class=\"e-gallery-item elementor-gallery-item elementor-animated-content\" href=\"https:\/\/www.cm-benavente.pt\/wp-content\/uploads\/2025\/03\/carnaval-samora-correia-desfile-domingo-49.jpg\" data-elementor-open-lightbox=\"yes\" data-elementor-lightbox-slideshow=\"1169347\" data-elementor-lightbox-title=\"carnaval samora correia desfile domingo (49)\" data-e-action-hash=\"#elementor-action%3Aaction%3Dlightbox%26settings%3DeyJpZCI6Njc2ODIsInVybCI6Imh0dHBzOlwvXC93d3cuY20tYmVuYXZlbnRlLnB0XC93cC1jb250ZW50XC91cGxvYWRzXC8yMDI1XC8wM1wvY2FybmF2YWwtc2Ftb3JhLWNvcnJlaWEtZGVzZmlsZS1kb21pbmdvLTQ5LmpwZyIsInNsaWRlc2hvdyI6IjExNjkzNDcifQ%3D%3D\">\n\t\t\t\t\t<div class=\"e-gallery-image elementor-gallery-item__image\" data-thumbnail=\"https:\/\/www.cm-benavente.pt\/wp-content\/uploads\/2025\/03\/carnaval-samora-correia-desfile-domingo-49-1024x615.jpg\" data-width=\"800\" data-height=\"480\" aria-label=\"\" role=\"img\" ><\/div>\n\t\t\t\t\t\t\t\t\t\t\t<div class=\"elementor-gallery-item__overlay\"><\/div>\n\t\t\t\t\t\t\t\t\t\t\t\t\t\t<\/a>\n\t\t\t\t\t\t\t<a class=\"e-gallery-item elementor-gallery-item elementor-animated-content\" href=\"https:\/\/www.cm-benavente.pt\/wp-content\/uploads\/2025\/03\/carnaval-samora-correia-desfile-domingo-50.jpg\" data-elementor-open-lightbox=\"yes\" data-elementor-lightbox-slideshow=\"1169347\" data-elementor-lightbox-title=\"carnaval samora correia desfile domingo (50)\" data-e-action-hash=\"#elementor-action%3Aaction%3Dlightbox%26settings%3DeyJpZCI6Njc2ODMsInVybCI6Imh0dHBzOlwvXC93d3cuY20tYmVuYXZlbnRlLnB0XC93cC1jb250ZW50XC91cGxvYWRzXC8yMDI1XC8wM1wvY2FybmF2YWwtc2Ftb3JhLWNvcnJlaWEtZGVzZmlsZS1kb21pbmdvLTUwLmpwZyIsInNsaWRlc2hvdyI6IjExNjkzNDcifQ%3D%3D\">\n\t\t\t\t\t<div class=\"e-gallery-image elementor-gallery-item__image\" data-thumbnail=\"https:\/\/www.cm-benavente.pt\/wp-content\/uploads\/2025\/03\/carnaval-samora-correia-desfile-domingo-50-1024x664.jpg\" data-width=\"800\" data-height=\"519\" aria-label=\"\" role=\"img\" ><\/div>\n\t\t\t\t\t\t\t\t\t\t\t<div class=\"elementor-gallery-item__overlay\"><\/div>\n\t\t\t\t\t\t\t\t\t\t\t\t\t\t<\/a>\n\t\t\t\t\t\t\t<a class=\"e-gallery-item elementor-gallery-item elementor-animated-content\" href=\"https:\/\/www.cm-benavente.pt\/wp-content\/uploads\/2025\/03\/carnaval-samora-correia-desfile-domingo-51-scaled.jpg\" data-elementor-open-lightbox=\"yes\" data-elementor-lightbox-slideshow=\"1169347\" data-elementor-lightbox-title=\"carnaval samora correia desfile domingo (51)\" data-e-action-hash=\"#elementor-action%3Aaction%3Dlightbox%26settings%3DeyJpZCI6Njc2ODQsInVybCI6Imh0dHBzOlwvXC93d3cuY20tYmVuYXZlbnRlLnB0XC93cC1jb250ZW50XC91cGxvYWRzXC8yMDI1XC8wM1wvY2FybmF2YWwtc2Ftb3JhLWNvcnJlaWEtZGVzZmlsZS1kb21pbmdvLTUxLXNjYWxlZC5qcGciLCJzbGlkZXNob3ciOiIxMTY5MzQ3In0%3D\">\n\t\t\t\t\t<div class=\"e-gallery-image elementor-gallery-item__image\" data-thumbnail=\"https:\/\/www.cm-benavente.pt\/wp-content\/uploads\/2025\/03\/carnaval-samora-correia-desfile-domingo-51-1024x546.jpg\" data-width=\"800\" data-height=\"427\" aria-label=\"\" role=\"img\" ><\/div>\n\t\t\t\t\t\t\t\t\t\t\t<div class=\"elementor-gallery-item__overlay\"><\/div>\n\t\t\t\t\t\t\t\t\t\t\t\t\t\t<\/a>\n\t\t\t\t\t\t\t<a class=\"e-gallery-item elementor-gallery-item elementor-animated-content\" href=\"https:\/\/www.cm-benavente.pt\/wp-content\/uploads\/2025\/03\/carnaval-samora-correia-desfile-domingo-52.jpg\" data-elementor-open-lightbox=\"yes\" data-elementor-lightbox-slideshow=\"1169347\" data-elementor-lightbox-title=\"carnaval samora correia desfile domingo (52)\" data-e-action-hash=\"#elementor-action%3Aaction%3Dlightbox%26settings%3DeyJpZCI6Njc2ODUsInVybCI6Imh0dHBzOlwvXC93d3cuY20tYmVuYXZlbnRlLnB0XC93cC1jb250ZW50XC91cGxvYWRzXC8yMDI1XC8wM1wvY2FybmF2YWwtc2Ftb3JhLWNvcnJlaWEtZGVzZmlsZS1kb21pbmdvLTUyLmpwZyIsInNsaWRlc2hvdyI6IjExNjkzNDcifQ%3D%3D\">\n\t\t\t\t\t<div class=\"e-gallery-image elementor-gallery-item__image\" data-thumbnail=\"https:\/\/www.cm-benavente.pt\/wp-content\/uploads\/2025\/03\/carnaval-samora-correia-desfile-domingo-52-1024x730.jpg\" data-width=\"800\" data-height=\"570\" aria-label=\"\" role=\"img\" ><\/div>\n\t\t\t\t\t\t\t\t\t\t\t<div class=\"elementor-gallery-item__overlay\"><\/div>\n\t\t\t\t\t\t\t\t\t\t\t\t\t\t<\/a>\n\t\t\t\t\t\t\t<a class=\"e-gallery-item elementor-gallery-item elementor-animated-content\" href=\"https:\/\/www.cm-benavente.pt\/wp-content\/uploads\/2025\/03\/carnaval-samora-correia-desfile-domingo-53.jpg\" data-elementor-open-lightbox=\"yes\" data-elementor-lightbox-slideshow=\"1169347\" data-elementor-lightbox-title=\"carnaval samora correia desfile domingo (53)\" data-e-action-hash=\"#elementor-action%3Aaction%3Dlightbox%26settings%3DeyJpZCI6Njc2ODYsInVybCI6Imh0dHBzOlwvXC93d3cuY20tYmVuYXZlbnRlLnB0XC93cC1jb250ZW50XC91cGxvYWRzXC8yMDI1XC8wM1wvY2FybmF2YWwtc2Ftb3JhLWNvcnJlaWEtZGVzZmlsZS1kb21pbmdvLTUzLmpwZyIsInNsaWRlc2hvdyI6IjExNjkzNDcifQ%3D%3D\">\n\t\t\t\t\t<div class=\"e-gallery-image elementor-gallery-item__image\" data-thumbnail=\"https:\/\/www.cm-benavente.pt\/wp-content\/uploads\/2025\/03\/carnaval-samora-correia-desfile-domingo-53-1024x586.jpg\" data-width=\"800\" data-height=\"458\" aria-label=\"\" role=\"img\" ><\/div>\n\t\t\t\t\t\t\t\t\t\t\t<div class=\"elementor-gallery-item__overlay\"><\/div>\n\t\t\t\t\t\t\t\t\t\t\t\t\t\t<\/a>\n\t\t\t\t\t\t\t<a class=\"e-gallery-item elementor-gallery-item elementor-animated-content\" href=\"https:\/\/www.cm-benavente.pt\/wp-content\/uploads\/2025\/03\/carnaval-samora-correia-desfile-domingo-54.jpg\" data-elementor-open-lightbox=\"yes\" data-elementor-lightbox-slideshow=\"1169347\" data-elementor-lightbox-title=\"carnaval samora correia desfile domingo (54)\" data-e-action-hash=\"#elementor-action%3Aaction%3Dlightbox%26settings%3DeyJpZCI6Njc2ODcsInVybCI6Imh0dHBzOlwvXC93d3cuY20tYmVuYXZlbnRlLnB0XC93cC1jb250ZW50XC91cGxvYWRzXC8yMDI1XC8wM1wvY2FybmF2YWwtc2Ftb3JhLWNvcnJlaWEtZGVzZmlsZS1kb21pbmdvLTU0LmpwZyIsInNsaWRlc2hvdyI6IjExNjkzNDcifQ%3D%3D\">\n\t\t\t\t\t<div class=\"e-gallery-image elementor-gallery-item__image\" data-thumbnail=\"https:\/\/www.cm-benavente.pt\/wp-content\/uploads\/2025\/03\/carnaval-samora-correia-desfile-domingo-54-1024x682.jpg\" data-width=\"800\" data-height=\"533\" aria-label=\"\" role=\"img\" ><\/div>\n\t\t\t\t\t\t\t\t\t\t\t<div class=\"elementor-gallery-item__overlay\"><\/div>\n\t\t\t\t\t\t\t\t\t\t\t\t\t\t<\/a>\n\t\t\t\t\t\t\t<a class=\"e-gallery-item elementor-gallery-item elementor-animated-content\" href=\"https:\/\/www.cm-benavente.pt\/wp-content\/uploads\/2025\/03\/carnaval-samora-correia-desfile-domingo-55.jpg\" data-elementor-open-lightbox=\"yes\" data-elementor-lightbox-slideshow=\"1169347\" data-elementor-lightbox-title=\"carnaval samora correia desfile domingo (55)\" data-e-action-hash=\"#elementor-action%3Aaction%3Dlightbox%26settings%3DeyJpZCI6Njc2ODgsInVybCI6Imh0dHBzOlwvXC93d3cuY20tYmVuYXZlbnRlLnB0XC93cC1jb250ZW50XC91cGxvYWRzXC8yMDI1XC8wM1wvY2FybmF2YWwtc2Ftb3JhLWNvcnJlaWEtZGVzZmlsZS1kb21pbmdvLTU1LmpwZyIsInNsaWRlc2hvdyI6IjExNjkzNDcifQ%3D%3D\">\n\t\t\t\t\t<div class=\"e-gallery-image elementor-gallery-item__image\" data-thumbnail=\"https:\/\/www.cm-benavente.pt\/wp-content\/uploads\/2025\/03\/carnaval-samora-correia-desfile-domingo-55-1024x630.jpg\" data-width=\"800\" data-height=\"492\" aria-label=\"\" role=\"img\" ><\/div>\n\t\t\t\t\t\t\t\t\t\t\t<div class=\"elementor-gallery-item__overlay\"><\/div>\n\t\t\t\t\t\t\t\t\t\t\t\t\t\t<\/a>\n\t\t\t\t\t\t\t<a class=\"e-gallery-item elementor-gallery-item elementor-animated-content\" href=\"https:\/\/www.cm-benavente.pt\/wp-content\/uploads\/2025\/03\/carnaval-samora-correia-desfile-domingo-56.jpg\" data-elementor-open-lightbox=\"yes\" data-elementor-lightbox-slideshow=\"1169347\" data-elementor-lightbox-title=\"carnaval samora correia desfile domingo (56)\" data-e-action-hash=\"#elementor-action%3Aaction%3Dlightbox%26settings%3DeyJpZCI6Njc2ODksInVybCI6Imh0dHBzOlwvXC93d3cuY20tYmVuYXZlbnRlLnB0XC93cC1jb250ZW50XC91cGxvYWRzXC8yMDI1XC8wM1wvY2FybmF2YWwtc2Ftb3JhLWNvcnJlaWEtZGVzZmlsZS1kb21pbmdvLTU2LmpwZyIsInNsaWRlc2hvdyI6IjExNjkzNDcifQ%3D%3D\">\n\t\t\t\t\t<div class=\"e-gallery-image elementor-gallery-item__image\" data-thumbnail=\"https:\/\/www.cm-benavente.pt\/wp-content\/uploads\/2025\/03\/carnaval-samora-correia-desfile-domingo-56-1024x509.jpg\" data-width=\"800\" data-height=\"398\" aria-label=\"\" role=\"img\" ><\/div>\n\t\t\t\t\t\t\t\t\t\t\t<div class=\"elementor-gallery-item__overlay\"><\/div>\n\t\t\t\t\t\t\t\t\t\t\t\t\t\t<\/a>\n\t\t\t\t\t\t\t<a class=\"e-gallery-item elementor-gallery-item elementor-animated-content\" href=\"https:\/\/www.cm-benavente.pt\/wp-content\/uploads\/2025\/03\/carnaval-samora-correia-desfile-domingo-57.jpg\" data-elementor-open-lightbox=\"yes\" data-elementor-lightbox-slideshow=\"1169347\" data-elementor-lightbox-title=\"carnaval samora correia desfile domingo (57)\" data-e-action-hash=\"#elementor-action%3Aaction%3Dlightbox%26settings%3DeyJpZCI6Njc2OTAsInVybCI6Imh0dHBzOlwvXC93d3cuY20tYmVuYXZlbnRlLnB0XC93cC1jb250ZW50XC91cGxvYWRzXC8yMDI1XC8wM1wvY2FybmF2YWwtc2Ftb3JhLWNvcnJlaWEtZGVzZmlsZS1kb21pbmdvLTU3LmpwZyIsInNsaWRlc2hvdyI6IjExNjkzNDcifQ%3D%3D\">\n\t\t\t\t\t<div class=\"e-gallery-image elementor-gallery-item__image\" data-thumbnail=\"https:\/\/www.cm-benavente.pt\/wp-content\/uploads\/2025\/03\/carnaval-samora-correia-desfile-domingo-57-1024x588.jpg\" data-width=\"800\" data-height=\"459\" aria-label=\"\" role=\"img\" ><\/div>\n\t\t\t\t\t\t\t\t\t\t\t<div class=\"elementor-gallery-item__overlay\"><\/div>\n\t\t\t\t\t\t\t\t\t\t\t\t\t\t<\/a>\n\t\t\t\t\t\t\t<a class=\"e-gallery-item elementor-gallery-item elementor-animated-content\" href=\"https:\/\/www.cm-benavente.pt\/wp-content\/uploads\/2025\/03\/carnaval-samora-correia-desfile-domingo-58.jpg\" data-elementor-open-lightbox=\"yes\" data-elementor-lightbox-slideshow=\"1169347\" data-elementor-lightbox-title=\"carnaval samora correia desfile domingo (58)\" data-e-action-hash=\"#elementor-action%3Aaction%3Dlightbox%26settings%3DeyJpZCI6Njc2OTEsInVybCI6Imh0dHBzOlwvXC93d3cuY20tYmVuYXZlbnRlLnB0XC93cC1jb250ZW50XC91cGxvYWRzXC8yMDI1XC8wM1wvY2FybmF2YWwtc2Ftb3JhLWNvcnJlaWEtZGVzZmlsZS1kb21pbmdvLTU4LmpwZyIsInNsaWRlc2hvdyI6IjExNjkzNDcifQ%3D%3D\">\n\t\t\t\t\t<div class=\"e-gallery-image elementor-gallery-item__image\" data-thumbnail=\"https:\/\/www.cm-benavente.pt\/wp-content\/uploads\/2025\/03\/carnaval-samora-correia-desfile-domingo-58-1024x683.jpg\" data-width=\"800\" data-height=\"534\" aria-label=\"\" role=\"img\" ><\/div>\n\t\t\t\t\t\t\t\t\t\t\t<div class=\"elementor-gallery-item__overlay\"><\/div>\n\t\t\t\t\t\t\t\t\t\t\t\t\t\t<\/a>\n\t\t\t\t\t\t\t<a class=\"e-gallery-item elementor-gallery-item elementor-animated-content\" href=\"https:\/\/www.cm-benavente.pt\/wp-content\/uploads\/2025\/03\/carnaval-samora-correia-desfile-domingo-59.jpg\" data-elementor-open-lightbox=\"yes\" data-elementor-lightbox-slideshow=\"1169347\" data-elementor-lightbox-title=\"carnaval samora correia desfile domingo (59)\" data-e-action-hash=\"#elementor-action%3Aaction%3Dlightbox%26settings%3DeyJpZCI6Njc2OTIsInVybCI6Imh0dHBzOlwvXC93d3cuY20tYmVuYXZlbnRlLnB0XC93cC1jb250ZW50XC91cGxvYWRzXC8yMDI1XC8wM1wvY2FybmF2YWwtc2Ftb3JhLWNvcnJlaWEtZGVzZmlsZS1kb21pbmdvLTU5LmpwZyIsInNsaWRlc2hvdyI6IjExNjkzNDcifQ%3D%3D\">\n\t\t\t\t\t<div class=\"e-gallery-image elementor-gallery-item__image\" data-thumbnail=\"https:\/\/www.cm-benavente.pt\/wp-content\/uploads\/2025\/03\/carnaval-samora-correia-desfile-domingo-59-1024x684.jpg\" data-width=\"800\" data-height=\"534\" aria-label=\"\" role=\"img\" ><\/div>\n\t\t\t\t\t\t\t\t\t\t\t<div class=\"elementor-gallery-item__overlay\"><\/div>\n\t\t\t\t\t\t\t\t\t\t\t\t\t\t<\/a>\n\t\t\t\t\t\t\t<a class=\"e-gallery-item elementor-gallery-item elementor-animated-content\" href=\"https:\/\/www.cm-benavente.pt\/wp-content\/uploads\/2025\/03\/carnaval-samora-correia-desfile-domingo-60.jpg\" data-elementor-open-lightbox=\"yes\" data-elementor-lightbox-slideshow=\"1169347\" data-elementor-lightbox-title=\"carnaval samora correia desfile domingo (60)\" data-e-action-hash=\"#elementor-action%3Aaction%3Dlightbox%26settings%3DeyJpZCI6Njc2OTMsInVybCI6Imh0dHBzOlwvXC93d3cuY20tYmVuYXZlbnRlLnB0XC93cC1jb250ZW50XC91cGxvYWRzXC8yMDI1XC8wM1wvY2FybmF2YWwtc2Ftb3JhLWNvcnJlaWEtZGVzZmlsZS1kb21pbmdvLTYwLmpwZyIsInNsaWRlc2hvdyI6IjExNjkzNDcifQ%3D%3D\">\n\t\t\t\t\t<div class=\"e-gallery-image elementor-gallery-item__image\" data-thumbnail=\"https:\/\/www.cm-benavente.pt\/wp-content\/uploads\/2025\/03\/carnaval-samora-correia-desfile-domingo-60-1024x613.jpg\" data-width=\"800\" data-height=\"479\" aria-label=\"\" role=\"img\" ><\/div>\n\t\t\t\t\t\t\t\t\t\t\t<div class=\"elementor-gallery-item__overlay\"><\/div>\n\t\t\t\t\t\t\t\t\t\t\t\t\t\t<\/a>\n\t\t\t\t\t\t\t<a class=\"e-gallery-item elementor-gallery-item elementor-animated-content\" href=\"https:\/\/www.cm-benavente.pt\/wp-content\/uploads\/2025\/03\/carnaval-samora-correia-desfile-domingo-61-scaled.jpg\" data-elementor-open-lightbox=\"yes\" data-elementor-lightbox-slideshow=\"1169347\" data-elementor-lightbox-title=\"carnaval samora correia desfile domingo (61)\" data-e-action-hash=\"#elementor-action%3Aaction%3Dlightbox%26settings%3DeyJpZCI6Njc2OTQsInVybCI6Imh0dHBzOlwvXC93d3cuY20tYmVuYXZlbnRlLnB0XC93cC1jb250ZW50XC91cGxvYWRzXC8yMDI1XC8wM1wvY2FybmF2YWwtc2Ftb3JhLWNvcnJlaWEtZGVzZmlsZS1kb21pbmdvLTYxLXNjYWxlZC5qcGciLCJzbGlkZXNob3ciOiIxMTY5MzQ3In0%3D\">\n\t\t\t\t\t<div class=\"e-gallery-image elementor-gallery-item__image\" data-thumbnail=\"https:\/\/www.cm-benavente.pt\/wp-content\/uploads\/2025\/03\/carnaval-samora-correia-desfile-domingo-61-1024x634.jpg\" data-width=\"800\" data-height=\"495\" aria-label=\"\" role=\"img\" ><\/div>\n\t\t\t\t\t\t\t\t\t\t\t<div class=\"elementor-gallery-item__overlay\"><\/div>\n\t\t\t\t\t\t\t\t\t\t\t\t\t\t<\/a>\n\t\t\t\t\t\t\t<a class=\"e-gallery-item elementor-gallery-item elementor-animated-content\" href=\"https:\/\/www.cm-benavente.pt\/wp-content\/uploads\/2025\/03\/carnaval-samora-correia-desfile-domingo-62-scaled.jpg\" data-elementor-open-lightbox=\"yes\" data-elementor-lightbox-slideshow=\"1169347\" data-elementor-lightbox-title=\"carnaval samora correia desfile domingo (62)\" data-e-action-hash=\"#elementor-action%3Aaction%3Dlightbox%26settings%3DeyJpZCI6Njc2OTUsInVybCI6Imh0dHBzOlwvXC93d3cuY20tYmVuYXZlbnRlLnB0XC93cC1jb250ZW50XC91cGxvYWRzXC8yMDI1XC8wM1wvY2FybmF2YWwtc2Ftb3JhLWNvcnJlaWEtZGVzZmlsZS1kb21pbmdvLTYyLXNjYWxlZC5qcGciLCJzbGlkZXNob3ciOiIxMTY5MzQ3In0%3D\">\n\t\t\t\t\t<div class=\"e-gallery-image elementor-gallery-item__image\" data-thumbnail=\"https:\/\/www.cm-benavente.pt\/wp-content\/uploads\/2025\/03\/carnaval-samora-correia-desfile-domingo-62-1024x768.jpg\" data-width=\"800\" data-height=\"600\" aria-label=\"\" role=\"img\" ><\/div>\n\t\t\t\t\t\t\t\t\t\t\t<div class=\"elementor-gallery-item__overlay\"><\/div>\n\t\t\t\t\t\t\t\t\t\t\t\t\t\t<\/a>\n\t\t\t\t\t\t\t<a class=\"e-gallery-item elementor-gallery-item elementor-animated-content\" href=\"https:\/\/www.cm-benavente.pt\/wp-content\/uploads\/2025\/03\/carnaval-samora-correia-desfile-domingo-63.jpg\" data-elementor-open-lightbox=\"yes\" data-elementor-lightbox-slideshow=\"1169347\" data-elementor-lightbox-title=\"carnaval samora correia desfile domingo (63)\" data-e-action-hash=\"#elementor-action%3Aaction%3Dlightbox%26settings%3DeyJpZCI6Njc2OTYsInVybCI6Imh0dHBzOlwvXC93d3cuY20tYmVuYXZlbnRlLnB0XC93cC1jb250ZW50XC91cGxvYWRzXC8yMDI1XC8wM1wvY2FybmF2YWwtc2Ftb3JhLWNvcnJlaWEtZGVzZmlsZS1kb21pbmdvLTYzLmpwZyIsInNsaWRlc2hvdyI6IjExNjkzNDcifQ%3D%3D\">\n\t\t\t\t\t<div class=\"e-gallery-image elementor-gallery-item__image\" data-thumbnail=\"https:\/\/www.cm-benavente.pt\/wp-content\/uploads\/2025\/03\/carnaval-samora-correia-desfile-domingo-63-1024x536.jpg\" data-width=\"800\" data-height=\"419\" aria-label=\"\" role=\"img\" ><\/div>\n\t\t\t\t\t\t\t\t\t\t\t<div class=\"elementor-gallery-item__overlay\"><\/div>\n\t\t\t\t\t\t\t\t\t\t\t\t\t\t<\/a>\n\t\t\t\t\t\t\t<a class=\"e-gallery-item elementor-gallery-item elementor-animated-content\" href=\"https:\/\/www.cm-benavente.pt\/wp-content\/uploads\/2025\/03\/carnaval-samora-correia-desfile-domingo-64.jpg\" data-elementor-open-lightbox=\"yes\" data-elementor-lightbox-slideshow=\"1169347\" data-elementor-lightbox-title=\"carnaval samora correia desfile domingo (64)\" data-e-action-hash=\"#elementor-action%3Aaction%3Dlightbox%26settings%3DeyJpZCI6Njc2OTcsInVybCI6Imh0dHBzOlwvXC93d3cuY20tYmVuYXZlbnRlLnB0XC93cC1jb250ZW50XC91cGxvYWRzXC8yMDI1XC8wM1wvY2FybmF2YWwtc2Ftb3JhLWNvcnJlaWEtZGVzZmlsZS1kb21pbmdvLTY0LmpwZyIsInNsaWRlc2hvdyI6IjExNjkzNDcifQ%3D%3D\">\n\t\t\t\t\t<div class=\"e-gallery-image elementor-gallery-item__image\" data-thumbnail=\"https:\/\/www.cm-benavente.pt\/wp-content\/uploads\/2025\/03\/carnaval-samora-correia-desfile-domingo-64-1024x738.jpg\" data-width=\"800\" data-height=\"577\" aria-label=\"\" role=\"img\" ><\/div>\n\t\t\t\t\t\t\t\t\t\t\t<div class=\"elementor-gallery-item__overlay\"><\/div>\n\t\t\t\t\t\t\t\t\t\t\t\t\t\t<\/a>\n\t\t\t\t\t\t\t<a class=\"e-gallery-item elementor-gallery-item elementor-animated-content\" href=\"https:\/\/www.cm-benavente.pt\/wp-content\/uploads\/2025\/03\/carnaval-samora-correia-desfile-domingo-65.jpg\" data-elementor-open-lightbox=\"yes\" data-elementor-lightbox-slideshow=\"1169347\" data-elementor-lightbox-title=\"carnaval samora correia desfile domingo (65)\" data-e-action-hash=\"#elementor-action%3Aaction%3Dlightbox%26settings%3DeyJpZCI6Njc2OTgsInVybCI6Imh0dHBzOlwvXC93d3cuY20tYmVuYXZlbnRlLnB0XC93cC1jb250ZW50XC91cGxvYWRzXC8yMDI1XC8wM1wvY2FybmF2YWwtc2Ftb3JhLWNvcnJlaWEtZGVzZmlsZS1kb21pbmdvLTY1LmpwZyIsInNsaWRlc2hvdyI6IjExNjkzNDcifQ%3D%3D\">\n\t\t\t\t\t<div class=\"e-gallery-image elementor-gallery-item__image\" data-thumbnail=\"https:\/\/www.cm-benavente.pt\/wp-content\/uploads\/2025\/03\/carnaval-samora-correia-desfile-domingo-65-1024x640.jpg\" data-width=\"800\" data-height=\"500\" aria-label=\"\" role=\"img\" ><\/div>\n\t\t\t\t\t\t\t\t\t\t\t<div class=\"elementor-gallery-item__overlay\"><\/div>\n\t\t\t\t\t\t\t\t\t\t\t\t\t\t<\/a>\n\t\t\t\t\t\t\t<a class=\"e-gallery-item elementor-gallery-item elementor-animated-content\" href=\"https:\/\/www.cm-benavente.pt\/wp-content\/uploads\/2025\/03\/carnaval-samora-correia-desfile-domingo-66-scaled.jpg\" data-elementor-open-lightbox=\"yes\" data-elementor-lightbox-slideshow=\"1169347\" data-elementor-lightbox-title=\"carnaval samora correia desfile domingo (66)\" data-e-action-hash=\"#elementor-action%3Aaction%3Dlightbox%26settings%3DeyJpZCI6Njc2OTksInVybCI6Imh0dHBzOlwvXC93d3cuY20tYmVuYXZlbnRlLnB0XC93cC1jb250ZW50XC91cGxvYWRzXC8yMDI1XC8wM1wvY2FybmF2YWwtc2Ftb3JhLWNvcnJlaWEtZGVzZmlsZS1kb21pbmdvLTY2LXNjYWxlZC5qcGciLCJzbGlkZXNob3ciOiIxMTY5MzQ3In0%3D\">\n\t\t\t\t\t<div class=\"e-gallery-image elementor-gallery-item__image\" data-thumbnail=\"https:\/\/www.cm-benavente.pt\/wp-content\/uploads\/2025\/03\/carnaval-samora-correia-desfile-domingo-66-1024x679.jpg\" data-width=\"800\" data-height=\"530\" aria-label=\"\" role=\"img\" ><\/div>\n\t\t\t\t\t\t\t\t\t\t\t<div class=\"elementor-gallery-item__overlay\"><\/div>\n\t\t\t\t\t\t\t\t\t\t\t\t\t\t<\/a>\n\t\t\t\t\t\t\t<a class=\"e-gallery-item elementor-gallery-item elementor-animated-content\" href=\"https:\/\/www.cm-benavente.pt\/wp-content\/uploads\/2025\/03\/carnaval-samora-correia-desfile-domingo-67-scaled.jpg\" data-elementor-open-lightbox=\"yes\" data-elementor-lightbox-slideshow=\"1169347\" data-elementor-lightbox-title=\"carnaval samora correia desfile domingo (67)\" data-e-action-hash=\"#elementor-action%3Aaction%3Dlightbox%26settings%3DeyJpZCI6Njc3MDAsInVybCI6Imh0dHBzOlwvXC93d3cuY20tYmVuYXZlbnRlLnB0XC93cC1jb250ZW50XC91cGxvYWRzXC8yMDI1XC8wM1wvY2FybmF2YWwtc2Ftb3JhLWNvcnJlaWEtZGVzZmlsZS1kb21pbmdvLTY3LXNjYWxlZC5qcGciLCJzbGlkZXNob3ciOiIxMTY5MzQ3In0%3D\">\n\t\t\t\t\t<div class=\"e-gallery-image elementor-gallery-item__image\" data-thumbnail=\"https:\/\/www.cm-benavente.pt\/wp-content\/uploads\/2025\/03\/carnaval-samora-correia-desfile-domingo-67-1024x727.jpg\" data-width=\"800\" data-height=\"568\" aria-label=\"\" role=\"img\" ><\/div>\n\t\t\t\t\t\t\t\t\t\t\t<div class=\"elementor-gallery-item__overlay\"><\/div>\n\t\t\t\t\t\t\t\t\t\t\t\t\t\t<\/a>\n\t\t\t\t\t\t\t<a class=\"e-gallery-item elementor-gallery-item elementor-animated-content\" href=\"https:\/\/www.cm-benavente.pt\/wp-content\/uploads\/2025\/03\/carnaval-samora-correia-desfile-domingo-68-scaled.jpg\" data-elementor-open-lightbox=\"yes\" data-elementor-lightbox-slideshow=\"1169347\" data-elementor-lightbox-title=\"carnaval samora correia desfile domingo (68)\" data-e-action-hash=\"#elementor-action%3Aaction%3Dlightbox%26settings%3DeyJpZCI6Njc3MDEsInVybCI6Imh0dHBzOlwvXC93d3cuY20tYmVuYXZlbnRlLnB0XC93cC1jb250ZW50XC91cGxvYWRzXC8yMDI1XC8wM1wvY2FybmF2YWwtc2Ftb3JhLWNvcnJlaWEtZGVzZmlsZS1kb21pbmdvLTY4LXNjYWxlZC5qcGciLCJzbGlkZXNob3ciOiIxMTY5MzQ3In0%3D\">\n\t\t\t\t\t<div class=\"e-gallery-image elementor-gallery-item__image\" data-thumbnail=\"https:\/\/www.cm-benavente.pt\/wp-content\/uploads\/2025\/03\/carnaval-samora-correia-desfile-domingo-68-1024x768.jpg\" data-width=\"800\" data-height=\"600\" aria-label=\"\" role=\"img\" ><\/div>\n\t\t\t\t\t\t\t\t\t\t\t<div class=\"elementor-gallery-item__overlay\"><\/div>\n\t\t\t\t\t\t\t\t\t\t\t\t\t\t<\/a>\n\t\t\t\t\t\t\t<a class=\"e-gallery-item elementor-gallery-item elementor-animated-content\" href=\"https:\/\/www.cm-benavente.pt\/wp-content\/uploads\/2025\/03\/carnaval-samora-correia-desfile-domingo-69-scaled.jpg\" data-elementor-open-lightbox=\"yes\" data-elementor-lightbox-slideshow=\"1169347\" data-elementor-lightbox-title=\"carnaval samora correia desfile domingo (69)\" data-e-action-hash=\"#elementor-action%3Aaction%3Dlightbox%26settings%3DeyJpZCI6Njc3MDIsInVybCI6Imh0dHBzOlwvXC93d3cuY20tYmVuYXZlbnRlLnB0XC93cC1jb250ZW50XC91cGxvYWRzXC8yMDI1XC8wM1wvY2FybmF2YWwtc2Ftb3JhLWNvcnJlaWEtZGVzZmlsZS1kb21pbmdvLTY5LXNjYWxlZC5qcGciLCJzbGlkZXNob3ciOiIxMTY5MzQ3In0%3D\">\n\t\t\t\t\t<div class=\"e-gallery-image elementor-gallery-item__image\" data-thumbnail=\"https:\/\/www.cm-benavente.pt\/wp-content\/uploads\/2025\/03\/carnaval-samora-correia-desfile-domingo-69-1024x683.jpg\" data-width=\"800\" data-height=\"534\" aria-label=\"\" role=\"img\" ><\/div>\n\t\t\t\t\t\t\t\t\t\t\t<div class=\"elementor-gallery-item__overlay\"><\/div>\n\t\t\t\t\t\t\t\t\t\t\t\t\t\t<\/a>\n\t\t\t\t\t\t\t<a class=\"e-gallery-item elementor-gallery-item elementor-animated-content\" href=\"https:\/\/www.cm-benavente.pt\/wp-content\/uploads\/2025\/03\/carnaval-samora-correia-desfile-domingo-70.jpg\" data-elementor-open-lightbox=\"yes\" data-elementor-lightbox-slideshow=\"1169347\" data-elementor-lightbox-title=\"carnaval samora correia desfile domingo (70)\" data-e-action-hash=\"#elementor-action%3Aaction%3Dlightbox%26settings%3DeyJpZCI6Njc3MDMsInVybCI6Imh0dHBzOlwvXC93d3cuY20tYmVuYXZlbnRlLnB0XC93cC1jb250ZW50XC91cGxvYWRzXC8yMDI1XC8wM1wvY2FybmF2YWwtc2Ftb3JhLWNvcnJlaWEtZGVzZmlsZS1kb21pbmdvLTcwLmpwZyIsInNsaWRlc2hvdyI6IjExNjkzNDcifQ%3D%3D\">\n\t\t\t\t\t<div class=\"e-gallery-image elementor-gallery-item__image\" data-thumbnail=\"https:\/\/www.cm-benavente.pt\/wp-content\/uploads\/2025\/03\/carnaval-samora-correia-desfile-domingo-70-1024x682.jpg\" data-width=\"800\" data-height=\"533\" aria-label=\"\" role=\"img\" ><\/div>\n\t\t\t\t\t\t\t\t\t\t\t<div class=\"elementor-gallery-item__overlay\"><\/div>\n\t\t\t\t\t\t\t\t\t\t\t\t\t\t<\/a>\n\t\t\t\t\t\t\t<a class=\"e-gallery-item elementor-gallery-item elementor-animated-content\" href=\"https:\/\/www.cm-benavente.pt\/wp-content\/uploads\/2025\/03\/carnaval-samora-correia-desfile-domingo-71.jpg\" data-elementor-open-lightbox=\"yes\" data-elementor-lightbox-slideshow=\"1169347\" data-elementor-lightbox-title=\"carnaval samora correia desfile domingo (71)\" data-e-action-hash=\"#elementor-action%3Aaction%3Dlightbox%26settings%3DeyJpZCI6Njc3MDQsInVybCI6Imh0dHBzOlwvXC93d3cuY20tYmVuYXZlbnRlLnB0XC93cC1jb250ZW50XC91cGxvYWRzXC8yMDI1XC8wM1wvY2FybmF2YWwtc2Ftb3JhLWNvcnJlaWEtZGVzZmlsZS1kb21pbmdvLTcxLmpwZyIsInNsaWRlc2hvdyI6IjExNjkzNDcifQ%3D%3D\">\n\t\t\t\t\t<div class=\"e-gallery-image elementor-gallery-item__image\" data-thumbnail=\"https:\/\/www.cm-benavente.pt\/wp-content\/uploads\/2025\/03\/carnaval-samora-correia-desfile-domingo-71-1024x653.jpg\" data-width=\"800\" data-height=\"510\" aria-label=\"\" role=\"img\" ><\/div>\n\t\t\t\t\t\t\t\t\t\t\t<div class=\"elementor-gallery-item__overlay\"><\/div>\n\t\t\t\t\t\t\t\t\t\t\t\t\t\t<\/a>\n\t\t\t\t\t\t\t<a class=\"e-gallery-item elementor-gallery-item elementor-animated-content\" href=\"https:\/\/www.cm-benavente.pt\/wp-content\/uploads\/2025\/03\/carnaval-samora-correia-desfile-domingo-72-scaled.jpg\" data-elementor-open-lightbox=\"yes\" data-elementor-lightbox-slideshow=\"1169347\" data-elementor-lightbox-title=\"carnaval samora correia desfile domingo (72)\" data-e-action-hash=\"#elementor-action%3Aaction%3Dlightbox%26settings%3DeyJpZCI6Njc3MDUsInVybCI6Imh0dHBzOlwvXC93d3cuY20tYmVuYXZlbnRlLnB0XC93cC1jb250ZW50XC91cGxvYWRzXC8yMDI1XC8wM1wvY2FybmF2YWwtc2Ftb3JhLWNvcnJlaWEtZGVzZmlsZS1kb21pbmdvLTcyLXNjYWxlZC5qcGciLCJzbGlkZXNob3ciOiIxMTY5MzQ3In0%3D\">\n\t\t\t\t\t<div class=\"e-gallery-image elementor-gallery-item__image\" data-thumbnail=\"https:\/\/www.cm-benavente.pt\/wp-content\/uploads\/2025\/03\/carnaval-samora-correia-desfile-domingo-72-1024x627.jpg\" data-width=\"800\" data-height=\"490\" aria-label=\"\" role=\"img\" ><\/div>\n\t\t\t\t\t\t\t\t\t\t\t<div class=\"elementor-gallery-item__overlay\"><\/div>\n\t\t\t\t\t\t\t\t\t\t\t\t\t\t<\/a>\n\t\t\t\t\t\t\t<a class=\"e-gallery-item elementor-gallery-item elementor-animated-content\" href=\"https:\/\/www.cm-benavente.pt\/wp-content\/uploads\/2025\/03\/carnaval-samora-correia-desfile-domingo-73.jpg\" data-elementor-open-lightbox=\"yes\" data-elementor-lightbox-slideshow=\"1169347\" data-elementor-lightbox-title=\"carnaval samora correia desfile domingo (73)\" data-e-action-hash=\"#elementor-action%3Aaction%3Dlightbox%26settings%3DeyJpZCI6Njc3MDYsInVybCI6Imh0dHBzOlwvXC93d3cuY20tYmVuYXZlbnRlLnB0XC93cC1jb250ZW50XC91cGxvYWRzXC8yMDI1XC8wM1wvY2FybmF2YWwtc2Ftb3JhLWNvcnJlaWEtZGVzZmlsZS1kb21pbmdvLTczLmpwZyIsInNsaWRlc2hvdyI6IjExNjkzNDcifQ%3D%3D\">\n\t\t\t\t\t<div class=\"e-gallery-image elementor-gallery-item__image\" data-thumbnail=\"https:\/\/www.cm-benavente.pt\/wp-content\/uploads\/2025\/03\/carnaval-samora-correia-desfile-domingo-73-1024x683.jpg\" data-width=\"800\" data-height=\"534\" aria-label=\"\" role=\"img\" ><\/div>\n\t\t\t\t\t\t\t\t\t\t\t<div class=\"elementor-gallery-item__overlay\"><\/div>\n\t\t\t\t\t\t\t\t\t\t\t\t\t\t<\/a>\n\t\t\t\t\t\t\t<a class=\"e-gallery-item elementor-gallery-item elementor-animated-content\" href=\"https:\/\/www.cm-benavente.pt\/wp-content\/uploads\/2025\/03\/carnaval-samora-correia-desfile-domingo-74-scaled.jpg\" data-elementor-open-lightbox=\"yes\" data-elementor-lightbox-slideshow=\"1169347\" data-elementor-lightbox-title=\"carnaval samora correia desfile domingo (74)\" data-e-action-hash=\"#elementor-action%3Aaction%3Dlightbox%26settings%3DeyJpZCI6Njc3MDcsInVybCI6Imh0dHBzOlwvXC93d3cuY20tYmVuYXZlbnRlLnB0XC93cC1jb250ZW50XC91cGxvYWRzXC8yMDI1XC8wM1wvY2FybmF2YWwtc2Ftb3JhLWNvcnJlaWEtZGVzZmlsZS1kb21pbmdvLTc0LXNjYWxlZC5qcGciLCJzbGlkZXNob3ciOiIxMTY5MzQ3In0%3D\">\n\t\t\t\t\t<div class=\"e-gallery-image elementor-gallery-item__image\" data-thumbnail=\"https:\/\/www.cm-benavente.pt\/wp-content\/uploads\/2025\/03\/carnaval-samora-correia-desfile-domingo-74-1024x659.jpg\" data-width=\"800\" data-height=\"515\" aria-label=\"\" role=\"img\" ><\/div>\n\t\t\t\t\t\t\t\t\t\t\t<div class=\"elementor-gallery-item__overlay\"><\/div>\n\t\t\t\t\t\t\t\t\t\t\t\t\t\t<\/a>\n\t\t\t\t\t\t\t<a class=\"e-gallery-item elementor-gallery-item elementor-animated-content\" href=\"https:\/\/www.cm-benavente.pt\/wp-content\/uploads\/2025\/03\/carnaval-samora-correia-desfile-domingo-75.jpg\" data-elementor-open-lightbox=\"yes\" data-elementor-lightbox-slideshow=\"1169347\" data-elementor-lightbox-title=\"carnaval samora correia desfile domingo (75)\" data-e-action-hash=\"#elementor-action%3Aaction%3Dlightbox%26settings%3DeyJpZCI6Njc3MDgsInVybCI6Imh0dHBzOlwvXC93d3cuY20tYmVuYXZlbnRlLnB0XC93cC1jb250ZW50XC91cGxvYWRzXC8yMDI1XC8wM1wvY2FybmF2YWwtc2Ftb3JhLWNvcnJlaWEtZGVzZmlsZS1kb21pbmdvLTc1LmpwZyIsInNsaWRlc2hvdyI6IjExNjkzNDcifQ%3D%3D\">\n\t\t\t\t\t<div class=\"e-gallery-image elementor-gallery-item__image\" data-thumbnail=\"https:\/\/www.cm-benavente.pt\/wp-content\/uploads\/2025\/03\/carnaval-samora-correia-desfile-domingo-75-1024x682.jpg\" data-width=\"800\" data-height=\"533\" aria-label=\"\" role=\"img\" ><\/div>\n\t\t\t\t\t\t\t\t\t\t\t<div class=\"elementor-gallery-item__overlay\"><\/div>\n\t\t\t\t\t\t\t\t\t\t\t\t\t\t<\/a>\n\t\t\t\t\t\t\t<a class=\"e-gallery-item elementor-gallery-item elementor-animated-content\" href=\"https:\/\/www.cm-benavente.pt\/wp-content\/uploads\/2025\/03\/carnaval-samora-correia-desfile-domingo-76.jpg\" data-elementor-open-lightbox=\"yes\" data-elementor-lightbox-slideshow=\"1169347\" data-elementor-lightbox-title=\"carnaval samora correia desfile domingo (76)\" data-e-action-hash=\"#elementor-action%3Aaction%3Dlightbox%26settings%3DeyJpZCI6Njc3MDksInVybCI6Imh0dHBzOlwvXC93d3cuY20tYmVuYXZlbnRlLnB0XC93cC1jb250ZW50XC91cGxvYWRzXC8yMDI1XC8wM1wvY2FybmF2YWwtc2Ftb3JhLWNvcnJlaWEtZGVzZmlsZS1kb21pbmdvLTc2LmpwZyIsInNsaWRlc2hvdyI6IjExNjkzNDcifQ%3D%3D\">\n\t\t\t\t\t<div class=\"e-gallery-image elementor-gallery-item__image\" data-thumbnail=\"https:\/\/www.cm-benavente.pt\/wp-content\/uploads\/2025\/03\/carnaval-samora-correia-desfile-domingo-76-1024x650.jpg\" data-width=\"800\" data-height=\"508\" aria-label=\"\" role=\"img\" ><\/div>\n\t\t\t\t\t\t\t\t\t\t\t<div class=\"elementor-gallery-item__overlay\"><\/div>\n\t\t\t\t\t\t\t\t\t\t\t\t\t\t<\/a>\n\t\t\t\t\t\t\t<a class=\"e-gallery-item elementor-gallery-item elementor-animated-content\" href=\"https:\/\/www.cm-benavente.pt\/wp-content\/uploads\/2025\/03\/carnaval-samora-correia-desfile-domingo-77.jpg\" data-elementor-open-lightbox=\"yes\" data-elementor-lightbox-slideshow=\"1169347\" data-elementor-lightbox-title=\"carnaval samora correia desfile domingo (77)\" data-e-action-hash=\"#elementor-action%3Aaction%3Dlightbox%26settings%3DeyJpZCI6Njc3MTAsInVybCI6Imh0dHBzOlwvXC93d3cuY20tYmVuYXZlbnRlLnB0XC93cC1jb250ZW50XC91cGxvYWRzXC8yMDI1XC8wM1wvY2FybmF2YWwtc2Ftb3JhLWNvcnJlaWEtZGVzZmlsZS1kb21pbmdvLTc3LmpwZyIsInNsaWRlc2hvdyI6IjExNjkzNDcifQ%3D%3D\">\n\t\t\t\t\t<div class=\"e-gallery-image elementor-gallery-item__image\" data-thumbnail=\"https:\/\/www.cm-benavente.pt\/wp-content\/uploads\/2025\/03\/carnaval-samora-correia-desfile-domingo-77-1024x557.jpg\" data-width=\"800\" data-height=\"435\" aria-label=\"\" role=\"img\" ><\/div>\n\t\t\t\t\t\t\t\t\t\t\t<div class=\"elementor-gallery-item__overlay\"><\/div>\n\t\t\t\t\t\t\t\t\t\t\t\t\t\t<\/a>\n\t\t\t\t\t\t\t<a class=\"e-gallery-item elementor-gallery-item elementor-animated-content\" href=\"https:\/\/www.cm-benavente.pt\/wp-content\/uploads\/2025\/03\/carnaval-samora-correia-desfile-domingo-78.jpg\" data-elementor-open-lightbox=\"yes\" data-elementor-lightbox-slideshow=\"1169347\" data-elementor-lightbox-title=\"carnaval samora correia desfile domingo (78)\" data-e-action-hash=\"#elementor-action%3Aaction%3Dlightbox%26settings%3DeyJpZCI6Njc3MTEsInVybCI6Imh0dHBzOlwvXC93d3cuY20tYmVuYXZlbnRlLnB0XC93cC1jb250ZW50XC91cGxvYWRzXC8yMDI1XC8wM1wvY2FybmF2YWwtc2Ftb3JhLWNvcnJlaWEtZGVzZmlsZS1kb21pbmdvLTc4LmpwZyIsInNsaWRlc2hvdyI6IjExNjkzNDcifQ%3D%3D\">\n\t\t\t\t\t<div class=\"e-gallery-image elementor-gallery-item__image\" data-thumbnail=\"https:\/\/www.cm-benavente.pt\/wp-content\/uploads\/2025\/03\/carnaval-samora-correia-desfile-domingo-78-1024x667.jpg\" data-width=\"800\" data-height=\"521\" aria-label=\"\" role=\"img\" ><\/div>\n\t\t\t\t\t\t\t\t\t\t\t<div class=\"elementor-gallery-item__overlay\"><\/div>\n\t\t\t\t\t\t\t\t\t\t\t\t\t\t<\/a>\n\t\t\t\t\t\t\t<a class=\"e-gallery-item elementor-gallery-item elementor-animated-content\" href=\"https:\/\/www.cm-benavente.pt\/wp-content\/uploads\/2025\/03\/carnaval-samora-correia-desfile-domingo-79-scaled.jpg\" data-elementor-open-lightbox=\"yes\" data-elementor-lightbox-slideshow=\"1169347\" data-elementor-lightbox-title=\"carnaval samora correia desfile domingo (79)\" data-e-action-hash=\"#elementor-action%3Aaction%3Dlightbox%26settings%3DeyJpZCI6Njc3MTIsInVybCI6Imh0dHBzOlwvXC93d3cuY20tYmVuYXZlbnRlLnB0XC93cC1jb250ZW50XC91cGxvYWRzXC8yMDI1XC8wM1wvY2FybmF2YWwtc2Ftb3JhLWNvcnJlaWEtZGVzZmlsZS1kb21pbmdvLTc5LXNjYWxlZC5qcGciLCJzbGlkZXNob3ciOiIxMTY5MzQ3In0%3D\">\n\t\t\t\t\t<div class=\"e-gallery-image elementor-gallery-item__image\" data-thumbnail=\"https:\/\/www.cm-benavente.pt\/wp-content\/uploads\/2025\/03\/carnaval-samora-correia-desfile-domingo-79-1024x583.jpg\" data-width=\"800\" data-height=\"455\" aria-label=\"\" role=\"img\" ><\/div>\n\t\t\t\t\t\t\t\t\t\t\t<div class=\"elementor-gallery-item__overlay\"><\/div>\n\t\t\t\t\t\t\t\t\t\t\t\t\t\t<\/a>\n\t\t\t\t\t\t\t<a class=\"e-gallery-item elementor-gallery-item elementor-animated-content\" href=\"https:\/\/www.cm-benavente.pt\/wp-content\/uploads\/2025\/03\/carnaval-samora-correia-desfile-domingo-80.jpg\" data-elementor-open-lightbox=\"yes\" data-elementor-lightbox-slideshow=\"1169347\" data-elementor-lightbox-title=\"carnaval samora correia desfile domingo (80)\" data-e-action-hash=\"#elementor-action%3Aaction%3Dlightbox%26settings%3DeyJpZCI6Njc3MTMsInVybCI6Imh0dHBzOlwvXC93d3cuY20tYmVuYXZlbnRlLnB0XC93cC1jb250ZW50XC91cGxvYWRzXC8yMDI1XC8wM1wvY2FybmF2YWwtc2Ftb3JhLWNvcnJlaWEtZGVzZmlsZS1kb21pbmdvLTgwLmpwZyIsInNsaWRlc2hvdyI6IjExNjkzNDcifQ%3D%3D\">\n\t\t\t\t\t<div class=\"e-gallery-image elementor-gallery-item__image\" data-thumbnail=\"https:\/\/www.cm-benavente.pt\/wp-content\/uploads\/2025\/03\/carnaval-samora-correia-desfile-domingo-80-1024x682.jpg\" data-width=\"800\" data-height=\"533\" aria-label=\"\" role=\"img\" ><\/div>\n\t\t\t\t\t\t\t\t\t\t\t<div class=\"elementor-gallery-item__overlay\"><\/div>\n\t\t\t\t\t\t\t\t\t\t\t\t\t\t<\/a>\n\t\t\t\t\t\t\t<a class=\"e-gallery-item elementor-gallery-item elementor-animated-content\" href=\"https:\/\/www.cm-benavente.pt\/wp-content\/uploads\/2025\/03\/carnaval-samora-correia-desfile-domingo-81.jpg\" data-elementor-open-lightbox=\"yes\" data-elementor-lightbox-slideshow=\"1169347\" data-elementor-lightbox-title=\"carnaval samora correia desfile domingo (81)\" data-e-action-hash=\"#elementor-action%3Aaction%3Dlightbox%26settings%3DeyJpZCI6Njc3MTQsInVybCI6Imh0dHBzOlwvXC93d3cuY20tYmVuYXZlbnRlLnB0XC93cC1jb250ZW50XC91cGxvYWRzXC8yMDI1XC8wM1wvY2FybmF2YWwtc2Ftb3JhLWNvcnJlaWEtZGVzZmlsZS1kb21pbmdvLTgxLmpwZyIsInNsaWRlc2hvdyI6IjExNjkzNDcifQ%3D%3D\">\n\t\t\t\t\t<div class=\"e-gallery-image elementor-gallery-item__image\" data-thumbnail=\"https:\/\/www.cm-benavente.pt\/wp-content\/uploads\/2025\/03\/carnaval-samora-correia-desfile-domingo-81-1024x682.jpg\" data-width=\"800\" data-height=\"533\" aria-label=\"\" role=\"img\" ><\/div>\n\t\t\t\t\t\t\t\t\t\t\t<div class=\"elementor-gallery-item__overlay\"><\/div>\n\t\t\t\t\t\t\t\t\t\t\t\t\t\t<\/a>\n\t\t\t\t\t\t\t<a class=\"e-gallery-item elementor-gallery-item elementor-animated-content\" href=\"https:\/\/www.cm-benavente.pt\/wp-content\/uploads\/2025\/03\/carnaval-samora-correia-desfile-domingo-82.jpg\" data-elementor-open-lightbox=\"yes\" data-elementor-lightbox-slideshow=\"1169347\" data-elementor-lightbox-title=\"carnaval samora correia desfile domingo (82)\" data-e-action-hash=\"#elementor-action%3Aaction%3Dlightbox%26settings%3DeyJpZCI6Njc3MTUsInVybCI6Imh0dHBzOlwvXC93d3cuY20tYmVuYXZlbnRlLnB0XC93cC1jb250ZW50XC91cGxvYWRzXC8yMDI1XC8wM1wvY2FybmF2YWwtc2Ftb3JhLWNvcnJlaWEtZGVzZmlsZS1kb21pbmdvLTgyLmpwZyIsInNsaWRlc2hvdyI6IjExNjkzNDcifQ%3D%3D\">\n\t\t\t\t\t<div class=\"e-gallery-image elementor-gallery-item__image\" data-thumbnail=\"https:\/\/www.cm-benavente.pt\/wp-content\/uploads\/2025\/03\/carnaval-samora-correia-desfile-domingo-82-1024x683.jpg\" data-width=\"800\" data-height=\"534\" aria-label=\"\" role=\"img\" ><\/div>\n\t\t\t\t\t\t\t\t\t\t\t<div class=\"elementor-gallery-item__overlay\"><\/div>\n\t\t\t\t\t\t\t\t\t\t\t\t\t\t<\/a>\n\t\t\t\t\t\t\t<a class=\"e-gallery-item elementor-gallery-item elementor-animated-content\" href=\"https:\/\/www.cm-benavente.pt\/wp-content\/uploads\/2025\/03\/carnaval-samora-correia-desfile-domingo-83.jpg\" data-elementor-open-lightbox=\"yes\" data-elementor-lightbox-slideshow=\"1169347\" data-elementor-lightbox-title=\"carnaval samora correia desfile domingo (83)\" data-e-action-hash=\"#elementor-action%3Aaction%3Dlightbox%26settings%3DeyJpZCI6Njc3MTYsInVybCI6Imh0dHBzOlwvXC93d3cuY20tYmVuYXZlbnRlLnB0XC93cC1jb250ZW50XC91cGxvYWRzXC8yMDI1XC8wM1wvY2FybmF2YWwtc2Ftb3JhLWNvcnJlaWEtZGVzZmlsZS1kb21pbmdvLTgzLmpwZyIsInNsaWRlc2hvdyI6IjExNjkzNDcifQ%3D%3D\">\n\t\t\t\t\t<div class=\"e-gallery-image elementor-gallery-item__image\" data-thumbnail=\"https:\/\/www.cm-benavente.pt\/wp-content\/uploads\/2025\/03\/carnaval-samora-correia-desfile-domingo-83-1024x608.jpg\" data-width=\"800\" data-height=\"475\" aria-label=\"\" role=\"img\" ><\/div>\n\t\t\t\t\t\t\t\t\t\t\t<div class=\"elementor-gallery-item__overlay\"><\/div>\n\t\t\t\t\t\t\t\t\t\t\t\t\t\t<\/a>\n\t\t\t\t\t\t\t<a class=\"e-gallery-item elementor-gallery-item elementor-animated-content\" href=\"https:\/\/www.cm-benavente.pt\/wp-content\/uploads\/2025\/03\/carnaval-samora-correia-desfile-domingo-84.jpg\" data-elementor-open-lightbox=\"yes\" data-elementor-lightbox-slideshow=\"1169347\" data-elementor-lightbox-title=\"carnaval samora correia desfile domingo (84)\" data-e-action-hash=\"#elementor-action%3Aaction%3Dlightbox%26settings%3DeyJpZCI6Njc3MTcsInVybCI6Imh0dHBzOlwvXC93d3cuY20tYmVuYXZlbnRlLnB0XC93cC1jb250ZW50XC91cGxvYWRzXC8yMDI1XC8wM1wvY2FybmF2YWwtc2Ftb3JhLWNvcnJlaWEtZGVzZmlsZS1kb21pbmdvLTg0LmpwZyIsInNsaWRlc2hvdyI6IjExNjkzNDcifQ%3D%3D\">\n\t\t\t\t\t<div class=\"e-gallery-image elementor-gallery-item__image\" data-thumbnail=\"https:\/\/www.cm-benavente.pt\/wp-content\/uploads\/2025\/03\/carnaval-samora-correia-desfile-domingo-84-1024x598.jpg\" data-width=\"800\" data-height=\"467\" aria-label=\"\" role=\"img\" ><\/div>\n\t\t\t\t\t\t\t\t\t\t\t<div class=\"elementor-gallery-item__overlay\"><\/div>\n\t\t\t\t\t\t\t\t\t\t\t\t\t\t<\/a>\n\t\t\t\t\t\t\t<a class=\"e-gallery-item elementor-gallery-item elementor-animated-content\" href=\"https:\/\/www.cm-benavente.pt\/wp-content\/uploads\/2025\/03\/carnaval-samora-correia-desfile-domingo-85.jpg\" data-elementor-open-lightbox=\"yes\" data-elementor-lightbox-slideshow=\"1169347\" data-elementor-lightbox-title=\"carnaval samora correia desfile domingo (85)\" data-e-action-hash=\"#elementor-action%3Aaction%3Dlightbox%26settings%3DeyJpZCI6Njc3MTgsInVybCI6Imh0dHBzOlwvXC93d3cuY20tYmVuYXZlbnRlLnB0XC93cC1jb250ZW50XC91cGxvYWRzXC8yMDI1XC8wM1wvY2FybmF2YWwtc2Ftb3JhLWNvcnJlaWEtZGVzZmlsZS1kb21pbmdvLTg1LmpwZyIsInNsaWRlc2hvdyI6IjExNjkzNDcifQ%3D%3D\">\n\t\t\t\t\t<div class=\"e-gallery-image elementor-gallery-item__image\" data-thumbnail=\"https:\/\/www.cm-benavente.pt\/wp-content\/uploads\/2025\/03\/carnaval-samora-correia-desfile-domingo-85-1024x559.jpg\" data-width=\"800\" data-height=\"437\" aria-label=\"\" role=\"img\" ><\/div>\n\t\t\t\t\t\t\t\t\t\t\t<div class=\"elementor-gallery-item__overlay\"><\/div>\n\t\t\t\t\t\t\t\t\t\t\t\t\t\t<\/a>\n\t\t\t\t\t\t\t<a class=\"e-gallery-item elementor-gallery-item elementor-animated-content\" href=\"https:\/\/www.cm-benavente.pt\/wp-content\/uploads\/2025\/03\/carnaval-samora-correia-desfile-domingo-86.jpg\" data-elementor-open-lightbox=\"yes\" data-elementor-lightbox-slideshow=\"1169347\" data-elementor-lightbox-title=\"carnaval samora correia desfile domingo (86)\" data-e-action-hash=\"#elementor-action%3Aaction%3Dlightbox%26settings%3DeyJpZCI6Njc3MTksInVybCI6Imh0dHBzOlwvXC93d3cuY20tYmVuYXZlbnRlLnB0XC93cC1jb250ZW50XC91cGxvYWRzXC8yMDI1XC8wM1wvY2FybmF2YWwtc2Ftb3JhLWNvcnJlaWEtZGVzZmlsZS1kb21pbmdvLTg2LmpwZyIsInNsaWRlc2hvdyI6IjExNjkzNDcifQ%3D%3D\">\n\t\t\t\t\t<div class=\"e-gallery-image elementor-gallery-item__image\" data-thumbnail=\"https:\/\/www.cm-benavente.pt\/wp-content\/uploads\/2025\/03\/carnaval-samora-correia-desfile-domingo-86-1024x639.jpg\" data-width=\"800\" data-height=\"499\" aria-label=\"\" role=\"img\" ><\/div>\n\t\t\t\t\t\t\t\t\t\t\t<div class=\"elementor-gallery-item__overlay\"><\/div>\n\t\t\t\t\t\t\t\t\t\t\t\t\t\t<\/a>\n\t\t\t\t\t\t\t<a class=\"e-gallery-item elementor-gallery-item elementor-animated-content\" href=\"https:\/\/www.cm-benavente.pt\/wp-content\/uploads\/2025\/03\/carnaval-samora-correia-desfile-domingo-87.jpg\" data-elementor-open-lightbox=\"yes\" data-elementor-lightbox-slideshow=\"1169347\" data-elementor-lightbox-title=\"carnaval samora correia desfile domingo (87)\" data-e-action-hash=\"#elementor-action%3Aaction%3Dlightbox%26settings%3DeyJpZCI6Njc3MjAsInVybCI6Imh0dHBzOlwvXC93d3cuY20tYmVuYXZlbnRlLnB0XC93cC1jb250ZW50XC91cGxvYWRzXC8yMDI1XC8wM1wvY2FybmF2YWwtc2Ftb3JhLWNvcnJlaWEtZGVzZmlsZS1kb21pbmdvLTg3LmpwZyIsInNsaWRlc2hvdyI6IjExNjkzNDcifQ%3D%3D\">\n\t\t\t\t\t<div class=\"e-gallery-image elementor-gallery-item__image\" data-thumbnail=\"https:\/\/www.cm-benavente.pt\/wp-content\/uploads\/2025\/03\/carnaval-samora-correia-desfile-domingo-87-1024x571.jpg\" data-width=\"800\" data-height=\"446\" aria-label=\"\" role=\"img\" ><\/div>\n\t\t\t\t\t\t\t\t\t\t\t<div class=\"elementor-gallery-item__overlay\"><\/div>\n\t\t\t\t\t\t\t\t\t\t\t\t\t\t<\/a>\n\t\t\t\t\t\t\t<a class=\"e-gallery-item elementor-gallery-item elementor-animated-content\" href=\"https:\/\/www.cm-benavente.pt\/wp-content\/uploads\/2025\/03\/carnaval-samora-correia-desfile-domingo-88.jpg\" data-elementor-open-lightbox=\"yes\" data-elementor-lightbox-slideshow=\"1169347\" data-elementor-lightbox-title=\"carnaval samora correia desfile domingo (88)\" data-e-action-hash=\"#elementor-action%3Aaction%3Dlightbox%26settings%3DeyJpZCI6Njc3MjEsInVybCI6Imh0dHBzOlwvXC93d3cuY20tYmVuYXZlbnRlLnB0XC93cC1jb250ZW50XC91cGxvYWRzXC8yMDI1XC8wM1wvY2FybmF2YWwtc2Ftb3JhLWNvcnJlaWEtZGVzZmlsZS1kb21pbmdvLTg4LmpwZyIsInNsaWRlc2hvdyI6IjExNjkzNDcifQ%3D%3D\">\n\t\t\t\t\t<div class=\"e-gallery-image elementor-gallery-item__image\" data-thumbnail=\"https:\/\/www.cm-benavente.pt\/wp-content\/uploads\/2025\/03\/carnaval-samora-correia-desfile-domingo-88-1024x524.jpg\" data-width=\"800\" data-height=\"409\" aria-label=\"\" role=\"img\" ><\/div>\n\t\t\t\t\t\t\t\t\t\t\t<div class=\"elementor-gallery-item__overlay\"><\/div>\n\t\t\t\t\t\t\t\t\t\t\t\t\t\t<\/a>\n\t\t\t\t\t\t\t<a class=\"e-gallery-item elementor-gallery-item elementor-animated-content\" href=\"https:\/\/www.cm-benavente.pt\/wp-content\/uploads\/2025\/03\/carnaval-samora-correia-desfile-domingo-89.jpg\" data-elementor-open-lightbox=\"yes\" data-elementor-lightbox-slideshow=\"1169347\" data-elementor-lightbox-title=\"carnaval samora correia desfile domingo (89)\" data-e-action-hash=\"#elementor-action%3Aaction%3Dlightbox%26settings%3DeyJpZCI6Njc3MjIsInVybCI6Imh0dHBzOlwvXC93d3cuY20tYmVuYXZlbnRlLnB0XC93cC1jb250ZW50XC91cGxvYWRzXC8yMDI1XC8wM1wvY2FybmF2YWwtc2Ftb3JhLWNvcnJlaWEtZGVzZmlsZS1kb21pbmdvLTg5LmpwZyIsInNsaWRlc2hvdyI6IjExNjkzNDcifQ%3D%3D\">\n\t\t\t\t\t<div class=\"e-gallery-image elementor-gallery-item__image\" data-thumbnail=\"https:\/\/www.cm-benavente.pt\/wp-content\/uploads\/2025\/03\/carnaval-samora-correia-desfile-domingo-89-1024x642.jpg\" data-width=\"800\" data-height=\"502\" aria-label=\"\" role=\"img\" ><\/div>\n\t\t\t\t\t\t\t\t\t\t\t<div class=\"elementor-gallery-item__overlay\"><\/div>\n\t\t\t\t\t\t\t\t\t\t\t\t\t\t<\/a>\n\t\t\t\t\t\t\t<a class=\"e-gallery-item elementor-gallery-item elementor-animated-content\" href=\"https:\/\/www.cm-benavente.pt\/wp-content\/uploads\/2025\/03\/carnaval-samora-correia-desfile-domingo-90-scaled.jpg\" data-elementor-open-lightbox=\"yes\" data-elementor-lightbox-slideshow=\"1169347\" data-elementor-lightbox-title=\"carnaval samora correia desfile domingo (90)\" data-e-action-hash=\"#elementor-action%3Aaction%3Dlightbox%26settings%3DeyJpZCI6Njc3MjMsInVybCI6Imh0dHBzOlwvXC93d3cuY20tYmVuYXZlbnRlLnB0XC93cC1jb250ZW50XC91cGxvYWRzXC8yMDI1XC8wM1wvY2FybmF2YWwtc2Ftb3JhLWNvcnJlaWEtZGVzZmlsZS1kb21pbmdvLTkwLXNjYWxlZC5qcGciLCJzbGlkZXNob3ciOiIxMTY5MzQ3In0%3D\">\n\t\t\t\t\t<div class=\"e-gallery-image elementor-gallery-item__image\" data-thumbnail=\"https:\/\/www.cm-benavente.pt\/wp-content\/uploads\/2025\/03\/carnaval-samora-correia-desfile-domingo-90-1024x628.jpg\" data-width=\"800\" data-height=\"491\" aria-label=\"\" role=\"img\" ><\/div>\n\t\t\t\t\t\t\t\t\t\t\t<div class=\"elementor-gallery-item__overlay\"><\/div>\n\t\t\t\t\t\t\t\t\t\t\t\t\t\t<\/a>\n\t\t\t\t\t\t\t<a class=\"e-gallery-item elementor-gallery-item elementor-animated-content\" href=\"https:\/\/www.cm-benavente.pt\/wp-content\/uploads\/2025\/03\/carnaval-samora-correia-desfile-domingo-91-scaled.jpg\" data-elementor-open-lightbox=\"yes\" data-elementor-lightbox-slideshow=\"1169347\" data-elementor-lightbox-title=\"carnaval samora correia desfile domingo (91)\" data-e-action-hash=\"#elementor-action%3Aaction%3Dlightbox%26settings%3DeyJpZCI6Njc3MjQsInVybCI6Imh0dHBzOlwvXC93d3cuY20tYmVuYXZlbnRlLnB0XC93cC1jb250ZW50XC91cGxvYWRzXC8yMDI1XC8wM1wvY2FybmF2YWwtc2Ftb3JhLWNvcnJlaWEtZGVzZmlsZS1kb21pbmdvLTkxLXNjYWxlZC5qcGciLCJzbGlkZXNob3ciOiIxMTY5MzQ3In0%3D\">\n\t\t\t\t\t<div class=\"e-gallery-image elementor-gallery-item__image\" data-thumbnail=\"https:\/\/www.cm-benavente.pt\/wp-content\/uploads\/2025\/03\/carnaval-samora-correia-desfile-domingo-91-1024x682.jpg\" data-width=\"800\" data-height=\"533\" aria-label=\"\" role=\"img\" ><\/div>\n\t\t\t\t\t\t\t\t\t\t\t<div class=\"elementor-gallery-item__overlay\"><\/div>\n\t\t\t\t\t\t\t\t\t\t\t\t\t\t<\/a>\n\t\t\t\t\t\t\t<a class=\"e-gallery-item elementor-gallery-item elementor-animated-content\" href=\"https:\/\/www.cm-benavente.pt\/wp-content\/uploads\/2025\/03\/carnaval-samora-correia-desfile-domingo-92.jpg\" data-elementor-open-lightbox=\"yes\" data-elementor-lightbox-slideshow=\"1169347\" data-elementor-lightbox-title=\"carnaval samora correia desfile domingo (92)\" data-e-action-hash=\"#elementor-action%3Aaction%3Dlightbox%26settings%3DeyJpZCI6Njc3MjUsInVybCI6Imh0dHBzOlwvXC93d3cuY20tYmVuYXZlbnRlLnB0XC93cC1jb250ZW50XC91cGxvYWRzXC8yMDI1XC8wM1wvY2FybmF2YWwtc2Ftb3JhLWNvcnJlaWEtZGVzZmlsZS1kb21pbmdvLTkyLmpwZyIsInNsaWRlc2hvdyI6IjExNjkzNDcifQ%3D%3D\">\n\t\t\t\t\t<div class=\"e-gallery-image elementor-gallery-item__image\" data-thumbnail=\"https:\/\/www.cm-benavente.pt\/wp-content\/uploads\/2025\/03\/carnaval-samora-correia-desfile-domingo-92-1024x593.jpg\" data-width=\"800\" data-height=\"463\" aria-label=\"\" role=\"img\" ><\/div>\n\t\t\t\t\t\t\t\t\t\t\t<div class=\"elementor-gallery-item__overlay\"><\/div>\n\t\t\t\t\t\t\t\t\t\t\t\t\t\t<\/a>\n\t\t\t\t\t\t\t<a class=\"e-gallery-item elementor-gallery-item elementor-animated-content\" href=\"https:\/\/www.cm-benavente.pt\/wp-content\/uploads\/2025\/03\/carnaval-samora-correia-desfile-domingo-93.jpg\" data-elementor-open-lightbox=\"yes\" data-elementor-lightbox-slideshow=\"1169347\" data-elementor-lightbox-title=\"carnaval samora correia desfile domingo (93)\" data-e-action-hash=\"#elementor-action%3Aaction%3Dlightbox%26settings%3DeyJpZCI6Njc3MjYsInVybCI6Imh0dHBzOlwvXC93d3cuY20tYmVuYXZlbnRlLnB0XC93cC1jb250ZW50XC91cGxvYWRzXC8yMDI1XC8wM1wvY2FybmF2YWwtc2Ftb3JhLWNvcnJlaWEtZGVzZmlsZS1kb21pbmdvLTkzLmpwZyIsInNsaWRlc2hvdyI6IjExNjkzNDcifQ%3D%3D\">\n\t\t\t\t\t<div class=\"e-gallery-image elementor-gallery-item__image\" data-thumbnail=\"https:\/\/www.cm-benavente.pt\/wp-content\/uploads\/2025\/03\/carnaval-samora-correia-desfile-domingo-93-1024x584.jpg\" data-width=\"800\" data-height=\"456\" aria-label=\"\" role=\"img\" ><\/div>\n\t\t\t\t\t\t\t\t\t\t\t<div class=\"elementor-gallery-item__overlay\"><\/div>\n\t\t\t\t\t\t\t\t\t\t\t\t\t\t<\/a>\n\t\t\t\t\t\t\t<a class=\"e-gallery-item elementor-gallery-item elementor-animated-content\" href=\"https:\/\/www.cm-benavente.pt\/wp-content\/uploads\/2025\/03\/carnaval-samora-correia-desfile-domingo-94.jpg\" data-elementor-open-lightbox=\"yes\" data-elementor-lightbox-slideshow=\"1169347\" data-elementor-lightbox-title=\"carnaval samora correia desfile domingo (94)\" data-e-action-hash=\"#elementor-action%3Aaction%3Dlightbox%26settings%3DeyJpZCI6Njc3MjcsInVybCI6Imh0dHBzOlwvXC93d3cuY20tYmVuYXZlbnRlLnB0XC93cC1jb250ZW50XC91cGxvYWRzXC8yMDI1XC8wM1wvY2FybmF2YWwtc2Ftb3JhLWNvcnJlaWEtZGVzZmlsZS1kb21pbmdvLTk0LmpwZyIsInNsaWRlc2hvdyI6IjExNjkzNDcifQ%3D%3D\">\n\t\t\t\t\t<div class=\"e-gallery-image elementor-gallery-item__image\" data-thumbnail=\"https:\/\/www.cm-benavente.pt\/wp-content\/uploads\/2025\/03\/carnaval-samora-correia-desfile-domingo-94-1024x674.jpg\" data-width=\"800\" data-height=\"527\" aria-label=\"\" role=\"img\" ><\/div>\n\t\t\t\t\t\t\t\t\t\t\t<div class=\"elementor-gallery-item__overlay\"><\/div>\n\t\t\t\t\t\t\t\t\t\t\t\t\t\t<\/a>\n\t\t\t\t\t\t\t<a class=\"e-gallery-item elementor-gallery-item elementor-animated-content\" href=\"https:\/\/www.cm-benavente.pt\/wp-content\/uploads\/2025\/03\/carnaval-samora-correia-desfile-domingo-95.jpg\" data-elementor-open-lightbox=\"yes\" data-elementor-lightbox-slideshow=\"1169347\" data-elementor-lightbox-title=\"carnaval samora correia desfile domingo (95)\" data-e-action-hash=\"#elementor-action%3Aaction%3Dlightbox%26settings%3DeyJpZCI6Njc3MjgsInVybCI6Imh0dHBzOlwvXC93d3cuY20tYmVuYXZlbnRlLnB0XC93cC1jb250ZW50XC91cGxvYWRzXC8yMDI1XC8wM1wvY2FybmF2YWwtc2Ftb3JhLWNvcnJlaWEtZGVzZmlsZS1kb21pbmdvLTk1LmpwZyIsInNsaWRlc2hvdyI6IjExNjkzNDcifQ%3D%3D\">\n\t\t\t\t\t<div class=\"e-gallery-image elementor-gallery-item__image\" data-thumbnail=\"https:\/\/www.cm-benavente.pt\/wp-content\/uploads\/2025\/03\/carnaval-samora-correia-desfile-domingo-95-1024x683.jpg\" data-width=\"800\" data-height=\"534\" aria-label=\"\" role=\"img\" ><\/div>\n\t\t\t\t\t\t\t\t\t\t\t<div class=\"elementor-gallery-item__overlay\"><\/div>\n\t\t\t\t\t\t\t\t\t\t\t\t\t\t<\/a>\n\t\t\t\t\t\t\t<a class=\"e-gallery-item elementor-gallery-item elementor-animated-content\" href=\"https:\/\/www.cm-benavente.pt\/wp-content\/uploads\/2025\/03\/carnaval-samora-correia-desfile-domingo-96.jpg\" data-elementor-open-lightbox=\"yes\" data-elementor-lightbox-slideshow=\"1169347\" data-elementor-lightbox-title=\"carnaval samora correia desfile domingo (96)\" data-e-action-hash=\"#elementor-action%3Aaction%3Dlightbox%26settings%3DeyJpZCI6Njc3MjksInVybCI6Imh0dHBzOlwvXC93d3cuY20tYmVuYXZlbnRlLnB0XC93cC1jb250ZW50XC91cGxvYWRzXC8yMDI1XC8wM1wvY2FybmF2YWwtc2Ftb3JhLWNvcnJlaWEtZGVzZmlsZS1kb21pbmdvLTk2LmpwZyIsInNsaWRlc2hvdyI6IjExNjkzNDcifQ%3D%3D\">\n\t\t\t\t\t<div class=\"e-gallery-image elementor-gallery-item__image\" data-thumbnail=\"https:\/\/www.cm-benavente.pt\/wp-content\/uploads\/2025\/03\/carnaval-samora-correia-desfile-domingo-96-1024x555.jpg\" data-width=\"800\" data-height=\"434\" aria-label=\"\" role=\"img\" ><\/div>\n\t\t\t\t\t\t\t\t\t\t\t<div class=\"elementor-gallery-item__overlay\"><\/div>\n\t\t\t\t\t\t\t\t\t\t\t\t\t\t<\/a>\n\t\t\t\t\t\t\t<a class=\"e-gallery-item elementor-gallery-item elementor-animated-content\" href=\"https:\/\/www.cm-benavente.pt\/wp-content\/uploads\/2025\/03\/carnaval-samora-correia-desfile-domingo-97.jpg\" data-elementor-open-lightbox=\"yes\" data-elementor-lightbox-slideshow=\"1169347\" data-elementor-lightbox-title=\"carnaval samora correia desfile domingo (97)\" data-e-action-hash=\"#elementor-action%3Aaction%3Dlightbox%26settings%3DeyJpZCI6Njc3MzAsInVybCI6Imh0dHBzOlwvXC93d3cuY20tYmVuYXZlbnRlLnB0XC93cC1jb250ZW50XC91cGxvYWRzXC8yMDI1XC8wM1wvY2FybmF2YWwtc2Ftb3JhLWNvcnJlaWEtZGVzZmlsZS1kb21pbmdvLTk3LmpwZyIsInNsaWRlc2hvdyI6IjExNjkzNDcifQ%3D%3D\">\n\t\t\t\t\t<div class=\"e-gallery-image elementor-gallery-item__image\" data-thumbnail=\"https:\/\/www.cm-benavente.pt\/wp-content\/uploads\/2025\/03\/carnaval-samora-correia-desfile-domingo-97-1024x683.jpg\" data-width=\"800\" data-height=\"534\" aria-label=\"\" role=\"img\" ><\/div>\n\t\t\t\t\t\t\t\t\t\t\t<div class=\"elementor-gallery-item__overlay\"><\/div>\n\t\t\t\t\t\t\t\t\t\t\t\t\t\t<\/a>\n\t\t\t\t\t\t\t<a class=\"e-gallery-item elementor-gallery-item elementor-animated-content\" href=\"https:\/\/www.cm-benavente.pt\/wp-content\/uploads\/2025\/03\/carnaval-samora-correia-desfile-domingo-98.jpg\" data-elementor-open-lightbox=\"yes\" data-elementor-lightbox-slideshow=\"1169347\" data-elementor-lightbox-title=\"carnaval samora correia desfile domingo (98)\" data-e-action-hash=\"#elementor-action%3Aaction%3Dlightbox%26settings%3DeyJpZCI6Njc3MzEsInVybCI6Imh0dHBzOlwvXC93d3cuY20tYmVuYXZlbnRlLnB0XC93cC1jb250ZW50XC91cGxvYWRzXC8yMDI1XC8wM1wvY2FybmF2YWwtc2Ftb3JhLWNvcnJlaWEtZGVzZmlsZS1kb21pbmdvLTk4LmpwZyIsInNsaWRlc2hvdyI6IjExNjkzNDcifQ%3D%3D\">\n\t\t\t\t\t<div class=\"e-gallery-image elementor-gallery-item__image\" data-thumbnail=\"https:\/\/www.cm-benavente.pt\/wp-content\/uploads\/2025\/03\/carnaval-samora-correia-desfile-domingo-98-1024x493.jpg\" data-width=\"800\" data-height=\"385\" aria-label=\"\" role=\"img\" ><\/div>\n\t\t\t\t\t\t\t\t\t\t\t<div class=\"elementor-gallery-item__overlay\"><\/div>\n\t\t\t\t\t\t\t\t\t\t\t\t\t\t<\/a>\n\t\t\t\t\t\t\t<a class=\"e-gallery-item elementor-gallery-item elementor-animated-content\" href=\"https:\/\/www.cm-benavente.pt\/wp-content\/uploads\/2025\/03\/carnaval-samora-correia-desfile-domingo-99.jpg\" data-elementor-open-lightbox=\"yes\" data-elementor-lightbox-slideshow=\"1169347\" data-elementor-lightbox-title=\"carnaval samora correia desfile domingo (99)\" data-e-action-hash=\"#elementor-action%3Aaction%3Dlightbox%26settings%3DeyJpZCI6Njc3MzIsInVybCI6Imh0dHBzOlwvXC93d3cuY20tYmVuYXZlbnRlLnB0XC93cC1jb250ZW50XC91cGxvYWRzXC8yMDI1XC8wM1wvY2FybmF2YWwtc2Ftb3JhLWNvcnJlaWEtZGVzZmlsZS1kb21pbmdvLTk5LmpwZyIsInNsaWRlc2hvdyI6IjExNjkzNDcifQ%3D%3D\">\n\t\t\t\t\t<div class=\"e-gallery-image elementor-gallery-item__image\" data-thumbnail=\"https:\/\/www.cm-benavente.pt\/wp-content\/uploads\/2025\/03\/carnaval-samora-correia-desfile-domingo-99-1024x659.jpg\" data-width=\"800\" data-height=\"515\" aria-label=\"\" role=\"img\" ><\/div>\n\t\t\t\t\t\t\t\t\t\t\t<div class=\"elementor-gallery-item__overlay\"><\/div>\n\t\t\t\t\t\t\t\t\t\t\t\t\t\t<\/a>\n\t\t\t\t\t\t\t<a class=\"e-gallery-item elementor-gallery-item elementor-animated-content\" href=\"https:\/\/www.cm-benavente.pt\/wp-content\/uploads\/2025\/03\/carnaval-samora-correia-desfile-domingo-100.jpg\" data-elementor-open-lightbox=\"yes\" data-elementor-lightbox-slideshow=\"1169347\" data-elementor-lightbox-title=\"carnaval samora correia desfile domingo (100)\" data-e-action-hash=\"#elementor-action%3Aaction%3Dlightbox%26settings%3DeyJpZCI6Njc3MzMsInVybCI6Imh0dHBzOlwvXC93d3cuY20tYmVuYXZlbnRlLnB0XC93cC1jb250ZW50XC91cGxvYWRzXC8yMDI1XC8wM1wvY2FybmF2YWwtc2Ftb3JhLWNvcnJlaWEtZGVzZmlsZS1kb21pbmdvLTEwMC5qcGciLCJzbGlkZXNob3ciOiIxMTY5MzQ3In0%3D\">\n\t\t\t\t\t<div class=\"e-gallery-image elementor-gallery-item__image\" data-thumbnail=\"https:\/\/www.cm-benavente.pt\/wp-content\/uploads\/2025\/03\/carnaval-samora-correia-desfile-domingo-100-1024x623.jpg\" data-width=\"800\" data-height=\"487\" aria-label=\"\" role=\"img\" ><\/div>\n\t\t\t\t\t\t\t\t\t\t\t<div class=\"elementor-gallery-item__overlay\"><\/div>\n\t\t\t\t\t\t\t\t\t\t\t\t\t\t<\/a>\n\t\t\t\t\t\t\t<a class=\"e-gallery-item elementor-gallery-item elementor-animated-content\" href=\"https:\/\/www.cm-benavente.pt\/wp-content\/uploads\/2025\/03\/carnaval-samora-correia-desfile-domingo-101.jpg\" data-elementor-open-lightbox=\"yes\" data-elementor-lightbox-slideshow=\"1169347\" data-elementor-lightbox-title=\"carnaval samora correia desfile domingo (101)\" data-e-action-hash=\"#elementor-action%3Aaction%3Dlightbox%26settings%3DeyJpZCI6Njc3MzQsInVybCI6Imh0dHBzOlwvXC93d3cuY20tYmVuYXZlbnRlLnB0XC93cC1jb250ZW50XC91cGxvYWRzXC8yMDI1XC8wM1wvY2FybmF2YWwtc2Ftb3JhLWNvcnJlaWEtZGVzZmlsZS1kb21pbmdvLTEwMS5qcGciLCJzbGlkZXNob3ciOiIxMTY5MzQ3In0%3D\">\n\t\t\t\t\t<div class=\"e-gallery-image elementor-gallery-item__image\" data-thumbnail=\"https:\/\/www.cm-benavente.pt\/wp-content\/uploads\/2025\/03\/carnaval-samora-correia-desfile-domingo-101-1024x512.jpg\" data-width=\"800\" data-height=\"400\" aria-label=\"\" role=\"img\" ><\/div>\n\t\t\t\t\t\t\t\t\t\t\t<div class=\"elementor-gallery-item__overlay\"><\/div>\n\t\t\t\t\t\t\t\t\t\t\t\t\t\t<\/a>\n\t\t\t\t\t\t\t<a class=\"e-gallery-item elementor-gallery-item elementor-animated-content\" href=\"https:\/\/www.cm-benavente.pt\/wp-content\/uploads\/2025\/03\/carnaval-samora-correia-desfile-domingo-102.jpg\" data-elementor-open-lightbox=\"yes\" data-elementor-lightbox-slideshow=\"1169347\" data-elementor-lightbox-title=\"carnaval samora correia desfile domingo (102)\" data-e-action-hash=\"#elementor-action%3Aaction%3Dlightbox%26settings%3DeyJpZCI6Njc3MzUsInVybCI6Imh0dHBzOlwvXC93d3cuY20tYmVuYXZlbnRlLnB0XC93cC1jb250ZW50XC91cGxvYWRzXC8yMDI1XC8wM1wvY2FybmF2YWwtc2Ftb3JhLWNvcnJlaWEtZGVzZmlsZS1kb21pbmdvLTEwMi5qcGciLCJzbGlkZXNob3ciOiIxMTY5MzQ3In0%3D\">\n\t\t\t\t\t<div class=\"e-gallery-image elementor-gallery-item__image\" data-thumbnail=\"https:\/\/www.cm-benavente.pt\/wp-content\/uploads\/2025\/03\/carnaval-samora-correia-desfile-domingo-102-1024x682.jpg\" data-width=\"800\" data-height=\"533\" aria-label=\"\" role=\"img\" ><\/div>\n\t\t\t\t\t\t\t\t\t\t\t<div class=\"elementor-gallery-item__overlay\"><\/div>\n\t\t\t\t\t\t\t\t\t\t\t\t\t\t<\/a>\n\t\t\t\t\t\t\t<a class=\"e-gallery-item elementor-gallery-item elementor-animated-content\" href=\"https:\/\/www.cm-benavente.pt\/wp-content\/uploads\/2025\/03\/carnaval-samora-correia-desfile-domingo-103-scaled.jpg\" data-elementor-open-lightbox=\"yes\" data-elementor-lightbox-slideshow=\"1169347\" data-elementor-lightbox-title=\"carnaval samora correia desfile domingo (103)\" data-e-action-hash=\"#elementor-action%3Aaction%3Dlightbox%26settings%3DeyJpZCI6Njc3MzYsInVybCI6Imh0dHBzOlwvXC93d3cuY20tYmVuYXZlbnRlLnB0XC93cC1jb250ZW50XC91cGxvYWRzXC8yMDI1XC8wM1wvY2FybmF2YWwtc2Ftb3JhLWNvcnJlaWEtZGVzZmlsZS1kb21pbmdvLTEwMy1zY2FsZWQuanBnIiwic2xpZGVzaG93IjoiMTE2OTM0NyJ9\">\n\t\t\t\t\t<div class=\"e-gallery-image elementor-gallery-item__image\" data-thumbnail=\"https:\/\/www.cm-benavente.pt\/wp-content\/uploads\/2025\/03\/carnaval-samora-correia-desfile-domingo-103-1024x690.jpg\" data-width=\"800\" data-height=\"539\" aria-label=\"\" role=\"img\" ><\/div>\n\t\t\t\t\t\t\t\t\t\t\t<div class=\"elementor-gallery-item__overlay\"><\/div>\n\t\t\t\t\t\t\t\t\t\t\t\t\t\t<\/a>\n\t\t\t\t\t\t\t<a class=\"e-gallery-item elementor-gallery-item elementor-animated-content\" href=\"https:\/\/www.cm-benavente.pt\/wp-content\/uploads\/2025\/03\/carnaval-samora-correia-desfile-domingo-104.jpg\" data-elementor-open-lightbox=\"yes\" data-elementor-lightbox-slideshow=\"1169347\" data-elementor-lightbox-title=\"carnaval samora correia desfile domingo (104)\" data-e-action-hash=\"#elementor-action%3Aaction%3Dlightbox%26settings%3DeyJpZCI6Njc3MzcsInVybCI6Imh0dHBzOlwvXC93d3cuY20tYmVuYXZlbnRlLnB0XC93cC1jb250ZW50XC91cGxvYWRzXC8yMDI1XC8wM1wvY2FybmF2YWwtc2Ftb3JhLWNvcnJlaWEtZGVzZmlsZS1kb21pbmdvLTEwNC5qcGciLCJzbGlkZXNob3ciOiIxMTY5MzQ3In0%3D\">\n\t\t\t\t\t<div class=\"e-gallery-image elementor-gallery-item__image\" data-thumbnail=\"https:\/\/www.cm-benavente.pt\/wp-content\/uploads\/2025\/03\/carnaval-samora-correia-desfile-domingo-104-1024x517.jpg\" data-width=\"800\" data-height=\"404\" aria-label=\"\" role=\"img\" ><\/div>\n\t\t\t\t\t\t\t\t\t\t\t<div class=\"elementor-gallery-item__overlay\"><\/div>\n\t\t\t\t\t\t\t\t\t\t\t\t\t\t<\/a>\n\t\t\t\t\t\t\t<a class=\"e-gallery-item elementor-gallery-item elementor-animated-content\" href=\"https:\/\/www.cm-benavente.pt\/wp-content\/uploads\/2025\/03\/carnaval-samora-correia-desfile-domingo-105.jpg\" data-elementor-open-lightbox=\"yes\" data-elementor-lightbox-slideshow=\"1169347\" data-elementor-lightbox-title=\"carnaval samora correia desfile domingo (105)\" data-e-action-hash=\"#elementor-action%3Aaction%3Dlightbox%26settings%3DeyJpZCI6Njc3MzgsInVybCI6Imh0dHBzOlwvXC93d3cuY20tYmVuYXZlbnRlLnB0XC93cC1jb250ZW50XC91cGxvYWRzXC8yMDI1XC8wM1wvY2FybmF2YWwtc2Ftb3JhLWNvcnJlaWEtZGVzZmlsZS1kb21pbmdvLTEwNS5qcGciLCJzbGlkZXNob3ciOiIxMTY5MzQ3In0%3D\">\n\t\t\t\t\t<div class=\"e-gallery-image elementor-gallery-item__image\" data-thumbnail=\"https:\/\/www.cm-benavente.pt\/wp-content\/uploads\/2025\/03\/carnaval-samora-correia-desfile-domingo-105-1024x491.jpg\" data-width=\"800\" data-height=\"384\" aria-label=\"\" role=\"img\" ><\/div>\n\t\t\t\t\t\t\t\t\t\t\t<div class=\"elementor-gallery-item__overlay\"><\/div>\n\t\t\t\t\t\t\t\t\t\t\t\t\t\t<\/a>\n\t\t\t\t\t\t\t<a class=\"e-gallery-item elementor-gallery-item elementor-animated-content\" href=\"https:\/\/www.cm-benavente.pt\/wp-content\/uploads\/2025\/03\/carnaval-samora-correia-desfile-domingo-106.jpg\" data-elementor-open-lightbox=\"yes\" data-elementor-lightbox-slideshow=\"1169347\" data-elementor-lightbox-title=\"carnaval samora correia desfile domingo (106)\" data-e-action-hash=\"#elementor-action%3Aaction%3Dlightbox%26settings%3DeyJpZCI6Njc3MzksInVybCI6Imh0dHBzOlwvXC93d3cuY20tYmVuYXZlbnRlLnB0XC93cC1jb250ZW50XC91cGxvYWRzXC8yMDI1XC8wM1wvY2FybmF2YWwtc2Ftb3JhLWNvcnJlaWEtZGVzZmlsZS1kb21pbmdvLTEwNi5qcGciLCJzbGlkZXNob3ciOiIxMTY5MzQ3In0%3D\">\n\t\t\t\t\t<div class=\"e-gallery-image elementor-gallery-item__image\" data-thumbnail=\"https:\/\/www.cm-benavente.pt\/wp-content\/uploads\/2025\/03\/carnaval-samora-correia-desfile-domingo-106-1024x652.jpg\" data-width=\"800\" data-height=\"509\" aria-label=\"\" role=\"img\" ><\/div>\n\t\t\t\t\t\t\t\t\t\t\t<div class=\"elementor-gallery-item__overlay\"><\/div>\n\t\t\t\t\t\t\t\t\t\t\t\t\t\t<\/a>\n\t\t\t\t\t\t\t<a class=\"e-gallery-item elementor-gallery-item elementor-animated-content\" href=\"https:\/\/www.cm-benavente.pt\/wp-content\/uploads\/2025\/03\/carnaval-samora-correia-desfile-domingo-107.jpg\" data-elementor-open-lightbox=\"yes\" data-elementor-lightbox-slideshow=\"1169347\" data-elementor-lightbox-title=\"carnaval samora correia desfile domingo (107)\" data-e-action-hash=\"#elementor-action%3Aaction%3Dlightbox%26settings%3DeyJpZCI6Njc3NDAsInVybCI6Imh0dHBzOlwvXC93d3cuY20tYmVuYXZlbnRlLnB0XC93cC1jb250ZW50XC91cGxvYWRzXC8yMDI1XC8wM1wvY2FybmF2YWwtc2Ftb3JhLWNvcnJlaWEtZGVzZmlsZS1kb21pbmdvLTEwNy5qcGciLCJzbGlkZXNob3ciOiIxMTY5MzQ3In0%3D\">\n\t\t\t\t\t<div class=\"e-gallery-image elementor-gallery-item__image\" data-thumbnail=\"https:\/\/www.cm-benavente.pt\/wp-content\/uploads\/2025\/03\/carnaval-samora-correia-desfile-domingo-107-1024x517.jpg\" data-width=\"800\" data-height=\"404\" aria-label=\"\" role=\"img\" ><\/div>\n\t\t\t\t\t\t\t\t\t\t\t<div class=\"elementor-gallery-item__overlay\"><\/div>\n\t\t\t\t\t\t\t\t\t\t\t\t\t\t<\/a>\n\t\t\t\t\t\t\t<a class=\"e-gallery-item elementor-gallery-item elementor-animated-content\" href=\"https:\/\/www.cm-benavente.pt\/wp-content\/uploads\/2025\/03\/carnaval-samora-correia-desfile-domingo-108.jpg\" data-elementor-open-lightbox=\"yes\" data-elementor-lightbox-slideshow=\"1169347\" data-elementor-lightbox-title=\"carnaval samora correia desfile domingo (108)\" data-e-action-hash=\"#elementor-action%3Aaction%3Dlightbox%26settings%3DeyJpZCI6Njc3NDEsInVybCI6Imh0dHBzOlwvXC93d3cuY20tYmVuYXZlbnRlLnB0XC93cC1jb250ZW50XC91cGxvYWRzXC8yMDI1XC8wM1wvY2FybmF2YWwtc2Ftb3JhLWNvcnJlaWEtZGVzZmlsZS1kb21pbmdvLTEwOC5qcGciLCJzbGlkZXNob3ciOiIxMTY5MzQ3In0%3D\">\n\t\t\t\t\t<div class=\"e-gallery-image elementor-gallery-item__image\" data-thumbnail=\"https:\/\/www.cm-benavente.pt\/wp-content\/uploads\/2025\/03\/carnaval-samora-correia-desfile-domingo-108-1024x595.jpg\" data-width=\"800\" data-height=\"465\" aria-label=\"\" role=\"img\" ><\/div>\n\t\t\t\t\t\t\t\t\t\t\t<div class=\"elementor-gallery-item__overlay\"><\/div>\n\t\t\t\t\t\t\t\t\t\t\t\t\t\t<\/a>\n\t\t\t\t\t\t\t<a class=\"e-gallery-item elementor-gallery-item elementor-animated-content\" href=\"https:\/\/www.cm-benavente.pt\/wp-content\/uploads\/2025\/03\/carnaval-samora-correia-desfile-domingo-109.jpg\" data-elementor-open-lightbox=\"yes\" data-elementor-lightbox-slideshow=\"1169347\" data-elementor-lightbox-title=\"carnaval samora correia desfile domingo (109)\" data-e-action-hash=\"#elementor-action%3Aaction%3Dlightbox%26settings%3DeyJpZCI6Njc3NDIsInVybCI6Imh0dHBzOlwvXC93d3cuY20tYmVuYXZlbnRlLnB0XC93cC1jb250ZW50XC91cGxvYWRzXC8yMDI1XC8wM1wvY2FybmF2YWwtc2Ftb3JhLWNvcnJlaWEtZGVzZmlsZS1kb21pbmdvLTEwOS5qcGciLCJzbGlkZXNob3ciOiIxMTY5MzQ3In0%3D\">\n\t\t\t\t\t<div class=\"e-gallery-image elementor-gallery-item__image\" data-thumbnail=\"https:\/\/www.cm-benavente.pt\/wp-content\/uploads\/2025\/03\/carnaval-samora-correia-desfile-domingo-109-1024x682.jpg\" data-width=\"800\" data-height=\"533\" aria-label=\"\" role=\"img\" ><\/div>\n\t\t\t\t\t\t\t\t\t\t\t<div class=\"elementor-gallery-item__overlay\"><\/div>\n\t\t\t\t\t\t\t\t\t\t\t\t\t\t<\/a>\n\t\t\t\t\t\t\t<a class=\"e-gallery-item elementor-gallery-item elementor-animated-content\" href=\"https:\/\/www.cm-benavente.pt\/wp-content\/uploads\/2025\/03\/carnaval-samora-correia-desfile-domingo-110.jpg\" data-elementor-open-lightbox=\"yes\" data-elementor-lightbox-slideshow=\"1169347\" data-elementor-lightbox-title=\"carnaval samora correia desfile domingo (110)\" data-e-action-hash=\"#elementor-action%3Aaction%3Dlightbox%26settings%3DeyJpZCI6Njc3NDMsInVybCI6Imh0dHBzOlwvXC93d3cuY20tYmVuYXZlbnRlLnB0XC93cC1jb250ZW50XC91cGxvYWRzXC8yMDI1XC8wM1wvY2FybmF2YWwtc2Ftb3JhLWNvcnJlaWEtZGVzZmlsZS1kb21pbmdvLTExMC5qcGciLCJzbGlkZXNob3ciOiIxMTY5MzQ3In0%3D\">\n\t\t\t\t\t<div class=\"e-gallery-image elementor-gallery-item__image\" data-thumbnail=\"https:\/\/www.cm-benavente.pt\/wp-content\/uploads\/2025\/03\/carnaval-samora-correia-desfile-domingo-110-1024x538.jpg\" data-width=\"800\" data-height=\"420\" aria-label=\"\" role=\"img\" ><\/div>\n\t\t\t\t\t\t\t\t\t\t\t<div class=\"elementor-gallery-item__overlay\"><\/div>\n\t\t\t\t\t\t\t\t\t\t\t\t\t\t<\/a>\n\t\t\t\t\t\t\t<a class=\"e-gallery-item elementor-gallery-item elementor-animated-content\" href=\"https:\/\/www.cm-benavente.pt\/wp-content\/uploads\/2025\/03\/carnaval-samora-correia-desfile-domingo-111-scaled.jpg\" data-elementor-open-lightbox=\"yes\" data-elementor-lightbox-slideshow=\"1169347\" data-elementor-lightbox-title=\"carnaval samora correia desfile domingo (111)\" data-e-action-hash=\"#elementor-action%3Aaction%3Dlightbox%26settings%3DeyJpZCI6Njc3NDQsInVybCI6Imh0dHBzOlwvXC93d3cuY20tYmVuYXZlbnRlLnB0XC93cC1jb250ZW50XC91cGxvYWRzXC8yMDI1XC8wM1wvY2FybmF2YWwtc2Ftb3JhLWNvcnJlaWEtZGVzZmlsZS1kb21pbmdvLTExMS1zY2FsZWQuanBnIiwic2xpZGVzaG93IjoiMTE2OTM0NyJ9\">\n\t\t\t\t\t<div class=\"e-gallery-image elementor-gallery-item__image\" data-thumbnail=\"https:\/\/www.cm-benavente.pt\/wp-content\/uploads\/2025\/03\/carnaval-samora-correia-desfile-domingo-111-1024x683.jpg\" data-width=\"800\" data-height=\"534\" aria-label=\"\" role=\"img\" ><\/div>\n\t\t\t\t\t\t\t\t\t\t\t<div class=\"elementor-gallery-item__overlay\"><\/div>\n\t\t\t\t\t\t\t\t\t\t\t\t\t\t<\/a>\n\t\t\t\t\t\t\t<a class=\"e-gallery-item elementor-gallery-item elementor-animated-content\" href=\"https:\/\/www.cm-benavente.pt\/wp-content\/uploads\/2025\/03\/carnaval-samora-correia-desfile-domingo-112.jpg\" data-elementor-open-lightbox=\"yes\" data-elementor-lightbox-slideshow=\"1169347\" data-elementor-lightbox-title=\"carnaval samora correia desfile domingo (112)\" data-e-action-hash=\"#elementor-action%3Aaction%3Dlightbox%26settings%3DeyJpZCI6Njc3NDUsInVybCI6Imh0dHBzOlwvXC93d3cuY20tYmVuYXZlbnRlLnB0XC93cC1jb250ZW50XC91cGxvYWRzXC8yMDI1XC8wM1wvY2FybmF2YWwtc2Ftb3JhLWNvcnJlaWEtZGVzZmlsZS1kb21pbmdvLTExMi5qcGciLCJzbGlkZXNob3ciOiIxMTY5MzQ3In0%3D\">\n\t\t\t\t\t<div class=\"e-gallery-image elementor-gallery-item__image\" data-thumbnail=\"https:\/\/www.cm-benavente.pt\/wp-content\/uploads\/2025\/03\/carnaval-samora-correia-desfile-domingo-112-1024x606.jpg\" data-width=\"800\" data-height=\"473\" aria-label=\"\" role=\"img\" ><\/div>\n\t\t\t\t\t\t\t\t\t\t\t<div class=\"elementor-gallery-item__overlay\"><\/div>\n\t\t\t\t\t\t\t\t\t\t\t\t\t\t<\/a>\n\t\t\t\t\t\t\t<a class=\"e-gallery-item elementor-gallery-item elementor-animated-content\" href=\"https:\/\/www.cm-benavente.pt\/wp-content\/uploads\/2025\/03\/carnaval-samora-correia-desfile-domingo-113.jpg\" data-elementor-open-lightbox=\"yes\" data-elementor-lightbox-slideshow=\"1169347\" data-elementor-lightbox-title=\"carnaval samora correia desfile domingo (113)\" data-e-action-hash=\"#elementor-action%3Aaction%3Dlightbox%26settings%3DeyJpZCI6Njc3NDYsInVybCI6Imh0dHBzOlwvXC93d3cuY20tYmVuYXZlbnRlLnB0XC93cC1jb250ZW50XC91cGxvYWRzXC8yMDI1XC8wM1wvY2FybmF2YWwtc2Ftb3JhLWNvcnJlaWEtZGVzZmlsZS1kb21pbmdvLTExMy5qcGciLCJzbGlkZXNob3ciOiIxMTY5MzQ3In0%3D\">\n\t\t\t\t\t<div class=\"e-gallery-image elementor-gallery-item__image\" data-thumbnail=\"https:\/\/www.cm-benavente.pt\/wp-content\/uploads\/2025\/03\/carnaval-samora-correia-desfile-domingo-113-1024x639.jpg\" data-width=\"800\" data-height=\"499\" aria-label=\"\" role=\"img\" ><\/div>\n\t\t\t\t\t\t\t\t\t\t\t<div class=\"elementor-gallery-item__overlay\"><\/div>\n\t\t\t\t\t\t\t\t\t\t\t\t\t\t<\/a>\n\t\t\t\t\t\t\t<a class=\"e-gallery-item elementor-gallery-item elementor-animated-content\" href=\"https:\/\/www.cm-benavente.pt\/wp-content\/uploads\/2025\/03\/carnaval-samora-correia-desfile-domingo-114-scaled.jpg\" data-elementor-open-lightbox=\"yes\" data-elementor-lightbox-slideshow=\"1169347\" data-elementor-lightbox-title=\"carnaval samora correia desfile domingo (114)\" data-e-action-hash=\"#elementor-action%3Aaction%3Dlightbox%26settings%3DeyJpZCI6Njc3NDcsInVybCI6Imh0dHBzOlwvXC93d3cuY20tYmVuYXZlbnRlLnB0XC93cC1jb250ZW50XC91cGxvYWRzXC8yMDI1XC8wM1wvY2FybmF2YWwtc2Ftb3JhLWNvcnJlaWEtZGVzZmlsZS1kb21pbmdvLTExNC1zY2FsZWQuanBnIiwic2xpZGVzaG93IjoiMTE2OTM0NyJ9\">\n\t\t\t\t\t<div class=\"e-gallery-image elementor-gallery-item__image\" data-thumbnail=\"https:\/\/www.cm-benavente.pt\/wp-content\/uploads\/2025\/03\/carnaval-samora-correia-desfile-domingo-114-1024x585.jpg\" data-width=\"800\" data-height=\"457\" aria-label=\"\" role=\"img\" ><\/div>\n\t\t\t\t\t\t\t\t\t\t\t<div class=\"elementor-gallery-item__overlay\"><\/div>\n\t\t\t\t\t\t\t\t\t\t\t\t\t\t<\/a>\n\t\t\t\t\t\t\t<a class=\"e-gallery-item elementor-gallery-item elementor-animated-content\" href=\"https:\/\/www.cm-benavente.pt\/wp-content\/uploads\/2025\/03\/carnaval-samora-correia-desfile-domingo-115.jpg\" data-elementor-open-lightbox=\"yes\" data-elementor-lightbox-slideshow=\"1169347\" data-elementor-lightbox-title=\"carnaval samora correia desfile domingo (115)\" data-e-action-hash=\"#elementor-action%3Aaction%3Dlightbox%26settings%3DeyJpZCI6Njc3NDgsInVybCI6Imh0dHBzOlwvXC93d3cuY20tYmVuYXZlbnRlLnB0XC93cC1jb250ZW50XC91cGxvYWRzXC8yMDI1XC8wM1wvY2FybmF2YWwtc2Ftb3JhLWNvcnJlaWEtZGVzZmlsZS1kb21pbmdvLTExNS5qcGciLCJzbGlkZXNob3ciOiIxMTY5MzQ3In0%3D\">\n\t\t\t\t\t<div class=\"e-gallery-image elementor-gallery-item__image\" data-thumbnail=\"https:\/\/www.cm-benavente.pt\/wp-content\/uploads\/2025\/03\/carnaval-samora-correia-desfile-domingo-115-1024x683.jpg\" data-width=\"800\" data-height=\"534\" aria-label=\"\" role=\"img\" ><\/div>\n\t\t\t\t\t\t\t\t\t\t\t<div class=\"elementor-gallery-item__overlay\"><\/div>\n\t\t\t\t\t\t\t\t\t\t\t\t\t\t<\/a>\n\t\t\t\t\t\t\t<a class=\"e-gallery-item elementor-gallery-item elementor-animated-content\" href=\"https:\/\/www.cm-benavente.pt\/wp-content\/uploads\/2025\/03\/carnaval-samora-correia-desfile-domingo-116.jpg\" data-elementor-open-lightbox=\"yes\" data-elementor-lightbox-slideshow=\"1169347\" data-elementor-lightbox-title=\"carnaval samora correia desfile domingo (116)\" data-e-action-hash=\"#elementor-action%3Aaction%3Dlightbox%26settings%3DeyJpZCI6Njc3NDksInVybCI6Imh0dHBzOlwvXC93d3cuY20tYmVuYXZlbnRlLnB0XC93cC1jb250ZW50XC91cGxvYWRzXC8yMDI1XC8wM1wvY2FybmF2YWwtc2Ftb3JhLWNvcnJlaWEtZGVzZmlsZS1kb21pbmdvLTExNi5qcGciLCJzbGlkZXNob3ciOiIxMTY5MzQ3In0%3D\">\n\t\t\t\t\t<div class=\"e-gallery-image elementor-gallery-item__image\" data-thumbnail=\"https:\/\/www.cm-benavente.pt\/wp-content\/uploads\/2025\/03\/carnaval-samora-correia-desfile-domingo-116-1024x671.jpg\" data-width=\"800\" data-height=\"524\" aria-label=\"\" role=\"img\" ><\/div>\n\t\t\t\t\t\t\t\t\t\t\t<div class=\"elementor-gallery-item__overlay\"><\/div>\n\t\t\t\t\t\t\t\t\t\t\t\t\t\t<\/a>\n\t\t\t\t\t\t\t<a class=\"e-gallery-item elementor-gallery-item elementor-animated-content\" href=\"https:\/\/www.cm-benavente.pt\/wp-content\/uploads\/2025\/03\/carnaval-samora-correia-desfile-domingo-117.jpg\" data-elementor-open-lightbox=\"yes\" data-elementor-lightbox-slideshow=\"1169347\" data-elementor-lightbox-title=\"carnaval samora correia desfile domingo (117)\" data-e-action-hash=\"#elementor-action%3Aaction%3Dlightbox%26settings%3DeyJpZCI6Njc3NTAsInVybCI6Imh0dHBzOlwvXC93d3cuY20tYmVuYXZlbnRlLnB0XC93cC1jb250ZW50XC91cGxvYWRzXC8yMDI1XC8wM1wvY2FybmF2YWwtc2Ftb3JhLWNvcnJlaWEtZGVzZmlsZS1kb21pbmdvLTExNy5qcGciLCJzbGlkZXNob3ciOiIxMTY5MzQ3In0%3D\">\n\t\t\t\t\t<div class=\"e-gallery-image elementor-gallery-item__image\" data-thumbnail=\"https:\/\/www.cm-benavente.pt\/wp-content\/uploads\/2025\/03\/carnaval-samora-correia-desfile-domingo-117-1024x491.jpg\" data-width=\"800\" data-height=\"384\" aria-label=\"\" role=\"img\" ><\/div>\n\t\t\t\t\t\t\t\t\t\t\t<div class=\"elementor-gallery-item__overlay\"><\/div>\n\t\t\t\t\t\t\t\t\t\t\t\t\t\t<\/a>\n\t\t\t\t\t\t\t<a class=\"e-gallery-item elementor-gallery-item elementor-animated-content\" href=\"https:\/\/www.cm-benavente.pt\/wp-content\/uploads\/2025\/03\/carnaval-samora-correia-desfile-domingo-118.jpg\" data-elementor-open-lightbox=\"yes\" data-elementor-lightbox-slideshow=\"1169347\" data-elementor-lightbox-title=\"carnaval samora correia desfile domingo (118)\" data-e-action-hash=\"#elementor-action%3Aaction%3Dlightbox%26settings%3DeyJpZCI6Njc3NTEsInVybCI6Imh0dHBzOlwvXC93d3cuY20tYmVuYXZlbnRlLnB0XC93cC1jb250ZW50XC91cGxvYWRzXC8yMDI1XC8wM1wvY2FybmF2YWwtc2Ftb3JhLWNvcnJlaWEtZGVzZmlsZS1kb21pbmdvLTExOC5qcGciLCJzbGlkZXNob3ciOiIxMTY5MzQ3In0%3D\">\n\t\t\t\t\t<div class=\"e-gallery-image elementor-gallery-item__image\" data-thumbnail=\"https:\/\/www.cm-benavente.pt\/wp-content\/uploads\/2025\/03\/carnaval-samora-correia-desfile-domingo-118-1024x638.jpg\" data-width=\"800\" data-height=\"498\" aria-label=\"\" role=\"img\" ><\/div>\n\t\t\t\t\t\t\t\t\t\t\t<div class=\"elementor-gallery-item__overlay\"><\/div>\n\t\t\t\t\t\t\t\t\t\t\t\t\t\t<\/a>\n\t\t\t\t\t\t\t<a class=\"e-gallery-item elementor-gallery-item elementor-animated-content\" href=\"https:\/\/www.cm-benavente.pt\/wp-content\/uploads\/2025\/03\/carnaval-samora-correia-desfile-domingo-119.jpg\" data-elementor-open-lightbox=\"yes\" data-elementor-lightbox-slideshow=\"1169347\" data-elementor-lightbox-title=\"carnaval samora correia desfile domingo (119)\" data-e-action-hash=\"#elementor-action%3Aaction%3Dlightbox%26settings%3DeyJpZCI6Njc3NTIsInVybCI6Imh0dHBzOlwvXC93d3cuY20tYmVuYXZlbnRlLnB0XC93cC1jb250ZW50XC91cGxvYWRzXC8yMDI1XC8wM1wvY2FybmF2YWwtc2Ftb3JhLWNvcnJlaWEtZGVzZmlsZS1kb21pbmdvLTExOS5qcGciLCJzbGlkZXNob3ciOiIxMTY5MzQ3In0%3D\">\n\t\t\t\t\t<div class=\"e-gallery-image elementor-gallery-item__image\" data-thumbnail=\"https:\/\/www.cm-benavente.pt\/wp-content\/uploads\/2025\/03\/carnaval-samora-correia-desfile-domingo-119-1024x579.jpg\" data-width=\"800\" data-height=\"452\" aria-label=\"\" role=\"img\" ><\/div>\n\t\t\t\t\t\t\t\t\t\t\t<div class=\"elementor-gallery-item__overlay\"><\/div>\n\t\t\t\t\t\t\t\t\t\t\t\t\t\t<\/a>\n\t\t\t\t\t\t\t<a class=\"e-gallery-item elementor-gallery-item elementor-animated-content\" href=\"https:\/\/www.cm-benavente.pt\/wp-content\/uploads\/2025\/03\/carnaval-samora-correia-desfile-domingo-120-scaled.jpg\" data-elementor-open-lightbox=\"yes\" data-elementor-lightbox-slideshow=\"1169347\" data-elementor-lightbox-title=\"carnaval samora correia desfile domingo (120)\" data-e-action-hash=\"#elementor-action%3Aaction%3Dlightbox%26settings%3DeyJpZCI6Njc3NTMsInVybCI6Imh0dHBzOlwvXC93d3cuY20tYmVuYXZlbnRlLnB0XC93cC1jb250ZW50XC91cGxvYWRzXC8yMDI1XC8wM1wvY2FybmF2YWwtc2Ftb3JhLWNvcnJlaWEtZGVzZmlsZS1kb21pbmdvLTEyMC1zY2FsZWQuanBnIiwic2xpZGVzaG93IjoiMTE2OTM0NyJ9\">\n\t\t\t\t\t<div class=\"e-gallery-image elementor-gallery-item__image\" data-thumbnail=\"https:\/\/www.cm-benavente.pt\/wp-content\/uploads\/2025\/03\/carnaval-samora-correia-desfile-domingo-120-1024x528.jpg\" data-width=\"800\" data-height=\"413\" aria-label=\"\" role=\"img\" ><\/div>\n\t\t\t\t\t\t\t\t\t\t\t<div class=\"elementor-gallery-item__overlay\"><\/div>\n\t\t\t\t\t\t\t\t\t\t\t\t\t\t<\/a>\n\t\t\t\t\t\t\t<a class=\"e-gallery-item elementor-gallery-item elementor-animated-content\" href=\"https:\/\/www.cm-benavente.pt\/wp-content\/uploads\/2025\/03\/carnaval-samora-correia-desfile-domingo-121-scaled.jpg\" data-elementor-open-lightbox=\"yes\" data-elementor-lightbox-slideshow=\"1169347\" data-elementor-lightbox-title=\"carnaval samora correia desfile domingo (121)\" data-e-action-hash=\"#elementor-action%3Aaction%3Dlightbox%26settings%3DeyJpZCI6Njc3NTQsInVybCI6Imh0dHBzOlwvXC93d3cuY20tYmVuYXZlbnRlLnB0XC93cC1jb250ZW50XC91cGxvYWRzXC8yMDI1XC8wM1wvY2FybmF2YWwtc2Ftb3JhLWNvcnJlaWEtZGVzZmlsZS1kb21pbmdvLTEyMS1zY2FsZWQuanBnIiwic2xpZGVzaG93IjoiMTE2OTM0NyJ9\">\n\t\t\t\t\t<div class=\"e-gallery-image elementor-gallery-item__image\" data-thumbnail=\"https:\/\/www.cm-benavente.pt\/wp-content\/uploads\/2025\/03\/carnaval-samora-correia-desfile-domingo-121-1024x683.jpg\" data-width=\"800\" data-height=\"534\" aria-label=\"\" role=\"img\" ><\/div>\n\t\t\t\t\t\t\t\t\t\t\t<div class=\"elementor-gallery-item__overlay\"><\/div>\n\t\t\t\t\t\t\t\t\t\t\t\t\t\t<\/a>\n\t\t\t\t\t\t\t<a class=\"e-gallery-item elementor-gallery-item elementor-animated-content\" href=\"https:\/\/www.cm-benavente.pt\/wp-content\/uploads\/2025\/03\/carnaval-samora-correia-desfile-domingo-122-scaled.jpg\" data-elementor-open-lightbox=\"yes\" data-elementor-lightbox-slideshow=\"1169347\" data-elementor-lightbox-title=\"carnaval samora correia desfile domingo (122)\" data-e-action-hash=\"#elementor-action%3Aaction%3Dlightbox%26settings%3DeyJpZCI6Njc3NTUsInVybCI6Imh0dHBzOlwvXC93d3cuY20tYmVuYXZlbnRlLnB0XC93cC1jb250ZW50XC91cGxvYWRzXC8yMDI1XC8wM1wvY2FybmF2YWwtc2Ftb3JhLWNvcnJlaWEtZGVzZmlsZS1kb21pbmdvLTEyMi1zY2FsZWQuanBnIiwic2xpZGVzaG93IjoiMTE2OTM0NyJ9\">\n\t\t\t\t\t<div class=\"e-gallery-image elementor-gallery-item__image\" data-thumbnail=\"https:\/\/www.cm-benavente.pt\/wp-content\/uploads\/2025\/03\/carnaval-samora-correia-desfile-domingo-122-1024x661.jpg\" data-width=\"800\" data-height=\"516\" aria-label=\"\" role=\"img\" ><\/div>\n\t\t\t\t\t\t\t\t\t\t\t<div class=\"elementor-gallery-item__overlay\"><\/div>\n\t\t\t\t\t\t\t\t\t\t\t\t\t\t<\/a>\n\t\t\t\t\t\t\t<a class=\"e-gallery-item elementor-gallery-item elementor-animated-content\" href=\"https:\/\/www.cm-benavente.pt\/wp-content\/uploads\/2025\/03\/carnaval-samora-correia-desfile-domingo-123-scaled.jpg\" data-elementor-open-lightbox=\"yes\" data-elementor-lightbox-slideshow=\"1169347\" data-elementor-lightbox-title=\"carnaval samora correia desfile domingo (123)\" data-e-action-hash=\"#elementor-action%3Aaction%3Dlightbox%26settings%3DeyJpZCI6Njc3NTYsInVybCI6Imh0dHBzOlwvXC93d3cuY20tYmVuYXZlbnRlLnB0XC93cC1jb250ZW50XC91cGxvYWRzXC8yMDI1XC8wM1wvY2FybmF2YWwtc2Ftb3JhLWNvcnJlaWEtZGVzZmlsZS1kb21pbmdvLTEyMy1zY2FsZWQuanBnIiwic2xpZGVzaG93IjoiMTE2OTM0NyJ9\">\n\t\t\t\t\t<div class=\"e-gallery-image elementor-gallery-item__image\" data-thumbnail=\"https:\/\/www.cm-benavente.pt\/wp-content\/uploads\/2025\/03\/carnaval-samora-correia-desfile-domingo-123-1024x545.jpg\" data-width=\"800\" data-height=\"426\" aria-label=\"\" role=\"img\" ><\/div>\n\t\t\t\t\t\t\t\t\t\t\t<div class=\"elementor-gallery-item__overlay\"><\/div>\n\t\t\t\t\t\t\t\t\t\t\t\t\t\t<\/a>\n\t\t\t\t\t\t\t<a class=\"e-gallery-item elementor-gallery-item elementor-animated-content\" href=\"https:\/\/www.cm-benavente.pt\/wp-content\/uploads\/2025\/03\/carnaval-samora-correia-desfile-domingo-124.jpg\" data-elementor-open-lightbox=\"yes\" data-elementor-lightbox-slideshow=\"1169347\" data-elementor-lightbox-title=\"carnaval samora correia desfile domingo (124)\" data-e-action-hash=\"#elementor-action%3Aaction%3Dlightbox%26settings%3DeyJpZCI6Njc3NTcsInVybCI6Imh0dHBzOlwvXC93d3cuY20tYmVuYXZlbnRlLnB0XC93cC1jb250ZW50XC91cGxvYWRzXC8yMDI1XC8wM1wvY2FybmF2YWwtc2Ftb3JhLWNvcnJlaWEtZGVzZmlsZS1kb21pbmdvLTEyNC5qcGciLCJzbGlkZXNob3ciOiIxMTY5MzQ3In0%3D\">\n\t\t\t\t\t<div class=\"e-gallery-image elementor-gallery-item__image\" data-thumbnail=\"https:\/\/www.cm-benavente.pt\/wp-content\/uploads\/2025\/03\/carnaval-samora-correia-desfile-domingo-124-1024x683.jpg\" data-width=\"800\" data-height=\"534\" aria-label=\"\" role=\"img\" ><\/div>\n\t\t\t\t\t\t\t\t\t\t\t<div class=\"elementor-gallery-item__overlay\"><\/div>\n\t\t\t\t\t\t\t\t\t\t\t\t\t\t<\/a>\n\t\t\t\t\t\t\t<a class=\"e-gallery-item elementor-gallery-item elementor-animated-content\" href=\"https:\/\/www.cm-benavente.pt\/wp-content\/uploads\/2025\/03\/carnaval-samora-correia-desfile-domingo-125.jpg\" data-elementor-open-lightbox=\"yes\" data-elementor-lightbox-slideshow=\"1169347\" data-elementor-lightbox-title=\"carnaval samora correia desfile domingo (125)\" data-e-action-hash=\"#elementor-action%3Aaction%3Dlightbox%26settings%3DeyJpZCI6Njc3NTgsInVybCI6Imh0dHBzOlwvXC93d3cuY20tYmVuYXZlbnRlLnB0XC93cC1jb250ZW50XC91cGxvYWRzXC8yMDI1XC8wM1wvY2FybmF2YWwtc2Ftb3JhLWNvcnJlaWEtZGVzZmlsZS1kb21pbmdvLTEyNS5qcGciLCJzbGlkZXNob3ciOiIxMTY5MzQ3In0%3D\">\n\t\t\t\t\t<div class=\"e-gallery-image elementor-gallery-item__image\" data-thumbnail=\"https:\/\/www.cm-benavente.pt\/wp-content\/uploads\/2025\/03\/carnaval-samora-correia-desfile-domingo-125-1024x682.jpg\" data-width=\"800\" data-height=\"533\" aria-label=\"\" role=\"img\" ><\/div>\n\t\t\t\t\t\t\t\t\t\t\t<div class=\"elementor-gallery-item__overlay\"><\/div>\n\t\t\t\t\t\t\t\t\t\t\t\t\t\t<\/a>\n\t\t\t\t\t\t\t<a class=\"e-gallery-item elementor-gallery-item elementor-animated-content\" href=\"https:\/\/www.cm-benavente.pt\/wp-content\/uploads\/2025\/03\/carnaval-samora-correia-desfile-domingo-126.jpg\" data-elementor-open-lightbox=\"yes\" data-elementor-lightbox-slideshow=\"1169347\" data-elementor-lightbox-title=\"carnaval samora correia desfile domingo (126)\" data-e-action-hash=\"#elementor-action%3Aaction%3Dlightbox%26settings%3DeyJpZCI6Njc3NTksInVybCI6Imh0dHBzOlwvXC93d3cuY20tYmVuYXZlbnRlLnB0XC93cC1jb250ZW50XC91cGxvYWRzXC8yMDI1XC8wM1wvY2FybmF2YWwtc2Ftb3JhLWNvcnJlaWEtZGVzZmlsZS1kb21pbmdvLTEyNi5qcGciLCJzbGlkZXNob3ciOiIxMTY5MzQ3In0%3D\">\n\t\t\t\t\t<div class=\"e-gallery-image elementor-gallery-item__image\" data-thumbnail=\"https:\/\/www.cm-benavente.pt\/wp-content\/uploads\/2025\/03\/carnaval-samora-correia-desfile-domingo-126-1024x579.jpg\" data-width=\"800\" data-height=\"452\" aria-label=\"\" role=\"img\" ><\/div>\n\t\t\t\t\t\t\t\t\t\t\t<div class=\"elementor-gallery-item__overlay\"><\/div>\n\t\t\t\t\t\t\t\t\t\t\t\t\t\t<\/a>\n\t\t\t\t\t\t\t<a class=\"e-gallery-item elementor-gallery-item elementor-animated-content\" href=\"https:\/\/www.cm-benavente.pt\/wp-content\/uploads\/2025\/03\/carnaval-samora-correia-desfile-domingo-127.jpg\" data-elementor-open-lightbox=\"yes\" data-elementor-lightbox-slideshow=\"1169347\" data-elementor-lightbox-title=\"carnaval samora correia desfile domingo (127)\" data-e-action-hash=\"#elementor-action%3Aaction%3Dlightbox%26settings%3DeyJpZCI6Njc3NjAsInVybCI6Imh0dHBzOlwvXC93d3cuY20tYmVuYXZlbnRlLnB0XC93cC1jb250ZW50XC91cGxvYWRzXC8yMDI1XC8wM1wvY2FybmF2YWwtc2Ftb3JhLWNvcnJlaWEtZGVzZmlsZS1kb21pbmdvLTEyNy5qcGciLCJzbGlkZXNob3ciOiIxMTY5MzQ3In0%3D\">\n\t\t\t\t\t<div class=\"e-gallery-image elementor-gallery-item__image\" data-thumbnail=\"https:\/\/www.cm-benavente.pt\/wp-content\/uploads\/2025\/03\/carnaval-samora-correia-desfile-domingo-127-1024x676.jpg\" data-width=\"800\" data-height=\"528\" aria-label=\"\" role=\"img\" ><\/div>\n\t\t\t\t\t\t\t\t\t\t\t<div class=\"elementor-gallery-item__overlay\"><\/div>\n\t\t\t\t\t\t\t\t\t\t\t\t\t\t<\/a>\n\t\t\t\t\t\t\t<a class=\"e-gallery-item elementor-gallery-item elementor-animated-content\" href=\"https:\/\/www.cm-benavente.pt\/wp-content\/uploads\/2025\/03\/carnaval-samora-correia-desfile-domingo-128.jpg\" data-elementor-open-lightbox=\"yes\" data-elementor-lightbox-slideshow=\"1169347\" data-elementor-lightbox-title=\"carnaval samora correia desfile domingo (128)\" data-e-action-hash=\"#elementor-action%3Aaction%3Dlightbox%26settings%3DeyJpZCI6Njc3NjEsInVybCI6Imh0dHBzOlwvXC93d3cuY20tYmVuYXZlbnRlLnB0XC93cC1jb250ZW50XC91cGxvYWRzXC8yMDI1XC8wM1wvY2FybmF2YWwtc2Ftb3JhLWNvcnJlaWEtZGVzZmlsZS1kb21pbmdvLTEyOC5qcGciLCJzbGlkZXNob3ciOiIxMTY5MzQ3In0%3D\">\n\t\t\t\t\t<div class=\"e-gallery-image elementor-gallery-item__image\" data-thumbnail=\"https:\/\/www.cm-benavente.pt\/wp-content\/uploads\/2025\/03\/carnaval-samora-correia-desfile-domingo-128-1024x668.jpg\" data-width=\"800\" data-height=\"522\" aria-label=\"\" role=\"img\" ><\/div>\n\t\t\t\t\t\t\t\t\t\t\t<div class=\"elementor-gallery-item__overlay\"><\/div>\n\t\t\t\t\t\t\t\t\t\t\t\t\t\t<\/a>\n\t\t\t\t\t\t\t<a class=\"e-gallery-item elementor-gallery-item elementor-animated-content\" href=\"https:\/\/www.cm-benavente.pt\/wp-content\/uploads\/2025\/03\/carnaval-samora-correia-desfile-domingo-129-scaled.jpg\" data-elementor-open-lightbox=\"yes\" data-elementor-lightbox-slideshow=\"1169347\" data-elementor-lightbox-title=\"carnaval samora correia desfile domingo (129)\" data-e-action-hash=\"#elementor-action%3Aaction%3Dlightbox%26settings%3DeyJpZCI6Njc3NjIsInVybCI6Imh0dHBzOlwvXC93d3cuY20tYmVuYXZlbnRlLnB0XC93cC1jb250ZW50XC91cGxvYWRzXC8yMDI1XC8wM1wvY2FybmF2YWwtc2Ftb3JhLWNvcnJlaWEtZGVzZmlsZS1kb21pbmdvLTEyOS1zY2FsZWQuanBnIiwic2xpZGVzaG93IjoiMTE2OTM0NyJ9\">\n\t\t\t\t\t<div class=\"e-gallery-image elementor-gallery-item__image\" data-thumbnail=\"https:\/\/www.cm-benavente.pt\/wp-content\/uploads\/2025\/03\/carnaval-samora-correia-desfile-domingo-129-1024x617.jpg\" data-width=\"800\" data-height=\"482\" aria-label=\"\" role=\"img\" ><\/div>\n\t\t\t\t\t\t\t\t\t\t\t<div class=\"elementor-gallery-item__overlay\"><\/div>\n\t\t\t\t\t\t\t\t\t\t\t\t\t\t<\/a>\n\t\t\t\t\t\t\t<a class=\"e-gallery-item elementor-gallery-item elementor-animated-content\" href=\"https:\/\/www.cm-benavente.pt\/wp-content\/uploads\/2025\/03\/carnaval-samora-correia-desfile-domingo-130-scaled.jpg\" data-elementor-open-lightbox=\"yes\" data-elementor-lightbox-slideshow=\"1169347\" data-elementor-lightbox-title=\"carnaval samora correia desfile domingo (130)\" data-e-action-hash=\"#elementor-action%3Aaction%3Dlightbox%26settings%3DeyJpZCI6Njc3NjMsInVybCI6Imh0dHBzOlwvXC93d3cuY20tYmVuYXZlbnRlLnB0XC93cC1jb250ZW50XC91cGxvYWRzXC8yMDI1XC8wM1wvY2FybmF2YWwtc2Ftb3JhLWNvcnJlaWEtZGVzZmlsZS1kb21pbmdvLTEzMC1zY2FsZWQuanBnIiwic2xpZGVzaG93IjoiMTE2OTM0NyJ9\">\n\t\t\t\t\t<div class=\"e-gallery-image elementor-gallery-item__image\" data-thumbnail=\"https:\/\/www.cm-benavente.pt\/wp-content\/uploads\/2025\/03\/carnaval-samora-correia-desfile-domingo-130-1024x667.jpg\" data-width=\"800\" data-height=\"521\" aria-label=\"\" role=\"img\" ><\/div>\n\t\t\t\t\t\t\t\t\t\t\t<div class=\"elementor-gallery-item__overlay\"><\/div>\n\t\t\t\t\t\t\t\t\t\t\t\t\t\t<\/a>\n\t\t\t\t\t\t\t<a class=\"e-gallery-item elementor-gallery-item elementor-animated-content\" href=\"https:\/\/www.cm-benavente.pt\/wp-content\/uploads\/2025\/03\/carnaval-samora-correia-desfile-domingo-131.jpg\" data-elementor-open-lightbox=\"yes\" data-elementor-lightbox-slideshow=\"1169347\" data-elementor-lightbox-title=\"carnaval samora correia desfile domingo (131)\" data-e-action-hash=\"#elementor-action%3Aaction%3Dlightbox%26settings%3DeyJpZCI6Njc3NjQsInVybCI6Imh0dHBzOlwvXC93d3cuY20tYmVuYXZlbnRlLnB0XC93cC1jb250ZW50XC91cGxvYWRzXC8yMDI1XC8wM1wvY2FybmF2YWwtc2Ftb3JhLWNvcnJlaWEtZGVzZmlsZS1kb21pbmdvLTEzMS5qcGciLCJzbGlkZXNob3ciOiIxMTY5MzQ3In0%3D\">\n\t\t\t\t\t<div class=\"e-gallery-image elementor-gallery-item__image\" data-thumbnail=\"https:\/\/www.cm-benavente.pt\/wp-content\/uploads\/2025\/03\/carnaval-samora-correia-desfile-domingo-131-1024x683.jpg\" data-width=\"800\" data-height=\"534\" aria-label=\"\" role=\"img\" ><\/div>\n\t\t\t\t\t\t\t\t\t\t\t<div class=\"elementor-gallery-item__overlay\"><\/div>\n\t\t\t\t\t\t\t\t\t\t\t\t\t\t<\/a>\n\t\t\t\t\t\t\t<a class=\"e-gallery-item elementor-gallery-item elementor-animated-content\" href=\"https:\/\/www.cm-benavente.pt\/wp-content\/uploads\/2025\/03\/carnaval-samora-correia-desfile-domingo-132.jpg\" data-elementor-open-lightbox=\"yes\" data-elementor-lightbox-slideshow=\"1169347\" data-elementor-lightbox-title=\"carnaval samora correia desfile domingo (132)\" data-e-action-hash=\"#elementor-action%3Aaction%3Dlightbox%26settings%3DeyJpZCI6Njc3NjUsInVybCI6Imh0dHBzOlwvXC93d3cuY20tYmVuYXZlbnRlLnB0XC93cC1jb250ZW50XC91cGxvYWRzXC8yMDI1XC8wM1wvY2FybmF2YWwtc2Ftb3JhLWNvcnJlaWEtZGVzZmlsZS1kb21pbmdvLTEzMi5qcGciLCJzbGlkZXNob3ciOiIxMTY5MzQ3In0%3D\">\n\t\t\t\t\t<div class=\"e-gallery-image elementor-gallery-item__image\" data-thumbnail=\"https:\/\/www.cm-benavente.pt\/wp-content\/uploads\/2025\/03\/carnaval-samora-correia-desfile-domingo-132-1024x683.jpg\" data-width=\"800\" data-height=\"534\" aria-label=\"\" role=\"img\" ><\/div>\n\t\t\t\t\t\t\t\t\t\t\t<div class=\"elementor-gallery-item__overlay\"><\/div>\n\t\t\t\t\t\t\t\t\t\t\t\t\t\t<\/a>\n\t\t\t\t\t\t\t<a class=\"e-gallery-item elementor-gallery-item elementor-animated-content\" href=\"https:\/\/www.cm-benavente.pt\/wp-content\/uploads\/2025\/03\/carnaval-samora-correia-desfile-domingo-133.jpg\" data-elementor-open-lightbox=\"yes\" data-elementor-lightbox-slideshow=\"1169347\" data-elementor-lightbox-title=\"carnaval samora correia desfile domingo (133)\" data-e-action-hash=\"#elementor-action%3Aaction%3Dlightbox%26settings%3DeyJpZCI6Njc3NjYsInVybCI6Imh0dHBzOlwvXC93d3cuY20tYmVuYXZlbnRlLnB0XC93cC1jb250ZW50XC91cGxvYWRzXC8yMDI1XC8wM1wvY2FybmF2YWwtc2Ftb3JhLWNvcnJlaWEtZGVzZmlsZS1kb21pbmdvLTEzMy5qcGciLCJzbGlkZXNob3ciOiIxMTY5MzQ3In0%3D\">\n\t\t\t\t\t<div class=\"e-gallery-image elementor-gallery-item__image\" data-thumbnail=\"https:\/\/www.cm-benavente.pt\/wp-content\/uploads\/2025\/03\/carnaval-samora-correia-desfile-domingo-133-1024x491.jpg\" data-width=\"800\" data-height=\"384\" aria-label=\"\" role=\"img\" ><\/div>\n\t\t\t\t\t\t\t\t\t\t\t<div class=\"elementor-gallery-item__overlay\"><\/div>\n\t\t\t\t\t\t\t\t\t\t\t\t\t\t<\/a>\n\t\t\t\t\t\t\t<a class=\"e-gallery-item elementor-gallery-item elementor-animated-content\" href=\"https:\/\/www.cm-benavente.pt\/wp-content\/uploads\/2025\/03\/carnaval-samora-correia-desfile-domingo-134.jpg\" data-elementor-open-lightbox=\"yes\" data-elementor-lightbox-slideshow=\"1169347\" data-elementor-lightbox-title=\"carnaval samora correia desfile domingo (134)\" data-e-action-hash=\"#elementor-action%3Aaction%3Dlightbox%26settings%3DeyJpZCI6Njc3NjcsInVybCI6Imh0dHBzOlwvXC93d3cuY20tYmVuYXZlbnRlLnB0XC93cC1jb250ZW50XC91cGxvYWRzXC8yMDI1XC8wM1wvY2FybmF2YWwtc2Ftb3JhLWNvcnJlaWEtZGVzZmlsZS1kb21pbmdvLTEzNC5qcGciLCJzbGlkZXNob3ciOiIxMTY5MzQ3In0%3D\">\n\t\t\t\t\t<div class=\"e-gallery-image elementor-gallery-item__image\" data-thumbnail=\"https:\/\/www.cm-benavente.pt\/wp-content\/uploads\/2025\/03\/carnaval-samora-correia-desfile-domingo-134-1024x683.jpg\" data-width=\"800\" data-height=\"534\" aria-label=\"\" role=\"img\" ><\/div>\n\t\t\t\t\t\t\t\t\t\t\t<div class=\"elementor-gallery-item__overlay\"><\/div>\n\t\t\t\t\t\t\t\t\t\t\t\t\t\t<\/a>\n\t\t\t\t\t\t\t<a class=\"e-gallery-item elementor-gallery-item elementor-animated-content\" href=\"https:\/\/www.cm-benavente.pt\/wp-content\/uploads\/2025\/03\/carnaval-samora-correia-desfile-domingo-135.jpg\" data-elementor-open-lightbox=\"yes\" data-elementor-lightbox-slideshow=\"1169347\" data-elementor-lightbox-title=\"carnaval samora correia desfile domingo (135)\" data-e-action-hash=\"#elementor-action%3Aaction%3Dlightbox%26settings%3DeyJpZCI6Njc3NjgsInVybCI6Imh0dHBzOlwvXC93d3cuY20tYmVuYXZlbnRlLnB0XC93cC1jb250ZW50XC91cGxvYWRzXC8yMDI1XC8wM1wvY2FybmF2YWwtc2Ftb3JhLWNvcnJlaWEtZGVzZmlsZS1kb21pbmdvLTEzNS5qcGciLCJzbGlkZXNob3ciOiIxMTY5MzQ3In0%3D\">\n\t\t\t\t\t<div class=\"e-gallery-image elementor-gallery-item__image\" data-thumbnail=\"https:\/\/www.cm-benavente.pt\/wp-content\/uploads\/2025\/03\/carnaval-samora-correia-desfile-domingo-135-1024x651.jpg\" data-width=\"800\" data-height=\"509\" aria-label=\"\" role=\"img\" ><\/div>\n\t\t\t\t\t\t\t\t\t\t\t<div class=\"elementor-gallery-item__overlay\"><\/div>\n\t\t\t\t\t\t\t\t\t\t\t\t\t\t<\/a>\n\t\t\t\t\t\t\t<a class=\"e-gallery-item elementor-gallery-item elementor-animated-content\" href=\"https:\/\/www.cm-benavente.pt\/wp-content\/uploads\/2025\/03\/carnaval-samora-correia-desfile-domingo-136-scaled.jpg\" data-elementor-open-lightbox=\"yes\" data-elementor-lightbox-slideshow=\"1169347\" data-elementor-lightbox-title=\"carnaval samora correia desfile domingo (136)\" data-e-action-hash=\"#elementor-action%3Aaction%3Dlightbox%26settings%3DeyJpZCI6Njc3NjksInVybCI6Imh0dHBzOlwvXC93d3cuY20tYmVuYXZlbnRlLnB0XC93cC1jb250ZW50XC91cGxvYWRzXC8yMDI1XC8wM1wvY2FybmF2YWwtc2Ftb3JhLWNvcnJlaWEtZGVzZmlsZS1kb21pbmdvLTEzNi1zY2FsZWQuanBnIiwic2xpZGVzaG93IjoiMTE2OTM0NyJ9\">\n\t\t\t\t\t<div class=\"e-gallery-image elementor-gallery-item__image\" data-thumbnail=\"https:\/\/www.cm-benavente.pt\/wp-content\/uploads\/2025\/03\/carnaval-samora-correia-desfile-domingo-136-1024x640.jpg\" data-width=\"800\" data-height=\"500\" aria-label=\"\" role=\"img\" ><\/div>\n\t\t\t\t\t\t\t\t\t\t\t<div class=\"elementor-gallery-item__overlay\"><\/div>\n\t\t\t\t\t\t\t\t\t\t\t\t\t\t<\/a>\n\t\t\t\t\t\t\t<a class=\"e-gallery-item elementor-gallery-item elementor-animated-content\" href=\"https:\/\/www.cm-benavente.pt\/wp-content\/uploads\/2025\/03\/carnaval-samora-correia-desfile-domingo-137.jpg\" data-elementor-open-lightbox=\"yes\" data-elementor-lightbox-slideshow=\"1169347\" data-elementor-lightbox-title=\"carnaval samora correia desfile domingo (137)\" data-e-action-hash=\"#elementor-action%3Aaction%3Dlightbox%26settings%3DeyJpZCI6Njc3NzAsInVybCI6Imh0dHBzOlwvXC93d3cuY20tYmVuYXZlbnRlLnB0XC93cC1jb250ZW50XC91cGxvYWRzXC8yMDI1XC8wM1wvY2FybmF2YWwtc2Ftb3JhLWNvcnJlaWEtZGVzZmlsZS1kb21pbmdvLTEzNy5qcGciLCJzbGlkZXNob3ciOiIxMTY5MzQ3In0%3D\">\n\t\t\t\t\t<div class=\"e-gallery-image elementor-gallery-item__image\" data-thumbnail=\"https:\/\/www.cm-benavente.pt\/wp-content\/uploads\/2025\/03\/carnaval-samora-correia-desfile-domingo-137-1024x568.jpg\" data-width=\"800\" data-height=\"444\" aria-label=\"\" role=\"img\" ><\/div>\n\t\t\t\t\t\t\t\t\t\t\t<div class=\"elementor-gallery-item__overlay\"><\/div>\n\t\t\t\t\t\t\t\t\t\t\t\t\t\t<\/a>\n\t\t\t\t\t\t\t<a class=\"e-gallery-item elementor-gallery-item elementor-animated-content\" href=\"https:\/\/www.cm-benavente.pt\/wp-content\/uploads\/2025\/03\/carnaval-samora-correia-desfile-domingo-138.jpg\" data-elementor-open-lightbox=\"yes\" data-elementor-lightbox-slideshow=\"1169347\" data-elementor-lightbox-title=\"carnaval samora correia desfile domingo (138)\" data-e-action-hash=\"#elementor-action%3Aaction%3Dlightbox%26settings%3DeyJpZCI6Njc3NzEsInVybCI6Imh0dHBzOlwvXC93d3cuY20tYmVuYXZlbnRlLnB0XC93cC1jb250ZW50XC91cGxvYWRzXC8yMDI1XC8wM1wvY2FybmF2YWwtc2Ftb3JhLWNvcnJlaWEtZGVzZmlsZS1kb21pbmdvLTEzOC5qcGciLCJzbGlkZXNob3ciOiIxMTY5MzQ3In0%3D\">\n\t\t\t\t\t<div class=\"e-gallery-image elementor-gallery-item__image\" data-thumbnail=\"https:\/\/www.cm-benavente.pt\/wp-content\/uploads\/2025\/03\/carnaval-samora-correia-desfile-domingo-138-1024x566.jpg\" data-width=\"800\" data-height=\"442\" aria-label=\"\" role=\"img\" ><\/div>\n\t\t\t\t\t\t\t\t\t\t\t<div class=\"elementor-gallery-item__overlay\"><\/div>\n\t\t\t\t\t\t\t\t\t\t\t\t\t\t<\/a>\n\t\t\t\t\t\t\t<a class=\"e-gallery-item elementor-gallery-item elementor-animated-content\" href=\"https:\/\/www.cm-benavente.pt\/wp-content\/uploads\/2025\/03\/carnaval-samora-correia-desfile-domingo-139.jpg\" data-elementor-open-lightbox=\"yes\" data-elementor-lightbox-slideshow=\"1169347\" data-elementor-lightbox-title=\"carnaval samora correia desfile domingo (139)\" data-e-action-hash=\"#elementor-action%3Aaction%3Dlightbox%26settings%3DeyJpZCI6Njc3NzIsInVybCI6Imh0dHBzOlwvXC93d3cuY20tYmVuYXZlbnRlLnB0XC93cC1jb250ZW50XC91cGxvYWRzXC8yMDI1XC8wM1wvY2FybmF2YWwtc2Ftb3JhLWNvcnJlaWEtZGVzZmlsZS1kb21pbmdvLTEzOS5qcGciLCJzbGlkZXNob3ciOiIxMTY5MzQ3In0%3D\">\n\t\t\t\t\t<div class=\"e-gallery-image elementor-gallery-item__image\" data-thumbnail=\"https:\/\/www.cm-benavente.pt\/wp-content\/uploads\/2025\/03\/carnaval-samora-correia-desfile-domingo-139-1024x545.jpg\" data-width=\"800\" data-height=\"426\" aria-label=\"\" role=\"img\" ><\/div>\n\t\t\t\t\t\t\t\t\t\t\t<div class=\"elementor-gallery-item__overlay\"><\/div>\n\t\t\t\t\t\t\t\t\t\t\t\t\t\t<\/a>\n\t\t\t\t\t\t\t<a class=\"e-gallery-item elementor-gallery-item elementor-animated-content\" href=\"https:\/\/www.cm-benavente.pt\/wp-content\/uploads\/2025\/03\/carnaval-samora-correia-desfile-domingo-140.jpg\" data-elementor-open-lightbox=\"yes\" data-elementor-lightbox-slideshow=\"1169347\" data-elementor-lightbox-title=\"carnaval samora correia desfile domingo (140)\" data-e-action-hash=\"#elementor-action%3Aaction%3Dlightbox%26settings%3DeyJpZCI6Njc3NzMsInVybCI6Imh0dHBzOlwvXC93d3cuY20tYmVuYXZlbnRlLnB0XC93cC1jb250ZW50XC91cGxvYWRzXC8yMDI1XC8wM1wvY2FybmF2YWwtc2Ftb3JhLWNvcnJlaWEtZGVzZmlsZS1kb21pbmdvLTE0MC5qcGciLCJzbGlkZXNob3ciOiIxMTY5MzQ3In0%3D\">\n\t\t\t\t\t<div class=\"e-gallery-image elementor-gallery-item__image\" data-thumbnail=\"https:\/\/www.cm-benavente.pt\/wp-content\/uploads\/2025\/03\/carnaval-samora-correia-desfile-domingo-140-1024x542.jpg\" data-width=\"800\" data-height=\"423\" aria-label=\"\" role=\"img\" ><\/div>\n\t\t\t\t\t\t\t\t\t\t\t<div class=\"elementor-gallery-item__overlay\"><\/div>\n\t\t\t\t\t\t\t\t\t\t\t\t\t\t<\/a>\n\t\t\t\t\t\t\t<a class=\"e-gallery-item elementor-gallery-item elementor-animated-content\" href=\"https:\/\/www.cm-benavente.pt\/wp-content\/uploads\/2025\/03\/carnaval-samora-correia-desfile-domingo-141.jpg\" data-elementor-open-lightbox=\"yes\" data-elementor-lightbox-slideshow=\"1169347\" data-elementor-lightbox-title=\"carnaval samora correia desfile domingo (141)\" data-e-action-hash=\"#elementor-action%3Aaction%3Dlightbox%26settings%3DeyJpZCI6Njc3NzQsInVybCI6Imh0dHBzOlwvXC93d3cuY20tYmVuYXZlbnRlLnB0XC93cC1jb250ZW50XC91cGxvYWRzXC8yMDI1XC8wM1wvY2FybmF2YWwtc2Ftb3JhLWNvcnJlaWEtZGVzZmlsZS1kb21pbmdvLTE0MS5qcGciLCJzbGlkZXNob3ciOiIxMTY5MzQ3In0%3D\">\n\t\t\t\t\t<div class=\"e-gallery-image elementor-gallery-item__image\" data-thumbnail=\"https:\/\/www.cm-benavente.pt\/wp-content\/uploads\/2025\/03\/carnaval-samora-correia-desfile-domingo-141-1024x623.jpg\" data-width=\"800\" data-height=\"487\" aria-label=\"\" role=\"img\" ><\/div>\n\t\t\t\t\t\t\t\t\t\t\t<div class=\"elementor-gallery-item__overlay\"><\/div>\n\t\t\t\t\t\t\t\t\t\t\t\t\t\t<\/a>\n\t\t\t\t\t\t\t<a class=\"e-gallery-item elementor-gallery-item elementor-animated-content\" href=\"https:\/\/www.cm-benavente.pt\/wp-content\/uploads\/2025\/03\/carnaval-samora-correia-desfile-domingo-142.jpg\" data-elementor-open-lightbox=\"yes\" data-elementor-lightbox-slideshow=\"1169347\" data-elementor-lightbox-title=\"carnaval samora correia desfile domingo (142)\" data-e-action-hash=\"#elementor-action%3Aaction%3Dlightbox%26settings%3DeyJpZCI6Njc3NzUsInVybCI6Imh0dHBzOlwvXC93d3cuY20tYmVuYXZlbnRlLnB0XC93cC1jb250ZW50XC91cGxvYWRzXC8yMDI1XC8wM1wvY2FybmF2YWwtc2Ftb3JhLWNvcnJlaWEtZGVzZmlsZS1kb21pbmdvLTE0Mi5qcGciLCJzbGlkZXNob3ciOiIxMTY5MzQ3In0%3D\">\n\t\t\t\t\t<div class=\"e-gallery-image elementor-gallery-item__image\" data-thumbnail=\"https:\/\/www.cm-benavente.pt\/wp-content\/uploads\/2025\/03\/carnaval-samora-correia-desfile-domingo-142-1024x589.jpg\" data-width=\"800\" data-height=\"460\" aria-label=\"\" role=\"img\" ><\/div>\n\t\t\t\t\t\t\t\t\t\t\t<div class=\"elementor-gallery-item__overlay\"><\/div>\n\t\t\t\t\t\t\t\t\t\t\t\t\t\t<\/a>\n\t\t\t\t\t\t\t<a class=\"e-gallery-item elementor-gallery-item elementor-animated-content\" href=\"https:\/\/www.cm-benavente.pt\/wp-content\/uploads\/2025\/03\/carnaval-samora-correia-desfile-domingo-143.jpg\" data-elementor-open-lightbox=\"yes\" data-elementor-lightbox-slideshow=\"1169347\" data-elementor-lightbox-title=\"carnaval samora correia desfile domingo (143)\" data-e-action-hash=\"#elementor-action%3Aaction%3Dlightbox%26settings%3DeyJpZCI6Njc3NzYsInVybCI6Imh0dHBzOlwvXC93d3cuY20tYmVuYXZlbnRlLnB0XC93cC1jb250ZW50XC91cGxvYWRzXC8yMDI1XC8wM1wvY2FybmF2YWwtc2Ftb3JhLWNvcnJlaWEtZGVzZmlsZS1kb21pbmdvLTE0My5qcGciLCJzbGlkZXNob3ciOiIxMTY5MzQ3In0%3D\">\n\t\t\t\t\t<div class=\"e-gallery-image elementor-gallery-item__image\" data-thumbnail=\"https:\/\/www.cm-benavente.pt\/wp-content\/uploads\/2025\/03\/carnaval-samora-correia-desfile-domingo-143-1024x551.jpg\" data-width=\"800\" data-height=\"430\" aria-label=\"\" role=\"img\" ><\/div>\n\t\t\t\t\t\t\t\t\t\t\t<div class=\"elementor-gallery-item__overlay\"><\/div>\n\t\t\t\t\t\t\t\t\t\t\t\t\t\t<\/a>\n\t\t\t\t\t\t\t<a class=\"e-gallery-item elementor-gallery-item elementor-animated-content\" href=\"https:\/\/www.cm-benavente.pt\/wp-content\/uploads\/2025\/03\/carnaval-samora-correia-desfile-domingo-144.jpg\" data-elementor-open-lightbox=\"yes\" data-elementor-lightbox-slideshow=\"1169347\" data-elementor-lightbox-title=\"carnaval samora correia desfile domingo (144)\" data-e-action-hash=\"#elementor-action%3Aaction%3Dlightbox%26settings%3DeyJpZCI6Njc3NzcsInVybCI6Imh0dHBzOlwvXC93d3cuY20tYmVuYXZlbnRlLnB0XC93cC1jb250ZW50XC91cGxvYWRzXC8yMDI1XC8wM1wvY2FybmF2YWwtc2Ftb3JhLWNvcnJlaWEtZGVzZmlsZS1kb21pbmdvLTE0NC5qcGciLCJzbGlkZXNob3ciOiIxMTY5MzQ3In0%3D\">\n\t\t\t\t\t<div class=\"e-gallery-image elementor-gallery-item__image\" data-thumbnail=\"https:\/\/www.cm-benavente.pt\/wp-content\/uploads\/2025\/03\/carnaval-samora-correia-desfile-domingo-144-1024x682.jpg\" data-width=\"800\" data-height=\"533\" aria-label=\"\" role=\"img\" ><\/div>\n\t\t\t\t\t\t\t\t\t\t\t<div class=\"elementor-gallery-item__overlay\"><\/div>\n\t\t\t\t\t\t\t\t\t\t\t\t\t\t<\/a>\n\t\t\t\t\t\t\t<a class=\"e-gallery-item elementor-gallery-item elementor-animated-content\" href=\"https:\/\/www.cm-benavente.pt\/wp-content\/uploads\/2025\/03\/carnaval-samora-correia-desfile-domingo-145-scaled.jpg\" data-elementor-open-lightbox=\"yes\" data-elementor-lightbox-slideshow=\"1169347\" data-elementor-lightbox-title=\"carnaval samora correia desfile domingo (145)\" data-e-action-hash=\"#elementor-action%3Aaction%3Dlightbox%26settings%3DeyJpZCI6Njc3NzgsInVybCI6Imh0dHBzOlwvXC93d3cuY20tYmVuYXZlbnRlLnB0XC93cC1jb250ZW50XC91cGxvYWRzXC8yMDI1XC8wM1wvY2FybmF2YWwtc2Ftb3JhLWNvcnJlaWEtZGVzZmlsZS1kb21pbmdvLTE0NS1zY2FsZWQuanBnIiwic2xpZGVzaG93IjoiMTE2OTM0NyJ9\">\n\t\t\t\t\t<div class=\"e-gallery-image elementor-gallery-item__image\" data-thumbnail=\"https:\/\/www.cm-benavente.pt\/wp-content\/uploads\/2025\/03\/carnaval-samora-correia-desfile-domingo-145-1024x631.jpg\" data-width=\"800\" data-height=\"493\" aria-label=\"\" role=\"img\" ><\/div>\n\t\t\t\t\t\t\t\t\t\t\t<div class=\"elementor-gallery-item__overlay\"><\/div>\n\t\t\t\t\t\t\t\t\t\t\t\t\t\t<\/a>\n\t\t\t\t\t\t\t<a class=\"e-gallery-item elementor-gallery-item elementor-animated-content\" href=\"https:\/\/www.cm-benavente.pt\/wp-content\/uploads\/2025\/03\/carnaval-samora-correia-desfile-domingo-146.jpg\" data-elementor-open-lightbox=\"yes\" data-elementor-lightbox-slideshow=\"1169347\" data-elementor-lightbox-title=\"carnaval samora correia desfile domingo (146)\" data-e-action-hash=\"#elementor-action%3Aaction%3Dlightbox%26settings%3DeyJpZCI6Njc3NzksInVybCI6Imh0dHBzOlwvXC93d3cuY20tYmVuYXZlbnRlLnB0XC93cC1jb250ZW50XC91cGxvYWRzXC8yMDI1XC8wM1wvY2FybmF2YWwtc2Ftb3JhLWNvcnJlaWEtZGVzZmlsZS1kb21pbmdvLTE0Ni5qcGciLCJzbGlkZXNob3ciOiIxMTY5MzQ3In0%3D\">\n\t\t\t\t\t<div class=\"e-gallery-image elementor-gallery-item__image\" data-thumbnail=\"https:\/\/www.cm-benavente.pt\/wp-content\/uploads\/2025\/03\/carnaval-samora-correia-desfile-domingo-146-1024x566.jpg\" data-width=\"800\" data-height=\"442\" aria-label=\"\" role=\"img\" ><\/div>\n\t\t\t\t\t\t\t\t\t\t\t<div class=\"elementor-gallery-item__overlay\"><\/div>\n\t\t\t\t\t\t\t\t\t\t\t\t\t\t<\/a>\n\t\t\t\t\t\t\t<a class=\"e-gallery-item elementor-gallery-item elementor-animated-content\" href=\"https:\/\/www.cm-benavente.pt\/wp-content\/uploads\/2025\/03\/carnaval-samora-correia-desfile-domingo-147-scaled.jpg\" data-elementor-open-lightbox=\"yes\" data-elementor-lightbox-slideshow=\"1169347\" data-elementor-lightbox-title=\"carnaval samora correia desfile domingo (147)\" data-e-action-hash=\"#elementor-action%3Aaction%3Dlightbox%26settings%3DeyJpZCI6Njc3ODAsInVybCI6Imh0dHBzOlwvXC93d3cuY20tYmVuYXZlbnRlLnB0XC93cC1jb250ZW50XC91cGxvYWRzXC8yMDI1XC8wM1wvY2FybmF2YWwtc2Ftb3JhLWNvcnJlaWEtZGVzZmlsZS1kb21pbmdvLTE0Ny1zY2FsZWQuanBnIiwic2xpZGVzaG93IjoiMTE2OTM0NyJ9\">\n\t\t\t\t\t<div class=\"e-gallery-image elementor-gallery-item__image\" data-thumbnail=\"https:\/\/www.cm-benavente.pt\/wp-content\/uploads\/2025\/03\/carnaval-samora-correia-desfile-domingo-147-1024x543.jpg\" data-width=\"800\" data-height=\"424\" aria-label=\"\" role=\"img\" ><\/div>\n\t\t\t\t\t\t\t\t\t\t\t<div class=\"elementor-gallery-item__overlay\"><\/div>\n\t\t\t\t\t\t\t\t\t\t\t\t\t\t<\/a>\n\t\t\t\t\t\t\t<a class=\"e-gallery-item elementor-gallery-item elementor-animated-content\" href=\"https:\/\/www.cm-benavente.pt\/wp-content\/uploads\/2025\/03\/carnaval-samora-correia-desfile-domingo-148.jpg\" data-elementor-open-lightbox=\"yes\" data-elementor-lightbox-slideshow=\"1169347\" data-elementor-lightbox-title=\"carnaval samora correia desfile domingo (148)\" data-e-action-hash=\"#elementor-action%3Aaction%3Dlightbox%26settings%3DeyJpZCI6Njc3ODEsInVybCI6Imh0dHBzOlwvXC93d3cuY20tYmVuYXZlbnRlLnB0XC93cC1jb250ZW50XC91cGxvYWRzXC8yMDI1XC8wM1wvY2FybmF2YWwtc2Ftb3JhLWNvcnJlaWEtZGVzZmlsZS1kb21pbmdvLTE0OC5qcGciLCJzbGlkZXNob3ciOiIxMTY5MzQ3In0%3D\">\n\t\t\t\t\t<div class=\"e-gallery-image elementor-gallery-item__image\" data-thumbnail=\"https:\/\/www.cm-benavente.pt\/wp-content\/uploads\/2025\/03\/carnaval-samora-correia-desfile-domingo-148-1024x683.jpg\" data-width=\"800\" data-height=\"534\" aria-label=\"\" role=\"img\" ><\/div>\n\t\t\t\t\t\t\t\t\t\t\t<div class=\"elementor-gallery-item__overlay\"><\/div>\n\t\t\t\t\t\t\t\t\t\t\t\t\t\t<\/a>\n\t\t\t\t\t\t\t<a class=\"e-gallery-item elementor-gallery-item elementor-animated-content\" href=\"https:\/\/www.cm-benavente.pt\/wp-content\/uploads\/2025\/03\/carnaval-samora-correia-desfile-domingo-149-scaled.jpg\" data-elementor-open-lightbox=\"yes\" data-elementor-lightbox-slideshow=\"1169347\" data-elementor-lightbox-title=\"carnaval samora correia desfile domingo (149)\" data-e-action-hash=\"#elementor-action%3Aaction%3Dlightbox%26settings%3DeyJpZCI6Njc3ODIsInVybCI6Imh0dHBzOlwvXC93d3cuY20tYmVuYXZlbnRlLnB0XC93cC1jb250ZW50XC91cGxvYWRzXC8yMDI1XC8wM1wvY2FybmF2YWwtc2Ftb3JhLWNvcnJlaWEtZGVzZmlsZS1kb21pbmdvLTE0OS1zY2FsZWQuanBnIiwic2xpZGVzaG93IjoiMTE2OTM0NyJ9\">\n\t\t\t\t\t<div class=\"e-gallery-image elementor-gallery-item__image\" data-thumbnail=\"https:\/\/www.cm-benavente.pt\/wp-content\/uploads\/2025\/03\/carnaval-samora-correia-desfile-domingo-149-1024x595.jpg\" data-width=\"800\" data-height=\"465\" aria-label=\"\" role=\"img\" ><\/div>\n\t\t\t\t\t\t\t\t\t\t\t<div class=\"elementor-gallery-item__overlay\"><\/div>\n\t\t\t\t\t\t\t\t\t\t\t\t\t\t<\/a>\n\t\t\t\t\t\t\t<a class=\"e-gallery-item elementor-gallery-item elementor-animated-content\" href=\"https:\/\/www.cm-benavente.pt\/wp-content\/uploads\/2025\/03\/carnaval-samora-correia-desfile-domingo-150-scaled.jpg\" data-elementor-open-lightbox=\"yes\" data-elementor-lightbox-slideshow=\"1169347\" data-elementor-lightbox-title=\"carnaval samora correia desfile domingo (150)\" data-e-action-hash=\"#elementor-action%3Aaction%3Dlightbox%26settings%3DeyJpZCI6Njc3ODMsInVybCI6Imh0dHBzOlwvXC93d3cuY20tYmVuYXZlbnRlLnB0XC93cC1jb250ZW50XC91cGxvYWRzXC8yMDI1XC8wM1wvY2FybmF2YWwtc2Ftb3JhLWNvcnJlaWEtZGVzZmlsZS1kb21pbmdvLTE1MC1zY2FsZWQuanBnIiwic2xpZGVzaG93IjoiMTE2OTM0NyJ9\">\n\t\t\t\t\t<div class=\"e-gallery-image elementor-gallery-item__image\" data-thumbnail=\"https:\/\/www.cm-benavente.pt\/wp-content\/uploads\/2025\/03\/carnaval-samora-correia-desfile-domingo-150-1024x515.jpg\" data-width=\"800\" data-height=\"402\" aria-label=\"\" role=\"img\" ><\/div>\n\t\t\t\t\t\t\t\t\t\t\t<div class=\"elementor-gallery-item__overlay\"><\/div>\n\t\t\t\t\t\t\t\t\t\t\t\t\t\t<\/a>\n\t\t\t\t\t\t\t<a class=\"e-gallery-item elementor-gallery-item elementor-animated-content\" href=\"https:\/\/www.cm-benavente.pt\/wp-content\/uploads\/2025\/03\/carnaval-samora-correia-desfile-domingo-151.jpg\" data-elementor-open-lightbox=\"yes\" data-elementor-lightbox-slideshow=\"1169347\" data-elementor-lightbox-title=\"carnaval samora correia desfile domingo (151)\" data-e-action-hash=\"#elementor-action%3Aaction%3Dlightbox%26settings%3DeyJpZCI6Njc3ODQsInVybCI6Imh0dHBzOlwvXC93d3cuY20tYmVuYXZlbnRlLnB0XC93cC1jb250ZW50XC91cGxvYWRzXC8yMDI1XC8wM1wvY2FybmF2YWwtc2Ftb3JhLWNvcnJlaWEtZGVzZmlsZS1kb21pbmdvLTE1MS5qcGciLCJzbGlkZXNob3ciOiIxMTY5MzQ3In0%3D\">\n\t\t\t\t\t<div class=\"e-gallery-image elementor-gallery-item__image\" data-thumbnail=\"https:\/\/www.cm-benavente.pt\/wp-content\/uploads\/2025\/03\/carnaval-samora-correia-desfile-domingo-151-1024x578.jpg\" data-width=\"800\" data-height=\"452\" aria-label=\"\" role=\"img\" ><\/div>\n\t\t\t\t\t\t\t\t\t\t\t<div class=\"elementor-gallery-item__overlay\"><\/div>\n\t\t\t\t\t\t\t\t\t\t\t\t\t\t<\/a>\n\t\t\t\t\t\t\t<a class=\"e-gallery-item elementor-gallery-item elementor-animated-content\" href=\"https:\/\/www.cm-benavente.pt\/wp-content\/uploads\/2025\/03\/carnaval-samora-correia-desfile-domingo-152.jpg\" data-elementor-open-lightbox=\"yes\" data-elementor-lightbox-slideshow=\"1169347\" data-elementor-lightbox-title=\"carnaval samora correia desfile domingo (152)\" data-e-action-hash=\"#elementor-action%3Aaction%3Dlightbox%26settings%3DeyJpZCI6Njc3ODUsInVybCI6Imh0dHBzOlwvXC93d3cuY20tYmVuYXZlbnRlLnB0XC93cC1jb250ZW50XC91cGxvYWRzXC8yMDI1XC8wM1wvY2FybmF2YWwtc2Ftb3JhLWNvcnJlaWEtZGVzZmlsZS1kb21pbmdvLTE1Mi5qcGciLCJzbGlkZXNob3ciOiIxMTY5MzQ3In0%3D\">\n\t\t\t\t\t<div class=\"e-gallery-image elementor-gallery-item__image\" data-thumbnail=\"https:\/\/www.cm-benavente.pt\/wp-content\/uploads\/2025\/03\/carnaval-samora-correia-desfile-domingo-152-1024x441.jpg\" data-width=\"800\" data-height=\"345\" aria-label=\"\" role=\"img\" ><\/div>\n\t\t\t\t\t\t\t\t\t\t\t<div class=\"elementor-gallery-item__overlay\"><\/div>\n\t\t\t\t\t\t\t\t\t\t\t\t\t\t<\/a>\n\t\t\t\t\t\t\t<a class=\"e-gallery-item elementor-gallery-item elementor-animated-content\" href=\"https:\/\/www.cm-benavente.pt\/wp-content\/uploads\/2025\/03\/carnaval-samora-correia-desfile-domingo-153.jpg\" data-elementor-open-lightbox=\"yes\" data-elementor-lightbox-slideshow=\"1169347\" data-elementor-lightbox-title=\"carnaval samora correia desfile domingo (153)\" data-e-action-hash=\"#elementor-action%3Aaction%3Dlightbox%26settings%3DeyJpZCI6Njc3ODYsInVybCI6Imh0dHBzOlwvXC93d3cuY20tYmVuYXZlbnRlLnB0XC93cC1jb250ZW50XC91cGxvYWRzXC8yMDI1XC8wM1wvY2FybmF2YWwtc2Ftb3JhLWNvcnJlaWEtZGVzZmlsZS1kb21pbmdvLTE1My5qcGciLCJzbGlkZXNob3ciOiIxMTY5MzQ3In0%3D\">\n\t\t\t\t\t<div class=\"e-gallery-image elementor-gallery-item__image\" data-thumbnail=\"https:\/\/www.cm-benavente.pt\/wp-content\/uploads\/2025\/03\/carnaval-samora-correia-desfile-domingo-153-1024x730.jpg\" data-width=\"800\" data-height=\"570\" aria-label=\"\" role=\"img\" ><\/div>\n\t\t\t\t\t\t\t\t\t\t\t<div class=\"elementor-gallery-item__overlay\"><\/div>\n\t\t\t\t\t\t\t\t\t\t\t\t\t\t<\/a>\n\t\t\t\t\t\t\t<a class=\"e-gallery-item elementor-gallery-item elementor-animated-content\" href=\"https:\/\/www.cm-benavente.pt\/wp-content\/uploads\/2025\/03\/carnaval-samora-correia-desfile-domingo-154.jpg\" data-elementor-open-lightbox=\"yes\" data-elementor-lightbox-slideshow=\"1169347\" data-elementor-lightbox-title=\"carnaval samora correia desfile domingo (154)\" data-e-action-hash=\"#elementor-action%3Aaction%3Dlightbox%26settings%3DeyJpZCI6Njc3ODcsInVybCI6Imh0dHBzOlwvXC93d3cuY20tYmVuYXZlbnRlLnB0XC93cC1jb250ZW50XC91cGxvYWRzXC8yMDI1XC8wM1wvY2FybmF2YWwtc2Ftb3JhLWNvcnJlaWEtZGVzZmlsZS1kb21pbmdvLTE1NC5qcGciLCJzbGlkZXNob3ciOiIxMTY5MzQ3In0%3D\">\n\t\t\t\t\t<div class=\"e-gallery-image elementor-gallery-item__image\" data-thumbnail=\"https:\/\/www.cm-benavente.pt\/wp-content\/uploads\/2025\/03\/carnaval-samora-correia-desfile-domingo-154-1024x571.jpg\" data-width=\"800\" data-height=\"446\" aria-label=\"\" role=\"img\" ><\/div>\n\t\t\t\t\t\t\t\t\t\t\t<div class=\"elementor-gallery-item__overlay\"><\/div>\n\t\t\t\t\t\t\t\t\t\t\t\t\t\t<\/a>\n\t\t\t\t\t\t\t<a class=\"e-gallery-item elementor-gallery-item elementor-animated-content\" href=\"https:\/\/www.cm-benavente.pt\/wp-content\/uploads\/2025\/03\/carnaval-samora-correia-desfile-domingo-155.jpg\" data-elementor-open-lightbox=\"yes\" data-elementor-lightbox-slideshow=\"1169347\" data-elementor-lightbox-title=\"carnaval samora correia desfile domingo (155)\" data-e-action-hash=\"#elementor-action%3Aaction%3Dlightbox%26settings%3DeyJpZCI6Njc3ODgsInVybCI6Imh0dHBzOlwvXC93d3cuY20tYmVuYXZlbnRlLnB0XC93cC1jb250ZW50XC91cGxvYWRzXC8yMDI1XC8wM1wvY2FybmF2YWwtc2Ftb3JhLWNvcnJlaWEtZGVzZmlsZS1kb21pbmdvLTE1NS5qcGciLCJzbGlkZXNob3ciOiIxMTY5MzQ3In0%3D\">\n\t\t\t\t\t<div class=\"e-gallery-image elementor-gallery-item__image\" data-thumbnail=\"https:\/\/www.cm-benavente.pt\/wp-content\/uploads\/2025\/03\/carnaval-samora-correia-desfile-domingo-155-1024x645.jpg\" data-width=\"800\" data-height=\"504\" aria-label=\"\" role=\"img\" ><\/div>\n\t\t\t\t\t\t\t\t\t\t\t<div class=\"elementor-gallery-item__overlay\"><\/div>\n\t\t\t\t\t\t\t\t\t\t\t\t\t\t<\/a>\n\t\t\t\t\t\t\t<a class=\"e-gallery-item elementor-gallery-item elementor-animated-content\" href=\"https:\/\/www.cm-benavente.pt\/wp-content\/uploads\/2025\/03\/carnaval-samora-correia-desfile-domingo-156.jpg\" data-elementor-open-lightbox=\"yes\" data-elementor-lightbox-slideshow=\"1169347\" data-elementor-lightbox-title=\"carnaval samora correia desfile domingo (156)\" data-e-action-hash=\"#elementor-action%3Aaction%3Dlightbox%26settings%3DeyJpZCI6Njc3ODksInVybCI6Imh0dHBzOlwvXC93d3cuY20tYmVuYXZlbnRlLnB0XC93cC1jb250ZW50XC91cGxvYWRzXC8yMDI1XC8wM1wvY2FybmF2YWwtc2Ftb3JhLWNvcnJlaWEtZGVzZmlsZS1kb21pbmdvLTE1Ni5qcGciLCJzbGlkZXNob3ciOiIxMTY5MzQ3In0%3D\">\n\t\t\t\t\t<div class=\"e-gallery-image elementor-gallery-item__image\" data-thumbnail=\"https:\/\/www.cm-benavente.pt\/wp-content\/uploads\/2025\/03\/carnaval-samora-correia-desfile-domingo-156-1024x648.jpg\" data-width=\"800\" data-height=\"506\" aria-label=\"\" role=\"img\" ><\/div>\n\t\t\t\t\t\t\t\t\t\t\t<div class=\"elementor-gallery-item__overlay\"><\/div>\n\t\t\t\t\t\t\t\t\t\t\t\t\t\t<\/a>\n\t\t\t\t\t\t\t<a class=\"e-gallery-item elementor-gallery-item elementor-animated-content\" href=\"https:\/\/www.cm-benavente.pt\/wp-content\/uploads\/2025\/03\/carnaval-samora-correia-desfile-domingo-157.jpg\" data-elementor-open-lightbox=\"yes\" data-elementor-lightbox-slideshow=\"1169347\" data-elementor-lightbox-title=\"carnaval samora correia desfile domingo (157)\" data-e-action-hash=\"#elementor-action%3Aaction%3Dlightbox%26settings%3DeyJpZCI6Njc3OTAsInVybCI6Imh0dHBzOlwvXC93d3cuY20tYmVuYXZlbnRlLnB0XC93cC1jb250ZW50XC91cGxvYWRzXC8yMDI1XC8wM1wvY2FybmF2YWwtc2Ftb3JhLWNvcnJlaWEtZGVzZmlsZS1kb21pbmdvLTE1Ny5qcGciLCJzbGlkZXNob3ciOiIxMTY5MzQ3In0%3D\">\n\t\t\t\t\t<div class=\"e-gallery-image elementor-gallery-item__image\" data-thumbnail=\"https:\/\/www.cm-benavente.pt\/wp-content\/uploads\/2025\/03\/carnaval-samora-correia-desfile-domingo-157-1024x698.jpg\" data-width=\"800\" data-height=\"545\" aria-label=\"\" role=\"img\" ><\/div>\n\t\t\t\t\t\t\t\t\t\t\t<div class=\"elementor-gallery-item__overlay\"><\/div>\n\t\t\t\t\t\t\t\t\t\t\t\t\t\t<\/a>\n\t\t\t\t\t\t\t<a class=\"e-gallery-item elementor-gallery-item elementor-animated-content\" href=\"https:\/\/www.cm-benavente.pt\/wp-content\/uploads\/2025\/03\/carnaval-samora-correia-desfile-domingo-158.jpg\" data-elementor-open-lightbox=\"yes\" data-elementor-lightbox-slideshow=\"1169347\" data-elementor-lightbox-title=\"carnaval samora correia desfile domingo (158)\" data-e-action-hash=\"#elementor-action%3Aaction%3Dlightbox%26settings%3DeyJpZCI6Njc3OTEsInVybCI6Imh0dHBzOlwvXC93d3cuY20tYmVuYXZlbnRlLnB0XC93cC1jb250ZW50XC91cGxvYWRzXC8yMDI1XC8wM1wvY2FybmF2YWwtc2Ftb3JhLWNvcnJlaWEtZGVzZmlsZS1kb21pbmdvLTE1OC5qcGciLCJzbGlkZXNob3ciOiIxMTY5MzQ3In0%3D\">\n\t\t\t\t\t<div class=\"e-gallery-image elementor-gallery-item__image\" data-thumbnail=\"https:\/\/www.cm-benavente.pt\/wp-content\/uploads\/2025\/03\/carnaval-samora-correia-desfile-domingo-158-1024x637.jpg\" data-width=\"800\" data-height=\"498\" aria-label=\"\" role=\"img\" ><\/div>\n\t\t\t\t\t\t\t\t\t\t\t<div class=\"elementor-gallery-item__overlay\"><\/div>\n\t\t\t\t\t\t\t\t\t\t\t\t\t\t<\/a>\n\t\t\t\t\t\t\t<a class=\"e-gallery-item elementor-gallery-item elementor-animated-content\" href=\"https:\/\/www.cm-benavente.pt\/wp-content\/uploads\/2025\/03\/carnaval-samora-correia-desfile-domingo-159.jpg\" data-elementor-open-lightbox=\"yes\" data-elementor-lightbox-slideshow=\"1169347\" data-elementor-lightbox-title=\"carnaval samora correia desfile domingo (159)\" data-e-action-hash=\"#elementor-action%3Aaction%3Dlightbox%26settings%3DeyJpZCI6Njc3OTIsInVybCI6Imh0dHBzOlwvXC93d3cuY20tYmVuYXZlbnRlLnB0XC93cC1jb250ZW50XC91cGxvYWRzXC8yMDI1XC8wM1wvY2FybmF2YWwtc2Ftb3JhLWNvcnJlaWEtZGVzZmlsZS1kb21pbmdvLTE1OS5qcGciLCJzbGlkZXNob3ciOiIxMTY5MzQ3In0%3D\">\n\t\t\t\t\t<div class=\"e-gallery-image elementor-gallery-item__image\" data-thumbnail=\"https:\/\/www.cm-benavente.pt\/wp-content\/uploads\/2025\/03\/carnaval-samora-correia-desfile-domingo-159-1024x683.jpg\" data-width=\"800\" data-height=\"534\" aria-label=\"\" role=\"img\" ><\/div>\n\t\t\t\t\t\t\t\t\t\t\t<div class=\"elementor-gallery-item__overlay\"><\/div>\n\t\t\t\t\t\t\t\t\t\t\t\t\t\t<\/a>\n\t\t\t\t\t\t\t<a class=\"e-gallery-item elementor-gallery-item elementor-animated-content\" href=\"https:\/\/www.cm-benavente.pt\/wp-content\/uploads\/2025\/03\/carnaval-samora-correia-desfile-domingo-160-scaled.jpg\" data-elementor-open-lightbox=\"yes\" data-elementor-lightbox-slideshow=\"1169347\" data-elementor-lightbox-title=\"carnaval samora correia desfile domingo (160)\" data-e-action-hash=\"#elementor-action%3Aaction%3Dlightbox%26settings%3DeyJpZCI6Njc3OTMsInVybCI6Imh0dHBzOlwvXC93d3cuY20tYmVuYXZlbnRlLnB0XC93cC1jb250ZW50XC91cGxvYWRzXC8yMDI1XC8wM1wvY2FybmF2YWwtc2Ftb3JhLWNvcnJlaWEtZGVzZmlsZS1kb21pbmdvLTE2MC1zY2FsZWQuanBnIiwic2xpZGVzaG93IjoiMTE2OTM0NyJ9\">\n\t\t\t\t\t<div class=\"e-gallery-image elementor-gallery-item__image\" data-thumbnail=\"https:\/\/www.cm-benavente.pt\/wp-content\/uploads\/2025\/03\/carnaval-samora-correia-desfile-domingo-160-1024x633.jpg\" data-width=\"800\" data-height=\"495\" aria-label=\"\" role=\"img\" ><\/div>\n\t\t\t\t\t\t\t\t\t\t\t<div class=\"elementor-gallery-item__overlay\"><\/div>\n\t\t\t\t\t\t\t\t\t\t\t\t\t\t<\/a>\n\t\t\t\t\t\t\t<a class=\"e-gallery-item elementor-gallery-item elementor-animated-content\" href=\"https:\/\/www.cm-benavente.pt\/wp-content\/uploads\/2025\/03\/carnaval-samora-correia-desfile-domingo-161.jpg\" data-elementor-open-lightbox=\"yes\" data-elementor-lightbox-slideshow=\"1169347\" data-elementor-lightbox-title=\"carnaval samora correia desfile domingo (161)\" data-e-action-hash=\"#elementor-action%3Aaction%3Dlightbox%26settings%3DeyJpZCI6Njc3OTQsInVybCI6Imh0dHBzOlwvXC93d3cuY20tYmVuYXZlbnRlLnB0XC93cC1jb250ZW50XC91cGxvYWRzXC8yMDI1XC8wM1wvY2FybmF2YWwtc2Ftb3JhLWNvcnJlaWEtZGVzZmlsZS1kb21pbmdvLTE2MS5qcGciLCJzbGlkZXNob3ciOiIxMTY5MzQ3In0%3D\">\n\t\t\t\t\t<div class=\"e-gallery-image elementor-gallery-item__image\" data-thumbnail=\"https:\/\/www.cm-benavente.pt\/wp-content\/uploads\/2025\/03\/carnaval-samora-correia-desfile-domingo-161-1024x564.jpg\" data-width=\"800\" data-height=\"441\" aria-label=\"\" role=\"img\" ><\/div>\n\t\t\t\t\t\t\t\t\t\t\t<div class=\"elementor-gallery-item__overlay\"><\/div>\n\t\t\t\t\t\t\t\t\t\t\t\t\t\t<\/a>\n\t\t\t\t\t\t\t<a class=\"e-gallery-item elementor-gallery-item elementor-animated-content\" href=\"https:\/\/www.cm-benavente.pt\/wp-content\/uploads\/2025\/03\/carnaval-samora-correia-desfile-domingo-162.jpg\" data-elementor-open-lightbox=\"yes\" data-elementor-lightbox-slideshow=\"1169347\" data-elementor-lightbox-title=\"carnaval samora correia desfile domingo (162)\" data-e-action-hash=\"#elementor-action%3Aaction%3Dlightbox%26settings%3DeyJpZCI6Njc3OTUsInVybCI6Imh0dHBzOlwvXC93d3cuY20tYmVuYXZlbnRlLnB0XC93cC1jb250ZW50XC91cGxvYWRzXC8yMDI1XC8wM1wvY2FybmF2YWwtc2Ftb3JhLWNvcnJlaWEtZGVzZmlsZS1kb21pbmdvLTE2Mi5qcGciLCJzbGlkZXNob3ciOiIxMTY5MzQ3In0%3D\">\n\t\t\t\t\t<div class=\"e-gallery-image elementor-gallery-item__image\" data-thumbnail=\"https:\/\/www.cm-benavente.pt\/wp-content\/uploads\/2025\/03\/carnaval-samora-correia-desfile-domingo-162-1024x607.jpg\" data-width=\"800\" data-height=\"474\" aria-label=\"\" role=\"img\" ><\/div>\n\t\t\t\t\t\t\t\t\t\t\t<div class=\"elementor-gallery-item__overlay\"><\/div>\n\t\t\t\t\t\t\t\t\t\t\t\t\t\t<\/a>\n\t\t\t\t\t\t\t<a class=\"e-gallery-item elementor-gallery-item elementor-animated-content\" href=\"https:\/\/www.cm-benavente.pt\/wp-content\/uploads\/2025\/03\/carnaval-samora-correia-desfile-domingo-163.jpg\" data-elementor-open-lightbox=\"yes\" data-elementor-lightbox-slideshow=\"1169347\" data-elementor-lightbox-title=\"carnaval samora correia desfile domingo (163)\" data-e-action-hash=\"#elementor-action%3Aaction%3Dlightbox%26settings%3DeyJpZCI6Njc3OTYsInVybCI6Imh0dHBzOlwvXC93d3cuY20tYmVuYXZlbnRlLnB0XC93cC1jb250ZW50XC91cGxvYWRzXC8yMDI1XC8wM1wvY2FybmF2YWwtc2Ftb3JhLWNvcnJlaWEtZGVzZmlsZS1kb21pbmdvLTE2My5qcGciLCJzbGlkZXNob3ciOiIxMTY5MzQ3In0%3D\">\n\t\t\t\t\t<div class=\"e-gallery-image elementor-gallery-item__image\" data-thumbnail=\"https:\/\/www.cm-benavente.pt\/wp-content\/uploads\/2025\/03\/carnaval-samora-correia-desfile-domingo-163-1024x504.jpg\" data-width=\"800\" data-height=\"394\" aria-label=\"\" role=\"img\" ><\/div>\n\t\t\t\t\t\t\t\t\t\t\t<div class=\"elementor-gallery-item__overlay\"><\/div>\n\t\t\t\t\t\t\t\t\t\t\t\t\t\t<\/a>\n\t\t\t\t\t\t\t<a class=\"e-gallery-item elementor-gallery-item elementor-animated-content\" href=\"https:\/\/www.cm-benavente.pt\/wp-content\/uploads\/2025\/03\/carnaval-samora-correia-desfile-domingo-164.jpg\" data-elementor-open-lightbox=\"yes\" data-elementor-lightbox-slideshow=\"1169347\" data-elementor-lightbox-title=\"carnaval samora correia desfile domingo (164)\" data-e-action-hash=\"#elementor-action%3Aaction%3Dlightbox%26settings%3DeyJpZCI6Njc3OTcsInVybCI6Imh0dHBzOlwvXC93d3cuY20tYmVuYXZlbnRlLnB0XC93cC1jb250ZW50XC91cGxvYWRzXC8yMDI1XC8wM1wvY2FybmF2YWwtc2Ftb3JhLWNvcnJlaWEtZGVzZmlsZS1kb21pbmdvLTE2NC5qcGciLCJzbGlkZXNob3ciOiIxMTY5MzQ3In0%3D\">\n\t\t\t\t\t<div class=\"e-gallery-image elementor-gallery-item__image\" data-thumbnail=\"https:\/\/www.cm-benavente.pt\/wp-content\/uploads\/2025\/03\/carnaval-samora-correia-desfile-domingo-164-1024x648.jpg\" data-width=\"800\" data-height=\"506\" aria-label=\"\" role=\"img\" ><\/div>\n\t\t\t\t\t\t\t\t\t\t\t<div class=\"elementor-gallery-item__overlay\"><\/div>\n\t\t\t\t\t\t\t\t\t\t\t\t\t\t<\/a>\n\t\t\t\t\t\t\t<a class=\"e-gallery-item elementor-gallery-item elementor-animated-content\" href=\"https:\/\/www.cm-benavente.pt\/wp-content\/uploads\/2025\/03\/carnaval-samora-correia-desfile-domingo-165.jpg\" data-elementor-open-lightbox=\"yes\" data-elementor-lightbox-slideshow=\"1169347\" data-elementor-lightbox-title=\"carnaval samora correia desfile domingo (165)\" data-e-action-hash=\"#elementor-action%3Aaction%3Dlightbox%26settings%3DeyJpZCI6Njc3OTgsInVybCI6Imh0dHBzOlwvXC93d3cuY20tYmVuYXZlbnRlLnB0XC93cC1jb250ZW50XC91cGxvYWRzXC8yMDI1XC8wM1wvY2FybmF2YWwtc2Ftb3JhLWNvcnJlaWEtZGVzZmlsZS1kb21pbmdvLTE2NS5qcGciLCJzbGlkZXNob3ciOiIxMTY5MzQ3In0%3D\">\n\t\t\t\t\t<div class=\"e-gallery-image elementor-gallery-item__image\" data-thumbnail=\"https:\/\/www.cm-benavente.pt\/wp-content\/uploads\/2025\/03\/carnaval-samora-correia-desfile-domingo-165-1024x609.jpg\" data-width=\"800\" data-height=\"476\" aria-label=\"\" role=\"img\" ><\/div>\n\t\t\t\t\t\t\t\t\t\t\t<div class=\"elementor-gallery-item__overlay\"><\/div>\n\t\t\t\t\t\t\t\t\t\t\t\t\t\t<\/a>\n\t\t\t\t\t\t\t<a class=\"e-gallery-item elementor-gallery-item elementor-animated-content\" href=\"https:\/\/www.cm-benavente.pt\/wp-content\/uploads\/2025\/03\/carnaval-samora-correia-desfile-domingo-166.jpg\" data-elementor-open-lightbox=\"yes\" data-elementor-lightbox-slideshow=\"1169347\" data-elementor-lightbox-title=\"carnaval samora correia desfile domingo (166)\" data-e-action-hash=\"#elementor-action%3Aaction%3Dlightbox%26settings%3DeyJpZCI6Njc3OTksInVybCI6Imh0dHBzOlwvXC93d3cuY20tYmVuYXZlbnRlLnB0XC93cC1jb250ZW50XC91cGxvYWRzXC8yMDI1XC8wM1wvY2FybmF2YWwtc2Ftb3JhLWNvcnJlaWEtZGVzZmlsZS1kb21pbmdvLTE2Ni5qcGciLCJzbGlkZXNob3ciOiIxMTY5MzQ3In0%3D\">\n\t\t\t\t\t<div class=\"e-gallery-image elementor-gallery-item__image\" data-thumbnail=\"https:\/\/www.cm-benavente.pt\/wp-content\/uploads\/2025\/03\/carnaval-samora-correia-desfile-domingo-166-1024x631.jpg\" data-width=\"800\" data-height=\"493\" aria-label=\"\" role=\"img\" ><\/div>\n\t\t\t\t\t\t\t\t\t\t\t<div class=\"elementor-gallery-item__overlay\"><\/div>\n\t\t\t\t\t\t\t\t\t\t\t\t\t\t<\/a>\n\t\t\t\t\t\t\t<a class=\"e-gallery-item elementor-gallery-item elementor-animated-content\" href=\"https:\/\/www.cm-benavente.pt\/wp-content\/uploads\/2025\/03\/carnaval-samora-correia-desfile-domingo-167.jpg\" data-elementor-open-lightbox=\"yes\" data-elementor-lightbox-slideshow=\"1169347\" data-elementor-lightbox-title=\"carnaval samora correia desfile domingo (167)\" data-e-action-hash=\"#elementor-action%3Aaction%3Dlightbox%26settings%3DeyJpZCI6Njc4MDAsInVybCI6Imh0dHBzOlwvXC93d3cuY20tYmVuYXZlbnRlLnB0XC93cC1jb250ZW50XC91cGxvYWRzXC8yMDI1XC8wM1wvY2FybmF2YWwtc2Ftb3JhLWNvcnJlaWEtZGVzZmlsZS1kb21pbmdvLTE2Ny5qcGciLCJzbGlkZXNob3ciOiIxMTY5MzQ3In0%3D\">\n\t\t\t\t\t<div class=\"e-gallery-image elementor-gallery-item__image\" data-thumbnail=\"https:\/\/www.cm-benavente.pt\/wp-content\/uploads\/2025\/03\/carnaval-samora-correia-desfile-domingo-167-1024x578.jpg\" data-width=\"800\" data-height=\"452\" aria-label=\"\" role=\"img\" ><\/div>\n\t\t\t\t\t\t\t\t\t\t\t<div class=\"elementor-gallery-item__overlay\"><\/div>\n\t\t\t\t\t\t\t\t\t\t\t\t\t\t<\/a>\n\t\t\t\t\t\t\t<a class=\"e-gallery-item elementor-gallery-item elementor-animated-content\" href=\"https:\/\/www.cm-benavente.pt\/wp-content\/uploads\/2025\/03\/carnaval-samora-correia-desfile-domingo-168.jpg\" data-elementor-open-lightbox=\"yes\" data-elementor-lightbox-slideshow=\"1169347\" data-elementor-lightbox-title=\"carnaval samora correia desfile domingo (168)\" data-e-action-hash=\"#elementor-action%3Aaction%3Dlightbox%26settings%3DeyJpZCI6Njc4MDEsInVybCI6Imh0dHBzOlwvXC93d3cuY20tYmVuYXZlbnRlLnB0XC93cC1jb250ZW50XC91cGxvYWRzXC8yMDI1XC8wM1wvY2FybmF2YWwtc2Ftb3JhLWNvcnJlaWEtZGVzZmlsZS1kb21pbmdvLTE2OC5qcGciLCJzbGlkZXNob3ciOiIxMTY5MzQ3In0%3D\">\n\t\t\t\t\t<div class=\"e-gallery-image elementor-gallery-item__image\" data-thumbnail=\"https:\/\/www.cm-benavente.pt\/wp-content\/uploads\/2025\/03\/carnaval-samora-correia-desfile-domingo-168-1024x603.jpg\" data-width=\"800\" data-height=\"471\" aria-label=\"\" role=\"img\" ><\/div>\n\t\t\t\t\t\t\t\t\t\t\t<div class=\"elementor-gallery-item__overlay\"><\/div>\n\t\t\t\t\t\t\t\t\t\t\t\t\t\t<\/a>\n\t\t\t\t\t\t\t<a class=\"e-gallery-item elementor-gallery-item elementor-animated-content\" href=\"https:\/\/www.cm-benavente.pt\/wp-content\/uploads\/2025\/03\/carnaval-samora-correia-desfile-domingo-169.jpg\" data-elementor-open-lightbox=\"yes\" data-elementor-lightbox-slideshow=\"1169347\" data-elementor-lightbox-title=\"carnaval samora correia desfile domingo (169)\" data-e-action-hash=\"#elementor-action%3Aaction%3Dlightbox%26settings%3DeyJpZCI6Njc4MDIsInVybCI6Imh0dHBzOlwvXC93d3cuY20tYmVuYXZlbnRlLnB0XC93cC1jb250ZW50XC91cGxvYWRzXC8yMDI1XC8wM1wvY2FybmF2YWwtc2Ftb3JhLWNvcnJlaWEtZGVzZmlsZS1kb21pbmdvLTE2OS5qcGciLCJzbGlkZXNob3ciOiIxMTY5MzQ3In0%3D\">\n\t\t\t\t\t<div class=\"e-gallery-image elementor-gallery-item__image\" data-thumbnail=\"https:\/\/www.cm-benavente.pt\/wp-content\/uploads\/2025\/03\/carnaval-samora-correia-desfile-domingo-169-1024x632.jpg\" data-width=\"800\" data-height=\"494\" aria-label=\"\" role=\"img\" ><\/div>\n\t\t\t\t\t\t\t\t\t\t\t<div class=\"elementor-gallery-item__overlay\"><\/div>\n\t\t\t\t\t\t\t\t\t\t\t\t\t\t<\/a>\n\t\t\t\t\t\t\t<a class=\"e-gallery-item elementor-gallery-item elementor-animated-content\" href=\"https:\/\/www.cm-benavente.pt\/wp-content\/uploads\/2025\/03\/carnaval-samora-correia-desfile-domingo-170.jpg\" data-elementor-open-lightbox=\"yes\" data-elementor-lightbox-slideshow=\"1169347\" data-elementor-lightbox-title=\"carnaval samora correia desfile domingo (170)\" data-e-action-hash=\"#elementor-action%3Aaction%3Dlightbox%26settings%3DeyJpZCI6Njc4MDMsInVybCI6Imh0dHBzOlwvXC93d3cuY20tYmVuYXZlbnRlLnB0XC93cC1jb250ZW50XC91cGxvYWRzXC8yMDI1XC8wM1wvY2FybmF2YWwtc2Ftb3JhLWNvcnJlaWEtZGVzZmlsZS1kb21pbmdvLTE3MC5qcGciLCJzbGlkZXNob3ciOiIxMTY5MzQ3In0%3D\">\n\t\t\t\t\t<div class=\"e-gallery-image elementor-gallery-item__image\" data-thumbnail=\"https:\/\/www.cm-benavente.pt\/wp-content\/uploads\/2025\/03\/carnaval-samora-correia-desfile-domingo-170-1024x620.jpg\" data-width=\"800\" data-height=\"484\" aria-label=\"\" role=\"img\" ><\/div>\n\t\t\t\t\t\t\t\t\t\t\t<div class=\"elementor-gallery-item__overlay\"><\/div>\n\t\t\t\t\t\t\t\t\t\t\t\t\t\t<\/a>\n\t\t\t\t\t\t\t<a class=\"e-gallery-item elementor-gallery-item elementor-animated-content\" href=\"https:\/\/www.cm-benavente.pt\/wp-content\/uploads\/2025\/03\/carnaval-samora-correia-desfile-domingo-171.jpg\" data-elementor-open-lightbox=\"yes\" data-elementor-lightbox-slideshow=\"1169347\" data-elementor-lightbox-title=\"carnaval samora correia desfile domingo (171)\" data-e-action-hash=\"#elementor-action%3Aaction%3Dlightbox%26settings%3DeyJpZCI6Njc4MDQsInVybCI6Imh0dHBzOlwvXC93d3cuY20tYmVuYXZlbnRlLnB0XC93cC1jb250ZW50XC91cGxvYWRzXC8yMDI1XC8wM1wvY2FybmF2YWwtc2Ftb3JhLWNvcnJlaWEtZGVzZmlsZS1kb21pbmdvLTE3MS5qcGciLCJzbGlkZXNob3ciOiIxMTY5MzQ3In0%3D\">\n\t\t\t\t\t<div class=\"e-gallery-image elementor-gallery-item__image\" data-thumbnail=\"https:\/\/www.cm-benavente.pt\/wp-content\/uploads\/2025\/03\/carnaval-samora-correia-desfile-domingo-171-1024x682.jpg\" data-width=\"800\" data-height=\"533\" aria-label=\"\" role=\"img\" ><\/div>\n\t\t\t\t\t\t\t\t\t\t\t<div class=\"elementor-gallery-item__overlay\"><\/div>\n\t\t\t\t\t\t\t\t\t\t\t\t\t\t<\/a>\n\t\t\t\t\t\t\t<a class=\"e-gallery-item elementor-gallery-item elementor-animated-content\" href=\"https:\/\/www.cm-benavente.pt\/wp-content\/uploads\/2025\/03\/carnaval-samora-correia-desfile-domingo-172.jpg\" data-elementor-open-lightbox=\"yes\" data-elementor-lightbox-slideshow=\"1169347\" data-elementor-lightbox-title=\"carnaval samora correia desfile domingo (172)\" data-e-action-hash=\"#elementor-action%3Aaction%3Dlightbox%26settings%3DeyJpZCI6Njc4MDUsInVybCI6Imh0dHBzOlwvXC93d3cuY20tYmVuYXZlbnRlLnB0XC93cC1jb250ZW50XC91cGxvYWRzXC8yMDI1XC8wM1wvY2FybmF2YWwtc2Ftb3JhLWNvcnJlaWEtZGVzZmlsZS1kb21pbmdvLTE3Mi5qcGciLCJzbGlkZXNob3ciOiIxMTY5MzQ3In0%3D\">\n\t\t\t\t\t<div class=\"e-gallery-image elementor-gallery-item__image\" data-thumbnail=\"https:\/\/www.cm-benavente.pt\/wp-content\/uploads\/2025\/03\/carnaval-samora-correia-desfile-domingo-172-1024x686.jpg\" data-width=\"800\" data-height=\"536\" aria-label=\"\" role=\"img\" ><\/div>\n\t\t\t\t\t\t\t\t\t\t\t<div class=\"elementor-gallery-item__overlay\"><\/div>\n\t\t\t\t\t\t\t\t\t\t\t\t\t\t<\/a>\n\t\t\t\t\t\t\t<a class=\"e-gallery-item elementor-gallery-item elementor-animated-content\" href=\"https:\/\/www.cm-benavente.pt\/wp-content\/uploads\/2025\/03\/carnaval-samora-correia-desfile-domingo-173.jpg\" data-elementor-open-lightbox=\"yes\" data-elementor-lightbox-slideshow=\"1169347\" data-elementor-lightbox-title=\"carnaval samora correia desfile domingo (173)\" data-e-action-hash=\"#elementor-action%3Aaction%3Dlightbox%26settings%3DeyJpZCI6Njc4MDYsInVybCI6Imh0dHBzOlwvXC93d3cuY20tYmVuYXZlbnRlLnB0XC93cC1jb250ZW50XC91cGxvYWRzXC8yMDI1XC8wM1wvY2FybmF2YWwtc2Ftb3JhLWNvcnJlaWEtZGVzZmlsZS1kb21pbmdvLTE3My5qcGciLCJzbGlkZXNob3ciOiIxMTY5MzQ3In0%3D\">\n\t\t\t\t\t<div class=\"e-gallery-image elementor-gallery-item__image\" data-thumbnail=\"https:\/\/www.cm-benavente.pt\/wp-content\/uploads\/2025\/03\/carnaval-samora-correia-desfile-domingo-173-1024x602.jpg\" data-width=\"800\" data-height=\"470\" aria-label=\"\" role=\"img\" ><\/div>\n\t\t\t\t\t\t\t\t\t\t\t<div class=\"elementor-gallery-item__overlay\"><\/div>\n\t\t\t\t\t\t\t\t\t\t\t\t\t\t<\/a>\n\t\t\t\t\t\t\t<a class=\"e-gallery-item elementor-gallery-item elementor-animated-content\" href=\"https:\/\/www.cm-benavente.pt\/wp-content\/uploads\/2025\/03\/carnaval-samora-correia-desfile-domingo-174.jpg\" data-elementor-open-lightbox=\"yes\" data-elementor-lightbox-slideshow=\"1169347\" data-elementor-lightbox-title=\"carnaval samora correia desfile domingo (174)\" data-e-action-hash=\"#elementor-action%3Aaction%3Dlightbox%26settings%3DeyJpZCI6Njc4MDcsInVybCI6Imh0dHBzOlwvXC93d3cuY20tYmVuYXZlbnRlLnB0XC93cC1jb250ZW50XC91cGxvYWRzXC8yMDI1XC8wM1wvY2FybmF2YWwtc2Ftb3JhLWNvcnJlaWEtZGVzZmlsZS1kb21pbmdvLTE3NC5qcGciLCJzbGlkZXNob3ciOiIxMTY5MzQ3In0%3D\">\n\t\t\t\t\t<div class=\"e-gallery-image elementor-gallery-item__image\" data-thumbnail=\"https:\/\/www.cm-benavente.pt\/wp-content\/uploads\/2025\/03\/carnaval-samora-correia-desfile-domingo-174-1024x610.jpg\" data-width=\"800\" data-height=\"477\" aria-label=\"\" role=\"img\" ><\/div>\n\t\t\t\t\t\t\t\t\t\t\t<div class=\"elementor-gallery-item__overlay\"><\/div>\n\t\t\t\t\t\t\t\t\t\t\t\t\t\t<\/a>\n\t\t\t\t\t\t\t<a class=\"e-gallery-item elementor-gallery-item elementor-animated-content\" href=\"https:\/\/www.cm-benavente.pt\/wp-content\/uploads\/2025\/03\/carnaval-samora-correia-desfile-domingo-175.jpg\" data-elementor-open-lightbox=\"yes\" data-elementor-lightbox-slideshow=\"1169347\" data-elementor-lightbox-title=\"carnaval samora correia desfile domingo (175)\" data-e-action-hash=\"#elementor-action%3Aaction%3Dlightbox%26settings%3DeyJpZCI6Njc4MDgsInVybCI6Imh0dHBzOlwvXC93d3cuY20tYmVuYXZlbnRlLnB0XC93cC1jb250ZW50XC91cGxvYWRzXC8yMDI1XC8wM1wvY2FybmF2YWwtc2Ftb3JhLWNvcnJlaWEtZGVzZmlsZS1kb21pbmdvLTE3NS5qcGciLCJzbGlkZXNob3ciOiIxMTY5MzQ3In0%3D\">\n\t\t\t\t\t<div class=\"e-gallery-image elementor-gallery-item__image\" data-thumbnail=\"https:\/\/www.cm-benavente.pt\/wp-content\/uploads\/2025\/03\/carnaval-samora-correia-desfile-domingo-175-1024x630.jpg\" data-width=\"800\" data-height=\"492\" aria-label=\"\" role=\"img\" ><\/div>\n\t\t\t\t\t\t\t\t\t\t\t<div class=\"elementor-gallery-item__overlay\"><\/div>\n\t\t\t\t\t\t\t\t\t\t\t\t\t\t<\/a>\n\t\t\t\t\t\t\t<a class=\"e-gallery-item elementor-gallery-item elementor-animated-content\" href=\"https:\/\/www.cm-benavente.pt\/wp-content\/uploads\/2025\/03\/carnaval-samora-correia-desfile-domingo-176.jpg\" data-elementor-open-lightbox=\"yes\" data-elementor-lightbox-slideshow=\"1169347\" data-elementor-lightbox-title=\"carnaval samora correia desfile domingo (176)\" data-e-action-hash=\"#elementor-action%3Aaction%3Dlightbox%26settings%3DeyJpZCI6Njc4MDksInVybCI6Imh0dHBzOlwvXC93d3cuY20tYmVuYXZlbnRlLnB0XC93cC1jb250ZW50XC91cGxvYWRzXC8yMDI1XC8wM1wvY2FybmF2YWwtc2Ftb3JhLWNvcnJlaWEtZGVzZmlsZS1kb21pbmdvLTE3Ni5qcGciLCJzbGlkZXNob3ciOiIxMTY5MzQ3In0%3D\">\n\t\t\t\t\t<div class=\"e-gallery-image elementor-gallery-item__image\" data-thumbnail=\"https:\/\/www.cm-benavente.pt\/wp-content\/uploads\/2025\/03\/carnaval-samora-correia-desfile-domingo-176-1024x682.jpg\" data-width=\"800\" data-height=\"533\" aria-label=\"\" role=\"img\" ><\/div>\n\t\t\t\t\t\t\t\t\t\t\t<div class=\"elementor-gallery-item__overlay\"><\/div>\n\t\t\t\t\t\t\t\t\t\t\t\t\t\t<\/a>\n\t\t\t\t\t\t\t<a class=\"e-gallery-item elementor-gallery-item elementor-animated-content\" href=\"https:\/\/www.cm-benavente.pt\/wp-content\/uploads\/2025\/03\/carnaval-samora-correia-desfile-domingo-177.jpg\" data-elementor-open-lightbox=\"yes\" data-elementor-lightbox-slideshow=\"1169347\" data-elementor-lightbox-title=\"carnaval samora correia desfile domingo (177)\" data-e-action-hash=\"#elementor-action%3Aaction%3Dlightbox%26settings%3DeyJpZCI6Njc4MTAsInVybCI6Imh0dHBzOlwvXC93d3cuY20tYmVuYXZlbnRlLnB0XC93cC1jb250ZW50XC91cGxvYWRzXC8yMDI1XC8wM1wvY2FybmF2YWwtc2Ftb3JhLWNvcnJlaWEtZGVzZmlsZS1kb21pbmdvLTE3Ny5qcGciLCJzbGlkZXNob3ciOiIxMTY5MzQ3In0%3D\">\n\t\t\t\t\t<div class=\"e-gallery-image elementor-gallery-item__image\" data-thumbnail=\"https:\/\/www.cm-benavente.pt\/wp-content\/uploads\/2025\/03\/carnaval-samora-correia-desfile-domingo-177-1024x683.jpg\" data-width=\"800\" data-height=\"534\" aria-label=\"\" role=\"img\" ><\/div>\n\t\t\t\t\t\t\t\t\t\t\t<div class=\"elementor-gallery-item__overlay\"><\/div>\n\t\t\t\t\t\t\t\t\t\t\t\t\t\t<\/a>\n\t\t\t\t\t\t\t<a class=\"e-gallery-item elementor-gallery-item elementor-animated-content\" href=\"https:\/\/www.cm-benavente.pt\/wp-content\/uploads\/2025\/03\/carnaval-samora-correia-desfile-domingo-178.jpg\" data-elementor-open-lightbox=\"yes\" data-elementor-lightbox-slideshow=\"1169347\" data-elementor-lightbox-title=\"carnaval samora correia desfile domingo (178)\" data-e-action-hash=\"#elementor-action%3Aaction%3Dlightbox%26settings%3DeyJpZCI6Njc4MTEsInVybCI6Imh0dHBzOlwvXC93d3cuY20tYmVuYXZlbnRlLnB0XC93cC1jb250ZW50XC91cGxvYWRzXC8yMDI1XC8wM1wvY2FybmF2YWwtc2Ftb3JhLWNvcnJlaWEtZGVzZmlsZS1kb21pbmdvLTE3OC5qcGciLCJzbGlkZXNob3ciOiIxMTY5MzQ3In0%3D\">\n\t\t\t\t\t<div class=\"e-gallery-image elementor-gallery-item__image\" data-thumbnail=\"https:\/\/www.cm-benavente.pt\/wp-content\/uploads\/2025\/03\/carnaval-samora-correia-desfile-domingo-178-1024x566.jpg\" data-width=\"800\" data-height=\"442\" aria-label=\"\" role=\"img\" ><\/div>\n\t\t\t\t\t\t\t\t\t\t\t<div class=\"elementor-gallery-item__overlay\"><\/div>\n\t\t\t\t\t\t\t\t\t\t\t\t\t\t<\/a>\n\t\t\t\t\t\t\t<a class=\"e-gallery-item elementor-gallery-item elementor-animated-content\" href=\"https:\/\/www.cm-benavente.pt\/wp-content\/uploads\/2025\/03\/carnaval-samora-correia-desfile-domingo-179.jpg\" data-elementor-open-lightbox=\"yes\" data-elementor-lightbox-slideshow=\"1169347\" data-elementor-lightbox-title=\"carnaval samora correia desfile domingo (179)\" data-e-action-hash=\"#elementor-action%3Aaction%3Dlightbox%26settings%3DeyJpZCI6Njc4MTIsInVybCI6Imh0dHBzOlwvXC93d3cuY20tYmVuYXZlbnRlLnB0XC93cC1jb250ZW50XC91cGxvYWRzXC8yMDI1XC8wM1wvY2FybmF2YWwtc2Ftb3JhLWNvcnJlaWEtZGVzZmlsZS1kb21pbmdvLTE3OS5qcGciLCJzbGlkZXNob3ciOiIxMTY5MzQ3In0%3D\">\n\t\t\t\t\t<div class=\"e-gallery-image elementor-gallery-item__image\" data-thumbnail=\"https:\/\/www.cm-benavente.pt\/wp-content\/uploads\/2025\/03\/carnaval-samora-correia-desfile-domingo-179-1024x683.jpg\" data-width=\"800\" data-height=\"534\" aria-label=\"\" role=\"img\" ><\/div>\n\t\t\t\t\t\t\t\t\t\t\t<div class=\"elementor-gallery-item__overlay\"><\/div>\n\t\t\t\t\t\t\t\t\t\t\t\t\t\t<\/a>\n\t\t\t\t\t\t\t<a class=\"e-gallery-item elementor-gallery-item elementor-animated-content\" href=\"https:\/\/www.cm-benavente.pt\/wp-content\/uploads\/2025\/03\/carnaval-samora-correia-desfile-domingo-180.jpg\" data-elementor-open-lightbox=\"yes\" data-elementor-lightbox-slideshow=\"1169347\" data-elementor-lightbox-title=\"carnaval samora correia desfile domingo (180)\" data-e-action-hash=\"#elementor-action%3Aaction%3Dlightbox%26settings%3DeyJpZCI6Njc4MTMsInVybCI6Imh0dHBzOlwvXC93d3cuY20tYmVuYXZlbnRlLnB0XC93cC1jb250ZW50XC91cGxvYWRzXC8yMDI1XC8wM1wvY2FybmF2YWwtc2Ftb3JhLWNvcnJlaWEtZGVzZmlsZS1kb21pbmdvLTE4MC5qcGciLCJzbGlkZXNob3ciOiIxMTY5MzQ3In0%3D\">\n\t\t\t\t\t<div class=\"e-gallery-image elementor-gallery-item__image\" data-thumbnail=\"https:\/\/www.cm-benavente.pt\/wp-content\/uploads\/2025\/03\/carnaval-samora-correia-desfile-domingo-180-1024x631.jpg\" data-width=\"800\" data-height=\"493\" aria-label=\"\" role=\"img\" ><\/div>\n\t\t\t\t\t\t\t\t\t\t\t<div class=\"elementor-gallery-item__overlay\"><\/div>\n\t\t\t\t\t\t\t\t\t\t\t\t\t\t<\/a>\n\t\t\t\t\t\t\t<a class=\"e-gallery-item elementor-gallery-item elementor-animated-content\" href=\"https:\/\/www.cm-benavente.pt\/wp-content\/uploads\/2025\/03\/carnaval-samora-correia-desfile-domingo-181.jpg\" data-elementor-open-lightbox=\"yes\" data-elementor-lightbox-slideshow=\"1169347\" data-elementor-lightbox-title=\"carnaval samora correia desfile domingo (181)\" data-e-action-hash=\"#elementor-action%3Aaction%3Dlightbox%26settings%3DeyJpZCI6Njc4MTQsInVybCI6Imh0dHBzOlwvXC93d3cuY20tYmVuYXZlbnRlLnB0XC93cC1jb250ZW50XC91cGxvYWRzXC8yMDI1XC8wM1wvY2FybmF2YWwtc2Ftb3JhLWNvcnJlaWEtZGVzZmlsZS1kb21pbmdvLTE4MS5qcGciLCJzbGlkZXNob3ciOiIxMTY5MzQ3In0%3D\">\n\t\t\t\t\t<div class=\"e-gallery-image elementor-gallery-item__image\" data-thumbnail=\"https:\/\/www.cm-benavente.pt\/wp-content\/uploads\/2025\/03\/carnaval-samora-correia-desfile-domingo-181-1024x657.jpg\" data-width=\"800\" data-height=\"513\" aria-label=\"\" role=\"img\" ><\/div>\n\t\t\t\t\t\t\t\t\t\t\t<div class=\"elementor-gallery-item__overlay\"><\/div>\n\t\t\t\t\t\t\t\t\t\t\t\t\t\t<\/a>\n\t\t\t\t\t\t\t<a class=\"e-gallery-item elementor-gallery-item elementor-animated-content\" href=\"https:\/\/www.cm-benavente.pt\/wp-content\/uploads\/2025\/03\/carnaval-samora-correia-desfile-domingo-182.jpg\" data-elementor-open-lightbox=\"yes\" data-elementor-lightbox-slideshow=\"1169347\" data-elementor-lightbox-title=\"carnaval samora correia desfile domingo (182)\" data-e-action-hash=\"#elementor-action%3Aaction%3Dlightbox%26settings%3DeyJpZCI6Njc4MTUsInVybCI6Imh0dHBzOlwvXC93d3cuY20tYmVuYXZlbnRlLnB0XC93cC1jb250ZW50XC91cGxvYWRzXC8yMDI1XC8wM1wvY2FybmF2YWwtc2Ftb3JhLWNvcnJlaWEtZGVzZmlsZS1kb21pbmdvLTE4Mi5qcGciLCJzbGlkZXNob3ciOiIxMTY5MzQ3In0%3D\">\n\t\t\t\t\t<div class=\"e-gallery-image elementor-gallery-item__image\" data-thumbnail=\"https:\/\/www.cm-benavente.pt\/wp-content\/uploads\/2025\/03\/carnaval-samora-correia-desfile-domingo-182-1024x732.jpg\" data-width=\"800\" data-height=\"572\" aria-label=\"\" role=\"img\" ><\/div>\n\t\t\t\t\t\t\t\t\t\t\t<div class=\"elementor-gallery-item__overlay\"><\/div>\n\t\t\t\t\t\t\t\t\t\t\t\t\t\t<\/a>\n\t\t\t\t\t\t\t<a class=\"e-gallery-item elementor-gallery-item elementor-animated-content\" href=\"https:\/\/www.cm-benavente.pt\/wp-content\/uploads\/2025\/03\/carnaval-samora-correia-desfile-domingo-183.jpg\" data-elementor-open-lightbox=\"yes\" data-elementor-lightbox-slideshow=\"1169347\" data-elementor-lightbox-title=\"carnaval samora correia desfile domingo (183)\" data-e-action-hash=\"#elementor-action%3Aaction%3Dlightbox%26settings%3DeyJpZCI6Njc4MTYsInVybCI6Imh0dHBzOlwvXC93d3cuY20tYmVuYXZlbnRlLnB0XC93cC1jb250ZW50XC91cGxvYWRzXC8yMDI1XC8wM1wvY2FybmF2YWwtc2Ftb3JhLWNvcnJlaWEtZGVzZmlsZS1kb21pbmdvLTE4My5qcGciLCJzbGlkZXNob3ciOiIxMTY5MzQ3In0%3D\">\n\t\t\t\t\t<div class=\"e-gallery-image elementor-gallery-item__image\" data-thumbnail=\"https:\/\/www.cm-benavente.pt\/wp-content\/uploads\/2025\/03\/carnaval-samora-correia-desfile-domingo-183-1024x595.jpg\" data-width=\"800\" data-height=\"465\" aria-label=\"\" role=\"img\" ><\/div>\n\t\t\t\t\t\t\t\t\t\t\t<div class=\"elementor-gallery-item__overlay\"><\/div>\n\t\t\t\t\t\t\t\t\t\t\t\t\t\t<\/a>\n\t\t\t\t\t\t\t<a class=\"e-gallery-item elementor-gallery-item elementor-animated-content\" href=\"https:\/\/www.cm-benavente.pt\/wp-content\/uploads\/2025\/03\/carnaval-samora-correia-desfile-domingo-184.jpg\" data-elementor-open-lightbox=\"yes\" data-elementor-lightbox-slideshow=\"1169347\" data-elementor-lightbox-title=\"carnaval samora correia desfile domingo (184)\" data-e-action-hash=\"#elementor-action%3Aaction%3Dlightbox%26settings%3DeyJpZCI6Njc4MTcsInVybCI6Imh0dHBzOlwvXC93d3cuY20tYmVuYXZlbnRlLnB0XC93cC1jb250ZW50XC91cGxvYWRzXC8yMDI1XC8wM1wvY2FybmF2YWwtc2Ftb3JhLWNvcnJlaWEtZGVzZmlsZS1kb21pbmdvLTE4NC5qcGciLCJzbGlkZXNob3ciOiIxMTY5MzQ3In0%3D\">\n\t\t\t\t\t<div class=\"e-gallery-image elementor-gallery-item__image\" data-thumbnail=\"https:\/\/www.cm-benavente.pt\/wp-content\/uploads\/2025\/03\/carnaval-samora-correia-desfile-domingo-184-1024x671.jpg\" data-width=\"800\" data-height=\"524\" aria-label=\"\" role=\"img\" ><\/div>\n\t\t\t\t\t\t\t\t\t\t\t<div class=\"elementor-gallery-item__overlay\"><\/div>\n\t\t\t\t\t\t\t\t\t\t\t\t\t\t<\/a>\n\t\t\t\t\t\t\t<a class=\"e-gallery-item elementor-gallery-item elementor-animated-content\" href=\"https:\/\/www.cm-benavente.pt\/wp-content\/uploads\/2025\/03\/carnaval-samora-correia-desfile-domingo-185.jpg\" data-elementor-open-lightbox=\"yes\" data-elementor-lightbox-slideshow=\"1169347\" data-elementor-lightbox-title=\"carnaval samora correia desfile domingo (185)\" data-e-action-hash=\"#elementor-action%3Aaction%3Dlightbox%26settings%3DeyJpZCI6Njc4MTgsInVybCI6Imh0dHBzOlwvXC93d3cuY20tYmVuYXZlbnRlLnB0XC93cC1jb250ZW50XC91cGxvYWRzXC8yMDI1XC8wM1wvY2FybmF2YWwtc2Ftb3JhLWNvcnJlaWEtZGVzZmlsZS1kb21pbmdvLTE4NS5qcGciLCJzbGlkZXNob3ciOiIxMTY5MzQ3In0%3D\">\n\t\t\t\t\t<div class=\"e-gallery-image elementor-gallery-item__image\" data-thumbnail=\"https:\/\/www.cm-benavente.pt\/wp-content\/uploads\/2025\/03\/carnaval-samora-correia-desfile-domingo-185-1024x682.jpg\" data-width=\"800\" data-height=\"533\" aria-label=\"\" role=\"img\" ><\/div>\n\t\t\t\t\t\t\t\t\t\t\t<div class=\"elementor-gallery-item__overlay\"><\/div>\n\t\t\t\t\t\t\t\t\t\t\t\t\t\t<\/a>\n\t\t\t\t\t\t\t<a class=\"e-gallery-item elementor-gallery-item elementor-animated-content\" href=\"https:\/\/www.cm-benavente.pt\/wp-content\/uploads\/2025\/03\/carnaval-samora-correia-desfile-domingo-186-scaled.jpg\" data-elementor-open-lightbox=\"yes\" data-elementor-lightbox-slideshow=\"1169347\" data-elementor-lightbox-title=\"carnaval samora correia desfile domingo (186)\" data-e-action-hash=\"#elementor-action%3Aaction%3Dlightbox%26settings%3DeyJpZCI6Njc4MTksInVybCI6Imh0dHBzOlwvXC93d3cuY20tYmVuYXZlbnRlLnB0XC93cC1jb250ZW50XC91cGxvYWRzXC8yMDI1XC8wM1wvY2FybmF2YWwtc2Ftb3JhLWNvcnJlaWEtZGVzZmlsZS1kb21pbmdvLTE4Ni1zY2FsZWQuanBnIiwic2xpZGVzaG93IjoiMTE2OTM0NyJ9\">\n\t\t\t\t\t<div class=\"e-gallery-image elementor-gallery-item__image\" data-thumbnail=\"https:\/\/www.cm-benavente.pt\/wp-content\/uploads\/2025\/03\/carnaval-samora-correia-desfile-domingo-186-1024x647.jpg\" data-width=\"800\" data-height=\"505\" aria-label=\"\" role=\"img\" ><\/div>\n\t\t\t\t\t\t\t\t\t\t\t<div class=\"elementor-gallery-item__overlay\"><\/div>\n\t\t\t\t\t\t\t\t\t\t\t\t\t\t<\/a>\n\t\t\t\t\t\t\t<a class=\"e-gallery-item elementor-gallery-item elementor-animated-content\" href=\"https:\/\/www.cm-benavente.pt\/wp-content\/uploads\/2025\/03\/carnaval-samora-correia-desfile-domingo-187.jpg\" data-elementor-open-lightbox=\"yes\" data-elementor-lightbox-slideshow=\"1169347\" data-elementor-lightbox-title=\"carnaval samora correia desfile domingo (187)\" data-e-action-hash=\"#elementor-action%3Aaction%3Dlightbox%26settings%3DeyJpZCI6Njc4MjAsInVybCI6Imh0dHBzOlwvXC93d3cuY20tYmVuYXZlbnRlLnB0XC93cC1jb250ZW50XC91cGxvYWRzXC8yMDI1XC8wM1wvY2FybmF2YWwtc2Ftb3JhLWNvcnJlaWEtZGVzZmlsZS1kb21pbmdvLTE4Ny5qcGciLCJzbGlkZXNob3ciOiIxMTY5MzQ3In0%3D\">\n\t\t\t\t\t<div class=\"e-gallery-image elementor-gallery-item__image\" data-thumbnail=\"https:\/\/www.cm-benavente.pt\/wp-content\/uploads\/2025\/03\/carnaval-samora-correia-desfile-domingo-187-1024x637.jpg\" data-width=\"800\" data-height=\"498\" aria-label=\"\" role=\"img\" ><\/div>\n\t\t\t\t\t\t\t\t\t\t\t<div class=\"elementor-gallery-item__overlay\"><\/div>\n\t\t\t\t\t\t\t\t\t\t\t\t\t\t<\/a>\n\t\t\t\t\t\t\t<a class=\"e-gallery-item elementor-gallery-item elementor-animated-content\" href=\"https:\/\/www.cm-benavente.pt\/wp-content\/uploads\/2025\/03\/carnaval-samora-correia-desfile-domingo-188.jpg\" data-elementor-open-lightbox=\"yes\" data-elementor-lightbox-slideshow=\"1169347\" data-elementor-lightbox-title=\"carnaval samora correia desfile domingo (188)\" data-e-action-hash=\"#elementor-action%3Aaction%3Dlightbox%26settings%3DeyJpZCI6Njc4MjEsInVybCI6Imh0dHBzOlwvXC93d3cuY20tYmVuYXZlbnRlLnB0XC93cC1jb250ZW50XC91cGxvYWRzXC8yMDI1XC8wM1wvY2FybmF2YWwtc2Ftb3JhLWNvcnJlaWEtZGVzZmlsZS1kb21pbmdvLTE4OC5qcGciLCJzbGlkZXNob3ciOiIxMTY5MzQ3In0%3D\">\n\t\t\t\t\t<div class=\"e-gallery-image elementor-gallery-item__image\" data-thumbnail=\"https:\/\/www.cm-benavente.pt\/wp-content\/uploads\/2025\/03\/carnaval-samora-correia-desfile-domingo-188-1024x559.jpg\" data-width=\"800\" data-height=\"437\" aria-label=\"\" role=\"img\" ><\/div>\n\t\t\t\t\t\t\t\t\t\t\t<div class=\"elementor-gallery-item__overlay\"><\/div>\n\t\t\t\t\t\t\t\t\t\t\t\t\t\t<\/a>\n\t\t\t\t\t\t\t<a class=\"e-gallery-item elementor-gallery-item elementor-animated-content\" href=\"https:\/\/www.cm-benavente.pt\/wp-content\/uploads\/2025\/03\/carnaval-samora-correia-desfile-domingo-189.jpg\" data-elementor-open-lightbox=\"yes\" data-elementor-lightbox-slideshow=\"1169347\" data-elementor-lightbox-title=\"carnaval samora correia desfile domingo (189)\" data-e-action-hash=\"#elementor-action%3Aaction%3Dlightbox%26settings%3DeyJpZCI6Njc4MjIsInVybCI6Imh0dHBzOlwvXC93d3cuY20tYmVuYXZlbnRlLnB0XC93cC1jb250ZW50XC91cGxvYWRzXC8yMDI1XC8wM1wvY2FybmF2YWwtc2Ftb3JhLWNvcnJlaWEtZGVzZmlsZS1kb21pbmdvLTE4OS5qcGciLCJzbGlkZXNob3ciOiIxMTY5MzQ3In0%3D\">\n\t\t\t\t\t<div class=\"e-gallery-image elementor-gallery-item__image\" data-thumbnail=\"https:\/\/www.cm-benavente.pt\/wp-content\/uploads\/2025\/03\/carnaval-samora-correia-desfile-domingo-189-1024x527.jpg\" data-width=\"800\" data-height=\"412\" aria-label=\"\" role=\"img\" ><\/div>\n\t\t\t\t\t\t\t\t\t\t\t<div class=\"elementor-gallery-item__overlay\"><\/div>\n\t\t\t\t\t\t\t\t\t\t\t\t\t\t<\/a>\n\t\t\t\t\t\t\t<a class=\"e-gallery-item elementor-gallery-item elementor-animated-content\" href=\"https:\/\/www.cm-benavente.pt\/wp-content\/uploads\/2025\/03\/carnaval-samora-correia-desfile-domingo-190.jpg\" data-elementor-open-lightbox=\"yes\" data-elementor-lightbox-slideshow=\"1169347\" data-elementor-lightbox-title=\"carnaval samora correia desfile domingo (190)\" data-e-action-hash=\"#elementor-action%3Aaction%3Dlightbox%26settings%3DeyJpZCI6Njc4MjMsInVybCI6Imh0dHBzOlwvXC93d3cuY20tYmVuYXZlbnRlLnB0XC93cC1jb250ZW50XC91cGxvYWRzXC8yMDI1XC8wM1wvY2FybmF2YWwtc2Ftb3JhLWNvcnJlaWEtZGVzZmlsZS1kb21pbmdvLTE5MC5qcGciLCJzbGlkZXNob3ciOiIxMTY5MzQ3In0%3D\">\n\t\t\t\t\t<div class=\"e-gallery-image elementor-gallery-item__image\" data-thumbnail=\"https:\/\/www.cm-benavente.pt\/wp-content\/uploads\/2025\/03\/carnaval-samora-correia-desfile-domingo-190-1024x574.jpg\" data-width=\"800\" data-height=\"448\" aria-label=\"\" role=\"img\" ><\/div>\n\t\t\t\t\t\t\t\t\t\t\t<div class=\"elementor-gallery-item__overlay\"><\/div>\n\t\t\t\t\t\t\t\t\t\t\t\t\t\t<\/a>\n\t\t\t\t\t\t\t<a class=\"e-gallery-item elementor-gallery-item elementor-animated-content\" href=\"https:\/\/www.cm-benavente.pt\/wp-content\/uploads\/2025\/03\/carnaval-samora-correia-desfile-domingo-191.jpg\" data-elementor-open-lightbox=\"yes\" data-elementor-lightbox-slideshow=\"1169347\" data-elementor-lightbox-title=\"carnaval samora correia desfile domingo (191)\" data-e-action-hash=\"#elementor-action%3Aaction%3Dlightbox%26settings%3DeyJpZCI6Njc4MjQsInVybCI6Imh0dHBzOlwvXC93d3cuY20tYmVuYXZlbnRlLnB0XC93cC1jb250ZW50XC91cGxvYWRzXC8yMDI1XC8wM1wvY2FybmF2YWwtc2Ftb3JhLWNvcnJlaWEtZGVzZmlsZS1kb21pbmdvLTE5MS5qcGciLCJzbGlkZXNob3ciOiIxMTY5MzQ3In0%3D\">\n\t\t\t\t\t<div class=\"e-gallery-image elementor-gallery-item__image\" data-thumbnail=\"https:\/\/www.cm-benavente.pt\/wp-content\/uploads\/2025\/03\/carnaval-samora-correia-desfile-domingo-191-1024x574.jpg\" data-width=\"800\" data-height=\"448\" aria-label=\"\" role=\"img\" ><\/div>\n\t\t\t\t\t\t\t\t\t\t\t<div class=\"elementor-gallery-item__overlay\"><\/div>\n\t\t\t\t\t\t\t\t\t\t\t\t\t\t<\/a>\n\t\t\t\t\t\t\t<a class=\"e-gallery-item elementor-gallery-item elementor-animated-content\" href=\"https:\/\/www.cm-benavente.pt\/wp-content\/uploads\/2025\/03\/carnaval-samora-correia-desfile-domingo-192.jpg\" data-elementor-open-lightbox=\"yes\" data-elementor-lightbox-slideshow=\"1169347\" data-elementor-lightbox-title=\"carnaval samora correia desfile domingo (192)\" data-e-action-hash=\"#elementor-action%3Aaction%3Dlightbox%26settings%3DeyJpZCI6Njc4MjUsInVybCI6Imh0dHBzOlwvXC93d3cuY20tYmVuYXZlbnRlLnB0XC93cC1jb250ZW50XC91cGxvYWRzXC8yMDI1XC8wM1wvY2FybmF2YWwtc2Ftb3JhLWNvcnJlaWEtZGVzZmlsZS1kb21pbmdvLTE5Mi5qcGciLCJzbGlkZXNob3ciOiIxMTY5MzQ3In0%3D\">\n\t\t\t\t\t<div class=\"e-gallery-image elementor-gallery-item__image\" data-thumbnail=\"https:\/\/www.cm-benavente.pt\/wp-content\/uploads\/2025\/03\/carnaval-samora-correia-desfile-domingo-192-1024x642.jpg\" data-width=\"800\" data-height=\"502\" aria-label=\"\" role=\"img\" ><\/div>\n\t\t\t\t\t\t\t\t\t\t\t<div class=\"elementor-gallery-item__overlay\"><\/div>\n\t\t\t\t\t\t\t\t\t\t\t\t\t\t<\/a>\n\t\t\t\t\t\t\t<a class=\"e-gallery-item elementor-gallery-item elementor-animated-content\" href=\"https:\/\/www.cm-benavente.pt\/wp-content\/uploads\/2025\/03\/carnaval-samora-correia-desfile-domingo-193.jpg\" data-elementor-open-lightbox=\"yes\" data-elementor-lightbox-slideshow=\"1169347\" data-elementor-lightbox-title=\"carnaval samora correia desfile domingo (193)\" data-e-action-hash=\"#elementor-action%3Aaction%3Dlightbox%26settings%3DeyJpZCI6Njc4MjYsInVybCI6Imh0dHBzOlwvXC93d3cuY20tYmVuYXZlbnRlLnB0XC93cC1jb250ZW50XC91cGxvYWRzXC8yMDI1XC8wM1wvY2FybmF2YWwtc2Ftb3JhLWNvcnJlaWEtZGVzZmlsZS1kb21pbmdvLTE5My5qcGciLCJzbGlkZXNob3ciOiIxMTY5MzQ3In0%3D\">\n\t\t\t\t\t<div class=\"e-gallery-image elementor-gallery-item__image\" data-thumbnail=\"https:\/\/www.cm-benavente.pt\/wp-content\/uploads\/2025\/03\/carnaval-samora-correia-desfile-domingo-193-1024x646.jpg\" data-width=\"800\" data-height=\"505\" aria-label=\"\" role=\"img\" ><\/div>\n\t\t\t\t\t\t\t\t\t\t\t<div class=\"elementor-gallery-item__overlay\"><\/div>\n\t\t\t\t\t\t\t\t\t\t\t\t\t\t<\/a>\n\t\t\t\t\t\t\t<a class=\"e-gallery-item elementor-gallery-item elementor-animated-content\" href=\"https:\/\/www.cm-benavente.pt\/wp-content\/uploads\/2025\/03\/carnaval-samora-correia-desfile-domingo-194.jpg\" data-elementor-open-lightbox=\"yes\" data-elementor-lightbox-slideshow=\"1169347\" data-elementor-lightbox-title=\"carnaval samora correia desfile domingo (194)\" data-e-action-hash=\"#elementor-action%3Aaction%3Dlightbox%26settings%3DeyJpZCI6Njc4MjcsInVybCI6Imh0dHBzOlwvXC93d3cuY20tYmVuYXZlbnRlLnB0XC93cC1jb250ZW50XC91cGxvYWRzXC8yMDI1XC8wM1wvY2FybmF2YWwtc2Ftb3JhLWNvcnJlaWEtZGVzZmlsZS1kb21pbmdvLTE5NC5qcGciLCJzbGlkZXNob3ciOiIxMTY5MzQ3In0%3D\">\n\t\t\t\t\t<div class=\"e-gallery-image elementor-gallery-item__image\" data-thumbnail=\"https:\/\/www.cm-benavente.pt\/wp-content\/uploads\/2025\/03\/carnaval-samora-correia-desfile-domingo-194-1024x584.jpg\" data-width=\"800\" data-height=\"456\" aria-label=\"\" role=\"img\" ><\/div>\n\t\t\t\t\t\t\t\t\t\t\t<div class=\"elementor-gallery-item__overlay\"><\/div>\n\t\t\t\t\t\t\t\t\t\t\t\t\t\t<\/a>\n\t\t\t\t\t\t\t<a class=\"e-gallery-item elementor-gallery-item elementor-animated-content\" href=\"https:\/\/www.cm-benavente.pt\/wp-content\/uploads\/2025\/03\/carnaval-samora-correia-desfile-domingo-195.jpg\" data-elementor-open-lightbox=\"yes\" data-elementor-lightbox-slideshow=\"1169347\" data-elementor-lightbox-title=\"carnaval samora correia desfile domingo (195)\" data-e-action-hash=\"#elementor-action%3Aaction%3Dlightbox%26settings%3DeyJpZCI6Njc4MjgsInVybCI6Imh0dHBzOlwvXC93d3cuY20tYmVuYXZlbnRlLnB0XC93cC1jb250ZW50XC91cGxvYWRzXC8yMDI1XC8wM1wvY2FybmF2YWwtc2Ftb3JhLWNvcnJlaWEtZGVzZmlsZS1kb21pbmdvLTE5NS5qcGciLCJzbGlkZXNob3ciOiIxMTY5MzQ3In0%3D\">\n\t\t\t\t\t<div class=\"e-gallery-image elementor-gallery-item__image\" data-thumbnail=\"https:\/\/www.cm-benavente.pt\/wp-content\/uploads\/2025\/03\/carnaval-samora-correia-desfile-domingo-195-1024x775.jpg\" data-width=\"800\" data-height=\"605\" aria-label=\"\" role=\"img\" ><\/div>\n\t\t\t\t\t\t\t\t\t\t\t<div class=\"elementor-gallery-item__overlay\"><\/div>\n\t\t\t\t\t\t\t\t\t\t\t\t\t\t<\/a>\n\t\t\t\t\t\t\t<a class=\"e-gallery-item elementor-gallery-item elementor-animated-content\" href=\"https:\/\/www.cm-benavente.pt\/wp-content\/uploads\/2025\/03\/carnaval-samora-correia-desfile-domingo-196.jpg\" data-elementor-open-lightbox=\"yes\" data-elementor-lightbox-slideshow=\"1169347\" data-elementor-lightbox-title=\"carnaval samora correia desfile domingo (196)\" data-e-action-hash=\"#elementor-action%3Aaction%3Dlightbox%26settings%3DeyJpZCI6Njc4MjksInVybCI6Imh0dHBzOlwvXC93d3cuY20tYmVuYXZlbnRlLnB0XC93cC1jb250ZW50XC91cGxvYWRzXC8yMDI1XC8wM1wvY2FybmF2YWwtc2Ftb3JhLWNvcnJlaWEtZGVzZmlsZS1kb21pbmdvLTE5Ni5qcGciLCJzbGlkZXNob3ciOiIxMTY5MzQ3In0%3D\">\n\t\t\t\t\t<div class=\"e-gallery-image elementor-gallery-item__image\" data-thumbnail=\"https:\/\/www.cm-benavente.pt\/wp-content\/uploads\/2025\/03\/carnaval-samora-correia-desfile-domingo-196-1024x593.jpg\" data-width=\"800\" data-height=\"463\" aria-label=\"\" role=\"img\" ><\/div>\n\t\t\t\t\t\t\t\t\t\t\t<div class=\"elementor-gallery-item__overlay\"><\/div>\n\t\t\t\t\t\t\t\t\t\t\t\t\t\t<\/a>\n\t\t\t\t\t\t\t<a class=\"e-gallery-item elementor-gallery-item elementor-animated-content\" href=\"https:\/\/www.cm-benavente.pt\/wp-content\/uploads\/2025\/03\/carnaval-samora-correia-desfile-domingo-197.jpg\" data-elementor-open-lightbox=\"yes\" data-elementor-lightbox-slideshow=\"1169347\" data-elementor-lightbox-title=\"carnaval samora correia desfile domingo (197)\" data-e-action-hash=\"#elementor-action%3Aaction%3Dlightbox%26settings%3DeyJpZCI6Njc4MzAsInVybCI6Imh0dHBzOlwvXC93d3cuY20tYmVuYXZlbnRlLnB0XC93cC1jb250ZW50XC91cGxvYWRzXC8yMDI1XC8wM1wvY2FybmF2YWwtc2Ftb3JhLWNvcnJlaWEtZGVzZmlsZS1kb21pbmdvLTE5Ny5qcGciLCJzbGlkZXNob3ciOiIxMTY5MzQ3In0%3D\">\n\t\t\t\t\t<div class=\"e-gallery-image elementor-gallery-item__image\" data-thumbnail=\"https:\/\/www.cm-benavente.pt\/wp-content\/uploads\/2025\/03\/carnaval-samora-correia-desfile-domingo-197-1024x646.jpg\" data-width=\"800\" data-height=\"505\" aria-label=\"\" role=\"img\" ><\/div>\n\t\t\t\t\t\t\t\t\t\t\t<div class=\"elementor-gallery-item__overlay\"><\/div>\n\t\t\t\t\t\t\t\t\t\t\t\t\t\t<\/a>\n\t\t\t\t\t\t\t<a class=\"e-gallery-item elementor-gallery-item elementor-animated-content\" href=\"https:\/\/www.cm-benavente.pt\/wp-content\/uploads\/2025\/03\/carnaval-samora-correia-desfile-domingo-198.jpg\" data-elementor-open-lightbox=\"yes\" data-elementor-lightbox-slideshow=\"1169347\" data-elementor-lightbox-title=\"carnaval samora correia desfile domingo (198)\" data-e-action-hash=\"#elementor-action%3Aaction%3Dlightbox%26settings%3DeyJpZCI6Njc4MzEsInVybCI6Imh0dHBzOlwvXC93d3cuY20tYmVuYXZlbnRlLnB0XC93cC1jb250ZW50XC91cGxvYWRzXC8yMDI1XC8wM1wvY2FybmF2YWwtc2Ftb3JhLWNvcnJlaWEtZGVzZmlsZS1kb21pbmdvLTE5OC5qcGciLCJzbGlkZXNob3ciOiIxMTY5MzQ3In0%3D\">\n\t\t\t\t\t<div class=\"e-gallery-image elementor-gallery-item__image\" data-thumbnail=\"https:\/\/www.cm-benavente.pt\/wp-content\/uploads\/2025\/03\/carnaval-samora-correia-desfile-domingo-198-1024x639.jpg\" data-width=\"800\" data-height=\"499\" aria-label=\"\" role=\"img\" ><\/div>\n\t\t\t\t\t\t\t\t\t\t\t<div class=\"elementor-gallery-item__overlay\"><\/div>\n\t\t\t\t\t\t\t\t\t\t\t\t\t\t<\/a>\n\t\t\t\t\t\t\t<a class=\"e-gallery-item elementor-gallery-item elementor-animated-content\" href=\"https:\/\/www.cm-benavente.pt\/wp-content\/uploads\/2025\/03\/carnaval-samora-correia-desfile-domingo-199.jpg\" data-elementor-open-lightbox=\"yes\" data-elementor-lightbox-slideshow=\"1169347\" data-elementor-lightbox-title=\"carnaval samora correia desfile domingo (199)\" data-e-action-hash=\"#elementor-action%3Aaction%3Dlightbox%26settings%3DeyJpZCI6Njc4MzIsInVybCI6Imh0dHBzOlwvXC93d3cuY20tYmVuYXZlbnRlLnB0XC93cC1jb250ZW50XC91cGxvYWRzXC8yMDI1XC8wM1wvY2FybmF2YWwtc2Ftb3JhLWNvcnJlaWEtZGVzZmlsZS1kb21pbmdvLTE5OS5qcGciLCJzbGlkZXNob3ciOiIxMTY5MzQ3In0%3D\">\n\t\t\t\t\t<div class=\"e-gallery-image elementor-gallery-item__image\" data-thumbnail=\"https:\/\/www.cm-benavente.pt\/wp-content\/uploads\/2025\/03\/carnaval-samora-correia-desfile-domingo-199-1024x674.jpg\" data-width=\"800\" data-height=\"527\" aria-label=\"\" role=\"img\" ><\/div>\n\t\t\t\t\t\t\t\t\t\t\t<div class=\"elementor-gallery-item__overlay\"><\/div>\n\t\t\t\t\t\t\t\t\t\t\t\t\t\t<\/a>\n\t\t\t\t\t\t\t<a class=\"e-gallery-item elementor-gallery-item elementor-animated-content\" href=\"https:\/\/www.cm-benavente.pt\/wp-content\/uploads\/2025\/03\/carnaval-samora-correia-desfile-domingo-200.jpg\" data-elementor-open-lightbox=\"yes\" data-elementor-lightbox-slideshow=\"1169347\" data-elementor-lightbox-title=\"carnaval samora correia desfile domingo (200)\" data-e-action-hash=\"#elementor-action%3Aaction%3Dlightbox%26settings%3DeyJpZCI6Njc4MzMsInVybCI6Imh0dHBzOlwvXC93d3cuY20tYmVuYXZlbnRlLnB0XC93cC1jb250ZW50XC91cGxvYWRzXC8yMDI1XC8wM1wvY2FybmF2YWwtc2Ftb3JhLWNvcnJlaWEtZGVzZmlsZS1kb21pbmdvLTIwMC5qcGciLCJzbGlkZXNob3ciOiIxMTY5MzQ3In0%3D\">\n\t\t\t\t\t<div class=\"e-gallery-image elementor-gallery-item__image\" data-thumbnail=\"https:\/\/www.cm-benavente.pt\/wp-content\/uploads\/2025\/03\/carnaval-samora-correia-desfile-domingo-200-1024x684.jpg\" data-width=\"800\" data-height=\"534\" aria-label=\"\" role=\"img\" ><\/div>\n\t\t\t\t\t\t\t\t\t\t\t<div class=\"elementor-gallery-item__overlay\"><\/div>\n\t\t\t\t\t\t\t\t\t\t\t\t\t\t<\/a>\n\t\t\t\t\t\t\t<a class=\"e-gallery-item elementor-gallery-item elementor-animated-content\" href=\"https:\/\/www.cm-benavente.pt\/wp-content\/uploads\/2025\/03\/carnaval-samora-correia-desfile-domingo-201-scaled.jpg\" data-elementor-open-lightbox=\"yes\" data-elementor-lightbox-slideshow=\"1169347\" data-elementor-lightbox-title=\"carnaval samora correia desfile domingo (201)\" data-e-action-hash=\"#elementor-action%3Aaction%3Dlightbox%26settings%3DeyJpZCI6Njc4MzQsInVybCI6Imh0dHBzOlwvXC93d3cuY20tYmVuYXZlbnRlLnB0XC93cC1jb250ZW50XC91cGxvYWRzXC8yMDI1XC8wM1wvY2FybmF2YWwtc2Ftb3JhLWNvcnJlaWEtZGVzZmlsZS1kb21pbmdvLTIwMS1zY2FsZWQuanBnIiwic2xpZGVzaG93IjoiMTE2OTM0NyJ9\">\n\t\t\t\t\t<div class=\"e-gallery-image elementor-gallery-item__image\" data-thumbnail=\"https:\/\/www.cm-benavente.pt\/wp-content\/uploads\/2025\/03\/carnaval-samora-correia-desfile-domingo-201-1024x592.jpg\" data-width=\"800\" data-height=\"463\" aria-label=\"\" role=\"img\" ><\/div>\n\t\t\t\t\t\t\t\t\t\t\t<div class=\"elementor-gallery-item__overlay\"><\/div>\n\t\t\t\t\t\t\t\t\t\t\t\t\t\t<\/a>\n\t\t\t\t\t\t\t<a class=\"e-gallery-item elementor-gallery-item elementor-animated-content\" href=\"https:\/\/www.cm-benavente.pt\/wp-content\/uploads\/2025\/03\/carnaval-samora-correia-desfile-domingo-202-scaled.jpg\" data-elementor-open-lightbox=\"yes\" data-elementor-lightbox-slideshow=\"1169347\" data-elementor-lightbox-title=\"carnaval samora correia desfile domingo (202)\" data-e-action-hash=\"#elementor-action%3Aaction%3Dlightbox%26settings%3DeyJpZCI6Njc4MzUsInVybCI6Imh0dHBzOlwvXC93d3cuY20tYmVuYXZlbnRlLnB0XC93cC1jb250ZW50XC91cGxvYWRzXC8yMDI1XC8wM1wvY2FybmF2YWwtc2Ftb3JhLWNvcnJlaWEtZGVzZmlsZS1kb21pbmdvLTIwMi1zY2FsZWQuanBnIiwic2xpZGVzaG93IjoiMTE2OTM0NyJ9\">\n\t\t\t\t\t<div class=\"e-gallery-image elementor-gallery-item__image\" data-thumbnail=\"https:\/\/www.cm-benavente.pt\/wp-content\/uploads\/2025\/03\/carnaval-samora-correia-desfile-domingo-202-1024x683.jpg\" data-width=\"800\" data-height=\"534\" aria-label=\"\" role=\"img\" ><\/div>\n\t\t\t\t\t\t\t\t\t\t\t<div class=\"elementor-gallery-item__overlay\"><\/div>\n\t\t\t\t\t\t\t\t\t\t\t\t\t\t<\/a>\n\t\t\t\t\t\t\t<a class=\"e-gallery-item elementor-gallery-item elementor-animated-content\" href=\"https:\/\/www.cm-benavente.pt\/wp-content\/uploads\/2025\/03\/carnaval-samora-correia-desfile-domingo-203.jpg\" data-elementor-open-lightbox=\"yes\" data-elementor-lightbox-slideshow=\"1169347\" data-elementor-lightbox-title=\"carnaval samora correia desfile domingo (203)\" data-e-action-hash=\"#elementor-action%3Aaction%3Dlightbox%26settings%3DeyJpZCI6Njc4MzYsInVybCI6Imh0dHBzOlwvXC93d3cuY20tYmVuYXZlbnRlLnB0XC93cC1jb250ZW50XC91cGxvYWRzXC8yMDI1XC8wM1wvY2FybmF2YWwtc2Ftb3JhLWNvcnJlaWEtZGVzZmlsZS1kb21pbmdvLTIwMy5qcGciLCJzbGlkZXNob3ciOiIxMTY5MzQ3In0%3D\">\n\t\t\t\t\t<div class=\"e-gallery-image elementor-gallery-item__image\" data-thumbnail=\"https:\/\/www.cm-benavente.pt\/wp-content\/uploads\/2025\/03\/carnaval-samora-correia-desfile-domingo-203-1024x603.jpg\" data-width=\"800\" data-height=\"471\" aria-label=\"\" role=\"img\" ><\/div>\n\t\t\t\t\t\t\t\t\t\t\t<div class=\"elementor-gallery-item__overlay\"><\/div>\n\t\t\t\t\t\t\t\t\t\t\t\t\t\t<\/a>\n\t\t\t\t\t\t\t<a class=\"e-gallery-item elementor-gallery-item elementor-animated-content\" href=\"https:\/\/www.cm-benavente.pt\/wp-content\/uploads\/2025\/03\/carnaval-samora-correia-desfile-domingo-204.jpg\" data-elementor-open-lightbox=\"yes\" data-elementor-lightbox-slideshow=\"1169347\" data-elementor-lightbox-title=\"carnaval samora correia desfile domingo (204)\" data-e-action-hash=\"#elementor-action%3Aaction%3Dlightbox%26settings%3DeyJpZCI6Njc4MzcsInVybCI6Imh0dHBzOlwvXC93d3cuY20tYmVuYXZlbnRlLnB0XC93cC1jb250ZW50XC91cGxvYWRzXC8yMDI1XC8wM1wvY2FybmF2YWwtc2Ftb3JhLWNvcnJlaWEtZGVzZmlsZS1kb21pbmdvLTIwNC5qcGciLCJzbGlkZXNob3ciOiIxMTY5MzQ3In0%3D\">\n\t\t\t\t\t<div class=\"e-gallery-image elementor-gallery-item__image\" data-thumbnail=\"https:\/\/www.cm-benavente.pt\/wp-content\/uploads\/2025\/03\/carnaval-samora-correia-desfile-domingo-204-1024x557.jpg\" data-width=\"800\" data-height=\"435\" aria-label=\"\" role=\"img\" ><\/div>\n\t\t\t\t\t\t\t\t\t\t\t<div class=\"elementor-gallery-item__overlay\"><\/div>\n\t\t\t\t\t\t\t\t\t\t\t\t\t\t<\/a>\n\t\t\t\t\t\t\t<a class=\"e-gallery-item elementor-gallery-item elementor-animated-content\" href=\"https:\/\/www.cm-benavente.pt\/wp-content\/uploads\/2025\/03\/carnaval-samora-correia-desfile-domingo-205.jpg\" data-elementor-open-lightbox=\"yes\" data-elementor-lightbox-slideshow=\"1169347\" data-elementor-lightbox-title=\"carnaval samora correia desfile domingo (205)\" data-e-action-hash=\"#elementor-action%3Aaction%3Dlightbox%26settings%3DeyJpZCI6Njc4MzgsInVybCI6Imh0dHBzOlwvXC93d3cuY20tYmVuYXZlbnRlLnB0XC93cC1jb250ZW50XC91cGxvYWRzXC8yMDI1XC8wM1wvY2FybmF2YWwtc2Ftb3JhLWNvcnJlaWEtZGVzZmlsZS1kb21pbmdvLTIwNS5qcGciLCJzbGlkZXNob3ciOiIxMTY5MzQ3In0%3D\">\n\t\t\t\t\t<div class=\"e-gallery-image elementor-gallery-item__image\" data-thumbnail=\"https:\/\/www.cm-benavente.pt\/wp-content\/uploads\/2025\/03\/carnaval-samora-correia-desfile-domingo-205-1024x535.jpg\" data-width=\"800\" data-height=\"418\" aria-label=\"\" role=\"img\" ><\/div>\n\t\t\t\t\t\t\t\t\t\t\t<div class=\"elementor-gallery-item__overlay\"><\/div>\n\t\t\t\t\t\t\t\t\t\t\t\t\t\t<\/a>\n\t\t\t\t\t\t\t<a class=\"e-gallery-item elementor-gallery-item elementor-animated-content\" href=\"https:\/\/www.cm-benavente.pt\/wp-content\/uploads\/2025\/03\/carnaval-samora-correia-desfile-domingo-206.jpg\" data-elementor-open-lightbox=\"yes\" data-elementor-lightbox-slideshow=\"1169347\" data-elementor-lightbox-title=\"carnaval samora correia desfile domingo (206)\" data-e-action-hash=\"#elementor-action%3Aaction%3Dlightbox%26settings%3DeyJpZCI6Njc4MzksInVybCI6Imh0dHBzOlwvXC93d3cuY20tYmVuYXZlbnRlLnB0XC93cC1jb250ZW50XC91cGxvYWRzXC8yMDI1XC8wM1wvY2FybmF2YWwtc2Ftb3JhLWNvcnJlaWEtZGVzZmlsZS1kb21pbmdvLTIwNi5qcGciLCJzbGlkZXNob3ciOiIxMTY5MzQ3In0%3D\">\n\t\t\t\t\t<div class=\"e-gallery-image elementor-gallery-item__image\" data-thumbnail=\"https:\/\/www.cm-benavente.pt\/wp-content\/uploads\/2025\/03\/carnaval-samora-correia-desfile-domingo-206-1024x543.jpg\" data-width=\"800\" data-height=\"424\" aria-label=\"\" role=\"img\" ><\/div>\n\t\t\t\t\t\t\t\t\t\t\t<div class=\"elementor-gallery-item__overlay\"><\/div>\n\t\t\t\t\t\t\t\t\t\t\t\t\t\t<\/a>\n\t\t\t\t\t\t\t<a class=\"e-gallery-item elementor-gallery-item elementor-animated-content\" href=\"https:\/\/www.cm-benavente.pt\/wp-content\/uploads\/2025\/03\/carnaval-samora-correia-desfile-domingo-207.jpg\" data-elementor-open-lightbox=\"yes\" data-elementor-lightbox-slideshow=\"1169347\" data-elementor-lightbox-title=\"carnaval samora correia desfile domingo (207)\" data-e-action-hash=\"#elementor-action%3Aaction%3Dlightbox%26settings%3DeyJpZCI6Njc4NDAsInVybCI6Imh0dHBzOlwvXC93d3cuY20tYmVuYXZlbnRlLnB0XC93cC1jb250ZW50XC91cGxvYWRzXC8yMDI1XC8wM1wvY2FybmF2YWwtc2Ftb3JhLWNvcnJlaWEtZGVzZmlsZS1kb21pbmdvLTIwNy5qcGciLCJzbGlkZXNob3ciOiIxMTY5MzQ3In0%3D\">\n\t\t\t\t\t<div class=\"e-gallery-image elementor-gallery-item__image\" data-thumbnail=\"https:\/\/www.cm-benavente.pt\/wp-content\/uploads\/2025\/03\/carnaval-samora-correia-desfile-domingo-207-1024x563.jpg\" data-width=\"800\" data-height=\"440\" aria-label=\"\" role=\"img\" ><\/div>\n\t\t\t\t\t\t\t\t\t\t\t<div class=\"elementor-gallery-item__overlay\"><\/div>\n\t\t\t\t\t\t\t\t\t\t\t\t\t\t<\/a>\n\t\t\t\t\t\t\t<a class=\"e-gallery-item elementor-gallery-item elementor-animated-content\" href=\"https:\/\/www.cm-benavente.pt\/wp-content\/uploads\/2025\/03\/carnaval-samora-correia-desfile-domingo-208.jpg\" data-elementor-open-lightbox=\"yes\" data-elementor-lightbox-slideshow=\"1169347\" data-elementor-lightbox-title=\"carnaval samora correia desfile domingo (208)\" data-e-action-hash=\"#elementor-action%3Aaction%3Dlightbox%26settings%3DeyJpZCI6Njc4NDEsInVybCI6Imh0dHBzOlwvXC93d3cuY20tYmVuYXZlbnRlLnB0XC93cC1jb250ZW50XC91cGxvYWRzXC8yMDI1XC8wM1wvY2FybmF2YWwtc2Ftb3JhLWNvcnJlaWEtZGVzZmlsZS1kb21pbmdvLTIwOC5qcGciLCJzbGlkZXNob3ciOiIxMTY5MzQ3In0%3D\">\n\t\t\t\t\t<div class=\"e-gallery-image elementor-gallery-item__image\" data-thumbnail=\"https:\/\/www.cm-benavente.pt\/wp-content\/uploads\/2025\/03\/carnaval-samora-correia-desfile-domingo-208-1024x644.jpg\" data-width=\"800\" data-height=\"503\" aria-label=\"\" role=\"img\" ><\/div>\n\t\t\t\t\t\t\t\t\t\t\t<div class=\"elementor-gallery-item__overlay\"><\/div>\n\t\t\t\t\t\t\t\t\t\t\t\t\t\t<\/a>\n\t\t\t\t\t\t\t<a class=\"e-gallery-item elementor-gallery-item elementor-animated-content\" href=\"https:\/\/www.cm-benavente.pt\/wp-content\/uploads\/2025\/03\/carnaval-samora-correia-desfile-domingo-209.jpg\" data-elementor-open-lightbox=\"yes\" data-elementor-lightbox-slideshow=\"1169347\" data-elementor-lightbox-title=\"carnaval samora correia desfile domingo (209)\" data-e-action-hash=\"#elementor-action%3Aaction%3Dlightbox%26settings%3DeyJpZCI6Njc4NDIsInVybCI6Imh0dHBzOlwvXC93d3cuY20tYmVuYXZlbnRlLnB0XC93cC1jb250ZW50XC91cGxvYWRzXC8yMDI1XC8wM1wvY2FybmF2YWwtc2Ftb3JhLWNvcnJlaWEtZGVzZmlsZS1kb21pbmdvLTIwOS5qcGciLCJzbGlkZXNob3ciOiIxMTY5MzQ3In0%3D\">\n\t\t\t\t\t<div class=\"e-gallery-image elementor-gallery-item__image\" data-thumbnail=\"https:\/\/www.cm-benavente.pt\/wp-content\/uploads\/2025\/03\/carnaval-samora-correia-desfile-domingo-209-1024x607.jpg\" data-width=\"800\" data-height=\"474\" aria-label=\"\" role=\"img\" ><\/div>\n\t\t\t\t\t\t\t\t\t\t\t<div class=\"elementor-gallery-item__overlay\"><\/div>\n\t\t\t\t\t\t\t\t\t\t\t\t\t\t<\/a>\n\t\t\t\t\t\t\t<a class=\"e-gallery-item elementor-gallery-item elementor-animated-content\" href=\"https:\/\/www.cm-benavente.pt\/wp-content\/uploads\/2025\/03\/carnaval-samora-correia-desfile-domingo-210.jpg\" data-elementor-open-lightbox=\"yes\" data-elementor-lightbox-slideshow=\"1169347\" data-elementor-lightbox-title=\"carnaval samora correia desfile domingo (210)\" data-e-action-hash=\"#elementor-action%3Aaction%3Dlightbox%26settings%3DeyJpZCI6Njc4NDMsInVybCI6Imh0dHBzOlwvXC93d3cuY20tYmVuYXZlbnRlLnB0XC93cC1jb250ZW50XC91cGxvYWRzXC8yMDI1XC8wM1wvY2FybmF2YWwtc2Ftb3JhLWNvcnJlaWEtZGVzZmlsZS1kb21pbmdvLTIxMC5qcGciLCJzbGlkZXNob3ciOiIxMTY5MzQ3In0%3D\">\n\t\t\t\t\t<div class=\"e-gallery-image elementor-gallery-item__image\" data-thumbnail=\"https:\/\/www.cm-benavente.pt\/wp-content\/uploads\/2025\/03\/carnaval-samora-correia-desfile-domingo-210-1024x646.jpg\" data-width=\"800\" data-height=\"505\" aria-label=\"\" role=\"img\" ><\/div>\n\t\t\t\t\t\t\t\t\t\t\t<div class=\"elementor-gallery-item__overlay\"><\/div>\n\t\t\t\t\t\t\t\t\t\t\t\t\t\t<\/a>\n\t\t\t\t\t\t\t<a class=\"e-gallery-item elementor-gallery-item elementor-animated-content\" href=\"https:\/\/www.cm-benavente.pt\/wp-content\/uploads\/2025\/03\/carnaval-samora-correia-desfile-domingo-211.jpg\" data-elementor-open-lightbox=\"yes\" data-elementor-lightbox-slideshow=\"1169347\" data-elementor-lightbox-title=\"carnaval samora correia desfile domingo (211)\" data-e-action-hash=\"#elementor-action%3Aaction%3Dlightbox%26settings%3DeyJpZCI6Njc4NDQsInVybCI6Imh0dHBzOlwvXC93d3cuY20tYmVuYXZlbnRlLnB0XC93cC1jb250ZW50XC91cGxvYWRzXC8yMDI1XC8wM1wvY2FybmF2YWwtc2Ftb3JhLWNvcnJlaWEtZGVzZmlsZS1kb21pbmdvLTIxMS5qcGciLCJzbGlkZXNob3ciOiIxMTY5MzQ3In0%3D\">\n\t\t\t\t\t<div class=\"e-gallery-image elementor-gallery-item__image\" data-thumbnail=\"https:\/\/www.cm-benavente.pt\/wp-content\/uploads\/2025\/03\/carnaval-samora-correia-desfile-domingo-211-1024x580.jpg\" data-width=\"800\" data-height=\"453\" aria-label=\"\" role=\"img\" ><\/div>\n\t\t\t\t\t\t\t\t\t\t\t<div class=\"elementor-gallery-item__overlay\"><\/div>\n\t\t\t\t\t\t\t\t\t\t\t\t\t\t<\/a>\n\t\t\t\t\t\t\t<a class=\"e-gallery-item elementor-gallery-item elementor-animated-content\" href=\"https:\/\/www.cm-benavente.pt\/wp-content\/uploads\/2025\/03\/carnaval-samora-correia-desfile-domingo-212.jpg\" data-elementor-open-lightbox=\"yes\" data-elementor-lightbox-slideshow=\"1169347\" data-elementor-lightbox-title=\"carnaval samora correia desfile domingo (212)\" data-e-action-hash=\"#elementor-action%3Aaction%3Dlightbox%26settings%3DeyJpZCI6Njc4NDUsInVybCI6Imh0dHBzOlwvXC93d3cuY20tYmVuYXZlbnRlLnB0XC93cC1jb250ZW50XC91cGxvYWRzXC8yMDI1XC8wM1wvY2FybmF2YWwtc2Ftb3JhLWNvcnJlaWEtZGVzZmlsZS1kb21pbmdvLTIxMi5qcGciLCJzbGlkZXNob3ciOiIxMTY5MzQ3In0%3D\">\n\t\t\t\t\t<div class=\"e-gallery-image elementor-gallery-item__image\" data-thumbnail=\"https:\/\/www.cm-benavente.pt\/wp-content\/uploads\/2025\/03\/carnaval-samora-correia-desfile-domingo-212-1024x641.jpg\" data-width=\"800\" data-height=\"501\" aria-label=\"\" role=\"img\" ><\/div>\n\t\t\t\t\t\t\t\t\t\t\t<div class=\"elementor-gallery-item__overlay\"><\/div>\n\t\t\t\t\t\t\t\t\t\t\t\t\t\t<\/a>\n\t\t\t\t\t\t\t<a class=\"e-gallery-item elementor-gallery-item elementor-animated-content\" href=\"https:\/\/www.cm-benavente.pt\/wp-content\/uploads\/2025\/03\/carnaval-samora-correia-desfile-domingo-213.jpg\" data-elementor-open-lightbox=\"yes\" data-elementor-lightbox-slideshow=\"1169347\" data-elementor-lightbox-title=\"carnaval samora correia desfile domingo (213)\" data-e-action-hash=\"#elementor-action%3Aaction%3Dlightbox%26settings%3DeyJpZCI6Njc4NDYsInVybCI6Imh0dHBzOlwvXC93d3cuY20tYmVuYXZlbnRlLnB0XC93cC1jb250ZW50XC91cGxvYWRzXC8yMDI1XC8wM1wvY2FybmF2YWwtc2Ftb3JhLWNvcnJlaWEtZGVzZmlsZS1kb21pbmdvLTIxMy5qcGciLCJzbGlkZXNob3ciOiIxMTY5MzQ3In0%3D\">\n\t\t\t\t\t<div class=\"e-gallery-image elementor-gallery-item__image\" data-thumbnail=\"https:\/\/www.cm-benavente.pt\/wp-content\/uploads\/2025\/03\/carnaval-samora-correia-desfile-domingo-213-1024x724.jpg\" data-width=\"800\" data-height=\"566\" aria-label=\"\" role=\"img\" ><\/div>\n\t\t\t\t\t\t\t\t\t\t\t<div class=\"elementor-gallery-item__overlay\"><\/div>\n\t\t\t\t\t\t\t\t\t\t\t\t\t\t<\/a>\n\t\t\t\t\t\t\t<a class=\"e-gallery-item elementor-gallery-item elementor-animated-content\" href=\"https:\/\/www.cm-benavente.pt\/wp-content\/uploads\/2025\/03\/carnaval-samora-correia-desfile-domingo-214.jpg\" data-elementor-open-lightbox=\"yes\" data-elementor-lightbox-slideshow=\"1169347\" data-elementor-lightbox-title=\"carnaval samora correia desfile domingo (214)\" data-e-action-hash=\"#elementor-action%3Aaction%3Dlightbox%26settings%3DeyJpZCI6Njc4NDcsInVybCI6Imh0dHBzOlwvXC93d3cuY20tYmVuYXZlbnRlLnB0XC93cC1jb250ZW50XC91cGxvYWRzXC8yMDI1XC8wM1wvY2FybmF2YWwtc2Ftb3JhLWNvcnJlaWEtZGVzZmlsZS1kb21pbmdvLTIxNC5qcGciLCJzbGlkZXNob3ciOiIxMTY5MzQ3In0%3D\">\n\t\t\t\t\t<div class=\"e-gallery-image elementor-gallery-item__image\" data-thumbnail=\"https:\/\/www.cm-benavente.pt\/wp-content\/uploads\/2025\/03\/carnaval-samora-correia-desfile-domingo-214-1024x561.jpg\" data-width=\"800\" data-height=\"438\" aria-label=\"\" role=\"img\" ><\/div>\n\t\t\t\t\t\t\t\t\t\t\t<div class=\"elementor-gallery-item__overlay\"><\/div>\n\t\t\t\t\t\t\t\t\t\t\t\t\t\t<\/a>\n\t\t\t\t\t\t\t<a class=\"e-gallery-item elementor-gallery-item elementor-animated-content\" href=\"https:\/\/www.cm-benavente.pt\/wp-content\/uploads\/2025\/03\/carnaval-samora-correia-desfile-domingo-215.jpg\" data-elementor-open-lightbox=\"yes\" data-elementor-lightbox-slideshow=\"1169347\" data-elementor-lightbox-title=\"carnaval samora correia desfile domingo (215)\" data-e-action-hash=\"#elementor-action%3Aaction%3Dlightbox%26settings%3DeyJpZCI6Njc4NDgsInVybCI6Imh0dHBzOlwvXC93d3cuY20tYmVuYXZlbnRlLnB0XC93cC1jb250ZW50XC91cGxvYWRzXC8yMDI1XC8wM1wvY2FybmF2YWwtc2Ftb3JhLWNvcnJlaWEtZGVzZmlsZS1kb21pbmdvLTIxNS5qcGciLCJzbGlkZXNob3ciOiIxMTY5MzQ3In0%3D\">\n\t\t\t\t\t<div class=\"e-gallery-image elementor-gallery-item__image\" data-thumbnail=\"https:\/\/www.cm-benavente.pt\/wp-content\/uploads\/2025\/03\/carnaval-samora-correia-desfile-domingo-215-1024x611.jpg\" data-width=\"800\" data-height=\"477\" aria-label=\"\" role=\"img\" ><\/div>\n\t\t\t\t\t\t\t\t\t\t\t<div class=\"elementor-gallery-item__overlay\"><\/div>\n\t\t\t\t\t\t\t\t\t\t\t\t\t\t<\/a>\n\t\t\t\t\t\t\t<a class=\"e-gallery-item elementor-gallery-item elementor-animated-content\" href=\"https:\/\/www.cm-benavente.pt\/wp-content\/uploads\/2025\/03\/carnaval-samora-correia-desfile-domingo-216.jpg\" data-elementor-open-lightbox=\"yes\" data-elementor-lightbox-slideshow=\"1169347\" data-elementor-lightbox-title=\"carnaval samora correia desfile domingo (216)\" data-e-action-hash=\"#elementor-action%3Aaction%3Dlightbox%26settings%3DeyJpZCI6Njc4NDksInVybCI6Imh0dHBzOlwvXC93d3cuY20tYmVuYXZlbnRlLnB0XC93cC1jb250ZW50XC91cGxvYWRzXC8yMDI1XC8wM1wvY2FybmF2YWwtc2Ftb3JhLWNvcnJlaWEtZGVzZmlsZS1kb21pbmdvLTIxNi5qcGciLCJzbGlkZXNob3ciOiIxMTY5MzQ3In0%3D\">\n\t\t\t\t\t<div class=\"e-gallery-image elementor-gallery-item__image\" data-thumbnail=\"https:\/\/www.cm-benavente.pt\/wp-content\/uploads\/2025\/03\/carnaval-samora-correia-desfile-domingo-216-1024x674.jpg\" data-width=\"800\" data-height=\"527\" aria-label=\"\" role=\"img\" ><\/div>\n\t\t\t\t\t\t\t\t\t\t\t<div class=\"elementor-gallery-item__overlay\"><\/div>\n\t\t\t\t\t\t\t\t\t\t\t\t\t\t<\/a>\n\t\t\t\t\t\t\t<a class=\"e-gallery-item elementor-gallery-item elementor-animated-content\" href=\"https:\/\/www.cm-benavente.pt\/wp-content\/uploads\/2025\/03\/carnaval-samora-correia-desfile-domingo-217.jpg\" data-elementor-open-lightbox=\"yes\" data-elementor-lightbox-slideshow=\"1169347\" data-elementor-lightbox-title=\"carnaval samora correia desfile domingo (217)\" data-e-action-hash=\"#elementor-action%3Aaction%3Dlightbox%26settings%3DeyJpZCI6Njc4NTAsInVybCI6Imh0dHBzOlwvXC93d3cuY20tYmVuYXZlbnRlLnB0XC93cC1jb250ZW50XC91cGxvYWRzXC8yMDI1XC8wM1wvY2FybmF2YWwtc2Ftb3JhLWNvcnJlaWEtZGVzZmlsZS1kb21pbmdvLTIxNy5qcGciLCJzbGlkZXNob3ciOiIxMTY5MzQ3In0%3D\">\n\t\t\t\t\t<div class=\"e-gallery-image elementor-gallery-item__image\" data-thumbnail=\"https:\/\/www.cm-benavente.pt\/wp-content\/uploads\/2025\/03\/carnaval-samora-correia-desfile-domingo-217-1024x584.jpg\" data-width=\"800\" data-height=\"456\" aria-label=\"\" role=\"img\" ><\/div>\n\t\t\t\t\t\t\t\t\t\t\t<div class=\"elementor-gallery-item__overlay\"><\/div>\n\t\t\t\t\t\t\t\t\t\t\t\t\t\t<\/a>\n\t\t\t\t\t\t\t<a class=\"e-gallery-item elementor-gallery-item elementor-animated-content\" href=\"https:\/\/www.cm-benavente.pt\/wp-content\/uploads\/2025\/03\/carnaval-samora-correia-desfile-domingo-218.jpg\" data-elementor-open-lightbox=\"yes\" data-elementor-lightbox-slideshow=\"1169347\" data-elementor-lightbox-title=\"carnaval samora correia desfile domingo (218)\" data-e-action-hash=\"#elementor-action%3Aaction%3Dlightbox%26settings%3DeyJpZCI6Njc4NTEsInVybCI6Imh0dHBzOlwvXC93d3cuY20tYmVuYXZlbnRlLnB0XC93cC1jb250ZW50XC91cGxvYWRzXC8yMDI1XC8wM1wvY2FybmF2YWwtc2Ftb3JhLWNvcnJlaWEtZGVzZmlsZS1kb21pbmdvLTIxOC5qcGciLCJzbGlkZXNob3ciOiIxMTY5MzQ3In0%3D\">\n\t\t\t\t\t<div class=\"e-gallery-image elementor-gallery-item__image\" data-thumbnail=\"https:\/\/www.cm-benavente.pt\/wp-content\/uploads\/2025\/03\/carnaval-samora-correia-desfile-domingo-218-1024x615.jpg\" data-width=\"800\" data-height=\"480\" aria-label=\"\" role=\"img\" ><\/div>\n\t\t\t\t\t\t\t\t\t\t\t<div class=\"elementor-gallery-item__overlay\"><\/div>\n\t\t\t\t\t\t\t\t\t\t\t\t\t\t<\/a>\n\t\t\t\t\t\t\t<a class=\"e-gallery-item elementor-gallery-item elementor-animated-content\" href=\"https:\/\/www.cm-benavente.pt\/wp-content\/uploads\/2025\/03\/carnaval-samora-correia-desfile-domingo-219.jpg\" data-elementor-open-lightbox=\"yes\" data-elementor-lightbox-slideshow=\"1169347\" data-elementor-lightbox-title=\"carnaval samora correia desfile domingo (219)\" data-e-action-hash=\"#elementor-action%3Aaction%3Dlightbox%26settings%3DeyJpZCI6Njc4NTIsInVybCI6Imh0dHBzOlwvXC93d3cuY20tYmVuYXZlbnRlLnB0XC93cC1jb250ZW50XC91cGxvYWRzXC8yMDI1XC8wM1wvY2FybmF2YWwtc2Ftb3JhLWNvcnJlaWEtZGVzZmlsZS1kb21pbmdvLTIxOS5qcGciLCJzbGlkZXNob3ciOiIxMTY5MzQ3In0%3D\">\n\t\t\t\t\t<div class=\"e-gallery-image elementor-gallery-item__image\" data-thumbnail=\"https:\/\/www.cm-benavente.pt\/wp-content\/uploads\/2025\/03\/carnaval-samora-correia-desfile-domingo-219-1024x683.jpg\" data-width=\"800\" data-height=\"534\" aria-label=\"\" role=\"img\" ><\/div>\n\t\t\t\t\t\t\t\t\t\t\t<div class=\"elementor-gallery-item__overlay\"><\/div>\n\t\t\t\t\t\t\t\t\t\t\t\t\t\t<\/a>\n\t\t\t\t\t\t\t<a class=\"e-gallery-item elementor-gallery-item elementor-animated-content\" href=\"https:\/\/www.cm-benavente.pt\/wp-content\/uploads\/2025\/03\/carnaval-samora-correia-desfile-domingo-220.jpg\" data-elementor-open-lightbox=\"yes\" data-elementor-lightbox-slideshow=\"1169347\" data-elementor-lightbox-title=\"carnaval samora correia desfile domingo (220)\" data-e-action-hash=\"#elementor-action%3Aaction%3Dlightbox%26settings%3DeyJpZCI6Njc4NTMsInVybCI6Imh0dHBzOlwvXC93d3cuY20tYmVuYXZlbnRlLnB0XC93cC1jb250ZW50XC91cGxvYWRzXC8yMDI1XC8wM1wvY2FybmF2YWwtc2Ftb3JhLWNvcnJlaWEtZGVzZmlsZS1kb21pbmdvLTIyMC5qcGciLCJzbGlkZXNob3ciOiIxMTY5MzQ3In0%3D\">\n\t\t\t\t\t<div class=\"e-gallery-image elementor-gallery-item__image\" data-thumbnail=\"https:\/\/www.cm-benavente.pt\/wp-content\/uploads\/2025\/03\/carnaval-samora-correia-desfile-domingo-220-1024x580.jpg\" data-width=\"800\" data-height=\"453\" aria-label=\"\" role=\"img\" ><\/div>\n\t\t\t\t\t\t\t\t\t\t\t<div class=\"elementor-gallery-item__overlay\"><\/div>\n\t\t\t\t\t\t\t\t\t\t\t\t\t\t<\/a>\n\t\t\t\t\t\t\t<a class=\"e-gallery-item elementor-gallery-item elementor-animated-content\" href=\"https:\/\/www.cm-benavente.pt\/wp-content\/uploads\/2025\/03\/carnaval-samora-correia-desfile-domingo-221.jpg\" data-elementor-open-lightbox=\"yes\" data-elementor-lightbox-slideshow=\"1169347\" data-elementor-lightbox-title=\"carnaval samora correia desfile domingo (221)\" data-e-action-hash=\"#elementor-action%3Aaction%3Dlightbox%26settings%3DeyJpZCI6Njc4NTQsInVybCI6Imh0dHBzOlwvXC93d3cuY20tYmVuYXZlbnRlLnB0XC93cC1jb250ZW50XC91cGxvYWRzXC8yMDI1XC8wM1wvY2FybmF2YWwtc2Ftb3JhLWNvcnJlaWEtZGVzZmlsZS1kb21pbmdvLTIyMS5qcGciLCJzbGlkZXNob3ciOiIxMTY5MzQ3In0%3D\">\n\t\t\t\t\t<div class=\"e-gallery-image elementor-gallery-item__image\" data-thumbnail=\"https:\/\/www.cm-benavente.pt\/wp-content\/uploads\/2025\/03\/carnaval-samora-correia-desfile-domingo-221-1024x624.jpg\" data-width=\"800\" data-height=\"488\" aria-label=\"\" role=\"img\" ><\/div>\n\t\t\t\t\t\t\t\t\t\t\t<div class=\"elementor-gallery-item__overlay\"><\/div>\n\t\t\t\t\t\t\t\t\t\t\t\t\t\t<\/a>\n\t\t\t\t\t\t\t<a class=\"e-gallery-item elementor-gallery-item elementor-animated-content\" href=\"https:\/\/www.cm-benavente.pt\/wp-content\/uploads\/2025\/03\/carnaval-samora-correia-desfile-domingo-222.jpg\" data-elementor-open-lightbox=\"yes\" data-elementor-lightbox-slideshow=\"1169347\" data-elementor-lightbox-title=\"carnaval samora correia desfile domingo (222)\" data-e-action-hash=\"#elementor-action%3Aaction%3Dlightbox%26settings%3DeyJpZCI6Njc4NTUsInVybCI6Imh0dHBzOlwvXC93d3cuY20tYmVuYXZlbnRlLnB0XC93cC1jb250ZW50XC91cGxvYWRzXC8yMDI1XC8wM1wvY2FybmF2YWwtc2Ftb3JhLWNvcnJlaWEtZGVzZmlsZS1kb21pbmdvLTIyMi5qcGciLCJzbGlkZXNob3ciOiIxMTY5MzQ3In0%3D\">\n\t\t\t\t\t<div class=\"e-gallery-image elementor-gallery-item__image\" data-thumbnail=\"https:\/\/www.cm-benavente.pt\/wp-content\/uploads\/2025\/03\/carnaval-samora-correia-desfile-domingo-222-1024x520.jpg\" data-width=\"800\" data-height=\"406\" aria-label=\"\" role=\"img\" ><\/div>\n\t\t\t\t\t\t\t\t\t\t\t<div class=\"elementor-gallery-item__overlay\"><\/div>\n\t\t\t\t\t\t\t\t\t\t\t\t\t\t<\/a>\n\t\t\t\t\t\t\t<a class=\"e-gallery-item elementor-gallery-item elementor-animated-content\" href=\"https:\/\/www.cm-benavente.pt\/wp-content\/uploads\/2025\/03\/carnaval-samora-correia-desfile-domingo-223.jpg\" data-elementor-open-lightbox=\"yes\" data-elementor-lightbox-slideshow=\"1169347\" data-elementor-lightbox-title=\"carnaval samora correia desfile domingo (223)\" data-e-action-hash=\"#elementor-action%3Aaction%3Dlightbox%26settings%3DeyJpZCI6Njc4NTYsInVybCI6Imh0dHBzOlwvXC93d3cuY20tYmVuYXZlbnRlLnB0XC93cC1jb250ZW50XC91cGxvYWRzXC8yMDI1XC8wM1wvY2FybmF2YWwtc2Ftb3JhLWNvcnJlaWEtZGVzZmlsZS1kb21pbmdvLTIyMy5qcGciLCJzbGlkZXNob3ciOiIxMTY5MzQ3In0%3D\">\n\t\t\t\t\t<div class=\"e-gallery-image elementor-gallery-item__image\" data-thumbnail=\"https:\/\/www.cm-benavente.pt\/wp-content\/uploads\/2025\/03\/carnaval-samora-correia-desfile-domingo-223-1024x525.jpg\" data-width=\"800\" data-height=\"410\" aria-label=\"\" role=\"img\" ><\/div>\n\t\t\t\t\t\t\t\t\t\t\t<div class=\"elementor-gallery-item__overlay\"><\/div>\n\t\t\t\t\t\t\t\t\t\t\t\t\t\t<\/a>\n\t\t\t\t\t\t\t<a class=\"e-gallery-item elementor-gallery-item elementor-animated-content\" href=\"https:\/\/www.cm-benavente.pt\/wp-content\/uploads\/2025\/03\/carnaval-samora-correia-desfile-domingo-224.jpg\" data-elementor-open-lightbox=\"yes\" data-elementor-lightbox-slideshow=\"1169347\" data-elementor-lightbox-title=\"carnaval samora correia desfile domingo (224)\" data-e-action-hash=\"#elementor-action%3Aaction%3Dlightbox%26settings%3DeyJpZCI6Njc4NTcsInVybCI6Imh0dHBzOlwvXC93d3cuY20tYmVuYXZlbnRlLnB0XC93cC1jb250ZW50XC91cGxvYWRzXC8yMDI1XC8wM1wvY2FybmF2YWwtc2Ftb3JhLWNvcnJlaWEtZGVzZmlsZS1kb21pbmdvLTIyNC5qcGciLCJzbGlkZXNob3ciOiIxMTY5MzQ3In0%3D\">\n\t\t\t\t\t<div class=\"e-gallery-image elementor-gallery-item__image\" data-thumbnail=\"https:\/\/www.cm-benavente.pt\/wp-content\/uploads\/2025\/03\/carnaval-samora-correia-desfile-domingo-224-1024x642.jpg\" data-width=\"800\" data-height=\"502\" aria-label=\"\" role=\"img\" ><\/div>\n\t\t\t\t\t\t\t\t\t\t\t<div class=\"elementor-gallery-item__overlay\"><\/div>\n\t\t\t\t\t\t\t\t\t\t\t\t\t\t<\/a>\n\t\t\t\t\t\t\t<a class=\"e-gallery-item elementor-gallery-item elementor-animated-content\" href=\"https:\/\/www.cm-benavente.pt\/wp-content\/uploads\/2025\/03\/carnaval-samora-correia-desfile-domingo-225.jpg\" data-elementor-open-lightbox=\"yes\" data-elementor-lightbox-slideshow=\"1169347\" data-elementor-lightbox-title=\"carnaval samora correia desfile domingo (225)\" data-e-action-hash=\"#elementor-action%3Aaction%3Dlightbox%26settings%3DeyJpZCI6Njc4NTgsInVybCI6Imh0dHBzOlwvXC93d3cuY20tYmVuYXZlbnRlLnB0XC93cC1jb250ZW50XC91cGxvYWRzXC8yMDI1XC8wM1wvY2FybmF2YWwtc2Ftb3JhLWNvcnJlaWEtZGVzZmlsZS1kb21pbmdvLTIyNS5qcGciLCJzbGlkZXNob3ciOiIxMTY5MzQ3In0%3D\">\n\t\t\t\t\t<div class=\"e-gallery-image elementor-gallery-item__image\" data-thumbnail=\"https:\/\/www.cm-benavente.pt\/wp-content\/uploads\/2025\/03\/carnaval-samora-correia-desfile-domingo-225-1024x618.jpg\" data-width=\"800\" data-height=\"483\" aria-label=\"\" role=\"img\" ><\/div>\n\t\t\t\t\t\t\t\t\t\t\t<div class=\"elementor-gallery-item__overlay\"><\/div>\n\t\t\t\t\t\t\t\t\t\t\t\t\t\t<\/a>\n\t\t\t\t\t\t\t<a class=\"e-gallery-item elementor-gallery-item elementor-animated-content\" href=\"https:\/\/www.cm-benavente.pt\/wp-content\/uploads\/2025\/03\/carnaval-samora-correia-desfile-domingo-226.jpg\" data-elementor-open-lightbox=\"yes\" data-elementor-lightbox-slideshow=\"1169347\" data-elementor-lightbox-title=\"carnaval samora correia desfile domingo (226)\" data-e-action-hash=\"#elementor-action%3Aaction%3Dlightbox%26settings%3DeyJpZCI6Njc4NTksInVybCI6Imh0dHBzOlwvXC93d3cuY20tYmVuYXZlbnRlLnB0XC93cC1jb250ZW50XC91cGxvYWRzXC8yMDI1XC8wM1wvY2FybmF2YWwtc2Ftb3JhLWNvcnJlaWEtZGVzZmlsZS1kb21pbmdvLTIyNi5qcGciLCJzbGlkZXNob3ciOiIxMTY5MzQ3In0%3D\">\n\t\t\t\t\t<div class=\"e-gallery-image elementor-gallery-item__image\" data-thumbnail=\"https:\/\/www.cm-benavente.pt\/wp-content\/uploads\/2025\/03\/carnaval-samora-correia-desfile-domingo-226-1024x675.jpg\" data-width=\"800\" data-height=\"527\" aria-label=\"\" role=\"img\" ><\/div>\n\t\t\t\t\t\t\t\t\t\t\t<div class=\"elementor-gallery-item__overlay\"><\/div>\n\t\t\t\t\t\t\t\t\t\t\t\t\t\t<\/a>\n\t\t\t\t\t\t\t<a class=\"e-gallery-item elementor-gallery-item elementor-animated-content\" href=\"https:\/\/www.cm-benavente.pt\/wp-content\/uploads\/2025\/03\/carnaval-samora-correia-desfile-domingo-227.jpg\" data-elementor-open-lightbox=\"yes\" data-elementor-lightbox-slideshow=\"1169347\" data-elementor-lightbox-title=\"carnaval samora correia desfile domingo (227)\" data-e-action-hash=\"#elementor-action%3Aaction%3Dlightbox%26settings%3DeyJpZCI6Njc4NjAsInVybCI6Imh0dHBzOlwvXC93d3cuY20tYmVuYXZlbnRlLnB0XC93cC1jb250ZW50XC91cGxvYWRzXC8yMDI1XC8wM1wvY2FybmF2YWwtc2Ftb3JhLWNvcnJlaWEtZGVzZmlsZS1kb21pbmdvLTIyNy5qcGciLCJzbGlkZXNob3ciOiIxMTY5MzQ3In0%3D\">\n\t\t\t\t\t<div class=\"e-gallery-image elementor-gallery-item__image\" data-thumbnail=\"https:\/\/www.cm-benavente.pt\/wp-content\/uploads\/2025\/03\/carnaval-samora-correia-desfile-domingo-227-1024x578.jpg\" data-width=\"800\" data-height=\"452\" aria-label=\"\" role=\"img\" ><\/div>\n\t\t\t\t\t\t\t\t\t\t\t<div class=\"elementor-gallery-item__overlay\"><\/div>\n\t\t\t\t\t\t\t\t\t\t\t\t\t\t<\/a>\n\t\t\t\t\t\t\t<a class=\"e-gallery-item elementor-gallery-item elementor-animated-content\" href=\"https:\/\/www.cm-benavente.pt\/wp-content\/uploads\/2025\/03\/carnaval-samora-correia-desfile-domingo-228.jpg\" data-elementor-open-lightbox=\"yes\" data-elementor-lightbox-slideshow=\"1169347\" data-elementor-lightbox-title=\"carnaval samora correia desfile domingo (228)\" data-e-action-hash=\"#elementor-action%3Aaction%3Dlightbox%26settings%3DeyJpZCI6Njc4NjEsInVybCI6Imh0dHBzOlwvXC93d3cuY20tYmVuYXZlbnRlLnB0XC93cC1jb250ZW50XC91cGxvYWRzXC8yMDI1XC8wM1wvY2FybmF2YWwtc2Ftb3JhLWNvcnJlaWEtZGVzZmlsZS1kb21pbmdvLTIyOC5qcGciLCJzbGlkZXNob3ciOiIxMTY5MzQ3In0%3D\">\n\t\t\t\t\t<div class=\"e-gallery-image elementor-gallery-item__image\" data-thumbnail=\"https:\/\/www.cm-benavente.pt\/wp-content\/uploads\/2025\/03\/carnaval-samora-correia-desfile-domingo-228-1024x599.jpg\" data-width=\"800\" data-height=\"468\" aria-label=\"\" role=\"img\" ><\/div>\n\t\t\t\t\t\t\t\t\t\t\t<div class=\"elementor-gallery-item__overlay\"><\/div>\n\t\t\t\t\t\t\t\t\t\t\t\t\t\t<\/a>\n\t\t\t\t\t\t\t<a class=\"e-gallery-item elementor-gallery-item elementor-animated-content\" href=\"https:\/\/www.cm-benavente.pt\/wp-content\/uploads\/2025\/03\/carnaval-samora-correia-desfile-domingo-229.jpg\" data-elementor-open-lightbox=\"yes\" data-elementor-lightbox-slideshow=\"1169347\" data-elementor-lightbox-title=\"carnaval samora correia desfile domingo (229)\" data-e-action-hash=\"#elementor-action%3Aaction%3Dlightbox%26settings%3DeyJpZCI6Njc4NjIsInVybCI6Imh0dHBzOlwvXC93d3cuY20tYmVuYXZlbnRlLnB0XC93cC1jb250ZW50XC91cGxvYWRzXC8yMDI1XC8wM1wvY2FybmF2YWwtc2Ftb3JhLWNvcnJlaWEtZGVzZmlsZS1kb21pbmdvLTIyOS5qcGciLCJzbGlkZXNob3ciOiIxMTY5MzQ3In0%3D\">\n\t\t\t\t\t<div class=\"e-gallery-image elementor-gallery-item__image\" data-thumbnail=\"https:\/\/www.cm-benavente.pt\/wp-content\/uploads\/2025\/03\/carnaval-samora-correia-desfile-domingo-229-1024x596.jpg\" data-width=\"800\" data-height=\"466\" aria-label=\"\" role=\"img\" ><\/div>\n\t\t\t\t\t\t\t\t\t\t\t<div class=\"elementor-gallery-item__overlay\"><\/div>\n\t\t\t\t\t\t\t\t\t\t\t\t\t\t<\/a>\n\t\t\t\t\t\t\t<a class=\"e-gallery-item elementor-gallery-item elementor-animated-content\" href=\"https:\/\/www.cm-benavente.pt\/wp-content\/uploads\/2025\/03\/carnaval-samora-correia-desfile-domingo-230.jpg\" data-elementor-open-lightbox=\"yes\" data-elementor-lightbox-slideshow=\"1169347\" data-elementor-lightbox-title=\"carnaval samora correia desfile domingo (230)\" data-e-action-hash=\"#elementor-action%3Aaction%3Dlightbox%26settings%3DeyJpZCI6Njc4NjMsInVybCI6Imh0dHBzOlwvXC93d3cuY20tYmVuYXZlbnRlLnB0XC93cC1jb250ZW50XC91cGxvYWRzXC8yMDI1XC8wM1wvY2FybmF2YWwtc2Ftb3JhLWNvcnJlaWEtZGVzZmlsZS1kb21pbmdvLTIzMC5qcGciLCJzbGlkZXNob3ciOiIxMTY5MzQ3In0%3D\">\n\t\t\t\t\t<div class=\"e-gallery-image elementor-gallery-item__image\" data-thumbnail=\"https:\/\/www.cm-benavente.pt\/wp-content\/uploads\/2025\/03\/carnaval-samora-correia-desfile-domingo-230-1024x720.jpg\" data-width=\"800\" data-height=\"563\" aria-label=\"\" role=\"img\" ><\/div>\n\t\t\t\t\t\t\t\t\t\t\t<div class=\"elementor-gallery-item__overlay\"><\/div>\n\t\t\t\t\t\t\t\t\t\t\t\t\t\t<\/a>\n\t\t\t\t\t\t\t<a class=\"e-gallery-item elementor-gallery-item elementor-animated-content\" href=\"https:\/\/www.cm-benavente.pt\/wp-content\/uploads\/2025\/03\/carnaval-samora-correia-desfile-domingo-231.jpg\" data-elementor-open-lightbox=\"yes\" data-elementor-lightbox-slideshow=\"1169347\" data-elementor-lightbox-title=\"carnaval samora correia desfile domingo (231)\" data-e-action-hash=\"#elementor-action%3Aaction%3Dlightbox%26settings%3DeyJpZCI6Njc4NjQsInVybCI6Imh0dHBzOlwvXC93d3cuY20tYmVuYXZlbnRlLnB0XC93cC1jb250ZW50XC91cGxvYWRzXC8yMDI1XC8wM1wvY2FybmF2YWwtc2Ftb3JhLWNvcnJlaWEtZGVzZmlsZS1kb21pbmdvLTIzMS5qcGciLCJzbGlkZXNob3ciOiIxMTY5MzQ3In0%3D\">\n\t\t\t\t\t<div class=\"e-gallery-image elementor-gallery-item__image\" data-thumbnail=\"https:\/\/www.cm-benavente.pt\/wp-content\/uploads\/2025\/03\/carnaval-samora-correia-desfile-domingo-231-1024x683.jpg\" data-width=\"800\" data-height=\"534\" aria-label=\"\" role=\"img\" ><\/div>\n\t\t\t\t\t\t\t\t\t\t\t<div class=\"elementor-gallery-item__overlay\"><\/div>\n\t\t\t\t\t\t\t\t\t\t\t\t\t\t<\/a>\n\t\t\t\t\t\t\t<a class=\"e-gallery-item elementor-gallery-item elementor-animated-content\" href=\"https:\/\/www.cm-benavente.pt\/wp-content\/uploads\/2025\/03\/carnaval-samora-correia-desfile-domingo-232.jpg\" data-elementor-open-lightbox=\"yes\" data-elementor-lightbox-slideshow=\"1169347\" data-elementor-lightbox-title=\"carnaval samora correia desfile domingo (232)\" data-e-action-hash=\"#elementor-action%3Aaction%3Dlightbox%26settings%3DeyJpZCI6Njc4NjUsInVybCI6Imh0dHBzOlwvXC93d3cuY20tYmVuYXZlbnRlLnB0XC93cC1jb250ZW50XC91cGxvYWRzXC8yMDI1XC8wM1wvY2FybmF2YWwtc2Ftb3JhLWNvcnJlaWEtZGVzZmlsZS1kb21pbmdvLTIzMi5qcGciLCJzbGlkZXNob3ciOiIxMTY5MzQ3In0%3D\">\n\t\t\t\t\t<div class=\"e-gallery-image elementor-gallery-item__image\" data-thumbnail=\"https:\/\/www.cm-benavente.pt\/wp-content\/uploads\/2025\/03\/carnaval-samora-correia-desfile-domingo-232-1024x607.jpg\" data-width=\"800\" data-height=\"474\" aria-label=\"\" role=\"img\" ><\/div>\n\t\t\t\t\t\t\t\t\t\t\t<div class=\"elementor-gallery-item__overlay\"><\/div>\n\t\t\t\t\t\t\t\t\t\t\t\t\t\t<\/a>\n\t\t\t\t\t\t\t<a class=\"e-gallery-item elementor-gallery-item elementor-animated-content\" href=\"https:\/\/www.cm-benavente.pt\/wp-content\/uploads\/2025\/03\/carnaval-samora-correia-desfile-domingo-233.jpg\" data-elementor-open-lightbox=\"yes\" data-elementor-lightbox-slideshow=\"1169347\" data-elementor-lightbox-title=\"carnaval samora correia desfile domingo (233)\" data-e-action-hash=\"#elementor-action%3Aaction%3Dlightbox%26settings%3DeyJpZCI6Njc4NjYsInVybCI6Imh0dHBzOlwvXC93d3cuY20tYmVuYXZlbnRlLnB0XC93cC1jb250ZW50XC91cGxvYWRzXC8yMDI1XC8wM1wvY2FybmF2YWwtc2Ftb3JhLWNvcnJlaWEtZGVzZmlsZS1kb21pbmdvLTIzMy5qcGciLCJzbGlkZXNob3ciOiIxMTY5MzQ3In0%3D\">\n\t\t\t\t\t<div class=\"e-gallery-image elementor-gallery-item__image\" data-thumbnail=\"https:\/\/www.cm-benavente.pt\/wp-content\/uploads\/2025\/03\/carnaval-samora-correia-desfile-domingo-233-1024x594.jpg\" data-width=\"800\" data-height=\"464\" aria-label=\"\" role=\"img\" ><\/div>\n\t\t\t\t\t\t\t\t\t\t\t<div class=\"elementor-gallery-item__overlay\"><\/div>\n\t\t\t\t\t\t\t\t\t\t\t\t\t\t<\/a>\n\t\t\t\t\t\t\t<a class=\"e-gallery-item elementor-gallery-item elementor-animated-content\" href=\"https:\/\/www.cm-benavente.pt\/wp-content\/uploads\/2025\/03\/carnaval-samora-correia-desfile-domingo-234.jpg\" data-elementor-open-lightbox=\"yes\" data-elementor-lightbox-slideshow=\"1169347\" data-elementor-lightbox-title=\"carnaval samora correia desfile domingo (234)\" data-e-action-hash=\"#elementor-action%3Aaction%3Dlightbox%26settings%3DeyJpZCI6Njc4NjcsInVybCI6Imh0dHBzOlwvXC93d3cuY20tYmVuYXZlbnRlLnB0XC93cC1jb250ZW50XC91cGxvYWRzXC8yMDI1XC8wM1wvY2FybmF2YWwtc2Ftb3JhLWNvcnJlaWEtZGVzZmlsZS1kb21pbmdvLTIzNC5qcGciLCJzbGlkZXNob3ciOiIxMTY5MzQ3In0%3D\">\n\t\t\t\t\t<div class=\"e-gallery-image elementor-gallery-item__image\" data-thumbnail=\"https:\/\/www.cm-benavente.pt\/wp-content\/uploads\/2025\/03\/carnaval-samora-correia-desfile-domingo-234-1024x630.jpg\" data-width=\"800\" data-height=\"492\" aria-label=\"\" role=\"img\" ><\/div>\n\t\t\t\t\t\t\t\t\t\t\t<div class=\"elementor-gallery-item__overlay\"><\/div>\n\t\t\t\t\t\t\t\t\t\t\t\t\t\t<\/a>\n\t\t\t\t\t\t\t<a class=\"e-gallery-item elementor-gallery-item elementor-animated-content\" href=\"https:\/\/www.cm-benavente.pt\/wp-content\/uploads\/2025\/03\/carnaval-samora-correia-desfile-domingo-235-scaled.jpg\" data-elementor-open-lightbox=\"yes\" data-elementor-lightbox-slideshow=\"1169347\" data-elementor-lightbox-title=\"carnaval samora correia desfile domingo (235)\" data-e-action-hash=\"#elementor-action%3Aaction%3Dlightbox%26settings%3DeyJpZCI6Njc4NjgsInVybCI6Imh0dHBzOlwvXC93d3cuY20tYmVuYXZlbnRlLnB0XC93cC1jb250ZW50XC91cGxvYWRzXC8yMDI1XC8wM1wvY2FybmF2YWwtc2Ftb3JhLWNvcnJlaWEtZGVzZmlsZS1kb21pbmdvLTIzNS1zY2FsZWQuanBnIiwic2xpZGVzaG93IjoiMTE2OTM0NyJ9\">\n\t\t\t\t\t<div class=\"e-gallery-image elementor-gallery-item__image\" data-thumbnail=\"https:\/\/www.cm-benavente.pt\/wp-content\/uploads\/2025\/03\/carnaval-samora-correia-desfile-domingo-235-1024x631.jpg\" data-width=\"800\" data-height=\"493\" aria-label=\"\" role=\"img\" ><\/div>\n\t\t\t\t\t\t\t\t\t\t\t<div class=\"elementor-gallery-item__overlay\"><\/div>\n\t\t\t\t\t\t\t\t\t\t\t\t\t\t<\/a>\n\t\t\t\t\t\t\t<a class=\"e-gallery-item elementor-gallery-item elementor-animated-content\" href=\"https:\/\/www.cm-benavente.pt\/wp-content\/uploads\/2025\/03\/carnaval-samora-correia-desfile-domingo-236.jpg\" data-elementor-open-lightbox=\"yes\" data-elementor-lightbox-slideshow=\"1169347\" data-elementor-lightbox-title=\"carnaval samora correia desfile domingo (236)\" data-e-action-hash=\"#elementor-action%3Aaction%3Dlightbox%26settings%3DeyJpZCI6Njc4NjksInVybCI6Imh0dHBzOlwvXC93d3cuY20tYmVuYXZlbnRlLnB0XC93cC1jb250ZW50XC91cGxvYWRzXC8yMDI1XC8wM1wvY2FybmF2YWwtc2Ftb3JhLWNvcnJlaWEtZGVzZmlsZS1kb21pbmdvLTIzNi5qcGciLCJzbGlkZXNob3ciOiIxMTY5MzQ3In0%3D\">\n\t\t\t\t\t<div class=\"e-gallery-image elementor-gallery-item__image\" data-thumbnail=\"https:\/\/www.cm-benavente.pt\/wp-content\/uploads\/2025\/03\/carnaval-samora-correia-desfile-domingo-236-1024x620.jpg\" data-width=\"800\" data-height=\"484\" aria-label=\"\" role=\"img\" ><\/div>\n\t\t\t\t\t\t\t\t\t\t\t<div class=\"elementor-gallery-item__overlay\"><\/div>\n\t\t\t\t\t\t\t\t\t\t\t\t\t\t<\/a>\n\t\t\t\t\t\t\t<a class=\"e-gallery-item elementor-gallery-item elementor-animated-content\" href=\"https:\/\/www.cm-benavente.pt\/wp-content\/uploads\/2025\/03\/carnaval-samora-correia-desfile-domingo-237.jpg\" data-elementor-open-lightbox=\"yes\" data-elementor-lightbox-slideshow=\"1169347\" data-elementor-lightbox-title=\"carnaval samora correia desfile domingo (237)\" data-e-action-hash=\"#elementor-action%3Aaction%3Dlightbox%26settings%3DeyJpZCI6Njc4NzAsInVybCI6Imh0dHBzOlwvXC93d3cuY20tYmVuYXZlbnRlLnB0XC93cC1jb250ZW50XC91cGxvYWRzXC8yMDI1XC8wM1wvY2FybmF2YWwtc2Ftb3JhLWNvcnJlaWEtZGVzZmlsZS1kb21pbmdvLTIzNy5qcGciLCJzbGlkZXNob3ciOiIxMTY5MzQ3In0%3D\">\n\t\t\t\t\t<div class=\"e-gallery-image elementor-gallery-item__image\" data-thumbnail=\"https:\/\/www.cm-benavente.pt\/wp-content\/uploads\/2025\/03\/carnaval-samora-correia-desfile-domingo-237-1024x609.jpg\" data-width=\"800\" data-height=\"476\" aria-label=\"\" role=\"img\" ><\/div>\n\t\t\t\t\t\t\t\t\t\t\t<div class=\"elementor-gallery-item__overlay\"><\/div>\n\t\t\t\t\t\t\t\t\t\t\t\t\t\t<\/a>\n\t\t\t\t\t\t\t<a class=\"e-gallery-item elementor-gallery-item elementor-animated-content\" href=\"https:\/\/www.cm-benavente.pt\/wp-content\/uploads\/2025\/03\/carnaval-samora-correia-desfile-domingo-238.jpg\" data-elementor-open-lightbox=\"yes\" data-elementor-lightbox-slideshow=\"1169347\" data-elementor-lightbox-title=\"carnaval samora correia desfile domingo (238)\" data-e-action-hash=\"#elementor-action%3Aaction%3Dlightbox%26settings%3DeyJpZCI6Njc4NzEsInVybCI6Imh0dHBzOlwvXC93d3cuY20tYmVuYXZlbnRlLnB0XC93cC1jb250ZW50XC91cGxvYWRzXC8yMDI1XC8wM1wvY2FybmF2YWwtc2Ftb3JhLWNvcnJlaWEtZGVzZmlsZS1kb21pbmdvLTIzOC5qcGciLCJzbGlkZXNob3ciOiIxMTY5MzQ3In0%3D\">\n\t\t\t\t\t<div class=\"e-gallery-image elementor-gallery-item__image\" data-thumbnail=\"https:\/\/www.cm-benavente.pt\/wp-content\/uploads\/2025\/03\/carnaval-samora-correia-desfile-domingo-238-1024x569.jpg\" data-width=\"800\" data-height=\"445\" aria-label=\"\" role=\"img\" ><\/div>\n\t\t\t\t\t\t\t\t\t\t\t<div class=\"elementor-gallery-item__overlay\"><\/div>\n\t\t\t\t\t\t\t\t\t\t\t\t\t\t<\/a>\n\t\t\t\t\t\t\t<a class=\"e-gallery-item elementor-gallery-item elementor-animated-content\" href=\"https:\/\/www.cm-benavente.pt\/wp-content\/uploads\/2025\/03\/carnaval-samora-correia-desfile-domingo-239.jpg\" data-elementor-open-lightbox=\"yes\" data-elementor-lightbox-slideshow=\"1169347\" data-elementor-lightbox-title=\"carnaval samora correia desfile domingo (239)\" data-e-action-hash=\"#elementor-action%3Aaction%3Dlightbox%26settings%3DeyJpZCI6Njc4NzIsInVybCI6Imh0dHBzOlwvXC93d3cuY20tYmVuYXZlbnRlLnB0XC93cC1jb250ZW50XC91cGxvYWRzXC8yMDI1XC8wM1wvY2FybmF2YWwtc2Ftb3JhLWNvcnJlaWEtZGVzZmlsZS1kb21pbmdvLTIzOS5qcGciLCJzbGlkZXNob3ciOiIxMTY5MzQ3In0%3D\">\n\t\t\t\t\t<div class=\"e-gallery-image elementor-gallery-item__image\" data-thumbnail=\"https:\/\/www.cm-benavente.pt\/wp-content\/uploads\/2025\/03\/carnaval-samora-correia-desfile-domingo-239-1024x595.jpg\" data-width=\"800\" data-height=\"465\" aria-label=\"\" role=\"img\" ><\/div>\n\t\t\t\t\t\t\t\t\t\t\t<div class=\"elementor-gallery-item__overlay\"><\/div>\n\t\t\t\t\t\t\t\t\t\t\t\t\t\t<\/a>\n\t\t\t\t\t\t\t<a class=\"e-gallery-item elementor-gallery-item elementor-animated-content\" href=\"https:\/\/www.cm-benavente.pt\/wp-content\/uploads\/2025\/03\/carnaval-samora-correia-desfile-domingo-240.jpg\" data-elementor-open-lightbox=\"yes\" data-elementor-lightbox-slideshow=\"1169347\" data-elementor-lightbox-title=\"carnaval samora correia desfile domingo (240)\" data-e-action-hash=\"#elementor-action%3Aaction%3Dlightbox%26settings%3DeyJpZCI6Njc4NzMsInVybCI6Imh0dHBzOlwvXC93d3cuY20tYmVuYXZlbnRlLnB0XC93cC1jb250ZW50XC91cGxvYWRzXC8yMDI1XC8wM1wvY2FybmF2YWwtc2Ftb3JhLWNvcnJlaWEtZGVzZmlsZS1kb21pbmdvLTI0MC5qcGciLCJzbGlkZXNob3ciOiIxMTY5MzQ3In0%3D\">\n\t\t\t\t\t<div class=\"e-gallery-image elementor-gallery-item__image\" data-thumbnail=\"https:\/\/www.cm-benavente.pt\/wp-content\/uploads\/2025\/03\/carnaval-samora-correia-desfile-domingo-240-1024x626.jpg\" data-width=\"800\" data-height=\"489\" aria-label=\"\" role=\"img\" ><\/div>\n\t\t\t\t\t\t\t\t\t\t\t<div class=\"elementor-gallery-item__overlay\"><\/div>\n\t\t\t\t\t\t\t\t\t\t\t\t\t\t<\/a>\n\t\t\t\t\t\t\t<a class=\"e-gallery-item elementor-gallery-item elementor-animated-content\" href=\"https:\/\/www.cm-benavente.pt\/wp-content\/uploads\/2025\/03\/carnaval-samora-correia-desfile-domingo-241.jpg\" data-elementor-open-lightbox=\"yes\" data-elementor-lightbox-slideshow=\"1169347\" data-elementor-lightbox-title=\"carnaval samora correia desfile domingo (241)\" data-e-action-hash=\"#elementor-action%3Aaction%3Dlightbox%26settings%3DeyJpZCI6Njc4NzQsInVybCI6Imh0dHBzOlwvXC93d3cuY20tYmVuYXZlbnRlLnB0XC93cC1jb250ZW50XC91cGxvYWRzXC8yMDI1XC8wM1wvY2FybmF2YWwtc2Ftb3JhLWNvcnJlaWEtZGVzZmlsZS1kb21pbmdvLTI0MS5qcGciLCJzbGlkZXNob3ciOiIxMTY5MzQ3In0%3D\">\n\t\t\t\t\t<div class=\"e-gallery-image elementor-gallery-item__image\" data-thumbnail=\"https:\/\/www.cm-benavente.pt\/wp-content\/uploads\/2025\/03\/carnaval-samora-correia-desfile-domingo-241-1024x624.jpg\" data-width=\"800\" data-height=\"488\" aria-label=\"\" role=\"img\" ><\/div>\n\t\t\t\t\t\t\t\t\t\t\t<div class=\"elementor-gallery-item__overlay\"><\/div>\n\t\t\t\t\t\t\t\t\t\t\t\t\t\t<\/a>\n\t\t\t\t\t\t\t<a class=\"e-gallery-item elementor-gallery-item elementor-animated-content\" href=\"https:\/\/www.cm-benavente.pt\/wp-content\/uploads\/2025\/03\/carnaval-samora-correia-desfile-domingo-242.jpg\" data-elementor-open-lightbox=\"yes\" data-elementor-lightbox-slideshow=\"1169347\" data-elementor-lightbox-title=\"carnaval samora correia desfile domingo (242)\" data-e-action-hash=\"#elementor-action%3Aaction%3Dlightbox%26settings%3DeyJpZCI6Njc4NzUsInVybCI6Imh0dHBzOlwvXC93d3cuY20tYmVuYXZlbnRlLnB0XC93cC1jb250ZW50XC91cGxvYWRzXC8yMDI1XC8wM1wvY2FybmF2YWwtc2Ftb3JhLWNvcnJlaWEtZGVzZmlsZS1kb21pbmdvLTI0Mi5qcGciLCJzbGlkZXNob3ciOiIxMTY5MzQ3In0%3D\">\n\t\t\t\t\t<div class=\"e-gallery-image elementor-gallery-item__image\" data-thumbnail=\"https:\/\/www.cm-benavente.pt\/wp-content\/uploads\/2025\/03\/carnaval-samora-correia-desfile-domingo-242-1024x599.jpg\" data-width=\"800\" data-height=\"468\" aria-label=\"\" role=\"img\" ><\/div>\n\t\t\t\t\t\t\t\t\t\t\t<div class=\"elementor-gallery-item__overlay\"><\/div>\n\t\t\t\t\t\t\t\t\t\t\t\t\t\t<\/a>\n\t\t\t\t\t\t\t<a class=\"e-gallery-item elementor-gallery-item elementor-animated-content\" href=\"https:\/\/www.cm-benavente.pt\/wp-content\/uploads\/2025\/03\/carnaval-samora-correia-desfile-domingo-243.jpg\" data-elementor-open-lightbox=\"yes\" data-elementor-lightbox-slideshow=\"1169347\" data-elementor-lightbox-title=\"carnaval samora correia desfile domingo (243)\" data-e-action-hash=\"#elementor-action%3Aaction%3Dlightbox%26settings%3DeyJpZCI6Njc4NzYsInVybCI6Imh0dHBzOlwvXC93d3cuY20tYmVuYXZlbnRlLnB0XC93cC1jb250ZW50XC91cGxvYWRzXC8yMDI1XC8wM1wvY2FybmF2YWwtc2Ftb3JhLWNvcnJlaWEtZGVzZmlsZS1kb21pbmdvLTI0My5qcGciLCJzbGlkZXNob3ciOiIxMTY5MzQ3In0%3D\">\n\t\t\t\t\t<div class=\"e-gallery-image elementor-gallery-item__image\" data-thumbnail=\"https:\/\/www.cm-benavente.pt\/wp-content\/uploads\/2025\/03\/carnaval-samora-correia-desfile-domingo-243-1024x682.jpg\" data-width=\"800\" data-height=\"533\" aria-label=\"\" role=\"img\" ><\/div>\n\t\t\t\t\t\t\t\t\t\t\t<div class=\"elementor-gallery-item__overlay\"><\/div>\n\t\t\t\t\t\t\t\t\t\t\t\t\t\t<\/a>\n\t\t\t\t\t\t\t<a class=\"e-gallery-item elementor-gallery-item elementor-animated-content\" href=\"https:\/\/www.cm-benavente.pt\/wp-content\/uploads\/2025\/03\/carnaval-samora-correia-desfile-domingo-244.jpg\" data-elementor-open-lightbox=\"yes\" data-elementor-lightbox-slideshow=\"1169347\" data-elementor-lightbox-title=\"carnaval samora correia desfile domingo (244)\" data-e-action-hash=\"#elementor-action%3Aaction%3Dlightbox%26settings%3DeyJpZCI6Njc4NzcsInVybCI6Imh0dHBzOlwvXC93d3cuY20tYmVuYXZlbnRlLnB0XC93cC1jb250ZW50XC91cGxvYWRzXC8yMDI1XC8wM1wvY2FybmF2YWwtc2Ftb3JhLWNvcnJlaWEtZGVzZmlsZS1kb21pbmdvLTI0NC5qcGciLCJzbGlkZXNob3ciOiIxMTY5MzQ3In0%3D\">\n\t\t\t\t\t<div class=\"e-gallery-image elementor-gallery-item__image\" data-thumbnail=\"https:\/\/www.cm-benavente.pt\/wp-content\/uploads\/2025\/03\/carnaval-samora-correia-desfile-domingo-244-1024x575.jpg\" data-width=\"800\" data-height=\"449\" aria-label=\"\" role=\"img\" ><\/div>\n\t\t\t\t\t\t\t\t\t\t\t<div class=\"elementor-gallery-item__overlay\"><\/div>\n\t\t\t\t\t\t\t\t\t\t\t\t\t\t<\/a>\n\t\t\t\t\t\t\t<a class=\"e-gallery-item elementor-gallery-item elementor-animated-content\" href=\"https:\/\/www.cm-benavente.pt\/wp-content\/uploads\/2025\/03\/carnaval-samora-correia-desfile-domingo-245.jpg\" data-elementor-open-lightbox=\"yes\" data-elementor-lightbox-slideshow=\"1169347\" data-elementor-lightbox-title=\"carnaval samora correia desfile domingo (245)\" data-e-action-hash=\"#elementor-action%3Aaction%3Dlightbox%26settings%3DeyJpZCI6Njc4NzgsInVybCI6Imh0dHBzOlwvXC93d3cuY20tYmVuYXZlbnRlLnB0XC93cC1jb250ZW50XC91cGxvYWRzXC8yMDI1XC8wM1wvY2FybmF2YWwtc2Ftb3JhLWNvcnJlaWEtZGVzZmlsZS1kb21pbmdvLTI0NS5qcGciLCJzbGlkZXNob3ciOiIxMTY5MzQ3In0%3D\">\n\t\t\t\t\t<div class=\"e-gallery-image elementor-gallery-item__image\" data-thumbnail=\"https:\/\/www.cm-benavente.pt\/wp-content\/uploads\/2025\/03\/carnaval-samora-correia-desfile-domingo-245-1024x566.jpg\" data-width=\"800\" data-height=\"442\" aria-label=\"\" role=\"img\" ><\/div>\n\t\t\t\t\t\t\t\t\t\t\t<div class=\"elementor-gallery-item__overlay\"><\/div>\n\t\t\t\t\t\t\t\t\t\t\t\t\t\t<\/a>\n\t\t\t\t\t\t\t<a class=\"e-gallery-item elementor-gallery-item elementor-animated-content\" href=\"https:\/\/www.cm-benavente.pt\/wp-content\/uploads\/2025\/03\/carnaval-samora-correia-desfile-domingo-246.jpg\" data-elementor-open-lightbox=\"yes\" data-elementor-lightbox-slideshow=\"1169347\" data-elementor-lightbox-title=\"carnaval samora correia desfile domingo (246)\" data-e-action-hash=\"#elementor-action%3Aaction%3Dlightbox%26settings%3DeyJpZCI6Njc4NzksInVybCI6Imh0dHBzOlwvXC93d3cuY20tYmVuYXZlbnRlLnB0XC93cC1jb250ZW50XC91cGxvYWRzXC8yMDI1XC8wM1wvY2FybmF2YWwtc2Ftb3JhLWNvcnJlaWEtZGVzZmlsZS1kb21pbmdvLTI0Ni5qcGciLCJzbGlkZXNob3ciOiIxMTY5MzQ3In0%3D\">\n\t\t\t\t\t<div class=\"e-gallery-image elementor-gallery-item__image\" data-thumbnail=\"https:\/\/www.cm-benavente.pt\/wp-content\/uploads\/2025\/03\/carnaval-samora-correia-desfile-domingo-246-1024x682.jpg\" data-width=\"800\" data-height=\"533\" aria-label=\"\" role=\"img\" ><\/div>\n\t\t\t\t\t\t\t\t\t\t\t<div class=\"elementor-gallery-item__overlay\"><\/div>\n\t\t\t\t\t\t\t\t\t\t\t\t\t\t<\/a>\n\t\t\t\t\t\t\t<a class=\"e-gallery-item elementor-gallery-item elementor-animated-content\" href=\"https:\/\/www.cm-benavente.pt\/wp-content\/uploads\/2025\/03\/carnaval-samora-correia-desfile-domingo-247.jpg\" data-elementor-open-lightbox=\"yes\" data-elementor-lightbox-slideshow=\"1169347\" data-elementor-lightbox-title=\"carnaval samora correia desfile domingo (247)\" data-e-action-hash=\"#elementor-action%3Aaction%3Dlightbox%26settings%3DeyJpZCI6Njc4ODAsInVybCI6Imh0dHBzOlwvXC93d3cuY20tYmVuYXZlbnRlLnB0XC93cC1jb250ZW50XC91cGxvYWRzXC8yMDI1XC8wM1wvY2FybmF2YWwtc2Ftb3JhLWNvcnJlaWEtZGVzZmlsZS1kb21pbmdvLTI0Ny5qcGciLCJzbGlkZXNob3ciOiIxMTY5MzQ3In0%3D\">\n\t\t\t\t\t<div class=\"e-gallery-image elementor-gallery-item__image\" data-thumbnail=\"https:\/\/www.cm-benavente.pt\/wp-content\/uploads\/2025\/03\/carnaval-samora-correia-desfile-domingo-247-1024x563.jpg\" data-width=\"800\" data-height=\"440\" aria-label=\"\" role=\"img\" ><\/div>\n\t\t\t\t\t\t\t\t\t\t\t<div class=\"elementor-gallery-item__overlay\"><\/div>\n\t\t\t\t\t\t\t\t\t\t\t\t\t\t<\/a>\n\t\t\t\t\t\t\t<a class=\"e-gallery-item elementor-gallery-item elementor-animated-content\" href=\"https:\/\/www.cm-benavente.pt\/wp-content\/uploads\/2025\/03\/carnaval-samora-correia-desfile-domingo-248-scaled.jpg\" data-elementor-open-lightbox=\"yes\" data-elementor-lightbox-slideshow=\"1169347\" data-elementor-lightbox-title=\"carnaval samora correia desfile domingo (248)\" data-e-action-hash=\"#elementor-action%3Aaction%3Dlightbox%26settings%3DeyJpZCI6Njc4ODEsInVybCI6Imh0dHBzOlwvXC93d3cuY20tYmVuYXZlbnRlLnB0XC93cC1jb250ZW50XC91cGxvYWRzXC8yMDI1XC8wM1wvY2FybmF2YWwtc2Ftb3JhLWNvcnJlaWEtZGVzZmlsZS1kb21pbmdvLTI0OC1zY2FsZWQuanBnIiwic2xpZGVzaG93IjoiMTE2OTM0NyJ9\">\n\t\t\t\t\t<div class=\"e-gallery-image elementor-gallery-item__image\" data-thumbnail=\"https:\/\/www.cm-benavente.pt\/wp-content\/uploads\/2025\/03\/carnaval-samora-correia-desfile-domingo-248-1024x599.jpg\" data-width=\"800\" data-height=\"468\" aria-label=\"\" role=\"img\" ><\/div>\n\t\t\t\t\t\t\t\t\t\t\t<div class=\"elementor-gallery-item__overlay\"><\/div>\n\t\t\t\t\t\t\t\t\t\t\t\t\t\t<\/a>\n\t\t\t\t\t\t\t<a class=\"e-gallery-item elementor-gallery-item elementor-animated-content\" href=\"https:\/\/www.cm-benavente.pt\/wp-content\/uploads\/2025\/03\/carnaval-samora-correia-desfile-domingo-249.jpg\" data-elementor-open-lightbox=\"yes\" data-elementor-lightbox-slideshow=\"1169347\" data-elementor-lightbox-title=\"carnaval samora correia desfile domingo (249)\" data-e-action-hash=\"#elementor-action%3Aaction%3Dlightbox%26settings%3DeyJpZCI6Njc4ODIsInVybCI6Imh0dHBzOlwvXC93d3cuY20tYmVuYXZlbnRlLnB0XC93cC1jb250ZW50XC91cGxvYWRzXC8yMDI1XC8wM1wvY2FybmF2YWwtc2Ftb3JhLWNvcnJlaWEtZGVzZmlsZS1kb21pbmdvLTI0OS5qcGciLCJzbGlkZXNob3ciOiIxMTY5MzQ3In0%3D\">\n\t\t\t\t\t<div class=\"e-gallery-image elementor-gallery-item__image\" data-thumbnail=\"https:\/\/www.cm-benavente.pt\/wp-content\/uploads\/2025\/03\/carnaval-samora-correia-desfile-domingo-249-1024x649.jpg\" data-width=\"800\" data-height=\"507\" aria-label=\"\" role=\"img\" ><\/div>\n\t\t\t\t\t\t\t\t\t\t\t<div class=\"elementor-gallery-item__overlay\"><\/div>\n\t\t\t\t\t\t\t\t\t\t\t\t\t\t<\/a>\n\t\t\t\t\t\t\t<a class=\"e-gallery-item elementor-gallery-item elementor-animated-content\" href=\"https:\/\/www.cm-benavente.pt\/wp-content\/uploads\/2025\/03\/carnaval-samora-correia-desfile-domingo-250.jpg\" data-elementor-open-lightbox=\"yes\" data-elementor-lightbox-slideshow=\"1169347\" data-elementor-lightbox-title=\"carnaval samora correia desfile domingo (250)\" data-e-action-hash=\"#elementor-action%3Aaction%3Dlightbox%26settings%3DeyJpZCI6Njc4ODMsInVybCI6Imh0dHBzOlwvXC93d3cuY20tYmVuYXZlbnRlLnB0XC93cC1jb250ZW50XC91cGxvYWRzXC8yMDI1XC8wM1wvY2FybmF2YWwtc2Ftb3JhLWNvcnJlaWEtZGVzZmlsZS1kb21pbmdvLTI1MC5qcGciLCJzbGlkZXNob3ciOiIxMTY5MzQ3In0%3D\">\n\t\t\t\t\t<div class=\"e-gallery-image elementor-gallery-item__image\" data-thumbnail=\"https:\/\/www.cm-benavente.pt\/wp-content\/uploads\/2025\/03\/carnaval-samora-correia-desfile-domingo-250-1024x539.jpg\" data-width=\"800\" data-height=\"421\" aria-label=\"\" role=\"img\" ><\/div>\n\t\t\t\t\t\t\t\t\t\t\t<div class=\"elementor-gallery-item__overlay\"><\/div>\n\t\t\t\t\t\t\t\t\t\t\t\t\t\t<\/a>\n\t\t\t\t\t\t\t<a class=\"e-gallery-item elementor-gallery-item elementor-animated-content\" href=\"https:\/\/www.cm-benavente.pt\/wp-content\/uploads\/2025\/03\/carnaval-samora-correia-desfile-domingo-251.jpg\" data-elementor-open-lightbox=\"yes\" data-elementor-lightbox-slideshow=\"1169347\" data-elementor-lightbox-title=\"carnaval samora correia desfile domingo (251)\" data-e-action-hash=\"#elementor-action%3Aaction%3Dlightbox%26settings%3DeyJpZCI6Njc4ODQsInVybCI6Imh0dHBzOlwvXC93d3cuY20tYmVuYXZlbnRlLnB0XC93cC1jb250ZW50XC91cGxvYWRzXC8yMDI1XC8wM1wvY2FybmF2YWwtc2Ftb3JhLWNvcnJlaWEtZGVzZmlsZS1kb21pbmdvLTI1MS5qcGciLCJzbGlkZXNob3ciOiIxMTY5MzQ3In0%3D\">\n\t\t\t\t\t<div class=\"e-gallery-image elementor-gallery-item__image\" data-thumbnail=\"https:\/\/www.cm-benavente.pt\/wp-content\/uploads\/2025\/03\/carnaval-samora-correia-desfile-domingo-251-1024x623.jpg\" data-width=\"800\" data-height=\"487\" aria-label=\"\" role=\"img\" ><\/div>\n\t\t\t\t\t\t\t\t\t\t\t<div class=\"elementor-gallery-item__overlay\"><\/div>\n\t\t\t\t\t\t\t\t\t\t\t\t\t\t<\/a>\n\t\t\t\t\t\t\t<a class=\"e-gallery-item elementor-gallery-item elementor-animated-content\" href=\"https:\/\/www.cm-benavente.pt\/wp-content\/uploads\/2025\/03\/carnaval-samora-correia-desfile-domingo-252.jpg\" data-elementor-open-lightbox=\"yes\" data-elementor-lightbox-slideshow=\"1169347\" data-elementor-lightbox-title=\"carnaval samora correia desfile domingo (252)\" data-e-action-hash=\"#elementor-action%3Aaction%3Dlightbox%26settings%3DeyJpZCI6Njc4ODUsInVybCI6Imh0dHBzOlwvXC93d3cuY20tYmVuYXZlbnRlLnB0XC93cC1jb250ZW50XC91cGxvYWRzXC8yMDI1XC8wM1wvY2FybmF2YWwtc2Ftb3JhLWNvcnJlaWEtZGVzZmlsZS1kb21pbmdvLTI1Mi5qcGciLCJzbGlkZXNob3ciOiIxMTY5MzQ3In0%3D\">\n\t\t\t\t\t<div class=\"e-gallery-image elementor-gallery-item__image\" data-thumbnail=\"https:\/\/www.cm-benavente.pt\/wp-content\/uploads\/2025\/03\/carnaval-samora-correia-desfile-domingo-252-1024x634.jpg\" data-width=\"800\" data-height=\"495\" aria-label=\"\" role=\"img\" ><\/div>\n\t\t\t\t\t\t\t\t\t\t\t<div class=\"elementor-gallery-item__overlay\"><\/div>\n\t\t\t\t\t\t\t\t\t\t\t\t\t\t<\/a>\n\t\t\t\t\t\t\t<a class=\"e-gallery-item elementor-gallery-item elementor-animated-content\" href=\"https:\/\/www.cm-benavente.pt\/wp-content\/uploads\/2025\/03\/carnaval-samora-correia-desfile-domingo-253.jpg\" data-elementor-open-lightbox=\"yes\" data-elementor-lightbox-slideshow=\"1169347\" data-elementor-lightbox-title=\"carnaval samora correia desfile domingo (253)\" data-e-action-hash=\"#elementor-action%3Aaction%3Dlightbox%26settings%3DeyJpZCI6Njc4ODYsInVybCI6Imh0dHBzOlwvXC93d3cuY20tYmVuYXZlbnRlLnB0XC93cC1jb250ZW50XC91cGxvYWRzXC8yMDI1XC8wM1wvY2FybmF2YWwtc2Ftb3JhLWNvcnJlaWEtZGVzZmlsZS1kb21pbmdvLTI1My5qcGciLCJzbGlkZXNob3ciOiIxMTY5MzQ3In0%3D\">\n\t\t\t\t\t<div class=\"e-gallery-image elementor-gallery-item__image\" data-thumbnail=\"https:\/\/www.cm-benavente.pt\/wp-content\/uploads\/2025\/03\/carnaval-samora-correia-desfile-domingo-253-1024x663.jpg\" data-width=\"800\" data-height=\"518\" aria-label=\"\" role=\"img\" ><\/div>\n\t\t\t\t\t\t\t\t\t\t\t<div class=\"elementor-gallery-item__overlay\"><\/div>\n\t\t\t\t\t\t\t\t\t\t\t\t\t\t<\/a>\n\t\t\t\t\t\t\t<a class=\"e-gallery-item elementor-gallery-item elementor-animated-content\" href=\"https:\/\/www.cm-benavente.pt\/wp-content\/uploads\/2025\/03\/carnaval-samora-correia-desfile-domingo-254.jpg\" data-elementor-open-lightbox=\"yes\" data-elementor-lightbox-slideshow=\"1169347\" data-elementor-lightbox-title=\"carnaval samora correia desfile domingo (254)\" data-e-action-hash=\"#elementor-action%3Aaction%3Dlightbox%26settings%3DeyJpZCI6Njc4ODcsInVybCI6Imh0dHBzOlwvXC93d3cuY20tYmVuYXZlbnRlLnB0XC93cC1jb250ZW50XC91cGxvYWRzXC8yMDI1XC8wM1wvY2FybmF2YWwtc2Ftb3JhLWNvcnJlaWEtZGVzZmlsZS1kb21pbmdvLTI1NC5qcGciLCJzbGlkZXNob3ciOiIxMTY5MzQ3In0%3D\">\n\t\t\t\t\t<div class=\"e-gallery-image elementor-gallery-item__image\" data-thumbnail=\"https:\/\/www.cm-benavente.pt\/wp-content\/uploads\/2025\/03\/carnaval-samora-correia-desfile-domingo-254-1024x661.jpg\" data-width=\"800\" data-height=\"516\" aria-label=\"\" role=\"img\" ><\/div>\n\t\t\t\t\t\t\t\t\t\t\t<div class=\"elementor-gallery-item__overlay\"><\/div>\n\t\t\t\t\t\t\t\t\t\t\t\t\t\t<\/a>\n\t\t\t\t\t\t\t<a class=\"e-gallery-item elementor-gallery-item elementor-animated-content\" href=\"https:\/\/www.cm-benavente.pt\/wp-content\/uploads\/2025\/03\/carnaval-samora-correia-desfile-domingo-255.jpg\" data-elementor-open-lightbox=\"yes\" data-elementor-lightbox-slideshow=\"1169347\" data-elementor-lightbox-title=\"carnaval samora correia desfile domingo (255)\" data-e-action-hash=\"#elementor-action%3Aaction%3Dlightbox%26settings%3DeyJpZCI6Njc4ODgsInVybCI6Imh0dHBzOlwvXC93d3cuY20tYmVuYXZlbnRlLnB0XC93cC1jb250ZW50XC91cGxvYWRzXC8yMDI1XC8wM1wvY2FybmF2YWwtc2Ftb3JhLWNvcnJlaWEtZGVzZmlsZS1kb21pbmdvLTI1NS5qcGciLCJzbGlkZXNob3ciOiIxMTY5MzQ3In0%3D\">\n\t\t\t\t\t<div class=\"e-gallery-image elementor-gallery-item__image\" data-thumbnail=\"https:\/\/www.cm-benavente.pt\/wp-content\/uploads\/2025\/03\/carnaval-samora-correia-desfile-domingo-255-1024x594.jpg\" data-width=\"800\" data-height=\"464\" aria-label=\"\" role=\"img\" ><\/div>\n\t\t\t\t\t\t\t\t\t\t\t<div class=\"elementor-gallery-item__overlay\"><\/div>\n\t\t\t\t\t\t\t\t\t\t\t\t\t\t<\/a>\n\t\t\t\t\t\t\t<a class=\"e-gallery-item elementor-gallery-item elementor-animated-content\" href=\"https:\/\/www.cm-benavente.pt\/wp-content\/uploads\/2025\/03\/carnaval-samora-correia-desfile-domingo-256.jpg\" data-elementor-open-lightbox=\"yes\" data-elementor-lightbox-slideshow=\"1169347\" data-elementor-lightbox-title=\"carnaval samora correia desfile domingo (256)\" data-e-action-hash=\"#elementor-action%3Aaction%3Dlightbox%26settings%3DeyJpZCI6Njc4ODksInVybCI6Imh0dHBzOlwvXC93d3cuY20tYmVuYXZlbnRlLnB0XC93cC1jb250ZW50XC91cGxvYWRzXC8yMDI1XC8wM1wvY2FybmF2YWwtc2Ftb3JhLWNvcnJlaWEtZGVzZmlsZS1kb21pbmdvLTI1Ni5qcGciLCJzbGlkZXNob3ciOiIxMTY5MzQ3In0%3D\">\n\t\t\t\t\t<div class=\"e-gallery-image elementor-gallery-item__image\" data-thumbnail=\"https:\/\/www.cm-benavente.pt\/wp-content\/uploads\/2025\/03\/carnaval-samora-correia-desfile-domingo-256-1024x485.jpg\" data-width=\"800\" data-height=\"379\" aria-label=\"\" role=\"img\" ><\/div>\n\t\t\t\t\t\t\t\t\t\t\t<div class=\"elementor-gallery-item__overlay\"><\/div>\n\t\t\t\t\t\t\t\t\t\t\t\t\t\t<\/a>\n\t\t\t\t\t\t\t<a class=\"e-gallery-item elementor-gallery-item elementor-animated-content\" href=\"https:\/\/www.cm-benavente.pt\/wp-content\/uploads\/2025\/03\/carnaval-samora-correia-desfile-domingo-257.jpg\" data-elementor-open-lightbox=\"yes\" data-elementor-lightbox-slideshow=\"1169347\" data-elementor-lightbox-title=\"carnaval samora correia desfile domingo (257)\" data-e-action-hash=\"#elementor-action%3Aaction%3Dlightbox%26settings%3DeyJpZCI6Njc4OTAsInVybCI6Imh0dHBzOlwvXC93d3cuY20tYmVuYXZlbnRlLnB0XC93cC1jb250ZW50XC91cGxvYWRzXC8yMDI1XC8wM1wvY2FybmF2YWwtc2Ftb3JhLWNvcnJlaWEtZGVzZmlsZS1kb21pbmdvLTI1Ny5qcGciLCJzbGlkZXNob3ciOiIxMTY5MzQ3In0%3D\">\n\t\t\t\t\t<div class=\"e-gallery-image elementor-gallery-item__image\" data-thumbnail=\"https:\/\/www.cm-benavente.pt\/wp-content\/uploads\/2025\/03\/carnaval-samora-correia-desfile-domingo-257-1024x591.jpg\" data-width=\"800\" data-height=\"462\" aria-label=\"\" role=\"img\" ><\/div>\n\t\t\t\t\t\t\t\t\t\t\t<div class=\"elementor-gallery-item__overlay\"><\/div>\n\t\t\t\t\t\t\t\t\t\t\t\t\t\t<\/a>\n\t\t\t\t\t\t\t<a class=\"e-gallery-item elementor-gallery-item elementor-animated-content\" href=\"https:\/\/www.cm-benavente.pt\/wp-content\/uploads\/2025\/03\/carnaval-samora-correia-desfile-domingo-258.jpg\" data-elementor-open-lightbox=\"yes\" data-elementor-lightbox-slideshow=\"1169347\" data-elementor-lightbox-title=\"carnaval samora correia desfile domingo (258)\" data-e-action-hash=\"#elementor-action%3Aaction%3Dlightbox%26settings%3DeyJpZCI6Njc4OTEsInVybCI6Imh0dHBzOlwvXC93d3cuY20tYmVuYXZlbnRlLnB0XC93cC1jb250ZW50XC91cGxvYWRzXC8yMDI1XC8wM1wvY2FybmF2YWwtc2Ftb3JhLWNvcnJlaWEtZGVzZmlsZS1kb21pbmdvLTI1OC5qcGciLCJzbGlkZXNob3ciOiIxMTY5MzQ3In0%3D\">\n\t\t\t\t\t<div class=\"e-gallery-image elementor-gallery-item__image\" data-thumbnail=\"https:\/\/www.cm-benavente.pt\/wp-content\/uploads\/2025\/03\/carnaval-samora-correia-desfile-domingo-258-1024x579.jpg\" data-width=\"800\" data-height=\"452\" aria-label=\"\" role=\"img\" ><\/div>\n\t\t\t\t\t\t\t\t\t\t\t<div class=\"elementor-gallery-item__overlay\"><\/div>\n\t\t\t\t\t\t\t\t\t\t\t\t\t\t<\/a>\n\t\t\t\t\t\t\t<a class=\"e-gallery-item elementor-gallery-item elementor-animated-content\" href=\"https:\/\/www.cm-benavente.pt\/wp-content\/uploads\/2025\/03\/carnaval-samora-correia-desfile-domingo-259.jpg\" data-elementor-open-lightbox=\"yes\" data-elementor-lightbox-slideshow=\"1169347\" data-elementor-lightbox-title=\"carnaval samora correia desfile domingo (259)\" data-e-action-hash=\"#elementor-action%3Aaction%3Dlightbox%26settings%3DeyJpZCI6Njc4OTIsInVybCI6Imh0dHBzOlwvXC93d3cuY20tYmVuYXZlbnRlLnB0XC93cC1jb250ZW50XC91cGxvYWRzXC8yMDI1XC8wM1wvY2FybmF2YWwtc2Ftb3JhLWNvcnJlaWEtZGVzZmlsZS1kb21pbmdvLTI1OS5qcGciLCJzbGlkZXNob3ciOiIxMTY5MzQ3In0%3D\">\n\t\t\t\t\t<div class=\"e-gallery-image elementor-gallery-item__image\" data-thumbnail=\"https:\/\/www.cm-benavente.pt\/wp-content\/uploads\/2025\/03\/carnaval-samora-correia-desfile-domingo-259-1024x630.jpg\" data-width=\"800\" data-height=\"492\" aria-label=\"\" role=\"img\" ><\/div>\n\t\t\t\t\t\t\t\t\t\t\t<div class=\"elementor-gallery-item__overlay\"><\/div>\n\t\t\t\t\t\t\t\t\t\t\t\t\t\t<\/a>\n\t\t\t\t\t\t\t<a class=\"e-gallery-item elementor-gallery-item elementor-animated-content\" href=\"https:\/\/www.cm-benavente.pt\/wp-content\/uploads\/2025\/03\/carnaval-samora-correia-desfile-domingo-260.jpg\" data-elementor-open-lightbox=\"yes\" data-elementor-lightbox-slideshow=\"1169347\" data-elementor-lightbox-title=\"carnaval samora correia desfile domingo (260)\" data-e-action-hash=\"#elementor-action%3Aaction%3Dlightbox%26settings%3DeyJpZCI6Njc4OTMsInVybCI6Imh0dHBzOlwvXC93d3cuY20tYmVuYXZlbnRlLnB0XC93cC1jb250ZW50XC91cGxvYWRzXC8yMDI1XC8wM1wvY2FybmF2YWwtc2Ftb3JhLWNvcnJlaWEtZGVzZmlsZS1kb21pbmdvLTI2MC5qcGciLCJzbGlkZXNob3ciOiIxMTY5MzQ3In0%3D\">\n\t\t\t\t\t<div class=\"e-gallery-image elementor-gallery-item__image\" data-thumbnail=\"https:\/\/www.cm-benavente.pt\/wp-content\/uploads\/2025\/03\/carnaval-samora-correia-desfile-domingo-260-1024x683.jpg\" data-width=\"800\" data-height=\"534\" aria-label=\"\" role=\"img\" ><\/div>\n\t\t\t\t\t\t\t\t\t\t\t<div class=\"elementor-gallery-item__overlay\"><\/div>\n\t\t\t\t\t\t\t\t\t\t\t\t\t\t<\/a>\n\t\t\t\t\t\t\t<a class=\"e-gallery-item elementor-gallery-item elementor-animated-content\" href=\"https:\/\/www.cm-benavente.pt\/wp-content\/uploads\/2025\/03\/carnaval-samora-correia-desfile-domingo-261-scaled.jpg\" data-elementor-open-lightbox=\"yes\" data-elementor-lightbox-slideshow=\"1169347\" data-elementor-lightbox-title=\"carnaval samora correia desfile domingo (261)\" data-e-action-hash=\"#elementor-action%3Aaction%3Dlightbox%26settings%3DeyJpZCI6Njc4OTQsInVybCI6Imh0dHBzOlwvXC93d3cuY20tYmVuYXZlbnRlLnB0XC93cC1jb250ZW50XC91cGxvYWRzXC8yMDI1XC8wM1wvY2FybmF2YWwtc2Ftb3JhLWNvcnJlaWEtZGVzZmlsZS1kb21pbmdvLTI2MS1zY2FsZWQuanBnIiwic2xpZGVzaG93IjoiMTE2OTM0NyJ9\">\n\t\t\t\t\t<div class=\"e-gallery-image elementor-gallery-item__image\" data-thumbnail=\"https:\/\/www.cm-benavente.pt\/wp-content\/uploads\/2025\/03\/carnaval-samora-correia-desfile-domingo-261-1024x555.jpg\" data-width=\"800\" data-height=\"434\" aria-label=\"\" role=\"img\" ><\/div>\n\t\t\t\t\t\t\t\t\t\t\t<div class=\"elementor-gallery-item__overlay\"><\/div>\n\t\t\t\t\t\t\t\t\t\t\t\t\t\t<\/a>\n\t\t\t\t\t\t\t<a class=\"e-gallery-item elementor-gallery-item elementor-animated-content\" href=\"https:\/\/www.cm-benavente.pt\/wp-content\/uploads\/2025\/03\/carnaval-samora-correia-desfile-domingo-262.jpg\" data-elementor-open-lightbox=\"yes\" data-elementor-lightbox-slideshow=\"1169347\" data-elementor-lightbox-title=\"carnaval samora correia desfile domingo (262)\" data-e-action-hash=\"#elementor-action%3Aaction%3Dlightbox%26settings%3DeyJpZCI6Njc4OTUsInVybCI6Imh0dHBzOlwvXC93d3cuY20tYmVuYXZlbnRlLnB0XC93cC1jb250ZW50XC91cGxvYWRzXC8yMDI1XC8wM1wvY2FybmF2YWwtc2Ftb3JhLWNvcnJlaWEtZGVzZmlsZS1kb21pbmdvLTI2Mi5qcGciLCJzbGlkZXNob3ciOiIxMTY5MzQ3In0%3D\">\n\t\t\t\t\t<div class=\"e-gallery-image elementor-gallery-item__image\" data-thumbnail=\"https:\/\/www.cm-benavente.pt\/wp-content\/uploads\/2025\/03\/carnaval-samora-correia-desfile-domingo-262-1024x630.jpg\" data-width=\"800\" data-height=\"492\" aria-label=\"\" role=\"img\" ><\/div>\n\t\t\t\t\t\t\t\t\t\t\t<div class=\"elementor-gallery-item__overlay\"><\/div>\n\t\t\t\t\t\t\t\t\t\t\t\t\t\t<\/a>\n\t\t\t\t\t\t\t<a class=\"e-gallery-item elementor-gallery-item elementor-animated-content\" href=\"https:\/\/www.cm-benavente.pt\/wp-content\/uploads\/2025\/03\/carnaval-samora-correia-desfile-domingo-263-scaled.jpg\" data-elementor-open-lightbox=\"yes\" data-elementor-lightbox-slideshow=\"1169347\" data-elementor-lightbox-title=\"carnaval samora correia desfile domingo (263)\" data-e-action-hash=\"#elementor-action%3Aaction%3Dlightbox%26settings%3DeyJpZCI6Njc4OTYsInVybCI6Imh0dHBzOlwvXC93d3cuY20tYmVuYXZlbnRlLnB0XC93cC1jb250ZW50XC91cGxvYWRzXC8yMDI1XC8wM1wvY2FybmF2YWwtc2Ftb3JhLWNvcnJlaWEtZGVzZmlsZS1kb21pbmdvLTI2My1zY2FsZWQuanBnIiwic2xpZGVzaG93IjoiMTE2OTM0NyJ9\">\n\t\t\t\t\t<div class=\"e-gallery-image elementor-gallery-item__image\" data-thumbnail=\"https:\/\/www.cm-benavente.pt\/wp-content\/uploads\/2025\/03\/carnaval-samora-correia-desfile-domingo-263-1024x590.jpg\" data-width=\"800\" data-height=\"461\" aria-label=\"\" role=\"img\" ><\/div>\n\t\t\t\t\t\t\t\t\t\t\t<div class=\"elementor-gallery-item__overlay\"><\/div>\n\t\t\t\t\t\t\t\t\t\t\t\t\t\t<\/a>\n\t\t\t\t\t\t\t<a class=\"e-gallery-item elementor-gallery-item elementor-animated-content\" href=\"https:\/\/www.cm-benavente.pt\/wp-content\/uploads\/2025\/03\/carnaval-samora-correia-desfile-domingo-264-scaled.jpg\" data-elementor-open-lightbox=\"yes\" data-elementor-lightbox-slideshow=\"1169347\" data-elementor-lightbox-title=\"carnaval samora correia desfile domingo (264)\" data-e-action-hash=\"#elementor-action%3Aaction%3Dlightbox%26settings%3DeyJpZCI6Njc4OTcsInVybCI6Imh0dHBzOlwvXC93d3cuY20tYmVuYXZlbnRlLnB0XC93cC1jb250ZW50XC91cGxvYWRzXC8yMDI1XC8wM1wvY2FybmF2YWwtc2Ftb3JhLWNvcnJlaWEtZGVzZmlsZS1kb21pbmdvLTI2NC1zY2FsZWQuanBnIiwic2xpZGVzaG93IjoiMTE2OTM0NyJ9\">\n\t\t\t\t\t<div class=\"e-gallery-image elementor-gallery-item__image\" data-thumbnail=\"https:\/\/www.cm-benavente.pt\/wp-content\/uploads\/2025\/03\/carnaval-samora-correia-desfile-domingo-264-1024x538.jpg\" data-width=\"800\" data-height=\"420\" aria-label=\"\" role=\"img\" ><\/div>\n\t\t\t\t\t\t\t\t\t\t\t<div class=\"elementor-gallery-item__overlay\"><\/div>\n\t\t\t\t\t\t\t\t\t\t\t\t\t\t<\/a>\n\t\t\t\t\t\t\t<a class=\"e-gallery-item elementor-gallery-item elementor-animated-content\" href=\"https:\/\/www.cm-benavente.pt\/wp-content\/uploads\/2025\/03\/carnaval-samora-correia-desfile-domingo-265.jpg\" data-elementor-open-lightbox=\"yes\" data-elementor-lightbox-slideshow=\"1169347\" data-elementor-lightbox-title=\"carnaval samora correia desfile domingo (265)\" data-e-action-hash=\"#elementor-action%3Aaction%3Dlightbox%26settings%3DeyJpZCI6Njc4OTgsInVybCI6Imh0dHBzOlwvXC93d3cuY20tYmVuYXZlbnRlLnB0XC93cC1jb250ZW50XC91cGxvYWRzXC8yMDI1XC8wM1wvY2FybmF2YWwtc2Ftb3JhLWNvcnJlaWEtZGVzZmlsZS1kb21pbmdvLTI2NS5qcGciLCJzbGlkZXNob3ciOiIxMTY5MzQ3In0%3D\">\n\t\t\t\t\t<div class=\"e-gallery-image elementor-gallery-item__image\" data-thumbnail=\"https:\/\/www.cm-benavente.pt\/wp-content\/uploads\/2025\/03\/carnaval-samora-correia-desfile-domingo-265-1024x600.jpg\" data-width=\"800\" data-height=\"469\" aria-label=\"\" role=\"img\" ><\/div>\n\t\t\t\t\t\t\t\t\t\t\t<div class=\"elementor-gallery-item__overlay\"><\/div>\n\t\t\t\t\t\t\t\t\t\t\t\t\t\t<\/a>\n\t\t\t\t\t\t\t<a class=\"e-gallery-item elementor-gallery-item elementor-animated-content\" href=\"https:\/\/www.cm-benavente.pt\/wp-content\/uploads\/2025\/03\/carnaval-samora-correia-desfile-domingo-266.jpg\" data-elementor-open-lightbox=\"yes\" data-elementor-lightbox-slideshow=\"1169347\" data-elementor-lightbox-title=\"carnaval samora correia desfile domingo (266)\" data-e-action-hash=\"#elementor-action%3Aaction%3Dlightbox%26settings%3DeyJpZCI6Njc4OTksInVybCI6Imh0dHBzOlwvXC93d3cuY20tYmVuYXZlbnRlLnB0XC93cC1jb250ZW50XC91cGxvYWRzXC8yMDI1XC8wM1wvY2FybmF2YWwtc2Ftb3JhLWNvcnJlaWEtZGVzZmlsZS1kb21pbmdvLTI2Ni5qcGciLCJzbGlkZXNob3ciOiIxMTY5MzQ3In0%3D\">\n\t\t\t\t\t<div class=\"e-gallery-image elementor-gallery-item__image\" data-thumbnail=\"https:\/\/www.cm-benavente.pt\/wp-content\/uploads\/2025\/03\/carnaval-samora-correia-desfile-domingo-266-1024x612.jpg\" data-width=\"800\" data-height=\"478\" aria-label=\"\" role=\"img\" ><\/div>\n\t\t\t\t\t\t\t\t\t\t\t<div class=\"elementor-gallery-item__overlay\"><\/div>\n\t\t\t\t\t\t\t\t\t\t\t\t\t\t<\/a>\n\t\t\t\t\t\t\t<a class=\"e-gallery-item elementor-gallery-item elementor-animated-content\" href=\"https:\/\/www.cm-benavente.pt\/wp-content\/uploads\/2025\/03\/carnaval-samora-correia-desfile-domingo-267-scaled.jpg\" data-elementor-open-lightbox=\"yes\" data-elementor-lightbox-slideshow=\"1169347\" data-elementor-lightbox-title=\"carnaval samora correia desfile domingo (267)\" data-e-action-hash=\"#elementor-action%3Aaction%3Dlightbox%26settings%3DeyJpZCI6Njc5MDAsInVybCI6Imh0dHBzOlwvXC93d3cuY20tYmVuYXZlbnRlLnB0XC93cC1jb250ZW50XC91cGxvYWRzXC8yMDI1XC8wM1wvY2FybmF2YWwtc2Ftb3JhLWNvcnJlaWEtZGVzZmlsZS1kb21pbmdvLTI2Ny1zY2FsZWQuanBnIiwic2xpZGVzaG93IjoiMTE2OTM0NyJ9\">\n\t\t\t\t\t<div class=\"e-gallery-image elementor-gallery-item__image\" data-thumbnail=\"https:\/\/www.cm-benavente.pt\/wp-content\/uploads\/2025\/03\/carnaval-samora-correia-desfile-domingo-267-1024x561.jpg\" data-width=\"800\" data-height=\"438\" aria-label=\"\" role=\"img\" ><\/div>\n\t\t\t\t\t\t\t\t\t\t\t<div class=\"elementor-gallery-item__overlay\"><\/div>\n\t\t\t\t\t\t\t\t\t\t\t\t\t\t<\/a>\n\t\t\t\t\t\t\t<a class=\"e-gallery-item elementor-gallery-item elementor-animated-content\" href=\"https:\/\/www.cm-benavente.pt\/wp-content\/uploads\/2025\/03\/carnaval-samora-correia-desfile-domingo-268.jpg\" data-elementor-open-lightbox=\"yes\" data-elementor-lightbox-slideshow=\"1169347\" data-elementor-lightbox-title=\"carnaval samora correia desfile domingo (268)\" data-e-action-hash=\"#elementor-action%3Aaction%3Dlightbox%26settings%3DeyJpZCI6Njc5MDEsInVybCI6Imh0dHBzOlwvXC93d3cuY20tYmVuYXZlbnRlLnB0XC93cC1jb250ZW50XC91cGxvYWRzXC8yMDI1XC8wM1wvY2FybmF2YWwtc2Ftb3JhLWNvcnJlaWEtZGVzZmlsZS1kb21pbmdvLTI2OC5qcGciLCJzbGlkZXNob3ciOiIxMTY5MzQ3In0%3D\">\n\t\t\t\t\t<div class=\"e-gallery-image elementor-gallery-item__image\" data-thumbnail=\"https:\/\/www.cm-benavente.pt\/wp-content\/uploads\/2025\/03\/carnaval-samora-correia-desfile-domingo-268-1024x657.jpg\" data-width=\"800\" data-height=\"513\" aria-label=\"\" role=\"img\" ><\/div>\n\t\t\t\t\t\t\t\t\t\t\t<div class=\"elementor-gallery-item__overlay\"><\/div>\n\t\t\t\t\t\t\t\t\t\t\t\t\t\t<\/a>\n\t\t\t\t\t\t\t<a class=\"e-gallery-item elementor-gallery-item elementor-animated-content\" href=\"https:\/\/www.cm-benavente.pt\/wp-content\/uploads\/2025\/03\/carnaval-samora-correia-desfile-domingo-269.jpg\" data-elementor-open-lightbox=\"yes\" data-elementor-lightbox-slideshow=\"1169347\" data-elementor-lightbox-title=\"carnaval samora correia desfile domingo (269)\" data-e-action-hash=\"#elementor-action%3Aaction%3Dlightbox%26settings%3DeyJpZCI6Njc5MDIsInVybCI6Imh0dHBzOlwvXC93d3cuY20tYmVuYXZlbnRlLnB0XC93cC1jb250ZW50XC91cGxvYWRzXC8yMDI1XC8wM1wvY2FybmF2YWwtc2Ftb3JhLWNvcnJlaWEtZGVzZmlsZS1kb21pbmdvLTI2OS5qcGciLCJzbGlkZXNob3ciOiIxMTY5MzQ3In0%3D\">\n\t\t\t\t\t<div class=\"e-gallery-image elementor-gallery-item__image\" data-thumbnail=\"https:\/\/www.cm-benavente.pt\/wp-content\/uploads\/2025\/03\/carnaval-samora-correia-desfile-domingo-269-1024x465.jpg\" data-width=\"800\" data-height=\"363\" aria-label=\"\" role=\"img\" ><\/div>\n\t\t\t\t\t\t\t\t\t\t\t<div class=\"elementor-gallery-item__overlay\"><\/div>\n\t\t\t\t\t\t\t\t\t\t\t\t\t\t<\/a>\n\t\t\t\t\t\t\t<a class=\"e-gallery-item elementor-gallery-item elementor-animated-content\" href=\"https:\/\/www.cm-benavente.pt\/wp-content\/uploads\/2025\/03\/carnaval-samora-correia-desfile-domingo-270.jpg\" data-elementor-open-lightbox=\"yes\" data-elementor-lightbox-slideshow=\"1169347\" data-elementor-lightbox-title=\"carnaval samora correia desfile domingo (270)\" data-e-action-hash=\"#elementor-action%3Aaction%3Dlightbox%26settings%3DeyJpZCI6Njc5MDMsInVybCI6Imh0dHBzOlwvXC93d3cuY20tYmVuYXZlbnRlLnB0XC93cC1jb250ZW50XC91cGxvYWRzXC8yMDI1XC8wM1wvY2FybmF2YWwtc2Ftb3JhLWNvcnJlaWEtZGVzZmlsZS1kb21pbmdvLTI3MC5qcGciLCJzbGlkZXNob3ciOiIxMTY5MzQ3In0%3D\">\n\t\t\t\t\t<div class=\"e-gallery-image elementor-gallery-item__image\" data-thumbnail=\"https:\/\/www.cm-benavente.pt\/wp-content\/uploads\/2025\/03\/carnaval-samora-correia-desfile-domingo-270-1024x683.jpg\" data-width=\"800\" data-height=\"534\" aria-label=\"\" role=\"img\" ><\/div>\n\t\t\t\t\t\t\t\t\t\t\t<div class=\"elementor-gallery-item__overlay\"><\/div>\n\t\t\t\t\t\t\t\t\t\t\t\t\t\t<\/a>\n\t\t\t\t\t\t\t<a class=\"e-gallery-item elementor-gallery-item elementor-animated-content\" href=\"https:\/\/www.cm-benavente.pt\/wp-content\/uploads\/2025\/03\/carnaval-samora-correia-desfile-domingo-271.jpg\" data-elementor-open-lightbox=\"yes\" data-elementor-lightbox-slideshow=\"1169347\" data-elementor-lightbox-title=\"carnaval samora correia desfile domingo (271)\" data-e-action-hash=\"#elementor-action%3Aaction%3Dlightbox%26settings%3DeyJpZCI6Njc5MDQsInVybCI6Imh0dHBzOlwvXC93d3cuY20tYmVuYXZlbnRlLnB0XC93cC1jb250ZW50XC91cGxvYWRzXC8yMDI1XC8wM1wvY2FybmF2YWwtc2Ftb3JhLWNvcnJlaWEtZGVzZmlsZS1kb21pbmdvLTI3MS5qcGciLCJzbGlkZXNob3ciOiIxMTY5MzQ3In0%3D\">\n\t\t\t\t\t<div class=\"e-gallery-image elementor-gallery-item__image\" data-thumbnail=\"https:\/\/www.cm-benavente.pt\/wp-content\/uploads\/2025\/03\/carnaval-samora-correia-desfile-domingo-271-1024x665.jpg\" data-width=\"800\" data-height=\"520\" aria-label=\"\" role=\"img\" ><\/div>\n\t\t\t\t\t\t\t\t\t\t\t<div class=\"elementor-gallery-item__overlay\"><\/div>\n\t\t\t\t\t\t\t\t\t\t\t\t\t\t<\/a>\n\t\t\t\t\t\t\t<a class=\"e-gallery-item elementor-gallery-item elementor-animated-content\" href=\"https:\/\/www.cm-benavente.pt\/wp-content\/uploads\/2025\/03\/carnaval-samora-correia-desfile-domingo-272-scaled.jpg\" data-elementor-open-lightbox=\"yes\" data-elementor-lightbox-slideshow=\"1169347\" data-elementor-lightbox-title=\"carnaval samora correia desfile domingo (272)\" data-e-action-hash=\"#elementor-action%3Aaction%3Dlightbox%26settings%3DeyJpZCI6Njc5MDUsInVybCI6Imh0dHBzOlwvXC93d3cuY20tYmVuYXZlbnRlLnB0XC93cC1jb250ZW50XC91cGxvYWRzXC8yMDI1XC8wM1wvY2FybmF2YWwtc2Ftb3JhLWNvcnJlaWEtZGVzZmlsZS1kb21pbmdvLTI3Mi1zY2FsZWQuanBnIiwic2xpZGVzaG93IjoiMTE2OTM0NyJ9\">\n\t\t\t\t\t<div class=\"e-gallery-image elementor-gallery-item__image\" data-thumbnail=\"https:\/\/www.cm-benavente.pt\/wp-content\/uploads\/2025\/03\/carnaval-samora-correia-desfile-domingo-272-1024x572.jpg\" data-width=\"800\" data-height=\"447\" aria-label=\"\" role=\"img\" ><\/div>\n\t\t\t\t\t\t\t\t\t\t\t<div class=\"elementor-gallery-item__overlay\"><\/div>\n\t\t\t\t\t\t\t\t\t\t\t\t\t\t<\/a>\n\t\t\t\t\t\t\t<a class=\"e-gallery-item elementor-gallery-item elementor-animated-content\" href=\"https:\/\/www.cm-benavente.pt\/wp-content\/uploads\/2025\/03\/carnaval-samora-correia-desfile-domingo-273-scaled.jpg\" data-elementor-open-lightbox=\"yes\" data-elementor-lightbox-slideshow=\"1169347\" data-elementor-lightbox-title=\"carnaval samora correia desfile domingo (273)\" data-e-action-hash=\"#elementor-action%3Aaction%3Dlightbox%26settings%3DeyJpZCI6Njc5MDYsInVybCI6Imh0dHBzOlwvXC93d3cuY20tYmVuYXZlbnRlLnB0XC93cC1jb250ZW50XC91cGxvYWRzXC8yMDI1XC8wM1wvY2FybmF2YWwtc2Ftb3JhLWNvcnJlaWEtZGVzZmlsZS1kb21pbmdvLTI3My1zY2FsZWQuanBnIiwic2xpZGVzaG93IjoiMTE2OTM0NyJ9\">\n\t\t\t\t\t<div class=\"e-gallery-image elementor-gallery-item__image\" data-thumbnail=\"https:\/\/www.cm-benavente.pt\/wp-content\/uploads\/2025\/03\/carnaval-samora-correia-desfile-domingo-273-1024x683.jpg\" data-width=\"800\" data-height=\"534\" aria-label=\"\" role=\"img\" ><\/div>\n\t\t\t\t\t\t\t\t\t\t\t<div class=\"elementor-gallery-item__overlay\"><\/div>\n\t\t\t\t\t\t\t\t\t\t\t\t\t\t<\/a>\n\t\t\t\t\t<\/div>\n\t\t\t\t\t<\/div>\n\t\t\t\t<\/div>\n\t\t\t\t\t<\/div>\n\t\t\t\t<\/div>\n\t\t\t\t<\/div>\n\t\t","protected":false},"excerpt":{"rendered":"<p>O primeiro desfile de Carnaval em Samora Correia saiu \u00e0 rua no passado domingo.<\/p>\n","protected":false},"author":3,"featured_media":67633,"comment_status":"closed","ping_status":"closed","sticky":false,"template":"","format":"standard","meta":{"_vp_format_video_url":"","_vp_image_focal_point":[],"footnotes":""},"categories":[510,506,518],"tags":[1460,245,881,2651,1853,27],"class_list":["post-67630","post","type-post","status-publish","format-standard","has-post-thumbnail","hentry","category-evento","category-festas","category-municipio","tag-arcas","tag-carnaval","tag-desfile","tag-folia","tag-mascarados","tag-samora-correia"],"_links":{"self":[{"href":"https:\/\/www.cm-benavente.pt\/index.php\/wp-json\/wp\/v2\/posts\/67630","targetHints":{"allow":["GET"]}}],"collection":[{"href":"https:\/\/www.cm-benavente.pt\/index.php\/wp-json\/wp\/v2\/posts"}],"about":[{"href":"https:\/\/www.cm-benavente.pt\/index.php\/wp-json\/wp\/v2\/types\/post"}],"author":[{"embeddable":true,"href":"https:\/\/www.cm-benavente.pt\/index.php\/wp-json\/wp\/v2\/users\/3"}],"replies":[{"embeddable":true,"href":"https:\/\/www.cm-benavente.pt\/index.php\/wp-json\/wp\/v2\/comments?post=67630"}],"version-history":[{"count":4,"href":"https:\/\/www.cm-benavente.pt\/index.php\/wp-json\/wp\/v2\/posts\/67630\/revisions"}],"predecessor-version":[{"id":67909,"href":"https:\/\/www.cm-benavente.pt\/index.php\/wp-json\/wp\/v2\/posts\/67630\/revisions\/67909"}],"wp:featuredmedia":[{"embeddable":true,"href":"https:\/\/www.cm-benavente.pt\/index.php\/wp-json\/wp\/v2\/media\/67633"}],"wp:attachment":[{"href":"https:\/\/www.cm-benavente.pt\/index.php\/wp-json\/wp\/v2\/media?parent=67630"}],"wp:term":[{"taxonomy":"category","embeddable":true,"href":"https:\/\/www.cm-benavente.pt\/index.php\/wp-json\/wp\/v2\/categories?post=67630"},{"taxonomy":"post_tag","embeddable":true,"href":"https:\/\/www.cm-benavente.pt\/index.php\/wp-json\/wp\/v2\/tags?post=67630"}],"curies":[{"name":"wp","href":"https:\/\/api.w.org\/{rel}","templated":true}]}}