{"id":66565,"date":"2025-02-13T16:56:17","date_gmt":"2025-02-13T16:56:17","guid":{"rendered":"https:\/\/www.cm-benavente.pt\/?p=66565"},"modified":"2025-02-13T17:21:52","modified_gmt":"2025-02-13T17:21:52","slug":"concurso-de-atribuicao-de-bolsas-de-estudo-2024-2025-novo-relatorio-preliminar","status":"publish","type":"post","link":"https:\/\/www.cm-benavente.pt\/index.php\/2025\/02\/13\/concurso-de-atribuicao-de-bolsas-de-estudo-2024-2025-novo-relatorio-preliminar\/","title":{"rendered":"Concurso de atribui\u00e7\u00e3o de bolsas de estudo 2024\/2025 \u2013 Novo Relat\u00f3rio preliminar"},"content":{"rendered":"\t\t<div data-elementor-type=\"wp-post\" data-elementor-id=\"66565\" class=\"elementor elementor-66565\" data-elementor-post-type=\"post\">\n\t\t\t\t<div class=\"elementor-element elementor-element-bfa321a e-flex e-con-boxed e-con e-parent\" data-id=\"bfa321a\" data-element_type=\"container\" data-e-type=\"container\" data-settings=\"{&quot;tmea_shape_divider_top&quot;:&quot;none&quot;,&quot;tmea_shape_divider_bottom&quot;:&quot;none&quot;}\">\n\t\t\t\t\t<div class=\"e-con-inner\">\n\t\t\n\t\t<div class=\"elementor-element elementor-element-46c57e2 elementor-widget elementor-widget-text-editor\" data-id=\"46c57e2\" data-element_type=\"widget\" data-e-type=\"widget\" data-widget_type=\"text-editor.default\">\n\t\t\t\t<div class=\"elementor-widget-container\">\n\t\t\t\t\t\t\t\t\t<p>O <strong>Novo Relat\u00f3rio Preliminar<\/strong> para <strong>Atribui\u00e7\u00e3o de Bolsas de Estudo<\/strong>, designado tamb\u00e9m por audi\u00eancia dos interessados, est\u00e1 para consulta nos pr\u00f3ximos <strong>10 dias \u00fateis<\/strong> para que os candidatos se possam pronunciar, se assim o entenderem.<\/p><p>Os respetivos documentos j\u00e1 foram afixados no \u00c1trio dos Pa\u00e7os do Munic\u00edpio, enviados para as Juntas de Freguesia do Concelho, assim como, para a Extens\u00e3o de Servi\u00e7os.<\/p>\t\t\t\t\t\t\t\t<\/div>\n\t\t\t\t<\/div>\n\t\t\t\t<div class=\"elementor-element elementor-element-a8d572f elementor-widget elementor-widget-button\" data-id=\"a8d572f\" data-element_type=\"widget\" data-e-type=\"widget\" data-widget_type=\"button.default\">\n\t\t\t\t<div class=\"elementor-widget-container\">\n\t\t\t\t\t\t\t\t\t<div class=\"elementor-button-wrapper\">\n\t\t\t\t\t<a class=\"elementor-button elementor-button-link elementor-size-sm elementor-animation-grow\" href=\"https:\/\/www.cm-benavente.pt\/wp-content\/uploads\/2025\/02\/Deliberacao.pdf\" target=\"_blank\">\n\t\t\t\t\t\t<span class=\"elementor-button-content-wrapper\">\n\t\t\t\t\t\t<span class=\"elementor-button-icon\">\n\t\t\t\t<i aria-hidden=\"true\" class=\"far fa-file-pdf\"><\/i>\t\t\t<\/span>\n\t\t\t\t\t\t\t\t\t<span class=\"elementor-button-text\">Delibera\u00e7\u00e3o<\/span>\n\t\t\t\t\t<\/span>\n\t\t\t\t\t<\/a>\n\t\t\t\t<\/div>\n\t\t\t\t\t\t\t\t<\/div>\n\t\t\t\t<\/div>\n\t\t\t\t<div class=\"elementor-element elementor-element-351e6e0 elementor-widget elementor-widget-button\" data-id=\"351e6e0\" data-element_type=\"widget\" data-e-type=\"widget\" data-widget_type=\"button.default\">\n\t\t\t\t<div class=\"elementor-widget-container\">\n\t\t\t\t\t\t\t\t\t<div class=\"elementor-button-wrapper\">\n\t\t\t\t\t<a class=\"elementor-button elementor-button-link elementor-size-sm elementor-animation-grow\" href=\"https:\/\/www.cm-benavente.pt\/wp-content\/uploads\/2025\/02\/Edital-No-402025.pdf\" target=\"_blank\">\n\t\t\t\t\t\t<span class=\"elementor-button-content-wrapper\">\n\t\t\t\t\t\t<span class=\"elementor-button-icon\">\n\t\t\t\t<i aria-hidden=\"true\" class=\"far fa-file-pdf\"><\/i>\t\t\t<\/span>\n\t\t\t\t\t\t\t\t\t<span class=\"elementor-button-text\">Edital N\u00ba 40\/2025<\/span>\n\t\t\t\t\t<\/span>\n\t\t\t\t\t<\/a>\n\t\t\t\t<\/div>\n\t\t\t\t\t\t\t\t<\/div>\n\t\t\t\t<\/div>\n\t\t\t\t<div class=\"elementor-element elementor-element-42514b9 elementor-widget elementor-widget-button\" data-id=\"42514b9\" data-element_type=\"widget\" data-e-type=\"widget\" data-widget_type=\"button.default\">\n\t\t\t\t<div class=\"elementor-widget-container\">\n\t\t\t\t\t\t\t\t\t<div class=\"elementor-button-wrapper\">\n\t\t\t\t\t<a class=\"elementor-button elementor-button-link elementor-size-sm elementor-animation-grow\" href=\"https:\/\/www.cm-benavente.pt\/wp-content\/uploads\/2025\/02\/Novo-Relatorio-Preliminar-new.pdf\" target=\"_blank\">\n\t\t\t\t\t\t<span class=\"elementor-button-content-wrapper\">\n\t\t\t\t\t\t<span class=\"elementor-button-icon\">\n\t\t\t\t<i aria-hidden=\"true\" class=\"far fa-file-pdf\"><\/i>\t\t\t<\/span>\n\t\t\t\t\t\t\t\t\t<span class=\"elementor-button-text\">Novo Relat\u00f3rio Preliminar<\/span>\n\t\t\t\t\t<\/span>\n\t\t\t\t\t<\/a>\n\t\t\t\t<\/div>\n\t\t\t\t\t\t\t\t<\/div>\n\t\t\t\t<\/div>\n\t\t\t\t\t<\/div>\n\t\t\t\t<\/div>\n\t\t\t\t<\/div>\n\t\t","protected":false},"excerpt":{"rendered":"<p>O Novo Relat\u00f3rio Preliminar para Atribui\u00e7\u00e3o de Bolsas de Estudo, designado tamb\u00e9m por audi\u00eancia dos interessados, est\u00e1 para consulta nos pr\u00f3ximos 10 dias \u00fateis para que os candidatos se possam pronunciar, se assim o entenderem.<\/p>\n","protected":false},"author":3,"featured_media":66566,"comment_status":"closed","ping_status":"closed","sticky":false,"template":"","format":"standard","meta":{"_vp_format_video_url":"","_vp_image_focal_point":[],"footnotes":""},"categories":[486,554,545,518],"tags":[25,753,185,16,182,70,244,479,2151,1507,27,13],"class_list":["post-66565","post","type-post","status-publish","format-standard","has-post-thumbnail","hentry","category-apoios","category-educacao","category-informacao","category-municipio","tag-acao-social","tag-apoios","tag-barrosa","tag-benavente","tag-bolsas","tag-educacao","tag-estudo","tag-municipio-de-benavente","tag-novo","tag-relatorio-preliminar","tag-samora-correia","tag-santo-estevao"],"_links":{"self":[{"href":"https:\/\/www.cm-benavente.pt\/index.php\/wp-json\/wp\/v2\/posts\/66565","targetHints":{"allow":["GET"]}}],"collection":[{"href":"https:\/\/www.cm-benavente.pt\/index.php\/wp-json\/wp\/v2\/posts"}],"about":[{"href":"https:\/\/www.cm-benavente.pt\/index.php\/wp-json\/wp\/v2\/types\/post"}],"author":[{"embeddable":true,"href":"https:\/\/www.cm-benavente.pt\/index.php\/wp-json\/wp\/v2\/users\/3"}],"replies":[{"embeddable":true,"href":"https:\/\/www.cm-benavente.pt\/index.php\/wp-json\/wp\/v2\/comments?post=66565"}],"version-history":[{"count":7,"href":"https:\/\/www.cm-benavente.pt\/index.php\/wp-json\/wp\/v2\/posts\/66565\/revisions"}],"predecessor-version":[{"id":66581,"href":"https:\/\/www.cm-benavente.pt\/index.php\/wp-json\/wp\/v2\/posts\/66565\/revisions\/66581"}],"wp:featuredmedia":[{"embeddable":true,"href":"https:\/\/www.cm-benavente.pt\/index.php\/wp-json\/wp\/v2\/media\/66566"}],"wp:attachment":[{"href":"https:\/\/www.cm-benavente.pt\/index.php\/wp-json\/wp\/v2\/media?parent=66565"}],"wp:term":[{"taxonomy":"category","embeddable":true,"href":"https:\/\/www.cm-benavente.pt\/index.php\/wp-json\/wp\/v2\/categories?post=66565"},{"taxonomy":"post_tag","embeddable":true,"href":"https:\/\/www.cm-benavente.pt\/index.php\/wp-json\/wp\/v2\/tags?post=66565"}],"curies":[{"name":"wp","href":"https:\/\/api.w.org\/{rel}","templated":true}]}}